{"id":434241,"date":"2025-02-12T14:58:54","date_gmt":"2025-02-12T13:58:54","guid":{"rendered":"https:\/\/www.radiopiu.net\/wordpress\/?p=434241"},"modified":"2025-02-13T05:46:15","modified_gmt":"2025-02-13T04:46:15","slug":"la-fondazione-cer-dolomiti-alla-fiera-costruire-di-longarone-unopportunita-per-il-futuro-energetico-della-provincia-di-belluno","status":"publish","type":"post","link":"https:\/\/www.radiopiu.net\/wordpress\/la-fondazione-cer-dolomiti-alla-fiera-costruire-di-longarone-unopportunita-per-il-futuro-energetico-della-provincia-di-belluno\/","title":{"rendered":"La Fondazione CER Dolomiti alla fiera &#8220;Costruire&#8221; di Longarone: un&#8217;opportunit\u00e0 per il futuro energetico della provincia di Belluno"},"content":{"rendered":"<p>**<\/p>\n<p><strong>LONGARONE<\/strong><\/p>\n<p><img loading=\"lazy\" decoding=\"async\" class=\"alignleft\" src=\"https:\/\/www.radiopiu.net\/wordpress\/wp-content\/uploads\/2025\/02\/Gruppo-di-lavoro-CER-firma-atto-costitutivo-Fondazione_edited.jpg\" width=\"276\" height=\"173\" \/>La Fondazione CER Dolomiti parteciper\u00e0 alla fiera &#8220;Costruire&#8221; a Longarone Fiere il 15, 16, 21, 22 e 23 febbraio. Questo evento rappresenta un\u2019occasione unica per conoscere il progetto innovativo di una Comunit\u00e0 Energetica di Area Vasta (CERAV), ideato per rivoluzionare il modello energetico della provincia di Belluno.<\/p>\n<p>Costituita il 18 luglio 2024, la Fondazione CER Dolomiti mira a riunire le 18 cabine primarie della provincia per promuovere l\u2019autoproduzione e l\u2019autoconsumo di energia rinnovabile. Questa iniziativa porter\u00e0 benefici diretti alle comunit\u00e0, riducendo i costi energetici, migliorando la sostenibilit\u00e0 e aumentando l\u2019indipendenza energetica del territorio.<\/p>\n<p>Durante la fiera, i visitatori potranno approfondire i vantaggi e le modalit\u00e0 di adesione al progetto presso lo stand dedicato. La Fondazione CER Dolomiti ETS si impegna a favorire il dialogo con cittadini e imprese per accelerare una transizione energetica equa e partecipata.<\/p>\n<p>&nbsp;<\/p>\n","protected":false},"excerpt":{"rendered":"<p>** LONGARONE La Fondazione CER Dolomiti parteciper\u00e0 alla fiera &#8220;Costruire&#8221; a Longarone Fiere il 15, 16, 21, 22 e 23 febbraio. Questo evento rappresenta un\u2019occasione unica per conoscere il progetto innovativo di una Comunit\u00e0 Energetica di Area Vasta (CERAV), ideato per rivoluzionare il modello energetico della provincia di Belluno. Costituita il 18 luglio 2024, la&hellip;<\/p>\n","protected":false},"author":4,"featured_media":434242,"comment_status":"closed","ping_status":"closed","sticky":false,"template":"","format":"standard","meta":{"_monsterinsights_skip_tracking":false,"_monsterinsights_sitenote_active":false,"_monsterinsights_sitenote_note":"","_monsterinsights_sitenote_category":0,"footnotes":""},"categories":[51,49],"tags":[],"class_list":["post-434241","post","type-post","status-publish","format-standard","has-post-thumbnail","hentry","category-evidenza-top","category-news-18","category-51","category-49","description-off"],"img_url":"https:\/\/www.radiopiu.net\/wordpress\/wp-content\/uploads\/2025\/02\/Gruppo-di-lavoro-CER-firma-atto-costitutivo-Fondazione_edited.jpg","_links":{"self":[{"href":"https:\/\/www.radiopiu.net\/wordpress\/wp-json\/wp\/v2\/posts\/434241","targetHints":{"allow":["GET"]}}],"collection":[{"href":"https:\/\/www.radiopiu.net\/wordpress\/wp-json\/wp\/v2\/posts"}],"about":[{"href":"https:\/\/www.radiopiu.net\/wordpress\/wp-json\/wp\/v2\/types\/post"}],"author":[{"embeddable":true,"href":"https:\/\/www.radiopiu.net\/wordpress\/wp-json\/wp\/v2\/users\/4"}],"replies":[{"embeddable":true,"href":"https:\/\/www.radiopiu.net\/wordpress\/wp-json\/wp\/v2\/comments?post=434241"}],"version-history":[{"count":1,"href":"https:\/\/www.radiopiu.net\/wordpress\/wp-json\/wp\/v2\/posts\/434241\/revisions"}],"predecessor-version":[{"id":434243,"href":"https:\/\/www.radiopiu.net\/wordpress\/wp-json\/wp\/v2\/posts\/434241\/revisions\/434243"}],"wp:featuredmedia":[{"embeddable":true,"href":"https:\/\/www.radiopiu.net\/wordpress\/wp-json\/wp\/v2\/media\/434242"}],"wp:attachment":[{"href":"https:\/\/www.radiopiu.net\/wordpress\/wp-json\/wp\/v2\/media?parent=434241"}],"wp:term":[{"taxonomy":"category","embeddable":true,"href":"https:\/\/www.radiopiu.net\/wordpress\/wp-json\/wp\/v2\/categories?post=434241"},{"taxonomy":"post_tag","embeddable":true,"href":"https:\/\/www.radiopiu.net\/wordpress\/wp-json\/wp\/v2\/tags?post=434241"}],"curies":[{"name":"wp","href":"https:\/\/api.w.org\/{rel}","templated":true}]}}