{"id":434294,"date":"2025-02-13T04:40:09","date_gmt":"2025-02-13T03:40:09","guid":{"rendered":"https:\/\/www.radiopiu.net\/wordpress\/?p=434294"},"modified":"2025-02-13T05:44:32","modified_gmt":"2025-02-13T04:44:32","slug":"dolomiti-ambiente-aggiudicati-due-lotti-a-tariffe-piu-basse","status":"publish","type":"post","link":"https:\/\/www.radiopiu.net\/wordpress\/dolomiti-ambiente-aggiudicati-due-lotti-a-tariffe-piu-basse\/","title":{"rendered":"Dolomiti Ambiente: aggiudicati due lotti a tariffe pi\u00f9 basse"},"content":{"rendered":"<p>******<\/p>\n<p>&nbsp;<\/p>\n<p><strong><a class=\"dt-pswp-item\" href=\"https:\/\/www.radiopiu.net\/wordpress\/wp-content\/uploads\/2024\/04\/BOTTACIN.png\" data-dt-img-description=\"\" data-large_image_width=\"564\" data-large_image_height=\"393\"><img loading=\"lazy\" decoding=\"async\" class=\" wp-image-382551 alignleft\" src=\"https:\/\/www.radiopiu.net\/wordpress\/wp-content\/uploads\/2024\/04\/BOTTACIN-300x209.png\" alt=\"\" width=\"238\" height=\"166\" srcset=\"https:\/\/www.radiopiu.net\/wordpress\/wp-content\/uploads\/2024\/04\/BOTTACIN-300x209.png 300w, https:\/\/www.radiopiu.net\/wordpress\/wp-content\/uploads\/2024\/04\/BOTTACIN.png 564w\" sizes=\"auto, (max-width: 238px) 100vw, 238px\" \/><\/a>VENEZIA<\/strong><\/p>\n<p data-start=\"0\" data-end=\"397\">L\u2019esito della gara per il trasporto e trattamento dell\u2019umido di Bellunum ha confermato che le tariffe applicate da Dolomiti Ambiente in passato erano fuori mercato. Dei quattro lotti messi a gara, due sono stati aggiudicati da Dolomiti Ambiente e due da un&#8217;altra azienda. La societ\u00e0 ha ottenuto il lotto da 8.900 tonnellate\/anno per 512.000 euro e quello da 4.700 tonnellate\/anno per 320.000 euro. Rispetto alla base d\u2019asta di 82 euro\/tonnellata, Dolomiti Ambiente ha vinto il primo lotto a 57 euro\/tonnellata e il secondo a 68 euro\/tonnellata, con una riduzione significativa dei costi rispetto al passato. Ora resta da vedere se la societ\u00e0 riuscir\u00e0 a mantenere la sostenibilit\u00e0 economica con tariffe cos\u00ec ridotte. &#8220;Per i cittadini bellunesi, si tratta di un risultato positivo, ma sorgono dubbi sul perch\u00e9 questi prezzi pi\u00f9 vantaggiosi non siano stati applicati prima&#8221; Afferma l\u2019assessore all\u2019Ambiente del Veneto, Gianpaolo Bottacin<\/p>\n<p data-start=\"0\" data-end=\"397\">\n<p data-start=\"0\" data-end=\"397\">\n<p data-start=\"0\" data-end=\"397\">**********<\/p>\n","protected":false},"excerpt":{"rendered":"<p>****** &nbsp; VENEZIA L\u2019esito della gara per il trasporto e trattamento dell\u2019umido di Bellunum ha confermato che le tariffe applicate da Dolomiti Ambiente in passato erano fuori mercato. Dei quattro lotti messi a gara, due sono stati aggiudicati da Dolomiti Ambiente e due da un&#8217;altra azienda. La societ\u00e0 ha ottenuto il lotto da 8.900 tonnellate\/anno&hellip;<\/p>\n","protected":false},"author":4,"featured_media":382551,"comment_status":"closed","ping_status":"closed","sticky":false,"template":"","format":"standard","meta":{"_monsterinsights_skip_tracking":false,"_monsterinsights_sitenote_active":false,"_monsterinsights_sitenote_note":"","_monsterinsights_sitenote_category":0,"footnotes":""},"categories":[51,49],"tags":[],"class_list":["post-434294","post","type-post","status-publish","format-standard","has-post-thumbnail","hentry","category-evidenza-top","category-news-18","category-51","category-49","description-off"],"img_url":"https:\/\/www.radiopiu.net\/wordpress\/wp-content\/uploads\/2024\/04\/BOTTACIN.png","_links":{"self":[{"href":"https:\/\/www.radiopiu.net\/wordpress\/wp-json\/wp\/v2\/posts\/434294","targetHints":{"allow":["GET"]}}],"collection":[{"href":"https:\/\/www.radiopiu.net\/wordpress\/wp-json\/wp\/v2\/posts"}],"about":[{"href":"https:\/\/www.radiopiu.net\/wordpress\/wp-json\/wp\/v2\/types\/post"}],"author":[{"embeddable":true,"href":"https:\/\/www.radiopiu.net\/wordpress\/wp-json\/wp\/v2\/users\/4"}],"replies":[{"embeddable":true,"href":"https:\/\/www.radiopiu.net\/wordpress\/wp-json\/wp\/v2\/comments?post=434294"}],"version-history":[{"count":1,"href":"https:\/\/www.radiopiu.net\/wordpress\/wp-json\/wp\/v2\/posts\/434294\/revisions"}],"predecessor-version":[{"id":434295,"href":"https:\/\/www.radiopiu.net\/wordpress\/wp-json\/wp\/v2\/posts\/434294\/revisions\/434295"}],"wp:featuredmedia":[{"embeddable":true,"href":"https:\/\/www.radiopiu.net\/wordpress\/wp-json\/wp\/v2\/media\/382551"}],"wp:attachment":[{"href":"https:\/\/www.radiopiu.net\/wordpress\/wp-json\/wp\/v2\/media?parent=434294"}],"wp:term":[{"taxonomy":"category","embeddable":true,"href":"https:\/\/www.radiopiu.net\/wordpress\/wp-json\/wp\/v2\/categories?post=434294"},{"taxonomy":"post_tag","embeddable":true,"href":"https:\/\/www.radiopiu.net\/wordpress\/wp-json\/wp\/v2\/tags?post=434294"}],"curies":[{"name":"wp","href":"https:\/\/api.w.org\/{rel}","templated":true}]}}