{"id":434323,"date":"2025-02-13T04:43:27","date_gmt":"2025-02-13T03:43:27","guid":{"rendered":"https:\/\/www.radiopiu.net\/wordpress\/?p=434323"},"modified":"2025-02-13T05:44:00","modified_gmt":"2025-02-13T04:44:00","slug":"sedico-saluta-gioia-nardin-un-esempio-di-amore-e-dedizione","status":"publish","type":"post","link":"https:\/\/www.radiopiu.net\/wordpress\/sedico-saluta-gioia-nardin-un-esempio-di-amore-e-dedizione\/","title":{"rendered":"Sedico saluta Gioia Nardin: un esempio di amore e dedizione"},"content":{"rendered":"<p>&nbsp;<\/p>\n<p><strong><a class=\"dt-pswp-item\" href=\"https:\/\/www.radiopiu.net\/wordpress\/wp-content\/uploads\/2025\/02\/Senza-nome-33.png\" data-dt-img-description=\"\" data-large_image_width=\"558\" data-large_image_height=\"390\"><img loading=\"lazy\" decoding=\"async\" class=\"size-medium wp-image-434324 alignleft\" src=\"https:\/\/www.radiopiu.net\/wordpress\/wp-content\/uploads\/2025\/02\/Senza-nome-33-300x210.png\" alt=\"\" width=\"300\" height=\"210\" srcset=\"https:\/\/www.radiopiu.net\/wordpress\/wp-content\/uploads\/2025\/02\/Senza-nome-33-300x210.png 300w, https:\/\/www.radiopiu.net\/wordpress\/wp-content\/uploads\/2025\/02\/Senza-nome-33.png 558w\" sizes=\"auto, (max-width: 300px) 100vw, 300px\" \/><\/a>SEDICO<\/strong> Con profondo affetto e riconoscenza, la comunit\u00e0 di Sedico ha dato ieri l&#8217;ultimo saluto a <strong>Gioia Nardin<\/strong>, scomparsa a 49 anni dopo una lunga malattia. La chiesa della Madonna Odigitria era gremita di persone, simbolo dell\u2019impronta lasciata da Gioia nel suo impegno civico e sociale. Ex assessore e consigliere comunale, Gioia ha dedicato la sua vita al volontariato, alla parrocchia e a progetti come Samarcanda, donandosi sempre con passione. Durante l\u2019omelia, don Luciano Todesco ha ricordato il valore della sua testimonianza di amore e servizio, invitando la comunit\u00e0 a raccogliere l\u2019eredit\u00e0 dei suoi valori. La sua forza e il suo sorriso resteranno un faro per Sedico, esempio di autentica generosit\u00e0.<\/p>\n<p><strong>IL MESSAGGIO DI INSIEME SI PUO&#8217;<\/strong>:\u00a0 con una grande tristezza, salutiamo Gioia, \u00e8 stata sino all&#8217;ultimo una componente di &#8220;Insieme si pu\u00f2&#8230;&#8221; coinvolta (e che ha coinvolto) in tante iniziative, progetti, momenti di vita dell&#8217;associazione. Negli anni \u00e8 stata partecipe e aderente a diversi gruppi ISP, animatrice responsabile lei stessa di un gruppo di Colibr\u00ec, componente del Coordinamento, promotrice e protagonista di solidariet\u00e0 e pensiero-azione equo solidali. Ci stringiamo in un abbraccio alla sua famiglia, tutti noi di ISP suoi compagni di cammino.<\/p>\n<p>&nbsp;<\/p>\n","protected":false},"excerpt":{"rendered":"<p>&nbsp; SEDICO Con profondo affetto e riconoscenza, la comunit\u00e0 di Sedico ha dato ieri l&#8217;ultimo saluto a Gioia Nardin, scomparsa a 49 anni dopo una lunga malattia. La chiesa della Madonna Odigitria era gremita di persone, simbolo dell\u2019impronta lasciata da Gioia nel suo impegno civico e sociale. Ex assessore e consigliere comunale, Gioia ha dedicato&hellip;<\/p>\n","protected":false},"author":4,"featured_media":434325,"comment_status":"closed","ping_status":"closed","sticky":false,"template":"","format":"standard","meta":{"_monsterinsights_skip_tracking":false,"_monsterinsights_sitenote_active":false,"_monsterinsights_sitenote_note":"","_monsterinsights_sitenote_category":0,"footnotes":""},"categories":[51,49],"tags":[],"class_list":["post-434323","post","type-post","status-publish","format-standard","has-post-thumbnail","hentry","category-evidenza-top","category-news-18","category-51","category-49","description-off"],"img_url":"https:\/\/www.radiopiu.net\/wordpress\/wp-content\/uploads\/2025\/02\/Senza-nome-34.png","_links":{"self":[{"href":"https:\/\/www.radiopiu.net\/wordpress\/wp-json\/wp\/v2\/posts\/434323","targetHints":{"allow":["GET"]}}],"collection":[{"href":"https:\/\/www.radiopiu.net\/wordpress\/wp-json\/wp\/v2\/posts"}],"about":[{"href":"https:\/\/www.radiopiu.net\/wordpress\/wp-json\/wp\/v2\/types\/post"}],"author":[{"embeddable":true,"href":"https:\/\/www.radiopiu.net\/wordpress\/wp-json\/wp\/v2\/users\/4"}],"replies":[{"embeddable":true,"href":"https:\/\/www.radiopiu.net\/wordpress\/wp-json\/wp\/v2\/comments?post=434323"}],"version-history":[{"count":1,"href":"https:\/\/www.radiopiu.net\/wordpress\/wp-json\/wp\/v2\/posts\/434323\/revisions"}],"predecessor-version":[{"id":434326,"href":"https:\/\/www.radiopiu.net\/wordpress\/wp-json\/wp\/v2\/posts\/434323\/revisions\/434326"}],"wp:featuredmedia":[{"embeddable":true,"href":"https:\/\/www.radiopiu.net\/wordpress\/wp-json\/wp\/v2\/media\/434325"}],"wp:attachment":[{"href":"https:\/\/www.radiopiu.net\/wordpress\/wp-json\/wp\/v2\/media?parent=434323"}],"wp:term":[{"taxonomy":"category","embeddable":true,"href":"https:\/\/www.radiopiu.net\/wordpress\/wp-json\/wp\/v2\/categories?post=434323"},{"taxonomy":"post_tag","embeddable":true,"href":"https:\/\/www.radiopiu.net\/wordpress\/wp-json\/wp\/v2\/tags?post=434323"}],"curies":[{"name":"wp","href":"https:\/\/api.w.org\/{rel}","templated":true}]}}