{"id":434360,"date":"2025-02-13T10:53:26","date_gmt":"2025-02-13T09:53:26","guid":{"rendered":"https:\/\/www.radiopiu.net\/wordpress\/?p=434360"},"modified":"2025-02-13T14:46:18","modified_gmt":"2025-02-13T13:46:18","slug":"dillo-a-radio-piu-rifiuti-abbandonati-lungo-la-strada-regionale-203-agordina","status":"publish","type":"post","link":"https:\/\/www.radiopiu.net\/wordpress\/dillo-a-radio-piu-rifiuti-abbandonati-lungo-la-strada-regionale-203-agordina\/","title":{"rendered":"Dillo a Radio Pi\u00f9: Rifiuti abbandonati lungo la strada regionale 203 Agordina"},"content":{"rendered":"<p>**<\/p>\n<p data-start=\"85\" data-end=\"508\"><strong>CENCENIGHE<\/strong>\u00a0 Ci scrive Mario, inviandoci tre fotografie che purtroppo raccontano una triste storia di incivilt\u00e0. Le immagini mostrano rifiuti abbandonati nel bosco, proprio sotto agli alberi, lungo la strada regionale 203 Agordina, al chilometro 38+200, tra Cencenighe e Alleghe. Tra i rifiuti si distinguono chiaramente due sedili di auto, simbolo di un comportamento irresponsabile e irrispettoso verso l\u2019ambiente e la collettivit\u00e0. La domanda sorge spontanea: \u00e8 cos\u00ec difficile portare i rifiuti all\u2019ecocentro? Nell\u2019Agordino ci sono numerose strutture attrezzate per lo smaltimento gratuito, accessibili ai residenti nei giorni e negli orari consentiti. Eppure, c\u2019\u00e8 ancora chi preferisce deturpare la natura, ignorando le soluzioni civili e sostenibili messe a disposizione dalla comunit\u00e0. Questo gesto non \u00e8 solo un attacco alla bellezza del nostro territorio, ma anche un costo aggiuntivo per tutti noi, perch\u00e9 rimuovere questi rifiuti richieder\u00e0 l\u2019intervento degli uomini di Veneto Strade quindi con ricorso a Valpe.<\/p>\n<blockquote>\n<p data-start=\"1339\" data-end=\"1564\" data-is-last-node=\"\"><em>Grazie a Mario per la segnalazione. Continuate a scriverci e a condividere le vostre storie con la rubrica <strong data-start=\"1446\" data-end=\"1467\">Dillo a Radio Pi\u00f9<\/strong>: insieme possiamo dare voce al nostro territorio\u00a0<\/em><\/p>\n<\/blockquote>\n\n\t\t\t<style type='text\/css'>\n\t\t\t\t#gallery-1 {\n\t\t\t\t\tmargin: auto;\n\t\t\t\t}\n\t\t\t\t#gallery-1 .gallery-item {\n\t\t\t\t\tfloat: left;\n\t\t\t\t\tmargin-top: 10px;\n\t\t\t\t\ttext-align: center;\n\t\t\t\t\twidth: 33%;\n\t\t\t\t}\n\t\t\t\t#gallery-1 img {\n\t\t\t\t\tborder: 2px solid #cfcfcf;\n\t\t\t\t}\n\t\t\t\t#gallery-1 .gallery-caption {\n\t\t\t\t\tmargin-left: 0;\n\t\t\t\t}\n\t\t\t\t\/* see gallery_shortcode() in wp-includes\/media.php *\/\n\t\t\t<\/style>\n\t\t<div id='gallery-1' class='dt-gallery-container gallery galleryid-434360 gallery-columns-3 gallery-size-thumbnail'><dl class='gallery-item'>\n\t\t\t\t<dt class='gallery-icon landscape'>\n\t\t\t\t\t<a class=\"rollover rollover-zoom dt-pswp-item\" title=\"cbcb0836-6181-42a1-a225-db55dc828cd6\" data-dt-img-description=\"\" data-large_image_width=\"1920\" data-large_image_height=\"1080\"href='https:\/\/www.radiopiu.net\/wordpress\/wp-content\/uploads\/2025\/02\/cbcb0836-6181-42a1-a225-db55dc828cd6.jpg'><img loading=\"lazy\" decoding=\"async\" width=\"150\" height=\"150\" src=\"https:\/\/www.radiopiu.net\/wordpress\/wp-content\/uploads\/2025\/02\/cbcb0836-6181-42a1-a225-db55dc828cd6-150x150.jpg\" class=\"attachment-thumbnail size-thumbnail\" alt=\"\" \/><\/a>\n\t\t\t\t<\/dt><\/dl><dl class='gallery-item'>\n\t\t\t\t<dt class='gallery-icon landscape'>\n\t\t\t\t\t<a class=\"rollover rollover-zoom dt-pswp-item\" title=\"3d57fab0-a132-422d-879a-f727a71aa7fb\" data-dt-img-description=\"\" data-large_image_width=\"2040\" data-large_image_height=\"1530\"href='https:\/\/www.radiopiu.net\/wordpress\/wp-content\/uploads\/2025\/02\/3d57fab0-a132-422d-879a-f727a71aa7fb.jpg'><img loading=\"lazy\" decoding=\"async\" width=\"150\" height=\"150\" src=\"https:\/\/www.radiopiu.net\/wordpress\/wp-content\/uploads\/2025\/02\/3d57fab0-a132-422d-879a-f727a71aa7fb-150x150.jpg\" class=\"attachment-thumbnail size-thumbnail\" alt=\"\" \/><\/a>\n\t\t\t\t<\/dt><\/dl><dl class='gallery-item'>\n\t\t\t\t<dt class='gallery-icon landscape'>\n\t\t\t\t\t<a class=\"rollover rollover-zoom dt-pswp-item\" title=\"18747879-f625-4833-9b02-139a049d562d\" data-dt-img-description=\"\" data-large_image_width=\"2040\" data-large_image_height=\"1530\"href='https:\/\/www.radiopiu.net\/wordpress\/wp-content\/uploads\/2025\/02\/18747879-f625-4833-9b02-139a049d562d.jpg'><img loading=\"lazy\" decoding=\"async\" width=\"150\" height=\"150\" src=\"https:\/\/www.radiopiu.net\/wordpress\/wp-content\/uploads\/2025\/02\/18747879-f625-4833-9b02-139a049d562d-150x150.jpg\" class=\"attachment-thumbnail size-thumbnail\" alt=\"\" \/><\/a>\n\t\t\t\t<\/dt><\/dl><br style=\"clear: both\" \/>\n\t\t\t<\/div>\n\n<hr \/>\n<p data-start=\"1339\" data-end=\"1564\" data-is-last-node=\"\">\n","protected":false},"excerpt":{"rendered":"<p>** CENCENIGHE\u00a0 Ci scrive Mario, inviandoci tre fotografie che purtroppo raccontano una triste storia di incivilt\u00e0. Le immagini mostrano rifiuti abbandonati nel bosco, proprio sotto agli alberi, lungo la strada regionale 203 Agordina, al chilometro 38+200, tra Cencenighe e Alleghe. Tra i rifiuti si distinguono chiaramente due sedili di auto, simbolo di un comportamento irresponsabile&hellip;<\/p>\n","protected":false},"author":4,"featured_media":434361,"comment_status":"closed","ping_status":"closed","sticky":false,"template":"","format":"standard","meta":{"_monsterinsights_skip_tracking":false,"_monsterinsights_sitenote_active":false,"_monsterinsights_sitenote_note":"","_monsterinsights_sitenote_category":0,"footnotes":""},"categories":[49],"tags":[],"class_list":["post-434360","post","type-post","status-publish","format-standard","has-post-thumbnail","hentry","category-news-18","category-49","description-off"],"img_url":"https:\/\/www.radiopiu.net\/wordpress\/wp-content\/uploads\/2025\/02\/18747879-f625-4833-9b02-139a049d562d.jpg","_links":{"self":[{"href":"https:\/\/www.radiopiu.net\/wordpress\/wp-json\/wp\/v2\/posts\/434360","targetHints":{"allow":["GET"]}}],"collection":[{"href":"https:\/\/www.radiopiu.net\/wordpress\/wp-json\/wp\/v2\/posts"}],"about":[{"href":"https:\/\/www.radiopiu.net\/wordpress\/wp-json\/wp\/v2\/types\/post"}],"author":[{"embeddable":true,"href":"https:\/\/www.radiopiu.net\/wordpress\/wp-json\/wp\/v2\/users\/4"}],"replies":[{"embeddable":true,"href":"https:\/\/www.radiopiu.net\/wordpress\/wp-json\/wp\/v2\/comments?post=434360"}],"version-history":[{"count":4,"href":"https:\/\/www.radiopiu.net\/wordpress\/wp-json\/wp\/v2\/posts\/434360\/revisions"}],"predecessor-version":[{"id":434406,"href":"https:\/\/www.radiopiu.net\/wordpress\/wp-json\/wp\/v2\/posts\/434360\/revisions\/434406"}],"wp:featuredmedia":[{"embeddable":true,"href":"https:\/\/www.radiopiu.net\/wordpress\/wp-json\/wp\/v2\/media\/434361"}],"wp:attachment":[{"href":"https:\/\/www.radiopiu.net\/wordpress\/wp-json\/wp\/v2\/media?parent=434360"}],"wp:term":[{"taxonomy":"category","embeddable":true,"href":"https:\/\/www.radiopiu.net\/wordpress\/wp-json\/wp\/v2\/categories?post=434360"},{"taxonomy":"post_tag","embeddable":true,"href":"https:\/\/www.radiopiu.net\/wordpress\/wp-json\/wp\/v2\/tags?post=434360"}],"curies":[{"name":"wp","href":"https:\/\/api.w.org\/{rel}","templated":true}]}}