{"id":434391,"date":"2025-02-13T11:32:17","date_gmt":"2025-02-13T10:32:17","guid":{"rendered":"https:\/\/www.radiopiu.net\/wordpress\/?p=434391"},"modified":"2025-02-13T11:32:17","modified_gmt":"2025-02-13T10:32:17","slug":"la-filca-cisl-belluno-treviso-celebra-70-anni-di-impegno-e-crescita","status":"publish","type":"post","link":"https:\/\/www.radiopiu.net\/wordpress\/la-filca-cisl-belluno-treviso-celebra-70-anni-di-impegno-e-crescita\/","title":{"rendered":"La Filca Cisl Belluno Treviso celebra 70 anni di impegno e crescita"},"content":{"rendered":"<p>**<\/p>\n<div class=\"flex max-w-full flex-col flex-grow\">\n<div class=\"min-h-8 text-message flex w-full flex-col items-end gap-2 whitespace-normal break-words text-start [.text-message+&amp;]:mt-5\" dir=\"auto\" data-message-author-role=\"assistant\" data-message-id=\"ad0e880c-21c0-4aee-a8d8-862e2c0944fc\" data-message-model-slug=\"gpt-4o\">\n<div class=\"flex w-full flex-col gap-1 empty:hidden first:pt-[3px]\">\n<div class=\"markdown prose w-full break-words dark:prose-invert dark\">\n<p data-start=\"0\" data-end=\"433\" data-is-last-node=\"\"><strong><a class=\"dt-pswp-item\" href=\"https:\/\/www.radiopiu.net\/wordpress\/wp-content\/uploads\/2025\/02\/Goriziano-Merotto-min-1-scaled.jpg\" data-dt-img-description=\"\" data-large_image_width=\"1734\" data-large_image_height=\"2560\"><img loading=\"lazy\" decoding=\"async\" class=\"size-medium wp-image-434393 alignleft\" src=\"https:\/\/www.radiopiu.net\/wordpress\/wp-content\/uploads\/2025\/02\/Goriziano-Merotto-min-1-203x300.jpg\" alt=\"\" width=\"203\" height=\"300\" srcset=\"https:\/\/www.radiopiu.net\/wordpress\/wp-content\/uploads\/2025\/02\/Goriziano-Merotto-min-1-203x300.jpg 203w, https:\/\/www.radiopiu.net\/wordpress\/wp-content\/uploads\/2025\/02\/Goriziano-Merotto-min-1-694x1024.jpg 694w, https:\/\/www.radiopiu.net\/wordpress\/wp-content\/uploads\/2025\/02\/Goriziano-Merotto-min-1-768x1134.jpg 768w, https:\/\/www.radiopiu.net\/wordpress\/wp-content\/uploads\/2025\/02\/Goriziano-Merotto-min-1-1040x1536.jpg 1040w, https:\/\/www.radiopiu.net\/wordpress\/wp-content\/uploads\/2025\/02\/Goriziano-Merotto-min-1-1387x2048.jpg 1387w, https:\/\/www.radiopiu.net\/wordpress\/wp-content\/uploads\/2025\/02\/Goriziano-Merotto-min-1-scaled.jpg 1734w\" sizes=\"auto, (max-width: 203px) 100vw, 203px\" \/><\/a>TREVISO_BELLUNO <\/strong>Il 14 febbraio, a Castelbrando (Cison di Valmarino), si terr\u00e0 il Congresso territoriale della Filca Cisl Belluno Treviso, in occasione del 70\u00b0 anniversario della fondazione della federazione. Con 8.670 iscritti nel 2024, la Filca registra una crescita costante (+14% rispetto al 2023) e si conferma leader nella rappresentanza del settore edile e del legno-arredo. Gli edili costituiscono il gruppo pi\u00f9 numeroso (6.170 iscritti), seguiti dagli impianti fissi (2.300). Significativa la crescita dei giovani under 35 (dal 19% al 25% in quattro anni) e delle donne, che rappresentano il 10% degli iscritti, con punte del 30% negli impianti fissi. La maggioranza degli iscritti (54%) \u00e8 di origine straniera, con le comunit\u00e0 di Romania, Albania e Kosovo pi\u00f9 rappresentate. La Filca guida la Cassa Edile CEIV e l\u2019Edilcassa Veneto, con una crescita marcata anche nella Cassa Edile di Belluno (+12% in tre anni). Durante il Congresso sar\u00e0 presentata la trilogia <em data-start=\"1029\" data-end=\"1056\">\u201cUn modello di sindacato\u201d<\/em> di Goriziano Merotto (foto alto sx), che racconta la storia della Filca e il suo impegno per i lavoratori. Il segretario generale Marco Potente (foto sotto) sottolinea come partecipazione e territorio <a class=\"dt-pswp-item\" href=\"https:\/\/www.radiopiu.net\/wordpress\/wp-content\/uploads\/2025\/02\/Marco-Potente-scaled.jpeg\" data-dt-img-description=\"\" data-large_image_width=\"2560\" data-large_image_height=\"1920\"><img loading=\"lazy\" decoding=\"async\" class=\"size-medium wp-image-434394 alignright\" src=\"https:\/\/www.radiopiu.net\/wordpress\/wp-content\/uploads\/2025\/02\/Marco-Potente-300x225.jpeg\" alt=\"\" width=\"300\" height=\"225\" srcset=\"https:\/\/www.radiopiu.net\/wordpress\/wp-content\/uploads\/2025\/02\/Marco-Potente-300x225.jpeg 300w, https:\/\/www.radiopiu.net\/wordpress\/wp-content\/uploads\/2025\/02\/Marco-Potente-1024x768.jpeg 1024w, https:\/\/www.radiopiu.net\/wordpress\/wp-content\/uploads\/2025\/02\/Marco-Potente-768x576.jpeg 768w, https:\/\/www.radiopiu.net\/wordpress\/wp-content\/uploads\/2025\/02\/Marco-Potente-1536x1152.jpeg 1536w, https:\/\/www.radiopiu.net\/wordpress\/wp-content\/uploads\/2025\/02\/Marco-Potente-2048x1536.jpeg 2048w\" sizes=\"auto, (max-width: 300px) 100vw, 300px\" \/><\/a>siano centrali per il futuro del sindacato, promotore di nuovi diritti, sicurezza e welfare, grazie a una rete di 18 sedi locali. \u00a0Il segretario generale Marco Potente attribuisce questi successi all\u2019impegno per la sicurezza, il supporto ai lavoratori e la gestione di 18 sedi, da Cortina a Motta di Livenza, oltre alla valorizzazione degli enti bilaterali e dei fondi territoriali.<\/p>\n<blockquote>\n<p data-start=\"0\" data-end=\"433\" data-is-last-node=\"\"><em><span style=\"color: #000000; font-family: Helvetica;\">Il Congresso sar\u00e0 aperto dalla relazione del segretario generale, seguita dalla presentazione di un report sui 4 anni di risultati della Filca e sull\u2019andamento dei settori delle costruzioni, dell\u2019edilizia e del legno-arredo nelle due province e dall\u2019approfondimento sul libro di Goriziano Merotto. Previsti gli interventi di Ottavio De Luca, segretario generale aggiunto della Filca Cisl nazionale, Alberto Franzo, segretario generale della Filca Cisl Veneto e Francesco Orr\u00f9, segretario generale della Cisl Belluno Treviso. <\/span><\/em><\/p>\n<\/blockquote>\n<\/div>\n<\/div>\n<\/div>\n<\/div>\n","protected":false},"excerpt":{"rendered":"<p>** TREVISO_BELLUNO Il 14 febbraio, a Castelbrando (Cison di Valmarino), si terr\u00e0 il Congresso territoriale della Filca Cisl Belluno Treviso, in occasione del 70\u00b0 anniversario della fondazione della federazione. Con 8.670 iscritti nel 2024, la Filca registra una crescita costante (+14% rispetto al 2023) e si conferma leader nella rappresentanza del settore edile e del&hellip;<\/p>\n","protected":false},"author":4,"featured_media":434394,"comment_status":"closed","ping_status":"closed","sticky":false,"template":"","format":"standard","meta":{"_monsterinsights_skip_tracking":false,"_monsterinsights_sitenote_active":false,"_monsterinsights_sitenote_note":"","_monsterinsights_sitenote_category":0,"footnotes":""},"categories":[49],"tags":[],"class_list":["post-434391","post","type-post","status-publish","format-standard","has-post-thumbnail","hentry","category-news-18","category-49","description-off"],"img_url":"https:\/\/www.radiopiu.net\/wordpress\/wp-content\/uploads\/2025\/02\/Marco-Potente-scaled.jpeg","_links":{"self":[{"href":"https:\/\/www.radiopiu.net\/wordpress\/wp-json\/wp\/v2\/posts\/434391","targetHints":{"allow":["GET"]}}],"collection":[{"href":"https:\/\/www.radiopiu.net\/wordpress\/wp-json\/wp\/v2\/posts"}],"about":[{"href":"https:\/\/www.radiopiu.net\/wordpress\/wp-json\/wp\/v2\/types\/post"}],"author":[{"embeddable":true,"href":"https:\/\/www.radiopiu.net\/wordpress\/wp-json\/wp\/v2\/users\/4"}],"replies":[{"embeddable":true,"href":"https:\/\/www.radiopiu.net\/wordpress\/wp-json\/wp\/v2\/comments?post=434391"}],"version-history":[{"count":2,"href":"https:\/\/www.radiopiu.net\/wordpress\/wp-json\/wp\/v2\/posts\/434391\/revisions"}],"predecessor-version":[{"id":434403,"href":"https:\/\/www.radiopiu.net\/wordpress\/wp-json\/wp\/v2\/posts\/434391\/revisions\/434403"}],"wp:featuredmedia":[{"embeddable":true,"href":"https:\/\/www.radiopiu.net\/wordpress\/wp-json\/wp\/v2\/media\/434394"}],"wp:attachment":[{"href":"https:\/\/www.radiopiu.net\/wordpress\/wp-json\/wp\/v2\/media?parent=434391"}],"wp:term":[{"taxonomy":"category","embeddable":true,"href":"https:\/\/www.radiopiu.net\/wordpress\/wp-json\/wp\/v2\/categories?post=434391"},{"taxonomy":"post_tag","embeddable":true,"href":"https:\/\/www.radiopiu.net\/wordpress\/wp-json\/wp\/v2\/tags?post=434391"}],"curies":[{"name":"wp","href":"https:\/\/api.w.org\/{rel}","templated":true}]}}