{"id":434409,"date":"2025-02-13T15:38:17","date_gmt":"2025-02-13T14:38:17","guid":{"rendered":"https:\/\/www.radiopiu.net\/wordpress\/?p=434409"},"modified":"2025-02-14T05:58:30","modified_gmt":"2025-02-14T04:58:30","slug":"cresce-il-malumore-a-valcozzena-gli-imprenditori-locali-in-difficolta-per-la-gestione-dei-parcheggi","status":"publish","type":"post","link":"https:\/\/www.radiopiu.net\/wordpress\/cresce-il-malumore-a-valcozzena-gli-imprenditori-locali-in-difficolta-per-la-gestione-dei-parcheggi\/","title":{"rendered":"Cresce il malumore a Valcozzena: gli imprenditori locali in difficolt\u00e0 per la gestione dei parcheggi"},"content":{"rendered":"<p>&nbsp;<\/p>\n<p>AGORDO<\/p>\n<div class=\"flex-1 overflow-hidden @container\/thread translate-y-[2rem] -mt-[2rem] pb-[1.5rem]\">\n<div class=\"flex h-full flex-col overflow-y-auto\">\n<div class=\"flex flex-col text-sm md:pb-9\">\n<article class=\"w-full text-token-text-primary focus-visible:outline-2 focus-visible:outline-offset-[-4px]\" dir=\"auto\" data-testid=\"conversation-turn-3\" data-scroll-anchor=\"true\">\n<div class=\"m-auto text-base py-[18px] px-6\">\n<div class=\"mx-auto flex flex-1 gap-4 text-base md:gap-5 lg:gap-6 md:max-w-3xl lg:max-w-[40rem] xl:max-w-[48rem]\">\n<div class=\"group\/conversation-turn relative flex w-full min-w-0 flex-col agent-turn @xs\/thread:px-0 @sm\/thread:px-1.5 @md\/thread:px-4\">\n<div class=\"flex-col gap-1 md:gap-3\">\n<div class=\"flex max-w-full flex-col flex-grow\">\n<div class=\"min-h-8 text-message flex w-full flex-col items-end gap-2 whitespace-normal break-words text-start [.text-message+&amp;]:mt-5\" dir=\"auto\" data-message-author-role=\"assistant\" data-message-id=\"3f64f733-9dd2-4c4a-8bdc-2f46cb33c7c7\" data-message-model-slug=\"gpt-4o\">\n<div class=\"flex w-full flex-col gap-1 empty:hidden first:pt-[3px]\">\n<div class=\"markdown prose w-full break-words dark:prose-invert dark\">\n<p data-start=\"106\" data-end=\"446\"><a class=\"dt-pswp-item\" href=\"https:\/\/www.radiopiu.net\/wordpress\/wp-content\/uploads\/2025\/02\/476895710_489644677288165_4047444238954477498_n.jpg\" data-dt-img-description=\"\" data-large_image_width=\"2048\" data-large_image_height=\"1536\"><img loading=\"lazy\" decoding=\"async\" class=\"size-medium wp-image-434415 alignleft\" src=\"https:\/\/www.radiopiu.net\/wordpress\/wp-content\/uploads\/2025\/02\/476895710_489644677288165_4047444238954477498_n-300x225.jpg\" alt=\"\" width=\"300\" height=\"225\" srcset=\"https:\/\/www.radiopiu.net\/wordpress\/wp-content\/uploads\/2025\/02\/476895710_489644677288165_4047444238954477498_n-300x225.jpg 300w, https:\/\/www.radiopiu.net\/wordpress\/wp-content\/uploads\/2025\/02\/476895710_489644677288165_4047444238954477498_n-1024x768.jpg 1024w, https:\/\/www.radiopiu.net\/wordpress\/wp-content\/uploads\/2025\/02\/476895710_489644677288165_4047444238954477498_n-768x576.jpg 768w, https:\/\/www.radiopiu.net\/wordpress\/wp-content\/uploads\/2025\/02\/476895710_489644677288165_4047444238954477498_n-1536x1152.jpg 1536w, https:\/\/www.radiopiu.net\/wordpress\/wp-content\/uploads\/2025\/02\/476895710_489644677288165_4047444238954477498_n.jpg 2048w\" sizes=\"auto, (max-width: 300px) 100vw, 300px\" \/><\/a>Valcozzena, una localit\u00e0 che ospita diverse attivit\u00e0 commerciali, si trova in una situazione sempre pi\u00f9 problematica a causa della gestione dei parcheggi. Ristoranti, bar, parrucchieri e altre imprese della zona lamentano un calo significativo della clientela, non per mancanza di interesse, ma per un problema molto concreto: i parcheggi. I posti auto situati nei pressi delle attivit\u00e0 commerciali vengono occupati sistematicamente fin dal mattino, per poi svuotarsi solo alla sera. Il motivo \u00e8 chiaro: la vicinanza all\u2019ingresso della sede di Luxottica. Molti dipendenti della multinazionale, non trovando sufficiente spazio nei parcheggi dedicati o scegliendo di non utilizzare il servizio navetta messo a disposizione, preferiscono lasciare l&#8217;auto nei posti pi\u00f9 vicini, destinati teoricamente alle attivit\u00e0 locali. Gli imprenditori della zona si dichiarano &#8220;disperati&#8221;, sottolineando come questa situazione influisca negativamente sul loro lavoro. I clienti che vorrebbero frequentare le attivit\u00e0 si trovano senza parcheggio, costretti a cercare altrove o, peggio, a rinunciare del tutto.<em> &#8220;Non possiamo lavorare come vorremmo \u2013 <a class=\"dt-pswp-item\" href=\"https:\/\/www.radiopiu.net\/wordpress\/wp-content\/uploads\/2025\/02\/476788851_604755195649574_4585792249677628555_n.jpg\" data-dt-img-description=\"\" data-large_image_width=\"2048\" data-large_image_height=\"1536\"><img loading=\"lazy\" decoding=\"async\" class=\"size-medium wp-image-434414 alignright\" src=\"https:\/\/www.radiopiu.net\/wordpress\/wp-content\/uploads\/2025\/02\/476788851_604755195649574_4585792249677628555_n-300x225.jpg\" alt=\"\" width=\"300\" height=\"225\" srcset=\"https:\/\/www.radiopiu.net\/wordpress\/wp-content\/uploads\/2025\/02\/476788851_604755195649574_4585792249677628555_n-300x225.jpg 300w, https:\/\/www.radiopiu.net\/wordpress\/wp-content\/uploads\/2025\/02\/476788851_604755195649574_4585792249677628555_n-1024x768.jpg 1024w, https:\/\/www.radiopiu.net\/wordpress\/wp-content\/uploads\/2025\/02\/476788851_604755195649574_4585792249677628555_n-768x576.jpg 768w, https:\/\/www.radiopiu.net\/wordpress\/wp-content\/uploads\/2025\/02\/476788851_604755195649574_4585792249677628555_n-1536x1152.jpg 1536w, https:\/\/www.radiopiu.net\/wordpress\/wp-content\/uploads\/2025\/02\/476788851_604755195649574_4585792249677628555_n.jpg 2048w\" sizes=\"auto, (max-width: 300px) 100vw, 300px\" \/><\/a>spiega una di loro \u2013 e i nostri clienti sono sempre pi\u00f9 scoraggiati. Non possiamo nemmeno chiamare il vigile non sono parcheggi pubblici quindi niente sanzioni&#8221;<\/em>. La problematica, pur essendo nota da tempo, non sembra aver trovato una soluzione adeguata. Da un lato, Luxottica offre un servizio navetta che permetterebbe di alleggerire la pressione sui parcheggi, ma molti dipendenti sembrano preferire l\u2019auto privata e i posti pi\u00f9 vicini all\u2019azienda. Dall\u2019altro, non sembra esserci un\u2019efficace regolamentazione per garantire la rotazione dei posti a beneficio delle attivit\u00e0 commerciali locali. Gli imprenditori chiedono un intervento deciso da parte delle autorit\u00e0 locali e della multinazionale stessa, affinch\u00e9 si trovi un equilibrio tra le esigenze dei lavoratori di Luxottica e quelle delle piccole attivit\u00e0 della zona. Intanto, il malcontento cresce, e con esso il rischio che alcune imprese, gi\u00e0 messe a dura prova dalla concorrenza e dalle difficolt\u00e0 economiche generali, possano non reggere a lungo questa situazione. <em>&#8220;Non vogliamo conflitti \u2013 conclude un imprenditore \u2013 ma \u00e8 necessario trovare una soluzione condivisa. Altrimenti, a pagare il prezzo pi\u00f9 alto saremo noi&#8221;.<\/em><\/p>\n<\/div>\n<\/div>\n<p data-start=\"106\" data-end=\"446\">\n<\/div>\n<\/div>\n<div class=\"mt-3 w-full empty:hidden\">\n<div class=\"text-center\">\n<hr \/>\n<\/div>\n<\/div>\n<\/div>\n<\/div>\n<\/div>\n<\/div>\n<\/article>\n<\/div>\n<\/div>\n<\/div>\n<div class=\"md:pt-0 dark:border-white\/20 md:border-transparent md:dark:border-transparent w-full isolate has-[[data-has-thread-error]]:[box-shadow:var(--sharp-edge-bottom-shadow)] has-[[data-has-thread-error]]:pt-2\">\n<div class=\"m-auto text-base px-3 md:px-4 w-full md:px-5 lg:px-4 xl:px-5\">\n<div class=\"mx-auto flex flex-1 gap-4 text-base md:gap-5 lg:gap-6 md:max-w-3xl lg:max-w-[40rem] xl:max-w-[48rem]\">\n<form class=\"w-full\" aria-haspopup=\"dialog\" aria-expanded=\"false\" aria-controls=\"radix-:r6i:\" data-state=\"closed\">\n<div class=\"relative z-[1] flex h-full max-w-full flex-1 flex-col\">\n<div class=\"group relative z-[1] flex w-full items-center\">\n<div class=\"w-full\">\n<div id=\"composer-background\" class=\"flex w-full cursor-text flex-col rounded-3xl border border-token-border-light px-3 py-1 duration-150 ease-in-out contain-inline-size motion-safe:transition-[color,background-color,border-color,text-decoration-color,fill,stroke,box-shadow] dark:border-none dark:shadow-none shadow-[0_9px_9px_0px_rgba(0,0,0,0.01),_0_2px_5px_0px_rgba(0,0,0,0.06)] has-[:focus]:shadow-[0_2px_12px_0px_rgba(0,0,0,0.04),_0_9px_9px_0px_rgba(0,0,0,0.01),_0_2px_5px_0px_rgba(0,0,0,0.06)] bg-token-main-surface-primary dark:bg-[#303030]\">\n<div class=\"mb-2 mt-1 flex items-center justify-between sm:mt-5\">\n<div class=\"flex gap-x-1.5 text-token-text-primary\">\n<div>\n<div>\n<div class=\"whitespace-nowrap pl-1 pr-1 [display:--force-hide-label]\"><\/div>\n<\/div>\n<\/div>\n<\/div>\n<\/div>\n<\/div>\n<\/div>\n<\/div>\n<\/div>\n<\/form>\n<\/div>\n<\/div>\n<\/div>\n","protected":false},"excerpt":{"rendered":"<p>&nbsp; AGORDO Valcozzena, una localit\u00e0 che ospita diverse attivit\u00e0 commerciali, si trova in una situazione sempre pi\u00f9 problematica a causa della gestione dei parcheggi. Ristoranti, bar, parrucchieri e altre imprese della zona lamentano un calo significativo della clientela, non per mancanza di interesse, ma per un problema molto concreto: i parcheggi. I posti auto situati&hellip;<\/p>\n","protected":false},"author":4,"featured_media":434415,"comment_status":"closed","ping_status":"closed","sticky":false,"template":"","format":"standard","meta":{"_monsterinsights_skip_tracking":false,"_monsterinsights_sitenote_active":false,"_monsterinsights_sitenote_note":"","_monsterinsights_sitenote_category":0,"footnotes":""},"categories":[51,104],"tags":[],"class_list":["post-434409","post","type-post","status-publish","format-standard","has-post-thumbnail","hentry","category-evidenza-top","category-evidenza_3","category-51","category-104","description-off"],"img_url":"https:\/\/www.radiopiu.net\/wordpress\/wp-content\/uploads\/2025\/02\/476895710_489644677288165_4047444238954477498_n.jpg","_links":{"self":[{"href":"https:\/\/www.radiopiu.net\/wordpress\/wp-json\/wp\/v2\/posts\/434409","targetHints":{"allow":["GET"]}}],"collection":[{"href":"https:\/\/www.radiopiu.net\/wordpress\/wp-json\/wp\/v2\/posts"}],"about":[{"href":"https:\/\/www.radiopiu.net\/wordpress\/wp-json\/wp\/v2\/types\/post"}],"author":[{"embeddable":true,"href":"https:\/\/www.radiopiu.net\/wordpress\/wp-json\/wp\/v2\/users\/4"}],"replies":[{"embeddable":true,"href":"https:\/\/www.radiopiu.net\/wordpress\/wp-json\/wp\/v2\/comments?post=434409"}],"version-history":[{"count":1,"href":"https:\/\/www.radiopiu.net\/wordpress\/wp-json\/wp\/v2\/posts\/434409\/revisions"}],"predecessor-version":[{"id":434417,"href":"https:\/\/www.radiopiu.net\/wordpress\/wp-json\/wp\/v2\/posts\/434409\/revisions\/434417"}],"wp:featuredmedia":[{"embeddable":true,"href":"https:\/\/www.radiopiu.net\/wordpress\/wp-json\/wp\/v2\/media\/434415"}],"wp:attachment":[{"href":"https:\/\/www.radiopiu.net\/wordpress\/wp-json\/wp\/v2\/media?parent=434409"}],"wp:term":[{"taxonomy":"category","embeddable":true,"href":"https:\/\/www.radiopiu.net\/wordpress\/wp-json\/wp\/v2\/categories?post=434409"},{"taxonomy":"post_tag","embeddable":true,"href":"https:\/\/www.radiopiu.net\/wordpress\/wp-json\/wp\/v2\/tags?post=434409"}],"curies":[{"name":"wp","href":"https:\/\/api.w.org\/{rel}","templated":true}]}}