{"id":434428,"date":"2025-02-13T15:57:29","date_gmt":"2025-02-13T14:57:29","guid":{"rendered":"https:\/\/www.radiopiu.net\/wordpress\/?p=434428"},"modified":"2025-02-13T15:57:29","modified_gmt":"2025-02-13T14:57:29","slug":"nel-fine-settimana-alla-ski-area-san-pellegrino-la-coppa-europa-di-skicross","status":"publish","type":"post","link":"https:\/\/www.radiopiu.net\/wordpress\/nel-fine-settimana-alla-ski-area-san-pellegrino-la-coppa-europa-di-skicross\/","title":{"rendered":"NEL FINE SETTIMANA ALLA SKI AREA SAN PELLEGRINO LA COPPA EUROPA DI SKICROSS"},"content":{"rendered":"<p>******<\/p>\n<p>&nbsp;<\/p>\n<p><strong><a class=\"dt-pswp-item\" href=\"https:\/\/www.radiopiu.net\/wordpress\/wp-content\/uploads\/2025\/02\/germania-16-feb-2024-festa-skicross-falcade-coppa-europa.jpeg\" data-dt-img-description=\"\" data-large_image_width=\"1536\" data-large_image_height=\"1024\"><img loading=\"lazy\" decoding=\"async\" class=\" wp-image-434429 alignleft\" src=\"https:\/\/www.radiopiu.net\/wordpress\/wp-content\/uploads\/2025\/02\/germania-16-feb-2024-festa-skicross-falcade-coppa-europa-300x200.jpeg\" alt=\"\" width=\"240\" height=\"160\" srcset=\"https:\/\/www.radiopiu.net\/wordpress\/wp-content\/uploads\/2025\/02\/germania-16-feb-2024-festa-skicross-falcade-coppa-europa-300x200.jpeg 300w, https:\/\/www.radiopiu.net\/wordpress\/wp-content\/uploads\/2025\/02\/germania-16-feb-2024-festa-skicross-falcade-coppa-europa-1024x683.jpeg 1024w, https:\/\/www.radiopiu.net\/wordpress\/wp-content\/uploads\/2025\/02\/germania-16-feb-2024-festa-skicross-falcade-coppa-europa-768x512.jpeg 768w, https:\/\/www.radiopiu.net\/wordpress\/wp-content\/uploads\/2025\/02\/germania-16-feb-2024-festa-skicross-falcade-coppa-europa.jpeg 1536w\" sizes=\"auto, (max-width: 240px) 100vw, 240px\" \/><\/a>FALCADE <\/strong>Torna, per il terzo anno consecutivo, la Coppa Europa di skicross alla Ski Area San Pellegrino. Il circuito continentale della spettacolare specialit\u00e0 approda nuovamente in Agordino dopo le esperienze del 2023 e del 2024. L\u2019appuntamento \u00e8 per sabato 15 e domenica 16 febbraio. L\u2019organizzazione \u00e8 a cura dello Ski College Veneto Falcade. Teatro di gara sar\u00e0 la pista Costabella. Oltre cento gli atleti e le atlete iscritte. In entrambe le giornate la partenza \u00e8 fissata per le 12. \u00abSiamo molto soddisfatti delle adesioni\u00bb, sottolinea il presidente dello Ski College Veneto Falcade, Luca Marchetto. \u00abA sfidarsi sullo spettacolare tracciato allestito dalla societ\u00e0 impianti della Ski Area San Pellegrino, ci saranno oltre cento concorrenti, provenienti da quattordici nazioni, vale a dire Italia, Australia, Austria, Canada, Cile, Francia, Giappone, Germania, Gran Bretagna, Slovenia, Svizzera, Slovacchia, Spagna e Stati Uniti. Stiamo lavorando intensamente, insieme alla societ\u00e0 impianti della Ski Area San Pellegrino, per garantire un evento di elevata qualit\u00e0\u00bb.<\/p>\n<p>&nbsp;<\/p>\n<p>&nbsp;<\/p>\n<p>********<\/p>\n","protected":false},"excerpt":{"rendered":"<p>****** &nbsp; FALCADE Torna, per il terzo anno consecutivo, la Coppa Europa di skicross alla Ski Area San Pellegrino. Il circuito continentale della spettacolare specialit\u00e0 approda nuovamente in Agordino dopo le esperienze del 2023 e del 2024. L\u2019appuntamento \u00e8 per sabato 15 e domenica 16 febbraio. L\u2019organizzazione \u00e8 a cura dello Ski College Veneto Falcade.&hellip;<\/p>\n","protected":false},"author":4,"featured_media":434429,"comment_status":"closed","ping_status":"closed","sticky":false,"template":"","format":"standard","meta":{"_monsterinsights_skip_tracking":false,"_monsterinsights_sitenote_active":false,"_monsterinsights_sitenote_note":"","_monsterinsights_sitenote_category":0,"footnotes":""},"categories":[49],"tags":[],"class_list":["post-434428","post","type-post","status-publish","format-standard","has-post-thumbnail","hentry","category-news-18","category-49","description-off"],"img_url":"https:\/\/www.radiopiu.net\/wordpress\/wp-content\/uploads\/2025\/02\/germania-16-feb-2024-festa-skicross-falcade-coppa-europa.jpeg","_links":{"self":[{"href":"https:\/\/www.radiopiu.net\/wordpress\/wp-json\/wp\/v2\/posts\/434428","targetHints":{"allow":["GET"]}}],"collection":[{"href":"https:\/\/www.radiopiu.net\/wordpress\/wp-json\/wp\/v2\/posts"}],"about":[{"href":"https:\/\/www.radiopiu.net\/wordpress\/wp-json\/wp\/v2\/types\/post"}],"author":[{"embeddable":true,"href":"https:\/\/www.radiopiu.net\/wordpress\/wp-json\/wp\/v2\/users\/4"}],"replies":[{"embeddable":true,"href":"https:\/\/www.radiopiu.net\/wordpress\/wp-json\/wp\/v2\/comments?post=434428"}],"version-history":[{"count":1,"href":"https:\/\/www.radiopiu.net\/wordpress\/wp-json\/wp\/v2\/posts\/434428\/revisions"}],"predecessor-version":[{"id":434430,"href":"https:\/\/www.radiopiu.net\/wordpress\/wp-json\/wp\/v2\/posts\/434428\/revisions\/434430"}],"wp:featuredmedia":[{"embeddable":true,"href":"https:\/\/www.radiopiu.net\/wordpress\/wp-json\/wp\/v2\/media\/434429"}],"wp:attachment":[{"href":"https:\/\/www.radiopiu.net\/wordpress\/wp-json\/wp\/v2\/media?parent=434428"}],"wp:term":[{"taxonomy":"category","embeddable":true,"href":"https:\/\/www.radiopiu.net\/wordpress\/wp-json\/wp\/v2\/categories?post=434428"},{"taxonomy":"post_tag","embeddable":true,"href":"https:\/\/www.radiopiu.net\/wordpress\/wp-json\/wp\/v2\/tags?post=434428"}],"curies":[{"name":"wp","href":"https:\/\/api.w.org\/{rel}","templated":true}]}}