{"id":434472,"date":"2025-02-13T17:21:37","date_gmt":"2025-02-13T16:21:37","guid":{"rendered":"https:\/\/www.radiopiu.net\/wordpress\/?p=434472"},"modified":"2025-02-14T05:57:34","modified_gmt":"2025-02-14T04:57:34","slug":"smaniotto-dolomiti-ambiente-tariffe-in-linea-con-quanto-previsto","status":"publish","type":"post","link":"https:\/\/www.radiopiu.net\/wordpress\/smaniotto-dolomiti-ambiente-tariffe-in-linea-con-quanto-previsto\/","title":{"rendered":"SMANIOTTO (DOLOMITI AMBIENTE): TARIFFE IN LINEA CON QUANTO PREVISTO"},"content":{"rendered":"<p>*******<\/p>\n<p>&nbsp;<\/p>\n<p><strong><a class=\"dt-pswp-item\" href=\"https:\/\/www.radiopiu.net\/wordpress\/wp-content\/uploads\/2025\/02\/DOLOMITI-AMBIENTE.png\" data-dt-img-description=\"\" data-large_image_width=\"436\" data-large_image_height=\"213\"><img loading=\"lazy\" decoding=\"async\" class=\" wp-image-434474 alignleft\" src=\"https:\/\/www.radiopiu.net\/wordpress\/wp-content\/uploads\/2025\/02\/DOLOMITI-AMBIENTE-300x147.png\" alt=\"\" width=\"231\" height=\"113\" srcset=\"https:\/\/www.radiopiu.net\/wordpress\/wp-content\/uploads\/2025\/02\/DOLOMITI-AMBIENTE-300x147.png 300w, https:\/\/www.radiopiu.net\/wordpress\/wp-content\/uploads\/2025\/02\/DOLOMITI-AMBIENTE.png 436w\" sizes=\"auto, (max-width: 231px) 100vw, 231px\" \/><\/a>BELLUNO <\/strong>\u00abI dubbi che erano sorti su Dolomiti Ambiente, frutto evidentemente di detrattori della societ\u00e0, sono stati smentiti dal mercato. Adesso la societ\u00e0 continuer\u00e0 a lavorare come ha sempre fatto. E ci auguriamo possa farlo senza il clima di perplessit\u00e0 e diffidenza che qualcuno ha voluto creare\u00bb. \u00c8 quanto dice Angelo Smaniotto, amministratore unico di Dolomiti Ambiente spa, la societ\u00e0 partecipata della Provincia di Belluno che si occupa della gestione dei rifiuti (e in particolare dello smaltimento del rifiuto umido, tramite l\u2019impianto del Maserot, a Santa Giustina). Dolomiti Ambiente spa si \u00e8 aggiudicata due lotti della gara per lo smaltimento del rifiuto umido raccolto da Bellunum Holding. In particolare, quello raccolto nei territori di competenza di Bellunum e Valpe Ambiente, per un totale di 13.600 tonnellate\/anno sulle 17.260 messe a gara (pari al 78,8% del totale del rifiuto umido), per circa 830mila euro. \u00abL\u2019impianto \u00e8 competitivo e lo dimostrano l\u2019esito della gara e l\u2019offerta fatta, inferiore a quella dei competitor, che consente di rispettare gli impegni assunti dalla societ\u00e0\u00bb sottolinea l\u2019amministratore unico. \u00abSorprende che qualcuno dubiti che con l\u2019offerta attuale Dolomiti Ambiente possa rimanere operativa, perch\u00e9 il dubbio farebbe pensare che la societ\u00e0 non abbia fatto tutte le valutazioni del caso prima di partecipare alla gara. I bilanci della societ\u00e0 hanno sempre puntualmente smentito qualsiasi dubbio di questa natura. E nel corso del 2024 le proiezioni del risultato semestrale ci portano verso una chiusura in utile di circa 200mila euro. Se ci aggiungiamo che ci aspettiamo ulteriori entrate da qui in avanti dalla lavorazione delle ramaglie &#8211; che finora erano conferite gratuitamente &#8211; abbiamo la certezza di proseguire con l\u2019attivit\u00e0 del Maserot\u00bb. \u00abQuanto al quesito sollevato dall\u2019assessore regionale sul valore delle tariffe in essere fino a prima della gara, che a suo dire erano troppo elevate, ricordo che nel 2021 e 2022 abbiamo dovuto fronteggiare seri problemi all\u2019impianto, derivanti da un principio d\u2019incendio e da un\u2019incidente meccanico che hanno determinato il blocco temporaneo. Di conseguenza, abbiamo dovuto smaltire una quota di rifiuto umido conferendolo altrove e la tariffa che ci \u00e8 stata praticata da altro gestore &#8211; e che abbiamo sostenuto &#8211; era di 130 euro a tonnellata. Quindi il valore della tariffa che abbiamo mantenuto inalterata per il conferimento era di gran lunga sotto il valore di mercato. Mercato che oggi ci d\u00e0 ragione dell\u2019offerta avanzata, mediamente intorno ai 66 euro a tonnellata, inferiore rispetto ai competitor\u00bb continua Smaniotto. \u00abQuanto all\u2019incidenza della tariffa di smaltimento sulle tasche del cittadino, \u00e8 elemento residuale, che impatta per pochi euro. Va considerato piuttosto che si tratta di risorse pubblico su pubblico e quindi le ricadute sono quanto meno neutre per la collettivit\u00e0. Senza contare l\u2019impatto in termini di economia circolare riferito ad una gestione totalmente interna al territorio provinciale della filiera del rifiuto umido\u00bb. \u00abFa sorridere &#8211; conclude l\u2019amministratore unico &#8211; che i detrattori di Dolomiti Ambiente si attribuiscano il merito di aver fatto abbassare oggi le tariffe. Perch\u00e9 l\u2019abbassamento sar\u00e0 anche figlio dello stimolo del mercato, ma soprattutto frutto del lavoro e dell\u2019impegno quotidiano del personale della societ\u00e0 per ridurre i costi di gestione\u00bb.<\/p>\n<p><strong><a class=\"dt-pswp-item\" href=\"https:\/\/www.radiopiu.net\/wordpress\/wp-content\/uploads\/2024\/04\/BOTTACIN.png\" data-dt-img-description=\"\" data-large_image_width=\"564\" data-large_image_height=\"393\"><img loading=\"lazy\" decoding=\"async\" class=\"size-medium wp-image-382551 alignright\" src=\"https:\/\/www.radiopiu.net\/wordpress\/wp-content\/uploads\/2024\/04\/BOTTACIN-300x209.png\" alt=\"\" width=\"300\" height=\"209\" srcset=\"https:\/\/www.radiopiu.net\/wordpress\/wp-content\/uploads\/2024\/04\/BOTTACIN-300x209.png 300w, https:\/\/www.radiopiu.net\/wordpress\/wp-content\/uploads\/2024\/04\/BOTTACIN.png 564w\" sizes=\"auto, (max-width: 300px) 100vw, 300px\" \/><\/a>L&#8217;Assessore regionale all&#8217;ambiente Gianpaolo Bottacin<\/strong>: &#8220;Con riferimento alle dichiarazioni dell&#8217;amministratore di Dolomitiambiente, viene confermato quanto sostengo da tempo e cio\u00e8 che le tariffe applicate da Dolomitiambiente erano fuori mercato. L&#8217;esito della gara lo conferma, evidenziano che adesso la societ\u00e0 dovr\u00e0 smaltire mediamente a 61 euro \/ ton (non 68 come dichiara l&#8217;amministratore evidentemente per una svista). Infatti lui stesso ha dichiarato che le vecchie tariffe, ben pi\u00f9 alte di 61 euro, &#8220;sono state mantenute inalterate&#8221; anche dopo le problematiche tecniche del Maserot per le quali la Regione ha autorizzato la soluzione emergenziale. Ma nulla viene spiegato rispetto al motivo per cui erano cos\u00ec alte anche prima dell&#8217;evento incidentale. Rimane il fatto che solo a seguito del regime di concorrenza imposto da una gara, le tariffe hanno dovuto necessariamente abbassarsi, pena il rischio di perdere anche i 2 lotti che invece sono stati aggiudicati con le conseguenze che si possono immaginare. Ennesima conferma del fatto che le vecchie tariffe erano fuori mercato come dico da anni, non certo con fini detrattori ma semplicemente fotografando la realt\u00e0. Adesso il dato oggettivo \u00e8 che le entrate della societ\u00e0 si ridurranno drasticamente e credo sia legittimo porsi la domanda relativa alla sostenibilit\u00e0 del bilancio. A meno che non si voglia compensare questa importante riduzione con entrate di altro tipo. Ed \u00e8 proprio questo che chiedo da tempo. Se esiste un piano industriale della societ\u00e0. Allo stato attuale, anche in occasione della mia visita all&#8217;impianto, non mi \u00e8 stato spiegato, n\u00e9 tanto meno esposto&#8221; dichiara Bottacin.<\/p>\n<p>&nbsp;<\/p>\n<p>&nbsp;<\/p>\n<p>********<\/p>\n","protected":false},"excerpt":{"rendered":"<p>******* &nbsp; BELLUNO \u00abI dubbi che erano sorti su Dolomiti Ambiente, frutto evidentemente di detrattori della societ\u00e0, sono stati smentiti dal mercato. Adesso la societ\u00e0 continuer\u00e0 a lavorare come ha sempre fatto. E ci auguriamo possa farlo senza il clima di perplessit\u00e0 e diffidenza che qualcuno ha voluto creare\u00bb. \u00c8 quanto dice Angelo Smaniotto, amministratore&hellip;<\/p>\n","protected":false},"author":4,"featured_media":166380,"comment_status":"closed","ping_status":"closed","sticky":false,"template":"","format":"standard","meta":{"_monsterinsights_skip_tracking":false,"_monsterinsights_sitenote_active":false,"_monsterinsights_sitenote_note":"","_monsterinsights_sitenote_category":0,"footnotes":""},"categories":[51,49],"tags":[],"class_list":["post-434472","post","type-post","status-publish","format-standard","has-post-thumbnail","hentry","category-evidenza-top","category-news-18","category-51","category-49","description-off"],"img_url":"https:\/\/www.radiopiu.net\/wordpress\/wp-content\/uploads\/2020\/10\/Raccolta_Ponte_nelle_Alpi.jpg","_links":{"self":[{"href":"https:\/\/www.radiopiu.net\/wordpress\/wp-json\/wp\/v2\/posts\/434472","targetHints":{"allow":["GET"]}}],"collection":[{"href":"https:\/\/www.radiopiu.net\/wordpress\/wp-json\/wp\/v2\/posts"}],"about":[{"href":"https:\/\/www.radiopiu.net\/wordpress\/wp-json\/wp\/v2\/types\/post"}],"author":[{"embeddable":true,"href":"https:\/\/www.radiopiu.net\/wordpress\/wp-json\/wp\/v2\/users\/4"}],"replies":[{"embeddable":true,"href":"https:\/\/www.radiopiu.net\/wordpress\/wp-json\/wp\/v2\/comments?post=434472"}],"version-history":[{"count":1,"href":"https:\/\/www.radiopiu.net\/wordpress\/wp-json\/wp\/v2\/posts\/434472\/revisions"}],"predecessor-version":[{"id":434475,"href":"https:\/\/www.radiopiu.net\/wordpress\/wp-json\/wp\/v2\/posts\/434472\/revisions\/434475"}],"wp:featuredmedia":[{"embeddable":true,"href":"https:\/\/www.radiopiu.net\/wordpress\/wp-json\/wp\/v2\/media\/166380"}],"wp:attachment":[{"href":"https:\/\/www.radiopiu.net\/wordpress\/wp-json\/wp\/v2\/media?parent=434472"}],"wp:term":[{"taxonomy":"category","embeddable":true,"href":"https:\/\/www.radiopiu.net\/wordpress\/wp-json\/wp\/v2\/categories?post=434472"},{"taxonomy":"post_tag","embeddable":true,"href":"https:\/\/www.radiopiu.net\/wordpress\/wp-json\/wp\/v2\/tags?post=434472"}],"curies":[{"name":"wp","href":"https:\/\/api.w.org\/{rel}","templated":true}]}}