{"id":434499,"date":"2025-02-14T05:53:46","date_gmt":"2025-02-14T04:53:46","guid":{"rendered":"https:\/\/www.radiopiu.net\/wordpress\/?p=434499"},"modified":"2025-02-14T05:55:31","modified_gmt":"2025-02-14T04:55:31","slug":"linchiesta-archiviato-il-caso-della-coltellata-fuori-dalla-disco","status":"publish","type":"post","link":"https:\/\/www.radiopiu.net\/wordpress\/linchiesta-archiviato-il-caso-della-coltellata-fuori-dalla-disco\/","title":{"rendered":"L&#8217;inchiesta: archiviato il caso della coltellata fuori dalla disco"},"content":{"rendered":"<p>***<\/p>\n<p><strong>LA GIUDIZIARIA OGGI<\/strong><br \/>\n<strong>SINTESI DAL CORRIERE DELLE ALPI<\/strong><br \/>\n<strong>ARTICOLI DI GIGI SOSSO<\/strong><\/p>\n<p>&nbsp;<\/p>\n<blockquote>\n<p data-start=\"0\" data-end=\"63\"><strong data-start=\"0\" data-end=\"61\">Belluno: prosciolti due alpini accusati di danneggiamento<\/strong><\/p>\n<\/blockquote>\n<p data-start=\"65\" data-end=\"426\" data-is-last-node=\"\"><strong>BELLUNO<\/strong> Due alpini del 7\u00ba reggimento, accusati di aver squarciato pneumatici di un&#8217;auto parcheggiata nella loro propriet\u00e0, sono stati prosciolti. Nell&#8217;udienza pre-dibattimentale, le parti hanno ritirato le querele reciproche, portando il giudice Paolo Velo a pronunciare la non procedibilit\u00e0. L&#8217;accordo \u00e8 stato raggiunto tra gli avvocati Sofia Rancan e Massimo Moretti.<\/p>\n<blockquote>\n<p data-start=\"0\" data-end=\"72\"><strong data-start=\"0\" data-end=\"70\"><img loading=\"lazy\" decoding=\"async\" class=\"alignleft\" src=\"https:\/\/www.radiopiu.net\/wordpress\/wp-content\/uploads\/2025\/02\/a4cbee98-4223-43d3-ad04-2efc7921a6a6-300x300.webp\" width=\"127\" height=\"127\" \/>L&#8217;inchiesta: archiviato il caso della coltellata fuori dalla disco<\/strong><\/p>\n<\/blockquote>\n<p data-start=\"74\" data-end=\"428\" data-is-last-node=\"\"><strong>BELLUNO<\/strong> \u2013Archiviato il fascicolo sul caso della coltellata avvenuta fuori da una discoteca lo scorso settembre. Il coltello non \u00e8 mai stato trovato, e gli otto indagati, tutti di Ponte nelle Alpi, sostengono che appartenesse alla donna ferita. La 40enne si sarebbe accorta della lesione solo a casa. Mancando prove decisive, l&#8217;indagine \u00e8 stata chiusa.<\/p>\n<blockquote>\n<p data-start=\"0\" data-end=\"85\"><strong data-start=\"0\" data-end=\"83\">Feltre: tre macedoni accusati di lesioni aggravate contro un cittadino egiziano<\/strong><\/p>\n<\/blockquote>\n<p data-start=\"87\" data-end=\"391\" data-is-last-node=\"\"><strong>FELTRE<\/strong> \u2013 Tre macedoni, Erdin e Redjep Zununi e Sead Zenuni, sono accusati di aver aggredito un egiziano nel luglio 2022, causandogli gravi traumi facciali con una bottiglia e calci. La vittima, residente a Feltre, si costituir\u00e0 parte civile. L&#8217;udienza \u00e8 stata rinviata per irregolarit\u00e0 nelle notifiche.<\/p>\n<div class=\"page-title-head hgroup\">\n<blockquote>\n<h3><\/h3>\n<h3 class=\"entry-title\"><a class=\"dt-pswp-item\" href=\"https:\/\/www.radiopiu.net\/wordpress\/wp-content\/uploads\/2025\/02\/Senza-nome-68.png\" data-dt-img-description=\"\" data-large_image_width=\"359\" data-large_image_height=\"110\"><img loading=\"lazy\" decoding=\"async\" class=\"size-medium wp-image-434503 alignleft\" src=\"https:\/\/www.radiopiu.net\/wordpress\/wp-content\/uploads\/2025\/02\/Senza-nome-68-300x92.png\" alt=\"\" width=\"300\" height=\"92\" srcset=\"https:\/\/www.radiopiu.net\/wordpress\/wp-content\/uploads\/2025\/02\/Senza-nome-68-300x92.png 300w, https:\/\/www.radiopiu.net\/wordpress\/wp-content\/uploads\/2025\/02\/Senza-nome-68.png 359w\" sizes=\"auto, (max-width: 300px) 100vw, 300px\" \/><\/a>Feltre: morte di Padre Bassetto, verso una decisione sulla perizia<\/h3>\n<\/blockquote>\n<\/div>\n<p data-start=\"74\" data-end=\"428\" data-is-last-node=\"\"><strong>BELLUNO<\/strong>\u00a0La Procura di Belluno \u00e8 pronta a ricevere la perizia sul decesso di Padre Luigi Bassetto, morto a giugno scorso dopo un\u2019overdose di morfina somministrata da Carmine Sarno, giovane infermiere indagato per omicidio colposo. Sarno, laureato da pochi mesi e al suo primo incarico, aveva iniettato una dose dieci volte superiore a quella prevista. Scosso dall\u2019accaduto, si \u00e8 dimesso dall\u2019Ulss 1 Dolomiti e ha cambiato mestiere. La decisione del magistrato, tra richiesta di archiviazione o rinvio a giudizio, \u00e8 attesa a breve.<\/p>\n","protected":false},"excerpt":{"rendered":"<p>*** LA GIUDIZIARIA OGGI SINTESI DAL CORRIERE DELLE ALPI ARTICOLI DI GIGI SOSSO &nbsp; Belluno: prosciolti due alpini accusati di danneggiamento BELLUNO Due alpini del 7\u00ba reggimento, accusati di aver squarciato pneumatici di un&#8217;auto parcheggiata nella loro propriet\u00e0, sono stati prosciolti. Nell&#8217;udienza pre-dibattimentale, le parti hanno ritirato le querele reciproche, portando il giudice Paolo Velo&hellip;<\/p>\n","protected":false},"author":4,"featured_media":434514,"comment_status":"closed","ping_status":"closed","sticky":false,"template":"","format":"standard","meta":{"_monsterinsights_skip_tracking":false,"_monsterinsights_sitenote_active":false,"_monsterinsights_sitenote_note":"","_monsterinsights_sitenote_category":0,"footnotes":""},"categories":[51,49],"tags":[],"class_list":["post-434499","post","type-post","status-publish","format-standard","has-post-thumbnail","hentry","category-evidenza-top","category-news-18","category-51","category-49","description-off"],"img_url":"https:\/\/www.radiopiu.net\/wordpress\/wp-content\/uploads\/2025\/02\/a4cbee98-4223-43d3-ad04-2efc7921a6a6.webp","_links":{"self":[{"href":"https:\/\/www.radiopiu.net\/wordpress\/wp-json\/wp\/v2\/posts\/434499","targetHints":{"allow":["GET"]}}],"collection":[{"href":"https:\/\/www.radiopiu.net\/wordpress\/wp-json\/wp\/v2\/posts"}],"about":[{"href":"https:\/\/www.radiopiu.net\/wordpress\/wp-json\/wp\/v2\/types\/post"}],"author":[{"embeddable":true,"href":"https:\/\/www.radiopiu.net\/wordpress\/wp-json\/wp\/v2\/users\/4"}],"replies":[{"embeddable":true,"href":"https:\/\/www.radiopiu.net\/wordpress\/wp-json\/wp\/v2\/comments?post=434499"}],"version-history":[{"count":1,"href":"https:\/\/www.radiopiu.net\/wordpress\/wp-json\/wp\/v2\/posts\/434499\/revisions"}],"predecessor-version":[{"id":434515,"href":"https:\/\/www.radiopiu.net\/wordpress\/wp-json\/wp\/v2\/posts\/434499\/revisions\/434515"}],"wp:featuredmedia":[{"embeddable":true,"href":"https:\/\/www.radiopiu.net\/wordpress\/wp-json\/wp\/v2\/media\/434514"}],"wp:attachment":[{"href":"https:\/\/www.radiopiu.net\/wordpress\/wp-json\/wp\/v2\/media?parent=434499"}],"wp:term":[{"taxonomy":"category","embeddable":true,"href":"https:\/\/www.radiopiu.net\/wordpress\/wp-json\/wp\/v2\/categories?post=434499"},{"taxonomy":"post_tag","embeddable":true,"href":"https:\/\/www.radiopiu.net\/wordpress\/wp-json\/wp\/v2\/tags?post=434499"}],"curies":[{"name":"wp","href":"https:\/\/api.w.org\/{rel}","templated":true}]}}