{"id":434784,"date":"2025-02-15T09:48:17","date_gmt":"2025-02-15T08:48:17","guid":{"rendered":"https:\/\/www.radiopiu.net\/wordpress\/?p=434784"},"modified":"2025-02-15T09:48:17","modified_gmt":"2025-02-15T08:48:17","slug":"torna-la-neve-sulle-cime-dolomitiche-i-dati-dal-bollettino-neve-al-suolo-di-arpav","status":"publish","type":"post","link":"https:\/\/www.radiopiu.net\/wordpress\/torna-la-neve-sulle-cime-dolomitiche-i-dati-dal-bollettino-neve-al-suolo-di-arpav\/","title":{"rendered":"TORNA LA NEVE SULLE CIME DOLOMITICHE. I DATI DAL BOLLETTINO NEVE AL SUOLO DI ARPAV"},"content":{"rendered":"<p>******<\/p>\n<p>&nbsp;<\/p>\n<p><strong>REDAZIONE<\/strong> Una volta terminata la perturbazione che ha interessato le Dolomiti, ma non solo, il Centro Valanghe ARPAV di Arabba ha diramato il nuovo bollettino neve al suolo. Le pale di San Martino e il Monte Rite sono le due localit\u00e0 dove si sono registrati gli accumuli maggiori delle ultime ore. All&#8217;inizio dell&#8217;inverno, la zona dove \u00e8 scesapi\u00f9 neve \u00e8 Malga Losch a Frassen\u00e8 di Voltago e Col Dei Baldi ad Alleghe con rispettivamente 98 e 97 cm di neve.<\/p>\n<p><strong>IL BOLLETTINO NEVE AL SUOLO<\/strong><\/p>\n<a href=\"https:\/\/www.radiopiu.net\/wordpress\/wp-content\/uploads\/2025\/02\/2025_02_15_Dolomiti-Neve-al-Suolo.pdf\" class=\"pdfemb-viewer\" style=\"\" data-width=\"max\" data-height=\"max\" data-toolbar=\"top\" data-toolbar-fixed=\"on\">2025_02_15_Dolomiti Neve al Suolo<\/a>\n<p>&nbsp;<\/p>\n<p>&nbsp;<\/p>\n<p>&nbsp;<\/p>\n<p>*********<\/p>\n","protected":false},"excerpt":{"rendered":"<p>****** &nbsp; REDAZIONE Una volta terminata la perturbazione che ha interessato le Dolomiti, ma non solo, il Centro Valanghe ARPAV di Arabba ha diramato il nuovo bollettino neve al suolo. Le pale di San Martino e il Monte Rite sono le due localit\u00e0 dove si sono registrati gli accumuli maggiori delle ultime ore. All&#8217;inizio dell&#8217;inverno,&hellip;<\/p>\n","protected":false},"author":4,"featured_media":247467,"comment_status":"closed","ping_status":"closed","sticky":false,"template":"","format":"standard","meta":{"_monsterinsights_skip_tracking":false,"_monsterinsights_sitenote_active":false,"_monsterinsights_sitenote_note":"","_monsterinsights_sitenote_category":0,"footnotes":""},"categories":[49],"tags":[],"class_list":["post-434784","post","type-post","status-publish","format-standard","has-post-thumbnail","hentry","category-news-18","category-49","description-off"],"img_url":"https:\/\/www.radiopiu.net\/wordpress\/wp-content\/uploads\/2021\/12\/NEVE-STRADA.jpg","_links":{"self":[{"href":"https:\/\/www.radiopiu.net\/wordpress\/wp-json\/wp\/v2\/posts\/434784","targetHints":{"allow":["GET"]}}],"collection":[{"href":"https:\/\/www.radiopiu.net\/wordpress\/wp-json\/wp\/v2\/posts"}],"about":[{"href":"https:\/\/www.radiopiu.net\/wordpress\/wp-json\/wp\/v2\/types\/post"}],"author":[{"embeddable":true,"href":"https:\/\/www.radiopiu.net\/wordpress\/wp-json\/wp\/v2\/users\/4"}],"replies":[{"embeddable":true,"href":"https:\/\/www.radiopiu.net\/wordpress\/wp-json\/wp\/v2\/comments?post=434784"}],"version-history":[{"count":1,"href":"https:\/\/www.radiopiu.net\/wordpress\/wp-json\/wp\/v2\/posts\/434784\/revisions"}],"predecessor-version":[{"id":434788,"href":"https:\/\/www.radiopiu.net\/wordpress\/wp-json\/wp\/v2\/posts\/434784\/revisions\/434788"}],"wp:featuredmedia":[{"embeddable":true,"href":"https:\/\/www.radiopiu.net\/wordpress\/wp-json\/wp\/v2\/media\/247467"}],"wp:attachment":[{"href":"https:\/\/www.radiopiu.net\/wordpress\/wp-json\/wp\/v2\/media?parent=434784"}],"wp:term":[{"taxonomy":"category","embeddable":true,"href":"https:\/\/www.radiopiu.net\/wordpress\/wp-json\/wp\/v2\/categories?post=434784"},{"taxonomy":"post_tag","embeddable":true,"href":"https:\/\/www.radiopiu.net\/wordpress\/wp-json\/wp\/v2\/tags?post=434784"}],"curies":[{"name":"wp","href":"https:\/\/api.w.org\/{rel}","templated":true}]}}