{"id":434956,"date":"2025-02-18T05:40:21","date_gmt":"2025-02-18T04:40:21","guid":{"rendered":"https:\/\/www.radiopiu.net\/wordpress\/?p=434956"},"modified":"2025-02-18T08:35:02","modified_gmt":"2025-02-18T07:35:02","slug":"giornale-radio-18-febbraio-25","status":"publish","type":"post","link":"https:\/\/www.radiopiu.net\/wordpress\/giornale-radio-18-febbraio-25\/","title":{"rendered":"GIORNALE RADIOPIU 18 FEBBRAIO 2025 DIRETTORE MIRKO MEZZACASA\u2026DA 41 ANNI 25 GIUGNO 1983-25 GIUGNO 2024"},"content":{"rendered":"<p>********<\/p>\n<p>&nbsp;<\/p>\n<p><em><span style=\"color: #ff0000;\"><a class=\"dt-pswp-item\" href=\"https:\/\/www.radiopiu.net\/wordpress\/wp-content\/uploads\/2024\/10\/Senza-nome-8.png\" data-dt-img-description=\"\" data-large_image_width=\"343\" data-large_image_height=\"303\"><img loading=\"lazy\" decoding=\"async\" class=\"wp-image-412130 alignleft\" src=\"https:\/\/www.radiopiu.net\/wordpress\/wp-content\/uploads\/2024\/10\/Senza-nome-8-300x265.png\" alt=\"\" width=\"105\" height=\"93\" srcset=\"https:\/\/www.radiopiu.net\/wordpress\/wp-content\/uploads\/2024\/10\/Senza-nome-8-300x265.png 300w, https:\/\/www.radiopiu.net\/wordpress\/wp-content\/uploads\/2024\/10\/Senza-nome-8.png 343w\" sizes=\"auto, (max-width: 105px) 100vw, 105px\" \/><\/a><\/span><\/em><strong><em><span style=\"color: #ff0000;\"> LA\u00a0 APP PER IOS-IPHONE di Nicola Vettorello<\/span><\/em><\/strong><\/p>\n<p><strong><span style=\"color: #0000ff;\"><a style=\"color: #0000ff;\" href=\"https:\/\/apps.apple.com\/it\/app\/radio-pi%C3%B9-emittente-agordina\/id1515939845\">https:\/\/apps.apple.com\/it\/app\/radio-pi%C3%B9-emittente-agordina\/id1515939845<\/a><\/span><\/strong><\/p>\n<p><strong><em style=\"color: #ff0000;\">LA\u00a0 APP RADIO\u00a0 PER ANDROID di Nicola Vettorello<\/em><\/strong><\/p>\n<p><strong><span style=\"color: #0000ff;\"><a style=\"color: #0000ff;\" href=\"https:\/\/play.google.com\/store\/apps\/details?id=net.radiopiu.iniko\" target=\"_blank\" rel=\"noopener noreferrer\">https:\/\/<\/a><a style=\"color: #0000ff;\" href=\"https:\/\/play.google.com\/store\/apps\/details?id=net.radiopiu.iniko\" target=\"_blank\" rel=\"noopener noreferrer\">play.google.com\/store\/apps\/details?id=net.radiopiu.iniko\u00a0\u00a0\u00a0\u00a0<\/a><\/span><\/strong><\/p>\n<p>&nbsp;<\/p>\n<hr \/>\n<p>&nbsp;<\/p>\n<p style=\"text-align: left;\"><a class=\"dt-pswp-item\" href=\"https:\/\/www.radiopiu.net\/wordpress\/wp-content\/uploads\/2025\/02\/hq720.jpg\" data-dt-img-description=\"\" data-large_image_width=\"686\" data-large_image_height=\"386\"><img loading=\"lazy\" decoding=\"async\" class=\"wp-image-435255 alignleft\" src=\"https:\/\/www.radiopiu.net\/wordpress\/wp-content\/uploads\/2025\/02\/hq720-300x169.jpg\" alt=\"\" width=\"186\" height=\"105\" srcset=\"https:\/\/www.radiopiu.net\/wordpress\/wp-content\/uploads\/2025\/02\/hq720-300x169.jpg 300w, https:\/\/www.radiopiu.net\/wordpress\/wp-content\/uploads\/2025\/02\/hq720.jpg 686w\" sizes=\"auto, (max-width: 186px) 100vw, 186px\" \/><\/a><strong>AUTOSTRADA A 27, SCATTA LA CHIUSURA<\/strong><\/p>\n<p>Dalle 23 di giovedi alle 4 del mattino successivo sar\u00e0 chiuso lo svincolo di Belluno in uscita per chi proviene dalla 51 di Alemagna. In alternativa si pu\u00f2 percorrere la 51 di Alemagna verso Venezia attraversando il centro di Ponte delle Alpi<\/p>\n<p>&nbsp;<\/p>\n<hr \/>\n<p>&nbsp;<\/p>\n<p><span style=\"color: #ff0000;\"><strong>OGGI ALLA RADIO:\u00a0\u00a0<\/strong><\/span><\/p>\n<p><strong>rassegna stampa nazionale,<\/strong> ogni giorno alle 5 e alle 6 del mattino. giornali locali 7 rassegna stampa flash, 8 rassegna stampa, gr flash alle 10 e alle 11, principale 12.30. Informazione pomeriggio ogni ora fino alle 20, in coda ai notiziari nazionali. Giornale radio nazionale: ogni ora dalle 4 del mattino, alle 20 della sera. Alle 19 le anticipazioni dal TG di Antenna 3 di Tiziana Bolognani.<\/p>\n<p>&nbsp;<\/p>\n<p><span style=\"color: #0000ff;\"><strong><a class=\"dt-pswp-item\" href=\"https:\/\/www.radiopiu.net\/wordpress\/wp-content\/uploads\/2025\/02\/5be532d9-1877-4f6f-99a6-5c5b86814cce.jpg\" data-dt-img-description=\"\" data-large_image_width=\"1600\" data-large_image_height=\"1200\"><img loading=\"lazy\" decoding=\"async\" class=\" wp-image-435209 alignleft\" src=\"https:\/\/www.radiopiu.net\/wordpress\/wp-content\/uploads\/2025\/02\/5be532d9-1877-4f6f-99a6-5c5b86814cce-300x225.jpg\" alt=\"\" width=\"207\" height=\"155\" srcset=\"https:\/\/www.radiopiu.net\/wordpress\/wp-content\/uploads\/2025\/02\/5be532d9-1877-4f6f-99a6-5c5b86814cce-300x225.jpg 300w, https:\/\/www.radiopiu.net\/wordpress\/wp-content\/uploads\/2025\/02\/5be532d9-1877-4f6f-99a6-5c5b86814cce-1024x768.jpg 1024w, https:\/\/www.radiopiu.net\/wordpress\/wp-content\/uploads\/2025\/02\/5be532d9-1877-4f6f-99a6-5c5b86814cce-768x576.jpg 768w, https:\/\/www.radiopiu.net\/wordpress\/wp-content\/uploads\/2025\/02\/5be532d9-1877-4f6f-99a6-5c5b86814cce-1536x1152.jpg 1536w, https:\/\/www.radiopiu.net\/wordpress\/wp-content\/uploads\/2025\/02\/5be532d9-1877-4f6f-99a6-5c5b86814cce.jpg 1600w\" sizes=\"auto, (max-width: 207px) 100vw, 207px\" \/><\/a>OGGI ALLE<\/strong>\u00a0<\/span> \u00a0<strong>9.00 LA MUSICA COUNTRY DI ALEX NASCINBEN<\/strong>\u00a0 940 speciale olimpiadi, SULLE TRE RADIO la storia, ultima puntata con Andrea Chicca <strong>10.10<\/strong>\u00a0 MUSLA, LE NOVE IN LADIN IL MARTEDI E VENERDI ALLA RADIO\u00a0 <strong>10.30 E 1900\u00a0<span style=\"color: #ff0000;\"> SPECIALE WALBER&#8230;\u00a0 PRESENZA CONTINUA E ASSICURATA IN VALLE DEL BIOIS,\u00a0 A CANALE D&#8217;AGORDO OSPITE IN STUDIO CON MIRKO MEZZACASA,\u00a0 GIOVANNI BIANCO DIRETTORE GENERALE DEL GRUPPO WALBER <\/span><\/strong>\u00a0<b>12.30 <\/b>GIORNALE RADIO, EDIZIONE PRINCIPALE<b> 13.20 <\/b>COLLAGE OPERAZIONE NOSTALGIA DI LORIS SCUSSEL <strong>15.10<\/strong> IL POMERIGGIO DI LUISA ALCHINI, OSPITE KATIA VOLTOLINA <strong>16.45<\/strong> LE HIT DI TUTTI I TEMPI CON MIRCO BENCIVENNI <strong>19.00<\/strong> LE ANTICIPAZIONI DAL TG DI ANTENNA 3, CON TIZIANA BOLOGNANI<\/p>\n<p>alle 13.10\u00a0 con <span class=\"html-span xdj266r x11i5rnm xat24cr x1mh8g0r xexx8yu x4uap5 x18d9i69 xkhd6sd x1hl2dhg x16tdsg8 x1vvkbs\"><a class=\"x1i10hfl xjbqb8w x1ejq31n xd10rxx x1sy0etr x17r0tee x972fbf xcfux6l x1qhh985 xm0m39n x9f619 x1ypdohk xt0psk2 xe8uvvx xdj266r x11i5rnm xat24cr x1mh8g0r xexx8yu x4uap5 x18d9i69 xkhd6sd x16tdsg8 x1hl2dhg xggy1nq x1a2a7pz x1sur9pj xkrqix3 x1fey0fg x1s688f\" tabindex=\"0\" role=\"link\" href=\"https:\/\/www.facebook.com\/groups\/61488111720\/user\/1667164299\/?__cft__[0]=AZVf1ldy07SOCxt8tKy8W2tGW1ub1EjBjfQvJD5oIaODPg7-Za2PsDSC-ZiW7acCgfuqy6HVevnkcrXFyxn_Z6j0ams4klkvOzd6RHXTl2QyXE6Dx6uadeR6idrhKf4yhlY-xAHKDayGj6NOx0i-k1Hfkj6Fv43-2abBWw1nG6OO6DiW0KAcRV-Xc6Tv38yCCvE&amp;__tn__=-]K-R\"><span class=\"xt0psk2\"><span class=\"xjp7ctv\"><span aria-describedby=\":r29n:\">Michela De Dorigo<\/span><\/span><\/span><\/a><\/span> <span class=\"html-span xdj266r x11i5rnm xat24cr x1mh8g0r xexx8yu x4uap5 x18d9i69 xkhd6sd x1hl2dhg x16tdsg8 x1vvkbs\"><a class=\"x1i10hfl xjbqb8w x1ejq31n xd10rxx x1sy0etr x17r0tee x972fbf xcfux6l x1qhh985 xm0m39n x9f619 x1ypdohk xt0psk2 xe8uvvx xdj266r x11i5rnm xat24cr x1mh8g0r xexx8yu x4uap5 x18d9i69 xkhd6sd x16tdsg8 x1hl2dhg xggy1nq x1a2a7pz x1sur9pj xkrqix3 x1fey0fg x1s688f\" tabindex=\"0\" role=\"link\" href=\"https:\/\/www.facebook.com\/groups\/61488111720\/user\/100003618614365\/?__cft__[0]=AZVf1ldy07SOCxt8tKy8W2tGW1ub1EjBjfQvJD5oIaODPg7-Za2PsDSC-ZiW7acCgfuqy6HVevnkcrXFyxn_Z6j0ams4klkvOzd6RHXTl2QyXE6Dx6uadeR6idrhKf4yhlY-xAHKDayGj6NOx0i-k1Hfkj6Fv43-2abBWw1nG6OO6DiW0KAcRV-Xc6Tv38yCCvE&amp;__tn__=-]K-R\"><span class=\"xt0psk2\"><span class=\"xjp7ctv\"><span aria-describedby=\":r29o:\">Yuri Parissenti<\/span><\/span><\/span><\/a><\/span> <span class=\"html-span xdj266r x11i5rnm xat24cr x1mh8g0r xexx8yu x4uap5 x18d9i69 xkhd6sd x1hl2dhg x16tdsg8 x1vvkbs\"><a class=\"x1i10hfl xjbqb8w x1ejq31n xd10rxx x1sy0etr x17r0tee x972fbf xcfux6l x1qhh985 xm0m39n x9f619 x1ypdohk xt0psk2 xe8uvvx xdj266r x11i5rnm xat24cr x1mh8g0r xexx8yu x4uap5 x18d9i69 xkhd6sd x16tdsg8 x1hl2dhg xggy1nq x1a2a7pz x1sur9pj xkrqix3 x1fey0fg x1s688f\" tabindex=\"0\" role=\"link\" href=\"https:\/\/www.facebook.com\/groups\/61488111720\/user\/100011469789816\/?__cft__[0]=AZVf1ldy07SOCxt8tKy8W2tGW1ub1EjBjfQvJD5oIaODPg7-Za2PsDSC-ZiW7acCgfuqy6HVevnkcrXFyxn_Z6j0ams4klkvOzd6RHXTl2QyXE6Dx6uadeR6idrhKf4yhlY-xAHKDayGj6NOx0i-k1Hfkj6Fv43-2abBWw1nG6OO6DiW0KAcRV-Xc6Tv38yCCvE&amp;__tn__=-]K-R\"><span class=\"xt0psk2\"><span class=\"xjp7ctv\"><span aria-describedby=\":r29p:\">Santo De Dorigo\u00a0 <\/span><\/span><\/span><\/a>SPECIALE FORCELLA AURINE, DOMENICA LA FESTA, DOMENICA LA GARA NEL RICORDO DI MARCELLO E VALERIO<\/span><\/p>\n<p>&nbsp;<\/p>\n<p>&nbsp;<\/p>\n<hr \/>\n<p>&nbsp;<\/p>\n<p>&nbsp;<\/p>\n<div class=\"x11i5rnm xat24cr x1mh8g0r x1vvkbs xtlvy1s x126k92a\">\n<div dir=\"auto\">\n<div dir=\"auto\">\n<p><strong><a class=\"dt-pswp-item\" href=\"https:\/\/www.radiopiu.net\/wordpress\/wp-content\/uploads\/2024\/02\/2d44e751-d8a8-461b-8e22-d8e4e853b032.jpg\" data-dt-img-description=\"\" data-large_image_width=\"1600\" data-large_image_height=\"1200\"><img loading=\"lazy\" decoding=\"async\" class=\"wp-image-373307 alignleft\" src=\"https:\/\/www.radiopiu.net\/wordpress\/wp-content\/uploads\/2024\/02\/2d44e751-d8a8-461b-8e22-d8e4e853b032-300x225.jpg\" alt=\"\" width=\"105\" height=\"79\" srcset=\"https:\/\/www.radiopiu.net\/wordpress\/wp-content\/uploads\/2024\/02\/2d44e751-d8a8-461b-8e22-d8e4e853b032-300x225.jpg 300w, https:\/\/www.radiopiu.net\/wordpress\/wp-content\/uploads\/2024\/02\/2d44e751-d8a8-461b-8e22-d8e4e853b032-1024x768.jpg 1024w, https:\/\/www.radiopiu.net\/wordpress\/wp-content\/uploads\/2024\/02\/2d44e751-d8a8-461b-8e22-d8e4e853b032-768x576.jpg 768w, https:\/\/www.radiopiu.net\/wordpress\/wp-content\/uploads\/2024\/02\/2d44e751-d8a8-461b-8e22-d8e4e853b032-1536x1152.jpg 1536w, https:\/\/www.radiopiu.net\/wordpress\/wp-content\/uploads\/2024\/02\/2d44e751-d8a8-461b-8e22-d8e4e853b032.jpg 1600w\" sizes=\"auto, (max-width: 105px) 100vw, 105px\" \/><\/a>EL BAL DEL FIOR, DI GIULIANA DA RONCH, 18 FEBBRAIO<\/strong><strong> 2025<\/strong><\/p>\n<p>&nbsp;<\/p>\n<audio class=\"wp-audio-shortcode\" id=\"audio-434956-1\" preload=\"none\" style=\"width: 100%;\" controls=\"controls\"><source type=\"audio\/mpeg\" src=\"https:\/\/www.radiopiu.net\/wordpress\/wp-content\/uploads\/2025\/02\/GMA-2.mp3?_=1\" \/><a href=\"https:\/\/www.radiopiu.net\/wordpress\/wp-content\/uploads\/2025\/02\/GMA-2.mp3\">https:\/\/www.radiopiu.net\/wordpress\/wp-content\/uploads\/2025\/02\/GMA-2.mp3<\/a><\/audio>\n<p>&nbsp;<\/p>\n<h3><span style=\"color: #ff0000;\">IERI ALLA RADIO<\/span><\/h3>\n<blockquote class=\"wp-embedded-content\" data-secret=\"c9zu4mLPeZ\"><p><a href=\"https:\/\/www.radiopiu.net\/wordpress\/17-febbraio-giornata-nazionale-del-dialetto\/\">17 febbraio: Giornata Nazionale del Dialetto<\/a><\/p><\/blockquote>\n<p><iframe loading=\"lazy\" class=\"wp-embedded-content\" sandbox=\"allow-scripts\" security=\"restricted\" style=\"position: absolute; visibility: hidden;\" title=\"&#8220;17 febbraio: Giornata Nazionale del Dialetto&#8221; &#8212; Radio Pi\u00f9\" src=\"https:\/\/www.radiopiu.net\/wordpress\/17-febbraio-giornata-nazionale-del-dialetto\/embed\/#?secret=Yt28KloMAi#?secret=c9zu4mLPeZ\" data-secret=\"c9zu4mLPeZ\" width=\"600\" height=\"338\" frameborder=\"0\" marginwidth=\"0\" marginheight=\"0\" scrolling=\"no\"><\/iframe><\/p>\n<p>&nbsp;<\/p>\n<p>&nbsp;<\/p>\n<hr \/>\n<p>&nbsp;<\/p>\n<p>&nbsp;<\/p>\n<\/div>\n<\/div>\n<\/div>\n<div class=\"x11i5rnm xat24cr x1mh8g0r x1vvkbs xtlvy1s x126k92a\">\n<blockquote>\n<h1><strong><a class=\"dt-pswp-item\" href=\"https:\/\/www.radiopiu.net\/wordpress\/wp-content\/uploads\/2024\/10\/629301fd-708d-4f53-95c2-d28cbefd500f.jpg\" data-dt-img-description=\"\" data-large_image_width=\"1600\" data-large_image_height=\"1322\"><img loading=\"lazy\" decoding=\"async\" class=\"wp-image-413782 alignright\" src=\"https:\/\/www.radiopiu.net\/wordpress\/wp-content\/uploads\/2024\/10\/629301fd-708d-4f53-95c2-d28cbefd500f-300x248.jpg\" alt=\"\" width=\"106\" height=\"88\" srcset=\"https:\/\/www.radiopiu.net\/wordpress\/wp-content\/uploads\/2024\/10\/629301fd-708d-4f53-95c2-d28cbefd500f-300x248.jpg 300w, https:\/\/www.radiopiu.net\/wordpress\/wp-content\/uploads\/2024\/10\/629301fd-708d-4f53-95c2-d28cbefd500f-1024x846.jpg 1024w, https:\/\/www.radiopiu.net\/wordpress\/wp-content\/uploads\/2024\/10\/629301fd-708d-4f53-95c2-d28cbefd500f-768x635.jpg 768w, https:\/\/www.radiopiu.net\/wordpress\/wp-content\/uploads\/2024\/10\/629301fd-708d-4f53-95c2-d28cbefd500f-1536x1269.jpg 1536w, https:\/\/www.radiopiu.net\/wordpress\/wp-content\/uploads\/2024\/10\/629301fd-708d-4f53-95c2-d28cbefd500f.jpg 1600w\" sizes=\"auto, (max-width: 106px) 100vw, 106px\" \/><\/a><\/strong><\/h1>\n<h1><strong><a class=\"dt-pswp-item\" href=\"https:\/\/www.radiopiu.net\/wordpress\/wp-content\/uploads\/2024\/11\/th-18.jpg\" data-dt-img-description=\"\" data-large_image_width=\"156\" data-large_image_height=\"180\"><img loading=\"lazy\" decoding=\"async\" class=\"size-full wp-image-421611 alignleft\" src=\"https:\/\/www.radiopiu.net\/wordpress\/wp-content\/uploads\/2024\/11\/th-18.jpg\" alt=\"\" width=\"156\" height=\"180\" \/><\/a><\/strong><\/h1>\n<h1><strong>N di parom &#8211; L Almanach de la nosta jent<\/strong><\/h1>\n<\/blockquote>\n<p>&nbsp;<\/p>\n<p>Le voci: Davide Conedera, Agordo, Michela Dell&#8217;Osbel, La Valle Agordina Simone Ganz, Falcade Veronica Lezuo, Colle Santa Lucia. La voce nella sigla \u00e8 di Giorgia Taio<\/p>\n<p><strong>LA PUNTATA DI OGGI, 18 FEBBRAIO 2025<\/strong><\/p>\n<audio class=\"wp-audio-shortcode\" id=\"audio-434956-2\" preload=\"none\" style=\"width: 100%;\" controls=\"controls\"><source type=\"audio\/mpeg\" src=\"https:\/\/www.radiopiu.net\/wordpress\/wp-content\/uploads\/2025\/02\/AL2-1.mp3?_=2\" \/><a href=\"https:\/\/www.radiopiu.net\/wordpress\/wp-content\/uploads\/2025\/02\/AL2-1.mp3\">https:\/\/www.radiopiu.net\/wordpress\/wp-content\/uploads\/2025\/02\/AL2-1.mp3<\/a><\/audio>\n<p>&nbsp;<\/p>\n<p>&nbsp;<\/p>\n<p>&nbsp;<\/p>\n<\/div>\n<div class=\"x11i5rnm xat24cr x1mh8g0r x1vvkbs xtlvy1s x126k92a\">\n<div dir=\"auto\">\n<hr \/>\n<\/div>\n<\/div>\n<blockquote>\n<blockquote>\n<h1><span style=\"color: #ff0000;\">\u00a0<\/span><\/h1>\n<h1><span style=\"color: #ff0000;\">I podcast informativi del mattino &#8211; audio &#8211;\u00a0\u00a0<\/span><\/h1>\n<\/blockquote>\n<p><strong><a class=\"dt-pswp-item\" href=\"https:\/\/www.radiopiu.net\/wordpress\/wp-content\/uploads\/2024\/11\/6.jpg\" data-dt-img-description=\"\" data-large_image_width=\"177\" data-large_image_height=\"180\"><img loading=\"lazy\" decoding=\"async\" class=\"size-full wp-image-417911 alignleft\" src=\"https:\/\/www.radiopiu.net\/wordpress\/wp-content\/uploads\/2024\/11\/6.jpg\" alt=\"\" width=\"177\" height=\"180\" \/><\/a>LA RASSEGNA STAMPA NAZIONALE ALLA RADIO, OGNI GIORNO ALLE 5 E ALLE 6 DEL MATTINO <span style=\"color: #0000ff;\">viene pubblicata alle 6.00 <span style=\"color: #ff0000;\">DIRETTA RADIO\u00a0 \u00a0\u00a0<\/span><\/span><\/strong><\/p><\/blockquote>\n<p>&nbsp;<\/p>\n<p><strong>NOTIZIE DELLA NOTTE<\/strong><\/p>\n<p><strong>Autobus si ribalta<\/strong> in Bolivia, almeno 31 morti e 15 feriti <strong>Almeno 15 feriti<\/strong> in incidente ad aeroporto Toronto,anche bimbo&#8217; Cnn, 3 persone in condizioni critiche ma non in pericolo di vita <strong>Beirut,<\/strong> iniziato il ritiro di Israele dal sud del Libano Al loro posto si stanno schierando i militari libanesi <strong>Ancora scosse ai Campi Flegrei<\/strong>, sisma magnitudo 3.1 nella notte \u00a0con epicentro vicino Pozzuoli <strong>Morta a 95 anni<\/strong> la scrittrice canadese Antonine Maillet Prima non europea a vincere Goncourt con &#8216;P\u00e9lagie-la-Charrette&#8217; <strong>Macron, colloqui con Trump e Zelensky<\/strong> dopo vertice Parigi &#8216;Chiave \u00e8 lavorare con tutti gli europei, americani e ucraini&#8217; <strong>Bufera su sindaco New York,<\/strong> chiesto piano emergenza o dimissioni. <strong>Katz<\/strong>, un&#8217;agenzia speciale per le &#8216;partenze volontarie&#8217; da Gaza<\/p>\n<h2>AUDIO dalle 6 del mattino<\/h2>\n<audio class=\"wp-audio-shortcode\" id=\"audio-434956-3\" preload=\"none\" style=\"width: 100%;\" controls=\"controls\"><source type=\"audio\/mpeg\" src=\"https:\/\/www.radiopiu.net\/wordpress\/wp-content\/uploads\/2025\/02\/GIORNALEDELLESEI-13.mp3?_=3\" \/><a href=\"https:\/\/www.radiopiu.net\/wordpress\/wp-content\/uploads\/2025\/02\/GIORNALEDELLESEI-13.mp3\">https:\/\/www.radiopiu.net\/wordpress\/wp-content\/uploads\/2025\/02\/GIORNALEDELLESEI-13.mp3<\/a><\/audio>\n<p>&nbsp;<\/p>\n<p>&nbsp;<\/p>\n<hr \/>\n<p>&nbsp;<\/p>\n<h1 style=\"text-align: center;\"><span style=\"color: #ff0000;\"><a class=\"dt-pswp-item\" href=\"https:\/\/www.radiopiu.net\/wordpress\/wp-content\/uploads\/2024\/11\/7.jpg\" data-dt-img-description=\"\" data-large_image_width=\"180\" data-large_image_height=\"180\"><img loading=\"lazy\" decoding=\"async\" class=\"size-full wp-image-417912 alignleft\" src=\"https:\/\/www.radiopiu.net\/wordpress\/wp-content\/uploads\/2024\/11\/7.jpg\" alt=\"\" width=\"180\" height=\"180\" srcset=\"https:\/\/www.radiopiu.net\/wordpress\/wp-content\/uploads\/2024\/11\/7.jpg 180w, https:\/\/www.radiopiu.net\/wordpress\/wp-content\/uploads\/2024\/11\/7-150x150.jpg 150w\" sizes=\"auto, (max-width: 180px) 100vw, 180px\" \/><\/a>I podcast informativi del mattino &#8211; audio &#8211;\u00a0<\/span><\/h1>\n<p><strong>OGNI GIORNO ALLE SETTE DEL MATTINO, LA RASSEGNA STAMPA LOCALE FLASH&#8230; PER CHI VA IN FRETTA. I TITOLI DAI GIORNALI E DAL SITO WWW.RADIOPIU.NET <span style=\"color: #0000ff;\">viene pubblicato alle 7.00<\/span> <span style=\"color: #ff0000;\">DIRETTA RADIO\u00a0<\/span><\/strong><\/p>\n<p><em><span style=\"color: #ff0000;\">per chi va in fretta&#8230; tante notizie in pochi minuti. L&#8217;informazione locale alla radio, ogni ora dalle 7 del mattino alle 19 della sera.<\/span><\/em><\/p>\n<h1>AUDIO dalle 7 del mattino<\/h1>\n<audio class=\"wp-audio-shortcode\" id=\"audio-434956-4\" preload=\"none\" style=\"width: 100%;\" controls=\"controls\"><source type=\"audio\/mpeg\" src=\"https:\/\/www.radiopiu.net\/wordpress\/wp-content\/uploads\/2025\/02\/GF07-16.mp3?_=4\" \/><a href=\"https:\/\/www.radiopiu.net\/wordpress\/wp-content\/uploads\/2025\/02\/GF07-16.mp3\">https:\/\/www.radiopiu.net\/wordpress\/wp-content\/uploads\/2025\/02\/GF07-16.mp3<\/a><\/audio>\n<p>&nbsp;<\/p>\n<p>&nbsp;<\/p>\n<hr \/>\n<p>&nbsp;<\/p>\n<h1><\/h1>\n<h1 style=\"text-align: center;\"><span style=\"color: #ff0000;\"><a class=\"dt-pswp-item\" href=\"https:\/\/www.radiopiu.net\/wordpress\/wp-content\/uploads\/2024\/11\/th.jpg\" data-dt-img-description=\"\" data-large_image_width=\"148\" data-large_image_height=\"179\"><img loading=\"lazy\" decoding=\"async\" class=\"size-full wp-image-417913 alignleft\" src=\"https:\/\/www.radiopiu.net\/wordpress\/wp-content\/uploads\/2024\/11\/th.jpg\" alt=\"\" width=\"148\" height=\"179\" \/><\/a>I podcast informativi del mattino &#8211; audio &#8211;\u00a0<\/span><\/h1>\n<blockquote><p><strong>GIORNALE RADIO NAZIONALE, EDIZIONE DELLE SETTE <span style=\"color: #0000ff;\">viene pubblicato alle 7.05 <span style=\"color: #ff0000;\">DIRETTA RADIO\u00a0<\/span><\/span><\/strong><\/p><\/blockquote>\n<p><strong>il giornale radionazionale e&#8217; in onda ogni ora, dalle sette del mattino alle venti della sera\u00a0 \u00a0<\/strong><\/p>\n<p>&nbsp;<\/p>\n<p><strong><a class=\"dt-pswp-item\" href=\"https:\/\/www.radiopiu.net\/wordpress\/wp-content\/uploads\/2025\/02\/download-3.jpg\" data-dt-img-description=\"\" data-large_image_width=\"223\" data-large_image_height=\"226\"><img loading=\"lazy\" decoding=\"async\" class=\" wp-image-434732 alignleft\" src=\"https:\/\/www.radiopiu.net\/wordpress\/wp-content\/uploads\/2025\/02\/download-3.jpg\" alt=\"\" width=\"185\" height=\"187\" \/><\/a>VENEZIA<\/strong> Operaio cade da tetto\u00a0 \u00e8 grave,\u00a0 a Noale durante lavori su costruzione storica <strong>PADOVA<\/strong> Prete stalkerizzato, parrocchiana condannata a 2 anni e 2 mesi, Il sacerdote in fuga a Bologna e a Genova <strong>VICENZA<\/strong> Gravissima la bambina travolta da auto, guidatore era ubriaco i carabinieri inviano carte in Procura<strong> VENEZIA <\/strong>Arrestato 49enne con ingente quantitativo di droga. In\u00a0 casa sequestrati 11 mila euro in contanti. <strong>PADOVA<\/strong> Finisce con auto in canale, donna morta\u00a0 Indagini dei Carabinieri sulla dinamica del sinistro. <strong>PADOVA<\/strong> L&#8217;Unione Europea finanzia 22 progetti di ricerca all&#8217;Universit\u00e0, investimento di 6 milioni di euro<\/p>\n<p><strong><a class=\"dt-pswp-item\" href=\"https:\/\/www.radiopiu.net\/wordpress\/wp-content\/uploads\/2025\/02\/Senza-nome-53.png\" data-dt-img-description=\"\" data-large_image_width=\"449\" data-large_image_height=\"242\"><img loading=\"lazy\" decoding=\"async\" class=\" wp-image-435262 alignleft\" src=\"https:\/\/www.radiopiu.net\/wordpress\/wp-content\/uploads\/2025\/02\/Senza-nome-53-300x162.png\" alt=\"\" width=\"230\" height=\"124\" srcset=\"https:\/\/www.radiopiu.net\/wordpress\/wp-content\/uploads\/2025\/02\/Senza-nome-53-300x162.png 300w, https:\/\/www.radiopiu.net\/wordpress\/wp-content\/uploads\/2025\/02\/Senza-nome-53.png 449w\" sizes=\"auto, (max-width: 230px) 100vw, 230px\" \/><\/a>ROMA<\/strong> I primi risultati dell&#8217;autopsia sul corpo di Camilla Sanvoisin, la 25enne trovata morta a Roma, indicano che il decesso \u00e8 avvenuto per arresto cardiocircolatorio, senza segni di violenza o traumi. L&#8217;esame \u00e8 stato condotto presso l&#8217;Istituto di Medicina Legale dell&#8217;Universit\u00e0 Cattolica del Sacro Cuore.\u00a0 La Procura di Roma ha aperto un&#8217;inchiesta<\/p>\n<p><strong>MILANO<\/strong> Uomo ucciso in panetteria, preso il figlio del gestore <strong>GENOVA<\/strong> Processo Grillo Jr, il tribunale revoca il teste chiave della difesa <strong>PESCARA<\/strong> Detenuto si suicida, la protesta nel carcere <strong>BRESCIA<\/strong> Operaio muore schiacciato da macchinario <strong>ROMA<\/strong> Hacker contro i siti italiani, &#8216;Mattarella russofobo&#8217; <strong>ROMA<\/strong> Il Papa, quadro clinico complesso. La degenza non sar\u00e0 breve <strong>ROMA<\/strong> L&#8217;omicidio di &#8216;Diabolik&#8217;, chiesto l&#8217;ergastolo per il killer<\/p>\n<h2><span style=\"color: #ff0000;\"><span style=\"color: #0000ff;\">ULTIM&#8217;ORA<\/span> <span style=\"color: #000000;\">AUDIO dalle sette del mattino, ogni ora alla radio EDIZIONE DELLE SETTE<\/span><\/span><\/h2>\n<audio class=\"wp-audio-shortcode\" id=\"audio-434956-5\" preload=\"none\" style=\"width: 100%;\" controls=\"controls\"><source type=\"audio\/mpeg\" src=\"https:\/\/www.radiopiu.net\/wordpress\/wp-content\/uploads\/2025\/02\/GF07-16.mp3?_=5\" \/><a href=\"https:\/\/www.radiopiu.net\/wordpress\/wp-content\/uploads\/2025\/02\/GF07-16.mp3\">https:\/\/www.radiopiu.net\/wordpress\/wp-content\/uploads\/2025\/02\/GF07-16.mp3<\/a><\/audio>\n<p>&nbsp;<\/p>\n<p>&nbsp;<\/p>\n<hr \/>\n<p>&nbsp;<\/p>\n<p>&nbsp;<\/p>\n<h1><span style=\"color: #ff0000;\"><a class=\"dt-pswp-item\" href=\"https:\/\/www.radiopiu.net\/wordpress\/wp-content\/uploads\/2024\/11\/8.jpg\" data-dt-img-description=\"\" data-large_image_width=\"180\" data-large_image_height=\"180\"><img loading=\"lazy\" decoding=\"async\" class=\"size-full wp-image-417910 alignleft\" src=\"https:\/\/www.radiopiu.net\/wordpress\/wp-content\/uploads\/2024\/11\/8.jpg\" alt=\"\" width=\"180\" height=\"180\" srcset=\"https:\/\/www.radiopiu.net\/wordpress\/wp-content\/uploads\/2024\/11\/8.jpg 180w, https:\/\/www.radiopiu.net\/wordpress\/wp-content\/uploads\/2024\/11\/8-150x150.jpg 150w\" sizes=\"auto, (max-width: 180px) 100vw, 180px\" \/><\/a>I podcast informativi del mattino &#8211; video &#8211;\u00a0<\/span><\/h1>\n<h2 style=\"text-align: left;\"><strong>RASSEGNA STAMPA LOCALE, ORE OTTO<\/strong><\/h2>\n<h2><strong> <span style=\"color: #0000ff;\">viene\u00a0 <\/span><\/strong><strong><span style=\"color: #0000ff;\">pubblicata alle 8.05 <span style=\"color: #ff0000;\">DIRETTA RADIO\u00a0 \u00a0<\/span><\/span><\/strong><strong>DI MIRKO MEZZACASA<\/strong><\/h2>\n<h2><span style=\"color: #ff0000;\"><strong>\u00a0<\/strong><\/span><span style=\"color: #ff0000;\"><strong>\u00a0<\/strong><\/span><span style=\"color: #ff0000;\"><strong>VIDEO\u00a0 \u00a0in diretta AGGIORNAMENTO\u00a0 dalle 8 del mattino\u00a0\u00a0<\/strong><\/span><\/h2>\n<p>&nbsp;<\/p>\n<p><iframe loading=\"lazy\" style=\"border: none; overflow: hidden;\" src=\"https:\/\/www.facebook.com\/plugins\/video.php?height=314&amp;href=https%3A%2F%2Fwww.facebook.com%2Fradiopiu%2Fvideos%2F1708203913119311%2F&amp;show_text=false&amp;width=560&amp;t=0\" width=\"560\" height=\"314\" frameborder=\"0\" scrolling=\"no\" allowfullscreen=\"allowfullscreen\"><\/iframe><\/p>\n<hr \/>\n<p>&nbsp;<\/p>\n<p>&nbsp;<\/p>\n<p>&nbsp;<\/p>\n<p><strong><a class=\"dt-pswp-item\" href=\"https:\/\/www.radiopiu.net\/wordpress\/wp-content\/uploads\/2023\/12\/ANTENNA.png\" data-dt-img-description=\"\" data-large_image_width=\"300\" data-large_image_height=\"166\"><img loading=\"lazy\" decoding=\"async\" class=\"wp-image-366306 alignright\" src=\"https:\/\/www.radiopiu.net\/wordpress\/wp-content\/uploads\/2023\/12\/ANTENNA.png\" alt=\"\" width=\"101\" height=\"56\" \/><\/a><a class=\"dt-pswp-item\" href=\"https:\/\/www.radiopiu.net\/wordpress\/wp-content\/uploads\/2024\/11\/th-17.jpg\" data-dt-img-description=\"\" data-large_image_width=\"224\" data-large_image_height=\"180\"><img loading=\"lazy\" decoding=\"async\" class=\" wp-image-421610 alignleft\" src=\"https:\/\/www.radiopiu.net\/wordpress\/wp-content\/uploads\/2024\/11\/th-17.jpg\" alt=\"\" width=\"167\" height=\"134\" \/><\/a>ogni sera alle 19 le anticipazioni alla radio, quello che poi seguirete nel TELEGIORNALE BELLUNESE\u00a0 in onda alle 19.30 sul CANALE 10 del digitale terrestre.\u00a0\u00a0<\/strong><\/p>\n<p><b>\u00a0\u00a0<\/b><\/p>\n<p><span style=\"color: #ff0000;\"><strong>LE ANTICIPAZIONI DI\u00a0 fabio fioravanzi<\/strong><\/span><\/p>\n<audio class=\"wp-audio-shortcode\" id=\"audio-434956-6\" preload=\"none\" style=\"width: 100%;\" controls=\"controls\"><source type=\"audio\/mpeg\" src=\"https:\/\/www.radiopiu.net\/wordpress\/wp-content\/uploads\/2025\/02\/ANTENNA3-11.mp3?_=6\" \/><a href=\"https:\/\/www.radiopiu.net\/wordpress\/wp-content\/uploads\/2025\/02\/ANTENNA3-11.mp3\">https:\/\/www.radiopiu.net\/wordpress\/wp-content\/uploads\/2025\/02\/ANTENNA3-11.mp3<\/a><\/audio>\n<p>&nbsp;<\/p>\n<p>&nbsp;<\/p>\n<hr \/>\n<p>&nbsp;<\/p>\n<blockquote>\n<h3>INCIDENTI SULLE PISTE DA SCI: TRE INTERVENTI DEL SUEM 118<\/h3>\n<\/blockquote>\n<p><strong><a class=\"dt-pswp-item\" href=\"https:\/\/www.radiopiu.net\/wordpress\/wp-content\/uploads\/2024\/03\/salt-croce-verde-val-biois-1.jpg\" data-dt-img-description=\"\" data-large_image_width=\"2048\" data-large_image_height=\"1536\"><img loading=\"lazy\" decoding=\"async\" class=\" wp-image-380539 alignleft\" src=\"https:\/\/www.radiopiu.net\/wordpress\/wp-content\/uploads\/2024\/03\/salt-croce-verde-val-biois-1-300x225.jpg\" alt=\"\" width=\"192\" height=\"144\" srcset=\"https:\/\/www.radiopiu.net\/wordpress\/wp-content\/uploads\/2024\/03\/salt-croce-verde-val-biois-1-300x225.jpg 300w, https:\/\/www.radiopiu.net\/wordpress\/wp-content\/uploads\/2024\/03\/salt-croce-verde-val-biois-1-1024x768.jpg 1024w, https:\/\/www.radiopiu.net\/wordpress\/wp-content\/uploads\/2024\/03\/salt-croce-verde-val-biois-1-768x576.jpg 768w, https:\/\/www.radiopiu.net\/wordpress\/wp-content\/uploads\/2024\/03\/salt-croce-verde-val-biois-1-1536x1152.jpg 1536w, https:\/\/www.radiopiu.net\/wordpress\/wp-content\/uploads\/2024\/03\/salt-croce-verde-val-biois-1.jpg 2048w\" sizes=\"auto, (max-width: 192px) 100vw, 192px\" \/><\/a>REDAZIONE<\/strong> Altra giornata intensa per il SUEM 118 dell\u2019ULSS Dolomiti, intervenuto in tre incidenti sulle piste da sci tra Marmolada e Arabba nel corso delle ultime 24 ore. Il primo intervento si \u00e8 verificato alle 11:11 sulla Marmolada, dove un uomo di 51 anni, residente in Lituania, ha riportato un trauma cranico e alla colonna vertebrale. La gravit\u00e0 delle sue condizioni ha richiesto l\u2019intervento dell\u2019elicottero &#8220;Falco&#8221; per il trasporto d\u2019urgenza all\u2019ospedale di Belluno. Un altro episodio si \u00e8 registrato a mezzogiorno ad Arabba (pista del Padon che scende a Fedaia) dove un giovane sciatore danese, minorenne, ha riportato un trauma dorso-lombare. Anche in questo caso \u00e8 stato necessario l\u2019intervento dell\u2019elicottero &#8220;Aiut-Alpin&#8221; per il trasferimento a Belluno. Infine, alle 16:00, nuovamente sulla Marmolada, un altro sciatore minorenne ha subito un trauma cranico-facciale. Anche per lui si \u00e8 reso necessario l\u2019intervento dell\u2019elicottero &#8220;Falco&#8221;, con destinazione l\u2019ospedale di Belluno. In totale sono 16 gli interventi del SUEM sulle piste dei comprensori sciistici bellunesi.<\/p>\n<p>&nbsp;<\/p>\n<p>&nbsp;<\/p>\n<hr \/>\n<p>&nbsp;<\/p>\n<blockquote>\n<h3 data-start=\"0\" data-end=\"61\"><strong data-start=\"4\" data-end=\"59\"><a class=\"dt-pswp-item\" href=\"https:\/\/www.radiopiu.net\/wordpress\/wp-content\/uploads\/2025\/02\/download-5.jpg\" data-dt-img-description=\"\" data-large_image_width=\"272\" data-large_image_height=\"185\"><img loading=\"lazy\" decoding=\"async\" class=\"wp-image-435246 alignleft\" src=\"https:\/\/www.radiopiu.net\/wordpress\/wp-content\/uploads\/2025\/02\/download-5.jpg\" alt=\"\" width=\"171\" height=\"116\" \/><\/a>Tentato omicidio: Ornella Gasperin resta in carcere<\/strong><\/h3>\n<\/blockquote>\n<p data-start=\"63\" data-end=\"377\" data-is-last-node=\"\"><strong>BELLUNO<\/strong> L\u2019accusa per Ornella Gasperin rimane tentato omicidio: avrebbe cercato di soffocare Giovanni Casol con un cuscino, colpendolo poi con forbici da sarta. Le ferite sono superficiali, ma la prognosi potrebbe allungarsi.<\/p>\n<blockquote>\n<p data-start=\"63\" data-end=\"377\" data-is-last-node=\"\">\n<\/blockquote>\n<hr \/>\n<blockquote>\n<h2 data-start=\"63\" data-end=\"377\">Fuga di gas all\u2019Hotel Orso Grigio: evacuazione precauzionale, ma era un falso allarme<\/h2>\n<\/blockquote>\n<p data-start=\"97\" data-end=\"496\"><strong data-start=\"97\" data-end=\"116\"><a class=\"dt-pswp-item\" href=\"https:\/\/www.radiopiu.net\/wordpress\/wp-content\/uploads\/2025\/02\/Senza-nome-52.png\" data-dt-img-description=\"\" data-large_image_width=\"810\" data-large_image_height=\"369\"><img loading=\"lazy\" decoding=\"async\" class=\"size-medium wp-image-435253 alignleft\" src=\"https:\/\/www.radiopiu.net\/wordpress\/wp-content\/uploads\/2025\/02\/Senza-nome-52-300x137.png\" alt=\"\" width=\"300\" height=\"137\" srcset=\"https:\/\/www.radiopiu.net\/wordpress\/wp-content\/uploads\/2025\/02\/Senza-nome-52-300x137.png 300w, https:\/\/www.radiopiu.net\/wordpress\/wp-content\/uploads\/2025\/02\/Senza-nome-52-768x350.png 768w, https:\/\/www.radiopiu.net\/wordpress\/wp-content\/uploads\/2025\/02\/Senza-nome-52.png 810w\" sizes=\"auto, (max-width: 300px) 100vw, 300px\" \/><\/a>SELVA DI CADORE<\/strong> \u2013 Momenti di tensione per un gruppo di turisti alloggiati in Hotel a Selva di Cadore, a causa di una sospetta fuga di gas che ha portato all\u2019evacuazione dell\u2019edificio. L\u2019episodio \u00e8 avvenuto poco dopo l\u2019ora di pranzo, quando la gestione dell\u2019albergo ha invitato gli ospiti a spostarsi all\u2019esterno e ha immediatamente allertato i vigili del fuoco di Agordo. Dopo accurate verifiche nei locali, non \u00e8 stata rilevata alcuna fuga di gas combustibile. L\u2019ipotesi pi\u00f9 probabile \u00e8 che si sia trattato di una fuoriuscita di sostanze odoranti che hanno generato l\u2019allarme. L\u2019evacuazione, avvenuta senza panico, non ha causato problemi agli ospiti<\/p>\n<blockquote>\n<p data-start=\"97\" data-end=\"496\">\n<\/blockquote>\n<hr \/>\n<h3 data-start=\"0\" data-end=\"53\"><strong data-start=\"4\" data-end=\"51\"><a href=\"https:\/\/www.radiopiu.net\/wordpress\/wp-content\/uploads\/2025\/02\/16a0522f-8f62-497e-b1b2-c81da61be442.webp\"><img loading=\"lazy\" decoding=\"async\" class=\"wp-image-435259 alignleft\" src=\"https:\/\/www.radiopiu.net\/wordpress\/wp-content\/uploads\/2025\/02\/16a0522f-8f62-497e-b1b2-c81da61be442-300x300.webp\" alt=\"\" width=\"171\" height=\"171\" srcset=\"https:\/\/www.radiopiu.net\/wordpress\/wp-content\/uploads\/2025\/02\/16a0522f-8f62-497e-b1b2-c81da61be442-300x300.webp 300w, https:\/\/www.radiopiu.net\/wordpress\/wp-content\/uploads\/2025\/02\/16a0522f-8f62-497e-b1b2-c81da61be442-150x150.webp 150w, https:\/\/www.radiopiu.net\/wordpress\/wp-content\/uploads\/2025\/02\/16a0522f-8f62-497e-b1b2-c81da61be442-768x768.webp 768w, https:\/\/www.radiopiu.net\/wordpress\/wp-content\/uploads\/2025\/02\/16a0522f-8f62-497e-b1b2-c81da61be442.webp 1024w\" sizes=\"auto, (max-width: 171px) 100vw, 171px\" \/><\/a>La Giudiziaria Oggi sul Corriere delle Alpi<\/strong><\/h3>\n<p><span style=\"color: #ff0000;\">DI GIGI SOSSO<\/span><\/p>\n<ul data-start=\"55\" data-end=\"492\" data-is-last-node=\"\">\n<li data-start=\"55\" data-end=\"257\"><strong data-start=\"57\" data-end=\"113\">Condannato per stalking, prosciolto per diffamazione<\/strong>: Un uomo di Belluno condannato a un anno e sei mesi per stalking ai danni della moglie. Assolto per diffamazione per querela tardiva.<\/li>\n<li data-start=\"258\" data-end=\"391\"><strong data-start=\"260\" data-end=\"301\">Ruba portafoglio e calzini: arrestato<\/strong>: Un 41enne bellunese \u00e8 stato fermato a Montebelluna dopo un furto segnalato da un vicino.<\/li>\n<li data-start=\"392\" data-end=\"492\" data-is-last-node=\"\"><strong data-start=\"394\" data-end=\"418\">Assolta per stalking<\/strong>: Una feltrina d\u2019adozione prosciolta perch\u00e9 il reato non sussiste.<\/li>\n<\/ul>\n<p>&nbsp;<\/p>\n<hr \/>\n<p>&nbsp;<\/p>\n<blockquote>\n<h2 class=\"_title post-title entry-title\">LONGARONE | CATERINA CARRER, UNA TREVIGIANA ALLA GUIDA DI LONGARONE FIERE<\/h2>\n<\/blockquote>\n<p>Intervistati CATERINA CARRER ( Presidente Longarone fiere), On. LUCA DE CARLO (Presidente commissione agricoltura in Senato) (Servizio di\u00a0<a href=\"https:\/\/antennatre.medianordest.it\/redazione\/Lucio-Zanato\/\">Lucio Zanato<\/a>)<\/p>\n<p><iframe loading=\"lazy\" title=\"CATERINA CARRER, UNA TREVIGIANA ALLA GUIDA DI LONGARONE FIERE | 16\/02\/2025\" width=\"1200\" height=\"675\" src=\"https:\/\/www.youtube.com\/embed\/lYkjs33D7Kc?feature=oembed\" frameborder=\"0\" allow=\"accelerometer; autoplay; clipboard-write; encrypted-media; gyroscope; picture-in-picture; web-share\" referrerpolicy=\"strict-origin-when-cross-origin\" allowfullscreen><\/iframe><\/p>\n<p>&nbsp;<\/p>\n<hr \/>\n<p>&nbsp;<\/p>\n<blockquote>\n<h2 data-start=\"0\" data-end=\"66\"><strong data-start=\"0\" data-end=\"64\">Illeciti ambientali: formazione per i Carabinieri del Veneto<\/strong><\/h2>\n<\/blockquote>\n<p data-start=\"68\" data-end=\"492\"><strong><a class=\"dt-pswp-item\" href=\"https:\/\/www.radiopiu.net\/wordpress\/wp-content\/uploads\/2025\/02\/CARABINIERI.jpg\" data-dt-img-description=\"\" data-large_image_width=\"1445\" data-large_image_height=\"865\"><img loading=\"lazy\" decoding=\"async\" class=\" wp-image-435121 alignleft\" src=\"https:\/\/www.radiopiu.net\/wordpress\/wp-content\/uploads\/2025\/02\/CARABINIERI-300x180.jpg\" alt=\"\" width=\"288\" height=\"173\" srcset=\"https:\/\/www.radiopiu.net\/wordpress\/wp-content\/uploads\/2025\/02\/CARABINIERI-300x180.jpg 300w, https:\/\/www.radiopiu.net\/wordpress\/wp-content\/uploads\/2025\/02\/CARABINIERI-1024x613.jpg 1024w, https:\/\/www.radiopiu.net\/wordpress\/wp-content\/uploads\/2025\/02\/CARABINIERI-768x460.jpg 768w, https:\/\/www.radiopiu.net\/wordpress\/wp-content\/uploads\/2025\/02\/CARABINIERI.jpg 1445w\" sizes=\"auto, (max-width: 288px) 100vw, 288px\" \/><\/a>VENEZIA<\/strong> Il Comando Carabinieri per la Tutela Ambientale e la Sicurezza Energetica di Venezia, in collaborazione con Arpav, ha avviato un ciclo di otto incontri formativi rivolti ai Carabinieri del Comando Legione Carabinieri \u201cVeneto\u201d. L\u2019iniziativa mira a rafforzare le competenze in materia di illeciti ambientali, affrontando tematiche come inquinamento, traffico di rifiuti e distruzione di habitat naturali. Esperti di Arpav e dell\u2019Arma forniranno conoscenze pratiche sulla normativa e sulle tecniche investigative. Loris Tomiato (Arpav) e Ten. Col. Enrico Risottino (Carabinieri) evidenziano l&#8217;importanza della cooperazione istituzionale per una migliore tutela dell\u2019ambiente.<\/p>\n<p>&nbsp;<\/p>\n<hr \/>\n<p>&nbsp;<\/p>\n<h1>LAVORI A VILLA SAN GIUSEPPE<\/h1>\n<blockquote><p><img decoding=\"async\" class=\"alignleft\" src=\"https:\/\/www.radiopiu.net\/wordpress\/wp-content\/uploads\/2024\/08\/th-2.jpg\" \/>LIVINALLONGO<\/p>\n<p>DI LORENZO SORATROI<\/p><\/blockquote>\n<p>&nbsp;<\/p>\n<audio class=\"wp-audio-shortcode\" id=\"audio-434956-7\" preload=\"none\" style=\"width: 100%;\" controls=\"controls\"><source type=\"audio\/mpeg\" src=\"https:\/\/www.radiopiu.net\/wordpress\/wp-content\/uploads\/2025\/02\/WhatsApp-Ptt-2025-02-18-at-07.20.38.mp3?_=7\" \/><a href=\"https:\/\/www.radiopiu.net\/wordpress\/wp-content\/uploads\/2025\/02\/WhatsApp-Ptt-2025-02-18-at-07.20.38.mp3\">https:\/\/www.radiopiu.net\/wordpress\/wp-content\/uploads\/2025\/02\/WhatsApp-Ptt-2025-02-18-at-07.20.38.mp3<\/a><\/audio>\n<p>&nbsp;<\/p>\n<p>&nbsp;<\/p>\n<p>&nbsp;<\/p>\n<hr \/>\n<p>&nbsp;<\/p>\n<blockquote>\n<h3 data-start=\"0\" data-end=\"80\"><strong data-start=\"0\" data-end=\"78\">Limana: Oltre Limana chiede chiarezza sulla gestione dell\u2019evento natalizio<\/strong><\/h3>\n<\/blockquote>\n<p data-start=\"82\" data-end=\"399\"><strong><a class=\"dt-pswp-item\" href=\"https:\/\/www.radiopiu.net\/wordpress\/wp-content\/uploads\/2025\/02\/Senza-nome-49.png\" data-dt-img-description=\"\" data-large_image_width=\"173\" data-large_image_height=\"138\"><img loading=\"lazy\" decoding=\"async\" class=\"size-full wp-image-435111 alignleft\" src=\"https:\/\/www.radiopiu.net\/wordpress\/wp-content\/uploads\/2025\/02\/Senza-nome-49.png\" alt=\"\" width=\"173\" height=\"138\" \/><\/a>LIMANA<\/strong> Il gruppo consiliare Oltre Limana ha presentato un\u2019interrogazione al Sindaco per chiarire la gestione dell\u2019evento \u201cLuci di Natale a Limana\u201d. Perplessit\u00e0 emergono sulla raccolta fondi tramite la Pro Loco senza una delibera ufficiale e sulla trasparenza delle spese e degli sponsor. Critiche anche per la scelta di promuovere un\u2019iniziativa natalizia mentre, a gennaio, aumentavano le rette della Casa di Riposo. Oltre Limana chiede maggiore trasparenza e attenzione alle reali priorit\u00e0 della comunit\u00e0.<\/p>\n<p>&nbsp;<\/p>\n<p>&nbsp;<\/p>\n<hr \/>\n<blockquote>\n<h3><\/h3>\n<h3>Technowrapp ottiene la certificazione di parit\u00e0 di genere: un traguardo di inclusione e crescita<\/h3>\n<\/blockquote>\n<p data-start=\"102\" data-end=\"587\"><a class=\"dt-pswp-item\" href=\"https:\/\/www.radiopiu.net\/wordpress\/wp-content\/uploads\/2025\/02\/image002.jpg\" data-dt-img-description=\"\" data-large_image_width=\"296\" data-large_image_height=\"296\"><img loading=\"lazy\" decoding=\"async\" class=\" wp-image-435102 alignleft\" src=\"https:\/\/www.radiopiu.net\/wordpress\/wp-content\/uploads\/2025\/02\/image002.jpg\" alt=\"\" width=\"160\" height=\"160\" srcset=\"https:\/\/www.radiopiu.net\/wordpress\/wp-content\/uploads\/2025\/02\/image002.jpg 296w, https:\/\/www.radiopiu.net\/wordpress\/wp-content\/uploads\/2025\/02\/image002-150x150.jpg 150w\" sizes=\"auto, (max-width: 160px) 100vw, 160px\" \/><\/a>Technowrapp, azienda di Fonzaso leader nel settore del packaging e automazione industriale, ha recentemente ottenuto la certificazione di parit\u00e0 di genere, diventando una delle prime realt\u00e0 nel settore a conseguirla a livello locale e nazionale. Questo nuovo obiettivo si inserisce in un percorso di responsabilit\u00e0 sociale avviato dall&#8217;Amministratore delegato Davide Ceccarelli, che sottolinea come lo sviluppo dell&#8217;azienda debba sempre andare di pari passo con l&#8217;inclusione effettiva.<\/p>\n<p data-start=\"589\" data-end=\"953\"><a class=\"dt-pswp-item\" href=\"https:\/\/www.radiopiu.net\/wordpress\/wp-content\/uploads\/2025\/02\/download-4.jpg\" data-dt-img-description=\"\" data-large_image_width=\"228\" data-large_image_height=\"221\"><img loading=\"lazy\" decoding=\"async\" class=\"size-full wp-image-435103 alignright\" src=\"https:\/\/www.radiopiu.net\/wordpress\/wp-content\/uploads\/2025\/02\/download-4.jpg\" alt=\"\" width=\"228\" height=\"221\" \/><\/a>Gi\u00e0 certificata B Corp nel 2022 e Societ\u00e0 Benefit nel 2023, Technowrapp conferma il suo impegno verso la sostenibilit\u00e0 ambientale e sociale. Ceccarelli spiega che il concetto di \u201cListenability\u201d \u2013 l\u2019ascolto attivo delle esigenze di collaboratori, clienti e territorio \u2013 ha guidato la crescita dell&#8217;azienda, consolidando relazioni collaborative e progetti su misura.<\/p>\n<p data-start=\"955\" data-end=\"1258\" data-is-last-node=\"\">La certificazione di parit\u00e0 di genere, in linea con le politiche del PNRR, rappresenta un passo importante per promuovere una maggiore inclusione delle donne nel mercato del lavoro. Ceccarelli sottolinea che un team diversificato e inclusivo \u00e8 fondamentale per generare soluzioni creative e performanti.<\/p>\n<p>Foto: Davide Ceccarelli \u2013 AD Technowrapp<\/p>\n<p>&nbsp;<\/p>\n<hr \/>\n<p>&nbsp;<\/p>\n<blockquote>\n<h3>GLI ALPINI SCENDONO IN PISTA PER GARANTIRE LA SICUREZZA SUL COMPRENSORIO DEL NEVEGAL<\/h3>\n<\/blockquote>\n<p><strong><a class=\"dt-pswp-item\" href=\"https:\/\/www.radiopiu.net\/wordpress\/wp-content\/uploads\/2025\/02\/5b8ddf83-8c97-4581-aa04-bc7d1fdc0b83-scaled.jpg\" data-dt-img-description=\"\" data-large_image_width=\"2560\" data-large_image_height=\"1920\"><img loading=\"lazy\" decoding=\"async\" class=\" wp-image-435216 alignleft\" src=\"https:\/\/www.radiopiu.net\/wordpress\/wp-content\/uploads\/2025\/02\/5b8ddf83-8c97-4581-aa04-bc7d1fdc0b83-300x225.jpg\" alt=\"\" width=\"183\" height=\"137\" srcset=\"https:\/\/www.radiopiu.net\/wordpress\/wp-content\/uploads\/2025\/02\/5b8ddf83-8c97-4581-aa04-bc7d1fdc0b83-300x225.jpg 300w, https:\/\/www.radiopiu.net\/wordpress\/wp-content\/uploads\/2025\/02\/5b8ddf83-8c97-4581-aa04-bc7d1fdc0b83-1024x768.jpg 1024w, https:\/\/www.radiopiu.net\/wordpress\/wp-content\/uploads\/2025\/02\/5b8ddf83-8c97-4581-aa04-bc7d1fdc0b83-768x576.jpg 768w, https:\/\/www.radiopiu.net\/wordpress\/wp-content\/uploads\/2025\/02\/5b8ddf83-8c97-4581-aa04-bc7d1fdc0b83-1536x1152.jpg 1536w, https:\/\/www.radiopiu.net\/wordpress\/wp-content\/uploads\/2025\/02\/5b8ddf83-8c97-4581-aa04-bc7d1fdc0b83-2048x1536.jpg 2048w\" sizes=\"auto, (max-width: 183px) 100vw, 183px\" \/><\/a>BELLUNO<\/strong> Scendono in pista anche gli alpini per garantire la sicurezza degli sciatori in Neveg\u00e0l: gli uomini del Settimo Reggimento Alpini si affiancano cos\u00ec ai carabinieri, agli infermieri e ai volontari per innalzare la qualit\u00e0 del servizio sul Colle.<\/p>\n<p>&nbsp;<\/p>\n<p>&nbsp;<\/p>\n<p><strong>DI DANIELE DALVIT<\/strong><\/p>\n<audio class=\"wp-audio-shortcode\" id=\"audio-434956-8\" preload=\"none\" style=\"width: 100%;\" controls=\"controls\"><source type=\"audio\/mpeg\" src=\"https:\/\/www.radiopiu.net\/wordpress\/wp-content\/uploads\/2025\/02\/Servizio-Alpini-sicurezza-e-Nevegal.mp3?_=8\" \/><a href=\"https:\/\/www.radiopiu.net\/wordpress\/wp-content\/uploads\/2025\/02\/Servizio-Alpini-sicurezza-e-Nevegal.mp3\">https:\/\/www.radiopiu.net\/wordpress\/wp-content\/uploads\/2025\/02\/Servizio-Alpini-sicurezza-e-Nevegal.mp3<\/a><\/audio>\n<p>&nbsp;<\/p>\n<p data-start=\"1303\" data-end=\"1570\"><strong>Lorenzo Baldanello We love Nevegal\u00a0<\/strong><\/p>\n<audio class=\"wp-audio-shortcode\" id=\"audio-434956-9\" preload=\"none\" style=\"width: 100%;\" controls=\"controls\"><source type=\"audio\/mpeg\" src=\"https:\/\/www.radiopiu.net\/wordpress\/wp-content\/uploads\/2025\/02\/Lorenzo-Baldanello-We-love-Nevegal-1.mp3?_=9\" \/><a href=\"https:\/\/www.radiopiu.net\/wordpress\/wp-content\/uploads\/2025\/02\/Lorenzo-Baldanello-We-love-Nevegal-1.mp3\">https:\/\/www.radiopiu.net\/wordpress\/wp-content\/uploads\/2025\/02\/Lorenzo-Baldanello-We-love-Nevegal-1.mp3<\/a><\/audio>\n<p>&nbsp;<\/p>\n<p><strong>Cte Reggimento &#8211; Col. Francesco Andrea Schifeo-1<\/strong><\/p>\n<audio class=\"wp-audio-shortcode\" id=\"audio-434956-10\" preload=\"none\" style=\"width: 100%;\" controls=\"controls\"><source type=\"audio\/mpeg\" src=\"https:\/\/www.radiopiu.net\/wordpress\/wp-content\/uploads\/2025\/02\/Cte-Reggimento-Col.-Francesco-Andrea-Schifeo-1-1.mp3?_=10\" \/><a href=\"https:\/\/www.radiopiu.net\/wordpress\/wp-content\/uploads\/2025\/02\/Cte-Reggimento-Col.-Francesco-Andrea-Schifeo-1-1.mp3\">https:\/\/www.radiopiu.net\/wordpress\/wp-content\/uploads\/2025\/02\/Cte-Reggimento-Col.-Francesco-Andrea-Schifeo-1-1.mp3<\/a><\/audio>\n<p>&nbsp;<\/p>\n<p><strong>Vice sindaco Paolo Gamba<\/strong><\/p>\n<audio class=\"wp-audio-shortcode\" id=\"audio-434956-11\" preload=\"none\" style=\"width: 100%;\" controls=\"controls\"><source type=\"audio\/mpeg\" src=\"https:\/\/www.radiopiu.net\/wordpress\/wp-content\/uploads\/2025\/02\/Vice-sindaco-Paolo-Gamba.m4a?_=11\" \/><a href=\"https:\/\/www.radiopiu.net\/wordpress\/wp-content\/uploads\/2025\/02\/Vice-sindaco-Paolo-Gamba.m4a\">https:\/\/www.radiopiu.net\/wordpress\/wp-content\/uploads\/2025\/02\/Vice-sindaco-Paolo-Gamba.m4a<\/a><\/audio>\n<p>&nbsp;<\/p>\n<p>&nbsp;<\/p>\n<p>&nbsp;<\/p>\n<hr \/>\n<p>&nbsp;<\/p>\n<blockquote>\n<h3>Gli Alpini di La Valle celebrano Renato Mezzacasa per i suoi 90 anni<\/h3>\n<\/blockquote>\n<p><strong>LA VALLE<\/strong><\/p>\n<p data-start=\"76\" data-end=\"432\"><a class=\"dt-pswp-item\" href=\"https:\/\/www.radiopiu.net\/wordpress\/wp-content\/uploads\/2025\/02\/480331187_9940630862617802_9101258695009637049_n.jpg\" data-dt-img-description=\"\" data-large_image_width=\"600\" data-large_image_height=\"450\"><img loading=\"lazy\" decoding=\"async\" class=\"size-medium wp-image-435107 alignleft\" src=\"https:\/\/www.radiopiu.net\/wordpress\/wp-content\/uploads\/2025\/02\/480331187_9940630862617802_9101258695009637049_n-300x225.jpg\" alt=\"\" width=\"300\" height=\"225\" srcset=\"https:\/\/www.radiopiu.net\/wordpress\/wp-content\/uploads\/2025\/02\/480331187_9940630862617802_9101258695009637049_n-300x225.jpg 300w, https:\/\/www.radiopiu.net\/wordpress\/wp-content\/uploads\/2025\/02\/480331187_9940630862617802_9101258695009637049_n.jpg 600w\" sizes=\"auto, (max-width: 300px) 100vw, 300px\" \/><\/a>Il 15 febbraio 2025, gli Alpini di La Valle hanno reso omaggio a Renato Mezzacasa, socio benemerito del Gruppo, in occasione del suo 90\u00b0 compleanno. Un evento che ha unito la comunit\u00e0 e gli amici di lunga data di Renato, celebrando non solo il traguardo anagrafico, ma anche l\u2019impegno e la dedizione che Mezzacasa ha sempre dimostrato nel corso degli anni.<\/p>\n<p data-start=\"434\" data-end=\"786\"><a class=\"dt-pswp-item\" href=\"https:\/\/www.radiopiu.net\/wordpress\/wp-content\/uploads\/2025\/02\/home-sito.png\" data-dt-img-description=\"\" data-large_image_width=\"465\" data-large_image_height=\"271\"><img loading=\"lazy\" decoding=\"async\" class=\"size-medium wp-image-435106 alignright\" src=\"https:\/\/www.radiopiu.net\/wordpress\/wp-content\/uploads\/2025\/02\/home-sito-300x175.png\" alt=\"\" width=\"300\" height=\"175\" srcset=\"https:\/\/www.radiopiu.net\/wordpress\/wp-content\/uploads\/2025\/02\/home-sito-300x175.png 300w, https:\/\/www.radiopiu.net\/wordpress\/wp-content\/uploads\/2025\/02\/home-sito.png 465w\" sizes=\"auto, (max-width: 300px) 100vw, 300px\" \/><\/a>La festa si \u00e8 svolta in un clima di grande affetto e riconoscimento, con la partecipazione attiva degli altri membri del Gruppo Alpini, che hanno sottolineato il ruolo fondamentale che Renato ha ricoperto all&#8217;interno della storica associazione. Con il suo impegno e spirito di servizio, Mezzacasa \u00e8 stato sempre un punto di riferimento per la comunit\u00e0.<\/p>\n<p data-start=\"788\" data-end=\"1038\" data-is-last-node=\"\">Un compleanno speciale, quindi, per un uomo che ha rappresentato con orgoglio i valori dell\u2019associazionismo e della solidariet\u00e0. Gli Alpini di La Valle hanno dimostrato, ancora una volta, quanto sia importante onorare e celebrare i propri benemeriti.<\/p>\n<p>&nbsp;<\/p>\n<hr \/>\n<p>&nbsp;<\/p>\n<blockquote>\n<h3>AUMENTO DEI CANONI IDRICI: LA PROVINCIA ATTENDE 16 MILIONI DI EURO PER IL 2023<\/h3>\n<p><em>La Provincia ha gi\u00e0 richiesto la quota fissa, ma \u00e8 in corso un contenzioso legale. Se la disputa si risolvesse a favore della Provincia, i fondi sarebbero destinati a infrastrutture, difesa del suolo e prevenzione del dissesto idrogeologico.<\/em><\/p><\/blockquote>\n<p><strong>DI BARBARA PAOLAZZI<\/strong><\/p>\n<audio class=\"wp-audio-shortcode\" id=\"audio-434956-12\" preload=\"none\" style=\"width: 100%;\" controls=\"controls\"><source type=\"audio\/mpeg\" src=\"https:\/\/www.radiopiu.net\/wordpress\/wp-content\/uploads\/2025\/02\/PAOLAZZI-CANONI-IDRICI-CON-BORTOLUZZI.mp3?_=12\" \/><a href=\"https:\/\/www.radiopiu.net\/wordpress\/wp-content\/uploads\/2025\/02\/PAOLAZZI-CANONI-IDRICI-CON-BORTOLUZZI.mp3\">https:\/\/www.radiopiu.net\/wordpress\/wp-content\/uploads\/2025\/02\/PAOLAZZI-CANONI-IDRICI-CON-BORTOLUZZI.mp3<\/a><\/audio>\n<p>&nbsp;<\/p>\n<p><strong><a class=\"dt-pswp-item\" href=\"https:\/\/www.radiopiu.net\/wordpress\/wp-content\/uploads\/2020\/06\/palazzo_piloni_belluno.jpg\" data-dt-img-description=\"\" data-large_image_width=\"1000\" data-large_image_height=\"667\"><img loading=\"lazy\" decoding=\"async\" class=\" wp-image-144771 alignleft\" src=\"https:\/\/www.radiopiu.net\/wordpress\/wp-content\/uploads\/2020\/06\/palazzo_piloni_belluno-300x200.jpg\" alt=\"\" width=\"198\" height=\"132\" srcset=\"https:\/\/www.radiopiu.net\/wordpress\/wp-content\/uploads\/2020\/06\/palazzo_piloni_belluno-300x200.jpg 300w, https:\/\/www.radiopiu.net\/wordpress\/wp-content\/uploads\/2020\/06\/palazzo_piloni_belluno-768x512.jpg 768w, https:\/\/www.radiopiu.net\/wordpress\/wp-content\/uploads\/2020\/06\/palazzo_piloni_belluno.jpg 1000w\" sizes=\"auto, (max-width: 198px) 100vw, 198px\" \/><\/a>BELLUNO<\/strong> La Provincia di Belluno attende quasi 16 milioni di euro dai grandi produttori idroelettrici per il 2023, grazie all\u2019aumento dei canoni idrici stabilito dalla legge regionale 24\/2022 e dalla Dgr 889\/2023. I canoni comprendono una quota fissa, aumentata a 40 euro per kW prodotto, e una variabile pari al 5% del fatturato dei concessionari (6% dal 2024). Tuttavia, Enel e altri produttori hanno impugnato l\u2019aumento, bloccando i pagamenti.<\/p>\n<p>&nbsp;<\/p>\n<p>&nbsp;<\/p>\n<hr \/>\n<p>&nbsp;<\/p>\n<p><strong>OSSERVATORIO POLITICO<\/strong><\/p>\n<blockquote>\n<h3>L&#8217;INTERVENTO, DI GIANPAOLO BOTTACIN<\/h3>\n<\/blockquote>\n<p><a class=\"dt-pswp-item\" href=\"https:\/\/www.radiopiu.net\/wordpress\/wp-content\/uploads\/2023\/11\/BOTTACIN.png\" data-dt-img-description=\"\" data-large_image_width=\"591\" data-large_image_height=\"400\"><img loading=\"lazy\" decoding=\"async\" class=\"size-medium wp-image-362309 alignleft\" src=\"https:\/\/www.radiopiu.net\/wordpress\/wp-content\/uploads\/2023\/11\/BOTTACIN-300x203.png\" alt=\"\" width=\"300\" height=\"203\" srcset=\"https:\/\/www.radiopiu.net\/wordpress\/wp-content\/uploads\/2023\/11\/BOTTACIN-300x203.png 300w, https:\/\/www.radiopiu.net\/wordpress\/wp-content\/uploads\/2023\/11\/BOTTACIN.png 591w\" sizes=\"auto, (max-width: 300px) 100vw, 300px\" \/><\/a>&#8220;Fa piacere che finalmente la Provincia si sia attivata a fianco della Regione come ho sempre chiesto nel contenzioso con i grandi concessionari idroelettrici. E fa altrettanto piacere che la Provincia riconosca il valore della legge regionale 24 del 2022 e della mia relativa delibera di giunta. Per l&#8217;ente Provincia rappresentano infatti un notevole incremento di entrate che poi ricadranno sul territorio sotto forma di servizi. Se a questo si aggiunge l&#8217;altra mia legge, la 27 del 2020 che impone ai concessionari di trasferire una percentuale del fatturato, va ricordato che stiamo parlando di decine di milioni di euro che verranno incassati dall&#8217;ente Provincia. Una vera e propria rivoluzione per la Provincia e per tutto il territorio bellunese. Oggi, grazie all'&#8221;emendamento Giorgetti&#8221; e alle mie due leggi regionali possiamo dire di avere lo stesso grado di autonomia del Trentino nell&#8217;ambito dell&#8217;idroelettrico. Autonomia concreta e realizzata&#8221;<\/p>\n<p>&nbsp;<\/p>\n<p>&nbsp;<\/p>\n<hr \/>\n<h3><span style=\"color: #ff0000;\">\u00a0<\/span><\/h3>\n<blockquote>\n<h3>CRISI DELLA SANITA&#8217; IN PROVINCIA DI BELLUNO<\/h3>\n<\/blockquote>\n<p><strong>FELTRE<\/strong> Nella provincia di Belluno, la sanit\u00e0 pubblica, in particolare la salute mentale, \u00e8 in forte crisi. Le decisioni sembrano orientate esclusivamente verso le Olimpiadi invernali Milano-Cortina, penalizzando servizi essenziali. Dopo tre anni di sospensione del reparto di psichiatria a Feltre, la mancanza di medici e primario persiste. Per sopperire alle carenze, il personale rimasto \u00e8 sovraccaricato di responsabilit\u00e0, come se avesse &#8220;super poteri&#8221;. La situazione \u00e8 drammatica in tutta la provincia, mentre il bisogno di specialisti cresce, soprattutto per i giovani. L&#8217;associazione &#8220;Gi\u00f9 le mani dalla sanit\u00e0 bellunese&#8221; protesta, chiedendo finanziamenti adeguati e personale, non poliziotti. La sanit\u00e0 pubblica deve essere accessibile a tutti, senza privilegi, ma con il rispetto dei diritti fondamentali.<\/p>\n<p>&nbsp;<\/p>\n<p>&nbsp;<\/p>\n<hr \/>\n<p>&nbsp;<\/p>\n<h2><span style=\"color: #ff0000;\">CONSIGLI COMUNALI IN AGORDINO, IL COMUNE DI ROCCA PIETORE ESTROMESSO DALL&#8217;ISTITU CULTURAL CESA DE JAN<\/span><\/h2>\n<p><strong>ROCCA PIETORE<\/strong> Consiglio comunale domani alle 20. Tra i punti in discussione lo scioglimento consensuale della convenzione con il comune di Livinallongo per la gestione associata dell&#8217;ufficio di segretario comunale, l&#8217;approvazione dello schema di contratto con ASCA, una variazione a bilancio e <strong>l&#8217;estromissione del comune di Rocca Pietore dall&#8217;Istituto Culturale ladino Cesa de Jan<\/strong><\/p>\n<blockquote>\n<p data-start=\"64\" data-end=\"408\"><em><a class=\"dt-pswp-item\" href=\"https:\/\/www.radiopiu.net\/wordpress\/wp-content\/uploads\/2019\/03\/icona-cesadejan-1.jpg\" data-dt-img-description=\"\" data-large_image_width=\"500\" data-large_image_height=\"500\"><img loading=\"lazy\" decoding=\"async\" class=\"wp-image-78198 alignleft\" src=\"https:\/\/www.radiopiu.net\/wordpress\/wp-content\/uploads\/2019\/03\/icona-cesadejan-1-300x300.jpg\" alt=\"\" width=\"164\" height=\"164\" srcset=\"https:\/\/www.radiopiu.net\/wordpress\/wp-content\/uploads\/2019\/03\/icona-cesadejan-1-300x300.jpg 300w, https:\/\/www.radiopiu.net\/wordpress\/wp-content\/uploads\/2019\/03\/icona-cesadejan-1-150x150.jpg 150w, https:\/\/www.radiopiu.net\/wordpress\/wp-content\/uploads\/2019\/03\/icona-cesadejan-1.jpg 500w\" sizes=\"auto, (max-width: 164px) 100vw, 164px\" \/><\/a>Il Comune di Rocca Pietore \u00e8 stato escluso dall\u2019Istituto Ladino &#8220;Cesa de Jan&#8221; per il mancato pagamento della quota annuale. La decisione, presa dal Consiglio dell\u2019istituto, ha sollevato amarezza tra i rappresentanti locali, tra cui il sindaco Valerio Davare che ha sottolineato l\u2019importanza dell\u2019appartenenza culturale e tradizionale ladina. La &#8220;Cesa de Jan&#8221;, punto di riferimento per la cultura ladina provinciale, ha applicato il regolamento che prevede l\u2019esclusione in caso di mancato adempimento. L\u2019episodio evidenzia la necessit\u00e0 di sostenere le istituzioni culturali locali per preservare le tradizioni ladine.<\/em><\/p>\n<\/blockquote>\n<p><strong>LIVINALLONGO<\/strong> Consiglio comunale convocato dal Sindaco Oscar Nagler per oggi alle 20:30. Saranno 5 i punti da discutere tra cui lo scioglimento consensuale della convenzione con il comune di Rocca Pietore per la gestione associata dell&#8217;ufficio di segretario comunale, una variazione a bilancio, l&#8217;approvazione dello schema di contratto con ASCA e il mutamento temporaneo di destinazione di terreni comunali di uso civico in localit\u00e0 Freine &#8211; Cernadoi riguardanti il campo di calcio.<\/p>\n<p>&nbsp;<\/p>\n<p>&nbsp;<\/p>\n<hr \/>\n<p>&nbsp;<\/p>\n<blockquote>\n<h3><a class=\"dt-pswp-item\" href=\"https:\/\/www.radiopiu.net\/wordpress\/wp-content\/uploads\/2025\/02\/abbraccia-la-tua-liberta_feltre.jpg\" data-dt-img-description=\"\" data-large_image_width=\"1131\" data-large_image_height=\"1599\"><img loading=\"lazy\" decoding=\"async\" class=\" wp-image-435226 alignleft\" src=\"https:\/\/www.radiopiu.net\/wordpress\/wp-content\/uploads\/2025\/02\/abbraccia-la-tua-liberta_feltre-212x300.jpg\" alt=\"\" width=\"94\" height=\"133\" srcset=\"https:\/\/www.radiopiu.net\/wordpress\/wp-content\/uploads\/2025\/02\/abbraccia-la-tua-liberta_feltre-212x300.jpg 212w, https:\/\/www.radiopiu.net\/wordpress\/wp-content\/uploads\/2025\/02\/abbraccia-la-tua-liberta_feltre-724x1024.jpg 724w, https:\/\/www.radiopiu.net\/wordpress\/wp-content\/uploads\/2025\/02\/abbraccia-la-tua-liberta_feltre-768x1086.jpg 768w, https:\/\/www.radiopiu.net\/wordpress\/wp-content\/uploads\/2025\/02\/abbraccia-la-tua-liberta_feltre-1086x1536.jpg 1086w, https:\/\/www.radiopiu.net\/wordpress\/wp-content\/uploads\/2025\/02\/abbraccia-la-tua-liberta_feltre.jpg 1131w\" sizes=\"auto, (max-width: 94px) 100vw, 94px\" \/><\/a>UN INCONTRO PER PARLARE DI GIOCO D&#8217;AZZARDO<\/h3>\n<\/blockquote>\n<p><strong>FELTRE<\/strong> Il Dipartimento Dipendenze dell\u2019Ulss Dolomiti, in collaborazione con il Comune di Feltre, organizza un evento sulla prevenzione del gioco d\u2019azzardo patologico. L\u2019incontro si terr\u00e0 gioved\u00ec 20 febbraio 2025 alle 18.00 nella Sala Convegni dell\u2019Ospedale di Feltre e includer\u00e0 un adattamento teatrale de <em data-start=\"299\" data-end=\"313\">Il Giocatore<\/em> di Dostoevskij, a cura di Luca Mauceri. L\u2019ingresso \u00e8 libero fino a esaurimento posti. Inoltre, \u00e8 attivo un gruppo di autoaiuto per chi affronta problemi di gioco d\u2019azzardo, con incontri bisettimanali a Feltre. Per informazioni: 331 6780999 \/ <a rel=\"noopener\" data-start=\"556\" data-end=\"580\">serd.fe@aulss1.veneto.it<\/a>.<\/p>\n<p>&nbsp;<\/p>\n<p>&nbsp;<\/p>\n<hr \/>\n<p>&nbsp;<\/p>\n<blockquote>\n<h3>AL VIA BLOOMING:\u00a0 IL PROGETTO EUROPEO PER UN FUTURO SOSTENIBILE E INCLUSIVO<\/h3>\n<\/blockquote>\n<p><strong><a class=\"dt-pswp-item\" href=\"https:\/\/www.radiopiu.net\/wordpress\/wp-content\/uploads\/2025\/02\/471313418_985548060285789_6033643395037822649_n.jpg\" data-dt-img-description=\"\" data-large_image_width=\"2040\" data-large_image_height=\"1530\"><img loading=\"lazy\" decoding=\"async\" class=\" wp-image-435194 alignleft\" src=\"https:\/\/www.radiopiu.net\/wordpress\/wp-content\/uploads\/2025\/02\/471313418_985548060285789_6033643395037822649_n-300x225.jpg\" alt=\"\" width=\"183\" height=\"137\" srcset=\"https:\/\/www.radiopiu.net\/wordpress\/wp-content\/uploads\/2025\/02\/471313418_985548060285789_6033643395037822649_n-300x225.jpg 300w, https:\/\/www.radiopiu.net\/wordpress\/wp-content\/uploads\/2025\/02\/471313418_985548060285789_6033643395037822649_n-1024x768.jpg 1024w, https:\/\/www.radiopiu.net\/wordpress\/wp-content\/uploads\/2025\/02\/471313418_985548060285789_6033643395037822649_n-768x576.jpg 768w, https:\/\/www.radiopiu.net\/wordpress\/wp-content\/uploads\/2025\/02\/471313418_985548060285789_6033643395037822649_n-1536x1152.jpg 1536w, https:\/\/www.radiopiu.net\/wordpress\/wp-content\/uploads\/2025\/02\/471313418_985548060285789_6033643395037822649_n.jpg 2040w\" sizes=\"auto, (max-width: 183px) 100vw, 183px\" \/><\/a>FELTRE<\/strong> L&#8217;Associazione Sustainable Vibes APS lancia BLOOMING, un progetto sostenuto dall&#8217;Agenzia Italiana per la Giovent\u00f9 tramite il programma European Solidarity Corps. L&#8217;iniziativa promuove la sostenibilit\u00e0 ambientale e la coesione sociale, coinvolgendo i giovani in azioni concrete. Tra le attivit\u00e0 previste ci sono la piantumazione di alberi autoctoni, laboratori artistici e un festival di cortometraggi sulla sostenibilit\u00e0. Sono in programma anche workshop su economia circolare e cittadinanza attiva, oltre a momenti di volontariato collettivo. Il progetto ha una dimensione internazionale, con collaborazioni tra associazioni europee per favorire scambi culturali e buone pratiche. Nei prossimi mesi sono previsti scambi in Germania, Ungheria e Repubblica Ceca per discutere di sviluppo sostenibile e rigenerazione urbana. Gli organizzatori vogliono rendere i giovani protagonisti del cambiamento e creare una rete internazionale per la sostenibilit\u00e0. Per informazioni e iscrizioni: <a rel=\"noopener\" data-start=\"983\" data-end=\"1016\">sustainablevibesbelluno@gmail.com<\/a>.<\/p>\n<p>&nbsp;<\/p>\n<p>&nbsp;<\/p>\n<hr \/>\n<p>&nbsp;<\/p>\n<blockquote>\n<p data-start=\"0\" data-end=\"60\"><strong data-start=\"0\" data-end=\"58\"><a class=\"dt-pswp-item\" href=\"https:\/\/www.radiopiu.net\/wordpress\/wp-content\/uploads\/2025\/02\/Senza-nome-50.png\" data-dt-img-description=\"\" data-large_image_width=\"180\" data-large_image_height=\"222\"><img loading=\"lazy\" decoding=\"async\" class=\" wp-image-435124 alignleft\" src=\"https:\/\/www.radiopiu.net\/wordpress\/wp-content\/uploads\/2025\/02\/Senza-nome-50.png\" alt=\"\" width=\"119\" height=\"147\" \/><\/a>Longarone: corso gratuito per l\u2019uso del defibrillatore<\/strong><\/p>\n<\/blockquote>\n<p><strong>LONGARONE<\/strong> si terr\u00e0 a marzo un corso gratuito B.L.S.D. (Basic Life Support and Defibrillation) per insegnare l\u2019uso del defibrillatore semiautomatico esterno e le tecniche di rianimazione. L\u2019iniziativa, promossa dal Comune con la Pro Loco e altre associazioni, mira a formare cittadini in grado di gestire emergenze cardiache. Due defibrillatori sono gi\u00e0 presenti in paese, ma la conoscenza del loro utilizzo \u00e8 fondamentale. Iscrizioni entro il 9 marzo tramite la Pro Loco di Longarone.<\/p>\n<p>&nbsp;<\/p>\n<hr \/>\n<p>&nbsp;<\/p>\n<p><strong><a class=\"dt-pswp-item\" href=\"https:\/\/www.radiopiu.net\/wordpress\/wp-content\/uploads\/2024\/11\/AMICI-MINERARI.png\" data-dt-img-description=\"\" data-large_image_width=\"209\" data-large_image_height=\"174\"><img loading=\"lazy\" decoding=\"async\" class=\" wp-image-419180 alignleft\" src=\"https:\/\/www.radiopiu.net\/wordpress\/wp-content\/uploads\/2024\/11\/AMICI-MINERARI.png\" alt=\"\" width=\"168\" height=\"140\" \/><\/a>&#8220;Con gli Amici dei Minerari: Serate d&#8217;Inverno \u2013 un viaggio tra storia, scienza e meraviglie. Incontri presso la Sala con Tamis. Non mancare!&#8221;<\/strong><\/p>\n<ul>\n<li><em>Venerd\u00ec 21 febbraio, ore 20:30<\/em>: &#8220;Il traforo del Brennero: studio, progettazione e realizzazione&#8221; \u2013 Relatori Vittorio Fenti e Mario Guadagnini.<\/li>\n<\/ul>\n<p><strong>Vivi la cultura e la passione per la montagna!\u00a0<\/strong><\/p>\n<p>&nbsp;<\/p>\n<p>&nbsp;<\/p>\n<hr \/>\n<p>&nbsp;<\/p>\n<blockquote>\n<h2><a class=\"dt-pswp-item\" href=\"https:\/\/www.radiopiu.net\/wordpress\/wp-content\/uploads\/2024\/01\/Foto-Carnevale_0001-9-scaled.jpg\" data-dt-img-description=\"\" data-large_image_width=\"1825\" data-large_image_height=\"2560\"><img loading=\"lazy\" decoding=\"async\" class=\"wp-image-371954 alignleft\" src=\"https:\/\/www.radiopiu.net\/wordpress\/wp-content\/uploads\/2024\/01\/Foto-Carnevale_0001-9-214x300.jpg\" alt=\"\" width=\"85\" height=\"119\" srcset=\"https:\/\/www.radiopiu.net\/wordpress\/wp-content\/uploads\/2024\/01\/Foto-Carnevale_0001-9-214x300.jpg 214w, https:\/\/www.radiopiu.net\/wordpress\/wp-content\/uploads\/2024\/01\/Foto-Carnevale_0001-9-730x1024.jpg 730w, https:\/\/www.radiopiu.net\/wordpress\/wp-content\/uploads\/2024\/01\/Foto-Carnevale_0001-9-768x1078.jpg 768w, https:\/\/www.radiopiu.net\/wordpress\/wp-content\/uploads\/2024\/01\/Foto-Carnevale_0001-9-1095x1536.jpg 1095w, https:\/\/www.radiopiu.net\/wordpress\/wp-content\/uploads\/2024\/01\/Foto-Carnevale_0001-9-1460x2048.jpg 1460w, https:\/\/www.radiopiu.net\/wordpress\/wp-content\/uploads\/2024\/01\/Foto-Carnevale_0001-9-scaled.jpg 1825w\" sizes=\"auto, (max-width: 85px) 100vw, 85px\" \/><\/a>APPUNTAMENTI COL CARNEVALE<\/h2>\n<\/blockquote>\n<p>Ritorna carnevai de la vai, mascherate tradizionali delle dolomiti agordine.\u00a0 I prossimi appuntamenti: 22 febbraio LASTE DI ROCCA PIETORE, 23 febbraio a Rivamonte Agordino, 1 Marzo Sottoguda di Rocca Pietore, e 2 marzo a CANALE D&#8217;AGORDO aspettiamo anche te, con la tua maschera, tradizionale o di fantasia<\/p>\n<p><a class=\"dt-pswp-item\" href=\"https:\/\/www.radiopiu.net\/wordpress\/wp-content\/uploads\/2025\/02\/d553bc54-e3f2-40d2-9391-c5f1f404c169.jpg\" data-dt-img-description=\"\" data-large_image_width=\"1127\" data-large_image_height=\"1600\"><img loading=\"lazy\" decoding=\"async\" class=\"aligncenter wp-image-435039 size-large\" src=\"https:\/\/www.radiopiu.net\/wordpress\/wp-content\/uploads\/2025\/02\/d553bc54-e3f2-40d2-9391-c5f1f404c169-721x1024.jpg\" alt=\"\" width=\"721\" height=\"1024\" srcset=\"https:\/\/www.radiopiu.net\/wordpress\/wp-content\/uploads\/2025\/02\/d553bc54-e3f2-40d2-9391-c5f1f404c169-721x1024.jpg 721w, https:\/\/www.radiopiu.net\/wordpress\/wp-content\/uploads\/2025\/02\/d553bc54-e3f2-40d2-9391-c5f1f404c169-211x300.jpg 211w, https:\/\/www.radiopiu.net\/wordpress\/wp-content\/uploads\/2025\/02\/d553bc54-e3f2-40d2-9391-c5f1f404c169-768x1090.jpg 768w, https:\/\/www.radiopiu.net\/wordpress\/wp-content\/uploads\/2025\/02\/d553bc54-e3f2-40d2-9391-c5f1f404c169-1082x1536.jpg 1082w, https:\/\/www.radiopiu.net\/wordpress\/wp-content\/uploads\/2025\/02\/d553bc54-e3f2-40d2-9391-c5f1f404c169.jpg 1127w\" sizes=\"auto, (max-width: 721px) 100vw, 721px\" \/><\/a><\/p>\n<p>&nbsp;<\/p>\n<hr \/>\n<p>&nbsp;<\/p>\n<div class=\"flex max-w-full flex-col flex-grow\">\n<div class=\"min-h-8 text-message flex w-full flex-col items-end gap-2 whitespace-normal break-words text-start [.text-message+&amp;]:mt-5\" dir=\"auto\" data-message-author-role=\"assistant\" data-message-id=\"14ffa75b-69da-4a7a-8e57-5b29d3308788\" data-message-model-slug=\"gpt-4o\">\n<div class=\"flex w-full flex-col gap-1 empty:hidden first:pt-[3px]\">\n<div class=\"markdown prose w-full break-words dark:prose-invert dark\">\n<blockquote>\n<p data-start=\"0\" data-end=\"71\"><strong data-start=\"0\" data-end=\"69\">Rivamonte Agordino: torna la mascherata arcaica degli Olt da Riva<\/strong><\/p>\n<\/blockquote>\n<p data-start=\"73\" data-end=\"438\"><strong>RIVAMONTE<\/strong> La tradizionale mascherata degli Olt da Riva e compagnia bela torna per la quinta edizione a Rivamonte Agordino, celebrando le antiche figure carnevalesche locali. Il corteo domenica 23 febbraio partir\u00e0 alle 14:30 dal Ristorante Al Molin, attraversando il paese tra musica e balli, per poi concludersi in piazza con intrattenimenti e il concorso per le maschere pi\u00f9 belle. L\u2019evento, organizzato dalla Pro Loco APS e dal Gruppo Folk del P\u00f3i, fa parte della rete delle Mascherate Arcaiche Dolomitiche, che ha presentato la candidatura all\u2019Unesco come Bene Immateriale.<\/p>\n<\/div>\n<\/div>\n<\/div>\n<\/div>\n<div class=\"mb-2 flex gap-3 empty:hidden -ml-2\">\n<div class=\"items-center justify-start rounded-xl p-1 flex\"><\/div>\n<\/div>\n\n\t\t\t<style type='text\/css'>\n\t\t\t\t#gallery-1 {\n\t\t\t\t\tmargin: auto;\n\t\t\t\t}\n\t\t\t\t#gallery-1 .gallery-item {\n\t\t\t\t\tfloat: left;\n\t\t\t\t\tmargin-top: 10px;\n\t\t\t\t\ttext-align: center;\n\t\t\t\t\twidth: 33%;\n\t\t\t\t}\n\t\t\t\t#gallery-1 img {\n\t\t\t\t\tborder: 2px solid #cfcfcf;\n\t\t\t\t}\n\t\t\t\t#gallery-1 .gallery-caption {\n\t\t\t\t\tmargin-left: 0;\n\t\t\t\t}\n\t\t\t\t\/* see gallery_shortcode() in wp-includes\/media.php *\/\n\t\t\t<\/style>\n\t\t<div id='gallery-1' class='dt-gallery-container gallery galleryid-434956 gallery-columns-3 gallery-size-thumbnail'><dl class='gallery-item'>\n\t\t\t\t<dt class='gallery-icon landscape'>\n\t\t\t\t\t<a class=\"rollover rollover-zoom dt-pswp-item\" title=\"Riva6\" data-dt-img-description=\"\" data-large_image_width=\"1218\" data-large_image_height=\"867\"href='https:\/\/www.radiopiu.net\/wordpress\/wp-content\/uploads\/2025\/02\/Riva6.jpg'><img loading=\"lazy\" decoding=\"async\" width=\"150\" height=\"150\" src=\"https:\/\/www.radiopiu.net\/wordpress\/wp-content\/uploads\/2025\/02\/Riva6-150x150.jpg\" class=\"attachment-thumbnail size-thumbnail\" alt=\"\" \/><\/a>\n\t\t\t\t<\/dt><\/dl><dl class='gallery-item'>\n\t\t\t\t<dt class='gallery-icon landscape'>\n\t\t\t\t\t<a class=\"rollover rollover-zoom dt-pswp-item\" title=\"Riva5\" data-dt-img-description=\"\" data-large_image_width=\"1423\" data-large_image_height=\"845\"href='https:\/\/www.radiopiu.net\/wordpress\/wp-content\/uploads\/2025\/02\/Riva5.jpg'><img loading=\"lazy\" decoding=\"async\" width=\"150\" height=\"150\" src=\"https:\/\/www.radiopiu.net\/wordpress\/wp-content\/uploads\/2025\/02\/Riva5-150x150.jpg\" class=\"attachment-thumbnail size-thumbnail\" alt=\"\" \/><\/a>\n\t\t\t\t<\/dt><\/dl><dl class='gallery-item'>\n\t\t\t\t<dt class='gallery-icon landscape'>\n\t\t\t\t\t<a class=\"rollover rollover-zoom dt-pswp-item\" title=\"Riva3\" data-dt-img-description=\"\" data-large_image_width=\"1507\" data-large_image_height=\"974\"href='https:\/\/www.radiopiu.net\/wordpress\/wp-content\/uploads\/2025\/02\/Riva3.jpg'><img loading=\"lazy\" decoding=\"async\" width=\"150\" height=\"150\" src=\"https:\/\/www.radiopiu.net\/wordpress\/wp-content\/uploads\/2025\/02\/Riva3-150x150.jpg\" class=\"attachment-thumbnail size-thumbnail\" alt=\"\" \/><\/a>\n\t\t\t\t<\/dt><\/dl><br style=\"clear: both\" \/><dl class='gallery-item'>\n\t\t\t\t<dt class='gallery-icon portrait'>\n\t\t\t\t\t<a class=\"rollover rollover-zoom dt-pswp-item\" title=\"Riva1\" data-dt-img-description=\"\" data-large_image_width=\"670\" data-large_image_height=\"681\"href='https:\/\/www.radiopiu.net\/wordpress\/wp-content\/uploads\/2025\/02\/Riva1.jpg'><img loading=\"lazy\" decoding=\"async\" width=\"150\" height=\"150\" src=\"https:\/\/www.radiopiu.net\/wordpress\/wp-content\/uploads\/2025\/02\/Riva1-150x150.jpg\" class=\"attachment-thumbnail size-thumbnail\" alt=\"\" \/><\/a>\n\t\t\t\t<\/dt><\/dl><dl class='gallery-item'>\n\t\t\t\t<dt class='gallery-icon landscape'>\n\t\t\t\t\t<a class=\"rollover rollover-zoom dt-pswp-item\" title=\"Riva2\" data-dt-img-description=\"\" data-large_image_width=\"851\" data-large_image_height=\"615\"href='https:\/\/www.radiopiu.net\/wordpress\/wp-content\/uploads\/2025\/02\/Riva2.jpg'><img loading=\"lazy\" decoding=\"async\" width=\"150\" height=\"150\" src=\"https:\/\/www.radiopiu.net\/wordpress\/wp-content\/uploads\/2025\/02\/Riva2-150x150.jpg\" class=\"attachment-thumbnail size-thumbnail\" alt=\"\" \/><\/a>\n\t\t\t\t<\/dt><\/dl><dl class='gallery-item'>\n\t\t\t\t<dt class='gallery-icon portrait'>\n\t\t\t\t\t<a class=\"rollover rollover-zoom dt-pswp-item\" title=\"Riva4\" data-dt-img-description=\"\" data-large_image_width=\"1080\" data-large_image_height=\"1349\"href='https:\/\/www.radiopiu.net\/wordpress\/wp-content\/uploads\/2025\/02\/Riva4.jpg'><img loading=\"lazy\" decoding=\"async\" width=\"150\" height=\"150\" src=\"https:\/\/www.radiopiu.net\/wordpress\/wp-content\/uploads\/2025\/02\/Riva4-150x150.jpg\" class=\"attachment-thumbnail size-thumbnail\" alt=\"\" \/><\/a>\n\t\t\t\t<\/dt><\/dl><br style=\"clear: both\" \/>\n\t\t\t<\/div>\n\n<p>&nbsp;<\/p>\n<p>&nbsp;<\/p>\n<p>&nbsp;<\/p>\n<hr \/>\n<blockquote>\n<h2><a href=\"https:\/\/www.radiopiu.net\/wordpress\/wp-content\/uploads\/2025\/02\/wo6o5gsi.bmp\"><img loading=\"lazy\" decoding=\"async\" class=\"size-medium wp-image-434597 alignleft\" src=\"https:\/\/www.radiopiu.net\/wordpress\/wp-content\/uploads\/2025\/02\/wo6o5gsi-150x300.jpg\" alt=\"\" width=\"150\" height=\"300\" srcset=\"https:\/\/www.radiopiu.net\/wordpress\/wp-content\/uploads\/2025\/02\/wo6o5gsi-150x300.jpg 150w, https:\/\/www.radiopiu.net\/wordpress\/wp-content\/uploads\/2025\/02\/wo6o5gsi-513x1024.jpg 513w, https:\/\/www.radiopiu.net\/wordpress\/wp-content\/uploads\/2025\/02\/wo6o5gsi-768x1534.jpg 768w, https:\/\/www.radiopiu.net\/wordpress\/wp-content\/uploads\/2025\/02\/wo6o5gsi-769x1536.jpg 769w, https:\/\/www.radiopiu.net\/wordpress\/wp-content\/uploads\/2025\/02\/wo6o5gsi.bmp 801w\" sizes=\"auto, (max-width: 150px) 100vw, 150px\" \/><\/a>DOMENICA 2 MARZO, A CANALE D&#8217;AGORDO &#8220;LA ZINGHENESTA&#8221;<\/h2>\n<\/blockquote>\n<p>&nbsp;<\/p>\n<p><strong>CANALE D&#8217;AGORDO <\/strong>La <strong data-start=\"43\" data-end=\"58\">Zinghen\u00e9sta<\/strong> \u00e8 un&#8217;antica festa in maschera che si svolge a Canale d&#8217;Agordo, l&#8217;ultima domenica di Carnevale. Questa tradizione, risalente al XVIII secolo, \u00e8 stata ripresa nel 2013 dal comitato locale, riscuotendo un ampio consenso.\u00a0 Il termine &#8220;Zinghen\u00e9sta&#8221; si riferisce alla ragazza pi\u00f9 bella del paese, eletta annualmente regina della festa. Durante la celebrazione, la Zinghen\u00e9sta, vestita con abiti tradizionali riccamente decorati, guida una sfilata accompagnata da altre maschere tipiche, come i &#8220;Mati\u00e9i&#8221; e i &#8220;Lach\u00e8&#8221;. La festa prevede una serie di eventi, tra cui la sfilata per le vie del paese, balli tradizionali e il simbolico &#8220;processo al Carnevale&#8221;. La Zinghen\u00e9sta rappresenta un&#8217;occasione per la comunit\u00e0 di Canale d&#8217;Agordo di celebrare le proprie tradizioni culturali e folcloristiche, mantenendo vive usanze secolari e rafforzando l&#8217;identit\u00e0 locale. Particolarmente atteso il processo al Canevale. Appuntamento domenica 2 marzo, a Canale d&#8217;Agordo.<\/p>\n<p>&nbsp;<\/p>\n<p>&nbsp;<\/p>\n<p>&nbsp;<\/p>\n<hr \/>\n<p>&nbsp;<\/p>\n<blockquote>\n<h3>GIORGIO FORNASIER PRESENTA IL SUO LIBRO<\/h3>\n<\/blockquote>\n<p><strong><a class=\"dt-pswp-item\" href=\"https:\/\/www.radiopiu.net\/wordpress\/wp-content\/uploads\/2022\/12\/GIORGIO-FORNASIER.png\" data-dt-img-description=\"\" data-large_image_width=\"1280\" data-large_image_height=\"992\"><img loading=\"lazy\" decoding=\"async\" class=\" wp-image-312788 alignleft\" src=\"https:\/\/www.radiopiu.net\/wordpress\/wp-content\/uploads\/2022\/12\/GIORGIO-FORNASIER-300x233.png\" alt=\"\" width=\"176\" height=\"137\" srcset=\"https:\/\/www.radiopiu.net\/wordpress\/wp-content\/uploads\/2022\/12\/GIORGIO-FORNASIER-300x233.png 300w, https:\/\/www.radiopiu.net\/wordpress\/wp-content\/uploads\/2022\/12\/GIORGIO-FORNASIER-1024x794.png 1024w, https:\/\/www.radiopiu.net\/wordpress\/wp-content\/uploads\/2022\/12\/GIORGIO-FORNASIER-768x595.png 768w, https:\/\/www.radiopiu.net\/wordpress\/wp-content\/uploads\/2022\/12\/GIORGIO-FORNASIER.png 1280w\" sizes=\"auto, (max-width: 176px) 100vw, 176px\" \/><\/a>BELLUNO<\/strong> Per celebrare i 50 anni del primo Centro di Aiuto alla Vita (CAV) italiano, nato a Firenze nel 1975, il CAV di Belluno ha organizzato la mostra &#8220;Il Rinascimento dei bambini&#8221; sullo Spedale degli Innocenti. L\u2019esposizione, gi\u00e0 presentata al Meeting di Rimini nel 2019, \u00e8 visitabile gratuitamente presso il Palazzo dei Rettori di Belluno fino al 27 febbraio 2025. Fornasier presenter\u00e0 il suo libro <em data-start=\"587\" data-end=\"606\">I fioi de la roda<\/em>, frutto di ricerche sul fenomeno degli esposti in provincia di Belluno, bambini abbandonati nella \u201cruota degli esposti\u201d. Il tema si collega alla missione dell\u2019Istituto degli Innocenti di Firenze e dei 350 CAV italiani, che in 50 anni hanno sostenuto migliaia di donne, permettendo la nascita di 280mila bambini. L\u2019incontro del 20 febbraio sar\u00e0 un\u2019occasione per riscoprire questa storia, ancora viva nei cognomi bellunesi.<\/p>\n<p>&nbsp;<\/p>\n<blockquote class=\"wp-embedded-content\" data-secret=\"PABxT1CoCq\"><p><a href=\"https:\/\/www.radiopiu.net\/wordpress\/a-milano-con-larchivio-di-giuliano-laveder-2004\/\">A MILANO! CON L&#8217;ARCHIVIO DI GIULIANO LAVEDER 2004<\/a><\/p><\/blockquote>\n<p><iframe loading=\"lazy\" class=\"wp-embedded-content\" sandbox=\"allow-scripts\" security=\"restricted\" style=\"position: absolute; visibility: hidden;\" title=\"&#8220;A MILANO! CON L&#8217;ARCHIVIO DI GIULIANO LAVEDER 2004&#8221; &#8212; Radio Pi\u00f9\" src=\"https:\/\/www.radiopiu.net\/wordpress\/a-milano-con-larchivio-di-giuliano-laveder-2004\/embed\/#?secret=eMa6Ke42g4#?secret=PABxT1CoCq\" data-secret=\"PABxT1CoCq\" width=\"600\" height=\"338\" frameborder=\"0\" marginwidth=\"0\" marginheight=\"0\" scrolling=\"no\"><\/iframe><\/p>\n<p>&nbsp;<\/p>\n<hr \/>\n<p>&nbsp;<\/p>\n<blockquote>\n<h3>SI PARLA DI DANTE AL CIRCOLO CULTURALE LA TERRA DEI PADRI<\/h3>\n<\/blockquote>\n<p><strong>BELLUNO <\/strong>Il Circolo culturale \u201cLa Terra dei Padri \u2013 Belluno APS\u201d, in collaborazione con la Lega Nazionale \u2013 Delegazione di Belluno, organizza un ciclo di conferenze intitolato <strong data-start=\"167\" data-end=\"209\">\u201cDante e l\u2019eredit\u00e0 del mondo classico\u201d<\/strong>. La prof.ssa <strong data-start=\"226\" data-end=\"256\">Rosetta Girotto Cannarella<\/strong>, ex docente di greco e latino al Liceo Classico \u201cTiziano\u201d di Belluno, guider\u00e0 tre incontri (20 e 27 marzo, 3 aprile 2025, dalle 18:00 alle 19:00) sulla relazione tra Dante e il mondo classico, approfondendo temi come Virgilio, gli spiriti magni, Ulisse e Paolo e Francesca. Gli incontri si terranno presso la sede del Circolo, in via dei Molini, 10 (Borgo Piave \u2013 Belluno). Per info e iscrizioni: <strong data-start=\"657\" data-end=\"688\"><a rel=\"noopener\" data-start=\"659\" data-end=\"686\">francesco1dematte@gmail.com<\/a><\/strong> o <strong data-start=\"691\" data-end=\"721\">320\/0504334 (WhatsApp\/SMS)<\/strong>.<\/p>\n<p>&nbsp;<\/p>\n<p>&nbsp;<\/p>\n<hr \/>\n<p>&nbsp;<\/p>\n<blockquote>\n<h3>L&#8217;ASSEMBLEA DEL COMITATO DI GEMELLAGGIO AGORDO<\/h3>\n<\/blockquote>\n<p><strong>AGORDO<\/strong> Si svolger\u00e0 domani alle 20:30 al Bar Schenot di Agordo l&#8217;assemblea annuale del Comitato di Gemellaggio di Agordo. Cinque punti in discussione tra cui la rendicontazione e approvazione del bilancio 2024, il rinnovo del direttivo, il tesseramento e le iniziative e programmi per il 2025.<\/p>\n<p><strong>DI GIANNI SANTOMASO<\/strong><\/p>\n<audio class=\"wp-audio-shortcode\" id=\"audio-434956-13\" preload=\"none\" style=\"width: 100%;\" controls=\"controls\"><source type=\"audio\/mpeg\" src=\"https:\/\/www.radiopiu.net\/wordpress\/wp-content\/uploads\/2025\/02\/GIANNI-COMITATO-DI-GEMELLAGGIO-AGORDO.mp3?_=13\" \/><a href=\"https:\/\/www.radiopiu.net\/wordpress\/wp-content\/uploads\/2025\/02\/GIANNI-COMITATO-DI-GEMELLAGGIO-AGORDO.mp3\">https:\/\/www.radiopiu.net\/wordpress\/wp-content\/uploads\/2025\/02\/GIANNI-COMITATO-DI-GEMELLAGGIO-AGORDO.mp3<\/a><\/audio>\n<p>&nbsp;<\/p>\n<hr \/>\n<p>&nbsp;<\/p>\n<h1><span style=\"color: #ff6600;\">IERI ALLA RADIO\u00a0\u00a0<\/span><\/h1>\n<h2><span style=\"color: #0000ff;\">CER DOLOMITI A LONGARONE FIERE PER &#8220;COSTRUIRE&#8221;<\/span><\/h2>\n<p><strong>REDAZIONE<\/strong> Con CER Dolomiti a &#8220;Costruire&#8221; di Longarone Fiere<\/p>\n<p><iframe loading=\"lazy\" title=\"CER DOLOMITI - COSTRUIRE 17 FEBBRAIO 2025\" width=\"1200\" height=\"675\" src=\"https:\/\/www.youtube.com\/embed\/EGVfu0z6Hq8?feature=oembed\" frameborder=\"0\" allow=\"accelerometer; autoplay; clipboard-write; encrypted-media; gyroscope; picture-in-picture; web-share\" referrerpolicy=\"strict-origin-when-cross-origin\" allowfullscreen><\/iframe><\/p>\n<hr \/>\n<p>&nbsp;<\/p>\n<h2><span style=\"color: #cc99ff;\">RITRATTI SONORI, IL PROGRAMMA DI ALESSIA DALL&#8217;O&#8217;<\/span><\/h2>\n<p><span style=\"color: #ff0000;\"><strong><a class=\"dt-pswp-item\" href=\"https:\/\/www.radiopiu.net\/wordpress\/wp-content\/uploads\/2025\/02\/10317ed3-dd06-4c7c-9373-317c569177af.jpg\" data-dt-img-description=\"\" data-large_image_width=\"1200\" data-large_image_height=\"1599\"><img loading=\"lazy\" decoding=\"async\" class=\" wp-image-435206 alignleft\" src=\"https:\/\/www.radiopiu.net\/wordpress\/wp-content\/uploads\/2025\/02\/10317ed3-dd06-4c7c-9373-317c569177af-225x300.jpg\" alt=\"\" width=\"122\" height=\"163\" srcset=\"https:\/\/www.radiopiu.net\/wordpress\/wp-content\/uploads\/2025\/02\/10317ed3-dd06-4c7c-9373-317c569177af-225x300.jpg 225w, https:\/\/www.radiopiu.net\/wordpress\/wp-content\/uploads\/2025\/02\/10317ed3-dd06-4c7c-9373-317c569177af-768x1023.jpg 768w, https:\/\/www.radiopiu.net\/wordpress\/wp-content\/uploads\/2025\/02\/10317ed3-dd06-4c7c-9373-317c569177af-1153x1536.jpg 1153w, https:\/\/www.radiopiu.net\/wordpress\/wp-content\/uploads\/2025\/02\/10317ed3-dd06-4c7c-9373-317c569177af.jpg 1200w\" sizes=\"auto, (max-width: 122px) 100vw, 122px\" \/><\/a>PUNTATA 15 &#8211; MARIA GRAZIA BILLONE<\/strong><\/span><\/p>\n<p>PRIMA PARTE<\/p>\n<audio class=\"wp-audio-shortcode\" id=\"audio-434956-14\" preload=\"none\" style=\"width: 100%;\" controls=\"controls\"><source type=\"audio\/mpeg\" src=\"https:\/\/www.radiopiu.net\/wordpress\/wp-content\/uploads\/2025\/02\/RF1-2.mp3?_=14\" \/><a href=\"https:\/\/www.radiopiu.net\/wordpress\/wp-content\/uploads\/2025\/02\/RF1-2.mp3\">https:\/\/www.radiopiu.net\/wordpress\/wp-content\/uploads\/2025\/02\/RF1-2.mp3<\/a><\/audio>\n<p>&nbsp;<\/p>\n<p>SECONDA PARTE<\/p>\n<audio class=\"wp-audio-shortcode\" id=\"audio-434956-15\" preload=\"none\" style=\"width: 100%;\" controls=\"controls\"><source type=\"audio\/mpeg\" src=\"https:\/\/www.radiopiu.net\/wordpress\/wp-content\/uploads\/2025\/02\/RF2-2.mp3?_=15\" \/><a href=\"https:\/\/www.radiopiu.net\/wordpress\/wp-content\/uploads\/2025\/02\/RF2-2.mp3\">https:\/\/www.radiopiu.net\/wordpress\/wp-content\/uploads\/2025\/02\/RF2-2.mp3<\/a><\/audio>\n<p>&nbsp;<\/p>\n<p>TERZA PARTE<\/p>\n<audio class=\"wp-audio-shortcode\" id=\"audio-434956-16\" preload=\"none\" style=\"width: 100%;\" controls=\"controls\"><source type=\"audio\/mpeg\" src=\"https:\/\/www.radiopiu.net\/wordpress\/wp-content\/uploads\/2025\/02\/RF3-2.mp3?_=16\" \/><a href=\"https:\/\/www.radiopiu.net\/wordpress\/wp-content\/uploads\/2025\/02\/RF3-2.mp3\">https:\/\/www.radiopiu.net\/wordpress\/wp-content\/uploads\/2025\/02\/RF3-2.mp3<\/a><\/audio>\n<p>&nbsp;<\/p>\n<p><strong>LA RACCOLTA COMPLETA <a href=\"https:\/\/www.radiopiu.net\/wordpress\/ritratti-sonori-il-programma-di-alessia-dallo-la-raccolta\/\"><span style=\"color: #3366ff;\">CLICCA QUI<\/span><\/a><\/strong><\/p>\n<p>&nbsp;<\/p>\n<hr \/>\n<p>&nbsp;<\/p>\n<h2><span style=\"color: #ff00ff;\">OGGI COME IERI, TERZO ANNO. CON SILVIA BALDO<\/span><\/h2>\n<p><strong><a href=\"https:\/\/www.radiopiu.net\/wordpress\/wp-content\/uploads\/2025\/02\/7781f347-d017-429c-8896-4357071b7d28.webp\"><img loading=\"lazy\" decoding=\"async\" class=\" wp-image-435174 alignleft\" src=\"https:\/\/www.radiopiu.net\/wordpress\/wp-content\/uploads\/2025\/02\/7781f347-d017-429c-8896-4357071b7d28-300x300.webp\" alt=\"\" width=\"136\" height=\"136\" srcset=\"https:\/\/www.radiopiu.net\/wordpress\/wp-content\/uploads\/2025\/02\/7781f347-d017-429c-8896-4357071b7d28-300x300.webp 300w, https:\/\/www.radiopiu.net\/wordpress\/wp-content\/uploads\/2025\/02\/7781f347-d017-429c-8896-4357071b7d28-150x150.webp 150w, https:\/\/www.radiopiu.net\/wordpress\/wp-content\/uploads\/2025\/02\/7781f347-d017-429c-8896-4357071b7d28-768x768.webp 768w, https:\/\/www.radiopiu.net\/wordpress\/wp-content\/uploads\/2025\/02\/7781f347-d017-429c-8896-4357071b7d28.webp 1024w\" sizes=\"auto, (max-width: 136px) 100vw, 136px\" \/><\/a>17 FEBBRAIO 2025 TANGENTOPOLI<\/strong><\/p>\n<audio class=\"wp-audio-shortcode\" id=\"audio-434956-17\" preload=\"none\" style=\"width: 100%;\" controls=\"controls\"><source type=\"audio\/mpeg\" src=\"https:\/\/www.radiopiu.net\/wordpress\/wp-content\/uploads\/2025\/02\/SIBI-3.mp3?_=17\" \/><a href=\"https:\/\/www.radiopiu.net\/wordpress\/wp-content\/uploads\/2025\/02\/SIBI-3.mp3\">https:\/\/www.radiopiu.net\/wordpress\/wp-content\/uploads\/2025\/02\/SIBI-3.mp3<\/a><\/audio>\n<p>&nbsp;<\/p>\n<p><strong>LA RACCOLTA COMPLETA <a href=\"https:\/\/www.radiopiu.net\/wordpress\/oggi-come-ieri-terzo-anno-con-silvia-baldo\/\"><span style=\"color: #3366ff;\">CLICCA QUI<\/span><\/a><\/strong><\/p>\n<p>&nbsp;<\/p>\n<hr \/>\n<p>&nbsp;<\/p>\n<blockquote>\n<h3><a class=\"dt-pswp-item\" href=\"https:\/\/www.radiopiu.net\/wordpress\/wp-content\/uploads\/2025\/02\/WhatsApp-Image-2025-02-17-at-09.03.45.jpeg\" data-dt-img-description=\"\" data-large_image_width=\"800\" data-large_image_height=\"445\"><img loading=\"lazy\" decoding=\"async\" class=\" wp-image-435099 alignleft\" src=\"https:\/\/www.radiopiu.net\/wordpress\/wp-content\/uploads\/2025\/02\/WhatsApp-Image-2025-02-17-at-09.03.45-300x167.jpeg\" alt=\"\" width=\"194\" height=\"108\" srcset=\"https:\/\/www.radiopiu.net\/wordpress\/wp-content\/uploads\/2025\/02\/WhatsApp-Image-2025-02-17-at-09.03.45-300x167.jpeg 300w, https:\/\/www.radiopiu.net\/wordpress\/wp-content\/uploads\/2025\/02\/WhatsApp-Image-2025-02-17-at-09.03.45-768x427.jpeg 768w, https:\/\/www.radiopiu.net\/wordpress\/wp-content\/uploads\/2025\/02\/WhatsApp-Image-2025-02-17-at-09.03.45.jpeg 800w\" sizes=\"auto, (max-width: 194px) 100vw, 194px\" \/><\/a>Giornata mondiale epilessia<\/h3>\n<\/blockquote>\n<p>Presentata a Roma la nuova Campagna 2025 di sensibilizzazione sull\u2019Epilessia di Fondazione LICE, alla presenza di Istituzioni e Associazioni di pazienti nazionali e internazionali.<\/p>\n<blockquote>\n<h3>World Cancer Day<\/h3>\n<\/blockquote>\n<p>In occasione della Giornata Mondiale dedicata al Cancro \u00e8 stato presentato a Roma un focus sulle novit\u00e0 legislative inserite nella Legge di Bilancio 2025-2027.<\/p>\n<p>&nbsp;<\/p>\n<audio class=\"wp-audio-shortcode\" id=\"audio-434956-18\" preload=\"none\" style=\"width: 100%;\" controls=\"controls\"><source type=\"audio\/mpeg\" src=\"https:\/\/www.radiopiu.net\/wordpress\/wp-content\/uploads\/2025\/02\/SALUTE-2.mp3?_=18\" \/><a href=\"https:\/\/www.radiopiu.net\/wordpress\/wp-content\/uploads\/2025\/02\/SALUTE-2.mp3\">https:\/\/www.radiopiu.net\/wordpress\/wp-content\/uploads\/2025\/02\/SALUTE-2.mp3<\/a><\/audio>\n<p>&nbsp;<\/p>\n<blockquote class=\"wp-embedded-content\" data-secret=\"CocuczmOeH\"><p><a href=\"https:\/\/www.radiopiu.net\/wordpress\/saluteesocieta\/\">Salute e Societ\u00e0<\/a><\/p><\/blockquote>\n<p><iframe loading=\"lazy\" class=\"wp-embedded-content\" sandbox=\"allow-scripts\" security=\"restricted\" style=\"position: absolute; visibility: hidden;\" title=\"&#8220;Salute e Societ\u00e0&#8221; &#8212; Radio Pi\u00f9\" src=\"https:\/\/www.radiopiu.net\/wordpress\/saluteesocieta\/embed\/#?secret=afWJjAJtXT#?secret=CocuczmOeH\" data-secret=\"CocuczmOeH\" width=\"600\" height=\"338\" frameborder=\"0\" marginwidth=\"0\" marginheight=\"0\" scrolling=\"no\"><\/iframe><\/p>\n<p>&nbsp;<\/p>\n<hr \/>\n<p>&nbsp;<\/p>\n<h2><span style=\"color: #ff99cc;\">COSA GUARDO STASERA IN TV?&#8230;CON PAOLA LANCIATO<\/span><\/h2>\n<h1><span style=\"color: #ff0000;\"><strong><a class=\"dt-pswp-item\" href=\"https:\/\/www.radiopiu.net\/wordpress\/wp-content\/uploads\/2025\/02\/af2bfcf9-0b3f-44e2-b766-9acb0e5f89e5.jpg\" data-dt-img-description=\"\" data-large_image_width=\"851\" data-large_image_height=\"1200\"><img loading=\"lazy\" decoding=\"async\" class=\"size-medium wp-image-435200 alignleft\" src=\"https:\/\/www.radiopiu.net\/wordpress\/wp-content\/uploads\/2025\/02\/af2bfcf9-0b3f-44e2-b766-9acb0e5f89e5-213x300.jpg\" alt=\"\" width=\"213\" height=\"300\" srcset=\"https:\/\/www.radiopiu.net\/wordpress\/wp-content\/uploads\/2025\/02\/af2bfcf9-0b3f-44e2-b766-9acb0e5f89e5-213x300.jpg 213w, https:\/\/www.radiopiu.net\/wordpress\/wp-content\/uploads\/2025\/02\/af2bfcf9-0b3f-44e2-b766-9acb0e5f89e5-726x1024.jpg 726w, https:\/\/www.radiopiu.net\/wordpress\/wp-content\/uploads\/2025\/02\/af2bfcf9-0b3f-44e2-b766-9acb0e5f89e5-768x1083.jpg 768w, https:\/\/www.radiopiu.net\/wordpress\/wp-content\/uploads\/2025\/02\/af2bfcf9-0b3f-44e2-b766-9acb0e5f89e5.jpg 851w\" sizes=\"auto, (max-width: 213px) 100vw, 213px\" \/><\/a>Puntata 25 del 17 febbraio\u00a0 2025<\/strong><\/span><\/h1>\n<audio class=\"wp-audio-shortcode\" id=\"audio-434956-19\" preload=\"none\" style=\"width: 100%;\" controls=\"controls\"><source type=\"audio\/mpeg\" src=\"https:\/\/www.radiopiu.net\/wordpress\/wp-content\/uploads\/2025\/02\/CIAK1-3.mp3?_=19\" \/><a href=\"https:\/\/www.radiopiu.net\/wordpress\/wp-content\/uploads\/2025\/02\/CIAK1-3.mp3\">https:\/\/www.radiopiu.net\/wordpress\/wp-content\/uploads\/2025\/02\/CIAK1-3.mp3<\/a><\/audio>\n<p>&nbsp;<\/p>\n<p><strong>LA RACCOLTA COMPLETA <a href=\"https:\/\/www.radiopiu.net\/wordpress\/cosa-guardo-stasera-in-tv-con-paola-lanciato-la-raccolta\/\"><span style=\"color: #3366ff;\">CLICCA QUI<\/span><\/a><\/strong><\/p>\n<p>&nbsp;<\/p>\n<hr \/>\n<p>&nbsp;<\/p>\n<h2><span style=\"color: #00ccff;\">I RACCONTI DI PAOLO SOPPELSA<\/span><\/h2>\n<p><strong>GIORNI LONTANI<\/strong><\/p>\n<p><strong>AUDIO<\/strong><\/p>\n<audio class=\"wp-audio-shortcode\" id=\"audio-434956-20\" preload=\"none\" style=\"width: 100%;\" controls=\"controls\"><source type=\"audio\/mpeg\" src=\"https:\/\/www.radiopiu.net\/wordpress\/wp-content\/uploads\/2025\/02\/PAOLOS-2.mp3?_=20\" \/><a href=\"https:\/\/www.radiopiu.net\/wordpress\/wp-content\/uploads\/2025\/02\/PAOLOS-2.mp3\">https:\/\/www.radiopiu.net\/wordpress\/wp-content\/uploads\/2025\/02\/PAOLOS-2.mp3<\/a><\/audio>\n<p>&nbsp;<\/p>\n<p><a class=\"dt-pswp-item\" href=\"https:\/\/www.radiopiu.net\/wordpress\/wp-content\/uploads\/2025\/02\/6084c644-3da9-46cc-b5fb-74085de3359d.jpg\" data-dt-img-description=\"\" data-large_image_width=\"1600\" data-large_image_height=\"1200\"><img loading=\"lazy\" decoding=\"async\" class=\" wp-image-434895 alignleft\" src=\"https:\/\/www.radiopiu.net\/wordpress\/wp-content\/uploads\/2025\/02\/6084c644-3da9-46cc-b5fb-74085de3359d-300x225.jpg\" alt=\"\" width=\"181\" height=\"136\" srcset=\"https:\/\/www.radiopiu.net\/wordpress\/wp-content\/uploads\/2025\/02\/6084c644-3da9-46cc-b5fb-74085de3359d-300x225.jpg 300w, https:\/\/www.radiopiu.net\/wordpress\/wp-content\/uploads\/2025\/02\/6084c644-3da9-46cc-b5fb-74085de3359d-1024x768.jpg 1024w, https:\/\/www.radiopiu.net\/wordpress\/wp-content\/uploads\/2025\/02\/6084c644-3da9-46cc-b5fb-74085de3359d-768x576.jpg 768w, https:\/\/www.radiopiu.net\/wordpress\/wp-content\/uploads\/2025\/02\/6084c644-3da9-46cc-b5fb-74085de3359d-1536x1152.jpg 1536w, https:\/\/www.radiopiu.net\/wordpress\/wp-content\/uploads\/2025\/02\/6084c644-3da9-46cc-b5fb-74085de3359d.jpg 1600w\" sizes=\"auto, (max-width: 181px) 100vw, 181px\" \/><\/a>-Te li ricordi, Paolo, quei giorni che hai vissuto di fronte al Pelsa nei primi anni \u201880, avevi ancora i capelli biondi\u2026<\/p>\n<p>-Certo che li ricordo quei giorni lontani, in particolare una serie di queste giornate vissute lass\u00f9 dove regna il silenzio. Doveva essere l&#8217;inizio della primavera perch\u00e9 rammento quel cielo colorato del classico azzurro chiaro di marzo e le macchie di neve stanca sui prati in ombra. Non ricordo precisamente quanto dur\u00f2 quella permanenza di fine inverno a San Tomaso, lass\u00f9 il tempo che si viveva era un tempo dilatato e un giorno sembrava durare una settimana e una settimana un anno. Furono giorni tranquilli, vissuti in compagnia dei nonni e dei primi segni della nuova primavera e degli ultimi colpi di coda dell&#8217;inverno.<\/p>\n<p>-E come trascorrevi quelle giornate di fine inverno\u2026<\/p>\n<p>-Le trascorrevo circondato da una grande pace. Era un vivere decisamente diverso da quello attuale, cos\u00ec frenetico e carico di tecnologia. Era un vivere che necessitava di una buona fantasia che aiutava a rendere interessanti quelle lunghe giornate. La televisione si guardava solamente verso sera. C&#8217;erano le previsioni del tempo, l\u2019Almanacco del Giorno Dopo e poi l\u2019irrinunciabile TG1 delle venti, al termine del quale si dichiarava conclusa la giornata. Il resto di quel tempo che passava lentamente lo trascorrevo gironzolando davanti a casa, immerso in pensieri di un bambino che nel frattempo ammirava il muovere lento dei larici ancora spogli. Imparavo a vivere quei silenzi e quella natura, e poi la vita di quelle persone che avevano vissuto fatiche che avevano segnato i loro corpi. Poi, alla sera, quando era arrivato il tempo del riposo precoce, salivo sul fornel a godere di quel calore di fine inverno. Al mattino assistevo con curiosit\u00e0 a quelle ultime accensioni ormai non pi\u00f9 giornaliere. Se il clima era freddo il nonno spingeva le fascine all&#8217;interno della vorace bocca del fornel, se al contrario quel clima bizzarro di marzo era pi\u00f9 gentile, si poteva risparmiare un po\u2019 di legna che sarebbe stata buona per l&#8217;autunno successivo. Un paio di volte accadde di rompere per mezza mattina quella routine che sembrava inscalfibile. Fu quando partii a piedi in compagnia della nonna in direzione Cencenighe. Forse c&#8217;era da comprare qualcosa da mangiare, oppure recarsi in farmacia, solitamente erano questi i motivi di quel muovere che a me piaceva. Eravamo partiti presto, quando la valle era ancora in ombra e l&#8217;asfalto della provinciale era imbiancato dalla brina della notte. Il passo anziano ma ancora leggero della nonna aiutava il cammino di un bambino che stava imparando l&#8217;arte di camminare in salita e in discesa. Non c&#8217;era alcuna fretta di arrivare al paese situato all&#8217;incrocio delle valli. Si camminava lentamente e nel frattempo ascoltavo il suo parlare che narrava il vivere al tempo della sua giovinezza. Erano parole che descrivevano i lavori da fare appena sbocciata la primavera, erano frasi che raccontavano quelle vite semplici vissute a mezza costa. Poi, dopo gli acquisti effettuati nel paese situato all&#8217;incrocio delle strade e delle acque, attendevamo la corriera azzurrina come quel cielo di marzo che ci avrebbe riportati a casa prima dell&#8217;ora di pranzo. Scivolavano via cos\u00ec quei giorni di clima volubile posti al confine fra l&#8217;inverno e la primavera. Un tempo tranquillo che sarebbe terminato il giorno in cui avrei sentito l\u2019inconfondibile rumore della Ritmo che di l\u00ec a poco mi avrebbe riportato alla vita di citt\u00e0.<\/p>\n<p>-Ritorneresti a quel tempo d&#8217;infanzia vissuto lass\u00f9 dove d&#8217;inverno il sole appare a met\u00e0 mattina\u2026<\/p>\n<p>-S\u00ec, ritornerei volentieri a rivivere quei momenti semplici e lontani, vissuti cande che ereane encora tuti e via par Colaz l&#8217;era encora i prai\u2026<\/p>\n<p>&nbsp;<\/p>\n<p>&nbsp;<\/p>\n<hr \/>\n<p>&nbsp;<\/p>\n<h2><span style=\"color: #ff0000;\"><a class=\"dt-pswp-item\" href=\"https:\/\/www.radiopiu.net\/wordpress\/wp-content\/uploads\/2018\/09\/appuntamenti.jpeg\" data-dt-img-description=\"\" data-large_image_width=\"800\" data-large_image_height=\"100\"><img loading=\"lazy\" decoding=\"async\" class=\"wp-image-61958 size-full aligncenter\" src=\"https:\/\/www.radiopiu.net\/wordpress\/wp-content\/uploads\/2018\/09\/appuntamenti.jpeg\" alt=\"\" width=\"800\" height=\"100\" srcset=\"https:\/\/www.radiopiu.net\/wordpress\/wp-content\/uploads\/2018\/09\/appuntamenti.jpeg 800w, https:\/\/www.radiopiu.net\/wordpress\/wp-content\/uploads\/2018\/09\/appuntamenti-300x38.jpeg 300w, https:\/\/www.radiopiu.net\/wordpress\/wp-content\/uploads\/2018\/09\/appuntamenti-768x96.jpeg 768w\" sizes=\"auto, (max-width: 800px) 100vw, 800px\" \/><\/a><\/span><\/h2>\n<blockquote>\n<h3 dir=\"auto\">TORNA IL &#8220;SAVE THE DATE FESTIVAL&#8221; AL RIFUGIO LARESEI<\/h3>\n<\/blockquote>\n<p><strong>FALCADE<\/strong> Appuntamento di fine stagione invernale al Rifugio Laresei. Torna il &#8220;Save The Date Festival&#8221;&#8230;e nelle prossime ore verranno svelate le prime novit\u00e0. La data da segnare sul calendario \u00e8 il 29 marzo 2025.<\/p>\n<div style=\"width: 1200px;\" class=\"wp-video\"><video class=\"wp-video-shortcode\" id=\"video-434956-1\" width=\"1200\" height=\"675\" preload=\"metadata\" controls=\"controls\"><source type=\"video\/mp4\" src=\"https:\/\/www.radiopiu.net\/wordpress\/wp-content\/uploads\/2025\/02\/WhatsApp-Video-2025-02-17-at-15.58.54.mp4?_=1\" \/><a href=\"https:\/\/www.radiopiu.net\/wordpress\/wp-content\/uploads\/2025\/02\/WhatsApp-Video-2025-02-17-at-15.58.54.mp4\">https:\/\/www.radiopiu.net\/wordpress\/wp-content\/uploads\/2025\/02\/WhatsApp-Video-2025-02-17-at-15.58.54.mp4<\/a><\/video><\/div>\n<p>&nbsp;<\/p>\n<div>\n<div class=\"\" dir=\"auto\">\n<div id=\":r9h:\" class=\"x1iorvi4 x1pi30zi x1l90r2v x1swvt13\" data-ad-comet-preview=\"message\" data-ad-preview=\"message\">\n<div>\n<div class=\"\" dir=\"auto\">\n<div id=\":r9h:\" class=\"x1iorvi4 x1pi30zi x1l90r2v x1swvt13\" data-ad-comet-preview=\"message\" data-ad-preview=\"message\">\n<div>\n<div class=\"\" dir=\"auto\">\n<div id=\":r9h:\" class=\"x1iorvi4 x1pi30zi x1l90r2v x1swvt13\" data-ad-comet-preview=\"message\" data-ad-preview=\"message\">\n<div>\n<div class=\"\" dir=\"auto\">\n<div id=\":r9h:\" class=\"x1iorvi4 x1pi30zi x1l90r2v x1swvt13\" data-ad-comet-preview=\"message\" data-ad-preview=\"message\">\n<div>\n<div class=\"\" dir=\"auto\">\n<div id=\":r9h:\" class=\"x1iorvi4 x1pi30zi x1l90r2v x1swvt13\" data-ad-comet-preview=\"message\" data-ad-preview=\"message\">\n<div>\n<div class=\"\" dir=\"auto\">\n<div id=\":r9h:\" class=\"x1iorvi4 x1pi30zi x1l90r2v x1swvt13\" data-ad-comet-preview=\"message\" data-ad-preview=\"message\">\n<div class=\"xdj266r x11i5rnm xat24cr x1mh8g0r x1vvkbs x126k92a\">\n<div dir=\"auto\"><\/div>\n<\/div>\n<div>\n<div class=\"\" dir=\"auto\">\n<div id=\":r9h:\" class=\"x1iorvi4 x1pi30zi x1l90r2v x1swvt13\" data-ad-comet-preview=\"message\" data-ad-preview=\"message\">\n<div>\n<div class=\"\" dir=\"auto\">\n<div id=\":r9h:\" class=\"x1iorvi4 x1pi30zi x1l90r2v x1swvt13\" data-ad-comet-preview=\"message\" data-ad-preview=\"message\">\n\n\t\t\t<style type='text\/css'>\n\t\t\t\t#gallery-2 {\n\t\t\t\t\tmargin: auto;\n\t\t\t\t}\n\t\t\t\t#gallery-2 .gallery-item {\n\t\t\t\t\tfloat: left;\n\t\t\t\t\tmargin-top: 10px;\n\t\t\t\t\ttext-align: center;\n\t\t\t\t\twidth: 25%;\n\t\t\t\t}\n\t\t\t\t#gallery-2 img {\n\t\t\t\t\tborder: 2px solid #cfcfcf;\n\t\t\t\t}\n\t\t\t\t#gallery-2 .gallery-caption {\n\t\t\t\t\tmargin-left: 0;\n\t\t\t\t}\n\t\t\t\t\/* see gallery_shortcode() in wp-includes\/media.php *\/\n\t\t\t<\/style>\n\t\t<div id='gallery-2' class='dt-gallery-container gallery galleryid-434956 gallery-columns-4 gallery-size-thumbnail'><dl class='gallery-item'>\n\t\t\t\t<dt class='gallery-icon portrait'>\n\t\t\t\t\t<a class=\"rollover rollover-zoom dt-pswp-item\" title=\"manifesto serate invernali\" data-dt-img-description=\"\" data-large_image_width=\"1683\" data-large_image_height=\"2383\"href='https:\/\/www.radiopiu.net\/wordpress\/wp-content\/uploads\/2024\/11\/manifesto-serate-invernali.jpg'><img loading=\"lazy\" decoding=\"async\" width=\"150\" height=\"150\" src=\"https:\/\/www.radiopiu.net\/wordpress\/wp-content\/uploads\/2024\/11\/manifesto-serate-invernali-150x150.jpg\" class=\"attachment-thumbnail size-thumbnail\" alt=\"\" aria-describedby=\"gallery-2-418816\" \/><\/a>\n\t\t\t\t<\/dt>\n\t\t\t\t\t<dd class='wp-caption-text gallery-caption' id='gallery-2-418816'>\n\t\t\t\t\t21 FEBBRAIO\n\t\t\t\t\t<\/dd><\/dl><dl class='gallery-item'>\n\t\t\t\t<dt class='gallery-icon portrait'>\n\t\t\t\t\t<a class=\"rollover rollover-zoom dt-pswp-item\" title=\"Locandina Energia al di l\u00e0 dello scientificamente corretto febbraio 2025\" data-dt-img-description=\"\" data-large_image_width=\"1131\" data-large_image_height=\"1600\"href='https:\/\/www.radiopiu.net\/wordpress\/wp-content\/uploads\/2025\/02\/Locandina-Energia-al-di-la-dello-scientificamente-corretto-febbraio-2025.jpg'><img loading=\"lazy\" decoding=\"async\" width=\"150\" height=\"150\" src=\"https:\/\/www.radiopiu.net\/wordpress\/wp-content\/uploads\/2025\/02\/Locandina-Energia-al-di-la-dello-scientificamente-corretto-febbraio-2025-150x150.jpg\" class=\"attachment-thumbnail size-thumbnail\" alt=\"\" aria-describedby=\"gallery-2-434154\" \/><\/a>\n\t\t\t\t<\/dt>\n\t\t\t\t\t<dd class='wp-caption-text gallery-caption' id='gallery-2-434154'>\n\t\t\t\t\t22 FEBBRAIO\n\t\t\t\t\t<\/dd><\/dl><dl class='gallery-item'>\n\t\t\t\t<dt class='gallery-icon portrait'>\n\t\t\t\t\t<a class=\"rollover rollover-zoom dt-pswp-item\" title=\"d4ebb858-0506-4e84-b6ae-28a77bb72b70\" data-dt-img-description=\"\" data-large_image_width=\"1131\" data-large_image_height=\"1600\"href='https:\/\/www.radiopiu.net\/wordpress\/wp-content\/uploads\/2025\/02\/d4ebb858-0506-4e84-b6ae-28a77bb72b70.jpg'><img loading=\"lazy\" decoding=\"async\" width=\"150\" height=\"150\" src=\"https:\/\/www.radiopiu.net\/wordpress\/wp-content\/uploads\/2025\/02\/d4ebb858-0506-4e84-b6ae-28a77bb72b70-150x150.jpg\" class=\"attachment-thumbnail size-thumbnail\" alt=\"\" aria-describedby=\"gallery-2-434311\" \/><\/a>\n\t\t\t\t<\/dt>\n\t\t\t\t\t<dd class='wp-caption-text gallery-caption' id='gallery-2-434311'>\n\t\t\t\t\t22 FEBBRAIO\n\t\t\t\t\t<\/dd><\/dl><dl class='gallery-item'>\n\t\t\t\t<dt class='gallery-icon portrait'>\n\t\t\t\t\t<a class=\"rollover rollover-zoom dt-pswp-item\" title=\"wo6o5gsi\" data-dt-img-description=\"\" data-large_image_width=\"801\" data-large_image_height=\"1600\"href='https:\/\/www.radiopiu.net\/wordpress\/wp-content\/uploads\/2025\/02\/wo6o5gsi.bmp'><img loading=\"lazy\" decoding=\"async\" width=\"150\" height=\"150\" src=\"https:\/\/www.radiopiu.net\/wordpress\/wp-content\/uploads\/2025\/02\/wo6o5gsi-150x150.jpg\" class=\"attachment-thumbnail size-thumbnail\" alt=\"\" aria-describedby=\"gallery-2-434597\" \/><\/a>\n\t\t\t\t<\/dt>\n\t\t\t\t\t<dd class='wp-caption-text gallery-caption' id='gallery-2-434597'>\n\t\t\t\t\t2 MARZO\n\t\t\t\t\t<\/dd><\/dl><br style=\"clear: both\" \/><dl class='gallery-item'>\n\t\t\t\t<dt class='gallery-icon portrait'>\n\t\t\t\t\t<a class=\"rollover rollover-zoom dt-pswp-item\" title=\"dad1d0d2-12e8-494a-9390-929e17ce5985\" data-dt-img-description=\"\" data-large_image_width=\"900\" data-large_image_height=\"1600\"href='https:\/\/www.radiopiu.net\/wordpress\/wp-content\/uploads\/2025\/01\/dad1d0d2-12e8-494a-9390-929e17ce5985.jpg'><img loading=\"lazy\" decoding=\"async\" width=\"150\" height=\"150\" src=\"https:\/\/www.radiopiu.net\/wordpress\/wp-content\/uploads\/2025\/01\/dad1d0d2-12e8-494a-9390-929e17ce5985-150x150.jpg\" class=\"attachment-thumbnail size-thumbnail\" alt=\"\" \/><\/a>\n\t\t\t\t<\/dt><\/dl><dl class='gallery-item'>\n\t\t\t\t<dt class='gallery-icon portrait'>\n\t\t\t\t\t<a class=\"rollover rollover-zoom dt-pswp-item\" title=\"Senza nome\" data-dt-img-description=\"\" data-large_image_width=\"569\" data-large_image_height=\"801\"href='https:\/\/www.radiopiu.net\/wordpress\/wp-content\/uploads\/2025\/02\/Senza-nome-23.png'><img loading=\"lazy\" decoding=\"async\" width=\"150\" height=\"150\" src=\"https:\/\/www.radiopiu.net\/wordpress\/wp-content\/uploads\/2025\/02\/Senza-nome-23-150x150.png\" class=\"attachment-thumbnail size-thumbnail\" alt=\"\" \/><\/a>\n\t\t\t\t<\/dt><\/dl><dl class='gallery-item'>\n\t\t\t\t<dt class='gallery-icon landscape'>\n\t\t\t\t\t<a class=\"rollover rollover-zoom dt-pswp-item\" title=\"molto1\" data-dt-img-description=\"\" data-large_image_width=\"1080\" data-large_image_height=\"1080\"href='https:\/\/www.radiopiu.net\/wordpress\/wp-content\/uploads\/2025\/02\/molto1.jpg'><img loading=\"lazy\" decoding=\"async\" width=\"150\" height=\"150\" src=\"https:\/\/www.radiopiu.net\/wordpress\/wp-content\/uploads\/2025\/02\/molto1-150x150.jpg\" class=\"attachment-thumbnail size-thumbnail\" alt=\"\" srcset=\"https:\/\/www.radiopiu.net\/wordpress\/wp-content\/uploads\/2025\/02\/molto1-150x150.jpg 150w, https:\/\/www.radiopiu.net\/wordpress\/wp-content\/uploads\/2025\/02\/molto1-300x300.jpg 300w, https:\/\/www.radiopiu.net\/wordpress\/wp-content\/uploads\/2025\/02\/molto1-1024x1024.jpg 1024w, https:\/\/www.radiopiu.net\/wordpress\/wp-content\/uploads\/2025\/02\/molto1-768x768.jpg 768w, https:\/\/www.radiopiu.net\/wordpress\/wp-content\/uploads\/2025\/02\/molto1.jpg 1080w\" sizes=\"auto, (max-width: 150px) 100vw, 150px\" \/><\/a>\n\t\t\t\t<\/dt><\/dl><dl class='gallery-item'>\n\t\t\t\t<dt class='gallery-icon portrait'>\n\t\t\t\t\t<a class=\"rollover rollover-zoom dt-pswp-item\" title=\"d553bc54-e3f2-40d2-9391-c5f1f404c169\" data-dt-img-description=\"\" data-large_image_width=\"1127\" data-large_image_height=\"1600\"href='https:\/\/www.radiopiu.net\/wordpress\/wp-content\/uploads\/2025\/02\/d553bc54-e3f2-40d2-9391-c5f1f404c169.jpg'><img loading=\"lazy\" decoding=\"async\" width=\"150\" height=\"150\" src=\"https:\/\/www.radiopiu.net\/wordpress\/wp-content\/uploads\/2025\/02\/d553bc54-e3f2-40d2-9391-c5f1f404c169-150x150.jpg\" class=\"attachment-thumbnail size-thumbnail\" alt=\"\" \/><\/a>\n\t\t\t\t<\/dt><\/dl><br style=\"clear: both\" \/><dl class='gallery-item'>\n\t\t\t\t<dt class='gallery-icon portrait'>\n\t\t\t\t\t<a class=\"rollover rollover-zoom dt-pswp-item\" title=\"67dd10b3-a02f-4a4c-84f8-95bd7247b900\" data-dt-img-description=\"\" data-large_image_width=\"1440\" data-large_image_height=\"1800\"href='https:\/\/www.radiopiu.net\/wordpress\/wp-content\/uploads\/2025\/02\/67dd10b3-a02f-4a4c-84f8-95bd7247b900.jpg'><img loading=\"lazy\" decoding=\"async\" width=\"150\" height=\"150\" src=\"https:\/\/www.radiopiu.net\/wordpress\/wp-content\/uploads\/2025\/02\/67dd10b3-a02f-4a4c-84f8-95bd7247b900-150x150.jpg\" class=\"attachment-thumbnail size-thumbnail\" alt=\"\" \/><\/a>\n\t\t\t\t<\/dt><\/dl><dl class='gallery-item'>\n\t\t\t\t<dt class='gallery-icon portrait'>\n\t\t\t\t\t<a class=\"rollover rollover-zoom dt-pswp-item\" title=\"L59DYKs0vbbX\" data-dt-img-description=\"\" data-large_image_width=\"600\" data-large_image_height=\"848\"href='https:\/\/www.radiopiu.net\/wordpress\/wp-content\/uploads\/2025\/02\/L59DYKs0vbbX.jpg'><img loading=\"lazy\" decoding=\"async\" width=\"150\" height=\"150\" src=\"https:\/\/www.radiopiu.net\/wordpress\/wp-content\/uploads\/2025\/02\/L59DYKs0vbbX-150x150.jpg\" class=\"attachment-thumbnail size-thumbnail\" alt=\"\" \/><\/a>\n\t\t\t\t<\/dt><\/dl>\n\t\t\t\t<br style='clear: both' \/>\n\t\t\t<\/div>\n\n<p>&nbsp;<\/p>\n<p>&nbsp;<\/p>\n<\/div>\n<\/div>\n<\/div>\n<\/div>\n<\/div>\n<\/div>\n<\/div>\n<\/div>\n<\/div>\n<\/div>\n<\/div>\n<\/div>\n<p>&nbsp;<\/p>\n<\/div>\n<\/div>\n<\/div>\n<\/div>\n<\/div>\n<\/div>\n<\/div>\n<\/div>\n<\/div>\n<\/div>\n<\/div>\n<\/div>\n<hr \/>\n<p>&nbsp;<\/p>\n<p class=\"mceTemp\"><a class=\"dt-pswp-item\" href=\"https:\/\/www.radiopiu.net\/wordpress\/wp-content\/uploads\/2018\/09\/WhatsApp-Image-2018-09-20-at-16.04.06.jpeg\" data-dt-img-description=\"\" data-large_image_width=\"800\" data-large_image_height=\"100\"><img loading=\"lazy\" decoding=\"async\" class=\"wp-image-61378 size-full aligncenter\" src=\"https:\/\/www.radiopiu.net\/wordpress\/wp-content\/uploads\/2018\/09\/WhatsApp-Image-2018-09-20-at-16.04.06.jpeg\" alt=\"\" width=\"800\" height=\"100\" srcset=\"https:\/\/www.radiopiu.net\/wordpress\/wp-content\/uploads\/2018\/09\/WhatsApp-Image-2018-09-20-at-16.04.06.jpeg 800w, https:\/\/www.radiopiu.net\/wordpress\/wp-content\/uploads\/2018\/09\/WhatsApp-Image-2018-09-20-at-16.04.06-300x38.jpeg 300w, https:\/\/www.radiopiu.net\/wordpress\/wp-content\/uploads\/2018\/09\/WhatsApp-Image-2018-09-20-at-16.04.06-768x96.jpeg 768w\" sizes=\"auto, (max-width: 800px) 100vw, 800px\" \/><\/a><\/p>\n<p><center><\/center><center><\/center>&nbsp;<\/p>\n<p><b>OGGI <\/b>Su Dolomiti cielo sereno con ottima visibilit\u00e0 in quota; in qualche fondovalle possibili nubi basse in dissolvimento al mattino, e nuova formazione dalla sera. Su Prealpi nubi medio-basse maggiormente probabili ed estese fino al mattino in diradamento in giornata<br \/>\n<strong>Precipitazioni.<\/strong> Assenti<br \/>\n<strong>Temperature.<\/strong> Senza variazioni di rilievo, salvo un lieve calo delle minime nelle valli. Valori al di sotto della media specie alle quote medio-basse e su Prealpi.<\/p>\n<hr \/>\n<p><strong>DOMANI<\/strong>\u00a0Al mattino sereno o poco nuvoloso per qualche velatura su Prealpi occidentali e nubi basse in qualche fondovalle. Nel pomeriggio poco o parzialmente nuvoloso per velature via via pi\u00f9 estese fino a velato in serata.<br \/>\n<strong>Precipitazioni.<\/strong> Assenti<br \/>\n<strong>Temperature.<\/strong>\u00a0Temperature minime in ulteriore lieve calo, massime pressoch\u00e8 stazionarie.<\/p>\n<hr \/>\n<p><strong>GIOVEDI<\/strong> Fino a met\u00e0 mattino velato poi schiarite fino a sereno o al pi\u00f9 poco nuvoloso. Temperature in generale aumento in quota, specie le massime con aumento dell&#8217;inversione termica notturna nelle valli.<\/p>\n<hr \/>\n<p><strong>VENERDI<\/strong>\u00a0Tempo stabile con cielo sereno o al pi\u00f9 poco nuvoloso per qualche velatura. temperature in ulteriore lieve aumento specie nelle valli.<\/p>\n<p><center><\/center>&nbsp;<\/p>\n<p>&nbsp;<\/p>\n<hr \/>\n<p>&nbsp;<\/p>\n<p class=\"mceTemp\"><a class=\"dt-pswp-item\" href=\"https:\/\/www.radiopiu.net\/wordpress\/wp-content\/uploads\/2018\/09\/sport.jpg\" data-dt-img-description=\"\" data-large_image_width=\"800\" data-large_image_height=\"100\"><img loading=\"lazy\" decoding=\"async\" class=\"aligncenter wp-image-60761 size-full\" src=\"https:\/\/www.radiopiu.net\/wordpress\/wp-content\/uploads\/2018\/09\/sport.jpg\" alt=\"\" width=\"800\" height=\"100\" srcset=\"https:\/\/www.radiopiu.net\/wordpress\/wp-content\/uploads\/2018\/09\/sport.jpg 800w, https:\/\/www.radiopiu.net\/wordpress\/wp-content\/uploads\/2018\/09\/sport-300x38.jpg 300w, https:\/\/www.radiopiu.net\/wordpress\/wp-content\/uploads\/2018\/09\/sport-768x96.jpg 768w\" sizes=\"auto, (max-width: 800px) 100vw, 800px\" \/> <\/a><\/p>\n<p class=\"mceTemp\"><span style=\"color: #0000ff;\"><strong>\u00a0 \u00a0\u00a0<\/strong><\/span><\/p>\n<p>&nbsp;<\/p>\n<p><span style=\"color: #0000ff;\"><strong>HOCKEY SU GHIACCIO<\/strong><\/span><\/p>\n<blockquote>\n<h3>UN FINE SETTIMANA CARICO DI SODDISFAZIONI PER LE GIOVANILI DELL&#8217;ALLEGHE HOCKEY<\/h3>\n<\/blockquote>\n<p><span style=\"color: #ff0000;\"><strong><a class=\"dt-pswp-item\" href=\"https:\/\/www.radiopiu.net\/wordpress\/wp-content\/uploads\/2023\/01\/hockey.jpg\" data-dt-img-description=\"\" data-large_image_width=\"1920\" data-large_image_height=\"1280\"><img loading=\"lazy\" decoding=\"async\" class=\" wp-image-315616 alignleft\" src=\"https:\/\/www.radiopiu.net\/wordpress\/wp-content\/uploads\/2023\/01\/hockey-300x200.jpg\" alt=\"\" width=\"176\" height=\"117\" srcset=\"https:\/\/www.radiopiu.net\/wordpress\/wp-content\/uploads\/2023\/01\/hockey-300x200.jpg 300w, https:\/\/www.radiopiu.net\/wordpress\/wp-content\/uploads\/2023\/01\/hockey-1024x683.jpg 1024w, https:\/\/www.radiopiu.net\/wordpress\/wp-content\/uploads\/2023\/01\/hockey-768x512.jpg 768w, https:\/\/www.radiopiu.net\/wordpress\/wp-content\/uploads\/2023\/01\/hockey-1536x1024.jpg 1536w, https:\/\/www.radiopiu.net\/wordpress\/wp-content\/uploads\/2023\/01\/hockey.jpg 1920w\" sizes=\"auto, (max-width: 176px) 100vw, 176px\" \/><\/a>UNDER 19<\/strong><\/span><\/p>\n<p><strong>CORTINA\/ALLEGHE &#8211; APPIANO 4-1<\/strong><\/p>\n<p>Bella prestazione della squadra mista bellunese che supera all&#8217;Olimpico di Cortina l&#8217;Appiano. Cortina\/Alleghe che passa in vantaggi con Levis e trova il raddoppio subito dopo con Sudiro. L&#8217;Appiano accorcia le distanze poco prima della prima sirena. Nella seconda frazione arriva la terza rete bellunese a firma di Zallot. Nel finale di gara il Cortina\/Alleghe chiude definitivamente la sfida calando il poker con Levis<\/p>\n<p><span style=\"color: #ff0000;\"><strong>UNDER 16<\/strong><\/span><\/p>\n<p><strong>CORTINA\/DOBBIACO &#8211; BOLZANO 5-1<\/strong><\/p>\n<p>Il Cortina\/Dobbiaco travolge il Bolzano rifilando 5 marcature agli altoatesini. Primo tempo con gli scoiattoli in vantaggio grazie a De Carlo. Alver\u00e0 porta in doppio vantaggio il Cortina mentre il Bolzano accorcia subito dopo. A chiudere la sfida ci pensano le reti di Wierer, zanol e Alver\u00e0 che consegnano i 3 punti al Cortina\/Dobbiaco.<\/p>\n<p><span style=\"color: #ff0000;\"><strong>UNDER 14<\/strong><\/span><\/p>\n<p><strong>ALLEGHE\/CORTINA &#8211; MILANO 8-1<\/strong><\/p>\n<p>Ancora una bella prestazione per la squadra mista bellunese che travolge il Milano allo stadio Olimpico di Cortina. Sono 8 le reti messe a segno dalle civette che concedono solo una marcatura agli avversari.<\/p>\n<p><span style=\"color: #ff0000;\"><strong>I PIU&#8217; GIOVANI<\/strong><\/span><\/p>\n<p>Le civette under 12 hanno giocato al De Toni di Alleghe ed hanno vinto 5 a 1 contro lo Zoldo. Per l&#8217;Under 8 nel fine settimana un raggruppamento a maglie miste a San Vendemmiano.<\/p>\n<p>&nbsp;<\/p>\n<p><span style=\"color: #0000ff;\"><strong>SNOWBOARD<\/strong><\/span><\/p>\n<blockquote>\n<h3>WEEKEND DI ALTI E BASSI PER LUCIA DALMASSO IN CANADA<\/h3>\n<\/blockquote>\n<p><strong><a class=\"dt-pswp-item\" href=\"https:\/\/www.radiopiu.net\/wordpress\/wp-content\/uploads\/2023\/02\/Dalmasso-1068.jpg\" data-dt-img-description=\"\" data-large_image_width=\"1068\" data-large_image_height=\"584\"><img loading=\"lazy\" decoding=\"async\" class=\" wp-image-323182 alignleft\" src=\"https:\/\/www.radiopiu.net\/wordpress\/wp-content\/uploads\/2023\/02\/Dalmasso-1068-300x164.jpg\" alt=\"\" width=\"170\" height=\"93\" srcset=\"https:\/\/www.radiopiu.net\/wordpress\/wp-content\/uploads\/2023\/02\/Dalmasso-1068-300x164.jpg 300w, https:\/\/www.radiopiu.net\/wordpress\/wp-content\/uploads\/2023\/02\/Dalmasso-1068-1024x560.jpg 1024w, https:\/\/www.radiopiu.net\/wordpress\/wp-content\/uploads\/2023\/02\/Dalmasso-1068-768x420.jpg 768w, https:\/\/www.radiopiu.net\/wordpress\/wp-content\/uploads\/2023\/02\/Dalmasso-1068.jpg 1068w\" sizes=\"auto, (max-width: 170px) 100vw, 170px\" \/><\/a><\/strong>Si \u00e8 chiuso con una mancata qualificazione e un nono posto il fine settimana canadese di Lucia Dalmasso in Canada. Due gli slalom paralleli andati in scena a Val St. Come. Sabato l&#8217;atleta delle Fiamme Gialle non \u00e8 riuscita a qualificarsi per la fase finale, mentre domenica le cose dono andate meglio per la falcadina. Dalmasso ha chiuso la qualificazione al terzo posto accedendo alla fase finale dove si \u00e8 piazzata nona. Ora 15 giorni di riposo prima di tornare in pista a Krynica in Polonia nel fine settimana del 1-2 marzo.<\/p>\n<p>&nbsp;<\/p>\n<p>&nbsp;<\/p>\n<p><span style=\"color: #0000ff;\"><strong>NUOTO<\/strong><\/span><\/p>\n<blockquote>\n<h3>SEI MEDAGLIE PER GLI ESORDIENTI A DELLA SPORTIVAMENTE BELLUNO AL MEETING REGIONALE<\/h3>\n<\/blockquote>\n<p>Grandi soddisfazioni per la Sportivamente Belluno al Meeting regionale degli Esordienti A, con 11 atleti in gara a Montebelluna. Alessandro Morra (2012) ha conquistato tre medaglie: oro nei 200 misti (2\u201925\u201d79), argento nei 100 rana (1\u201912\u201d78) e bronzo nei 100 farfalla (1\u201906\u201d31). In campo femminile, brillano Greta Galanti, argento nei 400 misti (5\u201949\u201d92), e Laura Ivessa, bronzo nei 200 stile (2\u201922\u201d49) e nei 400 stile (4\u201959\u201d37). Ottime prove anche per Rodolfo Zanon, settimo nei 400 misti con primato personale (5\u201934\u201d74), ed Elisa Thomas nei 200 stile (2\u201930\u201d94). I migliori atleti parteciperanno al raduno regionale Esordienti ad aprile. Prossimo obiettivo: le qualificazioni ai regionali estivi.<\/p>\n\n\t\t\t<style type='text\/css'>\n\t\t\t\t#gallery-3 {\n\t\t\t\t\tmargin: auto;\n\t\t\t\t}\n\t\t\t\t#gallery-3 .gallery-item {\n\t\t\t\t\tfloat: left;\n\t\t\t\t\tmargin-top: 10px;\n\t\t\t\t\ttext-align: center;\n\t\t\t\t\twidth: 33%;\n\t\t\t\t}\n\t\t\t\t#gallery-3 img {\n\t\t\t\t\tborder: 2px solid #cfcfcf;\n\t\t\t\t}\n\t\t\t\t#gallery-3 .gallery-caption {\n\t\t\t\t\tmargin-left: 0;\n\t\t\t\t}\n\t\t\t\t\/* see gallery_shortcode() in wp-includes\/media.php *\/\n\t\t\t<\/style>\n\t\t<div id='gallery-3' class='dt-gallery-container gallery galleryid-434956 gallery-columns-3 gallery-size-thumbnail'><dl class='gallery-item'>\n\t\t\t\t<dt class='gallery-icon portrait'>\n\t\t\t\t\t<a class=\"rollover rollover-zoom dt-pswp-item\" title=\"Laura_Ivessa_medaglia_di_bronzo\" data-dt-img-description=\"\" data-large_image_width=\"578\" data-large_image_height=\"640\"href='https:\/\/www.radiopiu.net\/wordpress\/wp-content\/uploads\/2025\/02\/Laura_Ivessa_medaglia_di_bronzo.jpg'><img loading=\"lazy\" decoding=\"async\" width=\"150\" height=\"150\" src=\"https:\/\/www.radiopiu.net\/wordpress\/wp-content\/uploads\/2025\/02\/Laura_Ivessa_medaglia_di_bronzo-150x150.jpg\" class=\"attachment-thumbnail size-thumbnail\" alt=\"\" \/><\/a>\n\t\t\t\t<\/dt><\/dl><dl class='gallery-item'>\n\t\t\t\t<dt class='gallery-icon portrait'>\n\t\t\t\t\t<a class=\"rollover rollover-zoom dt-pswp-item\" title=\"Alessandro_Morra_oro_nei_200_misti\" data-dt-img-description=\"\" data-large_image_width=\"558\" data-large_image_height=\"640\"href='https:\/\/www.radiopiu.net\/wordpress\/wp-content\/uploads\/2025\/02\/Alessandro_Morra_oro_nei_200_misti.jpg'><img loading=\"lazy\" decoding=\"async\" width=\"150\" height=\"150\" src=\"https:\/\/www.radiopiu.net\/wordpress\/wp-content\/uploads\/2025\/02\/Alessandro_Morra_oro_nei_200_misti-150x150.jpg\" class=\"attachment-thumbnail size-thumbnail\" alt=\"\" \/><\/a>\n\t\t\t\t<\/dt><\/dl><dl class='gallery-item'>\n\t\t\t\t<dt class='gallery-icon portrait'>\n\t\t\t\t\t<a class=\"rollover rollover-zoom dt-pswp-item\" title=\"Argento_per_Greta_Galanti\" data-dt-img-description=\"\" data-large_image_width=\"609\" data-large_image_height=\"640\"href='https:\/\/www.radiopiu.net\/wordpress\/wp-content\/uploads\/2025\/02\/Argento_per_Greta_Galanti.jpg'><img loading=\"lazy\" decoding=\"async\" width=\"150\" height=\"150\" src=\"https:\/\/www.radiopiu.net\/wordpress\/wp-content\/uploads\/2025\/02\/Argento_per_Greta_Galanti-150x150.jpg\" class=\"attachment-thumbnail size-thumbnail\" alt=\"\" \/><\/a>\n\t\t\t\t<\/dt><\/dl><br style=\"clear: both\" \/>\n\t\t\t<\/div>\n\n<p>&nbsp;<\/p>\n<p>&nbsp;<\/p>\n","protected":false},"excerpt":{"rendered":"<p>******** &nbsp; LA\u00a0 APP PER IOS-IPHONE di Nicola Vettorello https:\/\/apps.apple.com\/it\/app\/radio-pi%C3%B9-emittente-agordina\/id1515939845 LA\u00a0 APP RADIO\u00a0 PER ANDROID di Nicola Vettorello https:\/\/play.google.com\/store\/apps\/details?id=net.radiopiu.iniko\u00a0\u00a0\u00a0\u00a0 &nbsp; &nbsp; AUTOSTRADA A 27, SCATTA LA CHIUSURA Dalle 23 di giovedi alle 4 del mattino successivo sar\u00e0 chiuso lo svincolo di Belluno in uscita per chi proviene dalla 51 di Alemagna. In alternativa si pu\u00f2&hellip;<\/p>\n","protected":false},"author":4,"featured_media":435194,"comment_status":"closed","ping_status":"closed","sticky":false,"template":"","format":"standard","meta":{"_monsterinsights_skip_tracking":false,"_monsterinsights_sitenote_active":false,"_monsterinsights_sitenote_note":"","_monsterinsights_sitenote_category":0,"footnotes":""},"categories":[51,86,49],"tags":[],"class_list":["post-434956","post","type-post","status-publish","format-standard","has-post-thumbnail","hentry","category-evidenza-top","category-gr","category-news-18","category-51","category-86","category-49","description-off"],"img_url":"https:\/\/www.radiopiu.net\/wordpress\/wp-content\/uploads\/2025\/02\/471313418_985548060285789_6033643395037822649_n.jpg","_links":{"self":[{"href":"https:\/\/www.radiopiu.net\/wordpress\/wp-json\/wp\/v2\/posts\/434956","targetHints":{"allow":["GET"]}}],"collection":[{"href":"https:\/\/www.radiopiu.net\/wordpress\/wp-json\/wp\/v2\/posts"}],"about":[{"href":"https:\/\/www.radiopiu.net\/wordpress\/wp-json\/wp\/v2\/types\/post"}],"author":[{"embeddable":true,"href":"https:\/\/www.radiopiu.net\/wordpress\/wp-json\/wp\/v2\/users\/4"}],"replies":[{"embeddable":true,"href":"https:\/\/www.radiopiu.net\/wordpress\/wp-json\/wp\/v2\/comments?post=434956"}],"version-history":[{"count":32,"href":"https:\/\/www.radiopiu.net\/wordpress\/wp-json\/wp\/v2\/posts\/434956\/revisions"}],"predecessor-version":[{"id":435290,"href":"https:\/\/www.radiopiu.net\/wordpress\/wp-json\/wp\/v2\/posts\/434956\/revisions\/435290"}],"wp:featuredmedia":[{"embeddable":true,"href":"https:\/\/www.radiopiu.net\/wordpress\/wp-json\/wp\/v2\/media\/435194"}],"wp:attachment":[{"href":"https:\/\/www.radiopiu.net\/wordpress\/wp-json\/wp\/v2\/media?parent=434956"}],"wp:term":[{"taxonomy":"category","embeddable":true,"href":"https:\/\/www.radiopiu.net\/wordpress\/wp-json\/wp\/v2\/categories?post=434956"},{"taxonomy":"post_tag","embeddable":true,"href":"https:\/\/www.radiopiu.net\/wordpress\/wp-json\/wp\/v2\/tags?post=434956"}],"curies":[{"name":"wp","href":"https:\/\/api.w.org\/{rel}","templated":true}]}}