{"id":435082,"date":"2025-02-17T07:26:56","date_gmt":"2025-02-17T06:26:56","guid":{"rendered":"https:\/\/www.radiopiu.net\/wordpress\/?p=435082"},"modified":"2025-02-17T07:26:56","modified_gmt":"2025-02-17T06:26:56","slug":"17-febbraio-giornata-nazionale-del-dialetto","status":"publish","type":"post","link":"https:\/\/www.radiopiu.net\/wordpress\/17-febbraio-giornata-nazionale-del-dialetto\/","title":{"rendered":"17 febbraio: Giornata Nazionale del Dialetto"},"content":{"rendered":"<p>**<\/p>\n<p><strong>di mirko mezzacasa\u00a0<\/strong><\/p>\n<p data-start=\"52\" data-end=\"385\"><img decoding=\"async\" class=\"alignleft\" src=\"https:\/\/www.radiopiu.net\/wordpress\/wp-content\/uploads\/2025\/02\/ae06597c-635f-4ba9-92d0-665f749e9089-300x300.webp\" \/>Il 17 febbraio si celebra la Giornata Nazionale del Dialetto, una ricorrenza che invita a riflettere sull\u2019importanza delle lingue e dei dialetti locali come patrimonio culturale immateriale. Il dialetto, infatti, \u00e8 molto pi\u00f9 di un semplice modo di parlare: \u00e8 un legame profondo con la storia, le tradizioni e l\u2019identit\u00e0 di un popolo. In Italia, ogni regione, ogni citt\u00e0, ogni paese ha il proprio dialetto, che riflette peculiarit\u00e0 linguistiche, storiche e sociali. Questi dialetti sono stati per secoli il linguaggio quotidiano delle persone, e oggi continuano a essere utilizzati in famiglie, comunit\u00e0 e occasioni tradizionali, anche se rischiano di essere sempre pi\u00f9 marginalizzati dalla lingua italiana standard. La Giornata Nazionale del Dialetto \u00e8 un\u2019occasione per celebrare questa ricchezza linguistica e culturale, promuovendo iniziative volte a salvaguardare e valorizzare i dialetti. Eventi, spettacoli, letture e iniziative scolastiche si svolgono in tutta Italia, con l\u2019obiettivo di sensibilizzare le nuove generazioni sull&#8217;importanza di preservare questi tesori linguistici, contribuendo cos\u00ec a mantenere vive le tradizioni locali.<\/p>\n<p data-start=\"52\" data-end=\"385\">RADIO PIU, DA SEMPRE FIN DAL 1983 NON HA MANCATO DI APRIRE LE PORTE AL DIALETTO&#8230; AL LADINO.. ALLA NOSTRA CULTURA E ANCHE OGGI SIAMO IN ONDA CON QUATTRO RUBRICHE IMPORTANTI, UNA BIBLIOTECA CHE CURIAMO DA ANNI.<\/p>\n<blockquote class=\"wp-embedded-content\" data-secret=\"0gn1Uv2s7a\"><p><a href=\"https:\/\/www.radiopiu.net\/wordpress\/musla\/\">MUSLA<\/a><\/p><\/blockquote>\n<p><iframe loading=\"lazy\" class=\"wp-embedded-content\" sandbox=\"allow-scripts\" security=\"restricted\" style=\"position: absolute; visibility: hidden;\" title=\"&#8220;MUSLA&#8221; &#8212; Radio Pi\u00f9\" src=\"https:\/\/www.radiopiu.net\/wordpress\/musla\/embed\/#?secret=x8BtkMwup9#?secret=0gn1Uv2s7a\" data-secret=\"0gn1Uv2s7a\" width=\"600\" height=\"338\" frameborder=\"0\" marginwidth=\"0\" marginheight=\"0\" scrolling=\"no\"><\/iframe><\/p>\n<blockquote class=\"wp-embedded-content\" data-secret=\"lY2M3rSxNi\"><p><a href=\"https:\/\/www.radiopiu.net\/wordpress\/elbalfior_seconda\/\">&#8220;EL BAL DEL FIOR&#8221;, DI GIULIANA DA RONCH SECONDA STAGIONE<\/a><\/p><\/blockquote>\n<p><iframe loading=\"lazy\" class=\"wp-embedded-content\" sandbox=\"allow-scripts\" security=\"restricted\" style=\"position: absolute; visibility: hidden;\" title=\"&#8220;&#8220;EL BAL DEL FIOR&#8221;, DI GIULIANA DA RONCH SECONDA STAGIONE&#8221; &#8212; Radio Pi\u00f9\" src=\"https:\/\/www.radiopiu.net\/wordpress\/elbalfior_seconda\/embed\/#?secret=HzQ3KLJiDI#?secret=lY2M3rSxNi\" data-secret=\"lY2M3rSxNi\" width=\"600\" height=\"338\" frameborder=\"0\" marginwidth=\"0\" marginheight=\"0\" scrolling=\"no\"><\/iframe><\/p>\n<blockquote class=\"wp-embedded-content\" data-secret=\"MmxsB0V1Bk\"><p><a href=\"https:\/\/www.radiopiu.net\/wordpress\/lad08aaaa\/\">&#8220;NCONTONSE&#8221; IN LADINO SU RADIO PI\u00d9<\/a><\/p><\/blockquote>\n<p><iframe loading=\"lazy\" class=\"wp-embedded-content\" sandbox=\"allow-scripts\" security=\"restricted\" style=\"position: absolute; visibility: hidden;\" title=\"&#8220;&#8220;NCONTONSE&#8221; IN LADINO SU RADIO PI\u00d9&#8221; &#8212; Radio Pi\u00f9\" src=\"https:\/\/www.radiopiu.net\/wordpress\/lad08aaaa\/embed\/#?secret=8MaU2T5VrK#?secret=MmxsB0V1Bk\" data-secret=\"MmxsB0V1Bk\" width=\"600\" height=\"338\" frameborder=\"0\" marginwidth=\"0\" marginheight=\"0\" scrolling=\"no\"><\/iframe><\/p>\n<blockquote class=\"wp-embedded-content\" data-secret=\"LZ9ZWajtbu\"><p><a href=\"https:\/\/www.radiopiu.net\/wordpress\/raccolta-anno-2024-pirole-de-lenga-dalla-puntata-1-alla-250\/\">RACCOLTA ANNO 2024-25 PIROLE DE LENGA&#8230;DALLA PUNTATA 1<\/a><\/p><\/blockquote>\n<p><iframe loading=\"lazy\" class=\"wp-embedded-content\" sandbox=\"allow-scripts\" security=\"restricted\" style=\"position: absolute; visibility: hidden;\" title=\"&#8220;RACCOLTA ANNO 2024-25 PIROLE DE LENGA&#8230;DALLA PUNTATA 1&#8221; &#8212; Radio Pi\u00f9\" src=\"https:\/\/www.radiopiu.net\/wordpress\/raccolta-anno-2024-pirole-de-lenga-dalla-puntata-1-alla-250\/embed\/#?secret=Hvp2cF3JEQ#?secret=LZ9ZWajtbu\" data-secret=\"LZ9ZWajtbu\" width=\"600\" height=\"338\" frameborder=\"0\" marginwidth=\"0\" marginheight=\"0\" scrolling=\"no\"><\/iframe><\/p>\n<blockquote class=\"wp-embedded-content\" data-secret=\"jXoJopkqo5\"><p><a href=\"https:\/\/www.radiopiu.net\/wordpress\/almanac1\/\">RACCOLTA ANNO 2024 N di parom &#8211; L Almanach de la nosta jent<\/a><\/p><\/blockquote>\n<p><iframe loading=\"lazy\" class=\"wp-embedded-content\" sandbox=\"allow-scripts\" security=\"restricted\" style=\"position: absolute; visibility: hidden;\" title=\"&#8220;RACCOLTA ANNO 2024 N di parom &#8211; L Almanach de la nosta jent&#8221; &#8212; Radio Pi\u00f9\" src=\"https:\/\/www.radiopiu.net\/wordpress\/almanac1\/embed\/#?secret=g8GEg5fBBE#?secret=jXoJopkqo5\" data-secret=\"jXoJopkqo5\" width=\"600\" height=\"338\" frameborder=\"0\" marginwidth=\"0\" marginheight=\"0\" scrolling=\"no\"><\/iframe><\/p>\n","protected":false},"excerpt":{"rendered":"<p>** di mirko mezzacasa\u00a0 Il 17 febbraio si celebra la Giornata Nazionale del Dialetto, una ricorrenza che invita a riflettere sull\u2019importanza delle lingue e dei dialetti locali come patrimonio culturale immateriale. Il dialetto, infatti, \u00e8 molto pi\u00f9 di un semplice modo di parlare: \u00e8 un legame profondo con la storia, le tradizioni e l\u2019identit\u00e0 di&hellip;<\/p>\n","protected":false},"author":4,"featured_media":435083,"comment_status":"closed","ping_status":"closed","sticky":false,"template":"","format":"standard","meta":{"_monsterinsights_skip_tracking":false,"_monsterinsights_sitenote_active":false,"_monsterinsights_sitenote_note":"","_monsterinsights_sitenote_category":0,"footnotes":""},"categories":[49],"tags":[],"class_list":["post-435082","post","type-post","status-publish","format-standard","has-post-thumbnail","hentry","category-news-18","category-49","description-off"],"img_url":"https:\/\/www.radiopiu.net\/wordpress\/wp-content\/uploads\/2025\/02\/ae06597c-635f-4ba9-92d0-665f749e9089.webp","_links":{"self":[{"href":"https:\/\/www.radiopiu.net\/wordpress\/wp-json\/wp\/v2\/posts\/435082","targetHints":{"allow":["GET"]}}],"collection":[{"href":"https:\/\/www.radiopiu.net\/wordpress\/wp-json\/wp\/v2\/posts"}],"about":[{"href":"https:\/\/www.radiopiu.net\/wordpress\/wp-json\/wp\/v2\/types\/post"}],"author":[{"embeddable":true,"href":"https:\/\/www.radiopiu.net\/wordpress\/wp-json\/wp\/v2\/users\/4"}],"replies":[{"embeddable":true,"href":"https:\/\/www.radiopiu.net\/wordpress\/wp-json\/wp\/v2\/comments?post=435082"}],"version-history":[{"count":1,"href":"https:\/\/www.radiopiu.net\/wordpress\/wp-json\/wp\/v2\/posts\/435082\/revisions"}],"predecessor-version":[{"id":435084,"href":"https:\/\/www.radiopiu.net\/wordpress\/wp-json\/wp\/v2\/posts\/435082\/revisions\/435084"}],"wp:featuredmedia":[{"embeddable":true,"href":"https:\/\/www.radiopiu.net\/wordpress\/wp-json\/wp\/v2\/media\/435083"}],"wp:attachment":[{"href":"https:\/\/www.radiopiu.net\/wordpress\/wp-json\/wp\/v2\/media?parent=435082"}],"wp:term":[{"taxonomy":"category","embeddable":true,"href":"https:\/\/www.radiopiu.net\/wordpress\/wp-json\/wp\/v2\/categories?post=435082"},{"taxonomy":"post_tag","embeddable":true,"href":"https:\/\/www.radiopiu.net\/wordpress\/wp-json\/wp\/v2\/tags?post=435082"}],"curies":[{"name":"wp","href":"https:\/\/api.w.org\/{rel}","templated":true}]}}