{"id":435240,"date":"2025-02-19T05:40:29","date_gmt":"2025-02-19T04:40:29","guid":{"rendered":"https:\/\/www.radiopiu.net\/wordpress\/?p=435240"},"modified":"2025-02-19T09:35:18","modified_gmt":"2025-02-19T08:35:18","slug":"giornaleradiopiu-19-febbraio-25","status":"publish","type":"post","link":"https:\/\/www.radiopiu.net\/wordpress\/giornaleradiopiu-19-febbraio-25\/","title":{"rendered":"GIORNALE RADIOPIU 19 FEBBRAIO 2025 DIRETTORE MIRKO MEZZACASA\u2026DA 41 ANNI 25 GIUGNO 1983-25 GIUGNO 2024"},"content":{"rendered":"<p>********<\/p>\n<p>&nbsp;<\/p>\n<p><em><span style=\"color: #ff0000;\"><a class=\"dt-pswp-item\" href=\"https:\/\/www.radiopiu.net\/wordpress\/wp-content\/uploads\/2024\/10\/Senza-nome-8.png\" data-dt-img-description=\"\" data-large_image_width=\"343\" data-large_image_height=\"303\"><img loading=\"lazy\" decoding=\"async\" class=\"wp-image-412130 alignleft\" src=\"https:\/\/www.radiopiu.net\/wordpress\/wp-content\/uploads\/2024\/10\/Senza-nome-8-300x265.png\" alt=\"\" width=\"105\" height=\"93\" srcset=\"https:\/\/www.radiopiu.net\/wordpress\/wp-content\/uploads\/2024\/10\/Senza-nome-8-300x265.png 300w, https:\/\/www.radiopiu.net\/wordpress\/wp-content\/uploads\/2024\/10\/Senza-nome-8.png 343w\" sizes=\"auto, (max-width: 105px) 100vw, 105px\" \/><\/a><\/span><\/em><strong><em><span style=\"color: #ff0000;\"> LA\u00a0 APP PER IOS-IPHONE di Nicola Vettorello<\/span><\/em><\/strong><\/p>\n<p><strong><span style=\"color: #0000ff;\"><a style=\"color: #0000ff;\" href=\"https:\/\/apps.apple.com\/it\/app\/radio-pi%C3%B9-emittente-agordina\/id1515939845\">https:\/\/apps.apple.com\/it\/app\/radio-pi%C3%B9-emittente-agordina\/id1515939845<\/a><\/span><\/strong><\/p>\n<p><strong><em style=\"color: #ff0000;\">LA\u00a0 APP RADIO\u00a0 PER ANDROID di Nicola Vettorello<\/em><\/strong><\/p>\n<p><strong><span style=\"color: #0000ff;\"><a style=\"color: #0000ff;\" href=\"https:\/\/play.google.com\/store\/apps\/details?id=net.radiopiu.iniko\" target=\"_blank\" rel=\"noopener noreferrer\">https:\/\/<\/a><a style=\"color: #0000ff;\" href=\"https:\/\/play.google.com\/store\/apps\/details?id=net.radiopiu.iniko\" target=\"_blank\" rel=\"noopener noreferrer\">play.google.com\/store\/apps\/details?id=net.radiopiu.iniko\u00a0\u00a0\u00a0\u00a0<\/a><\/span><\/strong><\/p>\n<p>&nbsp;<\/p>\n<blockquote>\n<h2>CESIOMAGGIORE, FIAMME SUL TETTO DI UN\u2019ABITAZIONE: INTOSSICATA UNA PERSONA<\/h2>\n<\/blockquote>\n<p>&nbsp;<\/p>\n<p>&nbsp;<\/p>\n<p data-start=\"74\" data-end=\"262\"><strong>CESIOMAGGIORE \u2013<\/strong> Paura nella serata di marted\u00ec 18 febbraio in via San Piero, dove un incendio ha devastato il tetto di un\u2019abitazione, provocando l\u2019intossicazione del proprietario.<\/p>\n<p data-start=\"264\" data-end=\"601\">L\u2019allarme \u00e8 scattato alle 21:45, con l\u2019intervento immediato dei vigili del fuoco di Feltre e Belluno, che hanno operato con 14 uomini, due autopompe, due autobotti, un\u2019autoscala e il carro aria. Le fiamme, domate prima che si estendessero alle abitazioni vicine, hanno gravemente danneggiato la copertura e la soffitta.<\/p>\n<p data-start=\"603\" data-end=\"878\" data-is-last-node=\"\">L\u2019uomo, soccorso dal SUEM, \u00e8 stato trasportato in ospedale per intossicazione da fumo. Le cause dell\u2019incendio, probabilmente legate a un malfunzionamento della canna fumaria, sono al vaglio dei tecnici.<\/p>\n<p data-start=\"603\" data-end=\"878\" data-is-last-node=\"\">\n<p data-start=\"603\" data-end=\"878\" data-is-last-node=\"\"><a class=\"dt-pswp-item\" href=\"https:\/\/www.radiopiu.net\/wordpress\/wp-content\/uploads\/2025\/02\/dd5ddc44-c0f2-4cdb-b5e3-874b7252fcbd.jpg\" data-dt-img-description=\"\" data-large_image_width=\"960\" data-large_image_height=\"686\"><img loading=\"lazy\" decoding=\"async\" class=\"alignnone wp-image-435422\" src=\"https:\/\/www.radiopiu.net\/wordpress\/wp-content\/uploads\/2025\/02\/dd5ddc44-c0f2-4cdb-b5e3-874b7252fcbd-300x214.jpg\" alt=\"\" width=\"285\" height=\"203\" srcset=\"https:\/\/www.radiopiu.net\/wordpress\/wp-content\/uploads\/2025\/02\/dd5ddc44-c0f2-4cdb-b5e3-874b7252fcbd-300x214.jpg 300w, https:\/\/www.radiopiu.net\/wordpress\/wp-content\/uploads\/2025\/02\/dd5ddc44-c0f2-4cdb-b5e3-874b7252fcbd-768x549.jpg 768w, https:\/\/www.radiopiu.net\/wordpress\/wp-content\/uploads\/2025\/02\/dd5ddc44-c0f2-4cdb-b5e3-874b7252fcbd.jpg 960w\" sizes=\"auto, (max-width: 285px) 100vw, 285px\" \/><\/a><a class=\"dt-pswp-item\" href=\"https:\/\/www.radiopiu.net\/wordpress\/wp-content\/uploads\/2025\/02\/2d8686f9-a8b9-47c6-aa40-3dbbcd4385fe.jpg\" data-dt-img-description=\"\" data-large_image_width=\"960\" data-large_image_height=\"656\"><img loading=\"lazy\" decoding=\"async\" class=\"alignnone size-medium wp-image-435423\" src=\"https:\/\/www.radiopiu.net\/wordpress\/wp-content\/uploads\/2025\/02\/2d8686f9-a8b9-47c6-aa40-3dbbcd4385fe-300x205.jpg\" alt=\"\" width=\"300\" height=\"205\" srcset=\"https:\/\/www.radiopiu.net\/wordpress\/wp-content\/uploads\/2025\/02\/2d8686f9-a8b9-47c6-aa40-3dbbcd4385fe-300x205.jpg 300w, https:\/\/www.radiopiu.net\/wordpress\/wp-content\/uploads\/2025\/02\/2d8686f9-a8b9-47c6-aa40-3dbbcd4385fe-768x525.jpg 768w, https:\/\/www.radiopiu.net\/wordpress\/wp-content\/uploads\/2025\/02\/2d8686f9-a8b9-47c6-aa40-3dbbcd4385fe.jpg 960w\" sizes=\"auto, (max-width: 300px) 100vw, 300px\" \/><\/a><\/p>\n<hr \/>\n<p>&nbsp;<\/p>\n<p><span style=\"color: #ff0000;\"><strong>OGGI ALLA RADIO:\u00a0\u00a0<\/strong><\/span><\/p>\n<p><strong>rassegna stampa nazionale,<\/strong> ogni giorno alle 5 e alle 6 del mattino. giornali locali 7 rassegna stampa flash, 8 rassegna stampa, gr flash alle 10 e alle 11, principale 12.30. Informazione pomeriggio ogni ora fino alle 20, in coda ai notiziari nazionali. Giornale radio nazionale: ogni ora dalle 4 del mattino, alle 20 della sera. Alle 19 le anticipazioni dal TG di Antenna 3 di Tiziana Bolognani.<\/p>\n<p>&nbsp;<\/p>\n<p><span style=\"color: #0000ff;\"><strong><a class=\"dt-pswp-item\" href=\"https:\/\/www.radiopiu.net\/wordpress\/wp-content\/uploads\/2025\/02\/olfghusbv-sdolob.jpg\" data-dt-img-description=\"\" data-large_image_width=\"609\" data-large_image_height=\"367\"><img loading=\"lazy\" decoding=\"async\" class=\"size-medium wp-image-435356 alignleft\" src=\"https:\/\/www.radiopiu.net\/wordpress\/wp-content\/uploads\/2025\/02\/olfghusbv-sdolob-300x181.jpg\" alt=\"\" width=\"300\" height=\"181\" srcset=\"https:\/\/www.radiopiu.net\/wordpress\/wp-content\/uploads\/2025\/02\/olfghusbv-sdolob-300x181.jpg 300w, https:\/\/www.radiopiu.net\/wordpress\/wp-content\/uploads\/2025\/02\/olfghusbv-sdolob.jpg 609w\" sizes=\"auto, (max-width: 300px) 100vw, 300px\" \/><\/a>OGGI ALLE<\/strong>\u00a0<\/span> \u00a0<strong>9.00\u00a0 LIBER DI LIANA CAVALLET,\u00a0 IL MERCOLEDI MATTINA CON IL LIBRO TRA LE MANI <\/strong><strong>10.10<\/strong>\u00a0 \u00a0CISL LA VOCE PER I LAVORATORI, DI MARCO GAZ OSPITE ALESSIO PICCOLI\u00a0 <strong>10.30 SE NON LA SMETTI TI MANDO DAL PRESIDE, CON LA PROF. MARIA ROSA SALMAZO <\/strong>\u00a0<b>12.30 <\/b>GIORNALE RADIO, EDIZIONE PRINCIPALE<b> 13.20 <\/b>COLLAGE OPERAZIONE NOSTALGIA DI LORIS SCUSSEL <strong>15.10<\/strong> <span style=\"color: #0000ff;\"><strong>AMAZING CALENDAR, IL MERCOLEDI POMERIGGIO CON MIKY E MARINA DALLA NEVEGAL TOUR DI BELLUNO<\/strong><\/span> <strong>16.45<\/strong> LE HIT DI TUTTI I TEMPI CON MIRCO BENCIVENNI <strong>19.20<\/strong> DOMENICA A FORCELLA AURINE, NEL RICORDO DI VALERIO E MARCELLO CON MICHELA E SANTO DE DORIGO E YURI PARISSENTI. (FOTO)<\/p>\n<p>&nbsp;<\/p>\n<p>&nbsp;<\/p>\n<p>&nbsp;<\/p>\n<hr \/>\n<p>&nbsp;<\/p>\n<p>&nbsp;<\/p>\n<div class=\"x11i5rnm xat24cr x1mh8g0r x1vvkbs xtlvy1s x126k92a\">\n<div dir=\"auto\">\n<div dir=\"auto\">\n<p><strong><a class=\"dt-pswp-item\" href=\"https:\/\/www.radiopiu.net\/wordpress\/wp-content\/uploads\/2024\/02\/2d44e751-d8a8-461b-8e22-d8e4e853b032.jpg\" data-dt-img-description=\"\" data-large_image_width=\"1600\" data-large_image_height=\"1200\"><img loading=\"lazy\" decoding=\"async\" class=\"wp-image-373307 alignleft\" src=\"https:\/\/www.radiopiu.net\/wordpress\/wp-content\/uploads\/2024\/02\/2d44e751-d8a8-461b-8e22-d8e4e853b032-300x225.jpg\" alt=\"\" width=\"105\" height=\"79\" srcset=\"https:\/\/www.radiopiu.net\/wordpress\/wp-content\/uploads\/2024\/02\/2d44e751-d8a8-461b-8e22-d8e4e853b032-300x225.jpg 300w, https:\/\/www.radiopiu.net\/wordpress\/wp-content\/uploads\/2024\/02\/2d44e751-d8a8-461b-8e22-d8e4e853b032-1024x768.jpg 1024w, https:\/\/www.radiopiu.net\/wordpress\/wp-content\/uploads\/2024\/02\/2d44e751-d8a8-461b-8e22-d8e4e853b032-768x576.jpg 768w, https:\/\/www.radiopiu.net\/wordpress\/wp-content\/uploads\/2024\/02\/2d44e751-d8a8-461b-8e22-d8e4e853b032-1536x1152.jpg 1536w, https:\/\/www.radiopiu.net\/wordpress\/wp-content\/uploads\/2024\/02\/2d44e751-d8a8-461b-8e22-d8e4e853b032.jpg 1600w\" sizes=\"auto, (max-width: 105px) 100vw, 105px\" \/><\/a>EL BAL DEL FIOR, DI GIULIANA DA RONCH, 19 FEBBRAIO<\/strong><strong> 2025<\/strong><\/p>\n<p>&nbsp;<\/p>\n<audio class=\"wp-audio-shortcode\" id=\"audio-435240-1\" preload=\"none\" style=\"width: 100%;\" controls=\"controls\"><source type=\"audio\/mpeg\" src=\"https:\/\/www.radiopiu.net\/wordpress\/wp-content\/uploads\/2025\/02\/GME-2.mp3?_=1\" \/><a href=\"https:\/\/www.radiopiu.net\/wordpress\/wp-content\/uploads\/2025\/02\/GME-2.mp3\">https:\/\/www.radiopiu.net\/wordpress\/wp-content\/uploads\/2025\/02\/GME-2.mp3<\/a><\/audio>\n<p>&nbsp;<\/p>\n<p>&nbsp;<\/p>\n<hr \/>\n<p>&nbsp;<\/p>\n<p>&nbsp;<\/p>\n<\/div>\n<\/div>\n<\/div>\n<div class=\"x11i5rnm xat24cr x1mh8g0r x1vvkbs xtlvy1s x126k92a\">\n<blockquote>\n<h1><strong><a class=\"dt-pswp-item\" href=\"https:\/\/www.radiopiu.net\/wordpress\/wp-content\/uploads\/2024\/10\/629301fd-708d-4f53-95c2-d28cbefd500f.jpg\" data-dt-img-description=\"\" data-large_image_width=\"1600\" data-large_image_height=\"1322\"><img loading=\"lazy\" decoding=\"async\" class=\"wp-image-413782 alignright\" src=\"https:\/\/www.radiopiu.net\/wordpress\/wp-content\/uploads\/2024\/10\/629301fd-708d-4f53-95c2-d28cbefd500f-300x248.jpg\" alt=\"\" width=\"106\" height=\"88\" srcset=\"https:\/\/www.radiopiu.net\/wordpress\/wp-content\/uploads\/2024\/10\/629301fd-708d-4f53-95c2-d28cbefd500f-300x248.jpg 300w, https:\/\/www.radiopiu.net\/wordpress\/wp-content\/uploads\/2024\/10\/629301fd-708d-4f53-95c2-d28cbefd500f-1024x846.jpg 1024w, https:\/\/www.radiopiu.net\/wordpress\/wp-content\/uploads\/2024\/10\/629301fd-708d-4f53-95c2-d28cbefd500f-768x635.jpg 768w, https:\/\/www.radiopiu.net\/wordpress\/wp-content\/uploads\/2024\/10\/629301fd-708d-4f53-95c2-d28cbefd500f-1536x1269.jpg 1536w, https:\/\/www.radiopiu.net\/wordpress\/wp-content\/uploads\/2024\/10\/629301fd-708d-4f53-95c2-d28cbefd500f.jpg 1600w\" sizes=\"auto, (max-width: 106px) 100vw, 106px\" \/><\/a><\/strong><\/h1>\n<h1><strong><a class=\"dt-pswp-item\" href=\"https:\/\/www.radiopiu.net\/wordpress\/wp-content\/uploads\/2024\/11\/th-18.jpg\" data-dt-img-description=\"\" data-large_image_width=\"156\" data-large_image_height=\"180\"><img loading=\"lazy\" decoding=\"async\" class=\"size-full wp-image-421611 alignleft\" src=\"https:\/\/www.radiopiu.net\/wordpress\/wp-content\/uploads\/2024\/11\/th-18.jpg\" alt=\"\" width=\"156\" height=\"180\" \/><\/a><\/strong><\/h1>\n<h1><strong>N di parom &#8211; L Almanach de la nosta jent<\/strong><\/h1>\n<\/blockquote>\n<p>&nbsp;<\/p>\n<p>Le voci: Davide Conedera, Agordo, Michela Dell&#8217;Osbel, La Valle Agordina Simone Ganz, Falcade Veronica Lezuo, Colle Santa Lucia. La voce nella sigla \u00e8 di Giorgia Taio<\/p>\n<p><strong>LA PUNTATA DI OGGI, 19 FEBBRAIO 2025<\/strong><\/p>\n<audio class=\"wp-audio-shortcode\" id=\"audio-435240-2\" preload=\"none\" style=\"width: 100%;\" controls=\"controls\"><source type=\"audio\/mpeg\" src=\"https:\/\/www.radiopiu.net\/wordpress\/wp-content\/uploads\/2025\/02\/AL3-2.mp3?_=2\" \/><a href=\"https:\/\/www.radiopiu.net\/wordpress\/wp-content\/uploads\/2025\/02\/AL3-2.mp3\">https:\/\/www.radiopiu.net\/wordpress\/wp-content\/uploads\/2025\/02\/AL3-2.mp3<\/a><\/audio>\n<p>&nbsp;<\/p>\n<p>&nbsp;<\/p>\n<\/div>\n<div class=\"x11i5rnm xat24cr x1mh8g0r x1vvkbs xtlvy1s x126k92a\">\n<div dir=\"auto\">\n<hr \/>\n<\/div>\n<\/div>\n<blockquote>\n<blockquote>\n<h1><span style=\"color: #ff0000;\">\u00a0<\/span><\/h1>\n<h1><span style=\"color: #ff0000;\">I podcast informativi del mattino &#8211; audio &#8211;\u00a0\u00a0<\/span><\/h1>\n<\/blockquote>\n<p><strong><a class=\"dt-pswp-item\" href=\"https:\/\/www.radiopiu.net\/wordpress\/wp-content\/uploads\/2024\/11\/6.jpg\" data-dt-img-description=\"\" data-large_image_width=\"177\" data-large_image_height=\"180\"><img loading=\"lazy\" decoding=\"async\" class=\"size-full wp-image-417911 alignleft\" src=\"https:\/\/www.radiopiu.net\/wordpress\/wp-content\/uploads\/2024\/11\/6.jpg\" alt=\"\" width=\"177\" height=\"180\" \/><\/a>LA RASSEGNA STAMPA NAZIONALE ALLA RADIO, OGNI GIORNO ALLE 5 E ALLE 6 DEL MATTINO <span style=\"color: #0000ff;\">viene pubblicata alle 6.00 <span style=\"color: #ff0000;\">DIRETTA RADIO\u00a0 \u00a0\u00a0<\/span><\/span><\/strong><\/p><\/blockquote>\n<p>&nbsp;<\/p>\n<p><strong>NOTIZIE DELLA NOTTE<\/strong><\/p>\n<p><strong>Vietnam<\/strong>, nuova linea ferroviaria con la Cina da 8 miliardi <strong>Usa,<\/strong> Trump silura tutti i procuratori dell&#8217;era Biden <strong>Los Angeles,<\/strong> assolto il rapper A$AP Rocky per sparatoria <strong>Brasile<\/strong>, Bolsonaro accusato di progetto di colpo di Stato <strong>Ucraina,<\/strong> dal mar Nero attacco con droni su Odessa<br \/>\n<strong>Trump<\/strong>, incontrer\u00f2 Putin probabilmente entro fine mese <strong>Champions:<\/strong> il Bruges vince 3-1, Atalanta eliminata <strong>Roma<\/strong> Cassazione conferma l&#8217;ergastolo per l&#8217;ex infermiera di Piombino <strong>Napoli<\/strong> Cade durante potatura, muore un 52enne <strong>Milano<\/strong> Giovane trovata morta in un bosco con mani e piedi legati Un uomo denunciato in Brianza per occultamento di cadavere<\/p>\n<h2>AUDIO dalle 6 del mattino<\/h2>\n<audio class=\"wp-audio-shortcode\" id=\"audio-435240-3\" preload=\"none\" style=\"width: 100%;\" controls=\"controls\"><source type=\"audio\/mpeg\" src=\"https:\/\/www.radiopiu.net\/wordpress\/wp-content\/uploads\/2025\/02\/GIORNALEDELLESEI-14.mp3?_=3\" \/><a href=\"https:\/\/www.radiopiu.net\/wordpress\/wp-content\/uploads\/2025\/02\/GIORNALEDELLESEI-14.mp3\">https:\/\/www.radiopiu.net\/wordpress\/wp-content\/uploads\/2025\/02\/GIORNALEDELLESEI-14.mp3<\/a><\/audio>\n<p>&nbsp;<\/p>\n<p>&nbsp;<\/p>\n<hr \/>\n<p>&nbsp;<\/p>\n<h1 style=\"text-align: center;\"><span style=\"color: #ff0000;\"><a class=\"dt-pswp-item\" href=\"https:\/\/www.radiopiu.net\/wordpress\/wp-content\/uploads\/2024\/11\/7.jpg\" data-dt-img-description=\"\" data-large_image_width=\"180\" data-large_image_height=\"180\"><img loading=\"lazy\" decoding=\"async\" class=\"size-full wp-image-417912 alignleft\" src=\"https:\/\/www.radiopiu.net\/wordpress\/wp-content\/uploads\/2024\/11\/7.jpg\" alt=\"\" width=\"180\" height=\"180\" srcset=\"https:\/\/www.radiopiu.net\/wordpress\/wp-content\/uploads\/2024\/11\/7.jpg 180w, https:\/\/www.radiopiu.net\/wordpress\/wp-content\/uploads\/2024\/11\/7-150x150.jpg 150w\" sizes=\"auto, (max-width: 180px) 100vw, 180px\" \/><\/a>I podcast informativi del mattino &#8211; audio &#8211;\u00a0<\/span><\/h1>\n<p><strong>OGNI GIORNO ALLE SETTE DEL MATTINO, LA RASSEGNA STAMPA LOCALE FLASH&#8230; PER CHI VA IN FRETTA. I TITOLI DAI GIORNALI E DAL SITO WWW.RADIOPIU.NET <span style=\"color: #0000ff;\">viene pubblicato alle 7.00<\/span> <span style=\"color: #ff0000;\">DIRETTA RADIO\u00a0<\/span><\/strong><\/p>\n<p><em><span style=\"color: #ff0000;\">per chi va in fretta&#8230; tante notizie in pochi minuti. L&#8217;informazione locale alla radio, ogni ora dalle 7 del mattino alle 19 della sera.\u00a0<\/span><\/em><\/p>\n<p><strong><a class=\"dt-pswp-item\" href=\"https:\/\/www.radiopiu.net\/wordpress\/wp-content\/uploads\/2025\/02\/download-3.jpg\" data-dt-img-description=\"\" data-large_image_width=\"223\" data-large_image_height=\"226\"><img loading=\"lazy\" decoding=\"async\" class=\" wp-image-434732 alignleft\" src=\"https:\/\/www.radiopiu.net\/wordpress\/wp-content\/uploads\/2025\/02\/download-3.jpg\" alt=\"\" width=\"174\" height=\"176\" \/><\/a>VENEZIA<\/strong> La battuta di caccia di Trump jr,la procura apre fascicolo<br \/>\nL&#8217;iniziativa dopo le denunce degli animalisti <strong>VENEZIA<\/strong> Rapina e aggressione a tifosi Inter, denunciati 3 ultras Venezia Sono due maggiorenni e un minorenne <strong>BELLUNO<\/strong> Insegue, insulta e minaccia compagno, arrestata donna a Belluno Era gi\u00e0 stata ammonita dal questore <strong>PADOVA<\/strong> \u00a0in marzo la seconda edizione del World Health Forum Benessere e medicina di precisione al centro del dibattito <strong>VERONA<\/strong> Chiesta la condanna di Mario Cipollini per calunnia a Fanini L&#8217;ex ciclista iridato e la &#8216;guerra&#8217; col suo mentore<strong> VICENZA<\/strong> Alunno &#8216;troppo dotato&#8217; viene bocciato, promosso dal Tar La vicenda in provincia di Vicenza, la scuola non lo ha aiutato <strong>PADOVA<\/strong> Scoperta fabbrica di falsi capi di moda tra Veneto e Lombardia Operazione della Gdf di Padova, la merce venduta sui social<\/p>\n<h1>AUDIO dalle 7 del mattino<\/h1>\n<audio class=\"wp-audio-shortcode\" id=\"audio-435240-4\" preload=\"none\" style=\"width: 100%;\" controls=\"controls\"><source type=\"audio\/mpeg\" src=\"https:\/\/www.radiopiu.net\/wordpress\/wp-content\/uploads\/2025\/02\/GF07-17.mp3?_=4\" \/><a href=\"https:\/\/www.radiopiu.net\/wordpress\/wp-content\/uploads\/2025\/02\/GF07-17.mp3\">https:\/\/www.radiopiu.net\/wordpress\/wp-content\/uploads\/2025\/02\/GF07-17.mp3<\/a><\/audio>\n<p>&nbsp;<\/p>\n<p>&nbsp;<\/p>\n<hr \/>\n<p>&nbsp;<\/p>\n<h1><\/h1>\n<h1 style=\"text-align: center;\"><span style=\"color: #ff0000;\"><a class=\"dt-pswp-item\" href=\"https:\/\/www.radiopiu.net\/wordpress\/wp-content\/uploads\/2024\/11\/th.jpg\" data-dt-img-description=\"\" data-large_image_width=\"148\" data-large_image_height=\"179\"><img loading=\"lazy\" decoding=\"async\" class=\"size-full wp-image-417913 alignleft\" src=\"https:\/\/www.radiopiu.net\/wordpress\/wp-content\/uploads\/2024\/11\/th.jpg\" alt=\"\" width=\"148\" height=\"179\" \/><\/a>I podcast informativi del mattino &#8211; audio &#8211;\u00a0<\/span><\/h1>\n<blockquote><p><strong>GIORNALE RADIO NAZIONALE, EDIZIONE DELLE SETTE <span style=\"color: #0000ff;\">viene pubblicato alle 7.05 <span style=\"color: #ff0000;\">DIRETTA RADIO\u00a0<\/span><\/span><\/strong><\/p><\/blockquote>\n<p><strong>il giornale radionazionale e&#8217; in onda ogni ora, dalle sette del mattino alle venti della sera\u00a0 \u00a0\u00a0<\/strong><\/p>\n<p>&nbsp;<\/p>\n<p><strong><a href=\"https:\/\/www.radiopiu.net\/wordpress\/wp-content\/uploads\/2025\/02\/f7c47351-2122-4ff6-b3a5-f599303f5187-1.webp\"><img loading=\"lazy\" decoding=\"async\" class=\"wp-image-435391 alignleft\" src=\"https:\/\/www.radiopiu.net\/wordpress\/wp-content\/uploads\/2025\/02\/f7c47351-2122-4ff6-b3a5-f599303f5187-1-300x300.webp\" alt=\"\" width=\"181\" height=\"181\" srcset=\"https:\/\/www.radiopiu.net\/wordpress\/wp-content\/uploads\/2025\/02\/f7c47351-2122-4ff6-b3a5-f599303f5187-1-300x300.webp 300w, https:\/\/www.radiopiu.net\/wordpress\/wp-content\/uploads\/2025\/02\/f7c47351-2122-4ff6-b3a5-f599303f5187-1-150x150.webp 150w, https:\/\/www.radiopiu.net\/wordpress\/wp-content\/uploads\/2025\/02\/f7c47351-2122-4ff6-b3a5-f599303f5187-1-768x768.webp 768w, https:\/\/www.radiopiu.net\/wordpress\/wp-content\/uploads\/2025\/02\/f7c47351-2122-4ff6-b3a5-f599303f5187-1.webp 1024w\" sizes=\"auto, (max-width: 181px) 100vw, 181px\" \/><\/a>NAPOLI<\/strong> Bimba sbranata da un pitbull: il padre \u00e8 risultato positivo all&#8217;hashish <strong>NAPOLI<\/strong> Sciame sismico ai Campi Flegrei, da sabato 556 scosse <strong>NAPOLI<\/strong> Lasciato dalla ragazza, 18enne accoltella il nuovo fidanzato <strong>FIRENZE<\/strong> La Cassazione conferma l&#8217;ergastolo per l&#8217;ex infermiera di Piombino La pena ora \u00e8 definitiva per Fausta Bonino <strong>BRESCIA<\/strong> Sedicenne filmata sotto la doccia, condannato Andrea Cassar\u00e0 Un anno e quattro mesi in abbreviato per l&#8217;ex schermidore azzurro <strong>LUCCA<\/strong> Chiesta la condanna di Mario Cipollini per calunnia a Fanini <strong>ROMA<\/strong> Truffa da 3 milioni ai danni della poetessa Gemma Bracco La moglie dell&#8217;ex ministro Baratta era sola in casa al centro di Roma <strong>CESENATICO<\/strong> Maltrattamenti all&#8217;asilo, arrestata un&#8217;educatrice Ai domiciliari dopo un&#8217;indagine dei carabinieri<\/p>\n<h2><span style=\"color: #ff0000;\"><span style=\"color: #0000ff;\">ULTIM&#8217;ORA<\/span> <span style=\"color: #000000;\">AUDIO dalle sette del mattino, ogni ora alla radio EDIZIONE DELLE SETTE<\/span><\/span><\/h2>\n<audio class=\"wp-audio-shortcode\" id=\"audio-435240-5\" preload=\"none\" style=\"width: 100%;\" controls=\"controls\"><source type=\"audio\/mpeg\" src=\"https:\/\/www.radiopiu.net\/wordpress\/wp-content\/uploads\/2025\/02\/giornale07-16.mp3?_=5\" \/><a href=\"https:\/\/www.radiopiu.net\/wordpress\/wp-content\/uploads\/2025\/02\/giornale07-16.mp3\">https:\/\/www.radiopiu.net\/wordpress\/wp-content\/uploads\/2025\/02\/giornale07-16.mp3<\/a><\/audio>\n<hr \/>\n<p>&nbsp;<\/p>\n<p>&nbsp;<\/p>\n<h1><span style=\"color: #ff0000;\"><a class=\"dt-pswp-item\" href=\"https:\/\/www.radiopiu.net\/wordpress\/wp-content\/uploads\/2024\/11\/8.jpg\" data-dt-img-description=\"\" data-large_image_width=\"180\" data-large_image_height=\"180\"><img loading=\"lazy\" decoding=\"async\" class=\"size-full wp-image-417910 alignleft\" src=\"https:\/\/www.radiopiu.net\/wordpress\/wp-content\/uploads\/2024\/11\/8.jpg\" alt=\"\" width=\"180\" height=\"180\" srcset=\"https:\/\/www.radiopiu.net\/wordpress\/wp-content\/uploads\/2024\/11\/8.jpg 180w, https:\/\/www.radiopiu.net\/wordpress\/wp-content\/uploads\/2024\/11\/8-150x150.jpg 150w\" sizes=\"auto, (max-width: 180px) 100vw, 180px\" \/><\/a>I podcast informativi del mattino &#8211; video &#8211;\u00a0<\/span><\/h1>\n<h2 style=\"text-align: left;\"><strong>RASSEGNA STAMPA LOCALE, ORE OTTO<\/strong><\/h2>\n<h2><strong> <span style=\"color: #0000ff;\">viene\u00a0 <\/span><\/strong><strong><span style=\"color: #0000ff;\">pubblicata alle 8.05 <span style=\"color: #ff0000;\">DIRETTA RADIO\u00a0 \u00a0<\/span><\/span><\/strong><strong>DI MIRKO MEZZACASA<\/strong><\/h2>\n<h2><span style=\"color: #ff0000;\"><strong>\u00a0<\/strong><\/span><\/h2>\n<h2><span style=\"color: #ff0000;\"><strong>\u00a0<\/strong><\/span><span style=\"color: #ff0000;\"><strong>VIDEO\u00a0 \u00a0in diretta AGGIORNAMENTO\u00a0 dalle 8 del mattino\u00a0\u00a0<\/strong><\/span><\/h2>\n<p>&nbsp;<\/p>\n<p><iframe loading=\"lazy\" style=\"border: none; overflow: hidden;\" src=\"https:\/\/www.facebook.com\/plugins\/video.php?height=314&amp;href=https%3A%2F%2Fwww.facebook.com%2Fradiopiu%2Fvideos%2F589731557212360%2F&amp;show_text=false&amp;width=560&amp;t=0\" width=\"560\" height=\"314\" frameborder=\"0\" scrolling=\"no\" allowfullscreen=\"allowfullscreen\"><\/iframe><\/p>\n<p>&nbsp;<\/p>\n<p>&nbsp;<\/p>\n<hr \/>\n<p>&nbsp;<\/p>\n<p>&nbsp;<\/p>\n<p>&nbsp;<\/p>\n<p><strong><a class=\"dt-pswp-item\" href=\"https:\/\/www.radiopiu.net\/wordpress\/wp-content\/uploads\/2023\/12\/ANTENNA.png\" data-dt-img-description=\"\" data-large_image_width=\"300\" data-large_image_height=\"166\"><img loading=\"lazy\" decoding=\"async\" class=\"wp-image-366306 alignright\" src=\"https:\/\/www.radiopiu.net\/wordpress\/wp-content\/uploads\/2023\/12\/ANTENNA.png\" alt=\"\" width=\"101\" height=\"56\" \/><\/a><a class=\"dt-pswp-item\" href=\"https:\/\/www.radiopiu.net\/wordpress\/wp-content\/uploads\/2024\/11\/th-17.jpg\" data-dt-img-description=\"\" data-large_image_width=\"224\" data-large_image_height=\"180\"><img loading=\"lazy\" decoding=\"async\" class=\" wp-image-421610 alignleft\" src=\"https:\/\/www.radiopiu.net\/wordpress\/wp-content\/uploads\/2024\/11\/th-17.jpg\" alt=\"\" width=\"167\" height=\"134\" \/><\/a>ogni sera alle 19 le anticipazioni alla radio, quello che poi seguirete nel TELEGIORNALE BELLUNESE\u00a0 in onda alle 19.30 sul CANALE 10 del digitale terrestre.\u00a0\u00a0<\/strong><\/p>\n<p><b>\u00a0\u00a0<\/b><\/p>\n<p><span style=\"color: #ff0000;\"><strong>LE ANTICIPAZIONI DI\u00a0 FABIO FIORAVANZI<\/strong><\/span><\/p>\n<audio class=\"wp-audio-shortcode\" id=\"audio-435240-6\" preload=\"none\" style=\"width: 100%;\" controls=\"controls\"><source type=\"audio\/mpeg\" src=\"https:\/\/www.radiopiu.net\/wordpress\/wp-content\/uploads\/2025\/02\/ANTENNA3-12.mp3?_=6\" \/><a href=\"https:\/\/www.radiopiu.net\/wordpress\/wp-content\/uploads\/2025\/02\/ANTENNA3-12.mp3\">https:\/\/www.radiopiu.net\/wordpress\/wp-content\/uploads\/2025\/02\/ANTENNA3-12.mp3<\/a><\/audio>\n<p>&nbsp;<\/p>\n<p>&nbsp;<\/p>\n<hr \/>\n<p>&nbsp;<\/p>\n<h2><span style=\"color: #ff0000;\">LUNEDI&#8217; 24 ORE DI SCIOPERO PER IL TRASPORTO PUBBLICO<\/span><\/h2>\n<p><strong>BELLUNO<\/strong> Dolomiti Bus ricorda che luned\u00ec 24 febbraio \u00e8 stato indetto uno sciopero nazionale di settore della durata di 24 ore. L&#8217;azienda comunica che prevede la garanzia del servizio dalle 5:40 alle 8:10 e dalle 12:10 alle 15:40. Dolomiti Bus precisa che le corse in partenza prima dell\u2019inizio dello sciopero verranno effettuate regolarmente e che le stesse, una volta iniziate, proseguiranno sino al capolinea. I servizi verranno ripristinati completamente a partire dal giorno successivo<\/p>\n<p>&nbsp;<\/p>\n<p>&nbsp;<\/p>\n<hr \/>\n<p>&nbsp;<\/p>\n<blockquote>\n<h3>FALSO ALLARME PER UN PARAPENDIO E DUE INTERVENTI SULLE PISTE PER IL SUEM 118<\/h3>\n<\/blockquote>\n<p><strong><a class=\"dt-pswp-item\" href=\"https:\/\/www.radiopiu.net\/wordpress\/wp-content\/uploads\/2024\/01\/pordoi-falco-salt-4.jpg\" data-dt-img-description=\"\" data-large_image_width=\"1600\" data-large_image_height=\"1200\"><img loading=\"lazy\" decoding=\"async\" class=\" wp-image-372277 alignleft\" src=\"https:\/\/www.radiopiu.net\/wordpress\/wp-content\/uploads\/2024\/01\/pordoi-falco-salt-4-300x225.jpg\" alt=\"\" width=\"179\" height=\"134\" srcset=\"https:\/\/www.radiopiu.net\/wordpress\/wp-content\/uploads\/2024\/01\/pordoi-falco-salt-4-300x225.jpg 300w, https:\/\/www.radiopiu.net\/wordpress\/wp-content\/uploads\/2024\/01\/pordoi-falco-salt-4-1024x768.jpg 1024w, https:\/\/www.radiopiu.net\/wordpress\/wp-content\/uploads\/2024\/01\/pordoi-falco-salt-4-768x576.jpg 768w, https:\/\/www.radiopiu.net\/wordpress\/wp-content\/uploads\/2024\/01\/pordoi-falco-salt-4-1536x1152.jpg 1536w, https:\/\/www.radiopiu.net\/wordpress\/wp-content\/uploads\/2024\/01\/pordoi-falco-salt-4.jpg 1600w\" sizes=\"auto, (max-width: 179px) 100vw, 179px\" \/><\/a>REDAZIONE\u00a0<\/strong>Sono tre gli interventi principali del Suem 118 nella giornata di ieri.\u00a0 Uno degli interventi pi\u00f9 rilevanti ha avuto luogo a Cortina d&#8217;Ampezzo alle ore 10:46, dove una giovane sciatrice britannica ha subito un trauma sulle piste. Sul posto \u00e8 intervenuto l&#8217;elisoccorso Falco, che ha trasportato la minore all&#8217;ospedale di Belluno per le cure necessarie. Alle 12:48, un altro intervento ha visto coinvolto un uomo di 58 anni di nazionalit\u00e0 polacca sulla Marmolada. L&#8217;uomo ha riportato un politrauma, rendendo necessario il trasporto d&#8217;urgenza con l&#8217;elisoccorso Falco all&#8217;ospedale di Belluno. Nel pomeriggio, alle 15:33, una squadra di soccorritori si \u00e8 recata alla Forcella Rossa, nella zona della Tofana, per una ricognizione legata a un parapendio. Tuttavia, l&#8217;operazione si \u00e8 conclusa con esito negativo, senza necessit\u00e0 di interventi ulteriori. Il SUEM 118 ha monitorato e gestito anche la sicurezza sulle principali piste da sci della provincia.<\/p>\n<p>&nbsp;<\/p>\n<hr \/>\n<p>&nbsp;<\/p>\n<blockquote>\n<div class=\"mb-2 flex gap-3 empty:hidden -ml-2\">\n<div class=\"items-center justify-start rounded-xl p-1 flex\">\n<div class=\"flex items-center\">\n<div class=\"flex items-center pb-0\">\n<blockquote>\n<h3 data-start=\"0\" data-end=\"76\"><strong data-start=\"4\" data-end=\"74\">Rocca di Arsi\u00e8: camper incastrato, intervengono i vigili del fuoco<\/strong><\/h3>\n<\/blockquote>\n<p data-start=\"78\" data-end=\"457\" data-is-last-node=\"\"><strong>ARSIE<\/strong> A Rocca di Arsi\u00e8, un turista \u00e8 rimasto incastrato con il camper nelle strette vie vicino al lago del Corlo. I vigili del fuoco di Feltre e la polizia locale sono intervenuti per liberare il mezzo. Poco dopo, i pompieri sono stati chiamati a Porcen di Seren del Grappa per una canna fumaria surriscaldata, riuscendo a mettere in sicurezza l\u2019abitazione.<\/p>\n<p data-start=\"78\" data-end=\"457\" data-is-last-node=\"\">\n<\/div>\n<\/div>\n<\/div>\n<\/div>\n<p><strong>IERI SERA A VALLE DI CADORE, INCIDENTE SENZA FERITI, DISAGI AL TRAFFICO LIMITATI\u00a0<\/strong><\/p>\n<p><span style=\"color: #ff0000;\">foto BARBARA PAOLAZZI, RADIOCLUB103_TRE RADIO<\/span><\/p><\/blockquote>\n<p><a class=\"dt-pswp-item\" href=\"https:\/\/www.radiopiu.net\/wordpress\/wp-content\/uploads\/2025\/02\/Senza-nome-55.png\" data-dt-img-description=\"\" data-large_image_width=\"473\" data-large_image_height=\"409\"><img loading=\"lazy\" decoding=\"async\" class=\"size-medium wp-image-435402 aligncenter\" src=\"https:\/\/www.radiopiu.net\/wordpress\/wp-content\/uploads\/2025\/02\/Senza-nome-55-300x259.png\" alt=\"\" width=\"300\" height=\"259\" srcset=\"https:\/\/www.radiopiu.net\/wordpress\/wp-content\/uploads\/2025\/02\/Senza-nome-55-300x259.png 300w, https:\/\/www.radiopiu.net\/wordpress\/wp-content\/uploads\/2025\/02\/Senza-nome-55.png 473w\" sizes=\"auto, (max-width: 300px) 100vw, 300px\" \/><\/a><\/p>\n<hr \/>\n<p>&nbsp;<\/p>\n<blockquote>\n<h3>SAN VALENTINO DA INCUBO PER UN UOMO DI 46 ANNI<\/h3>\n<\/blockquote>\n<p><strong><a class=\"dt-pswp-item\" href=\"https:\/\/www.radiopiu.net\/wordpress\/wp-content\/uploads\/2025\/02\/DSC_1316-scaled.jpg\" data-dt-img-description=\"\" data-large_image_width=\"2560\" data-large_image_height=\"1702\"><img loading=\"lazy\" decoding=\"async\" class=\" wp-image-435308 alignleft\" src=\"https:\/\/www.radiopiu.net\/wordpress\/wp-content\/uploads\/2025\/02\/DSC_1316-300x199.jpg\" alt=\"\" width=\"213\" height=\"141\" srcset=\"https:\/\/www.radiopiu.net\/wordpress\/wp-content\/uploads\/2025\/02\/DSC_1316-300x199.jpg 300w, https:\/\/www.radiopiu.net\/wordpress\/wp-content\/uploads\/2025\/02\/DSC_1316-1024x681.jpg 1024w, https:\/\/www.radiopiu.net\/wordpress\/wp-content\/uploads\/2025\/02\/DSC_1316-768x511.jpg 768w, https:\/\/www.radiopiu.net\/wordpress\/wp-content\/uploads\/2025\/02\/DSC_1316-1536x1021.jpg 1536w, https:\/\/www.radiopiu.net\/wordpress\/wp-content\/uploads\/2025\/02\/DSC_1316-2048x1361.jpg 2048w\" sizes=\"auto, (max-width: 213px) 100vw, 213px\" \/><\/a>BELLUNO<\/strong> Un San Valentino da incubo per un uomo di 46 anni, perseguitato ancora una volta dalla sua ex compagna 53enne, nonostante un ammonimento del Questore. Il 14 febbraio 2025, la donna si \u00e8 diretta verso il luogo di lavoro dell\u2019ex, iniziando a insultarlo e minacciarlo. Gli agenti della Squadra Volante, intuendo le sue intenzioni, l\u2019hanno seguita e bloccata prima che la situazione degenerasse. L\u2019uomo ha raccontato che non era la prima volta che subiva molestie, minacce e insulti dalla donna, che gi\u00e0 in passato aveva violato il provvedimento del Questore. Vista la gravit\u00e0 dei fatti, la 53enne \u00e8 stata arrestata in flagranza per stalking (art. 612 bis c.p.) e condotta al carcere femminile della Giudecca, a Venezia. Il GIP ha convalidato l\u2019arresto, disponendo nei suoi confronti il divieto di avvicinamento alla vittima nel raggio di 500 metri e l\u2019applicazione del braccialetto elettronico. La Questura di Belluno prosegue con determinazione il contrasto ai reati del Codice Rosso, tutelando le vittime di atti persecutori che minano la loro serenit\u00e0 e sicurezza psicologica.<\/p>\n<p>&nbsp;<\/p>\n<hr \/>\n<p>&nbsp;<\/p>\n<blockquote>\n<h3>QUARTO CONGRESSO FIM CISL BELLUNO TREVISO. CONFERMATA LA SEGRETERIA GUIDATA DA ALESSIO LOVISOTTO<\/h3>\n<\/blockquote>\n<p><strong>DI BARBARA PAOLAZZI<\/strong><\/p>\n<audio class=\"wp-audio-shortcode\" id=\"audio-435240-7\" preload=\"none\" style=\"width: 100%;\" controls=\"controls\"><source type=\"audio\/mpeg\" src=\"https:\/\/www.radiopiu.net\/wordpress\/wp-content\/uploads\/2025\/02\/PAOLAZZI-CONGRESSO-CISL-LOVISOTTO.mp3?_=7\" \/><a href=\"https:\/\/www.radiopiu.net\/wordpress\/wp-content\/uploads\/2025\/02\/PAOLAZZI-CONGRESSO-CISL-LOVISOTTO.mp3\">https:\/\/www.radiopiu.net\/wordpress\/wp-content\/uploads\/2025\/02\/PAOLAZZI-CONGRESSO-CISL-LOVISOTTO.mp3<\/a><\/audio>\n<p>&nbsp;<\/p>\n<p><strong><a class=\"dt-pswp-item\" href=\"https:\/\/www.radiopiu.net\/wordpress\/wp-content\/uploads\/2025\/02\/Congresso-Fim-Lovisotto-post-elezione-scaled.jpeg\" data-dt-img-description=\"\" data-large_image_width=\"2560\" data-large_image_height=\"1440\"><img loading=\"lazy\" decoding=\"async\" class=\" wp-image-435315 alignleft\" src=\"https:\/\/www.radiopiu.net\/wordpress\/wp-content\/uploads\/2025\/02\/Congresso-Fim-Lovisotto-post-elezione-300x169.jpeg\" alt=\"\" width=\"222\" height=\"125\" srcset=\"https:\/\/www.radiopiu.net\/wordpress\/wp-content\/uploads\/2025\/02\/Congresso-Fim-Lovisotto-post-elezione-300x169.jpeg 300w, https:\/\/www.radiopiu.net\/wordpress\/wp-content\/uploads\/2025\/02\/Congresso-Fim-Lovisotto-post-elezione-1024x576.jpeg 1024w, https:\/\/www.radiopiu.net\/wordpress\/wp-content\/uploads\/2025\/02\/Congresso-Fim-Lovisotto-post-elezione-768x432.jpeg 768w, https:\/\/www.radiopiu.net\/wordpress\/wp-content\/uploads\/2025\/02\/Congresso-Fim-Lovisotto-post-elezione-1536x864.jpeg 1536w, https:\/\/www.radiopiu.net\/wordpress\/wp-content\/uploads\/2025\/02\/Congresso-Fim-Lovisotto-post-elezione-2048x1152.jpeg 2048w\" sizes=\"auto, (max-width: 222px) 100vw, 222px\" \/><\/a>CISON DI VALMARINO (TV)<\/strong> Il quarto Congresso della Fim Cisl Belluno Treviso si \u00e8 concluso con la conferma della Segreteria uscente, guidata da Alessio Lovisotto, affiancato da Matteo Caregnato e Massimo Civiero. L\u2019evento, svoltosi a Castelbrando, ha affrontato il tema &#8220;Oltre la rendita: il lavoro come partecipazione&#8221;, analizzando le sfide del settore metalmeccanico, che coinvolge circa 50mila lavoratori nelle due province. Il dibattito ha evidenziato criticit\u00e0 come disuguaglianze economiche, squilibri commerciali globali e difficolt\u00e0 legate alla transizione energetica nel comparto automotive. La Fim si propone di guidare il cambiamento attraverso il riconoscimento del merito e la tutela dei lavoratori. \u00c8 stata sottolineata l&#8217;importanza della contrattazione collettiva e della partecipazione attiva per un futuro pi\u00f9 equo e sostenibile. Inoltre, il Congresso ha evidenziato la necessit\u00e0 di un welfare solido e adeguato ai nuovi scenari. Lovisotto ha ribadito il ruolo centrale dei delegati sindacali nella difesa dei diritti e nella promozione del dialogo sociale.<\/p>\n\n\t\t\t<style type='text\/css'>\n\t\t\t\t#gallery-1 {\n\t\t\t\t\tmargin: auto;\n\t\t\t\t}\n\t\t\t\t#gallery-1 .gallery-item {\n\t\t\t\t\tfloat: left;\n\t\t\t\t\tmargin-top: 10px;\n\t\t\t\t\ttext-align: center;\n\t\t\t\t\twidth: 33%;\n\t\t\t\t}\n\t\t\t\t#gallery-1 img {\n\t\t\t\t\tborder: 2px solid #cfcfcf;\n\t\t\t\t}\n\t\t\t\t#gallery-1 .gallery-caption {\n\t\t\t\t\tmargin-left: 0;\n\t\t\t\t}\n\t\t\t\t\/* see gallery_shortcode() in wp-includes\/media.php *\/\n\t\t\t<\/style>\n\t\t<div id='gallery-1' class='dt-gallery-container gallery galleryid-435240 gallery-columns-3 gallery-size-thumbnail'><dl class='gallery-item'>\n\t\t\t\t<dt class='gallery-icon landscape'>\n\t\t\t\t\t<a class=\"rollover rollover-zoom dt-pswp-item\" title=\"Congresso Fim-segreteria\" data-dt-img-description=\"\" data-large_image_width=\"2560\" data-large_image_height=\"1440\"href='https:\/\/www.radiopiu.net\/wordpress\/wp-content\/uploads\/2025\/02\/Congresso-Fim-segreteria-scaled.jpeg'><img loading=\"lazy\" decoding=\"async\" width=\"150\" height=\"150\" src=\"https:\/\/www.radiopiu.net\/wordpress\/wp-content\/uploads\/2025\/02\/Congresso-Fim-segreteria-150x150.jpeg\" class=\"attachment-thumbnail size-thumbnail\" alt=\"\" \/><\/a>\n\t\t\t\t<\/dt><\/dl><dl class='gallery-item'>\n\t\t\t\t<dt class='gallery-icon landscape'>\n\t\t\t\t\t<a class=\"rollover rollover-zoom dt-pswp-item\" title=\"Congresso Fim-tavolo\" data-dt-img-description=\"\" data-large_image_width=\"2560\" data-large_image_height=\"1440\"href='https:\/\/www.radiopiu.net\/wordpress\/wp-content\/uploads\/2025\/02\/Congresso-Fim-tavolo-scaled.jpeg'><img loading=\"lazy\" decoding=\"async\" width=\"150\" height=\"150\" src=\"https:\/\/www.radiopiu.net\/wordpress\/wp-content\/uploads\/2025\/02\/Congresso-Fim-tavolo-150x150.jpeg\" class=\"attachment-thumbnail size-thumbnail\" alt=\"\" \/><\/a>\n\t\t\t\t<\/dt><\/dl><dl class='gallery-item'>\n\t\t\t\t<dt class='gallery-icon portrait'>\n\t\t\t\t\t<a class=\"rollover rollover-zoom dt-pswp-item\" title=\"Lovisotto\" data-dt-img-description=\"\" data-large_image_width=\"1488\" data-large_image_height=\"1984\"href='https:\/\/www.radiopiu.net\/wordpress\/wp-content\/uploads\/2025\/02\/Lovisotto.jpeg'><img loading=\"lazy\" decoding=\"async\" width=\"150\" height=\"150\" src=\"https:\/\/www.radiopiu.net\/wordpress\/wp-content\/uploads\/2025\/02\/Lovisotto-150x150.jpeg\" class=\"attachment-thumbnail size-thumbnail\" alt=\"\" \/><\/a>\n\t\t\t\t<\/dt><\/dl><br style=\"clear: both\" \/>\n\t\t\t<\/div>\n\n<p>&nbsp;<\/p>\n<hr \/>\n<div class=\"flex max-w-full flex-col flex-grow\">\n<div class=\"min-h-8 text-message flex w-full flex-col items-end gap-2 whitespace-normal break-words text-start [.text-message+&amp;]:mt-5\" dir=\"auto\" data-message-author-role=\"assistant\" data-message-id=\"ccf16f9c-1233-476e-9c62-673de32804a6\" data-message-model-slug=\"gpt-4o\">\n<div class=\"flex w-full flex-col gap-1 empty:hidden first:pt-[3px]\">\n<div class=\"markdown prose w-full break-words dark:prose-invert dark\">\n<blockquote>\n<div class=\"mceTemp\">\n<h3 style=\"text-align: left;\" data-start=\"0\" data-end=\"73\"><strong data-start=\"4\" data-end=\"71\"><a class=\"dt-pswp-item\" href=\"https:\/\/www.radiopiu.net\/wordpress\/wp-content\/uploads\/2021\/04\/t.jpg\" data-dt-img-description=\"PAOLO PERENZIN\" data-large_image_width=\"200\" data-large_image_height=\"164\"><img loading=\"lazy\" decoding=\"async\" class=\"size-full wp-image-203323 alignleft\" src=\"https:\/\/www.radiopiu.net\/wordpress\/wp-content\/uploads\/2021\/04\/t.jpg\" alt=\"\" width=\"200\" height=\"164\" \/><\/a>Sinistra Italiana Belluno porta la voce della montagna a Napoli<\/strong><\/h3>\n<\/div>\n<\/blockquote>\n<p data-start=\"75\" data-end=\"419\">Sinistra Italiana Belluno parteciper\u00e0 all&#8217;assemblea nazionale di Alleanza Verdi-Sinistra, il 22 e 23 febbraio a Napoli, con Paolo Perenzin, consigliere comunale ed ex sindaco di Feltre. L\u2019obiettivo \u00e8 portare l\u2019attenzione sulle necessit\u00e0 delle aree montane, in particolare sul potenziamento dei servizi pubblici essenziali.<\/p>\n<p data-start=\"421\" data-end=\"711\" data-is-last-node=\"\">Prima dell\u2019evento nazionale, SI Belluno parteciper\u00e0 alla mobilitazione contro il Ddl Sicurezza, sabato alle 15 nel capoluogo, denunciandone i rischi per la libert\u00e0 di protesta. Recentemente, si \u00e8 anche svolta l\u2019assemblea provinciale a Feltre per rafforzare l\u2019azione politica locale.<\/p>\n<\/div>\n<\/div>\n<\/div>\n<\/div>\n<div class=\"mb-2 flex gap-3 empty:hidden -ml-2\">\n<div class=\"items-center justify-start rounded-xl p-1 flex\">\n<div class=\"flex items-center\"><\/div>\n<\/div>\n<\/div>\n<p>&nbsp;<\/p>\n<hr \/>\n<p>&nbsp;<\/p>\n<blockquote>\n<h3>TUTTO PRONTO PER IL CARNEVALE A BELLUNO E CASTION<\/h3>\n<\/blockquote>\n<p><strong>BELLUNO<\/strong> Sono state presentate a Palazzo Rosso le sfilate in programma a Belluno e Castion in occasione del carnevale.<\/p>\n<p><iframe loading=\"lazy\" title=\"CARNEVALE BELLUNO 2025\" width=\"1200\" height=\"675\" src=\"https:\/\/www.youtube.com\/embed\/SjLO7EsXyWA?feature=oembed\" frameborder=\"0\" allow=\"accelerometer; autoplay; clipboard-write; encrypted-media; gyroscope; picture-in-picture; web-share\" referrerpolicy=\"strict-origin-when-cross-origin\" allowfullscreen><\/iframe><\/p>\n<div class=\"articlePlainSubHead\"><\/div>\n<div><\/div>\n<div><\/div>\n<hr \/>\n<p>&nbsp;<\/p>\n<blockquote>\n<h3>BUONA ADESIONE NEL PRIMO SABATO DI STRAORDINARI INCENTIVATI ALLO STABILIMENTO LUXOTTICA DI AGORDO<\/h3>\n<\/blockquote>\n<p><strong><a class=\"dt-pswp-item\" href=\"https:\/\/www.radiopiu.net\/wordpress\/wp-content\/uploads\/2024\/10\/902a739a-1df6-41e1-a96c-0c0594ef87b7.jpg\" data-dt-img-description=\"\" data-large_image_width=\"2048\" data-large_image_height=\"1536\"><img loading=\"lazy\" decoding=\"async\" class=\" wp-image-413932 alignleft\" src=\"https:\/\/www.radiopiu.net\/wordpress\/wp-content\/uploads\/2024\/10\/902a739a-1df6-41e1-a96c-0c0594ef87b7-300x225.jpg\" alt=\"\" width=\"176\" height=\"132\" srcset=\"https:\/\/www.radiopiu.net\/wordpress\/wp-content\/uploads\/2024\/10\/902a739a-1df6-41e1-a96c-0c0594ef87b7-300x225.jpg 300w, https:\/\/www.radiopiu.net\/wordpress\/wp-content\/uploads\/2024\/10\/902a739a-1df6-41e1-a96c-0c0594ef87b7-1024x768.jpg 1024w, https:\/\/www.radiopiu.net\/wordpress\/wp-content\/uploads\/2024\/10\/902a739a-1df6-41e1-a96c-0c0594ef87b7-768x576.jpg 768w, https:\/\/www.radiopiu.net\/wordpress\/wp-content\/uploads\/2024\/10\/902a739a-1df6-41e1-a96c-0c0594ef87b7-1536x1152.jpg 1536w, https:\/\/www.radiopiu.net\/wordpress\/wp-content\/uploads\/2024\/10\/902a739a-1df6-41e1-a96c-0c0594ef87b7.jpg 2048w\" sizes=\"auto, (max-width: 176px) 100vw, 176px\" \/><\/a>AGORDO<\/strong> Buona la prima per le maestranze dello stabilimento EssilorLuxottica di Agordo. Si sono chiusi i primi due fine settimana del 2025 di sabati di straordinario incentivato. L&#8217;8 febbraio il primo sabato incentivato ha registrato una buona adesione tanto che tutti i reparti coinvolti hanno raggiunto una maggiorazione del 100% tranne pulitura e magazzino con il 90% e il taglio lenti con una maggiorazione dell&#8217;80%. Nel sabato del 15 febbraio ancora una buona adesione con tutti i reparti che hanno ricevuto una maggiorazione del 100% tranne la pulitura che si \u00e8 fermata all&#8217;80%. Ricordiamo che la RSU dello stabilimento di Agordo e la dirigenza hanno firmato un accordo che prevede altri due sabati lavorativi per i reparti coinvolti. Nei prossimi due fine settimana saranno chiamati al lavoro solo coloro che nella settimana indicata lavoreranno con il turno mattutino, come successo anche nelle date precedenti.<\/p>\n<p>&nbsp;<\/p>\n<p>&nbsp;<\/p>\n<hr \/>\n<p>&nbsp;<\/p>\n<p>&nbsp;<\/p>\n<p><strong><a href=\"https:\/\/www.radiopiu.net\/wordpress\/wp-content\/uploads\/2025\/02\/c7c49d1b-f7b6-4ea1-bd9c-eaf09ecf12b1.webp\"><img loading=\"lazy\" decoding=\"async\" class=\"wp-image-435392 alignleft\" src=\"https:\/\/www.radiopiu.net\/wordpress\/wp-content\/uploads\/2025\/02\/c7c49d1b-f7b6-4ea1-bd9c-eaf09ecf12b1-300x300.webp\" alt=\"\" width=\"122\" height=\"122\" srcset=\"https:\/\/www.radiopiu.net\/wordpress\/wp-content\/uploads\/2025\/02\/c7c49d1b-f7b6-4ea1-bd9c-eaf09ecf12b1-300x300.webp 300w, https:\/\/www.radiopiu.net\/wordpress\/wp-content\/uploads\/2025\/02\/c7c49d1b-f7b6-4ea1-bd9c-eaf09ecf12b1-150x150.webp 150w, https:\/\/www.radiopiu.net\/wordpress\/wp-content\/uploads\/2025\/02\/c7c49d1b-f7b6-4ea1-bd9c-eaf09ecf12b1-768x768.webp 768w, https:\/\/www.radiopiu.net\/wordpress\/wp-content\/uploads\/2025\/02\/c7c49d1b-f7b6-4ea1-bd9c-eaf09ecf12b1.webp 1024w\" sizes=\"auto, (max-width: 122px) 100vw, 122px\" \/><\/a>LA GIUDIZIARIA<\/strong><br \/>\n<strong>OGGI SUL CORRIERE DELLE ALPI (SINTESI)<\/strong><br \/>\n<strong>GIGI SOSSO<\/strong><\/p>\n<p><strong>FELTRE<\/strong> \u00a0tre inquilini macedoni avrebbero aggredito il padrone di casa, prendendolo per le orecchie e colpendolo con pugni e spinte, per un problema alla porta. L\u2019uomo ha riportato quattro giorni di prognosi. Il processo per lesioni aggravate e minacce \u00e8 stato rinviato al 10 giugno per mancanza di un interprete.<\/p>\n<h3 data-start=\"0\" data-end=\"56\"><strong data-start=\"4\" data-end=\"54\">Taibon: furto a scuola, due giovani a processo<\/strong><\/h3>\n<p data-start=\"58\" data-end=\"416\" data-is-last-node=\"\"><strong>TAIBON\u00a0<\/strong> la scuola Pio Soccol e un bidello sono stati derubati. DM (21 anni) \u00e8 accusato di furto aggravato, mentre MR\u00a0di ricettazione. Il primo avrebbe rubato una mountain bike, uno zaino e due computer, il secondo avrebbe tentato di rivenderli. Il processo \u00e8 stato fissato dal giudice Cristina Cittolin.<\/p>\n<h3 data-start=\"0\" data-end=\"66\"><strong data-start=\"4\" data-end=\"64\">Rissa in Piazza dei Martiri: quattro imputati a processo<\/strong><\/h3>\n<p data-start=\"68\" data-end=\"381\"><strong>BELLUNO<\/strong> Il 29 luglio 2022, una violenta rissa a pugni, calci e sediate \u00e8 scoppiata in Piazza dei Martiri, coinvolgendo AB, MB, MS e BE. L\u2019episodio, ripreso dalle telecamere di videosorveglianza, non sarebbe legato alla manifestazione gastronomica in corso. AB, ritenuto possibile istigatore, \u00e8 gi\u00e0 detenuto a Santa Maria Maggiore per altri reati. La rissa ha causato ferite ai partecipanti, con prognosi fino a venti giorni. Oltre alla rissa, AB \u00e8 accusato di oltraggio a pubblico ufficiale. Il processo inizier\u00e0 il 27 maggio.<\/p>\n<div class=\"flex max-w-full flex-col flex-grow\">\n<div class=\"min-h-8 text-message flex w-full flex-col items-end gap-2 whitespace-normal break-words text-start [.text-message+&amp;]:mt-5\" dir=\"auto\" data-message-author-role=\"assistant\" data-message-id=\"b5bebd5a-d116-4b70-8fd4-5934cd1ac144\" data-message-model-slug=\"gpt-4o\">\n<div class=\"flex w-full flex-col gap-1 empty:hidden first:pt-[3px]\">\n<div class=\"markdown prose w-full break-words dark:prose-invert dark\">\n<h3 data-start=\"0\" data-end=\"60\"><strong data-start=\"4\" data-end=\"58\">Writers nei guai per imbrattamento e tentato furto<\/strong><\/h3>\n<p data-start=\"62\" data-end=\"374\"><strong>BELLUNO<\/strong> FS, JZ e A A\u00a0sono accusati di deturpamento, imbrattamento e tentato furto aggravato nell\u2019ex area Zadra di Nogar\u00e8. I tre hanno risarcito la proprietaria per i graffiti, evitando il processo per imbrattamento, ma l\u2019aggravante sul furto impone di proseguire in aula.Tra aprile e luglio 2022, avrebbero vandalizzato il capannone con bombolette spray e tentato di rubare materiale informatico, senza riuscirci. Il giudice Cristina Cittolin ha fissato la prossima udienza per il 7 marzo.<\/p>\n<h3 data-start=\"0\" data-end=\"62\"><strong data-start=\"4\" data-end=\"60\">Raid di furti in Cadore e Ampezzo: 25enne a processo<\/strong><\/h3>\n<p data-start=\"64\" data-end=\"432\" data-is-last-node=\"\"><strong data-start=\"64\" data-end=\"79\">CORTINA <\/strong>AC, 25enne italiano, \u00e8 accusato di furti in appartamenti e locali tra Cortina, San Vito e Pieve di Cadore. Avrebbe rubato denaro, biciclette, gioielli e sigarette, utilizzando anche una carta di credito sottratta. Le indagini dei carabinieri lo hanno collegato a sette episodi. Il processo in rito abbreviato inizier\u00e0 il 10 giugno.<\/p>\n<\/div>\n<\/div>\n<\/div>\n<\/div>\n<div class=\"mb-2 flex gap-3 empty:hidden -ml-2\">\n<div class=\"items-center justify-start rounded-xl p-1 flex\">\n<div class=\"flex items-center\"><\/div>\n<\/div>\n<\/div>\n<p>&nbsp;<\/p>\n<hr \/>\n<p>&nbsp;<\/p>\n<blockquote>\n<h3>OVERTOURISM E NUOVE OPPORTUNITA&#8217; CON &#8220;COSTRUIRE&#8221; 2025<\/h3>\n<\/blockquote>\n<p><strong><a class=\"dt-pswp-item\" href=\"https:\/\/www.radiopiu.net\/wordpress\/wp-content\/uploads\/2025\/02\/fiera-costruire-085.jpg\" data-dt-img-description=\"\" data-large_image_width=\"2048\" data-large_image_height=\"1365\"><img loading=\"lazy\" decoding=\"async\" class=\" wp-image-435326 alignleft\" src=\"https:\/\/www.radiopiu.net\/wordpress\/wp-content\/uploads\/2025\/02\/fiera-costruire-085-300x200.jpg\" alt=\"\" width=\"176\" height=\"117\" srcset=\"https:\/\/www.radiopiu.net\/wordpress\/wp-content\/uploads\/2025\/02\/fiera-costruire-085-300x200.jpg 300w, https:\/\/www.radiopiu.net\/wordpress\/wp-content\/uploads\/2025\/02\/fiera-costruire-085-1024x683.jpg 1024w, https:\/\/www.radiopiu.net\/wordpress\/wp-content\/uploads\/2025\/02\/fiera-costruire-085-768x512.jpg 768w, https:\/\/www.radiopiu.net\/wordpress\/wp-content\/uploads\/2025\/02\/fiera-costruire-085-1536x1024.jpg 1536w, https:\/\/www.radiopiu.net\/wordpress\/wp-content\/uploads\/2025\/02\/fiera-costruire-085.jpg 2048w\" sizes=\"auto, (max-width: 176px) 100vw, 176px\" \/><\/a>LONGARONE<\/strong> Il conto alla rovescia per Milano Cortina 2026 \u00e8 iniziato, coinvolgendo non solo lo sport, ma anche edilizia e ospitalit\u00e0. I cantieri stanno trasformando il paesaggio intorno a Cortina, mentre hotel e privati rinnovano le loro strutture per accogliere i turisti. In questo contesto si inserisce \u201cCostruire\u201d, la fiera dedicata all\u2019edilizia e alla riqualificazione energetica in montagna, in programma a Longarone Fiere Dolomiti dal 21 al 23 febbraio. Con oltre 2 milioni di visitatori attesi, secondo Deloitte le famiglie potrebbero guadagnare in media 2.400 euro affittando le proprie case. La fiera presenter\u00e0 innovazioni come impianti radianti a foglia e sistemi a biomassa, oltre a convegni su edilizia sostenibile, normative e sicurezza. Sar\u00e0 presente anche Arte Fiera Dolomiti, con esposizioni di pittura, scultura e fotografia.<\/p>\n<p>&nbsp;<\/p>\n<p>&nbsp;<\/p>\n<hr \/>\n<p>&nbsp;<\/p>\n<blockquote>\n<h3>L&#8217;ASSEMBLEA ANNUALE DELLA SEZIONE ANA DI FELTRE<\/h3>\n<\/blockquote>\n<p><strong><a class=\"dt-pswp-item\" href=\"https:\/\/www.radiopiu.net\/wordpress\/wp-content\/uploads\/2023\/03\/ALPINI.png\" data-dt-img-description=\"\" data-large_image_width=\"245\" data-large_image_height=\"208\"><img loading=\"lazy\" decoding=\"async\" class=\" wp-image-326487 alignleft\" src=\"https:\/\/www.radiopiu.net\/wordpress\/wp-content\/uploads\/2023\/03\/ALPINI.png\" alt=\"\" width=\"139\" height=\"118\" \/><\/a>FELTRE<\/strong> Domenica 23 febbraio, nell\u2019Auditorium dell\u2019Istituto Canossiane di Feltre, si terr\u00e0 l\u2019Assemblea Generale della Sezione locale dell\u2019Associazione Nazionale Alpini, con il rinnovo del Presidente e del Consiglio direttivo. La giornata inizier\u00e0 alle 7.30 con l\u2019apertura del seggio elettorale, seguita dalla S. Messa alle 8.00 in onore dei Caduti. Alle 9.00 inizier\u00e0 l\u2019Assemblea con le relazioni del Presidente Stefano Mariech e dei vicepresidenti. Seguir\u00e0 la consegna dei riconoscimenti e gli interventi delle Autorit\u00e0, poi la sfilata fino al Monumento ai Caduti, accompagnata dalla Fanfara Alpina di Borsoi d\u2019Alpago. Il pranzo sociale si terr\u00e0 alla Birreria Pedavena. Venerd\u00ec 21 febbraio, alle 20.30, l\u2019evento sar\u00e0 anticipato da una serata culturale con la rappresentazione teatrale e musicale di <em data-start=\"792\" data-end=\"823\">Centomila gavette di ghiaccio<\/em> di Giulio Bedeschi, eseguita da Kamina Teatro con Andrea Brugnera e i cori A.N.A. Piave Feltre e A.N.A. Novale.<\/p>\n<p>&nbsp;<\/p>\n<p>&nbsp;<\/p>\n<hr \/>\n<p>&nbsp;<\/p>\n<h2><span style=\"color: #ff0000;\">CONSIGLI COMUNALI IN AGORDINO, IL COMUNE DI ROCCA PIETORE ESTROMESSO DALL&#8217;ISTITU CULTURAL CESA DE JAN<\/span><\/h2>\n<p><img loading=\"lazy\" decoding=\"async\" class=\"wp-image-78198 alignleft\" src=\"https:\/\/www.radiopiu.net\/wordpress\/wp-content\/uploads\/2019\/03\/icona-cesadejan-1-300x300.jpg\" alt=\"\" width=\"164\" height=\"164\" srcset=\"https:\/\/www.radiopiu.net\/wordpress\/wp-content\/uploads\/2019\/03\/icona-cesadejan-1-300x300.jpg 300w, https:\/\/www.radiopiu.net\/wordpress\/wp-content\/uploads\/2019\/03\/icona-cesadejan-1-150x150.jpg 150w, https:\/\/www.radiopiu.net\/wordpress\/wp-content\/uploads\/2019\/03\/icona-cesadejan-1.jpg 500w\" sizes=\"auto, (max-width: 164px) 100vw, 164px\" \/><\/p>\n<p><strong>ROCCA PIETORE<\/strong> Consiglio comunale oggi alle 20. Tra i punti in discussione lo scioglimento consensuale della convenzione con il comune di Livinallongo per la gestione associata dell&#8217;ufficio di segretario comunale, l&#8217;approvazione dello schema di contratto con ASCA, una variazione a bilancio e <strong>l&#8217;estromissione del comune di Rocca Pietore dall&#8217;Istituto Culturale ladino Cesa de Jan<\/strong><\/p>\n<blockquote>\n<p data-start=\"64\" data-end=\"408\"><em>Il Comune di Rocca Pietore \u00e8 stato escluso dall\u2019Istituto Ladino &#8220;Cesa de Jan&#8221; per il mancato pagamento della quota annuale. La decisione, presa dal Consiglio dell\u2019istituto, ha sollevato amarezza tra i rappresentanti locali, tra cui il sindaco Valerio Davare che ha sottolineato l\u2019importanza dell\u2019appartenenza culturale e tradizionale ladina. La &#8220;Cesa de Jan&#8221;, punto di riferimento per la cultura ladina provinciale, ha applicato il regolamento che prevede l\u2019esclusione in caso di mancato adempimento. L\u2019episodio evidenzia la necessit\u00e0 di sostenere le istituzioni culturali locali per preservare le tradizioni ladine.<\/em><\/p>\n<\/blockquote>\n<p data-start=\"64\" data-end=\"408\"><strong>CANALE D&#8217;AGORDO<\/strong> E&#8217; in programma per mercoled\u00ec 26 febbraio alle 20 il consiglio comunale. Il Sindaco Massimo Murer ha convocato i consiglieri per trattare 9 punti all&#8217;ordine del giorno tra cui l&#8217;aliquota comunale all&#8217;imposta sul reddito, l&#8217;IMU, la verifica delle aree fabbricabili, l&#8217;approvazione del DUP, la nomina del revisore dei conti, l&#8217;approvazione del bilancio 2025\/27 e le revisioni del contratto di concessione in localit\u00e0 Col Mont e Malga Stia.<\/p>\n<blockquote>\n<p data-start=\"64\" data-end=\"408\">\n<\/blockquote>\n<hr \/>\n<blockquote>\n<h3><a class=\"dt-pswp-item\" href=\"https:\/\/www.radiopiu.net\/wordpress\/wp-content\/uploads\/2025\/02\/abbraccia-la-tua-liberta_feltre.jpg\" data-dt-img-description=\"\" data-large_image_width=\"1131\" data-large_image_height=\"1599\"><img loading=\"lazy\" decoding=\"async\" class=\" wp-image-435226 alignleft\" src=\"https:\/\/www.radiopiu.net\/wordpress\/wp-content\/uploads\/2025\/02\/abbraccia-la-tua-liberta_feltre-212x300.jpg\" alt=\"\" width=\"94\" height=\"133\" srcset=\"https:\/\/www.radiopiu.net\/wordpress\/wp-content\/uploads\/2025\/02\/abbraccia-la-tua-liberta_feltre-212x300.jpg 212w, https:\/\/www.radiopiu.net\/wordpress\/wp-content\/uploads\/2025\/02\/abbraccia-la-tua-liberta_feltre-724x1024.jpg 724w, https:\/\/www.radiopiu.net\/wordpress\/wp-content\/uploads\/2025\/02\/abbraccia-la-tua-liberta_feltre-768x1086.jpg 768w, https:\/\/www.radiopiu.net\/wordpress\/wp-content\/uploads\/2025\/02\/abbraccia-la-tua-liberta_feltre-1086x1536.jpg 1086w, https:\/\/www.radiopiu.net\/wordpress\/wp-content\/uploads\/2025\/02\/abbraccia-la-tua-liberta_feltre.jpg 1131w\" sizes=\"auto, (max-width: 94px) 100vw, 94px\" \/><\/a>UN INCONTRO PER PARLARE DI GIOCO D&#8217;AZZARDO<\/h3>\n<\/blockquote>\n<p><strong>FELTRE<\/strong> Il Dipartimento Dipendenze dell\u2019Ulss Dolomiti, in collaborazione con il Comune di Feltre, organizza un evento sulla prevenzione del gioco d\u2019azzardo patologico. L\u2019incontro si terr\u00e0 domani alle 18.00 nella Sala Convegni dell\u2019Ospedale di Feltre e includer\u00e0 un adattamento teatrale de <em data-start=\"299\" data-end=\"313\">Il Giocatore<\/em> di Dostoevskij, a cura di Luca Mauceri. L\u2019ingresso \u00e8 libero fino a esaurimento posti. Inoltre, \u00e8 attivo un gruppo di autoaiuto per chi affronta problemi di gioco d\u2019azzardo, con incontri bisettimanali a Feltre. Per informazioni: 331 6780999 \/ <a rel=\"noopener\" data-start=\"556\" data-end=\"580\">serd.fe@aulss1.veneto.it<\/a>.<\/p>\n<p>&nbsp;<\/p>\n<p>&nbsp;<\/p>\n<hr \/>\n<p>&nbsp;<\/p>\n<blockquote>\n<p data-start=\"0\" data-end=\"60\"><strong data-start=\"0\" data-end=\"58\"><a class=\"dt-pswp-item\" href=\"https:\/\/www.radiopiu.net\/wordpress\/wp-content\/uploads\/2025\/02\/Senza-nome-50.png\" data-dt-img-description=\"\" data-large_image_width=\"180\" data-large_image_height=\"222\"><img loading=\"lazy\" decoding=\"async\" class=\" wp-image-435124 alignleft\" src=\"https:\/\/www.radiopiu.net\/wordpress\/wp-content\/uploads\/2025\/02\/Senza-nome-50.png\" alt=\"\" width=\"119\" height=\"147\" \/><\/a>Longarone: corso gratuito per l\u2019uso del defibrillatore<\/strong><\/p>\n<\/blockquote>\n<p><strong>LONGARONE<\/strong> si terr\u00e0 a marzo un corso gratuito B.L.S.D. (Basic Life Support and Defibrillation) per insegnare l\u2019uso del defibrillatore semiautomatico esterno e le tecniche di rianimazione. L\u2019iniziativa, promossa dal Comune con la Pro Loco e altre associazioni, mira a formare cittadini in grado di gestire emergenze cardiache. Due defibrillatori sono gi\u00e0 presenti in paese, ma la conoscenza del loro utilizzo \u00e8 fondamentale. Iscrizioni entro il 9 marzo tramite la Pro Loco di Longarone.<\/p>\n<p>&nbsp;<\/p>\n<p>&nbsp;<\/p>\n<hr \/>\n<p>&nbsp;<\/p>\n<p><strong><a class=\"dt-pswp-item\" href=\"https:\/\/www.radiopiu.net\/wordpress\/wp-content\/uploads\/2024\/11\/AMICI-MINERARI.png\" data-dt-img-description=\"\" data-large_image_width=\"209\" data-large_image_height=\"174\"><img loading=\"lazy\" decoding=\"async\" class=\" wp-image-419180 alignleft\" src=\"https:\/\/www.radiopiu.net\/wordpress\/wp-content\/uploads\/2024\/11\/AMICI-MINERARI.png\" alt=\"\" width=\"168\" height=\"140\" \/><\/a>&#8220;Con gli Amici dei Minerari: Serate d&#8217;Inverno \u2013 un viaggio tra storia, scienza e meraviglie. Incontri presso la Sala con Tamis. Non mancare!&#8221;<\/strong><\/p>\n<ul>\n<li><em>Venerd\u00ec 21 febbraio, ore 20:30<\/em>: &#8220;Il traforo del Brennero: studio, progettazione e realizzazione&#8221; \u2013 Relatori Vittorio Fenti e Mario Guadagnini.<\/li>\n<\/ul>\n<p><strong>Vivi la cultura e la passione per la montagna!\u00a0<\/strong><\/p>\n<p>&nbsp;<\/p>\n<p>&nbsp;<\/p>\n<hr \/>\n<p>&nbsp;<\/p>\n<blockquote>\n<h2><a class=\"dt-pswp-item\" href=\"https:\/\/www.radiopiu.net\/wordpress\/wp-content\/uploads\/2024\/01\/Foto-Carnevale_0001-9-scaled.jpg\" data-dt-img-description=\"\" data-large_image_width=\"1825\" data-large_image_height=\"2560\"><img loading=\"lazy\" decoding=\"async\" class=\"wp-image-371954 alignleft\" src=\"https:\/\/www.radiopiu.net\/wordpress\/wp-content\/uploads\/2024\/01\/Foto-Carnevale_0001-9-214x300.jpg\" alt=\"\" width=\"85\" height=\"119\" srcset=\"https:\/\/www.radiopiu.net\/wordpress\/wp-content\/uploads\/2024\/01\/Foto-Carnevale_0001-9-214x300.jpg 214w, https:\/\/www.radiopiu.net\/wordpress\/wp-content\/uploads\/2024\/01\/Foto-Carnevale_0001-9-730x1024.jpg 730w, https:\/\/www.radiopiu.net\/wordpress\/wp-content\/uploads\/2024\/01\/Foto-Carnevale_0001-9-768x1078.jpg 768w, https:\/\/www.radiopiu.net\/wordpress\/wp-content\/uploads\/2024\/01\/Foto-Carnevale_0001-9-1095x1536.jpg 1095w, https:\/\/www.radiopiu.net\/wordpress\/wp-content\/uploads\/2024\/01\/Foto-Carnevale_0001-9-1460x2048.jpg 1460w, https:\/\/www.radiopiu.net\/wordpress\/wp-content\/uploads\/2024\/01\/Foto-Carnevale_0001-9-scaled.jpg 1825w\" sizes=\"auto, (max-width: 85px) 100vw, 85px\" \/><\/a>APPUNTAMENTI COL CARNEVALE<\/h2>\n<\/blockquote>\n<p>Ritorna carnevai de la vai, mascherate tradizionali delle dolomiti agordine.\u00a0 I prossimi appuntamenti: 22 febbraio LASTE DI ROCCA PIETORE, 23 febbraio a Rivamonte Agordino, 1 Marzo Sottoguda di Rocca Pietore, e 2 marzo a CANALE D&#8217;AGORDO aspettiamo anche te, con la tua maschera, tradizionale o di fantasia<\/p>\n<p><a class=\"dt-pswp-item\" href=\"https:\/\/www.radiopiu.net\/wordpress\/wp-content\/uploads\/2025\/02\/d553bc54-e3f2-40d2-9391-c5f1f404c169.jpg\" data-dt-img-description=\"\" data-large_image_width=\"1127\" data-large_image_height=\"1600\"><img loading=\"lazy\" decoding=\"async\" class=\"aligncenter wp-image-435039 size-large\" src=\"https:\/\/www.radiopiu.net\/wordpress\/wp-content\/uploads\/2025\/02\/d553bc54-e3f2-40d2-9391-c5f1f404c169-721x1024.jpg\" alt=\"\" width=\"721\" height=\"1024\" srcset=\"https:\/\/www.radiopiu.net\/wordpress\/wp-content\/uploads\/2025\/02\/d553bc54-e3f2-40d2-9391-c5f1f404c169-721x1024.jpg 721w, https:\/\/www.radiopiu.net\/wordpress\/wp-content\/uploads\/2025\/02\/d553bc54-e3f2-40d2-9391-c5f1f404c169-211x300.jpg 211w, https:\/\/www.radiopiu.net\/wordpress\/wp-content\/uploads\/2025\/02\/d553bc54-e3f2-40d2-9391-c5f1f404c169-768x1090.jpg 768w, https:\/\/www.radiopiu.net\/wordpress\/wp-content\/uploads\/2025\/02\/d553bc54-e3f2-40d2-9391-c5f1f404c169-1082x1536.jpg 1082w, https:\/\/www.radiopiu.net\/wordpress\/wp-content\/uploads\/2025\/02\/d553bc54-e3f2-40d2-9391-c5f1f404c169.jpg 1127w\" sizes=\"auto, (max-width: 721px) 100vw, 721px\" \/><\/a><\/p>\n<p>&nbsp;<\/p>\n<hr \/>\n<p>&nbsp;<\/p>\n<div class=\"flex max-w-full flex-col flex-grow\">\n<div class=\"min-h-8 text-message flex w-full flex-col items-end gap-2 whitespace-normal break-words text-start [.text-message+&amp;]:mt-5\" dir=\"auto\" data-message-author-role=\"assistant\" data-message-id=\"14ffa75b-69da-4a7a-8e57-5b29d3308788\" data-message-model-slug=\"gpt-4o\">\n<div class=\"flex w-full flex-col gap-1 empty:hidden first:pt-[3px]\">\n<div class=\"markdown prose w-full break-words dark:prose-invert dark\">\n<blockquote>\n<p data-start=\"0\" data-end=\"71\"><strong data-start=\"0\" data-end=\"69\">Rivamonte Agordino: torna la mascherata arcaica degli Olt da Riva<\/strong><\/p>\n<\/blockquote>\n<p data-start=\"73\" data-end=\"438\"><strong>RIVAMONTE<\/strong> La tradizionale mascherata degli Olt da Riva e compagnia bela torna per la quinta edizione a Rivamonte Agordino, celebrando le antiche figure carnevalesche locali. Il corteo domenica 23 febbraio partir\u00e0 alle 14:30 dal Ristorante Al Molin, attraversando il paese tra musica e balli, per poi concludersi in piazza con intrattenimenti e il concorso per le maschere pi\u00f9 belle. L\u2019evento, organizzato dalla Pro Loco APS e dal Gruppo Folk del P\u00f3i, fa parte della rete delle Mascherate Arcaiche Dolomitiche, che ha presentato la candidatura all\u2019Unesco come Bene Immateriale.<\/p>\n<\/div>\n<\/div>\n<\/div>\n<\/div>\n<div class=\"mb-2 flex gap-3 empty:hidden -ml-2\">\n<div class=\"items-center justify-start rounded-xl p-1 flex\"><\/div>\n<\/div>\n\n\t\t\t<style type='text\/css'>\n\t\t\t\t#gallery-2 {\n\t\t\t\t\tmargin: auto;\n\t\t\t\t}\n\t\t\t\t#gallery-2 .gallery-item {\n\t\t\t\t\tfloat: left;\n\t\t\t\t\tmargin-top: 10px;\n\t\t\t\t\ttext-align: center;\n\t\t\t\t\twidth: 33%;\n\t\t\t\t}\n\t\t\t\t#gallery-2 img {\n\t\t\t\t\tborder: 2px solid #cfcfcf;\n\t\t\t\t}\n\t\t\t\t#gallery-2 .gallery-caption {\n\t\t\t\t\tmargin-left: 0;\n\t\t\t\t}\n\t\t\t\t\/* see gallery_shortcode() in wp-includes\/media.php *\/\n\t\t\t<\/style>\n\t\t<div id='gallery-2' class='dt-gallery-container gallery galleryid-435240 gallery-columns-3 gallery-size-thumbnail'><dl class='gallery-item'>\n\t\t\t\t<dt class='gallery-icon landscape'>\n\t\t\t\t\t<a class=\"rollover rollover-zoom dt-pswp-item\" title=\"Riva6\" data-dt-img-description=\"\" data-large_image_width=\"1218\" data-large_image_height=\"867\"href='https:\/\/www.radiopiu.net\/wordpress\/wp-content\/uploads\/2025\/02\/Riva6.jpg'><img loading=\"lazy\" decoding=\"async\" width=\"150\" height=\"150\" src=\"https:\/\/www.radiopiu.net\/wordpress\/wp-content\/uploads\/2025\/02\/Riva6-150x150.jpg\" class=\"attachment-thumbnail size-thumbnail\" alt=\"\" \/><\/a>\n\t\t\t\t<\/dt><\/dl><dl class='gallery-item'>\n\t\t\t\t<dt class='gallery-icon landscape'>\n\t\t\t\t\t<a class=\"rollover rollover-zoom dt-pswp-item\" title=\"Riva5\" data-dt-img-description=\"\" data-large_image_width=\"1423\" data-large_image_height=\"845\"href='https:\/\/www.radiopiu.net\/wordpress\/wp-content\/uploads\/2025\/02\/Riva5.jpg'><img loading=\"lazy\" decoding=\"async\" width=\"150\" height=\"150\" src=\"https:\/\/www.radiopiu.net\/wordpress\/wp-content\/uploads\/2025\/02\/Riva5-150x150.jpg\" class=\"attachment-thumbnail size-thumbnail\" alt=\"\" \/><\/a>\n\t\t\t\t<\/dt><\/dl><dl class='gallery-item'>\n\t\t\t\t<dt class='gallery-icon landscape'>\n\t\t\t\t\t<a class=\"rollover rollover-zoom dt-pswp-item\" title=\"Riva3\" data-dt-img-description=\"\" data-large_image_width=\"1507\" data-large_image_height=\"974\"href='https:\/\/www.radiopiu.net\/wordpress\/wp-content\/uploads\/2025\/02\/Riva3.jpg'><img loading=\"lazy\" decoding=\"async\" width=\"150\" height=\"150\" src=\"https:\/\/www.radiopiu.net\/wordpress\/wp-content\/uploads\/2025\/02\/Riva3-150x150.jpg\" class=\"attachment-thumbnail size-thumbnail\" alt=\"\" \/><\/a>\n\t\t\t\t<\/dt><\/dl><br style=\"clear: both\" \/><dl class='gallery-item'>\n\t\t\t\t<dt class='gallery-icon portrait'>\n\t\t\t\t\t<a class=\"rollover rollover-zoom dt-pswp-item\" title=\"Riva1\" data-dt-img-description=\"\" data-large_image_width=\"670\" data-large_image_height=\"681\"href='https:\/\/www.radiopiu.net\/wordpress\/wp-content\/uploads\/2025\/02\/Riva1.jpg'><img loading=\"lazy\" decoding=\"async\" width=\"150\" height=\"150\" src=\"https:\/\/www.radiopiu.net\/wordpress\/wp-content\/uploads\/2025\/02\/Riva1-150x150.jpg\" class=\"attachment-thumbnail size-thumbnail\" alt=\"\" \/><\/a>\n\t\t\t\t<\/dt><\/dl><dl class='gallery-item'>\n\t\t\t\t<dt class='gallery-icon landscape'>\n\t\t\t\t\t<a class=\"rollover rollover-zoom dt-pswp-item\" title=\"Riva2\" data-dt-img-description=\"\" data-large_image_width=\"851\" data-large_image_height=\"615\"href='https:\/\/www.radiopiu.net\/wordpress\/wp-content\/uploads\/2025\/02\/Riva2.jpg'><img loading=\"lazy\" decoding=\"async\" width=\"150\" height=\"150\" src=\"https:\/\/www.radiopiu.net\/wordpress\/wp-content\/uploads\/2025\/02\/Riva2-150x150.jpg\" class=\"attachment-thumbnail size-thumbnail\" alt=\"\" \/><\/a>\n\t\t\t\t<\/dt><\/dl><dl class='gallery-item'>\n\t\t\t\t<dt class='gallery-icon portrait'>\n\t\t\t\t\t<a class=\"rollover rollover-zoom dt-pswp-item\" title=\"Riva4\" data-dt-img-description=\"\" data-large_image_width=\"1080\" data-large_image_height=\"1349\"href='https:\/\/www.radiopiu.net\/wordpress\/wp-content\/uploads\/2025\/02\/Riva4.jpg'><img loading=\"lazy\" decoding=\"async\" width=\"150\" height=\"150\" src=\"https:\/\/www.radiopiu.net\/wordpress\/wp-content\/uploads\/2025\/02\/Riva4-150x150.jpg\" class=\"attachment-thumbnail size-thumbnail\" alt=\"\" \/><\/a>\n\t\t\t\t<\/dt><\/dl><br style=\"clear: both\" \/>\n\t\t\t<\/div>\n\n<p>&nbsp;<\/p>\n<p>&nbsp;<\/p>\n<hr \/>\n<p>&nbsp;<\/p>\n<blockquote>\n<h2><a href=\"https:\/\/www.radiopiu.net\/wordpress\/wp-content\/uploads\/2025\/02\/wo6o5gsi.bmp\"><img loading=\"lazy\" decoding=\"async\" class=\"size-medium wp-image-434597 alignleft\" src=\"https:\/\/www.radiopiu.net\/wordpress\/wp-content\/uploads\/2025\/02\/wo6o5gsi-150x300.jpg\" alt=\"\" width=\"150\" height=\"300\" srcset=\"https:\/\/www.radiopiu.net\/wordpress\/wp-content\/uploads\/2025\/02\/wo6o5gsi-150x300.jpg 150w, https:\/\/www.radiopiu.net\/wordpress\/wp-content\/uploads\/2025\/02\/wo6o5gsi-513x1024.jpg 513w, https:\/\/www.radiopiu.net\/wordpress\/wp-content\/uploads\/2025\/02\/wo6o5gsi-768x1534.jpg 768w, https:\/\/www.radiopiu.net\/wordpress\/wp-content\/uploads\/2025\/02\/wo6o5gsi-769x1536.jpg 769w, https:\/\/www.radiopiu.net\/wordpress\/wp-content\/uploads\/2025\/02\/wo6o5gsi.bmp 801w\" sizes=\"auto, (max-width: 150px) 100vw, 150px\" \/><\/a>DOMENICA 2 MARZO, A CANALE D&#8217;AGORDO &#8220;LA ZINGHENESTA&#8221;<\/h2>\n<\/blockquote>\n<p>&nbsp;<\/p>\n<p><strong>CANALE D&#8217;AGORDO <\/strong>La <strong data-start=\"43\" data-end=\"58\">Zinghen\u00e9sta<\/strong> \u00e8 un&#8217;antica festa in maschera che si svolge a Canale d&#8217;Agordo, l&#8217;ultima domenica di Carnevale. Questa tradizione, risalente al XVIII secolo, \u00e8 stata ripresa nel 2013 dal comitato locale, riscuotendo un ampio consenso.\u00a0 Il termine &#8220;Zinghen\u00e9sta&#8221; si riferisce alla ragazza pi\u00f9 bella del paese, eletta annualmente regina della festa. Durante la celebrazione, la Zinghen\u00e9sta, vestita con abiti tradizionali riccamente decorati, guida una sfilata accompagnata da altre maschere tipiche, come i &#8220;Mati\u00e9i&#8221; e i &#8220;Lach\u00e8&#8221;. La festa prevede una serie di eventi, tra cui la sfilata per le vie del paese, balli tradizionali e il simbolico &#8220;processo al Carnevale&#8221;. La Zinghen\u00e9sta rappresenta un&#8217;occasione per la comunit\u00e0 di Canale d&#8217;Agordo di celebrare le proprie tradizioni culturali e folcloristiche, mantenendo vive usanze secolari e rafforzando l&#8217;identit\u00e0 locale. Particolarmente atteso il processo al Canevale. Appuntamento domenica 2 marzo, a Canale d&#8217;Agordo.<\/p>\n<p>&nbsp;<\/p>\n<hr \/>\n<p>&nbsp;<\/p>\n<blockquote>\n<h4 class=\"articlePlainTitle\"><strong><a class=\"dt-pswp-item\" href=\"https:\/\/www.radiopiu.net\/wordpress\/wp-content\/uploads\/2025\/02\/39e66856-b213-49e8-a12e-be641bc56ee7.jpg\" data-dt-img-description=\"\" data-large_image_width=\"1440\" data-large_image_height=\"1800\"><img loading=\"lazy\" decoding=\"async\" class=\"wp-image-435388 alignleft\" src=\"https:\/\/www.radiopiu.net\/wordpress\/wp-content\/uploads\/2025\/02\/39e66856-b213-49e8-a12e-be641bc56ee7-240x300.jpg\" alt=\"\" width=\"159\" height=\"199\" srcset=\"https:\/\/www.radiopiu.net\/wordpress\/wp-content\/uploads\/2025\/02\/39e66856-b213-49e8-a12e-be641bc56ee7-240x300.jpg 240w, https:\/\/www.radiopiu.net\/wordpress\/wp-content\/uploads\/2025\/02\/39e66856-b213-49e8-a12e-be641bc56ee7-819x1024.jpg 819w, https:\/\/www.radiopiu.net\/wordpress\/wp-content\/uploads\/2025\/02\/39e66856-b213-49e8-a12e-be641bc56ee7-768x960.jpg 768w, https:\/\/www.radiopiu.net\/wordpress\/wp-content\/uploads\/2025\/02\/39e66856-b213-49e8-a12e-be641bc56ee7-1229x1536.jpg 1229w, https:\/\/www.radiopiu.net\/wordpress\/wp-content\/uploads\/2025\/02\/39e66856-b213-49e8-a12e-be641bc56ee7.jpg 1440w\" sizes=\"auto, (max-width: 159px) 100vw, 159px\" \/><\/a>Carneval dei boce domenica la festa<\/strong><\/h4>\n<\/blockquote>\n<div class=\"addthis_sharing_toolbox\" data-url=\"https:\/\/sfoglio.grupponem.it\/share_article.php?article_id=17357057\" data-title=\"Scuola e bidello derubati due giovani a processoCarneval dei boce domenica la festa\"><\/div>\n<div class=\"articlePlainText\"><strong>LA VALLE\u00a0<\/strong> Appuntamento domenica pomeriggio in piazza a La Valle Agordina con il Carneval dei boce, la festa carnevalizia organizzata dalla Pro loco di La Valle e dal Gruppo giovani. L&#8217;appuntamento \u00e8 in programma dalle 14, con giochi per grandi e bambini, punto di ristoro, intrattenimento musicale per tutto il pomeriggio. Il tema proposto \u00e8 quello medievale: le mascherine si sfideranno in gara nelle categorie singolo, coppia e gruppo pi\u00f9 numeroso. In caso di maltempo la festa si terr\u00e0 alle scuole elementari.<\/div>\n<p>&nbsp;<\/p>\n<p>&nbsp;<\/p>\n<hr \/>\n<p>&nbsp;<\/p>\n<blockquote>\n<h3>GIORGIO FORNASIER PRESENTA IL SUO LIBRO<\/h3>\n<\/blockquote>\n<p><strong><a class=\"dt-pswp-item\" href=\"https:\/\/www.radiopiu.net\/wordpress\/wp-content\/uploads\/2022\/12\/GIORGIO-FORNASIER.png\" data-dt-img-description=\"\" data-large_image_width=\"1280\" data-large_image_height=\"992\"><img loading=\"lazy\" decoding=\"async\" class=\" wp-image-312788 alignleft\" src=\"https:\/\/www.radiopiu.net\/wordpress\/wp-content\/uploads\/2022\/12\/GIORGIO-FORNASIER-300x233.png\" alt=\"\" width=\"176\" height=\"137\" srcset=\"https:\/\/www.radiopiu.net\/wordpress\/wp-content\/uploads\/2022\/12\/GIORGIO-FORNASIER-300x233.png 300w, https:\/\/www.radiopiu.net\/wordpress\/wp-content\/uploads\/2022\/12\/GIORGIO-FORNASIER-1024x794.png 1024w, https:\/\/www.radiopiu.net\/wordpress\/wp-content\/uploads\/2022\/12\/GIORGIO-FORNASIER-768x595.png 768w, https:\/\/www.radiopiu.net\/wordpress\/wp-content\/uploads\/2022\/12\/GIORGIO-FORNASIER.png 1280w\" sizes=\"auto, (max-width: 176px) 100vw, 176px\" \/><\/a>BELLUNO<\/strong> Per celebrare i 50 anni del primo Centro di Aiuto alla Vita (CAV) italiano, nato a Firenze nel 1975, il CAV di Belluno ha organizzato la mostra &#8220;Il Rinascimento dei bambini&#8221; sullo Spedale degli Innocenti. L\u2019esposizione, gi\u00e0 presentata al Meeting di Rimini nel 2019, \u00e8 visitabile gratuitamente presso il Palazzo dei Rettori di Belluno fino al 27 febbraio 2025. Fornasier presenter\u00e0 il suo libro <em data-start=\"587\" data-end=\"606\">I fioi de la roda<\/em>, frutto di ricerche sul fenomeno degli esposti in provincia di Belluno, bambini abbandonati nella \u201cruota degli esposti\u201d. Il tema si collega alla missione dell\u2019Istituto degli Innocenti di Firenze e dei 350 CAV italiani, che in 50 anni hanno sostenuto migliaia di donne, permettendo la nascita di 280mila bambini. L\u2019incontro del 20 febbraio sar\u00e0 un\u2019occasione per riscoprire questa storia, ancora viva nei cognomi bellunesi.<\/p>\n<p>&nbsp;<\/p>\n<p>&nbsp;<\/p>\n<hr \/>\n<p>&nbsp;<\/p>\n<blockquote>\n<h3>SI PARLA DI DANTE AL CIRCOLO CULTURALE LA TERRA DEI PADRI<\/h3>\n<\/blockquote>\n<p><strong>BELLUNO <\/strong>Il Circolo culturale \u201cLa Terra dei Padri \u2013 Belluno APS\u201d, in collaborazione con la Lega Nazionale \u2013 Delegazione di Belluno, organizza un ciclo di conferenze intitolato <strong data-start=\"167\" data-end=\"209\">\u201cDante e l\u2019eredit\u00e0 del mondo classico\u201d<\/strong>. La prof.ssa <strong data-start=\"226\" data-end=\"256\">Rosetta Girotto Cannarella<\/strong>, ex docente di greco e latino al Liceo Classico \u201cTiziano\u201d di Belluno, guider\u00e0 tre incontri (20 e 27 marzo, 3 aprile 2025, dalle 18:00 alle 19:00) sulla relazione tra Dante e il mondo classico, approfondendo temi come Virgilio, gli spiriti magni, Ulisse e Paolo e Francesca. Gli incontri si terranno presso la sede del Circolo, in via dei Molini, 10 (Borgo Piave \u2013 Belluno). Per info e iscrizioni: <strong data-start=\"657\" data-end=\"688\"><a rel=\"noopener\" data-start=\"659\" data-end=\"686\">francesco1dematte@gmail.com<\/a><\/strong> o <strong data-start=\"691\" data-end=\"721\">320\/0504334 (WhatsApp\/SMS)<\/strong>.<\/p>\n<p>&nbsp;<\/p>\n<p>&nbsp;<\/p>\n<hr \/>\n<p>&nbsp;<\/p>\n<blockquote>\n<h3>L&#8217;ASSEMBLEA DEL COMITATO DI GEMELLAGGIO AGORDO<\/h3>\n<\/blockquote>\n<p><strong>AGORDO<\/strong> Si svolger\u00e0 stasera alle 20:30 al Bar Schenot di Agordo l&#8217;assemblea annuale del Comitato di Gemellaggio di Agordo. Cinque punti in discussione tra cui la rendicontazione e approvazione del bilancio 2024, il rinnovo del direttivo, il tesseramento e le iniziative e programmi per il 2025.<\/p>\n<p><strong>DI GIANNI SANTOMASO<\/strong><\/p>\n<audio class=\"wp-audio-shortcode\" id=\"audio-435240-8\" preload=\"none\" style=\"width: 100%;\" controls=\"controls\"><source type=\"audio\/mpeg\" src=\"https:\/\/www.radiopiu.net\/wordpress\/wp-content\/uploads\/2025\/02\/GIANNI-COMITATO-DI-GEMELLAGGIO-AGORDO.mp3?_=8\" \/><a href=\"https:\/\/www.radiopiu.net\/wordpress\/wp-content\/uploads\/2025\/02\/GIANNI-COMITATO-DI-GEMELLAGGIO-AGORDO.mp3\">https:\/\/www.radiopiu.net\/wordpress\/wp-content\/uploads\/2025\/02\/GIANNI-COMITATO-DI-GEMELLAGGIO-AGORDO.mp3<\/a><\/audio>\n<p>&nbsp;<\/p>\n<p>&nbsp;<\/p>\n<hr \/>\n<p>&nbsp;<\/p>\n<div class=\"articlePlainSubHead\"><\/div>\n<blockquote>\n<h2 class=\"articlePlainTitle\"><a class=\"dt-pswp-item\" href=\"https:\/\/www.radiopiu.net\/wordpress\/wp-content\/uploads\/2025\/02\/CAI-AGORDO.png\" data-dt-img-description=\"\" data-large_image_width=\"289\" data-large_image_height=\"193\"><img loading=\"lazy\" decoding=\"async\" class=\" wp-image-434594 alignleft\" src=\"https:\/\/www.radiopiu.net\/wordpress\/wp-content\/uploads\/2025\/02\/CAI-AGORDO.png\" alt=\"\" width=\"148\" height=\"99\" \/><\/a>Club alpino: escursione con racchette da neve<\/h2>\n<\/blockquote>\n<div class=\"addthis_sharing_toolbox\" data-url=\"https:\/\/sfoglio.grupponem.it\/share_article.php?article_id=17356956\" data-title=\"Carneval dei boce domenica la festaClub alpino: escursione con racchette da neve\"><strong>AGORDO\u00a0<\/strong> La sezione agordina del Cai, dopo le uscite sul monte Agaro e in Val Zoldana prepara per domenica 9 marzo una nuova escursione con le racchette da neve. La meta sar\u00e0 il Maurerberg (2323 metri di quota) nel gruppo Odle-Plose. Partenza dalla sede Cai alle 6,30. Info e iscrizioni in sezione.<\/div>\n<div><\/div>\n<hr \/>\n<p>&nbsp;<\/p>\n<h1><span style=\"color: #ff6600;\">IERI ALLA RADIO\u00a0\u00a0<\/span><\/h1>\n<h2><span style=\"color: #ff00ff;\">&#8220;DINTORN E FORA VIA&#8221;\u00a0 IL PROGRAMMA\u00a0 A CURA DEL MUSLA<\/span><\/h2>\n<p><strong><a class=\"dt-pswp-item\" href=\"https:\/\/www.radiopiu.net\/wordpress\/wp-content\/uploads\/2024\/09\/GIORNALI.jpg\" data-dt-img-description=\"\" data-large_image_width=\"1280\" data-large_image_height=\"853\"><img loading=\"lazy\" decoding=\"async\" class=\" wp-image-410862 alignleft\" src=\"https:\/\/www.radiopiu.net\/wordpress\/wp-content\/uploads\/2024\/09\/GIORNALI-300x200.jpg\" alt=\"\" width=\"183\" height=\"122\" srcset=\"https:\/\/www.radiopiu.net\/wordpress\/wp-content\/uploads\/2024\/09\/GIORNALI-300x200.jpg 300w, https:\/\/www.radiopiu.net\/wordpress\/wp-content\/uploads\/2024\/09\/GIORNALI-1024x682.jpg 1024w, https:\/\/www.radiopiu.net\/wordpress\/wp-content\/uploads\/2024\/09\/GIORNALI-768x512.jpg 768w, https:\/\/www.radiopiu.net\/wordpress\/wp-content\/uploads\/2024\/09\/GIORNALI.jpg 1280w\" sizes=\"auto, (max-width: 183px) 100vw, 183px\" \/><\/a>PUNTATA DEL 18 FEBBRAIO 2025 MARTINO DAL MAS<\/strong><\/p>\n<audio class=\"wp-audio-shortcode\" id=\"audio-435240-9\" preload=\"none\" style=\"width: 100%;\" controls=\"controls\"><source type=\"audio\/mpeg\" src=\"https:\/\/www.radiopiu.net\/wordpress\/wp-content\/uploads\/2025\/02\/MUSLA-7.mp3?_=9\" \/><a href=\"https:\/\/www.radiopiu.net\/wordpress\/wp-content\/uploads\/2025\/02\/MUSLA-7.mp3\">https:\/\/www.radiopiu.net\/wordpress\/wp-content\/uploads\/2025\/02\/MUSLA-7.mp3<\/a><\/audio>\n<p>&nbsp;<\/p>\n<p><strong>LA RACCOLTA COMPLETA <a href=\"https:\/\/www.radiopiu.net\/wordpress\/musla\/\"><span style=\"color: #3366ff;\">CLICCA QUI<\/span><\/a><\/strong><\/p>\n<p>&nbsp;<\/p>\n<hr \/>\n<p>&nbsp;<\/p>\n<h2><span style=\"color: #ff99cc;\">DI MARTEDI&#8230; POMERIGGIO CON LUISA ALCHINI<\/span><\/h2>\n<p><span style=\"color: #ff0000;\"><strong><a class=\"dt-pswp-item\" href=\"https:\/\/www.radiopiu.net\/wordpress\/wp-content\/uploads\/2025\/02\/LoHFOIHUoS.jpg\" data-dt-img-description=\"\" data-large_image_width=\"354\" data-large_image_height=\"211\"><img loading=\"lazy\" decoding=\"async\" class=\" wp-image-435346 alignleft\" src=\"https:\/\/www.radiopiu.net\/wordpress\/wp-content\/uploads\/2025\/02\/LoHFOIHUoS-300x179.jpg\" alt=\"\" width=\"204\" height=\"122\" srcset=\"https:\/\/www.radiopiu.net\/wordpress\/wp-content\/uploads\/2025\/02\/LoHFOIHUoS-300x179.jpg 300w, https:\/\/www.radiopiu.net\/wordpress\/wp-content\/uploads\/2025\/02\/LoHFOIHUoS.jpg 354w\" sizes=\"auto, (max-width: 204px) 100vw, 204px\" \/><\/a>PUNTATA 32 PARTE UNO &#8211; KATIA VOLTOLINA<\/strong><\/span><\/p>\n<audio class=\"wp-audio-shortcode\" id=\"audio-435240-10\" preload=\"none\" style=\"width: 100%;\" controls=\"controls\"><source type=\"audio\/mpeg\" src=\"https:\/\/www.radiopiu.net\/wordpress\/wp-content\/uploads\/2025\/02\/LP1-1.mp3?_=10\" \/><a href=\"https:\/\/www.radiopiu.net\/wordpress\/wp-content\/uploads\/2025\/02\/LP1-1.mp3\">https:\/\/www.radiopiu.net\/wordpress\/wp-content\/uploads\/2025\/02\/LP1-1.mp3<\/a><\/audio>\n<p><span style=\"color: #ff0000;\">\u00a0<\/span><\/p>\n<p><span style=\"color: #ff0000;\"><strong>PARTE DUE<\/strong><\/span><\/p>\n<audio class=\"wp-audio-shortcode\" id=\"audio-435240-11\" preload=\"none\" style=\"width: 100%;\" controls=\"controls\"><source type=\"audio\/mpeg\" src=\"https:\/\/www.radiopiu.net\/wordpress\/wp-content\/uploads\/2025\/02\/LP2-1.mp3?_=11\" \/><a href=\"https:\/\/www.radiopiu.net\/wordpress\/wp-content\/uploads\/2025\/02\/LP2-1.mp3\">https:\/\/www.radiopiu.net\/wordpress\/wp-content\/uploads\/2025\/02\/LP2-1.mp3<\/a><\/audio>\n<p>&nbsp;<\/p>\n<p><strong>LA RACCOLTA COMPLETA <a href=\"https:\/\/www.radiopiu.net\/wordpress\/lmt32\/\"><span style=\"color: #3366ff;\">CLICCA QUI<\/span><\/a><\/strong><\/p>\n<p>&nbsp;<\/p>\n<hr \/>\n<p>&nbsp;<\/p>\n<h2><span style=\"color: #00ffff;\">DOMENICA A FORCELLA AURINE IL PRIMO MEMORIAL MARCELLO E VALERIO DE DORIGO<\/span><\/h2>\n<p><strong><a class=\"dt-pswp-item\" href=\"https:\/\/www.radiopiu.net\/wordpress\/wp-content\/uploads\/2025\/02\/olfghusbv-sdolob.jpg\" data-dt-img-description=\"\" data-large_image_width=\"609\" data-large_image_height=\"367\"><img loading=\"lazy\" decoding=\"async\" class=\" wp-image-435356 alignleft\" src=\"https:\/\/www.radiopiu.net\/wordpress\/wp-content\/uploads\/2025\/02\/olfghusbv-sdolob-300x181.jpg\" alt=\"\" width=\"210\" height=\"127\" srcset=\"https:\/\/www.radiopiu.net\/wordpress\/wp-content\/uploads\/2025\/02\/olfghusbv-sdolob-300x181.jpg 300w, https:\/\/www.radiopiu.net\/wordpress\/wp-content\/uploads\/2025\/02\/olfghusbv-sdolob.jpg 609w\" sizes=\"auto, (max-width: 210px) 100vw, 210px\" \/><\/a>DI MIRKO MEZZACASA<\/strong><\/p>\n<p>OSPITI: Michela De Dorigo, Yuri Parissenti e Santo De Dorigo<\/p>\n<audio class=\"wp-audio-shortcode\" id=\"audio-435240-12\" preload=\"none\" style=\"width: 100%;\" controls=\"controls\"><source type=\"audio\/mpeg\" src=\"https:\/\/www.radiopiu.net\/wordpress\/wp-content\/uploads\/2025\/02\/SPECIALE-GARA-FORCELLA-1-1.mp3?_=12\" \/><a href=\"https:\/\/www.radiopiu.net\/wordpress\/wp-content\/uploads\/2025\/02\/SPECIALE-GARA-FORCELLA-1-1.mp3\">https:\/\/www.radiopiu.net\/wordpress\/wp-content\/uploads\/2025\/02\/SPECIALE-GARA-FORCELLA-1-1.mp3<\/a><\/audio>\n<p>&nbsp;<\/p>\n<hr \/>\n<p>&nbsp;<\/p>\n<h2><span style=\"color: #000080;\">IL GRUPPO WALBER, CON IL DIRETTORE GENERALE GIOVANNI BIANCO<\/span><\/h2>\n<p><strong><a class=\"dt-pswp-item\" href=\"https:\/\/www.radiopiu.net\/wordpress\/wp-content\/uploads\/2025\/02\/5be532d9-1877-4f6f-99a6-5c5b86814cce.jpg\" data-dt-img-description=\"\" data-large_image_width=\"1600\" data-large_image_height=\"1200\"><img loading=\"lazy\" decoding=\"async\" class=\" wp-image-435209 alignleft\" src=\"https:\/\/www.radiopiu.net\/wordpress\/wp-content\/uploads\/2025\/02\/5be532d9-1877-4f6f-99a6-5c5b86814cce-300x225.jpg\" alt=\"\" width=\"184\" height=\"138\" srcset=\"https:\/\/www.radiopiu.net\/wordpress\/wp-content\/uploads\/2025\/02\/5be532d9-1877-4f6f-99a6-5c5b86814cce-300x225.jpg 300w, https:\/\/www.radiopiu.net\/wordpress\/wp-content\/uploads\/2025\/02\/5be532d9-1877-4f6f-99a6-5c5b86814cce-1024x768.jpg 1024w, https:\/\/www.radiopiu.net\/wordpress\/wp-content\/uploads\/2025\/02\/5be532d9-1877-4f6f-99a6-5c5b86814cce-768x576.jpg 768w, https:\/\/www.radiopiu.net\/wordpress\/wp-content\/uploads\/2025\/02\/5be532d9-1877-4f6f-99a6-5c5b86814cce-1536x1152.jpg 1536w, https:\/\/www.radiopiu.net\/wordpress\/wp-content\/uploads\/2025\/02\/5be532d9-1877-4f6f-99a6-5c5b86814cce.jpg 1600w\" sizes=\"auto, (max-width: 184px) 100vw, 184px\" \/><\/a>DI MIRKO MEZZACASA<\/strong><\/p>\n<p>OSPITE: Giovanni Bianco, Direttore Generale Gruppo Walber<\/p>\n<audio class=\"wp-audio-shortcode\" id=\"audio-435240-13\" preload=\"none\" style=\"width: 100%;\" controls=\"controls\"><source type=\"audio\/mpeg\" src=\"https:\/\/www.radiopiu.net\/wordpress\/wp-content\/uploads\/2025\/02\/giovanni-bianco-febbraio-2025-1.mp3?_=13\" \/><a href=\"https:\/\/www.radiopiu.net\/wordpress\/wp-content\/uploads\/2025\/02\/giovanni-bianco-febbraio-2025-1.mp3\">https:\/\/www.radiopiu.net\/wordpress\/wp-content\/uploads\/2025\/02\/giovanni-bianco-febbraio-2025-1.mp3<\/a><\/audio>\n<p>&nbsp;<\/p>\n<hr \/>\n<p>&nbsp;<\/p>\n<header class=\"entry-header\" aria-label=\"Contenuto\">\n<h2 class=\"entry-title\"><a class=\"dt-pswp-item\" href=\"https:\/\/www.radiopiu.net\/wordpress\/wp-content\/uploads\/2024\/12\/WhatsApp-Image-2024-12-13-at-11.29.03-1.jpg\" data-dt-img-description=\"\" data-large_image_width=\"800\" data-large_image_height=\"382\"><img loading=\"lazy\" decoding=\"async\" class=\"size-medium wp-image-426333 alignleft\" src=\"https:\/\/www.radiopiu.net\/wordpress\/wp-content\/uploads\/2024\/12\/WhatsApp-Image-2024-12-13-at-11.29.03-1-300x143.jpg\" alt=\"\" width=\"300\" height=\"143\" srcset=\"https:\/\/www.radiopiu.net\/wordpress\/wp-content\/uploads\/2024\/12\/WhatsApp-Image-2024-12-13-at-11.29.03-1-300x143.jpg 300w, https:\/\/www.radiopiu.net\/wordpress\/wp-content\/uploads\/2024\/12\/WhatsApp-Image-2024-12-13-at-11.29.03-1-768x367.jpg 768w, https:\/\/www.radiopiu.net\/wordpress\/wp-content\/uploads\/2024\/12\/WhatsApp-Image-2024-12-13-at-11.29.03-1.jpg 800w\" sizes=\"auto, (max-width: 300px) 100vw, 300px\" \/><\/a><span style=\"color: #800080;\">\u201cL\u2019eredit\u00e0 delle Olimpiadi 1956\u201d \u00e8 la trasmissione prodotta da Radio Club 103 e in onda su \u201cLe Tre Radio\u201d con il patrocinio della Fondazione Cortina.\u00a0<\/span><\/h2>\n<\/header>\n<div class=\"entry-content\">\n<p class=\"has-text-align-center\">Un viaggio nel passato che dal\u00a0<strong>17 dic<\/strong>embre e\u00a0per\u00a0due mesi\u00a0e\u00a0mezzo, accompagner\u00e0 alla\u00a0<strong>riscoperta\u00a0delle\u00a0storiche\u00a0Olimpiadi\u00a0Invernali di\u00a0Cortina\u00a0d\u2019Ampezzo\u00a0del\u00a01956<\/strong>, un evento che ha segnato la storia di\u00a0Cortina\u00a0e\u00a0dell\u2019Italia tutta.<\/p>\n<p><strong>PUNTATA 10<\/strong><\/p>\n<audio class=\"wp-audio-shortcode\" id=\"audio-435240-14\" preload=\"none\" style=\"width: 100%;\" controls=\"controls\"><source type=\"audio\/mpeg\" src=\"https:\/\/www.radiopiu.net\/wordpress\/wp-content\/uploads\/2025\/02\/TX-NR.10-1.mp3?_=14\" \/><a href=\"https:\/\/www.radiopiu.net\/wordpress\/wp-content\/uploads\/2025\/02\/TX-NR.10-1.mp3\">https:\/\/www.radiopiu.net\/wordpress\/wp-content\/uploads\/2025\/02\/TX-NR.10-1.mp3<\/a><\/audio>\n<p>&nbsp;<\/p>\n<p><strong>LA RACCOLTA COMPLETA <a href=\"https:\/\/www.radiopiu.net\/wordpress\/tre-radio-ununica-voce-tra-le-dolomiti-il-programma-olimpico\/\"><span style=\"color: #3366ff;\">CLICCA QUI<\/span><\/a><\/strong><\/p>\n<p>&nbsp;<\/p>\n<hr \/>\n<p>&nbsp;<\/p>\n<\/div>\n<h2><span style=\"color: #ff0000;\"><a class=\"dt-pswp-item\" href=\"https:\/\/www.radiopiu.net\/wordpress\/wp-content\/uploads\/2018\/09\/appuntamenti.jpeg\" data-dt-img-description=\"\" data-large_image_width=\"800\" data-large_image_height=\"100\"><img loading=\"lazy\" decoding=\"async\" class=\"wp-image-61958 size-full aligncenter\" src=\"https:\/\/www.radiopiu.net\/wordpress\/wp-content\/uploads\/2018\/09\/appuntamenti.jpeg\" alt=\"\" width=\"800\" height=\"100\" srcset=\"https:\/\/www.radiopiu.net\/wordpress\/wp-content\/uploads\/2018\/09\/appuntamenti.jpeg 800w, https:\/\/www.radiopiu.net\/wordpress\/wp-content\/uploads\/2018\/09\/appuntamenti-300x38.jpeg 300w, https:\/\/www.radiopiu.net\/wordpress\/wp-content\/uploads\/2018\/09\/appuntamenti-768x96.jpeg 768w\" sizes=\"auto, (max-width: 800px) 100vw, 800px\" \/><\/a><\/span><\/h2>\n<blockquote>\n<h3 dir=\"auto\">TORNA IL &#8220;SAVE THE DATE FESTIVAL&#8221; AL RIFUGIO LARESEI<\/h3>\n<\/blockquote>\n<p><strong>FALCADE<\/strong> Appuntamento di fine stagione invernale al Rifugio Laresei. Torna il &#8220;Save The Date Festival&#8221;&#8230;e nelle prossime ore verranno svelate le prime novit\u00e0. La data da segnare sul calendario \u00e8 il 29 marzo 2025.<\/p>\n<div style=\"width: 1200px;\" class=\"wp-video\"><video class=\"wp-video-shortcode\" id=\"video-435240-1\" width=\"1200\" height=\"675\" preload=\"metadata\" controls=\"controls\"><source type=\"video\/mp4\" src=\"https:\/\/www.radiopiu.net\/wordpress\/wp-content\/uploads\/2025\/02\/WhatsApp-Video-2025-02-17-at-15.58.54.mp4?_=1\" \/><a href=\"https:\/\/www.radiopiu.net\/wordpress\/wp-content\/uploads\/2025\/02\/WhatsApp-Video-2025-02-17-at-15.58.54.mp4\">https:\/\/www.radiopiu.net\/wordpress\/wp-content\/uploads\/2025\/02\/WhatsApp-Video-2025-02-17-at-15.58.54.mp4<\/a><\/video><\/div>\n<p>&nbsp;<\/p>\n<div>\n<div class=\"\" dir=\"auto\">\n<div id=\":r9h:\" class=\"x1iorvi4 x1pi30zi x1l90r2v x1swvt13\" data-ad-comet-preview=\"message\" data-ad-preview=\"message\">\n<div>\n<div class=\"\" dir=\"auto\">\n<div id=\":r9h:\" class=\"x1iorvi4 x1pi30zi x1l90r2v x1swvt13\" data-ad-comet-preview=\"message\" data-ad-preview=\"message\">\n<div>\n<div class=\"\" dir=\"auto\">\n<div id=\":r9h:\" class=\"x1iorvi4 x1pi30zi x1l90r2v x1swvt13\" data-ad-comet-preview=\"message\" data-ad-preview=\"message\">\n<div>\n<div class=\"\" dir=\"auto\">\n<div id=\":r9h:\" class=\"x1iorvi4 x1pi30zi x1l90r2v x1swvt13\" data-ad-comet-preview=\"message\" data-ad-preview=\"message\">\n<div>\n<div class=\"\" dir=\"auto\">\n<div id=\":r9h:\" class=\"x1iorvi4 x1pi30zi x1l90r2v x1swvt13\" data-ad-comet-preview=\"message\" data-ad-preview=\"message\">\n<div>\n<div class=\"\" dir=\"auto\">\n<div id=\":r9h:\" class=\"x1iorvi4 x1pi30zi x1l90r2v x1swvt13\" data-ad-comet-preview=\"message\" data-ad-preview=\"message\">\n<div class=\"xdj266r x11i5rnm xat24cr x1mh8g0r x1vvkbs x126k92a\">\n<div dir=\"auto\"><\/div>\n<\/div>\n<div>\n<div class=\"\" dir=\"auto\">\n<div id=\":r9h:\" class=\"x1iorvi4 x1pi30zi x1l90r2v x1swvt13\" data-ad-comet-preview=\"message\" data-ad-preview=\"message\">\n<div>\n<div class=\"\" dir=\"auto\">\n<div id=\":r9h:\" class=\"x1iorvi4 x1pi30zi x1l90r2v x1swvt13\" data-ad-comet-preview=\"message\" data-ad-preview=\"message\">\n\n\t\t\t<style type='text\/css'>\n\t\t\t\t#gallery-3 {\n\t\t\t\t\tmargin: auto;\n\t\t\t\t}\n\t\t\t\t#gallery-3 .gallery-item {\n\t\t\t\t\tfloat: left;\n\t\t\t\t\tmargin-top: 10px;\n\t\t\t\t\ttext-align: center;\n\t\t\t\t\twidth: 25%;\n\t\t\t\t}\n\t\t\t\t#gallery-3 img {\n\t\t\t\t\tborder: 2px solid #cfcfcf;\n\t\t\t\t}\n\t\t\t\t#gallery-3 .gallery-caption {\n\t\t\t\t\tmargin-left: 0;\n\t\t\t\t}\n\t\t\t\t\/* see gallery_shortcode() in wp-includes\/media.php *\/\n\t\t\t<\/style>\n\t\t<div id='gallery-3' class='dt-gallery-container gallery galleryid-435240 gallery-columns-4 gallery-size-thumbnail'><dl class='gallery-item'>\n\t\t\t\t<dt class='gallery-icon portrait'>\n\t\t\t\t\t<a class=\"rollover rollover-zoom dt-pswp-item\" title=\"manifesto serate invernali\" data-dt-img-description=\"\" data-large_image_width=\"1683\" data-large_image_height=\"2383\"href='https:\/\/www.radiopiu.net\/wordpress\/wp-content\/uploads\/2024\/11\/manifesto-serate-invernali.jpg'><img loading=\"lazy\" decoding=\"async\" width=\"150\" height=\"150\" src=\"https:\/\/www.radiopiu.net\/wordpress\/wp-content\/uploads\/2024\/11\/manifesto-serate-invernali-150x150.jpg\" class=\"attachment-thumbnail size-thumbnail\" alt=\"\" aria-describedby=\"gallery-3-418816\" \/><\/a>\n\t\t\t\t<\/dt>\n\t\t\t\t\t<dd class='wp-caption-text gallery-caption' id='gallery-3-418816'>\n\t\t\t\t\t21 FEBBRAIO\n\t\t\t\t\t<\/dd><\/dl><dl class='gallery-item'>\n\t\t\t\t<dt class='gallery-icon portrait'>\n\t\t\t\t\t<a class=\"rollover rollover-zoom dt-pswp-item\" title=\"Locandina Energia al di l\u00e0 dello scientificamente corretto febbraio 2025\" data-dt-img-description=\"\" data-large_image_width=\"1131\" data-large_image_height=\"1600\"href='https:\/\/www.radiopiu.net\/wordpress\/wp-content\/uploads\/2025\/02\/Locandina-Energia-al-di-la-dello-scientificamente-corretto-febbraio-2025.jpg'><img loading=\"lazy\" decoding=\"async\" width=\"150\" height=\"150\" src=\"https:\/\/www.radiopiu.net\/wordpress\/wp-content\/uploads\/2025\/02\/Locandina-Energia-al-di-la-dello-scientificamente-corretto-febbraio-2025-150x150.jpg\" class=\"attachment-thumbnail size-thumbnail\" alt=\"\" aria-describedby=\"gallery-3-434154\" \/><\/a>\n\t\t\t\t<\/dt>\n\t\t\t\t\t<dd class='wp-caption-text gallery-caption' id='gallery-3-434154'>\n\t\t\t\t\t22 FEBBRAIO\n\t\t\t\t\t<\/dd><\/dl><dl class='gallery-item'>\n\t\t\t\t<dt class='gallery-icon portrait'>\n\t\t\t\t\t<a class=\"rollover rollover-zoom dt-pswp-item\" title=\"d4ebb858-0506-4e84-b6ae-28a77bb72b70\" data-dt-img-description=\"\" data-large_image_width=\"1131\" data-large_image_height=\"1600\"href='https:\/\/www.radiopiu.net\/wordpress\/wp-content\/uploads\/2025\/02\/d4ebb858-0506-4e84-b6ae-28a77bb72b70.jpg'><img loading=\"lazy\" decoding=\"async\" width=\"150\" height=\"150\" src=\"https:\/\/www.radiopiu.net\/wordpress\/wp-content\/uploads\/2025\/02\/d4ebb858-0506-4e84-b6ae-28a77bb72b70-150x150.jpg\" class=\"attachment-thumbnail size-thumbnail\" alt=\"\" aria-describedby=\"gallery-3-434311\" \/><\/a>\n\t\t\t\t<\/dt>\n\t\t\t\t\t<dd class='wp-caption-text gallery-caption' id='gallery-3-434311'>\n\t\t\t\t\t22 FEBBRAIO\n\t\t\t\t\t<\/dd><\/dl><dl class='gallery-item'>\n\t\t\t\t<dt class='gallery-icon portrait'>\n\t\t\t\t\t<a class=\"rollover rollover-zoom dt-pswp-item\" title=\"wo6o5gsi\" data-dt-img-description=\"\" data-large_image_width=\"801\" data-large_image_height=\"1600\"href='https:\/\/www.radiopiu.net\/wordpress\/wp-content\/uploads\/2025\/02\/wo6o5gsi.bmp'><img loading=\"lazy\" decoding=\"async\" width=\"150\" height=\"150\" src=\"https:\/\/www.radiopiu.net\/wordpress\/wp-content\/uploads\/2025\/02\/wo6o5gsi-150x150.jpg\" class=\"attachment-thumbnail size-thumbnail\" alt=\"\" aria-describedby=\"gallery-3-434597\" \/><\/a>\n\t\t\t\t<\/dt>\n\t\t\t\t\t<dd class='wp-caption-text gallery-caption' id='gallery-3-434597'>\n\t\t\t\t\t2 MARZO\n\t\t\t\t\t<\/dd><\/dl><br style=\"clear: both\" \/><dl class='gallery-item'>\n\t\t\t\t<dt class='gallery-icon portrait'>\n\t\t\t\t\t<a class=\"rollover rollover-zoom dt-pswp-item\" title=\"dad1d0d2-12e8-494a-9390-929e17ce5985\" data-dt-img-description=\"\" data-large_image_width=\"900\" data-large_image_height=\"1600\"href='https:\/\/www.radiopiu.net\/wordpress\/wp-content\/uploads\/2025\/01\/dad1d0d2-12e8-494a-9390-929e17ce5985.jpg'><img loading=\"lazy\" decoding=\"async\" width=\"150\" height=\"150\" src=\"https:\/\/www.radiopiu.net\/wordpress\/wp-content\/uploads\/2025\/01\/dad1d0d2-12e8-494a-9390-929e17ce5985-150x150.jpg\" class=\"attachment-thumbnail size-thumbnail\" alt=\"\" \/><\/a>\n\t\t\t\t<\/dt><\/dl><dl class='gallery-item'>\n\t\t\t\t<dt class='gallery-icon portrait'>\n\t\t\t\t\t<a class=\"rollover rollover-zoom dt-pswp-item\" title=\"Senza nome\" data-dt-img-description=\"\" data-large_image_width=\"569\" data-large_image_height=\"801\"href='https:\/\/www.radiopiu.net\/wordpress\/wp-content\/uploads\/2025\/02\/Senza-nome-23.png'><img loading=\"lazy\" decoding=\"async\" width=\"150\" height=\"150\" src=\"https:\/\/www.radiopiu.net\/wordpress\/wp-content\/uploads\/2025\/02\/Senza-nome-23-150x150.png\" class=\"attachment-thumbnail size-thumbnail\" alt=\"\" \/><\/a>\n\t\t\t\t<\/dt><\/dl><dl class='gallery-item'>\n\t\t\t\t<dt class='gallery-icon landscape'>\n\t\t\t\t\t<a class=\"rollover rollover-zoom dt-pswp-item\" title=\"molto1\" data-dt-img-description=\"\" data-large_image_width=\"1080\" data-large_image_height=\"1080\"href='https:\/\/www.radiopiu.net\/wordpress\/wp-content\/uploads\/2025\/02\/molto1.jpg'><img loading=\"lazy\" decoding=\"async\" width=\"150\" height=\"150\" src=\"https:\/\/www.radiopiu.net\/wordpress\/wp-content\/uploads\/2025\/02\/molto1-150x150.jpg\" class=\"attachment-thumbnail size-thumbnail\" alt=\"\" srcset=\"https:\/\/www.radiopiu.net\/wordpress\/wp-content\/uploads\/2025\/02\/molto1-150x150.jpg 150w, https:\/\/www.radiopiu.net\/wordpress\/wp-content\/uploads\/2025\/02\/molto1-300x300.jpg 300w, https:\/\/www.radiopiu.net\/wordpress\/wp-content\/uploads\/2025\/02\/molto1-1024x1024.jpg 1024w, https:\/\/www.radiopiu.net\/wordpress\/wp-content\/uploads\/2025\/02\/molto1-768x768.jpg 768w, https:\/\/www.radiopiu.net\/wordpress\/wp-content\/uploads\/2025\/02\/molto1.jpg 1080w\" sizes=\"auto, (max-width: 150px) 100vw, 150px\" \/><\/a>\n\t\t\t\t<\/dt><\/dl><dl class='gallery-item'>\n\t\t\t\t<dt class='gallery-icon portrait'>\n\t\t\t\t\t<a class=\"rollover rollover-zoom dt-pswp-item\" title=\"d553bc54-e3f2-40d2-9391-c5f1f404c169\" data-dt-img-description=\"\" data-large_image_width=\"1127\" data-large_image_height=\"1600\"href='https:\/\/www.radiopiu.net\/wordpress\/wp-content\/uploads\/2025\/02\/d553bc54-e3f2-40d2-9391-c5f1f404c169.jpg'><img loading=\"lazy\" decoding=\"async\" width=\"150\" height=\"150\" src=\"https:\/\/www.radiopiu.net\/wordpress\/wp-content\/uploads\/2025\/02\/d553bc54-e3f2-40d2-9391-c5f1f404c169-150x150.jpg\" class=\"attachment-thumbnail size-thumbnail\" alt=\"\" \/><\/a>\n\t\t\t\t<\/dt><\/dl><br style=\"clear: both\" \/><dl class='gallery-item'>\n\t\t\t\t<dt class='gallery-icon portrait'>\n\t\t\t\t\t<a class=\"rollover rollover-zoom dt-pswp-item\" title=\"GDLKJGAOY\" data-dt-img-description=\"\" data-large_image_width=\"1080\" data-large_image_height=\"1158\"href='https:\/\/www.radiopiu.net\/wordpress\/wp-content\/uploads\/2025\/02\/GDLKJGAOY.jpg'><img loading=\"lazy\" decoding=\"async\" width=\"150\" height=\"150\" src=\"https:\/\/www.radiopiu.net\/wordpress\/wp-content\/uploads\/2025\/02\/GDLKJGAOY-150x150.jpg\" class=\"attachment-thumbnail size-thumbnail\" alt=\"\" \/><\/a>\n\t\t\t\t<\/dt><\/dl><dl class='gallery-item'>\n\t\t\t\t<dt class='gallery-icon portrait'>\n\t\t\t\t\t<a class=\"rollover rollover-zoom dt-pswp-item\" title=\"67dd10b3-a02f-4a4c-84f8-95bd7247b900\" data-dt-img-description=\"\" data-large_image_width=\"1440\" data-large_image_height=\"1800\"href='https:\/\/www.radiopiu.net\/wordpress\/wp-content\/uploads\/2025\/02\/67dd10b3-a02f-4a4c-84f8-95bd7247b900.jpg'><img loading=\"lazy\" decoding=\"async\" width=\"150\" height=\"150\" src=\"https:\/\/www.radiopiu.net\/wordpress\/wp-content\/uploads\/2025\/02\/67dd10b3-a02f-4a4c-84f8-95bd7247b900-150x150.jpg\" class=\"attachment-thumbnail size-thumbnail\" alt=\"\" \/><\/a>\n\t\t\t\t<\/dt><\/dl><dl class='gallery-item'>\n\t\t\t\t<dt class='gallery-icon portrait'>\n\t\t\t\t\t<a class=\"rollover rollover-zoom dt-pswp-item\" title=\"L59DYKs0vbbX\" data-dt-img-description=\"\" data-large_image_width=\"600\" data-large_image_height=\"848\"href='https:\/\/www.radiopiu.net\/wordpress\/wp-content\/uploads\/2025\/02\/L59DYKs0vbbX.jpg'><img loading=\"lazy\" decoding=\"async\" width=\"150\" height=\"150\" src=\"https:\/\/www.radiopiu.net\/wordpress\/wp-content\/uploads\/2025\/02\/L59DYKs0vbbX-150x150.jpg\" class=\"attachment-thumbnail size-thumbnail\" alt=\"\" \/><\/a>\n\t\t\t\t<\/dt><\/dl><dl class='gallery-item'>\n\t\t\t\t<dt class='gallery-icon portrait'>\n\t\t\t\t\t<a class=\"rollover rollover-zoom dt-pswp-item\" title=\"2487092a-44e2-4f98-95d9-fc75c526c499\" data-dt-img-description=\"\" data-large_image_width=\"1131\" data-large_image_height=\"1600\"href='https:\/\/www.radiopiu.net\/wordpress\/wp-content\/uploads\/2025\/02\/2487092a-44e2-4f98-95d9-fc75c526c499.jpg'><img loading=\"lazy\" decoding=\"async\" width=\"150\" height=\"150\" src=\"https:\/\/www.radiopiu.net\/wordpress\/wp-content\/uploads\/2025\/02\/2487092a-44e2-4f98-95d9-fc75c526c499-150x150.jpg\" class=\"attachment-thumbnail size-thumbnail\" alt=\"\" \/><\/a>\n\t\t\t\t<\/dt><\/dl><br style=\"clear: both\" \/>\n\t\t\t<\/div>\n\n<p>&nbsp;<\/p>\n<p>&nbsp;<\/p>\n<\/div>\n<\/div>\n<\/div>\n<\/div>\n<\/div>\n<\/div>\n<\/div>\n<\/div>\n<\/div>\n<\/div>\n<\/div>\n<\/div>\n<p>&nbsp;<\/p>\n<\/div>\n<\/div>\n<\/div>\n<\/div>\n<\/div>\n<\/div>\n<\/div>\n<\/div>\n<\/div>\n<\/div>\n<\/div>\n<\/div>\n<hr \/>\n<p>&nbsp;<\/p>\n<p class=\"mceTemp\"><a class=\"dt-pswp-item\" href=\"https:\/\/www.radiopiu.net\/wordpress\/wp-content\/uploads\/2018\/09\/WhatsApp-Image-2018-09-20-at-16.04.06.jpeg\" data-dt-img-description=\"\" data-large_image_width=\"800\" data-large_image_height=\"100\"><img loading=\"lazy\" decoding=\"async\" class=\"wp-image-61378 size-full aligncenter\" src=\"https:\/\/www.radiopiu.net\/wordpress\/wp-content\/uploads\/2018\/09\/WhatsApp-Image-2018-09-20-at-16.04.06.jpeg\" alt=\"\" width=\"800\" height=\"100\" srcset=\"https:\/\/www.radiopiu.net\/wordpress\/wp-content\/uploads\/2018\/09\/WhatsApp-Image-2018-09-20-at-16.04.06.jpeg 800w, https:\/\/www.radiopiu.net\/wordpress\/wp-content\/uploads\/2018\/09\/WhatsApp-Image-2018-09-20-at-16.04.06-300x38.jpeg 300w, https:\/\/www.radiopiu.net\/wordpress\/wp-content\/uploads\/2018\/09\/WhatsApp-Image-2018-09-20-at-16.04.06-768x96.jpeg 768w\" sizes=\"auto, (max-width: 800px) 100vw, 800px\" \/><\/a><\/p>\n<p><center><\/center><center><\/center>&nbsp;<\/p>\n<p><center><\/center><center><b>OGGI<\/b><\/center>Al mattino sereno o poco nuvoloso in quota, su Prealpi e alcuni fondovalle dolomitici estese nubi basse in irregolare dissolvimento in giornata. Nel pomeriggio poco o parzialmente nuvoloso per velature via via pi\u00f9 estese fino a velato in serata.<br \/>\n<b>Precipitazioni: <\/b>Assenti<br \/>\nTemperature minime in ulteriore lieve calo, massime pressoch\u00e8 stazionarie o in lieve calo su Prealpi. Alle quote medio-basse risulter\u00e0 probabilmente la giornata pi\u00f9 fredda di questo febbraio.<\/p>\n<hr \/>\n<p><center><b>DOMANI<\/b><\/center>Fino a met\u00e0 mattino velato poi schiarite fino a sereno o al pi\u00f9 poco nuvoloso. Fino al mattino possibili nubi basse\/nebbie nei fondovalle prealpini.<br \/>\n<b>Precipitazioni: <\/b>Assenti<br \/>\nTemperature in generale aumento in quota, specie le massime con aumento dell&#8217;inversione termica notturna nelle valli.<\/p>\n<hr \/>\n<p><center><b>VENERDI<\/b><\/center>Tempo stabile con cielo sereno o al pi\u00f9 poco nuvoloso per qualche velatura. Possibile nebbia o nubi basse fino al primo mattino nei fondovalle prealpini. Temperature in ulteriore lieve aumento specie nelle valli con forte inversione termica.<\/p>\n<hr \/>\n<p><center><b>SABATO<\/b><\/center>Sereno o poco nuvoloso per il passaggio di qualche velatura durante le ore centrali. Su Prealpi possibili nebbie o nubi basse fino al mattino, specie sui settori occidentali dove tenderanno a riformarsi nel pomeriggio\/sera. Temperature stazionarie o in lieve calo le massime.<\/p>\n<p>&nbsp;<\/p>\n<hr \/>\n<p>&nbsp;<\/p>\n<p class=\"mceTemp\"><a class=\"dt-pswp-item\" href=\"https:\/\/www.radiopiu.net\/wordpress\/wp-content\/uploads\/2018\/09\/sport.jpg\" data-dt-img-description=\"\" data-large_image_width=\"800\" data-large_image_height=\"100\"><img loading=\"lazy\" decoding=\"async\" class=\"aligncenter wp-image-60761 size-full\" src=\"https:\/\/www.radiopiu.net\/wordpress\/wp-content\/uploads\/2018\/09\/sport.jpg\" alt=\"\" width=\"800\" height=\"100\" srcset=\"https:\/\/www.radiopiu.net\/wordpress\/wp-content\/uploads\/2018\/09\/sport.jpg 800w, https:\/\/www.radiopiu.net\/wordpress\/wp-content\/uploads\/2018\/09\/sport-300x38.jpg 300w, https:\/\/www.radiopiu.net\/wordpress\/wp-content\/uploads\/2018\/09\/sport-768x96.jpg 768w\" sizes=\"auto, (max-width: 800px) 100vw, 800px\" \/> <\/a><\/p>\n<p class=\"mceTemp\"><span style=\"color: #0000ff;\"><strong>\u00a0 \u00a0\u00a0<\/strong><\/span><\/p>\n<p>&nbsp;<\/p>\n<p><span style=\"color: #0000ff;\"><strong>IMPRESE PARALIMPICHE<\/strong><\/span><\/p>\n<blockquote>\n<h3>MORENO PESCE: QUELLA FIAMMA CHE NON SI SPEGNE MAI. IL 22 FEBBRAIO LA SFIDA ALLA PISTA OLIMPIA DELLE TOFANE<\/h3>\n<\/blockquote>\n<p><a class=\"dt-pswp-item\" href=\"https:\/\/www.radiopiu.net\/wordpress\/wp-content\/uploads\/2025\/02\/f19bb9a0-3cc0-461c-83cf-dde21abe49c9.jpg\" data-dt-img-description=\"\" data-large_image_width=\"2560\" data-large_image_height=\"2560\"><img loading=\"lazy\" decoding=\"async\" class=\" wp-image-435330 alignleft\" src=\"https:\/\/www.radiopiu.net\/wordpress\/wp-content\/uploads\/2025\/02\/f19bb9a0-3cc0-461c-83cf-dde21abe49c9-300x300.jpg\" alt=\"\" width=\"150\" height=\"150\" srcset=\"https:\/\/www.radiopiu.net\/wordpress\/wp-content\/uploads\/2025\/02\/f19bb9a0-3cc0-461c-83cf-dde21abe49c9-300x300.jpg 300w, https:\/\/www.radiopiu.net\/wordpress\/wp-content\/uploads\/2025\/02\/f19bb9a0-3cc0-461c-83cf-dde21abe49c9-1024x1024.jpg 1024w, https:\/\/www.radiopiu.net\/wordpress\/wp-content\/uploads\/2025\/02\/f19bb9a0-3cc0-461c-83cf-dde21abe49c9-150x150.jpg 150w, https:\/\/www.radiopiu.net\/wordpress\/wp-content\/uploads\/2025\/02\/f19bb9a0-3cc0-461c-83cf-dde21abe49c9-768x768.jpg 768w, https:\/\/www.radiopiu.net\/wordpress\/wp-content\/uploads\/2025\/02\/f19bb9a0-3cc0-461c-83cf-dde21abe49c9-1536x1536.jpg 1536w, https:\/\/www.radiopiu.net\/wordpress\/wp-content\/uploads\/2025\/02\/f19bb9a0-3cc0-461c-83cf-dde21abe49c9-2048x2048.jpg 2048w\" sizes=\"auto, (max-width: 150px) 100vw, 150px\" \/><\/a>Moreno Pesce, atleta paralimpico ed esploratore instancabile, si prepara ad affrontare una nuova sfida sulle Dolomiti. Il 22 febbraio 2025 risalir\u00e0 la pista Olimpia delle Tofane, una delle pi\u00f9 ripide di Cortina d&#8217;Ampezzo, con pendenze superiori al 56%. Grazie a un permesso speciale di ISTA Spa, Moreno percorrer\u00e0 l&#8217;impegnativo tracciato al buio, illuminato solo da una lampada frontale e supportato dalla sua protesi femorale e dalle stampelle. Accompagnato dalla guida alpina Lio De Nes e dal videomaker Jacopo Bernard, Moreno documenter\u00e0 ogni passo di questa impresa. Una volta raggiunto il Rifugio Pomedes, dopo 760 metri di dislivello, accender\u00e0 una fiaccola simbolica fornita dall\u2019A.N.M.A.O.A.I., rappresentando la determinazione e la resilienza di chi affronta le difficolt\u00e0. Ad attenderlo in vetta ci sar\u00e0 sua figlia Elisa, che gli doner\u00e0 una treccina di corda colorata, simbolo della sua conquista. Moreno, con questa impresa, vuole ispirare chiunque a superare i propri limiti, dimostrando che nessuna montagna \u00e8 impossibile da scalare, nemmeno quella interiore.<\/p>\n<p>&nbsp;<\/p>\n<p><span style=\"color: #0000ff;\"><strong>KARATE<\/strong><\/span><\/p>\n<blockquote>\n<h3>IL TSKS BELLUNO VINCE IL TROFEO CITTA&#8217; DI SACILE<\/h3>\n<\/blockquote>\n<p><strong>BELLUNO<\/strong> Applausi a scena aperta per il Tsks Belluno a Sacile, nel Pordenonese. La societ\u00e0 di casa, presieduta dal maestro Alessandro Pagos, ha organizzato il Trofeo Citt\u00e0 di Sacile, una manifestazione di karate che ha visto la partecipazione di oltre 300 giovani atleti, pronti a sfidarsi sui tatami allestiti per l&#8217;occasione. Il gruppo del Tsks, grazie ai numerosi successi ottenuti, \u00e8 riuscito a vincere la competizione, un risultato di prestigio che dimostra i progressi dei karateki bellunesi e l&#8217;ottimo livello tecnico messo in mostra durante le gare. &#8220;Siamo molto soddisfatti &#8211; spiega il maestro e istruttore del Tsks, Roberto Bacchilega &#8211; perch\u00e9 questi ragazzi si allenano sempre con il giusto atteggiamento e stanno raccogliendo i frutti del lavoro in palestra. Il karate \u00e8 una disciplina per corpo e mente e attraverso questa attivit\u00e0 noi vogliamo promuovere non solo il movimento e la salute ma anche i valori di rispetto, autocontrollo e crescita personale. Il nostro scopo \u00e8 creare una comunit\u00e0, favorendo attivit\u00e0 agonistiche e associative che rispettino lo spirito autentico del karate, un&#8217;arte che unisce forza, equilibrio e un profondo senso di appartenenza&#8221;. Ecco di seguito tutti i risultati. Medaglia d&#8217;oro: Marco Giavi, Giuseppe Caringella, Francesco Leone, Sofia Cavalet, Pietro Baldovin, Veronica Pomar\u00e8, Soraya Capraro, Lavinia Mazzer, Asia Lam, Alessandro Monti Di Sotto, Sara Pagotto, Cecilia Bianco, Lorenzo Pontil Scala, Edoardo Mancino Gheno e Francesco Negrello. Medaglia d&#8217;argento: Riccardo Parolin, Edoardo Cavalet, Chanel Budzaku, Martina Soravia, Bianca Baldovin, Stefania Pocchiesa e Alice Ghinato. Medaglia di bronzo: Adele Casanova, Anna Baldissarutti, Matilde Tarascio, Michele Giavi e Bianca Marie Bortot De Min. Al quarto posto si sono classificati Federico Insalaca, Irene del Favero, Alice De Martin, Elena Lucia Cavalet, Gabriele Fiori e Anna Belli.<\/p>\n\n\t\t\t<style type='text\/css'>\n\t\t\t\t#gallery-4 {\n\t\t\t\t\tmargin: auto;\n\t\t\t\t}\n\t\t\t\t#gallery-4 .gallery-item {\n\t\t\t\t\tfloat: left;\n\t\t\t\t\tmargin-top: 10px;\n\t\t\t\t\ttext-align: center;\n\t\t\t\t\twidth: 33%;\n\t\t\t\t}\n\t\t\t\t#gallery-4 img {\n\t\t\t\t\tborder: 2px solid #cfcfcf;\n\t\t\t\t}\n\t\t\t\t#gallery-4 .gallery-caption {\n\t\t\t\t\tmargin-left: 0;\n\t\t\t\t}\n\t\t\t\t\/* see gallery_shortcode() in wp-includes\/media.php *\/\n\t\t\t<\/style>\n\t\t<div id='gallery-4' class='dt-gallery-container gallery galleryid-435240 gallery-columns-3 gallery-size-medium'><dl class='gallery-item'>\n\t\t\t\t<dt class='gallery-icon landscape'>\n\t\t\t\t\t<a class=\"rollover rollover-zoom dt-pswp-item\" title=\"Un podio\" data-dt-img-description=\"\" data-large_image_width=\"1400\" data-large_image_height=\"1050\"href='https:\/\/www.radiopiu.net\/wordpress\/wp-content\/uploads\/2025\/02\/Un-podio.jpg'><img loading=\"lazy\" decoding=\"async\" width=\"300\" height=\"225\" src=\"https:\/\/www.radiopiu.net\/wordpress\/wp-content\/uploads\/2025\/02\/Un-podio-300x225.jpg\" class=\"attachment-medium size-medium\" alt=\"\" srcset=\"https:\/\/www.radiopiu.net\/wordpress\/wp-content\/uploads\/2025\/02\/Un-podio-300x225.jpg 300w, https:\/\/www.radiopiu.net\/wordpress\/wp-content\/uploads\/2025\/02\/Un-podio-1024x768.jpg 1024w, https:\/\/www.radiopiu.net\/wordpress\/wp-content\/uploads\/2025\/02\/Un-podio-768x576.jpg 768w, https:\/\/www.radiopiu.net\/wordpress\/wp-content\/uploads\/2025\/02\/Un-podio.jpg 1400w\" sizes=\"auto, (max-width: 300px) 100vw, 300px\" \/><\/a>\n\t\t\t\t<\/dt><\/dl><dl class='gallery-item'>\n\t\t\t\t<dt class='gallery-icon portrait'>\n\t\t\t\t\t<a class=\"rollover rollover-zoom dt-pswp-item\" title=\"Roberto Bacchilega\" data-dt-img-description=\"\" data-large_image_width=\"426\" data-large_image_height=\"1085\"href='https:\/\/www.radiopiu.net\/wordpress\/wp-content\/uploads\/2025\/02\/Roberto-Bacchilega.jpg'><img loading=\"lazy\" decoding=\"async\" width=\"118\" height=\"300\" src=\"https:\/\/www.radiopiu.net\/wordpress\/wp-content\/uploads\/2025\/02\/Roberto-Bacchilega-118x300.jpg\" class=\"attachment-medium size-medium\" alt=\"\" srcset=\"https:\/\/www.radiopiu.net\/wordpress\/wp-content\/uploads\/2025\/02\/Roberto-Bacchilega-118x300.jpg 118w, https:\/\/www.radiopiu.net\/wordpress\/wp-content\/uploads\/2025\/02\/Roberto-Bacchilega-402x1024.jpg 402w, https:\/\/www.radiopiu.net\/wordpress\/wp-content\/uploads\/2025\/02\/Roberto-Bacchilega.jpg 426w\" sizes=\"auto, (max-width: 118px) 100vw, 118px\" \/><\/a>\n\t\t\t\t<\/dt><\/dl><dl class='gallery-item'>\n\t\t\t\t<dt class='gallery-icon landscape'>\n\t\t\t\t\t<a class=\"rollover rollover-zoom dt-pswp-item\" title=\"Partecipanti\" data-dt-img-description=\"\" data-large_image_width=\"2040\" data-large_image_height=\"1530\"href='https:\/\/www.radiopiu.net\/wordpress\/wp-content\/uploads\/2025\/02\/Partecipanti.jpg'><img loading=\"lazy\" decoding=\"async\" width=\"300\" height=\"225\" src=\"https:\/\/www.radiopiu.net\/wordpress\/wp-content\/uploads\/2025\/02\/Partecipanti-300x225.jpg\" class=\"attachment-medium size-medium\" alt=\"\" srcset=\"https:\/\/www.radiopiu.net\/wordpress\/wp-content\/uploads\/2025\/02\/Partecipanti-300x225.jpg 300w, https:\/\/www.radiopiu.net\/wordpress\/wp-content\/uploads\/2025\/02\/Partecipanti-1024x768.jpg 1024w, https:\/\/www.radiopiu.net\/wordpress\/wp-content\/uploads\/2025\/02\/Partecipanti-768x576.jpg 768w, https:\/\/www.radiopiu.net\/wordpress\/wp-content\/uploads\/2025\/02\/Partecipanti-1536x1152.jpg 1536w, https:\/\/www.radiopiu.net\/wordpress\/wp-content\/uploads\/2025\/02\/Partecipanti.jpg 2040w\" sizes=\"auto, (max-width: 300px) 100vw, 300px\" \/><\/a>\n\t\t\t\t<\/dt><\/dl><br style=\"clear: both\" \/>\n\t\t\t<\/div>\n\n<p>&nbsp;<\/p>\n<p>&nbsp;<\/p>\n<p>&nbsp;<\/p>\n","protected":false},"excerpt":{"rendered":"<p>******** &nbsp; LA\u00a0 APP PER IOS-IPHONE di Nicola Vettorello https:\/\/apps.apple.com\/it\/app\/radio-pi%C3%B9-emittente-agordina\/id1515939845 LA\u00a0 APP RADIO\u00a0 PER ANDROID di Nicola Vettorello https:\/\/play.google.com\/store\/apps\/details?id=net.radiopiu.iniko\u00a0\u00a0\u00a0\u00a0 &nbsp; CESIOMAGGIORE, FIAMME SUL TETTO DI UN\u2019ABITAZIONE: INTOSSICATA UNA PERSONA &nbsp; &nbsp; CESIOMAGGIORE \u2013 Paura nella serata di marted\u00ec 18 febbraio in via San Piero, dove un incendio ha devastato il tetto di un\u2019abitazione, provocando l\u2019intossicazione&hellip;<\/p>\n","protected":false},"author":4,"featured_media":435402,"comment_status":"closed","ping_status":"closed","sticky":false,"template":"","format":"standard","meta":{"_monsterinsights_skip_tracking":false,"_monsterinsights_sitenote_active":false,"_monsterinsights_sitenote_note":"","_monsterinsights_sitenote_category":0,"footnotes":""},"categories":[51,86,49],"tags":[],"class_list":["post-435240","post","type-post","status-publish","format-standard","has-post-thumbnail","hentry","category-evidenza-top","category-gr","category-news-18","category-51","category-86","category-49","description-off"],"img_url":"https:\/\/www.radiopiu.net\/wordpress\/wp-content\/uploads\/2025\/02\/Senza-nome-55.png","_links":{"self":[{"href":"https:\/\/www.radiopiu.net\/wordpress\/wp-json\/wp\/v2\/posts\/435240","targetHints":{"allow":["GET"]}}],"collection":[{"href":"https:\/\/www.radiopiu.net\/wordpress\/wp-json\/wp\/v2\/posts"}],"about":[{"href":"https:\/\/www.radiopiu.net\/wordpress\/wp-json\/wp\/v2\/types\/post"}],"author":[{"embeddable":true,"href":"https:\/\/www.radiopiu.net\/wordpress\/wp-json\/wp\/v2\/users\/4"}],"replies":[{"embeddable":true,"href":"https:\/\/www.radiopiu.net\/wordpress\/wp-json\/wp\/v2\/comments?post=435240"}],"version-history":[{"count":35,"href":"https:\/\/www.radiopiu.net\/wordpress\/wp-json\/wp\/v2\/posts\/435240\/revisions"}],"predecessor-version":[{"id":435428,"href":"https:\/\/www.radiopiu.net\/wordpress\/wp-json\/wp\/v2\/posts\/435240\/revisions\/435428"}],"wp:featuredmedia":[{"embeddable":true,"href":"https:\/\/www.radiopiu.net\/wordpress\/wp-json\/wp\/v2\/media\/435402"}],"wp:attachment":[{"href":"https:\/\/www.radiopiu.net\/wordpress\/wp-json\/wp\/v2\/media?parent=435240"}],"wp:term":[{"taxonomy":"category","embeddable":true,"href":"https:\/\/www.radiopiu.net\/wordpress\/wp-json\/wp\/v2\/categories?post=435240"},{"taxonomy":"post_tag","embeddable":true,"href":"https:\/\/www.radiopiu.net\/wordpress\/wp-json\/wp\/v2\/tags?post=435240"}],"curies":[{"name":"wp","href":"https:\/\/api.w.org\/{rel}","templated":true}]}}