{"id":435314,"date":"2025-02-19T05:31:59","date_gmt":"2025-02-19T04:31:59","guid":{"rendered":"https:\/\/www.radiopiu.net\/wordpress\/?p=435314"},"modified":"2025-02-19T05:49:52","modified_gmt":"2025-02-19T04:49:52","slug":"quarto-congresso-fim-cisl-belluno-treviso-confermata-la-segreteria-guidata-da-alessio-lovisotto","status":"publish","type":"post","link":"https:\/\/www.radiopiu.net\/wordpress\/quarto-congresso-fim-cisl-belluno-treviso-confermata-la-segreteria-guidata-da-alessio-lovisotto\/","title":{"rendered":"QUARTO CONGRESSO FIM CISL BELLUNO TREVISO. CONFERMATA LA SEGRETERIA GUIDATA DA ALESSIO LOVISOTTO"},"content":{"rendered":"<p>******<\/p>\n<p>&nbsp;<\/p>\n<p><strong><a class=\"dt-pswp-item\" href=\"https:\/\/www.radiopiu.net\/wordpress\/wp-content\/uploads\/2025\/02\/Congresso-Fim-Lovisotto-post-elezione-scaled.jpeg\" data-dt-img-description=\"\" data-large_image_width=\"2560\" data-large_image_height=\"1440\"><img loading=\"lazy\" decoding=\"async\" class=\" wp-image-435315 alignleft\" src=\"https:\/\/www.radiopiu.net\/wordpress\/wp-content\/uploads\/2025\/02\/Congresso-Fim-Lovisotto-post-elezione-300x169.jpeg\" alt=\"\" width=\"222\" height=\"125\" srcset=\"https:\/\/www.radiopiu.net\/wordpress\/wp-content\/uploads\/2025\/02\/Congresso-Fim-Lovisotto-post-elezione-300x169.jpeg 300w, https:\/\/www.radiopiu.net\/wordpress\/wp-content\/uploads\/2025\/02\/Congresso-Fim-Lovisotto-post-elezione-1024x576.jpeg 1024w, https:\/\/www.radiopiu.net\/wordpress\/wp-content\/uploads\/2025\/02\/Congresso-Fim-Lovisotto-post-elezione-768x432.jpeg 768w, https:\/\/www.radiopiu.net\/wordpress\/wp-content\/uploads\/2025\/02\/Congresso-Fim-Lovisotto-post-elezione-1536x864.jpeg 1536w, https:\/\/www.radiopiu.net\/wordpress\/wp-content\/uploads\/2025\/02\/Congresso-Fim-Lovisotto-post-elezione-2048x1152.jpeg 2048w\" sizes=\"auto, (max-width: 222px) 100vw, 222px\" \/><\/a>CISON DI VALMARINO (TV) <\/strong>Si \u00e8 concluso con la conferma della Segreteria uscente il quarto Congresso della Fim Cisl Belluno Treviso, svoltosi luned\u00ec 17 febbraio a Castelbrando, a Cison di Valmarino. Ampio consenso dunque al lavoro svolto in questi anni dalla Segreteria della Federazione dei metalmeccanici guidata dal segretario generale Alessio Lovisotto, affiancato da Matteo Caregnato e Massimo Civiero. Alessio Lovisotto, 47 anni, di Mareno di Piave, in Fim dal 2004 e al timone della categoria dal 2019, \u00e8 laureato in Scienze Politiche con un master in Politiche di sviluppo economico per i Paesi dell\u2019Est Europa. Confermati Massimo Civiero, trevigiano classe 1971, in Fim dal 2003, e Matteo Caregnato, 38enne in Fim dal 2016, responsabile del territorio Bellunese nord-orientale. Il Congresso, focalizzato sul tema &#8220;Oltre la rendita: il lavoro come partecipazione&#8221;, \u00e8 stato un momento importante di analisi e confronto sulle sfide che il mondo del lavoro, e in particolare il settore metalmeccanico, si trova ad affrontare. Il comparto impiega quasi 50mila lavoratori nelle due province, attivi in 4.000 aziende nella Marca trevigiana e 6.000 addetti per circa 600 imprese fra industria e artigianato in provincia di Belluno. Il dibattito ha messo in luce come disuguaglianze economiche, squilibri commerciali globali e il ruolo dello Stato richiedano un ripensamento complessivo del modello di sviluppo. Il settore metalmeccanico, che oggi, per la parte industriale, sta affrontando la dura vertenza per il rinnovo del contratto nazionale scaduto nel 2024, attraversa una congiuntura negativa data da un ricorso piuttosto esteso alla cassa integrazione ordinaria, anche se nel suo utilizzo orario gli effetti sono minori di quanto richiesto dalle aziende. <em>\u201cIl settore della componentistica automotive presente sia a Belluno che a Treviso &#8211; <\/em>spiega Lovisotto<em> &#8211; ci preoccupa per la scarsa programmazione europea circa gli scenari di dismissione da qui al 2035 del motore termico. Stiamo infatti assistendo a un\u2019inversione di tendenza, con un calo delle vendite di auto elettriche e una forte crescita delle vetture ibride e dell\u2019usato. Questo fenomeno, che unisce due tendenze opposte, riflette una sorta di schizofrenia del mercato, ma anche un\u2019attitudine prudente da parte dei consumatori, sia nella scelta della tecnologia che nelle cifre da spendere per l\u2019acquisto di un nuovo veicolo\u201d. \u201cLa Fim &#8211; <\/em>prosegue il segretario generale<em> &#8211; si propone come avanguardia nel dibattito che coinvolge le trasformazioni nel comparto della manifattura, interpretando i segni del cambiamento e cogliendo le opportunit\u00e0 attraverso nuovi livelli cognitivi di ingaggio per i lavoratori, il riconoscimento del merito e la tutela di chi non si sente pronto ad affrontare le sfide tecnologiche. I metalmeccanici pi\u00f9 del passato sono immersi in luoghi di lavoro dove passa la modernit\u00e0 fatta necessariamente di nuovi investimenti di cultura partecipata e di condivisione di scelte per il destino del Paese\u201d. <\/em>Al centro del Congresso, presieduto dalla segretaria della Fim nazionale Giovanna Petrasso, il valore del lavoro come partecipazione attiva alla vita economica e sociale, un elemento fondamentale per superare la logica della rendita e costruire un futuro pi\u00f9 equo e sostenibile. Un\u2019attenzione particolare \u00e8 stata dedicata alle criticit\u00e0 specifiche del settore metalmeccanico, chiamato a rispondere alle sfide di un mercato globale in continua evoluzione. In questo contesto, la Fim ha ribadito con forza l&#8217;importanza della partecipazione dei lavoratori e della contrattazione collettiva come strumenti chiave per promuovere soluzioni concrete e costruire un futuro di maggiore equit\u00e0 e prosperit\u00e0. Il Congresso ha inoltre sottolineato la necessit\u00e0 di una transizione verso modelli di welfare sostenibili, capaci di rispondere alle nuove esigenze della societ\u00e0 senza compromettere la solidit\u00e0 finanziaria del sistema. \u201c<em>In questo scenario complesso <\/em>&#8211; sostiene Lovisotto<em>&#8211; il ruolo dei delegati sindacali emerge con ancora maggiore forza. A loro \u00e8 affidato il compito di promuovere il dialogo, difendere i diritti dei lavoratori e farsi portavoce delle istanze del mondo del lavoro. La Fim si impegna a sostenere attivamente il loro operato, fornendo strumenti e competenze per affrontare le sfide del presente e costruire un futuro in cui il lavoro torni ad essere motore di progresso sociale e individuale\u201d.<\/em><\/p>\n\n\t\t\t<style type='text\/css'>\n\t\t\t\t#gallery-1 {\n\t\t\t\t\tmargin: auto;\n\t\t\t\t}\n\t\t\t\t#gallery-1 .gallery-item {\n\t\t\t\t\tfloat: left;\n\t\t\t\t\tmargin-top: 10px;\n\t\t\t\t\ttext-align: center;\n\t\t\t\t\twidth: 33%;\n\t\t\t\t}\n\t\t\t\t#gallery-1 img {\n\t\t\t\t\tborder: 2px solid #cfcfcf;\n\t\t\t\t}\n\t\t\t\t#gallery-1 .gallery-caption {\n\t\t\t\t\tmargin-left: 0;\n\t\t\t\t}\n\t\t\t\t\/* see gallery_shortcode() in wp-includes\/media.php *\/\n\t\t\t<\/style>\n\t\t<div id='gallery-1' class='dt-gallery-container gallery galleryid-435314 gallery-columns-3 gallery-size-thumbnail'><dl class='gallery-item'>\n\t\t\t\t<dt class='gallery-icon landscape'>\n\t\t\t\t\t<a class=\"rollover rollover-zoom dt-pswp-item\" title=\"Congresso Fim-segreteria\" data-dt-img-description=\"\" data-large_image_width=\"2560\" data-large_image_height=\"1440\"href='https:\/\/www.radiopiu.net\/wordpress\/wp-content\/uploads\/2025\/02\/Congresso-Fim-segreteria-scaled.jpeg'><img loading=\"lazy\" decoding=\"async\" width=\"150\" height=\"150\" src=\"https:\/\/www.radiopiu.net\/wordpress\/wp-content\/uploads\/2025\/02\/Congresso-Fim-segreteria-150x150.jpeg\" class=\"attachment-thumbnail size-thumbnail\" alt=\"\" \/><\/a>\n\t\t\t\t<\/dt><\/dl><dl class='gallery-item'>\n\t\t\t\t<dt class='gallery-icon landscape'>\n\t\t\t\t\t<a class=\"rollover rollover-zoom dt-pswp-item\" title=\"Congresso Fim-tavolo\" data-dt-img-description=\"\" data-large_image_width=\"2560\" data-large_image_height=\"1440\"href='https:\/\/www.radiopiu.net\/wordpress\/wp-content\/uploads\/2025\/02\/Congresso-Fim-tavolo-scaled.jpeg'><img loading=\"lazy\" decoding=\"async\" width=\"150\" height=\"150\" src=\"https:\/\/www.radiopiu.net\/wordpress\/wp-content\/uploads\/2025\/02\/Congresso-Fim-tavolo-150x150.jpeg\" class=\"attachment-thumbnail size-thumbnail\" alt=\"\" \/><\/a>\n\t\t\t\t<\/dt><\/dl><dl class='gallery-item'>\n\t\t\t\t<dt class='gallery-icon portrait'>\n\t\t\t\t\t<a class=\"rollover rollover-zoom dt-pswp-item\" title=\"Lovisotto\" data-dt-img-description=\"\" data-large_image_width=\"1488\" data-large_image_height=\"1984\"href='https:\/\/www.radiopiu.net\/wordpress\/wp-content\/uploads\/2025\/02\/Lovisotto.jpeg'><img loading=\"lazy\" decoding=\"async\" width=\"150\" height=\"150\" src=\"https:\/\/www.radiopiu.net\/wordpress\/wp-content\/uploads\/2025\/02\/Lovisotto-150x150.jpeg\" class=\"attachment-thumbnail size-thumbnail\" alt=\"\" \/><\/a>\n\t\t\t\t<\/dt><\/dl><br style=\"clear: both\" \/>\n\t\t\t<\/div>\n\n<p>&nbsp;<\/p>\n<p>&nbsp;<\/p>\n<p>&nbsp;<\/p>\n<p>*********<\/p>\n","protected":false},"excerpt":{"rendered":"<p>****** &nbsp; CISON DI VALMARINO (TV) Si \u00e8 concluso con la conferma della Segreteria uscente il quarto Congresso della Fim Cisl Belluno Treviso, svoltosi luned\u00ec 17 febbraio a Castelbrando, a Cison di Valmarino. Ampio consenso dunque al lavoro svolto in questi anni dalla Segreteria della Federazione dei metalmeccanici guidata dal segretario generale Alessio Lovisotto, affiancato&hellip;<\/p>\n","protected":false},"author":4,"featured_media":435315,"comment_status":"closed","ping_status":"closed","sticky":false,"template":"","format":"standard","meta":{"_monsterinsights_skip_tracking":false,"_monsterinsights_sitenote_active":false,"_monsterinsights_sitenote_note":"","_monsterinsights_sitenote_category":0,"footnotes":""},"categories":[51,49],"tags":[],"class_list":["post-435314","post","type-post","status-publish","format-standard","has-post-thumbnail","hentry","category-evidenza-top","category-news-18","category-51","category-49","description-off"],"img_url":"https:\/\/www.radiopiu.net\/wordpress\/wp-content\/uploads\/2025\/02\/Congresso-Fim-Lovisotto-post-elezione-scaled.jpeg","_links":{"self":[{"href":"https:\/\/www.radiopiu.net\/wordpress\/wp-json\/wp\/v2\/posts\/435314","targetHints":{"allow":["GET"]}}],"collection":[{"href":"https:\/\/www.radiopiu.net\/wordpress\/wp-json\/wp\/v2\/posts"}],"about":[{"href":"https:\/\/www.radiopiu.net\/wordpress\/wp-json\/wp\/v2\/types\/post"}],"author":[{"embeddable":true,"href":"https:\/\/www.radiopiu.net\/wordpress\/wp-json\/wp\/v2\/users\/4"}],"replies":[{"embeddable":true,"href":"https:\/\/www.radiopiu.net\/wordpress\/wp-json\/wp\/v2\/comments?post=435314"}],"version-history":[{"count":1,"href":"https:\/\/www.radiopiu.net\/wordpress\/wp-json\/wp\/v2\/posts\/435314\/revisions"}],"predecessor-version":[{"id":435319,"href":"https:\/\/www.radiopiu.net\/wordpress\/wp-json\/wp\/v2\/posts\/435314\/revisions\/435319"}],"wp:featuredmedia":[{"embeddable":true,"href":"https:\/\/www.radiopiu.net\/wordpress\/wp-json\/wp\/v2\/media\/435315"}],"wp:attachment":[{"href":"https:\/\/www.radiopiu.net\/wordpress\/wp-json\/wp\/v2\/media?parent=435314"}],"wp:term":[{"taxonomy":"category","embeddable":true,"href":"https:\/\/www.radiopiu.net\/wordpress\/wp-json\/wp\/v2\/categories?post=435314"},{"taxonomy":"post_tag","embeddable":true,"href":"https:\/\/www.radiopiu.net\/wordpress\/wp-json\/wp\/v2\/tags?post=435314"}],"curies":[{"name":"wp","href":"https:\/\/api.w.org\/{rel}","templated":true}]}}