{"id":435324,"date":"2025-02-19T05:32:57","date_gmt":"2025-02-19T04:32:57","guid":{"rendered":"https:\/\/www.radiopiu.net\/wordpress\/?p=435324"},"modified":"2025-02-19T05:49:40","modified_gmt":"2025-02-19T04:49:40","slug":"overtourism-e-nuove-opportunita-con-costruire-2025","status":"publish","type":"post","link":"https:\/\/www.radiopiu.net\/wordpress\/overtourism-e-nuove-opportunita-con-costruire-2025\/","title":{"rendered":"OVERTOURISM E NUOVE OPPORTUNITA&#8217; CON &#8220;COSTRUIRE&#8221; 2025"},"content":{"rendered":"<p>*******<\/p>\n<p>&nbsp;<\/p>\n<p><strong><a class=\"dt-pswp-item\" href=\"https:\/\/www.radiopiu.net\/wordpress\/wp-content\/uploads\/2025\/02\/fiera-costruire-142.jpg\" data-dt-img-description=\"\" data-large_image_width=\"2048\" data-large_image_height=\"1365\"><img loading=\"lazy\" decoding=\"async\" class=\" wp-image-435325 alignleft\" src=\"https:\/\/www.radiopiu.net\/wordpress\/wp-content\/uploads\/2025\/02\/fiera-costruire-142-300x200.jpg\" alt=\"\" width=\"200\" height=\"133\" srcset=\"https:\/\/www.radiopiu.net\/wordpress\/wp-content\/uploads\/2025\/02\/fiera-costruire-142-300x200.jpg 300w, https:\/\/www.radiopiu.net\/wordpress\/wp-content\/uploads\/2025\/02\/fiera-costruire-142-1024x683.jpg 1024w, https:\/\/www.radiopiu.net\/wordpress\/wp-content\/uploads\/2025\/02\/fiera-costruire-142-768x512.jpg 768w, https:\/\/www.radiopiu.net\/wordpress\/wp-content\/uploads\/2025\/02\/fiera-costruire-142-1536x1024.jpg 1536w, https:\/\/www.radiopiu.net\/wordpress\/wp-content\/uploads\/2025\/02\/fiera-costruire-142.jpg 2048w\" sizes=\"auto, (max-width: 200px) 100vw, 200px\" \/><\/a>LONGARONE <\/strong>Countdown per Milano Cortina 2026. Il conto alla rovescia \u00e8 cominciato per lo sport, ma anche per tutto quello che ruota al grande evento. Compresa l\u2019ospitalit\u00e0. E il comparto dell\u2019edilizia e del sistema casa \u00e8 il primo a essere interessato. Lo dimostrano i cantieri non solo sportivi e viabilistici che stanno dipingendo il paesaggio attorno a Cortina. Lo confermano i lavori di restyling in corso per molti hotel e alberghi. E poi ci sono molti privati che cominciano a pensare di sistemare la loro seconda casa per metterla a disposizione del turismo che raggiunger\u00e0 le Dolomiti per i Giochi Invernali. \u00c8 questo l\u2019orizzonte nel quale si inserisce \u201cCostruire\u201d, la vetrina del sistema casa e dell\u2019edilizia in montagna di scena a Longarone Fiere Dolomiti anche il prossimo weekend 21-22-23 febbraio. Una fiera in cui si trovano aziende del mondo delle costruzioni, un sistema integrato per la riqualificazione edilizia ed energetica, e anche consulenza specializzata per chi vorrebbe sistemare casa, ma non sa da dove partire.<\/p>\n<p><strong>LO STUDIO <\/strong>Sulle opportunit\u00e0 offerte dalle Olimpiadi e Paralimpiadi 2026 ci sono pochi dubbi. Secondo le proiezioni di MarketWatch &#8211; The Italian Sport System Observatory, riportate dal Sole 24 Ore sono pi\u00f9 di 2 milioni le persone provenienti da tutto il mondo attese durante l\u2019evento (circa 400mila per le Paralimpiadi). Basta incrociare questo numero con quello dei posti letto alberghieri per capire subito che saranno appartamenti e case vacanze a recitare un ruolo di primissimo piano per completare e integrare l\u2019ospitalit\u00e0. Un nuovo studio di Deloitte (multinazionale britannica di servizi di consulenza e revisione) per Airbnb ha sondato le possibilit\u00e0 di guadagno delle famiglie che volessero condividere le proprie case durante i Giochi. E la stima \u00e8 di una media di 2.400 euro di guadagno a famiglia, solo nel periodo ristretto delle gare. Poi il report si spinge anche oltre, con alcune previsioni sull\u2019impatto positivo che l\u2019ospitalit\u00e0 in casa potr\u00e0 avere sull\u2019economia italiana.<\/p>\n<p><strong><a class=\"dt-pswp-item\" href=\"https:\/\/www.radiopiu.net\/wordpress\/wp-content\/uploads\/2025\/02\/fiera-costruire-085.jpg\" data-dt-img-description=\"\" data-large_image_width=\"2048\" data-large_image_height=\"1365\"><img loading=\"lazy\" decoding=\"async\" class=\" wp-image-435326 alignright\" src=\"https:\/\/www.radiopiu.net\/wordpress\/wp-content\/uploads\/2025\/02\/fiera-costruire-085-300x200.jpg\" alt=\"\" width=\"218\" height=\"145\" srcset=\"https:\/\/www.radiopiu.net\/wordpress\/wp-content\/uploads\/2025\/02\/fiera-costruire-085-300x200.jpg 300w, https:\/\/www.radiopiu.net\/wordpress\/wp-content\/uploads\/2025\/02\/fiera-costruire-085-1024x683.jpg 1024w, https:\/\/www.radiopiu.net\/wordpress\/wp-content\/uploads\/2025\/02\/fiera-costruire-085-768x512.jpg 768w, https:\/\/www.radiopiu.net\/wordpress\/wp-content\/uploads\/2025\/02\/fiera-costruire-085-1536x1024.jpg 1536w, https:\/\/www.radiopiu.net\/wordpress\/wp-content\/uploads\/2025\/02\/fiera-costruire-085.jpg 2048w\" sizes=\"auto, (max-width: 218px) 100vw, 218px\" \/><\/a>LA FIERA <\/strong>La stima di Deloitte va poi integrata con il dato del patrimonio immobiliare della montagna bellunese e dell\u2019arco alpino interessato dalle gare. Un patrimonio fatto spesso di seconde case, a volte datate. Anche se sta andando a completarsi la stagione dei grandi bonus edilizi, rimane l\u2019occasione per sistemare casa, riqualificare gli edifici dal punto di vista energetico e rinnovare gli spazi. A \u201cCostruire\u201d oggi si \u00e8 parlato di impianti radianti a foglia, la nuova frontiera della climatizzazione, che consente efficienza e performance. Sul tema ci sar\u00e0 un approfondimento anche sabato prossimo (22 febbraio) con un convegno sui moderni impianti tecnologici a biomassa (a cura dell\u2019Associazione italiana energie agroforestali e della Federazione degli ordini dei periti industriali del Veneto), utile per chi volesse cambiare sistema di riscaldamento. Non mancheranno focus sulla patente a crediti in edilizia (venerd\u00ec 21), sulle novit\u00e0 della legge di bilancio 2025 (venerd\u00ec 21), sulle piattaforme di lavoro mobili elevabili (venerd\u00ec 21), e sull\u2019edilizia sostenibile (sabato 22). Per chi vuole fare un tuffo nell\u2019arte, a \u201cCostruire\u201d c\u2019\u00e8 anche Arte Fiera Dolomiti, con mostre di pittura, scultura e fotografia. Costruire \u00e8 aperta con orario continuato: venerd\u00ec dalle 14.30 alle 19, sabato e domenica dalle 9 alle 19. Programma completo disponibile sul sito <a href=\"http:\/\/www.longaronefiere.it\/costruire\">www.longaronefiere.it\/costruire<\/a><\/p>\n<p>&nbsp;<\/p>\n<p>&nbsp;<\/p>\n<p>*********<\/p>\n","protected":false},"excerpt":{"rendered":"<p>******* &nbsp; LONGARONE Countdown per Milano Cortina 2026. Il conto alla rovescia \u00e8 cominciato per lo sport, ma anche per tutto quello che ruota al grande evento. Compresa l\u2019ospitalit\u00e0. E il comparto dell\u2019edilizia e del sistema casa \u00e8 il primo a essere interessato. Lo dimostrano i cantieri non solo sportivi e viabilistici che stanno dipingendo&hellip;<\/p>\n","protected":false},"author":4,"featured_media":435326,"comment_status":"closed","ping_status":"closed","sticky":false,"template":"","format":"standard","meta":{"_monsterinsights_skip_tracking":false,"_monsterinsights_sitenote_active":false,"_monsterinsights_sitenote_note":"","_monsterinsights_sitenote_category":0,"footnotes":""},"categories":[51,49],"tags":[],"class_list":["post-435324","post","type-post","status-publish","format-standard","has-post-thumbnail","hentry","category-evidenza-top","category-news-18","category-51","category-49","description-off"],"img_url":"https:\/\/www.radiopiu.net\/wordpress\/wp-content\/uploads\/2025\/02\/fiera-costruire-085.jpg","_links":{"self":[{"href":"https:\/\/www.radiopiu.net\/wordpress\/wp-json\/wp\/v2\/posts\/435324","targetHints":{"allow":["GET"]}}],"collection":[{"href":"https:\/\/www.radiopiu.net\/wordpress\/wp-json\/wp\/v2\/posts"}],"about":[{"href":"https:\/\/www.radiopiu.net\/wordpress\/wp-json\/wp\/v2\/types\/post"}],"author":[{"embeddable":true,"href":"https:\/\/www.radiopiu.net\/wordpress\/wp-json\/wp\/v2\/users\/4"}],"replies":[{"embeddable":true,"href":"https:\/\/www.radiopiu.net\/wordpress\/wp-json\/wp\/v2\/comments?post=435324"}],"version-history":[{"count":1,"href":"https:\/\/www.radiopiu.net\/wordpress\/wp-json\/wp\/v2\/posts\/435324\/revisions"}],"predecessor-version":[{"id":435327,"href":"https:\/\/www.radiopiu.net\/wordpress\/wp-json\/wp\/v2\/posts\/435324\/revisions\/435327"}],"wp:featuredmedia":[{"embeddable":true,"href":"https:\/\/www.radiopiu.net\/wordpress\/wp-json\/wp\/v2\/media\/435326"}],"wp:attachment":[{"href":"https:\/\/www.radiopiu.net\/wordpress\/wp-json\/wp\/v2\/media?parent=435324"}],"wp:term":[{"taxonomy":"category","embeddable":true,"href":"https:\/\/www.radiopiu.net\/wordpress\/wp-json\/wp\/v2\/categories?post=435324"},{"taxonomy":"post_tag","embeddable":true,"href":"https:\/\/www.radiopiu.net\/wordpress\/wp-json\/wp\/v2\/tags?post=435324"}],"curies":[{"name":"wp","href":"https:\/\/api.w.org\/{rel}","templated":true}]}}