{"id":435378,"date":"2025-02-20T06:00:31","date_gmt":"2025-02-20T05:00:31","guid":{"rendered":"https:\/\/www.radiopiu.net\/wordpress\/?p=435378"},"modified":"2025-02-20T09:02:28","modified_gmt":"2025-02-20T08:02:28","slug":"giornale-radiopiu-20-febbraio-2025-direttore-mirko-mezzacasada-41-anni-25-giugno-1983-25-giugno-2024","status":"publish","type":"post","link":"https:\/\/www.radiopiu.net\/wordpress\/giornale-radiopiu-20-febbraio-2025-direttore-mirko-mezzacasada-41-anni-25-giugno-1983-25-giugno-2024\/","title":{"rendered":"GIORNALE RADIOPIU 20 FEBBRAIO 2025 DIRETTORE MIRKO MEZZACASA\u2026DA 41 ANNI 25 GIUGNO 1983-25 GIUGNO 2024"},"content":{"rendered":"<p>********<\/p>\n<p>&nbsp;<\/p>\n<p><em><span style=\"color: #ff0000;\"><a class=\"dt-pswp-item\" href=\"https:\/\/www.radiopiu.net\/wordpress\/wp-content\/uploads\/2024\/10\/Senza-nome-8.png\" data-dt-img-description=\"\" data-large_image_width=\"343\" data-large_image_height=\"303\"><img loading=\"lazy\" decoding=\"async\" class=\"wp-image-412130 alignleft\" src=\"https:\/\/www.radiopiu.net\/wordpress\/wp-content\/uploads\/2024\/10\/Senza-nome-8-300x265.png\" alt=\"\" width=\"105\" height=\"93\" srcset=\"https:\/\/www.radiopiu.net\/wordpress\/wp-content\/uploads\/2024\/10\/Senza-nome-8-300x265.png 300w, https:\/\/www.radiopiu.net\/wordpress\/wp-content\/uploads\/2024\/10\/Senza-nome-8.png 343w\" sizes=\"auto, (max-width: 105px) 100vw, 105px\" \/><\/a><\/span><\/em><strong><em><span style=\"color: #ff0000;\"> LA\u00a0 APP PER IOS-IPHONE di Nicola Vettorello<\/span><\/em><\/strong><\/p>\n<p><strong><span style=\"color: #0000ff;\"><a style=\"color: #0000ff;\" href=\"https:\/\/apps.apple.com\/it\/app\/radio-pi%C3%B9-emittente-agordina\/id1515939845\">https:\/\/apps.apple.com\/it\/app\/radio-pi%C3%B9-emittente-agordina\/id1515939845<\/a><\/span><\/strong><\/p>\n<p><strong><em style=\"color: #ff0000;\">LA\u00a0 APP RADIO\u00a0 PER ANDROID di Nicola Vettorello<\/em><\/strong><\/p>\n<p><strong><span style=\"color: #0000ff;\"><a style=\"color: #0000ff;\" href=\"https:\/\/play.google.com\/store\/apps\/details?id=net.radiopiu.iniko\" target=\"_blank\" rel=\"noopener noreferrer\">https:\/\/<\/a><a style=\"color: #0000ff;\" href=\"https:\/\/play.google.com\/store\/apps\/details?id=net.radiopiu.iniko\" target=\"_blank\" rel=\"noopener noreferrer\">play.google.com\/store\/apps\/details?id=net.radiopiu.iniko\u00a0\u00a0\u00a0\u00a0<\/a><\/span><\/strong><\/p>\n<p>&nbsp;<\/p>\n<p>&nbsp;<\/p>\n<hr \/>\n<p>&nbsp;<\/p>\n<p><span style=\"color: #ff0000;\"><strong>OGGI ALLA RADIO:\u00a0\u00a0<\/strong><\/span><\/p>\n<p><strong>rassegna stampa nazionale,<\/strong> ogni giorno alle 5 e alle 6 del mattino. giornali locali 7 rassegna stampa flash, 8 rassegna stampa, gr flash alle 10 e alle 11, principale 12.30. Informazione pomeriggio ogni ora fino alle 20, in coda ai notiziari nazionali. Giornale radio nazionale: ogni ora dalle 4 del mattino, alle 20 della sera. Alle 19 le anticipazioni dal TG di Antenna 3 di Tiziana Bolognani.<\/p>\n<p>&nbsp;<\/p>\n<p><span style=\"color: #0000ff;\"><strong><a class=\"dt-pswp-item\" href=\"https:\/\/www.radiopiu.net\/wordpress\/wp-content\/uploads\/2025\/02\/e80aa99e-13d9-4d6b-b8c8-b8b3c8f5e5f0.jpg\" data-dt-img-description=\"\" data-large_image_width=\"1080\" data-large_image_height=\"921\"><img loading=\"lazy\" decoding=\"async\" class=\" wp-image-435537 alignleft\" src=\"https:\/\/www.radiopiu.net\/wordpress\/wp-content\/uploads\/2025\/02\/e80aa99e-13d9-4d6b-b8c8-b8b3c8f5e5f0-300x256.jpg\" alt=\"\" width=\"213\" height=\"182\" srcset=\"https:\/\/www.radiopiu.net\/wordpress\/wp-content\/uploads\/2025\/02\/e80aa99e-13d9-4d6b-b8c8-b8b3c8f5e5f0-300x256.jpg 300w, https:\/\/www.radiopiu.net\/wordpress\/wp-content\/uploads\/2025\/02\/e80aa99e-13d9-4d6b-b8c8-b8b3c8f5e5f0-1024x873.jpg 1024w, https:\/\/www.radiopiu.net\/wordpress\/wp-content\/uploads\/2025\/02\/e80aa99e-13d9-4d6b-b8c8-b8b3c8f5e5f0-768x655.jpg 768w, https:\/\/www.radiopiu.net\/wordpress\/wp-content\/uploads\/2025\/02\/e80aa99e-13d9-4d6b-b8c8-b8b3c8f5e5f0.jpg 1080w\" sizes=\"auto, (max-width: 213px) 100vw, 213px\" \/><\/a>OGGI ALLE<\/strong>\u00a0<\/span>\u00a0 \u00a0<strong>POMERIGGIO ALLA RADIO DA NON PERDERE.<\/strong>.. <strong>ALLE 13.10<\/strong> L&#8217;APPROFONDIMENTO AL NOTIZIARIO PRINCIPALE, OSPITE IN STUDIO ADRIANO LEVIS, ALLEGHE HOCKEY.\u00a0 DALLE <strong>14.00<\/strong> THE LAST NIGHT&#8230; DAL NOF FILO&#8217; DI CENCENIGHE, MARINA DONA&#8217; E ALLE <strong>15.10<\/strong> IMMANCABILE TIME FOR ME DEDICATO AL DOPOSCUOLA AD AGORDO.<\/p>\n<p><strong>E LA MATTINATA? IMPERDIBILE&#8230; <\/strong><strong>9.00 <\/strong>LA MUSICA COUNTRY DI ALEX NASCINBEN\u00a0 <strong>9.40<\/strong> oggi come ieri di SILVIA BALDO <strong>10.30\u00a0 <\/strong>SPI CGIL CON MARIA RITA GENTILIN QUINDICINALE APPUNTAMENTO ALLA RADIO, DI MIRKO MEZZACASA <strong>11.10<\/strong> COSA GUARDO STASERA IN TV CON PAOLA LANCIATO, PRECEDUTO<strong> ALLE 11<\/strong> DA NOTE DI NOVE\u00a0 <b>12.30 <\/b>GIORNALE RADIO, EDIZIONE PRINCIPALE<b> 13.20 <\/b>COLLAGE OPERAZIONE NOSTALGIA DI LORIS SCUSSEL<\/p>\n<p>&nbsp;<\/p>\n<p>&nbsp;<\/p>\n<hr \/>\n<p>&nbsp;<\/p>\n<p>&nbsp;<\/p>\n<div class=\"x11i5rnm xat24cr x1mh8g0r x1vvkbs xtlvy1s x126k92a\">\n<div dir=\"auto\">\n<div dir=\"auto\">\n<p><strong><a class=\"dt-pswp-item\" href=\"https:\/\/www.radiopiu.net\/wordpress\/wp-content\/uploads\/2024\/02\/2d44e751-d8a8-461b-8e22-d8e4e853b032.jpg\" data-dt-img-description=\"\" data-large_image_width=\"1600\" data-large_image_height=\"1200\"><img loading=\"lazy\" decoding=\"async\" class=\"wp-image-373307 alignleft\" src=\"https:\/\/www.radiopiu.net\/wordpress\/wp-content\/uploads\/2024\/02\/2d44e751-d8a8-461b-8e22-d8e4e853b032-300x225.jpg\" alt=\"\" width=\"105\" height=\"79\" srcset=\"https:\/\/www.radiopiu.net\/wordpress\/wp-content\/uploads\/2024\/02\/2d44e751-d8a8-461b-8e22-d8e4e853b032-300x225.jpg 300w, https:\/\/www.radiopiu.net\/wordpress\/wp-content\/uploads\/2024\/02\/2d44e751-d8a8-461b-8e22-d8e4e853b032-1024x768.jpg 1024w, https:\/\/www.radiopiu.net\/wordpress\/wp-content\/uploads\/2024\/02\/2d44e751-d8a8-461b-8e22-d8e4e853b032-768x576.jpg 768w, https:\/\/www.radiopiu.net\/wordpress\/wp-content\/uploads\/2024\/02\/2d44e751-d8a8-461b-8e22-d8e4e853b032-1536x1152.jpg 1536w, https:\/\/www.radiopiu.net\/wordpress\/wp-content\/uploads\/2024\/02\/2d44e751-d8a8-461b-8e22-d8e4e853b032.jpg 1600w\" sizes=\"auto, (max-width: 105px) 100vw, 105px\" \/><\/a>EL BAL DEL FIOR, DI GIULIANA DA RONCH, 20 FEBBRAIO<\/strong><strong> 2025<\/strong><\/p>\n<p>&nbsp;<\/p>\n<audio class=\"wp-audio-shortcode\" id=\"audio-435378-1\" preload=\"none\" style=\"width: 100%;\" controls=\"controls\"><source type=\"audio\/mpeg\" src=\"https:\/\/www.radiopiu.net\/wordpress\/wp-content\/uploads\/2025\/02\/GGI-2.mp3?_=1\" \/><a href=\"https:\/\/www.radiopiu.net\/wordpress\/wp-content\/uploads\/2025\/02\/GGI-2.mp3\">https:\/\/www.radiopiu.net\/wordpress\/wp-content\/uploads\/2025\/02\/GGI-2.mp3<\/a><\/audio>\n<p>&nbsp;<\/p>\n<hr \/>\n<p>&nbsp;<\/p>\n<p>&nbsp;<\/p>\n<\/div>\n<\/div>\n<\/div>\n<div class=\"x11i5rnm xat24cr x1mh8g0r x1vvkbs xtlvy1s x126k92a\">\n<blockquote>\n<h1><strong><a class=\"dt-pswp-item\" href=\"https:\/\/www.radiopiu.net\/wordpress\/wp-content\/uploads\/2024\/10\/629301fd-708d-4f53-95c2-d28cbefd500f.jpg\" data-dt-img-description=\"\" data-large_image_width=\"1600\" data-large_image_height=\"1322\"><img loading=\"lazy\" decoding=\"async\" class=\"wp-image-413782 alignright\" src=\"https:\/\/www.radiopiu.net\/wordpress\/wp-content\/uploads\/2024\/10\/629301fd-708d-4f53-95c2-d28cbefd500f-300x248.jpg\" alt=\"\" width=\"106\" height=\"88\" srcset=\"https:\/\/www.radiopiu.net\/wordpress\/wp-content\/uploads\/2024\/10\/629301fd-708d-4f53-95c2-d28cbefd500f-300x248.jpg 300w, https:\/\/www.radiopiu.net\/wordpress\/wp-content\/uploads\/2024\/10\/629301fd-708d-4f53-95c2-d28cbefd500f-1024x846.jpg 1024w, https:\/\/www.radiopiu.net\/wordpress\/wp-content\/uploads\/2024\/10\/629301fd-708d-4f53-95c2-d28cbefd500f-768x635.jpg 768w, https:\/\/www.radiopiu.net\/wordpress\/wp-content\/uploads\/2024\/10\/629301fd-708d-4f53-95c2-d28cbefd500f-1536x1269.jpg 1536w, https:\/\/www.radiopiu.net\/wordpress\/wp-content\/uploads\/2024\/10\/629301fd-708d-4f53-95c2-d28cbefd500f.jpg 1600w\" sizes=\"auto, (max-width: 106px) 100vw, 106px\" \/><\/a><\/strong><\/h1>\n<h1><strong><a class=\"dt-pswp-item\" href=\"https:\/\/www.radiopiu.net\/wordpress\/wp-content\/uploads\/2024\/11\/th-18.jpg\" data-dt-img-description=\"\" data-large_image_width=\"156\" data-large_image_height=\"180\"><img loading=\"lazy\" decoding=\"async\" class=\"size-full wp-image-421611 alignleft\" src=\"https:\/\/www.radiopiu.net\/wordpress\/wp-content\/uploads\/2024\/11\/th-18.jpg\" alt=\"\" width=\"156\" height=\"180\" \/><\/a><\/strong><\/h1>\n<h1><strong>N di parom &#8211; L Almanach de la nosta jent<\/strong><\/h1>\n<\/blockquote>\n<p>&nbsp;<\/p>\n<p>Le voci: Davide Conedera, Agordo, Michela Dell&#8217;Osbel, La Valle Agordina Simone Ganz, Falcade Veronica Lezuo, Colle Santa Lucia. La voce nella sigla \u00e8 di Giorgia Taio<\/p>\n<p><strong>LA PUNTATA DI OGGI, 20 FEBBRAIO 2025<\/strong><\/p>\n<audio class=\"wp-audio-shortcode\" id=\"audio-435378-2\" preload=\"none\" style=\"width: 100%;\" controls=\"controls\"><source type=\"audio\/mpeg\" src=\"https:\/\/www.radiopiu.net\/wordpress\/wp-content\/uploads\/2025\/02\/AL4-3.mp3?_=2\" \/><a href=\"https:\/\/www.radiopiu.net\/wordpress\/wp-content\/uploads\/2025\/02\/AL4-3.mp3\">https:\/\/www.radiopiu.net\/wordpress\/wp-content\/uploads\/2025\/02\/AL4-3.mp3<\/a><\/audio>\n<p>&nbsp;<\/p>\n<p>&nbsp;<\/p>\n<\/div>\n<div class=\"x11i5rnm xat24cr x1mh8g0r x1vvkbs xtlvy1s x126k92a\">\n<div dir=\"auto\">\n<hr \/>\n<\/div>\n<\/div>\n<blockquote>\n<blockquote>\n<h1><span style=\"color: #ff0000;\">\u00a0<\/span><\/h1>\n<h1><span style=\"color: #ff0000;\">I podcast informativi del mattino &#8211; audio &#8211;\u00a0\u00a0<\/span><\/h1>\n<\/blockquote>\n<p><strong><a class=\"dt-pswp-item\" href=\"https:\/\/www.radiopiu.net\/wordpress\/wp-content\/uploads\/2024\/11\/6.jpg\" data-dt-img-description=\"\" data-large_image_width=\"177\" data-large_image_height=\"180\"><img loading=\"lazy\" decoding=\"async\" class=\"size-full wp-image-417911 alignleft\" src=\"https:\/\/www.radiopiu.net\/wordpress\/wp-content\/uploads\/2024\/11\/6.jpg\" alt=\"\" width=\"177\" height=\"180\" \/><\/a>LA RASSEGNA STAMPA NAZIONALE ALLA RADIO, OGNI GIORNO ALLE 5 E ALLE 6 DEL MATTINO <span style=\"color: #0000ff;\">viene pubblicata alle 6.00 <span style=\"color: #ff0000;\">DIRETTA RADIO\u00a0 \u00a0\u00a0<\/span><\/span><\/strong><\/p><\/blockquote>\n<p>&nbsp;<\/p>\n<p><strong>NOTIZIE DELLA NOTTE<\/strong><\/p>\n<p><strong>Trump<\/strong>, &#8216;un accordo commerciale con la Cina \u00e8 possibile&#8217; <strong>Trump<\/strong> taglia fondi per i sopravvissuti 9\/11, protesta bipartisan <strong>Brasile,<\/strong> scomparsa una giornalista freelance inglese <strong>Cuba,<\/strong> da oggi la benzina migliore si vende solo in dollari <strong>Usa, Trump<\/strong> firma stop a benefici fiscali per i clandestini <strong>Haiti,<\/strong> il governo cancella le feste di Carnevale per la violenza <strong>Starmer, &#8216;Zelensky<\/strong> leader democraticamente eletto&#8217;<br \/>\n<strong>Zelensky,<\/strong> importante che il lavoro con Usa sia costruttivo<\/p>\n<h2>AUDIO dalle 6 del mattino<\/h2>\n<audio class=\"wp-audio-shortcode\" id=\"audio-435378-3\" preload=\"none\" style=\"width: 100%;\" controls=\"controls\"><source type=\"audio\/mpeg\" src=\"https:\/\/www.radiopiu.net\/wordpress\/wp-content\/uploads\/2025\/02\/GIORNALEDELLESEI-15.mp3?_=3\" \/><a href=\"https:\/\/www.radiopiu.net\/wordpress\/wp-content\/uploads\/2025\/02\/GIORNALEDELLESEI-15.mp3\">https:\/\/www.radiopiu.net\/wordpress\/wp-content\/uploads\/2025\/02\/GIORNALEDELLESEI-15.mp3<\/a><\/audio>\n<p>&nbsp;<\/p>\n<p>&nbsp;<\/p>\n<hr \/>\n<p>&nbsp;<\/p>\n<h1 style=\"text-align: center;\"><span style=\"color: #ff0000;\"><a class=\"dt-pswp-item\" href=\"https:\/\/www.radiopiu.net\/wordpress\/wp-content\/uploads\/2024\/11\/7.jpg\" data-dt-img-description=\"\" data-large_image_width=\"180\" data-large_image_height=\"180\"><img loading=\"lazy\" decoding=\"async\" class=\"size-full wp-image-417912 alignleft\" src=\"https:\/\/www.radiopiu.net\/wordpress\/wp-content\/uploads\/2024\/11\/7.jpg\" alt=\"\" width=\"180\" height=\"180\" srcset=\"https:\/\/www.radiopiu.net\/wordpress\/wp-content\/uploads\/2024\/11\/7.jpg 180w, https:\/\/www.radiopiu.net\/wordpress\/wp-content\/uploads\/2024\/11\/7-150x150.jpg 150w\" sizes=\"auto, (max-width: 180px) 100vw, 180px\" \/><\/a>I podcast informativi del mattino &#8211; audio &#8211;\u00a0<\/span><\/h1>\n<p><strong>OGNI GIORNO ALLE SETTE DEL MATTINO, LA RASSEGNA STAMPA LOCALE FLASH&#8230; PER CHI VA IN FRETTA. I TITOLI DAI GIORNALI E DAL SITO WWW.RADIOPIU.NET <span style=\"color: #0000ff;\">viene pubblicato alle 7.00<\/span> <span style=\"color: #ff0000;\">DIRETTA RADIO\u00a0<\/span><\/strong><\/p>\n<p><em><span style=\"color: #ff0000;\">per chi va in fretta&#8230; tante notizie in pochi minuti. L&#8217;informazione locale alla radio, ogni ora dalle 7 del mattino alle 19 della sera.<\/span><\/em><\/p>\n<h1>AUDIO dalle 7 del mattino<\/h1>\n<audio class=\"wp-audio-shortcode\" id=\"audio-435378-4\" preload=\"none\" style=\"width: 100%;\" controls=\"controls\"><source type=\"audio\/mpeg\" src=\"https:\/\/www.radiopiu.net\/wordpress\/wp-content\/uploads\/2025\/02\/GF07-18.mp3?_=4\" \/><a href=\"https:\/\/www.radiopiu.net\/wordpress\/wp-content\/uploads\/2025\/02\/GF07-18.mp3\">https:\/\/www.radiopiu.net\/wordpress\/wp-content\/uploads\/2025\/02\/GF07-18.mp3<\/a><\/audio>\n<p>&nbsp;<\/p>\n<p>&nbsp;<\/p>\n<hr \/>\n<p>&nbsp;<\/p>\n<h1><\/h1>\n<h1 style=\"text-align: center;\"><span style=\"color: #ff0000;\"><a class=\"dt-pswp-item\" href=\"https:\/\/www.radiopiu.net\/wordpress\/wp-content\/uploads\/2024\/11\/th.jpg\" data-dt-img-description=\"\" data-large_image_width=\"148\" data-large_image_height=\"179\"><img loading=\"lazy\" decoding=\"async\" class=\"size-full wp-image-417913 alignleft\" src=\"https:\/\/www.radiopiu.net\/wordpress\/wp-content\/uploads\/2024\/11\/th.jpg\" alt=\"\" width=\"148\" height=\"179\" \/><\/a>I podcast informativi del mattino &#8211; audio &#8211;\u00a0<\/span><\/h1>\n<blockquote><p><strong>GIORNALE RADIO NAZIONALE, EDIZIONE DELLE SETTE <span style=\"color: #0000ff;\">viene pubblicato alle 7.05 <span style=\"color: #ff0000;\">DIRETTA RADIO\u00a0<\/span><\/span><\/strong><\/p><\/blockquote>\n<h1><strong>il giornale radionazionale e&#8217; in onda ogni ora, dalle sette del mattino alle venti della sera\u00a0 \u00a0<\/strong><\/h1>\n<p><strong><a class=\"dt-pswp-item\" href=\"https:\/\/www.radiopiu.net\/wordpress\/wp-content\/uploads\/2025\/02\/download-7.jpg\" data-dt-img-description=\"\" data-large_image_width=\"211\" data-large_image_height=\"239\"><img loading=\"lazy\" decoding=\"async\" class=\" wp-image-435553 alignleft\" src=\"https:\/\/www.radiopiu.net\/wordpress\/wp-content\/uploads\/2025\/02\/download-7.jpg\" alt=\"\" width=\"167\" height=\"189\" \/><\/a>GENOVA<\/strong> Seajewel, la procura di Genova indaga per terrorismo<br \/>\n<strong>BRIANZA<\/strong> Giovane morta nel bosco, il denunciato stava scappando<br \/>\n<strong>MILANO<\/strong> La mantide di Parabiago respinge le accuse: &#8216;Sono innocente <strong>FERRARA<\/strong> Scontro con un bus, morta la conducente di un&#8217;auto.Per alcuni passeggeri dell&#8217;autobus, pieno di studenti che tornavano da scuola, ferite lievi e contusioni <strong>ROMA<\/strong> Torna in Italia Ethan, il bimbo sottratto alla madre <strong>ROMA<\/strong> In centro dei migranti a Roma una base di stoccaggio della droga, 27 arresti Reclutati richiedenti asilo, blitz Cc anche in Spagna e Albania <strong>ROMA<\/strong> Falso in bilancio, chiesto il processo per De Laurentiis I pm di Roma contestano irregolarit\u00e0 nelle annate dal 2019 al 2021<\/p>\n<p>&nbsp;<\/p>\n<p>&nbsp;<\/p>\n<p>&nbsp;<\/p>\n<p>&nbsp;<\/p>\n<p><strong><a class=\"dt-pswp-item\" href=\"https:\/\/www.radiopiu.net\/wordpress\/wp-content\/uploads\/2025\/02\/download-3.jpg\" data-dt-img-description=\"\" data-large_image_width=\"223\" data-large_image_height=\"226\"><img loading=\"lazy\" decoding=\"async\" class=\"size-full wp-image-434732 alignleft\" src=\"https:\/\/www.radiopiu.net\/wordpress\/wp-content\/uploads\/2025\/02\/download-3.jpg\" alt=\"\" width=\"223\" height=\"226\" \/><\/a>VICENZA<\/strong>Morta bimba travolta da Suv, il guidatore era ubriaco, Incidente domenica,si indaga per omicidio stradale <strong>VERONA<\/strong> Pirata della strada investe un ciclista e fugge. La vittima in gravi condizioni, indagini della Polizia locale <strong>BELLUNO<\/strong> Incendio in casa a Cesiomaggiore, un uomo di 44 anni, il p\u00f2roprietario, intossicato nel tentativo di spegnere le fiamme da un camino, tetto distrutto <strong>BELLUNO<\/strong> Sei incidenti sulle piste da sci bellunesi in quattro ore Coinvolti quattro minori <strong>TRENTO<\/strong>\u00a0 Diga Vanoi, Primiero chiede verifica Corte dei conti del Veneto&#8221;Palese violazione delle disposizioni&#8221;, secondo amministratori<br \/>\n<strong>TREVISO<\/strong> Nasce a Treviso l&#8221;atelier sostenibile&#8217; degli abiti da sposa usati L&#8217;iniziativa mutuata da un&#8217;idea delle suore di un convento in Umbria\u00a0 <strong>PORTOGRUARO<\/strong> Asportato un tumore a lingua e bocca. In 10 ore di intervento, coinvolta chirurgia plastica di Mestre <strong>PADOVA<\/strong> Ex Caserma Piave diventer\u00e0 un campus universitario, Firmata la concessione da parte dell&#8217;Agenzia del Demanio<\/p>\n<h1><strong>il giornale radionazionale e&#8217; in onda ogni ora, dalle sette del mattino alle venti della sera <\/strong><\/h1>\n<h1><span style=\"color: #ff0000;\"><span style=\"color: #0000ff;\">ULTIM&#8217;ORA<\/span> <span style=\"color: #000000;\">AUDIO dalle sette del mattino, ogni ora alla radio EDIZIONE DELLE SETTE<\/span><\/span><\/h1>\n<audio class=\"wp-audio-shortcode\" id=\"audio-435378-5\" preload=\"none\" style=\"width: 100%;\" controls=\"controls\"><source type=\"audio\/mpeg\" src=\"https:\/\/www.radiopiu.net\/wordpress\/wp-content\/uploads\/2025\/02\/giornale07-17.mp3?_=5\" \/><a href=\"https:\/\/www.radiopiu.net\/wordpress\/wp-content\/uploads\/2025\/02\/giornale07-17.mp3\">https:\/\/www.radiopiu.net\/wordpress\/wp-content\/uploads\/2025\/02\/giornale07-17.mp3<\/a><\/audio>\n<p>&nbsp;<\/p>\n<hr \/>\n<p>&nbsp;<\/p>\n<p>&nbsp;<\/p>\n<h1><span style=\"color: #ff0000;\"><a class=\"dt-pswp-item\" href=\"https:\/\/www.radiopiu.net\/wordpress\/wp-content\/uploads\/2024\/11\/8.jpg\" data-dt-img-description=\"\" data-large_image_width=\"180\" data-large_image_height=\"180\"><img loading=\"lazy\" decoding=\"async\" class=\"size-full wp-image-417910 alignleft\" src=\"https:\/\/www.radiopiu.net\/wordpress\/wp-content\/uploads\/2024\/11\/8.jpg\" alt=\"\" width=\"180\" height=\"180\" srcset=\"https:\/\/www.radiopiu.net\/wordpress\/wp-content\/uploads\/2024\/11\/8.jpg 180w, https:\/\/www.radiopiu.net\/wordpress\/wp-content\/uploads\/2024\/11\/8-150x150.jpg 150w\" sizes=\"auto, (max-width: 180px) 100vw, 180px\" \/><\/a>I podcast informativi del mattino &#8211; video &#8211;\u00a0<\/span><\/h1>\n<h2 style=\"text-align: left;\"><strong>RASSEGNA STAMPA LOCALE, ORE OTTO<\/strong><\/h2>\n<h2><strong> <span style=\"color: #0000ff;\">viene\u00a0 <\/span><\/strong><strong><span style=\"color: #0000ff;\">pubblicata alle 8.05 <span style=\"color: #ff0000;\">DIRETTA RADIO\u00a0 \u00a0<\/span><\/span><\/strong><strong>DI MIRKO MEZZACASA<\/strong><\/h2>\n<h2><span style=\"color: #ff0000;\"><strong>\u00a0<\/strong><\/span><\/h2>\n<h2><span style=\"color: #ff0000;\"><strong>\u00a0<\/strong><\/span><span style=\"color: #ff0000;\"><strong>VIDEO\u00a0 \u00a0in diretta AGGIORNAMENTO\u00a0 dalle 8 del mattino\u00a0<\/strong><\/span><\/h2>\n<p><iframe loading=\"lazy\" style=\"border: none; overflow: hidden;\" src=\"https:\/\/www.facebook.com\/plugins\/video.php?height=314&amp;href=https%3A%2F%2Fwww.facebook.com%2Fradiopiu%2Fvideos%2F519459027849527%2F&amp;show_text=false&amp;width=560&amp;t=0\" width=\"560\" height=\"314\" frameborder=\"0\" scrolling=\"no\" allowfullscreen=\"allowfullscreen\"><\/iframe><\/p>\n<h1><\/h1>\n<p>&nbsp;<\/p>\n<hr \/>\n<p>&nbsp;<\/p>\n<p>&nbsp;<\/p>\n<p>&nbsp;<\/p>\n<p><strong><a class=\"dt-pswp-item\" href=\"https:\/\/www.radiopiu.net\/wordpress\/wp-content\/uploads\/2023\/12\/ANTENNA.png\" data-dt-img-description=\"\" data-large_image_width=\"300\" data-large_image_height=\"166\"><img loading=\"lazy\" decoding=\"async\" class=\"wp-image-366306 alignright\" src=\"https:\/\/www.radiopiu.net\/wordpress\/wp-content\/uploads\/2023\/12\/ANTENNA.png\" alt=\"\" width=\"101\" height=\"56\" \/><\/a><a class=\"dt-pswp-item\" href=\"https:\/\/www.radiopiu.net\/wordpress\/wp-content\/uploads\/2024\/11\/th-17.jpg\" data-dt-img-description=\"\" data-large_image_width=\"224\" data-large_image_height=\"180\"><img loading=\"lazy\" decoding=\"async\" class=\" wp-image-421610 alignleft\" src=\"https:\/\/www.radiopiu.net\/wordpress\/wp-content\/uploads\/2024\/11\/th-17.jpg\" alt=\"\" width=\"167\" height=\"134\" \/><\/a>ogni sera alle 19 le anticipazioni alla radio, quello che poi seguirete nel TELEGIORNALE BELLUNESE\u00a0 in onda alle 19.30 sul CANALE 10 del digitale terrestre.\u00a0\u00a0<\/strong><\/p>\n<p><b>\u00a0\u00a0<\/b><\/p>\n<p><span style=\"color: #ff0000;\"><strong>LE ANTICIPAZIONI DI\u00a0 FABIO FIORAVANZI<br \/>\n<\/strong><\/span><\/p>\n<audio class=\"wp-audio-shortcode\" id=\"audio-435378-6\" preload=\"none\" style=\"width: 100%;\" controls=\"controls\"><source type=\"audio\/mpeg\" src=\"https:\/\/www.radiopiu.net\/wordpress\/wp-content\/uploads\/2025\/02\/ANTENNA3-13.mp3?_=6\" \/><a href=\"https:\/\/www.radiopiu.net\/wordpress\/wp-content\/uploads\/2025\/02\/ANTENNA3-13.mp3\">https:\/\/www.radiopiu.net\/wordpress\/wp-content\/uploads\/2025\/02\/ANTENNA3-13.mp3<\/a><\/audio>\n<p><span style=\"color: #ff0000;\"><strong>\u00a0<\/strong><\/span><\/p>\n<p>&nbsp;<\/p>\n<hr \/>\n<p>&nbsp;<\/p>\n<h2><span style=\"color: #ff0000;\">LUNEDI&#8217; 24 ORE DI SCIOPERO PER IL TRASPORTO PUBBLICO<\/span><\/h2>\n<p><strong>BELLUNO<\/strong> Dolomiti Bus ricorda che luned\u00ec 24 febbraio \u00e8 stato indetto uno sciopero nazionale di settore della durata di 24 ore. L&#8217;azienda comunica che prevede la garanzia del servizio dalle 5:40 alle 8:10 e dalle 12:10 alle 15:40. Dolomiti Bus precisa che le corse in partenza prima dell\u2019inizio dello sciopero verranno effettuate regolarmente e che le stesse, una volta iniziate, proseguiranno sino al capolinea. I servizi verranno ripristinati completamente a partire dal giorno successivo<\/p>\n<p>&nbsp;<\/p>\n<hr \/>\n<p>&nbsp;<\/p>\n<blockquote>\n<h2>CESIOMAGGIORE USTIONATO NELL&#8217;INCENDIO DEL TETTO DELL&#8217;ABITAZIONE<\/h2>\n<\/blockquote>\n<blockquote><p><em>\u00a0lesione tamponata nell&#8217;immediato al pronto soccorso di Feltre ma che oggi richieder\u00e0 che l&#8217;uomo si rechi all&#8217;ospedale di Padova specializzato nelle grandi ustioni per sottoporsi a delle terapie specifiche e mirate.\u00a0<\/em><\/p><\/blockquote>\n<p data-start=\"74\" data-end=\"262\"><strong>CESIOMAGGIORE \u2013<\/strong> Paura nella serata di marted\u00ec 18 febbraio in via San Piero, dove un incendio ha devastato il tetto di un\u2019abitazione, provocando l\u2019intossicazione del proprietario.<\/p>\n<p data-start=\"264\" data-end=\"601\">L\u2019allarme \u00e8 scattato alle 21:45, con l\u2019intervento immediato dei vigili del fuoco di Feltre e Belluno, che hanno operato con 14 uomini, due autopompe, due autobotti, un\u2019autoscala e il carro aria. Le fiamme, domate prima che si estendessero alle abitazioni vicine, hanno gravemente danneggiato la copertura e la soffitta.<\/p>\n<p data-start=\"603\" data-end=\"878\" data-is-last-node=\"\">L\u2019uomo, \u00a0il 44 enne D.V. propietario dell&#8217;abitazione, ha riportato una grave ustione al braccio, soccorso dal SUEM, \u00e8 stato trasportato in ospedale per intossicazione da fumo. Le cause dell\u2019incendio, probabilmente legate a un malfunzionamento della canna fumaria, sono al vaglio dei tecnici.<\/p>\n<p data-start=\"603\" data-end=\"878\" data-is-last-node=\"\"><a class=\"dt-pswp-item\" href=\"https:\/\/www.radiopiu.net\/wordpress\/wp-content\/uploads\/2025\/02\/dd5ddc44-c0f2-4cdb-b5e3-874b7252fcbd.jpg\" data-dt-img-description=\"\" data-large_image_width=\"960\" data-large_image_height=\"686\"><img loading=\"lazy\" decoding=\"async\" class=\"alignnone wp-image-435422\" src=\"https:\/\/www.radiopiu.net\/wordpress\/wp-content\/uploads\/2025\/02\/dd5ddc44-c0f2-4cdb-b5e3-874b7252fcbd-300x214.jpg\" alt=\"\" width=\"285\" height=\"203\" srcset=\"https:\/\/www.radiopiu.net\/wordpress\/wp-content\/uploads\/2025\/02\/dd5ddc44-c0f2-4cdb-b5e3-874b7252fcbd-300x214.jpg 300w, https:\/\/www.radiopiu.net\/wordpress\/wp-content\/uploads\/2025\/02\/dd5ddc44-c0f2-4cdb-b5e3-874b7252fcbd-768x549.jpg 768w, https:\/\/www.radiopiu.net\/wordpress\/wp-content\/uploads\/2025\/02\/dd5ddc44-c0f2-4cdb-b5e3-874b7252fcbd.jpg 960w\" sizes=\"auto, (max-width: 285px) 100vw, 285px\" \/><\/a><a class=\"dt-pswp-item\" href=\"https:\/\/www.radiopiu.net\/wordpress\/wp-content\/uploads\/2025\/02\/2d8686f9-a8b9-47c6-aa40-3dbbcd4385fe.jpg\" data-dt-img-description=\"\" data-large_image_width=\"960\" data-large_image_height=\"656\"><img loading=\"lazy\" decoding=\"async\" class=\"alignnone size-medium wp-image-435423\" src=\"https:\/\/www.radiopiu.net\/wordpress\/wp-content\/uploads\/2025\/02\/2d8686f9-a8b9-47c6-aa40-3dbbcd4385fe-300x205.jpg\" alt=\"\" width=\"300\" height=\"205\" srcset=\"https:\/\/www.radiopiu.net\/wordpress\/wp-content\/uploads\/2025\/02\/2d8686f9-a8b9-47c6-aa40-3dbbcd4385fe-300x205.jpg 300w, https:\/\/www.radiopiu.net\/wordpress\/wp-content\/uploads\/2025\/02\/2d8686f9-a8b9-47c6-aa40-3dbbcd4385fe-768x525.jpg 768w, https:\/\/www.radiopiu.net\/wordpress\/wp-content\/uploads\/2025\/02\/2d8686f9-a8b9-47c6-aa40-3dbbcd4385fe.jpg 960w\" sizes=\"auto, (max-width: 300px) 100vw, 300px\" \/>\u00a0<\/a><\/p>\n<p data-start=\"603\" data-end=\"878\" data-is-last-node=\"\"><strong>\u00a0\u00a0<\/strong><\/p>\n<hr \/>\n<p data-start=\"603\" data-end=\"878\" data-is-last-node=\"\"><strong>SEDICO<\/strong>\u00a0 Martedi alle 23.30 incidente stradale, una persona coinvolta, un uomo di 65 anni portato in ambulanza a Belluno San Martino con ferite di lieve entit\u00e0.<\/p>\n<blockquote>\n<p data-start=\"603\" data-end=\"878\" data-is-last-node=\"\">\n<\/blockquote>\n<hr \/>\n<blockquote>\n<h3 data-start=\"0\" data-end=\"71\"><strong data-start=\"4\" data-end=\"69\"><a class=\"dt-pswp-item\" href=\"https:\/\/www.radiopiu.net\/wordpress\/wp-content\/uploads\/2025\/02\/download-6.jpg\" data-dt-img-description=\"\" data-large_image_width=\"300\" data-large_image_height=\"168\"><img loading=\"lazy\" decoding=\"async\" class=\" wp-image-435546 alignleft\" src=\"https:\/\/www.radiopiu.net\/wordpress\/wp-content\/uploads\/2025\/02\/download-6.jpg\" alt=\"\" width=\"221\" height=\"124\" \/><\/a>Feltre: 24enne cade con il monopattino alla rotatoria di Anz\u00f9<\/strong><\/h3>\n<\/blockquote>\n<p data-start=\"73\" data-end=\"365\"><strong>FELTRE<\/strong> \u2013 Incidente ieri mattina alla rotatoria di Anz\u00f9: un 24enne egiziano, in sella a un monopattino, \u00e8 caduto mentre impegnava la curva, finendo al pronto soccorso di Feltre. I carabinieri stanno ricostruendo la dinamica, che potrebbe coinvolgere anche un veicolo.Sul posto \u00e8 intervenuta l\u2019ambulanza del 118, ma nel pomeriggio il giovane \u00e8 stato dimesso. L\u2019incidente non ha causato disagi al traffico, e non \u00e8 stato necessario l\u2019intervento dei vigili del fuoco.<\/p>\n<p data-start=\"73\" data-end=\"365\">foto archivio<\/p>\n<blockquote>\n<p data-start=\"73\" data-end=\"365\">\n<\/blockquote>\n<hr \/>\n<blockquote>\n<h3 data-start=\"0\" data-end=\"89\"><strong data-start=\"4\" data-end=\"87\">Feltre ricorda lo psichiatra Sergio Celletti, colonna del Santa Maria del Prato<\/strong><\/h3>\n<\/blockquote>\n<p data-start=\"91\" data-end=\"444\"><strong><a class=\"dt-pswp-item\" href=\"https:\/\/www.radiopiu.net\/wordpress\/wp-content\/uploads\/2025\/02\/Senza-nome-63.png\" data-dt-img-description=\"\" data-large_image_width=\"412\" data-large_image_height=\"351\"><img loading=\"lazy\" decoding=\"async\" class=\" wp-image-435543 alignleft\" src=\"https:\/\/www.radiopiu.net\/wordpress\/wp-content\/uploads\/2025\/02\/Senza-nome-63-300x256.png\" alt=\"\" width=\"166\" height=\"142\" srcset=\"https:\/\/www.radiopiu.net\/wordpress\/wp-content\/uploads\/2025\/02\/Senza-nome-63-300x256.png 300w, https:\/\/www.radiopiu.net\/wordpress\/wp-content\/uploads\/2025\/02\/Senza-nome-63.png 412w\" sizes=\"auto, (max-width: 166px) 100vw, 166px\" \/><\/a>FELTRE<\/strong> \u2013 La sanit\u00e0 feltrina piange la scomparsa di Sergio Celletti, primario psichiatra fino al 2010 e figura centrale nella trasformazione della psichiatria con l\u2019applicazione della legge Basaglia. Celletti, morto a 77 anni, aveva diretto il reparto psichiatrico ospedaliero di Feltre dopo la chiusura del manicomio di Borgo Ruga.<\/p>\n<p data-start=\"446\" data-end=\"759\" data-is-last-node=\"\">Il collega Nicola Aguanno lo ricorda come un professionista di grande sensibilit\u00e0 e competenza, apprezzato anche a livello forense per le sue perizie psichiatriche. Dopo il pensionamento, si era trasferito a Cassino (FR), dove ha vissuto fino alla morte. I funerali si sono svolti ieri pomeriggio.<\/p>\n<hr \/>\n<p>&nbsp;<\/p>\n<blockquote>\n<h3 class=\"entry-title\">MICHELE E ROSSELLA: TROVATI A CLAUT<\/h3>\n<\/blockquote>\n<p><strong><a class=\"dt-pswp-item\" href=\"https:\/\/www.radiopiu.net\/wordpress\/wp-content\/uploads\/2025\/02\/Senza-nome-57.png\" data-dt-img-description=\"\" data-large_image_width=\"492\" data-large_image_height=\"381\"><img loading=\"lazy\" decoding=\"async\" class=\" wp-image-435434 alignleft\" src=\"https:\/\/www.radiopiu.net\/wordpress\/wp-content\/uploads\/2025\/02\/Senza-nome-57-300x232.png\" alt=\"\" width=\"188\" height=\"145\" srcset=\"https:\/\/www.radiopiu.net\/wordpress\/wp-content\/uploads\/2025\/02\/Senza-nome-57-300x232.png 300w, https:\/\/www.radiopiu.net\/wordpress\/wp-content\/uploads\/2025\/02\/Senza-nome-57.png 492w\" sizes=\"auto, (max-width: 188px) 100vw, 188px\" \/><\/a>BELLUNO <\/strong>Michele D\u2019Alessio e Rossella Del Console, influencer pugliesi noti per i loro viaggi in van, erano scomparsi il 17 febbraio tra Belluno e Claut, destando grande preoccupazione tra familiari e follower. L\u2019allarme \u00e8 stato diffuso rapidamente tramite social, radio locali e siti web, mobilitando numerose persone nelle ricerche. Diverse segnalazioni sono giunte dall\u2019Agordino, dove Radio Pi\u00f9 ha rilanciato la notizia dopo l\u2019appello del fratello di Michele. Dopo ore di ansia, la coppia \u00e8 stata ritrovata sana e salva a Claut, insieme al loro Golden Retriever. Le cause della scomparsa non erano chiare inizialmente, ma il sindaco di Claut ha poi spiegato che i due erano semplicemente impossibilitati a comunicare a causa dell\u2019assenza di segnale telefonico nella zona. L\u2019ultimo avvistamento era stato segnalato in provincia di Belluno, e il tam-tam sui social ha facilitato le ricerche. Grazie all\u2019intervento del Soccorso Alpino, che ha ricevuto una segnalazione da una residente, la coppia \u00e8 stata individuata in pochi minuti in Val Settimana. Ora Michele e Rossella possono riprendere il loro viaggio e rassicurare i fan che hanno seguito con apprensione l\u2019evolversi della vicenda.<\/p>\n<p><strong>Immaginiamo si sia mossa la potentissima macchina dei soccorsi, in questa Provincia non si scherza con le persone scomparse.<\/p>\n<p><\/strong><\/p>\n<p>&nbsp;<\/p>\n<p>&nbsp;<\/p>\n<p>&nbsp;<\/p>\n<hr \/>\n<p>&nbsp;<\/p>\n<blockquote>\n<h3>INCIDENTE A FELTRE, GRAVE UN UOMO. TRE INTERVENTI SULLE PISTE PER IL SUEM 118<\/h3>\n<\/blockquote>\n<p><strong>REDAZIONE <\/strong>Mattinata intensa per il Suem 118 impegnato fin dal primo mattino. Alle 8:15, un incidente stradale si \u00e8 verificato a Feltre. Un uomo di origini egiziane di 24 anni \u00e8 rimasto coinvolto nello scontro, riportando ferite di media gravit\u00e0. Sul posto \u00e8 intervenuta un\u2019ambulanza che ha trasportato il paziente all\u2019ospedale di Feltre per le cure necessarie. Tre gli interventi sulle piste dei cmpernsori sciistici bellunesi. Ad Arabba, alle\u00a0 10:51, un uomo olandese di 57 anni ha subito un incidente in pista ed \u00e8 stato soccorso dall\u2019elicottero Falco, che lo ha trasportato all\u2019ospedale di Belluno. Sulle piste del comprensorio del Civetta, alle 11:24, un minore \u00e8 rimasto coinvolto in un incidente sulle piste e trasportato con l\u2019elicottero a Treviso per cure mediche. Alle 12:40 ancora un intervento ad Arabba per una giovane sciatrice che ha riportato ferite di media entit\u00e0. Anche in questo caso, il soccorso \u00e8 stato effettuato dall\u2019elicottero Falco.<\/p>\n<p><strong>LE FOTO DI SIMONE PRA DELL&#8217;INTERVENTO AD ARABBA<\/strong><\/p>\n\n\t\t\t<style type='text\/css'>\n\t\t\t\t#gallery-1 {\n\t\t\t\t\tmargin: auto;\n\t\t\t\t}\n\t\t\t\t#gallery-1 .gallery-item {\n\t\t\t\t\tfloat: left;\n\t\t\t\t\tmargin-top: 10px;\n\t\t\t\t\ttext-align: center;\n\t\t\t\t\twidth: 25%;\n\t\t\t\t}\n\t\t\t\t#gallery-1 img {\n\t\t\t\t\tborder: 2px solid #cfcfcf;\n\t\t\t\t}\n\t\t\t\t#gallery-1 .gallery-caption {\n\t\t\t\t\tmargin-left: 0;\n\t\t\t\t}\n\t\t\t\t\/* see gallery_shortcode() in wp-includes\/media.php *\/\n\t\t\t<\/style>\n\t\t<div id='gallery-1' class='dt-gallery-container gallery galleryid-435378 gallery-columns-4 gallery-size-medium'><dl class='gallery-item'>\n\t\t\t\t<dt class='gallery-icon portrait'>\n\t\t\t\t\t<a class=\"rollover rollover-zoom dt-pswp-item\" title=\"c7bf6a27-3655-41f8-910a-a4a30c71e848\" data-dt-img-description=\"\" data-large_image_width=\"1441\" data-large_image_height=\"2560\"href='https:\/\/www.radiopiu.net\/wordpress\/wp-content\/uploads\/2025\/02\/c7bf6a27-3655-41f8-910a-a4a30c71e848-scaled.jpg'><img loading=\"lazy\" decoding=\"async\" width=\"169\" height=\"300\" src=\"https:\/\/www.radiopiu.net\/wordpress\/wp-content\/uploads\/2025\/02\/c7bf6a27-3655-41f8-910a-a4a30c71e848-169x300.jpg\" class=\"attachment-medium size-medium\" alt=\"\" srcset=\"https:\/\/www.radiopiu.net\/wordpress\/wp-content\/uploads\/2025\/02\/c7bf6a27-3655-41f8-910a-a4a30c71e848-169x300.jpg 169w, https:\/\/www.radiopiu.net\/wordpress\/wp-content\/uploads\/2025\/02\/c7bf6a27-3655-41f8-910a-a4a30c71e848-577x1024.jpg 577w, https:\/\/www.radiopiu.net\/wordpress\/wp-content\/uploads\/2025\/02\/c7bf6a27-3655-41f8-910a-a4a30c71e848-768x1364.jpg 768w, https:\/\/www.radiopiu.net\/wordpress\/wp-content\/uploads\/2025\/02\/c7bf6a27-3655-41f8-910a-a4a30c71e848-865x1536.jpg 865w, https:\/\/www.radiopiu.net\/wordpress\/wp-content\/uploads\/2025\/02\/c7bf6a27-3655-41f8-910a-a4a30c71e848-1153x2048.jpg 1153w, https:\/\/www.radiopiu.net\/wordpress\/wp-content\/uploads\/2025\/02\/c7bf6a27-3655-41f8-910a-a4a30c71e848-scaled.jpg 1441w\" sizes=\"auto, (max-width: 169px) 100vw, 169px\" \/><\/a>\n\t\t\t\t<\/dt><\/dl><dl class='gallery-item'>\n\t\t\t\t<dt class='gallery-icon portrait'>\n\t\t\t\t\t<a class=\"rollover rollover-zoom dt-pswp-item\" title=\"6f292684-510d-438e-a823-25615daa0d70\" data-dt-img-description=\"\" data-large_image_width=\"1443\" data-large_image_height=\"2560\"href='https:\/\/www.radiopiu.net\/wordpress\/wp-content\/uploads\/2025\/02\/6f292684-510d-438e-a823-25615daa0d70-scaled.jpg'><img loading=\"lazy\" decoding=\"async\" width=\"169\" height=\"300\" src=\"https:\/\/www.radiopiu.net\/wordpress\/wp-content\/uploads\/2025\/02\/6f292684-510d-438e-a823-25615daa0d70-169x300.jpg\" class=\"attachment-medium size-medium\" alt=\"\" srcset=\"https:\/\/www.radiopiu.net\/wordpress\/wp-content\/uploads\/2025\/02\/6f292684-510d-438e-a823-25615daa0d70-169x300.jpg 169w, https:\/\/www.radiopiu.net\/wordpress\/wp-content\/uploads\/2025\/02\/6f292684-510d-438e-a823-25615daa0d70-577x1024.jpg 577w, https:\/\/www.radiopiu.net\/wordpress\/wp-content\/uploads\/2025\/02\/6f292684-510d-438e-a823-25615daa0d70-768x1363.jpg 768w, https:\/\/www.radiopiu.net\/wordpress\/wp-content\/uploads\/2025\/02\/6f292684-510d-438e-a823-25615daa0d70-866x1536.jpg 866w, https:\/\/www.radiopiu.net\/wordpress\/wp-content\/uploads\/2025\/02\/6f292684-510d-438e-a823-25615daa0d70-1154x2048.jpg 1154w, https:\/\/www.radiopiu.net\/wordpress\/wp-content\/uploads\/2025\/02\/6f292684-510d-438e-a823-25615daa0d70-scaled.jpg 1443w\" sizes=\"auto, (max-width: 169px) 100vw, 169px\" \/><\/a>\n\t\t\t\t<\/dt><\/dl><dl class='gallery-item'>\n\t\t\t\t<dt class='gallery-icon portrait'>\n\t\t\t\t\t<a class=\"rollover rollover-zoom dt-pswp-item\" title=\"42b6fc2e-03f0-4ab4-a63e-f49eb050f915\" data-dt-img-description=\"\" data-large_image_width=\"1442\" data-large_image_height=\"2560\"href='https:\/\/www.radiopiu.net\/wordpress\/wp-content\/uploads\/2025\/02\/42b6fc2e-03f0-4ab4-a63e-f49eb050f915-scaled.jpg'><img loading=\"lazy\" decoding=\"async\" width=\"169\" height=\"300\" src=\"https:\/\/www.radiopiu.net\/wordpress\/wp-content\/uploads\/2025\/02\/42b6fc2e-03f0-4ab4-a63e-f49eb050f915-169x300.jpg\" class=\"attachment-medium size-medium\" alt=\"\" srcset=\"https:\/\/www.radiopiu.net\/wordpress\/wp-content\/uploads\/2025\/02\/42b6fc2e-03f0-4ab4-a63e-f49eb050f915-169x300.jpg 169w, https:\/\/www.radiopiu.net\/wordpress\/wp-content\/uploads\/2025\/02\/42b6fc2e-03f0-4ab4-a63e-f49eb050f915-577x1024.jpg 577w, https:\/\/www.radiopiu.net\/wordpress\/wp-content\/uploads\/2025\/02\/42b6fc2e-03f0-4ab4-a63e-f49eb050f915-768x1364.jpg 768w, https:\/\/www.radiopiu.net\/wordpress\/wp-content\/uploads\/2025\/02\/42b6fc2e-03f0-4ab4-a63e-f49eb050f915-865x1536.jpg 865w, https:\/\/www.radiopiu.net\/wordpress\/wp-content\/uploads\/2025\/02\/42b6fc2e-03f0-4ab4-a63e-f49eb050f915-1153x2048.jpg 1153w, https:\/\/www.radiopiu.net\/wordpress\/wp-content\/uploads\/2025\/02\/42b6fc2e-03f0-4ab4-a63e-f49eb050f915-scaled.jpg 1442w\" sizes=\"auto, (max-width: 169px) 100vw, 169px\" \/><\/a>\n\t\t\t\t<\/dt><\/dl><dl class='gallery-item'>\n\t\t\t\t<dt class='gallery-icon portrait'>\n\t\t\t\t\t<a class=\"rollover rollover-zoom dt-pswp-item\" title=\"1c66e910-9134-4122-8dae-f29171f7d9fe\" data-dt-img-description=\"\" data-large_image_width=\"900\" data-large_image_height=\"1600\"href='https:\/\/www.radiopiu.net\/wordpress\/wp-content\/uploads\/2025\/02\/1c66e910-9134-4122-8dae-f29171f7d9fe.jpg'><img loading=\"lazy\" decoding=\"async\" width=\"169\" height=\"300\" src=\"https:\/\/www.radiopiu.net\/wordpress\/wp-content\/uploads\/2025\/02\/1c66e910-9134-4122-8dae-f29171f7d9fe-169x300.jpg\" class=\"attachment-medium size-medium\" alt=\"\" srcset=\"https:\/\/www.radiopiu.net\/wordpress\/wp-content\/uploads\/2025\/02\/1c66e910-9134-4122-8dae-f29171f7d9fe-169x300.jpg 169w, https:\/\/www.radiopiu.net\/wordpress\/wp-content\/uploads\/2025\/02\/1c66e910-9134-4122-8dae-f29171f7d9fe-576x1024.jpg 576w, https:\/\/www.radiopiu.net\/wordpress\/wp-content\/uploads\/2025\/02\/1c66e910-9134-4122-8dae-f29171f7d9fe-768x1365.jpg 768w, https:\/\/www.radiopiu.net\/wordpress\/wp-content\/uploads\/2025\/02\/1c66e910-9134-4122-8dae-f29171f7d9fe-864x1536.jpg 864w, https:\/\/www.radiopiu.net\/wordpress\/wp-content\/uploads\/2025\/02\/1c66e910-9134-4122-8dae-f29171f7d9fe.jpg 900w\" sizes=\"auto, (max-width: 169px) 100vw, 169px\" \/><\/a>\n\t\t\t\t<\/dt><\/dl><br style=\"clear: both\" \/>\n\t\t\t<\/div>\n\n<p>&nbsp;<\/p>\n<hr \/>\n<p>&nbsp;<\/p>\n<blockquote>\n<h3>ALTRI TRE INTERVENTI SULLE PISTE ANCHE NEL POMERIGGIO<\/h3>\n<\/blockquote>\n<p><strong><a class=\"dt-pswp-item\" href=\"https:\/\/www.radiopiu.net\/wordpress\/wp-content\/uploads\/2025\/01\/salt.png\" data-dt-img-description=\"\" data-large_image_width=\"707\" data-large_image_height=\"362\"><img loading=\"lazy\" decoding=\"async\" class=\" wp-image-430223 alignleft\" src=\"https:\/\/www.radiopiu.net\/wordpress\/wp-content\/uploads\/2025\/01\/salt-300x154.png\" alt=\"\" width=\"206\" height=\"106\" srcset=\"https:\/\/www.radiopiu.net\/wordpress\/wp-content\/uploads\/2025\/01\/salt-300x154.png 300w, https:\/\/www.radiopiu.net\/wordpress\/wp-content\/uploads\/2025\/01\/salt.png 707w\" sizes=\"auto, (max-width: 206px) 100vw, 206px\" \/><\/a>REDAZIONE<\/strong> Giornata intensa per le donne e gli uomini del Suem 118 che anche nel pomeriggio sono stati impegnati su pi\u00f9 fronti sulle piste dei comprensori bellunesi. Poco prima delle 13 un minore straniero ha riportato un trauma in pista a Falcade ed \u00e8 stato trasportato con l\u2019elicottero di Eli Treviso al San Martino di Belluno. Alle 14 incidente sulle piste di Cortina dove un uomo di 52 anni, residente a Trieste, ha subito un trauma in pista ed \u00e8 stato soccorso dall\u2019elicottero Falco e trasportato a Belluno. infine, alle 15, l&#8217;ultimo intervento sulle piste di Alleghe dove un minore dei Paesi Bassi ha subito un trauma in pista ed \u00e8 stato trasferito con l\u2019elicottero Falco all\u2019ospedale di Treviso.<\/p>\n<p>&nbsp;<\/p>\n<p>&nbsp;<\/p>\n<hr \/>\n<p>&nbsp;<\/p>\n<blockquote>\n<h3>RINVENUTA UNA BOMBA DELLA SECONDA GUERRA MONDIALE<\/h3>\n<\/blockquote>\n<h3><strong style=\"font-size: 14px;\"><a class=\"dt-pswp-item\" href=\"https:\/\/www.radiopiu.net\/wordpress\/wp-content\/uploads\/2025\/02\/Senza-nome-59.png\" data-dt-img-description=\"\" data-large_image_width=\"345\" data-large_image_height=\"200\"><img loading=\"lazy\" decoding=\"async\" class=\" wp-image-435449 alignleft\" src=\"https:\/\/www.radiopiu.net\/wordpress\/wp-content\/uploads\/2025\/02\/Senza-nome-59-300x174.png\" alt=\"\" width=\"179\" height=\"104\" srcset=\"https:\/\/www.radiopiu.net\/wordpress\/wp-content\/uploads\/2025\/02\/Senza-nome-59-300x174.png 300w, https:\/\/www.radiopiu.net\/wordpress\/wp-content\/uploads\/2025\/02\/Senza-nome-59.png 345w\" sizes=\"auto, (max-width: 179px) 100vw, 179px\" \/><\/a>BELLUNO<\/strong><span style=\"font-size: 14px; font-weight: normal;\"> Un ordigno bellico risalente alla Seconda Guerra Mondiale \u00e8 stato scoperto questa mattina a Belluno, in via Tiziano Vecellio, durante gli scavi per la realizzazione di un nuovo marciapiede. Il ritrovamento ha portato alla sospensione immediata dei lavori e all\u2019allerta degli artificieri, che si occuperanno della bonifica e rimozione in sicurezza dell\u2019ordigno. Il Comune di Belluno ha rassicurato i cittadini, dichiarando che non sussiste alcun pericolo per la popolazione o per la circolazione veicolare. Le operazioni di bonifica saranno condotte dalle autorit\u00e0 militari competenti, dopodich\u00e9 il cantiere potr\u00e0 riprendere regolarmente.<\/span><\/h3>\n<p>&nbsp;<\/p>\n<p>&nbsp;<\/p>\n<p>&nbsp;<\/p>\n<hr \/>\n<p>&nbsp;<\/p>\n<p>&nbsp;<\/p>\n<blockquote>\n<h3 data-start=\"0\" data-end=\"79\"><strong data-start=\"4\" data-end=\"77\"><a class=\"dt-pswp-item\" href=\"https:\/\/www.radiopiu.net\/wordpress\/wp-content\/uploads\/2025\/02\/Senza-nome-61.png\" data-dt-img-description=\"\" data-large_image_width=\"649\" data-large_image_height=\"266\"><img loading=\"lazy\" decoding=\"async\" class=\" wp-image-435473 alignleft\" src=\"https:\/\/www.radiopiu.net\/wordpress\/wp-content\/uploads\/2025\/02\/Senza-nome-61-300x123.png\" alt=\"\" width=\"249\" height=\"102\" srcset=\"https:\/\/www.radiopiu.net\/wordpress\/wp-content\/uploads\/2025\/02\/Senza-nome-61-300x123.png 300w, https:\/\/www.radiopiu.net\/wordpress\/wp-content\/uploads\/2025\/02\/Senza-nome-61.png 649w\" sizes=\"auto, (max-width: 249px) 100vw, 249px\" \/><\/a>autovelox, annullata la sanzione dal Giudice di Pace<\/strong><\/h3>\n<\/blockquote>\n<p data-start=\"81\" data-end=\"409\"><strong data-start=\"81\" data-end=\"96\">ARABBA<\/strong> \u2013 Canta vittoria\u00a0 AltVelox a nome di una cittadina multata dal Comune di Livinallongo del Col di Lana. Il Giudice di Pace di Belluno, Dr. Gianni Bottoli, ha accolto il ricorso presentato, annullando la sanzione legata all\u2019autovelox \u00a0installato in localit\u00e0 Brenta sulla SR48 delle Dolomiti. La contestazione si basava sulla mancanza dell\u2019omologazione dell\u2019autovelox, rendendo di fatto illegittima la sanzione. AltVelox ha annunciato che\u00a0 verr\u00e0 formalizzata un\u2019ennesima denuncia-querela contro l\u2019uso improprio di questi dispositivi.<\/p>\n<p data-start=\"81\" data-end=\"409\">\n<p data-start=\"81\" data-end=\"409\">\n<blockquote>\n<p data-start=\"81\" data-end=\"409\">\n<\/blockquote>\n<hr \/>\n<p data-start=\"81\" data-end=\"409\"><span style=\"color: #ff0000;\"><a href=\"https:\/\/www.radiopiu.net\/wordpress\/wp-content\/uploads\/2025\/02\/027ac07f-ae3d-4a71-8fd4-2916026a08ef.webp\"><img loading=\"lazy\" decoding=\"async\" class=\" wp-image-435552 alignleft\" src=\"https:\/\/www.radiopiu.net\/wordpress\/wp-content\/uploads\/2025\/02\/027ac07f-ae3d-4a71-8fd4-2916026a08ef-300x300.webp\" alt=\"\" width=\"129\" height=\"222\" \/><\/a>LA GIUDIZIARIA OGGI<\/span><br \/>\n<span style=\"color: #ff0000;\">SUL CORRIERE DELLE ALPI (SINTESI)<\/span><br \/>\n<span style=\"color: #ff0000;\">GIGI SOSSO<\/span><\/p>\n<blockquote>\n<h2 data-start=\"81\" data-end=\"409\">Maltrattamenti e violenze: processo in corso a Belluno<\/h2>\n<\/blockquote>\n<p data-start=\"66\" data-end=\"315\"><strong>BELLUNO<\/strong> Un uomo \u00e8 accusato di maltrattamenti e violenze sessuali sulla moglie, davanti ai figli. I problemi nella coppia sarebbero esplosi per gelosia e incomprensioni, con la donna che ha deciso di trasferirsi a Padova e denunciare il marito. In aula, i carabinieri, amici e la sorella della vittima hanno descritto un clima di forte tensione, testimoniando anche episodi di controllo e violenza. La donna ha presentato foto di lividi e parlato di presunte violenze sessuali. Inoltre, il marito avrebbe usato il cellulare della moglie per simulare messaggi compromettenti. Il processo proseguir\u00e0 nelle prossime udienze, con la testimonianza della vittima.<\/p>\n<blockquote>\n<h3 data-start=\"0\" data-end=\"72\"><\/h3>\n<h3 data-start=\"0\" data-end=\"72\"><strong data-start=\"4\" data-end=\"70\">Roncola e forbici in piazza Duomo: a processo per porto d\u2019armi<\/strong><\/h3>\n<\/blockquote>\n<p data-start=\"74\" data-end=\"350\"><strong>BELLUNO<\/strong> Fermato in piazza Duomo, un uomo con roncola e forbici nello zaino ha spiegato ai poliziotti di lavorare come giardiniere nel pomeriggio dopo un turno come corriere espresso. Tuttavia, \u00e8 stato denunciato per porto illegale di arma o oggetto atto a offendere. L\u2019uomo\u00a0\u00e8 stato controllato mentre si dirigeva verso il parcheggio di Lambioi con atteggiamento sospetto. La madre ha confermato che gli strumenti erano per lavoro, ma il tribunale dovr\u00e0 stabilire la sua posizione. \u00c8 difeso dall\u2019avvocato Jenny Fioraso.<\/p>\n<blockquote>\n<h3 data-start=\"0\" data-end=\"88\"><strong data-start=\"4\" data-end=\"86\">Assolto per guida in stato di ebbrezza nonostante 2,28 g\/l di alcol nel sangue<\/strong><\/h3>\n<\/blockquote>\n<p data-start=\"90\" data-end=\"427\"><strong>FELTRE<\/strong>\u00a0 Un uomo \u00e8 stato assolto per non aver commesso il fatto, nonostante un tasso alcolemico di 2,28 g\/l rilevato dopo un incidente stradale il 18 luglio 2021. Il giudice Domenico Riposati ha respinto la richiesta del PM Maria Luisa Pesco, che chiedeva otto mesi di arresto e la revoca della patente. L\u2019avvocato Giulia Piazza ha sostenuto che l\u2019imputato non mostrava sintomi tipici di ebbrezza. Le motivazioni della sentenza arriveranno tra 60 giorni, mentre resta il dubbio sull\u2019effetto di eventuali farmaci sui risultati dell\u2019esame.<\/p>\n<blockquote>\n<h3 data-start=\"0\" data-end=\"63\"><strong data-start=\"4\" data-end=\"61\">Gosaldo: indagini su lavori abusivi lungo un sentiero<\/strong><\/h3>\n<\/blockquote>\n<p data-start=\"65\" data-end=\"356\"><strong>GOSALDO<\/strong>\u00a0 Un sentiero stava per diventare una strada senza autorizzazioni. Il sindaco Stefano Da Zanche aveva notato i movimenti di terra il 21 ottobre 2021, avviando un sopralluogo. Il tracciato di 300 metri si trovava in un\u2019area vincolata colpita dalla tempesta Vaia. Gli indagati \u00a0non avevano richiesto il permesso a costruire. Nel processo per abuso edilizio, il giudice Domenico Riposati ascolter\u00e0 gli imputati il 2 aprile. La difesa \u00e8 affidata all\u2019avvocato Roberto Rigoni Stern.<\/p>\n<blockquote>\n<h3 data-start=\"0\" data-end=\"72\">Incidente mortale a Listolade: patteggia il conducente del SUV<\/h3>\n<\/blockquote>\n<p data-start=\"74\" data-end=\"507\" data-is-last-node=\"\"><strong>AGORDO<\/strong> \u00a0ha patteggiato sei mesi di reclusione con pena sospesa e altrettanti di sospensione della patente per l\u2019incidente del 5 novembre 2023 sulla SR203 Agordina, in cui mor\u00ec Giuseppe De Nardin, 87 anni. L\u2019impatto con la Mitsubishi L200, che viaggiava a 80 km\/h in un tratto con limite di 50, fu fatale. Il processo si \u00e8 chiuso dopo il risarcimento ai familiari.<\/p>\n<hr \/>\n<p>&nbsp;<\/p>\n<blockquote>\n<h3>DOPPIO APPUNTAMENTO NEL FINE SETTIMANA PER SINISTRA ITALIANA BELLUNO<\/h3>\n<\/blockquote>\n<p><strong><a class=\"dt-pswp-item\" href=\"https:\/\/www.radiopiu.net\/wordpress\/wp-content\/uploads\/2025\/02\/KJHSGH.jpg\" data-dt-img-description=\"\" data-large_image_width=\"1080\" data-large_image_height=\"828\"><img loading=\"lazy\" decoding=\"async\" class=\" wp-image-435459 alignleft\" src=\"https:\/\/www.radiopiu.net\/wordpress\/wp-content\/uploads\/2025\/02\/KJHSGH-300x230.jpg\" alt=\"\" width=\"181\" height=\"139\" srcset=\"https:\/\/www.radiopiu.net\/wordpress\/wp-content\/uploads\/2025\/02\/KJHSGH-300x230.jpg 300w, https:\/\/www.radiopiu.net\/wordpress\/wp-content\/uploads\/2025\/02\/KJHSGH-1024x785.jpg 1024w, https:\/\/www.radiopiu.net\/wordpress\/wp-content\/uploads\/2025\/02\/KJHSGH-768x589.jpg 768w, https:\/\/www.radiopiu.net\/wordpress\/wp-content\/uploads\/2025\/02\/KJHSGH.jpg 1080w\" sizes=\"auto, (max-width: 181px) 100vw, 181px\" \/><\/a>BELLUNO<\/strong> Doppio appuntamento nel fine settimana per Sinistra Italiana Belluno: nel capoluogo, il partito scender\u00e0 in piazza per la manifestazione contro il DDL Sicurezza, mentre nell&#8217;assemblea nazionale di Napoli si parler\u00e0 anche di montagna e di autonomia.<\/p>\n<p><strong>DI DANIELE DALVIT<\/strong><\/p>\n<audio class=\"wp-audio-shortcode\" id=\"audio-435378-7\" preload=\"none\" style=\"width: 100%;\" controls=\"controls\"><source type=\"audio\/mpeg\" src=\"https:\/\/www.radiopiu.net\/wordpress\/wp-content\/uploads\/2025\/02\/Servizio-Sinistra-Italiana-Sicurezza-e-enti-locali.mp3?_=7\" \/><a href=\"https:\/\/www.radiopiu.net\/wordpress\/wp-content\/uploads\/2025\/02\/Servizio-Sinistra-Italiana-Sicurezza-e-enti-locali.mp3\">https:\/\/www.radiopiu.net\/wordpress\/wp-content\/uploads\/2025\/02\/Servizio-Sinistra-Italiana-Sicurezza-e-enti-locali.mp3<\/a><\/audio>\n<p>&nbsp;<\/p>\n<hr \/>\n<p>&nbsp;<\/p>\n<blockquote>\n<h3>RIAPRE IL BANDO PER GLI STUDENTI DELLE TERRE ALTE<\/h3>\n<\/blockquote>\n<p><strong>BELLUNO<\/strong> La Provincia di Belluno riapre il bando per i contributi agli studenti pendolari delle aree montane che frequentano un convitto non statale. L\u2019iniziativa, nata in collaborazione con il Consorzio Bim Piave, aiuta le famiglie a coprire le rette, garantendo pari opportunit\u00e0 di accesso all\u2019istruzione rispetto alla Valbelluna. Il bando, inizialmente chiuso il 24 dicembre, sar\u00e0 riaperto per permettere a pi\u00f9 famiglie di partecipare. Il contributo massimo \u00e8 di 2.250 euro e ora include anche studenti delle scuole di formazione professionale. La scadenza sar\u00e0 comunicata nelle prossime settimane, con pagamenti in una o due tranche.<\/p>\n<p>&nbsp;<\/p>\n<p>&nbsp;<\/p>\n<hr \/>\n<p>&nbsp;<\/p>\n<blockquote>\n<h3>La Lega continua la raccolta firme per Forze dell\u2019Ordine e &#8220;Veneto ai Veneti&#8221;<\/h3>\n<\/blockquote>\n<h3 data-start=\"0\" data-end=\"87\">BELLUNO<\/h3>\n<p data-start=\"89\" data-end=\"426\" data-is-last-node=\"\"><img loading=\"lazy\" decoding=\"async\" class=\"alignleft\" src=\"https:\/\/www.radiopiu.net\/wordpress\/wp-content\/uploads\/2025\/02\/Senza-nome-60.png\" width=\"251\" height=\"129\" \/>Prosegue nei gazebi della Lega la raccolta firme a sostegno delle Forze dell\u2019Ordine e della candidatura di Luca Zaia alla Presidenza del Veneto. L\u2019iniziativa, promossa dal Direttivo Regionale, si estende anche a zone meno centrali. Gazebi a Trichiana (stamane), Canale d\u2019Agordo (venerdi) e Castion (sabato).<\/p>\n<p>il segretario Andrea De Bernardin<\/p>\n<audio class=\"wp-audio-shortcode\" id=\"audio-435378-8\" preload=\"none\" style=\"width: 100%;\" controls=\"controls\"><source type=\"audio\/ogg\" src=\"https:\/\/www.radiopiu.net\/wordpress\/wp-content\/uploads\/2025\/02\/WhatsApp-Audio-2025-02-19-at-15.05.19.ogg?_=8\" \/><a href=\"https:\/\/www.radiopiu.net\/wordpress\/wp-content\/uploads\/2025\/02\/WhatsApp-Audio-2025-02-19-at-15.05.19.ogg\">https:\/\/www.radiopiu.net\/wordpress\/wp-content\/uploads\/2025\/02\/WhatsApp-Audio-2025-02-19-at-15.05.19.ogg<\/a><\/audio>\n<p>&nbsp;<\/p>\n<hr \/>\n<p>&nbsp;<\/p>\n<h1 class=\"_title post-title entry-title\"><a class=\"dt-pswp-item\" href=\"https:\/\/www.radiopiu.net\/wordpress\/wp-content\/uploads\/2023\/12\/ANTENNA.png\" data-dt-img-description=\"\" data-large_image_width=\"300\" data-large_image_height=\"166\"><img loading=\"lazy\" decoding=\"async\" class=\"wp-image-366306 alignleft\" src=\"https:\/\/www.radiopiu.net\/wordpress\/wp-content\/uploads\/2023\/12\/ANTENNA.png\" alt=\"\" width=\"155\" height=\"86\" \/><\/a>RICOPERTE DI EDERA LE SCULTURE DI MURER DEDICATE ALLA RESISTENZA<\/h1>\n<p>Intervistati LORENZA DE KUNOVICH (ASSESSORE PARCHI COMUNE BELLUNO) (Servizio di\u00a0<a href=\"https:\/\/antennatre.medianordest.it\/redazione\/Fabio-Fioravanzi\/\">Fabio Fioravanzi<\/a>)<\/p>\n<p><iframe loading=\"lazy\" title=\"RICOPERTE DI EDERA LE SCULTURE DI MURER DEDICATE ALLA RESISTENZA | 19\/02\/2025\" width=\"1200\" height=\"675\" src=\"https:\/\/www.youtube.com\/embed\/IEsFrlTTuYo?feature=oembed\" frameborder=\"0\" allow=\"accelerometer; autoplay; clipboard-write; encrypted-media; gyroscope; picture-in-picture; web-share\" referrerpolicy=\"strict-origin-when-cross-origin\" allowfullscreen><\/iframe><\/p>\n<p>&nbsp;<\/p>\n<hr \/>\n<p>&nbsp;<\/p>\n<p>&nbsp;<\/p>\n<blockquote>\n<h3>IL SOCCORSO ALPINO FA VISITA A PALAZZO PILONI<\/h3>\n<\/blockquote>\n<p><strong><a class=\"dt-pswp-item\" href=\"https:\/\/www.radiopiu.net\/wordpress\/wp-content\/uploads\/2025\/02\/soccorso-alpino-visita-Palazzo-Piloni-scaled.jpg\" data-dt-img-description=\"\" data-large_image_width=\"2560\" data-large_image_height=\"1920\"><img loading=\"lazy\" decoding=\"async\" class=\" wp-image-435506 alignleft\" src=\"https:\/\/www.radiopiu.net\/wordpress\/wp-content\/uploads\/2025\/02\/soccorso-alpino-visita-Palazzo-Piloni-300x225.jpg\" alt=\"\" width=\"149\" height=\"112\" srcset=\"https:\/\/www.radiopiu.net\/wordpress\/wp-content\/uploads\/2025\/02\/soccorso-alpino-visita-Palazzo-Piloni-300x225.jpg 300w, https:\/\/www.radiopiu.net\/wordpress\/wp-content\/uploads\/2025\/02\/soccorso-alpino-visita-Palazzo-Piloni-1024x768.jpg 1024w, https:\/\/www.radiopiu.net\/wordpress\/wp-content\/uploads\/2025\/02\/soccorso-alpino-visita-Palazzo-Piloni-768x576.jpg 768w, https:\/\/www.radiopiu.net\/wordpress\/wp-content\/uploads\/2025\/02\/soccorso-alpino-visita-Palazzo-Piloni-1536x1152.jpg 1536w, https:\/\/www.radiopiu.net\/wordpress\/wp-content\/uploads\/2025\/02\/soccorso-alpino-visita-Palazzo-Piloni-2048x1536.jpg 2048w\" sizes=\"auto, (max-width: 149px) 100vw, 149px\" \/><\/a>BELLUNO<\/strong> Il Soccorso Alpino (Cnsas) ha incontrato il presidente della Provincia di Belluno, Roberto Padrin, a Palazzo Piloni per discutere di sicurezza in montagna. Presenti il nuovo presidente regionale veneto Giuseppe Zandegiacomo, il delegato bellunese Michele Titton e il vice Giorgio Farenzena. Durante l\u2019incontro, \u00e8 stata confermata la collaborazione con la Provincia e si \u00e8 parlato dell\u2019impegno del Soccorso Alpino in vista delle Olimpiadi Milano-Cortina 2026. L\u2019afflusso di migliaia di visitatori render\u00e0 cruciale il lavoro dei 500 volontari e delle 18 stazioni operative della delegazione bellunese. Il presidente Padrin ha elogiato il Cnsas, definendolo un pilastro per la sicurezza della montagna e un elemento essenziale per il turismo locale.<\/p>\n<p>&nbsp;<\/p>\n<p>&nbsp;<\/p>\n<hr \/>\n<p>&nbsp;<\/p>\n<blockquote>\n<h3>EDIM BOSCH: FUTURO INCERTO E PROPOSTE INACETTABILI PER LE USCITE VOLONTARIE<\/h3>\n<\/blockquote>\n<p><strong><a class=\"dt-pswp-item\" href=\"https:\/\/www.radiopiu.net\/wordpress\/wp-content\/uploads\/2025\/02\/FIOM-CGIL-hp1.jpg\" data-dt-img-description=\"\" data-large_image_width=\"800\" data-large_image_height=\"600\"><img loading=\"lazy\" decoding=\"async\" class=\" wp-image-435518 alignleft\" src=\"https:\/\/www.radiopiu.net\/wordpress\/wp-content\/uploads\/2025\/02\/FIOM-CGIL-hp1-300x225.jpg\" alt=\"\" width=\"184\" height=\"138\" srcset=\"https:\/\/www.radiopiu.net\/wordpress\/wp-content\/uploads\/2025\/02\/FIOM-CGIL-hp1-300x225.jpg 300w, https:\/\/www.radiopiu.net\/wordpress\/wp-content\/uploads\/2025\/02\/FIOM-CGIL-hp1-768x576.jpg 768w, https:\/\/www.radiopiu.net\/wordpress\/wp-content\/uploads\/2025\/02\/FIOM-CGIL-hp1.jpg 800w\" sizes=\"auto, (max-width: 184px) 100vw, 184px\" \/><\/a>BELLUNO <\/strong>Presso Confindustria Monza si \u00e8 svolto un incontro per discutere il futuro dei lavoratori della EDiM \u2013 Gruppo Bosch di Settevalli (Belluno) e Villasanta (Monza). L\u2019azienda ha comunicato un calo del fatturato del 16% a gennaio e del 30% a febbraio, con una stima del -50% a giugno 2025. A causa di questa crisi, ha ribadito la necessit\u00e0 di ridurre 100 posti di lavoro, proponendo incentivi all\u2019esodo ritenuti insufficienti dai sindacati. Sul fronte della possibile cessione, quattro dei sei potenziali acquirenti \u2013 tutti fondi d\u2019investimento \u2013 hanno avviato la due diligence, analizzando le condizioni dell\u2019azienda. Questo rappresenta l\u2019unica nota positiva della giornata, indicando un potenziale interesse all\u2019acquisizione. Stefano Bona, segretario generale della Fiom bellunese, ha sottolineato la priorit\u00e0 di mantenere il sito produttivo di Quero\/Settevalli e salvaguardare l\u2019occupazione. Ha inoltre richiesto incentivi adeguati per le uscite volontarie e garanzie per nuovi investimenti e il rilancio del sito in caso di cessione. Il prossimo incontro \u00e8 fissato per il 6 marzo 2025 a Belluno, presso Confindustria Dolomiti.<\/p>\n<p>&nbsp;<\/p>\n<p>&nbsp;<\/p>\n<hr \/>\n<p>&nbsp;<\/p>\n<blockquote>\n<h3>BILANCIO LIMANA SERVIZI E AUMENTO DELLE RETTE: OLTRE LIMANA INCALZA LA MAGGIORANZA<\/h3>\n<\/blockquote>\n<p><strong><a class=\"dt-pswp-item\" href=\"https:\/\/www.radiopiu.net\/wordpress\/wp-content\/uploads\/2024\/10\/OLTRE-LIMANA.png\" data-dt-img-description=\"\" data-large_image_width=\"1179\" data-large_image_height=\"1184\"><img loading=\"lazy\" decoding=\"async\" class=\" wp-image-413077 alignleft\" src=\"https:\/\/www.radiopiu.net\/wordpress\/wp-content\/uploads\/2024\/10\/OLTRE-LIMANA-300x300.png\" alt=\"\" width=\"107\" height=\"107\" srcset=\"https:\/\/www.radiopiu.net\/wordpress\/wp-content\/uploads\/2024\/10\/OLTRE-LIMANA-300x300.png 300w, https:\/\/www.radiopiu.net\/wordpress\/wp-content\/uploads\/2024\/10\/OLTRE-LIMANA-1020x1024.png 1020w, https:\/\/www.radiopiu.net\/wordpress\/wp-content\/uploads\/2024\/10\/OLTRE-LIMANA-150x150.png 150w, https:\/\/www.radiopiu.net\/wordpress\/wp-content\/uploads\/2024\/10\/OLTRE-LIMANA-768x771.png 768w, https:\/\/www.radiopiu.net\/wordpress\/wp-content\/uploads\/2024\/10\/OLTRE-LIMANA.png 1179w\" sizes=\"auto, (max-width: 107px) 100vw, 107px\" \/><\/a>LIMANA<\/strong> Le famiglie di Limana affrontano un forte aumento delle rette della Casa di Riposo, deciso senza il preventivo esame del bilancio dell\u2019Azienda Speciale Limana Servizi da parte del Consiglio Comunale. I consiglieri di Oltre Limana, Milena De Zanet e Alex Segat, hanno presentato un\u2019interrogazione al Sindaco per chiarire le ragioni di questi aumenti, applicati retroattivamente dal primo gennaio. Criticano la mancanza di trasparenza e il ritardo nell\u2019aggiornamento dei contratti tra il Comune e l\u2019Azienda Speciale. Sollevano dubbi sulla gestione economica della struttura, segnalando posti letto rimasti vuoti e una possibile perdita di entrate. Chiedono anche se sia stata considerata una riduzione dell\u2019affitto della struttura per alleggerire i costi a carico delle famiglie. Il gruppo consiliare esige risposte concrete e la discussione del bilancio in Consiglio, per garantire trasparenza e tutela degli ospiti.<\/p>\n<p>&nbsp;<\/p>\n<p>&nbsp;<\/p>\n<hr \/>\n<p>&nbsp;<\/p>\n<blockquote>\n<h3>BANDI EU INTERREG: AL VENETO OLTRE 80 MILIONI DI EURO<\/h3>\n<\/blockquote>\n<p><strong><a class=\"dt-pswp-item\" href=\"https:\/\/www.radiopiu.net\/wordpress\/wp-content\/uploads\/2023\/11\/BALBI-ROSSO-1.jpg\" data-dt-img-description=\"\" data-large_image_width=\"1600\" data-large_image_height=\"1200\"><img loading=\"lazy\" decoding=\"async\" class=\" wp-image-362954 alignleft\" src=\"https:\/\/www.radiopiu.net\/wordpress\/wp-content\/uploads\/2023\/11\/BALBI-ROSSO-1-300x225.jpg\" alt=\"\" width=\"185\" height=\"139\" srcset=\"https:\/\/www.radiopiu.net\/wordpress\/wp-content\/uploads\/2023\/11\/BALBI-ROSSO-1-300x225.jpg 300w, https:\/\/www.radiopiu.net\/wordpress\/wp-content\/uploads\/2023\/11\/BALBI-ROSSO-1-1024x768.jpg 1024w, https:\/\/www.radiopiu.net\/wordpress\/wp-content\/uploads\/2023\/11\/BALBI-ROSSO-1-768x576.jpg 768w, https:\/\/www.radiopiu.net\/wordpress\/wp-content\/uploads\/2023\/11\/BALBI-ROSSO-1-1536x1152.jpg 1536w, https:\/\/www.radiopiu.net\/wordpress\/wp-content\/uploads\/2023\/11\/BALBI-ROSSO-1.jpg 1600w\" sizes=\"auto, (max-width: 185px) 100vw, 185px\" \/><\/a>VENEZIA<\/strong> Il programma Interreg finanzia progetti di cooperazione europea su temi come inquinamento, mobilit\u00e0 sostenibile e digitalizzazione. Il Veneto si \u00e8 distinto nella programmazione 2014-2020 con 317 progetti finanziati per oltre 80 milioni di euro e continua a primeggiare nella programmazione 2021-2027. Secondo la Relazione di sintesi 2024, il Veneto \u00e8 la prima regione italiana per numero di progetti finanziati (61) e la terza per risorse assegnate (quasi 15 milioni di euro). La regione ha ottenuto il maggior finanziamento nell\u2019Obiettivo Strategico 2 per la sostenibilit\u00e0 ambientale (6,7 milioni di euro). Nella programmazione 2014-2020, il Veneto \u00e8 stato protagonista in Interreg Italia-Croazia (23,4 milioni di euro), Italia-Austria (17 milioni) e altri programmi europei. Ha guidato 101 progetti come capofila, con un focus su cooperazione marittima ed Economia Blu (34,3 milioni di euro). Il portale Interreg del Veneto offre dettagli sulle opportunit\u00e0 e i progetti in corso.<\/p>\n<p>&nbsp;<\/p>\n<p>&nbsp;<\/p>\n<hr \/>\n<p>&nbsp;<\/p>\n<blockquote>\n<h3>CONTINUA COSTRUIRE A LONGARONE FIERE<\/h3>\n<\/blockquote>\n<p><strong><a class=\"dt-pswp-item\" href=\"https:\/\/www.radiopiu.net\/wordpress\/wp-content\/uploads\/2025\/02\/fiera-costruire-142.jpg\" data-dt-img-description=\"\" data-large_image_width=\"2048\" data-large_image_height=\"1365\"><img loading=\"lazy\" decoding=\"async\" class=\" wp-image-435325 alignleft\" src=\"https:\/\/www.radiopiu.net\/wordpress\/wp-content\/uploads\/2025\/02\/fiera-costruire-142-300x200.jpg\" alt=\"\" width=\"162\" height=\"108\" srcset=\"https:\/\/www.radiopiu.net\/wordpress\/wp-content\/uploads\/2025\/02\/fiera-costruire-142-300x200.jpg 300w, https:\/\/www.radiopiu.net\/wordpress\/wp-content\/uploads\/2025\/02\/fiera-costruire-142-1024x683.jpg 1024w, https:\/\/www.radiopiu.net\/wordpress\/wp-content\/uploads\/2025\/02\/fiera-costruire-142-768x512.jpg 768w, https:\/\/www.radiopiu.net\/wordpress\/wp-content\/uploads\/2025\/02\/fiera-costruire-142-1536x1024.jpg 1536w, https:\/\/www.radiopiu.net\/wordpress\/wp-content\/uploads\/2025\/02\/fiera-costruire-142.jpg 2048w\" sizes=\"auto, (max-width: 162px) 100vw, 162px\" \/><\/a>LONGARONE<\/strong> La fiera &#8220;Costruire&#8221; torna a Longarone Fiere Dolomiti, consolidandosi come punto di riferimento per l\u2019edilizia in montagna. L\u2019evento, che si terr\u00e0 nel prossimo fine settimana, si inserisce in un contesto favorevole grazie alle Olimpiadi Milano-Cortina 2026 e a un nuovo bando regionale da 14 milioni di euro per la rigenerazione delle strutture turistiche. Il bando, aperto dal 18 febbraio al 15 maggio, incentiva sostenibilit\u00e0, innovazione e accessibilit\u00e0. La fiera offre esposizioni e consulenze per imprese e privati interessati a migliorare le proprie strutture. &#8220;Costruire&#8221; sar\u00e0 aperta venerd\u00ec dalle 14.30 alle 19 e nel weekend dalle 9 alle 19.<\/p>\n<p>&nbsp;<\/p>\n<p>&nbsp;<\/p>\n<hr \/>\n<p>&nbsp;<\/p>\n<blockquote>\n<h3>L&#8217;ASSEMBLEA ANNUALE DELLA SEZIONE ANA DI FELTRE<\/h3>\n<\/blockquote>\n<p><strong><a class=\"dt-pswp-item\" href=\"https:\/\/www.radiopiu.net\/wordpress\/wp-content\/uploads\/2023\/03\/ALPINI.png\" data-dt-img-description=\"\" data-large_image_width=\"245\" data-large_image_height=\"208\"><img loading=\"lazy\" decoding=\"async\" class=\" wp-image-326487 alignleft\" src=\"https:\/\/www.radiopiu.net\/wordpress\/wp-content\/uploads\/2023\/03\/ALPINI.png\" alt=\"\" width=\"139\" height=\"118\" \/><\/a>FELTRE<\/strong> Domenica 23 febbraio, nell\u2019Auditorium dell\u2019Istituto Canossiane di Feltre, si terr\u00e0 l\u2019Assemblea Generale della Sezione locale dell\u2019Associazione Nazionale Alpini, con il rinnovo del Presidente e del Consiglio direttivo. La giornata inizier\u00e0 alle 7.30 con l\u2019apertura del seggio elettorale, seguita dalla S. Messa alle 8.00 in onore dei Caduti. Alle 9.00 inizier\u00e0 l\u2019Assemblea con le relazioni del Presidente Stefano Mariech e dei vicepresidenti. Seguir\u00e0 la consegna dei riconoscimenti e gli interventi delle Autorit\u00e0, poi la sfilata fino al Monumento ai Caduti, accompagnata dalla Fanfara Alpina di Borsoi d\u2019Alpago. Il pranzo sociale si terr\u00e0 alla Birreria Pedavena. Venerd\u00ec 21 febbraio, alle 20.30, l\u2019evento sar\u00e0 anticipato da una serata culturale con la rappresentazione teatrale e musicale di <em data-start=\"792\" data-end=\"823\">Centomila gavette di ghiaccio<\/em> di Giulio Bedeschi, eseguita da Kamina Teatro con Andrea Brugnera e i cori A.N.A. Piave Feltre e A.N.A. Novale.<\/p>\n<p>&nbsp;<\/p>\n<hr \/>\n<p>&nbsp;<\/p>\n<blockquote>\n<h3 data-start=\"0\" data-end=\"72\"><strong data-start=\"4\" data-end=\"70\">Bici rubata dal cortile di casa, lo sfogo di una madre<\/strong><\/h3>\n<\/blockquote>\n<p data-start=\"74\" data-end=\"293\"><strong>AGORDO<\/strong> \u2013 Non ci si sente pi\u00f9 al sicuro nemmeno a casa propria. \u00c8 il messaggio di Elisabetta, residente in centro ad Agordo, che ha scritto a Radio Pi\u00f9 per denunciare un furto subito dalla sua famiglia. Nei giorni scorsi, approfittando dell\u2019arrivo della bella stagione, Elisabetta e le sue bambine sono andate a prendere le biciclette, ma hanno fatto una amara scoperta: una delle bici, quella pi\u00f9 grande, era stata rubata. Qualcuno si \u00e8 introdotto nel cortile di casa, ha aperto il cancello e se n\u2019\u00e8 andato con la bici, lasciando dietro di s\u00e9 amarezza e rabbia. \u201cLe mie figlie ringraziano!\u201d, scrive Elisabetta con sarcasmo, sottolineando come episodi del genere minino la tranquillit\u00e0 delle famiglie, anche in una piccola comunit\u00e0 come Agordo.<\/p>\n<p>&nbsp;<\/p>\n<p>&nbsp;<\/p>\n<hr \/>\n<p>&nbsp;<\/p>\n<blockquote>\n<h3>A BELLUNO POSTE ITALIANE INCONTRA LE COMUNIT\u00c0 LOCALI IN VISTA DEI GIOCHI OLIMPICI E PARALIMPICI INVERNALI DI MILANO CORTINA 2026<\/h3>\n<\/blockquote>\n<p><strong><a class=\"dt-pswp-item\" href=\"https:\/\/www.radiopiu.net\/wordpress\/wp-content\/uploads\/2024\/01\/POSTE-ITALIANE.png\" data-dt-img-description=\"\" data-large_image_width=\"400\" data-large_image_height=\"400\"><img loading=\"lazy\" decoding=\"async\" class=\" wp-image-370478 alignleft\" src=\"https:\/\/www.radiopiu.net\/wordpress\/wp-content\/uploads\/2024\/01\/POSTE-ITALIANE-300x300.png\" alt=\"\" width=\"107\" height=\"107\" srcset=\"https:\/\/www.radiopiu.net\/wordpress\/wp-content\/uploads\/2024\/01\/POSTE-ITALIANE-300x300.png 300w, https:\/\/www.radiopiu.net\/wordpress\/wp-content\/uploads\/2024\/01\/POSTE-ITALIANE-150x150.png 150w, https:\/\/www.radiopiu.net\/wordpress\/wp-content\/uploads\/2024\/01\/POSTE-ITALIANE.png 400w\" sizes=\"auto, (max-width: 107px) 100vw, 107px\" \/><\/a>BELLUNO<\/strong> A Belluno si \u00e8 tenuto un incontro tra Poste Italiane, i sindaci delle aree coinvolte nei Giochi di Milano Cortina 2026 e le associazioni di categoria. L&#8217;obiettivo \u00e8 creare sinergie, valorizzare il territorio e coinvolgere le comunit\u00e0 locali. Poste Italiane, Premium Logistics Partner dell\u2019evento, ha presentato iniziative in linea con i principi ESG per generare valore economico e sociale. La collaborazione punter\u00e0 su sostenibilit\u00e0, transizione ecologica e inclusione. Il territorio si prepara ad accogliere oltre 3.600 atleti e un milione e mezzo di spettatori da tutto il mondo.<\/p>\n<p>&nbsp;<\/p>\n<hr \/>\n<p>&nbsp;<\/p>\n<blockquote>\n<h2 class=\"_title post-title entry-title\"><a class=\"dt-pswp-item\" href=\"https:\/\/www.radiopiu.net\/wordpress\/wp-content\/uploads\/2023\/12\/ANTENNA.png\" data-dt-img-description=\"\" data-large_image_width=\"300\" data-large_image_height=\"166\"><img loading=\"lazy\" decoding=\"async\" class=\"wp-image-366306 alignleft\" src=\"https:\/\/www.radiopiu.net\/wordpress\/wp-content\/uploads\/2023\/12\/ANTENNA.png\" alt=\"\" width=\"184\" height=\"102\" \/><\/a>NO AL DDL SICUREZZA, MOBILITAZIONE E MANIFESTAZIONE SABATO NEL CAPOLUOGO<\/h2>\n<\/blockquote>\n<p>Intervistati BENEDETTO CALDERONE (PORTAVOCE RETE NO DDL SICUREZZA), SERENA DE MARCHI (RETE STUDENTI BELLUNESI) (Servizio di\u00a0<a href=\"https:\/\/antennatre.medianordest.it\/redazione\/Tiziana-Bolognani\/\">Tiziana Bolognani<\/a>)<\/p>\n<p>&nbsp;<\/p>\n<p><iframe loading=\"lazy\" title=\"NO AL DDL SICUREZZA, MOBILITAZIONE E MANIFESTAZIONE SABATO NEL CAPOLUOGO | 19\/02\/2025\" width=\"1200\" height=\"675\" src=\"https:\/\/www.youtube.com\/embed\/9sM4XdKOhmc?feature=oembed\" frameborder=\"0\" allow=\"accelerometer; autoplay; clipboard-write; encrypted-media; gyroscope; picture-in-picture; web-share\" referrerpolicy=\"strict-origin-when-cross-origin\" allowfullscreen><\/iframe><\/p>\n<hr \/>\n<p>&nbsp;<\/p>\n<h2><span style=\"color: #ff0000;\">CONSIGLI COMUNALI IN AGORDINO<\/span><\/h2>\n<p><strong>CANALE D&#8217;AGORDO<\/strong> E&#8217; in programma per mercoled\u00ec 26 febbraio alle 20 il consiglio comunale. Il Sindaco Massimo Murer ha convocato i consiglieri per trattare 9 punti all&#8217;ordine del giorno tra cui l&#8217;aliquota comunale all&#8217;imposta sul reddito, l&#8217;IMU, la verifica delle aree fabbricabili, l&#8217;approvazione del DUP, la nomina del revisore dei conti, l&#8217;approvazione del bilancio 2025\/27 e le revisioni del contratto di concessione in localit\u00e0 Col Mont e Malga Stia.<\/p>\n<p>&nbsp;<\/p>\n<p>&nbsp;<\/p>\n<hr \/>\n<p>&nbsp;<\/p>\n<blockquote>\n<h3><a class=\"dt-pswp-item\" href=\"https:\/\/www.radiopiu.net\/wordpress\/wp-content\/uploads\/2025\/02\/abbraccia-la-tua-liberta_feltre.jpg\" data-dt-img-description=\"\" data-large_image_width=\"1131\" data-large_image_height=\"1599\"><img loading=\"lazy\" decoding=\"async\" class=\" wp-image-435226 alignleft\" src=\"https:\/\/www.radiopiu.net\/wordpress\/wp-content\/uploads\/2025\/02\/abbraccia-la-tua-liberta_feltre-212x300.jpg\" alt=\"\" width=\"94\" height=\"133\" srcset=\"https:\/\/www.radiopiu.net\/wordpress\/wp-content\/uploads\/2025\/02\/abbraccia-la-tua-liberta_feltre-212x300.jpg 212w, https:\/\/www.radiopiu.net\/wordpress\/wp-content\/uploads\/2025\/02\/abbraccia-la-tua-liberta_feltre-724x1024.jpg 724w, https:\/\/www.radiopiu.net\/wordpress\/wp-content\/uploads\/2025\/02\/abbraccia-la-tua-liberta_feltre-768x1086.jpg 768w, https:\/\/www.radiopiu.net\/wordpress\/wp-content\/uploads\/2025\/02\/abbraccia-la-tua-liberta_feltre-1086x1536.jpg 1086w, https:\/\/www.radiopiu.net\/wordpress\/wp-content\/uploads\/2025\/02\/abbraccia-la-tua-liberta_feltre.jpg 1131w\" sizes=\"auto, (max-width: 94px) 100vw, 94px\" \/><\/a>UN INCONTRO PER PARLARE DI GIOCO D&#8217;AZZARDO<\/h3>\n<\/blockquote>\n<p><strong>FELTRE<\/strong> Il Dipartimento Dipendenze dell\u2019Ulss Dolomiti, in collaborazione con il Comune di Feltre, organizza un evento sulla prevenzione del gioco d\u2019azzardo patologico. L\u2019incontro si terr\u00e0 oggi alle 18.00 nella Sala Convegni dell\u2019Ospedale di Feltre e includer\u00e0 un adattamento teatrale de <em data-start=\"299\" data-end=\"313\">Il Giocatore<\/em> di Dostoevskij, a cura di Luca Mauceri. L\u2019ingresso \u00e8 libero fino a esaurimento posti. Inoltre, \u00e8 attivo un gruppo di autoaiuto per chi affronta problemi di gioco d\u2019azzardo, con incontri bisettimanali a Feltre. Per informazioni: 331 6780999 \/ <a rel=\"noopener\" data-start=\"556\" data-end=\"580\">serd.fe@aulss1.veneto.it<\/a>.<\/p>\n<p>&nbsp;<\/p>\n<p>&nbsp;<\/p>\n<hr \/>\n<p>&nbsp;<\/p>\n<blockquote>\n<p data-start=\"0\" data-end=\"60\"><strong data-start=\"0\" data-end=\"58\"><a class=\"dt-pswp-item\" href=\"https:\/\/www.radiopiu.net\/wordpress\/wp-content\/uploads\/2025\/02\/Senza-nome-50.png\" data-dt-img-description=\"\" data-large_image_width=\"180\" data-large_image_height=\"222\"><img loading=\"lazy\" decoding=\"async\" class=\" wp-image-435124 alignleft\" src=\"https:\/\/www.radiopiu.net\/wordpress\/wp-content\/uploads\/2025\/02\/Senza-nome-50.png\" alt=\"\" width=\"119\" height=\"147\" \/><\/a>Longarone: corso gratuito per l\u2019uso del defibrillatore<\/strong><\/p>\n<\/blockquote>\n<p><strong>LONGARONE<\/strong> si terr\u00e0 a marzo un corso gratuito B.L.S.D. (Basic Life Support and Defibrillation) per insegnare l\u2019uso del defibrillatore semiautomatico esterno e le tecniche di rianimazione. L\u2019iniziativa, promossa dal Comune con la Pro Loco e altre associazioni, mira a formare cittadini in grado di gestire emergenze cardiache. Due defibrillatori sono gi\u00e0 presenti in paese, ma la conoscenza del loro utilizzo \u00e8 fondamentale. Iscrizioni entro il 9 marzo tramite la Pro Loco di Longarone.<\/p>\n<p>&nbsp;<\/p>\n<p>&nbsp;<\/p>\n<hr \/>\n<p>&nbsp;<\/p>\n<p><strong><a class=\"dt-pswp-item\" href=\"https:\/\/www.radiopiu.net\/wordpress\/wp-content\/uploads\/2024\/11\/AMICI-MINERARI.png\" data-dt-img-description=\"\" data-large_image_width=\"209\" data-large_image_height=\"174\"><img loading=\"lazy\" decoding=\"async\" class=\" wp-image-419180 alignleft\" src=\"https:\/\/www.radiopiu.net\/wordpress\/wp-content\/uploads\/2024\/11\/AMICI-MINERARI.png\" alt=\"\" width=\"168\" height=\"140\" \/><\/a>&#8220;Con gli Amici dei Minerari: Serate d&#8217;Inverno \u2013 un viaggio tra storia, scienza e meraviglie. Incontri presso la Sala con Tamis. Non mancare!&#8221;<\/strong><\/p>\n<ul>\n<li><em>Domani, ore 20:30<\/em>: &#8220;Il traforo del Brennero: studio, progettazione e realizzazione&#8221; \u2013 Relatori Vittorio Fenti e Mario Guadagnini.<\/li>\n<\/ul>\n<p><strong>Vivi la cultura e la passione per la montagna!\u00a0<\/strong><\/p>\n<p>&nbsp;<\/p>\n<p>&nbsp;<\/p>\n<hr \/>\n<p>&nbsp;<\/p>\n<blockquote>\n<h2><a class=\"dt-pswp-item\" href=\"https:\/\/www.radiopiu.net\/wordpress\/wp-content\/uploads\/2024\/01\/Foto-Carnevale_0001-9-scaled.jpg\" data-dt-img-description=\"\" data-large_image_width=\"1825\" data-large_image_height=\"2560\"><img loading=\"lazy\" decoding=\"async\" class=\"wp-image-371954 alignleft\" src=\"https:\/\/www.radiopiu.net\/wordpress\/wp-content\/uploads\/2024\/01\/Foto-Carnevale_0001-9-214x300.jpg\" alt=\"\" width=\"85\" height=\"119\" srcset=\"https:\/\/www.radiopiu.net\/wordpress\/wp-content\/uploads\/2024\/01\/Foto-Carnevale_0001-9-214x300.jpg 214w, https:\/\/www.radiopiu.net\/wordpress\/wp-content\/uploads\/2024\/01\/Foto-Carnevale_0001-9-730x1024.jpg 730w, https:\/\/www.radiopiu.net\/wordpress\/wp-content\/uploads\/2024\/01\/Foto-Carnevale_0001-9-768x1078.jpg 768w, https:\/\/www.radiopiu.net\/wordpress\/wp-content\/uploads\/2024\/01\/Foto-Carnevale_0001-9-1095x1536.jpg 1095w, https:\/\/www.radiopiu.net\/wordpress\/wp-content\/uploads\/2024\/01\/Foto-Carnevale_0001-9-1460x2048.jpg 1460w, https:\/\/www.radiopiu.net\/wordpress\/wp-content\/uploads\/2024\/01\/Foto-Carnevale_0001-9-scaled.jpg 1825w\" sizes=\"auto, (max-width: 85px) 100vw, 85px\" \/><\/a>APPUNTAMENTI COL CARNEVALE<\/h2>\n<\/blockquote>\n<p>Ritorna carnevai de la vai, mascherate tradizionali delle dolomiti agordine.\u00a0 I prossimi appuntamenti: 22 febbraio LASTE DI ROCCA PIETORE, 23 febbraio a Rivamonte Agordino, 1 Marzo Sottoguda di Rocca Pietore, e 2 marzo a CANALE D&#8217;AGORDO aspettiamo anche te, con la tua maschera, tradizionale o di fantasia<\/p>\n<p><a class=\"dt-pswp-item\" href=\"https:\/\/www.radiopiu.net\/wordpress\/wp-content\/uploads\/2025\/02\/d553bc54-e3f2-40d2-9391-c5f1f404c169.jpg\" data-dt-img-description=\"\" data-large_image_width=\"1127\" data-large_image_height=\"1600\"><img loading=\"lazy\" decoding=\"async\" class=\"aligncenter wp-image-435039 size-large\" src=\"https:\/\/www.radiopiu.net\/wordpress\/wp-content\/uploads\/2025\/02\/d553bc54-e3f2-40d2-9391-c5f1f404c169-721x1024.jpg\" alt=\"\" width=\"721\" height=\"1024\" srcset=\"https:\/\/www.radiopiu.net\/wordpress\/wp-content\/uploads\/2025\/02\/d553bc54-e3f2-40d2-9391-c5f1f404c169-721x1024.jpg 721w, https:\/\/www.radiopiu.net\/wordpress\/wp-content\/uploads\/2025\/02\/d553bc54-e3f2-40d2-9391-c5f1f404c169-211x300.jpg 211w, https:\/\/www.radiopiu.net\/wordpress\/wp-content\/uploads\/2025\/02\/d553bc54-e3f2-40d2-9391-c5f1f404c169-768x1090.jpg 768w, https:\/\/www.radiopiu.net\/wordpress\/wp-content\/uploads\/2025\/02\/d553bc54-e3f2-40d2-9391-c5f1f404c169-1082x1536.jpg 1082w, https:\/\/www.radiopiu.net\/wordpress\/wp-content\/uploads\/2025\/02\/d553bc54-e3f2-40d2-9391-c5f1f404c169.jpg 1127w\" sizes=\"auto, (max-width: 721px) 100vw, 721px\" \/><\/a><\/p>\n<p>&nbsp;<\/p>\n<hr \/>\n<p>&nbsp;<\/p>\n<div class=\"flex max-w-full flex-col flex-grow\">\n<div class=\"min-h-8 text-message flex w-full flex-col items-end gap-2 whitespace-normal break-words text-start [.text-message+&amp;]:mt-5\" dir=\"auto\" data-message-author-role=\"assistant\" data-message-id=\"14ffa75b-69da-4a7a-8e57-5b29d3308788\" data-message-model-slug=\"gpt-4o\">\n<div class=\"flex w-full flex-col gap-1 empty:hidden first:pt-[3px]\">\n<div class=\"markdown prose w-full break-words dark:prose-invert dark\">\n<blockquote>\n<p data-start=\"0\" data-end=\"71\"><strong data-start=\"0\" data-end=\"69\">Rivamonte Agordino: torna la mascherata arcaica degli Olt da Riva<\/strong><\/p>\n<\/blockquote>\n<p data-start=\"73\" data-end=\"438\"><strong>RIVAMONTE<\/strong> La tradizionale mascherata degli Olt da Riva e compagnia bela torna per la quinta edizione a Rivamonte Agordino, celebrando le antiche figure carnevalesche locali. Il corteo domenica 23 febbraio partir\u00e0 alle 14:30 dal Ristorante Al Molin, attraversando il paese tra musica e balli, per poi concludersi in piazza con intrattenimenti e il concorso per le maschere pi\u00f9 belle. L\u2019evento, organizzato dalla Pro Loco APS e dal Gruppo Folk del P\u00f3i, fa parte della rete delle Mascherate Arcaiche Dolomitiche, che ha presentato la candidatura all\u2019Unesco come Bene Immateriale.<\/p>\n<\/div>\n<\/div>\n<\/div>\n<\/div>\n<div class=\"mb-2 flex gap-3 empty:hidden -ml-2\">\n<div class=\"items-center justify-start rounded-xl p-1 flex\"><\/div>\n<\/div>\n\n\t\t\t<style type='text\/css'>\n\t\t\t\t#gallery-2 {\n\t\t\t\t\tmargin: auto;\n\t\t\t\t}\n\t\t\t\t#gallery-2 .gallery-item {\n\t\t\t\t\tfloat: left;\n\t\t\t\t\tmargin-top: 10px;\n\t\t\t\t\ttext-align: center;\n\t\t\t\t\twidth: 33%;\n\t\t\t\t}\n\t\t\t\t#gallery-2 img {\n\t\t\t\t\tborder: 2px solid #cfcfcf;\n\t\t\t\t}\n\t\t\t\t#gallery-2 .gallery-caption {\n\t\t\t\t\tmargin-left: 0;\n\t\t\t\t}\n\t\t\t\t\/* see gallery_shortcode() in wp-includes\/media.php *\/\n\t\t\t<\/style>\n\t\t<div id='gallery-2' class='dt-gallery-container gallery galleryid-435378 gallery-columns-3 gallery-size-thumbnail'><dl class='gallery-item'>\n\t\t\t\t<dt class='gallery-icon landscape'>\n\t\t\t\t\t<a class=\"rollover rollover-zoom dt-pswp-item\" title=\"Riva6\" data-dt-img-description=\"\" data-large_image_width=\"1218\" data-large_image_height=\"867\"href='https:\/\/www.radiopiu.net\/wordpress\/wp-content\/uploads\/2025\/02\/Riva6.jpg'><img loading=\"lazy\" decoding=\"async\" width=\"150\" height=\"150\" src=\"https:\/\/www.radiopiu.net\/wordpress\/wp-content\/uploads\/2025\/02\/Riva6-150x150.jpg\" class=\"attachment-thumbnail size-thumbnail\" alt=\"\" \/><\/a>\n\t\t\t\t<\/dt><\/dl><dl class='gallery-item'>\n\t\t\t\t<dt class='gallery-icon landscape'>\n\t\t\t\t\t<a class=\"rollover rollover-zoom dt-pswp-item\" title=\"Riva5\" data-dt-img-description=\"\" data-large_image_width=\"1423\" data-large_image_height=\"845\"href='https:\/\/www.radiopiu.net\/wordpress\/wp-content\/uploads\/2025\/02\/Riva5.jpg'><img loading=\"lazy\" decoding=\"async\" width=\"150\" height=\"150\" src=\"https:\/\/www.radiopiu.net\/wordpress\/wp-content\/uploads\/2025\/02\/Riva5-150x150.jpg\" class=\"attachment-thumbnail size-thumbnail\" alt=\"\" \/><\/a>\n\t\t\t\t<\/dt><\/dl><dl class='gallery-item'>\n\t\t\t\t<dt class='gallery-icon landscape'>\n\t\t\t\t\t<a class=\"rollover rollover-zoom dt-pswp-item\" title=\"Riva3\" data-dt-img-description=\"\" data-large_image_width=\"1507\" data-large_image_height=\"974\"href='https:\/\/www.radiopiu.net\/wordpress\/wp-content\/uploads\/2025\/02\/Riva3.jpg'><img loading=\"lazy\" decoding=\"async\" width=\"150\" height=\"150\" src=\"https:\/\/www.radiopiu.net\/wordpress\/wp-content\/uploads\/2025\/02\/Riva3-150x150.jpg\" class=\"attachment-thumbnail size-thumbnail\" alt=\"\" \/><\/a>\n\t\t\t\t<\/dt><\/dl><br style=\"clear: both\" \/><dl class='gallery-item'>\n\t\t\t\t<dt class='gallery-icon portrait'>\n\t\t\t\t\t<a class=\"rollover rollover-zoom dt-pswp-item\" title=\"Riva1\" data-dt-img-description=\"\" data-large_image_width=\"670\" data-large_image_height=\"681\"href='https:\/\/www.radiopiu.net\/wordpress\/wp-content\/uploads\/2025\/02\/Riva1.jpg'><img loading=\"lazy\" decoding=\"async\" width=\"150\" height=\"150\" src=\"https:\/\/www.radiopiu.net\/wordpress\/wp-content\/uploads\/2025\/02\/Riva1-150x150.jpg\" class=\"attachment-thumbnail size-thumbnail\" alt=\"\" \/><\/a>\n\t\t\t\t<\/dt><\/dl><dl class='gallery-item'>\n\t\t\t\t<dt class='gallery-icon landscape'>\n\t\t\t\t\t<a class=\"rollover rollover-zoom dt-pswp-item\" title=\"Riva2\" data-dt-img-description=\"\" data-large_image_width=\"851\" data-large_image_height=\"615\"href='https:\/\/www.radiopiu.net\/wordpress\/wp-content\/uploads\/2025\/02\/Riva2.jpg'><img loading=\"lazy\" decoding=\"async\" width=\"150\" height=\"150\" src=\"https:\/\/www.radiopiu.net\/wordpress\/wp-content\/uploads\/2025\/02\/Riva2-150x150.jpg\" class=\"attachment-thumbnail size-thumbnail\" alt=\"\" \/><\/a>\n\t\t\t\t<\/dt><\/dl><dl class='gallery-item'>\n\t\t\t\t<dt class='gallery-icon portrait'>\n\t\t\t\t\t<a class=\"rollover rollover-zoom dt-pswp-item\" title=\"Riva4\" data-dt-img-description=\"\" data-large_image_width=\"1080\" data-large_image_height=\"1349\"href='https:\/\/www.radiopiu.net\/wordpress\/wp-content\/uploads\/2025\/02\/Riva4.jpg'><img loading=\"lazy\" decoding=\"async\" width=\"150\" height=\"150\" src=\"https:\/\/www.radiopiu.net\/wordpress\/wp-content\/uploads\/2025\/02\/Riva4-150x150.jpg\" class=\"attachment-thumbnail size-thumbnail\" alt=\"\" \/><\/a>\n\t\t\t\t<\/dt><\/dl><br style=\"clear: both\" \/>\n\t\t\t<\/div>\n\n<p>&nbsp;<\/p>\n<p>&nbsp;<\/p>\n<hr \/>\n<p>&nbsp;<\/p>\n<blockquote>\n<h3>TORNA IL CARNEVALE A SOSPIROLO<\/h3>\n<\/blockquote>\n<p><strong><a class=\"dt-pswp-item\" href=\"https:\/\/www.radiopiu.net\/wordpress\/wp-content\/uploads\/2025\/02\/kldsgia.jpg\" data-dt-img-description=\"\" data-large_image_width=\"1131\" data-large_image_height=\"496\"><img loading=\"lazy\" decoding=\"async\" class=\" wp-image-435486 alignleft\" src=\"https:\/\/www.radiopiu.net\/wordpress\/wp-content\/uploads\/2025\/02\/kldsgia-300x132.jpg\" alt=\"\" width=\"241\" height=\"106\" srcset=\"https:\/\/www.radiopiu.net\/wordpress\/wp-content\/uploads\/2025\/02\/kldsgia-300x132.jpg 300w, https:\/\/www.radiopiu.net\/wordpress\/wp-content\/uploads\/2025\/02\/kldsgia-1024x449.jpg 1024w, https:\/\/www.radiopiu.net\/wordpress\/wp-content\/uploads\/2025\/02\/kldsgia-768x337.jpg 768w, https:\/\/www.radiopiu.net\/wordpress\/wp-content\/uploads\/2025\/02\/kldsgia.jpg 1131w\" sizes=\"auto, (max-width: 241px) 100vw, 241px\" \/><\/a>SOSPIROLO<\/strong> A Sospirolo torna la tradizionale passeggiata in maschera a piedi o in bici, organizzata dalla Pro Loco \u201cMonti del Sole\u201d. L\u2019appuntamento \u00e8 per domenica 23 febbraio alle 9.30 in piazza Lexy, con partenza alle 10. Il tema di quest\u2019anno \u00e8 il mondo dei segni zodiacali. Il corteo far\u00e0 tappa a Susin, Maras, San Zenon e Paderno, dove ci sar\u00e0 un Pasta Party e la premiazione delle maschere pi\u00f9 originali. Il gran finale si terr\u00e0 a Oregne. Sabato 1\u00b0 marzo, invece, si terr\u00e0 il Carnevale dei Bambini con spettacoli e sfilate al Centro Civico. Ingresso libero.<\/p>\n<p><strong>DI ROBERTO BONA<\/strong><\/p>\n<audio class=\"wp-audio-shortcode\" id=\"audio-435378-9\" preload=\"none\" style=\"width: 100%;\" controls=\"controls\"><source type=\"audio\/mpeg\" src=\"https:\/\/www.radiopiu.net\/wordpress\/wp-content\/uploads\/2025\/02\/BONA-CARNEVALE-DI-SOSPIROLO-SCADENZA-23-FEBB.mp3?_=9\" \/><a href=\"https:\/\/www.radiopiu.net\/wordpress\/wp-content\/uploads\/2025\/02\/BONA-CARNEVALE-DI-SOSPIROLO-SCADENZA-23-FEBB.mp3\">https:\/\/www.radiopiu.net\/wordpress\/wp-content\/uploads\/2025\/02\/BONA-CARNEVALE-DI-SOSPIROLO-SCADENZA-23-FEBB.mp3<\/a><\/audio>\n<p>&nbsp;<\/p>\n<hr \/>\n<p>&nbsp;<\/p>\n<blockquote>\n<h3><a class=\"dt-pswp-item\" href=\"https:\/\/www.radiopiu.net\/wordpress\/wp-content\/uploads\/2025\/02\/biblioteca-longarone.jpeg\" data-dt-img-description=\"\" data-large_image_width=\"1080\" data-large_image_height=\"1350\"><img loading=\"lazy\" decoding=\"async\" class=\" wp-image-435322 alignleft\" src=\"https:\/\/www.radiopiu.net\/wordpress\/wp-content\/uploads\/2025\/02\/biblioteca-longarone-240x300.jpeg\" alt=\"\" width=\"107\" height=\"134\" srcset=\"https:\/\/www.radiopiu.net\/wordpress\/wp-content\/uploads\/2025\/02\/biblioteca-longarone-240x300.jpeg 240w, https:\/\/www.radiopiu.net\/wordpress\/wp-content\/uploads\/2025\/02\/biblioteca-longarone-819x1024.jpeg 819w, https:\/\/www.radiopiu.net\/wordpress\/wp-content\/uploads\/2025\/02\/biblioteca-longarone-768x960.jpeg 768w, https:\/\/www.radiopiu.net\/wordpress\/wp-content\/uploads\/2025\/02\/biblioteca-longarone.jpeg 1080w\" sizes=\"auto, (max-width: 107px) 100vw, 107px\" \/><\/a>DOMANI L&#8217;OFFICINA DELLO SCRITTORE A LONGARONE<\/h3>\n<\/blockquote>\n<p><strong>LONGARONE<\/strong> L\u2019incontro \u201cL\u2019officina dello scrittore. Leggere, scrivere, sognare\u201d si terr\u00e0 domani alle 18 nella sala Popoli d\u2019Europa di Longarone. Ospite dell\u2019evento sar\u00e0 Antonio G. Bortoluzzi, scrittore bellunese, che approfondir\u00e0 il processo creativo alla base di un romanzo. L\u2019iniziativa, organizzata dalla biblioteca civica, vedr\u00e0 la partecipazione di Anna Olivier, consigliera comunale con delega alla cultura, che legger\u00e0 brani tratti dai libri dell\u2019autore, tra cui <em data-start=\"471\" data-end=\"496\">Il saldatore del Vajont<\/em>. Il dibattito sar\u00e0 moderato dalla bibliotecaria Francesca Rocchi, con interventi aperti al pubblico. Al termine, Bortoluzzi firmer\u00e0 copie dei suoi libri e offrir\u00e0 un piccolo omaggio letterario ai presenti.<\/p>\n<p>&nbsp;<\/p>\n<p>&nbsp;<\/p>\n<hr \/>\n<p>&nbsp;<\/p>\n<blockquote>\n<h2><a href=\"https:\/\/www.radiopiu.net\/wordpress\/wp-content\/uploads\/2025\/02\/wo6o5gsi.bmp\"><img loading=\"lazy\" decoding=\"async\" class=\"size-medium wp-image-434597 alignleft\" src=\"https:\/\/www.radiopiu.net\/wordpress\/wp-content\/uploads\/2025\/02\/wo6o5gsi-150x300.jpg\" alt=\"\" width=\"150\" height=\"300\" srcset=\"https:\/\/www.radiopiu.net\/wordpress\/wp-content\/uploads\/2025\/02\/wo6o5gsi-150x300.jpg 150w, https:\/\/www.radiopiu.net\/wordpress\/wp-content\/uploads\/2025\/02\/wo6o5gsi-513x1024.jpg 513w, https:\/\/www.radiopiu.net\/wordpress\/wp-content\/uploads\/2025\/02\/wo6o5gsi-768x1534.jpg 768w, https:\/\/www.radiopiu.net\/wordpress\/wp-content\/uploads\/2025\/02\/wo6o5gsi-769x1536.jpg 769w, https:\/\/www.radiopiu.net\/wordpress\/wp-content\/uploads\/2025\/02\/wo6o5gsi.bmp 801w\" sizes=\"auto, (max-width: 150px) 100vw, 150px\" \/><\/a>DOMENICA 2 MARZO, A CANALE D&#8217;AGORDO &#8220;LA ZINGHENESTA&#8221;<\/h2>\n<\/blockquote>\n<p>&nbsp;<\/p>\n<p><strong>CANALE D&#8217;AGORDO <\/strong>La <strong data-start=\"43\" data-end=\"58\">Zinghen\u00e9sta<\/strong> \u00e8 un&#8217;antica festa in maschera che si svolge a Canale d&#8217;Agordo, l&#8217;ultima domenica di Carnevale. Questa tradizione, risalente al XVIII secolo, \u00e8 stata ripresa nel 2013 dal comitato locale, riscuotendo un ampio consenso.\u00a0 Il termine &#8220;Zinghen\u00e9sta&#8221; si riferisce alla ragazza pi\u00f9 bella del paese, eletta annualmente regina della festa. Durante la celebrazione, la Zinghen\u00e9sta, vestita con abiti tradizionali riccamente decorati, guida una sfilata accompagnata da altre maschere tipiche, come i &#8220;Mati\u00e9i&#8221; e i &#8220;Lach\u00e8&#8221;. La festa prevede una serie di eventi, tra cui la sfilata per le vie del paese, balli tradizionali e il simbolico &#8220;processo al Carnevale&#8221;. La Zinghen\u00e9sta rappresenta un&#8217;occasione per la comunit\u00e0 di Canale d&#8217;Agordo di celebrare le proprie tradizioni culturali e folcloristiche, mantenendo vive usanze secolari e rafforzando l&#8217;identit\u00e0 locale. Particolarmente atteso il processo al Canevale. Appuntamento domenica 2 marzo, a Canale d&#8217;Agordo.<\/p>\n<p>&nbsp;<\/p>\n<p>&nbsp;<\/p>\n<p>&nbsp;<\/p>\n<hr \/>\n<p>&nbsp;<\/p>\n<blockquote>\n<h3>GIORGIO FORNASIER PRESENTA IL SUO LIBRO<\/h3>\n<\/blockquote>\n<p><strong><a class=\"dt-pswp-item\" href=\"https:\/\/www.radiopiu.net\/wordpress\/wp-content\/uploads\/2022\/12\/GIORGIO-FORNASIER.png\" data-dt-img-description=\"\" data-large_image_width=\"1280\" data-large_image_height=\"992\"><img loading=\"lazy\" decoding=\"async\" class=\" wp-image-312788 alignleft\" src=\"https:\/\/www.radiopiu.net\/wordpress\/wp-content\/uploads\/2022\/12\/GIORGIO-FORNASIER-300x233.png\" alt=\"\" width=\"176\" height=\"137\" srcset=\"https:\/\/www.radiopiu.net\/wordpress\/wp-content\/uploads\/2022\/12\/GIORGIO-FORNASIER-300x233.png 300w, https:\/\/www.radiopiu.net\/wordpress\/wp-content\/uploads\/2022\/12\/GIORGIO-FORNASIER-1024x794.png 1024w, https:\/\/www.radiopiu.net\/wordpress\/wp-content\/uploads\/2022\/12\/GIORGIO-FORNASIER-768x595.png 768w, https:\/\/www.radiopiu.net\/wordpress\/wp-content\/uploads\/2022\/12\/GIORGIO-FORNASIER.png 1280w\" sizes=\"auto, (max-width: 176px) 100vw, 176px\" \/><\/a>BELLUNO<\/strong> Per celebrare i 50 anni del primo Centro di Aiuto alla Vita (CAV) italiano, nato a Firenze nel 1975, il CAV di Belluno ha organizzato la mostra &#8220;Il Rinascimento dei bambini&#8221; sullo Spedale degli Innocenti. L\u2019esposizione, gi\u00e0 presentata al Meeting di Rimini nel 2019, \u00e8 visitabile gratuitamente presso il Palazzo dei Rettori di Belluno fino al 27 febbraio 2025. Domani Fornasier presenter\u00e0 il suo libro <em data-start=\"587\" data-end=\"606\">I fioi de la roda<\/em>, frutto di ricerche sul fenomeno degli esposti in provincia di Belluno, bambini abbandonati nella \u201cruota degli esposti\u201d. Il tema si collega alla missione dell\u2019Istituto degli Innocenti di Firenze e dei 350 CAV italiani, che in 50 anni hanno sostenuto migliaia di donne, permettendo la nascita di 280mila bambini. L\u2019incontro del 20 febbraio sar\u00e0 un\u2019occasione per riscoprire questa storia, ancora viva nei cognomi bellunesi.<\/p>\n<p>&nbsp;<\/p>\n<p>&nbsp;<\/p>\n<hr \/>\n<p>&nbsp;<\/p>\n<blockquote>\n<h3>SI PARLA DI DANTE AL CIRCOLO CULTURALE LA TERRA DEI PADRI<\/h3>\n<\/blockquote>\n<p><strong>BELLUNO <\/strong>Il Circolo culturale \u201cLa Terra dei Padri \u2013 Belluno APS\u201d, in collaborazione con la Lega Nazionale \u2013 Delegazione di Belluno, organizza un ciclo di conferenze intitolato <strong data-start=\"167\" data-end=\"209\">\u201cDante e l\u2019eredit\u00e0 del mondo classico\u201d<\/strong>. La prof.ssa <strong data-start=\"226\" data-end=\"256\">Rosetta Girotto Cannarella<\/strong>, ex docente di greco e latino al Liceo Classico \u201cTiziano\u201d di Belluno, guider\u00e0 tre incontri (20 e 27 marzo, 3 aprile 2025, dalle 18:00 alle 19:00) sulla relazione tra Dante e il mondo classico, approfondendo temi come Virgilio, gli spiriti magni, Ulisse e Paolo e Francesca. Gli incontri si terranno presso la sede del Circolo, in via dei Molini, 10 (Borgo Piave \u2013 Belluno). Per info e iscrizioni: <strong data-start=\"657\" data-end=\"688\"><a rel=\"noopener\" data-start=\"659\" data-end=\"686\">francesco1dematte@gmail.com<\/a><\/strong> o <strong data-start=\"691\" data-end=\"721\">320\/0504334 (WhatsApp\/SMS)<\/strong>.<\/p>\n<p>&nbsp;<\/p>\n<hr \/>\n<p>&nbsp;<\/p>\n<blockquote>\n<h3 data-start=\"0\" data-end=\"101\"><strong data-start=\"4\" data-end=\"99\">\u201cLa Lama del Tormento\u201d: il nuovo progetto de I Cercatori prende vita al Castello di Zumelle<\/strong><\/h3>\n<\/blockquote>\n<p data-start=\"103\" data-end=\"394\"><a class=\"dt-pswp-item\" href=\"https:\/\/www.radiopiu.net\/wordpress\/wp-content\/uploads\/2025\/02\/480965538_122213039090245627_7650380005849005312_n.jpg\" data-dt-img-description=\"\" data-large_image_width=\"1067\" data-large_image_height=\"600\"><img loading=\"lazy\" decoding=\"async\" class=\"size-medium wp-image-435541 alignleft\" src=\"https:\/\/www.radiopiu.net\/wordpress\/wp-content\/uploads\/2025\/02\/480965538_122213039090245627_7650380005849005312_n-300x169.jpg\" alt=\"\" width=\"300\" height=\"169\" srcset=\"https:\/\/www.radiopiu.net\/wordpress\/wp-content\/uploads\/2025\/02\/480965538_122213039090245627_7650380005849005312_n-300x169.jpg 300w, https:\/\/www.radiopiu.net\/wordpress\/wp-content\/uploads\/2025\/02\/480965538_122213039090245627_7650380005849005312_n-1024x576.jpg 1024w, https:\/\/www.radiopiu.net\/wordpress\/wp-content\/uploads\/2025\/02\/480965538_122213039090245627_7650380005849005312_n-768x432.jpg 768w, https:\/\/www.radiopiu.net\/wordpress\/wp-content\/uploads\/2025\/02\/480965538_122213039090245627_7650380005849005312_n.jpg 1067w\" sizes=\"auto, (max-width: 300px) 100vw, 300px\" \/><\/a>Dopo il successo de \u201cIl Giocattolaio delle Anime\u201d, il gruppo I Cercatori \u00e8 pronto a lanciare una nuova avventura: \u201cLa Lama del Tormento\u201d. Questo evento immersivo, che promette mistero e magia, si svolger\u00e0 nel suggestivo Castello di Zumelle, a Borgo Valbelluna (<\/p>\n<p data-start=\"396\" data-end=\"626\">Negli ultimi giorni, il team aveva lasciato alcuni indizi sulla location, ma solo pochi hanno risolto l\u2019enigma. Ora il segreto \u00e8 svelato: il Castello di Zumelle far\u00e0 da cornice a un\u2019esperienza epica, tra leggende e intrighi.<\/p>\n<p data-start=\"628\" data-end=\"793\" data-is-last-node=\"\">\u00a0Nobili dame e prodi cavalieri, preparatevi a un viaggio nel tempo, tra sorprese e colpi di scena, in uno degli scenari pi\u00f9 affascinanti delle Dolomiti!<\/p>\n<p>&nbsp;<\/p>\n<p>&nbsp;<\/p>\n<hr \/>\n<p>&nbsp;<\/p>\n<h1><span style=\"color: #ff6600;\">IERI ALLA RADIO\u00a0\u00a0<\/span><\/h1>\n<h2><span style=\"color: #ff0000;\">LIBER DI LIANA CAVALLET<\/span><\/h2>\n<p><strong>PUNTATA 23 19 FEBBRAIO 2025 &#8220;GLI UOMINI PESCE&#8221; WU MING 1<\/strong><\/p>\n<audio class=\"wp-audio-shortcode\" id=\"audio-435378-10\" preload=\"none\" style=\"width: 100%;\" controls=\"controls\"><source type=\"audio\/mpeg\" src=\"https:\/\/www.radiopiu.net\/wordpress\/wp-content\/uploads\/2024\/02\/LIANA-6.mp3?_=10\" \/><a href=\"https:\/\/www.radiopiu.net\/wordpress\/wp-content\/uploads\/2024\/02\/LIANA-6.mp3\">https:\/\/www.radiopiu.net\/wordpress\/wp-content\/uploads\/2024\/02\/LIANA-6.mp3<\/a><\/audio>\n<p><a class=\"dt-pswp-item\" href=\"https:\/\/www.radiopiu.net\/wordpress\/wp-content\/uploads\/2024\/02\/a16dbc4a-78fe-496f-884c-6726b1bc9972.jpg\" data-dt-img-description=\"\" data-large_image_width=\"560\" data-large_image_height=\"885\"><img loading=\"lazy\" decoding=\"async\" class=\"size-medium wp-image-435489 aligncenter\" src=\"https:\/\/www.radiopiu.net\/wordpress\/wp-content\/uploads\/2024\/02\/a16dbc4a-78fe-496f-884c-6726b1bc9972-190x300.jpg\" alt=\"\" width=\"190\" height=\"300\" srcset=\"https:\/\/www.radiopiu.net\/wordpress\/wp-content\/uploads\/2024\/02\/a16dbc4a-78fe-496f-884c-6726b1bc9972-190x300.jpg 190w, https:\/\/www.radiopiu.net\/wordpress\/wp-content\/uploads\/2024\/02\/a16dbc4a-78fe-496f-884c-6726b1bc9972.jpg 560w\" sizes=\"auto, (max-width: 190px) 100vw, 190px\" \/><\/a><\/p>\n<p>&nbsp;<\/p>\n<p><strong>LA RACCOLTA COMPLETA <a href=\"https:\/\/www.radiopiu.net\/wordpress\/liber-di-liana-cavallet-raccolta-2023-2024\/\"><span style=\"color: #0000ff;\">CLICCA QUI<\/span><\/a><\/strong><\/p>\n<p>&nbsp;<\/p>\n<hr \/>\n<p>&nbsp;<\/p>\n<h2><span style=\"color: #99cc00;\">AMAZING CALENDAR, CON MICHELA E MARINA<\/span><\/h2>\n<p><span style=\"color: #0000ff;\"><strong><a class=\"dt-pswp-item\" href=\"https:\/\/www.radiopiu.net\/wordpress\/wp-content\/uploads\/2021\/09\/Cortina_pasqua_2007_-_Tofane.jpg\" data-dt-img-description=\"\" data-large_image_width=\"2048\" data-large_image_height=\"1037\"><img loading=\"lazy\" decoding=\"async\" class=\" wp-image-231686 alignleft\" src=\"https:\/\/www.radiopiu.net\/wordpress\/wp-content\/uploads\/2021\/09\/Cortina_pasqua_2007_-_Tofane-300x152.jpg\" alt=\"\" width=\"195\" height=\"99\" srcset=\"https:\/\/www.radiopiu.net\/wordpress\/wp-content\/uploads\/2021\/09\/Cortina_pasqua_2007_-_Tofane-300x152.jpg 300w, https:\/\/www.radiopiu.net\/wordpress\/wp-content\/uploads\/2021\/09\/Cortina_pasqua_2007_-_Tofane-1024x519.jpg 1024w, https:\/\/www.radiopiu.net\/wordpress\/wp-content\/uploads\/2021\/09\/Cortina_pasqua_2007_-_Tofane-768x389.jpg 768w, https:\/\/www.radiopiu.net\/wordpress\/wp-content\/uploads\/2021\/09\/Cortina_pasqua_2007_-_Tofane-1536x778.jpg 1536w, https:\/\/www.radiopiu.net\/wordpress\/wp-content\/uploads\/2021\/09\/Cortina_pasqua_2007_-_Tofane.jpg 2048w\" sizes=\"auto, (max-width: 195px) 100vw, 195px\" \/><\/a>9A PUNTATA &#8211; PARTE UNO<\/strong><\/span><\/p>\n<audio class=\"wp-audio-shortcode\" id=\"audio-435378-11\" preload=\"none\" style=\"width: 100%;\" controls=\"controls\"><source type=\"audio\/mpeg\" src=\"https:\/\/www.radiopiu.net\/wordpress\/wp-content\/uploads\/2025\/02\/AMAZING-CALENDAR-NONA-PUNTATA-1.mp3?_=11\" \/><a href=\"https:\/\/www.radiopiu.net\/wordpress\/wp-content\/uploads\/2025\/02\/AMAZING-CALENDAR-NONA-PUNTATA-1.mp3\">https:\/\/www.radiopiu.net\/wordpress\/wp-content\/uploads\/2025\/02\/AMAZING-CALENDAR-NONA-PUNTATA-1.mp3<\/a><\/audio>\n<p><span style=\"color: #0000ff;\">\u00a0<\/span><\/p>\n<p><span style=\"color: #0000ff;\"><strong>PARTE DUE<\/strong><\/span><\/p>\n<audio class=\"wp-audio-shortcode\" id=\"audio-435378-12\" preload=\"none\" style=\"width: 100%;\" controls=\"controls\"><source type=\"audio\/mpeg\" src=\"https:\/\/www.radiopiu.net\/wordpress\/wp-content\/uploads\/2025\/02\/AMAZING-CALENDAR-NONA-PUNTATA-2.mp3?_=12\" \/><a href=\"https:\/\/www.radiopiu.net\/wordpress\/wp-content\/uploads\/2025\/02\/AMAZING-CALENDAR-NONA-PUNTATA-2.mp3\">https:\/\/www.radiopiu.net\/wordpress\/wp-content\/uploads\/2025\/02\/AMAZING-CALENDAR-NONA-PUNTATA-2.mp3<\/a><\/audio>\n<p><span style=\"color: #0000ff;\">\u00a0<\/span><\/p>\n<p><span style=\"color: #0000ff;\"><strong>PARTE TRE<\/strong><\/span><\/p>\n<audio class=\"wp-audio-shortcode\" id=\"audio-435378-13\" preload=\"none\" style=\"width: 100%;\" controls=\"controls\"><source type=\"audio\/mpeg\" src=\"https:\/\/www.radiopiu.net\/wordpress\/wp-content\/uploads\/2025\/02\/AMAZING-CALENDAR-NONA-PUNTATA-3.mp3?_=13\" \/><a href=\"https:\/\/www.radiopiu.net\/wordpress\/wp-content\/uploads\/2025\/02\/AMAZING-CALENDAR-NONA-PUNTATA-3.mp3\">https:\/\/www.radiopiu.net\/wordpress\/wp-content\/uploads\/2025\/02\/AMAZING-CALENDAR-NONA-PUNTATA-3.mp3<\/a><\/audio>\n<p>&nbsp;<\/p>\n<p><strong>LA RACCOLTA COMPLETA <a href=\"https:\/\/www.radiopiu.net\/wordpress\/amazing-calendar-con-michela-e-marina-la-raccolta\/\"><span style=\"color: #3366ff;\">CLICCA QUI<\/span><\/a><\/strong><\/p>\n<p>&nbsp;<\/p>\n<hr \/>\n<p>&nbsp;<\/p>\n<h2><span style=\"color: #800080;\"><a class=\"dt-pswp-item\" href=\"https:\/\/www.radiopiu.net\/wordpress\/wp-content\/uploads\/2022\/11\/scuola-zaino.jpeg\" data-dt-img-description=\"\" data-large_image_width=\"626\" data-large_image_height=\"417\"><img loading=\"lazy\" decoding=\"async\" class=\" wp-image-306830 alignleft\" src=\"https:\/\/www.radiopiu.net\/wordpress\/wp-content\/uploads\/2022\/11\/scuola-zaino-300x200.jpeg\" alt=\"\" width=\"164\" height=\"109\" srcset=\"https:\/\/www.radiopiu.net\/wordpress\/wp-content\/uploads\/2022\/11\/scuola-zaino-300x200.jpeg 300w, https:\/\/www.radiopiu.net\/wordpress\/wp-content\/uploads\/2022\/11\/scuola-zaino.jpeg 626w\" sizes=\"auto, (max-width: 164px) 100vw, 164px\" \/><\/a>SE NON LA SMETTI TI MANDO DAL PRESIDE<\/span><\/h2>\n<p><strong>DI MIRKO MEZZACASA<\/strong><\/p>\n<p>CON MARIA ROSA SALMAZO<\/p>\n<p>PUNTATA DEL 19 FEBBRAIO 2025<\/p>\n<audio class=\"wp-audio-shortcode\" id=\"audio-435378-14\" preload=\"none\" style=\"width: 100%;\" controls=\"controls\"><source type=\"audio\/mpeg\" src=\"https:\/\/www.radiopiu.net\/wordpress\/wp-content\/uploads\/2025\/02\/PRESIDE-1.mp3?_=14\" \/><a href=\"https:\/\/www.radiopiu.net\/wordpress\/wp-content\/uploads\/2025\/02\/PRESIDE-1.mp3\">https:\/\/www.radiopiu.net\/wordpress\/wp-content\/uploads\/2025\/02\/PRESIDE-1.mp3<\/a><\/audio>\n<p>&nbsp;<\/p>\n<hr \/>\n<p>&nbsp;<\/p>\n<h2><span style=\"color: #008000;\">CISL E FEMCA CISL LA VOCE PER I LAVORATORI <\/span><\/h2>\n<p><a class=\"dt-pswp-item\" href=\"https:\/\/www.radiopiu.net\/wordpress\/wp-content\/uploads\/2023\/10\/Senza-nome-7.png\" data-dt-img-description=\"\" data-large_image_width=\"235\" data-large_image_height=\"378\"><img loading=\"lazy\" decoding=\"async\" class=\"wp-image-355326 alignleft\" src=\"https:\/\/www.radiopiu.net\/wordpress\/wp-content\/uploads\/2023\/10\/Senza-nome-7-187x300.png\" alt=\"\" width=\"92\" height=\"148\" srcset=\"https:\/\/www.radiopiu.net\/wordpress\/wp-content\/uploads\/2023\/10\/Senza-nome-7-187x300.png 187w, https:\/\/www.radiopiu.net\/wordpress\/wp-content\/uploads\/2023\/10\/Senza-nome-7.png 235w\" sizes=\"auto, (max-width: 92px) 100vw, 92px\" \/><\/a>puntata del 19 FEBBRAIO 2025<\/p>\n<p><strong>OSPITE ALESSIO PICCOLI<\/strong><\/p>\n<audio class=\"wp-audio-shortcode\" id=\"audio-435378-15\" preload=\"none\" style=\"width: 100%;\" controls=\"controls\"><source type=\"audio\/mpeg\" src=\"https:\/\/www.radiopiu.net\/wordpress\/wp-content\/uploads\/2025\/02\/FEMCA-CISL-1.mp3?_=15\" \/><a href=\"https:\/\/www.radiopiu.net\/wordpress\/wp-content\/uploads\/2025\/02\/FEMCA-CISL-1.mp3\">https:\/\/www.radiopiu.net\/wordpress\/wp-content\/uploads\/2025\/02\/FEMCA-CISL-1.mp3<\/a><\/audio>\n<p>&nbsp;<\/p>\n<p><strong>LA RACCOLTA COMPLETA <a href=\"https:\/\/www.radiopiu.net\/wordpress\/cisl-e-femca-cisl-la-vocef\/\"><span style=\"color: #3366ff;\">CLICCA QUI<\/span><\/a><\/strong><\/p>\n<p>&nbsp;<\/p>\n<hr \/>\n<p>&nbsp;<\/p>\n<h2><span style=\"color: #00ccff;\">DOMENICA A FORCELLA AURINE IL PRIMO MEMORIAL MARCELLO E VALERIO DE DORIGO<\/span><\/h2>\n<p><strong><a class=\"dt-pswp-item\" href=\"https:\/\/www.radiopiu.net\/wordpress\/wp-content\/uploads\/2025\/02\/olfghusbv-sdolob.jpg\" data-dt-img-description=\"\" data-large_image_width=\"609\" data-large_image_height=\"367\"><img loading=\"lazy\" decoding=\"async\" class=\" wp-image-435356 alignleft\" src=\"https:\/\/www.radiopiu.net\/wordpress\/wp-content\/uploads\/2025\/02\/olfghusbv-sdolob-300x181.jpg\" alt=\"\" width=\"210\" height=\"127\" srcset=\"https:\/\/www.radiopiu.net\/wordpress\/wp-content\/uploads\/2025\/02\/olfghusbv-sdolob-300x181.jpg 300w, https:\/\/www.radiopiu.net\/wordpress\/wp-content\/uploads\/2025\/02\/olfghusbv-sdolob.jpg 609w\" sizes=\"auto, (max-width: 210px) 100vw, 210px\" \/><\/a>DI MIRKO MEZZACASA<\/strong><\/p>\n<p>OSPITI: Michela De Dorigo, Yuri Parissenti e Santo De Dorigo<\/p>\n<audio class=\"wp-audio-shortcode\" id=\"audio-435378-16\" preload=\"none\" style=\"width: 100%;\" controls=\"controls\"><source type=\"audio\/mpeg\" src=\"https:\/\/www.radiopiu.net\/wordpress\/wp-content\/uploads\/2025\/02\/SPECIALE-GARA-FORCELLA-1-1.mp3?_=16\" \/><a href=\"https:\/\/www.radiopiu.net\/wordpress\/wp-content\/uploads\/2025\/02\/SPECIALE-GARA-FORCELLA-1-1.mp3\">https:\/\/www.radiopiu.net\/wordpress\/wp-content\/uploads\/2025\/02\/SPECIALE-GARA-FORCELLA-1-1.mp3<\/a><\/audio>\n<p>&nbsp;<\/p>\n<hr \/>\n<p>&nbsp;<\/p>\n<h2><span style=\"color: #ff0000;\"><a class=\"dt-pswp-item\" href=\"https:\/\/www.radiopiu.net\/wordpress\/wp-content\/uploads\/2018\/09\/appuntamenti.jpeg\" data-dt-img-description=\"\" data-large_image_width=\"800\" data-large_image_height=\"100\"><img loading=\"lazy\" decoding=\"async\" class=\"wp-image-61958 size-full aligncenter\" src=\"https:\/\/www.radiopiu.net\/wordpress\/wp-content\/uploads\/2018\/09\/appuntamenti.jpeg\" alt=\"\" width=\"800\" height=\"100\" srcset=\"https:\/\/www.radiopiu.net\/wordpress\/wp-content\/uploads\/2018\/09\/appuntamenti.jpeg 800w, https:\/\/www.radiopiu.net\/wordpress\/wp-content\/uploads\/2018\/09\/appuntamenti-300x38.jpeg 300w, https:\/\/www.radiopiu.net\/wordpress\/wp-content\/uploads\/2018\/09\/appuntamenti-768x96.jpeg 768w\" sizes=\"auto, (max-width: 800px) 100vw, 800px\" \/><\/a><\/span><\/h2>\n<blockquote>\n<h3 dir=\"auto\">MARCO MELANDRI AL SAVE THE DATE FESTIVAL 2025 DEL RIFUGIO LARESEI<\/h3>\n<\/blockquote>\n<p><strong>FALCADE<\/strong> Motori, musica e montagna: un mix esplosivo in arrivo ai 2260 metri del Rifugio Laresei, a Falcade. Il 29 marzo 2025, l\u2019ex pilota di MotoGP Marco Melandri sar\u00e0 protagonista del Save The Date Festival \u2013 Rhythm Unleashed, un evento che promette sport, adrenalina e good vibes.<\/p>\n<p><a class=\"dt-pswp-item\" href=\"https:\/\/www.radiopiu.net\/wordpress\/wp-content\/uploads\/2025\/02\/475351389_122191419572160269_4819090400106529375_n.jpg\" data-dt-img-description=\"\" data-large_image_width=\"1024\" data-large_image_height=\"1280\"><img loading=\"lazy\" decoding=\"async\" class=\"size-medium wp-image-435523 aligncenter\" src=\"https:\/\/www.radiopiu.net\/wordpress\/wp-content\/uploads\/2025\/02\/475351389_122191419572160269_4819090400106529375_n-240x300.jpg\" alt=\"\" width=\"240\" height=\"300\" srcset=\"https:\/\/www.radiopiu.net\/wordpress\/wp-content\/uploads\/2025\/02\/475351389_122191419572160269_4819090400106529375_n-240x300.jpg 240w, https:\/\/www.radiopiu.net\/wordpress\/wp-content\/uploads\/2025\/02\/475351389_122191419572160269_4819090400106529375_n-819x1024.jpg 819w, https:\/\/www.radiopiu.net\/wordpress\/wp-content\/uploads\/2025\/02\/475351389_122191419572160269_4819090400106529375_n-768x960.jpg 768w, https:\/\/www.radiopiu.net\/wordpress\/wp-content\/uploads\/2025\/02\/475351389_122191419572160269_4819090400106529375_n.jpg 1024w\" sizes=\"auto, (max-width: 240px) 100vw, 240px\" \/><\/a><\/p>\n<p>&nbsp;<\/p>\n<p>&nbsp;<\/p>\n<div>\n<div class=\"\" dir=\"auto\">\n<div id=\":r9h:\" class=\"x1iorvi4 x1pi30zi x1l90r2v x1swvt13\" data-ad-comet-preview=\"message\" data-ad-preview=\"message\">\n<div>\n<div class=\"\" dir=\"auto\">\n<div id=\":r9h:\" class=\"x1iorvi4 x1pi30zi x1l90r2v x1swvt13\" data-ad-comet-preview=\"message\" data-ad-preview=\"message\">\n<div>\n<div class=\"\" dir=\"auto\">\n<div id=\":r9h:\" class=\"x1iorvi4 x1pi30zi x1l90r2v x1swvt13\" data-ad-comet-preview=\"message\" data-ad-preview=\"message\">\n<div>\n<div class=\"\" dir=\"auto\">\n<div id=\":r9h:\" class=\"x1iorvi4 x1pi30zi x1l90r2v x1swvt13\" data-ad-comet-preview=\"message\" data-ad-preview=\"message\">\n<div>\n<div class=\"\" dir=\"auto\">\n<div id=\":r9h:\" class=\"x1iorvi4 x1pi30zi x1l90r2v x1swvt13\" data-ad-comet-preview=\"message\" data-ad-preview=\"message\">\n<div>\n<div class=\"\" dir=\"auto\">\n<div id=\":r9h:\" class=\"x1iorvi4 x1pi30zi x1l90r2v x1swvt13\" data-ad-comet-preview=\"message\" data-ad-preview=\"message\">\n<div class=\"xdj266r x11i5rnm xat24cr x1mh8g0r x1vvkbs x126k92a\">\n<div dir=\"auto\"><\/div>\n<\/div>\n<div>\n<div class=\"\" dir=\"auto\">\n<div id=\":r9h:\" class=\"x1iorvi4 x1pi30zi x1l90r2v x1swvt13\" data-ad-comet-preview=\"message\" data-ad-preview=\"message\">\n<div>\n<div class=\"\" dir=\"auto\">\n<div id=\":r9h:\" class=\"x1iorvi4 x1pi30zi x1l90r2v x1swvt13\" data-ad-comet-preview=\"message\" data-ad-preview=\"message\">\n\n\t\t\t<style type='text\/css'>\n\t\t\t\t#gallery-3 {\n\t\t\t\t\tmargin: auto;\n\t\t\t\t}\n\t\t\t\t#gallery-3 .gallery-item {\n\t\t\t\t\tfloat: left;\n\t\t\t\t\tmargin-top: 10px;\n\t\t\t\t\ttext-align: center;\n\t\t\t\t\twidth: 25%;\n\t\t\t\t}\n\t\t\t\t#gallery-3 img {\n\t\t\t\t\tborder: 2px solid #cfcfcf;\n\t\t\t\t}\n\t\t\t\t#gallery-3 .gallery-caption {\n\t\t\t\t\tmargin-left: 0;\n\t\t\t\t}\n\t\t\t\t\/* see gallery_shortcode() in wp-includes\/media.php *\/\n\t\t\t<\/style>\n\t\t<div id='gallery-3' class='dt-gallery-container gallery galleryid-435378 gallery-columns-4 gallery-size-thumbnail'><dl class='gallery-item'>\n\t\t\t\t<dt class='gallery-icon portrait'>\n\t\t\t\t\t<a class=\"rollover rollover-zoom dt-pswp-item\" title=\"manifesto serate invernali\" data-dt-img-description=\"\" data-large_image_width=\"1683\" data-large_image_height=\"2383\"href='https:\/\/www.radiopiu.net\/wordpress\/wp-content\/uploads\/2024\/11\/manifesto-serate-invernali.jpg'><img loading=\"lazy\" decoding=\"async\" width=\"150\" height=\"150\" src=\"https:\/\/www.radiopiu.net\/wordpress\/wp-content\/uploads\/2024\/11\/manifesto-serate-invernali-150x150.jpg\" class=\"attachment-thumbnail size-thumbnail\" alt=\"\" aria-describedby=\"gallery-3-418816\" \/><\/a>\n\t\t\t\t<\/dt>\n\t\t\t\t\t<dd class='wp-caption-text gallery-caption' id='gallery-3-418816'>\n\t\t\t\t\t21 FEBBRAIO\n\t\t\t\t\t<\/dd><\/dl><dl class='gallery-item'>\n\t\t\t\t<dt class='gallery-icon portrait'>\n\t\t\t\t\t<a class=\"rollover rollover-zoom dt-pswp-item\" title=\"Locandina Energia al di l\u00e0 dello scientificamente corretto febbraio 2025\" data-dt-img-description=\"\" data-large_image_width=\"1131\" data-large_image_height=\"1600\"href='https:\/\/www.radiopiu.net\/wordpress\/wp-content\/uploads\/2025\/02\/Locandina-Energia-al-di-la-dello-scientificamente-corretto-febbraio-2025.jpg'><img loading=\"lazy\" decoding=\"async\" width=\"150\" height=\"150\" src=\"https:\/\/www.radiopiu.net\/wordpress\/wp-content\/uploads\/2025\/02\/Locandina-Energia-al-di-la-dello-scientificamente-corretto-febbraio-2025-150x150.jpg\" class=\"attachment-thumbnail size-thumbnail\" alt=\"\" aria-describedby=\"gallery-3-434154\" \/><\/a>\n\t\t\t\t<\/dt>\n\t\t\t\t\t<dd class='wp-caption-text gallery-caption' id='gallery-3-434154'>\n\t\t\t\t\t22 FEBBRAIO\n\t\t\t\t\t<\/dd><\/dl><dl class='gallery-item'>\n\t\t\t\t<dt class='gallery-icon portrait'>\n\t\t\t\t\t<a class=\"rollover rollover-zoom dt-pswp-item\" title=\"d4ebb858-0506-4e84-b6ae-28a77bb72b70\" data-dt-img-description=\"\" data-large_image_width=\"1131\" data-large_image_height=\"1600\"href='https:\/\/www.radiopiu.net\/wordpress\/wp-content\/uploads\/2025\/02\/d4ebb858-0506-4e84-b6ae-28a77bb72b70.jpg'><img loading=\"lazy\" decoding=\"async\" width=\"150\" height=\"150\" src=\"https:\/\/www.radiopiu.net\/wordpress\/wp-content\/uploads\/2025\/02\/d4ebb858-0506-4e84-b6ae-28a77bb72b70-150x150.jpg\" class=\"attachment-thumbnail size-thumbnail\" alt=\"\" aria-describedby=\"gallery-3-434311\" \/><\/a>\n\t\t\t\t<\/dt>\n\t\t\t\t\t<dd class='wp-caption-text gallery-caption' id='gallery-3-434311'>\n\t\t\t\t\t22 FEBBRAIO\n\t\t\t\t\t<\/dd><\/dl><dl class='gallery-item'>\n\t\t\t\t<dt class='gallery-icon portrait'>\n\t\t\t\t\t<a class=\"rollover rollover-zoom dt-pswp-item\" title=\"wo6o5gsi\" data-dt-img-description=\"\" data-large_image_width=\"801\" data-large_image_height=\"1600\"href='https:\/\/www.radiopiu.net\/wordpress\/wp-content\/uploads\/2025\/02\/wo6o5gsi.bmp'><img loading=\"lazy\" decoding=\"async\" width=\"150\" height=\"150\" src=\"https:\/\/www.radiopiu.net\/wordpress\/wp-content\/uploads\/2025\/02\/wo6o5gsi-150x150.jpg\" class=\"attachment-thumbnail size-thumbnail\" alt=\"\" aria-describedby=\"gallery-3-434597\" \/><\/a>\n\t\t\t\t<\/dt>\n\t\t\t\t\t<dd class='wp-caption-text gallery-caption' id='gallery-3-434597'>\n\t\t\t\t\t2 MARZO\n\t\t\t\t\t<\/dd><\/dl><br style=\"clear: both\" \/><dl class='gallery-item'>\n\t\t\t\t<dt class='gallery-icon portrait'>\n\t\t\t\t\t<a class=\"rollover rollover-zoom dt-pswp-item\" title=\"dad1d0d2-12e8-494a-9390-929e17ce5985\" data-dt-img-description=\"\" data-large_image_width=\"900\" data-large_image_height=\"1600\"href='https:\/\/www.radiopiu.net\/wordpress\/wp-content\/uploads\/2025\/01\/dad1d0d2-12e8-494a-9390-929e17ce5985.jpg'><img loading=\"lazy\" decoding=\"async\" width=\"150\" height=\"150\" src=\"https:\/\/www.radiopiu.net\/wordpress\/wp-content\/uploads\/2025\/01\/dad1d0d2-12e8-494a-9390-929e17ce5985-150x150.jpg\" class=\"attachment-thumbnail size-thumbnail\" alt=\"\" \/><\/a>\n\t\t\t\t<\/dt><\/dl><dl class='gallery-item'>\n\t\t\t\t<dt class='gallery-icon portrait'>\n\t\t\t\t\t<a class=\"rollover rollover-zoom dt-pswp-item\" title=\"Senza nome\" data-dt-img-description=\"\" data-large_image_width=\"569\" data-large_image_height=\"801\"href='https:\/\/www.radiopiu.net\/wordpress\/wp-content\/uploads\/2025\/02\/Senza-nome-23.png'><img loading=\"lazy\" decoding=\"async\" width=\"150\" height=\"150\" src=\"https:\/\/www.radiopiu.net\/wordpress\/wp-content\/uploads\/2025\/02\/Senza-nome-23-150x150.png\" class=\"attachment-thumbnail size-thumbnail\" alt=\"\" \/><\/a>\n\t\t\t\t<\/dt><\/dl><dl class='gallery-item'>\n\t\t\t\t<dt class='gallery-icon landscape'>\n\t\t\t\t\t<a class=\"rollover rollover-zoom dt-pswp-item\" title=\"molto1\" data-dt-img-description=\"\" data-large_image_width=\"1080\" data-large_image_height=\"1080\"href='https:\/\/www.radiopiu.net\/wordpress\/wp-content\/uploads\/2025\/02\/molto1.jpg'><img loading=\"lazy\" decoding=\"async\" width=\"150\" height=\"150\" src=\"https:\/\/www.radiopiu.net\/wordpress\/wp-content\/uploads\/2025\/02\/molto1-150x150.jpg\" class=\"attachment-thumbnail size-thumbnail\" alt=\"\" srcset=\"https:\/\/www.radiopiu.net\/wordpress\/wp-content\/uploads\/2025\/02\/molto1-150x150.jpg 150w, https:\/\/www.radiopiu.net\/wordpress\/wp-content\/uploads\/2025\/02\/molto1-300x300.jpg 300w, https:\/\/www.radiopiu.net\/wordpress\/wp-content\/uploads\/2025\/02\/molto1-1024x1024.jpg 1024w, https:\/\/www.radiopiu.net\/wordpress\/wp-content\/uploads\/2025\/02\/molto1-768x768.jpg 768w, https:\/\/www.radiopiu.net\/wordpress\/wp-content\/uploads\/2025\/02\/molto1.jpg 1080w\" sizes=\"auto, (max-width: 150px) 100vw, 150px\" \/><\/a>\n\t\t\t\t<\/dt><\/dl><dl class='gallery-item'>\n\t\t\t\t<dt class='gallery-icon portrait'>\n\t\t\t\t\t<a class=\"rollover rollover-zoom dt-pswp-item\" title=\"d553bc54-e3f2-40d2-9391-c5f1f404c169\" data-dt-img-description=\"\" data-large_image_width=\"1127\" data-large_image_height=\"1600\"href='https:\/\/www.radiopiu.net\/wordpress\/wp-content\/uploads\/2025\/02\/d553bc54-e3f2-40d2-9391-c5f1f404c169.jpg'><img loading=\"lazy\" decoding=\"async\" width=\"150\" height=\"150\" src=\"https:\/\/www.radiopiu.net\/wordpress\/wp-content\/uploads\/2025\/02\/d553bc54-e3f2-40d2-9391-c5f1f404c169-150x150.jpg\" class=\"attachment-thumbnail size-thumbnail\" alt=\"\" \/><\/a>\n\t\t\t\t<\/dt><\/dl><br style=\"clear: both\" \/><dl class='gallery-item'>\n\t\t\t\t<dt class='gallery-icon portrait'>\n\t\t\t\t\t<a class=\"rollover rollover-zoom dt-pswp-item\" title=\"GDLKJGAOY\" data-dt-img-description=\"\" data-large_image_width=\"1080\" data-large_image_height=\"1158\"href='https:\/\/www.radiopiu.net\/wordpress\/wp-content\/uploads\/2025\/02\/GDLKJGAOY.jpg'><img loading=\"lazy\" decoding=\"async\" width=\"150\" height=\"150\" src=\"https:\/\/www.radiopiu.net\/wordpress\/wp-content\/uploads\/2025\/02\/GDLKJGAOY-150x150.jpg\" class=\"attachment-thumbnail size-thumbnail\" alt=\"\" \/><\/a>\n\t\t\t\t<\/dt><\/dl><dl class='gallery-item'>\n\t\t\t\t<dt class='gallery-icon portrait'>\n\t\t\t\t\t<a class=\"rollover rollover-zoom dt-pswp-item\" title=\"67dd10b3-a02f-4a4c-84f8-95bd7247b900\" data-dt-img-description=\"\" data-large_image_width=\"1440\" data-large_image_height=\"1800\"href='https:\/\/www.radiopiu.net\/wordpress\/wp-content\/uploads\/2025\/02\/67dd10b3-a02f-4a4c-84f8-95bd7247b900.jpg'><img loading=\"lazy\" decoding=\"async\" width=\"150\" height=\"150\" src=\"https:\/\/www.radiopiu.net\/wordpress\/wp-content\/uploads\/2025\/02\/67dd10b3-a02f-4a4c-84f8-95bd7247b900-150x150.jpg\" class=\"attachment-thumbnail size-thumbnail\" alt=\"\" \/><\/a>\n\t\t\t\t<\/dt><\/dl><dl class='gallery-item'>\n\t\t\t\t<dt class='gallery-icon portrait'>\n\t\t\t\t\t<a class=\"rollover rollover-zoom dt-pswp-item\" title=\"L59DYKs0vbbX\" data-dt-img-description=\"\" data-large_image_width=\"600\" data-large_image_height=\"848\"href='https:\/\/www.radiopiu.net\/wordpress\/wp-content\/uploads\/2025\/02\/L59DYKs0vbbX.jpg'><img loading=\"lazy\" decoding=\"async\" width=\"150\" height=\"150\" src=\"https:\/\/www.radiopiu.net\/wordpress\/wp-content\/uploads\/2025\/02\/L59DYKs0vbbX-150x150.jpg\" class=\"attachment-thumbnail size-thumbnail\" alt=\"\" \/><\/a>\n\t\t\t\t<\/dt><\/dl><dl class='gallery-item'>\n\t\t\t\t<dt class='gallery-icon portrait'>\n\t\t\t\t\t<a class=\"rollover rollover-zoom dt-pswp-item\" title=\"2487092a-44e2-4f98-95d9-fc75c526c499\" data-dt-img-description=\"\" data-large_image_width=\"1131\" data-large_image_height=\"1600\"href='https:\/\/www.radiopiu.net\/wordpress\/wp-content\/uploads\/2025\/02\/2487092a-44e2-4f98-95d9-fc75c526c499.jpg'><img loading=\"lazy\" decoding=\"async\" width=\"150\" height=\"150\" src=\"https:\/\/www.radiopiu.net\/wordpress\/wp-content\/uploads\/2025\/02\/2487092a-44e2-4f98-95d9-fc75c526c499-150x150.jpg\" class=\"attachment-thumbnail size-thumbnail\" alt=\"\" \/><\/a>\n\t\t\t\t<\/dt><\/dl><br style=\"clear: both\" \/><dl class='gallery-item'>\n\t\t\t\t<dt class='gallery-icon portrait'>\n\t\t\t\t\t<a class=\"rollover rollover-zoom dt-pswp-item\" title=\"Assaggi di libri marzo 2025\" data-dt-img-description=\"\" data-large_image_width=\"1240\" data-large_image_height=\"1754\"href='https:\/\/www.radiopiu.net\/wordpress\/wp-content\/uploads\/2025\/02\/Assaggi-di-libri-marzo-2025.jpg'><img loading=\"lazy\" decoding=\"async\" width=\"150\" height=\"150\" src=\"https:\/\/www.radiopiu.net\/wordpress\/wp-content\/uploads\/2025\/02\/Assaggi-di-libri-marzo-2025-150x150.jpg\" class=\"attachment-thumbnail size-thumbnail\" alt=\"\" \/><\/a>\n\t\t\t\t<\/dt><\/dl>\n\t\t\t\t<br style='clear: both' \/>\n\t\t\t<\/div>\n\n<p>&nbsp;<\/p>\n<p>&nbsp;<\/p>\n<\/div>\n<\/div>\n<\/div>\n<\/div>\n<\/div>\n<\/div>\n<\/div>\n<\/div>\n<\/div>\n<\/div>\n<\/div>\n<\/div>\n<p>&nbsp;<\/p>\n<\/div>\n<\/div>\n<\/div>\n<\/div>\n<\/div>\n<\/div>\n<\/div>\n<\/div>\n<\/div>\n<\/div>\n<\/div>\n<\/div>\n<hr \/>\n<p>&nbsp;<\/p>\n<p class=\"mceTemp\"><a class=\"dt-pswp-item\" href=\"https:\/\/www.radiopiu.net\/wordpress\/wp-content\/uploads\/2018\/09\/WhatsApp-Image-2018-09-20-at-16.04.06.jpeg\" data-dt-img-description=\"\" data-large_image_width=\"800\" data-large_image_height=\"100\"><img loading=\"lazy\" decoding=\"async\" class=\"wp-image-61378 size-full aligncenter\" src=\"https:\/\/www.radiopiu.net\/wordpress\/wp-content\/uploads\/2018\/09\/WhatsApp-Image-2018-09-20-at-16.04.06.jpeg\" alt=\"\" width=\"800\" height=\"100\" srcset=\"https:\/\/www.radiopiu.net\/wordpress\/wp-content\/uploads\/2018\/09\/WhatsApp-Image-2018-09-20-at-16.04.06.jpeg 800w, https:\/\/www.radiopiu.net\/wordpress\/wp-content\/uploads\/2018\/09\/WhatsApp-Image-2018-09-20-at-16.04.06-300x38.jpeg 300w, https:\/\/www.radiopiu.net\/wordpress\/wp-content\/uploads\/2018\/09\/WhatsApp-Image-2018-09-20-at-16.04.06-768x96.jpeg 768w\" sizes=\"auto, (max-width: 800px) 100vw, 800px\" \/><\/a><\/p>\n<p><center><\/center><center><\/center>&nbsp;<\/p>\n<p><center><\/center><center><b>OGGI<\/b><\/center>Salvo presenza di nubi basse in alcune valli nella notte e nel primo mattino, sulle Dolomiti cielo in genere sereno o poco nuvoloso per qualche velatura specie nella prima parte della giornata mentre sulle Prealpi il tempo sar\u00e0 pi\u00f9 soleggiato rispetto a mercoled\u00ec per presenza di minor nuvolosit\u00e0 bassa persistente salvo qualche residua velatura al mattino.<br \/>\n<b>Precipitazioni: <\/b>Assenti<br \/>\n<b>Temperature: <\/b>In generale aumento specie le massime e in alta montagna, con aumento dell&#8217;inversione termica notturna nelle valli.<\/p>\n<hr \/>\n<p><center><b>DOMANI<\/b><\/center>Tempo stabile con cielo ancora poco o parzialmente nuvoloso per transito di nubi medio-alte soprattutto nel corso della mattinata in allontanamento dalle ore centrali. Possibili nubi basse o foschia nei fondovalle specie in quelli prealpini e in qualche altopiano.<br \/>\n<b>Precipitazioni: <\/b>Assenti<br \/>\n<b>Temperature: <\/b>In ulteriore aumento specie le minime con una significativa inversione termica notturna.<\/p>\n<hr \/>\n<p><center><b>SABATO<\/b><\/center>Cielo in genere poco nuvoloso per il passaggio di qualche velatura soprattutto nella prima parte della giornata. Nelle ore fredde possibili formazioni di foschie o di nubi basse presenti fino a poco dopo l&#8217;alba, tendenti a riformarsi dopo il tramonto. Temperature stazionarie o in lieve calo.<\/p>\n<hr \/>\n<p><center><b>DOMENICA<\/b><\/center>Cielo da poco a parzialmente nuvoloso a tratti anche nuvoloso per il transito di nubi dapprima alte poi medio-alte. Fenomeni assenti. Temperature in lieve aumento.<\/p>\n<p>&nbsp;<\/p>\n<hr \/>\n<p>&nbsp;<\/p>\n<p class=\"mceTemp\"><a class=\"dt-pswp-item\" href=\"https:\/\/www.radiopiu.net\/wordpress\/wp-content\/uploads\/2018\/09\/sport.jpg\" data-dt-img-description=\"\" data-large_image_width=\"800\" data-large_image_height=\"100\"><img loading=\"lazy\" decoding=\"async\" class=\"aligncenter wp-image-60761 size-full\" src=\"https:\/\/www.radiopiu.net\/wordpress\/wp-content\/uploads\/2018\/09\/sport.jpg\" alt=\"\" width=\"800\" height=\"100\" srcset=\"https:\/\/www.radiopiu.net\/wordpress\/wp-content\/uploads\/2018\/09\/sport.jpg 800w, https:\/\/www.radiopiu.net\/wordpress\/wp-content\/uploads\/2018\/09\/sport-300x38.jpg 300w, https:\/\/www.radiopiu.net\/wordpress\/wp-content\/uploads\/2018\/09\/sport-768x96.jpg 768w\" sizes=\"auto, (max-width: 800px) 100vw, 800px\" \/> <\/a><\/p>\n<p class=\"mceTemp\"><span style=\"color: #0000ff;\"><strong>\u00a0 \u00a0\u00a0<\/strong><\/span><\/p>\n<p><span style=\"color: #0000ff;\"><strong>HOCKEY SU GHIACCIO<\/strong><\/span><\/p>\n<blockquote>\n<h3>TRASFERTA AD APPIANO PER LE CIVETTE<\/h3>\n<\/blockquote>\n<p><strong><a class=\"dt-pswp-item\" href=\"https:\/\/www.radiopiu.net\/wordpress\/wp-content\/uploads\/2025\/02\/238db16c-28d8-478c-b675-1e35a368a042.jpeg\" data-dt-img-description=\"\" data-large_image_width=\"940\" data-large_image_height=\"535\"><img loading=\"lazy\" decoding=\"async\" class=\"size-medium wp-image-435419 alignleft\" src=\"https:\/\/www.radiopiu.net\/wordpress\/wp-content\/uploads\/2025\/02\/238db16c-28d8-478c-b675-1e35a368a042-300x171.jpeg\" alt=\"\" width=\"300\" height=\"171\" srcset=\"https:\/\/www.radiopiu.net\/wordpress\/wp-content\/uploads\/2025\/02\/238db16c-28d8-478c-b675-1e35a368a042-300x171.jpeg 300w, https:\/\/www.radiopiu.net\/wordpress\/wp-content\/uploads\/2025\/02\/238db16c-28d8-478c-b675-1e35a368a042-768x437.jpeg 768w, https:\/\/www.radiopiu.net\/wordpress\/wp-content\/uploads\/2025\/02\/238db16c-28d8-478c-b675-1e35a368a042.jpeg 940w\" sizes=\"auto, (max-width: 300px) 100vw, 300px\" \/><\/a>di Roberto Miana, portavoce dell\u2019Alleghe Hockey<\/strong><\/p>\n<p>Nona giornata di Master Round del campionato IHL di hockey su ghiaccio. Gioved\u00ec 20 febbraio alle 20:00 l\u2019Alleghe gioca ad Appiano. L\u2019Alleghe \u00e8 reduce dalla sconfitta 1-3 maturata in trasferta contro il Caldaro, indiscusso capolista del campionato. Gara che ha lasciato qualche rimpianto nella truppa di coach Surenkin, che passata in vantaggio si \u00e8 fatta rimontare e poi sorpassare dopo aver disputato una buona gara. Primo tempo con i Biancorossi che si portano subito in vantaggio con Diego Iori e i padroni di casa che trovano il pareggio prima della fine del parziale. Seconda frazione senza reti con le due compagini che si annullano a vicenda. Nell\u2019ultimo drittel \u00e8 il Caldaro a provarci con pi\u00f9 convinzione, trovando la rete della vittoria a cinque minuti dal termine e la terza marcatura a porta vuota. Agordini che, a due turni dal termine del Master Round, sono quinti in classifica con 19 punti, otto in meno del Varese (quarto) e cinque in pi\u00f9 dell\u2019Appiano (sesto). La gara contro i Pirati vale il quinto posto in classifica, che gli alleghesi conquisterebbero matematicamente se riuscissero ad ottenere almeno un punto dalla trasferta basso atesina. L\u2019Appiano, nell\u2019ultima gara disputata, ha strappato un punto sul ghiaccio di Varese, venendo sconfitto dai Mastini agli shootout. Grazie a questo risultato i Pirati salgono in classifica a 14 punti, cinque in meno dei biancorossi. Sono ventisette i precedenti in IHL tra Alleghe ed Appiano, con 8 successi agordini e 19 dei basso atesini. Nei tre incroci stagionali si sono registrate due vittorie dei Pirati ed una delle Civette.<\/p>\n<p><strong>HC EPPAN APPIANO &#8211; ALLEGHE HOCKEY<\/strong><br \/>\nGioved\u00ec 20 febbraio ore 20:00 &#8211; Palaghiaccio di Appiano (BZ). Arbitri: Alessio Bedana e Patrick Theo Gruber con giudici di linea Matteo De Cristofaro e Andrea Carrito. Collegamenti in DIRETTA RADIOFONICA su Radio Pi\u00f9 (www.radiopiu.net) con \u201chockey al punto giusto\u201d, in studio Marco Gaz e da Appiano interventi di Federico Paganin<\/p>\n<p>&nbsp;<\/p>\n<p><span style=\"color: #0000ff;\"><strong>PATTINAGGIO<\/strong><\/span><\/p>\n<blockquote>\n<h3>Trofeo Feltre Ice Skating: Agordino Ghiaccio &amp; Sport in gara con 17 atlete<\/h3>\n<\/blockquote>\n<p data-start=\"86\" data-end=\"541\"><strong>FELTRE<\/strong> \u2013 Si \u00e8 svolto il 15 e 16 febbraio il Trofeo Feltre Ice Skating, competizione di pattinaggio artistico che ha visto la partecipazione di 17 atlete dell\u2019Agordino Ghiaccio &amp; Sport. Nonostante alcuni risultati al di sotto delle aspettative, la squadra ha ottenuto ottimi piazzamenti, con Paola Galligani e Irene De Pra che hanno conquistato rispettivamente il primo e il secondo posto nella categoria Interpretativo B.<\/p>\n<h3 data-start=\"543\" data-end=\"586\">I risultati delle atlete agordine<\/h3>\n<ul data-start=\"587\" data-end=\"864\">\n<li data-start=\"587\" data-end=\"650\">Esordienti A: Sofia Petri (9\u00aa), Marianna Veggiato (10\u00aa)<\/li>\n<li data-start=\"651\" data-end=\"709\">Esordienti B: Rita Masiero (4\u00aa), Giulia Rossi (7\u00aa)<\/li>\n<li data-start=\"710\" data-end=\"751\">Principianti B: Marica Rossi (6\u00aa)<\/li>\n<li data-start=\"752\" data-end=\"788\">Cadetti: Anita Serafini (5\u00aa)<\/li>\n<li data-start=\"789\" data-end=\"829\">Novice B: Stephanie Tibolla (5\u00aa)<\/li>\n<li data-start=\"830\" data-end=\"864\">Junior: Gaia Serafini (6\u00aa)<\/li>\n<\/ul>\n<h3 data-start=\"866\" data-end=\"905\">Partecipanti senza classifica<\/h3>\n<ul data-start=\"906\" data-end=\"1086\">\n<li data-start=\"906\" data-end=\"980\">Pulcini Rossi: Cristel Pollazon, Giorgia De Dea, Alyssa De Vallier<\/li>\n<li data-start=\"981\" data-end=\"1020\">Pulcini Verdi: Lucrezia Appamea<\/li>\n<li data-start=\"1021\" data-end=\"1086\">Pulcini Gialli: Jasmine Pinie, Livia Appamea, Ellis Lepre<\/li>\n<\/ul>\n<p data-start=\"1088\" data-end=\"1319\" data-is-last-node=\"\">Le atlete hanno dato il massimo in pista, rappresentando con determinazione i colori dell\u2019Agordino Ghiaccio &amp; Sport, in una competizione che ha visto un alto livello tecnico e grande entusiasmo da parte di tutti i partecipanti.<\/p>\n\n\t\t\t<style type='text\/css'>\n\t\t\t\t#gallery-4 {\n\t\t\t\t\tmargin: auto;\n\t\t\t\t}\n\t\t\t\t#gallery-4 .gallery-item {\n\t\t\t\t\tfloat: left;\n\t\t\t\t\tmargin-top: 10px;\n\t\t\t\t\ttext-align: center;\n\t\t\t\t\twidth: 50%;\n\t\t\t\t}\n\t\t\t\t#gallery-4 img {\n\t\t\t\t\tborder: 2px solid #cfcfcf;\n\t\t\t\t}\n\t\t\t\t#gallery-4 .gallery-caption {\n\t\t\t\t\tmargin-left: 0;\n\t\t\t\t}\n\t\t\t\t\/* see gallery_shortcode() in wp-includes\/media.php *\/\n\t\t\t<\/style>\n\t\t<div id='gallery-4' class='dt-gallery-container gallery galleryid-435378 gallery-columns-2 gallery-size-thumbnail'><dl class='gallery-item'>\n\t\t\t\t<dt class='gallery-icon portrait'>\n\t\t\t\t\t<a class=\"rollover rollover-zoom dt-pswp-item\" title=\"Podio primo posto per Paola Galligani e secondo posto De Pra Irene\" data-dt-img-description=\"\" data-large_image_width=\"1200\" data-large_image_height=\"1600\"href='https:\/\/www.radiopiu.net\/wordpress\/wp-content\/uploads\/2025\/02\/Podio-primo-posto-per-Paola-Galligani-e-secondo-posto-De-Pra-Irene.jpg'><img loading=\"lazy\" decoding=\"async\" width=\"150\" height=\"150\" src=\"https:\/\/www.radiopiu.net\/wordpress\/wp-content\/uploads\/2025\/02\/Podio-primo-posto-per-Paola-Galligani-e-secondo-posto-De-Pra-Irene-150x150.jpg\" class=\"attachment-thumbnail size-thumbnail\" alt=\"\" aria-describedby=\"gallery-4-435531\" \/><\/a>\n\t\t\t\t<\/dt>\n\t\t\t\t\t<dd class='wp-caption-text gallery-caption' id='gallery-4-435531'>\n\t\t\t\t\tPodio primo posto per Paola Galligani e secondo posto Irene De Pra \n\t\t\t\t\t<\/dd><\/dl><dl class='gallery-item'>\n\t\t\t\t<dt class='gallery-icon portrait'>\n\t\t\t\t\t<a class=\"rollover rollover-zoom dt-pswp-item\" title=\"Cristel Pollazon Giorgia De Dea , Alyssa De Vallier e Lucrezia Appamea\" data-dt-img-description=\"\" data-large_image_width=\"1536\" data-large_image_height=\"2048\"href='https:\/\/www.radiopiu.net\/wordpress\/wp-content\/uploads\/2025\/02\/Cristel-Pollazon-Giorgia-De-Dea-Alyssa-De-Vallier-e-Lucrezia-Appamea.jpg'><img loading=\"lazy\" decoding=\"async\" width=\"150\" height=\"150\" src=\"https:\/\/www.radiopiu.net\/wordpress\/wp-content\/uploads\/2025\/02\/Cristel-Pollazon-Giorgia-De-Dea-Alyssa-De-Vallier-e-Lucrezia-Appamea-150x150.jpg\" class=\"attachment-thumbnail size-thumbnail\" alt=\"\" aria-describedby=\"gallery-4-435534\" \/><\/a>\n\t\t\t\t<\/dt>\n\t\t\t\t\t<dd class='wp-caption-text gallery-caption' id='gallery-4-435534'>\n\t\t\t\t\tCristel Pollazon Giorgia De Dea , Alyssa De Vallier e Lucrezia Appamea\n\t\t\t\t\t<\/dd><\/dl><br style=\"clear: both\" \/><dl class='gallery-item'>\n\t\t\t\t<dt class='gallery-icon portrait'>\n\t\t\t\t\t<a class=\"rollover rollover-zoom dt-pswp-item\" title=\"Marica Rossi, Rita Masiero e Giulia Rossi\" data-dt-img-description=\"\" data-large_image_width=\"1200\" data-large_image_height=\"1600\"href='https:\/\/www.radiopiu.net\/wordpress\/wp-content\/uploads\/2025\/02\/Marica-Rossi-Rita-Masiero-e-Giulia-Rossi.jpg'><img loading=\"lazy\" decoding=\"async\" width=\"150\" height=\"150\" src=\"https:\/\/www.radiopiu.net\/wordpress\/wp-content\/uploads\/2025\/02\/Marica-Rossi-Rita-Masiero-e-Giulia-Rossi-150x150.jpg\" class=\"attachment-thumbnail size-thumbnail\" alt=\"\" aria-describedby=\"gallery-4-435533\" \/><\/a>\n\t\t\t\t<\/dt>\n\t\t\t\t\t<dd class='wp-caption-text gallery-caption' id='gallery-4-435533'>\n\t\t\t\t\tMarica Rossi, Rita Masiero e Giulia Rossi\n\t\t\t\t\t<\/dd><\/dl><dl class='gallery-item'>\n\t\t\t\t<dt class='gallery-icon portrait'>\n\t\t\t\t\t<a class=\"rollover rollover-zoom dt-pswp-item\" title=\"Jasmine Pinie, Livia Appamea e Lepre Ellis\" data-dt-img-description=\"\" data-large_image_width=\"1200\" data-large_image_height=\"1600\"href='https:\/\/www.radiopiu.net\/wordpress\/wp-content\/uploads\/2025\/02\/Jasmine-Pinie-Livia-Appamea-e-Lepre-Ellis.jpg'><img loading=\"lazy\" decoding=\"async\" width=\"150\" height=\"150\" src=\"https:\/\/www.radiopiu.net\/wordpress\/wp-content\/uploads\/2025\/02\/Jasmine-Pinie-Livia-Appamea-e-Lepre-Ellis-150x150.jpg\" class=\"attachment-thumbnail size-thumbnail\" alt=\"\" aria-describedby=\"gallery-4-435532\" \/><\/a>\n\t\t\t\t<\/dt>\n\t\t\t\t\t<dd class='wp-caption-text gallery-caption' id='gallery-4-435532'>\n\t\t\t\t\tJasmine Pinie, Livia Appamea  Ellis Lepre \n\t\t\t\t\t<\/dd><\/dl><br style=\"clear: both\" \/>\n\t\t\t<\/div>\n\n<p>&nbsp;<\/p>\n<p><span style=\"color: #0000ff;\"><strong>SCI ALPINO<\/strong><\/span><\/p>\n<blockquote>\n<h3>I COMPLIMENTI DI ZAIA PER AMBRA POMARE&#8217;<\/h3>\n<\/blockquote>\n<p><strong><a class=\"dt-pswp-item\" href=\"https:\/\/www.radiopiu.net\/wordpress\/wp-content\/uploads\/2025\/02\/AMBRA-POMARE.jpg\" data-dt-img-description=\"\" data-large_image_width=\"932\" data-large_image_height=\"657\"><img loading=\"lazy\" decoding=\"async\" class=\" wp-image-435469 alignleft\" src=\"https:\/\/www.radiopiu.net\/wordpress\/wp-content\/uploads\/2025\/02\/AMBRA-POMARE-300x211.jpg\" alt=\"\" width=\"148\" height=\"104\" srcset=\"https:\/\/www.radiopiu.net\/wordpress\/wp-content\/uploads\/2025\/02\/AMBRA-POMARE-300x211.jpg 300w, https:\/\/www.radiopiu.net\/wordpress\/wp-content\/uploads\/2025\/02\/AMBRA-POMARE-768x541.jpg 768w, https:\/\/www.radiopiu.net\/wordpress\/wp-content\/uploads\/2025\/02\/AMBRA-POMARE.jpg 932w\" sizes=\"auto, (max-width: 148px) 100vw, 148px\" \/><\/a>VENEZIA <\/strong>\u201cE\u2019 probabile e auspicabile che il nome della giovanissima Ambra Pomar\u00e8 lo potremo sentire ancora, perch\u00e9 i due squilli da campionessa in slalom e in gigante ai campionati italiani giovanili di sci fanno sognare, pur doverosamente tenendo i piedi per terra. Intanto bravissima Ambra, continua cos\u00ec!\u201d. Con queste parole, il Presidente della Regione Veneto Luca Zaia evidenzia l\u2019impresa della giovane cortinese Ambra Pomar\u00e8, capace di primeggiare sia in slalom che in gigante agli assoluti giovanili di sci. \u201cPer arrivare lass\u00f9 dove osano aquile come Shiffrin, Brignone, Goggia, Gut Bherami, c\u2019\u00e8 tanta strada, accompagnata da grandi sacrifici, ma la ragazzina la stoffa l\u2019ha gi\u00e0 dimostrata \u2013 conclude Zaia \u2013 e sognare \u00e8 lecito\u201d.<\/p>\n<p>&nbsp;<\/p>\n<p>&nbsp;<\/p>\n<p>&nbsp;<\/p>\n","protected":false},"excerpt":{"rendered":"<p>******** &nbsp; LA\u00a0 APP PER IOS-IPHONE di Nicola Vettorello https:\/\/apps.apple.com\/it\/app\/radio-pi%C3%B9-emittente-agordina\/id1515939845 LA\u00a0 APP RADIO\u00a0 PER ANDROID di Nicola Vettorello https:\/\/play.google.com\/store\/apps\/details?id=net.radiopiu.iniko\u00a0\u00a0\u00a0\u00a0 &nbsp; &nbsp; &nbsp; OGGI ALLA RADIO:\u00a0\u00a0 rassegna stampa nazionale, ogni giorno alle 5 e alle 6 del mattino. giornali locali 7 rassegna stampa flash, 8 rassegna stampa, gr flash alle 10 e alle 11, principale 12.30.&hellip;<\/p>\n","protected":false},"author":4,"featured_media":435444,"comment_status":"closed","ping_status":"closed","sticky":false,"template":"","format":"standard","meta":{"_monsterinsights_skip_tracking":false,"_monsterinsights_sitenote_active":false,"_monsterinsights_sitenote_note":"","_monsterinsights_sitenote_category":0,"footnotes":""},"categories":[51,86,49],"tags":[],"class_list":["post-435378","post","type-post","status-publish","format-standard","has-post-thumbnail","hentry","category-evidenza-top","category-gr","category-news-18","category-51","category-86","category-49","description-off"],"img_url":"https:\/\/www.radiopiu.net\/wordpress\/wp-content\/uploads\/2025\/02\/c7bf6a27-3655-41f8-910a-a4a30c71e848-scaled.jpg","_links":{"self":[{"href":"https:\/\/www.radiopiu.net\/wordpress\/wp-json\/wp\/v2\/posts\/435378","targetHints":{"allow":["GET"]}}],"collection":[{"href":"https:\/\/www.radiopiu.net\/wordpress\/wp-json\/wp\/v2\/posts"}],"about":[{"href":"https:\/\/www.radiopiu.net\/wordpress\/wp-json\/wp\/v2\/types\/post"}],"author":[{"embeddable":true,"href":"https:\/\/www.radiopiu.net\/wordpress\/wp-json\/wp\/v2\/users\/4"}],"replies":[{"embeddable":true,"href":"https:\/\/www.radiopiu.net\/wordpress\/wp-json\/wp\/v2\/comments?post=435378"}],"version-history":[{"count":34,"href":"https:\/\/www.radiopiu.net\/wordpress\/wp-json\/wp\/v2\/posts\/435378\/revisions"}],"predecessor-version":[{"id":435583,"href":"https:\/\/www.radiopiu.net\/wordpress\/wp-json\/wp\/v2\/posts\/435378\/revisions\/435583"}],"wp:featuredmedia":[{"embeddable":true,"href":"https:\/\/www.radiopiu.net\/wordpress\/wp-json\/wp\/v2\/media\/435444"}],"wp:attachment":[{"href":"https:\/\/www.radiopiu.net\/wordpress\/wp-json\/wp\/v2\/media?parent=435378"}],"wp:term":[{"taxonomy":"category","embeddable":true,"href":"https:\/\/www.radiopiu.net\/wordpress\/wp-json\/wp\/v2\/categories?post=435378"},{"taxonomy":"post_tag","embeddable":true,"href":"https:\/\/www.radiopiu.net\/wordpress\/wp-json\/wp\/v2\/tags?post=435378"}],"curies":[{"name":"wp","href":"https:\/\/api.w.org\/{rel}","templated":true}]}}