{"id":435385,"date":"2025-02-19T05:30:15","date_gmt":"2025-02-19T04:30:15","guid":{"rendered":"https:\/\/www.radiopiu.net\/wordpress\/?p=435385"},"modified":"2025-02-19T05:50:48","modified_gmt":"2025-02-19T04:50:48","slug":"sinistra-italiana-belluno-porta-la-voce-della-montagna-a-napoli","status":"publish","type":"post","link":"https:\/\/www.radiopiu.net\/wordpress\/sinistra-italiana-belluno-porta-la-voce-della-montagna-a-napoli\/","title":{"rendered":"Sinistra Italiana Belluno porta la voce della montagna a Napoli"},"content":{"rendered":"<p>**<\/p>\n<div class=\"flex max-w-full flex-col flex-grow\">\n<div class=\"min-h-8 text-message flex w-full flex-col items-end gap-2 whitespace-normal break-words text-start [.text-message+&amp;]:mt-5\" dir=\"auto\" data-message-author-role=\"assistant\" data-message-id=\"ccf16f9c-1233-476e-9c62-673de32804a6\" data-message-model-slug=\"gpt-4o\">\n<div class=\"flex w-full flex-col gap-1 empty:hidden first:pt-[3px]\">\n<div class=\"markdown prose w-full break-words dark:prose-invert dark\">\n<blockquote>\n<h3 style=\"text-align: left;\" data-start=\"0\" data-end=\"73\"><strong data-start=\"4\" data-end=\"71\"><a class=\"dt-pswp-item\" href=\"https:\/\/www.radiopiu.net\/wordpress\/wp-content\/uploads\/2021\/04\/t.jpg\" data-dt-img-description=\"PAOLO PERENZIN\" data-large_image_width=\"200\" data-large_image_height=\"164\"><img loading=\"lazy\" decoding=\"async\" class=\" wp-image-203323 alignleft\" src=\"https:\/\/www.radiopiu.net\/wordpress\/wp-content\/uploads\/2021\/04\/t.jpg\" alt=\"\" width=\"170\" height=\"139\" \/><\/a><\/strong><\/h3>\n<\/blockquote>\n<p data-start=\"75\" data-end=\"419\">Sinistra Italiana Belluno parteciper\u00e0 all&#8217;assemblea nazionale di Alleanza Verdi-Sinistra, il 22 e 23 febbraio a Napoli, con Paolo Perenzin, consigliere comunale ed ex sindaco di Feltre. L\u2019obiettivo \u00e8 portare l\u2019attenzione sulle necessit\u00e0 delle aree montane, in particolare sul potenziamento dei servizi pubblici essenziali.<\/p>\n<p data-start=\"421\" data-end=\"711\" data-is-last-node=\"\">Prima dell\u2019evento nazionale, SI Belluno parteciper\u00e0 alla mobilitazione contro il Ddl Sicurezza, sabato alle 15 nel capoluogo, denunciandone i rischi per la libert\u00e0 di protesta. Recentemente, si \u00e8 anche svolta l\u2019assemblea provinciale a Feltre per rafforzare l\u2019azione politica locale.<\/p>\n<\/div>\n<\/div>\n<\/div>\n<\/div>\n<div class=\"mb-2 flex gap-3 empty:hidden -ml-2\">\n<div class=\"items-center justify-start rounded-xl p-1 flex\">\n<div class=\"flex items-center\"><\/div>\n<\/div>\n<\/div>\n","protected":false},"excerpt":{"rendered":"<p>** Sinistra Italiana Belluno parteciper\u00e0 all&#8217;assemblea nazionale di Alleanza Verdi-Sinistra, il 22 e 23 febbraio a Napoli, con Paolo Perenzin, consigliere comunale ed ex sindaco di Feltre. L\u2019obiettivo \u00e8 portare l\u2019attenzione sulle necessit\u00e0 delle aree montane, in particolare sul potenziamento dei servizi pubblici essenziali. Prima dell\u2019evento nazionale, SI Belluno parteciper\u00e0 alla mobilitazione contro il Ddl&hellip;<\/p>\n","protected":false},"author":4,"featured_media":203323,"comment_status":"closed","ping_status":"closed","sticky":false,"template":"","format":"standard","meta":{"_monsterinsights_skip_tracking":false,"_monsterinsights_sitenote_active":false,"_monsterinsights_sitenote_note":"","_monsterinsights_sitenote_category":0,"footnotes":""},"categories":[51,49],"tags":[],"class_list":["post-435385","post","type-post","status-publish","format-standard","has-post-thumbnail","hentry","category-evidenza-top","category-news-18","category-51","category-49","description-off"],"img_url":"https:\/\/www.radiopiu.net\/wordpress\/wp-content\/uploads\/2021\/04\/t.jpg","_links":{"self":[{"href":"https:\/\/www.radiopiu.net\/wordpress\/wp-json\/wp\/v2\/posts\/435385","targetHints":{"allow":["GET"]}}],"collection":[{"href":"https:\/\/www.radiopiu.net\/wordpress\/wp-json\/wp\/v2\/posts"}],"about":[{"href":"https:\/\/www.radiopiu.net\/wordpress\/wp-json\/wp\/v2\/types\/post"}],"author":[{"embeddable":true,"href":"https:\/\/www.radiopiu.net\/wordpress\/wp-json\/wp\/v2\/users\/4"}],"replies":[{"embeddable":true,"href":"https:\/\/www.radiopiu.net\/wordpress\/wp-json\/wp\/v2\/comments?post=435385"}],"version-history":[{"count":1,"href":"https:\/\/www.radiopiu.net\/wordpress\/wp-json\/wp\/v2\/posts\/435385\/revisions"}],"predecessor-version":[{"id":435386,"href":"https:\/\/www.radiopiu.net\/wordpress\/wp-json\/wp\/v2\/posts\/435385\/revisions\/435386"}],"wp:featuredmedia":[{"embeddable":true,"href":"https:\/\/www.radiopiu.net\/wordpress\/wp-json\/wp\/v2\/media\/203323"}],"wp:attachment":[{"href":"https:\/\/www.radiopiu.net\/wordpress\/wp-json\/wp\/v2\/media?parent=435385"}],"wp:term":[{"taxonomy":"category","embeddable":true,"href":"https:\/\/www.radiopiu.net\/wordpress\/wp-json\/wp\/v2\/categories?post=435385"},{"taxonomy":"post_tag","embeddable":true,"href":"https:\/\/www.radiopiu.net\/wordpress\/wp-json\/wp\/v2\/tags?post=435385"}],"curies":[{"name":"wp","href":"https:\/\/api.w.org\/{rel}","templated":true}]}}