{"id":435437,"date":"2025-02-20T00:13:46","date_gmt":"2025-02-19T23:13:46","guid":{"rendered":"https:\/\/www.radiopiu.net\/wordpress\/?p=435437"},"modified":"2025-02-20T06:09:03","modified_gmt":"2025-02-20T05:09:03","slug":"lultimo-saluto-ad-ornella","status":"publish","type":"post","link":"https:\/\/www.radiopiu.net\/wordpress\/lultimo-saluto-ad-ornella\/","title":{"rendered":"L&#8217;ULTIMO SALUTO AD ORNELLA"},"content":{"rendered":"<div class=\"flex max-w-full flex-col flex-grow\">\n<div class=\"min-h-8 text-message flex w-full flex-col items-end gap-2 whitespace-normal break-words text-start [.text-message+&amp;]:mt-5\" dir=\"auto\" data-message-author-role=\"assistant\" data-message-id=\"ee182df6-c73c-4e3d-ba84-fa418652c827\" data-message-model-slug=\"gpt-4o\">\n<div class=\"flex w-full flex-col gap-1 empty:hidden first:pt-[3px]\">\n<div class=\"markdown prose w-full break-words dark:prose-invert dark\">\n<p data-start=\"61\" data-end=\"370\">**<\/p>\n<p data-start=\"61\" data-end=\"370\"><strong> <a class=\"dt-pswp-item\" href=\"https:\/\/www.radiopiu.net\/wordpress\/wp-content\/uploads\/2025\/02\/Senza-nome-58.png\" data-dt-img-description=\"\" data-large_image_width=\"282\" data-large_image_height=\"203\"><img loading=\"lazy\" decoding=\"async\" class=\"size-full wp-image-435438 alignleft\" src=\"https:\/\/www.radiopiu.net\/wordpress\/wp-content\/uploads\/2025\/02\/Senza-nome-58.png\" alt=\"\" width=\"282\" height=\"203\" \/><\/a>FALCADE \u2013<\/strong> Un grande dolore ha colpito la comunit\u00e0 di Falcade e l&#8217;intera Valbelluna per la scomparsa di Ornella Serafini, venuta a mancare all&#8217;et\u00e0 di 57 anni. Professionista stimata, ha lavorato con dedizione nello studio Cassol, guadagnandosi il rispetto e l&#8217;affetto di colleghi e clienti.<\/p>\n<p data-start=\"372\" data-end=\"614\">Il triste annuncio \u00e8 stato dato dalla famiglia: il pap\u00e0 Albano, la mamma Luciana, il fratello Walter con Serena e Giosu\u00e8, e il marito Emilio, che in queste ore ricevono il calore e la vicinanza di amici e conoscenti.<\/p>\n<p data-start=\"761\" data-end=\"1045\">La famiglia ha voluto esprimere un sentito ringraziamento al reparto di Medicina dell&#8217;ospedale di Agordo per le cure e il supporto ricevuti, con una menzione speciale ai medici Silvia Cardarelli, Rosa Maria Bruni, Raffaella Scandellari e alla coordinatrice Paola Fullin.<\/p>\n<p data-start=\"1047\" data-end=\"1159\" data-is-last-node=\"\">Ornella lascia un vuoto profondo, ma il suo ricordo vivr\u00e0 nel cuore di chi ha avuto il privilegio di conoscerla.<\/p>\n<\/div>\n<\/div>\n<\/div>\n<\/div>\n<div class=\"mb-2 flex gap-3 empty:hidden -ml-2\">\n<div class=\"items-center justify-start rounded-xl p-1 flex\">\n<div class=\"flex items-center\">\n<p>&nbsp;<\/p>\n<div class=\"flex\"><\/div>\n<p>&nbsp;<\/p>\n<div class=\"flex items-center pb-0\"><span class=\"overflow-hidden text-clip whitespace-nowrap text-sm\">4o<\/span><\/div>\n<\/div>\n<\/div>\n<\/div>\n","protected":false},"excerpt":{"rendered":"<p>** FALCADE \u2013 Un grande dolore ha colpito la comunit\u00e0 di Falcade e l&#8217;intera Valbelluna per la scomparsa di Ornella Serafini, venuta a mancare all&#8217;et\u00e0 di 57 anni. Professionista stimata, ha lavorato con dedizione nello studio Cassol, guadagnandosi il rispetto e l&#8217;affetto di colleghi e clienti. Il triste annuncio \u00e8 stato dato dalla famiglia: il&hellip;<\/p>\n","protected":false},"author":4,"featured_media":435438,"comment_status":"closed","ping_status":"closed","sticky":false,"template":"","format":"standard","meta":{"_monsterinsights_skip_tracking":false,"_monsterinsights_sitenote_active":false,"_monsterinsights_sitenote_note":"","_monsterinsights_sitenote_category":0,"footnotes":""},"categories":[104,49],"tags":[],"class_list":["post-435437","post","type-post","status-publish","format-standard","has-post-thumbnail","hentry","category-evidenza_3","category-news-18","category-104","category-49","description-off"],"img_url":"https:\/\/www.radiopiu.net\/wordpress\/wp-content\/uploads\/2025\/02\/Senza-nome-58.png","_links":{"self":[{"href":"https:\/\/www.radiopiu.net\/wordpress\/wp-json\/wp\/v2\/posts\/435437","targetHints":{"allow":["GET"]}}],"collection":[{"href":"https:\/\/www.radiopiu.net\/wordpress\/wp-json\/wp\/v2\/posts"}],"about":[{"href":"https:\/\/www.radiopiu.net\/wordpress\/wp-json\/wp\/v2\/types\/post"}],"author":[{"embeddable":true,"href":"https:\/\/www.radiopiu.net\/wordpress\/wp-json\/wp\/v2\/users\/4"}],"replies":[{"embeddable":true,"href":"https:\/\/www.radiopiu.net\/wordpress\/wp-json\/wp\/v2\/comments?post=435437"}],"version-history":[{"count":4,"href":"https:\/\/www.radiopiu.net\/wordpress\/wp-json\/wp\/v2\/posts\/435437\/revisions"}],"predecessor-version":[{"id":435561,"href":"https:\/\/www.radiopiu.net\/wordpress\/wp-json\/wp\/v2\/posts\/435437\/revisions\/435561"}],"wp:featuredmedia":[{"embeddable":true,"href":"https:\/\/www.radiopiu.net\/wordpress\/wp-json\/wp\/v2\/media\/435438"}],"wp:attachment":[{"href":"https:\/\/www.radiopiu.net\/wordpress\/wp-json\/wp\/v2\/media?parent=435437"}],"wp:term":[{"taxonomy":"category","embeddable":true,"href":"https:\/\/www.radiopiu.net\/wordpress\/wp-json\/wp\/v2\/categories?post=435437"},{"taxonomy":"post_tag","embeddable":true,"href":"https:\/\/www.radiopiu.net\/wordpress\/wp-json\/wp\/v2\/tags?post=435437"}],"curies":[{"name":"wp","href":"https:\/\/api.w.org\/{rel}","templated":true}]}}