{"id":435447,"date":"2025-02-20T05:58:55","date_gmt":"2025-02-20T04:58:55","guid":{"rendered":"https:\/\/www.radiopiu.net\/wordpress\/?p=435447"},"modified":"2025-02-20T06:13:10","modified_gmt":"2025-02-20T05:13:10","slug":"sulle-piste-con-il-suem-118","status":"publish","type":"post","link":"https:\/\/www.radiopiu.net\/wordpress\/sulle-piste-con-il-suem-118\/","title":{"rendered":"SULLE PISTE CON  IL SUEM 118"},"content":{"rendered":"<p>*******<\/p>\n<p>&nbsp;<\/p>\n<p><strong>REDAZIONE <\/strong>Mattinata intensa per il Suem 118 impegnato fin dal primo mattino. Alle 8:15, un incidente stradale si \u00e8 verificato a Feltre. Un uomo di origini egiziane di 24 anni \u00e8 rimasto coinvolto nello scontro, riportando ferite di media gravit\u00e0. Sul posto \u00e8 intervenuta un\u2019ambulanza che ha trasportato il paziente all\u2019ospedale di Feltre per le cure necessarie. Tre gli interventi sulle piste dei cmpernsori sciistici bellunesi. Ad Arabba, alle\u00a0 10:51, un uomo olandese di 57 anni ha subito un incidente in pista ed \u00e8 stato soccorso dall\u2019elicottero Falco, che lo ha trasportato all\u2019ospedale di Belluno. Sulle piste del comprensorio del Civetta, alle 11:24, un minore \u00e8 rimasto coinvolto in un incidente sulle piste e trasportato con l\u2019elicottero a Treviso per cure mediche. Alle 12:40 ancora un intervento ad Arabba per una giovane sciatrice che ha riportato ferite di media entit\u00e0. Anche in questo caso, il soccorso \u00e8 stato effettuato dall\u2019elicottero Falco.<\/p>\n<p><strong>LE FOTO DI SIMONE PRA DELL&#8217;INTERVENTO AD ARABBA<\/strong><\/p>\n\n\t\t\t<style type='text\/css'>\n\t\t\t\t#gallery-1 {\n\t\t\t\t\tmargin: auto;\n\t\t\t\t}\n\t\t\t\t#gallery-1 .gallery-item {\n\t\t\t\t\tfloat: left;\n\t\t\t\t\tmargin-top: 10px;\n\t\t\t\t\ttext-align: center;\n\t\t\t\t\twidth: 25%;\n\t\t\t\t}\n\t\t\t\t#gallery-1 img {\n\t\t\t\t\tborder: 2px solid #cfcfcf;\n\t\t\t\t}\n\t\t\t\t#gallery-1 .gallery-caption {\n\t\t\t\t\tmargin-left: 0;\n\t\t\t\t}\n\t\t\t\t\/* see gallery_shortcode() in wp-includes\/media.php *\/\n\t\t\t<\/style>\n\t\t<div id='gallery-1' class='dt-gallery-container gallery galleryid-435447 gallery-columns-4 gallery-size-medium'><dl class='gallery-item'>\n\t\t\t\t<dt class='gallery-icon portrait'>\n\t\t\t\t\t<a class=\"rollover rollover-zoom dt-pswp-item\" title=\"c7bf6a27-3655-41f8-910a-a4a30c71e848\" data-dt-img-description=\"\" data-large_image_width=\"1441\" data-large_image_height=\"2560\"href='https:\/\/www.radiopiu.net\/wordpress\/wp-content\/uploads\/2025\/02\/c7bf6a27-3655-41f8-910a-a4a30c71e848-scaled.jpg'><img loading=\"lazy\" decoding=\"async\" width=\"169\" height=\"300\" src=\"https:\/\/www.radiopiu.net\/wordpress\/wp-content\/uploads\/2025\/02\/c7bf6a27-3655-41f8-910a-a4a30c71e848-169x300.jpg\" class=\"attachment-medium size-medium\" alt=\"\" srcset=\"https:\/\/www.radiopiu.net\/wordpress\/wp-content\/uploads\/2025\/02\/c7bf6a27-3655-41f8-910a-a4a30c71e848-169x300.jpg 169w, https:\/\/www.radiopiu.net\/wordpress\/wp-content\/uploads\/2025\/02\/c7bf6a27-3655-41f8-910a-a4a30c71e848-577x1024.jpg 577w, https:\/\/www.radiopiu.net\/wordpress\/wp-content\/uploads\/2025\/02\/c7bf6a27-3655-41f8-910a-a4a30c71e848-768x1364.jpg 768w, https:\/\/www.radiopiu.net\/wordpress\/wp-content\/uploads\/2025\/02\/c7bf6a27-3655-41f8-910a-a4a30c71e848-865x1536.jpg 865w, https:\/\/www.radiopiu.net\/wordpress\/wp-content\/uploads\/2025\/02\/c7bf6a27-3655-41f8-910a-a4a30c71e848-1153x2048.jpg 1153w, https:\/\/www.radiopiu.net\/wordpress\/wp-content\/uploads\/2025\/02\/c7bf6a27-3655-41f8-910a-a4a30c71e848-scaled.jpg 1441w\" sizes=\"auto, (max-width: 169px) 100vw, 169px\" \/><\/a>\n\t\t\t\t<\/dt><\/dl><dl class='gallery-item'>\n\t\t\t\t<dt class='gallery-icon portrait'>\n\t\t\t\t\t<a class=\"rollover rollover-zoom dt-pswp-item\" title=\"1c66e910-9134-4122-8dae-f29171f7d9fe\" data-dt-img-description=\"\" data-large_image_width=\"900\" data-large_image_height=\"1600\"href='https:\/\/www.radiopiu.net\/wordpress\/wp-content\/uploads\/2025\/02\/1c66e910-9134-4122-8dae-f29171f7d9fe.jpg'><img loading=\"lazy\" decoding=\"async\" width=\"169\" height=\"300\" src=\"https:\/\/www.radiopiu.net\/wordpress\/wp-content\/uploads\/2025\/02\/1c66e910-9134-4122-8dae-f29171f7d9fe-169x300.jpg\" class=\"attachment-medium size-medium\" alt=\"\" srcset=\"https:\/\/www.radiopiu.net\/wordpress\/wp-content\/uploads\/2025\/02\/1c66e910-9134-4122-8dae-f29171f7d9fe-169x300.jpg 169w, https:\/\/www.radiopiu.net\/wordpress\/wp-content\/uploads\/2025\/02\/1c66e910-9134-4122-8dae-f29171f7d9fe-576x1024.jpg 576w, https:\/\/www.radiopiu.net\/wordpress\/wp-content\/uploads\/2025\/02\/1c66e910-9134-4122-8dae-f29171f7d9fe-768x1365.jpg 768w, https:\/\/www.radiopiu.net\/wordpress\/wp-content\/uploads\/2025\/02\/1c66e910-9134-4122-8dae-f29171f7d9fe-864x1536.jpg 864w, https:\/\/www.radiopiu.net\/wordpress\/wp-content\/uploads\/2025\/02\/1c66e910-9134-4122-8dae-f29171f7d9fe.jpg 900w\" sizes=\"auto, (max-width: 169px) 100vw, 169px\" \/><\/a>\n\t\t\t\t<\/dt><\/dl><dl class='gallery-item'>\n\t\t\t\t<dt class='gallery-icon portrait'>\n\t\t\t\t\t<a class=\"rollover rollover-zoom dt-pswp-item\" title=\"42b6fc2e-03f0-4ab4-a63e-f49eb050f915\" data-dt-img-description=\"\" data-large_image_width=\"1442\" data-large_image_height=\"2560\"href='https:\/\/www.radiopiu.net\/wordpress\/wp-content\/uploads\/2025\/02\/42b6fc2e-03f0-4ab4-a63e-f49eb050f915-scaled.jpg'><img loading=\"lazy\" decoding=\"async\" width=\"169\" height=\"300\" src=\"https:\/\/www.radiopiu.net\/wordpress\/wp-content\/uploads\/2025\/02\/42b6fc2e-03f0-4ab4-a63e-f49eb050f915-169x300.jpg\" class=\"attachment-medium size-medium\" alt=\"\" srcset=\"https:\/\/www.radiopiu.net\/wordpress\/wp-content\/uploads\/2025\/02\/42b6fc2e-03f0-4ab4-a63e-f49eb050f915-169x300.jpg 169w, https:\/\/www.radiopiu.net\/wordpress\/wp-content\/uploads\/2025\/02\/42b6fc2e-03f0-4ab4-a63e-f49eb050f915-577x1024.jpg 577w, https:\/\/www.radiopiu.net\/wordpress\/wp-content\/uploads\/2025\/02\/42b6fc2e-03f0-4ab4-a63e-f49eb050f915-768x1364.jpg 768w, https:\/\/www.radiopiu.net\/wordpress\/wp-content\/uploads\/2025\/02\/42b6fc2e-03f0-4ab4-a63e-f49eb050f915-865x1536.jpg 865w, https:\/\/www.radiopiu.net\/wordpress\/wp-content\/uploads\/2025\/02\/42b6fc2e-03f0-4ab4-a63e-f49eb050f915-1153x2048.jpg 1153w, https:\/\/www.radiopiu.net\/wordpress\/wp-content\/uploads\/2025\/02\/42b6fc2e-03f0-4ab4-a63e-f49eb050f915-scaled.jpg 1442w\" sizes=\"auto, (max-width: 169px) 100vw, 169px\" \/><\/a>\n\t\t\t\t<\/dt><\/dl><dl class='gallery-item'>\n\t\t\t\t<dt class='gallery-icon portrait'>\n\t\t\t\t\t<a class=\"rollover rollover-zoom dt-pswp-item\" title=\"6f292684-510d-438e-a823-25615daa0d70\" data-dt-img-description=\"\" data-large_image_width=\"1443\" data-large_image_height=\"2560\"href='https:\/\/www.radiopiu.net\/wordpress\/wp-content\/uploads\/2025\/02\/6f292684-510d-438e-a823-25615daa0d70-scaled.jpg'><img loading=\"lazy\" decoding=\"async\" width=\"169\" height=\"300\" src=\"https:\/\/www.radiopiu.net\/wordpress\/wp-content\/uploads\/2025\/02\/6f292684-510d-438e-a823-25615daa0d70-169x300.jpg\" class=\"attachment-medium size-medium\" alt=\"\" srcset=\"https:\/\/www.radiopiu.net\/wordpress\/wp-content\/uploads\/2025\/02\/6f292684-510d-438e-a823-25615daa0d70-169x300.jpg 169w, https:\/\/www.radiopiu.net\/wordpress\/wp-content\/uploads\/2025\/02\/6f292684-510d-438e-a823-25615daa0d70-577x1024.jpg 577w, https:\/\/www.radiopiu.net\/wordpress\/wp-content\/uploads\/2025\/02\/6f292684-510d-438e-a823-25615daa0d70-768x1363.jpg 768w, https:\/\/www.radiopiu.net\/wordpress\/wp-content\/uploads\/2025\/02\/6f292684-510d-438e-a823-25615daa0d70-866x1536.jpg 866w, https:\/\/www.radiopiu.net\/wordpress\/wp-content\/uploads\/2025\/02\/6f292684-510d-438e-a823-25615daa0d70-1154x2048.jpg 1154w, https:\/\/www.radiopiu.net\/wordpress\/wp-content\/uploads\/2025\/02\/6f292684-510d-438e-a823-25615daa0d70-scaled.jpg 1443w\" sizes=\"auto, (max-width: 169px) 100vw, 169px\" \/><\/a>\n\t\t\t\t<\/dt><\/dl><br style=\"clear: both\" \/>\n\t\t\t<\/div>\n\n<p>&nbsp;<\/p>\n<p>&nbsp;<\/p>\n<p>*********<\/p>\n","protected":false},"excerpt":{"rendered":"<p>******* &nbsp; REDAZIONE Mattinata intensa per il Suem 118 impegnato fin dal primo mattino. Alle 8:15, un incidente stradale si \u00e8 verificato a Feltre. Un uomo di origini egiziane di 24 anni \u00e8 rimasto coinvolto nello scontro, riportando ferite di media gravit\u00e0. Sul posto \u00e8 intervenuta un\u2019ambulanza che ha trasportato il paziente all\u2019ospedale di Feltre&hellip;<\/p>\n","protected":false},"author":4,"featured_media":435451,"comment_status":"closed","ping_status":"closed","sticky":false,"template":"","format":"standard","meta":{"_monsterinsights_skip_tracking":false,"_monsterinsights_sitenote_active":false,"_monsterinsights_sitenote_note":"","_monsterinsights_sitenote_category":0,"footnotes":""},"categories":[51,49],"tags":[],"class_list":["post-435447","post","type-post","status-publish","format-standard","has-post-thumbnail","hentry","category-evidenza-top","category-news-18","category-51","category-49","description-off"],"img_url":"https:\/\/www.radiopiu.net\/wordpress\/wp-content\/uploads\/2025\/02\/SALT.jpg","_links":{"self":[{"href":"https:\/\/www.radiopiu.net\/wordpress\/wp-json\/wp\/v2\/posts\/435447","targetHints":{"allow":["GET"]}}],"collection":[{"href":"https:\/\/www.radiopiu.net\/wordpress\/wp-json\/wp\/v2\/posts"}],"about":[{"href":"https:\/\/www.radiopiu.net\/wordpress\/wp-json\/wp\/v2\/types\/post"}],"author":[{"embeddable":true,"href":"https:\/\/www.radiopiu.net\/wordpress\/wp-json\/wp\/v2\/users\/4"}],"replies":[{"embeddable":true,"href":"https:\/\/www.radiopiu.net\/wordpress\/wp-json\/wp\/v2\/comments?post=435447"}],"version-history":[{"count":2,"href":"https:\/\/www.radiopiu.net\/wordpress\/wp-json\/wp\/v2\/posts\/435447\/revisions"}],"predecessor-version":[{"id":435563,"href":"https:\/\/www.radiopiu.net\/wordpress\/wp-json\/wp\/v2\/posts\/435447\/revisions\/435563"}],"wp:featuredmedia":[{"embeddable":true,"href":"https:\/\/www.radiopiu.net\/wordpress\/wp-json\/wp\/v2\/media\/435451"}],"wp:attachment":[{"href":"https:\/\/www.radiopiu.net\/wordpress\/wp-json\/wp\/v2\/media?parent=435447"}],"wp:term":[{"taxonomy":"category","embeddable":true,"href":"https:\/\/www.radiopiu.net\/wordpress\/wp-json\/wp\/v2\/categories?post=435447"},{"taxonomy":"post_tag","embeddable":true,"href":"https:\/\/www.radiopiu.net\/wordpress\/wp-json\/wp\/v2\/tags?post=435447"}],"curies":[{"name":"wp","href":"https:\/\/api.w.org\/{rel}","templated":true}]}}