{"id":435448,"date":"2025-02-20T05:54:10","date_gmt":"2025-02-20T04:54:10","guid":{"rendered":"https:\/\/www.radiopiu.net\/wordpress\/?p=435448"},"modified":"2025-02-20T06:08:23","modified_gmt":"2025-02-20T05:08:23","slug":"rinvenuta-una-bomba-della-seconda-guerra-mondiale","status":"publish","type":"post","link":"https:\/\/www.radiopiu.net\/wordpress\/rinvenuta-una-bomba-della-seconda-guerra-mondiale\/","title":{"rendered":"rinvenuta una bomba della Seconda Guerra Mondiale"},"content":{"rendered":"<p>***<\/p>\n<h3 data-start=\"0\" data-end=\"105\"><\/h3>\n<p data-start=\"107\" data-end=\"316\"><img loading=\"lazy\" decoding=\"async\" class=\"alignleft\" src=\"https:\/\/www.radiopiu.net\/wordpress\/wp-content\/uploads\/2025\/02\/Senza-nome-59.png\" width=\"198\" height=\"115\" \/><strong>BELLUNO<\/strong> \u2013 Un ordigno bellico risalente alla Seconda Guerra Mondiale \u00e8 stato scoperto questa mattina a Belluno, in via Tiziano Vecellio, durante gli scavi per la realizzazione di un nuovo marciapiede.<\/p>\n<p data-start=\"318\" data-end=\"655\">Il ritrovamento ha portato alla sospensione immediata dei lavori e all\u2019allerta degli artificieri, che si occuperanno della bonifica e rimozione in sicurezza dell\u2019ordigno. Il Comune di Belluno ha rassicurato i cittadini, dichiarando che non sussiste alcun pericolo per la popolazione o per la circolazione veicolare.<\/p>\n<p data-start=\"657\" data-end=\"792\" data-is-last-node=\"\">Le operazioni di bonifica saranno condotte dalle autorit\u00e0 militari competenti, dopodich\u00e9 il cantiere potr\u00e0 riprendere regolarmente.<\/p>\n<p data-start=\"657\" data-end=\"792\" data-is-last-node=\"\">\n<p data-start=\"657\" data-end=\"792\" data-is-last-node=\"\">\n<p data-start=\"657\" data-end=\"792\" data-is-last-node=\"\">\n<hr \/>\n<p data-start=\"657\" data-end=\"792\" data-is-last-node=\"\">\n","protected":false},"excerpt":{"rendered":"<p>*** BELLUNO \u2013 Un ordigno bellico risalente alla Seconda Guerra Mondiale \u00e8 stato scoperto questa mattina a Belluno, in via Tiziano Vecellio, durante gli scavi per la realizzazione di un nuovo marciapiede. Il ritrovamento ha portato alla sospensione immediata dei lavori e all\u2019allerta degli artificieri, che si occuperanno della bonifica e rimozione in sicurezza dell\u2019ordigno.&hellip;<\/p>\n","protected":false},"author":4,"featured_media":435449,"comment_status":"closed","ping_status":"closed","sticky":false,"template":"","format":"standard","meta":{"_monsterinsights_skip_tracking":false,"_monsterinsights_sitenote_active":false,"_monsterinsights_sitenote_note":"","_monsterinsights_sitenote_category":0,"footnotes":""},"categories":[51,49],"tags":[],"class_list":["post-435448","post","type-post","status-publish","format-standard","has-post-thumbnail","hentry","category-evidenza-top","category-news-18","category-51","category-49","description-off"],"img_url":"https:\/\/www.radiopiu.net\/wordpress\/wp-content\/uploads\/2025\/02\/Senza-nome-59.png","_links":{"self":[{"href":"https:\/\/www.radiopiu.net\/wordpress\/wp-json\/wp\/v2\/posts\/435448","targetHints":{"allow":["GET"]}}],"collection":[{"href":"https:\/\/www.radiopiu.net\/wordpress\/wp-json\/wp\/v2\/posts"}],"about":[{"href":"https:\/\/www.radiopiu.net\/wordpress\/wp-json\/wp\/v2\/types\/post"}],"author":[{"embeddable":true,"href":"https:\/\/www.radiopiu.net\/wordpress\/wp-json\/wp\/v2\/users\/4"}],"replies":[{"embeddable":true,"href":"https:\/\/www.radiopiu.net\/wordpress\/wp-json\/wp\/v2\/comments?post=435448"}],"version-history":[{"count":1,"href":"https:\/\/www.radiopiu.net\/wordpress\/wp-json\/wp\/v2\/posts\/435448\/revisions"}],"predecessor-version":[{"id":435450,"href":"https:\/\/www.radiopiu.net\/wordpress\/wp-json\/wp\/v2\/posts\/435448\/revisions\/435450"}],"wp:featuredmedia":[{"embeddable":true,"href":"https:\/\/www.radiopiu.net\/wordpress\/wp-json\/wp\/v2\/media\/435449"}],"wp:attachment":[{"href":"https:\/\/www.radiopiu.net\/wordpress\/wp-json\/wp\/v2\/media?parent=435448"}],"wp:term":[{"taxonomy":"category","embeddable":true,"href":"https:\/\/www.radiopiu.net\/wordpress\/wp-json\/wp\/v2\/categories?post=435448"},{"taxonomy":"post_tag","embeddable":true,"href":"https:\/\/www.radiopiu.net\/wordpress\/wp-json\/wp\/v2\/tags?post=435448"}],"curies":[{"name":"wp","href":"https:\/\/api.w.org\/{rel}","templated":true}]}}