{"id":435477,"date":"2025-02-19T15:59:15","date_gmt":"2025-02-19T14:59:15","guid":{"rendered":"https:\/\/www.radiopiu.net\/wordpress\/?p=435477"},"modified":"2025-02-20T06:08:04","modified_gmt":"2025-02-20T05:08:04","slug":"agordo-bici-rubata-dal-cortile-di-casa-lo-sfogo-di-una-madre","status":"publish","type":"post","link":"https:\/\/www.radiopiu.net\/wordpress\/agordo-bici-rubata-dal-cortile-di-casa-lo-sfogo-di-una-madre\/","title":{"rendered":"Agordo: bici rubata dal cortile di casa, lo sfogo di una madre"},"content":{"rendered":"<h3 data-start=\"0\" data-end=\"72\"><\/h3>\n<p data-start=\"74\" data-end=\"293\"><strong><img loading=\"lazy\" decoding=\"async\" class=\"alignleft\" src=\"https:\/\/www.radiopiu.net\/wordpress\/wp-content\/uploads\/2025\/02\/9c40a040-35e9-4926-bb80-437a26d16822-300x300.webp\" width=\"113\" height=\"113\" \/>AGORDO<\/strong> \u2013 Non ci si sente pi\u00f9 al sicuro nemmeno a casa propria. \u00c8 il messaggio di Elisabetta, residente in centro ad Agordo, che ha scritto a Radio Pi\u00f9 per denunciare un furto subito dalla sua famiglia. Nei giorni scorsi, approfittando dell\u2019arrivo della bella stagione, Elisabetta e le sue bambine sono andate a prendere le biciclette, ma hanno fatto una amara scoperta: una delle bici, quella pi\u00f9 grande, era stata rubata. Qualcuno si \u00e8 introdotto nel cortile di casa, ha aperto il cancello e se n\u2019\u00e8 andato con la bici, lasciando dietro di s\u00e9 amarezza e rabbia. \u201cLe mie figlie ringraziano!\u201d, scrive Elisabetta con sarcasmo, sottolineando come episodi del genere minino la tranquillit\u00e0 delle famiglie, anche in una piccola comunit\u00e0 come Agordo.<\/p>\n<p data-start=\"74\" data-end=\"293\">\n<p data-start=\"74\" data-end=\"293\">\n<p data-start=\"74\" data-end=\"293\">\n<p data-start=\"74\" data-end=\"293\">\n<hr \/>\n<p data-start=\"74\" data-end=\"293\">\n","protected":false},"excerpt":{"rendered":"<p>AGORDO \u2013 Non ci si sente pi\u00f9 al sicuro nemmeno a casa propria. \u00c8 il messaggio di Elisabetta, residente in centro ad Agordo, che ha scritto a Radio Pi\u00f9 per denunciare un furto subito dalla sua famiglia. Nei giorni scorsi, approfittando dell\u2019arrivo della bella stagione, Elisabetta e le sue bambine sono andate a prendere le&hellip;<\/p>\n","protected":false},"author":4,"featured_media":435478,"comment_status":"closed","ping_status":"closed","sticky":false,"template":"","format":"standard","meta":{"_monsterinsights_skip_tracking":false,"_monsterinsights_sitenote_active":false,"_monsterinsights_sitenote_note":"","_monsterinsights_sitenote_category":0,"footnotes":""},"categories":[104,49],"tags":[],"class_list":["post-435477","post","type-post","status-publish","format-standard","has-post-thumbnail","hentry","category-evidenza_3","category-news-18","category-104","category-49","description-off"],"img_url":"https:\/\/www.radiopiu.net\/wordpress\/wp-content\/uploads\/2025\/02\/9c40a040-35e9-4926-bb80-437a26d16822.webp","_links":{"self":[{"href":"https:\/\/www.radiopiu.net\/wordpress\/wp-json\/wp\/v2\/posts\/435477","targetHints":{"allow":["GET"]}}],"collection":[{"href":"https:\/\/www.radiopiu.net\/wordpress\/wp-json\/wp\/v2\/posts"}],"about":[{"href":"https:\/\/www.radiopiu.net\/wordpress\/wp-json\/wp\/v2\/types\/post"}],"author":[{"embeddable":true,"href":"https:\/\/www.radiopiu.net\/wordpress\/wp-json\/wp\/v2\/users\/4"}],"replies":[{"embeddable":true,"href":"https:\/\/www.radiopiu.net\/wordpress\/wp-json\/wp\/v2\/comments?post=435477"}],"version-history":[{"count":1,"href":"https:\/\/www.radiopiu.net\/wordpress\/wp-json\/wp\/v2\/posts\/435477\/revisions"}],"predecessor-version":[{"id":435479,"href":"https:\/\/www.radiopiu.net\/wordpress\/wp-json\/wp\/v2\/posts\/435477\/revisions\/435479"}],"wp:featuredmedia":[{"embeddable":true,"href":"https:\/\/www.radiopiu.net\/wordpress\/wp-json\/wp\/v2\/media\/435478"}],"wp:attachment":[{"href":"https:\/\/www.radiopiu.net\/wordpress\/wp-json\/wp\/v2\/media?parent=435477"}],"wp:term":[{"taxonomy":"category","embeddable":true,"href":"https:\/\/www.radiopiu.net\/wordpress\/wp-json\/wp\/v2\/categories?post=435477"},{"taxonomy":"post_tag","embeddable":true,"href":"https:\/\/www.radiopiu.net\/wordpress\/wp-json\/wp\/v2\/tags?post=435477"}],"curies":[{"name":"wp","href":"https:\/\/api.w.org\/{rel}","templated":true}]}}