{"id":435526,"date":"2025-02-21T05:46:07","date_gmt":"2025-02-21T04:46:07","guid":{"rendered":"https:\/\/www.radiopiu.net\/wordpress\/?p=435526"},"modified":"2025-02-21T09:55:24","modified_gmt":"2025-02-21T08:55:24","slug":"giornale-radiopiu-21-febbraio-2025-direttore-mirko-mezzacasada-41-anni-25-giugno-1983-25-giugno-2024","status":"publish","type":"post","link":"https:\/\/www.radiopiu.net\/wordpress\/giornale-radiopiu-21-febbraio-2025-direttore-mirko-mezzacasada-41-anni-25-giugno-1983-25-giugno-2024\/","title":{"rendered":"GIORNALE RADIOPIU 21 FEBBRAIO 2025 DIRETTORE MIRKO MEZZACASA\u2026DA 41 ANNI 25 GIUGNO 1983-25 GIUGNO 2024"},"content":{"rendered":"<p>********<\/p>\n<p>&nbsp;<\/p>\n<p><em><span style=\"color: #ff0000;\"><a class=\"dt-pswp-item\" href=\"https:\/\/www.radiopiu.net\/wordpress\/wp-content\/uploads\/2024\/10\/Senza-nome-8.png\" data-dt-img-description=\"\" data-large_image_width=\"343\" data-large_image_height=\"303\"><img loading=\"lazy\" decoding=\"async\" class=\"wp-image-412130 alignleft\" src=\"https:\/\/www.radiopiu.net\/wordpress\/wp-content\/uploads\/2024\/10\/Senza-nome-8-300x265.png\" alt=\"\" width=\"105\" height=\"93\" srcset=\"https:\/\/www.radiopiu.net\/wordpress\/wp-content\/uploads\/2024\/10\/Senza-nome-8-300x265.png 300w, https:\/\/www.radiopiu.net\/wordpress\/wp-content\/uploads\/2024\/10\/Senza-nome-8.png 343w\" sizes=\"auto, (max-width: 105px) 100vw, 105px\" \/><\/a><\/span><\/em><strong><em><span style=\"color: #ff0000;\"> LA\u00a0 APP PER IOS-IPHONE di Nicola Vettorello<\/span><\/em><\/strong><\/p>\n<p><strong><span style=\"color: #0000ff;\"><a style=\"color: #0000ff;\" href=\"https:\/\/apps.apple.com\/it\/app\/radio-pi%C3%B9-emittente-agordina\/id1515939845\">https:\/\/apps.apple.com\/it\/app\/radio-pi%C3%B9-emittente-agordina\/id1515939845<\/a><\/span><\/strong><\/p>\n<p><strong><em style=\"color: #ff0000;\">LA\u00a0 APP RADIO\u00a0 PER ANDROID di Nicola Vettorello<\/em><\/strong><\/p>\n<p><strong><span style=\"color: #0000ff;\"><a style=\"color: #0000ff;\" href=\"https:\/\/play.google.com\/store\/apps\/details?id=net.radiopiu.iniko\" target=\"_blank\" rel=\"noopener noreferrer\">https:\/\/<\/a><a style=\"color: #0000ff;\" href=\"https:\/\/play.google.com\/store\/apps\/details?id=net.radiopiu.iniko\" target=\"_blank\" rel=\"noopener noreferrer\">play.google.com\/store\/apps\/details?id=net.radiopiu.iniko\u00a0\u00a0\u00a0\u00a0<\/a><\/span><\/strong><\/p>\n<p>&nbsp;<\/p>\n<p>&nbsp;<\/p>\n<hr \/>\n<p>&nbsp;<\/p>\n<p><span style=\"color: #ff0000;\"><strong>OGGI ALLA RADIO:\u00a0\u00a0<\/strong><\/span><\/p>\n<p><strong>rassegna stampa nazionale,<\/strong> ogni giorno alle 5 e alle 6 del mattino. giornali locali 7 rassegna stampa flash, 8 rassegna stampa, gr flash alle 10 e alle 11, principale 12.30. Informazione pomeriggio ogni ora fino alle 20, in coda ai notiziari nazionali. Giornale radio nazionale: ogni ora dalle 4 del mattino, alle 20 della sera. Alle 19 le anticipazioni dal TG di Antenna 3 di Tiziana Bolognani.<\/p>\n<p>&nbsp;<\/p>\n<p><span style=\"color: #0000ff;\"><strong><a class=\"dt-pswp-item\" href=\"https:\/\/www.radiopiu.net\/wordpress\/wp-content\/uploads\/2021\/09\/ROBERTO-HUBER.png\" data-dt-img-description=\"\" data-large_image_width=\"1074\" data-large_image_height=\"852\"><img loading=\"lazy\" decoding=\"async\" class=\"wp-image-230861 alignleft\" src=\"https:\/\/www.radiopiu.net\/wordpress\/wp-content\/uploads\/2021\/09\/ROBERTO-HUBER-300x238.png\" alt=\"\" width=\"197\" height=\"156\" srcset=\"https:\/\/www.radiopiu.net\/wordpress\/wp-content\/uploads\/2021\/09\/ROBERTO-HUBER-300x238.png 300w, https:\/\/www.radiopiu.net\/wordpress\/wp-content\/uploads\/2021\/09\/ROBERTO-HUBER-1024x812.png 1024w, https:\/\/www.radiopiu.net\/wordpress\/wp-content\/uploads\/2021\/09\/ROBERTO-HUBER-768x609.png 768w, https:\/\/www.radiopiu.net\/wordpress\/wp-content\/uploads\/2021\/09\/ROBERTO-HUBER.png 1074w\" sizes=\"auto, (max-width: 197px) 100vw, 197px\" \/><\/a>OGGI ALLE<\/strong>\u00a0<\/span> \u00a0<strong>9.00 PREMIER, DI MARCO GAZ<\/strong>\u00a0<strong>10.10<\/strong>\u00a0 MUSLA, LE NOVE IN LADIN IL MARTEDI E VENERDI ALLA RADIO\u00a0 <strong>10.30 <\/strong>SPECIALE ALTA BADIA BRAND, LA GRANDE FESTA CON THE CAROUSEL VINTAGE PARTY, OSPITE ROBERTO HUBER\u00a0 (FOTO) <span style=\"color: #ff0000;\">\u00a0<\/span>\u00a0<b>12.30 <\/b>GIORNALE RADIO, EDIZIONE PRINCIPALE<b> 13.20 <\/b>COLLAGE OPERAZIONE NOSTALGIA DI LORIS SCUSSEL 14.00 MUSIC ABC CON ATHOS E MARINA <strong>15.10<\/strong> WEEK END MARINA C&#8217;E&#8217; 15.30 SUI CANALI SOCIAL LA DIRETTA DA LIVINALLONGO DEL COL DI LANA, I 104 ANNI DI ELSA, LA FESTA A VILLA SAN GIUSEPPE <strong>16.45<\/strong> LE HIT DI TUTTI I TEMPI CON MIRCO BENCIVENNI <strong>19.20<\/strong> ARIA DI DERBY, ALLA RADIO IL PRESIDENTE DELL&#8217;ALLEGHE HOCKEY ADRIANO LEVIS, CON MARCO GAZ<span style=\"color: #ff0000;\">\u00a0<\/span><\/p>\n<p>&nbsp;<\/p>\n<p>&nbsp;<\/p>\n<hr \/>\n<p>&nbsp;<\/p>\n<p>&nbsp;<\/p>\n<div class=\"x11i5rnm xat24cr x1mh8g0r x1vvkbs xtlvy1s x126k92a\">\n<div dir=\"auto\">\n<div dir=\"auto\">\n<p><strong><a class=\"dt-pswp-item\" href=\"https:\/\/www.radiopiu.net\/wordpress\/wp-content\/uploads\/2024\/02\/2d44e751-d8a8-461b-8e22-d8e4e853b032.jpg\" data-dt-img-description=\"\" data-large_image_width=\"1600\" data-large_image_height=\"1200\"><img loading=\"lazy\" decoding=\"async\" class=\"wp-image-373307 alignleft\" src=\"https:\/\/www.radiopiu.net\/wordpress\/wp-content\/uploads\/2024\/02\/2d44e751-d8a8-461b-8e22-d8e4e853b032-300x225.jpg\" alt=\"\" width=\"105\" height=\"79\" srcset=\"https:\/\/www.radiopiu.net\/wordpress\/wp-content\/uploads\/2024\/02\/2d44e751-d8a8-461b-8e22-d8e4e853b032-300x225.jpg 300w, https:\/\/www.radiopiu.net\/wordpress\/wp-content\/uploads\/2024\/02\/2d44e751-d8a8-461b-8e22-d8e4e853b032-1024x768.jpg 1024w, https:\/\/www.radiopiu.net\/wordpress\/wp-content\/uploads\/2024\/02\/2d44e751-d8a8-461b-8e22-d8e4e853b032-768x576.jpg 768w, https:\/\/www.radiopiu.net\/wordpress\/wp-content\/uploads\/2024\/02\/2d44e751-d8a8-461b-8e22-d8e4e853b032-1536x1152.jpg 1536w, https:\/\/www.radiopiu.net\/wordpress\/wp-content\/uploads\/2024\/02\/2d44e751-d8a8-461b-8e22-d8e4e853b032.jpg 1600w\" sizes=\"auto, (max-width: 105px) 100vw, 105px\" \/><\/a>EL BAL DEL FIOR, DI GIULIANA DA RONCH, 21 FEBBRAIO<\/strong><strong> 2025<\/strong><\/p>\n<p>&nbsp;<\/p>\n<audio class=\"wp-audio-shortcode\" id=\"audio-435526-1\" preload=\"none\" style=\"width: 100%;\" controls=\"controls\"><source type=\"audio\/mpeg\" src=\"https:\/\/www.radiopiu.net\/wordpress\/wp-content\/uploads\/2025\/02\/GVE-2.mp3?_=1\" \/><a href=\"https:\/\/www.radiopiu.net\/wordpress\/wp-content\/uploads\/2025\/02\/GVE-2.mp3\">https:\/\/www.radiopiu.net\/wordpress\/wp-content\/uploads\/2025\/02\/GVE-2.mp3<\/a><\/audio>\n<p>&nbsp;<\/p>\n<hr \/>\n<p>&nbsp;<\/p>\n<p>&nbsp;<\/p>\n<\/div>\n<\/div>\n<\/div>\n<div class=\"x11i5rnm xat24cr x1mh8g0r x1vvkbs xtlvy1s x126k92a\">\n<blockquote>\n<h1><strong><a class=\"dt-pswp-item\" href=\"https:\/\/www.radiopiu.net\/wordpress\/wp-content\/uploads\/2024\/10\/629301fd-708d-4f53-95c2-d28cbefd500f.jpg\" data-dt-img-description=\"\" data-large_image_width=\"1600\" data-large_image_height=\"1322\"><img loading=\"lazy\" decoding=\"async\" class=\"wp-image-413782 alignright\" src=\"https:\/\/www.radiopiu.net\/wordpress\/wp-content\/uploads\/2024\/10\/629301fd-708d-4f53-95c2-d28cbefd500f-300x248.jpg\" alt=\"\" width=\"106\" height=\"88\" srcset=\"https:\/\/www.radiopiu.net\/wordpress\/wp-content\/uploads\/2024\/10\/629301fd-708d-4f53-95c2-d28cbefd500f-300x248.jpg 300w, https:\/\/www.radiopiu.net\/wordpress\/wp-content\/uploads\/2024\/10\/629301fd-708d-4f53-95c2-d28cbefd500f-1024x846.jpg 1024w, https:\/\/www.radiopiu.net\/wordpress\/wp-content\/uploads\/2024\/10\/629301fd-708d-4f53-95c2-d28cbefd500f-768x635.jpg 768w, https:\/\/www.radiopiu.net\/wordpress\/wp-content\/uploads\/2024\/10\/629301fd-708d-4f53-95c2-d28cbefd500f-1536x1269.jpg 1536w, https:\/\/www.radiopiu.net\/wordpress\/wp-content\/uploads\/2024\/10\/629301fd-708d-4f53-95c2-d28cbefd500f.jpg 1600w\" sizes=\"auto, (max-width: 106px) 100vw, 106px\" \/><\/a><\/strong><\/h1>\n<h1><strong><a class=\"dt-pswp-item\" href=\"https:\/\/www.radiopiu.net\/wordpress\/wp-content\/uploads\/2024\/11\/th-18.jpg\" data-dt-img-description=\"\" data-large_image_width=\"156\" data-large_image_height=\"180\"><img loading=\"lazy\" decoding=\"async\" class=\"size-full wp-image-421611 alignleft\" src=\"https:\/\/www.radiopiu.net\/wordpress\/wp-content\/uploads\/2024\/11\/th-18.jpg\" alt=\"\" width=\"156\" height=\"180\" \/><\/a><\/strong><\/h1>\n<h1><strong>N di parom &#8211; L Almanach de la nosta jent<\/strong><\/h1>\n<\/blockquote>\n<p>&nbsp;<\/p>\n<p>Le voci: Davide Conedera, Agordo, Michela Dell&#8217;Osbel, La Valle Agordina Simone Ganz, Falcade Veronica Lezuo, Colle Santa Lucia. La voce nella sigla \u00e8 di Giorgia Taio<\/p>\n<p><strong>LA PUNTATA DI OGGI, 21 FEBBRAIO 2025<\/strong><\/p>\n<p>&nbsp;<\/p>\n<audio class=\"wp-audio-shortcode\" id=\"audio-435526-2\" preload=\"none\" style=\"width: 100%;\" controls=\"controls\"><source type=\"audio\/mpeg\" src=\"https:\/\/www.radiopiu.net\/wordpress\/wp-content\/uploads\/2025\/02\/AL5-2.mp3?_=2\" \/><a href=\"https:\/\/www.radiopiu.net\/wordpress\/wp-content\/uploads\/2025\/02\/AL5-2.mp3\">https:\/\/www.radiopiu.net\/wordpress\/wp-content\/uploads\/2025\/02\/AL5-2.mp3<\/a><\/audio>\n<p>&nbsp;<\/p>\n<p>&nbsp;<\/p>\n<\/div>\n<div class=\"x11i5rnm xat24cr x1mh8g0r x1vvkbs xtlvy1s x126k92a\">\n<div dir=\"auto\">\n<hr \/>\n<\/div>\n<\/div>\n<blockquote>\n<blockquote>\n<h1><span style=\"color: #ff0000;\">\u00a0<\/span><\/h1>\n<h1><span style=\"color: #ff0000;\">I podcast informativi del mattino &#8211; audio &#8211;\u00a0\u00a0<\/span><\/h1>\n<\/blockquote>\n<p><strong><a class=\"dt-pswp-item\" href=\"https:\/\/www.radiopiu.net\/wordpress\/wp-content\/uploads\/2024\/11\/6.jpg\" data-dt-img-description=\"\" data-large_image_width=\"177\" data-large_image_height=\"180\"><img loading=\"lazy\" decoding=\"async\" class=\"size-full wp-image-417911 alignleft\" src=\"https:\/\/www.radiopiu.net\/wordpress\/wp-content\/uploads\/2024\/11\/6.jpg\" alt=\"\" width=\"177\" height=\"180\" \/><\/a>LA RASSEGNA STAMPA NAZIONALE ALLA RADIO, OGNI GIORNO ALLE 5 E ALLE 6 DEL MATTINO <span style=\"color: #0000ff;\">viene pubblicata alle 6.00 <span style=\"color: #ff0000;\">DIRETTA RADIO\u00a0 \u00a0\u00a0<\/span><\/span><\/strong><\/p><\/blockquote>\n<p>&nbsp;<\/p>\n<p><strong>NOTIZIE DELLA NOTTE<\/strong><\/p>\n<p><strong>Trump<\/strong> insiste: &#8216;Non lasceremo il canale di Panama alla Cina&#8217; <strong>Ecuador,<\/strong> 1.091 omicidi nei primi 45 giorni del 2025 <strong>Identificati<\/strong> i corpi dei bimbi Bibas ma il terzo non \u00e8 la mamma<br \/>\n<strong>Netanyahu,<\/strong> &#8216;intensa operazione antiterrorismo in Cisgiordania&#8217; <strong>Axios,<\/strong> &#8216;Trump offre a Zelensky un accordo migliore sui minerali&#8217; <span style=\"color: #ff0000;\">A Milano 16enne accoltellato dal branco durante una rapina\u00a0<\/span><\/p>\n<h2>AUDIO dalle 6 del mattino<\/h2>\n<audio class=\"wp-audio-shortcode\" id=\"audio-435526-3\" preload=\"none\" style=\"width: 100%;\" controls=\"controls\"><source type=\"audio\/mpeg\" src=\"https:\/\/www.radiopiu.net\/wordpress\/wp-content\/uploads\/2025\/02\/GIORNALEDELLESEI-16.mp3?_=3\" \/><a href=\"https:\/\/www.radiopiu.net\/wordpress\/wp-content\/uploads\/2025\/02\/GIORNALEDELLESEI-16.mp3\">https:\/\/www.radiopiu.net\/wordpress\/wp-content\/uploads\/2025\/02\/GIORNALEDELLESEI-16.mp3<\/a><\/audio>\n<p>&nbsp;<\/p>\n<p>&nbsp;<\/p>\n<hr \/>\n<p>&nbsp;<\/p>\n<h1 style=\"text-align: center;\"><span style=\"color: #ff0000;\"><a class=\"dt-pswp-item\" href=\"https:\/\/www.radiopiu.net\/wordpress\/wp-content\/uploads\/2024\/11\/7.jpg\" data-dt-img-description=\"\" data-large_image_width=\"180\" data-large_image_height=\"180\"><img loading=\"lazy\" decoding=\"async\" class=\"size-full wp-image-417912 alignleft\" src=\"https:\/\/www.radiopiu.net\/wordpress\/wp-content\/uploads\/2024\/11\/7.jpg\" alt=\"\" width=\"180\" height=\"180\" srcset=\"https:\/\/www.radiopiu.net\/wordpress\/wp-content\/uploads\/2024\/11\/7.jpg 180w, https:\/\/www.radiopiu.net\/wordpress\/wp-content\/uploads\/2024\/11\/7-150x150.jpg 150w\" sizes=\"auto, (max-width: 180px) 100vw, 180px\" \/><\/a>I podcast informativi del mattino &#8211; audio &#8211;\u00a0<\/span><\/h1>\n<p><strong>OGNI GIORNO ALLE SETTE DEL MATTINO, LA RASSEGNA STAMPA LOCALE FLASH&#8230; PER CHI VA IN FRETTA. I TITOLI DAI GIORNALI E DAL SITO WWW.RADIOPIU.NET <span style=\"color: #0000ff;\">viene pubblicato alle 7.00<\/span> <span style=\"color: #ff0000;\">DIRETTA RADIO\u00a0<\/span><\/strong><\/p>\n<p><em><span style=\"color: #ff0000;\">per chi va in fretta&#8230; tante notizie in pochi minuti. L&#8217;informazione locale alla radio, ogni ora dalle 7 del mattino alle 19 della sera.<\/span><\/em><\/p>\n<h1>AUDIO dalle 7 del mattino<\/h1>\n<audio class=\"wp-audio-shortcode\" id=\"audio-435526-4\" preload=\"none\" style=\"width: 100%;\" controls=\"controls\"><source type=\"audio\/mpeg\" src=\"https:\/\/www.radiopiu.net\/wordpress\/wp-content\/uploads\/2025\/02\/GF07-19.mp3?_=4\" \/><a href=\"https:\/\/www.radiopiu.net\/wordpress\/wp-content\/uploads\/2025\/02\/GF07-19.mp3\">https:\/\/www.radiopiu.net\/wordpress\/wp-content\/uploads\/2025\/02\/GF07-19.mp3<\/a><\/audio>\n<p>&nbsp;<\/p>\n<p>&nbsp;<\/p>\n<hr \/>\n<p>&nbsp;<\/p>\n<h1><\/h1>\n<h1 style=\"text-align: center;\"><span style=\"color: #ff0000;\"><a class=\"dt-pswp-item\" href=\"https:\/\/www.radiopiu.net\/wordpress\/wp-content\/uploads\/2024\/11\/th.jpg\" data-dt-img-description=\"\" data-large_image_width=\"148\" data-large_image_height=\"179\"><img loading=\"lazy\" decoding=\"async\" class=\"size-full wp-image-417913 alignleft\" src=\"https:\/\/www.radiopiu.net\/wordpress\/wp-content\/uploads\/2024\/11\/th.jpg\" alt=\"\" width=\"148\" height=\"179\" \/><\/a>I podcast informativi del mattino &#8211; audio &#8211;\u00a0<\/span><\/h1>\n<blockquote><p><strong>GIORNALE RADIO NAZIONALE, EDIZIONE DELLE SETTE <span style=\"color: #0000ff;\">viene pubblicato alle 7.05 <span style=\"color: #ff0000;\">DIRETTA RADIO\u00a0<\/span><\/span><\/strong><\/p><\/blockquote>\n<p><strong>il giornale radionazionale e&#8217; in onda ogni ora, dalle sette del mattino alle venti della sera\u00a0 \u00a0<\/strong><\/p>\n<p><span style=\"color: #ff0000;\"><a class=\"dt-pswp-item\" href=\"https:\/\/www.radiopiu.net\/wordpress\/wp-content\/uploads\/2025\/02\/download-7.jpg\" data-dt-img-description=\"\" data-large_image_width=\"211\" data-large_image_height=\"239\"><img loading=\"lazy\" decoding=\"async\" class=\"wp-image-435553 alignleft\" src=\"https:\/\/www.radiopiu.net\/wordpress\/wp-content\/uploads\/2025\/02\/download-7.jpg\" alt=\"\" width=\"113\" height=\"128\" \/><\/a>ROMA<\/span> Carminati torna in carcere per il residuo della pena Deve scontare 3 anni e mesi. Decisione della Sorveglianza <span style=\"color: #ff0000;\">BARI<\/span> Calciatore ucciso da una bomba, due arresti dopo 10 anni, mor\u00ec a 27 anni dopo cinque mesi di coma <span style=\"color: #ff0000;\">ROVERETO<\/span> Picchi\u00f2, stupr\u00f2 e uccise una donna. Chiesto l&#8217;ergastolo \u00a0Il pm: &#8220;Violenza inaudita&#8221;<span style=\"color: #ff0000;\"> MILANO<\/span> Primo processo alle curve violente, Milan parte civile Comincia il dibattimento sul caso ultr\u00e0. Lega di Serie A: &#8216;Danni ai tifosi&#8217; <span style=\"color: #ff0000;\">MANTOVA<\/span> Segrega la moglie e la lega in casa, arrestato La donna veniva tenuta ad un polso come al guinzaglio <span style=\"color: #ff0000;\">PORTO CERVO<\/span> Presunti abusi nella villa a Porto Cervo, Vacchi rischia il processo. L&#8217;influencer gi\u00e0 denunciato dai domestici<span style=\"color: #ff0000;\"> ROMA<\/span> Marco Cappato, il 5 aprile mobilitazione per la legge sul fine vita. &#8220;La richiesta di una norma nazionale non sia l&#8217;alibi per le Regioni&#8221;<\/p>\n<p>&nbsp;<\/p>\n<p><strong><a class=\"dt-pswp-item\" href=\"https:\/\/www.radiopiu.net\/wordpress\/wp-content\/uploads\/2025\/02\/download-3.jpg\" data-dt-img-description=\"\" data-large_image_width=\"223\" data-large_image_height=\"226\"><img loading=\"lazy\" decoding=\"async\" class=\" wp-image-434732 alignleft\" src=\"https:\/\/www.radiopiu.net\/wordpress\/wp-content\/uploads\/2025\/02\/download-3.jpg\" alt=\"\" width=\"135\" height=\"137\" \/><\/a>VERONA<\/strong> Arrestato il pirata della strada che travolse ciclista a Verona.La famiglia lo ha segnalato alla Polizia locale <strong>VENEZIA<\/strong> Cerca di gettarsi da un tetto in Canal Grande, salvato a Venezia. Intervento dei Carabinieri del Nucleo natanti <strong>CONEGLIANO<\/strong> Donna uccisa su commissione, indagato confessa davanti al Pm.<strong> VENEZIA<\/strong> Mozione della Lega a Venezia, &#8216;Daspo per chi indossa il burqa&#8217;<br \/>\nCauti gli alleati di centrodestra, opposizioni contrarie <strong>VERONA<\/strong> Frontale tra due auto a Verona, 4 feriti di cui 2 gravi. Nella stessa strada dove mercoledi era stato travolto un ciclista. <strong>TREVISO<\/strong> Nasce\u00a0 l&#8221;atelier sostenibile&#8217; degli abiti da sposa usati<br \/>\nL&#8217;iniziativa mutuata da un&#8217;idea delle suore di un convento in Umbria. L&#8217;abito si sceglie su un catalogo e si prenota con una offerta libera <strong>VICENZA<\/strong> Veglia di preghiera ad Altavilla Vicentina per Lea, la bimba di 10 anni morta dopo essere stata travolta dal Suv del 50enne ubriaco <strong>BELLUNO<\/strong> Il ponte della Vittoria tra i luoghi del cuore, l&#8217;appello di Debora Caprioglio <strong>LONGARONE<\/strong> Oltre 200 espositori a LongaroneFiere (Costruire) per i 20 anni di arte fiera dolomiti.<\/p>\n<h2><span style=\"color: #ff0000;\"><span style=\"color: #0000ff;\">ULTIM&#8217;ORA<\/span> <span style=\"color: #000000;\">AUDIO dalle sette del mattin. o, ogni ora alla radio EDIZIONE DELLE SETTE<\/span><\/span><\/h2>\n<audio class=\"wp-audio-shortcode\" id=\"audio-435526-5\" preload=\"none\" style=\"width: 100%;\" controls=\"controls\"><source type=\"audio\/mpeg\" src=\"https:\/\/www.radiopiu.net\/wordpress\/wp-content\/uploads\/2025\/02\/giornale07-19.mp3?_=5\" \/><a href=\"https:\/\/www.radiopiu.net\/wordpress\/wp-content\/uploads\/2025\/02\/giornale07-19.mp3\">https:\/\/www.radiopiu.net\/wordpress\/wp-content\/uploads\/2025\/02\/giornale07-19.mp3<\/a><\/audio>\n<p>&nbsp;<\/p>\n<hr \/>\n<p>&nbsp;<\/p>\n<p>&nbsp;<\/p>\n<h1><span style=\"color: #ff0000;\"><a class=\"dt-pswp-item\" href=\"https:\/\/www.radiopiu.net\/wordpress\/wp-content\/uploads\/2024\/11\/8.jpg\" data-dt-img-description=\"\" data-large_image_width=\"180\" data-large_image_height=\"180\"><img loading=\"lazy\" decoding=\"async\" class=\"size-full wp-image-417910 alignleft\" src=\"https:\/\/www.radiopiu.net\/wordpress\/wp-content\/uploads\/2024\/11\/8.jpg\" alt=\"\" width=\"180\" height=\"180\" srcset=\"https:\/\/www.radiopiu.net\/wordpress\/wp-content\/uploads\/2024\/11\/8.jpg 180w, https:\/\/www.radiopiu.net\/wordpress\/wp-content\/uploads\/2024\/11\/8-150x150.jpg 150w\" sizes=\"auto, (max-width: 180px) 100vw, 180px\" \/><\/a>I podcast informativi del mattino &#8211; video &#8211;\u00a0<\/span><\/h1>\n<h2 style=\"text-align: left;\"><strong>RASSEGNA STAMPA LOCALE, ORE OTTO<\/strong><\/h2>\n<h2><strong> <span style=\"color: #0000ff;\">viene\u00a0 <\/span><\/strong><strong><span style=\"color: #0000ff;\">pubblicata alle 8.05 <span style=\"color: #ff0000;\">DIRETTA RADIO\u00a0 \u00a0<\/span><\/span><\/strong><strong>DI MIRKO MEZZACASA<\/strong><\/h2>\n<h2><span style=\"color: #ff0000;\"><strong>\u00a0<\/strong><\/span><\/h2>\n<h2><span style=\"color: #ff0000;\"><strong>\u00a0<\/strong><\/span><span style=\"color: #ff0000;\"><strong>VIDEO\u00a0 \u00a0in diretta AGGIORNAMENTO\u00a0 dalle 8 del mattino\u00a0\u00a0<\/strong><\/span><\/h2>\n<p><iframe loading=\"lazy\" style=\"border: none; overflow: hidden;\" src=\"https:\/\/www.facebook.com\/plugins\/video.php?height=314&amp;href=https%3A%2F%2Fwww.facebook.com%2Fradiopiu%2Fvideos%2F1341698183632182%2F&amp;show_text=false&amp;width=560&amp;t=0\" width=\"560\" height=\"314\" frameborder=\"0\" scrolling=\"no\" allowfullscreen=\"allowfullscreen\"><\/iframe><\/p>\n<hr \/>\n<p>&nbsp;<\/p>\n<p>&nbsp;<\/p>\n<p>&nbsp;<\/p>\n<p><strong><a class=\"dt-pswp-item\" href=\"https:\/\/www.radiopiu.net\/wordpress\/wp-content\/uploads\/2023\/12\/ANTENNA.png\" data-dt-img-description=\"\" data-large_image_width=\"300\" data-large_image_height=\"166\"><img loading=\"lazy\" decoding=\"async\" class=\"wp-image-366306 alignright\" src=\"https:\/\/www.radiopiu.net\/wordpress\/wp-content\/uploads\/2023\/12\/ANTENNA.png\" alt=\"\" width=\"101\" height=\"56\" \/><\/a><a class=\"dt-pswp-item\" href=\"https:\/\/www.radiopiu.net\/wordpress\/wp-content\/uploads\/2024\/11\/th-17.jpg\" data-dt-img-description=\"\" data-large_image_width=\"224\" data-large_image_height=\"180\"><img loading=\"lazy\" decoding=\"async\" class=\" wp-image-421610 alignleft\" src=\"https:\/\/www.radiopiu.net\/wordpress\/wp-content\/uploads\/2024\/11\/th-17.jpg\" alt=\"\" width=\"167\" height=\"134\" \/><\/a>ogni sera alle 19 le anticipazioni alla radio, quello che poi seguirete nel TELEGIORNALE BELLUNESE\u00a0 in onda alle 19.30 sul CANALE 10 del digitale terrestre.\u00a0\u00a0<\/strong><\/p>\n<p><b>\u00a0\u00a0<\/b><\/p>\n<p><span style=\"color: #ff0000;\"><strong>LE ANTICIPAZIONI DI TIZIANA BOLOGNANI<\/strong><\/span><\/p>\n<audio class=\"wp-audio-shortcode\" id=\"audio-435526-6\" preload=\"none\" style=\"width: 100%;\" controls=\"controls\"><source type=\"audio\/mpeg\" src=\"https:\/\/www.radiopiu.net\/wordpress\/wp-content\/uploads\/2025\/02\/ANTENNA3-14.mp3?_=6\" \/><a href=\"https:\/\/www.radiopiu.net\/wordpress\/wp-content\/uploads\/2025\/02\/ANTENNA3-14.mp3\">https:\/\/www.radiopiu.net\/wordpress\/wp-content\/uploads\/2025\/02\/ANTENNA3-14.mp3<\/a><\/audio>\n<p>&nbsp;<\/p>\n<p>&nbsp;<\/p>\n<p>&nbsp;<\/p>\n<hr \/>\n<p>&nbsp;<\/p>\n<h1 style=\"text-align: center;\"><span style=\"color: #ff00ff;\">TANTI AUGURI ELSA PER I TUOI 104 ANNI<\/span><\/h1>\n<p><strong><a class=\"dt-pswp-item\" href=\"https:\/\/www.radiopiu.net\/wordpress\/wp-content\/uploads\/2025\/02\/SCR-20250220-tzzg.jpeg\" data-dt-img-description=\"\" data-large_image_width=\"1160\" data-large_image_height=\"828\"><img loading=\"lazy\" decoding=\"async\" class=\" wp-image-435774 alignleft\" src=\"https:\/\/www.radiopiu.net\/wordpress\/wp-content\/uploads\/2025\/02\/SCR-20250220-tzzg-300x214.jpeg\" alt=\"\" width=\"172\" height=\"123\" srcset=\"https:\/\/www.radiopiu.net\/wordpress\/wp-content\/uploads\/2025\/02\/SCR-20250220-tzzg-300x214.jpeg 300w, https:\/\/www.radiopiu.net\/wordpress\/wp-content\/uploads\/2025\/02\/SCR-20250220-tzzg-1024x731.jpeg 1024w, https:\/\/www.radiopiu.net\/wordpress\/wp-content\/uploads\/2025\/02\/SCR-20250220-tzzg-768x548.jpeg 768w, https:\/\/www.radiopiu.net\/wordpress\/wp-content\/uploads\/2025\/02\/SCR-20250220-tzzg.jpeg 1160w\" sizes=\"auto, (max-width: 172px) 100vw, 172px\" \/><\/a> <\/strong><\/p>\n<p><strong>\u00a0<\/strong><\/p>\n<p><strong>REDAZIONE<\/strong> 100+4&#8230;sono gli anni che oggi compie Elsa De Vallier di Rocca Pietore. Un traguardo importante e grande festa. Cara Elsa&#8230; gli auguri ti arrivano da tutta la famiglia: i figli Franca e Alberto, la nuora, i nipoti e i pronipoti. Elsa\u2026tantissimi auguri anche da tutta Radio Pi\u00f9! Un traguardo invidiabile, quello di Elsa!<\/p>\n<p><strong>LA FESTA, ALLE 15.30 A VILLA SAN GIUSEPPE, LIVINALLONGO<\/strong><\/p>\n<p>&nbsp;<\/p>\n<hr \/>\n<p>&nbsp;<\/p>\n<blockquote>\n<h2><span style=\"color: #ff0000;\">LUNEDI&#8217; 24 ORE DI SCIOPERO PER IL TRASPORTO PUBBLICO<\/span><\/h2>\n<\/blockquote>\n<p><strong>BELLUNO<\/strong> Dolomiti Bus ricorda che luned\u00ec 24 febbraio \u00e8 stato indetto uno sciopero nazionale di settore della durata di 24 ore. L&#8217;azienda comunica che prevede la garanzia del servizio dalle 5:40 alle 8:10 e dalle 12:10 alle 15:40. Dolomiti Bus precisa che le corse in partenza prima dell\u2019inizio dello sciopero verranno effettuate regolarmente e che le stesse, una volta iniziate, proseguiranno sino al capolinea. I servizi verranno ripristinati completamente a partire dal giorno successivo<\/p>\n<p>&nbsp;<\/p>\n<blockquote>\n<hr \/>\n<h3 data-start=\"0\" data-end=\"70\"><\/h3>\n<h3 data-start=\"0\" data-end=\"70\"><strong data-start=\"4\" data-end=\"68\"><a class=\"dt-pswp-item\" href=\"https:\/\/www.radiopiu.net\/wordpress\/wp-content\/uploads\/2025\/02\/download-10.jpg\" data-dt-img-description=\"\" data-large_image_width=\"372\" data-large_image_height=\"119\"><img loading=\"lazy\" decoding=\"async\" class=\" wp-image-435791 alignleft\" src=\"https:\/\/www.radiopiu.net\/wordpress\/wp-content\/uploads\/2025\/02\/download-10-300x96.jpg\" alt=\"\" width=\"281\" height=\"90\" srcset=\"https:\/\/www.radiopiu.net\/wordpress\/wp-content\/uploads\/2025\/02\/download-10-300x96.jpg 300w, https:\/\/www.radiopiu.net\/wordpress\/wp-content\/uploads\/2025\/02\/download-10.jpg 372w\" sizes=\"auto, (max-width: 281px) 100vw, 281px\" \/><\/a>Comelico: chiusura diurna per la galleria, disagi in aumento<\/strong><\/h3>\n<\/blockquote>\n<p data-start=\"72\" data-end=\"384\" data-is-last-node=\"\">La <strong data-start=\"75\" data-end=\"100\">galleria del Comelico<\/strong>, gi\u00e0 interessata da <strong data-start=\"121\" data-end=\"142\">chiusure notturne<\/strong>, dovr\u00e0 essere chiusa anche <strong data-start=\"170\" data-end=\"183\">di giorno<\/strong> per lavori. Il primo blocco \u00e8 previsto dal <strong data-start=\"227\" data-end=\"243\">7 al 9 marzo<\/strong>, con possibili ulteriori chiusure nei prossimi mesi. Il cantiere, che durer\u00e0 <strong data-start=\"321\" data-end=\"338\">oltre un anno<\/strong>, continua a creare <strong data-start=\"358\" data-end=\"383\">disagi alla viabilit\u00e0<\/strong>.<\/p>\n<p>&nbsp;<\/p>\n<hr \/>\n<p>&nbsp;<\/p>\n<blockquote>\n<h3>ANCORA UNA GIORNATA INTENSA PER IL SUEM 118<\/h3>\n<\/blockquote>\n<p><strong><a class=\"dt-pswp-item\" href=\"https:\/\/www.radiopiu.net\/wordpress\/wp-content\/uploads\/2025\/02\/SALT.jpg\" data-dt-img-description=\"\" data-large_image_width=\"1903\" data-large_image_height=\"1330\"><img loading=\"lazy\" decoding=\"async\" class=\" wp-image-435451 alignleft\" src=\"https:\/\/www.radiopiu.net\/wordpress\/wp-content\/uploads\/2025\/02\/SALT-300x210.jpg\" alt=\"\" width=\"233\" height=\"163\" srcset=\"https:\/\/www.radiopiu.net\/wordpress\/wp-content\/uploads\/2025\/02\/SALT-300x210.jpg 300w, https:\/\/www.radiopiu.net\/wordpress\/wp-content\/uploads\/2025\/02\/SALT-1024x716.jpg 1024w, https:\/\/www.radiopiu.net\/wordpress\/wp-content\/uploads\/2025\/02\/SALT-768x537.jpg 768w, https:\/\/www.radiopiu.net\/wordpress\/wp-content\/uploads\/2025\/02\/SALT-1536x1074.jpg 1536w, https:\/\/www.radiopiu.net\/wordpress\/wp-content\/uploads\/2025\/02\/SALT.jpg 1903w\" sizes=\"auto, (max-width: 233px) 100vw, 233px\" \/><\/a>REDAZIONE<\/strong> Un&#8217;intensa giornata di interventi ha caratterizzato l&#8217;operato del Servizio Urgenza Emergenza Medica (SUEM) 118 della provincia di Belluno nella giornata di ieri, con numerosi soccorsi effettuati tra le piste da sci e le aree montane. Tra i soccorsi pi\u00f9 rilevanti, si segnala l&#8217;intervento ad Arabba per un giovane sciatore polacco di 25 anni, caduto mentre sciava, e un altro incidente sulle piste di Livinallongo, dove un ragazzo di 13 anni della Repubblica Ceca \u00e8 stato soccorso dal mezzo di emergenza &#8220;Leone 1&#8221; e trasportato all&#8217;ospedale di Belluno. Un altro episodio si \u00e8 verificato sull&#8217;Antelao, dove un uomo di 42 anni di Belluno \u00e8 rimasto vittima di una caduta in montagna. Anche in questo caso, \u00e8 stato necessario l&#8217;intervento dell&#8217;elicottero &#8220;Falco&#8221; per il trasporto urgente all&#8217;ospedale. Non solo incidenti sportivi, ma anche emergenze sanitarie. Due casi di malore hanno richiesto l&#8217;intervento dei soccorritori: uno ad Auronzo, dove un uomo di 62 anni residente a Belluno \u00e8 stato trasportato d&#8217;urgenza in ospedale, e un altro a Padola, dove una donna di 60 anni ha avuto bisogno di assistenza medica immediata. In totale sono stati 12 gli interventi sui comprensori sciistici del bellunese.<\/p>\n<p>&nbsp;<\/p>\n<p>&nbsp;<\/p>\n<hr \/>\n<p>&nbsp;<\/p>\n<blockquote>\n<h3>SOCCORSO SCIALPINISTA SULL&#8217;ANTELAO<\/h3>\n<\/blockquote>\n<p><strong><a class=\"dt-pswp-item\" href=\"https:\/\/www.radiopiu.net\/wordpress\/wp-content\/uploads\/2022\/04\/soccorso-alpino-1024x602-1.jpg\" data-dt-img-description=\"\" data-large_image_width=\"1024\" data-large_image_height=\"602\"><img loading=\"lazy\" decoding=\"async\" class=\" wp-image-270917 alignleft\" src=\"https:\/\/www.radiopiu.net\/wordpress\/wp-content\/uploads\/2022\/04\/soccorso-alpino-1024x602-1-300x176.jpg\" alt=\"\" width=\"172\" height=\"101\" srcset=\"https:\/\/www.radiopiu.net\/wordpress\/wp-content\/uploads\/2022\/04\/soccorso-alpino-1024x602-1-300x176.jpg 300w, https:\/\/www.radiopiu.net\/wordpress\/wp-content\/uploads\/2022\/04\/soccorso-alpino-1024x602-1-768x452.jpg 768w, https:\/\/www.radiopiu.net\/wordpress\/wp-content\/uploads\/2022\/04\/soccorso-alpino-1024x602-1.jpg 1024w\" sizes=\"auto, (max-width: 172px) 100vw, 172px\" \/><\/a>CALALZO DI CADORE<\/strong> Passato da poco mezzogiorno di ieri, il compagno di uno scialpinista ha contattato il 118, poich\u00e9 l&#8217;amico con cui stava scendendo poco sotto la cima del Monte Antelao, in quel momento senza sci ai piedi, era scivolato sparendo dalla sua vista. Fortunatamente subito dopo \u00e8 stato lo stesso sciatore a chiamare la Centrale, dando le informazioni necessarie sulle proprie condizioni e sul luogo in cui si trovava. Dalle coordinate ricevute, l&#8217;elicottero del Suem di Pieve di Cadore ha velocemente individuato l&#8217;infortunato, un 41enne di Pieve di Cadore (BL), che dopo essere caduto era riuscito a fermarsi un&#8217;ottantina di metri pi\u00f9 in basso, riportando un sospetto trauma alla caviglia. Recuperato dal tecnico di elisoccorso con un verricello di una trentina di metri, l&#8217;uomo \u00e8 stato trasportato all&#8217;ospedale di Belluno.<\/p>\n<p>&nbsp;<\/p>\n<p>&nbsp;<\/p>\n<hr \/>\n<p>&nbsp;<\/p>\n<blockquote>\n<h3 class=\"entry-title\">Incendio boschivo a Soffranco: intervento della Protezione Civile e dei Vigili del Fuoco<\/h3>\n<\/blockquote>\n<p><strong><img loading=\"lazy\" decoding=\"async\" class=\"alignleft\" src=\"https:\/\/www.radiopiu.net\/wordpress\/wp-content\/uploads\/2023\/10\/Taibon_25-10-2018_Spegnimento-incendio-a-S.-Lucano-2-scaled.jpg\" width=\"131\" height=\"98\" \/>SOFFRANCO\u00a0<\/strong>Un incendio boschivo \u00e8 divampato in localit\u00e0 Soffranco, nel bellunese, mobilitando Protezione Civile, Vigili del Fuoco e volontari. Vista la situazione, la Sala Operativa della Protezione Civile del Veneto ha attivato anche l\u2019intervento dell\u2019elicottero regionale, per supportare le operazioni di spegnimento. A coordinare gli interventi \u00e8 il Direttore delle Operazioni di Spegnimento dei Servizi Forestali della Regione Veneto, con il supporto delle squadre a terra. Sul posto operano anche i Vigili del Fuoco, impegnati nel contenimento delle fiamme e nella messa in sicurezza dell\u2019area. L\u2019incendio \u00e8 sotto monitoraggio per evitare ulteriori estensioni.<\/p>\n<p>&nbsp;<\/p>\n<p>&nbsp;<\/p>\n<hr \/>\n<p>&nbsp;<\/p>\n<blockquote>\n<h3 style=\"text-align: left;\"><a class=\"dt-pswp-item\" href=\"https:\/\/www.radiopiu.net\/wordpress\/wp-content\/uploads\/2025\/02\/download-12.jpg\" data-dt-img-description=\"\" data-large_image_width=\"259\" data-large_image_height=\"194\"><img loading=\"lazy\" decoding=\"async\" class=\"wp-image-435797 alignleft\" src=\"https:\/\/www.radiopiu.net\/wordpress\/wp-content\/uploads\/2025\/02\/download-12.jpg\" alt=\"\" width=\"163\" height=\"122\" \/><\/a>MUORE IN CASA, SE NE ACCORGE IL VICINO<\/h3>\n<\/blockquote>\n<p><strong>AGORDO<\/strong> E&#8217; morto il settanquatrenne Giancarlo Manfroi, residente a Ponte Alto. A dare l&#8217;allarme un vicino che ne ha notato l&#8217;assenza. per poi scorgere il corpo dell&#8217;uomo riverso sul pavimento. Ieri alle 10.30 \u00e8 scattato l&#8217;allarme ed \u00e8 intervenuto il personale del 118, purtroppo \u00e8 stato necessario l&#8217;intervento delle pompe funebri.<\/p>\n<p>&nbsp;<\/p>\n<hr \/>\n<p>&nbsp;<\/p>\n<blockquote>\n<h3 class=\"entry-title\">Cortina: controlli nei cantieri edili, sospese tre aziende per violazioni sulla sicurezza<\/h3>\n<\/blockquote>\n<p><strong><a class=\"dt-pswp-item\" href=\"https:\/\/www.radiopiu.net\/wordpress\/wp-content\/uploads\/2025\/02\/edilizia.jpg\" data-dt-img-description=\"\" data-large_image_width=\"517\" data-large_image_height=\"614\"><img loading=\"lazy\" decoding=\"async\" class=\" wp-image-435585 alignleft\" src=\"https:\/\/www.radiopiu.net\/wordpress\/wp-content\/uploads\/2025\/02\/edilizia-253x300.jpg\" alt=\"\" width=\"141\" height=\"167\" srcset=\"https:\/\/www.radiopiu.net\/wordpress\/wp-content\/uploads\/2025\/02\/edilizia-253x300.jpg 253w, https:\/\/www.radiopiu.net\/wordpress\/wp-content\/uploads\/2025\/02\/edilizia.jpg 517w\" sizes=\"auto, (max-width: 141px) 100vw, 141px\" \/><\/a>CORTINA<\/strong> Maxi operazione nei cantieri edili di Cortina d\u2019Ampezzo da parte dei Carabinieri per contrastare il lavoro sommerso e verificare la sicurezza sul lavoro. Sono state ispezionate diverse imprese del settore edile, rilevando irregolarit\u00e0 in 12 aziende. Tra le principali violazioni: mancanza di protezioni contro le cadute dall\u2019alto, percorsi interni non conformi e difformit\u00e0 nei documenti obbligatori. Inoltre, si sono riscontrate carenze nei controlli da parte dei responsabili della sicurezza. A causa della gravit\u00e0 delle infrazioni, tre aziende sono state sospese e sono state emesse sanzioni per un totale di 100.000 euro. Le irregolarit\u00e0 pi\u00f9 gravi riguardavano il rischio di cadute dall\u2019alto, una delle principali cause di incidenti nei cantieri. L\u2019operazione evidenzia la necessit\u00e0 di rigorosi controlli, soprattutto in vista dei lavori per Cortina 2026. I Carabinieri di Belluno e il Nucleo Ispettorato del Lavoro continueranno le ispezioni nei prossimi mesi per garantire il rispetto delle norme e la sicurezza dei lavoratori.<\/p>\n<p>&nbsp;<\/p>\n<p><strong>ROBERTO TOIGO, UIL VENETO<\/strong><\/p>\n<p>\u201cA Cortina D\u2019Ampezzo, nel bellunese, i carabinieri, che ringraziamo sempre, hanno scoperto ben dodici imprese edili irregolari. Qualcuna di queste \u00e8 stata sospesa perch\u00e9 presentava gravi mancanze legate al pericolo di cadute dall\u2019alto. E&#8217; una delle fattispecie pi\u00f9 comuni e, purtroppo, pi\u00f9 pericolose. Occorrono formazione, preparazione e investimenti per evitare il ripetersi di situazioni come queste. E\u2019 spaventoso pensare che questi operai stavano rischiando la vita ogni minuto che passavano in quei cantieri\u201d. Lo ha detto Roberto Toigo, segretario generale della Uil Veneto.<\/p>\n<p>&nbsp;<\/p>\n<hr \/>\n<p>&nbsp;<\/p>\n<blockquote>\n<h3 class=\"entry-title\">Belluno: uomo in crisi ipoglicemica salvato dalla Polizia<\/h3>\n<\/blockquote>\n<p><strong><img loading=\"lazy\" decoding=\"async\" class=\"alignleft\" src=\"https:\/\/www.radiopiu.net\/wordpress\/wp-content\/uploads\/2022\/05\/POLIZIA-2.jpg\" width=\"233\" height=\"131\" \/>BELLUNO<\/strong>\u00a0 Provvidenziale intervento della Squadra Volante della Questura di Belluno nella tarda serata del 17 febbraio, quando gli agenti hanno notato un\u2019auto ferma in colonna nei pressi di Parco Bologna, nonostante i ripetuti clacson degli altri automobilisti. Pensando a un guasto, i poliziotti si sono avvicinati al veicolo, trovando al suo interno un uomo visibilmente disorientato e privo di reattivit\u00e0. Comprendendo la gravit\u00e0 della situazione, gli agenti lo hanno trasportato immediatamente al Pronto Soccorso di Belluno, dove i medici hanno diagnosticato una grave crisi ipoglicemica. Grazie al rapido intervento, l\u2019uomo \u00e8 stato salvato in extremis, evitando conseguenze potenzialmente fatali.<\/p>\n<p>&nbsp;<\/p>\n<hr \/>\n<p>&nbsp;<\/p>\n<blockquote>\n<h3 data-start=\"0\" data-end=\"74\"><strong data-start=\"4\" data-end=\"72\"><a class=\"dt-pswp-item\" href=\"https:\/\/www.radiopiu.net\/wordpress\/wp-content\/uploads\/2025\/02\/download-11.jpg\" data-dt-img-description=\"\" data-large_image_width=\"281\" data-large_image_height=\"180\"><img loading=\"lazy\" decoding=\"async\" class=\"wp-image-435792 alignleft\" src=\"https:\/\/www.radiopiu.net\/wordpress\/wp-content\/uploads\/2025\/02\/download-11.jpg\" alt=\"\" width=\"158\" height=\"101\" \/><\/a>Tentato omicidio a Sopracroda: Ornella Gasperin resta in carcere<\/strong><\/h3>\n<\/blockquote>\n<p data-start=\"76\" data-end=\"386\"><strong>BELLUNO<\/strong> \u2013 Ornella Gasperin trascorre la sua prima settimana nel carcere della Giudecca. Gli avvocati Antonio Prade e Massimo Montino non hanno richiesto la scarcerazione per la 46enne bellunese, accusata di tentato omicidio nei confronti del vicino Giovanni Casol. L\u2019ipotesi pi\u00f9 probabile \u00e8 una perizia psichiatrica, per valutare la sua capacit\u00e0 di intendere e volere al momento dell\u2019aggressione, avvenuta con un cuscino e una forbice da 12 cm.\u00a0Nel frattempo, la polizia sta completando i rilievi sulla scena del crimine, dopo i quali Casol potr\u00e0 rientrare nella sua abitazione.<\/p>\n<p>&nbsp;<\/p>\n<p>&nbsp;<\/p>\n<hr \/>\n<p>&nbsp;<\/p>\n<blockquote>\n<h3 class=\"entry-title\">Autovelox non omologato a Livinallongo: Altvelox presenta la 26esima denuncia<\/h3>\n<h3 data-start=\"0\" data-end=\"87\"><img loading=\"lazy\" decoding=\"async\" class=\"alignleft\" src=\"https:\/\/www.radiopiu.net\/wordpress\/wp-content\/uploads\/2025\/02\/8669924_20164552_autovelox_livinallongo.jpg\" width=\"243\" height=\"133\" \/><\/h3>\n<p>Strada Regionale 48 delle Dolomiti, localit\u00e0 Brenta, Comune di Livinallongo di Col di Lana.<\/p>\n<p>BELLUNO\u00a0\u2013 L\u2019associazione Altvelox torna all\u2019attacco contro gli autovelox non omologati, presentando la 26esima denuncia penale. Nel mirino, l\u2019apparecchio installato a Livinallongo, che avrebbe generato oltre 400mila euro di incassi in un anno, nonostante presunte irregolarit\u00e0 tecniche e normative. Secondo l\u2019associazione, il dispositivo: Non sarebbe omologato, requisito essenziale per la validit\u00e0 delle sanzioni. Sarebbe posizionato in un tratto non idoneo, con bassa incidentalit\u00e0 (solo un incidente in 5 anni).<\/p><\/blockquote>\n<p>&nbsp;<\/p>\n<p>&nbsp;<\/p>\n<hr \/>\n<p>&nbsp;<\/p>\n<blockquote>\n<h3 data-start=\"89\" data-end=\"463\">Il progetto PIACI &#8211; Percorsi Integrati per l\u2019Autonomia e l\u2019Inclusione Culturale<\/h3>\n<\/blockquote>\n<p><strong>BELLUNO<\/strong> Cooperative, associazioni, enti del terzo settore a confronto sui temi dell&#8217;inclusione sociale, tanto abitativa quanto lavorativa: incontro a Belluno per il progetto PIACI.<\/p>\n<p><strong>DI DANIELE DALVIT<\/strong><\/p>\n<audio class=\"wp-audio-shortcode\" id=\"audio-435526-7\" preload=\"none\" style=\"width: 100%;\" controls=\"controls\"><source type=\"audio\/mpeg\" src=\"https:\/\/www.radiopiu.net\/wordpress\/wp-content\/uploads\/2025\/02\/Servizio-Progetto-PIACI-Centro-consorzi.mp3?_=7\" \/><a href=\"https:\/\/www.radiopiu.net\/wordpress\/wp-content\/uploads\/2025\/02\/Servizio-Progetto-PIACI-Centro-consorzi.mp3\">https:\/\/www.radiopiu.net\/wordpress\/wp-content\/uploads\/2025\/02\/Servizio-Progetto-PIACI-Centro-consorzi.mp3<\/a><\/audio>\n<p>&nbsp;<\/p>\n\n\t\t\t<style type='text\/css'>\n\t\t\t\t#gallery-1 {\n\t\t\t\t\tmargin: auto;\n\t\t\t\t}\n\t\t\t\t#gallery-1 .gallery-item {\n\t\t\t\t\tfloat: left;\n\t\t\t\t\tmargin-top: 10px;\n\t\t\t\t\ttext-align: center;\n\t\t\t\t\twidth: 33%;\n\t\t\t\t}\n\t\t\t\t#gallery-1 img {\n\t\t\t\t\tborder: 2px solid #cfcfcf;\n\t\t\t\t}\n\t\t\t\t#gallery-1 .gallery-caption {\n\t\t\t\t\tmargin-left: 0;\n\t\t\t\t}\n\t\t\t\t\/* see gallery_shortcode() in wp-includes\/media.php *\/\n\t\t\t<\/style>\n\t\t<div id='gallery-1' class='dt-gallery-container gallery galleryid-435526 gallery-columns-3 gallery-size-thumbnail'><dl class='gallery-item'>\n\t\t\t\t<dt class='gallery-icon landscape'>\n\t\t\t\t\t<a class=\"rollover rollover-zoom dt-pswp-item\" title=\"bef7766a-f6e0-4ab6-85be-d75cbe785a9c\" data-dt-img-description=\"\" data-large_image_width=\"2560\" data-large_image_height=\"1920\"href='https:\/\/www.radiopiu.net\/wordpress\/wp-content\/uploads\/2025\/02\/bef7766a-f6e0-4ab6-85be-d75cbe785a9c-scaled.jpg'><img loading=\"lazy\" decoding=\"async\" width=\"150\" height=\"150\" src=\"https:\/\/www.radiopiu.net\/wordpress\/wp-content\/uploads\/2025\/02\/bef7766a-f6e0-4ab6-85be-d75cbe785a9c-150x150.jpg\" class=\"attachment-thumbnail size-thumbnail\" alt=\"\" \/><\/a>\n\t\t\t\t<\/dt><\/dl><dl class='gallery-item'>\n\t\t\t\t<dt class='gallery-icon landscape'>\n\t\t\t\t\t<a class=\"rollover rollover-zoom dt-pswp-item\" title=\"2de8b65b-f754-40fc-8d6c-182dc448b717\" data-dt-img-description=\"\" data-large_image_width=\"2560\" data-large_image_height=\"1920\"href='https:\/\/www.radiopiu.net\/wordpress\/wp-content\/uploads\/2025\/02\/2de8b65b-f754-40fc-8d6c-182dc448b717-scaled.jpg'><img loading=\"lazy\" decoding=\"async\" width=\"150\" height=\"150\" src=\"https:\/\/www.radiopiu.net\/wordpress\/wp-content\/uploads\/2025\/02\/2de8b65b-f754-40fc-8d6c-182dc448b717-150x150.jpg\" class=\"attachment-thumbnail size-thumbnail\" alt=\"\" \/><\/a>\n\t\t\t\t<\/dt><\/dl><dl class='gallery-item'>\n\t\t\t\t<dt class='gallery-icon landscape'>\n\t\t\t\t\t<a class=\"rollover rollover-zoom dt-pswp-item\" title=\"c76ba4dc-b0a4-4355-b1bf-487159393eee\" data-dt-img-description=\"\" data-large_image_width=\"2560\" data-large_image_height=\"1920\"href='https:\/\/www.radiopiu.net\/wordpress\/wp-content\/uploads\/2025\/02\/c76ba4dc-b0a4-4355-b1bf-487159393eee-scaled.jpg'><img loading=\"lazy\" decoding=\"async\" width=\"150\" height=\"150\" src=\"https:\/\/www.radiopiu.net\/wordpress\/wp-content\/uploads\/2025\/02\/c76ba4dc-b0a4-4355-b1bf-487159393eee-150x150.jpg\" class=\"attachment-thumbnail size-thumbnail\" alt=\"\" \/><\/a>\n\t\t\t\t<\/dt><\/dl><br style=\"clear: both\" \/>\n\t\t\t<\/div>\n\n<p>&nbsp;<\/p>\n<hr \/>\n<blockquote>\n<h3><\/h3>\n<h3><\/h3>\n<h3><a class=\"dt-pswp-item\" href=\"https:\/\/www.radiopiu.net\/wordpress\/wp-content\/uploads\/2025\/02\/ZAIA-scaled.jpg\" data-dt-img-description=\"\" data-large_image_width=\"2560\" data-large_image_height=\"1708\"><img loading=\"lazy\" decoding=\"async\" class=\"size-medium wp-image-432975 alignleft\" src=\"https:\/\/www.radiopiu.net\/wordpress\/wp-content\/uploads\/2025\/02\/ZAIA-300x200.jpg\" alt=\"\" width=\"300\" height=\"200\" srcset=\"https:\/\/www.radiopiu.net\/wordpress\/wp-content\/uploads\/2025\/02\/ZAIA-300x200.jpg 300w, https:\/\/www.radiopiu.net\/wordpress\/wp-content\/uploads\/2025\/02\/ZAIA-1024x683.jpg 1024w, https:\/\/www.radiopiu.net\/wordpress\/wp-content\/uploads\/2025\/02\/ZAIA-768x512.jpg 768w, https:\/\/www.radiopiu.net\/wordpress\/wp-content\/uploads\/2025\/02\/ZAIA-1536x1025.jpg 1536w, https:\/\/www.radiopiu.net\/wordpress\/wp-content\/uploads\/2025\/02\/ZAIA-2048x1366.jpg 2048w\" sizes=\"auto, (max-width: 300px) 100vw, 300px\" \/><\/a><\/h3>\n<h3>QUINTO ANNIVERSARIO DELL&#8217;EMERGENZA COVID-19<\/h3>\n<\/blockquote>\n<p><strong>VENEZIA<\/strong> Il presidente della Regione Veneto, Luca Zaia, ricorda il quinto anniversario dell\u2019emergenza Covid-19, che ha causato oltre 17mila vittime nella regione. Sottolinea l\u2019impegno straordinario di medici, operatori sanitari e cittadini nella lotta alla pandemia. Il Veneto adott\u00f2 misure innovative, come la sorveglianza attiva a Vo\u2019 Euganeo e l\u2019ampliamento della terapia intensiva fino a 1.000 posti. La campagna vaccinale ha raggiunto l\u201980% della popolazione, contribuendo a ridurre i decessi. Dal 2023, la regione ha organizzato 37 esercitazioni SIMEX per prepararsi a future pandemie. Zaia ribadisce l\u2019importanza della formazione continua e della cooperazione per rafforzare il sistema sanitario.<\/p>\n<p>&nbsp;<\/p>\n<p>&nbsp;<\/p>\n<hr \/>\n<p>&nbsp;<\/p>\n<h3 class=\"_title post-title entry-title\">BELLUNO | PONTE DELLA VITTORIA TRA I \u2018LUOGHI DEL CUORE\u2019, L\u2019APPELLO DI DEBORA CAPRIOGLIO<\/h3>\n<p>Intervistati DEBORA CAPRIOGLIO (ATTRICE) (Servizio di\u00a0<a href=\"https:\/\/antennatre.medianordest.it\/redazione\/Fabio-Fioravanzi\/\">Fabio Fioravanzi<\/a>)<\/p>\n<p><iframe loading=\"lazy\" title=\"PONTE DELLA VITTORIA TRA I &#039;LUOGHI DEL CUORE&#039;, L&#039;APPELLO DI DEBORA CAPRIOGLIO  | 20\/02\/2025\" width=\"1200\" height=\"675\" src=\"https:\/\/www.youtube.com\/embed\/IsOkzhgh9uU?feature=oembed\" frameborder=\"0\" allow=\"accelerometer; autoplay; clipboard-write; encrypted-media; gyroscope; picture-in-picture; web-share\" referrerpolicy=\"strict-origin-when-cross-origin\" allowfullscreen><\/iframe><\/p>\n<p>&nbsp;<\/p>\n<hr \/>\n<p>&nbsp;<\/p>\n<blockquote>\n<h3>CONGRESSO DELLA FIT CISL: CONFERMATA LA SEGRETERIA<\/h3>\n<\/blockquote>\n<p><strong><a class=\"dt-pswp-item\" href=\"https:\/\/www.radiopiu.net\/wordpress\/wp-content\/uploads\/2025\/02\/b08342f3-2480-4d16-a3c7-483a7a498206.jpg\" data-dt-img-description=\"\" data-large_image_width=\"1600\" data-large_image_height=\"1200\"><img loading=\"lazy\" decoding=\"async\" class=\" wp-image-435608 alignleft\" src=\"https:\/\/www.radiopiu.net\/wordpress\/wp-content\/uploads\/2025\/02\/b08342f3-2480-4d16-a3c7-483a7a498206-300x225.jpg\" alt=\"\" width=\"215\" height=\"161\" srcset=\"https:\/\/www.radiopiu.net\/wordpress\/wp-content\/uploads\/2025\/02\/b08342f3-2480-4d16-a3c7-483a7a498206-300x225.jpg 300w, https:\/\/www.radiopiu.net\/wordpress\/wp-content\/uploads\/2025\/02\/b08342f3-2480-4d16-a3c7-483a7a498206-1024x768.jpg 1024w, https:\/\/www.radiopiu.net\/wordpress\/wp-content\/uploads\/2025\/02\/b08342f3-2480-4d16-a3c7-483a7a498206-768x576.jpg 768w, https:\/\/www.radiopiu.net\/wordpress\/wp-content\/uploads\/2025\/02\/b08342f3-2480-4d16-a3c7-483a7a498206-1536x1152.jpg 1536w, https:\/\/www.radiopiu.net\/wordpress\/wp-content\/uploads\/2025\/02\/b08342f3-2480-4d16-a3c7-483a7a498206.jpg 1600w\" sizes=\"auto, (max-width: 215px) 100vw, 215px\" \/><\/a>TREVISO\/BELLUNO<\/strong> La Fit Cisl Belluno Treviso ha confermato la propria segreteria, con Maurizio Fonti alla guida, affiancato da Alessandro Bagagiolo e Stefano Bergamin. La federazione rappresenta i lavoratori del trasporto pubblico, della logistica e dell\u2019igiene ambientale, settori in crescita con 1.770 iscritti nel 2024 (+17% rispetto al 2023). In particolare, il comparto merci e logistica \u00e8 cresciuto significativamente, rappresentando il 50% degli iscritti. Il Congresso territoriale ha affrontato temi cruciali come la difficolt\u00e0 nel reperire personale qualificato, le condizioni di lavoro e la sicurezza. Fonti ha evidenziato l\u2019impatto dei turni frammentati nel trasporto pubblico e le problematiche fisiche legate alla raccolta porta a porta. Il recente rinnovo del contratto nazionale ha portato aumenti salariali fino a 270 euro. Durante l\u2019assemblea, il segretario regionale Claudio Capozucca ha sottolineato il ruolo centrale della Fit nel settore della logistica e dei trasporti. Massimiliano Paglini, segretario della Cisl Veneto, ha ribadito l\u2019impegno per l\u2019approvazione della legge sulla partecipazione dei lavoratori nella gestione delle imprese. Il Congresso si \u00e8 concluso con l\u2019intervento di Francesco Orr\u00f9, che ha evidenziato il ruolo strategico del sindacato nella tutela dei lavoratori e nelle sfide future del mercato del lavoro.<\/p>\n<p>&nbsp;<\/p>\n<p>&nbsp;<\/p>\n<hr \/>\n<p>&nbsp;<\/p>\n<blockquote>\n<h3>GUARDIE ECOLOGICHE VOLONTARIE: UNA PREZIOSA RISORSA PER LA VIGILANZA E IL RISPETTO DELL&#8217;AMBIENTE<\/h3>\n<\/blockquote>\n<p><strong><a class=\"dt-pswp-item\" href=\"https:\/\/www.radiopiu.net\/wordpress\/wp-content\/uploads\/2024\/03\/CESTARO.jpg\" data-dt-img-description=\"\" data-large_image_width=\"810\" data-large_image_height=\"540\"><img loading=\"lazy\" decoding=\"async\" class=\" wp-image-381549 alignleft\" src=\"https:\/\/www.radiopiu.net\/wordpress\/wp-content\/uploads\/2024\/03\/CESTARO-300x200.jpg\" alt=\"\" width=\"224\" height=\"149\" srcset=\"https:\/\/www.radiopiu.net\/wordpress\/wp-content\/uploads\/2024\/03\/CESTARO-300x200.jpg 300w, https:\/\/www.radiopiu.net\/wordpress\/wp-content\/uploads\/2024\/03\/CESTARO-768x512.jpg 768w, https:\/\/www.radiopiu.net\/wordpress\/wp-content\/uploads\/2024\/03\/CESTARO.jpg 810w\" sizes=\"auto, (max-width: 224px) 100vw, 224px\" \/><\/a>VENEZIA<\/strong> La Regione Veneto ha chiarito il ruolo delle Guardie Ecologiche Volontarie (Gev), riconoscendole come guardie giurate con poteri di controllo e sanzione. Esse operano esclusivamente per l\u2019ente richiedente e non sono assimilabili a gruppi di volontariato. Le Gev acquisiscono le loro competenze attraverso un corso e un esame specifico. I loro compiti riguardano il controllo sull\u2019abbandono dei rifiuti, la raccolta regolamentata di funghi, tartufi e flora protetta, oltre alla vigilanza in ambiti silvo-pastorali. Non hanno competenze sulla fauna omeoterma o ittica. La consigliera regionale della Lega, Silvia Cestaro, ha ribadito questi punti dopo l\u2019approvazione del progetto di legge n. 256 in I Commissione.<\/p>\n<p><strong>LA CONSIGLIERA REGIONALE SILVIA CESTARO<\/strong><\/p>\n<audio class=\"wp-audio-shortcode\" id=\"audio-435526-8\" preload=\"none\" style=\"width: 100%;\" controls=\"controls\"><source type=\"audio\/mpeg\" src=\"https:\/\/www.radiopiu.net\/wordpress\/wp-content\/uploads\/2025\/02\/CESTARO-GUARDIE-ECOLOGICHE.mp3?_=8\" \/><a href=\"https:\/\/www.radiopiu.net\/wordpress\/wp-content\/uploads\/2025\/02\/CESTARO-GUARDIE-ECOLOGICHE.mp3\">https:\/\/www.radiopiu.net\/wordpress\/wp-content\/uploads\/2025\/02\/CESTARO-GUARDIE-ECOLOGICHE.mp3<\/a><\/audio>\n<p>&nbsp;<\/p>\n<hr \/>\n<p>&nbsp;<\/p>\n<blockquote>\n<h3>AL VIA I LAVORI PER IL PARCO INCLUSIVO DI BELLUNO<\/h3>\n<\/blockquote>\n<p><strong><a class=\"dt-pswp-item\" href=\"https:\/\/www.radiopiu.net\/wordpress\/wp-content\/uploads\/2025\/02\/Parco-San-Lorenzo.jpeg\" data-dt-img-description=\"\" data-large_image_width=\"2048\" data-large_image_height=\"1153\"><img loading=\"lazy\" decoding=\"async\" class=\" wp-image-435617 alignleft\" src=\"https:\/\/www.radiopiu.net\/wordpress\/wp-content\/uploads\/2025\/02\/Parco-San-Lorenzo-300x169.jpeg\" alt=\"\" width=\"225\" height=\"127\" srcset=\"https:\/\/www.radiopiu.net\/wordpress\/wp-content\/uploads\/2025\/02\/Parco-San-Lorenzo-300x169.jpeg 300w, https:\/\/www.radiopiu.net\/wordpress\/wp-content\/uploads\/2025\/02\/Parco-San-Lorenzo-1024x577.jpeg 1024w, https:\/\/www.radiopiu.net\/wordpress\/wp-content\/uploads\/2025\/02\/Parco-San-Lorenzo-768x432.jpeg 768w, https:\/\/www.radiopiu.net\/wordpress\/wp-content\/uploads\/2025\/02\/Parco-San-Lorenzo-1536x865.jpeg 1536w, https:\/\/www.radiopiu.net\/wordpress\/wp-content\/uploads\/2025\/02\/Parco-San-Lorenzo.jpeg 2048w\" sizes=\"auto, (max-width: 225px) 100vw, 225px\" \/><\/a>BELLUNO<\/strong> Il cantiere per la realizzazione del Parco inclusivo &#8220;L\u2019Isola che non c\u2019\u00e8&#8221; \u00e8 ufficialmente avviato all&#8217;interno del Parco Citt\u00e0 di Bologna. L\u2019opera, affidata alla ditta Proludic, sar\u00e0 il primo parco giochi inclusivo della provincia e uno dei pi\u00f9 grandi d\u2019Europa. Il sindaco Oscar De Pellegrin sottolinea l\u2019importanza di questo progetto come simbolo di una comunit\u00e0 inclusiva e ringrazia la Fondazione De Rigo per il supporto. L&#8217;area di cantiere sar\u00e0 liberata dai giochi esistenti, che verranno redistribuiti in altre zone verdi di Belluno. Il parco includer\u00e0 cinque aree tematiche ispirate alla fiaba di Peter Pan: il galeone Jolly Roger, la Laguna delle Sirene, la Roccia del Teschio, il Campo indiano e l&#8217;Albero. Grande attenzione \u00e8 stata data all\u2019accessibilit\u00e0, con giochi e strutture adatti a bambini con disabilit\u00e0 motorie e sensoriali, tra cui un tappeto elastico per sedie a rotelle e una Tavola di comunicazione per chi ha difficolt\u00e0 verbali. Il parco, di 660 metri quadri, potr\u00e0 accogliere fino a 130 bambini contemporaneamente. L\u2019assessore Lorenza De Kunovich evidenzia il valore sociale del progetto, mentre Gianfranco Sommavilla, promotore dell\u2019iniziativa, esprime emozione nel vedere il sogno prendere forma.<\/p>\n<p>&nbsp;<\/p>\n<p>&nbsp;<\/p>\n<hr \/>\n<p>&nbsp;<\/p>\n<blockquote>\n<h3>IL COMUNE DI BELLUNO APPROVA PUMS E PGTU<\/h3>\n<\/blockquote>\n<p><strong><a class=\"dt-pswp-item\" href=\"https:\/\/www.radiopiu.net\/wordpress\/wp-content\/uploads\/2025\/02\/BELLUNO-FONTANA.jpg\" data-dt-img-description=\"\" data-large_image_width=\"2048\" data-large_image_height=\"1152\"><img loading=\"lazy\" decoding=\"async\" class=\" wp-image-435623 alignleft\" src=\"https:\/\/www.radiopiu.net\/wordpress\/wp-content\/uploads\/2025\/02\/BELLUNO-FONTANA-300x169.jpg\" alt=\"\" width=\"224\" height=\"126\" srcset=\"https:\/\/www.radiopiu.net\/wordpress\/wp-content\/uploads\/2025\/02\/BELLUNO-FONTANA-300x169.jpg 300w, https:\/\/www.radiopiu.net\/wordpress\/wp-content\/uploads\/2025\/02\/BELLUNO-FONTANA-1024x576.jpg 1024w, https:\/\/www.radiopiu.net\/wordpress\/wp-content\/uploads\/2025\/02\/BELLUNO-FONTANA-768x432.jpg 768w, https:\/\/www.radiopiu.net\/wordpress\/wp-content\/uploads\/2025\/02\/BELLUNO-FONTANA-1536x864.jpg 1536w, https:\/\/www.radiopiu.net\/wordpress\/wp-content\/uploads\/2025\/02\/BELLUNO-FONTANA.jpg 2048w\" sizes=\"auto, (max-width: 224px) 100vw, 224px\" \/><\/a>BELLUNO<\/strong> Il Comune di Belluno ha adottato il PUMS e il PGTU, piani per la mobilit\u00e0 sostenibile e il traffico, aggiornando quelli in vigore da vent\u2019anni. I documenti saranno pubblicati per 60 giorni per raccogliere osservazioni prima dell\u2019approvazione finale. Il processo \u00e8 stato condiviso con cittadini, professionisti e associazioni. Un questionario ha raccolto dati sulle abitudini di spostamento, rivelando che l\u2019auto \u00e8 il mezzo pi\u00f9 usato (82%), seguita dal trasporto pubblico (4%) e dagli spostamenti a piedi (5%). La congestione \u00e8 critica sulla SS50 con 26.000 veicoli al giorno. L\u2019amministrazione prevede interventi sperimentali per migliorare viabilit\u00e0 e trasporto pubblico, incentivando una mobilit\u00e0 pi\u00f9 sostenibile.<\/p>\n<p>&nbsp;<\/p>\n<p>&nbsp;<\/p>\n<hr \/>\n<p>&nbsp;<\/p>\n<blockquote>\n<h3>DOMANI LA PRESENTAZIONE DEL PATTO DIGITALE AGORDINO<\/h3>\n<\/blockquote>\n<p><strong><a class=\"dt-pswp-item\" href=\"https:\/\/www.radiopiu.net\/wordpress\/wp-content\/uploads\/2021\/09\/Nof-Filo-scaled.jpg\" data-dt-img-description=\"\" data-large_image_width=\"2560\" data-large_image_height=\"1440\"><img loading=\"lazy\" decoding=\"async\" class=\" wp-image-232764 alignleft\" src=\"https:\/\/www.radiopiu.net\/wordpress\/wp-content\/uploads\/2021\/09\/Nof-Filo-300x169.jpg\" alt=\"\" width=\"225\" height=\"127\" srcset=\"https:\/\/www.radiopiu.net\/wordpress\/wp-content\/uploads\/2021\/09\/Nof-Filo-300x169.jpg 300w, https:\/\/www.radiopiu.net\/wordpress\/wp-content\/uploads\/2021\/09\/Nof-Filo-1024x576.jpg 1024w, https:\/\/www.radiopiu.net\/wordpress\/wp-content\/uploads\/2021\/09\/Nof-Filo-768x432.jpg 768w, https:\/\/www.radiopiu.net\/wordpress\/wp-content\/uploads\/2021\/09\/Nof-Filo-1536x864.jpg 1536w, https:\/\/www.radiopiu.net\/wordpress\/wp-content\/uploads\/2021\/09\/Nof-Filo-2048x1152.jpg 2048w\" sizes=\"auto, (max-width: 225px) 100vw, 225px\" \/><\/a>CENCENIGHE<\/strong><\/p>\n<p>DI GIANNI SANTOMASO<\/p>\n<audio class=\"wp-audio-shortcode\" id=\"audio-435526-9\" preload=\"none\" style=\"width: 100%;\" controls=\"controls\"><source type=\"audio\/mpeg\" src=\"https:\/\/www.radiopiu.net\/wordpress\/wp-content\/uploads\/2025\/02\/GIANNI-DOMANI-LA-PRESENTAZIONE-DEL-PATTO-DIGITALE-AGORDINO.mp3?_=9\" \/><a href=\"https:\/\/www.radiopiu.net\/wordpress\/wp-content\/uploads\/2025\/02\/GIANNI-DOMANI-LA-PRESENTAZIONE-DEL-PATTO-DIGITALE-AGORDINO.mp3\">https:\/\/www.radiopiu.net\/wordpress\/wp-content\/uploads\/2025\/02\/GIANNI-DOMANI-LA-PRESENTAZIONE-DEL-PATTO-DIGITALE-AGORDINO.mp3<\/a><\/audio>\n<p>&nbsp;<\/p>\n<hr \/>\n<p>&nbsp;<\/p>\n<blockquote>\n<h3 class=\"entry-title\">LAVORATORI LUXOTTICA: INCIVILTA\u2019 E MALEDUCAZIONE QUOTIDIANA<\/h3>\n<\/blockquote>\n<p><strong>AGORDO<\/strong> Valcozzena, parcheggi Luxottica? No parcheggi delle attivit\u00e0 locali e la situazione peggiora giorno dopo giorno. Ieri un\u2019auto parcheggiata davanti al garage, da ore\u2026 e se qualcuno deve uscire chiamer\u00e0 Botol Car Service con il carro attrezzi\u2026 Speriamo che la prossima volta non si parcheggi direttamente in garage o all\u2019interno delle attivit\u00e0 visto l\u2019aria che tira, l\u2019incivilt\u00e0 e il menefreghismo.<\/p>\n<p><a class=\"dt-pswp-item\" href=\"https:\/\/www.radiopiu.net\/wordpress\/wp-content\/uploads\/2025\/02\/8c649704-4260-4956-a703-cce76b134411.jpg\" data-dt-img-description=\"\" data-large_image_width=\"1200\" data-large_image_height=\"1600\"><img loading=\"lazy\" decoding=\"async\" class=\"size-medium wp-image-435590 aligncenter\" src=\"https:\/\/www.radiopiu.net\/wordpress\/wp-content\/uploads\/2025\/02\/8c649704-4260-4956-a703-cce76b134411-225x300.jpg\" alt=\"\" width=\"225\" height=\"300\" srcset=\"https:\/\/www.radiopiu.net\/wordpress\/wp-content\/uploads\/2025\/02\/8c649704-4260-4956-a703-cce76b134411-225x300.jpg 225w, https:\/\/www.radiopiu.net\/wordpress\/wp-content\/uploads\/2025\/02\/8c649704-4260-4956-a703-cce76b134411-768x1024.jpg 768w, https:\/\/www.radiopiu.net\/wordpress\/wp-content\/uploads\/2025\/02\/8c649704-4260-4956-a703-cce76b134411-1152x1536.jpg 1152w, https:\/\/www.radiopiu.net\/wordpress\/wp-content\/uploads\/2025\/02\/8c649704-4260-4956-a703-cce76b134411.jpg 1200w\" sizes=\"auto, (max-width: 225px) 100vw, 225px\" \/><\/a><\/p>\n<p>&nbsp;<\/p>\n<hr \/>\n<p>&nbsp;<\/p>\n<blockquote>\n<h3><a class=\"dt-pswp-item\" href=\"https:\/\/www.radiopiu.net\/wordpress\/wp-content\/uploads\/2020\/03\/MANI-ANZIANI.jpg\" data-dt-img-description=\"\" data-large_image_width=\"1920\" data-large_image_height=\"1280\"><img loading=\"lazy\" decoding=\"async\" class=\" wp-image-125005 alignleft\" src=\"https:\/\/www.radiopiu.net\/wordpress\/wp-content\/uploads\/2020\/03\/MANI-ANZIANI-300x200.jpg\" alt=\"\" width=\"182\" height=\"121\" srcset=\"https:\/\/www.radiopiu.net\/wordpress\/wp-content\/uploads\/2020\/03\/MANI-ANZIANI-300x200.jpg 300w, https:\/\/www.radiopiu.net\/wordpress\/wp-content\/uploads\/2020\/03\/MANI-ANZIANI-1024x683.jpg 1024w, https:\/\/www.radiopiu.net\/wordpress\/wp-content\/uploads\/2020\/03\/MANI-ANZIANI-768x512.jpg 768w, https:\/\/www.radiopiu.net\/wordpress\/wp-content\/uploads\/2020\/03\/MANI-ANZIANI-1536x1024.jpg 1536w, https:\/\/www.radiopiu.net\/wordpress\/wp-content\/uploads\/2020\/03\/MANI-ANZIANI.jpg 1920w\" sizes=\"auto, (max-width: 182px) 100vw, 182px\" \/><\/a>TRUFFE AGLI ANZIANI: ALTA L&#8217;ATTENZIONE<\/h3>\n<\/blockquote>\n<p><strong>DI BARBARA PAOLAZZI<\/strong><\/p>\n<audio class=\"wp-audio-shortcode\" id=\"audio-435526-10\" preload=\"none\" style=\"width: 100%;\" controls=\"controls\"><source type=\"audio\/mpeg\" src=\"https:\/\/www.radiopiu.net\/wordpress\/wp-content\/uploads\/2025\/02\/PAOLAZZI-TRUFFE-AGLI-ANZIANI.mp3?_=10\" \/><a href=\"https:\/\/www.radiopiu.net\/wordpress\/wp-content\/uploads\/2025\/02\/PAOLAZZI-TRUFFE-AGLI-ANZIANI.mp3\">https:\/\/www.radiopiu.net\/wordpress\/wp-content\/uploads\/2025\/02\/PAOLAZZI-TRUFFE-AGLI-ANZIANI.mp3<\/a><\/audio>\n<p>&nbsp;<\/p>\n<p>&nbsp;<\/p>\n<p>&nbsp;<\/p>\n<hr \/>\n<p>&nbsp;<\/p>\n<blockquote>\n<h3><a class=\"dt-pswp-item\" href=\"https:\/\/www.radiopiu.net\/wordpress\/wp-content\/uploads\/2025\/02\/fiera-costruire-146.jpg\" data-dt-img-description=\"\" data-large_image_width=\"2048\" data-large_image_height=\"1365\"><img loading=\"lazy\" decoding=\"async\" class=\" wp-image-435619 alignleft\" src=\"https:\/\/www.radiopiu.net\/wordpress\/wp-content\/uploads\/2025\/02\/fiera-costruire-146-300x200.jpg\" alt=\"\" width=\"236\" height=\"157\" srcset=\"https:\/\/www.radiopiu.net\/wordpress\/wp-content\/uploads\/2025\/02\/fiera-costruire-146-300x200.jpg 300w, https:\/\/www.radiopiu.net\/wordpress\/wp-content\/uploads\/2025\/02\/fiera-costruire-146-1024x683.jpg 1024w, https:\/\/www.radiopiu.net\/wordpress\/wp-content\/uploads\/2025\/02\/fiera-costruire-146-768x512.jpg 768w, https:\/\/www.radiopiu.net\/wordpress\/wp-content\/uploads\/2025\/02\/fiera-costruire-146-1536x1024.jpg 1536w, https:\/\/www.radiopiu.net\/wordpress\/wp-content\/uploads\/2025\/02\/fiera-costruire-146.jpg 2048w\" sizes=\"auto, (max-width: 236px) 100vw, 236px\" \/><\/a>IL SECONDO FINE SETTIMANA DI COSTRUIRE A LONGARONE FIERE<\/h3>\n<\/blockquote>\n<p><strong>LONGARONE<\/strong> Il secondo weekend di \u201cCostruire\u201d a Longarone Fiere Dolomiti sar\u00e0 dedicato a edilizia, sostenibilit\u00e0 e sicurezza. L\u2019evento offre approfondimenti tecnici per gli addetti ai lavori e prosegue con Arte Fiera Dolomiti, che ha gi\u00e0 attirato molti visitatori. Oggi si terranno convegni su novit\u00e0 fiscali e agevolazioni per l\u2019edilizia, inclusa la Direttiva Green, oltre a corsi pratici sulla sicurezza nei cantieri. Domani sar\u00e0 incentrato sulla sostenibilit\u00e0, con incontri su welfare ed edilizia green. Un focus speciale sar\u00e0 dedicato ai moderni impianti tecnologici a biomasse, con incentivi fino al 65% per la riqualificazione di stufe e camini.<\/p>\n<p>&nbsp;<\/p>\n<p>&nbsp;<\/p>\n<hr \/>\n<p>&nbsp;<\/p>\n<blockquote>\n<h3>CANTIERI OLIMPICI E WELFARE: I COSTRUTTORI BELLUNESI RILANCIANO IL REGOLAMENTO ASSISTENZE DELLA CASSA EDILE<\/h3>\n<\/blockquote>\n<p><strong><a class=\"dt-pswp-item\" href=\"https:\/\/www.radiopiu.net\/wordpress\/wp-content\/uploads\/2021\/05\/CONFINDUSTRIA.png\" data-dt-img-description=\"\" data-large_image_width=\"575\" data-large_image_height=\"575\"><img loading=\"lazy\" decoding=\"async\" class=\" wp-image-211858 alignleft\" src=\"https:\/\/www.radiopiu.net\/wordpress\/wp-content\/uploads\/2021\/05\/CONFINDUSTRIA-300x300.png\" alt=\"\" width=\"109\" height=\"109\" srcset=\"https:\/\/www.radiopiu.net\/wordpress\/wp-content\/uploads\/2021\/05\/CONFINDUSTRIA-300x300.png 300w, https:\/\/www.radiopiu.net\/wordpress\/wp-content\/uploads\/2021\/05\/CONFINDUSTRIA-150x150.png 150w, https:\/\/www.radiopiu.net\/wordpress\/wp-content\/uploads\/2021\/05\/CONFINDUSTRIA.png 575w\" sizes=\"auto, (max-width: 109px) 100vw, 109px\" \/><\/a>BELLUNO<\/strong> Sabato 22 febbraio, alla Fiera \u201cCostruire\u201d di Longarone, sar\u00e0 presentato il nuovo Regolamento delle Assistenze della Cassa Edile di Belluno, che interessa oltre 4.000 lavoratori. Riscritto secondo il \u201clegal design\u201d per una maggiore chiarezza, il regolamento mantiene i contenuti originali ma li rende pi\u00f9 accessibili. Le misure comprendono contributi per istruzione, sostegno agli affitti e assistenza socio-sanitaria. Il settore edilizio bellunese \u00e8 in crescita grazie al PNRR e ai cantieri olimpici, e il welfare diventa uno strumento strategico per attrarre nuovi lavoratori. L\u2019evento, organizzato da Ance Belluno, Confindustria Belluno Dolomiti e Cassa Edile, inizier\u00e0 alle 9 con un welcome coffee e un intervento dell\u2019avvocato Marco Imperiale di Better Ipsum. La partecipazione \u00e8 gratuita.<\/p>\n<p>&nbsp;<\/p>\n<p>&nbsp;<\/p>\n<hr \/>\n<p>&nbsp;<\/p>\n<blockquote>\n<h3>IL PROGETTO MICRO-ALPS<\/h3>\n<\/blockquote>\n<p><strong>LONGARONE<\/strong> Micro-Alps \u00e8 un progetto innovativo co-finanziato dal Programma Interreg Italia-Austria 2021-2027, che mira a ridurre le microplastiche nei corpi idrici alpini, con particolare attenzione al settore dell\u2019occhialeria. Il progetto coinvolge il Competence Hub Certottica di Longarone (capofila), l\u2019Universit\u00e0 Ca\u2019 Foscari di Venezia, l\u2019\u00d6koinstitut di Bolzano e l\u2019Universit\u00e0 di Scienze Applicate della Carinzia. L\u2019iniziativa studier\u00e0 il rilascio di microplastiche nella molatura delle lenti e cercher\u00e0 soluzioni per il loro riciclo, trasformandole in materiali riutilizzabili per la stampa 3D. Saranno avviate attivit\u00e0 di sensibilizzazione nelle scuole e nelle aziende, con un focus sulla sostenibilit\u00e0 e sull\u2019economia circolare. Il progetto avr\u00e0 una durata di due anni e si concluder\u00e0 a marzo 2027.<\/p>\n<p>&nbsp;<\/p>\n<p>&nbsp;<\/p>\n<hr \/>\n<p>&nbsp;<\/p>\n<blockquote>\n<h3><a class=\"dt-pswp-item\" href=\"https:\/\/www.radiopiu.net\/wordpress\/wp-content\/uploads\/2023\/10\/VAJONT-GIORNO-DOPO-FOTO-ZANFRON.png\" data-dt-img-description=\"\" data-large_image_width=\"1196\" data-large_image_height=\"804\"><img loading=\"lazy\" decoding=\"async\" class=\" wp-image-356135 alignleft\" src=\"https:\/\/www.radiopiu.net\/wordpress\/wp-content\/uploads\/2023\/10\/VAJONT-GIORNO-DOPO-FOTO-ZANFRON-300x202.png\" alt=\"\" width=\"196\" height=\"132\" srcset=\"https:\/\/www.radiopiu.net\/wordpress\/wp-content\/uploads\/2023\/10\/VAJONT-GIORNO-DOPO-FOTO-ZANFRON-300x202.png 300w, https:\/\/www.radiopiu.net\/wordpress\/wp-content\/uploads\/2023\/10\/VAJONT-GIORNO-DOPO-FOTO-ZANFRON-1024x688.png 1024w, https:\/\/www.radiopiu.net\/wordpress\/wp-content\/uploads\/2023\/10\/VAJONT-GIORNO-DOPO-FOTO-ZANFRON-768x516.png 768w, https:\/\/www.radiopiu.net\/wordpress\/wp-content\/uploads\/2023\/10\/VAJONT-GIORNO-DOPO-FOTO-ZANFRON.png 1196w\" sizes=\"auto, (max-width: 196px) 100vw, 196px\" \/><\/a>UN CORSO PER INFORMATORI DELLA MEMORIA DEL VAJONT<\/h3>\n<\/blockquote>\n<p><strong>LONGARONE<\/strong> La Fondazione Vajont 9 ottobre 1963 Onlus organizza un corso di formazione per Informatori della Memoria, figure che guidano i visitatori sulla diga del Vajont. Il corso si svolger\u00e0 a Longarone dal 28 febbraio al 30 maggio, ogni venerd\u00ec dalle 17:00 alle 19:00, con possibilit\u00e0 di partecipazione online. Comprender\u00e0 10 lezioni, due uscite sul territorio e interventi di esperti e superstiti, approfondendo vari aspetti del disastro del Vajont. Il corso \u00e8 gratuito e si conclude con un test e un attestato. Per iscrizioni, contattare <a rel=\"noopener\" data-start=\"532\" data-end=\"550\">vajont60@gmail.com<\/a>.<\/p>\n<p>&nbsp;<\/p>\n<p>&nbsp;<\/p>\n<hr \/>\n<p>&nbsp;<\/p>\n<h2><span style=\"color: #ff0000;\">CONSIGLI COMUNALI IN AGORDINO<\/span><\/h2>\n<p><strong>CANALE D&#8217;AGORDO<\/strong> E&#8217; in programma per mercoled\u00ec 26 febbraio alle 20 il consiglio comunale. Il Sindaco Massimo Murer ha convocato i consiglieri per trattare 9 punti all&#8217;ordine del giorno tra cui l&#8217;aliquota comunale all&#8217;imposta sul reddito, l&#8217;IMU, la verifica delle aree fabbricabili, l&#8217;approvazione del DUP, la nomina del revisore dei conti, l&#8217;approvazione del bilancio 2025\/27 e le revisioni del contratto di concessione in localit\u00e0 Col Mont e Malga Stia.<\/p>\n<p>&nbsp;<\/p>\n<p>&nbsp;<\/p>\n<hr \/>\n<p>&nbsp;<\/p>\n<blockquote>\n<h3>L&#8217;ASSEMBLEA ANNUALE DELLA SEZIONE ANA DI FELTRE<\/h3>\n<\/blockquote>\n<p><strong><a class=\"dt-pswp-item\" href=\"https:\/\/www.radiopiu.net\/wordpress\/wp-content\/uploads\/2023\/03\/ALPINI.png\" data-dt-img-description=\"\" data-large_image_width=\"245\" data-large_image_height=\"208\"><img loading=\"lazy\" decoding=\"async\" class=\" wp-image-326487 alignleft\" src=\"https:\/\/www.radiopiu.net\/wordpress\/wp-content\/uploads\/2023\/03\/ALPINI.png\" alt=\"\" width=\"139\" height=\"118\" \/><\/a>FELTRE<\/strong> Domenica 23 febbraio, nell\u2019Auditorium dell\u2019Istituto Canossiane di Feltre, si terr\u00e0 l\u2019Assemblea Generale della Sezione locale dell\u2019Associazione Nazionale Alpini, con il rinnovo del Presidente e del Consiglio direttivo. La giornata inizier\u00e0 alle 7.30 con l\u2019apertura del seggio elettorale, seguita dalla S. Messa alle 8.00 in onore dei Caduti. Alle 9.00 inizier\u00e0 l\u2019Assemblea con le relazioni del Presidente Stefano Mariech e dei vicepresidenti. Seguir\u00e0 la consegna dei riconoscimenti e gli interventi delle Autorit\u00e0, poi la sfilata fino al Monumento ai Caduti, accompagnata dalla Fanfara Alpina di Borsoi d\u2019Alpago. Il pranzo sociale si terr\u00e0 alla Birreria Pedavena. Venerd\u00ec 21 febbraio, alle 20.30, l\u2019evento sar\u00e0 anticipato da una serata culturale con la rappresentazione teatrale e musicale di <em data-start=\"792\" data-end=\"823\">Centomila gavette di ghiaccio<\/em> di Giulio Bedeschi, eseguita da Kamina Teatro con Andrea Brugnera e i cori A.N.A. Piave Feltre e A.N.A. Novale.<\/p>\n<p>&nbsp;<\/p>\n<p>&nbsp;<\/p>\n<hr \/>\n<p>&nbsp;<\/p>\n<blockquote>\n<p data-start=\"0\" data-end=\"60\"><strong data-start=\"0\" data-end=\"58\"><a class=\"dt-pswp-item\" href=\"https:\/\/www.radiopiu.net\/wordpress\/wp-content\/uploads\/2025\/02\/Senza-nome-50.png\" data-dt-img-description=\"\" data-large_image_width=\"180\" data-large_image_height=\"222\"><img loading=\"lazy\" decoding=\"async\" class=\" wp-image-435124 alignleft\" src=\"https:\/\/www.radiopiu.net\/wordpress\/wp-content\/uploads\/2025\/02\/Senza-nome-50.png\" alt=\"\" width=\"119\" height=\"147\" \/><\/a>Longarone: corso gratuito per l\u2019uso del defibrillatore<\/strong><\/p>\n<\/blockquote>\n<p><strong>LONGARONE<\/strong> si terr\u00e0 a marzo un corso gratuito B.L.S.D. (Basic Life Support and Defibrillation) per insegnare l\u2019uso del defibrillatore semiautomatico esterno e le tecniche di rianimazione. L\u2019iniziativa, promossa dal Comune con la Pro Loco e altre associazioni, mira a formare cittadini in grado di gestire emergenze cardiache. Due defibrillatori sono gi\u00e0 presenti in paese, ma la conoscenza del loro utilizzo \u00e8 fondamentale. Iscrizioni entro il 9 marzo tramite la Pro Loco di Longarone.<\/p>\n<p>&nbsp;<\/p>\n<p>&nbsp;<\/p>\n<hr \/>\n<p>&nbsp;<\/p>\n<p><strong><a class=\"dt-pswp-item\" href=\"https:\/\/www.radiopiu.net\/wordpress\/wp-content\/uploads\/2024\/11\/AMICI-MINERARI.png\" data-dt-img-description=\"\" data-large_image_width=\"209\" data-large_image_height=\"174\"><img loading=\"lazy\" decoding=\"async\" class=\" wp-image-419180 alignleft\" src=\"https:\/\/www.radiopiu.net\/wordpress\/wp-content\/uploads\/2024\/11\/AMICI-MINERARI.png\" alt=\"\" width=\"168\" height=\"140\" \/><\/a>&#8220;Con gli Amici dei Minerari: Serate d&#8217;Inverno \u2013 un viaggio tra storia, scienza e meraviglie. Incontri presso la Sala con Tamis. Non mancare!&#8221;<\/strong><\/p>\n<ul>\n<li><em>Oggi ore 20:30<\/em>: &#8220;Il traforo del Brennero: studio, progettazione e realizzazione&#8221; \u2013 Relatori Vittorio Fenti e Mario Guadagnini.<\/li>\n<\/ul>\n<p><strong>Vivi la cultura e la passione per la montagna!\u00a0<\/strong><\/p>\n<p>&nbsp;<\/p>\n<p>&nbsp;<\/p>\n<hr \/>\n<p>&nbsp;<\/p>\n<blockquote>\n<h2><a class=\"dt-pswp-item\" href=\"https:\/\/www.radiopiu.net\/wordpress\/wp-content\/uploads\/2024\/01\/Foto-Carnevale_0001-9-scaled.jpg\" data-dt-img-description=\"\" data-large_image_width=\"1825\" data-large_image_height=\"2560\"><img loading=\"lazy\" decoding=\"async\" class=\"wp-image-371954 alignleft\" src=\"https:\/\/www.radiopiu.net\/wordpress\/wp-content\/uploads\/2024\/01\/Foto-Carnevale_0001-9-214x300.jpg\" alt=\"\" width=\"85\" height=\"119\" srcset=\"https:\/\/www.radiopiu.net\/wordpress\/wp-content\/uploads\/2024\/01\/Foto-Carnevale_0001-9-214x300.jpg 214w, https:\/\/www.radiopiu.net\/wordpress\/wp-content\/uploads\/2024\/01\/Foto-Carnevale_0001-9-730x1024.jpg 730w, https:\/\/www.radiopiu.net\/wordpress\/wp-content\/uploads\/2024\/01\/Foto-Carnevale_0001-9-768x1078.jpg 768w, https:\/\/www.radiopiu.net\/wordpress\/wp-content\/uploads\/2024\/01\/Foto-Carnevale_0001-9-1095x1536.jpg 1095w, https:\/\/www.radiopiu.net\/wordpress\/wp-content\/uploads\/2024\/01\/Foto-Carnevale_0001-9-1460x2048.jpg 1460w, https:\/\/www.radiopiu.net\/wordpress\/wp-content\/uploads\/2024\/01\/Foto-Carnevale_0001-9-scaled.jpg 1825w\" sizes=\"auto, (max-width: 85px) 100vw, 85px\" \/><\/a>APPUNTAMENTI COL CARNEVALE<\/h2>\n<\/blockquote>\n<p>Ritorna carnevai de la vai, mascherate tradizionali delle dolomiti agordine.\u00a0 I prossimi appuntamenti: 22 febbraio LASTE DI ROCCA PIETORE, 23 febbraio a Rivamonte Agordino, 1 Marzo Sottoguda di Rocca Pietore, e 2 marzo a CANALE D&#8217;AGORDO aspettiamo anche te, con la tua maschera, tradizionale o di fantasia<\/p>\n<p><a class=\"dt-pswp-item\" href=\"https:\/\/www.radiopiu.net\/wordpress\/wp-content\/uploads\/2025\/02\/d553bc54-e3f2-40d2-9391-c5f1f404c169.jpg\" data-dt-img-description=\"\" data-large_image_width=\"1127\" data-large_image_height=\"1600\"><img loading=\"lazy\" decoding=\"async\" class=\"aligncenter wp-image-435039 size-large\" src=\"https:\/\/www.radiopiu.net\/wordpress\/wp-content\/uploads\/2025\/02\/d553bc54-e3f2-40d2-9391-c5f1f404c169-721x1024.jpg\" alt=\"\" width=\"721\" height=\"1024\" srcset=\"https:\/\/www.radiopiu.net\/wordpress\/wp-content\/uploads\/2025\/02\/d553bc54-e3f2-40d2-9391-c5f1f404c169-721x1024.jpg 721w, https:\/\/www.radiopiu.net\/wordpress\/wp-content\/uploads\/2025\/02\/d553bc54-e3f2-40d2-9391-c5f1f404c169-211x300.jpg 211w, https:\/\/www.radiopiu.net\/wordpress\/wp-content\/uploads\/2025\/02\/d553bc54-e3f2-40d2-9391-c5f1f404c169-768x1090.jpg 768w, https:\/\/www.radiopiu.net\/wordpress\/wp-content\/uploads\/2025\/02\/d553bc54-e3f2-40d2-9391-c5f1f404c169-1082x1536.jpg 1082w, https:\/\/www.radiopiu.net\/wordpress\/wp-content\/uploads\/2025\/02\/d553bc54-e3f2-40d2-9391-c5f1f404c169.jpg 1127w\" sizes=\"auto, (max-width: 721px) 100vw, 721px\" \/><\/a><\/p>\n<p>&nbsp;<\/p>\n<hr \/>\n<p>&nbsp;<\/p>\n<div class=\"flex max-w-full flex-col flex-grow\">\n<div class=\"min-h-8 text-message flex w-full flex-col items-end gap-2 whitespace-normal break-words text-start [.text-message+&amp;]:mt-5\" dir=\"auto\" data-message-author-role=\"assistant\" data-message-id=\"14ffa75b-69da-4a7a-8e57-5b29d3308788\" data-message-model-slug=\"gpt-4o\">\n<div class=\"flex w-full flex-col gap-1 empty:hidden first:pt-[3px]\">\n<div class=\"markdown prose w-full break-words dark:prose-invert dark\">\n<blockquote>\n<p data-start=\"0\" data-end=\"71\"><strong data-start=\"0\" data-end=\"69\">Rivamonte Agordino: torna la mascherata arcaica degli Olt da Riva<\/strong><\/p>\n<\/blockquote>\n<p data-start=\"73\" data-end=\"438\"><strong>DI GIANNI SANTOMASO<\/strong><\/p>\n<audio class=\"wp-audio-shortcode\" id=\"audio-435526-11\" preload=\"none\" style=\"width: 100%;\" controls=\"controls\"><source type=\"audio\/mpeg\" src=\"https:\/\/www.radiopiu.net\/wordpress\/wp-content\/uploads\/2025\/02\/GIANNI-CARNEVALE-A-RIVAMONTE.mp3?_=11\" \/><a href=\"https:\/\/www.radiopiu.net\/wordpress\/wp-content\/uploads\/2025\/02\/GIANNI-CARNEVALE-A-RIVAMONTE.mp3\">https:\/\/www.radiopiu.net\/wordpress\/wp-content\/uploads\/2025\/02\/GIANNI-CARNEVALE-A-RIVAMONTE.mp3<\/a><\/audio>\n<p><strong>\u00a0<\/strong><\/p>\n<p data-start=\"73\" data-end=\"438\"><strong>RIVAMONTE<\/strong> La tradizionale mascherata degli Olt da Riva e compagnia bela torna per la quinta edizione a Rivamonte Agordino, celebrando le antiche figure carnevalesche locali. Il corteo domenica 23 febbraio partir\u00e0 alle 14:30 dal Ristorante Al Molin, attraversando il paese tra musica e balli, per poi concludersi in piazza con intrattenimenti e il concorso per le maschere pi\u00f9 belle. L\u2019evento, organizzato dalla Pro Loco APS e dal Gruppo Folk del P\u00f3i, fa parte della rete delle Mascherate Arcaiche Dolomitiche, che ha presentato la candidatura all\u2019Unesco come Bene Immateriale.<\/p>\n<\/div>\n<\/div>\n<\/div>\n<\/div>\n<div class=\"mb-2 flex gap-3 empty:hidden -ml-2\">\n<div class=\"items-center justify-start rounded-xl p-1 flex\"><\/div>\n<\/div>\n\n\t\t\t<style type='text\/css'>\n\t\t\t\t#gallery-2 {\n\t\t\t\t\tmargin: auto;\n\t\t\t\t}\n\t\t\t\t#gallery-2 .gallery-item {\n\t\t\t\t\tfloat: left;\n\t\t\t\t\tmargin-top: 10px;\n\t\t\t\t\ttext-align: center;\n\t\t\t\t\twidth: 33%;\n\t\t\t\t}\n\t\t\t\t#gallery-2 img {\n\t\t\t\t\tborder: 2px solid #cfcfcf;\n\t\t\t\t}\n\t\t\t\t#gallery-2 .gallery-caption {\n\t\t\t\t\tmargin-left: 0;\n\t\t\t\t}\n\t\t\t\t\/* see gallery_shortcode() in wp-includes\/media.php *\/\n\t\t\t<\/style>\n\t\t<div id='gallery-2' class='dt-gallery-container gallery galleryid-435526 gallery-columns-3 gallery-size-thumbnail'><dl class='gallery-item'>\n\t\t\t\t<dt class='gallery-icon landscape'>\n\t\t\t\t\t<a class=\"rollover rollover-zoom dt-pswp-item\" title=\"Riva6\" data-dt-img-description=\"\" data-large_image_width=\"1218\" data-large_image_height=\"867\"href='https:\/\/www.radiopiu.net\/wordpress\/wp-content\/uploads\/2025\/02\/Riva6.jpg'><img loading=\"lazy\" decoding=\"async\" width=\"150\" height=\"150\" src=\"https:\/\/www.radiopiu.net\/wordpress\/wp-content\/uploads\/2025\/02\/Riva6-150x150.jpg\" class=\"attachment-thumbnail size-thumbnail\" alt=\"\" \/><\/a>\n\t\t\t\t<\/dt><\/dl><dl class='gallery-item'>\n\t\t\t\t<dt class='gallery-icon landscape'>\n\t\t\t\t\t<a class=\"rollover rollover-zoom dt-pswp-item\" title=\"Riva5\" data-dt-img-description=\"\" data-large_image_width=\"1423\" data-large_image_height=\"845\"href='https:\/\/www.radiopiu.net\/wordpress\/wp-content\/uploads\/2025\/02\/Riva5.jpg'><img loading=\"lazy\" decoding=\"async\" width=\"150\" height=\"150\" src=\"https:\/\/www.radiopiu.net\/wordpress\/wp-content\/uploads\/2025\/02\/Riva5-150x150.jpg\" class=\"attachment-thumbnail size-thumbnail\" alt=\"\" \/><\/a>\n\t\t\t\t<\/dt><\/dl><dl class='gallery-item'>\n\t\t\t\t<dt class='gallery-icon landscape'>\n\t\t\t\t\t<a class=\"rollover rollover-zoom dt-pswp-item\" title=\"Riva3\" data-dt-img-description=\"\" data-large_image_width=\"1507\" data-large_image_height=\"974\"href='https:\/\/www.radiopiu.net\/wordpress\/wp-content\/uploads\/2025\/02\/Riva3.jpg'><img loading=\"lazy\" decoding=\"async\" width=\"150\" height=\"150\" src=\"https:\/\/www.radiopiu.net\/wordpress\/wp-content\/uploads\/2025\/02\/Riva3-150x150.jpg\" class=\"attachment-thumbnail size-thumbnail\" alt=\"\" \/><\/a>\n\t\t\t\t<\/dt><\/dl><br style=\"clear: both\" \/><dl class='gallery-item'>\n\t\t\t\t<dt class='gallery-icon portrait'>\n\t\t\t\t\t<a class=\"rollover rollover-zoom dt-pswp-item\" title=\"Riva1\" data-dt-img-description=\"\" data-large_image_width=\"670\" data-large_image_height=\"681\"href='https:\/\/www.radiopiu.net\/wordpress\/wp-content\/uploads\/2025\/02\/Riva1.jpg'><img loading=\"lazy\" decoding=\"async\" width=\"150\" height=\"150\" src=\"https:\/\/www.radiopiu.net\/wordpress\/wp-content\/uploads\/2025\/02\/Riva1-150x150.jpg\" class=\"attachment-thumbnail size-thumbnail\" alt=\"\" \/><\/a>\n\t\t\t\t<\/dt><\/dl><dl class='gallery-item'>\n\t\t\t\t<dt class='gallery-icon landscape'>\n\t\t\t\t\t<a class=\"rollover rollover-zoom dt-pswp-item\" title=\"Riva2\" data-dt-img-description=\"\" data-large_image_width=\"851\" data-large_image_height=\"615\"href='https:\/\/www.radiopiu.net\/wordpress\/wp-content\/uploads\/2025\/02\/Riva2.jpg'><img loading=\"lazy\" decoding=\"async\" width=\"150\" height=\"150\" src=\"https:\/\/www.radiopiu.net\/wordpress\/wp-content\/uploads\/2025\/02\/Riva2-150x150.jpg\" class=\"attachment-thumbnail size-thumbnail\" alt=\"\" \/><\/a>\n\t\t\t\t<\/dt><\/dl><dl class='gallery-item'>\n\t\t\t\t<dt class='gallery-icon portrait'>\n\t\t\t\t\t<a class=\"rollover rollover-zoom dt-pswp-item\" title=\"Riva4\" data-dt-img-description=\"\" data-large_image_width=\"1080\" data-large_image_height=\"1349\"href='https:\/\/www.radiopiu.net\/wordpress\/wp-content\/uploads\/2025\/02\/Riva4.jpg'><img loading=\"lazy\" decoding=\"async\" width=\"150\" height=\"150\" src=\"https:\/\/www.radiopiu.net\/wordpress\/wp-content\/uploads\/2025\/02\/Riva4-150x150.jpg\" class=\"attachment-thumbnail size-thumbnail\" alt=\"\" \/><\/a>\n\t\t\t\t<\/dt><\/dl><br style=\"clear: both\" \/>\n\t\t\t<\/div>\n\n<p>&nbsp;<\/p>\n<p>&nbsp;<\/p>\n<hr \/>\n<p>&nbsp;<\/p>\n<blockquote>\n<h3>TORNA IL CARNEVALE A SOSPIROLO<\/h3>\n<\/blockquote>\n<p><strong><a class=\"dt-pswp-item\" href=\"https:\/\/www.radiopiu.net\/wordpress\/wp-content\/uploads\/2025\/02\/kldsgia.jpg\" data-dt-img-description=\"\" data-large_image_width=\"1131\" data-large_image_height=\"496\"><img loading=\"lazy\" decoding=\"async\" class=\" wp-image-435486 alignleft\" src=\"https:\/\/www.radiopiu.net\/wordpress\/wp-content\/uploads\/2025\/02\/kldsgia-300x132.jpg\" alt=\"\" width=\"241\" height=\"106\" srcset=\"https:\/\/www.radiopiu.net\/wordpress\/wp-content\/uploads\/2025\/02\/kldsgia-300x132.jpg 300w, https:\/\/www.radiopiu.net\/wordpress\/wp-content\/uploads\/2025\/02\/kldsgia-1024x449.jpg 1024w, https:\/\/www.radiopiu.net\/wordpress\/wp-content\/uploads\/2025\/02\/kldsgia-768x337.jpg 768w, https:\/\/www.radiopiu.net\/wordpress\/wp-content\/uploads\/2025\/02\/kldsgia.jpg 1131w\" sizes=\"auto, (max-width: 241px) 100vw, 241px\" \/><\/a>SOSPIROLO<\/strong> A Sospirolo torna la tradizionale passeggiata in maschera a piedi o in bici, organizzata dalla Pro Loco \u201cMonti del Sole\u201d. L\u2019appuntamento \u00e8 per domenica 23 febbraio alle 9.30 in piazza Lexy, con partenza alle 10. Il tema di quest\u2019anno \u00e8 il mondo dei segni zodiacali. Il corteo far\u00e0 tappa a Susin, Maras, San Zenon e Paderno, dove ci sar\u00e0 un Pasta Party e la premiazione delle maschere pi\u00f9 originali. Il gran finale si terr\u00e0 a Oregne. Sabato 1\u00b0 marzo, invece, si terr\u00e0 il Carnevale dei Bambini con spettacoli e sfilate al Centro Civico. Ingresso libero.<\/p>\n<p>&nbsp;<\/p>\n<p>&nbsp;<\/p>\n<hr \/>\n<p>&nbsp;<\/p>\n<blockquote>\n<h3><a class=\"dt-pswp-item\" href=\"https:\/\/www.radiopiu.net\/wordpress\/wp-content\/uploads\/2025\/02\/biblioteca-longarone.jpeg\" data-dt-img-description=\"\" data-large_image_width=\"1080\" data-large_image_height=\"1350\"><img loading=\"lazy\" decoding=\"async\" class=\" wp-image-435322 alignleft\" src=\"https:\/\/www.radiopiu.net\/wordpress\/wp-content\/uploads\/2025\/02\/biblioteca-longarone-240x300.jpeg\" alt=\"\" width=\"107\" height=\"134\" srcset=\"https:\/\/www.radiopiu.net\/wordpress\/wp-content\/uploads\/2025\/02\/biblioteca-longarone-240x300.jpeg 240w, https:\/\/www.radiopiu.net\/wordpress\/wp-content\/uploads\/2025\/02\/biblioteca-longarone-819x1024.jpeg 819w, https:\/\/www.radiopiu.net\/wordpress\/wp-content\/uploads\/2025\/02\/biblioteca-longarone-768x960.jpeg 768w, https:\/\/www.radiopiu.net\/wordpress\/wp-content\/uploads\/2025\/02\/biblioteca-longarone.jpeg 1080w\" sizes=\"auto, (max-width: 107px) 100vw, 107px\" \/><\/a>OGGI L&#8217;OFFICINA DELLO SCRITTORE A LONGARONE<\/h3>\n<\/blockquote>\n<p><strong>LONGARONE<\/strong> L\u2019incontro \u201cL\u2019officina dello scrittore. Leggere, scrivere, sognare\u201d si terr\u00e0 oggi alle 18 nella sala Popoli d\u2019Europa di Longarone. Ospite dell\u2019evento sar\u00e0 Antonio G. Bortoluzzi, scrittore bellunese, che approfondir\u00e0 il processo creativo alla base di un romanzo. L\u2019iniziativa, organizzata dalla biblioteca civica, vedr\u00e0 la partecipazione di Anna Olivier, consigliera comunale con delega alla cultura, che legger\u00e0 brani tratti dai libri dell\u2019autore, tra cui <em data-start=\"471\" data-end=\"496\">Il saldatore del Vajont<\/em>. Il dibattito sar\u00e0 moderato dalla bibliotecaria Francesca Rocchi, con interventi aperti al pubblico. Al termine, Bortoluzzi firmer\u00e0 copie dei suoi libri e offrir\u00e0 un piccolo omaggio letterario ai presenti.<\/p>\n<p>&nbsp;<\/p>\n<p>&nbsp;<\/p>\n<hr \/>\n<p>&nbsp;<\/p>\n<blockquote>\n<h2><a href=\"https:\/\/www.radiopiu.net\/wordpress\/wp-content\/uploads\/2025\/02\/wo6o5gsi.bmp\"><img loading=\"lazy\" decoding=\"async\" class=\"size-medium wp-image-434597 alignleft\" src=\"https:\/\/www.radiopiu.net\/wordpress\/wp-content\/uploads\/2025\/02\/wo6o5gsi-150x300.jpg\" alt=\"\" width=\"150\" height=\"300\" srcset=\"https:\/\/www.radiopiu.net\/wordpress\/wp-content\/uploads\/2025\/02\/wo6o5gsi-150x300.jpg 150w, https:\/\/www.radiopiu.net\/wordpress\/wp-content\/uploads\/2025\/02\/wo6o5gsi-513x1024.jpg 513w, https:\/\/www.radiopiu.net\/wordpress\/wp-content\/uploads\/2025\/02\/wo6o5gsi-768x1534.jpg 768w, https:\/\/www.radiopiu.net\/wordpress\/wp-content\/uploads\/2025\/02\/wo6o5gsi-769x1536.jpg 769w, https:\/\/www.radiopiu.net\/wordpress\/wp-content\/uploads\/2025\/02\/wo6o5gsi.bmp 801w\" sizes=\"auto, (max-width: 150px) 100vw, 150px\" \/><\/a>DOMENICA 2 MARZO, A CANALE D&#8217;AGORDO &#8220;LA ZINGHENESTA&#8221;<\/h2>\n<\/blockquote>\n<p>&nbsp;<\/p>\n<p><strong>CANALE D&#8217;AGORDO <\/strong>La <strong data-start=\"43\" data-end=\"58\">Zinghen\u00e9sta<\/strong> \u00e8 un&#8217;antica festa in maschera che si svolge a Canale d&#8217;Agordo, l&#8217;ultima domenica di Carnevale. Questa tradizione, risalente al XVIII secolo, \u00e8 stata ripresa nel 2013 dal comitato locale, riscuotendo un ampio consenso.\u00a0 Il termine &#8220;Zinghen\u00e9sta&#8221; si riferisce alla ragazza pi\u00f9 bella del paese, eletta annualmente regina della festa. Durante la celebrazione, la Zinghen\u00e9sta, vestita con abiti tradizionali riccamente decorati, guida una sfilata accompagnata da altre maschere tipiche, come i &#8220;Mati\u00e9i&#8221; e i &#8220;Lach\u00e8&#8221;. La festa prevede una serie di eventi, tra cui la sfilata per le vie del paese, balli tradizionali e il simbolico &#8220;processo al Carnevale&#8221;. La Zinghen\u00e9sta rappresenta un&#8217;occasione per la comunit\u00e0 di Canale d&#8217;Agordo di celebrare le proprie tradizioni culturali e folcloristiche, mantenendo vive usanze secolari e rafforzando l&#8217;identit\u00e0 locale. Particolarmente atteso il processo al Canevale. Appuntamento domenica 2 marzo, a Canale d&#8217;Agordo.<\/p>\n<p>&nbsp;<\/p>\n<p>&nbsp;<\/p>\n<p>&nbsp;<\/p>\n<hr \/>\n<p>&nbsp;<\/p>\n<blockquote>\n<h3>GIORGIO FORNASIER PRESENTA IL SUO LIBRO<\/h3>\n<\/blockquote>\n<p><strong><a class=\"dt-pswp-item\" href=\"https:\/\/www.radiopiu.net\/wordpress\/wp-content\/uploads\/2022\/12\/GIORGIO-FORNASIER.png\" data-dt-img-description=\"\" data-large_image_width=\"1280\" data-large_image_height=\"992\"><img loading=\"lazy\" decoding=\"async\" class=\" wp-image-312788 alignleft\" src=\"https:\/\/www.radiopiu.net\/wordpress\/wp-content\/uploads\/2022\/12\/GIORGIO-FORNASIER-300x233.png\" alt=\"\" width=\"176\" height=\"137\" srcset=\"https:\/\/www.radiopiu.net\/wordpress\/wp-content\/uploads\/2022\/12\/GIORGIO-FORNASIER-300x233.png 300w, https:\/\/www.radiopiu.net\/wordpress\/wp-content\/uploads\/2022\/12\/GIORGIO-FORNASIER-1024x794.png 1024w, https:\/\/www.radiopiu.net\/wordpress\/wp-content\/uploads\/2022\/12\/GIORGIO-FORNASIER-768x595.png 768w, https:\/\/www.radiopiu.net\/wordpress\/wp-content\/uploads\/2022\/12\/GIORGIO-FORNASIER.png 1280w\" sizes=\"auto, (max-width: 176px) 100vw, 176px\" \/><\/a>BELLUNO<\/strong> Per celebrare i 50 anni del primo Centro di Aiuto alla Vita (CAV) italiano, nato a Firenze nel 1975, il CAV di Belluno ha organizzato la mostra &#8220;Il Rinascimento dei bambini&#8221; sullo Spedale degli Innocenti. L\u2019esposizione, gi\u00e0 presentata al Meeting di Rimini nel 2019, \u00e8 visitabile gratuitamente presso il Palazzo dei Rettori di Belluno fino al 27 febbraio 2025. Oggi Fornasier presenter\u00e0 il suo libro <em data-start=\"587\" data-end=\"606\">I fioi de la roda<\/em>, frutto di ricerche sul fenomeno degli esposti in provincia di Belluno, bambini abbandonati nella \u201cruota degli esposti\u201d. Il tema si collega alla missione dell\u2019Istituto degli Innocenti di Firenze e dei 350 CAV italiani, che in 50 anni hanno sostenuto migliaia di donne, permettendo la nascita di 280mila bambini. L\u2019incontro del 20 febbraio sar\u00e0 un\u2019occasione per riscoprire questa storia, ancora viva nei cognomi bellunesi.<\/p>\n<p>&nbsp;<\/p>\n<p>&nbsp;<\/p>\n<hr \/>\n<p>&nbsp;<\/p>\n<blockquote>\n<h3><a class=\"dt-pswp-item\" href=\"https:\/\/www.radiopiu.net\/wordpress\/wp-content\/uploads\/2025\/02\/foto_salome_theama-teatro-lab-5_alta-def-scaled.jpg\" data-dt-img-description=\"\" data-large_image_width=\"2560\" data-large_image_height=\"1707\"><img loading=\"lazy\" decoding=\"async\" class=\" wp-image-435621 alignleft\" src=\"https:\/\/www.radiopiu.net\/wordpress\/wp-content\/uploads\/2025\/02\/foto_salome_theama-teatro-lab-5_alta-def-300x200.jpg\" alt=\"\" width=\"199\" height=\"132\" srcset=\"https:\/\/www.radiopiu.net\/wordpress\/wp-content\/uploads\/2025\/02\/foto_salome_theama-teatro-lab-5_alta-def-300x200.jpg 300w, https:\/\/www.radiopiu.net\/wordpress\/wp-content\/uploads\/2025\/02\/foto_salome_theama-teatro-lab-5_alta-def-1024x683.jpg 1024w, https:\/\/www.radiopiu.net\/wordpress\/wp-content\/uploads\/2025\/02\/foto_salome_theama-teatro-lab-5_alta-def-768x512.jpg 768w, https:\/\/www.radiopiu.net\/wordpress\/wp-content\/uploads\/2025\/02\/foto_salome_theama-teatro-lab-5_alta-def-1536x1024.jpg 1536w, https:\/\/www.radiopiu.net\/wordpress\/wp-content\/uploads\/2025\/02\/foto_salome_theama-teatro-lab-5_alta-def-2048x1365.jpg 2048w\" sizes=\"auto, (max-width: 199px) 100vw, 199px\" \/><\/a>SALOME&#8217; AL TEATRO PIEROBON<\/h3>\n<\/blockquote>\n<p><strong>PONTE NELLE ALPI<\/strong> Domani il Teatro Pierobon di Paiane ospiter\u00e0 \u201cSalom\u00e8\u201d, spettacolo tratto da Oscar Wilde e diretto da Piergiorgio Piccoli. La pi\u00e8ce affronta il tema dello stalking, mostrando l\u2019ossessione malata che oscura la volont\u00e0 e porta alla violenza. Ambientata nel regno di Erode, la storia \u00e8 intrisa di gelosia, potere e intrighi sensuali. Piccoli sottolinea che il vero amore \u00e8 libert\u00e0 e rispetto, opposto alle relazioni manipolatorie. Il biglietto costa 25 euro, con info disponibili presso il Circolo Cultura e Stampa Bellunese.<\/p>\n<p>&nbsp;<\/p>\n<p>&nbsp;<\/p>\n<hr \/>\n<p>&nbsp;<\/p>\n<blockquote>\n<h3>SI PARLA DI DANTE AL CIRCOLO CULTURALE LA TERRA DEI PADRI<\/h3>\n<\/blockquote>\n<p><strong>BELLUNO <\/strong>Il Circolo culturale \u201cLa Terra dei Padri \u2013 Belluno APS\u201d, in collaborazione con la Lega Nazionale \u2013 Delegazione di Belluno, organizza un ciclo di conferenze intitolato <strong data-start=\"167\" data-end=\"209\">\u201cDante e l\u2019eredit\u00e0 del mondo classico\u201d<\/strong>. La prof.ssa <strong data-start=\"226\" data-end=\"256\">Rosetta Girotto Cannarella<\/strong>, ex docente di greco e latino al Liceo Classico \u201cTiziano\u201d di Belluno, guider\u00e0 tre incontri (20 e 27 marzo, 3 aprile 2025, dalle 18:00 alle 19:00) sulla relazione tra Dante e il mondo classico, approfondendo temi come Virgilio, gli spiriti magni, Ulisse e Paolo e Francesca. Gli incontri si terranno presso la sede del Circolo, in via dei Molini, 10 (Borgo Piave \u2013 Belluno). Per info e iscrizioni: <strong data-start=\"657\" data-end=\"688\"><a rel=\"noopener\" data-start=\"659\" data-end=\"686\">francesco1dematte@gmail.com<\/a><\/strong> o <strong data-start=\"691\" data-end=\"721\">320\/0504334 (WhatsApp\/SMS)<\/strong>.<\/p>\n<p>&nbsp;<\/p>\n<p>&nbsp;<\/p>\n<hr \/>\n<p>&nbsp;<\/p>\n<blockquote>\n<h3><a class=\"dt-pswp-item\" href=\"https:\/\/www.radiopiu.net\/wordpress\/wp-content\/uploads\/2025\/02\/68056c68-79ce-4796-9e56-6e4ae78113e9.jpg\" data-dt-img-description=\"\" data-large_image_width=\"1501\" data-large_image_height=\"1501\"><img loading=\"lazy\" decoding=\"async\" class=\" wp-image-435786 alignleft\" src=\"https:\/\/www.radiopiu.net\/wordpress\/wp-content\/uploads\/2025\/02\/68056c68-79ce-4796-9e56-6e4ae78113e9-300x300.jpg\" alt=\"\" width=\"199\" height=\"199\" srcset=\"https:\/\/www.radiopiu.net\/wordpress\/wp-content\/uploads\/2025\/02\/68056c68-79ce-4796-9e56-6e4ae78113e9-300x300.jpg 300w, https:\/\/www.radiopiu.net\/wordpress\/wp-content\/uploads\/2025\/02\/68056c68-79ce-4796-9e56-6e4ae78113e9-1024x1024.jpg 1024w, https:\/\/www.radiopiu.net\/wordpress\/wp-content\/uploads\/2025\/02\/68056c68-79ce-4796-9e56-6e4ae78113e9-150x150.jpg 150w, https:\/\/www.radiopiu.net\/wordpress\/wp-content\/uploads\/2025\/02\/68056c68-79ce-4796-9e56-6e4ae78113e9-768x768.jpg 768w, https:\/\/www.radiopiu.net\/wordpress\/wp-content\/uploads\/2025\/02\/68056c68-79ce-4796-9e56-6e4ae78113e9.jpg 1501w\" sizes=\"auto, (max-width: 199px) 100vw, 199px\" \/><\/a>EROI MODERNI&#8230;A CORTINA<\/h3>\n<\/blockquote>\n<p><strong>DI BARBARA PAOLAZZI<\/strong><\/p>\n<audio class=\"wp-audio-shortcode\" id=\"audio-435526-12\" preload=\"none\" style=\"width: 100%;\" controls=\"controls\"><source type=\"audio\/mpeg\" src=\"https:\/\/www.radiopiu.net\/wordpress\/wp-content\/uploads\/2025\/02\/PAOLAZZI-EROI-MODERNI-A-CORTINA.mp3?_=12\" \/><a href=\"https:\/\/www.radiopiu.net\/wordpress\/wp-content\/uploads\/2025\/02\/PAOLAZZI-EROI-MODERNI-A-CORTINA.mp3\">https:\/\/www.radiopiu.net\/wordpress\/wp-content\/uploads\/2025\/02\/PAOLAZZI-EROI-MODERNI-A-CORTINA.mp3<\/a><\/audio>\n<p>&nbsp;<\/p>\n<hr \/>\n<p>&nbsp;<\/p>\n<h1><span style=\"color: #ff6600;\">IERI ALLA RADIO\u00a0\u00a0<\/span><\/h1>\n<h2><span style=\"color: #ff99cc;\">OGGI COME IERI, TERZO ANNO. CON SILVIA BALDO<\/span><\/h2>\n<p><strong><a class=\"dt-pswp-item\" href=\"https:\/\/www.radiopiu.net\/wordpress\/wp-content\/uploads\/2025\/02\/legge_merlin.jpg\" data-dt-img-description=\"\" data-large_image_width=\"680\" data-large_image_height=\"380\"><img loading=\"lazy\" decoding=\"async\" class=\" wp-image-435639 alignleft\" src=\"https:\/\/www.radiopiu.net\/wordpress\/wp-content\/uploads\/2025\/02\/legge_merlin-300x168.jpg\" alt=\"\" width=\"184\" height=\"103\" srcset=\"https:\/\/www.radiopiu.net\/wordpress\/wp-content\/uploads\/2025\/02\/legge_merlin-300x168.jpg 300w, https:\/\/www.radiopiu.net\/wordpress\/wp-content\/uploads\/2025\/02\/legge_merlin.jpg 680w\" sizes=\"auto, (max-width: 184px) 100vw, 184px\" \/><\/a>20 FEBBRAIO 2025 LA LEGGE MERLIN<\/strong><\/p>\n<audio class=\"wp-audio-shortcode\" id=\"audio-435526-13\" preload=\"none\" style=\"width: 100%;\" controls=\"controls\"><source type=\"audio\/mpeg\" src=\"https:\/\/www.radiopiu.net\/wordpress\/wp-content\/uploads\/2025\/02\/SIBI3-4.mp3?_=13\" \/><a href=\"https:\/\/www.radiopiu.net\/wordpress\/wp-content\/uploads\/2025\/02\/SIBI3-4.mp3\">https:\/\/www.radiopiu.net\/wordpress\/wp-content\/uploads\/2025\/02\/SIBI3-4.mp3<\/a><\/audio>\n<p>&nbsp;<\/p>\n<p><strong>LA RACCOLTA COMPLETA <a href=\"https:\/\/www.radiopiu.net\/wordpress\/oggi-come-ieri-terzo-anno-con-silvia-baldo\/\"><span style=\"color: #3366ff;\">CLICCA QUI<\/span><\/a><\/strong><\/p>\n<p>&nbsp;<\/p>\n<hr \/>\n<p>&nbsp;<\/p>\n<h2><span style=\"color: #808000;\">TIME 4 ME&#8230;.IL DOPOSCUOLA ALLE MEDIE DI AGORDO &#8211; SECONDA PARTE<\/span><\/h2>\n<p><strong><a class=\"dt-pswp-item\" href=\"https:\/\/www.radiopiu.net\/wordpress\/wp-content\/uploads\/2025\/02\/e80aa99e-13d9-4d6b-b8c8-b8b3c8f5e5f0.jpg\" data-dt-img-description=\"\" data-large_image_width=\"1080\" data-large_image_height=\"921\"><img loading=\"lazy\" decoding=\"async\" class=\" wp-image-435537 alignleft\" src=\"https:\/\/www.radiopiu.net\/wordpress\/wp-content\/uploads\/2025\/02\/e80aa99e-13d9-4d6b-b8c8-b8b3c8f5e5f0-300x256.jpg\" alt=\"\" width=\"173\" height=\"148\" srcset=\"https:\/\/www.radiopiu.net\/wordpress\/wp-content\/uploads\/2025\/02\/e80aa99e-13d9-4d6b-b8c8-b8b3c8f5e5f0-300x256.jpg 300w, https:\/\/www.radiopiu.net\/wordpress\/wp-content\/uploads\/2025\/02\/e80aa99e-13d9-4d6b-b8c8-b8b3c8f5e5f0-1024x873.jpg 1024w, https:\/\/www.radiopiu.net\/wordpress\/wp-content\/uploads\/2025\/02\/e80aa99e-13d9-4d6b-b8c8-b8b3c8f5e5f0-768x655.jpg 768w, https:\/\/www.radiopiu.net\/wordpress\/wp-content\/uploads\/2025\/02\/e80aa99e-13d9-4d6b-b8c8-b8b3c8f5e5f0.jpg 1080w\" sizes=\"auto, (max-width: 173px) 100vw, 173px\" \/><\/a>DI MARINA DONA&#8217;<\/strong><\/p>\n<p>PRIMA PARTE<\/p>\n<audio class=\"wp-audio-shortcode\" id=\"audio-435526-14\" preload=\"none\" style=\"width: 100%;\" controls=\"controls\"><source type=\"audio\/mpeg\" src=\"https:\/\/www.radiopiu.net\/wordpress\/wp-content\/uploads\/2025\/02\/TIME1-1.mp3?_=14\" \/><a href=\"https:\/\/www.radiopiu.net\/wordpress\/wp-content\/uploads\/2025\/02\/TIME1-1.mp3\">https:\/\/www.radiopiu.net\/wordpress\/wp-content\/uploads\/2025\/02\/TIME1-1.mp3<\/a><\/audio>\n<p>&nbsp;<\/p>\n<p>SECONDA PARTE<\/p>\n<audio class=\"wp-audio-shortcode\" id=\"audio-435526-15\" preload=\"none\" style=\"width: 100%;\" controls=\"controls\"><source type=\"audio\/mpeg\" src=\"https:\/\/www.radiopiu.net\/wordpress\/wp-content\/uploads\/2025\/02\/TIME2-1.mp3?_=15\" \/><a href=\"https:\/\/www.radiopiu.net\/wordpress\/wp-content\/uploads\/2025\/02\/TIME2-1.mp3\">https:\/\/www.radiopiu.net\/wordpress\/wp-content\/uploads\/2025\/02\/TIME2-1.mp3<\/a><\/audio>\n<p>&nbsp;<\/p>\n<p>TERZA PARTE<\/p>\n<audio class=\"wp-audio-shortcode\" id=\"audio-435526-16\" preload=\"none\" style=\"width: 100%;\" controls=\"controls\"><source type=\"audio\/mpeg\" src=\"https:\/\/www.radiopiu.net\/wordpress\/wp-content\/uploads\/2025\/02\/TIME3-1.mp3?_=16\" \/><a href=\"https:\/\/www.radiopiu.net\/wordpress\/wp-content\/uploads\/2025\/02\/TIME3-1.mp3\">https:\/\/www.radiopiu.net\/wordpress\/wp-content\/uploads\/2025\/02\/TIME3-1.mp3<\/a><\/audio>\n<p>&nbsp;<\/p>\n<hr \/>\n<p>&nbsp;<\/p>\n<h2><span style=\"color: #ff0000;\">SPECIALE SPI CGIL<\/span><\/h2>\n<p><strong><a class=\"dt-pswp-item\" href=\"https:\/\/www.radiopiu.net\/wordpress\/wp-content\/uploads\/2023\/02\/SPI-CGIL.png\" data-dt-img-description=\"\" data-large_image_width=\"278\" data-large_image_height=\"244\"><img loading=\"lazy\" decoding=\"async\" class=\" wp-image-322694 alignleft\" src=\"https:\/\/www.radiopiu.net\/wordpress\/wp-content\/uploads\/2023\/02\/SPI-CGIL.png\" alt=\"\" width=\"175\" height=\"154\" \/><\/a>DI MIRKO MEZZACASA<\/strong><\/p>\n<p>OSPITE: Maria Rita Gentilin SPI CGIL<\/p>\n<audio class=\"wp-audio-shortcode\" id=\"audio-435526-17\" preload=\"none\" style=\"width: 100%;\" controls=\"controls\"><source type=\"audio\/mpeg\" src=\"https:\/\/www.radiopiu.net\/wordpress\/wp-content\/uploads\/2025\/02\/SPI-FEBBRAIO-2025-NUOVO.mp3?_=17\" \/><a href=\"https:\/\/www.radiopiu.net\/wordpress\/wp-content\/uploads\/2025\/02\/SPI-FEBBRAIO-2025-NUOVO.mp3\">https:\/\/www.radiopiu.net\/wordpress\/wp-content\/uploads\/2025\/02\/SPI-FEBBRAIO-2025-NUOVO.mp3<\/a><\/audio>\n<p>&nbsp;<\/p>\n<p>&nbsp;<\/p>\n<hr \/>\n<p>&nbsp;<\/p>\n<h2><span style=\"color: #993300;\">LA STAGIONE IN ALTA BADIA CON ROBERTO HUBER<\/span><\/h2>\n<p><strong><a class=\"dt-pswp-item\" href=\"https:\/\/www.radiopiu.net\/wordpress\/wp-content\/uploads\/2021\/09\/ROBERTO-HUBER.png\" data-dt-img-description=\"\" data-large_image_width=\"1074\" data-large_image_height=\"852\"><img loading=\"lazy\" decoding=\"async\" class=\" wp-image-230861 alignleft\" src=\"https:\/\/www.radiopiu.net\/wordpress\/wp-content\/uploads\/2021\/09\/ROBERTO-HUBER-300x238.png\" alt=\"\" width=\"198\" height=\"157\" srcset=\"https:\/\/www.radiopiu.net\/wordpress\/wp-content\/uploads\/2021\/09\/ROBERTO-HUBER-300x238.png 300w, https:\/\/www.radiopiu.net\/wordpress\/wp-content\/uploads\/2021\/09\/ROBERTO-HUBER-1024x812.png 1024w, https:\/\/www.radiopiu.net\/wordpress\/wp-content\/uploads\/2021\/09\/ROBERTO-HUBER-768x609.png 768w, https:\/\/www.radiopiu.net\/wordpress\/wp-content\/uploads\/2021\/09\/ROBERTO-HUBER.png 1074w\" sizes=\"auto, (max-width: 198px) 100vw, 198px\" \/><\/a>DI MIRKO MEZZACASA<\/strong><\/p>\n<p>OSPITE: Roberto Huber, direttore Alta Badia Brand<\/p>\n<audio class=\"wp-audio-shortcode\" id=\"audio-435526-18\" preload=\"none\" style=\"width: 100%;\" controls=\"controls\"><source type=\"audio\/mpeg\" src=\"https:\/\/www.radiopiu.net\/wordpress\/wp-content\/uploads\/2025\/02\/roberto-huber_febbraio.mp3?_=18\" \/><a href=\"https:\/\/www.radiopiu.net\/wordpress\/wp-content\/uploads\/2025\/02\/roberto-huber_febbraio.mp3\">https:\/\/www.radiopiu.net\/wordpress\/wp-content\/uploads\/2025\/02\/roberto-huber_febbraio.mp3<\/a><\/audio>\n<p>&nbsp;<\/p>\n<hr \/>\n<blockquote class=\"wp-embedded-content\" data-secret=\"JbXF7Pvgr7\"><p><a href=\"https:\/\/www.radiopiu.net\/wordpress\/la-visita-alle-miniere-di-sale-e-alla-splendida-salisburgo-archivio-giuliano-laveder\/\">LA VISITA ALLE MINIERE DI SALE E ALLA SPLENDIDA SALISBURGO, ARCHIVIO GIULIANO LAVEDER<\/a><\/p><\/blockquote>\n<p><iframe loading=\"lazy\" class=\"wp-embedded-content\" sandbox=\"allow-scripts\" security=\"restricted\" style=\"position: absolute; visibility: hidden;\" title=\"&#8220;LA VISITA ALLE MINIERE DI SALE E ALLA SPLENDIDA SALISBURGO, ARCHIVIO GIULIANO LAVEDER&#8221; &#8212; Radio Pi\u00f9\" src=\"https:\/\/www.radiopiu.net\/wordpress\/la-visita-alle-miniere-di-sale-e-alla-splendida-salisburgo-archivio-giuliano-laveder\/embed\/#?secret=glirIalZ5t#?secret=JbXF7Pvgr7\" data-secret=\"JbXF7Pvgr7\" width=\"600\" height=\"338\" frameborder=\"0\" marginwidth=\"0\" marginheight=\"0\" scrolling=\"no\"><\/iframe><\/p>\n<p>&nbsp;<\/p>\n<p>&nbsp;<\/p>\n<hr \/>\n<p>&nbsp;<\/p>\n<h2><span style=\"color: #cc99ff;\">THE LAST NIGHT A CENCENIGHE&#8230;LO SPECIALE ALLA RADIO<\/span><\/h2>\n<p><strong><a class=\"dt-pswp-item\" href=\"https:\/\/www.radiopiu.net\/wordpress\/wp-content\/uploads\/2025\/02\/0da3f6a6-0a9f-4abe-8ec0-116a4af48d33.jpg\" data-dt-img-description=\"\" data-large_image_width=\"1080\" data-large_image_height=\"929\"><img loading=\"lazy\" decoding=\"async\" class=\" wp-image-435538 alignleft\" src=\"https:\/\/www.radiopiu.net\/wordpress\/wp-content\/uploads\/2025\/02\/0da3f6a6-0a9f-4abe-8ec0-116a4af48d33-300x258.jpg\" alt=\"\" width=\"179\" height=\"154\" srcset=\"https:\/\/www.radiopiu.net\/wordpress\/wp-content\/uploads\/2025\/02\/0da3f6a6-0a9f-4abe-8ec0-116a4af48d33-300x258.jpg 300w, https:\/\/www.radiopiu.net\/wordpress\/wp-content\/uploads\/2025\/02\/0da3f6a6-0a9f-4abe-8ec0-116a4af48d33-1024x881.jpg 1024w, https:\/\/www.radiopiu.net\/wordpress\/wp-content\/uploads\/2025\/02\/0da3f6a6-0a9f-4abe-8ec0-116a4af48d33-768x661.jpg 768w, https:\/\/www.radiopiu.net\/wordpress\/wp-content\/uploads\/2025\/02\/0da3f6a6-0a9f-4abe-8ec0-116a4af48d33.jpg 1080w\" sizes=\"auto, (max-width: 179px) 100vw, 179px\" \/><\/a>DI MARINA DONA&#8217;<\/strong><\/p>\n<p><span style=\"color: #ff0000;\"><strong>PRIMA PARTE<\/strong><\/span><\/p>\n<audio class=\"wp-audio-shortcode\" id=\"audio-435526-19\" preload=\"none\" style=\"width: 100%;\" controls=\"controls\"><source type=\"audio\/mpeg\" src=\"https:\/\/www.radiopiu.net\/wordpress\/wp-content\/uploads\/2025\/02\/THE-LAST-NIGHT-2025-NOF-FILO-1.mp3?_=19\" \/><a href=\"https:\/\/www.radiopiu.net\/wordpress\/wp-content\/uploads\/2025\/02\/THE-LAST-NIGHT-2025-NOF-FILO-1.mp3\">https:\/\/www.radiopiu.net\/wordpress\/wp-content\/uploads\/2025\/02\/THE-LAST-NIGHT-2025-NOF-FILO-1.mp3<\/a><\/audio>\n<p><span style=\"color: #ff0000;\">\u00a0<\/span><\/p>\n<p><span style=\"color: #ff0000;\"><strong>SECONDA PARTE<\/strong><\/span><\/p>\n<audio class=\"wp-audio-shortcode\" id=\"audio-435526-20\" preload=\"none\" style=\"width: 100%;\" controls=\"controls\"><source type=\"audio\/mpeg\" src=\"https:\/\/www.radiopiu.net\/wordpress\/wp-content\/uploads\/2025\/02\/THE-LAST-NIGHT-2025-NOF-FILO-2.mp3?_=20\" \/><a href=\"https:\/\/www.radiopiu.net\/wordpress\/wp-content\/uploads\/2025\/02\/THE-LAST-NIGHT-2025-NOF-FILO-2.mp3\">https:\/\/www.radiopiu.net\/wordpress\/wp-content\/uploads\/2025\/02\/THE-LAST-NIGHT-2025-NOF-FILO-2.mp3<\/a><\/audio>\n<p><span style=\"color: #ff0000;\">\u00a0<\/span><\/p>\n<p><span style=\"color: #ff0000;\"><strong>TERZA PARTE<\/strong><\/span><\/p>\n<audio class=\"wp-audio-shortcode\" id=\"audio-435526-21\" preload=\"none\" style=\"width: 100%;\" controls=\"controls\"><source type=\"audio\/mpeg\" src=\"https:\/\/www.radiopiu.net\/wordpress\/wp-content\/uploads\/2025\/02\/THE-LAST-NIGHT-2025-NOF-FILO-3.mp3?_=21\" \/><a href=\"https:\/\/www.radiopiu.net\/wordpress\/wp-content\/uploads\/2025\/02\/THE-LAST-NIGHT-2025-NOF-FILO-3.mp3\">https:\/\/www.radiopiu.net\/wordpress\/wp-content\/uploads\/2025\/02\/THE-LAST-NIGHT-2025-NOF-FILO-3.mp3<\/a><\/audio>\n<p>&nbsp;<\/p>\n<hr \/>\n<p>&nbsp;<\/p>\n<h2><span style=\"color: #ffcc00;\">COSA GUARDO STASERA IN TV?&#8230;CON PAOLA LANCIATO <\/span><\/h2>\n<h1><span style=\"color: #ff0000;\"><strong><a class=\"dt-pswp-item\" href=\"https:\/\/www.radiopiu.net\/wordpress\/wp-content\/uploads\/2025\/02\/719825b2-2fe1-498d-9c10-e24e456129bb.jpg\" data-dt-img-description=\"\" data-large_image_width=\"354\" data-large_image_height=\"512\"><img loading=\"lazy\" decoding=\"async\" class=\"size-medium wp-image-435643 alignleft\" src=\"https:\/\/www.radiopiu.net\/wordpress\/wp-content\/uploads\/2025\/02\/719825b2-2fe1-498d-9c10-e24e456129bb-207x300.jpg\" alt=\"\" width=\"207\" height=\"300\" srcset=\"https:\/\/www.radiopiu.net\/wordpress\/wp-content\/uploads\/2025\/02\/719825b2-2fe1-498d-9c10-e24e456129bb-207x300.jpg 207w, https:\/\/www.radiopiu.net\/wordpress\/wp-content\/uploads\/2025\/02\/719825b2-2fe1-498d-9c10-e24e456129bb.jpg 354w\" sizes=\"auto, (max-width: 207px) 100vw, 207px\" \/><\/a>Puntata 26 del 20 febbraio\u00a0 2025<\/strong><\/span><\/h1>\n<audio class=\"wp-audio-shortcode\" id=\"audio-435526-22\" preload=\"none\" style=\"width: 100%;\" controls=\"controls\"><source type=\"audio\/mpeg\" src=\"https:\/\/www.radiopiu.net\/wordpress\/wp-content\/uploads\/2025\/02\/CIAK2-4.mp3?_=22\" \/><a href=\"https:\/\/www.radiopiu.net\/wordpress\/wp-content\/uploads\/2025\/02\/CIAK2-4.mp3\">https:\/\/www.radiopiu.net\/wordpress\/wp-content\/uploads\/2025\/02\/CIAK2-4.mp3<\/a><\/audio>\n<p>&nbsp;<\/p>\n<p><strong>LA RACCOLTA COMPLETA <a href=\"https:\/\/www.radiopiu.net\/wordpress\/cosa-guardo-stasera-in-tv-con-paola-lanciato-la-raccolta\/\"><span style=\"color: #3366ff;\">CLICCA QUI<\/span><\/a><\/strong><\/p>\n<p>&nbsp;<\/p>\n<hr \/>\n<p>&nbsp;<\/p>\n<h2><span style=\"color: #ff0000;\"><a class=\"dt-pswp-item\" href=\"https:\/\/www.radiopiu.net\/wordpress\/wp-content\/uploads\/2018\/09\/appuntamenti.jpeg\" data-dt-img-description=\"\" data-large_image_width=\"800\" data-large_image_height=\"100\"><img loading=\"lazy\" decoding=\"async\" class=\"wp-image-61958 size-full aligncenter\" src=\"https:\/\/www.radiopiu.net\/wordpress\/wp-content\/uploads\/2018\/09\/appuntamenti.jpeg\" alt=\"\" width=\"800\" height=\"100\" srcset=\"https:\/\/www.radiopiu.net\/wordpress\/wp-content\/uploads\/2018\/09\/appuntamenti.jpeg 800w, https:\/\/www.radiopiu.net\/wordpress\/wp-content\/uploads\/2018\/09\/appuntamenti-300x38.jpeg 300w, https:\/\/www.radiopiu.net\/wordpress\/wp-content\/uploads\/2018\/09\/appuntamenti-768x96.jpeg 768w\" sizes=\"auto, (max-width: 800px) 100vw, 800px\" \/><\/a><\/span><\/h2>\n<blockquote>\n<h3 dir=\"auto\">WALTER PIZZULLI E&#8217; IL SECONDO OSPITE DEL SAVE THE DATE FESTIVAL<\/h3>\n<\/blockquote>\n<p><strong>FALCADE\u00a0 <\/strong>Dopo l&#8217;annuncio di Marco Melandri come primo ospite del save The Date Festival, Al Rifugio Laresei arriva Walter PIzzulli, la voce e l\u2019energia della sveglia di M2o. Preparati a scatenarti tra beat e vette, perch\u00e9 qui il ritmo non conosce altitudine! Chi altro arriver\u00e0? Stay tuned\u2026<\/p>\n<p><a class=\"dt-pswp-item\" href=\"https:\/\/www.radiopiu.net\/wordpress\/wp-content\/uploads\/2025\/02\/70222334-5cff-4d4b-9ab9-a2a79305f2f3.jpg\" data-dt-img-description=\"\" data-large_image_width=\"1024\" data-large_image_height=\"1280\"><img loading=\"lazy\" decoding=\"async\" class=\"size-medium wp-image-435762 aligncenter\" src=\"https:\/\/www.radiopiu.net\/wordpress\/wp-content\/uploads\/2025\/02\/70222334-5cff-4d4b-9ab9-a2a79305f2f3-240x300.jpg\" alt=\"\" width=\"240\" height=\"300\" srcset=\"https:\/\/www.radiopiu.net\/wordpress\/wp-content\/uploads\/2025\/02\/70222334-5cff-4d4b-9ab9-a2a79305f2f3-240x300.jpg 240w, https:\/\/www.radiopiu.net\/wordpress\/wp-content\/uploads\/2025\/02\/70222334-5cff-4d4b-9ab9-a2a79305f2f3-819x1024.jpg 819w, https:\/\/www.radiopiu.net\/wordpress\/wp-content\/uploads\/2025\/02\/70222334-5cff-4d4b-9ab9-a2a79305f2f3-768x960.jpg 768w, https:\/\/www.radiopiu.net\/wordpress\/wp-content\/uploads\/2025\/02\/70222334-5cff-4d4b-9ab9-a2a79305f2f3.jpg 1024w\" sizes=\"auto, (max-width: 240px) 100vw, 240px\" \/><\/a><\/p>\n<p>&nbsp;<\/p>\n<p>&nbsp;<\/p>\n<div>\n<div class=\"\" dir=\"auto\">\n<div id=\":r9h:\" class=\"x1iorvi4 x1pi30zi x1l90r2v x1swvt13\" data-ad-comet-preview=\"message\" data-ad-preview=\"message\">\n<div>\n<div class=\"\" dir=\"auto\">\n<div id=\":r9h:\" class=\"x1iorvi4 x1pi30zi x1l90r2v x1swvt13\" data-ad-comet-preview=\"message\" data-ad-preview=\"message\">\n<div>\n<div class=\"\" dir=\"auto\">\n<div id=\":r9h:\" class=\"x1iorvi4 x1pi30zi x1l90r2v x1swvt13\" data-ad-comet-preview=\"message\" data-ad-preview=\"message\">\n<div>\n<div class=\"\" dir=\"auto\">\n<div id=\":r9h:\" class=\"x1iorvi4 x1pi30zi x1l90r2v x1swvt13\" data-ad-comet-preview=\"message\" data-ad-preview=\"message\">\n<div>\n<div class=\"\" dir=\"auto\">\n<div id=\":r9h:\" class=\"x1iorvi4 x1pi30zi x1l90r2v x1swvt13\" data-ad-comet-preview=\"message\" data-ad-preview=\"message\">\n<div>\n<div class=\"\" dir=\"auto\">\n<div id=\":r9h:\" class=\"x1iorvi4 x1pi30zi x1l90r2v x1swvt13\" data-ad-comet-preview=\"message\" data-ad-preview=\"message\">\n<div class=\"xdj266r x11i5rnm xat24cr x1mh8g0r x1vvkbs x126k92a\">\n<div dir=\"auto\"><\/div>\n<\/div>\n<div>\n<div class=\"\" dir=\"auto\">\n<div id=\":r9h:\" class=\"x1iorvi4 x1pi30zi x1l90r2v x1swvt13\" data-ad-comet-preview=\"message\" data-ad-preview=\"message\">\n<div>\n<div class=\"\" dir=\"auto\">\n<div id=\":r9h:\" class=\"x1iorvi4 x1pi30zi x1l90r2v x1swvt13\" data-ad-comet-preview=\"message\" data-ad-preview=\"message\">\n\n\t\t\t<style type='text\/css'>\n\t\t\t\t#gallery-3 {\n\t\t\t\t\tmargin: auto;\n\t\t\t\t}\n\t\t\t\t#gallery-3 .gallery-item {\n\t\t\t\t\tfloat: left;\n\t\t\t\t\tmargin-top: 10px;\n\t\t\t\t\ttext-align: center;\n\t\t\t\t\twidth: 20%;\n\t\t\t\t}\n\t\t\t\t#gallery-3 img {\n\t\t\t\t\tborder: 2px solid #cfcfcf;\n\t\t\t\t}\n\t\t\t\t#gallery-3 .gallery-caption {\n\t\t\t\t\tmargin-left: 0;\n\t\t\t\t}\n\t\t\t\t\/* see gallery_shortcode() in wp-includes\/media.php *\/\n\t\t\t<\/style>\n\t\t<div id='gallery-3' class='dt-gallery-container gallery galleryid-435526 gallery-columns-5 gallery-size-thumbnail'><dl class='gallery-item'>\n\t\t\t\t<dt class='gallery-icon portrait'>\n\t\t\t\t\t<a class=\"rollover rollover-zoom dt-pswp-item\" title=\"manifesto serate invernali\" data-dt-img-description=\"\" data-large_image_width=\"1683\" data-large_image_height=\"2383\"href='https:\/\/www.radiopiu.net\/wordpress\/wp-content\/uploads\/2024\/11\/manifesto-serate-invernali.jpg'><img loading=\"lazy\" decoding=\"async\" width=\"150\" height=\"150\" src=\"https:\/\/www.radiopiu.net\/wordpress\/wp-content\/uploads\/2024\/11\/manifesto-serate-invernali-150x150.jpg\" class=\"attachment-thumbnail size-thumbnail\" alt=\"\" aria-describedby=\"gallery-3-418816\" \/><\/a>\n\t\t\t\t<\/dt>\n\t\t\t\t\t<dd class='wp-caption-text gallery-caption' id='gallery-3-418816'>\n\t\t\t\t\t21 FEBBRAIO\n\t\t\t\t\t<\/dd><\/dl><dl class='gallery-item'>\n\t\t\t\t<dt class='gallery-icon portrait'>\n\t\t\t\t\t<a class=\"rollover rollover-zoom dt-pswp-item\" title=\"Locandina Energia al di l\u00e0 dello scientificamente corretto febbraio 2025\" data-dt-img-description=\"\" data-large_image_width=\"1131\" data-large_image_height=\"1600\"href='https:\/\/www.radiopiu.net\/wordpress\/wp-content\/uploads\/2025\/02\/Locandina-Energia-al-di-la-dello-scientificamente-corretto-febbraio-2025.jpg'><img loading=\"lazy\" decoding=\"async\" width=\"150\" height=\"150\" src=\"https:\/\/www.radiopiu.net\/wordpress\/wp-content\/uploads\/2025\/02\/Locandina-Energia-al-di-la-dello-scientificamente-corretto-febbraio-2025-150x150.jpg\" class=\"attachment-thumbnail size-thumbnail\" alt=\"\" aria-describedby=\"gallery-3-434154\" \/><\/a>\n\t\t\t\t<\/dt>\n\t\t\t\t\t<dd class='wp-caption-text gallery-caption' id='gallery-3-434154'>\n\t\t\t\t\t22 FEBBRAIO\n\t\t\t\t\t<\/dd><\/dl><dl class='gallery-item'>\n\t\t\t\t<dt class='gallery-icon portrait'>\n\t\t\t\t\t<a class=\"rollover rollover-zoom dt-pswp-item\" title=\"d4ebb858-0506-4e84-b6ae-28a77bb72b70\" data-dt-img-description=\"\" data-large_image_width=\"1131\" data-large_image_height=\"1600\"href='https:\/\/www.radiopiu.net\/wordpress\/wp-content\/uploads\/2025\/02\/d4ebb858-0506-4e84-b6ae-28a77bb72b70.jpg'><img loading=\"lazy\" decoding=\"async\" width=\"150\" height=\"150\" src=\"https:\/\/www.radiopiu.net\/wordpress\/wp-content\/uploads\/2025\/02\/d4ebb858-0506-4e84-b6ae-28a77bb72b70-150x150.jpg\" class=\"attachment-thumbnail size-thumbnail\" alt=\"\" aria-describedby=\"gallery-3-434311\" \/><\/a>\n\t\t\t\t<\/dt>\n\t\t\t\t\t<dd class='wp-caption-text gallery-caption' id='gallery-3-434311'>\n\t\t\t\t\t22 FEBBRAIO\n\t\t\t\t\t<\/dd><\/dl><dl class='gallery-item'>\n\t\t\t\t<dt class='gallery-icon portrait'>\n\t\t\t\t\t<a class=\"rollover rollover-zoom dt-pswp-item\" title=\"wo6o5gsi\" data-dt-img-description=\"\" data-large_image_width=\"801\" data-large_image_height=\"1600\"href='https:\/\/www.radiopiu.net\/wordpress\/wp-content\/uploads\/2025\/02\/wo6o5gsi.bmp'><img loading=\"lazy\" decoding=\"async\" width=\"150\" height=\"150\" src=\"https:\/\/www.radiopiu.net\/wordpress\/wp-content\/uploads\/2025\/02\/wo6o5gsi-150x150.jpg\" class=\"attachment-thumbnail size-thumbnail\" alt=\"\" aria-describedby=\"gallery-3-434597\" \/><\/a>\n\t\t\t\t<\/dt>\n\t\t\t\t\t<dd class='wp-caption-text gallery-caption' id='gallery-3-434597'>\n\t\t\t\t\t2 MARZO\n\t\t\t\t\t<\/dd><\/dl><dl class='gallery-item'>\n\t\t\t\t<dt class='gallery-icon portrait'>\n\t\t\t\t\t<a class=\"rollover rollover-zoom dt-pswp-item\" title=\"dad1d0d2-12e8-494a-9390-929e17ce5985\" data-dt-img-description=\"\" data-large_image_width=\"900\" data-large_image_height=\"1600\"href='https:\/\/www.radiopiu.net\/wordpress\/wp-content\/uploads\/2025\/01\/dad1d0d2-12e8-494a-9390-929e17ce5985.jpg'><img loading=\"lazy\" decoding=\"async\" width=\"150\" height=\"150\" src=\"https:\/\/www.radiopiu.net\/wordpress\/wp-content\/uploads\/2025\/01\/dad1d0d2-12e8-494a-9390-929e17ce5985-150x150.jpg\" class=\"attachment-thumbnail size-thumbnail\" alt=\"\" \/><\/a>\n\t\t\t\t<\/dt><\/dl><br style=\"clear: both\" \/><dl class='gallery-item'>\n\t\t\t\t<dt class='gallery-icon portrait'>\n\t\t\t\t\t<a class=\"rollover rollover-zoom dt-pswp-item\" title=\"Senza nome\" data-dt-img-description=\"\" data-large_image_width=\"569\" data-large_image_height=\"801\"href='https:\/\/www.radiopiu.net\/wordpress\/wp-content\/uploads\/2025\/02\/Senza-nome-23.png'><img loading=\"lazy\" decoding=\"async\" width=\"150\" height=\"150\" src=\"https:\/\/www.radiopiu.net\/wordpress\/wp-content\/uploads\/2025\/02\/Senza-nome-23-150x150.png\" class=\"attachment-thumbnail size-thumbnail\" alt=\"\" \/><\/a>\n\t\t\t\t<\/dt><\/dl><dl class='gallery-item'>\n\t\t\t\t<dt class='gallery-icon landscape'>\n\t\t\t\t\t<a class=\"rollover rollover-zoom dt-pswp-item\" title=\"molto1\" data-dt-img-description=\"\" data-large_image_width=\"1080\" data-large_image_height=\"1080\"href='https:\/\/www.radiopiu.net\/wordpress\/wp-content\/uploads\/2025\/02\/molto1.jpg'><img loading=\"lazy\" decoding=\"async\" width=\"150\" height=\"150\" src=\"https:\/\/www.radiopiu.net\/wordpress\/wp-content\/uploads\/2025\/02\/molto1-150x150.jpg\" class=\"attachment-thumbnail size-thumbnail\" alt=\"\" srcset=\"https:\/\/www.radiopiu.net\/wordpress\/wp-content\/uploads\/2025\/02\/molto1-150x150.jpg 150w, https:\/\/www.radiopiu.net\/wordpress\/wp-content\/uploads\/2025\/02\/molto1-300x300.jpg 300w, https:\/\/www.radiopiu.net\/wordpress\/wp-content\/uploads\/2025\/02\/molto1-1024x1024.jpg 1024w, https:\/\/www.radiopiu.net\/wordpress\/wp-content\/uploads\/2025\/02\/molto1-768x768.jpg 768w, https:\/\/www.radiopiu.net\/wordpress\/wp-content\/uploads\/2025\/02\/molto1.jpg 1080w\" sizes=\"auto, (max-width: 150px) 100vw, 150px\" \/><\/a>\n\t\t\t\t<\/dt><\/dl><dl class='gallery-item'>\n\t\t\t\t<dt class='gallery-icon portrait'>\n\t\t\t\t\t<a class=\"rollover rollover-zoom dt-pswp-item\" title=\"d553bc54-e3f2-40d2-9391-c5f1f404c169\" data-dt-img-description=\"\" data-large_image_width=\"1127\" data-large_image_height=\"1600\"href='https:\/\/www.radiopiu.net\/wordpress\/wp-content\/uploads\/2025\/02\/d553bc54-e3f2-40d2-9391-c5f1f404c169.jpg'><img loading=\"lazy\" decoding=\"async\" width=\"150\" height=\"150\" src=\"https:\/\/www.radiopiu.net\/wordpress\/wp-content\/uploads\/2025\/02\/d553bc54-e3f2-40d2-9391-c5f1f404c169-150x150.jpg\" class=\"attachment-thumbnail size-thumbnail\" alt=\"\" \/><\/a>\n\t\t\t\t<\/dt><\/dl><dl class='gallery-item'>\n\t\t\t\t<dt class='gallery-icon portrait'>\n\t\t\t\t\t<a class=\"rollover rollover-zoom dt-pswp-item\" title=\"GDLKJGAOY\" data-dt-img-description=\"\" data-large_image_width=\"1080\" data-large_image_height=\"1158\"href='https:\/\/www.radiopiu.net\/wordpress\/wp-content\/uploads\/2025\/02\/GDLKJGAOY.jpg'><img loading=\"lazy\" decoding=\"async\" width=\"150\" height=\"150\" src=\"https:\/\/www.radiopiu.net\/wordpress\/wp-content\/uploads\/2025\/02\/GDLKJGAOY-150x150.jpg\" class=\"attachment-thumbnail size-thumbnail\" alt=\"\" \/><\/a>\n\t\t\t\t<\/dt><\/dl><dl class='gallery-item'>\n\t\t\t\t<dt class='gallery-icon portrait'>\n\t\t\t\t\t<a class=\"rollover rollover-zoom dt-pswp-item\" title=\"67dd10b3-a02f-4a4c-84f8-95bd7247b900\" data-dt-img-description=\"\" data-large_image_width=\"1440\" data-large_image_height=\"1800\"href='https:\/\/www.radiopiu.net\/wordpress\/wp-content\/uploads\/2025\/02\/67dd10b3-a02f-4a4c-84f8-95bd7247b900.jpg'><img loading=\"lazy\" decoding=\"async\" width=\"150\" height=\"150\" src=\"https:\/\/www.radiopiu.net\/wordpress\/wp-content\/uploads\/2025\/02\/67dd10b3-a02f-4a4c-84f8-95bd7247b900-150x150.jpg\" class=\"attachment-thumbnail size-thumbnail\" alt=\"\" \/><\/a>\n\t\t\t\t<\/dt><\/dl><br style=\"clear: both\" \/><dl class='gallery-item'>\n\t\t\t\t<dt class='gallery-icon portrait'>\n\t\t\t\t\t<a class=\"rollover rollover-zoom dt-pswp-item\" title=\"L59DYKs0vbbX\" data-dt-img-description=\"\" data-large_image_width=\"600\" data-large_image_height=\"848\"href='https:\/\/www.radiopiu.net\/wordpress\/wp-content\/uploads\/2025\/02\/L59DYKs0vbbX.jpg'><img loading=\"lazy\" decoding=\"async\" width=\"150\" height=\"150\" src=\"https:\/\/www.radiopiu.net\/wordpress\/wp-content\/uploads\/2025\/02\/L59DYKs0vbbX-150x150.jpg\" class=\"attachment-thumbnail size-thumbnail\" alt=\"\" \/><\/a>\n\t\t\t\t<\/dt><\/dl><dl class='gallery-item'>\n\t\t\t\t<dt class='gallery-icon portrait'>\n\t\t\t\t\t<a class=\"rollover rollover-zoom dt-pswp-item\" title=\"2487092a-44e2-4f98-95d9-fc75c526c499\" data-dt-img-description=\"\" data-large_image_width=\"1131\" data-large_image_height=\"1600\"href='https:\/\/www.radiopiu.net\/wordpress\/wp-content\/uploads\/2025\/02\/2487092a-44e2-4f98-95d9-fc75c526c499.jpg'><img loading=\"lazy\" decoding=\"async\" width=\"150\" height=\"150\" src=\"https:\/\/www.radiopiu.net\/wordpress\/wp-content\/uploads\/2025\/02\/2487092a-44e2-4f98-95d9-fc75c526c499-150x150.jpg\" class=\"attachment-thumbnail size-thumbnail\" alt=\"\" \/><\/a>\n\t\t\t\t<\/dt><\/dl><dl class='gallery-item'>\n\t\t\t\t<dt class='gallery-icon portrait'>\n\t\t\t\t\t<a class=\"rollover rollover-zoom dt-pswp-item\" title=\"Assaggi di libri marzo 2025\" data-dt-img-description=\"\" data-large_image_width=\"1240\" data-large_image_height=\"1754\"href='https:\/\/www.radiopiu.net\/wordpress\/wp-content\/uploads\/2025\/02\/Assaggi-di-libri-marzo-2025.jpg'><img loading=\"lazy\" decoding=\"async\" width=\"150\" height=\"150\" src=\"https:\/\/www.radiopiu.net\/wordpress\/wp-content\/uploads\/2025\/02\/Assaggi-di-libri-marzo-2025-150x150.jpg\" class=\"attachment-thumbnail size-thumbnail\" alt=\"\" \/><\/a>\n\t\t\t\t<\/dt><\/dl><dl class='gallery-item'>\n\t\t\t\t<dt class='gallery-icon portrait'>\n\t\t\t\t\t<a class=\"rollover rollover-zoom dt-pswp-item\" title=\"Carneval dei boce 2025\" data-dt-img-description=\"\" data-large_image_width=\"1414\" data-large_image_height=\"2000\"href='https:\/\/www.radiopiu.net\/wordpress\/wp-content\/uploads\/2025\/02\/Carneval-dei-boce-2025.png'><img loading=\"lazy\" decoding=\"async\" width=\"150\" height=\"150\" src=\"https:\/\/www.radiopiu.net\/wordpress\/wp-content\/uploads\/2025\/02\/Carneval-dei-boce-2025-150x150.png\" class=\"attachment-thumbnail size-thumbnail\" alt=\"\" \/><\/a>\n\t\t\t\t<\/dt><\/dl><dl class='gallery-item'>\n\t\t\t\t<dt class='gallery-icon portrait'>\n\t\t\t\t\t<a class=\"rollover rollover-zoom dt-pswp-item\" title=\"Carnevale 2025\" data-dt-img-description=\"\" data-large_image_width=\"1414\" data-large_image_height=\"2000\"href='https:\/\/www.radiopiu.net\/wordpress\/wp-content\/uploads\/2025\/02\/Carnevale-2025-1.png'><img loading=\"lazy\" decoding=\"async\" width=\"150\" height=\"150\" src=\"https:\/\/www.radiopiu.net\/wordpress\/wp-content\/uploads\/2025\/02\/Carnevale-2025-1-150x150.png\" class=\"attachment-thumbnail size-thumbnail\" alt=\"\" \/><\/a>\n\t\t\t\t<\/dt><\/dl><br style=\"clear: both\" \/><dl class='gallery-item'>\n\t\t\t\t<dt class='gallery-icon portrait'>\n\t\t\t\t\t<a class=\"rollover rollover-zoom dt-pswp-item\" title=\"f2e45630-52c0-478c-94b5-bb24dd41ebdf\" data-dt-img-description=\"\" data-large_image_width=\"384\" data-large_image_height=\"551\"href='https:\/\/www.radiopiu.net\/wordpress\/wp-content\/uploads\/2025\/02\/f2e45630-52c0-478c-94b5-bb24dd41ebdf.jpg'><img loading=\"lazy\" decoding=\"async\" width=\"150\" height=\"150\" src=\"https:\/\/www.radiopiu.net\/wordpress\/wp-content\/uploads\/2025\/02\/f2e45630-52c0-478c-94b5-bb24dd41ebdf-150x150.jpg\" class=\"attachment-thumbnail size-thumbnail\" alt=\"\" \/><\/a>\n\t\t\t\t<\/dt><\/dl>\n\t\t\t\t<br style='clear: both' \/>\n\t\t\t<\/div>\n\n<p>&nbsp;<\/p>\n<p>&nbsp;<\/p>\n<\/div>\n<\/div>\n<\/div>\n<\/div>\n<\/div>\n<\/div>\n<\/div>\n<\/div>\n<\/div>\n<\/div>\n<\/div>\n<\/div>\n<p>&nbsp;<\/p>\n<\/div>\n<\/div>\n<\/div>\n<\/div>\n<\/div>\n<\/div>\n<\/div>\n<\/div>\n<\/div>\n<\/div>\n<\/div>\n<\/div>\n<hr \/>\n<p>&nbsp;<\/p>\n<p class=\"mceTemp\"><a class=\"dt-pswp-item\" href=\"https:\/\/www.radiopiu.net\/wordpress\/wp-content\/uploads\/2018\/09\/WhatsApp-Image-2018-09-20-at-16.04.06.jpeg\" data-dt-img-description=\"\" data-large_image_width=\"800\" data-large_image_height=\"100\"><img loading=\"lazy\" decoding=\"async\" class=\"wp-image-61378 size-full aligncenter\" src=\"https:\/\/www.radiopiu.net\/wordpress\/wp-content\/uploads\/2018\/09\/WhatsApp-Image-2018-09-20-at-16.04.06.jpeg\" alt=\"\" width=\"800\" height=\"100\" srcset=\"https:\/\/www.radiopiu.net\/wordpress\/wp-content\/uploads\/2018\/09\/WhatsApp-Image-2018-09-20-at-16.04.06.jpeg 800w, https:\/\/www.radiopiu.net\/wordpress\/wp-content\/uploads\/2018\/09\/WhatsApp-Image-2018-09-20-at-16.04.06-300x38.jpeg 300w, https:\/\/www.radiopiu.net\/wordpress\/wp-content\/uploads\/2018\/09\/WhatsApp-Image-2018-09-20-at-16.04.06-768x96.jpeg 768w\" sizes=\"auto, (max-width: 800px) 100vw, 800px\" \/><\/a><\/p>\n<p><center><\/center><center><\/center>&nbsp;<\/p>\n<p><center><\/center><center><b>OGGI<\/b><\/center>Tempo stabile con cielo ancora sereno o poco nuvoloso per transito di nubi alte soprattutto nel corso della mattinata. Possibili foschie nei fondovalle specie in quelli prealpini e in qualche altopiano.<br \/>\n<b>Precipitazioni: <\/b>Assenti<br \/>\n<b>Temperature: <\/b>In ulteriore aumento specie le minime con una significativa inversione termica notturna ed escursione termica giornaliera nelle valli.<\/p>\n<hr \/>\n<p><center><b>DOMANI<\/b><\/center>Cielo in genere sereno nella notte, pi\u00f9 velato dall&#8217;alba. Nelle ore fredde possibili formazioni di foschie o di nubi basse presenti fino a poco dopo l&#8217;alba, tendenti a riformarsi dopo il tramonto.<br \/>\n<b>Precipitazioni: <\/b>Assenti<br \/>\n<b>Temperature: <\/b>In lieve o contenuto calo specie in alta montagna dove le minime saranno misurate a fine giornata, salvo stazionariet\u00e0 delle massime nelle valli; parziale attenuazione dell&#8217;inversione termica nelle ore notturne.<\/p>\n<hr \/>\n<p><center><b>DOMENICA<\/b><\/center>Cielo da poco a parzialmente nuvoloso a tratti anche nuvoloso per il transito di nubi dapprima alte poi medio-alte. Fenomeni assenti. Non esclusa un po&#8217; di foschia e qualche nube basse nelle valli prealpine nelle ore fredde. Temperature in lieve aumento salvo qualche lieve calo delle massime nelle valli con una moderata inversione termica nelle ore fredde.<\/p>\n<hr \/>\n<p><center><b>LUNEDI<\/b><\/center>Giornata in prevalenza soleggiata un po&#8217; disturbata dal transito di sottili e innocue nubi alte. Possibili foschie e qualche banco di nebbia nelle ore fredde in alcune valli prealpine<\/p>\n<p>&nbsp;<\/p>\n<hr \/>\n<p>&nbsp;<\/p>\n<p class=\"mceTemp\"><a class=\"dt-pswp-item\" href=\"https:\/\/www.radiopiu.net\/wordpress\/wp-content\/uploads\/2018\/09\/sport.jpg\" data-dt-img-description=\"\" data-large_image_width=\"800\" data-large_image_height=\"100\"><img loading=\"lazy\" decoding=\"async\" class=\"aligncenter wp-image-60761 size-full\" src=\"https:\/\/www.radiopiu.net\/wordpress\/wp-content\/uploads\/2018\/09\/sport.jpg\" alt=\"\" width=\"800\" height=\"100\" srcset=\"https:\/\/www.radiopiu.net\/wordpress\/wp-content\/uploads\/2018\/09\/sport.jpg 800w, https:\/\/www.radiopiu.net\/wordpress\/wp-content\/uploads\/2018\/09\/sport-300x38.jpg 300w, https:\/\/www.radiopiu.net\/wordpress\/wp-content\/uploads\/2018\/09\/sport-768x96.jpg 768w\" sizes=\"auto, (max-width: 800px) 100vw, 800px\" \/> <\/a><\/p>\n<p class=\"mceTemp\"><span style=\"color: #0000ff;\"><strong>\u00a0 \u00a0\u00a0<\/strong><\/span><\/p>\n<p><span style=\"color: #0000ff;\"><strong>HOCKEY SU GHIACCIO<\/strong><\/span><\/p>\n<blockquote>\n<h3>SARA&#8217; IL VARESE L&#8217;AVVERSARIO DELL&#8217;ALLEGHE NEI PLAYOFF. IL FELTRE ATTERRA IL CALDARO<\/h3>\n<\/blockquote>\n<p><strong><a class=\"dt-pswp-item\" href=\"https:\/\/www.radiopiu.net\/wordpress\/wp-content\/uploads\/2025\/02\/e1eb0dfd-05d7-4304-a8ce-ae515f4709f8.jpg\" data-dt-img-description=\"\" data-large_image_width=\"1179\" data-large_image_height=\"836\"><img loading=\"lazy\" decoding=\"async\" class=\" wp-image-435765 alignleft\" src=\"https:\/\/www.radiopiu.net\/wordpress\/wp-content\/uploads\/2025\/02\/e1eb0dfd-05d7-4304-a8ce-ae515f4709f8-300x213.jpg\" alt=\"\" width=\"225\" height=\"160\" srcset=\"https:\/\/www.radiopiu.net\/wordpress\/wp-content\/uploads\/2025\/02\/e1eb0dfd-05d7-4304-a8ce-ae515f4709f8-300x213.jpg 300w, https:\/\/www.radiopiu.net\/wordpress\/wp-content\/uploads\/2025\/02\/e1eb0dfd-05d7-4304-a8ce-ae515f4709f8-1024x726.jpg 1024w, https:\/\/www.radiopiu.net\/wordpress\/wp-content\/uploads\/2025\/02\/e1eb0dfd-05d7-4304-a8ce-ae515f4709f8-768x545.jpg 768w, https:\/\/www.radiopiu.net\/wordpress\/wp-content\/uploads\/2025\/02\/e1eb0dfd-05d7-4304-a8ce-ae515f4709f8.jpg 1179w\" sizes=\"auto, (max-width: 225px) 100vw, 225px\" \/><\/a>DI MARCO GAZ<\/strong><\/p>\n<p><span style=\"color: #ff0000;\"><strong>IHL \u2013 9\u00b0 GIORNATA MASTER ROUND<\/strong><\/span><\/p>\n<p><strong>APPIANO \u2013 ALLEGHE 5-4 dot<\/strong><\/p>\n<p>PARZIALI: 2-1, 1-2, 1-1, 1-0<\/p>\n<p>GOL: pt. 2\u201911\u201d Svoboda, 12\u201941\u201d Makela, 15\u201901\u201d Graf. st. 5\u201957\u201d Svoboda, 9\u201925\u201d Moberg, 11\u201938\u201d Makela. tt. 4\u201958\u201d Graf, 12\u201910\u201d Shamardin. ot. 2\u201933\u201d Dellagiacoma<\/p>\n<p>L\u2019Appiano la spunta all\u2019overtime contro l\u2019Alleghe dopo una partita combattuta con le due formazioni che non se le sono mandate a dire. Le civette tornano dalla trasferta altoatesina con un punto fondamentale che assicura agli agordini la quinta posizione nel master round che significa quarti di finale contro il Varese. Poche ore di riposo prima di ritronare in campo. Sabato sera al De Toni di Alleghe andr\u00e0 in scena il derby bellunese. Bastano pochi minuti ai padroni di casa per sbloccare il punteggio. Prima infrazione per le civette e pirati che ne approfittano con Svoboda. L\u2019Alleghe non si arrende e prova a reagire mettendo in difficolt\u00e0 il golie altoatesino. Dopo una serie di attacchi andati a vuoto, gli agordini pareggiano i conti con Makela. Passano pochi minuti e l\u2019Appiano ristabilisce il vantaggio con Graf. Match piacevole con tanti batti e ribatti. Finale concitato con i biancorossi all\u2019attacco ma si va al riposo con i padroni di casa in vantaggio. Gli alleghesi partono forte nella seconda frazione. A fare la differenza \u00e8 ancora la prima linea con Makela che impegna il portiere avversario. Ad avere la meglio sono ancora una volta i pirati con Svoboda che mette la firma sulla doppietta personale. Ancora una volta le civette rispondono e accorciano le distanze con Moberg, che si scarta due avversari prima di tirare in porta. Il pareggio \u00e8 nell\u2019aria e l\u2019Alleghe non si smentisce. Iori fa tutto da solo prima di servire Makela che si fa trovare pronto all\u2019appuntamento. Nella terza frazione di gioco le squadre giocano a viso aperto. Ad avere la meglio sono ancora i pirati che alla prima disattenzione calano il poker con Graf. Gli agordini sembrano stanchi e non riescono a creare delle buone occasioni. La buona volont\u00e0 della squadra alleghe viene premiata poco dopo quando Shamardin pareggia di nuovo i conti grazie ad un errore dell\u2019estremo difensore altoatesino. Nel finale di gara saltano i nervi con alcuni giocatori delle due formazioni che non se le mandano a dire. Si va all\u2019overtime dove l\u2019Appiano trova il punto aggiuntivo con la marcatura di Dellagiacoma<\/p>\n<p>&nbsp;<\/p>\n<p><strong><a class=\"dt-pswp-item\" href=\"https:\/\/www.radiopiu.net\/wordpress\/wp-content\/uploads\/2025\/02\/5eaa8eb3-3bed-4dd1-9a74-66c4ed43591d-scaled.jpg\" data-dt-img-description=\"\" data-large_image_width=\"2560\" data-large_image_height=\"1920\"><img loading=\"lazy\" decoding=\"async\" class=\" wp-image-435766 alignright\" src=\"https:\/\/www.radiopiu.net\/wordpress\/wp-content\/uploads\/2025\/02\/5eaa8eb3-3bed-4dd1-9a74-66c4ed43591d-300x225.jpg\" alt=\"\" width=\"256\" height=\"192\" srcset=\"https:\/\/www.radiopiu.net\/wordpress\/wp-content\/uploads\/2025\/02\/5eaa8eb3-3bed-4dd1-9a74-66c4ed43591d-300x225.jpg 300w, https:\/\/www.radiopiu.net\/wordpress\/wp-content\/uploads\/2025\/02\/5eaa8eb3-3bed-4dd1-9a74-66c4ed43591d-1024x768.jpg 1024w, https:\/\/www.radiopiu.net\/wordpress\/wp-content\/uploads\/2025\/02\/5eaa8eb3-3bed-4dd1-9a74-66c4ed43591d-768x576.jpg 768w, https:\/\/www.radiopiu.net\/wordpress\/wp-content\/uploads\/2025\/02\/5eaa8eb3-3bed-4dd1-9a74-66c4ed43591d-1536x1152.jpg 1536w, https:\/\/www.radiopiu.net\/wordpress\/wp-content\/uploads\/2025\/02\/5eaa8eb3-3bed-4dd1-9a74-66c4ed43591d-2048x1536.jpg 2048w\" sizes=\"auto, (max-width: 256px) 100vw, 256px\" \/><\/a>FELTRE \u2013 CALDARO 3-2<\/strong><\/p>\n<p>PARZIALI: 1-0, 0-1, 2-1<\/p>\n<p>GOL: pt. 11\u201914\u201d Korkiakoski. st. 0\u201941\u201d De Don\u00e0. tt. 11\u201904\u201d Selva, 15\u201914\u201d Foltiin, 17\u201954\u201d Da Forno<\/p>\n<p>Il Feltre fa il colpaccio e si aggiudica la sfida contro la capoclassifica Caldaro dopo una partita combattuta. Feltrini che passano in vantaggio, altoatesini che ribaltano il risultato e padroni di casa che nel finale di gara mettono a segno due reti che consegnano la vittoria ai dententori della Coppa Italia.\u00a0 Poche emozioni nei primi minuti di gara al PalaFeltre. Le squadre non si scoprono e le conclusioni stentano ad arrivare. Alla prima vera occasione i picchi si portano in vantaggio. A mettere la firma alla prima marcatura della serata ci pensa Korkiakoski. Il Caldaro pareggia i conti ad inizio secondo drittel con De Don\u00e0. Altoatesini che ingranano la marcia giusta prendendo di mira la porta avversaria. Nel terzo periodo i lucci si portano in vantaggio con Selva ma i feltrini pareggiano i conti con Foltin. Nel finale di gara Da Forno trova la rete della vittoria che consegna tre punti fondamentali ai picchi.<\/p>\n<p>&nbsp;<\/p>\n<blockquote>\n<h3>IN VISTA DEL DERBY ALLEGHE &#8211; FELTRE CON IL PRESIDENTE DELL&#8217;ALLEGHE HOCKEY ADRIANO LEVIS<\/h3>\n<\/blockquote>\n<p><strong><a class=\"dt-pswp-item\" href=\"https:\/\/www.radiopiu.net\/wordpress\/wp-content\/uploads\/2023\/05\/ADRIANO-LEVIS-PRIMO-PIANO.jpg\" data-dt-img-description=\"\" data-large_image_width=\"1876\" data-large_image_height=\"1235\"><img loading=\"lazy\" decoding=\"async\" class=\" wp-image-338181 alignleft\" src=\"https:\/\/www.radiopiu.net\/wordpress\/wp-content\/uploads\/2023\/05\/ADRIANO-LEVIS-PRIMO-PIANO-300x197.jpg\" alt=\"\" width=\"215\" height=\"141\" srcset=\"https:\/\/www.radiopiu.net\/wordpress\/wp-content\/uploads\/2023\/05\/ADRIANO-LEVIS-PRIMO-PIANO-300x197.jpg 300w, https:\/\/www.radiopiu.net\/wordpress\/wp-content\/uploads\/2023\/05\/ADRIANO-LEVIS-PRIMO-PIANO-1024x674.jpg 1024w, https:\/\/www.radiopiu.net\/wordpress\/wp-content\/uploads\/2023\/05\/ADRIANO-LEVIS-PRIMO-PIANO-768x506.jpg 768w, https:\/\/www.radiopiu.net\/wordpress\/wp-content\/uploads\/2023\/05\/ADRIANO-LEVIS-PRIMO-PIANO-1536x1011.jpg 1536w, https:\/\/www.radiopiu.net\/wordpress\/wp-content\/uploads\/2023\/05\/ADRIANO-LEVIS-PRIMO-PIANO.jpg 1876w\" sizes=\"auto, (max-width: 215px) 100vw, 215px\" \/><\/a>DI MARCO GAZ<\/strong><\/p>\n<p>OSPITE Adriano Levis, Presidente dell&#8217;Alleghe Hockey<\/p>\n<audio class=\"wp-audio-shortcode\" id=\"audio-435526-23\" preload=\"none\" style=\"width: 100%;\" controls=\"controls\"><source type=\"audio\/mpeg\" src=\"https:\/\/www.radiopiu.net\/wordpress\/wp-content\/uploads\/2025\/02\/ADRIANO-LEVIS-DERBY-FELTRE.mp3?_=23\" \/><a href=\"https:\/\/www.radiopiu.net\/wordpress\/wp-content\/uploads\/2025\/02\/ADRIANO-LEVIS-DERBY-FELTRE.mp3\">https:\/\/www.radiopiu.net\/wordpress\/wp-content\/uploads\/2025\/02\/ADRIANO-LEVIS-DERBY-FELTRE.mp3<\/a><\/audio>\n<p>&nbsp;<\/p>\n<div class=\"articlePlainSubHead\"><\/div>\n<blockquote>\n<h2 class=\"articlePlainTitle\">Domani all&#8217;alba Moreno Pesce sfida l&#8217;Olimpia<\/h2>\n<\/blockquote>\n<div class=\"addthis_sharing_toolbox\" data-url=\"https:\/\/sfoglio.grupponem.it\/share_article.php?article_id=17445566\" data-title=\"Rocca Pietore estromesso dall'Istituto ladino \u00abScelta politica\u00bbDomani all'alba Moreno Pesce sfida l'...\"><\/div>\n<p>&nbsp;<\/p>\n<div class=\"articlePlainText\"><\/div>\n<div class=\"articlePlainText\" style=\"text-align: left;\"><\/div>\n<div class=\"articlePlainText\"><a class=\"neptuneElement\" title=\"\" href=\"https:\/\/dshare-deploy.grupponem.it\/deploy\/corrierealpi\/20250221\/belluno\/images\/PHOTO\/2147483647\/2b6dc3404a.jpg\"><img loading=\"lazy\" decoding=\"async\" class=\"articlePlainPhoto alignleft\" src=\"https:\/\/dshare-deploy.grupponem.it\/deploy\/corrierealpi\/20250221\/belluno\/images\/PHOTO\/2147483647\/2b6dc3404a.jpg\" width=\"301\" height=\"188\" \/><\/a>Una nuova sfida attende Moreno Pesce, atleta paralimpico e\u00a0 esploratore delle montagne pi\u00f9 impervie, si appresta a sfidare ancora una volta se stesso nella salita della pista Olimpia delle Tofane, uno dei percorsi pi\u00f9 impegnativi di Cortina d&#8217;Ampezzo, che ogni anno ospita la Coppa del Mondo di sci femminile. Una discesa ripida e scoscesa, con pendenze che superano il 56%. La salita avr\u00e0 anche un altro significato speciale: Moreno verr\u00e0 accolto in cima dalla figlia Elisa che gli consegner\u00e0 un altro piccolo ma significativo trofeo: una treccina di corda colorata da legare alla sua protesi, simbolo del suo ennesimo traguardo raggiunto.<\/div>\n<div><\/div>\n<div><\/div>\n<div><\/div>\n<div>\n<hr \/>\n<\/div>\n","protected":false},"excerpt":{"rendered":"<p>******** &nbsp; LA\u00a0 APP PER IOS-IPHONE di Nicola Vettorello https:\/\/apps.apple.com\/it\/app\/radio-pi%C3%B9-emittente-agordina\/id1515939845 LA\u00a0 APP RADIO\u00a0 PER ANDROID di Nicola Vettorello https:\/\/play.google.com\/store\/apps\/details?id=net.radiopiu.iniko\u00a0\u00a0\u00a0\u00a0 &nbsp; &nbsp; &nbsp; OGGI ALLA RADIO:\u00a0\u00a0 rassegna stampa nazionale, ogni giorno alle 5 e alle 6 del mattino. giornali locali 7 rassegna stampa flash, 8 rassegna stampa, gr flash alle 10 e alle 11, principale 12.30.&hellip;<\/p>\n","protected":false},"author":4,"featured_media":435617,"comment_status":"closed","ping_status":"closed","sticky":false,"template":"","format":"standard","meta":{"_monsterinsights_skip_tracking":false,"_monsterinsights_sitenote_active":false,"_monsterinsights_sitenote_note":"","_monsterinsights_sitenote_category":0,"footnotes":""},"categories":[51,86,49],"tags":[],"class_list":["post-435526","post","type-post","status-publish","format-standard","has-post-thumbnail","hentry","category-evidenza-top","category-gr","category-news-18","category-51","category-86","category-49","description-off"],"img_url":"https:\/\/www.radiopiu.net\/wordpress\/wp-content\/uploads\/2025\/02\/Parco-San-Lorenzo.jpeg","_links":{"self":[{"href":"https:\/\/www.radiopiu.net\/wordpress\/wp-json\/wp\/v2\/posts\/435526","targetHints":{"allow":["GET"]}}],"collection":[{"href":"https:\/\/www.radiopiu.net\/wordpress\/wp-json\/wp\/v2\/posts"}],"about":[{"href":"https:\/\/www.radiopiu.net\/wordpress\/wp-json\/wp\/v2\/types\/post"}],"author":[{"embeddable":true,"href":"https:\/\/www.radiopiu.net\/wordpress\/wp-json\/wp\/v2\/users\/4"}],"replies":[{"embeddable":true,"href":"https:\/\/www.radiopiu.net\/wordpress\/wp-json\/wp\/v2\/comments?post=435526"}],"version-history":[{"count":38,"href":"https:\/\/www.radiopiu.net\/wordpress\/wp-json\/wp\/v2\/posts\/435526\/revisions"}],"predecessor-version":[{"id":435833,"href":"https:\/\/www.radiopiu.net\/wordpress\/wp-json\/wp\/v2\/posts\/435526\/revisions\/435833"}],"wp:featuredmedia":[{"embeddable":true,"href":"https:\/\/www.radiopiu.net\/wordpress\/wp-json\/wp\/v2\/media\/435617"}],"wp:attachment":[{"href":"https:\/\/www.radiopiu.net\/wordpress\/wp-json\/wp\/v2\/media?parent=435526"}],"wp:term":[{"taxonomy":"category","embeddable":true,"href":"https:\/\/www.radiopiu.net\/wordpress\/wp-json\/wp\/v2\/categories?post=435526"},{"taxonomy":"post_tag","embeddable":true,"href":"https:\/\/www.radiopiu.net\/wordpress\/wp-json\/wp\/v2\/tags?post=435526"}],"curies":[{"name":"wp","href":"https:\/\/api.w.org\/{rel}","templated":true}]}}