{"id":435660,"date":"2025-02-21T08:32:25","date_gmt":"2025-02-21T07:32:25","guid":{"rendered":"https:\/\/www.radiopiu.net\/wordpress\/?p=435660"},"modified":"2025-02-21T08:40:03","modified_gmt":"2025-02-21T07:40:03","slug":"soffranco-incendio-spento","status":"publish","type":"post","link":"https:\/\/www.radiopiu.net\/wordpress\/soffranco-incendio-spento\/","title":{"rendered":"SOFFRANCO: INCENDIO SPENTO"},"content":{"rendered":"<p data-start=\"100\" data-end=\"447\">***<\/p>\n<p data-start=\"100\" data-end=\"447\">LA BELLA NOTIZIA comunicata da Gianpaolo Bottacin, assessore veneto Protezione Civile:<br \/>\nL&#8217;incendio \u00e8 spento<\/p>\n<p data-start=\"100\" data-end=\"447\"><a class=\"dt-pswp-item\" href=\"https:\/\/www.radiopiu.net\/wordpress\/wp-content\/uploads\/2025\/02\/be451de6-b998-4787-bdc9-e5307ae21ac3.jpg\" data-dt-img-description=\"\" data-large_image_width=\"1200\" data-large_image_height=\"1600\"><img loading=\"lazy\" decoding=\"async\" class=\"alignnone size-medium wp-image-435818\" src=\"https:\/\/www.radiopiu.net\/wordpress\/wp-content\/uploads\/2025\/02\/be451de6-b998-4787-bdc9-e5307ae21ac3-225x300.jpg\" alt=\"\" width=\"225\" height=\"300\" srcset=\"https:\/\/www.radiopiu.net\/wordpress\/wp-content\/uploads\/2025\/02\/be451de6-b998-4787-bdc9-e5307ae21ac3-225x300.jpg 225w, https:\/\/www.radiopiu.net\/wordpress\/wp-content\/uploads\/2025\/02\/be451de6-b998-4787-bdc9-e5307ae21ac3-768x1024.jpg 768w, https:\/\/www.radiopiu.net\/wordpress\/wp-content\/uploads\/2025\/02\/be451de6-b998-4787-bdc9-e5307ae21ac3-1152x1536.jpg 1152w, https:\/\/www.radiopiu.net\/wordpress\/wp-content\/uploads\/2025\/02\/be451de6-b998-4787-bdc9-e5307ae21ac3.jpg 1200w\" sizes=\"auto, (max-width: 225px) 100vw, 225px\" \/><\/a><a class=\"dt-pswp-item\" href=\"https:\/\/www.radiopiu.net\/wordpress\/wp-content\/uploads\/2025\/02\/d.jpg\" data-dt-img-description=\"\" data-large_image_width=\"1200\" data-large_image_height=\"1600\"><img loading=\"lazy\" decoding=\"async\" class=\"alignnone size-medium wp-image-435817\" src=\"https:\/\/www.radiopiu.net\/wordpress\/wp-content\/uploads\/2025\/02\/d-225x300.jpg\" alt=\"\" width=\"225\" height=\"300\" srcset=\"https:\/\/www.radiopiu.net\/wordpress\/wp-content\/uploads\/2025\/02\/d-225x300.jpg 225w, https:\/\/www.radiopiu.net\/wordpress\/wp-content\/uploads\/2025\/02\/d-768x1024.jpg 768w, https:\/\/www.radiopiu.net\/wordpress\/wp-content\/uploads\/2025\/02\/d-1152x1536.jpg 1152w, https:\/\/www.radiopiu.net\/wordpress\/wp-content\/uploads\/2025\/02\/d.jpg 1200w\" sizes=\"auto, (max-width: 225px) 100vw, 225px\" \/><\/a><\/p>\n<p data-start=\"100\" data-end=\"447\">IERI ALLA RADIO<\/p>\n<p data-start=\"100\" data-end=\"447\"><strong><a class=\"dt-pswp-item\" href=\"https:\/\/www.radiopiu.net\/wordpress\/wp-content\/uploads\/2025\/02\/481383287_18445194397076509_7132408556598118607_n.jpg\" data-dt-img-description=\"\" data-large_image_width=\"600\" data-large_image_height=\"718\"><img loading=\"lazy\" decoding=\"async\" class=\"size-medium wp-image-435816 alignleft\" src=\"https:\/\/www.radiopiu.net\/wordpress\/wp-content\/uploads\/2025\/02\/481383287_18445194397076509_7132408556598118607_n-251x300.jpg\" alt=\"\" width=\"251\" height=\"300\" srcset=\"https:\/\/www.radiopiu.net\/wordpress\/wp-content\/uploads\/2025\/02\/481383287_18445194397076509_7132408556598118607_n-251x300.jpg 251w, https:\/\/www.radiopiu.net\/wordpress\/wp-content\/uploads\/2025\/02\/481383287_18445194397076509_7132408556598118607_n.jpg 600w\" sizes=\"auto, (max-width: 251px) 100vw, 251px\" \/><\/a>SOFFRANCO <\/strong>Un incendio boschivo \u00e8 divampato in localit\u00e0 Soffranco, nel bellunese, mobilitando Protezione Civile, Vigili del Fuoco e volontari. Vista la situazione, la Sala Operativa della Protezione Civile del Veneto ha attivato anche l\u2019intervento dell\u2019elicottero regionale, per supportare le operazioni di spegnimento. A coordinare gli interventi \u00e8 il Direttore delle Operazioni di Spegnimento dei Servizi Forestali della Regione Veneto, con il supporto delle squadre a terra. Sul posto operano anche i Vigili del Fuoco, impegnati nel contenimento delle fiamme e nella messa in sicurezza dell\u2019area. L\u2019incendio \u00e8 sotto monitoraggio per evitare ulteriori estensioni.<\/p>\n<p data-start=\"744\" data-end=\"809\" data-is-last-node=\"\">FOTO ARCHIVIO<\/p>\n<p data-start=\"81\" data-end=\"409\">\n<hr \/>\n<p data-start=\"744\" data-end=\"809\" data-is-last-node=\"\">\n","protected":false},"excerpt":{"rendered":"<p>*** LA BELLA NOTIZIA comunicata da Gianpaolo Bottacin, assessore veneto Protezione Civile: L&#8217;incendio \u00e8 spento IERI ALLA RADIO SOFFRANCO Un incendio boschivo \u00e8 divampato in localit\u00e0 Soffranco, nel bellunese, mobilitando Protezione Civile, Vigili del Fuoco e volontari. Vista la situazione, la Sala Operativa della Protezione Civile del Veneto ha attivato anche l\u2019intervento dell\u2019elicottero regionale, per&hellip;<\/p>\n","protected":false},"author":4,"featured_media":435816,"comment_status":"closed","ping_status":"closed","sticky":false,"template":"","format":"standard","meta":{"_monsterinsights_skip_tracking":false,"_monsterinsights_sitenote_active":false,"_monsterinsights_sitenote_note":"","_monsterinsights_sitenote_category":0,"footnotes":""},"categories":[104,49],"tags":[],"class_list":["post-435660","post","type-post","status-publish","format-standard","has-post-thumbnail","hentry","category-evidenza_3","category-news-18","category-104","category-49","description-off"],"img_url":"https:\/\/www.radiopiu.net\/wordpress\/wp-content\/uploads\/2025\/02\/481383287_18445194397076509_7132408556598118607_n.jpg","_links":{"self":[{"href":"https:\/\/www.radiopiu.net\/wordpress\/wp-json\/wp\/v2\/posts\/435660","targetHints":{"allow":["GET"]}}],"collection":[{"href":"https:\/\/www.radiopiu.net\/wordpress\/wp-json\/wp\/v2\/posts"}],"about":[{"href":"https:\/\/www.radiopiu.net\/wordpress\/wp-json\/wp\/v2\/types\/post"}],"author":[{"embeddable":true,"href":"https:\/\/www.radiopiu.net\/wordpress\/wp-json\/wp\/v2\/users\/4"}],"replies":[{"embeddable":true,"href":"https:\/\/www.radiopiu.net\/wordpress\/wp-json\/wp\/v2\/comments?post=435660"}],"version-history":[{"count":6,"href":"https:\/\/www.radiopiu.net\/wordpress\/wp-json\/wp\/v2\/posts\/435660\/revisions"}],"predecessor-version":[{"id":435821,"href":"https:\/\/www.radiopiu.net\/wordpress\/wp-json\/wp\/v2\/posts\/435660\/revisions\/435821"}],"wp:featuredmedia":[{"embeddable":true,"href":"https:\/\/www.radiopiu.net\/wordpress\/wp-json\/wp\/v2\/media\/435816"}],"wp:attachment":[{"href":"https:\/\/www.radiopiu.net\/wordpress\/wp-json\/wp\/v2\/media?parent=435660"}],"wp:term":[{"taxonomy":"category","embeddable":true,"href":"https:\/\/www.radiopiu.net\/wordpress\/wp-json\/wp\/v2\/categories?post=435660"},{"taxonomy":"post_tag","embeddable":true,"href":"https:\/\/www.radiopiu.net\/wordpress\/wp-json\/wp\/v2\/tags?post=435660"}],"curies":[{"name":"wp","href":"https:\/\/api.w.org\/{rel}","templated":true}]}}