{"id":435756,"date":"2025-02-21T05:44:45","date_gmt":"2025-02-21T04:44:45","guid":{"rendered":"https:\/\/www.radiopiu.net\/wordpress\/?p=435756"},"modified":"2025-02-21T05:49:29","modified_gmt":"2025-02-21T04:49:29","slug":"ancora-una-giornata-inenza-per-il-suem-118","status":"publish","type":"post","link":"https:\/\/www.radiopiu.net\/wordpress\/ancora-una-giornata-inenza-per-il-suem-118\/","title":{"rendered":"ANCORA UNA GIORNATA INTENSA PER IL SUEM 118"},"content":{"rendered":"<p>*******<\/p>\n<p>&nbsp;<\/p>\n<p><strong><a class=\"dt-pswp-item\" href=\"https:\/\/www.radiopiu.net\/wordpress\/wp-content\/uploads\/2025\/02\/SALT.jpg\" data-dt-img-description=\"\" data-large_image_width=\"1903\" data-large_image_height=\"1330\"><img loading=\"lazy\" decoding=\"async\" class=\" wp-image-435451 alignleft\" src=\"https:\/\/www.radiopiu.net\/wordpress\/wp-content\/uploads\/2025\/02\/SALT-300x210.jpg\" alt=\"\" width=\"233\" height=\"163\" srcset=\"https:\/\/www.radiopiu.net\/wordpress\/wp-content\/uploads\/2025\/02\/SALT-300x210.jpg 300w, https:\/\/www.radiopiu.net\/wordpress\/wp-content\/uploads\/2025\/02\/SALT-1024x716.jpg 1024w, https:\/\/www.radiopiu.net\/wordpress\/wp-content\/uploads\/2025\/02\/SALT-768x537.jpg 768w, https:\/\/www.radiopiu.net\/wordpress\/wp-content\/uploads\/2025\/02\/SALT-1536x1074.jpg 1536w, https:\/\/www.radiopiu.net\/wordpress\/wp-content\/uploads\/2025\/02\/SALT.jpg 1903w\" sizes=\"auto, (max-width: 233px) 100vw, 233px\" \/><\/a>REDAZIONE<\/strong> Un&#8217;intensa giornata di interventi ha caratterizzato l&#8217;operato del Servizio Urgenza Emergenza Medica (SUEM) 118 della provincia di Belluno, con numerosi soccorsi effettuati tra le piste da sci e le aree montane. Tra i soccorsi pi\u00f9 rilevanti, si segnala l&#8217;intervento ad Arabba per un giovane sciatore polacco di 25 anni, caduto mentre sciava, e un altro incidente sulle piste di Livinallongo, dove un ragazzo di 13 anni della Repubblica Ceca \u00e8 stato soccorso dal mezzo di emergenza &#8220;Leone 1&#8221; e trasportato all&#8217;ospedale di Belluno. Un altro episodio si \u00e8 verificato sull&#8217;Antelao, dove un uomo di 42 anni di Belluno \u00e8 rimasto vittima di una caduta in montagna. Anche in questo caso, \u00e8 stato necessario l&#8217;intervento dell&#8217;elicottero &#8220;Falco&#8221; per il trasporto urgente all&#8217;ospedale. Non solo incidenti sportivi, ma anche emergenze sanitarie. Due casi di malore hanno richiesto l&#8217;intervento dei soccorritori: uno ad Auronzo, dove un uomo di 62 anni residente a Belluno \u00e8 stato trasportato d&#8217;urgenza in ospedale, e un altro a Padola, dove una donna di 60 anni ha avuto bisogno di assistenza medica immediata. In totale sono stati 12 gli interventi sui comprensori sciistici del bellunese.<\/p>\n<p>&nbsp;<\/p>\n<p>&nbsp;<\/p>\n<p>*******<\/p>\n","protected":false},"excerpt":{"rendered":"<p>******* &nbsp; REDAZIONE Un&#8217;intensa giornata di interventi ha caratterizzato l&#8217;operato del Servizio Urgenza Emergenza Medica (SUEM) 118 della provincia di Belluno, con numerosi soccorsi effettuati tra le piste da sci e le aree montane. Tra i soccorsi pi\u00f9 rilevanti, si segnala l&#8217;intervento ad Arabba per un giovane sciatore polacco di 25 anni, caduto mentre sciava,&hellip;<\/p>\n","protected":false},"author":4,"featured_media":435451,"comment_status":"closed","ping_status":"closed","sticky":false,"template":"","format":"standard","meta":{"_monsterinsights_skip_tracking":false,"_monsterinsights_sitenote_active":false,"_monsterinsights_sitenote_note":"","_monsterinsights_sitenote_category":0,"footnotes":""},"categories":[51,49],"tags":[],"class_list":["post-435756","post","type-post","status-publish","format-standard","has-post-thumbnail","hentry","category-evidenza-top","category-news-18","category-51","category-49","description-off"],"img_url":"https:\/\/www.radiopiu.net\/wordpress\/wp-content\/uploads\/2025\/02\/SALT.jpg","_links":{"self":[{"href":"https:\/\/www.radiopiu.net\/wordpress\/wp-json\/wp\/v2\/posts\/435756","targetHints":{"allow":["GET"]}}],"collection":[{"href":"https:\/\/www.radiopiu.net\/wordpress\/wp-json\/wp\/v2\/posts"}],"about":[{"href":"https:\/\/www.radiopiu.net\/wordpress\/wp-json\/wp\/v2\/types\/post"}],"author":[{"embeddable":true,"href":"https:\/\/www.radiopiu.net\/wordpress\/wp-json\/wp\/v2\/users\/4"}],"replies":[{"embeddable":true,"href":"https:\/\/www.radiopiu.net\/wordpress\/wp-json\/wp\/v2\/comments?post=435756"}],"version-history":[{"count":4,"href":"https:\/\/www.radiopiu.net\/wordpress\/wp-json\/wp\/v2\/posts\/435756\/revisions"}],"predecessor-version":[{"id":435760,"href":"https:\/\/www.radiopiu.net\/wordpress\/wp-json\/wp\/v2\/posts\/435756\/revisions\/435760"}],"wp:featuredmedia":[{"embeddable":true,"href":"https:\/\/www.radiopiu.net\/wordpress\/wp-json\/wp\/v2\/media\/435451"}],"wp:attachment":[{"href":"https:\/\/www.radiopiu.net\/wordpress\/wp-json\/wp\/v2\/media?parent=435756"}],"wp:term":[{"taxonomy":"category","embeddable":true,"href":"https:\/\/www.radiopiu.net\/wordpress\/wp-json\/wp\/v2\/categories?post=435756"},{"taxonomy":"post_tag","embeddable":true,"href":"https:\/\/www.radiopiu.net\/wordpress\/wp-json\/wp\/v2\/tags?post=435756"}],"curies":[{"name":"wp","href":"https:\/\/api.w.org\/{rel}","templated":true}]}}