{"id":435777,"date":"2025-02-22T05:46:35","date_gmt":"2025-02-22T04:46:35","guid":{"rendered":"https:\/\/www.radiopiu.net\/wordpress\/?p=435777"},"modified":"2025-02-22T09:00:26","modified_gmt":"2025-02-22T08:00:26","slug":"giornale-radiopiu-22-febbraio-2025","status":"publish","type":"post","link":"https:\/\/www.radiopiu.net\/wordpress\/giornale-radiopiu-22-febbraio-2025\/","title":{"rendered":"GIORNALE RADIOPIU 22 FEBBRAIO 2025 DIRETTORE MIRKO MEZZACASA\u2026DA 41 ANNI 25 GIUGNO 1983-25 GIUGNO 2024"},"content":{"rendered":"<p>********<\/p>\n<p>&nbsp;<\/p>\n<p><em><span style=\"color: #ff0000;\"><a class=\"dt-pswp-item\" href=\"https:\/\/www.radiopiu.net\/wordpress\/wp-content\/uploads\/2024\/10\/Senza-nome-8.png\" data-dt-img-description=\"\" data-large_image_width=\"343\" data-large_image_height=\"303\"><img loading=\"lazy\" decoding=\"async\" class=\"wp-image-412130 alignleft\" src=\"https:\/\/www.radiopiu.net\/wordpress\/wp-content\/uploads\/2024\/10\/Senza-nome-8-300x265.png\" alt=\"\" width=\"105\" height=\"93\" srcset=\"https:\/\/www.radiopiu.net\/wordpress\/wp-content\/uploads\/2024\/10\/Senza-nome-8-300x265.png 300w, https:\/\/www.radiopiu.net\/wordpress\/wp-content\/uploads\/2024\/10\/Senza-nome-8.png 343w\" sizes=\"auto, (max-width: 105px) 100vw, 105px\" \/><\/a><\/span><\/em><strong><em><span style=\"color: #ff0000;\"> LA\u00a0 APP PER IOS-IPHONE di Nicola Vettorello<\/span><\/em><\/strong><\/p>\n<p><strong><span style=\"color: #0000ff;\"><a style=\"color: #0000ff;\" href=\"https:\/\/apps.apple.com\/it\/app\/radio-pi%C3%B9-emittente-agordina\/id1515939845\">https:\/\/apps.apple.com\/it\/app\/radio-pi%C3%B9-emittente-agordina\/id1515939845<\/a><\/span><\/strong><\/p>\n<p><strong><em style=\"color: #ff0000;\">LA\u00a0 APP RADIO\u00a0 PER ANDROID di Nicola Vettorello<\/em><\/strong><\/p>\n<p><strong><span style=\"color: #0000ff;\"><a style=\"color: #0000ff;\" href=\"https:\/\/play.google.com\/store\/apps\/details?id=net.radiopiu.iniko\" target=\"_blank\" rel=\"noopener noreferrer\">https:\/\/<\/a><a style=\"color: #0000ff;\" href=\"https:\/\/play.google.com\/store\/apps\/details?id=net.radiopiu.iniko\" target=\"_blank\" rel=\"noopener noreferrer\">play.google.com\/store\/apps\/details?id=net.radiopiu.iniko\u00a0\u00a0\u00a0\u00a0<\/a><\/span><\/strong><\/p>\n<p>&nbsp;<\/p>\n<p>&nbsp;<\/p>\n<hr \/>\n<p>&nbsp;<\/p>\n<p><span style=\"color: #ff0000;\"><strong>OGGI ALLA RADIO:\u00a0\u00a0<\/strong><\/span><\/p>\n<p><strong><a class=\"dt-pswp-item\" href=\"https:\/\/www.radiopiu.net\/wordpress\/wp-content\/uploads\/2025\/02\/229d0c30-a8f6-4de8-a675-1c091f3121c1.jpg\" data-dt-img-description=\"\" data-large_image_width=\"591\" data-large_image_height=\"591\"><img loading=\"lazy\" decoding=\"async\" class=\"size-medium wp-image-436009 alignleft\" src=\"https:\/\/www.radiopiu.net\/wordpress\/wp-content\/uploads\/2025\/02\/229d0c30-a8f6-4de8-a675-1c091f3121c1-300x300.jpg\" alt=\"\" width=\"300\" height=\"300\" srcset=\"https:\/\/www.radiopiu.net\/wordpress\/wp-content\/uploads\/2025\/02\/229d0c30-a8f6-4de8-a675-1c091f3121c1-300x300.jpg 300w, https:\/\/www.radiopiu.net\/wordpress\/wp-content\/uploads\/2025\/02\/229d0c30-a8f6-4de8-a675-1c091f3121c1-150x150.jpg 150w, https:\/\/www.radiopiu.net\/wordpress\/wp-content\/uploads\/2025\/02\/229d0c30-a8f6-4de8-a675-1c091f3121c1.jpg 591w\" sizes=\"auto, (max-width: 300px) 100vw, 300px\" \/><\/a>rassegna stampa nazionale,<\/strong> ogni giorno alle 5 e alle 6 del mattino. giornali locali 7 rassegna stampa flash, 8 rassegna stampa, gr flash alle 10 e alle 11, principale 12.30. Informazione pomeriggio ogni ora fino alle 20, in coda ai notiziari nazionali. Giornale radio nazionale: ogni ora dalle 4 del mattino, alle 20 della sera. Alle 19 le anticipazioni dal TG di Antenna 3 di Tiziana Bolognani.<\/p>\n<p>&nbsp;<\/p>\n<p><span style=\"color: #0000ff;\"><strong>OGGI ALLE<\/strong>\u00a0<\/span> \u00a0<strong>9.00 premiere, le novit\u00e0 musicali di Marco Gaz<\/strong> \u00a0\u00a0<strong>10.30\u00a0 \u00a0la rassegna stampa settimanale da l&#8217;amico del popolo di Gianni Santomaso<span style=\"color: #ff0000;\">\u00a0<\/span><\/strong>\u00a0<b>12.30 <\/b>GIORNALE RADIO, EDIZIONE PRINCIPALE<b> 13.20 <\/b>COLLAGE OPERAZIONE NOSTALGIA DI LORIS SCUSSEL <strong>14 elettrochoc il programma del sabato pomeriggio di dj Jack<\/strong>\u00a0<strong>16.45<\/strong> LE HIT DI TUTTI I TEMPI CON MIRCO BENCIVENNI <strong>19.00<\/strong> LE ANTICIPAZIONI DAL TG DI ANTENNA 3, CON TIZIANA BOLOGNANI <strong>20.30 Aria di derby, Alleghe Hockey in casa con il Feltre, campionato IHL in hockey al punto giusto con Marco Gaz e Federico Paganin<\/strong><\/p>\n<p><span style=\"color: #ff0000;\"><strong>LA VIGNETTA: DEL DISEGNATORE VIP, PIERALDO VIGNAZIA &#8230; DALL&#8217;ARGENTINA CON PASSIONE<\/strong><\/span><\/p>\n<p>&nbsp;<\/p>\n<p>&nbsp;<\/p>\n<hr \/>\n<p>&nbsp;<\/p>\n<p>&nbsp;<\/p>\n<div class=\"x11i5rnm xat24cr x1mh8g0r x1vvkbs xtlvy1s x126k92a\">\n<div dir=\"auto\">\n<div dir=\"auto\">\n<p><strong><a class=\"dt-pswp-item\" href=\"https:\/\/www.radiopiu.net\/wordpress\/wp-content\/uploads\/2024\/02\/2d44e751-d8a8-461b-8e22-d8e4e853b032.jpg\" data-dt-img-description=\"\" data-large_image_width=\"1600\" data-large_image_height=\"1200\"><img loading=\"lazy\" decoding=\"async\" class=\"wp-image-373307 alignleft\" src=\"https:\/\/www.radiopiu.net\/wordpress\/wp-content\/uploads\/2024\/02\/2d44e751-d8a8-461b-8e22-d8e4e853b032-300x225.jpg\" alt=\"\" width=\"105\" height=\"79\" srcset=\"https:\/\/www.radiopiu.net\/wordpress\/wp-content\/uploads\/2024\/02\/2d44e751-d8a8-461b-8e22-d8e4e853b032-300x225.jpg 300w, https:\/\/www.radiopiu.net\/wordpress\/wp-content\/uploads\/2024\/02\/2d44e751-d8a8-461b-8e22-d8e4e853b032-1024x768.jpg 1024w, https:\/\/www.radiopiu.net\/wordpress\/wp-content\/uploads\/2024\/02\/2d44e751-d8a8-461b-8e22-d8e4e853b032-768x576.jpg 768w, https:\/\/www.radiopiu.net\/wordpress\/wp-content\/uploads\/2024\/02\/2d44e751-d8a8-461b-8e22-d8e4e853b032-1536x1152.jpg 1536w, https:\/\/www.radiopiu.net\/wordpress\/wp-content\/uploads\/2024\/02\/2d44e751-d8a8-461b-8e22-d8e4e853b032.jpg 1600w\" sizes=\"auto, (max-width: 105px) 100vw, 105px\" \/><\/a>EL BAL DEL FIOR, DI GIULIANA DA RONCH, 22 FEBBRAIO<\/strong><strong> 2025<\/strong><\/p>\n<p>&nbsp;<\/p>\n<audio class=\"wp-audio-shortcode\" id=\"audio-435777-1\" preload=\"none\" style=\"width: 100%;\" controls=\"controls\"><source type=\"audio\/mpeg\" src=\"https:\/\/www.radiopiu.net\/wordpress\/wp-content\/uploads\/2025\/02\/GSA-2.mp3?_=1\" \/><a href=\"https:\/\/www.radiopiu.net\/wordpress\/wp-content\/uploads\/2025\/02\/GSA-2.mp3\">https:\/\/www.radiopiu.net\/wordpress\/wp-content\/uploads\/2025\/02\/GSA-2.mp3<\/a><\/audio>\n<p>&nbsp;<\/p>\n<hr \/>\n<p>&nbsp;<\/p>\n<p>&nbsp;<\/p>\n<\/div>\n<\/div>\n<\/div>\n<div class=\"x11i5rnm xat24cr x1mh8g0r x1vvkbs xtlvy1s x126k92a\">\n<blockquote>\n<h1><strong><a class=\"dt-pswp-item\" href=\"https:\/\/www.radiopiu.net\/wordpress\/wp-content\/uploads\/2024\/10\/629301fd-708d-4f53-95c2-d28cbefd500f.jpg\" data-dt-img-description=\"\" data-large_image_width=\"1600\" data-large_image_height=\"1322\"><img loading=\"lazy\" decoding=\"async\" class=\"wp-image-413782 alignright\" src=\"https:\/\/www.radiopiu.net\/wordpress\/wp-content\/uploads\/2024\/10\/629301fd-708d-4f53-95c2-d28cbefd500f-300x248.jpg\" alt=\"\" width=\"106\" height=\"88\" srcset=\"https:\/\/www.radiopiu.net\/wordpress\/wp-content\/uploads\/2024\/10\/629301fd-708d-4f53-95c2-d28cbefd500f-300x248.jpg 300w, https:\/\/www.radiopiu.net\/wordpress\/wp-content\/uploads\/2024\/10\/629301fd-708d-4f53-95c2-d28cbefd500f-1024x846.jpg 1024w, https:\/\/www.radiopiu.net\/wordpress\/wp-content\/uploads\/2024\/10\/629301fd-708d-4f53-95c2-d28cbefd500f-768x635.jpg 768w, https:\/\/www.radiopiu.net\/wordpress\/wp-content\/uploads\/2024\/10\/629301fd-708d-4f53-95c2-d28cbefd500f-1536x1269.jpg 1536w, https:\/\/www.radiopiu.net\/wordpress\/wp-content\/uploads\/2024\/10\/629301fd-708d-4f53-95c2-d28cbefd500f.jpg 1600w\" sizes=\"auto, (max-width: 106px) 100vw, 106px\" \/><\/a><\/strong><\/h1>\n<h1><strong><a class=\"dt-pswp-item\" href=\"https:\/\/www.radiopiu.net\/wordpress\/wp-content\/uploads\/2024\/11\/th-18.jpg\" data-dt-img-description=\"\" data-large_image_width=\"156\" data-large_image_height=\"180\"><img loading=\"lazy\" decoding=\"async\" class=\"size-full wp-image-421611 alignleft\" src=\"https:\/\/www.radiopiu.net\/wordpress\/wp-content\/uploads\/2024\/11\/th-18.jpg\" alt=\"\" width=\"156\" height=\"180\" \/><\/a><\/strong><\/h1>\n<h1><strong>N di parom &#8211; L Almanach de la nosta jent<\/strong><\/h1>\n<\/blockquote>\n<p>&nbsp;<\/p>\n<p>Le voci: Davide Conedera, Agordo, Michela Dell&#8217;Osbel, La Valle Agordina Simone Ganz, Falcade Veronica Lezuo, Colle Santa Lucia. La voce nella sigla \u00e8 di Giorgia Taio<\/p>\n<p><strong>LA PUNTATA DI OGGI, 22 FEBBRAIO 2025<\/strong><\/p>\n<p>&nbsp;<\/p>\n<audio class=\"wp-audio-shortcode\" id=\"audio-435777-2\" preload=\"none\" style=\"width: 100%;\" controls=\"controls\"><source type=\"audio\/mpeg\" src=\"https:\/\/www.radiopiu.net\/wordpress\/wp-content\/uploads\/2025\/02\/AL6-2.mp3?_=2\" \/><a href=\"https:\/\/www.radiopiu.net\/wordpress\/wp-content\/uploads\/2025\/02\/AL6-2.mp3\">https:\/\/www.radiopiu.net\/wordpress\/wp-content\/uploads\/2025\/02\/AL6-2.mp3<\/a><\/audio>\n<p>&nbsp;<\/p>\n<p>&nbsp;<\/p>\n<\/div>\n<div class=\"x11i5rnm xat24cr x1mh8g0r x1vvkbs xtlvy1s x126k92a\">\n<div dir=\"auto\">\n<hr \/>\n<\/div>\n<\/div>\n<blockquote>\n<blockquote>\n<h1><span style=\"color: #ff0000;\">\u00a0<\/span><\/h1>\n<h1><span style=\"color: #ff0000;\">I podcast informativi del mattino &#8211; audio &#8211;\u00a0\u00a0<\/span><\/h1>\n<\/blockquote>\n<p><strong><a class=\"dt-pswp-item\" href=\"https:\/\/www.radiopiu.net\/wordpress\/wp-content\/uploads\/2024\/11\/6.jpg\" data-dt-img-description=\"\" data-large_image_width=\"177\" data-large_image_height=\"180\"><img loading=\"lazy\" decoding=\"async\" class=\"size-full wp-image-417911 alignleft\" src=\"https:\/\/www.radiopiu.net\/wordpress\/wp-content\/uploads\/2024\/11\/6.jpg\" alt=\"\" width=\"177\" height=\"180\" \/><\/a>LA RASSEGNA STAMPA NAZIONALE ALLA RADIO, OGNI GIORNO ALLE 5 E ALLE 6 DEL MATTINO <span style=\"color: #0000ff;\">viene pubblicata alle 6.00 <span style=\"color: #ff0000;\">DIRETTA RADIO\u00a0 \u00a0\u00a0<\/span><\/span><\/strong><\/p><\/blockquote>\n<p>&nbsp;<\/p>\n<p><strong>NOTIZIE DELLA NOTTE<\/strong><\/p>\n<p><strong>La famiglia Bibas<\/strong>: \u00e8 di Shiri il corpo restituito da Hamas <strong>Trump<\/strong> silura il capo di Stato maggiore Usa, nomina Caine <strong>Argentina<\/strong>, al via le indagini su Milei per il caso Libra <strong>Polizia<\/strong>, arrestato l&#8217;autore dell&#8217;accoltellamento a Berlino <strong>Al Jazeera,<\/strong> Hamas ha consegnato il corpo di Shiri a Croce Rossa\u00a0<strong>Giordano,<\/strong> &#8216;l&#8217;intervento di Meloni al Cpac sar\u00e0 ottimo&#8217; <strong>Serie A<\/strong>: Lecce-Udinese 0-1<\/p>\n<h2>AUDIO dalle 6 del mattino<\/h2>\n<audio class=\"wp-audio-shortcode\" id=\"audio-435777-3\" preload=\"none\" style=\"width: 100%;\" controls=\"controls\"><source type=\"audio\/mpeg\" src=\"https:\/\/www.radiopiu.net\/wordpress\/wp-content\/uploads\/2025\/02\/GIORNALEDELLESEI-17.mp3?_=3\" \/><a href=\"https:\/\/www.radiopiu.net\/wordpress\/wp-content\/uploads\/2025\/02\/GIORNALEDELLESEI-17.mp3\">https:\/\/www.radiopiu.net\/wordpress\/wp-content\/uploads\/2025\/02\/GIORNALEDELLESEI-17.mp3<\/a><\/audio>\n<p>&nbsp;<\/p>\n<p>&nbsp;<\/p>\n<hr \/>\n<p>&nbsp;<\/p>\n<h1 style=\"text-align: center;\"><span style=\"color: #ff0000;\"><a class=\"dt-pswp-item\" href=\"https:\/\/www.radiopiu.net\/wordpress\/wp-content\/uploads\/2024\/11\/7.jpg\" data-dt-img-description=\"\" data-large_image_width=\"180\" data-large_image_height=\"180\"><img loading=\"lazy\" decoding=\"async\" class=\"size-full wp-image-417912 alignleft\" src=\"https:\/\/www.radiopiu.net\/wordpress\/wp-content\/uploads\/2024\/11\/7.jpg\" alt=\"\" width=\"180\" height=\"180\" srcset=\"https:\/\/www.radiopiu.net\/wordpress\/wp-content\/uploads\/2024\/11\/7.jpg 180w, https:\/\/www.radiopiu.net\/wordpress\/wp-content\/uploads\/2024\/11\/7-150x150.jpg 150w\" sizes=\"auto, (max-width: 180px) 100vw, 180px\" \/><\/a>I podcast informativi del mattino &#8211; audio &#8211;\u00a0<\/span><\/h1>\n<p><strong>OGNI GIORNO ALLE SETTE DEL MATTINO, LA RASSEGNA STAMPA LOCALE FLASH&#8230; PER CHI VA IN FRETTA. I TITOLI DAI GIORNALI E DAL SITO WWW.RADIOPIU.NET <span style=\"color: #0000ff;\">viene pubblicato alle 7.00<\/span> <span style=\"color: #ff0000;\">DIRETTA RADIO\u00a0<\/span><\/strong><\/p>\n<p><em><span style=\"color: #ff0000;\">per chi va in fretta&#8230; tante notizie in pochi minuti. L&#8217;informazione locale alla radio, ogni ora dalle 7 del mattino alle 19 della sera.<\/span><\/em><\/p>\n<h1>AUDIO dalle 7 del mattino<\/h1>\n<audio class=\"wp-audio-shortcode\" id=\"audio-435777-4\" preload=\"none\" style=\"width: 100%;\" controls=\"controls\"><source type=\"audio\/mpeg\" src=\"https:\/\/www.radiopiu.net\/wordpress\/wp-content\/uploads\/2025\/02\/GF07-20.mp3?_=4\" \/><a href=\"https:\/\/www.radiopiu.net\/wordpress\/wp-content\/uploads\/2025\/02\/GF07-20.mp3\">https:\/\/www.radiopiu.net\/wordpress\/wp-content\/uploads\/2025\/02\/GF07-20.mp3<\/a><\/audio>\n<p>&nbsp;<\/p>\n<p>&nbsp;<\/p>\n<hr \/>\n<p>&nbsp;<\/p>\n<h1><\/h1>\n<h1 style=\"text-align: center;\"><span style=\"color: #ff0000;\"><a class=\"dt-pswp-item\" href=\"https:\/\/www.radiopiu.net\/wordpress\/wp-content\/uploads\/2024\/11\/th.jpg\" data-dt-img-description=\"\" data-large_image_width=\"148\" data-large_image_height=\"179\"><img loading=\"lazy\" decoding=\"async\" class=\"size-full wp-image-417913 alignleft\" src=\"https:\/\/www.radiopiu.net\/wordpress\/wp-content\/uploads\/2024\/11\/th.jpg\" alt=\"\" width=\"148\" height=\"179\" \/><\/a>I podcast informativi del mattino &#8211; audio &#8211;\u00a0<\/span><\/h1>\n<blockquote><p><strong>GIORNALE RADIO NAZIONALE, EDIZIONE DELLE SETTE <span style=\"color: #0000ff;\">viene pubblicato alle 7.05 <span style=\"color: #ff0000;\">DIRETTA RADIO\u00a0<\/span><\/span><\/strong><\/p><\/blockquote>\n<p><strong>il giornale radionazionale e&#8217; in onda ogni ora, dalle sette del mattino alle venti della sera\u00a0 \u00a0<\/strong><\/p>\n<p><strong><a class=\"dt-pswp-item\" href=\"https:\/\/www.radiopiu.net\/wordpress\/wp-content\/uploads\/2025\/02\/download-7.jpg\" data-dt-img-description=\"\" data-large_image_width=\"211\" data-large_image_height=\"239\"><img loading=\"lazy\" decoding=\"async\" class=\"size-full wp-image-435553 alignleft\" src=\"https:\/\/www.radiopiu.net\/wordpress\/wp-content\/uploads\/2025\/02\/download-7.jpg\" alt=\"\" width=\"211\" height=\"239\" \/><\/a>ACERRA<\/strong> Bimba sbranata da un pitbull: tanti gli aspetti da chiarire <strong>TARANTO<\/strong> Bimba di 3 anni morta in ospedale, indagati 12 medici Per cooperazione in omicidio colposo <strong>NAPOLI<\/strong> Morirono durante il test di un&#8217;auto ibrida, chiesto il giudizio per sei indagati<br \/>\n<strong>ROMA<\/strong> Al Policlinico Umberto I scambio di biopsie, gli tolgono la mandibola per errore.<br \/>\nGli era stato diagnosticato un cancro.\u00a0 <strong>GENOVA<\/strong> Morto a Genova il piccolo &#8216;Cece&#8217;, aveva un tumore inoperabile<br \/>\n<strong>ROMA<\/strong> Il Viminale sar\u00e0 responsabile civile nel processo Omerovic <strong>MILANO<\/strong> \u00a0Carminati torna in carcere per il residuo della pena Deve scontare 3 anni\u00a0 <strong>ROMA<\/strong> &#8216;La proroga delle concessioni balneari al 2027 non \u00e8 valida&#8217; Il Tar: &#8216;Non esiste documento&#8217;. L&#8217;opposizione: &#8216;Governo allo sbando&#8217; VERONA Tentarono rapina in pizzeria, tre arresti Malviventi in banda che assalt\u00f2 &#8216;Gioielli di Valenza&#8217; VENEZIA Operaio 26enne muore colpito da un pannello di ferro<\/p>\n<p><strong><a class=\"dt-pswp-item\" href=\"https:\/\/www.radiopiu.net\/wordpress\/wp-content\/uploads\/2025\/02\/download-3.jpg\" data-dt-img-description=\"\" data-large_image_width=\"223\" data-large_image_height=\"226\"><img loading=\"lazy\" decoding=\"async\" class=\"size-full wp-image-434732 alignleft\" src=\"https:\/\/www.radiopiu.net\/wordpress\/wp-content\/uploads\/2025\/02\/download-3.jpg\" alt=\"\" width=\"223\" height=\"226\" \/><\/a>VERONA<\/strong> Un calciatore violent\u00f2 una quattordicenne, condannato a 4 anni 8 mesi <strong>BELLUNO<\/strong> Ancora non chiaro se sabotaggio o incidente sulla pista di bob Il tubo \u00e8 scivolato dalla base ghiacciata <strong>VENEZIA<\/strong> Zaia, &#8216;i cantieri olimpici siano adeguatamente tutelati&#8217; Dopo l&#8217;atto di sabotaggio della pista da bob di Cortina <strong>CORTINA<\/strong> Sindaco Cortina, &#8216;contro pista bob un atto di terrorismo&#8217; <strong>VENEZIA<\/strong> A Mestre proseguono opere per Bosco dello Sport Brugnaro visita cantieri, &#8216;Arena procede secondo cronoprogramma&#8217; <strong>TREVISO<\/strong> Bimba di 6 anni travolta da un suv nel Trevigiano, \u00e8 grave Investita mentre va allo scuolabus PADOVA Perde controllo dell&#8217;auto e si schianta, morta donna Incidente nel padovano, probabile malore <strong>VENEZIA<\/strong> Pedopornografia online, 6 arresti e 7 perquisizioni in Veneto Indagati sorpresi mentre scaricavano file, blitz polizia postale<\/p>\n<h2><span style=\"color: #ff0000;\"><span style=\"color: #0000ff;\">ULTIM&#8217;ORA<\/span> <span style=\"color: #000000;\">AUDIO dalle sette del mattino, ogni ora alla radio EDIZIONE DELLE SETTE<\/span><\/span><\/h2>\n<audio class=\"wp-audio-shortcode\" id=\"audio-435777-5\" preload=\"none\" style=\"width: 100%;\" controls=\"controls\"><source type=\"audio\/mpeg\" src=\"https:\/\/www.radiopiu.net\/wordpress\/wp-content\/uploads\/2025\/02\/giornale07-20.mp3?_=5\" \/><a href=\"https:\/\/www.radiopiu.net\/wordpress\/wp-content\/uploads\/2025\/02\/giornale07-20.mp3\">https:\/\/www.radiopiu.net\/wordpress\/wp-content\/uploads\/2025\/02\/giornale07-20.mp3<\/a><\/audio>\n<p>&nbsp;<\/p>\n<p>&nbsp;<\/p>\n<hr \/>\n<p>&nbsp;<\/p>\n<p>&nbsp;<\/p>\n<h1><span style=\"color: #ff0000;\"><a class=\"dt-pswp-item\" href=\"https:\/\/www.radiopiu.net\/wordpress\/wp-content\/uploads\/2024\/11\/8.jpg\" data-dt-img-description=\"\" data-large_image_width=\"180\" data-large_image_height=\"180\"><img loading=\"lazy\" decoding=\"async\" class=\"size-full wp-image-417910 alignleft\" src=\"https:\/\/www.radiopiu.net\/wordpress\/wp-content\/uploads\/2024\/11\/8.jpg\" alt=\"\" width=\"180\" height=\"180\" srcset=\"https:\/\/www.radiopiu.net\/wordpress\/wp-content\/uploads\/2024\/11\/8.jpg 180w, https:\/\/www.radiopiu.net\/wordpress\/wp-content\/uploads\/2024\/11\/8-150x150.jpg 150w\" sizes=\"auto, (max-width: 180px) 100vw, 180px\" \/><\/a>I podcast informativi del mattino &#8211; video &#8211;\u00a0<\/span><\/h1>\n<h2 style=\"text-align: left;\"><strong>RASSEGNA STAMPA LOCALE, ORE OTTO<\/strong><\/h2>\n<h2><strong> <span style=\"color: #0000ff;\">viene\u00a0 <\/span><\/strong><strong><span style=\"color: #0000ff;\">pubblicata alle 8.05 <span style=\"color: #ff0000;\">DIRETTA RADIO\u00a0 \u00a0<\/span><\/span><\/strong><strong>DI MIRKO MEZZACASA<\/strong><\/h2>\n<h2><span style=\"color: #ff0000;\"><strong>\u00a0<\/strong><\/span><\/h2>\n<h2><span style=\"color: #ff0000;\"><strong>\u00a0<\/strong><\/span><span style=\"color: #ff0000;\"><strong>VIDEO\u00a0 \u00a0in diretta AGGIORNAMENTO\u00a0 dalle 8 del mattino\u00a0\u00a0<\/strong><\/span><\/h2>\n<p>&nbsp;<\/p>\n<p><iframe loading=\"lazy\" style=\"border: none; overflow: hidden;\" src=\"https:\/\/www.facebook.com\/plugins\/video.php?height=314&amp;href=https%3A%2F%2Fwww.facebook.com%2Fradiopiu%2Fvideos%2F992893389417703%2F&amp;show_text=false&amp;width=560&amp;t=0\" width=\"560\" height=\"314\" frameborder=\"0\" scrolling=\"no\" allowfullscreen=\"allowfullscreen\"><\/iframe><\/p>\n<p>&nbsp;<\/p>\n<hr \/>\n<p>&nbsp;<\/p>\n<p>&nbsp;<\/p>\n<p>&nbsp;<\/p>\n<p><strong><a class=\"dt-pswp-item\" href=\"https:\/\/www.radiopiu.net\/wordpress\/wp-content\/uploads\/2023\/12\/ANTENNA.png\" data-dt-img-description=\"\" data-large_image_width=\"300\" data-large_image_height=\"166\"><img loading=\"lazy\" decoding=\"async\" class=\"wp-image-366306 alignright\" src=\"https:\/\/www.radiopiu.net\/wordpress\/wp-content\/uploads\/2023\/12\/ANTENNA.png\" alt=\"\" width=\"101\" height=\"56\" \/><\/a><a class=\"dt-pswp-item\" href=\"https:\/\/www.radiopiu.net\/wordpress\/wp-content\/uploads\/2024\/11\/th-17.jpg\" data-dt-img-description=\"\" data-large_image_width=\"224\" data-large_image_height=\"180\"><img loading=\"lazy\" decoding=\"async\" class=\" wp-image-421610 alignleft\" src=\"https:\/\/www.radiopiu.net\/wordpress\/wp-content\/uploads\/2024\/11\/th-17.jpg\" alt=\"\" width=\"167\" height=\"134\" \/><\/a>ogni sera alle 19 le anticipazioni alla radio, quello che poi seguirete nel TELEGIORNALE BELLUNESE\u00a0 in onda alle 19.30 sul CANALE 10 del digitale terrestre.\u00a0\u00a0<\/strong><\/p>\n<p><b>\u00a0\u00a0<\/b><\/p>\n<p><span style=\"color: #ff0000;\"><strong>LE ANTICIPAZIONI DI TIZIANA BOLOGNANI<\/strong><\/span><\/p>\n<audio class=\"wp-audio-shortcode\" id=\"audio-435777-6\" preload=\"none\" style=\"width: 100%;\" controls=\"controls\"><source type=\"audio\/mpeg\" src=\"https:\/\/www.radiopiu.net\/wordpress\/wp-content\/uploads\/2025\/02\/ANTENNA3-15.mp3?_=6\" \/><a href=\"https:\/\/www.radiopiu.net\/wordpress\/wp-content\/uploads\/2025\/02\/ANTENNA3-15.mp3\">https:\/\/www.radiopiu.net\/wordpress\/wp-content\/uploads\/2025\/02\/ANTENNA3-15.mp3<\/a><\/audio>\n<p>&nbsp;<\/p>\n<p>&nbsp;<\/p>\n<p>&nbsp;<\/p>\n<hr \/>\n<p>&nbsp;<\/p>\n<blockquote>\n<h2><span style=\"color: #ff0000;\"><a class=\"dt-pswp-item\" href=\"https:\/\/www.radiopiu.net\/wordpress\/wp-content\/uploads\/2024\/07\/DolomitiBus.png\" data-dt-img-description=\"\" data-large_image_width=\"3006\" data-large_image_height=\"1276\"><img loading=\"lazy\" decoding=\"async\" class=\" wp-image-398037 alignleft\" src=\"https:\/\/www.radiopiu.net\/wordpress\/wp-content\/uploads\/2024\/07\/DolomitiBus-300x127.png\" alt=\"\" width=\"260\" height=\"110\" srcset=\"https:\/\/www.radiopiu.net\/wordpress\/wp-content\/uploads\/2024\/07\/DolomitiBus-300x127.png 300w, https:\/\/www.radiopiu.net\/wordpress\/wp-content\/uploads\/2024\/07\/DolomitiBus-1024x435.png 1024w, https:\/\/www.radiopiu.net\/wordpress\/wp-content\/uploads\/2024\/07\/DolomitiBus-768x326.png 768w, https:\/\/www.radiopiu.net\/wordpress\/wp-content\/uploads\/2024\/07\/DolomitiBus-1536x652.png 1536w, https:\/\/www.radiopiu.net\/wordpress\/wp-content\/uploads\/2024\/07\/DolomitiBus-2048x869.png 2048w\" sizes=\"auto, (max-width: 260px) 100vw, 260px\" \/><\/a>LUNEDI&#8217; 24 ORE DI SCIOPERO PER IL TRASPORTO PUBBLICO<\/span><\/h2>\n<\/blockquote>\n<p><strong>BELLUNO<\/strong> Dolomiti Bus ricorda che luned\u00ec 24 febbraio \u00e8 stato indetto uno sciopero nazionale di settore della durata di 24 ore. L&#8217;azienda comunica che prevede la garanzia del servizio dalle 5:40 alle 8:10 e dalle 12:10 alle 15:40. Dolomiti Bus precisa che le corse in partenza prima dell\u2019inizio dello sciopero verranno effettuate regolarmente e che le stesse, una volta iniziate, proseguiranno sino al capolinea. I servizi verranno ripristinati completamente a partire dal giorno successivo<\/p>\n<p>&nbsp;<\/p>\n<hr \/>\n<p>&nbsp;<\/p>\n<blockquote>\n<h3>Cortina, sabotaggio alla pista di bob: tubo staccato e strada bloccata<\/h3>\n<\/blockquote>\n<p data-start=\"82\" data-end=\"312\"><strong><a class=\"dt-pswp-item\" href=\"https:\/\/www.radiopiu.net\/wordpress\/wp-content\/uploads\/2025\/02\/Senza-nome-67.png\" data-dt-img-description=\"\" data-large_image_width=\"430\" data-large_image_height=\"228\"><img loading=\"lazy\" decoding=\"async\" class=\"size-medium wp-image-435944 alignleft\" src=\"https:\/\/www.radiopiu.net\/wordpress\/wp-content\/uploads\/2025\/02\/Senza-nome-67-300x159.png\" alt=\"\" width=\"300\" height=\"159\" srcset=\"https:\/\/www.radiopiu.net\/wordpress\/wp-content\/uploads\/2025\/02\/Senza-nome-67-300x159.png 300w, https:\/\/www.radiopiu.net\/wordpress\/wp-content\/uploads\/2025\/02\/Senza-nome-67.png 430w\" sizes=\"auto, (max-width: 300px) 100vw, 300px\" \/><\/a>CORTINA D\u2019AMPEZZO<\/strong> \u2013 Un atto di sabotaggio ha colpito l&#8217;altra notte il cantiere della pista di bob, skeleton e slittino di Cortina d\u2019Ampezzo, struttura chiave per i Giochi Olimpici e Paralimpici Milano Cortina 2026. Un tubo di refrigerazione \u00e8 stato staccato e abbandonato in mezzo alla strada, causando disagi alla viabilit\u00e0 e rallentando i lavori in vista del sopralluogo del CIO previsto il 24 febbraio. L\u2019episodio \u00e8 stato denunciato alle autorit\u00e0 competenti dal Commissario di Governo, Architetto Fabio Saldini, che ha definito il gesto \u201cun atto irrispettoso che mette in difficolt\u00e0 chi lavora giorno e notte\u201d. Indagini in corso per individuare i responsabili.<\/p>\n<blockquote>\n<p data-start=\"82\" data-end=\"312\"><em>\u201cNel corso della giornata ho avuto modo di confrontarmi con gli inquirenti e con il Prefetto di Belluno che infatti domani ha convocato il Comitato di Ordine e Sicurezza. Da quanto emerso non c\u2019\u00e8 dubbio che si tratti di un atto doloso, come anche evidenziato dal sopralluogo tenutosi oggi in cantiere dai tecnici della ditta che produce i tubi di refrigerazione. Oggi tubo pesa 500 chili all\u2019uno ed era stabilmente agganciato e fissato all\u2019interno del cantiere\u201d. <\/em>Lo dichiara il Commissario Arch. Fabio Saldini in merito al sabotaggio della pista di bob di Cortina.<\/p>\n<\/blockquote>\n<p>&nbsp;<\/p>\n<h3 class=\"_title post-title entry-title\">CORTINA D\u2019AMPEZZO | SABOTAGGIO ALLA PISTA DA BOB. SALDINI, SIMICO: \u00abATTO VILE, RAFFORZIAMO SICUREZZA\u00bb<\/h3>\n<p>\u2013 Intervistati FABIO MASSIMO SALDINI AD SIMICO E COMMISSARIO DI GOVERNO (AL TELEFONO) (Servizio di\u00a0<a href=\"https:\/\/antennatre.medianordest.it\/redazione\/Tiziana-Bolognani\/\">Tiziana Bolognani<\/a>)<\/p>\n<p><iframe loading=\"lazy\" title=\"SABOTAGGIO ALLA PISTA DA BOB. SALDINI, SIMICO: \u00abATTO VILE, RAFFORZIAMO SICUREZZA\u00bb | 21\/02\/2025\" width=\"1200\" height=\"675\" src=\"https:\/\/www.youtube.com\/embed\/vIaEeMFIAYQ?feature=oembed\" frameborder=\"0\" allow=\"accelerometer; autoplay; clipboard-write; encrypted-media; gyroscope; picture-in-picture; web-share\" referrerpolicy=\"strict-origin-when-cross-origin\" allowfullscreen><\/iframe><\/p>\n<p>&nbsp;<\/p>\n<p>&nbsp;<\/p>\n<hr \/>\n<p>&nbsp;<\/p>\n<blockquote>\n<h3 data-start=\"0\" data-end=\"68\"><strong data-start=\"4\" data-end=\"66\">Pedopornografia online: arrestato un cinquantenne feltrino<\/strong><\/h3>\n<\/blockquote>\n<p data-start=\"70\" data-end=\"423\"><strong><a class=\"dt-pswp-item\" href=\"https:\/\/www.radiopiu.net\/wordpress\/wp-content\/uploads\/2020\/01\/postale-10.jpg\" data-dt-img-description=\"\" data-large_image_width=\"720\" data-large_image_height=\"405\"><img loading=\"lazy\" decoding=\"async\" class=\"size-medium wp-image-114649 alignleft\" src=\"https:\/\/www.radiopiu.net\/wordpress\/wp-content\/uploads\/2020\/01\/postale-10-300x169.jpg\" alt=\"\" width=\"300\" height=\"169\" srcset=\"https:\/\/www.radiopiu.net\/wordpress\/wp-content\/uploads\/2020\/01\/postale-10-300x169.jpg 300w, https:\/\/www.radiopiu.net\/wordpress\/wp-content\/uploads\/2020\/01\/postale-10.jpg 720w\" sizes=\"auto, (max-width: 300px) 100vw, 300px\" \/><\/a>BELLUNO<\/strong> \u2013 Un cinquantenne della zona feltrina \u00e8 stato arrestato per detenzione e diffusione di materiale pedopornografico, nell\u2019ambito di un\u2019operazione della Polizia Postale del Veneto. L\u2019uomo, dipendente di una ditta locale, \u00e8 stato fermato dopo una perquisizione domiciliare, che ha portato al sequestro di hard disk e cellulare. L\u2019operazione, denominata &#8220;Custodia Pro Spes&#8221;, \u00e8 stata coordinata dalla Procura di Venezia e dal Centro nazionale per il contrasto alla pedopornografia online. Complessivamente, sono stati effettuati sei arresti e sette perquisizioni tra Belluno, Venezia, Rovigo, Padova e Verona. Gli indagati hanno tra i 51 e i 70 anni. Alcuni di loro sono stati trovati con computer accesi mentre scaricavano file illeciti. Per il feltrino il GIP ha convalidato l\u2019arresto, mantenendolo in carcere.<\/p>\n<p data-start=\"70\" data-end=\"423\"><strong>IERI SERA ALLA RADIO&#8230;<\/strong><\/p>\n<p data-start=\"70\" data-end=\"423\"><strong>TIZIANA BOLOGNANI<\/strong><\/p>\n<audio class=\"wp-audio-shortcode\" id=\"audio-435777-7\" preload=\"none\" style=\"width: 100%;\" controls=\"controls\"><source type=\"audio\/mpeg\" src=\"https:\/\/www.radiopiu.net\/wordpress\/wp-content\/uploads\/2025\/02\/tiziana-breve.mp3?_=7\" \/><a href=\"https:\/\/www.radiopiu.net\/wordpress\/wp-content\/uploads\/2025\/02\/tiziana-breve.mp3\">https:\/\/www.radiopiu.net\/wordpress\/wp-content\/uploads\/2025\/02\/tiziana-breve.mp3<\/a><\/audio>\n<p>&nbsp;<\/p>\n<hr \/>\n<p>&nbsp;<\/p>\n<blockquote>\n<h2>Esce di casa e scompare, ore di apprensione per una 15enne<\/h2>\n<\/blockquote>\n<p><strong>MOGLIANO<\/strong><\/p>\n<p><a class=\"dt-pswp-item\" href=\"https:\/\/www.radiopiu.net\/wordpress\/wp-content\/uploads\/2025\/02\/Senza-nome-73.png\" data-dt-img-description=\"\" data-large_image_width=\"286\" data-large_image_height=\"289\"><img loading=\"lazy\" decoding=\"async\" class=\" wp-image-436005 alignleft\" src=\"https:\/\/www.radiopiu.net\/wordpress\/wp-content\/uploads\/2025\/02\/Senza-nome-73.png\" alt=\"\" width=\"153\" height=\"155\" \/><\/a>Sono ore di apprensione quelle che sta vivendo la famiglia di Sasha Zamuner, una 15enne di Mogliano, scomparsa dalle 7,30 di ieri 20 febbraio. La studentessa dell&#8217;istituto Montalcini \u00e8 alta 170 cm, di corporatura media, capelli castani di lunghezza media, occhi marroni ed ha un piercing al naso. Quando \u00e8 stata vista per l&#8217;ultima volta indossava un giubbotto nero, pantaloni neri, scarpe di colore grigio scuro e aveva con s\u00e9 uno zaino di colore nero con inserti grigi. Sasha sarebbe uscita di casa sprovvista dei documenti e senza cellulare. Tra i motivi della scomparsa non si esclude l&#8217;allontanamento volontario, di cui sarebbe stata protagonista circa 6 mesi fa. Nell&#8217;occasione &#8211; ricorda il quotidiano on line Treviso Today &#8211;\u00a0 la ragazza aveva fatto ritorno a casa il giorno dopo.<\/p>\n<p>&nbsp;<\/p>\n<hr \/>\n<p>&nbsp;<\/p>\n<blockquote>\n<h3>Taibon in lutto: addio a Luciano, storico volto del paese, oggi alle 14.30 i funerali nella chiesa parrocchiale<\/h3>\n<\/blockquote>\n<p><strong><img decoding=\"async\" class=\"alignleft\" src=\"https:\/\/www.radiopiu.net\/wordpress\/wp-content\/uploads\/2025\/02\/giulio.png\" \/>TAIBON<\/strong>\u00a0 <em>&#8220;Un chilo di chiodi, una chiave da duplicare, una bombola da sostituire. Tanti anni prima Luciano e Giulio erano gli uomini dei nostri giocattoli a Natale e San Nicolo'&#8221;. <\/em>Sono questi i piccoli gesti quotidiani che Luciano (Ciano Napi)\u00a0 rendeva semplici per tanti cittadini di Taibon, sempre presente dietro il bancone della ferramenta di famiglia. \u00a0E&#8217; la prima cosa che mi viene in mente pensando a Luciano, ma anche a Giulio che abbiamo pianto di recente. Quante ore dietro quel bancone anche con l&#8217;aiuto delle mogli, dei figli, famiglie esemplari a Taibon. I &#8220;napi&#8221; e una triste sequenza di lutti in questi ultimi mesi. Luciano \u00e8 mancato a 81 anni,\u00a0 la scorsa notte assistito dai sui cari, dalla moglie Nilda, i figli Roberto, Franco, Lucia e Andrea.<br \/>\nLa famiglia ha porto un ringraziamento a tutto il personale medico e infermieristico dei reparti di Ortopedia (ospedale di Schiavonia) e di Medicina ad Agordo. I funerali si svolgeranno oggi alle 14.30 nella chiesa parrocchiale di Taibon, la salma sar\u00e0 presente dalle 14.<\/p>\n<p>mm<\/p>\n<p>&nbsp;<\/p>\n<p>&nbsp;<\/p>\n<hr \/>\n<p>&nbsp;<\/p>\n<blockquote>\n<h3 data-start=\"0\" data-end=\"90\"><strong data-start=\"4\" data-end=\"88\">Sopracroda piange Aldo Gianni Roni, imprenditore e figura storica della comunit\u00e0<\/strong><\/h3>\n<\/blockquote>\n<p data-start=\"92\" data-end=\"374\"><strong><a class=\"dt-pswp-item\" href=\"https:\/\/www.radiopiu.net\/wordpress\/wp-content\/uploads\/2025\/02\/Senza-nome-69.png\" data-dt-img-description=\"\" data-large_image_width=\"279\" data-large_image_height=\"217\"><img loading=\"lazy\" decoding=\"async\" class=\" wp-image-435986 alignleft\" src=\"https:\/\/www.radiopiu.net\/wordpress\/wp-content\/uploads\/2025\/02\/Senza-nome-69.png\" alt=\"\" width=\"190\" height=\"148\" \/><\/a>BELLUNO<\/strong>\u2013 Si \u00e8 spento a 90 anni Aldo Gianni Roni, ex presidente della Cooperativa di Consumo di Sopracroda e pioniere del settore automobilistico in provincia. Negli anni \u201970 avvi\u00f2 un\u2019attivit\u00e0 commerciale con il marchio Innocenti, per poi puntare su Land Rover.<\/p>\n<p data-start=\"376\" data-end=\"687\" data-is-last-node=\"\">Oltre alla carriera imprenditoriale, Roni fu un punto di riferimento per la comunit\u00e0, gestendo il bar cooperativa e il rifugio Col di Roanza, luoghi simbolo del territorio. I suoi figli oggi proseguono la sua attivit\u00e0 con la stessa dedizione. Un uomo che ha lasciato un segno indelebile nella sua terra. I funerali oggi alle 11 a Cavarzano, Angelo lascia i figli Paola e Renzo, il genero Ivan, l&#8217;adorata nipote Alessia e i parenti.<\/p>\n<p>&nbsp;<\/p>\n<p>&nbsp;<\/p>\n<hr \/>\n<p>&nbsp;<\/p>\n<blockquote>\n<h3>Infortunio sul lavoro: 36enne ferito e trasportato all\u2019ospedale di Belluno<\/h3>\n<\/blockquote>\n<p><span style=\"font-size: 14px; font-weight: normal;\"><a class=\"dt-pswp-item\" href=\"https:\/\/www.radiopiu.net\/wordpress\/wp-content\/uploads\/2025\/02\/SALT.jpg\" data-dt-img-description=\"\" data-large_image_width=\"1903\" data-large_image_height=\"1330\"><img loading=\"lazy\" decoding=\"async\" class=\" wp-image-435451 alignleft\" src=\"https:\/\/www.radiopiu.net\/wordpress\/wp-content\/uploads\/2025\/02\/SALT-300x210.jpg\" alt=\"\" width=\"159\" height=\"111\" srcset=\"https:\/\/www.radiopiu.net\/wordpress\/wp-content\/uploads\/2025\/02\/SALT-300x210.jpg 300w, https:\/\/www.radiopiu.net\/wordpress\/wp-content\/uploads\/2025\/02\/SALT-1024x716.jpg 1024w, https:\/\/www.radiopiu.net\/wordpress\/wp-content\/uploads\/2025\/02\/SALT-768x537.jpg 768w, https:\/\/www.radiopiu.net\/wordpress\/wp-content\/uploads\/2025\/02\/SALT-1536x1074.jpg 1536w, https:\/\/www.radiopiu.net\/wordpress\/wp-content\/uploads\/2025\/02\/SALT.jpg 1903w\" sizes=\"auto, (max-width: 159px) 100vw, 159px\" \/><\/a>Giornata intensa ieri per il Suem 118, sono stati registrati numerosi soccorsi, con incidenti che hanno coinvolto sciatori italiani e stranieri. In particolare, a Cortina e Arabba si \u00e8 concentrato il maggior numero di richieste d\u2019aiuto. Tra gli episodi pi\u00f9 rilevanti, un politrauma riportato da uno sciatore 41enne di Ancona sulla pista Armentarola e un infortunio sul lavoro a Plan Bo\u00e9 che ha coinvolto un uomo di 36 anni proveniente da Reggio Calabria. Diversi incidenti hanno richiesto l&#8217;intervento dell&#8217;elisoccorso. A Cortina, un uomo di 52 anni \u00e8 stato trasportato d\u2019urgenza dall\u2019eliambulanza di Treviso dopo una caduta in pista. Un altro episodio si \u00e8 verificato sulla pista Porta Vescovo ad Arabba, dove uno sciatore minorenne olandese ha riportato un trauma da sci, rendendo necessario l\u2019intervento dell\u2019elicottero di Treviso. Le operazioni di soccorso hanno visto impegnati elicotteri e mezzi di emergenza provenienti da Belluno, Bolzano e Treviso, confermando l\u2019importanza di un coordinamento tempestivo nelle aree sciistiche pi\u00f9 frequentate. In totale, sono stati registrati 18 interventi in diverse localit\u00e0 sciistiche.<br \/>\n<\/span><\/p>\n<p>&nbsp;<\/p>\n<p>&nbsp;<\/p>\n<hr \/>\n<p>&nbsp;<\/p>\n<blockquote>\n<h3>SCIATORE INFORTUNATO AD ARABBA: INTERVENTO TEMPESTIVO DELLA POLIZIA DI STATO E DEL SUEM 118<\/h3>\n<\/blockquote>\n<p><strong>BELLUNO <\/strong>Il 17 febbraio, il personale specialistico del servizio di sicurezza e soccorso piste in montagna della Polizia di Stato, operante presso il Distaccamento di Arabba, ha ricevuto una chiamata dalla sala operativa del 118 di Pieve di Cadore, che segnalava la presenza di uno sciatore infortunato lungo la pista denominata \u201cVariante Fedaia\u201d nel comprensorio di Arabba. Gli operatori della Polizia di Stato sono giunti tempestivamente sul luogo indicato, trovando l\u2019uomo cosciente ma riverso a terra, mentre lamentava forti dolori all\u2019altezza della cervicale. Immediatamente, in accordo con il 118, \u00e8 stato disposto l\u2019invio dell\u2019elisoccorso, che ha trasportato l\u2019uomo all\u2019Ospedale San Martino di Belluno. Anche in questa occasione, la tempestiva sinergia tra il personale del 118 e la Polizia di Stato si \u00e8 rivelata fondamentale. La Polizia di Stato raccomanda l\u2019uso del casco, la stipula dell\u2019assicurazione obbligatoria, il controllo dei movimenti degli altri sciatori lungo la discesa, il mantenimento di una velocit\u00e0 moderata in relazione alle condizioni delle piste, all\u2019affollamento e alla visibilit\u00e0, nonch\u00e9 il rispetto della segnaletica delle piste.<\/p>\n\n\t\t\t<style type='text\/css'>\n\t\t\t\t#gallery-1 {\n\t\t\t\t\tmargin: auto;\n\t\t\t\t}\n\t\t\t\t#gallery-1 .gallery-item {\n\t\t\t\t\tfloat: left;\n\t\t\t\t\tmargin-top: 10px;\n\t\t\t\t\ttext-align: center;\n\t\t\t\t\twidth: 50%;\n\t\t\t\t}\n\t\t\t\t#gallery-1 img {\n\t\t\t\t\tborder: 2px solid #cfcfcf;\n\t\t\t\t}\n\t\t\t\t#gallery-1 .gallery-caption {\n\t\t\t\t\tmargin-left: 0;\n\t\t\t\t}\n\t\t\t\t\/* see gallery_shortcode() in wp-includes\/media.php *\/\n\t\t\t<\/style>\n\t\t<div id='gallery-1' class='dt-gallery-container gallery galleryid-435777 gallery-columns-2 gallery-size-medium'><dl class='gallery-item'>\n\t\t\t\t<dt class='gallery-icon landscape'>\n\t\t\t\t\t<a class=\"rollover rollover-zoom dt-pswp-item\" title=\"comunicato 17.02.2025 allegato 1\" data-dt-img-description=\"\" data-large_image_width=\"1600\" data-large_image_height=\"1200\"href='https:\/\/www.radiopiu.net\/wordpress\/wp-content\/uploads\/2025\/02\/comunicato-17.02.2025-allegato-1.jpg'><img loading=\"lazy\" decoding=\"async\" width=\"300\" height=\"225\" src=\"https:\/\/www.radiopiu.net\/wordpress\/wp-content\/uploads\/2025\/02\/comunicato-17.02.2025-allegato-1-300x225.jpg\" class=\"attachment-medium size-medium\" alt=\"\" srcset=\"https:\/\/www.radiopiu.net\/wordpress\/wp-content\/uploads\/2025\/02\/comunicato-17.02.2025-allegato-1-300x225.jpg 300w, https:\/\/www.radiopiu.net\/wordpress\/wp-content\/uploads\/2025\/02\/comunicato-17.02.2025-allegato-1-1024x768.jpg 1024w, https:\/\/www.radiopiu.net\/wordpress\/wp-content\/uploads\/2025\/02\/comunicato-17.02.2025-allegato-1-768x576.jpg 768w, https:\/\/www.radiopiu.net\/wordpress\/wp-content\/uploads\/2025\/02\/comunicato-17.02.2025-allegato-1-1536x1152.jpg 1536w, https:\/\/www.radiopiu.net\/wordpress\/wp-content\/uploads\/2025\/02\/comunicato-17.02.2025-allegato-1.jpg 1600w\" sizes=\"auto, (max-width: 300px) 100vw, 300px\" \/><\/a>\n\t\t\t\t<\/dt><\/dl><dl class='gallery-item'>\n\t\t\t\t<dt class='gallery-icon landscape'>\n\t\t\t\t\t<a class=\"rollover rollover-zoom dt-pswp-item\" title=\"comunicato 17.02.2025 allegato 2\" data-dt-img-description=\"\" data-large_image_width=\"640\" data-large_image_height=\"480\"href='https:\/\/www.radiopiu.net\/wordpress\/wp-content\/uploads\/2025\/02\/comunicato-17.02.2025-allegato-2.jpg'><img loading=\"lazy\" decoding=\"async\" width=\"300\" height=\"225\" src=\"https:\/\/www.radiopiu.net\/wordpress\/wp-content\/uploads\/2025\/02\/comunicato-17.02.2025-allegato-2-300x225.jpg\" class=\"attachment-medium size-medium\" alt=\"\" srcset=\"https:\/\/www.radiopiu.net\/wordpress\/wp-content\/uploads\/2025\/02\/comunicato-17.02.2025-allegato-2-300x225.jpg 300w, https:\/\/www.radiopiu.net\/wordpress\/wp-content\/uploads\/2025\/02\/comunicato-17.02.2025-allegato-2.jpg 640w\" sizes=\"auto, (max-width: 300px) 100vw, 300px\" \/><\/a>\n\t\t\t\t<\/dt><\/dl><br style=\"clear: both\" \/>\n\t\t\t<\/div>\n\n<p>&nbsp;<\/p>\n<hr \/>\n<p>&nbsp;<\/p>\n<blockquote>\n<h3><a class=\"dt-pswp-item\" href=\"https:\/\/www.radiopiu.net\/wordpress\/wp-content\/uploads\/2025\/02\/f5dee99b-157b-4aa4-81a4-47d2e77d1b79.jpg\" data-dt-img-description=\"\" data-large_image_width=\"906\" data-large_image_height=\"584\"><img loading=\"lazy\" decoding=\"async\" class=\" wp-image-435836 alignleft\" src=\"https:\/\/www.radiopiu.net\/wordpress\/wp-content\/uploads\/2025\/02\/f5dee99b-157b-4aa4-81a4-47d2e77d1b79-300x193.jpg\" alt=\"\" width=\"246\" height=\"158\" srcset=\"https:\/\/www.radiopiu.net\/wordpress\/wp-content\/uploads\/2025\/02\/f5dee99b-157b-4aa4-81a4-47d2e77d1b79-300x193.jpg 300w, https:\/\/www.radiopiu.net\/wordpress\/wp-content\/uploads\/2025\/02\/f5dee99b-157b-4aa4-81a4-47d2e77d1b79-768x495.jpg 768w, https:\/\/www.radiopiu.net\/wordpress\/wp-content\/uploads\/2025\/02\/f5dee99b-157b-4aa4-81a4-47d2e77d1b79.jpg 906w\" sizes=\"auto, (max-width: 246px) 100vw, 246px\" \/><\/a>Incendio a Ponte nelle Alpi: auto a GPL distrutta dalle fiamme<\/h3>\n<\/blockquote>\n<p><strong data-start=\"827\" data-end=\"1012\">PONTE NELLE ALPI \u2013 U<\/strong>n altro intervento ha impegnato i Vigili del Fuoco nella serata di gioved\u00ec, quando un\u2019auto alimentata a GPL ha preso fuoco lungo la SS51 in via Roma. L\u2019allarme \u00e8 stato lanciato alle 19:15 e sul posto \u00e8 arrivata una squadra dei Vigili del Fuoco di Belluno, che ha trovato la Ford Fiesta completamente avvolta dalle fiamme. Fortunatamente nessuna persona \u00e8 rimasta coinvolta nell&#8217;incendio. Le operazioni di spegnimento e bonifica si sono concluse dopo le 21:00. Secondo le prime valutazioni, le cause dell\u2019incendio sarebbero di natura elettromeccanica, ma sono ancora in corso accertamenti per determinare l\u2019esatta dinamica del rogo.<\/p>\n<p>&nbsp;<\/p>\n<hr \/>\n<p>&nbsp;<\/p>\n<blockquote>\n<h3 data-start=\"0\" data-end=\"88\"><strong data-start=\"4\" data-end=\"86\"><a href=\"https:\/\/www.radiopiu.net\/wordpress\/wp-content\/uploads\/2025\/02\/771875dd-3caa-4248-a482-5bac9ba221a7.webp\"><img loading=\"lazy\" decoding=\"async\" class=\"wp-image-435990 alignleft\" src=\"https:\/\/www.radiopiu.net\/wordpress\/wp-content\/uploads\/2025\/02\/771875dd-3caa-4248-a482-5bac9ba221a7-300x300.webp\" alt=\"\" width=\"197\" height=\"197\" srcset=\"https:\/\/www.radiopiu.net\/wordpress\/wp-content\/uploads\/2025\/02\/771875dd-3caa-4248-a482-5bac9ba221a7-300x300.webp 300w, https:\/\/www.radiopiu.net\/wordpress\/wp-content\/uploads\/2025\/02\/771875dd-3caa-4248-a482-5bac9ba221a7-150x150.webp 150w, https:\/\/www.radiopiu.net\/wordpress\/wp-content\/uploads\/2025\/02\/771875dd-3caa-4248-a482-5bac9ba221a7-768x768.webp 768w, https:\/\/www.radiopiu.net\/wordpress\/wp-content\/uploads\/2025\/02\/771875dd-3caa-4248-a482-5bac9ba221a7.webp 1024w\" sizes=\"auto, (max-width: 197px) 100vw, 197px\" \/><\/a>Visome: usa prodotti per sturare lavandini e si intossica, finisce in ospedale<\/strong><\/h3>\n<\/blockquote>\n<p data-start=\"90\" data-end=\"323\"><strong>BELLUNO \u2013<\/strong> Un uomo di Visome \u00e8 finito all\u2019ospedale San Martino dopo aver inalato una nube tossica, creata dal mix di prodotti usati per sturare i lavandini. L\u2019episodio \u00e8 avvenuto gioved\u00ec sera, intorno alle 20:30.<\/p>\n<p data-start=\"325\" data-end=\"523\" data-is-last-node=\"\">Sul posto sono intervenuti i vigili del fuoco, che hanno verificato la composizione delle esalazioni. L\u2019uomo \u00e8 stato soccorso e trasportato in ospedale per accertamenti, ma \u00e8 fuori pericolo.<\/p>\n<p>&nbsp;<\/p>\n<hr \/>\n<p>&nbsp;<\/p>\n<p>&nbsp;<\/p>\n<blockquote>\n<h3 data-start=\"0\" data-end=\"52\"><strong data-start=\"4\" data-end=\"50\"><a class=\"dt-pswp-item\" href=\"https:\/\/www.radiopiu.net\/wordpress\/wp-content\/uploads\/2020\/04\/Lamon-4.jpg\" data-dt-img-description=\"\" data-large_image_width=\"1024\" data-large_image_height=\"768\"><img loading=\"lazy\" decoding=\"async\" class=\"wp-image-128216 alignleft\" src=\"https:\/\/www.radiopiu.net\/wordpress\/wp-content\/uploads\/2020\/04\/Lamon-4-300x225.jpg\" alt=\"\" width=\"168\" height=\"126\" srcset=\"https:\/\/www.radiopiu.net\/wordpress\/wp-content\/uploads\/2020\/04\/Lamon-4-300x225.jpg 300w, https:\/\/www.radiopiu.net\/wordpress\/wp-content\/uploads\/2020\/04\/Lamon-4-768x576.jpg 768w, https:\/\/www.radiopiu.net\/wordpress\/wp-content\/uploads\/2020\/04\/Lamon-4.jpg 1024w\" sizes=\"auto, (max-width: 168px) 100vw, 168px\" \/><\/a>Lamon: allarme furti, cittadini in allerta, il sindaco chiede maggiore vigilanza da parte delle Forze dell&#8217;Ordine<\/strong><\/h3>\n<\/blockquote>\n<p data-start=\"54\" data-end=\"331\"><strong>LAMON<\/strong> \u2013 Cresce la preoccupazione tra i residenti di Lamon, dove una banda di ladri ha colpito pi\u00f9 volte nelle ultime settimane. Per contrastare il fenomeno, i cittadini hanno creato una chat di segnalazione, mentre aumentano le installazioni di videosorveglianza. L\u2019ultimo furto \u00e8 avvenuto sabato scorso, approfittando dell\u2019assenza di molti residenti. L\u2019amministrazione comunale ha chiesto maggiore vigilanza ai carabinieri, che stanno intensificando i controlli.<\/p>\n<blockquote>\n<p data-start=\"54\" data-end=\"331\">\u00b0\u00b0<\/p>\n<\/blockquote>\n<hr \/>\n<hr \/>\n<div class=\"page-title-head hgroup\">\n<h1 class=\"entry-title\">A LA MUDA UN LUPO IN MENO, AD OSPITALE CRESCE IL TIMORE<\/h1>\n<\/div>\n<p><strong><a class=\"dt-pswp-item\" href=\"https:\/\/www.radiopiu.net\/wordpress\/wp-content\/uploads\/2025\/02\/Senza-nome-71.png\" data-dt-img-description=\"\" data-large_image_width=\"170\" data-large_image_height=\"181\"><img loading=\"lazy\" decoding=\"async\" class=\"size-full wp-image-435996 alignleft\" src=\"https:\/\/www.radiopiu.net\/wordpress\/wp-content\/uploads\/2025\/02\/Senza-nome-71.png\" alt=\"\" width=\"170\" height=\"181\" \/><\/a>SEDICO\u00a0<\/strong> L&#8217;altra mattina lungo la 203 agordina alle sette e tre quarti del mattino ennesimo investimento di animale. Sotto le ruote, a La Muda, al confine tra l&#8217;Agordino e la Valbelluna, un magnifico esemplare di lupo di una certa dimensione. Nessun ferito, ma invevitabili danni al mezzo coinvolto. Sul posto Carabinieri e personale di Veneto Strade<\/p>\n<div class=\"flex max-w-full flex-col flex-grow\">\n<div class=\"min-h-8 text-message flex w-full flex-col items-end gap-2 whitespace-normal break-words text-start [.text-message+&amp;]:mt-5\" dir=\"auto\" data-message-author-role=\"assistant\" data-message-id=\"23c8687b-0a65-4cc5-a17a-1926a4d1c96a\" data-message-model-slug=\"gpt-4o\">\n<div class=\"flex w-full flex-col gap-1 empty:hidden first:pt-[3px]\">\n<div class=\"markdown prose w-full break-words dark:prose-invert dark\">\n<blockquote>\n<h3 data-start=\"0\" data-end=\"69\"><strong data-start=\"4\" data-end=\"67\">Ospitale di Cadore: paura per lupi vicino al centro abitato<\/strong><\/h3>\n<p data-start=\"71\" data-end=\"355\"><strong>OSPITALE DI CADORE<\/strong>\u00a0 Cresce la preoccupazione tra i residenti dopo l\u2019ultimo attacco di lupi ai danni di un ungulato, avvenuto alle porte del paese. La carcassa dell\u2019animale \u00e8 stata trovata lungo una strada molto frequentata, vicino alla ciclabile Venezia-Monaco. Il sindaco Roberto Santin sottolinea il rischio per anziani e bambini, ricordando che i lupi hanno gi\u00e0 predato animali domestici. &#8220;Non vanno abbattuti, ma allontanati&#8221;, afferma Santin, auspicando soluzioni concrete. L\u2019ISPRA ha annunciato un sistema di quote di abbattimento in casi specifici, permettendo alle Regioni di intervenire contro esemplari pericolosi o responsabili di attacchi ripetuti.\u00a7<\/p>\n<p>**<\/p><\/blockquote>\n<\/div>\n<\/div>\n<\/div>\n<\/div>\n<hr \/>\n<blockquote>\n<h3 data-start=\"0\" data-end=\"58\"><strong data-start=\"4\" data-end=\"56\">Assemblea Generale dei Soci: avviso ai pescatori<\/strong><\/h3>\n<p>domani domenica alle 9.30 in sala Don Tamis<\/p><\/blockquote>\n<p data-start=\"60\" data-end=\"327\"><strong><a class=\"dt-pswp-item\" href=\"https:\/\/www.radiopiu.net\/wordpress\/wp-content\/uploads\/2022\/04\/Gara-pesca-a-spinning-a-squadre-trota-fario.jpg\" data-dt-img-description=\"\" data-large_image_width=\"1599\" data-large_image_height=\"1200\"><img loading=\"lazy\" decoding=\"async\" class=\" wp-image-271818 alignleft\" src=\"https:\/\/www.radiopiu.net\/wordpress\/wp-content\/uploads\/2022\/04\/Gara-pesca-a-spinning-a-squadre-trota-fario-300x225.jpg\" alt=\"\" width=\"231\" height=\"173\" srcset=\"https:\/\/www.radiopiu.net\/wordpress\/wp-content\/uploads\/2022\/04\/Gara-pesca-a-spinning-a-squadre-trota-fario-300x225.jpg 300w, https:\/\/www.radiopiu.net\/wordpress\/wp-content\/uploads\/2022\/04\/Gara-pesca-a-spinning-a-squadre-trota-fario-1024x768.jpg 1024w, https:\/\/www.radiopiu.net\/wordpress\/wp-content\/uploads\/2022\/04\/Gara-pesca-a-spinning-a-squadre-trota-fario-768x576.jpg 768w, https:\/\/www.radiopiu.net\/wordpress\/wp-content\/uploads\/2022\/04\/Gara-pesca-a-spinning-a-squadre-trota-fario-1536x1153.jpg 1536w, https:\/\/www.radiopiu.net\/wordpress\/wp-content\/uploads\/2022\/04\/Gara-pesca-a-spinning-a-squadre-trota-fario.jpg 1599w\" sizes=\"auto, (max-width: 231px) 100vw, 231px\" \/><\/a>AGORDO<\/strong> \u2013 Domani o si terr\u00e0 l\u2019Assemblea Generale dei Soci, un appuntamento fondamentale per tutti i membri dell\u2019associazione. Tuttavia, a causa di un disguido nella spedizione delle lettere, molti soci non hanno ricevuto la convocazione.<\/p>\n<p data-start=\"329\" data-end=\"524\">Non si tratta di un problema delle poste, ma di un errore della ditta incaricata dell\u2019invio, che avrebbe dovuto spedire le comunicazioni ai 720 soci sparsi in tutta Italia e all\u2019estero.<\/p>\n<p data-start=\"526\" data-end=\"693\">Per questo motivo, tutti i soci sono stati invitati dal Presidente Enrico D&#8217;Isep a diffondere l\u2019informazione e a partecipare numerosi all\u2019assemblea. Di seguito, l\u2019ordine del giorno della riunione. Per ulteriori informazioni, contattare l\u2019associazione.<\/p>\n<p data-start=\"54\" data-end=\"331\">L&#8217;ORDINE DEL GIORNO<\/p>\n<p><a class=\"dt-pswp-item\" href=\"https:\/\/www.radiopiu.net\/wordpress\/wp-content\/uploads\/2025\/02\/Senza-nome-72.png\" data-dt-img-description=\"\" data-large_image_width=\"710\" data-large_image_height=\"216\"><img loading=\"lazy\" decoding=\"async\" class=\"alignnone wp-image-436002 size-full\" src=\"https:\/\/www.radiopiu.net\/wordpress\/wp-content\/uploads\/2025\/02\/Senza-nome-72.png\" alt=\"\" width=\"710\" height=\"216\" srcset=\"https:\/\/www.radiopiu.net\/wordpress\/wp-content\/uploads\/2025\/02\/Senza-nome-72.png 710w, https:\/\/www.radiopiu.net\/wordpress\/wp-content\/uploads\/2025\/02\/Senza-nome-72-300x91.png 300w\" sizes=\"auto, (max-width: 710px) 100vw, 710px\" \/>\u00a0<\/a><\/p>\n<p>&nbsp;<\/p>\n<hr \/>\n<p>&nbsp;<\/p>\n<blockquote>\n<h3>PRESENTATI DUE NUOVI FUNZIONARI PER LA QUESTURA DI BELLUNO<\/h3>\n<\/blockquote>\n<p><strong>BELLUNO<\/strong> Due nuovi funzionari per la Questura di Belluno: Mauro Carisdeo prende il posto di Paolo Guiso come Vicario del Questore, mentre Cristina Rizzo \u201ceredita\u201d da Jacopo Ballarin la Squadra Mobile.<\/p>\n<p><strong>DI DANIELE DALVIT<\/strong><\/p>\n<audio class=\"wp-audio-shortcode\" id=\"audio-435777-8\" preload=\"none\" style=\"width: 100%;\" controls=\"controls\"><source type=\"audio\/mpeg\" src=\"https:\/\/www.radiopiu.net\/wordpress\/wp-content\/uploads\/2025\/02\/Servizio-Carisdeo-e-Rizzo-Questura.mp3?_=8\" \/><a href=\"https:\/\/www.radiopiu.net\/wordpress\/wp-content\/uploads\/2025\/02\/Servizio-Carisdeo-e-Rizzo-Questura.mp3\">https:\/\/www.radiopiu.net\/wordpress\/wp-content\/uploads\/2025\/02\/Servizio-Carisdeo-e-Rizzo-Questura.mp3<\/a><\/audio>\n<p>&nbsp;<\/p>\n\n\t\t\t<style type='text\/css'>\n\t\t\t\t#gallery-2 {\n\t\t\t\t\tmargin: auto;\n\t\t\t\t}\n\t\t\t\t#gallery-2 .gallery-item {\n\t\t\t\t\tfloat: left;\n\t\t\t\t\tmargin-top: 10px;\n\t\t\t\t\ttext-align: center;\n\t\t\t\t\twidth: 50%;\n\t\t\t\t}\n\t\t\t\t#gallery-2 img {\n\t\t\t\t\tborder: 2px solid #cfcfcf;\n\t\t\t\t}\n\t\t\t\t#gallery-2 .gallery-caption {\n\t\t\t\t\tmargin-left: 0;\n\t\t\t\t}\n\t\t\t\t\/* see gallery_shortcode() in wp-includes\/media.php *\/\n\t\t\t<\/style>\n\t\t<div id='gallery-2' class='dt-gallery-container gallery galleryid-435777 gallery-columns-2 gallery-size-medium'><dl class='gallery-item'>\n\t\t\t\t<dt class='gallery-icon landscape'>\n\t\t\t\t\t<a class=\"rollover rollover-zoom dt-pswp-item\" title=\"f1bc9ec6-1b77-48c6-ac9f-652f7d29475c\" data-dt-img-description=\"\" data-large_image_width=\"1600\" data-large_image_height=\"1059\"href='https:\/\/www.radiopiu.net\/wordpress\/wp-content\/uploads\/2025\/02\/f1bc9ec6-1b77-48c6-ac9f-652f7d29475c.jpg'><img loading=\"lazy\" decoding=\"async\" width=\"300\" height=\"199\" src=\"https:\/\/www.radiopiu.net\/wordpress\/wp-content\/uploads\/2025\/02\/f1bc9ec6-1b77-48c6-ac9f-652f7d29475c-300x199.jpg\" class=\"attachment-medium size-medium\" alt=\"\" srcset=\"https:\/\/www.radiopiu.net\/wordpress\/wp-content\/uploads\/2025\/02\/f1bc9ec6-1b77-48c6-ac9f-652f7d29475c-300x199.jpg 300w, https:\/\/www.radiopiu.net\/wordpress\/wp-content\/uploads\/2025\/02\/f1bc9ec6-1b77-48c6-ac9f-652f7d29475c-1024x678.jpg 1024w, https:\/\/www.radiopiu.net\/wordpress\/wp-content\/uploads\/2025\/02\/f1bc9ec6-1b77-48c6-ac9f-652f7d29475c-768x508.jpg 768w, https:\/\/www.radiopiu.net\/wordpress\/wp-content\/uploads\/2025\/02\/f1bc9ec6-1b77-48c6-ac9f-652f7d29475c-1536x1017.jpg 1536w, https:\/\/www.radiopiu.net\/wordpress\/wp-content\/uploads\/2025\/02\/f1bc9ec6-1b77-48c6-ac9f-652f7d29475c.jpg 1600w\" sizes=\"auto, (max-width: 300px) 100vw, 300px\" \/><\/a>\n\t\t\t\t<\/dt><\/dl><dl class='gallery-item'>\n\t\t\t\t<dt class='gallery-icon landscape'>\n\t\t\t\t\t<a class=\"rollover rollover-zoom dt-pswp-item\" title=\"90e0a213-d306-433a-9afe-8d8e6582fbf3\" data-dt-img-description=\"\" data-large_image_width=\"2560\" data-large_image_height=\"1920\"href='https:\/\/www.radiopiu.net\/wordpress\/wp-content\/uploads\/2025\/02\/90e0a213-d306-433a-9afe-8d8e6582fbf3-scaled.jpg'><img loading=\"lazy\" decoding=\"async\" width=\"300\" height=\"225\" src=\"https:\/\/www.radiopiu.net\/wordpress\/wp-content\/uploads\/2025\/02\/90e0a213-d306-433a-9afe-8d8e6582fbf3-300x225.jpg\" class=\"attachment-medium size-medium\" alt=\"\" srcset=\"https:\/\/www.radiopiu.net\/wordpress\/wp-content\/uploads\/2025\/02\/90e0a213-d306-433a-9afe-8d8e6582fbf3-300x225.jpg 300w, https:\/\/www.radiopiu.net\/wordpress\/wp-content\/uploads\/2025\/02\/90e0a213-d306-433a-9afe-8d8e6582fbf3-1024x768.jpg 1024w, https:\/\/www.radiopiu.net\/wordpress\/wp-content\/uploads\/2025\/02\/90e0a213-d306-433a-9afe-8d8e6582fbf3-768x576.jpg 768w, https:\/\/www.radiopiu.net\/wordpress\/wp-content\/uploads\/2025\/02\/90e0a213-d306-433a-9afe-8d8e6582fbf3-1536x1152.jpg 1536w, https:\/\/www.radiopiu.net\/wordpress\/wp-content\/uploads\/2025\/02\/90e0a213-d306-433a-9afe-8d8e6582fbf3-2048x1536.jpg 2048w\" sizes=\"auto, (max-width: 300px) 100vw, 300px\" \/><\/a>\n\t\t\t\t<\/dt><\/dl><br style=\"clear: both\" \/>\n\t\t\t<\/div>\n\n<hr \/>\n<p>&nbsp;<\/p>\n<blockquote>\n<h3>CCNL INDUSTRIA METALMECCANICA: ALTA ADESIONE AGLI SCIOPERI IN PROVINCIA DI BELLUNO<\/h3>\n<\/blockquote>\n<p><strong>BELLUNO<\/strong> In provincia di Belluno, i lavoratori metalmeccanici hanno aderito in massa allo sciopero per il rinnovo del Contratto Nazionale, superando le aspettative. La mobilitazione ha visto una partecipazione alta nelle principali aziende del settore, con punte dell\u201980% alla Epta Costan, 75% alla Evco, 90% alla Metalba e 80% alla LU.VE. Il 98% dei lavoratori ha votato favorevolmente per la piattaforma rivendicativa dei sindacati Fim, Fiom e Uilm, dimostrando un ampio consenso. L&#8217;adesione \u00e8 stata significativa anche tra gli impiegati, rafforzando il fronte unito. I sindacati hanno organizzato assemblee e mostrato simboli di protesta come striscioni e bandiere. Nonostante la disponibilit\u00e0 di Federmeccanica a riaprire le trattative, la posizione dell\u2019associazione delle imprese rimane ferma. I lavoratori proseguiranno la lotta per garantire migliori condizioni di lavoro e un contratto pi\u00f9 equo, non solo in provincia di Belluno, ma in tutta Italia. La protesta continua in un contesto di crisi economica, con i metalmeccanici determinati a ottenere soddisfazione per le loro richieste.<\/p>\n\n\t\t\t<style type='text\/css'>\n\t\t\t\t#gallery-3 {\n\t\t\t\t\tmargin: auto;\n\t\t\t\t}\n\t\t\t\t#gallery-3 .gallery-item {\n\t\t\t\t\tfloat: left;\n\t\t\t\t\tmargin-top: 10px;\n\t\t\t\t\ttext-align: center;\n\t\t\t\t\twidth: 25%;\n\t\t\t\t}\n\t\t\t\t#gallery-3 img {\n\t\t\t\t\tborder: 2px solid #cfcfcf;\n\t\t\t\t}\n\t\t\t\t#gallery-3 .gallery-caption {\n\t\t\t\t\tmargin-left: 0;\n\t\t\t\t}\n\t\t\t\t\/* see gallery_shortcode() in wp-includes\/media.php *\/\n\t\t\t<\/style>\n\t\t<div id='gallery-3' class='dt-gallery-container gallery galleryid-435777 gallery-columns-4 gallery-size-thumbnail'><dl class='gallery-item'>\n\t\t\t\t<dt class='gallery-icon landscape'>\n\t\t\t\t\t<a class=\"rollover\" href='https:\/\/www.radiopiu.net\/wordpress\/ccnl-industria-metalmeccanica-alta-adesione-agli-scioperi-in-provincia-di-belluno\/a4a81e80-78b4-4e0a-8e1c-ae1517df993c\/'><img loading=\"lazy\" decoding=\"async\" width=\"150\" height=\"150\" src=\"https:\/\/www.radiopiu.net\/wordpress\/wp-content\/uploads\/2025\/02\/a4a81e80-78b4-4e0a-8e1c-ae1517df993c-150x150.jpg\" class=\"attachment-thumbnail size-thumbnail\" alt=\"\" \/><\/a>\n\t\t\t\t<\/dt><\/dl><dl class='gallery-item'>\n\t\t\t\t<dt class='gallery-icon landscape'>\n\t\t\t\t\t<a class=\"rollover\" href='https:\/\/www.radiopiu.net\/wordpress\/ccnl-industria-metalmeccanica-alta-adesione-agli-scioperi-in-provincia-di-belluno\/44fda5ee-ef48-475d-8f72-477636ac736e\/'><img loading=\"lazy\" decoding=\"async\" width=\"150\" height=\"150\" src=\"https:\/\/www.radiopiu.net\/wordpress\/wp-content\/uploads\/2025\/02\/44fda5ee-ef48-475d-8f72-477636ac736e-150x150.jpg\" class=\"attachment-thumbnail size-thumbnail\" alt=\"\" \/><\/a>\n\t\t\t\t<\/dt><\/dl><dl class='gallery-item'>\n\t\t\t\t<dt class='gallery-icon portrait'>\n\t\t\t\t\t<a class=\"rollover\" href='https:\/\/www.radiopiu.net\/wordpress\/ccnl-industria-metalmeccanica-alta-adesione-agli-scioperi-in-provincia-di-belluno\/29f78c33-ae10-436b-ba31-11035bf18cb0\/'><img loading=\"lazy\" decoding=\"async\" width=\"150\" height=\"150\" src=\"https:\/\/www.radiopiu.net\/wordpress\/wp-content\/uploads\/2025\/02\/29f78c33-ae10-436b-ba31-11035bf18cb0-150x150.jpg\" class=\"attachment-thumbnail size-thumbnail\" alt=\"\" \/><\/a>\n\t\t\t\t<\/dt><\/dl><dl class='gallery-item'>\n\t\t\t\t<dt class='gallery-icon landscape'>\n\t\t\t\t\t<a class=\"rollover\" href='https:\/\/www.radiopiu.net\/wordpress\/ccnl-industria-metalmeccanica-alta-adesione-agli-scioperi-in-provincia-di-belluno\/75c9ee85-0e55-4c04-9aef-eda1b0212cda\/'><img loading=\"lazy\" decoding=\"async\" width=\"150\" height=\"150\" src=\"https:\/\/www.radiopiu.net\/wordpress\/wp-content\/uploads\/2025\/02\/75c9ee85-0e55-4c04-9aef-eda1b0212cda-150x150.jpg\" class=\"attachment-thumbnail size-thumbnail\" alt=\"\" \/><\/a>\n\t\t\t\t<\/dt><\/dl><br style=\"clear: both\" \/>\n\t\t\t<\/div>\n\n<p>&nbsp;<\/p>\n<hr \/>\n<p>&nbsp;<\/p>\n<blockquote>\n<h3>Veneto: calo occupazionale a gennaio, aumentano le cessazioni<\/h3>\n<\/blockquote>\n<p><strong><a class=\"dt-pswp-item\" href=\"https:\/\/www.radiopiu.net\/wordpress\/wp-content\/uploads\/2025\/02\/Infografica-Bussola-febbraio-2025-scaled.jpg\" data-dt-img-description=\"\" data-large_image_width=\"2560\" data-large_image_height=\"1810\"><img loading=\"lazy\" decoding=\"async\" class=\"size-medium wp-image-435860 alignleft\" src=\"https:\/\/www.radiopiu.net\/wordpress\/wp-content\/uploads\/2025\/02\/Infografica-Bussola-febbraio-2025-300x212.jpg\" alt=\"\" width=\"300\" height=\"212\" srcset=\"https:\/\/www.radiopiu.net\/wordpress\/wp-content\/uploads\/2025\/02\/Infografica-Bussola-febbraio-2025-300x212.jpg 300w, https:\/\/www.radiopiu.net\/wordpress\/wp-content\/uploads\/2025\/02\/Infografica-Bussola-febbraio-2025-1024x724.jpg 1024w, https:\/\/www.radiopiu.net\/wordpress\/wp-content\/uploads\/2025\/02\/Infografica-Bussola-febbraio-2025-768x543.jpg 768w, https:\/\/www.radiopiu.net\/wordpress\/wp-content\/uploads\/2025\/02\/Infografica-Bussola-febbraio-2025-1536x1086.jpg 1536w, https:\/\/www.radiopiu.net\/wordpress\/wp-content\/uploads\/2025\/02\/Infografica-Bussola-febbraio-2025-2048x1448.jpg 2048w\" sizes=\"auto, (max-width: 300px) 100vw, 300px\" \/><\/a>VENEZIA <\/strong>Il mercato del lavoro veneto ha chiuso gennaio 2025 con un saldo negativo di 900 posti di lavoro dipendente, in contrasto con il +700 registrato nello stesso mese dell\u2019anno precedente. Questo rallentamento \u00e8 attribuito all&#8217;aumento delle cessazioni (+3%) rispetto alla stabilit\u00e0 delle assunzioni (+0,1%). Le posizioni a tempo indeterminato sono aumentate grazie alle trasformazioni contrattuali (+6.800), mentre quelle a tempo determinato sono diminuite (-7.800). A livello di genere, le assunzioni per uomini e stranieri sono aumentate (+3% e +6%, rispettivamente), ma quelle per le donne sono scese (-5%). In particolare, le cessazioni per fine contratto sono aumentate (+8%), soprattutto nei settori dell\u2019agricoltura e del turismo, mentre i licenziamenti economici individuali sono saliti del 7%. Le dimissioni e i licenziamenti collettivi sono invece diminuiti rispettivamente del 6% e dell&#8217;11%. A livello provinciale, il saldo occupazionale \u00e8 negativo in diverse aree come Padova, Venezia e Verona, ma positivo a Treviso, Vicenza e Rovigo. Nel dettaglio settoriale, l\u2019agricoltura ha perso 800 posti, il terziario \u00e8 calato di 3.900, con il turismo particolarmente in difficolt\u00e0 (-3.800). L\u2019industria, invece, ha visto una crescita di 3.900 posti, trainata principalmente dal metalmeccanico, automotive ed edilizia. Tuttavia, il sistema moda continua a mostrare segnali di difficolt\u00e0. L&#8217;assessore al Lavoro, Valeria Mantovan, ha sottolineato la riduzione della mobilit\u00e0 nel mercato del lavoro, legata all\u2019incertezza economica.<\/p>\n<p>&nbsp;<\/p>\n<p>&nbsp;<\/p>\n<hr \/>\n<p>&nbsp;<\/p>\n<blockquote>\n<h3>20 MILIONI DI EURO PER LE IMPRESE AGRICOLE MONTANE<\/h3>\n<\/blockquote>\n<p><strong><a class=\"dt-pswp-item\" href=\"https:\/\/www.radiopiu.net\/wordpress\/wp-content\/uploads\/2024\/12\/CANER.jpeg\" data-dt-img-description=\"\" data-large_image_width=\"2098\" data-large_image_height=\"1400\"><img loading=\"lazy\" decoding=\"async\" class=\" wp-image-424999 alignleft\" src=\"https:\/\/www.radiopiu.net\/wordpress\/wp-content\/uploads\/2024\/12\/CANER-300x200.jpeg\" alt=\"\" width=\"171\" height=\"114\" srcset=\"https:\/\/www.radiopiu.net\/wordpress\/wp-content\/uploads\/2024\/12\/CANER-300x200.jpeg 300w, https:\/\/www.radiopiu.net\/wordpress\/wp-content\/uploads\/2024\/12\/CANER-1024x683.jpeg 1024w, https:\/\/www.radiopiu.net\/wordpress\/wp-content\/uploads\/2024\/12\/CANER-768x512.jpeg 768w, https:\/\/www.radiopiu.net\/wordpress\/wp-content\/uploads\/2024\/12\/CANER-1536x1025.jpeg 1536w, https:\/\/www.radiopiu.net\/wordpress\/wp-content\/uploads\/2024\/12\/CANER-2048x1367.jpeg 2048w\" sizes=\"auto, (max-width: 171px) 100vw, 171px\" \/><\/a>VENEZIA<\/strong> L\u2019assessore regionale all\u2019Agricoltura, Federico Caner, ha annunciato l\u2019apertura di un bando da 20 milioni di euro per supportare l\u2019agricoltura montana. Di questi, 19 milioni provengono dal PSR 2014-2022 (misura 13.1.1), con 1 milione aggiuntivo per lo sviluppo rurale montano (legge 33\/2024). Il bando prevede indennit\u00e0 compensative annuali per gli agricoltori delle terre alte, per compensare i costi aggiuntivi e i minori redditi causati dagli svantaggi territoriali. L\u2019iniziativa \u00e8 frutto della collaborazione con le categorie e le parti sociali, e mira a sostenere le aziende agricole montane, che coprono il 29% del territorio veneto. Caner ha sottolineato l\u2019importanza di utilizzare in modo virtuoso le risorse per sostenere le aree fragili.<\/p>\n<p>&nbsp;<\/p>\n<hr \/>\n<p>&nbsp;<\/p>\n<blockquote>\n<h1>DILLO A RADIO PIU&#8230; Serrai, attrattiva dimenticata<\/h1>\n<\/blockquote>\n<div class=\"flex max-w-full flex-col flex-grow\">\n<div class=\"min-h-8 text-message flex w-full flex-col items-end gap-2 whitespace-normal break-words text-start [.text-message+&amp;]:mt-5\" dir=\"auto\" data-message-author-role=\"assistant\" data-message-id=\"f92ddc47-9357-433d-936f-e28565a1afd7\" data-message-model-slug=\"gpt-4o\">\n<div class=\"flex w-full flex-col gap-1 empty:hidden first:pt-[3px]\">\n<div class=\"markdown prose w-full break-words dark:prose-invert dark\">\n<blockquote>\n<p data-start=\"58\" data-end=\"347\" data-is-last-node=\"\"><em>Nonostante la fama mondiale, i Serrai di Sottoguda restano inaccessibili con gli sci da sette anni, penalizzando turismo e attivit\u00e0 locali. Un\u2019occasione sprecata, mentre in altre regioni sarebbe gi\u00e0 stata riaperta. Un\u2019icona del Giro della Grande Guerra rischia l\u2019oblio.<\/em><\/p>\n<\/blockquote>\n<\/div>\n<\/div>\n<\/div>\n<\/div>\n<div class=\"mb-2 flex gap-3 empty:hidden -ml-2\">\n<div class=\"items-center justify-start rounded-xl p-1 flex\">\n<div class=\"flex items-center\"><strong>Da una conosciuta a stimata Guida Alpina riceviamo e volentieri pubblichiamo<\/strong><\/div>\n<div><\/div>\n<div>\n<p data-start=\"56\" data-end=\"380\"><img decoding=\"async\" class=\"alignleft\" src=\"https:\/\/www.radiopiu.net\/wordpress\/wp-content\/uploads\/2025\/02\/download-14.jpg\" \/>I Serrai di Sottoguda sono un\u2019attrazione di livello mondiale, conosciuta da europei, americani, giapponesi, australiani, insomma in tutto il mondo. Eppure, dopo sette anni, non sono ancora percorribili con gli sci. Se fossimo stati in Alto Adige, probabilmente sarebbero stati riaperti dopo sette mesi. Ci stiamo ridicolizzando agli occhi di tutti, soprattutto dopo aver speso milioni di euro per trasformare un luogo magico in una specie di parco avventura, che di bello ha ben poco. E, vietando l\u2019accesso agli sciatori, si \u00e8 perso il suo ruolo centrale nel Giro della Grande Guerra, che rischia ora di cadere nel dimenticatoio, con un calo significativo dei passaggi nel comprensorio del Civetta. Solo in Veneto, un\u2019attrattiva del genere viene dimenticata, mancando di rispetto alle attivit\u00e0 locali, che da sette anni subiscono questa situazione. Parliamo tanto dei nostri vicini, ma non siamo in grado di valorizzare ci\u00f2 che abbiamo.<\/p>\n<p data-start=\"1062\" data-end=\"1076\" data-is-last-node=\"\">Una guida.<\/p>\n<\/div>\n<\/div>\n<\/div>\n<p>&nbsp;<\/p>\n<hr \/>\n<p>&nbsp;<\/p>\n<blockquote>\n<h3>Liceo Lollino: docenti contrari alla chiusura dell\u2019istituto<\/h3>\n<p><strong><img loading=\"lazy\" decoding=\"async\" class=\"alignleft\" src=\"https:\/\/www.radiopiu.net\/wordpress\/wp-content\/uploads\/2021\/04\/LOLLINO.jpg\" width=\"213\" height=\"142\" \/><\/strong><em>La Diocesi decide, i docenti contestano il metodo\u00a0 e il collegio docenti ha deciso di non partecipare all\u2019assemblea plenaria prevista per questa sera, per consentire una maggior possibilit\u00e0 di confronto tra l\u2019ente gestore e le famiglie.<\/em><\/p><\/blockquote>\n<p><strong>BELLUNO<\/strong>\u00a0 Gli insegnanti del Liceo Lollino hanno accolto con amarezza e sorpresa la decisione unilaterale della Diocesi di chiudere l\u2019istituto, nonostante i recenti sforzi per il rilancio della scuola. Negli ultimi mesi, i docenti hanno garantito continuit\u00e0 e crescita, lavorando con impegno su nuovi progetti e partecipando attivamente agli Open Days. Per questo motivo, la chiusura \u00e8 vista come inaspettata e incomprensibile. A lasciare perplessi \u00e8 anche la modalit\u00e0 della comunicazione. In segno di dissenso e per favorire il confronto tra l\u2019ente gestore e le famiglie.<\/p>\n<blockquote>\n<h3 class=\"_title post-title entry-title\">BELLUNO | IL \u2018LOLLINO\u2019 CHIUDE. GLI INSEGNANTI:\u2019DECISIONE INASPETTATA E INCOMPRENSIBILE\u2019<\/h3>\n<\/blockquote>\n<p>Lo scorso anno era stata cassata l\u2019offerta di Confindustria di portare a Belluno&#8230; (Servizio di <a href=\"https:\/\/antennatre.medianordest.it\/redazione\/Tiziana-Bolognani\/\">Tiziana Bolognani<\/a>)<\/p>\n<p><iframe loading=\"lazy\" title=\"IL &#039;LOLLINO&#039; CHIUDE. GLI INSEGNANTI:&#039;DECISIONE INASPETTATA E INCOMPRENSIBILE&#039; | 21\/02\/2025\" width=\"1200\" height=\"675\" src=\"https:\/\/www.youtube.com\/embed\/4nRfsa09t2c?feature=oembed\" frameborder=\"0\" allow=\"accelerometer; autoplay; clipboard-write; encrypted-media; gyroscope; picture-in-picture; web-share\" referrerpolicy=\"strict-origin-when-cross-origin\" allowfullscreen><\/iframe><\/p>\n<hr \/>\n<p>&nbsp;<\/p>\n<blockquote>\n<h3>CASARTIGIANI BELLUNO RINNOVA LE CARICHE<\/h3>\n<\/blockquote>\n<p><strong><a class=\"dt-pswp-item\" href=\"https:\/\/www.radiopiu.net\/wordpress\/wp-content\/uploads\/2025\/02\/pres-vicepres-seg-CASA-BL.jpeg\" data-dt-img-description=\"\" data-large_image_width=\"2048\" data-large_image_height=\"1536\"><img loading=\"lazy\" decoding=\"async\" class=\" wp-image-435887 alignleft\" src=\"https:\/\/www.radiopiu.net\/wordpress\/wp-content\/uploads\/2025\/02\/pres-vicepres-seg-CASA-BL-300x225.jpeg\" alt=\"\" width=\"165\" height=\"124\" srcset=\"https:\/\/www.radiopiu.net\/wordpress\/wp-content\/uploads\/2025\/02\/pres-vicepres-seg-CASA-BL-300x225.jpeg 300w, https:\/\/www.radiopiu.net\/wordpress\/wp-content\/uploads\/2025\/02\/pres-vicepres-seg-CASA-BL-1024x768.jpeg 1024w, https:\/\/www.radiopiu.net\/wordpress\/wp-content\/uploads\/2025\/02\/pres-vicepres-seg-CASA-BL-768x576.jpeg 768w, https:\/\/www.radiopiu.net\/wordpress\/wp-content\/uploads\/2025\/02\/pres-vicepres-seg-CASA-BL-1536x1152.jpeg 1536w, https:\/\/www.radiopiu.net\/wordpress\/wp-content\/uploads\/2025\/02\/pres-vicepres-seg-CASA-BL.jpeg 2048w\" sizes=\"auto, (max-width: 165px) 100vw, 165px\" \/><\/a>BELLUNO<\/strong> Il 19 febbraio 2024 si \u00e8 svolto il rinnovo delle cariche per Casartigiani Belluno, un evento cruciale per il futuro dell&#8217;associazione. Marco Baldovin \u00e8 stato eletto presidente, mentre Stefano Balbinot \u00e8 diventato segretario generale e direttore. Il nuovo direttivo ha come obiettivo rafforzare la presenza dell&#8217;associazione nel territorio, sfruttando opportunit\u00e0 come le Olimpiadi Milano-Cortina 2026. Casartigiani conta circa 300 iscritti e punta ad aumentare il numero di associati, migliorando il supporto alle imprese locali. Tra i principali obiettivi ci sono l\u2019attrazione di lavoratori qualificati, il supporto alla logistica abitativa, la formazione, l\u2019innovazione tecnologica e la valorizzazione del patrimonio artigianale. L\u2019associazione mira a consolidare il suo ruolo nel panorama economico provinciale, lavorando a stretto contatto con enti locali e altre realt\u00e0 associative.<\/p>\n<p>&nbsp;<\/p>\n<hr \/>\n<p>&nbsp;<\/p>\n<blockquote>\n<h2>DOMANI ad Alleghe l&#8217;assemblea dei donatori<\/h2>\n<\/blockquote>\n<div class=\"addthis_sharing_toolbox\" data-url=\"https:\/\/sfoglio.grupponem.it\/share_article.php?article_id=17445539\" data-title=\"Incendio boschivo vigili e Regione in campoDomenica ad Alleghe l'assemblea dei donatori\"><strong>ALLEGHE<\/strong><\/div>\n<div class=\"articlePlainText\"><img loading=\"lazy\" decoding=\"async\" class=\"alignleft\" src=\"https:\/\/www.radiopiu.net\/wordpress\/wp-content\/uploads\/2025\/02\/Senza-nome-64.png\" width=\"149\" height=\"162\" \/>Domani si terr\u00e0, alle 11.30 nella Sala Stoppani della scuola elementare di Alleghe, l&#8217;annuale assemblea della Sezione Abvs di Alleghe, anticipata alle 10.30 dalla Santa Messa in suffragio dei donatori di sangue scomparsi. Quest&#8217;anno, in previsione di investire nell&#8217;acquisto di un defibrillatore da mettere a disposizione della comunit\u00e0 in occasione dei 70 anni della Sezione celebrati lo scorso anno, non si terr\u00e0 il consueto pranzo sociale. In occasione dell&#8217;assemblea, come avviene ogni quattro anni, il Consiglio direttivo della sezione sar\u00e0 rinnovato. La scheda di votazione va consegnare in occasione dell&#8217;assemblea o, nel caso impossibilit\u00e0 a presenziarvi, depositata nelle urne predisposte al negozio di Cesare Sorar\u00f9 a Caprile e all&#8217;ufficio turistico di Alleghe.<\/div>\n<p>&nbsp;<\/p>\n<p>&nbsp;<\/p>\n<hr \/>\n<p>&nbsp;<\/p>\n<blockquote>\n<h3><span style=\"font-size: large;\"><b><a class=\"dt-pswp-item\" href=\"https:\/\/www.radiopiu.net\/wordpress\/wp-content\/uploads\/2025\/02\/480028738_122218101218215379_1993430530613668722_n.jpg\" data-dt-img-description=\"\" data-large_image_width=\"1536\" data-large_image_height=\"2048\"><img loading=\"lazy\" decoding=\"async\" class=\" wp-image-435004 alignleft\" src=\"https:\/\/www.radiopiu.net\/wordpress\/wp-content\/uploads\/2025\/02\/480028738_122218101218215379_1993430530613668722_n-225x300.jpg\" alt=\"\" width=\"131\" height=\"175\" srcset=\"https:\/\/www.radiopiu.net\/wordpress\/wp-content\/uploads\/2025\/02\/480028738_122218101218215379_1993430530613668722_n-225x300.jpg 225w, https:\/\/www.radiopiu.net\/wordpress\/wp-content\/uploads\/2025\/02\/480028738_122218101218215379_1993430530613668722_n-768x1024.jpg 768w, https:\/\/www.radiopiu.net\/wordpress\/wp-content\/uploads\/2025\/02\/480028738_122218101218215379_1993430530613668722_n-1152x1536.jpg 1152w, https:\/\/www.radiopiu.net\/wordpress\/wp-content\/uploads\/2025\/02\/480028738_122218101218215379_1993430530613668722_n.jpg 1536w\" sizes=\"auto, (max-width: 131px) 100vw, 131px\" \/><\/a><\/b><\/span>UN GRANDE CARNEVALE&#8230; A SEDICO. PARTE DUE<\/h3>\n<\/blockquote>\n<p><strong>SEDICO<\/strong> Il Carnevale di Sedico 2025 continua questo fine settimana con eventi speciali organizzati dall&#8217;Associazione Carnevale Sedico. Oggi, dalle 15:00, sar\u00e0 il turno del Carnevale dei Bambini, con una sfilata di gruppi mascherati delle scuole di Sedico e dintorni. Alle 17:00 si terr\u00e0 la premiazione del concorso \u201cCarnevalarte\u201d, seguita dallo spettacolo \u201cLa chimica del Fuoco\u201d alle 17:30. La giornata si concluder\u00e0 con un aperitivo in maschera e musica. Domani, sempre dalle 15:00, il carnevale culminer\u00e0 con una sfilata che vedr\u00e0 anche il Corpo Musicale Comunale di Sedico in maschera. I quattro carri mascherati locali parteciperanno all&#8217;evento, arricchito da esibizioni di Cirillo e B\u00f2. Entrambe le giornate offriranno chioschi, un mini luna park e attivit\u00e0 per bambini come truccabimbi e laboratori di bolle di sapone. L\u2019ingresso \u00e8 gratuito, ma saranno in vendita Gratta e Vinci e t-shirt speciali.<\/p>\n<p>&nbsp;<\/p>\n<p>&nbsp;<\/p>\n<hr \/>\n<p>&nbsp;<\/p>\n<blockquote>\n<h3><a class=\"dt-pswp-item\" href=\"https:\/\/www.radiopiu.net\/wordpress\/wp-content\/uploads\/2025\/02\/Pedonata-mascherata.jpeg\" data-dt-img-description=\"\" data-large_image_width=\"1179\" data-large_image_height=\"1630\"><img loading=\"lazy\" decoding=\"async\" class=\" wp-image-435889 alignleft\" src=\"https:\/\/www.radiopiu.net\/wordpress\/wp-content\/uploads\/2025\/02\/Pedonata-mascherata-217x300.jpeg\" alt=\"\" width=\"147\" height=\"203\" srcset=\"https:\/\/www.radiopiu.net\/wordpress\/wp-content\/uploads\/2025\/02\/Pedonata-mascherata-217x300.jpeg 217w, https:\/\/www.radiopiu.net\/wordpress\/wp-content\/uploads\/2025\/02\/Pedonata-mascherata-741x1024.jpeg 741w, https:\/\/www.radiopiu.net\/wordpress\/wp-content\/uploads\/2025\/02\/Pedonata-mascherata-768x1062.jpeg 768w, https:\/\/www.radiopiu.net\/wordpress\/wp-content\/uploads\/2025\/02\/Pedonata-mascherata-1111x1536.jpeg 1111w, https:\/\/www.radiopiu.net\/wordpress\/wp-content\/uploads\/2025\/02\/Pedonata-mascherata.jpeg 1179w\" sizes=\"auto, (max-width: 147px) 100vw, 147px\" \/><\/a>LA PEDONATA DI CARNEVALE A BELLUNO<\/h3>\n<\/blockquote>\n<p><strong>BELLUNO<\/strong> Il 4 marzo 2024 si terr\u00e0 la terza edizione della Pedonata Mascherata, un evento dedicato principalmente ai bambini delle scuole elementari e medie, che animer\u00e0 il centro storico con spettacoli, giochi e sport. L&#8217;iniziativa, promossa dall&#8217;assessore allo sport Monica Mazzoccoli, ha l&#8217;obiettivo di combinare il piacere di una passeggiata con l&#8217;opportunit\u00e0 di stare insieme in festa. Il ritrovo \u00e8 fissato alle 14:00 in Piazza Martiri, con partenza della pedonata alle 15:00. Il percorso di 3 km attraverser\u00e0 il centro citt\u00e0 e, all&#8217;arrivo, tutti i partecipanti saranno accolti con una merenda offerta da Lattebusche. Seguir\u00e0 lo spettacolo per bambini con il Mago Bronze e attivit\u00e0 come il truccabimbi. L&#8217;evento, organizzato con AICS, Lattebusche e il supporto dell&#8217;ANA Alpini Belluno, fa parte delle iniziative del Carnevale cittadino e mira a valorizzare gli spazi urbani come luoghi di gioco e incontro per le famiglie. La viabilit\u00e0 sar\u00e0 chiusa dalle 13:00 alle 18:00 per garantire lo svolgimento dell\u2019evento.<\/p>\n<p>&nbsp;<\/p>\n<p>&nbsp;<\/p>\n<hr \/>\n<p>&nbsp;<\/p>\n<blockquote>\n<h3>DALLA DISTRUZIONE ALLA RINASCITA, IL VAJONT AIUTA LA VITA<\/h3>\n<\/blockquote>\n<p><strong><a class=\"dt-pswp-item\" href=\"https:\/\/www.radiopiu.net\/wordpress\/wp-content\/uploads\/2025\/02\/Insieme-si-Puo_Momento-ufficiale-consegna-fondi.jpg\" data-dt-img-description=\"\" data-large_image_width=\"2500\" data-large_image_height=\"1875\"><img loading=\"lazy\" decoding=\"async\" class=\" wp-image-435885 alignleft\" src=\"https:\/\/www.radiopiu.net\/wordpress\/wp-content\/uploads\/2025\/02\/Insieme-si-Puo_Momento-ufficiale-consegna-fondi-300x225.jpg\" alt=\"\" width=\"191\" height=\"143\" srcset=\"https:\/\/www.radiopiu.net\/wordpress\/wp-content\/uploads\/2025\/02\/Insieme-si-Puo_Momento-ufficiale-consegna-fondi-300x225.jpg 300w, https:\/\/www.radiopiu.net\/wordpress\/wp-content\/uploads\/2025\/02\/Insieme-si-Puo_Momento-ufficiale-consegna-fondi-1024x768.jpg 1024w, https:\/\/www.radiopiu.net\/wordpress\/wp-content\/uploads\/2025\/02\/Insieme-si-Puo_Momento-ufficiale-consegna-fondi-768x576.jpg 768w, https:\/\/www.radiopiu.net\/wordpress\/wp-content\/uploads\/2025\/02\/Insieme-si-Puo_Momento-ufficiale-consegna-fondi-1536x1152.jpg 1536w, https:\/\/www.radiopiu.net\/wordpress\/wp-content\/uploads\/2025\/02\/Insieme-si-Puo_Momento-ufficiale-consegna-fondi-2048x1536.jpg 2048w\" sizes=\"auto, (max-width: 191px) 100vw, 191px\" \/><\/a>LONGARONE<\/strong> In occasione del 60\u00b0 anniversario della tragedia del Vajont, diverse iniziative sono nate per sostenere la vita e la speranza. Gli autori di <em data-start=\"141\" data-end=\"174\">&#8220;Le parole scritte e mai lette&#8221;<\/em>, Piera Del Vesco e Alessandro Soranzo, hanno raccolto i pensieri dei visitatori del Cimitero monumentale di Fortogna e della chiesa di Longarone in un libro, il cui ricavato \u00e8 stato destinato a progetti di solidariet\u00e0. In particolare, sono stati donati 3.755 euro a <em data-start=\"441\" data-end=\"457\">Insieme si Pu\u00f2<\/em>, che ha sostenuto il progetto di aiuto alle mamme in difficolt\u00e0 nel Bellunese e la costruzione della scuola <em data-start=\"566\" data-end=\"576\">St. Pius<\/em> in Madagascar. Al <em data-start=\"595\" data-end=\"619\">Centro aiuto alla vita<\/em> di Belluno sono stati donati 755 euro, frutto della vendita di 50 libri, per il progetto Gemma di adozione prenatale a distanza. Grazie a queste iniziative, \u00e8 nato Bryan, un bambino che vive con la sua mamma in provincia di Avellino. Piera Del Vesco ha sottolineato che il libro non solo ricorda le vittime del Vajont, ma aiuta concretamente le mamme e i bambini di oggi.<\/p>\n<p>&nbsp;<\/p>\n<p>&nbsp;<\/p>\n<hr \/>\n<p>&nbsp;<\/p>\n<blockquote>\n<h3>I FESTEGGIAMENTI PER I 104 ANNI DI ELSA DE VALLIER A VILLA SAN GIUSEPPE DI LIVINALLONGO<\/h3>\n<\/blockquote>\n<p><strong>LIVINALLONGO<\/strong> Grande festa ieri a Villa San Giuseppe di Livinallongo per i 104 anni di Elsa De Vallier. All&#8217;appuntamento non mancava nessuno. I figli Franca e Alberto assieme a tutti i parenti. I sindaci di Rocca Pietore e Livinallongo. E tutto il personale della struttura che sta ospitando Elsa. Gli auguri sono arrivati da tutti e poi anche la torta per Elsa, per concludere i festeggiamenti in bellezza.<\/p>\n<p><strong>IL VIDEO<\/strong><\/p>\n<p><iframe loading=\"lazy\" title=\"COMPLEANNO 104 ANNI DI ELSA DE VALLIER\" width=\"1200\" height=\"675\" src=\"https:\/\/www.youtube.com\/embed\/mc9-CnXhnFo?feature=oembed\" frameborder=\"0\" allow=\"accelerometer; autoplay; clipboard-write; encrypted-media; gyroscope; picture-in-picture; web-share\" referrerpolicy=\"strict-origin-when-cross-origin\" allowfullscreen><\/iframe><\/p>\n<p>&nbsp;<\/p>\n<p><strong>LE FOTO<\/strong><\/p>\n\n\t\t\t<style type='text\/css'>\n\t\t\t\t#gallery-4 {\n\t\t\t\t\tmargin: auto;\n\t\t\t\t}\n\t\t\t\t#gallery-4 .gallery-item {\n\t\t\t\t\tfloat: left;\n\t\t\t\t\tmargin-top: 10px;\n\t\t\t\t\ttext-align: center;\n\t\t\t\t\twidth: 16%;\n\t\t\t\t}\n\t\t\t\t#gallery-4 img {\n\t\t\t\t\tborder: 2px solid #cfcfcf;\n\t\t\t\t}\n\t\t\t\t#gallery-4 .gallery-caption {\n\t\t\t\t\tmargin-left: 0;\n\t\t\t\t}\n\t\t\t\t\/* see gallery_shortcode() in wp-includes\/media.php *\/\n\t\t\t<\/style>\n\t\t<div id='gallery-4' class='dt-gallery-container gallery galleryid-435777 gallery-columns-6 gallery-size-thumbnail'><dl class='gallery-item'>\n\t\t\t\t<dt class='gallery-icon landscape'>\n\t\t\t\t\t<a class=\"rollover\" href='https:\/\/www.radiopiu.net\/wordpress\/i-festeggiamenti-per-i-104-anni-di-elsa-de-vallier-a-villa-san-giuseppe-di-livinallongo\/fe35b19f-f20f-49e1-b21e-bebe85b1f124\/'><img loading=\"lazy\" decoding=\"async\" width=\"150\" height=\"150\" src=\"https:\/\/www.radiopiu.net\/wordpress\/wp-content\/uploads\/2025\/02\/fe35b19f-f20f-49e1-b21e-bebe85b1f124-150x150.jpg\" class=\"attachment-thumbnail size-thumbnail\" alt=\"\" \/><\/a>\n\t\t\t\t<\/dt><\/dl><dl class='gallery-item'>\n\t\t\t\t<dt class='gallery-icon landscape'>\n\t\t\t\t\t<a class=\"rollover\" href='https:\/\/www.radiopiu.net\/wordpress\/i-festeggiamenti-per-i-104-anni-di-elsa-de-vallier-a-villa-san-giuseppe-di-livinallongo\/921155da-0d76-4e92-a26c-40882d9fea9b\/'><img loading=\"lazy\" decoding=\"async\" width=\"150\" height=\"150\" src=\"https:\/\/www.radiopiu.net\/wordpress\/wp-content\/uploads\/2025\/02\/921155da-0d76-4e92-a26c-40882d9fea9b-150x150.jpg\" class=\"attachment-thumbnail size-thumbnail\" alt=\"\" \/><\/a>\n\t\t\t\t<\/dt><\/dl><dl class='gallery-item'>\n\t\t\t\t<dt class='gallery-icon landscape'>\n\t\t\t\t\t<a class=\"rollover\" href='https:\/\/www.radiopiu.net\/wordpress\/i-festeggiamenti-per-i-104-anni-di-elsa-de-vallier-a-villa-san-giuseppe-di-livinallongo\/9ec8a161-b28d-4e1b-81c1-8bbb1cc4a7df\/'><img loading=\"lazy\" decoding=\"async\" width=\"150\" height=\"150\" src=\"https:\/\/www.radiopiu.net\/wordpress\/wp-content\/uploads\/2025\/02\/9ec8a161-b28d-4e1b-81c1-8bbb1cc4a7df-150x150.jpg\" class=\"attachment-thumbnail size-thumbnail\" alt=\"\" \/><\/a>\n\t\t\t\t<\/dt><\/dl><dl class='gallery-item'>\n\t\t\t\t<dt class='gallery-icon landscape'>\n\t\t\t\t\t<a class=\"rollover\" href='https:\/\/www.radiopiu.net\/wordpress\/i-festeggiamenti-per-i-104-anni-di-elsa-de-vallier-a-villa-san-giuseppe-di-livinallongo\/d82334cc-7e6b-49ed-8ed3-43947b9df0ca\/'><img loading=\"lazy\" decoding=\"async\" width=\"150\" height=\"150\" src=\"https:\/\/www.radiopiu.net\/wordpress\/wp-content\/uploads\/2025\/02\/d82334cc-7e6b-49ed-8ed3-43947b9df0ca-150x150.jpg\" class=\"attachment-thumbnail size-thumbnail\" alt=\"\" \/><\/a>\n\t\t\t\t<\/dt><\/dl><dl class='gallery-item'>\n\t\t\t\t<dt class='gallery-icon landscape'>\n\t\t\t\t\t<a class=\"rollover\" href='https:\/\/www.radiopiu.net\/wordpress\/i-festeggiamenti-per-i-104-anni-di-elsa-de-vallier-a-villa-san-giuseppe-di-livinallongo\/9ac3875a-33cb-4799-983a-f3667fd6433e\/'><img loading=\"lazy\" decoding=\"async\" width=\"150\" height=\"150\" src=\"https:\/\/www.radiopiu.net\/wordpress\/wp-content\/uploads\/2025\/02\/9ac3875a-33cb-4799-983a-f3667fd6433e-150x150.jpg\" class=\"attachment-thumbnail size-thumbnail\" alt=\"\" \/><\/a>\n\t\t\t\t<\/dt><\/dl><dl class='gallery-item'>\n\t\t\t\t<dt class='gallery-icon landscape'>\n\t\t\t\t\t<a class=\"rollover\" href='https:\/\/www.radiopiu.net\/wordpress\/i-festeggiamenti-per-i-104-anni-di-elsa-de-vallier-a-villa-san-giuseppe-di-livinallongo\/2c3923a9-7fe4-4acb-abe7-293e1cc55d6e\/'><img loading=\"lazy\" decoding=\"async\" width=\"150\" height=\"150\" src=\"https:\/\/www.radiopiu.net\/wordpress\/wp-content\/uploads\/2025\/02\/2c3923a9-7fe4-4acb-abe7-293e1cc55d6e-150x150.jpg\" class=\"attachment-thumbnail size-thumbnail\" alt=\"\" \/><\/a>\n\t\t\t\t<\/dt><\/dl><br style=\"clear: both\" \/><dl class='gallery-item'>\n\t\t\t\t<dt class='gallery-icon landscape'>\n\t\t\t\t\t<a class=\"rollover\" href='https:\/\/www.radiopiu.net\/wordpress\/i-festeggiamenti-per-i-104-anni-di-elsa-de-vallier-a-villa-san-giuseppe-di-livinallongo\/75c00910-decf-4806-ac52-414b870daa15\/'><img loading=\"lazy\" decoding=\"async\" width=\"150\" height=\"150\" src=\"https:\/\/www.radiopiu.net\/wordpress\/wp-content\/uploads\/2025\/02\/75c00910-decf-4806-ac52-414b870daa15-150x150.jpg\" class=\"attachment-thumbnail size-thumbnail\" alt=\"\" \/><\/a>\n\t\t\t\t<\/dt><\/dl><dl class='gallery-item'>\n\t\t\t\t<dt class='gallery-icon landscape'>\n\t\t\t\t\t<a class=\"rollover\" href='https:\/\/www.radiopiu.net\/wordpress\/i-festeggiamenti-per-i-104-anni-di-elsa-de-vallier-a-villa-san-giuseppe-di-livinallongo\/abc18e91-e48f-448f-805e-5bf9ed07cbcb\/'><img loading=\"lazy\" decoding=\"async\" width=\"150\" height=\"150\" src=\"https:\/\/www.radiopiu.net\/wordpress\/wp-content\/uploads\/2025\/02\/abc18e91-e48f-448f-805e-5bf9ed07cbcb-150x150.jpg\" class=\"attachment-thumbnail size-thumbnail\" alt=\"\" \/><\/a>\n\t\t\t\t<\/dt><\/dl><dl class='gallery-item'>\n\t\t\t\t<dt class='gallery-icon landscape'>\n\t\t\t\t\t<a class=\"rollover\" href='https:\/\/www.radiopiu.net\/wordpress\/i-festeggiamenti-per-i-104-anni-di-elsa-de-vallier-a-villa-san-giuseppe-di-livinallongo\/e3345efd-63cc-4125-9c8d-b5b40e48ba72\/'><img loading=\"lazy\" decoding=\"async\" width=\"150\" height=\"150\" src=\"https:\/\/www.radiopiu.net\/wordpress\/wp-content\/uploads\/2025\/02\/e3345efd-63cc-4125-9c8d-b5b40e48ba72-150x150.jpg\" class=\"attachment-thumbnail size-thumbnail\" alt=\"\" \/><\/a>\n\t\t\t\t<\/dt><\/dl><dl class='gallery-item'>\n\t\t\t\t<dt class='gallery-icon landscape'>\n\t\t\t\t\t<a class=\"rollover\" href='https:\/\/www.radiopiu.net\/wordpress\/i-festeggiamenti-per-i-104-anni-di-elsa-de-vallier-a-villa-san-giuseppe-di-livinallongo\/3a27caf4-813d-4a60-afa3-43119e72d4dc\/'><img loading=\"lazy\" decoding=\"async\" width=\"150\" height=\"150\" src=\"https:\/\/www.radiopiu.net\/wordpress\/wp-content\/uploads\/2025\/02\/3a27caf4-813d-4a60-afa3-43119e72d4dc-150x150.jpg\" class=\"attachment-thumbnail size-thumbnail\" alt=\"\" \/><\/a>\n\t\t\t\t<\/dt><\/dl><dl class='gallery-item'>\n\t\t\t\t<dt class='gallery-icon landscape'>\n\t\t\t\t\t<a class=\"rollover\" href='https:\/\/www.radiopiu.net\/wordpress\/i-festeggiamenti-per-i-104-anni-di-elsa-de-vallier-a-villa-san-giuseppe-di-livinallongo\/9e9d93b0-7bb6-4a9f-96ab-b647b0bf2fc7\/'><img loading=\"lazy\" decoding=\"async\" width=\"150\" height=\"150\" src=\"https:\/\/www.radiopiu.net\/wordpress\/wp-content\/uploads\/2025\/02\/9e9d93b0-7bb6-4a9f-96ab-b647b0bf2fc7-150x150.jpg\" class=\"attachment-thumbnail size-thumbnail\" alt=\"\" \/><\/a>\n\t\t\t\t<\/dt><\/dl><dl class='gallery-item'>\n\t\t\t\t<dt class='gallery-icon landscape'>\n\t\t\t\t\t<a class=\"rollover\" href='https:\/\/www.radiopiu.net\/wordpress\/i-festeggiamenti-per-i-104-anni-di-elsa-de-vallier-a-villa-san-giuseppe-di-livinallongo\/0c5934b5-ee55-4778-b06c-51acc04e19b7\/'><img loading=\"lazy\" decoding=\"async\" width=\"150\" height=\"150\" src=\"https:\/\/www.radiopiu.net\/wordpress\/wp-content\/uploads\/2025\/02\/0c5934b5-ee55-4778-b06c-51acc04e19b7-150x150.jpg\" class=\"attachment-thumbnail size-thumbnail\" alt=\"\" \/><\/a>\n\t\t\t\t<\/dt><\/dl><br style=\"clear: both\" \/><dl class='gallery-item'>\n\t\t\t\t<dt class='gallery-icon landscape'>\n\t\t\t\t\t<a class=\"rollover\" href='https:\/\/www.radiopiu.net\/wordpress\/i-festeggiamenti-per-i-104-anni-di-elsa-de-vallier-a-villa-san-giuseppe-di-livinallongo\/6e868c9d-77a1-40d3-989f-26dae8e9d04b\/'><img loading=\"lazy\" decoding=\"async\" width=\"150\" height=\"150\" src=\"https:\/\/www.radiopiu.net\/wordpress\/wp-content\/uploads\/2025\/02\/6e868c9d-77a1-40d3-989f-26dae8e9d04b-150x150.jpg\" class=\"attachment-thumbnail size-thumbnail\" alt=\"\" \/><\/a>\n\t\t\t\t<\/dt><\/dl><dl class='gallery-item'>\n\t\t\t\t<dt class='gallery-icon landscape'>\n\t\t\t\t\t<a class=\"rollover\" href='https:\/\/www.radiopiu.net\/wordpress\/i-festeggiamenti-per-i-104-anni-di-elsa-de-vallier-a-villa-san-giuseppe-di-livinallongo\/f301df02-3dd8-4591-ac18-6726e41a91d1\/'><img loading=\"lazy\" decoding=\"async\" width=\"150\" height=\"150\" src=\"https:\/\/www.radiopiu.net\/wordpress\/wp-content\/uploads\/2025\/02\/f301df02-3dd8-4591-ac18-6726e41a91d1-150x150.jpg\" class=\"attachment-thumbnail size-thumbnail\" alt=\"\" \/><\/a>\n\t\t\t\t<\/dt><\/dl><dl class='gallery-item'>\n\t\t\t\t<dt class='gallery-icon landscape'>\n\t\t\t\t\t<a class=\"rollover\" href='https:\/\/www.radiopiu.net\/wordpress\/i-festeggiamenti-per-i-104-anni-di-elsa-de-vallier-a-villa-san-giuseppe-di-livinallongo\/19a6de33-fb32-4317-94d1-886b7d877d8e\/'><img loading=\"lazy\" decoding=\"async\" width=\"150\" height=\"150\" src=\"https:\/\/www.radiopiu.net\/wordpress\/wp-content\/uploads\/2025\/02\/19a6de33-fb32-4317-94d1-886b7d877d8e-150x150.jpg\" class=\"attachment-thumbnail size-thumbnail\" alt=\"\" \/><\/a>\n\t\t\t\t<\/dt><\/dl><dl class='gallery-item'>\n\t\t\t\t<dt class='gallery-icon landscape'>\n\t\t\t\t\t<a class=\"rollover\" href='https:\/\/www.radiopiu.net\/wordpress\/i-festeggiamenti-per-i-104-anni-di-elsa-de-vallier-a-villa-san-giuseppe-di-livinallongo\/7a837383-53f1-4ea2-91f5-f19a12144f4d\/'><img loading=\"lazy\" decoding=\"async\" width=\"150\" height=\"150\" src=\"https:\/\/www.radiopiu.net\/wordpress\/wp-content\/uploads\/2025\/02\/7a837383-53f1-4ea2-91f5-f19a12144f4d-150x150.jpg\" class=\"attachment-thumbnail size-thumbnail\" alt=\"\" \/><\/a>\n\t\t\t\t<\/dt><\/dl><dl class='gallery-item'>\n\t\t\t\t<dt class='gallery-icon landscape'>\n\t\t\t\t\t<a class=\"rollover\" href='https:\/\/www.radiopiu.net\/wordpress\/i-festeggiamenti-per-i-104-anni-di-elsa-de-vallier-a-villa-san-giuseppe-di-livinallongo\/21c7f3ae-0f90-4fb3-9013-ef06c8a4d853\/'><img loading=\"lazy\" decoding=\"async\" width=\"150\" height=\"150\" src=\"https:\/\/www.radiopiu.net\/wordpress\/wp-content\/uploads\/2025\/02\/21c7f3ae-0f90-4fb3-9013-ef06c8a4d853-150x150.jpg\" class=\"attachment-thumbnail size-thumbnail\" alt=\"\" \/><\/a>\n\t\t\t\t<\/dt><\/dl><dl class='gallery-item'>\n\t\t\t\t<dt class='gallery-icon landscape'>\n\t\t\t\t\t<a class=\"rollover\" href='https:\/\/www.radiopiu.net\/wordpress\/i-festeggiamenti-per-i-104-anni-di-elsa-de-vallier-a-villa-san-giuseppe-di-livinallongo\/9186fcd6-3627-44e8-a2dd-82f62d040582\/'><img loading=\"lazy\" decoding=\"async\" width=\"150\" height=\"150\" src=\"https:\/\/www.radiopiu.net\/wordpress\/wp-content\/uploads\/2025\/02\/9186fcd6-3627-44e8-a2dd-82f62d040582-150x150.jpg\" class=\"attachment-thumbnail size-thumbnail\" alt=\"\" \/><\/a>\n\t\t\t\t<\/dt><\/dl><br style=\"clear: both\" \/><dl class='gallery-item'>\n\t\t\t\t<dt class='gallery-icon landscape'>\n\t\t\t\t\t<a class=\"rollover\" href='https:\/\/www.radiopiu.net\/wordpress\/i-festeggiamenti-per-i-104-anni-di-elsa-de-vallier-a-villa-san-giuseppe-di-livinallongo\/8f560241-a467-42df-bb90-ce1a27e8208d\/'><img loading=\"lazy\" decoding=\"async\" width=\"150\" height=\"150\" src=\"https:\/\/www.radiopiu.net\/wordpress\/wp-content\/uploads\/2025\/02\/8f560241-a467-42df-bb90-ce1a27e8208d-150x150.jpg\" class=\"attachment-thumbnail size-thumbnail\" alt=\"\" \/><\/a>\n\t\t\t\t<\/dt><\/dl><dl class='gallery-item'>\n\t\t\t\t<dt class='gallery-icon landscape'>\n\t\t\t\t\t<a class=\"rollover\" href='https:\/\/www.radiopiu.net\/wordpress\/i-festeggiamenti-per-i-104-anni-di-elsa-de-vallier-a-villa-san-giuseppe-di-livinallongo\/441f36f6-4277-4546-bbc4-70920589c9b9\/'><img loading=\"lazy\" decoding=\"async\" width=\"150\" height=\"150\" src=\"https:\/\/www.radiopiu.net\/wordpress\/wp-content\/uploads\/2025\/02\/441f36f6-4277-4546-bbc4-70920589c9b9-150x150.jpg\" class=\"attachment-thumbnail size-thumbnail\" alt=\"\" \/><\/a>\n\t\t\t\t<\/dt><\/dl><dl class='gallery-item'>\n\t\t\t\t<dt class='gallery-icon landscape'>\n\t\t\t\t\t<a class=\"rollover\" href='https:\/\/www.radiopiu.net\/wordpress\/i-festeggiamenti-per-i-104-anni-di-elsa-de-vallier-a-villa-san-giuseppe-di-livinallongo\/3d129474-6339-46a1-9d4d-14a4365d8599\/'><img loading=\"lazy\" decoding=\"async\" width=\"150\" height=\"150\" src=\"https:\/\/www.radiopiu.net\/wordpress\/wp-content\/uploads\/2025\/02\/3d129474-6339-46a1-9d4d-14a4365d8599-150x150.jpg\" class=\"attachment-thumbnail size-thumbnail\" alt=\"\" \/><\/a>\n\t\t\t\t<\/dt><\/dl><dl class='gallery-item'>\n\t\t\t\t<dt class='gallery-icon landscape'>\n\t\t\t\t\t<a class=\"rollover\" href='https:\/\/www.radiopiu.net\/wordpress\/i-festeggiamenti-per-i-104-anni-di-elsa-de-vallier-a-villa-san-giuseppe-di-livinallongo\/d7a0257f-bd80-427a-97b8-e08773ff702c\/'><img loading=\"lazy\" decoding=\"async\" width=\"150\" height=\"150\" src=\"https:\/\/www.radiopiu.net\/wordpress\/wp-content\/uploads\/2025\/02\/d7a0257f-bd80-427a-97b8-e08773ff702c-150x150.jpg\" class=\"attachment-thumbnail size-thumbnail\" alt=\"\" \/><\/a>\n\t\t\t\t<\/dt><\/dl>\n\t\t\t\t<br style='clear: both' \/>\n\t\t\t<\/div>\n\n<p>&nbsp;<\/p>\n<hr \/>\n<p>&nbsp;<\/p>\n<h2><span style=\"color: #ff0000;\">CONSIGLI COMUNALI IN AGORDINO<\/span><\/h2>\n<p><strong>CANALE D&#8217;AGORDO<\/strong> E&#8217; in programma per mercoled\u00ec 26 febbraio alle 20 il consiglio comunale. Il Sindaco Massimo Murer ha convocato i consiglieri per trattare 9 punti all&#8217;ordine del giorno tra cui l&#8217;aliquota comunale all&#8217;imposta sul reddito, l&#8217;IMU, la verifica delle aree fabbricabili, l&#8217;approvazione del DUP, la nomina del revisore dei conti, l&#8217;approvazione del bilancio 2025\/27 e le revisioni del contratto di concessione in localit\u00e0 Col Mont e Malga Stia.<\/p>\n<p>&nbsp;<\/p>\n<p>&nbsp;<\/p>\n<hr \/>\n<p>&nbsp;<\/p>\n<blockquote>\n<h3>L&#8217;ASSEMBLEA ANNUALE DELLA SEZIONE ANA DI FELTRE<\/h3>\n<\/blockquote>\n<p><strong><a class=\"dt-pswp-item\" href=\"https:\/\/www.radiopiu.net\/wordpress\/wp-content\/uploads\/2023\/03\/ALPINI.png\" data-dt-img-description=\"\" data-large_image_width=\"245\" data-large_image_height=\"208\"><img loading=\"lazy\" decoding=\"async\" class=\" wp-image-326487 alignleft\" src=\"https:\/\/www.radiopiu.net\/wordpress\/wp-content\/uploads\/2023\/03\/ALPINI.png\" alt=\"\" width=\"139\" height=\"118\" \/><\/a>FELTRE<\/strong> Domani, nell\u2019Auditorium dell\u2019Istituto Canossiane di Feltre, si terr\u00e0 l\u2019Assemblea Generale della Sezione locale dell\u2019Associazione Nazionale Alpini, con il rinnovo del Presidente e del Consiglio direttivo. La giornata inizier\u00e0 alle 7.30 con l\u2019apertura del seggio elettorale, seguita dalla S. Messa alle 8.00 in onore dei Caduti. Alle 9.00 inizier\u00e0 l\u2019Assemblea con le relazioni del Presidente Stefano Mariech e dei vicepresidenti. Seguir\u00e0 la consegna dei riconoscimenti e gli interventi delle Autorit\u00e0, poi la sfilata fino al Monumento ai Caduti, accompagnata dalla Fanfara Alpina di Borsoi d\u2019Alpago. Il pranzo sociale si terr\u00e0 alla Birreria Pedavena. Venerd\u00ec 21 febbraio, alle 20.30, l\u2019evento sar\u00e0 anticipato da una serata culturale con la rappresentazione teatrale e musicale di <em data-start=\"792\" data-end=\"823\">Centomila gavette di ghiaccio<\/em> di Giulio Bedeschi, eseguita da Kamina Teatro con Andrea Brugnera e i cori A.N.A. Piave Feltre e A.N.A. Novale.<\/p>\n<p>&nbsp;<\/p>\n<p>&nbsp;<\/p>\n<hr \/>\n<p>&nbsp;<\/p>\n<blockquote>\n<p data-start=\"0\" data-end=\"60\"><strong data-start=\"0\" data-end=\"58\"><a class=\"dt-pswp-item\" href=\"https:\/\/www.radiopiu.net\/wordpress\/wp-content\/uploads\/2025\/02\/Senza-nome-50.png\" data-dt-img-description=\"\" data-large_image_width=\"180\" data-large_image_height=\"222\"><img loading=\"lazy\" decoding=\"async\" class=\" wp-image-435124 alignleft\" src=\"https:\/\/www.radiopiu.net\/wordpress\/wp-content\/uploads\/2025\/02\/Senza-nome-50.png\" alt=\"\" width=\"119\" height=\"147\" \/><\/a>Longarone: corso gratuito per l\u2019uso del defibrillatore<\/strong><\/p>\n<\/blockquote>\n<p><strong>LONGARONE<\/strong> si terr\u00e0 a marzo un corso gratuito B.L.S.D. (Basic Life Support and Defibrillation) per insegnare l\u2019uso del defibrillatore semiautomatico esterno e le tecniche di rianimazione. L\u2019iniziativa, promossa dal Comune con la Pro Loco e altre associazioni, mira a formare cittadini in grado di gestire emergenze cardiache. Due defibrillatori sono gi\u00e0 presenti in paese, ma la conoscenza del loro utilizzo \u00e8 fondamentale. Iscrizioni entro il 9 marzo tramite la Pro Loco di Longarone.<\/p>\n<p>&nbsp;<\/p>\n<p>&nbsp;<\/p>\n<hr \/>\n<p>&nbsp;<\/p>\n<blockquote>\n<h2><a class=\"dt-pswp-item\" href=\"https:\/\/www.radiopiu.net\/wordpress\/wp-content\/uploads\/2024\/01\/Foto-Carnevale_0001-9-scaled.jpg\" data-dt-img-description=\"\" data-large_image_width=\"1825\" data-large_image_height=\"2560\"><img loading=\"lazy\" decoding=\"async\" class=\"wp-image-371954 alignleft\" src=\"https:\/\/www.radiopiu.net\/wordpress\/wp-content\/uploads\/2024\/01\/Foto-Carnevale_0001-9-214x300.jpg\" alt=\"\" width=\"85\" height=\"119\" srcset=\"https:\/\/www.radiopiu.net\/wordpress\/wp-content\/uploads\/2024\/01\/Foto-Carnevale_0001-9-214x300.jpg 214w, https:\/\/www.radiopiu.net\/wordpress\/wp-content\/uploads\/2024\/01\/Foto-Carnevale_0001-9-730x1024.jpg 730w, https:\/\/www.radiopiu.net\/wordpress\/wp-content\/uploads\/2024\/01\/Foto-Carnevale_0001-9-768x1078.jpg 768w, https:\/\/www.radiopiu.net\/wordpress\/wp-content\/uploads\/2024\/01\/Foto-Carnevale_0001-9-1095x1536.jpg 1095w, https:\/\/www.radiopiu.net\/wordpress\/wp-content\/uploads\/2024\/01\/Foto-Carnevale_0001-9-1460x2048.jpg 1460w, https:\/\/www.radiopiu.net\/wordpress\/wp-content\/uploads\/2024\/01\/Foto-Carnevale_0001-9-scaled.jpg 1825w\" sizes=\"auto, (max-width: 85px) 100vw, 85px\" \/><\/a>APPUNTAMENTI COL CARNEVALE<\/h2>\n<\/blockquote>\n<p>Ritorna carnevai de la vai, mascherate tradizionali delle dolomiti agordine.\u00a0 I prossimi appuntamenti: 22 febbraio LASTE DI ROCCA PIETORE, 23 febbraio a Rivamonte Agordino, 1 Marzo Sottoguda di Rocca Pietore, e 2 marzo a CANALE D&#8217;AGORDO aspettiamo anche te, con la tua maschera, tradizionale o di fantasia<\/p>\n<p><a class=\"dt-pswp-item\" href=\"https:\/\/www.radiopiu.net\/wordpress\/wp-content\/uploads\/2025\/02\/d553bc54-e3f2-40d2-9391-c5f1f404c169.jpg\" data-dt-img-description=\"\" data-large_image_width=\"1127\" data-large_image_height=\"1600\"><img loading=\"lazy\" decoding=\"async\" class=\"aligncenter wp-image-435039 size-large\" src=\"https:\/\/www.radiopiu.net\/wordpress\/wp-content\/uploads\/2025\/02\/d553bc54-e3f2-40d2-9391-c5f1f404c169-721x1024.jpg\" alt=\"\" width=\"721\" height=\"1024\" srcset=\"https:\/\/www.radiopiu.net\/wordpress\/wp-content\/uploads\/2025\/02\/d553bc54-e3f2-40d2-9391-c5f1f404c169-721x1024.jpg 721w, https:\/\/www.radiopiu.net\/wordpress\/wp-content\/uploads\/2025\/02\/d553bc54-e3f2-40d2-9391-c5f1f404c169-211x300.jpg 211w, https:\/\/www.radiopiu.net\/wordpress\/wp-content\/uploads\/2025\/02\/d553bc54-e3f2-40d2-9391-c5f1f404c169-768x1090.jpg 768w, https:\/\/www.radiopiu.net\/wordpress\/wp-content\/uploads\/2025\/02\/d553bc54-e3f2-40d2-9391-c5f1f404c169-1082x1536.jpg 1082w, https:\/\/www.radiopiu.net\/wordpress\/wp-content\/uploads\/2025\/02\/d553bc54-e3f2-40d2-9391-c5f1f404c169.jpg 1127w\" sizes=\"auto, (max-width: 721px) 100vw, 721px\" \/><\/a><\/p>\n<p>&nbsp;<\/p>\n<hr \/>\n<p>&nbsp;<\/p>\n<div class=\"flex max-w-full flex-col flex-grow\">\n<div class=\"min-h-8 text-message flex w-full flex-col items-end gap-2 whitespace-normal break-words text-start [.text-message+&amp;]:mt-5\" dir=\"auto\" data-message-author-role=\"assistant\" data-message-id=\"14ffa75b-69da-4a7a-8e57-5b29d3308788\" data-message-model-slug=\"gpt-4o\">\n<div class=\"flex w-full flex-col gap-1 empty:hidden first:pt-[3px]\">\n<div class=\"markdown prose w-full break-words dark:prose-invert dark\">\n<blockquote>\n<p data-start=\"0\" data-end=\"71\"><strong data-start=\"0\" data-end=\"69\">Rivamonte Agordino: torna la mascherata arcaica degli Olt da Riva<\/strong><\/p>\n<\/blockquote>\n<p data-start=\"73\" data-end=\"438\"><strong>RIVAMONTE<\/strong> La tradizionale mascherata degli Olt da Riva e compagnia bela torna per la quinta edizione a Rivamonte Agordino, celebrando le antiche figure carnevalesche locali. Il corteo\u00a0 partir\u00e0 domani alle 14:30 dal Ristorante Al Molin, attraversando il paese tra musica e balli, per poi concludersi in piazza con intrattenimenti e il concorso per le maschere pi\u00f9 belle. L\u2019evento, organizzato dalla Pro Loco APS e dal Gruppo Folk del P\u00f3i, fa parte della rete delle Mascherate Arcaiche Dolomitiche, che ha presentato la candidatura all\u2019Unesco come Bene Immateriale.<\/p>\n<\/div>\n<\/div>\n<\/div>\n<\/div>\n<div class=\"mb-2 flex gap-3 empty:hidden -ml-2\">\n<div class=\"items-center justify-start rounded-xl p-1 flex\"><\/div>\n<\/div>\n\n\t\t\t<style type='text\/css'>\n\t\t\t\t#gallery-5 {\n\t\t\t\t\tmargin: auto;\n\t\t\t\t}\n\t\t\t\t#gallery-5 .gallery-item {\n\t\t\t\t\tfloat: left;\n\t\t\t\t\tmargin-top: 10px;\n\t\t\t\t\ttext-align: center;\n\t\t\t\t\twidth: 33%;\n\t\t\t\t}\n\t\t\t\t#gallery-5 img {\n\t\t\t\t\tborder: 2px solid #cfcfcf;\n\t\t\t\t}\n\t\t\t\t#gallery-5 .gallery-caption {\n\t\t\t\t\tmargin-left: 0;\n\t\t\t\t}\n\t\t\t\t\/* see gallery_shortcode() in wp-includes\/media.php *\/\n\t\t\t<\/style>\n\t\t<div id='gallery-5' class='dt-gallery-container gallery galleryid-435777 gallery-columns-3 gallery-size-thumbnail'><dl class='gallery-item'>\n\t\t\t\t<dt class='gallery-icon landscape'>\n\t\t\t\t\t<a class=\"rollover rollover-zoom dt-pswp-item\" title=\"Riva6\" data-dt-img-description=\"\" data-large_image_width=\"1218\" data-large_image_height=\"867\"href='https:\/\/www.radiopiu.net\/wordpress\/wp-content\/uploads\/2025\/02\/Riva6.jpg'><img loading=\"lazy\" decoding=\"async\" width=\"150\" height=\"150\" src=\"https:\/\/www.radiopiu.net\/wordpress\/wp-content\/uploads\/2025\/02\/Riva6-150x150.jpg\" class=\"attachment-thumbnail size-thumbnail\" alt=\"\" \/><\/a>\n\t\t\t\t<\/dt><\/dl><dl class='gallery-item'>\n\t\t\t\t<dt class='gallery-icon landscape'>\n\t\t\t\t\t<a class=\"rollover rollover-zoom dt-pswp-item\" title=\"Riva5\" data-dt-img-description=\"\" data-large_image_width=\"1423\" data-large_image_height=\"845\"href='https:\/\/www.radiopiu.net\/wordpress\/wp-content\/uploads\/2025\/02\/Riva5.jpg'><img loading=\"lazy\" decoding=\"async\" width=\"150\" height=\"150\" src=\"https:\/\/www.radiopiu.net\/wordpress\/wp-content\/uploads\/2025\/02\/Riva5-150x150.jpg\" class=\"attachment-thumbnail size-thumbnail\" alt=\"\" \/><\/a>\n\t\t\t\t<\/dt><\/dl><dl class='gallery-item'>\n\t\t\t\t<dt class='gallery-icon landscape'>\n\t\t\t\t\t<a class=\"rollover rollover-zoom dt-pswp-item\" title=\"Riva3\" data-dt-img-description=\"\" data-large_image_width=\"1507\" data-large_image_height=\"974\"href='https:\/\/www.radiopiu.net\/wordpress\/wp-content\/uploads\/2025\/02\/Riva3.jpg'><img loading=\"lazy\" decoding=\"async\" width=\"150\" height=\"150\" src=\"https:\/\/www.radiopiu.net\/wordpress\/wp-content\/uploads\/2025\/02\/Riva3-150x150.jpg\" class=\"attachment-thumbnail size-thumbnail\" alt=\"\" \/><\/a>\n\t\t\t\t<\/dt><\/dl><br style=\"clear: both\" \/><dl class='gallery-item'>\n\t\t\t\t<dt class='gallery-icon portrait'>\n\t\t\t\t\t<a class=\"rollover rollover-zoom dt-pswp-item\" title=\"Riva1\" data-dt-img-description=\"\" data-large_image_width=\"670\" data-large_image_height=\"681\"href='https:\/\/www.radiopiu.net\/wordpress\/wp-content\/uploads\/2025\/02\/Riva1.jpg'><img loading=\"lazy\" decoding=\"async\" width=\"150\" height=\"150\" src=\"https:\/\/www.radiopiu.net\/wordpress\/wp-content\/uploads\/2025\/02\/Riva1-150x150.jpg\" class=\"attachment-thumbnail size-thumbnail\" alt=\"\" \/><\/a>\n\t\t\t\t<\/dt><\/dl><dl class='gallery-item'>\n\t\t\t\t<dt class='gallery-icon landscape'>\n\t\t\t\t\t<a class=\"rollover rollover-zoom dt-pswp-item\" title=\"Riva2\" data-dt-img-description=\"\" data-large_image_width=\"851\" data-large_image_height=\"615\"href='https:\/\/www.radiopiu.net\/wordpress\/wp-content\/uploads\/2025\/02\/Riva2.jpg'><img loading=\"lazy\" decoding=\"async\" width=\"150\" height=\"150\" src=\"https:\/\/www.radiopiu.net\/wordpress\/wp-content\/uploads\/2025\/02\/Riva2-150x150.jpg\" class=\"attachment-thumbnail size-thumbnail\" alt=\"\" \/><\/a>\n\t\t\t\t<\/dt><\/dl><dl class='gallery-item'>\n\t\t\t\t<dt class='gallery-icon portrait'>\n\t\t\t\t\t<a class=\"rollover rollover-zoom dt-pswp-item\" title=\"Riva4\" data-dt-img-description=\"\" data-large_image_width=\"1080\" data-large_image_height=\"1349\"href='https:\/\/www.radiopiu.net\/wordpress\/wp-content\/uploads\/2025\/02\/Riva4.jpg'><img loading=\"lazy\" decoding=\"async\" width=\"150\" height=\"150\" src=\"https:\/\/www.radiopiu.net\/wordpress\/wp-content\/uploads\/2025\/02\/Riva4-150x150.jpg\" class=\"attachment-thumbnail size-thumbnail\" alt=\"\" \/><\/a>\n\t\t\t\t<\/dt><\/dl><br style=\"clear: both\" \/>\n\t\t\t<\/div>\n\n<p>&nbsp;<\/p>\n<p>&nbsp;<\/p>\n<hr \/>\n<p>&nbsp;<\/p>\n<blockquote>\n<h3>TORNA IL CARNEVALE A SOSPIROLO<\/h3>\n<\/blockquote>\n<p><strong><a class=\"dt-pswp-item\" href=\"https:\/\/www.radiopiu.net\/wordpress\/wp-content\/uploads\/2025\/02\/kldsgia.jpg\" data-dt-img-description=\"\" data-large_image_width=\"1131\" data-large_image_height=\"496\"><img loading=\"lazy\" decoding=\"async\" class=\" wp-image-435486 alignleft\" src=\"https:\/\/www.radiopiu.net\/wordpress\/wp-content\/uploads\/2025\/02\/kldsgia-300x132.jpg\" alt=\"\" width=\"241\" height=\"106\" srcset=\"https:\/\/www.radiopiu.net\/wordpress\/wp-content\/uploads\/2025\/02\/kldsgia-300x132.jpg 300w, https:\/\/www.radiopiu.net\/wordpress\/wp-content\/uploads\/2025\/02\/kldsgia-1024x449.jpg 1024w, https:\/\/www.radiopiu.net\/wordpress\/wp-content\/uploads\/2025\/02\/kldsgia-768x337.jpg 768w, https:\/\/www.radiopiu.net\/wordpress\/wp-content\/uploads\/2025\/02\/kldsgia.jpg 1131w\" sizes=\"auto, (max-width: 241px) 100vw, 241px\" \/><\/a>SOSPIROLO<\/strong> A Sospirolo torna la tradizionale passeggiata in maschera a piedi o in bici, organizzata dalla Pro Loco \u201cMonti del Sole\u201d. L\u2019appuntamento \u00e8 per domani alle 9.30 in piazza Lexy, con partenza alle 10. Il tema di quest\u2019anno \u00e8 il mondo dei segni zodiacali. Il corteo far\u00e0 tappa a Susin, Maras, San Zenon e Paderno, dove ci sar\u00e0 un Pasta Party e la premiazione delle maschere pi\u00f9 originali. Il gran finale si terr\u00e0 a Oregne. Sabato 1\u00b0 marzo, invece, si terr\u00e0 il Carnevale dei Bambini con spettacoli e sfilate al Centro Civico. Ingresso libero.<\/p>\n<p>&nbsp;<\/p>\n<p>&nbsp;<\/p>\n<p>&nbsp;<\/p>\n<hr \/>\n<p>&nbsp;<\/p>\n<blockquote>\n<h2><a href=\"https:\/\/www.radiopiu.net\/wordpress\/wp-content\/uploads\/2025\/02\/wo6o5gsi.bmp\"><img loading=\"lazy\" decoding=\"async\" class=\"size-medium wp-image-434597 alignleft\" src=\"https:\/\/www.radiopiu.net\/wordpress\/wp-content\/uploads\/2025\/02\/wo6o5gsi-150x300.jpg\" alt=\"\" width=\"150\" height=\"300\" srcset=\"https:\/\/www.radiopiu.net\/wordpress\/wp-content\/uploads\/2025\/02\/wo6o5gsi-150x300.jpg 150w, https:\/\/www.radiopiu.net\/wordpress\/wp-content\/uploads\/2025\/02\/wo6o5gsi-513x1024.jpg 513w, https:\/\/www.radiopiu.net\/wordpress\/wp-content\/uploads\/2025\/02\/wo6o5gsi-768x1534.jpg 768w, https:\/\/www.radiopiu.net\/wordpress\/wp-content\/uploads\/2025\/02\/wo6o5gsi-769x1536.jpg 769w, https:\/\/www.radiopiu.net\/wordpress\/wp-content\/uploads\/2025\/02\/wo6o5gsi.bmp 801w\" sizes=\"auto, (max-width: 150px) 100vw, 150px\" \/><\/a>DOMENICA 2 MARZO, A CANALE D&#8217;AGORDO &#8220;LA ZINGHENESTA&#8221;<\/h2>\n<\/blockquote>\n<p>&nbsp;<\/p>\n<p><strong>CANALE D&#8217;AGORDO <\/strong>La <strong data-start=\"43\" data-end=\"58\">Zinghen\u00e9sta<\/strong> \u00e8 un&#8217;antica festa in maschera che si svolge a Canale d&#8217;Agordo, l&#8217;ultima domenica di Carnevale. Questa tradizione, risalente al XVIII secolo, \u00e8 stata ripresa nel 2013 dal comitato locale, riscuotendo un ampio consenso.\u00a0 Il termine &#8220;Zinghen\u00e9sta&#8221; si riferisce alla ragazza pi\u00f9 bella del paese, eletta annualmente regina della festa. Durante la celebrazione, la Zinghen\u00e9sta, vestita con abiti tradizionali riccamente decorati, guida una sfilata accompagnata da altre maschere tipiche, come i &#8220;Mati\u00e9i&#8221; e i &#8220;Lach\u00e8&#8221;. La festa prevede una serie di eventi, tra cui la sfilata per le vie del paese, balli tradizionali e il simbolico &#8220;processo al Carnevale&#8221;. La Zinghen\u00e9sta rappresenta un&#8217;occasione per la comunit\u00e0 di Canale d&#8217;Agordo di celebrare le proprie tradizioni culturali e folcloristiche, mantenendo vive usanze secolari e rafforzando l&#8217;identit\u00e0 locale. Particolarmente atteso il processo al Canevale. Appuntamento domenica 2 marzo, a Canale d&#8217;Agordo.<\/p>\n<p>&nbsp;<\/p>\n<p>&nbsp;<\/p>\n<p>&nbsp;<\/p>\n<p>&nbsp;<\/p>\n<p>&nbsp;<\/p>\n<hr \/>\n<p>&nbsp;<\/p>\n<blockquote>\n<h3><a class=\"dt-pswp-item\" href=\"https:\/\/www.radiopiu.net\/wordpress\/wp-content\/uploads\/2025\/02\/foto_salome_theama-teatro-lab-5_alta-def-scaled.jpg\" data-dt-img-description=\"\" data-large_image_width=\"2560\" data-large_image_height=\"1707\"><img loading=\"lazy\" decoding=\"async\" class=\" wp-image-435621 alignleft\" src=\"https:\/\/www.radiopiu.net\/wordpress\/wp-content\/uploads\/2025\/02\/foto_salome_theama-teatro-lab-5_alta-def-300x200.jpg\" alt=\"\" width=\"199\" height=\"132\" srcset=\"https:\/\/www.radiopiu.net\/wordpress\/wp-content\/uploads\/2025\/02\/foto_salome_theama-teatro-lab-5_alta-def-300x200.jpg 300w, https:\/\/www.radiopiu.net\/wordpress\/wp-content\/uploads\/2025\/02\/foto_salome_theama-teatro-lab-5_alta-def-1024x683.jpg 1024w, https:\/\/www.radiopiu.net\/wordpress\/wp-content\/uploads\/2025\/02\/foto_salome_theama-teatro-lab-5_alta-def-768x512.jpg 768w, https:\/\/www.radiopiu.net\/wordpress\/wp-content\/uploads\/2025\/02\/foto_salome_theama-teatro-lab-5_alta-def-1536x1024.jpg 1536w, https:\/\/www.radiopiu.net\/wordpress\/wp-content\/uploads\/2025\/02\/foto_salome_theama-teatro-lab-5_alta-def-2048x1365.jpg 2048w\" sizes=\"auto, (max-width: 199px) 100vw, 199px\" \/><\/a>SALOME&#8217; AL TEATRO PIEROBON<\/h3>\n<\/blockquote>\n<p><strong>PONTE NELLE ALPI<\/strong> Oggi il Teatro Pierobon di Paiane ospiter\u00e0 \u201cSalom\u00e8\u201d, spettacolo tratto da Oscar Wilde e diretto da Piergiorgio Piccoli. La pi\u00e8ce affronta il tema dello stalking, mostrando l\u2019ossessione malata che oscura la volont\u00e0 e porta alla violenza. Ambientata nel regno di Erode, la storia \u00e8 intrisa di gelosia, potere e intrighi sensuali. Piccoli sottolinea che il vero amore \u00e8 libert\u00e0 e rispetto, opposto alle relazioni manipolatorie. Il biglietto costa 25 euro, con info disponibili presso il Circolo Cultura e Stampa Bellunese.<\/p>\n<p>&nbsp;<\/p>\n<p>&nbsp;<\/p>\n<hr \/>\n<p>&nbsp;<\/p>\n<blockquote>\n<h3>SI PARLA DI DANTE AL CIRCOLO CULTURALE LA TERRA DEI PADRI<\/h3>\n<\/blockquote>\n<p><strong>BELLUNO <\/strong>Il Circolo culturale \u201cLa Terra dei Padri \u2013 Belluno APS\u201d, in collaborazione con la Lega Nazionale \u2013 Delegazione di Belluno, organizza un ciclo di conferenze intitolato <strong data-start=\"167\" data-end=\"209\">\u201cDante e l\u2019eredit\u00e0 del mondo classico\u201d<\/strong>. La prof.ssa <strong data-start=\"226\" data-end=\"256\">Rosetta Girotto Cannarella<\/strong>, ex docente di greco e latino al Liceo Classico \u201cTiziano\u201d di Belluno, guider\u00e0 tre incontri (20 e 27 marzo, 3 aprile 2025, dalle 18:00 alle 19:00) sulla relazione tra Dante e il mondo classico, approfondendo temi come Virgilio, gli spiriti magni, Ulisse e Paolo e Francesca. Gli incontri si terranno presso la sede del Circolo, in via dei Molini, 10 (Borgo Piave \u2013 Belluno). Per info e iscrizioni: <strong data-start=\"657\" data-end=\"688\"><a rel=\"noopener\" data-start=\"659\" data-end=\"686\">francesco1dematte@gmail.com<\/a><\/strong> o <strong data-start=\"691\" data-end=\"721\">320\/0504334 (WhatsApp\/SMS)<\/strong>.<\/p>\n<p>&nbsp;<\/p>\n<p>&nbsp;<\/p>\n<hr \/>\n<p>&nbsp;<\/p>\n<h1><span style=\"color: #ff6600;\">IERI ALLA RADIO\u00a0\u00a0<\/span><\/h1>\n<h2><span style=\"color: #cc99ff;\">&#8220;DINTORN E FORA VIA&#8221;\u00a0 IL PROGRAMMA\u00a0 A CURA DEL MUSLA<\/span><\/h2>\n<p><strong><a class=\"dt-pswp-item\" href=\"https:\/\/www.radiopiu.net\/wordpress\/wp-content\/uploads\/2024\/12\/GIORNALI.jpg\" data-dt-img-description=\"\" data-large_image_width=\"1280\" data-large_image_height=\"960\"><img loading=\"lazy\" decoding=\"async\" class=\" wp-image-425317 alignleft\" src=\"https:\/\/www.radiopiu.net\/wordpress\/wp-content\/uploads\/2024\/12\/GIORNALI-300x225.jpg\" alt=\"\" width=\"163\" height=\"122\" srcset=\"https:\/\/www.radiopiu.net\/wordpress\/wp-content\/uploads\/2024\/12\/GIORNALI-300x225.jpg 300w, https:\/\/www.radiopiu.net\/wordpress\/wp-content\/uploads\/2024\/12\/GIORNALI-1024x768.jpg 1024w, https:\/\/www.radiopiu.net\/wordpress\/wp-content\/uploads\/2024\/12\/GIORNALI-768x576.jpg 768w, https:\/\/www.radiopiu.net\/wordpress\/wp-content\/uploads\/2024\/12\/GIORNALI.jpg 1280w\" sizes=\"auto, (max-width: 163px) 100vw, 163px\" \/><\/a>PUNTATA DEL 21 FEBBRAIO GIORGIA TAIO<\/strong><\/p>\n<audio class=\"wp-audio-shortcode\" id=\"audio-435777-9\" preload=\"none\" style=\"width: 100%;\" controls=\"controls\"><source type=\"audio\/mpeg\" src=\"https:\/\/www.radiopiu.net\/wordpress\/wp-content\/uploads\/2025\/02\/MUSLA-8.mp3?_=9\" \/><a href=\"https:\/\/www.radiopiu.net\/wordpress\/wp-content\/uploads\/2025\/02\/MUSLA-8.mp3\">https:\/\/www.radiopiu.net\/wordpress\/wp-content\/uploads\/2025\/02\/MUSLA-8.mp3<\/a><\/audio>\n<p>&nbsp;<\/p>\n<p><strong>LA RACCOLTA COMPLETA <a href=\"https:\/\/www.radiopiu.net\/wordpress\/musla\/\"><span style=\"color: #3366ff;\">CLICCA QUI<\/span><\/a><\/strong><\/p>\n<p>&nbsp;<\/p>\n<hr \/>\n<p>&nbsp;<\/p>\n<h2><span style=\"color: #00ccff;\">LA STAGIONE IN ALTA BADIA CON ROBERTO HUBER<\/span><\/h2>\n<p><strong><a class=\"dt-pswp-item\" href=\"https:\/\/www.radiopiu.net\/wordpress\/wp-content\/uploads\/2021\/09\/ROBERTO-HUBER.png\" data-dt-img-description=\"\" data-large_image_width=\"1074\" data-large_image_height=\"852\"><img loading=\"lazy\" decoding=\"async\" class=\" wp-image-230861 alignleft\" src=\"https:\/\/www.radiopiu.net\/wordpress\/wp-content\/uploads\/2021\/09\/ROBERTO-HUBER-300x238.png\" alt=\"\" width=\"198\" height=\"157\" srcset=\"https:\/\/www.radiopiu.net\/wordpress\/wp-content\/uploads\/2021\/09\/ROBERTO-HUBER-300x238.png 300w, https:\/\/www.radiopiu.net\/wordpress\/wp-content\/uploads\/2021\/09\/ROBERTO-HUBER-1024x812.png 1024w, https:\/\/www.radiopiu.net\/wordpress\/wp-content\/uploads\/2021\/09\/ROBERTO-HUBER-768x609.png 768w, https:\/\/www.radiopiu.net\/wordpress\/wp-content\/uploads\/2021\/09\/ROBERTO-HUBER.png 1074w\" sizes=\"auto, (max-width: 198px) 100vw, 198px\" \/><\/a>DI MIRKO MEZZACASA<\/strong><\/p>\n<p>OSPITE: Roberto Huber, direttore Alta Badia Brand<\/p>\n<audio class=\"wp-audio-shortcode\" id=\"audio-435777-10\" preload=\"none\" style=\"width: 100%;\" controls=\"controls\"><source type=\"audio\/mpeg\" src=\"https:\/\/www.radiopiu.net\/wordpress\/wp-content\/uploads\/2025\/02\/roberto-huber_febbraio.mp3?_=10\" \/><a href=\"https:\/\/www.radiopiu.net\/wordpress\/wp-content\/uploads\/2025\/02\/roberto-huber_febbraio.mp3\">https:\/\/www.radiopiu.net\/wordpress\/wp-content\/uploads\/2025\/02\/roberto-huber_febbraio.mp3<\/a><\/audio>\n<p>&nbsp;<\/p>\n<hr \/>\n<p>&nbsp;<\/p>\n<h2><span style=\"color: #ff00ff;\">MUSIC A B C, IL MONDO DELLA MUSICA UNA LETTERA ALLA VOLTA<\/span><\/h2>\n<p><span style=\"color: #ff0000;\"><strong><a class=\"dt-pswp-item\" href=\"https:\/\/www.radiopiu.net\/wordpress\/wp-content\/uploads\/2021\/07\/microfono-radio-ok-768x448-768x448-1.jpg\" data-dt-img-description=\"\" data-large_image_width=\"768\" data-large_image_height=\"448\"><img loading=\"lazy\" decoding=\"async\" class=\" wp-image-220632 alignleft\" src=\"https:\/\/www.radiopiu.net\/wordpress\/wp-content\/uploads\/2021\/07\/microfono-radio-ok-768x448-768x448-1-300x175.jpg\" alt=\"\" width=\"148\" height=\"86\" srcset=\"https:\/\/www.radiopiu.net\/wordpress\/wp-content\/uploads\/2021\/07\/microfono-radio-ok-768x448-768x448-1-300x175.jpg 300w, https:\/\/www.radiopiu.net\/wordpress\/wp-content\/uploads\/2021\/07\/microfono-radio-ok-768x448-768x448-1.jpg 768w\" sizes=\"auto, (max-width: 148px) 100vw, 148px\" \/><\/a>CON MARINA DONA&#8217; E DAVID &#8220;ATHOS&#8221; BEN<\/strong><\/span><\/p>\n<p><span style=\"color: #0000ff;\"><strong>PUNTATA DEL 21 FEBBRAIO 2025<\/strong><\/span><\/p>\n<p><strong>PRIMA PARTE<\/strong><\/p>\n<audio class=\"wp-audio-shortcode\" id=\"audio-435777-11\" preload=\"none\" style=\"width: 100%;\" controls=\"controls\"><source type=\"audio\/mpeg\" src=\"https:\/\/www.radiopiu.net\/wordpress\/wp-content\/uploads\/2025\/02\/GOLD1-1.mp3?_=11\" \/><a href=\"https:\/\/www.radiopiu.net\/wordpress\/wp-content\/uploads\/2025\/02\/GOLD1-1.mp3\">https:\/\/www.radiopiu.net\/wordpress\/wp-content\/uploads\/2025\/02\/GOLD1-1.mp3<\/a><\/audio>\n<p>&nbsp;<\/p>\n<p><strong>SECONDA PARTE<\/strong><\/p>\n<audio class=\"wp-audio-shortcode\" id=\"audio-435777-12\" preload=\"none\" style=\"width: 100%;\" controls=\"controls\"><source type=\"audio\/mpeg\" src=\"https:\/\/www.radiopiu.net\/wordpress\/wp-content\/uploads\/2025\/02\/GOLD2-1.mp3?_=12\" \/><a href=\"https:\/\/www.radiopiu.net\/wordpress\/wp-content\/uploads\/2025\/02\/GOLD2-1.mp3\">https:\/\/www.radiopiu.net\/wordpress\/wp-content\/uploads\/2025\/02\/GOLD2-1.mp3<\/a><\/audio>\n<p>&nbsp;<\/p>\n<p><strong>TERZA PARTE<\/strong><\/p>\n<audio class=\"wp-audio-shortcode\" id=\"audio-435777-13\" preload=\"none\" style=\"width: 100%;\" controls=\"controls\"><source type=\"audio\/mpeg\" src=\"https:\/\/www.radiopiu.net\/wordpress\/wp-content\/uploads\/2025\/02\/GOLD3-1.mp3?_=13\" \/><a href=\"https:\/\/www.radiopiu.net\/wordpress\/wp-content\/uploads\/2025\/02\/GOLD3-1.mp3\">https:\/\/www.radiopiu.net\/wordpress\/wp-content\/uploads\/2025\/02\/GOLD3-1.mp3<\/a><\/audio>\n<p>&nbsp;<\/p>\n<p><strong>LA RACCOLTA COMPLETA <a href=\"https:\/\/www.radiopiu.net\/wordpress\/music-a-b-c-il-mondo-della-musica-una-lettera-alla-volta-la-raccolta\/\"><span style=\"color: #3366ff;\">CLICCA QUI<\/span><\/a><\/strong><\/p>\n<p>&nbsp;<\/p>\n<hr \/>\n<p>&nbsp;<\/p>\n<h2><span style=\"color: #ff0000;\"><a class=\"dt-pswp-item\" href=\"https:\/\/www.radiopiu.net\/wordpress\/wp-content\/uploads\/2018\/09\/appuntamenti.jpeg\" data-dt-img-description=\"\" data-large_image_width=\"800\" data-large_image_height=\"100\"><img loading=\"lazy\" decoding=\"async\" class=\"wp-image-61958 size-full aligncenter\" src=\"https:\/\/www.radiopiu.net\/wordpress\/wp-content\/uploads\/2018\/09\/appuntamenti.jpeg\" alt=\"\" width=\"800\" height=\"100\" srcset=\"https:\/\/www.radiopiu.net\/wordpress\/wp-content\/uploads\/2018\/09\/appuntamenti.jpeg 800w, https:\/\/www.radiopiu.net\/wordpress\/wp-content\/uploads\/2018\/09\/appuntamenti-300x38.jpeg 300w, https:\/\/www.radiopiu.net\/wordpress\/wp-content\/uploads\/2018\/09\/appuntamenti-768x96.jpeg 768w\" sizes=\"auto, (max-width: 800px) 100vw, 800px\" \/><\/a><\/span><\/h2>\n<h3 dir=\"auto\"><\/h3>\n<blockquote>\n<h3>SAVE THE DATE FESTIVAL: IL TERZO OSPITE E&#8217; GET FAR FARGETTA<\/h3>\n<\/blockquote>\n<p><strong>FALCADE<\/strong> Continua la marcia di avvicinamento al Save The date Festival 2025 al Rifugio Laresei del 29 marzo. Dopo aver lanciato i primi due nomi dei tanti ospiti che animeranno la giornata, Marco Melandri e Walter Pizzulli, arriva il nome del terzo protagonista. Si tratta di Mario Fargetta in arte Get Far, DJ di M2O e Radio Deejay. Il maestro del sound che ha fatto ballare generazioni porter\u00e0 le sue hit tra le cime delle Dolomiti.<\/p>\n\n\t\t\t<style type='text\/css'>\n\t\t\t\t#gallery-6 {\n\t\t\t\t\tmargin: auto;\n\t\t\t\t}\n\t\t\t\t#gallery-6 .gallery-item {\n\t\t\t\t\tfloat: left;\n\t\t\t\t\tmargin-top: 10px;\n\t\t\t\t\ttext-align: center;\n\t\t\t\t\twidth: 33%;\n\t\t\t\t}\n\t\t\t\t#gallery-6 img {\n\t\t\t\t\tborder: 2px solid #cfcfcf;\n\t\t\t\t}\n\t\t\t\t#gallery-6 .gallery-caption {\n\t\t\t\t\tmargin-left: 0;\n\t\t\t\t}\n\t\t\t\t\/* see gallery_shortcode() in wp-includes\/media.php *\/\n\t\t\t<\/style>\n\t\t<div id='gallery-6' class='dt-gallery-container gallery galleryid-435777 gallery-columns-3 gallery-size-medium'><dl class='gallery-item'>\n\t\t\t\t<dt class='gallery-icon portrait'>\n\t\t\t\t\t<a class=\"rollover rollover-zoom dt-pswp-item\" title=\"475351389_122191419572160269_4819090400106529375_n\" data-dt-img-description=\"\" data-large_image_width=\"1024\" data-large_image_height=\"1280\"href='https:\/\/www.radiopiu.net\/wordpress\/wp-content\/uploads\/2025\/02\/475351389_122191419572160269_4819090400106529375_n.jpg'><img loading=\"lazy\" decoding=\"async\" width=\"240\" height=\"300\" src=\"https:\/\/www.radiopiu.net\/wordpress\/wp-content\/uploads\/2025\/02\/475351389_122191419572160269_4819090400106529375_n-240x300.jpg\" class=\"attachment-medium size-medium\" alt=\"\" srcset=\"https:\/\/www.radiopiu.net\/wordpress\/wp-content\/uploads\/2025\/02\/475351389_122191419572160269_4819090400106529375_n-240x300.jpg 240w, https:\/\/www.radiopiu.net\/wordpress\/wp-content\/uploads\/2025\/02\/475351389_122191419572160269_4819090400106529375_n-819x1024.jpg 819w, https:\/\/www.radiopiu.net\/wordpress\/wp-content\/uploads\/2025\/02\/475351389_122191419572160269_4819090400106529375_n-768x960.jpg 768w, https:\/\/www.radiopiu.net\/wordpress\/wp-content\/uploads\/2025\/02\/475351389_122191419572160269_4819090400106529375_n.jpg 1024w\" sizes=\"auto, (max-width: 240px) 100vw, 240px\" \/><\/a>\n\t\t\t\t<\/dt><\/dl><dl class='gallery-item'>\n\t\t\t\t<dt class='gallery-icon portrait'>\n\t\t\t\t\t<a class=\"rollover rollover-zoom dt-pswp-item\" title=\"70222334-5cff-4d4b-9ab9-a2a79305f2f3\" data-dt-img-description=\"\" data-large_image_width=\"1024\" data-large_image_height=\"1280\"href='https:\/\/www.radiopiu.net\/wordpress\/wp-content\/uploads\/2025\/02\/70222334-5cff-4d4b-9ab9-a2a79305f2f3.jpg'><img loading=\"lazy\" decoding=\"async\" width=\"240\" height=\"300\" src=\"https:\/\/www.radiopiu.net\/wordpress\/wp-content\/uploads\/2025\/02\/70222334-5cff-4d4b-9ab9-a2a79305f2f3-240x300.jpg\" class=\"attachment-medium size-medium\" alt=\"\" srcset=\"https:\/\/www.radiopiu.net\/wordpress\/wp-content\/uploads\/2025\/02\/70222334-5cff-4d4b-9ab9-a2a79305f2f3-240x300.jpg 240w, https:\/\/www.radiopiu.net\/wordpress\/wp-content\/uploads\/2025\/02\/70222334-5cff-4d4b-9ab9-a2a79305f2f3-819x1024.jpg 819w, https:\/\/www.radiopiu.net\/wordpress\/wp-content\/uploads\/2025\/02\/70222334-5cff-4d4b-9ab9-a2a79305f2f3-768x960.jpg 768w, https:\/\/www.radiopiu.net\/wordpress\/wp-content\/uploads\/2025\/02\/70222334-5cff-4d4b-9ab9-a2a79305f2f3.jpg 1024w\" sizes=\"auto, (max-width: 240px) 100vw, 240px\" \/><\/a>\n\t\t\t\t<\/dt><\/dl><dl class='gallery-item'>\n\t\t\t\t<dt class='gallery-icon portrait'>\n\t\t\t\t\t<a class=\"rollover rollover-zoom dt-pswp-item\" title=\"480483463_122191800596160269_7748395789965067962_n\" data-dt-img-description=\"\" data-large_image_width=\"1024\" data-large_image_height=\"1280\"href='https:\/\/www.radiopiu.net\/wordpress\/wp-content\/uploads\/2025\/02\/480483463_122191800596160269_7748395789965067962_n.jpg'><img loading=\"lazy\" decoding=\"async\" width=\"240\" height=\"300\" src=\"https:\/\/www.radiopiu.net\/wordpress\/wp-content\/uploads\/2025\/02\/480483463_122191800596160269_7748395789965067962_n-240x300.jpg\" class=\"attachment-medium size-medium\" alt=\"\" srcset=\"https:\/\/www.radiopiu.net\/wordpress\/wp-content\/uploads\/2025\/02\/480483463_122191800596160269_7748395789965067962_n-240x300.jpg 240w, https:\/\/www.radiopiu.net\/wordpress\/wp-content\/uploads\/2025\/02\/480483463_122191800596160269_7748395789965067962_n-819x1024.jpg 819w, https:\/\/www.radiopiu.net\/wordpress\/wp-content\/uploads\/2025\/02\/480483463_122191800596160269_7748395789965067962_n-768x960.jpg 768w, https:\/\/www.radiopiu.net\/wordpress\/wp-content\/uploads\/2025\/02\/480483463_122191800596160269_7748395789965067962_n.jpg 1024w\" sizes=\"auto, (max-width: 240px) 100vw, 240px\" \/><\/a>\n\t\t\t\t<\/dt><\/dl><br style=\"clear: both\" \/>\n\t\t\t<\/div>\n\n<p>&nbsp;<\/p>\n<div>\n<div class=\"\" dir=\"auto\">\n<div id=\":r9h:\" class=\"x1iorvi4 x1pi30zi x1l90r2v x1swvt13\" data-ad-comet-preview=\"message\" data-ad-preview=\"message\">\n<div>\n<div class=\"\" dir=\"auto\">\n<div id=\":r9h:\" class=\"x1iorvi4 x1pi30zi x1l90r2v x1swvt13\" data-ad-comet-preview=\"message\" data-ad-preview=\"message\">\n<div>\n<div class=\"\" dir=\"auto\">\n<div id=\":r9h:\" class=\"x1iorvi4 x1pi30zi x1l90r2v x1swvt13\" data-ad-comet-preview=\"message\" data-ad-preview=\"message\">\n<div>\n<div class=\"\" dir=\"auto\">\n<div id=\":r9h:\" class=\"x1iorvi4 x1pi30zi x1l90r2v x1swvt13\" data-ad-comet-preview=\"message\" data-ad-preview=\"message\">\n<div>\n<div class=\"\" dir=\"auto\">\n<div id=\":r9h:\" class=\"x1iorvi4 x1pi30zi x1l90r2v x1swvt13\" data-ad-comet-preview=\"message\" data-ad-preview=\"message\">\n<div>\n<div class=\"\" dir=\"auto\">\n<div id=\":r9h:\" class=\"x1iorvi4 x1pi30zi x1l90r2v x1swvt13\" data-ad-comet-preview=\"message\" data-ad-preview=\"message\">\n<div class=\"xdj266r x11i5rnm xat24cr x1mh8g0r x1vvkbs x126k92a\">\n<div dir=\"auto\"><\/div>\n<\/div>\n<div>\n<div class=\"\" dir=\"auto\">\n<div id=\":r9h:\" class=\"x1iorvi4 x1pi30zi x1l90r2v x1swvt13\" data-ad-comet-preview=\"message\" data-ad-preview=\"message\">\n<div>\n<div class=\"\" dir=\"auto\">\n<div id=\":r9h:\" class=\"x1iorvi4 x1pi30zi x1l90r2v x1swvt13\" data-ad-comet-preview=\"message\" data-ad-preview=\"message\">\n\n\t\t\t<style type='text\/css'>\n\t\t\t\t#gallery-7 {\n\t\t\t\t\tmargin: auto;\n\t\t\t\t}\n\t\t\t\t#gallery-7 .gallery-item {\n\t\t\t\t\tfloat: left;\n\t\t\t\t\tmargin-top: 10px;\n\t\t\t\t\ttext-align: center;\n\t\t\t\t\twidth: 20%;\n\t\t\t\t}\n\t\t\t\t#gallery-7 img {\n\t\t\t\t\tborder: 2px solid #cfcfcf;\n\t\t\t\t}\n\t\t\t\t#gallery-7 .gallery-caption {\n\t\t\t\t\tmargin-left: 0;\n\t\t\t\t}\n\t\t\t\t\/* see gallery_shortcode() in wp-includes\/media.php *\/\n\t\t\t<\/style>\n\t\t<div id='gallery-7' class='dt-gallery-container gallery galleryid-435777 gallery-columns-5 gallery-size-thumbnail'><dl class='gallery-item'>\n\t\t\t\t<dt class='gallery-icon portrait'>\n\t\t\t\t\t<a class=\"rollover rollover-zoom dt-pswp-item\" title=\"d553bc54-e3f2-40d2-9391-c5f1f404c169\" data-dt-img-description=\"\" data-large_image_width=\"1127\" data-large_image_height=\"1600\"href='https:\/\/www.radiopiu.net\/wordpress\/wp-content\/uploads\/2025\/02\/d553bc54-e3f2-40d2-9391-c5f1f404c169.jpg'><img loading=\"lazy\" decoding=\"async\" width=\"150\" height=\"150\" src=\"https:\/\/www.radiopiu.net\/wordpress\/wp-content\/uploads\/2025\/02\/d553bc54-e3f2-40d2-9391-c5f1f404c169-150x150.jpg\" class=\"attachment-thumbnail size-thumbnail\" alt=\"\" \/><\/a>\n\t\t\t\t<\/dt><\/dl><dl class='gallery-item'>\n\t\t\t\t<dt class='gallery-icon portrait'>\n\t\t\t\t\t<a class=\"rollover rollover-zoom dt-pswp-item\" title=\"bbb3c86c-46ec-4b06-bab6-46a79a0c8b1c\" data-dt-img-description=\"\" data-large_image_width=\"1414\" data-large_image_height=\"2000\"href='https:\/\/www.radiopiu.net\/wordpress\/wp-content\/uploads\/2025\/02\/bbb3c86c-46ec-4b06-bab6-46a79a0c8b1c-1.jpg'><img loading=\"lazy\" decoding=\"async\" width=\"150\" height=\"150\" src=\"https:\/\/www.radiopiu.net\/wordpress\/wp-content\/uploads\/2025\/02\/bbb3c86c-46ec-4b06-bab6-46a79a0c8b1c-1-150x150.jpg\" class=\"attachment-thumbnail size-thumbnail\" alt=\"\" \/><\/a>\n\t\t\t\t<\/dt><\/dl><dl class='gallery-item'>\n\t\t\t\t<dt class='gallery-icon portrait'>\n\t\t\t\t\t<a class=\"rollover rollover-zoom dt-pswp-item\" title=\"Carnevale 2025\" data-dt-img-description=\"\" data-large_image_width=\"1414\" data-large_image_height=\"2000\"href='https:\/\/www.radiopiu.net\/wordpress\/wp-content\/uploads\/2025\/02\/Carnevale-2025-1.png'><img loading=\"lazy\" decoding=\"async\" width=\"150\" height=\"150\" src=\"https:\/\/www.radiopiu.net\/wordpress\/wp-content\/uploads\/2025\/02\/Carnevale-2025-1-150x150.png\" class=\"attachment-thumbnail size-thumbnail\" alt=\"\" \/><\/a>\n\t\t\t\t<\/dt><\/dl><dl class='gallery-item'>\n\t\t\t\t<dt class='gallery-icon portrait'>\n\t\t\t\t\t<a class=\"rollover rollover-zoom dt-pswp-item\" title=\"dad1d0d2-12e8-494a-9390-929e17ce5985\" data-dt-img-description=\"\" data-large_image_width=\"900\" data-large_image_height=\"1600\"href='https:\/\/www.radiopiu.net\/wordpress\/wp-content\/uploads\/2025\/01\/dad1d0d2-12e8-494a-9390-929e17ce5985.jpg'><img loading=\"lazy\" decoding=\"async\" width=\"150\" height=\"150\" src=\"https:\/\/www.radiopiu.net\/wordpress\/wp-content\/uploads\/2025\/01\/dad1d0d2-12e8-494a-9390-929e17ce5985-150x150.jpg\" class=\"attachment-thumbnail size-thumbnail\" alt=\"\" \/><\/a>\n\t\t\t\t<\/dt><\/dl><dl class='gallery-item'>\n\t\t\t\t<dt class='gallery-icon portrait'>\n\t\t\t\t\t<a class=\"rollover rollover-zoom dt-pswp-item\" title=\"Carneval dei boce 2025\" data-dt-img-description=\"\" data-large_image_width=\"1414\" data-large_image_height=\"2000\"href='https:\/\/www.radiopiu.net\/wordpress\/wp-content\/uploads\/2025\/02\/Carneval-dei-boce-2025.png'><img loading=\"lazy\" decoding=\"async\" width=\"150\" height=\"150\" src=\"https:\/\/www.radiopiu.net\/wordpress\/wp-content\/uploads\/2025\/02\/Carneval-dei-boce-2025-150x150.png\" class=\"attachment-thumbnail size-thumbnail\" alt=\"\" \/><\/a>\n\t\t\t\t<\/dt><\/dl><br style=\"clear: both\" \/><dl class='gallery-item'>\n\t\t\t\t<dt class='gallery-icon portrait'>\n\t\t\t\t\t<a class=\"rollover rollover-zoom dt-pswp-item\" title=\"67dd10b3-a02f-4a4c-84f8-95bd7247b900\" data-dt-img-description=\"\" data-large_image_width=\"1440\" data-large_image_height=\"1800\"href='https:\/\/www.radiopiu.net\/wordpress\/wp-content\/uploads\/2025\/02\/67dd10b3-a02f-4a4c-84f8-95bd7247b900.jpg'><img loading=\"lazy\" decoding=\"async\" width=\"150\" height=\"150\" src=\"https:\/\/www.radiopiu.net\/wordpress\/wp-content\/uploads\/2025\/02\/67dd10b3-a02f-4a4c-84f8-95bd7247b900-150x150.jpg\" class=\"attachment-thumbnail size-thumbnail\" alt=\"\" \/><\/a>\n\t\t\t\t<\/dt><\/dl><dl class='gallery-item'>\n\t\t\t\t<dt class='gallery-icon portrait'>\n\t\t\t\t\t<a class=\"rollover rollover-zoom dt-pswp-item\" title=\"Pedonata mascherata\" data-dt-img-description=\"\" data-large_image_width=\"1179\" data-large_image_height=\"1630\"href='https:\/\/www.radiopiu.net\/wordpress\/wp-content\/uploads\/2025\/02\/Pedonata-mascherata.jpeg'><img loading=\"lazy\" decoding=\"async\" width=\"150\" height=\"150\" src=\"https:\/\/www.radiopiu.net\/wordpress\/wp-content\/uploads\/2025\/02\/Pedonata-mascherata-150x150.jpeg\" class=\"attachment-thumbnail size-thumbnail\" alt=\"\" \/><\/a>\n\t\t\t\t<\/dt><\/dl><dl class='gallery-item'>\n\t\t\t\t<dt class='gallery-icon portrait'>\n\t\t\t\t\t<a class=\"rollover rollover-zoom dt-pswp-item\" title=\"Locandina Energia al di l\u00e0 dello scientificamente corretto febbraio 2025\" data-dt-img-description=\"\" data-large_image_width=\"1131\" data-large_image_height=\"1600\"href='https:\/\/www.radiopiu.net\/wordpress\/wp-content\/uploads\/2025\/02\/Locandina-Energia-al-di-la-dello-scientificamente-corretto-febbraio-2025.jpg'><img loading=\"lazy\" decoding=\"async\" width=\"150\" height=\"150\" src=\"https:\/\/www.radiopiu.net\/wordpress\/wp-content\/uploads\/2025\/02\/Locandina-Energia-al-di-la-dello-scientificamente-corretto-febbraio-2025-150x150.jpg\" class=\"attachment-thumbnail size-thumbnail\" alt=\"\" aria-describedby=\"gallery-7-434154\" \/><\/a>\n\t\t\t\t<\/dt>\n\t\t\t\t\t<dd class='wp-caption-text gallery-caption' id='gallery-7-434154'>\n\t\t\t\t\t22 FEBBRAIO\n\t\t\t\t\t<\/dd><\/dl><dl class='gallery-item'>\n\t\t\t\t<dt class='gallery-icon portrait'>\n\t\t\t\t\t<a class=\"rollover rollover-zoom dt-pswp-item\" title=\"d4ebb858-0506-4e84-b6ae-28a77bb72b70\" data-dt-img-description=\"\" data-large_image_width=\"1131\" data-large_image_height=\"1600\"href='https:\/\/www.radiopiu.net\/wordpress\/wp-content\/uploads\/2025\/02\/d4ebb858-0506-4e84-b6ae-28a77bb72b70.jpg'><img loading=\"lazy\" decoding=\"async\" width=\"150\" height=\"150\" src=\"https:\/\/www.radiopiu.net\/wordpress\/wp-content\/uploads\/2025\/02\/d4ebb858-0506-4e84-b6ae-28a77bb72b70-150x150.jpg\" class=\"attachment-thumbnail size-thumbnail\" alt=\"\" aria-describedby=\"gallery-7-434311\" \/><\/a>\n\t\t\t\t<\/dt>\n\t\t\t\t\t<dd class='wp-caption-text gallery-caption' id='gallery-7-434311'>\n\t\t\t\t\t22 FEBBRAIO\n\t\t\t\t\t<\/dd><\/dl><dl class='gallery-item'>\n\t\t\t\t<dt class='gallery-icon portrait'>\n\t\t\t\t\t<a class=\"rollover rollover-zoom dt-pswp-item\" title=\"wo6o5gsi\" data-dt-img-description=\"\" data-large_image_width=\"801\" data-large_image_height=\"1600\"href='https:\/\/www.radiopiu.net\/wordpress\/wp-content\/uploads\/2025\/02\/wo6o5gsi.bmp'><img loading=\"lazy\" decoding=\"async\" width=\"150\" height=\"150\" src=\"https:\/\/www.radiopiu.net\/wordpress\/wp-content\/uploads\/2025\/02\/wo6o5gsi-150x150.jpg\" class=\"attachment-thumbnail size-thumbnail\" alt=\"\" aria-describedby=\"gallery-7-434597\" \/><\/a>\n\t\t\t\t<\/dt>\n\t\t\t\t\t<dd class='wp-caption-text gallery-caption' id='gallery-7-434597'>\n\t\t\t\t\t2 MARZO\n\t\t\t\t\t<\/dd><\/dl><br style=\"clear: both\" \/><dl class='gallery-item'>\n\t\t\t\t<dt class='gallery-icon portrait'>\n\t\t\t\t\t<a class=\"rollover rollover-zoom dt-pswp-item\" title=\"Senza nome\" data-dt-img-description=\"\" data-large_image_width=\"569\" data-large_image_height=\"801\"href='https:\/\/www.radiopiu.net\/wordpress\/wp-content\/uploads\/2025\/02\/Senza-nome-23.png'><img loading=\"lazy\" decoding=\"async\" width=\"150\" height=\"150\" src=\"https:\/\/www.radiopiu.net\/wordpress\/wp-content\/uploads\/2025\/02\/Senza-nome-23-150x150.png\" class=\"attachment-thumbnail size-thumbnail\" alt=\"\" \/><\/a>\n\t\t\t\t<\/dt><\/dl><dl class='gallery-item'>\n\t\t\t\t<dt class='gallery-icon portrait'>\n\t\t\t\t\t<a class=\"rollover rollover-zoom dt-pswp-item\" title=\"GDLKJGAOY\" data-dt-img-description=\"\" data-large_image_width=\"1080\" data-large_image_height=\"1158\"href='https:\/\/www.radiopiu.net\/wordpress\/wp-content\/uploads\/2025\/02\/GDLKJGAOY.jpg'><img loading=\"lazy\" decoding=\"async\" width=\"150\" height=\"150\" src=\"https:\/\/www.radiopiu.net\/wordpress\/wp-content\/uploads\/2025\/02\/GDLKJGAOY-150x150.jpg\" class=\"attachment-thumbnail size-thumbnail\" alt=\"\" \/><\/a>\n\t\t\t\t<\/dt><\/dl><dl class='gallery-item'>\n\t\t\t\t<dt class='gallery-icon portrait'>\n\t\t\t\t\t<a class=\"rollover rollover-zoom dt-pswp-item\" title=\"2487092a-44e2-4f98-95d9-fc75c526c499\" data-dt-img-description=\"\" data-large_image_width=\"1131\" data-large_image_height=\"1600\"href='https:\/\/www.radiopiu.net\/wordpress\/wp-content\/uploads\/2025\/02\/2487092a-44e2-4f98-95d9-fc75c526c499.jpg'><img loading=\"lazy\" decoding=\"async\" width=\"150\" height=\"150\" src=\"https:\/\/www.radiopiu.net\/wordpress\/wp-content\/uploads\/2025\/02\/2487092a-44e2-4f98-95d9-fc75c526c499-150x150.jpg\" class=\"attachment-thumbnail size-thumbnail\" alt=\"\" \/><\/a>\n\t\t\t\t<\/dt><\/dl><dl class='gallery-item'>\n\t\t\t\t<dt class='gallery-icon portrait'>\n\t\t\t\t\t<a class=\"rollover rollover-zoom dt-pswp-item\" title=\"Assaggi di libri marzo 2025\" data-dt-img-description=\"\" data-large_image_width=\"1240\" data-large_image_height=\"1754\"href='https:\/\/www.radiopiu.net\/wordpress\/wp-content\/uploads\/2025\/02\/Assaggi-di-libri-marzo-2025.jpg'><img loading=\"lazy\" decoding=\"async\" width=\"150\" height=\"150\" src=\"https:\/\/www.radiopiu.net\/wordpress\/wp-content\/uploads\/2025\/02\/Assaggi-di-libri-marzo-2025-150x150.jpg\" class=\"attachment-thumbnail size-thumbnail\" alt=\"\" \/><\/a>\n\t\t\t\t<\/dt><\/dl><dl class='gallery-item'>\n\t\t\t\t<dt class='gallery-icon portrait'>\n\t\t\t\t\t<a class=\"rollover rollover-zoom dt-pswp-item\" title=\"f2e45630-52c0-478c-94b5-bb24dd41ebdf\" data-dt-img-description=\"\" data-large_image_width=\"384\" data-large_image_height=\"551\"href='https:\/\/www.radiopiu.net\/wordpress\/wp-content\/uploads\/2025\/02\/f2e45630-52c0-478c-94b5-bb24dd41ebdf.jpg'><img loading=\"lazy\" decoding=\"async\" width=\"150\" height=\"150\" src=\"https:\/\/www.radiopiu.net\/wordpress\/wp-content\/uploads\/2025\/02\/f2e45630-52c0-478c-94b5-bb24dd41ebdf-150x150.jpg\" class=\"attachment-thumbnail size-thumbnail\" alt=\"\" \/><\/a>\n\t\t\t\t<\/dt><\/dl><br style=\"clear: both\" \/><dl class='gallery-item'>\n\t\t\t\t<dt class='gallery-icon landscape'>\n\t\t\t\t\t<a class=\"rollover rollover-zoom dt-pswp-item\" title=\"68056c68-79ce-4796-9e56-6e4ae78113e9\" data-dt-img-description=\"\" data-large_image_width=\"1501\" data-large_image_height=\"1501\"href='https:\/\/www.radiopiu.net\/wordpress\/wp-content\/uploads\/2025\/02\/68056c68-79ce-4796-9e56-6e4ae78113e9.jpg'><img loading=\"lazy\" decoding=\"async\" width=\"150\" height=\"150\" src=\"https:\/\/www.radiopiu.net\/wordpress\/wp-content\/uploads\/2025\/02\/68056c68-79ce-4796-9e56-6e4ae78113e9-150x150.jpg\" class=\"attachment-thumbnail size-thumbnail\" alt=\"\" srcset=\"https:\/\/www.radiopiu.net\/wordpress\/wp-content\/uploads\/2025\/02\/68056c68-79ce-4796-9e56-6e4ae78113e9-150x150.jpg 150w, https:\/\/www.radiopiu.net\/wordpress\/wp-content\/uploads\/2025\/02\/68056c68-79ce-4796-9e56-6e4ae78113e9-300x300.jpg 300w, https:\/\/www.radiopiu.net\/wordpress\/wp-content\/uploads\/2025\/02\/68056c68-79ce-4796-9e56-6e4ae78113e9-1024x1024.jpg 1024w, https:\/\/www.radiopiu.net\/wordpress\/wp-content\/uploads\/2025\/02\/68056c68-79ce-4796-9e56-6e4ae78113e9-768x768.jpg 768w, https:\/\/www.radiopiu.net\/wordpress\/wp-content\/uploads\/2025\/02\/68056c68-79ce-4796-9e56-6e4ae78113e9.jpg 1501w\" sizes=\"auto, (max-width: 150px) 100vw, 150px\" \/><\/a>\n\t\t\t\t<\/dt><\/dl>\n\t\t\t\t<br style='clear: both' \/>\n\t\t\t<\/div>\n\n<p>&nbsp;<\/p>\n<p>&nbsp;<\/p>\n<\/div>\n<\/div>\n<\/div>\n<\/div>\n<\/div>\n<\/div>\n<\/div>\n<\/div>\n<\/div>\n<\/div>\n<\/div>\n<\/div>\n<p>&nbsp;<\/p>\n<\/div>\n<\/div>\n<\/div>\n<\/div>\n<\/div>\n<\/div>\n<\/div>\n<\/div>\n<\/div>\n<\/div>\n<\/div>\n<\/div>\n<hr \/>\n<p>&nbsp;<\/p>\n<p class=\"mceTemp\"><a class=\"dt-pswp-item\" href=\"https:\/\/www.radiopiu.net\/wordpress\/wp-content\/uploads\/2018\/09\/WhatsApp-Image-2018-09-20-at-16.04.06.jpeg\" data-dt-img-description=\"\" data-large_image_width=\"800\" data-large_image_height=\"100\"><img loading=\"lazy\" decoding=\"async\" class=\"wp-image-61378 size-full aligncenter\" src=\"https:\/\/www.radiopiu.net\/wordpress\/wp-content\/uploads\/2018\/09\/WhatsApp-Image-2018-09-20-at-16.04.06.jpeg\" alt=\"\" width=\"800\" height=\"100\" srcset=\"https:\/\/www.radiopiu.net\/wordpress\/wp-content\/uploads\/2018\/09\/WhatsApp-Image-2018-09-20-at-16.04.06.jpeg 800w, https:\/\/www.radiopiu.net\/wordpress\/wp-content\/uploads\/2018\/09\/WhatsApp-Image-2018-09-20-at-16.04.06-300x38.jpeg 300w, https:\/\/www.radiopiu.net\/wordpress\/wp-content\/uploads\/2018\/09\/WhatsApp-Image-2018-09-20-at-16.04.06-768x96.jpeg 768w\" sizes=\"auto, (max-width: 800px) 100vw, 800px\" \/><\/a><\/p>\n<p><center><\/center><center><\/center>&nbsp;<\/p>\n<p><center><\/center><center><b>OGGI<\/b><\/center>Cielo in genere sereno nella notte, pi\u00f9 velato dall&#8217;alba, salvo riduzioni di visibilit\u00e0 in alcune valli prealpine limitata alle ore fredde per possibili formazioni di foschie o di nubi basse che potranno persistere fino a poco dopo l&#8217;alba, tendenti a riformarsi dopo il tramonto.<br \/>\n<b>Precipitazioni: <\/b>Assenti<br \/>\n<b>Temperature: <\/b>Nelle valli senza notevoli variazioni o in lieve calo le massime, in alta montagna in generale contenuta diminuzione con le minime misurate a fine giornata; parziale attenuazione dell&#8217;inversione termica nelle ore notturne.<\/p>\n<hr \/>\n<p><center><b>DOMANI<\/b><\/center>Cielo da poco a parzialmente nuvoloso a tratti anche nuvoloso per il transito di nubi dapprima alte poi medio-alte. Non esclusa un po&#8217; di foschia e qualche nube basse nelle valli prealpine nelle ore fredde.<br \/>\n<b>Precipitazioni: <\/b>Al mattino assenti. Nel pomeriggio\/sera non \u00e8 del tutto escluso qualche fiocco di neve oltre i 2200 m sulle Dolomiti settentrionali senza accumuli.<br \/>\n<b>Temperature: <\/b>In lieve aumento salvo qualche calo oltre i 2600-2800 m e nelle valli nei valori diurni, con una moderata inversione termica nelle ore fredde.<\/p>\n<hr \/>\n<p><center><b>LUNEDI<\/b><\/center>Giornata in prevalenza soleggiata e stabile un po&#8217; disturbata dal transito di sottili e innocue nubi alte. Possibili foschie e qualche banco di nebbia nelle ore fredde in alcune valli prealpine. Temperature senza notevoli variazioni.<\/p>\n<hr \/>\n<p><center><b>MARTEDI<\/b><\/center>Tempo variabile in un contesto prevalentemente nuvoloso caratterizzato da annuvolamenti e qualche parziale schiarita. Possibili modesti fenomeni sparsi, nevosi oltre i 1700-1900 m. Temperature minime in aumento, massime in diminuzione con attenuazione dell&#8217;inversione termica.<\/p>\n<p>&nbsp;<\/p>\n<hr \/>\n<p>&nbsp;<\/p>\n<p class=\"mceTemp\"><a class=\"dt-pswp-item\" href=\"https:\/\/www.radiopiu.net\/wordpress\/wp-content\/uploads\/2018\/09\/sport.jpg\" data-dt-img-description=\"\" data-large_image_width=\"800\" data-large_image_height=\"100\"><img loading=\"lazy\" decoding=\"async\" class=\"aligncenter wp-image-60761 size-full\" src=\"https:\/\/www.radiopiu.net\/wordpress\/wp-content\/uploads\/2018\/09\/sport.jpg\" alt=\"\" width=\"800\" height=\"100\" srcset=\"https:\/\/www.radiopiu.net\/wordpress\/wp-content\/uploads\/2018\/09\/sport.jpg 800w, https:\/\/www.radiopiu.net\/wordpress\/wp-content\/uploads\/2018\/09\/sport-300x38.jpg 300w, https:\/\/www.radiopiu.net\/wordpress\/wp-content\/uploads\/2018\/09\/sport-768x96.jpg 768w\" sizes=\"auto, (max-width: 800px) 100vw, 800px\" \/> <\/a><\/p>\n<p class=\"mceTemp\"><span style=\"color: #0000ff;\"><strong>\u00a0 \u00a0\u00a0<\/strong><\/span><\/p>\n<p><span style=\"color: #0000ff;\"><strong>HOCKEY SU GHIACCIO<\/strong><\/span><\/p>\n<blockquote>\n<h3>AL DE TONI DI ALLEGHE ARRIVANO I PICCHI DI FELTRE<\/h3>\n<\/blockquote>\n<p><strong><a class=\"dt-pswp-item\" href=\"https:\/\/www.radiopiu.net\/wordpress\/wp-content\/uploads\/2025\/02\/000ba4cb-d0c4-4536-8805-b1b790acbcd7.jpeg\" data-dt-img-description=\"\" data-large_image_width=\"940\" data-large_image_height=\"542\"><img loading=\"lazy\" decoding=\"async\" class=\"size-medium wp-image-435819 alignleft\" src=\"https:\/\/www.radiopiu.net\/wordpress\/wp-content\/uploads\/2025\/02\/000ba4cb-d0c4-4536-8805-b1b790acbcd7-300x173.jpeg\" alt=\"\" width=\"300\" height=\"173\" srcset=\"https:\/\/www.radiopiu.net\/wordpress\/wp-content\/uploads\/2025\/02\/000ba4cb-d0c4-4536-8805-b1b790acbcd7-300x173.jpeg 300w, https:\/\/www.radiopiu.net\/wordpress\/wp-content\/uploads\/2025\/02\/000ba4cb-d0c4-4536-8805-b1b790acbcd7-768x443.jpeg 768w, https:\/\/www.radiopiu.net\/wordpress\/wp-content\/uploads\/2025\/02\/000ba4cb-d0c4-4536-8805-b1b790acbcd7.jpeg 940w\" sizes=\"auto, (max-width: 300px) 100vw, 300px\" \/><\/a>di Roberto Miana, portavoce dell\u2019Alleghe Hockey<\/strong><\/p>\n<p>Decima e ultima giornata di Master Round del campionato IHL di hockey su ghiaccio. Sabato 22 febbraio alle 20:30 l\u2019Alleghe ospita il Feltre. L\u2019Alleghe, nell\u2019impegno di campionato infrasettimanale, ha conquistato un importante punto nella trasferta di Appiano. Sconfitta all\u2019overtime 5-4, che \u00e8 comunque valsa matematicamente il quinto posto in classifica e la certezza di affrontare il Varese ai playoff. Appiano che \u00e8 partito forte, portandosi subito in vantaggio. Ci ha pensato poi M\u00e4kel\u00e4 a pareggiare le sorti dell\u2019incontro, prima del nuovo vantaggio dei padroni di casa. Seconda frazione con i basso atesini che siglano la rete del doppio vantaggio, ma le Civette in due minuti rimettono il match in equilibrio con Moberg e con un M\u00e4kel\u00e4 in grande serata. Nell\u2019ultimo periodo i Pirati rimettono ancora la testa avanti, ma Shamardin porta meritatamente la gara all\u2019overtime, dove la spuntano i padroni di casa. Il Feltre arriva al quarto derby stagionale con le Civette reduce dalla vittoria casalinga 3-2 ottenuta contro il Caldaro capolista. Feltrini che si sono assicurati il terzo posto nel Master Round e sono gi\u00e0 sicuri di affrontare l\u2019Appiano nei quarti di finale playoff. Nei 17 precedenti del derby bellunese giocati in IHL tra Alleghe e Feltre, si sono registrati 14 successi delle Civette e 3 dei Picchi. Le tre vittorie feltrine tutte conquistate negli altrettanti derby giocati in questa stagione.<\/p>\n<p><strong>ALLEGHE HOCKEY &#8211; HC FELTRE<\/strong><br \/>\nSabato 22 febbraio ore 20:30 &#8211; Palaghiaccio Alvise De Toni di Alleghe (BL). Arbitri: Gianluca Abram e Stefano Ricco con giudici di linea Gabriel Farkas e Lorenzo Dell\u2019Amico. Collegamenti in DIRETTA RADIOFONICA su Radio Pi\u00f9 (www.radiopiu.net) con \u201chockey al punto giusto\u201d, in studio Marco Gaz e da Alleghe interventi di Federico Paganin<\/p>\n<p>&nbsp;<\/p>\n<p><span style=\"color: #0000ff;\"><strong>CALCIO<\/strong><\/span><\/p>\n<blockquote>\n<h3>AGORDINA ALLA RICERCA DI PUNTI CONTRO IL FANALINO DI CODA VALBOITE<\/h3>\n<\/blockquote>\n<p><strong><a class=\"dt-pswp-item\" href=\"https:\/\/www.radiopiu.net\/wordpress\/wp-content\/uploads\/2022\/04\/CALCIO.jpg\" data-dt-img-description=\"\" data-large_image_width=\"1920\" data-large_image_height=\"1280\"><img loading=\"lazy\" decoding=\"async\" class=\" wp-image-270520 alignleft\" src=\"https:\/\/www.radiopiu.net\/wordpress\/wp-content\/uploads\/2022\/04\/CALCIO-300x200.jpg\" alt=\"\" width=\"180\" height=\"120\" srcset=\"https:\/\/www.radiopiu.net\/wordpress\/wp-content\/uploads\/2022\/04\/CALCIO-300x200.jpg 300w, https:\/\/www.radiopiu.net\/wordpress\/wp-content\/uploads\/2022\/04\/CALCIO-1024x683.jpg 1024w, https:\/\/www.radiopiu.net\/wordpress\/wp-content\/uploads\/2022\/04\/CALCIO-768x512.jpg 768w, https:\/\/www.radiopiu.net\/wordpress\/wp-content\/uploads\/2022\/04\/CALCIO-1536x1024.jpg 1536w, https:\/\/www.radiopiu.net\/wordpress\/wp-content\/uploads\/2022\/04\/CALCIO.jpg 1920w\" sizes=\"auto, (max-width: 180px) 100vw, 180px\" \/><\/a>DI MARCO GAZ<\/strong><\/p>\n<p><strong>REDAZIONE<\/strong> Le squadre dell&#8217;Agordina Calcio stanno pian pianino ritornando in campo. Dopo l&#8217;inizio della seconda fase della stagione per la prima squadra e la Juniores, questa settimana tornano in campo anche i ragazzi della categoria Allievi. Saranno tre le partite dove la squadra di Agordo sar\u00e0 impegnata nel fine settimana. Ad aprire le danze ci pensano i ragazzi della Juniores che oggi alle 15 scenderanno in campo per affrontare il Longarone-Alpina in trasferta. Domani mattina alle 10 tornano in campo gli Allievi con l&#8217;Agordina che dovr\u00e0 affrontare il Piave a Belluno. Ultima partita del fine settimana i programma domani alle 14:30 quando l&#8217;Agordina di Terza Categoria far\u00e0 il suo ritorno in campo. I ragazzi allenati da Davare hanno una partita abbordabile sulla carta. Agordini che giocheranno in trasferta contro il fanalino di coda Valboite. La compagine di Agordo ha bisogno di punti per risalire la classifica e puntare alla zona playoff. Domani alle 20:30 il nuovo appuntamento con &#8220;Agordina In Prima Linea&#8221;, il programma di Radio pi\u00f9 che analizza il fine settimana calcistico dell&#8217;Agordina Calcio.<\/p>\n<p>&nbsp;<\/p>\n<p><span style=\"color: #0000ff;\"><strong>MERITI SPORTIVI<\/strong><\/span><\/p>\n<blockquote>\n<h3>INIZIATA LA RACCOLTA DELLE CANDIDATURE PER LE STELLE AL MERITO SPORTIVO<\/h3>\n<\/blockquote>\n<p><a class=\"dt-pswp-item\" href=\"https:\/\/www.radiopiu.net\/wordpress\/wp-content\/uploads\/2025\/02\/IMG-20250221-WA0010.jpg\" data-dt-img-description=\"\" data-large_image_width=\"1920\" data-large_image_height=\"1277\"><img loading=\"lazy\" decoding=\"async\" class=\" wp-image-435883 alignleft\" src=\"https:\/\/www.radiopiu.net\/wordpress\/wp-content\/uploads\/2025\/02\/IMG-20250221-WA0010-300x200.jpg\" alt=\"\" width=\"191\" height=\"127\" srcset=\"https:\/\/www.radiopiu.net\/wordpress\/wp-content\/uploads\/2025\/02\/IMG-20250221-WA0010-300x200.jpg 300w, https:\/\/www.radiopiu.net\/wordpress\/wp-content\/uploads\/2025\/02\/IMG-20250221-WA0010-1024x681.jpg 1024w, https:\/\/www.radiopiu.net\/wordpress\/wp-content\/uploads\/2025\/02\/IMG-20250221-WA0010-768x511.jpg 768w, https:\/\/www.radiopiu.net\/wordpress\/wp-content\/uploads\/2025\/02\/IMG-20250221-WA0010-1536x1022.jpg 1536w, https:\/\/www.radiopiu.net\/wordpress\/wp-content\/uploads\/2025\/02\/IMG-20250221-WA0010.jpg 1920w\" sizes=\"auto, (max-width: 191px) 100vw, 191px\" \/><\/a>Dal 17 febbraio 2024 \u00e8 aperta la raccolta delle candidature per le Stelle al Merito Sportivo e le Palme al Merito Tecnico 2024, onorificenze conferite dal CONI per premiare dirigenti, societ\u00e0 sportive e tecnici che si sono distinti nell\u2019impegno verso lo sport italiano. Le candidature devono essere inviate al Comitato Regionale Veneto del CONI entro il 15 marzo 2024, all\u2019indirizzo email <a rel=\"noopener\" data-start=\"389\" data-end=\"403\">veneto@coni.it<\/a>. Ogni proposta dovr\u00e0 essere accompagnata dalla lettera di avallo della Federazione Sportiva Nazionale, Disciplina Sportiva Associata o Ente di Promozione Sportiva di riferimento. Le Stelle al Merito Sportivo sono assegnate a personalit\u00e0 e organizzazioni che hanno contribuito alla crescita dello sport, mentre le Palme al Merito Tecnico vanno ai tecnici che si sono distinti nella formazione degli atleti.<\/p>\n<p>&nbsp;<\/p>\n<p>&nbsp;<\/p>\n<p>&nbsp;<\/p>\n<p>&nbsp;<\/p>\n","protected":false},"excerpt":{"rendered":"<p>******** &nbsp; LA\u00a0 APP PER IOS-IPHONE di Nicola Vettorello https:\/\/apps.apple.com\/it\/app\/radio-pi%C3%B9-emittente-agordina\/id1515939845 LA\u00a0 APP RADIO\u00a0 PER ANDROID di Nicola Vettorello https:\/\/play.google.com\/store\/apps\/details?id=net.radiopiu.iniko\u00a0\u00a0\u00a0\u00a0 &nbsp; &nbsp; &nbsp; OGGI ALLA RADIO:\u00a0\u00a0 rassegna stampa nazionale, ogni giorno alle 5 e alle 6 del mattino. giornali locali 7 rassegna stampa flash, 8 rassegna stampa, gr flash alle 10 e alle 11, principale 12.30.&hellip;<\/p>\n","protected":false},"author":4,"featured_media":435940,"comment_status":"closed","ping_status":"closed","sticky":false,"template":"","format":"standard","meta":{"_monsterinsights_skip_tracking":false,"_monsterinsights_sitenote_active":false,"_monsterinsights_sitenote_note":"","_monsterinsights_sitenote_category":0,"footnotes":""},"categories":[51,86,49],"tags":[],"class_list":["post-435777","post","type-post","status-publish","format-standard","has-post-thumbnail","hentry","category-evidenza-top","category-gr","category-news-18","category-51","category-86","category-49","description-off"],"img_url":"https:\/\/www.radiopiu.net\/wordpress\/wp-content\/uploads\/2025\/02\/comunicato-17.02.2025-allegato-1.jpg","_links":{"self":[{"href":"https:\/\/www.radiopiu.net\/wordpress\/wp-json\/wp\/v2\/posts\/435777","targetHints":{"allow":["GET"]}}],"collection":[{"href":"https:\/\/www.radiopiu.net\/wordpress\/wp-json\/wp\/v2\/posts"}],"about":[{"href":"https:\/\/www.radiopiu.net\/wordpress\/wp-json\/wp\/v2\/types\/post"}],"author":[{"embeddable":true,"href":"https:\/\/www.radiopiu.net\/wordpress\/wp-json\/wp\/v2\/users\/4"}],"replies":[{"embeddable":true,"href":"https:\/\/www.radiopiu.net\/wordpress\/wp-json\/wp\/v2\/comments?post=435777"}],"version-history":[{"count":40,"href":"https:\/\/www.radiopiu.net\/wordpress\/wp-json\/wp\/v2\/posts\/435777\/revisions"}],"predecessor-version":[{"id":436015,"href":"https:\/\/www.radiopiu.net\/wordpress\/wp-json\/wp\/v2\/posts\/435777\/revisions\/436015"}],"wp:featuredmedia":[{"embeddable":true,"href":"https:\/\/www.radiopiu.net\/wordpress\/wp-json\/wp\/v2\/media\/435940"}],"wp:attachment":[{"href":"https:\/\/www.radiopiu.net\/wordpress\/wp-json\/wp\/v2\/media?parent=435777"}],"wp:term":[{"taxonomy":"category","embeddable":true,"href":"https:\/\/www.radiopiu.net\/wordpress\/wp-json\/wp\/v2\/categories?post=435777"},{"taxonomy":"post_tag","embeddable":true,"href":"https:\/\/www.radiopiu.net\/wordpress\/wp-json\/wp\/v2\/tags?post=435777"}],"curies":[{"name":"wp","href":"https:\/\/api.w.org\/{rel}","templated":true}]}}