{"id":435793,"date":"2025-02-22T05:04:09","date_gmt":"2025-02-22T04:04:09","guid":{"rendered":"https:\/\/www.radiopiu.net\/wordpress\/?p=435793"},"modified":"2025-02-22T05:22:58","modified_gmt":"2025-02-22T04:22:58","slug":"domenica-ad-alleghe-lassemblea-dei-donatori","status":"publish","type":"post","link":"https:\/\/www.radiopiu.net\/wordpress\/domenica-ad-alleghe-lassemblea-dei-donatori\/","title":{"rendered":"DOMANI ad Alleghe l&#8217;assemblea dei donatori"},"content":{"rendered":"<p>**<\/p>\n<div class=\"articlePlainTitle\"><\/div>\n<div class=\"addthis_sharing_toolbox\" data-url=\"https:\/\/sfoglio.grupponem.it\/share_article.php?article_id=17445539\" data-title=\"Incendio boschivo vigili e Regione in campoDomenica ad Alleghe l'assemblea dei donatori\"><strong>ALLEGHE<\/strong><\/div>\n<div class=\"articlePlainText\"><\/div>\n<div class=\"articlePlainText\"><img loading=\"lazy\" decoding=\"async\" class=\"alignleft\" src=\"https:\/\/www.radiopiu.net\/wordpress\/wp-content\/uploads\/2025\/02\/Senza-nome-64.png\" width=\"149\" height=\"162\" \/>Domani si terr\u00e0, alle 11.30 nella Sala Stoppani della scuola elementare di Alleghe, l&#8217;annuale assemblea della Sezione Abvs di Alleghe, anticipata alle 10.30 dalla Santa Messa in suffragio dei donatori di sangue scomparsi. Quest&#8217;anno, in previsione di investire nell&#8217;acquisto di un defibrillatore da mettere a disposizione della comunit\u00e0 in occasione dei 70 anni della Sezione celebrati lo scorso anno, non si terr\u00e0 il consueto pranzo sociale. In occasione dell&#8217;assemblea, come avviene ogni quattro anni, il Consiglio direttivo della sezione sar\u00e0 rinnovato. La scheda di votazione va consegnare in occasione dell&#8217;assemblea o, nel caso impossibilit\u00e0 a presenziarvi, depositata nelle urne predisposte al negozio di Cesare Sorar\u00f9 a Caprile e all&#8217;ufficio turistico di Alleghe.<\/div>\n<div><\/div>\n<div><\/div>\n<div>\n<hr \/>\n<\/div>\n","protected":false},"excerpt":{"rendered":"<p>** ALLEGHE Domani si terr\u00e0, alle 11.30 nella Sala Stoppani della scuola elementare di Alleghe, l&#8217;annuale assemblea della Sezione Abvs di Alleghe, anticipata alle 10.30 dalla Santa Messa in suffragio dei donatori di sangue scomparsi. Quest&#8217;anno, in previsione di investire nell&#8217;acquisto di un defibrillatore da mettere a disposizione della comunit\u00e0 in occasione dei 70 anni&hellip;<\/p>\n","protected":false},"author":4,"featured_media":435794,"comment_status":"closed","ping_status":"closed","sticky":false,"template":"","format":"standard","meta":{"_monsterinsights_skip_tracking":false,"_monsterinsights_sitenote_active":false,"_monsterinsights_sitenote_note":"","_monsterinsights_sitenote_category":0,"footnotes":""},"categories":[104,49],"tags":[],"class_list":["post-435793","post","type-post","status-publish","format-standard","has-post-thumbnail","hentry","category-evidenza_3","category-news-18","category-104","category-49","description-off"],"img_url":"https:\/\/www.radiopiu.net\/wordpress\/wp-content\/uploads\/2025\/02\/Senza-nome-64.png","_links":{"self":[{"href":"https:\/\/www.radiopiu.net\/wordpress\/wp-json\/wp\/v2\/posts\/435793","targetHints":{"allow":["GET"]}}],"collection":[{"href":"https:\/\/www.radiopiu.net\/wordpress\/wp-json\/wp\/v2\/posts"}],"about":[{"href":"https:\/\/www.radiopiu.net\/wordpress\/wp-json\/wp\/v2\/types\/post"}],"author":[{"embeddable":true,"href":"https:\/\/www.radiopiu.net\/wordpress\/wp-json\/wp\/v2\/users\/4"}],"replies":[{"embeddable":true,"href":"https:\/\/www.radiopiu.net\/wordpress\/wp-json\/wp\/v2\/comments?post=435793"}],"version-history":[{"count":3,"href":"https:\/\/www.radiopiu.net\/wordpress\/wp-json\/wp\/v2\/posts\/435793\/revisions"}],"predecessor-version":[{"id":435999,"href":"https:\/\/www.radiopiu.net\/wordpress\/wp-json\/wp\/v2\/posts\/435793\/revisions\/435999"}],"wp:featuredmedia":[{"embeddable":true,"href":"https:\/\/www.radiopiu.net\/wordpress\/wp-json\/wp\/v2\/media\/435794"}],"wp:attachment":[{"href":"https:\/\/www.radiopiu.net\/wordpress\/wp-json\/wp\/v2\/media?parent=435793"}],"wp:term":[{"taxonomy":"category","embeddable":true,"href":"https:\/\/www.radiopiu.net\/wordpress\/wp-json\/wp\/v2\/categories?post=435793"},{"taxonomy":"post_tag","embeddable":true,"href":"https:\/\/www.radiopiu.net\/wordpress\/wp-json\/wp\/v2\/tags?post=435793"}],"curies":[{"name":"wp","href":"https:\/\/api.w.org\/{rel}","templated":true}]}}