{"id":435798,"date":"2025-02-21T05:45:31","date_gmt":"2025-02-21T04:45:31","guid":{"rendered":"https:\/\/www.radiopiu.net\/wordpress\/?p=435798"},"modified":"2025-02-21T05:49:21","modified_gmt":"2025-02-21T04:49:21","slug":"muore-in-casa-se-ne-accorge-il-vicino","status":"publish","type":"post","link":"https:\/\/www.radiopiu.net\/wordpress\/muore-in-casa-se-ne-accorge-il-vicino\/","title":{"rendered":"MUORE IN CASA, SE NE ACCORGE IL VICINO"},"content":{"rendered":"<p>**<\/p>\n<blockquote>\n<h3 style=\"text-align: left;\"><a class=\"dt-pswp-item\" href=\"https:\/\/www.radiopiu.net\/wordpress\/wp-content\/uploads\/2025\/02\/download-12.jpg\" data-dt-img-description=\"\" data-large_image_width=\"259\" data-large_image_height=\"194\"><img loading=\"lazy\" decoding=\"async\" class=\"wp-image-435797 alignleft\" src=\"https:\/\/www.radiopiu.net\/wordpress\/wp-content\/uploads\/2025\/02\/download-12.jpg\" alt=\"\" width=\"163\" height=\"122\" \/><\/a><\/h3>\n<\/blockquote>\n<p><strong>AGORDO<\/strong> E&#8217; morto il settanquatrenne Giancarlo Manfroi, residente a Ponte Alto. A dare l&#8217;allarme un vicino che ne ha notato l&#8217;assenza. per poi scorgere il corpo dell&#8217;uomo riverso sul pavimento. Ieri alle 10.30 \u00e8 scattato l&#8217;allarme ed \u00e8 intervenuto il personale del 118, purtroppo \u00e8 stato necessario l&#8217;intervento delle pompe funebri.<\/p>\n<p>&nbsp;<\/p>\n<hr \/>\n<p>&nbsp;<\/p>\n<p>&nbsp;<\/p>\n<p>&nbsp;<\/p>\n","protected":false},"excerpt":{"rendered":"<p>** AGORDO E&#8217; morto il settanquatrenne Giancarlo Manfroi, residente a Ponte Alto. A dare l&#8217;allarme un vicino che ne ha notato l&#8217;assenza. per poi scorgere il corpo dell&#8217;uomo riverso sul pavimento. Ieri alle 10.30 \u00e8 scattato l&#8217;allarme ed \u00e8 intervenuto il personale del 118, purtroppo \u00e8 stato necessario l&#8217;intervento delle pompe funebri. &nbsp; &nbsp; &nbsp;&hellip;<\/p>\n","protected":false},"author":4,"featured_media":435797,"comment_status":"closed","ping_status":"closed","sticky":false,"template":"","format":"standard","meta":{"_monsterinsights_skip_tracking":false,"_monsterinsights_sitenote_active":false,"_monsterinsights_sitenote_note":"","_monsterinsights_sitenote_category":0,"footnotes":""},"categories":[51,49],"tags":[],"class_list":["post-435798","post","type-post","status-publish","format-standard","has-post-thumbnail","hentry","category-evidenza-top","category-news-18","category-51","category-49","description-off"],"img_url":"https:\/\/www.radiopiu.net\/wordpress\/wp-content\/uploads\/2025\/02\/download-12.jpg","_links":{"self":[{"href":"https:\/\/www.radiopiu.net\/wordpress\/wp-json\/wp\/v2\/posts\/435798","targetHints":{"allow":["GET"]}}],"collection":[{"href":"https:\/\/www.radiopiu.net\/wordpress\/wp-json\/wp\/v2\/posts"}],"about":[{"href":"https:\/\/www.radiopiu.net\/wordpress\/wp-json\/wp\/v2\/types\/post"}],"author":[{"embeddable":true,"href":"https:\/\/www.radiopiu.net\/wordpress\/wp-json\/wp\/v2\/users\/4"}],"replies":[{"embeddable":true,"href":"https:\/\/www.radiopiu.net\/wordpress\/wp-json\/wp\/v2\/comments?post=435798"}],"version-history":[{"count":1,"href":"https:\/\/www.radiopiu.net\/wordpress\/wp-json\/wp\/v2\/posts\/435798\/revisions"}],"predecessor-version":[{"id":435799,"href":"https:\/\/www.radiopiu.net\/wordpress\/wp-json\/wp\/v2\/posts\/435798\/revisions\/435799"}],"wp:featuredmedia":[{"embeddable":true,"href":"https:\/\/www.radiopiu.net\/wordpress\/wp-json\/wp\/v2\/media\/435797"}],"wp:attachment":[{"href":"https:\/\/www.radiopiu.net\/wordpress\/wp-json\/wp\/v2\/media?parent=435798"}],"wp:term":[{"taxonomy":"category","embeddable":true,"href":"https:\/\/www.radiopiu.net\/wordpress\/wp-json\/wp\/v2\/categories?post=435798"},{"taxonomy":"post_tag","embeddable":true,"href":"https:\/\/www.radiopiu.net\/wordpress\/wp-json\/wp\/v2\/tags?post=435798"}],"curies":[{"name":"wp","href":"https:\/\/api.w.org\/{rel}","templated":true}]}}