{"id":435830,"date":"2025-02-21T09:36:06","date_gmt":"2025-02-21T08:36:06","guid":{"rendered":"https:\/\/www.radiopiu.net\/wordpress\/?p=435830"},"modified":"2025-02-21T09:36:06","modified_gmt":"2025-02-21T08:36:06","slug":"un-grande-carnevale-a-sedico-parte-due","status":"publish","type":"post","link":"https:\/\/www.radiopiu.net\/wordpress\/un-grande-carnevale-a-sedico-parte-due\/","title":{"rendered":"UN GRANDE CARNEVALE&#8230; A SEDICO. PARTE DUE"},"content":{"rendered":"<blockquote>\n<p align=\"JUSTIFY\"><strong>SEDICO<\/strong><\/p>\n<p align=\"JUSTIFY\"><span style=\"font-size: large;\">Dopo il successo del grande debutto del Carnevale di Sedico 2025, vissuto la scorsa settimana con migliaia di persone accorse nel centro cittadino ad ammirare lo spettacolo dei mastodontici carri allegorici, domani e domenica si annuncia un week end di grande festa grazie ad un programma davvero ricco messo a punto dall\u2019Associazione Carnevale Sedico.<\/span><\/p>\n<\/blockquote>\n<p align=\"JUSTIFY\"><span style=\"font-size: large;\"><b><a class=\"dt-pswp-item\" href=\"https:\/\/www.radiopiu.net\/wordpress\/wp-content\/uploads\/2025\/02\/480028738_122218101218215379_1993430530613668722_n.jpg\" data-dt-img-description=\"\" data-large_image_width=\"1536\" data-large_image_height=\"2048\"><img loading=\"lazy\" decoding=\"async\" class=\"size-medium wp-image-435004 alignleft\" src=\"https:\/\/www.radiopiu.net\/wordpress\/wp-content\/uploads\/2025\/02\/480028738_122218101218215379_1993430530613668722_n-225x300.jpg\" alt=\"\" width=\"225\" height=\"300\" srcset=\"https:\/\/www.radiopiu.net\/wordpress\/wp-content\/uploads\/2025\/02\/480028738_122218101218215379_1993430530613668722_n-225x300.jpg 225w, https:\/\/www.radiopiu.net\/wordpress\/wp-content\/uploads\/2025\/02\/480028738_122218101218215379_1993430530613668722_n-768x1024.jpg 768w, https:\/\/www.radiopiu.net\/wordpress\/wp-content\/uploads\/2025\/02\/480028738_122218101218215379_1993430530613668722_n-1152x1536.jpg 1152w, https:\/\/www.radiopiu.net\/wordpress\/wp-content\/uploads\/2025\/02\/480028738_122218101218215379_1993430530613668722_n.jpg 1536w\" sizes=\"auto, (max-width: 225px) 100vw, 225px\" \/><\/a>SABATO 22 FEBBRAIO<\/b><\/span><span style=\"font-size: large;\">, a partire <\/span><span style=\"font-size: large;\"><b>dalle ore 15,00<\/b><\/span><span style=\"font-size: large;\">, sar\u00e0 la giornata dedicata al <\/span><span style=\"font-size: large;\"><b>CARNEVALE DEI BAMBINI<\/b><\/span><span style=\"font-size: large;\">. La festa comincer\u00e0 nel pomeriggio, con una coloratissima sfilata dei gruppi mascherati di asilo nido e scuole dell\u2019infanzia di Sedico ed anche da fuori comune: sfileranno, nel circuito cittadino, infatti, i gruppi mascherati dell\u2019Asilo Nido C\u00e0 Gioiosa, della scuola dell\u2019infanzia Collodi di Sedico, della scuola dell\u2019infanzia \u201cdon Modesto Sorio\u201d di Bribano, della scuola dell\u2019infanzia di Roe, della scuola dell\u2019infanzia di Bolago e, quali ospiti fuori comune, ci saranno i bambini e le insegnanti della scuola dell\u2019infanzia \u201cdon Tiziani\u201d di Santa Giustina. A seguire, rifaranno la loro comparsa i quattro carri mascherati dei gruppi di casa degli Incredibili, dei Bociase, dei Superstiti del Gruppo Roe e degli Amici del Carnevale 2.0. Lungo il corso mascherato, ad animare la sfilata, ci saranno le gags del duo Cirillo e B\u00f2, mentre alle 17 sul palco \u00e8 in programma la <\/span><span style=\"font-size: large;\"><b>premiazione<\/b><\/span><span style=\"font-size: large;\"> delle scuole che hanno partecipato alla terza edizione dell\u2019<\/span><span style=\"font-size: large;\"><b>ex tempore \u201cCarnevalarte\u201d, memorial Livio Maraga<\/b><\/span><span style=\"font-size: large;\">. <\/span><\/p>\n<p align=\"JUSTIFY\"><span style=\"font-size: large;\">La festa, per\u00f2, non si fermer\u00e0 qui, perch\u00e9, con l\u2019imbrunire, dalle 17,30, il centro cittadino ospiter\u00e0 un bellissimo spettacolo dal titolo <\/span><span style=\"font-size: large;\"><b>\u201cLa chimica del Fuoco\u201d, con strabilianti effetti scenici<\/b><\/span><span style=\"font-size: large;\">. Da sempre il fuoco \u00e8 magia e contatto con lo Spirito. Il fuoco esprime luce, la luce sorge dal fuoco. Fuoco \u00e8 l\u2019astro solare, fuoco sono le stelle, fuoco sono i lampi della tempesta. E poi tutti potremo rimanere in centro, in quanto \u00e8 previsto un <\/span><span style=\"font-size: large;\"><b>aperitivo in maschera con i chioschi aperti e la musica con Dj Set.<\/b><\/span><\/p>\n<p align=\"JUSTIFY\"><span style=\"font-size: large;\"><b><a class=\"dt-pswp-item\" href=\"https:\/\/www.radiopiu.net\/wordpress\/wp-content\/uploads\/2025\/02\/480132777_122218101248215379_7305747614644226105_n.jpg\" data-dt-img-description=\"\" data-large_image_width=\"1536\" data-large_image_height=\"2048\"><img loading=\"lazy\" decoding=\"async\" class=\"size-medium wp-image-434999 alignleft\" src=\"https:\/\/www.radiopiu.net\/wordpress\/wp-content\/uploads\/2025\/02\/480132777_122218101248215379_7305747614644226105_n-225x300.jpg\" alt=\"\" width=\"225\" height=\"300\" srcset=\"https:\/\/www.radiopiu.net\/wordpress\/wp-content\/uploads\/2025\/02\/480132777_122218101248215379_7305747614644226105_n-225x300.jpg 225w, https:\/\/www.radiopiu.net\/wordpress\/wp-content\/uploads\/2025\/02\/480132777_122218101248215379_7305747614644226105_n-768x1024.jpg 768w, https:\/\/www.radiopiu.net\/wordpress\/wp-content\/uploads\/2025\/02\/480132777_122218101248215379_7305747614644226105_n-1152x1536.jpg 1152w, https:\/\/www.radiopiu.net\/wordpress\/wp-content\/uploads\/2025\/02\/480132777_122218101248215379_7305747614644226105_n.jpg 1536w\" sizes=\"auto, (max-width: 225px) 100vw, 225px\" \/><\/a>DOMENICA 23 FEBBRAIO<\/b><\/span><span style=\"font-size: large;\">, sempre a partire <\/span><span style=\"font-size: large;\"><b>dalle ore 15,00<\/b><\/span><span style=\"font-size: large;\">, grande chiusura del Carnevale di Sedico 2025, con il corso mascherato che sar\u00e0 aperto dalla partecipazione straordinaria del <\/span><span style=\"font-size: large;\"><b>Corpo Musicale Comunale di Sedico in maschera<\/b><\/span><span style=\"font-size: large;\">. A seguire, sfiler\u00e0 un gruppo mascherato dell\u2019Associazione Down Belluno e poi faranno la loro ultima comparsa nel centro cittadino i quattro carri mascherati di casa e cio\u00e8 \u201cCon la testa tra le nuvole\u201d degli Amici del Carnevale 2.0, \u201cRidi Pagliaccio\u201d dei Bociase, \u201cI Loony Toons\u201d dei Superstiti Gruppo Roe e \u201cCarnevalDivino\u201d degli Incredibili. <\/span><\/p>\n<p align=\"JUSTIFY\"><span style=\"font-size: large;\">Il corteo mascherato sar\u00e0 arricchito dalla presenza di <\/span><span style=\"font-size: large;\"><b>Cirillo e B\u00f2<\/b><\/span><span style=\"font-size: large;\"> con i loro giochi di clowneria, che poi, a fine pomeriggio, effettueranno uno spettacolo sul palco per tutti i bambini.<\/span><\/p>\n<p align=\"JUSTIFY\"><span style=\"font-size: large;\">Sia sabato che domenica la festa sar\u00e0 arricchita da fornitissimi chioschi con bevande calde, un mini luna park e, in piazza della Vittoria, lo stand di truccabimbi con Bidibi Bodibi Bu e il laboratorio dimostrativo di bolle di sapone con Irene. <\/span><\/p>\n<p align=\"JUSTIFY\"><span style=\"font-size: large;\">L\u2019ingresso alla manifestazione sar\u00e0 libero, ma sar\u00e0 possibile acquistare i biglietti Gratta e Vinci del Carnevale di Sedico, con fantastici premi e sorprese e una Ti-shirt stampata in edizione particolare proprio in occasione della manifestazione.<\/span><\/p>\n","protected":false},"excerpt":{"rendered":"<p>SEDICO Dopo il successo del grande debutto del Carnevale di Sedico 2025, vissuto la scorsa settimana con migliaia di persone accorse nel centro cittadino ad ammirare lo spettacolo dei mastodontici carri allegorici, domani e domenica si annuncia un week end di grande festa grazie ad un programma davvero ricco messo a punto dall\u2019Associazione Carnevale Sedico.&hellip;<\/p>\n","protected":false},"author":4,"featured_media":435005,"comment_status":"closed","ping_status":"closed","sticky":false,"template":"","format":"standard","meta":{"_monsterinsights_skip_tracking":false,"_monsterinsights_sitenote_active":false,"_monsterinsights_sitenote_note":"","_monsterinsights_sitenote_category":0,"footnotes":""},"categories":[49],"tags":[],"class_list":["post-435830","post","type-post","status-publish","format-standard","has-post-thumbnail","hentry","category-news-18","category-49","description-off"],"img_url":"https:\/\/www.radiopiu.net\/wordpress\/wp-content\/uploads\/2025\/02\/480420122_122218101110215379_3356039728545326917_n.jpg","_links":{"self":[{"href":"https:\/\/www.radiopiu.net\/wordpress\/wp-json\/wp\/v2\/posts\/435830","targetHints":{"allow":["GET"]}}],"collection":[{"href":"https:\/\/www.radiopiu.net\/wordpress\/wp-json\/wp\/v2\/posts"}],"about":[{"href":"https:\/\/www.radiopiu.net\/wordpress\/wp-json\/wp\/v2\/types\/post"}],"author":[{"embeddable":true,"href":"https:\/\/www.radiopiu.net\/wordpress\/wp-json\/wp\/v2\/users\/4"}],"replies":[{"embeddable":true,"href":"https:\/\/www.radiopiu.net\/wordpress\/wp-json\/wp\/v2\/comments?post=435830"}],"version-history":[{"count":1,"href":"https:\/\/www.radiopiu.net\/wordpress\/wp-json\/wp\/v2\/posts\/435830\/revisions"}],"predecessor-version":[{"id":435831,"href":"https:\/\/www.radiopiu.net\/wordpress\/wp-json\/wp\/v2\/posts\/435830\/revisions\/435831"}],"wp:featuredmedia":[{"embeddable":true,"href":"https:\/\/www.radiopiu.net\/wordpress\/wp-json\/wp\/v2\/media\/435005"}],"wp:attachment":[{"href":"https:\/\/www.radiopiu.net\/wordpress\/wp-json\/wp\/v2\/media?parent=435830"}],"wp:term":[{"taxonomy":"category","embeddable":true,"href":"https:\/\/www.radiopiu.net\/wordpress\/wp-json\/wp\/v2\/categories?post=435830"},{"taxonomy":"post_tag","embeddable":true,"href":"https:\/\/www.radiopiu.net\/wordpress\/wp-json\/wp\/v2\/tags?post=435830"}],"curies":[{"name":"wp","href":"https:\/\/api.w.org\/{rel}","templated":true}]}}