{"id":435973,"date":"2025-02-24T05:48:04","date_gmt":"2025-02-24T04:48:04","guid":{"rendered":"https:\/\/www.radiopiu.net\/wordpress\/?p=435973"},"modified":"2025-02-24T08:03:14","modified_gmt":"2025-02-24T07:03:14","slug":"giornale-radiopiu-24-febbraio-2025-direttore-mirko-mezzacasada-41-anni-25-giugno-1983-25-giugno-2024","status":"publish","type":"post","link":"https:\/\/www.radiopiu.net\/wordpress\/giornale-radiopiu-24-febbraio-2025-direttore-mirko-mezzacasada-41-anni-25-giugno-1983-25-giugno-2024\/","title":{"rendered":"GIORNALE RADIOPIU 24 FEBBRAIO 2025 DIRETTORE MIRKO MEZZACASA\u2026DA 41 ANNI 25 GIUGNO 1983-25 GIUGNO 2024"},"content":{"rendered":"<p>********<\/p>\n<p>&nbsp;<\/p>\n<p><em><span style=\"color: #ff0000;\"><a class=\"dt-pswp-item\" href=\"https:\/\/www.radiopiu.net\/wordpress\/wp-content\/uploads\/2024\/10\/Senza-nome-8.png\" data-dt-img-description=\"\" data-large_image_width=\"343\" data-large_image_height=\"303\"><img loading=\"lazy\" decoding=\"async\" class=\"wp-image-412130 alignleft\" src=\"https:\/\/www.radiopiu.net\/wordpress\/wp-content\/uploads\/2024\/10\/Senza-nome-8-300x265.png\" alt=\"\" width=\"105\" height=\"93\" srcset=\"https:\/\/www.radiopiu.net\/wordpress\/wp-content\/uploads\/2024\/10\/Senza-nome-8-300x265.png 300w, https:\/\/www.radiopiu.net\/wordpress\/wp-content\/uploads\/2024\/10\/Senza-nome-8.png 343w\" sizes=\"auto, (max-width: 105px) 100vw, 105px\" \/><\/a><\/span><\/em><strong><em><span style=\"color: #ff0000;\"> LA\u00a0 APP PER IOS-IPHONE di Nicola Vettorello<\/span><\/em><\/strong><\/p>\n<p><strong><span style=\"color: #0000ff;\"><a style=\"color: #0000ff;\" href=\"https:\/\/apps.apple.com\/it\/app\/radio-pi%C3%B9-emittente-agordina\/id1515939845\">https:\/\/apps.apple.com\/it\/app\/radio-pi%C3%B9-emittente-agordina\/id1515939845<\/a><\/span><\/strong><\/p>\n<p><strong><em style=\"color: #ff0000;\">LA\u00a0 APP RADIO\u00a0 PER ANDROID di Nicola Vettorello<\/em><\/strong><\/p>\n<p><strong><span style=\"color: #0000ff;\"><a style=\"color: #0000ff;\" href=\"https:\/\/play.google.com\/store\/apps\/details?id=net.radiopiu.iniko\" target=\"_blank\" rel=\"noopener noreferrer\">https:\/\/<\/a><a style=\"color: #0000ff;\" href=\"https:\/\/play.google.com\/store\/apps\/details?id=net.radiopiu.iniko\" target=\"_blank\" rel=\"noopener noreferrer\">play.google.com\/store\/apps\/details?id=net.radiopiu.iniko\u00a0\u00a0\u00a0\u00a0<\/a><\/span><\/strong><\/p>\n<p>&nbsp;<\/p>\n<p>&nbsp;<\/p>\n<hr \/>\n<p>&nbsp;<\/p>\n<p><span style=\"color: #ff0000;\"><strong>OGGI ALLA RADIO:\u00a0\u00a0<\/strong><\/span><\/p>\n<p><strong><a class=\"dt-pswp-item\" href=\"https:\/\/www.radiopiu.net\/wordpress\/wp-content\/uploads\/2025\/02\/475863404_1029198729225273_4538622124817079978_n.jpg\" data-dt-img-description=\"\" data-large_image_width=\"574\" data-large_image_height=\"575\"><img loading=\"lazy\" decoding=\"async\" class=\" wp-image-436257 alignleft\" src=\"https:\/\/www.radiopiu.net\/wordpress\/wp-content\/uploads\/2025\/02\/475863404_1029198729225273_4538622124817079978_n-300x300.jpg\" alt=\"\" width=\"230\" height=\"230\" srcset=\"https:\/\/www.radiopiu.net\/wordpress\/wp-content\/uploads\/2025\/02\/475863404_1029198729225273_4538622124817079978_n-300x300.jpg 300w, https:\/\/www.radiopiu.net\/wordpress\/wp-content\/uploads\/2025\/02\/475863404_1029198729225273_4538622124817079978_n-150x150.jpg 150w, https:\/\/www.radiopiu.net\/wordpress\/wp-content\/uploads\/2025\/02\/475863404_1029198729225273_4538622124817079978_n.jpg 574w\" sizes=\"auto, (max-width: 230px) 100vw, 230px\" \/><\/a>rassegna stampa nazionale,<\/strong> ogni giorno alle 5 e alle 6 del mattino. giornali locali 7 rassegna stampa flash, 8 rassegna stampa, gr flash alle 10 e alle 11, principale 12.30. Informazione pomeriggio ogni ora fino alle 20, in coda ai notiziari nazionali. Giornale radio nazionale: ogni ora dalle 4 del mattino, alle 20 della sera. Alle 19 le anticipazioni dal TG di Antenna 3 di Tiziana Bolognani.<\/p>\n<p>&nbsp;<\/p>\n<p><span style=\"color: #0000ff;\"><strong>OGGI ALLE<\/strong>\u00a0<\/span> \u00a0<strong>9.00 OGGI COME IERI, DI SILVIA BALDO <\/strong>\u00a0\u00a0\u00a0<strong>10.30 E 1900\u00a0<span style=\"color: #ff0000;\"> SPECIALE\u00a0 SIB INFORMA, OGNI 15 GIORNI I LUNEDI SULLE TRE RADIO, CON BARBARA PAOLAZZI<\/span><\/strong> <strong>9.40<\/strong> i racconti di Paolo Soppelsa <b>12.30 <\/b>GIORNALE RADIO, EDIZIONE PRINCIPALE<b> 13.20\u00a0 SALUTE E SOCIETA&#8217; CON IL DOTTOR MARCO CARACCIOLO<\/b>\u00a0<strong>15.10<\/strong>\u00a0 RITRATTI SONORI, IL PROGRAMMA DI ALESSIA DALL&#8217;0 (FOTO) OSPITE DIEGO BELLIN <strong>16.45<\/strong> LE HIT DI TUTTI I TEMPI CON MIRCO BENCIVENNI <strong>19.00<\/strong> LE ANTICIPAZIONI DAL TG DI ANTENNA 3, CON TIZIANA BOLOGNANI<\/p>\n<p>&nbsp;<\/p>\n<p>&nbsp;<\/p>\n<hr \/>\n<p>&nbsp;<\/p>\n<p>&nbsp;<\/p>\n<div class=\"x11i5rnm xat24cr x1mh8g0r x1vvkbs xtlvy1s x126k92a\">\n<div dir=\"auto\">\n<div dir=\"auto\">\n<p><strong><a class=\"dt-pswp-item\" href=\"https:\/\/www.radiopiu.net\/wordpress\/wp-content\/uploads\/2024\/02\/2d44e751-d8a8-461b-8e22-d8e4e853b032.jpg\" data-dt-img-description=\"\" data-large_image_width=\"1600\" data-large_image_height=\"1200\"><img loading=\"lazy\" decoding=\"async\" class=\"wp-image-373307 alignleft\" src=\"https:\/\/www.radiopiu.net\/wordpress\/wp-content\/uploads\/2024\/02\/2d44e751-d8a8-461b-8e22-d8e4e853b032-300x225.jpg\" alt=\"\" width=\"105\" height=\"79\" srcset=\"https:\/\/www.radiopiu.net\/wordpress\/wp-content\/uploads\/2024\/02\/2d44e751-d8a8-461b-8e22-d8e4e853b032-300x225.jpg 300w, https:\/\/www.radiopiu.net\/wordpress\/wp-content\/uploads\/2024\/02\/2d44e751-d8a8-461b-8e22-d8e4e853b032-1024x768.jpg 1024w, https:\/\/www.radiopiu.net\/wordpress\/wp-content\/uploads\/2024\/02\/2d44e751-d8a8-461b-8e22-d8e4e853b032-768x576.jpg 768w, https:\/\/www.radiopiu.net\/wordpress\/wp-content\/uploads\/2024\/02\/2d44e751-d8a8-461b-8e22-d8e4e853b032-1536x1152.jpg 1536w, https:\/\/www.radiopiu.net\/wordpress\/wp-content\/uploads\/2024\/02\/2d44e751-d8a8-461b-8e22-d8e4e853b032.jpg 1600w\" sizes=\"auto, (max-width: 105px) 100vw, 105px\" \/><\/a>EL BAL DEL FIOR, DI GIULIANA DA RONCH, 24 FEBBRAIO<\/strong><strong> 2025<\/strong><\/p>\n<audio class=\"wp-audio-shortcode\" id=\"audio-435973-1\" preload=\"none\" style=\"width: 100%;\" controls=\"controls\"><source type=\"audio\/mpeg\" src=\"https:\/\/www.radiopiu.net\/wordpress\/wp-content\/uploads\/2025\/02\/GLU-3.mp3?_=1\" \/><a href=\"https:\/\/www.radiopiu.net\/wordpress\/wp-content\/uploads\/2025\/02\/GLU-3.mp3\">https:\/\/www.radiopiu.net\/wordpress\/wp-content\/uploads\/2025\/02\/GLU-3.mp3<\/a><\/audio>\n<p>&nbsp;<\/p>\n<p>&nbsp;<\/p>\n<hr \/>\n<\/div>\n<\/div>\n<\/div>\n<div class=\"x11i5rnm xat24cr x1mh8g0r x1vvkbs xtlvy1s x126k92a\">\n<blockquote>\n<h1><strong><a class=\"dt-pswp-item\" href=\"https:\/\/www.radiopiu.net\/wordpress\/wp-content\/uploads\/2024\/10\/629301fd-708d-4f53-95c2-d28cbefd500f.jpg\" data-dt-img-description=\"\" data-large_image_width=\"1600\" data-large_image_height=\"1322\"><img loading=\"lazy\" decoding=\"async\" class=\"wp-image-413782 alignright\" src=\"https:\/\/www.radiopiu.net\/wordpress\/wp-content\/uploads\/2024\/10\/629301fd-708d-4f53-95c2-d28cbefd500f-300x248.jpg\" alt=\"\" width=\"106\" height=\"88\" srcset=\"https:\/\/www.radiopiu.net\/wordpress\/wp-content\/uploads\/2024\/10\/629301fd-708d-4f53-95c2-d28cbefd500f-300x248.jpg 300w, https:\/\/www.radiopiu.net\/wordpress\/wp-content\/uploads\/2024\/10\/629301fd-708d-4f53-95c2-d28cbefd500f-1024x846.jpg 1024w, https:\/\/www.radiopiu.net\/wordpress\/wp-content\/uploads\/2024\/10\/629301fd-708d-4f53-95c2-d28cbefd500f-768x635.jpg 768w, https:\/\/www.radiopiu.net\/wordpress\/wp-content\/uploads\/2024\/10\/629301fd-708d-4f53-95c2-d28cbefd500f-1536x1269.jpg 1536w, https:\/\/www.radiopiu.net\/wordpress\/wp-content\/uploads\/2024\/10\/629301fd-708d-4f53-95c2-d28cbefd500f.jpg 1600w\" sizes=\"auto, (max-width: 106px) 100vw, 106px\" \/><\/a><\/strong><\/h1>\n<h1><strong><a class=\"dt-pswp-item\" href=\"https:\/\/www.radiopiu.net\/wordpress\/wp-content\/uploads\/2024\/11\/th-18.jpg\" data-dt-img-description=\"\" data-large_image_width=\"156\" data-large_image_height=\"180\"><img loading=\"lazy\" decoding=\"async\" class=\"size-full wp-image-421611 alignleft\" src=\"https:\/\/www.radiopiu.net\/wordpress\/wp-content\/uploads\/2024\/11\/th-18.jpg\" alt=\"\" width=\"156\" height=\"180\" \/><\/a><\/strong><\/h1>\n<h1><strong>N di parom &#8211; L Almanach de la nosta jent<\/strong><\/h1>\n<\/blockquote>\n<p>&nbsp;<\/p>\n<p>Le voci: Davide Conedera, Agordo, Michela Dell&#8217;Osbel, La Valle Agordina Simone Ganz, Falcade Veronica Lezuo, Colle Santa Lucia. La voce nella sigla \u00e8 di Giorgia Taio<\/p>\n<p><strong>LA PUNTATA DI OGGI, 24 FEBBRAIO 2025<\/strong><\/p>\n<audio class=\"wp-audio-shortcode\" id=\"audio-435973-2\" preload=\"none\" style=\"width: 100%;\" controls=\"controls\"><source type=\"audio\/mpeg\" src=\"https:\/\/www.radiopiu.net\/wordpress\/wp-content\/uploads\/2025\/02\/AL1-3.mp3?_=2\" \/><a href=\"https:\/\/www.radiopiu.net\/wordpress\/wp-content\/uploads\/2025\/02\/AL1-3.mp3\">https:\/\/www.radiopiu.net\/wordpress\/wp-content\/uploads\/2025\/02\/AL1-3.mp3<\/a><\/audio>\n<p>&nbsp;<\/p>\n<p>&nbsp;<\/p>\n<\/div>\n<div class=\"x11i5rnm xat24cr x1mh8g0r x1vvkbs xtlvy1s x126k92a\">\n<div dir=\"auto\">\n<hr \/>\n<\/div>\n<\/div>\n<blockquote>\n<blockquote>\n<h1><span style=\"color: #ff0000;\">\u00a0<\/span><\/h1>\n<h1><span style=\"color: #ff0000;\">I podcast informativi del mattino &#8211; audio &#8211;\u00a0\u00a0<\/span><\/h1>\n<\/blockquote>\n<p><strong><a class=\"dt-pswp-item\" href=\"https:\/\/www.radiopiu.net\/wordpress\/wp-content\/uploads\/2024\/11\/6.jpg\" data-dt-img-description=\"\" data-large_image_width=\"177\" data-large_image_height=\"180\"><img loading=\"lazy\" decoding=\"async\" class=\"size-full wp-image-417911 alignleft\" src=\"https:\/\/www.radiopiu.net\/wordpress\/wp-content\/uploads\/2024\/11\/6.jpg\" alt=\"\" width=\"177\" height=\"180\" \/><\/a>LA RASSEGNA STAMPA NAZIONALE ALLA RADIO, OGNI GIORNO ALLE 5 E ALLE 6 DEL MATTINO <span style=\"color: #0000ff;\">viene pubblicata alle 6.00 <span style=\"color: #ff0000;\">DIRETTA RADIO\u00a0 \u00a0\u00a0<\/span><\/span><\/strong><\/p><\/blockquote>\n<p>&nbsp;<\/p>\n<p><strong>NOTIZIE DELLA NOTTE<\/strong><\/p>\n<p><strong>Terremoto di magnitudo<\/strong> 3.3 in provincia di Reggio Calabria <strong>Germania:<\/strong> Cdu-Csu vince col 28,6%, Afd seconda al 20,8% <strong>Von der Leyen:<\/strong> &#8216;Accelereremo l&#8217;invio di armi a Kiev&#8217; <strong>Afd<\/strong> primo partito in tutte le regioni orientali <strong>Zelensky<\/strong> si congratula con Merz, lavoriamo per rafforzare Europa <strong>Lindner<\/strong>, &#8216;Fdp fuori. Io lascio la politica&#8217;<br \/>\n<strong>Cnn, Trump<\/strong> mette in congedo tutti i dipendenti di Usaid<\/p>\n<h2>AUDIO dalle 6 del mattino<\/h2>\n<audio class=\"wp-audio-shortcode\" id=\"audio-435973-3\" preload=\"none\" style=\"width: 100%;\" controls=\"controls\"><source type=\"audio\/mpeg\" src=\"https:\/\/www.radiopiu.net\/wordpress\/wp-content\/uploads\/2025\/02\/GIORNALEDELLESEI-18.mp3?_=3\" \/><a href=\"https:\/\/www.radiopiu.net\/wordpress\/wp-content\/uploads\/2025\/02\/GIORNALEDELLESEI-18.mp3\">https:\/\/www.radiopiu.net\/wordpress\/wp-content\/uploads\/2025\/02\/GIORNALEDELLESEI-18.mp3<\/a><\/audio>\n<p>&nbsp;<\/p>\n<p>&nbsp;<\/p>\n<hr \/>\n<p>&nbsp;<\/p>\n<h1 style=\"text-align: center;\"><span style=\"color: #ff0000;\"><a class=\"dt-pswp-item\" href=\"https:\/\/www.radiopiu.net\/wordpress\/wp-content\/uploads\/2024\/11\/7.jpg\" data-dt-img-description=\"\" data-large_image_width=\"180\" data-large_image_height=\"180\"><img loading=\"lazy\" decoding=\"async\" class=\"size-full wp-image-417912 alignleft\" src=\"https:\/\/www.radiopiu.net\/wordpress\/wp-content\/uploads\/2024\/11\/7.jpg\" alt=\"\" width=\"180\" height=\"180\" srcset=\"https:\/\/www.radiopiu.net\/wordpress\/wp-content\/uploads\/2024\/11\/7.jpg 180w, https:\/\/www.radiopiu.net\/wordpress\/wp-content\/uploads\/2024\/11\/7-150x150.jpg 150w\" sizes=\"auto, (max-width: 180px) 100vw, 180px\" \/><\/a>I podcast informativi del mattino &#8211; audio &#8211;\u00a0<\/span><\/h1>\n<p><strong>OGNI GIORNO ALLE SETTE DEL MATTINO, LA RASSEGNA STAMPA LOCALE FLASH&#8230; PER CHI VA IN FRETTA. I TITOLI DAI GIORNALI E DAL SITO WWW.RADIOPIU.NET <span style=\"color: #0000ff;\">viene pubblicato alle 7.00<\/span> <span style=\"color: #ff0000;\">DIRETTA RADIO\u00a0<\/span><\/strong><\/p>\n<p><em><span style=\"color: #ff0000;\">per chi va in fretta&#8230; tante notizie in pochi minuti. L&#8217;informazione locale alla radio, ogni ora dalle 7 del mattino alle 19 della sera.\u00a0\u00a0<\/span><\/em><\/p>\n<p>&nbsp;<\/p>\n<h1>DAL VENETO<\/h1>\n<p><strong><a class=\"dt-pswp-item\" href=\"https:\/\/www.radiopiu.net\/wordpress\/wp-content\/uploads\/2025\/02\/download-3.jpg\" data-dt-img-description=\"\" data-large_image_width=\"223\" data-large_image_height=\"226\"><img loading=\"lazy\" decoding=\"async\" class=\" wp-image-434732 alignleft\" src=\"https:\/\/www.radiopiu.net\/wordpress\/wp-content\/uploads\/2025\/02\/download-3.jpg\" alt=\"\" width=\"155\" height=\"157\" \/><\/a>VITTORIO VENETO<\/strong> Scontro tra auto, morta bimba di 4 anni e sette feriti L&#8217;incidente sulla statale Alemagna, vicino Vittorio Veneto <strong>VERONA<\/strong> Scontro ta un tir e un&#8217;auto, un morto e tre feriti Incidente a Isola della Scala<strong> CORTINA<\/strong> Discesa finisce in tragedia a Cortina, muore 13enne. \u00a0Ragazzino inglese si schianta contro un albero\u00a0 <strong>RONCADE<\/strong> Incendio nella notte nel campus. I vigili del fuoco riescono a circoscrivere le fiamme <strong>CORTINA<\/strong> Sabotaggio o caso fortuito? Giallo sul sabotaggio al cantiere della pista da bob, indagini in corso <strong>VERONA<\/strong> Ddl Sicurezza: Borchia, mozione vergognosa in Consiglio a Verona&#8221;Anteposto il buonismo alla sicurezza\u00a0 <strong>PADOVA<\/strong> Mancata precedenza, automobilista spara contro &#8216;indisciplinato&#8217; Aggressore denunciato <strong>PADOVA<\/strong> Picchiarono giovani dopo rifiuto droga, individuati 3 aggressori Tutti 18enni, hanno ferito vittima con coltello <strong>VENEZIA<\/strong> Striscione e fumogeni contro zona rossa in stazione Venezia Manifestazione dei centri sociali\u00a0 <strong>VENEZIA<\/strong> Carnevale Venezia: oggi 140mila turisti, Rialto diviso in corsie<\/p>\n<h1>AUDIO dalle 7 del mattino<\/h1>\n<audio class=\"wp-audio-shortcode\" id=\"audio-435973-4\" preload=\"none\" style=\"width: 100%;\" controls=\"controls\"><source type=\"audio\/mpeg\" src=\"https:\/\/www.radiopiu.net\/wordpress\/wp-content\/uploads\/2025\/02\/GF07-21.mp3?_=4\" \/><a href=\"https:\/\/www.radiopiu.net\/wordpress\/wp-content\/uploads\/2025\/02\/GF07-21.mp3\">https:\/\/www.radiopiu.net\/wordpress\/wp-content\/uploads\/2025\/02\/GF07-21.mp3<\/a><\/audio>\n<p>&nbsp;<\/p>\n<p>&nbsp;<\/p>\n<hr \/>\n<p>&nbsp;<\/p>\n<h1><\/h1>\n<h1 style=\"text-align: center;\"><span style=\"color: #ff0000;\"><a class=\"dt-pswp-item\" href=\"https:\/\/www.radiopiu.net\/wordpress\/wp-content\/uploads\/2024\/11\/th.jpg\" data-dt-img-description=\"\" data-large_image_width=\"148\" data-large_image_height=\"179\"><img loading=\"lazy\" decoding=\"async\" class=\"size-full wp-image-417913 alignleft\" src=\"https:\/\/www.radiopiu.net\/wordpress\/wp-content\/uploads\/2024\/11\/th.jpg\" alt=\"\" width=\"148\" height=\"179\" \/><\/a>I podcast informativi del mattino &#8211; audio &#8211;\u00a0<\/span><\/h1>\n<blockquote><p><strong>GIORNALE RADIO NAZIONALE, EDIZIONE DELLE SETTE <span style=\"color: #0000ff;\">viene pubblicato alle 7.05 <span style=\"color: #ff0000;\">DIRETTA RADIO\u00a0<\/span><\/span><\/strong><\/p><\/blockquote>\n<p><strong>il giornale radionazionale e&#8217; in onda ogni ora, dalle sette del mattino alle venti della sera\u00a0 \u00a0<\/strong><\/p>\n<p><strong>GENOVA<\/strong> In auto travolge e uccide una donna poi si suicida Il ragazzo, 22 anni, conosceva la vittima morta sul colpo <strong>TRENTO<\/strong> Poliziotta transgender picchiata da ultras a Trento. L&#8217;aggressione in un bar dopo un battibecco,&#8217;c&#8217;\u00e8 un brutto clima&#8217; <strong>MILANO<\/strong> Nuovi guai per Simba La Rue, in auto con droga e senza patente Il trapper denunciato, con lui sul suv c&#8217;era Baby Gang <strong>MILANO<\/strong> Studente Erasmus accoltellato in una rapina. Era intervenuto per difendere un compagno aggredito da una gang <strong>UDINE<\/strong> Dopo la condanna annullata, torna in aula per violenza sessuale Ricomincia dal primo grado il processo all&#8217;allenatore di calcio<\/p>\n<h2><span style=\"color: #ff0000;\"><span style=\"color: #0000ff;\">ULTIM&#8217;ORA<\/span> <span style=\"color: #000000;\">AUDIO dalle sette del mattino, ogni ora alla radio EDIZIONE DELLE SETTE<\/span><\/span><\/h2>\n<audio class=\"wp-audio-shortcode\" id=\"audio-435973-5\" preload=\"none\" style=\"width: 100%;\" controls=\"controls\"><source type=\"audio\/mpeg\" src=\"https:\/\/www.radiopiu.net\/wordpress\/wp-content\/uploads\/2025\/02\/giornale07-21.mp3?_=5\" \/><a href=\"https:\/\/www.radiopiu.net\/wordpress\/wp-content\/uploads\/2025\/02\/giornale07-21.mp3\">https:\/\/www.radiopiu.net\/wordpress\/wp-content\/uploads\/2025\/02\/giornale07-21.mp3<\/a><\/audio>\n<p>&nbsp;<\/p>\n<hr \/>\n<p>&nbsp;<\/p>\n<p>&nbsp;<\/p>\n<h1><span style=\"color: #ff0000;\"><a class=\"dt-pswp-item\" href=\"https:\/\/www.radiopiu.net\/wordpress\/wp-content\/uploads\/2024\/11\/8.jpg\" data-dt-img-description=\"\" data-large_image_width=\"180\" data-large_image_height=\"180\"><img loading=\"lazy\" decoding=\"async\" class=\"size-full wp-image-417910 alignleft\" src=\"https:\/\/www.radiopiu.net\/wordpress\/wp-content\/uploads\/2024\/11\/8.jpg\" alt=\"\" width=\"180\" height=\"180\" srcset=\"https:\/\/www.radiopiu.net\/wordpress\/wp-content\/uploads\/2024\/11\/8.jpg 180w, https:\/\/www.radiopiu.net\/wordpress\/wp-content\/uploads\/2024\/11\/8-150x150.jpg 150w\" sizes=\"auto, (max-width: 180px) 100vw, 180px\" \/><\/a>I podcast informativi del mattino &#8211; video &#8211;\u00a0<\/span><\/h1>\n<h2 style=\"text-align: left;\"><strong>RASSEGNA STAMPA LOCALE, ORE OTTO<\/strong><\/h2>\n<h2><strong> <span style=\"color: #0000ff;\">viene\u00a0 <\/span><\/strong><strong><span style=\"color: #0000ff;\">pubblicata alle 8.05 <span style=\"color: #ff0000;\">DIRETTA RADIO\u00a0 \u00a0<\/span><\/span><\/strong><strong>DI MIRKO MEZZACASA<\/strong><\/h2>\n<h2><span style=\"color: #ff0000;\"><strong>\u00a0<\/strong><\/span><\/h2>\n<h2><span style=\"color: #ff0000;\"><strong>\u00a0<\/strong><\/span><span style=\"color: #ff0000;\"><strong>VIDEO\u00a0 \u00a0in diretta AGGIORNAMENTO\u00a0 dalle 8 del mattino\u00a0<\/strong><\/span><\/h2>\n<p><iframe loading=\"lazy\" style=\"border: none; overflow: hidden;\" src=\"https:\/\/www.facebook.com\/plugins\/video.php?height=314&amp;href=https%3A%2F%2Fwww.facebook.com%2Fradiopiu%2Fvideos%2F1039529481348810%2F&amp;show_text=false&amp;width=560&amp;t=0\" width=\"560\" height=\"314\" frameborder=\"0\" scrolling=\"no\" allowfullscreen=\"allowfullscreen\"><\/iframe><\/p>\n<p>&nbsp;<\/p>\n<hr \/>\n<p>&nbsp;<\/p>\n<p>&nbsp;<\/p>\n<p>&nbsp;<\/p>\n<p><strong><a class=\"dt-pswp-item\" href=\"https:\/\/www.radiopiu.net\/wordpress\/wp-content\/uploads\/2023\/12\/ANTENNA.png\" data-dt-img-description=\"\" data-large_image_width=\"300\" data-large_image_height=\"166\"><img loading=\"lazy\" decoding=\"async\" class=\"wp-image-366306 alignright\" src=\"https:\/\/www.radiopiu.net\/wordpress\/wp-content\/uploads\/2023\/12\/ANTENNA.png\" alt=\"\" width=\"101\" height=\"56\" \/><\/a><a class=\"dt-pswp-item\" href=\"https:\/\/www.radiopiu.net\/wordpress\/wp-content\/uploads\/2024\/11\/th-17.jpg\" data-dt-img-description=\"\" data-large_image_width=\"224\" data-large_image_height=\"180\"><img loading=\"lazy\" decoding=\"async\" class=\" wp-image-421610 alignleft\" src=\"https:\/\/www.radiopiu.net\/wordpress\/wp-content\/uploads\/2024\/11\/th-17.jpg\" alt=\"\" width=\"167\" height=\"134\" \/><\/a>ogni sera alle 19 le anticipazioni alla radio, quello che poi seguirete nel TELEGIORNALE BELLUNESE\u00a0 in onda alle 19.30 sul CANALE 10 del digitale terrestre.\u00a0\u00a0<\/strong><\/p>\n<p><b>\u00a0\u00a0<\/b><\/p>\n<p>&nbsp;<\/p>\n<p>&nbsp;<\/p>\n<p>&nbsp;<\/p>\n<hr \/>\n<p>&nbsp;<\/p>\n<blockquote>\n<h2><span style=\"color: #ff0000;\">OGGI 24 ORE DI SCIOPERO PER IL TRASPORTO PUBBLICO<\/span><\/h2>\n<\/blockquote>\n<p><strong>BELLUNO<\/strong> sciopero nazionale di settore della durata di 24 ore,\u00a0 prevede la garanzia del servizio dalle 5:40 alle 8:10 e dalle 12:10 alle 15:40.<\/p>\n<p>&nbsp;<\/p>\n<p>&nbsp;<\/p>\n<hr \/>\n<blockquote>\n<h3><\/h3>\n<h3>INCIDENTE SUL FADALTO. MUORE UNA BAMBINA DI BELLUNO. SETTE I FERITI<\/h3>\n<\/blockquote>\n<p><strong><a class=\"dt-pswp-item\" href=\"https:\/\/www.radiopiu.net\/wordpress\/wp-content\/uploads\/2025\/02\/Senza-nome-74.png\" data-dt-img-description=\"\" data-large_image_width=\"368\" data-large_image_height=\"229\"><img loading=\"lazy\" decoding=\"async\" class=\"size-medium wp-image-436259 alignleft\" src=\"https:\/\/www.radiopiu.net\/wordpress\/wp-content\/uploads\/2025\/02\/Senza-nome-74-300x187.png\" alt=\"\" width=\"300\" height=\"187\" srcset=\"https:\/\/www.radiopiu.net\/wordpress\/wp-content\/uploads\/2025\/02\/Senza-nome-74-300x187.png 300w, https:\/\/www.radiopiu.net\/wordpress\/wp-content\/uploads\/2025\/02\/Senza-nome-74.png 368w\" sizes=\"auto, (max-width: 300px) 100vw, 300px\" \/><\/a>VITTORIO VENETO (TV)<\/strong><\/p>\n<p data-start=\"66\" data-end=\"349\">Una tragedia si \u00e8 consumata ieri mattina lungo la Statale 51 di Alemagna, in localit\u00e0 Fadalto, dove un violento incidente stradale ha causato la morte della piccola Dilshad Okyere, una bambina di 4 anni di origine ghanese, residente a Belluno. Lo schianto, avvenuto intorno alle 11, ha coinvolto due auto e un camper. La bambina viaggiava a bordo di una Volkswagen Touran insieme alla madre, ai due fratellini di 7 e 9 anni \u2013 entrambi rimasti feriti \u2013, e a un\u2019altra passeggera di 23 anni. Secondo i primi rilievi, il terribile impatto \u00e8 avvenuto durante un tentativo di sorpasso. La Touran, diretta a una funzione religiosa a Treviso, avrebbe cercato di superare un camper ma si \u00e8 scontrata frontalmente con una Volkswagen Polo guidata da un 34enne di Vittorio Veneto, anch\u2019egli impegnato in un sorpasso. A seguito dell\u2019urto, la Touran ha colpito la fiancata della roulotte, a bordo della quale si trovava una coppia di bellunesi, che ha immediatamente allertato i soccorsi. I vigili del fuoco di Vittorio Veneto e Conegliano hanno estratto i bambini dalle lamiere. <a class=\"dt-pswp-item\" href=\"https:\/\/www.radiopiu.net\/wordpress\/wp-content\/uploads\/2025\/02\/Senza-nome-75.png\" data-dt-img-description=\"\" data-large_image_width=\"554\" data-large_image_height=\"542\"><img loading=\"lazy\" decoding=\"async\" class=\" wp-image-436260 alignleft\" src=\"https:\/\/www.radiopiu.net\/wordpress\/wp-content\/uploads\/2025\/02\/Senza-nome-75-300x294.png\" alt=\"\" width=\"179\" height=\"175\" srcset=\"https:\/\/www.radiopiu.net\/wordpress\/wp-content\/uploads\/2025\/02\/Senza-nome-75-300x294.png 300w, https:\/\/www.radiopiu.net\/wordpress\/wp-content\/uploads\/2025\/02\/Senza-nome-75.png 554w\" sizes=\"auto, (max-width: 179px) 100vw, 179px\" \/><\/a>Dilshad non ce l\u2019ha fatta, mentre i fratellini sono stati trasportati d\u2019urgenza in codice rosso all\u2019ospedale Ca\u2019 Foncello di Treviso con diversi traumi. La madre, 49 anni, ha riportato una frattura alla clavicola e al ginocchio. Feriti anche la giovane passeggera e il conducente della Polo, entrambi ricoverati ma non in pericolo di vita.<\/p>\n<h3 data-start=\"1595\" data-end=\"1632\"><\/h3>\n<h3 data-start=\"1595\" data-end=\"1632\"><strong data-start=\"1599\" data-end=\"1630\">IL RACCONTO DI UN TESTIMONE DAL CORRIERE DELLE ALPI\u00a0<\/strong><\/h3>\n<p data-start=\"1633\" data-end=\"1906\"><strong data-start=\"1633\" data-end=\"1652\">Stefano Ghedini<\/strong>, autista del camper coinvolto, ha descritto quei terribili momenti: <em data-start=\"1723\" data-end=\"1904\">&#8220;Abbiamo visto che il sorpasso non andava a buon fine, poi un botto tremendo. Siamo stati colpiti lungo la fiancata. Fortunatamente illesi, siamo subito scesi per prestare aiuto.&#8221;<\/em><\/p>\n<p>&nbsp;<\/p>\n<hr \/>\n<p>&nbsp;<\/p>\n<blockquote>\n<h3>SEGNALI DI LUCE NELLA NOTTE: ALLARME E INTERVENTO DEL SOCCORSO ALPINO<\/h3>\n<\/blockquote>\n<p><strong><a class=\"dt-pswp-item\" href=\"https:\/\/www.radiopiu.net\/wordpress\/wp-content\/uploads\/2022\/04\/soccorso-alpino-1024x602-1.jpg\" data-dt-img-description=\"\" data-large_image_width=\"1024\" data-large_image_height=\"602\"><img loading=\"lazy\" decoding=\"async\" class=\" wp-image-270917 alignleft\" src=\"https:\/\/www.radiopiu.net\/wordpress\/wp-content\/uploads\/2022\/04\/soccorso-alpino-1024x602-1-300x176.jpg\" alt=\"\" width=\"228\" height=\"134\" srcset=\"https:\/\/www.radiopiu.net\/wordpress\/wp-content\/uploads\/2022\/04\/soccorso-alpino-1024x602-1-300x176.jpg 300w, https:\/\/www.radiopiu.net\/wordpress\/wp-content\/uploads\/2022\/04\/soccorso-alpino-1024x602-1-768x452.jpg 768w, https:\/\/www.radiopiu.net\/wordpress\/wp-content\/uploads\/2022\/04\/soccorso-alpino-1024x602-1.jpg 1024w\" sizes=\"auto, (max-width: 228px) 100vw, 228px\" \/><\/a>ROCCA PIETORE<\/strong> Sabato attorno alle 18.40 la Centrale del Suem \u00e8 stata contattata da un uomo che, trovandosi a Capanna Bill, vedeva dei segnali di luce intermittenti, provenienti dal versante roccioso opposto verso la Marmola, a circa 1.900 metri di quota, a 100 metri di altezza da terra. Messo il chiamante in contatto telefonico con il Soccorso alpino della Val Pettorina, una squadra \u00e8 uscita per gli accertamenti del caso, appurando con i visori notturni che c&#8217;era una persona su una cengia con una corda impigliata. Viste le condizioni di rischio evolutivo, con possibile insorgere di ipotermia, \u00e8 stato chiesto l&#8217;intervento dell&#8217;elicottero dell&#8217;Aiut Alpin Dolomites di Bolzano. Poco dopo \u00e8 stata la stessa persona presunta in difficolt\u00e0 a chiamare il 112, dicendo che non aveva bisogno di aiuto. L&#8217;allarme \u00e8 quindi cessato e sono stati fatti rientrare sia l&#8217;elicottero che la squadra.<\/p>\n<p>&nbsp;<\/p>\n<p>&nbsp;<\/p>\n<hr \/>\n<p>&nbsp;<\/p>\n<blockquote>\n<h3>MILENA CESCA \u00c8 LA NUOVA SEGRETARIA GENERALE DELLA FEMCA BELLUNO TREVISO<\/h3>\n<\/blockquote>\n<p><strong><a class=\"dt-pswp-item\" href=\"https:\/\/www.radiopiu.net\/wordpress\/wp-content\/uploads\/2025\/02\/MILENA-CESCA.jpg\" data-dt-img-description=\"\" data-large_image_width=\"1600\" data-large_image_height=\"1200\"><img loading=\"lazy\" decoding=\"async\" class=\" wp-image-436053 alignleft\" src=\"https:\/\/www.radiopiu.net\/wordpress\/wp-content\/uploads\/2025\/02\/MILENA-CESCA-300x225.jpg\" alt=\"\" width=\"192\" height=\"144\" srcset=\"https:\/\/www.radiopiu.net\/wordpress\/wp-content\/uploads\/2025\/02\/MILENA-CESCA-300x225.jpg 300w, https:\/\/www.radiopiu.net\/wordpress\/wp-content\/uploads\/2025\/02\/MILENA-CESCA-1024x768.jpg 1024w, https:\/\/www.radiopiu.net\/wordpress\/wp-content\/uploads\/2025\/02\/MILENA-CESCA-768x576.jpg 768w, https:\/\/www.radiopiu.net\/wordpress\/wp-content\/uploads\/2025\/02\/MILENA-CESCA-1536x1152.jpg 1536w, https:\/\/www.radiopiu.net\/wordpress\/wp-content\/uploads\/2025\/02\/MILENA-CESCA.jpg 1600w\" sizes=\"auto, (max-width: 192px) 100vw, 192px\" \/><\/a>CORNUDA (TV)<\/strong> Milena Cesca \u00e8 la nuova segretaria generale della Femca Cisl Belluno Treviso, eletta il 21 febbraio al termine del quarto Congresso della Federazione. Gi\u00e0 componente della segreteria con delega all\u2019occhialeria, sar\u00e0 affiancata da Vincenzo Caldarella, confermato nel suo ruolo, e dalla new entry Simona Puzzo. Cesca ha ringraziato il predecessore Gianni Boato e ha sottolineato gli obiettivi futuri, tra cui la lotta alla violenza di genere, la parit\u00e0 salariale e la sostenibilit\u00e0 ambientale. La formazione continua e il miglioramento delle condizioni lavorative saranno priorit\u00e0 della Femca. Il segretario uscente Boato ha analizzato il mercato del lavoro nelle province di Belluno e Treviso, evidenziando le difficolt\u00e0 nel settore calzaturiero, del gomma-plastica e dell\u2019energia, con il rallentamento economico previsto per il 2025. Durante il suo mandato sono stati rinnovati tutti gli accordi aziendali e il numero degli iscritti ha raggiunto quota 4.400. Cesca ha iniziato la sua carriera sindacale nella Cisl nel 1993 e ha maturato una lunga esperienza nella Femca. Puzzo, operatrice sindacale dal 2016, e Caldarella, segretario dal 2021, completano la nuova squadra dirigente. L\u2019obiettivo resta quello di rafforzare la contrattazione e migliorare le condizioni dei lavoratori.<\/p>\n<p>&nbsp;<\/p>\n<p>&nbsp;<\/p>\n<hr \/>\n<p>&nbsp;<\/p>\n<blockquote>\n<h2>la satira, LICEO LOLLINO E LE SCELTE DELLA DIOCESI<\/h2>\n<\/blockquote>\n<blockquote>\n<h3 data-start=\"0\" data-end=\"78\"><strong data-start=\"4\" data-end=\"76\"><a class=\"dt-pswp-item\" href=\"https:\/\/www.radiopiu.net\/wordpress\/wp-content\/uploads\/2025\/02\/Senza-nome-76.png\" data-dt-img-description=\"\" data-large_image_width=\"652\" data-large_image_height=\"635\"><img loading=\"lazy\" decoding=\"async\" class=\"size-medium wp-image-436263 alignleft\" src=\"https:\/\/www.radiopiu.net\/wordpress\/wp-content\/uploads\/2025\/02\/Senza-nome-76-300x292.png\" alt=\"\" width=\"300\" height=\"292\" srcset=\"https:\/\/www.radiopiu.net\/wordpress\/wp-content\/uploads\/2025\/02\/Senza-nome-76-300x292.png 300w, https:\/\/www.radiopiu.net\/wordpress\/wp-content\/uploads\/2025\/02\/Senza-nome-76.png 652w\" sizes=\"auto, (max-width: 300px) 100vw, 300px\" \/><\/a>Proteste contro la chiusura del Liceo Lollino, nel mirino la Diocesi<\/strong><\/h3>\n<\/blockquote>\n<p data-start=\"80\" data-end=\"722\" data-is-last-node=\"\"><strong>BELLUNO<\/strong> \u2013 Monta la protesta contro la decisione della Diocesi di Belluno-Feltre di chiudere il Liceo Lollino. Dopo l\u2019assemblea con genitori, studenti e membri della chiesa bellunese, si discute la possibile salvezza della scuola con l\u2019intervento della rete toscana &#8220;Scuole per crescere&#8221;.<\/p>\n<p data-start=\"80\" data-end=\"722\" data-is-last-node=\"\">Intanto, in citt\u00e0 sono comparsi volantini satirici con un\u2019immagine caricaturale del vescovo Renato Marangoni che schiaccia simbolicamente il liceo. L\u2019assenza del vescovo all\u2019incontro di venerd\u00ec ha ulteriormente alimentato le critiche, rafforzando l\u2019idea di una mancata attenzione della Diocesi nei confronti dell\u2019istituto e della sua comunit\u00e0 scolastica.<\/p>\n<blockquote>\n<p data-start=\"80\" data-end=\"722\" data-is-last-node=\"\">\n<\/blockquote>\n<p><strong><a class=\"dt-pswp-item\" href=\"https:\/\/www.radiopiu.net\/wordpress\/wp-content\/uploads\/2019\/09\/PIO-XI-MISURINA-300x200.jpeg\" data-dt-img-description=\"\" data-large_image_width=\"300\" data-large_image_height=\"200\"><img loading=\"lazy\" decoding=\"async\" class=\"wp-image-97057 alignleft\" src=\"https:\/\/www.radiopiu.net\/wordpress\/wp-content\/uploads\/2019\/09\/PIO-XI-MISURINA-300x200-300x200.jpeg\" alt=\"\" width=\"218\" height=\"145\" \/><\/a>E A MISURINA?\u00a0 LE SCELTE DELLA\u00a0 DIOCESI DI PARMA PER L&#8217;ISTITUTO PIO XII, IERI: MALUMORI, PROTESTE E FIACCOLATA<\/strong><\/p>\n<p>Eccolo l&#8217;altro grande tema che si rinnova dalla fine del 2022 ad oggi. Un sentimento di profondo dispiacere nel vedere il Pio XII chiuso. Una scelta della propriet\u00e0, la diocesi di Parma, dettata dai conti in rosso. Storia ormai ben nota. \u00abLa speranza che possa riaprire non \u00e8 mai tramontata, noi nel nostro piccolo continuiamo ad accendere le nostre fiaccole in segno di speranza\u00bb, sottolinea Vittorio Gherri, attorniamo da un bel gruppo di amici, un tempo bambini oggi adulti con mogli, mariti e figli al seguito. Sono partiti, anche stavolta, dalle Marche, come detto, ma anche da Veneto, Emilia Romagna, Lombardia e Friuli Venezia Giulia per rinnovare la tradizione della fiaccolata dell&#8217;amicizia.<\/p>\n<p>&nbsp;<\/p>\n<blockquote>\n<h3>GLI AMICI DEL LOLLINO SPERANO CHE L&#8217;ISTITUTO NON CHIUDA<\/h3>\n<\/blockquote>\n<p><strong><a class=\"dt-pswp-item\" href=\"https:\/\/www.radiopiu.net\/wordpress\/wp-content\/uploads\/2024\/11\/Liceo-Lollino-2025-2026.jpg\" data-dt-img-description=\"\" data-large_image_width=\"1200\" data-large_image_height=\"1600\"><img loading=\"lazy\" decoding=\"async\" class=\" wp-image-418124 alignleft\" src=\"https:\/\/www.radiopiu.net\/wordpress\/wp-content\/uploads\/2024\/11\/Liceo-Lollino-2025-2026-225x300.jpg\" alt=\"\" width=\"114\" height=\"152\" srcset=\"https:\/\/www.radiopiu.net\/wordpress\/wp-content\/uploads\/2024\/11\/Liceo-Lollino-2025-2026-225x300.jpg 225w, https:\/\/www.radiopiu.net\/wordpress\/wp-content\/uploads\/2024\/11\/Liceo-Lollino-2025-2026-768x1024.jpg 768w, https:\/\/www.radiopiu.net\/wordpress\/wp-content\/uploads\/2024\/11\/Liceo-Lollino-2025-2026-1152x1536.jpg 1152w, https:\/\/www.radiopiu.net\/wordpress\/wp-content\/uploads\/2024\/11\/Liceo-Lollino-2025-2026.jpg 1200w\" sizes=\"auto, (max-width: 114px) 100vw, 114px\" \/><\/a>BELLUNO<\/strong> L\u2019associazione \u201cAmici del Lollino\u201d esprime fiducia nella possibilit\u00e0 di salvare il Liceo Lollino di Belluno dalla chiusura, dopo l\u2019incontro con la Diocesi e le famiglie. La soluzione potrebbe arrivare dalla rete \u201cScuole per crescere\u201d, che sarebbe disposta a gestire l\u2019istituto, garantendo la continuit\u00e0 per studenti e famiglie. L\u2019associazione sottolinea che le condizioni richieste dalla Diocesi per la collaborazione con la rete scolastica erano gi\u00e0 soddisfatte e che i contatti erano stati avviati da tempo. Ribadiscono l\u2019importanza storica e culturale della scuola per la citt\u00e0 e la provincia. La disponibilit\u00e0 di \u201cScuole per crescere\u201d a farsi carico della gestione senza pesare economicamente sulla Diocesi \u00e8 stata confermata e ampliata. L\u2019incontro ha dato speranza, aprendo la strada a un possibile ripensamento della Diocesi e a un nuovo percorso per il futuro del Liceo.<\/p>\n<p>&nbsp;<\/p>\n<p>&nbsp;<\/p>\n<hr \/>\n<p>&nbsp;<\/p>\n<blockquote>\n<h3>PRESENTATO IL PATTO DIGITALE AL NOF FILO<\/h3>\n<\/blockquote>\n<p><strong>CENCENIGHE<\/strong><\/p>\n<p>DI GIANNI SANTOMASO<\/p>\n<audio class=\"wp-audio-shortcode\" id=\"audio-435973-6\" preload=\"none\" style=\"width: 100%;\" controls=\"controls\"><source type=\"audio\/mpeg\" src=\"https:\/\/www.radiopiu.net\/wordpress\/wp-content\/uploads\/2025\/02\/GIANNI-PRESENTATO-IL-PATTO-DIGITALE-AL-NOF-FILO.mp3?_=6\" \/><a href=\"https:\/\/www.radiopiu.net\/wordpress\/wp-content\/uploads\/2025\/02\/GIANNI-PRESENTATO-IL-PATTO-DIGITALE-AL-NOF-FILO.mp3\">https:\/\/www.radiopiu.net\/wordpress\/wp-content\/uploads\/2025\/02\/GIANNI-PRESENTATO-IL-PATTO-DIGITALE-AL-NOF-FILO.mp3<\/a><\/audio>\n<p>&nbsp;<\/p>\n\n\t\t\t<style type='text\/css'>\n\t\t\t\t#gallery-1 {\n\t\t\t\t\tmargin: auto;\n\t\t\t\t}\n\t\t\t\t#gallery-1 .gallery-item {\n\t\t\t\t\tfloat: left;\n\t\t\t\t\tmargin-top: 10px;\n\t\t\t\t\ttext-align: center;\n\t\t\t\t\twidth: 33%;\n\t\t\t\t}\n\t\t\t\t#gallery-1 img {\n\t\t\t\t\tborder: 2px solid #cfcfcf;\n\t\t\t\t}\n\t\t\t\t#gallery-1 .gallery-caption {\n\t\t\t\t\tmargin-left: 0;\n\t\t\t\t}\n\t\t\t\t\/* see gallery_shortcode() in wp-includes\/media.php *\/\n\t\t\t<\/style>\n\t\t<div id='gallery-1' class='dt-gallery-container gallery galleryid-435973 gallery-columns-3 gallery-size-thumbnail'><dl class='gallery-item'>\n\t\t\t\t<dt class='gallery-icon landscape'>\n\t\t\t\t\t<a class=\"rollover rollover-zoom dt-pswp-item\" title=\"11b69484-4230-4b7f-96e3-c1ab961f2691\" data-dt-img-description=\"\" data-large_image_width=\"1600\" data-large_image_height=\"1200\"href='https:\/\/www.radiopiu.net\/wordpress\/wp-content\/uploads\/2025\/02\/11b69484-4230-4b7f-96e3-c1ab961f2691.jpg'><img loading=\"lazy\" decoding=\"async\" width=\"150\" height=\"150\" src=\"https:\/\/www.radiopiu.net\/wordpress\/wp-content\/uploads\/2025\/02\/11b69484-4230-4b7f-96e3-c1ab961f2691-150x150.jpg\" class=\"attachment-thumbnail size-thumbnail\" alt=\"\" \/><\/a>\n\t\t\t\t<\/dt><\/dl><dl class='gallery-item'>\n\t\t\t\t<dt class='gallery-icon landscape'>\n\t\t\t\t\t<a class=\"rollover rollover-zoom dt-pswp-item\" title=\"ff2c8a12-28c0-43c1-931f-8feb5209d653\" data-dt-img-description=\"\" data-large_image_width=\"1600\" data-large_image_height=\"1200\"href='https:\/\/www.radiopiu.net\/wordpress\/wp-content\/uploads\/2025\/02\/ff2c8a12-28c0-43c1-931f-8feb5209d653.jpg'><img loading=\"lazy\" decoding=\"async\" width=\"150\" height=\"150\" src=\"https:\/\/www.radiopiu.net\/wordpress\/wp-content\/uploads\/2025\/02\/ff2c8a12-28c0-43c1-931f-8feb5209d653-150x150.jpg\" class=\"attachment-thumbnail size-thumbnail\" alt=\"\" \/><\/a>\n\t\t\t\t<\/dt><\/dl><dl class='gallery-item'>\n\t\t\t\t<dt class='gallery-icon landscape'>\n\t\t\t\t\t<a class=\"rollover rollover-zoom dt-pswp-item\" title=\"87412adf-0ac1-4567-9a29-e60a5c685f04\" data-dt-img-description=\"\" data-large_image_width=\"1600\" data-large_image_height=\"1200\"href='https:\/\/www.radiopiu.net\/wordpress\/wp-content\/uploads\/2025\/02\/87412adf-0ac1-4567-9a29-e60a5c685f04.jpg'><img loading=\"lazy\" decoding=\"async\" width=\"150\" height=\"150\" src=\"https:\/\/www.radiopiu.net\/wordpress\/wp-content\/uploads\/2025\/02\/87412adf-0ac1-4567-9a29-e60a5c685f04-150x150.jpg\" class=\"attachment-thumbnail size-thumbnail\" alt=\"\" \/><\/a>\n\t\t\t\t<\/dt><\/dl><br style=\"clear: both\" \/>\n\t\t\t<\/div>\n\n<p>&nbsp;<\/p>\n<hr \/>\n<p>&nbsp;<\/p>\n<blockquote>\n<h3>STUDENTI IN PIAZZA CONTRO IL DDL SICUREZZA<\/h3>\n<\/blockquote>\n<p><strong><a class=\"dt-pswp-item\" href=\"https:\/\/www.radiopiu.net\/wordpress\/wp-content\/uploads\/2025\/02\/Foto22manifestazione-9.jpeg\" data-dt-img-description=\"\" data-large_image_width=\"1600\" data-large_image_height=\"1200\"><img loading=\"lazy\" decoding=\"async\" class=\" wp-image-436166 alignleft\" src=\"https:\/\/www.radiopiu.net\/wordpress\/wp-content\/uploads\/2025\/02\/Foto22manifestazione-9-300x225.jpeg\" alt=\"\" width=\"216\" height=\"162\" srcset=\"https:\/\/www.radiopiu.net\/wordpress\/wp-content\/uploads\/2025\/02\/Foto22manifestazione-9-300x225.jpeg 300w, https:\/\/www.radiopiu.net\/wordpress\/wp-content\/uploads\/2025\/02\/Foto22manifestazione-9-1024x768.jpeg 1024w, https:\/\/www.radiopiu.net\/wordpress\/wp-content\/uploads\/2025\/02\/Foto22manifestazione-9-768x576.jpeg 768w, https:\/\/www.radiopiu.net\/wordpress\/wp-content\/uploads\/2025\/02\/Foto22manifestazione-9-1536x1152.jpeg 1536w, https:\/\/www.radiopiu.net\/wordpress\/wp-content\/uploads\/2025\/02\/Foto22manifestazione-9.jpeg 1600w\" sizes=\"auto, (max-width: 216px) 100vw, 216px\" \/><\/a>BELLUNO<\/strong> Mille persone sono scese in piazza a Belluno per protestare contro il DDL 1660, noto come &#8220;DDL Sicurezza&#8221;, in contemporanea con altre citt\u00e0 italiane. La manifestazione \u00e8 nata dopo un&#8217;assemblea pubblica del 18 gennaio 2025, in cui molti bellunesi hanno espresso la loro opposizione al disegno di legge. Una Rete bellunese ha raccolto l\u2019adesione di una quarantina di realt\u00e0 civili e politiche. In testa al corteo c\u2019erano numerosi studenti della Rete degli Studenti Medi di Belluno con uno striscione contro la repressione. Erika Satka ha denunciato la mancata attenzione del Governo verso i reali bisogni degli studenti, come scuole sicure e lavori dignitosi. Il DDL prevede pene severe per chi manifesta e impone alle universit\u00e0 di collaborare con i servizi segreti per sorvegliare l\u2019attivismo politico. Serena De Marchi ha accusato il Governo di voler reprimere il dissenso, temendo la forza del pensiero critico nelle scuole e universit\u00e0. La protesta ha sottolineato la volont\u00e0 di non accettare in silenzio precariet\u00e0 e autoritarismo.<\/p>\n<p>&nbsp;<\/p>\n<p>&nbsp;<\/p>\n<hr \/>\n<p>&nbsp;<\/p>\n<blockquote>\n<h3>L&#8217;ASSEMBLEA DEL CIRCOLO AUSER EL BROI DI AGORDO<\/h3>\n<\/blockquote>\n<p><strong><a class=\"dt-pswp-item\" href=\"https:\/\/www.radiopiu.net\/wordpress\/wp-content\/uploads\/2020\/09\/auser-1.jpg\" data-dt-img-description=\"\" data-large_image_width=\"1772\" data-large_image_height=\"811\"><img loading=\"lazy\" decoding=\"async\" class=\" wp-image-163020 alignleft\" src=\"https:\/\/www.radiopiu.net\/wordpress\/wp-content\/uploads\/2020\/09\/auser-1-300x137.jpg\" alt=\"\" width=\"219\" height=\"100\" srcset=\"https:\/\/www.radiopiu.net\/wordpress\/wp-content\/uploads\/2020\/09\/auser-1-300x137.jpg 300w, https:\/\/www.radiopiu.net\/wordpress\/wp-content\/uploads\/2020\/09\/auser-1-1024x469.jpg 1024w, https:\/\/www.radiopiu.net\/wordpress\/wp-content\/uploads\/2020\/09\/auser-1-768x351.jpg 768w, https:\/\/www.radiopiu.net\/wordpress\/wp-content\/uploads\/2020\/09\/auser-1-1536x703.jpg 1536w, https:\/\/www.radiopiu.net\/wordpress\/wp-content\/uploads\/2020\/09\/auser-1-640x293.jpg 640w, https:\/\/www.radiopiu.net\/wordpress\/wp-content\/uploads\/2020\/09\/auser-1.jpg 1772w\" sizes=\"auto, (max-width: 219px) 100vw, 219px\" \/><\/a>AGORDO<\/strong><\/p>\n<p>DI GIANNI SANTOMASO<\/p>\n<audio class=\"wp-audio-shortcode\" id=\"audio-435973-7\" preload=\"none\" style=\"width: 100%;\" controls=\"controls\"><source type=\"audio\/mpeg\" src=\"https:\/\/www.radiopiu.net\/wordpress\/wp-content\/uploads\/2025\/02\/GIANNI-LASSEMBLEA-DEL-CIRCOLO-AUSER-EL-BROI-DI-AGORDO.mp3?_=7\" \/><a href=\"https:\/\/www.radiopiu.net\/wordpress\/wp-content\/uploads\/2025\/02\/GIANNI-LASSEMBLEA-DEL-CIRCOLO-AUSER-EL-BROI-DI-AGORDO.mp3\">https:\/\/www.radiopiu.net\/wordpress\/wp-content\/uploads\/2025\/02\/GIANNI-LASSEMBLEA-DEL-CIRCOLO-AUSER-EL-BROI-DI-AGORDO.mp3<\/a><\/audio>\n<p>&nbsp;<\/p>\n<hr \/>\n<p>&nbsp;<\/p>\n<blockquote>\n<h3>PRESENTATO A BELLUNO IL PROGETTO PILOTA &#8220;A BRAVE DEAL&#8221;<\/h3>\n<\/blockquote>\n<p><strong><a class=\"dt-pswp-item\" href=\"https:\/\/www.radiopiu.net\/wordpress\/wp-content\/uploads\/2021\/03\/francesco-calzavara.jpg\" data-dt-img-description=\"\" data-large_image_width=\"670\" data-large_image_height=\"932\"><img loading=\"lazy\" decoding=\"async\" class=\" wp-image-197796 alignleft\" src=\"https:\/\/www.radiopiu.net\/wordpress\/wp-content\/uploads\/2021\/03\/francesco-calzavara-216x300.jpg\" alt=\"\" width=\"94\" height=\"131\" srcset=\"https:\/\/www.radiopiu.net\/wordpress\/wp-content\/uploads\/2021\/03\/francesco-calzavara-216x300.jpg 216w, https:\/\/www.radiopiu.net\/wordpress\/wp-content\/uploads\/2021\/03\/francesco-calzavara.jpg 670w\" sizes=\"auto, (max-width: 94px) 100vw, 94px\" \/><\/a>BELLUNO<\/strong> Il progetto &#8220;A Brave Deal&#8221; mira a ridurre il divario generazionale nelle amministrazioni pubbliche locali del GAL Prealpi e Dolomiti, favorendo un\u2019amministrazione pi\u00f9 inclusiva e dinamica. Presentato dall\u2019assessore regionale Francesco Calzavara, coinvolger\u00e0 cinque giovani laureati e cinque enti locali in un percorso di formazione e tirocinio. Il programma prevede un corso di Alta Formazione all\u2019Universit\u00e0 di Padova, un tirocinio retribuito di sei mesi e un mese a Bruxelles per approfondire la gestione internazionale. Possono partecipare giovani under 30, disoccupati o inoccupati, con laurea triennale, inviando domanda entro il 12 marzo 2025. L\u2019obiettivo \u00e8 valorizzare il capitale umano nelle amministrazioni locali, contrastando lo spopolamento delle aree montane.<\/p>\n<p>&nbsp;<\/p>\n<p>&nbsp;<\/p>\n<hr \/>\n<p>&nbsp;<\/p>\n<blockquote>\n<h3>BELLUNO ALPINA CHIEDE DI ACCELERARE LA RISOLUZIONE DELLA GESTIONE DEI TERRITORI PREALPINI<\/h3>\n<\/blockquote>\n<p><strong><a class=\"dt-pswp-item\" href=\"https:\/\/www.radiopiu.net\/wordpress\/wp-content\/uploads\/2021\/01\/BELLUNO-ALPINA.jpg\" data-dt-img-description=\"\" data-large_image_width=\"588\" data-large_image_height=\"537\"><img loading=\"lazy\" decoding=\"async\" class=\" wp-image-185689 alignleft\" src=\"https:\/\/www.radiopiu.net\/wordpress\/wp-content\/uploads\/2021\/01\/BELLUNO-ALPINA-300x274.jpg\" alt=\"\" width=\"154\" height=\"141\" srcset=\"https:\/\/www.radiopiu.net\/wordpress\/wp-content\/uploads\/2021\/01\/BELLUNO-ALPINA-300x274.jpg 300w, https:\/\/www.radiopiu.net\/wordpress\/wp-content\/uploads\/2021\/01\/BELLUNO-ALPINA.jpg 588w\" sizes=\"auto, (max-width: 154px) 100vw, 154px\" \/><\/a>BELLUNO<\/strong> L\u2019associazione Belluno Alpina chiede un intervento rapido per la gestione delle terre alte dopo lo scioglimento dell\u2019Unione Montana Belluno-Ponte. Il presidente Gimmy Dal Farra evidenzia come, da anni, manchi un ente responsabile della manutenzione del territorio prealpino. Non importa se sar\u00e0 un\u2019Unione Montana o un consorzio forestale, l\u2019importante \u00e8 agire subito. L\u2019assenza di interventi ha reso necessarie operazioni straordinarie invece di semplice manutenzione. Strade, muretti e tracciati necessitano di cure per mantenere vitale il territorio. Gli enti pubblici lamentano difficolt\u00e0 economiche, ma il settore forestale rappresenta una grande risorsa. Investire nella filiera del legno garantirebbe lavoro e tutela del territorio. Serve un impegno concreto per evitare un ulteriore degrado.<\/p>\n<p>&nbsp;<\/p>\n<p>&nbsp;<\/p>\n<p>&nbsp;<\/p>\n<hr \/>\n<p>&nbsp;<\/p>\n<blockquote>\n<h3>RIPARTE IL PROGETTO MOSAICO<\/h3>\n<\/blockquote>\n<p><strong>VALLE DI CADORE<\/strong> Il Progetto Mosaico riparte il 24 febbraio dopo un anno di pausa, offrendo una \u201cpalestra occupazionale\u201d per persone con disabilit\u00e0 intellettiva medio-lieve nella sede della Cadore-Dolomiti s.c.s. a Tai di Pieve di Cadore.<\/p>\n<p>&nbsp;<\/p>\n<hr \/>\n<p>&nbsp;<\/p>\n<blockquote>\n<h3>RINNOVATI I VERTICI DELL&#8217;ABVS DI LONGARONE<\/h3>\n<\/blockquote>\n<p><strong>LONGARONE<\/strong> La sezione Abvs di Longarone ha rinnovato il Comitato, con Andrea Avoledo nuovo segretario al posto di Rita Marogna.<\/p>\n<p>&nbsp;<\/p>\n<p>&nbsp;<\/p>\n<hr \/>\n<p>&nbsp;<\/p>\n<blockquote>\n<h3>IL VENETO HA META\u2019 DELL\u2019EVASIONE FISCALE DELLA CAMPANIA<\/h3>\n<\/blockquote>\n<p><a class=\"dt-pswp-item\" href=\"https:\/\/www.radiopiu.net\/wordpress\/wp-content\/uploads\/2025\/02\/20250222090903.png\" data-dt-img-description=\"\" data-large_image_width=\"484\" data-large_image_height=\"861\"><img loading=\"lazy\" decoding=\"async\" class=\"size-medium wp-image-436046 alignleft\" src=\"https:\/\/www.radiopiu.net\/wordpress\/wp-content\/uploads\/2025\/02\/20250222090903-169x300.png\" alt=\"\" width=\"169\" height=\"300\" srcset=\"https:\/\/www.radiopiu.net\/wordpress\/wp-content\/uploads\/2025\/02\/20250222090903-169x300.png 169w, https:\/\/www.radiopiu.net\/wordpress\/wp-content\/uploads\/2025\/02\/20250222090903.png 484w\" sizes=\"auto, (max-width: 169px) 100vw, 169px\" \/><\/a>L&#8217;analisi comparativa tra territori rappresenta un&#8217;attivit\u00e0 molto complessa, specialmente in materia di evasione fiscale. Tuttavia, i risultati elaborati dall&#8217;Ufficio studi della CGIA, basati sui dati estrapolati da Il Sole 24 Ore-Agenzia delle Entrate-Riscossione, rivelano che nella nostra regione i mancati pagamenti fiscali ammontano, nel periodo compreso tra il 2000 e il 2024, a 70,8 miliardi di euro, meno della met\u00e0 dei 152,5 miliardi di euro delle tasse non riscosse in Campania. \u00c8 interessante notare che la regione guidata dal Presidente, Vincenzo De Luca, non si colloca neppure al primo posto in termini negativi a livello nazionale; infatti, la Lombardia con 259,4 miliardi e il Lazio con 226,7 miliardi presentano uno stock complessivo di debiti fiscali significativamente superiore al dato campano. Considerando invece il confronto fra le regioni in base al valore pro capite, emerge in prima posizione il Lazio con 39.673 euro di tasse non riscosse; seguono la Campania con 27.264 euro e la Lombardia con 25.904 euro. Il Veneto occupa il quindicesimo posto con un importo di 14.600 euro, inferiore sia alla media del Nordest pari a 15.504 euro sia a quella nazionale che ammonta a 21.611 euro (si veda Tab. 1 e Graf. 1).<\/p>\n<p><strong>In Italia un evasore su 8 \u00e8 una partita Iva: quasi sicuramente anche nel Veneto<\/strong><br \/>\nI contribuenti italiani con debiti fiscali non ancora riscossi dalle nostre Agenzie fiscali ammontano a circa 22,8 milioni, di cui 3,6 milioni sono rappresentati da persone giuridiche (societ\u00e0 di capitali, enti commerciali, cooperative, etc.), e i restanti 19,2 milioni da persone fisiche. Tra queste ultime, 16,3 milioni sono lavoratori dipendenti, pensionati e percettori di altre forme di reddito (da beni mobili, immobili, ecc.), mentre i rimanenti 2,9 milioni, corrispondenti al 12,7 per cento del totale, svolgono un\u2019attivit\u00e0 economica come artigiani, commercianti o liberi professionisti (vedi Graf. 1). In sintesi, i dati ufficiali forniti dall\u2019Agenzia delle Entrate-Riscossione confermano quanto sostenuto costantemente dalla CGIA: i lavoratori autonomi non sono un popolo di evasori, come spesso vengono descritti dall\u2019opinione pubblica. \u00c8 indubbio che in questa categoria vi sia anche chi non adempie ai propri obblighi fiscali; tuttavia, secondo le statistiche ufficiali dell\u2019Agenzia delle Entrate, solo un debitore col fisco su otto \u00e8 una partita IVA. Su questa materia, purtroppo, l\u2019Amministrazione finanziaria non ha pubblicato alcun dato a livello regionale. Ci permettiamo di osservare, visto che il Veneto \u00e8 una delle regioni che si caratterizza per l\u2019elevato numero di partite Iva presenti nel suo territorio, che le considerazioni fatte pi\u00f9 sopra sulle caratteristiche dei cattivi pagatori a livello nazionale abbiano una corrispondenza anche nel nostro territorio.<\/p>\n<p><strong>Il 58% dei mancati incassi \u00e8 concentrato nel Centrosud<\/strong><br \/>\nSebbene al Nord sia concentrata la stragrande maggioranza della ricchezza prodotta nel Paese e la parte pi\u00f9 dinamica delle attivit\u00e0 economiche e produttive, dei 1.274 miliardi di euro di tasse non riscosse negli ultimi 25 anni nel Paese dal fisco e dagli altri enti preposti, il 58 per cento, pari a 739,3 miliardi di euro sono riconducibili alle regioni del Centrosud. Il rimanente 42 per cento, invece, \u00e8 in capo alle regioni del Nord che cubano 535,1 miliardi di euro non versati. Prendendo come riferimento il dato pro capite, la situazione pi\u00f9 critica si verifica nel Lazio, dove i debiti fiscali da riscuotere sono pari a 39.673 euro. Seguono la Campania con 27.264 euro pro capite, la Lombardia con 25.904 euro, il Molise con 20.469 euro e le Marche con 20.078 euro. In valore assoluto, l\u2019importo record non pagato \u00e8 in capo alla Lombardia con 259,4 miliardi di euro. Seguono il Lazio con 226,7 miliardi di euro, la Campania con 152,5 miliardi, l\u2019Emilia Romagna con 87,9 miliardi e la Sicilia con 87,8 miliardi di euro. Il Veneto occupa il 6\u00b0 posto con uno stock di mancati pagamenti di 70,8 miliardi di euro.<\/p>\n<p><strong>Mancano 1.274 miliardi, ma incassabili sono solo 100. Il 76% delle cartelle sono di importo inferiore ai 1.000 euro<\/strong><br \/>\nTra il 2000 e il 2024 le tasse, contributi, imposte, bollette, multe, etc., non riscosse dal fisco italiano o da altri enti sono pari a 1.274,5 miliardi di euro. Al netto delle persone nel frattempo decedute, delle imprese cessate, dei nullatenenti e dei contribuenti gi\u00e0 sottoposti ad azione cautelare\/esecutiva, l\u2019importo potenzialmente aggredibile si riduce a poco pi\u00f9 di 100 miliardi di euro (7,9 per cento del totale). Va altres\u00ec segnalato che il cosiddetto magazzino residuo \u00e8 composto da 175 milioni di cartelle per un numero complessivo di 291 milioni di crediti. Gli avvisi di addebito e di accertamento esecutivo sono mediamente di importo molto contenuto: il 76 per cento dei singoli crediti, infatti, sono di importo inferiore a 1.000 euro e cubano complessivamente 59 miliardi di euro.<\/p>\n<p><strong>Per contrastare l\u2019evasione serve un fisco pi\u00f9 efficiente<\/strong><br \/>\nI risultati ottenuti nella lotta contro l&#8217;evasione fiscale indicano l&#8217;opportunit\u00e0 di continuare a seguire il percorso intrapreso negli ultimi anni, intensificando gli sforzi verso la semplificazione del sistema tributario e il conseguente miglioramento della relazione tra fisco e contribuente. \u00c8 fondamentale sfruttare in modo sempre pi\u00f9 efficiente i dati detenuti dall&#8217;Amministrazione fiscale, al fine di ottimizzare i controlli su fenomeni che, secondo le valutazioni dell&#8217;Agenzia delle Entrate, presentano elevati livelli di rischio. Tra questi si annoverano: le frodi IVA; l&#8217;uso improprio di crediti inesistenti e\/o aiuti economici non dovuti; la fittizia dichiarazione di residenza fiscale all&#8217;estero; e l\u2019occultamento di patrimoni al di fuori dei confini nazionali. Sono modalit\u00e0 di evasione che, a differenza di quelli imputabili agli artigiani e ai piccoli commercianti, sono ascrivibili quasi esclusivamente ai grandi contribuenti.<\/p>\n<p>&nbsp;<\/p>\n<p>&nbsp;<\/p>\n<hr \/>\n<p>&nbsp;<\/p>\n<h2><span style=\"color: #ff0000;\">CONSIGLI COMUNALI IN AGORDINO<\/span><\/h2>\n<p><strong>CANALE D&#8217;AGORDO<\/strong> E&#8217; in programma per mercoled\u00ec 26 febbraio alle 20 il consiglio comunale. Il Sindaco Massimo Murer ha convocato i consiglieri per trattare 9 punti all&#8217;ordine del giorno tra cui l&#8217;aliquota comunale all&#8217;imposta sul reddito, l&#8217;IMU, la verifica delle aree fabbricabili, l&#8217;approvazione del DUP, la nomina del revisore dei conti, l&#8217;approvazione del bilancio 2025\/27 e le revisioni del contratto di concessione in localit\u00e0 Col Mont e Malga Stia.<\/p>\n<p>&nbsp;<\/p>\n<p>&nbsp;<\/p>\n<hr \/>\n<p>&nbsp;<\/p>\n<p>&nbsp;<\/p>\n<blockquote>\n<h1>I CARNEVALI A LASTE E RIVAMONTE<br \/>\nROCCA PIETORE\/RIVAMONTE<\/h1>\n<\/blockquote>\n<p><strong>DI GIANNI SANTOMASO<\/strong><\/p>\n<audio class=\"wp-audio-shortcode\" id=\"audio-435973-8\" preload=\"none\" style=\"width: 100%;\" controls=\"controls\"><source type=\"audio\/mpeg\" src=\"https:\/\/www.radiopiu.net\/wordpress\/wp-content\/uploads\/2025\/02\/GIANNI-I-CARNEVALI-A-LASTE-E-RIVAMONTE.mp3?_=8\" \/><a href=\"https:\/\/www.radiopiu.net\/wordpress\/wp-content\/uploads\/2025\/02\/GIANNI-I-CARNEVALI-A-LASTE-E-RIVAMONTE.mp3\">https:\/\/www.radiopiu.net\/wordpress\/wp-content\/uploads\/2025\/02\/GIANNI-I-CARNEVALI-A-LASTE-E-RIVAMONTE.mp3<\/a><\/audio>\n<p>&nbsp;<\/p>\n<p><strong>LASTE<\/strong><\/p>\n\n\t\t\t<style type='text\/css'>\n\t\t\t\t#gallery-2 {\n\t\t\t\t\tmargin: auto;\n\t\t\t\t}\n\t\t\t\t#gallery-2 .gallery-item {\n\t\t\t\t\tfloat: left;\n\t\t\t\t\tmargin-top: 10px;\n\t\t\t\t\ttext-align: center;\n\t\t\t\t\twidth: 100%;\n\t\t\t\t}\n\t\t\t\t#gallery-2 img {\n\t\t\t\t\tborder: 2px solid #cfcfcf;\n\t\t\t\t}\n\t\t\t\t#gallery-2 .gallery-caption {\n\t\t\t\t\tmargin-left: 0;\n\t\t\t\t}\n\t\t\t\t\/* see gallery_shortcode() in wp-includes\/media.php *\/\n\t\t\t<\/style>\n\t\t<div id='gallery-2' class='dt-gallery-container gallery galleryid-435973 gallery-columns-1 gallery-size-medium'><dl class='gallery-item'>\n\t\t\t\t<dt class='gallery-icon landscape'>\n\t\t\t\t\t<a class=\"rollover rollover-zoom dt-pswp-item\" title=\"2242a4ab-f028-4f82-ac7e-bcc476b4e7ce\" data-dt-img-description=\"\" data-large_image_width=\"1080\" data-large_image_height=\"608\"href='https:\/\/www.radiopiu.net\/wordpress\/wp-content\/uploads\/2025\/02\/2242a4ab-f028-4f82-ac7e-bcc476b4e7ce.jpg'><img loading=\"lazy\" decoding=\"async\" width=\"300\" height=\"169\" src=\"https:\/\/www.radiopiu.net\/wordpress\/wp-content\/uploads\/2025\/02\/2242a4ab-f028-4f82-ac7e-bcc476b4e7ce-300x169.jpg\" class=\"attachment-medium size-medium\" alt=\"\" srcset=\"https:\/\/www.radiopiu.net\/wordpress\/wp-content\/uploads\/2025\/02\/2242a4ab-f028-4f82-ac7e-bcc476b4e7ce-300x169.jpg 300w, https:\/\/www.radiopiu.net\/wordpress\/wp-content\/uploads\/2025\/02\/2242a4ab-f028-4f82-ac7e-bcc476b4e7ce-1024x576.jpg 1024w, https:\/\/www.radiopiu.net\/wordpress\/wp-content\/uploads\/2025\/02\/2242a4ab-f028-4f82-ac7e-bcc476b4e7ce-768x432.jpg 768w, https:\/\/www.radiopiu.net\/wordpress\/wp-content\/uploads\/2025\/02\/2242a4ab-f028-4f82-ac7e-bcc476b4e7ce.jpg 1080w\" sizes=\"auto, (max-width: 300px) 100vw, 300px\" \/><\/a>\n\t\t\t\t<\/dt><\/dl><br style=\"clear: both\" \/>\n\t\t\t<\/div>\n\n<p>&nbsp;<\/p>\n<p><strong>RIVAMONTE<\/strong><\/p>\n\n\t\t\t<style type='text\/css'>\n\t\t\t\t#gallery-3 {\n\t\t\t\t\tmargin: auto;\n\t\t\t\t}\n\t\t\t\t#gallery-3 .gallery-item {\n\t\t\t\t\tfloat: left;\n\t\t\t\t\tmargin-top: 10px;\n\t\t\t\t\ttext-align: center;\n\t\t\t\t\twidth: 16%;\n\t\t\t\t}\n\t\t\t\t#gallery-3 img {\n\t\t\t\t\tborder: 2px solid #cfcfcf;\n\t\t\t\t}\n\t\t\t\t#gallery-3 .gallery-caption {\n\t\t\t\t\tmargin-left: 0;\n\t\t\t\t}\n\t\t\t\t\/* see gallery_shortcode() in wp-includes\/media.php *\/\n\t\t\t<\/style>\n\t\t<div id='gallery-3' class='dt-gallery-container gallery galleryid-435973 gallery-columns-6 gallery-size-thumbnail'><dl class='gallery-item'>\n\t\t\t\t<dt class='gallery-icon portrait'>\n\t\t\t\t\t<a class=\"rollover rollover-zoom dt-pswp-item\" title=\"7c974053-d768-41ce-b980-a54fa341708e\" data-dt-img-description=\"\" data-large_image_width=\"1066\" data-large_image_height=\"1600\"href='https:\/\/www.radiopiu.net\/wordpress\/wp-content\/uploads\/2025\/02\/7c974053-d768-41ce-b980-a54fa341708e.jpg'><img loading=\"lazy\" decoding=\"async\" width=\"150\" height=\"150\" src=\"https:\/\/www.radiopiu.net\/wordpress\/wp-content\/uploads\/2025\/02\/7c974053-d768-41ce-b980-a54fa341708e-150x150.jpg\" class=\"attachment-thumbnail size-thumbnail\" alt=\"\" \/><\/a>\n\t\t\t\t<\/dt><\/dl><dl class='gallery-item'>\n\t\t\t\t<dt class='gallery-icon landscape'>\n\t\t\t\t\t<a class=\"rollover rollover-zoom dt-pswp-item\" title=\"a40799bb-81ed-4f9f-959b-dea108ffb343\" data-dt-img-description=\"\" data-large_image_width=\"1600\" data-large_image_height=\"1066\"href='https:\/\/www.radiopiu.net\/wordpress\/wp-content\/uploads\/2025\/02\/a40799bb-81ed-4f9f-959b-dea108ffb343.jpg'><img loading=\"lazy\" decoding=\"async\" width=\"150\" height=\"150\" src=\"https:\/\/www.radiopiu.net\/wordpress\/wp-content\/uploads\/2025\/02\/a40799bb-81ed-4f9f-959b-dea108ffb343-150x150.jpg\" class=\"attachment-thumbnail size-thumbnail\" alt=\"\" \/><\/a>\n\t\t\t\t<\/dt><\/dl><dl class='gallery-item'>\n\t\t\t\t<dt class='gallery-icon portrait'>\n\t\t\t\t\t<a class=\"rollover rollover-zoom dt-pswp-item\" title=\"f4b64447-87df-46c5-9929-1334b8811f90\" data-dt-img-description=\"\" data-large_image_width=\"1200\" data-large_image_height=\"1600\"href='https:\/\/www.radiopiu.net\/wordpress\/wp-content\/uploads\/2025\/02\/f4b64447-87df-46c5-9929-1334b8811f90.jpg'><img loading=\"lazy\" decoding=\"async\" width=\"150\" height=\"150\" src=\"https:\/\/www.radiopiu.net\/wordpress\/wp-content\/uploads\/2025\/02\/f4b64447-87df-46c5-9929-1334b8811f90-150x150.jpg\" class=\"attachment-thumbnail size-thumbnail\" alt=\"\" \/><\/a>\n\t\t\t\t<\/dt><\/dl><dl class='gallery-item'>\n\t\t\t\t<dt class='gallery-icon landscape'>\n\t\t\t\t\t<a class=\"rollover rollover-zoom dt-pswp-item\" title=\"59a53fb2-cab2-4086-a0d7-ceb51d057a4e\" data-dt-img-description=\"\" data-large_image_width=\"1600\" data-large_image_height=\"1200\"href='https:\/\/www.radiopiu.net\/wordpress\/wp-content\/uploads\/2025\/02\/59a53fb2-cab2-4086-a0d7-ceb51d057a4e.jpg'><img loading=\"lazy\" decoding=\"async\" width=\"150\" height=\"150\" src=\"https:\/\/www.radiopiu.net\/wordpress\/wp-content\/uploads\/2025\/02\/59a53fb2-cab2-4086-a0d7-ceb51d057a4e-150x150.jpg\" class=\"attachment-thumbnail size-thumbnail\" alt=\"\" \/><\/a>\n\t\t\t\t<\/dt><\/dl><dl class='gallery-item'>\n\t\t\t\t<dt class='gallery-icon landscape'>\n\t\t\t\t\t<a class=\"rollover rollover-zoom dt-pswp-item\" title=\"4aa0893c-56a7-4eda-aebe-b4b71f36ba81\" data-dt-img-description=\"\" data-large_image_width=\"1600\" data-large_image_height=\"1200\"href='https:\/\/www.radiopiu.net\/wordpress\/wp-content\/uploads\/2025\/02\/4aa0893c-56a7-4eda-aebe-b4b71f36ba81.jpg'><img loading=\"lazy\" decoding=\"async\" width=\"150\" height=\"150\" src=\"https:\/\/www.radiopiu.net\/wordpress\/wp-content\/uploads\/2025\/02\/4aa0893c-56a7-4eda-aebe-b4b71f36ba81-150x150.jpg\" class=\"attachment-thumbnail size-thumbnail\" alt=\"\" \/><\/a>\n\t\t\t\t<\/dt><\/dl><dl class='gallery-item'>\n\t\t\t\t<dt class='gallery-icon portrait'>\n\t\t\t\t\t<a class=\"rollover rollover-zoom dt-pswp-item\" title=\"5535c3cb-e2a6-4d4e-9cb8-89aadcc29741\" data-dt-img-description=\"\" data-large_image_width=\"1066\" data-large_image_height=\"1600\"href='https:\/\/www.radiopiu.net\/wordpress\/wp-content\/uploads\/2025\/02\/5535c3cb-e2a6-4d4e-9cb8-89aadcc29741.jpg'><img loading=\"lazy\" decoding=\"async\" width=\"150\" height=\"150\" src=\"https:\/\/www.radiopiu.net\/wordpress\/wp-content\/uploads\/2025\/02\/5535c3cb-e2a6-4d4e-9cb8-89aadcc29741-150x150.jpg\" class=\"attachment-thumbnail size-thumbnail\" alt=\"\" \/><\/a>\n\t\t\t\t<\/dt><\/dl><br style=\"clear: both\" \/>\n\t\t\t<\/div>\n\n<p>&nbsp;<\/p>\n<blockquote>\n<h3>&#8220;MASCORADA DE LASTE&#8221; SECONDO APPUNTAMENTO DI &#8220;CARNEVAI DE LE VAI&#8221; A LASTE DI ROCCA PIETORE<\/h3>\n<\/blockquote>\n<p><strong>di Marina Don\u00e0<\/strong><\/p>\n<p><strong>ROCCA PIETORE<\/strong> Eccoci a Laste comune di Rocca Pietore a 1550 metri. Un trionfo per la festa di carnevale, con maschere arcaiche della tradizione fatte a mano, in legno, dette &#8220;olt lastesan&#8221;, e non. Protagonista principale &#8220;El Matacinch&#8221; accompagnato dal proprio Lache&#8217;. &#8220;El Matacinch&#8221; \u00e8 uno tra i pi\u00f9 belli del paese il &#8220;Lache&#8217; invece \u00e8 considerato il pi\u00f9 furbo. Il loro compito \u00e8 quello di bussare alle porte delle case per accompagnare al ballo le ragazze prescelte chiedendo il permesso ai genitori. Come da tradizione ritrovo a moe con musica e balli per poi dirigersi verso la piazza del centro. Qui il caratteristico &#8220;saut&#8221; (salto) del Matacinch Il tutto sempre accompagnato da musiche balli e rinfreschi. La giornata si conclude in sala dei pompieri al caldo. Quest&#8217;anno la partecipazione \u00e8 stata molto pi\u00f9 massiccia rispetto agli anni precedenti. Riscoprire le proprie tradizioni anche attraverso questi eventi \u00e8 importante per far rivivere la montagna ed anche per favorire la convivialit\u00e0 che ai giorni nostri sembra a volte un po&#8217; smarrita. Una festa ben riuscita con tanta voglia di ridere scherzare e ballare.<\/p>\n\n\t\t\t<style type='text\/css'>\n\t\t\t\t#gallery-4 {\n\t\t\t\t\tmargin: auto;\n\t\t\t\t}\n\t\t\t\t#gallery-4 .gallery-item {\n\t\t\t\t\tfloat: left;\n\t\t\t\t\tmargin-top: 10px;\n\t\t\t\t\ttext-align: center;\n\t\t\t\t\twidth: 20%;\n\t\t\t\t}\n\t\t\t\t#gallery-4 img {\n\t\t\t\t\tborder: 2px solid #cfcfcf;\n\t\t\t\t}\n\t\t\t\t#gallery-4 .gallery-caption {\n\t\t\t\t\tmargin-left: 0;\n\t\t\t\t}\n\t\t\t\t\/* see gallery_shortcode() in wp-includes\/media.php *\/\n\t\t\t<\/style>\n\t\t<div id='gallery-4' class='dt-gallery-container gallery galleryid-435973 gallery-columns-5 gallery-size-thumbnail'><dl class='gallery-item'>\n\t\t\t\t<dt class='gallery-icon portrait'>\n\t\t\t\t\t<a class=\"rollover rollover-zoom dt-pswp-item\" title=\"ff13a224-f8ad-4808-9ec9-8d69295c4be9\" data-dt-img-description=\"\" data-large_image_width=\"720\" data-large_image_height=\"1600\"href='https:\/\/www.radiopiu.net\/wordpress\/wp-content\/uploads\/2025\/02\/ff13a224-f8ad-4808-9ec9-8d69295c4be9.jpg'><img loading=\"lazy\" decoding=\"async\" width=\"150\" height=\"150\" src=\"https:\/\/www.radiopiu.net\/wordpress\/wp-content\/uploads\/2025\/02\/ff13a224-f8ad-4808-9ec9-8d69295c4be9-150x150.jpg\" class=\"attachment-thumbnail size-thumbnail\" alt=\"\" \/><\/a>\n\t\t\t\t<\/dt><\/dl><dl class='gallery-item'>\n\t\t\t\t<dt class='gallery-icon landscape'>\n\t\t\t\t\t<a class=\"rollover rollover-zoom dt-pswp-item\" title=\"b07f7203-829c-4a12-bca6-d49945f35ed3\" data-dt-img-description=\"\" data-large_image_width=\"1600\" data-large_image_height=\"1200\"href='https:\/\/www.radiopiu.net\/wordpress\/wp-content\/uploads\/2025\/02\/b07f7203-829c-4a12-bca6-d49945f35ed3.jpg'><img loading=\"lazy\" decoding=\"async\" width=\"150\" height=\"150\" src=\"https:\/\/www.radiopiu.net\/wordpress\/wp-content\/uploads\/2025\/02\/b07f7203-829c-4a12-bca6-d49945f35ed3-150x150.jpg\" class=\"attachment-thumbnail size-thumbnail\" alt=\"\" \/><\/a>\n\t\t\t\t<\/dt><\/dl><dl class='gallery-item'>\n\t\t\t\t<dt class='gallery-icon landscape'>\n\t\t\t\t\t<a class=\"rollover rollover-zoom dt-pswp-item\" title=\"a587e6d0-9373-46c7-a43a-c4e6b551aa6a\" data-dt-img-description=\"\" data-large_image_width=\"1599\" data-large_image_height=\"1186\"href='https:\/\/www.radiopiu.net\/wordpress\/wp-content\/uploads\/2025\/02\/a587e6d0-9373-46c7-a43a-c4e6b551aa6a.jpg'><img loading=\"lazy\" decoding=\"async\" width=\"150\" height=\"150\" src=\"https:\/\/www.radiopiu.net\/wordpress\/wp-content\/uploads\/2025\/02\/a587e6d0-9373-46c7-a43a-c4e6b551aa6a-150x150.jpg\" class=\"attachment-thumbnail size-thumbnail\" alt=\"\" \/><\/a>\n\t\t\t\t<\/dt><\/dl><dl class='gallery-item'>\n\t\t\t\t<dt class='gallery-icon landscape'>\n\t\t\t\t\t<a class=\"rollover rollover-zoom dt-pswp-item\" title=\"85a219a7-d9c7-4730-9628-1251f7d0e7ac\" data-dt-img-description=\"\" data-large_image_width=\"1600\" data-large_image_height=\"1200\"href='https:\/\/www.radiopiu.net\/wordpress\/wp-content\/uploads\/2025\/02\/85a219a7-d9c7-4730-9628-1251f7d0e7ac.jpg'><img loading=\"lazy\" decoding=\"async\" width=\"150\" height=\"150\" src=\"https:\/\/www.radiopiu.net\/wordpress\/wp-content\/uploads\/2025\/02\/85a219a7-d9c7-4730-9628-1251f7d0e7ac-150x150.jpg\" class=\"attachment-thumbnail size-thumbnail\" alt=\"\" \/><\/a>\n\t\t\t\t<\/dt><\/dl><dl class='gallery-item'>\n\t\t\t\t<dt class='gallery-icon landscape'>\n\t\t\t\t\t<a class=\"rollover rollover-zoom dt-pswp-item\" title=\"1a031838-520f-4494-8112-8524a908fb10\" data-dt-img-description=\"\" data-large_image_width=\"2048\" data-large_image_height=\"1536\"href='https:\/\/www.radiopiu.net\/wordpress\/wp-content\/uploads\/2025\/02\/1a031838-520f-4494-8112-8524a908fb10.jpg'><img loading=\"lazy\" decoding=\"async\" width=\"150\" height=\"150\" src=\"https:\/\/www.radiopiu.net\/wordpress\/wp-content\/uploads\/2025\/02\/1a031838-520f-4494-8112-8524a908fb10-150x150.jpg\" class=\"attachment-thumbnail size-thumbnail\" alt=\"\" \/><\/a>\n\t\t\t\t<\/dt><\/dl><br style=\"clear: both\" \/><dl class='gallery-item'>\n\t\t\t\t<dt class='gallery-icon landscape'>\n\t\t\t\t\t<a class=\"rollover rollover-zoom dt-pswp-item\" title=\"2bb84029-4894-4358-b672-ed90687903e7\" data-dt-img-description=\"\" data-large_image_width=\"1600\" data-large_image_height=\"1200\"href='https:\/\/www.radiopiu.net\/wordpress\/wp-content\/uploads\/2025\/02\/2bb84029-4894-4358-b672-ed90687903e7.jpg'><img loading=\"lazy\" decoding=\"async\" width=\"150\" height=\"150\" src=\"https:\/\/www.radiopiu.net\/wordpress\/wp-content\/uploads\/2025\/02\/2bb84029-4894-4358-b672-ed90687903e7-150x150.jpg\" class=\"attachment-thumbnail size-thumbnail\" alt=\"\" \/><\/a>\n\t\t\t\t<\/dt><\/dl><dl class='gallery-item'>\n\t\t\t\t<dt class='gallery-icon landscape'>\n\t\t\t\t\t<a class=\"rollover rollover-zoom dt-pswp-item\" title=\"2adeac24-1d19-47a5-8af3-37c31b1648e2\" data-dt-img-description=\"\" data-large_image_width=\"1599\" data-large_image_height=\"1186\"href='https:\/\/www.radiopiu.net\/wordpress\/wp-content\/uploads\/2025\/02\/2adeac24-1d19-47a5-8af3-37c31b1648e2.jpg'><img loading=\"lazy\" decoding=\"async\" width=\"150\" height=\"150\" src=\"https:\/\/www.radiopiu.net\/wordpress\/wp-content\/uploads\/2025\/02\/2adeac24-1d19-47a5-8af3-37c31b1648e2-150x150.jpg\" class=\"attachment-thumbnail size-thumbnail\" alt=\"\" \/><\/a>\n\t\t\t\t<\/dt><\/dl><dl class='gallery-item'>\n\t\t\t\t<dt class='gallery-icon landscape'>\n\t\t\t\t\t<a class=\"rollover rollover-zoom dt-pswp-item\" title=\"10ea2346-ebd0-49a6-b4c8-f14e13707973\" data-dt-img-description=\"\" data-large_image_width=\"1600\" data-large_image_height=\"1200\"href='https:\/\/www.radiopiu.net\/wordpress\/wp-content\/uploads\/2025\/02\/10ea2346-ebd0-49a6-b4c8-f14e13707973.jpg'><img loading=\"lazy\" decoding=\"async\" width=\"150\" height=\"150\" src=\"https:\/\/www.radiopiu.net\/wordpress\/wp-content\/uploads\/2025\/02\/10ea2346-ebd0-49a6-b4c8-f14e13707973-150x150.jpg\" class=\"attachment-thumbnail size-thumbnail\" alt=\"\" \/><\/a>\n\t\t\t\t<\/dt><\/dl><dl class='gallery-item'>\n\t\t\t\t<dt class='gallery-icon landscape'>\n\t\t\t\t\t<a class=\"rollover rollover-zoom dt-pswp-item\" title=\"03c36848-0f98-4fbf-a00d-7f896cc86331\" data-dt-img-description=\"\" data-large_image_width=\"1600\" data-large_image_height=\"1200\"href='https:\/\/www.radiopiu.net\/wordpress\/wp-content\/uploads\/2025\/02\/03c36848-0f98-4fbf-a00d-7f896cc86331.jpg'><img loading=\"lazy\" decoding=\"async\" width=\"150\" height=\"150\" src=\"https:\/\/www.radiopiu.net\/wordpress\/wp-content\/uploads\/2025\/02\/03c36848-0f98-4fbf-a00d-7f896cc86331-150x150.jpg\" class=\"attachment-thumbnail size-thumbnail\" alt=\"\" \/><\/a>\n\t\t\t\t<\/dt><\/dl><dl class='gallery-item'>\n\t\t\t\t<dt class='gallery-icon landscape'>\n\t\t\t\t\t<a class=\"rollover rollover-zoom dt-pswp-item\" title=\"ca76e2ce-c792-40b5-8eeb-83013110e0d3\" data-dt-img-description=\"\" data-large_image_width=\"1600\" data-large_image_height=\"1200\"href='https:\/\/www.radiopiu.net\/wordpress\/wp-content\/uploads\/2025\/02\/ca76e2ce-c792-40b5-8eeb-83013110e0d3.jpg'><img loading=\"lazy\" decoding=\"async\" width=\"150\" height=\"150\" src=\"https:\/\/www.radiopiu.net\/wordpress\/wp-content\/uploads\/2025\/02\/ca76e2ce-c792-40b5-8eeb-83013110e0d3-150x150.jpg\" class=\"attachment-thumbnail size-thumbnail\" alt=\"\" \/><\/a>\n\t\t\t\t<\/dt><\/dl><br style=\"clear: both\" \/><dl class='gallery-item'>\n\t\t\t\t<dt class='gallery-icon landscape'>\n\t\t\t\t\t<a class=\"rollover rollover-zoom dt-pswp-item\" title=\"a5fe6f60-44fc-4388-8a28-c51857c20eb7\" data-dt-img-description=\"\" data-large_image_width=\"1600\" data-large_image_height=\"1200\"href='https:\/\/www.radiopiu.net\/wordpress\/wp-content\/uploads\/2025\/02\/a5fe6f60-44fc-4388-8a28-c51857c20eb7.jpg'><img loading=\"lazy\" decoding=\"async\" width=\"150\" height=\"150\" src=\"https:\/\/www.radiopiu.net\/wordpress\/wp-content\/uploads\/2025\/02\/a5fe6f60-44fc-4388-8a28-c51857c20eb7-150x150.jpg\" class=\"attachment-thumbnail size-thumbnail\" alt=\"\" \/><\/a>\n\t\t\t\t<\/dt><\/dl><dl class='gallery-item'>\n\t\t\t\t<dt class='gallery-icon landscape'>\n\t\t\t\t\t<a class=\"rollover rollover-zoom dt-pswp-item\" title=\"f08b4092-3d3a-42a4-a50f-6337bf58146c\" data-dt-img-description=\"\" data-large_image_width=\"1600\" data-large_image_height=\"1200\"href='https:\/\/www.radiopiu.net\/wordpress\/wp-content\/uploads\/2025\/02\/f08b4092-3d3a-42a4-a50f-6337bf58146c.jpg'><img loading=\"lazy\" decoding=\"async\" width=\"150\" height=\"150\" src=\"https:\/\/www.radiopiu.net\/wordpress\/wp-content\/uploads\/2025\/02\/f08b4092-3d3a-42a4-a50f-6337bf58146c-150x150.jpg\" class=\"attachment-thumbnail size-thumbnail\" alt=\"\" \/><\/a>\n\t\t\t\t<\/dt><\/dl><dl class='gallery-item'>\n\t\t\t\t<dt class='gallery-icon landscape'>\n\t\t\t\t\t<a class=\"rollover rollover-zoom dt-pswp-item\" title=\"48d5d824-95f2-4639-a097-9fcc9b03a0e5\" data-dt-img-description=\"\" data-large_image_width=\"1600\" data-large_image_height=\"1200\"href='https:\/\/www.radiopiu.net\/wordpress\/wp-content\/uploads\/2025\/02\/48d5d824-95f2-4639-a097-9fcc9b03a0e5.jpg'><img loading=\"lazy\" decoding=\"async\" width=\"150\" height=\"150\" src=\"https:\/\/www.radiopiu.net\/wordpress\/wp-content\/uploads\/2025\/02\/48d5d824-95f2-4639-a097-9fcc9b03a0e5-150x150.jpg\" class=\"attachment-thumbnail size-thumbnail\" alt=\"\" \/><\/a>\n\t\t\t\t<\/dt><\/dl><dl class='gallery-item'>\n\t\t\t\t<dt class='gallery-icon landscape'>\n\t\t\t\t\t<a class=\"rollover rollover-zoom dt-pswp-item\" title=\"c53e510d-8840-498d-8f46-c1cc1c1fc408\" data-dt-img-description=\"\" data-large_image_width=\"1600\" data-large_image_height=\"1200\"href='https:\/\/www.radiopiu.net\/wordpress\/wp-content\/uploads\/2025\/02\/c53e510d-8840-498d-8f46-c1cc1c1fc408.jpg'><img loading=\"lazy\" decoding=\"async\" width=\"150\" height=\"150\" src=\"https:\/\/www.radiopiu.net\/wordpress\/wp-content\/uploads\/2025\/02\/c53e510d-8840-498d-8f46-c1cc1c1fc408-150x150.jpg\" class=\"attachment-thumbnail size-thumbnail\" alt=\"\" \/><\/a>\n\t\t\t\t<\/dt><\/dl><dl class='gallery-item'>\n\t\t\t\t<dt class='gallery-icon landscape'>\n\t\t\t\t\t<a class=\"rollover rollover-zoom dt-pswp-item\" title=\"d7a0dc8c-cd35-40ce-aa6e-6b4ecd22b492\" data-dt-img-description=\"\" data-large_image_width=\"1600\" data-large_image_height=\"1200\"href='https:\/\/www.radiopiu.net\/wordpress\/wp-content\/uploads\/2025\/02\/d7a0dc8c-cd35-40ce-aa6e-6b4ecd22b492.jpg'><img loading=\"lazy\" decoding=\"async\" width=\"150\" height=\"150\" src=\"https:\/\/www.radiopiu.net\/wordpress\/wp-content\/uploads\/2025\/02\/d7a0dc8c-cd35-40ce-aa6e-6b4ecd22b492-150x150.jpg\" class=\"attachment-thumbnail size-thumbnail\" alt=\"\" \/><\/a>\n\t\t\t\t<\/dt><\/dl><br style=\"clear: both\" \/>\n\t\t\t<\/div>\n\n<p>&nbsp;<\/p>\n<p><iframe loading=\"lazy\" title=\"Mascorada De Laste 2025\" width=\"1200\" height=\"675\" src=\"https:\/\/www.youtube.com\/embed\/wKe75ffixPE?feature=oembed\" frameborder=\"0\" allow=\"accelerometer; autoplay; clipboard-write; encrypted-media; gyroscope; picture-in-picture; web-share\" referrerpolicy=\"strict-origin-when-cross-origin\" allowfullscreen><\/iframe><\/p>\n<p>&nbsp;<\/p>\n<hr \/>\n<p>&nbsp;<\/p>\n<blockquote>\n<h3>OLT DA RIVA E COMPAGNIA BELA 2025<\/h3>\n<\/blockquote>\n<p><strong>di Marina Don\u00e0<\/strong><\/p>\n<p><strong>RIVAMONTE<\/strong> Altra giornata di festa carnevalesca 2025. Questa volta la tappa \u00e8 a Rivamonte Agordino. Una domenica di musica e balli di vario genere, anche di gruppo, con tante maschere e con una partecipazione massiccia di pubblico. Tradotto &#8220;Olt da Riva&#8221; vuol dire &#8220;volti di Rivamonte&#8221;, visi che come da antica tradizione che risale al 1800, sono scolpiti nel legno. Tita Bressan \u00e8 colui che ha fatto riemergere nel luogo questa preziosa tradizione. Partendo dal ristorante Molin tutte le maschere e i simpatizzanti hanno formato un lunghissimo corteo, sfilando per le vie del paese per poi arrivare alla tappa finale davanti alla chiesa. La scelta di chiamare questa festa in questo modo \u00e8 per sottolineare un principio di inclusione dando la possibilit\u00e0 ai &#8220;olt da Riva&#8221;, di farsi ammirare ma di dare anche la possibilit\u00e0 di sfilare alla &#8220;compagnia bela&#8221;, ovvero le maschere pi\u00f9 &#8220;commerciali&#8221;. La giornata comprende anche una gara delle maschere suddivisa in tre categorie che sono: la maschera singola, la coppia e il gruppo mascherato.<\/p>\n\n\t\t\t<style type='text\/css'>\n\t\t\t\t#gallery-5 {\n\t\t\t\t\tmargin: auto;\n\t\t\t\t}\n\t\t\t\t#gallery-5 .gallery-item {\n\t\t\t\t\tfloat: left;\n\t\t\t\t\tmargin-top: 10px;\n\t\t\t\t\ttext-align: center;\n\t\t\t\t\twidth: 16%;\n\t\t\t\t}\n\t\t\t\t#gallery-5 img {\n\t\t\t\t\tborder: 2px solid #cfcfcf;\n\t\t\t\t}\n\t\t\t\t#gallery-5 .gallery-caption {\n\t\t\t\t\tmargin-left: 0;\n\t\t\t\t}\n\t\t\t\t\/* see gallery_shortcode() in wp-includes\/media.php *\/\n\t\t\t<\/style>\n\t\t<div id='gallery-5' class='dt-gallery-container gallery galleryid-435973 gallery-columns-6 gallery-size-thumbnail'><dl class='gallery-item'>\n\t\t\t\t<dt class='gallery-icon landscape'>\n\t\t\t\t\t<a class=\"rollover rollover-zoom dt-pswp-item\" title=\"98623662-ea7c-44f5-b09d-d3d47afdcf2a\" data-dt-img-description=\"\" data-large_image_width=\"760\" data-large_image_height=\"506\"href='https:\/\/www.radiopiu.net\/wordpress\/wp-content\/uploads\/2025\/02\/98623662-ea7c-44f5-b09d-d3d47afdcf2a.jpg'><img loading=\"lazy\" decoding=\"async\" width=\"150\" height=\"150\" src=\"https:\/\/www.radiopiu.net\/wordpress\/wp-content\/uploads\/2025\/02\/98623662-ea7c-44f5-b09d-d3d47afdcf2a-150x150.jpg\" class=\"attachment-thumbnail size-thumbnail\" alt=\"\" \/><\/a>\n\t\t\t\t<\/dt><\/dl><dl class='gallery-item'>\n\t\t\t\t<dt class='gallery-icon landscape'>\n\t\t\t\t\t<a class=\"rollover rollover-zoom dt-pswp-item\" title=\"16477a44-18a6-4120-bddf-17e7e9926f3f\" data-dt-img-description=\"\" data-large_image_width=\"1600\" data-large_image_height=\"1200\"href='https:\/\/www.radiopiu.net\/wordpress\/wp-content\/uploads\/2025\/02\/16477a44-18a6-4120-bddf-17e7e9926f3f.jpg'><img loading=\"lazy\" decoding=\"async\" width=\"150\" height=\"150\" src=\"https:\/\/www.radiopiu.net\/wordpress\/wp-content\/uploads\/2025\/02\/16477a44-18a6-4120-bddf-17e7e9926f3f-150x150.jpg\" class=\"attachment-thumbnail size-thumbnail\" alt=\"\" \/><\/a>\n\t\t\t\t<\/dt><\/dl><dl class='gallery-item'>\n\t\t\t\t<dt class='gallery-icon landscape'>\n\t\t\t\t\t<a class=\"rollover rollover-zoom dt-pswp-item\" title=\"03fdabf9-6493-42d5-82c8-82a7c41716a7\" data-dt-img-description=\"\" data-large_image_width=\"1599\" data-large_image_height=\"1186\"href='https:\/\/www.radiopiu.net\/wordpress\/wp-content\/uploads\/2025\/02\/03fdabf9-6493-42d5-82c8-82a7c41716a7.jpg'><img loading=\"lazy\" decoding=\"async\" width=\"150\" height=\"150\" src=\"https:\/\/www.radiopiu.net\/wordpress\/wp-content\/uploads\/2025\/02\/03fdabf9-6493-42d5-82c8-82a7c41716a7-150x150.jpg\" class=\"attachment-thumbnail size-thumbnail\" alt=\"\" \/><\/a>\n\t\t\t\t<\/dt><\/dl><dl class='gallery-item'>\n\t\t\t\t<dt class='gallery-icon landscape'>\n\t\t\t\t\t<a class=\"rollover rollover-zoom dt-pswp-item\" title=\"36035849-f175-4870-86f4-33ed27771d82\" data-dt-img-description=\"\" data-large_image_width=\"1599\" data-large_image_height=\"1186\"href='https:\/\/www.radiopiu.net\/wordpress\/wp-content\/uploads\/2025\/02\/36035849-f175-4870-86f4-33ed27771d82.jpg'><img loading=\"lazy\" decoding=\"async\" width=\"150\" height=\"150\" src=\"https:\/\/www.radiopiu.net\/wordpress\/wp-content\/uploads\/2025\/02\/36035849-f175-4870-86f4-33ed27771d82-150x150.jpg\" class=\"attachment-thumbnail size-thumbnail\" alt=\"\" \/><\/a>\n\t\t\t\t<\/dt><\/dl><dl class='gallery-item'>\n\t\t\t\t<dt class='gallery-icon landscape'>\n\t\t\t\t\t<a class=\"rollover rollover-zoom dt-pswp-item\" title=\"9721fa75-85fc-4185-93c0-169abee4c94e\" data-dt-img-description=\"\" data-large_image_width=\"1600\" data-large_image_height=\"1200\"href='https:\/\/www.radiopiu.net\/wordpress\/wp-content\/uploads\/2025\/02\/9721fa75-85fc-4185-93c0-169abee4c94e.jpg'><img loading=\"lazy\" decoding=\"async\" width=\"150\" height=\"150\" src=\"https:\/\/www.radiopiu.net\/wordpress\/wp-content\/uploads\/2025\/02\/9721fa75-85fc-4185-93c0-169abee4c94e-150x150.jpg\" class=\"attachment-thumbnail size-thumbnail\" alt=\"\" \/><\/a>\n\t\t\t\t<\/dt><\/dl><dl class='gallery-item'>\n\t\t\t\t<dt class='gallery-icon landscape'>\n\t\t\t\t\t<a class=\"rollover rollover-zoom dt-pswp-item\" title=\"4b755ee3-0c43-44c3-aa19-d66b8bd6cfad\" data-dt-img-description=\"\" data-large_image_width=\"1600\" data-large_image_height=\"1200\"href='https:\/\/www.radiopiu.net\/wordpress\/wp-content\/uploads\/2025\/02\/4b755ee3-0c43-44c3-aa19-d66b8bd6cfad.jpg'><img loading=\"lazy\" decoding=\"async\" width=\"150\" height=\"150\" src=\"https:\/\/www.radiopiu.net\/wordpress\/wp-content\/uploads\/2025\/02\/4b755ee3-0c43-44c3-aa19-d66b8bd6cfad-150x150.jpg\" class=\"attachment-thumbnail size-thumbnail\" alt=\"\" \/><\/a>\n\t\t\t\t<\/dt><\/dl><br style=\"clear: both\" \/>\n\t\t\t<\/div>\n\n<p>&nbsp;<\/p>\n<p><iframe loading=\"lazy\" title=\"OLT DA RIVA E COMPAGNIA BELA 2025\" width=\"1200\" height=\"675\" src=\"https:\/\/www.youtube.com\/embed\/nPAcuCoPLKc?feature=oembed\" frameborder=\"0\" allow=\"accelerometer; autoplay; clipboard-write; encrypted-media; gyroscope; picture-in-picture; web-share\" referrerpolicy=\"strict-origin-when-cross-origin\" allowfullscreen><\/iframe><\/p>\n<p>&nbsp;<\/p>\n<hr \/>\n<p>&nbsp;<\/p>\n<blockquote>\n<h2><a href=\"https:\/\/www.radiopiu.net\/wordpress\/wp-content\/uploads\/2025\/02\/wo6o5gsi.bmp\"><img loading=\"lazy\" decoding=\"async\" class=\"size-medium wp-image-434597 alignleft\" src=\"https:\/\/www.radiopiu.net\/wordpress\/wp-content\/uploads\/2025\/02\/wo6o5gsi-150x300.jpg\" alt=\"\" width=\"150\" height=\"300\" srcset=\"https:\/\/www.radiopiu.net\/wordpress\/wp-content\/uploads\/2025\/02\/wo6o5gsi-150x300.jpg 150w, https:\/\/www.radiopiu.net\/wordpress\/wp-content\/uploads\/2025\/02\/wo6o5gsi-513x1024.jpg 513w, https:\/\/www.radiopiu.net\/wordpress\/wp-content\/uploads\/2025\/02\/wo6o5gsi-768x1534.jpg 768w, https:\/\/www.radiopiu.net\/wordpress\/wp-content\/uploads\/2025\/02\/wo6o5gsi-769x1536.jpg 769w, https:\/\/www.radiopiu.net\/wordpress\/wp-content\/uploads\/2025\/02\/wo6o5gsi.bmp 801w\" sizes=\"auto, (max-width: 150px) 100vw, 150px\" \/><\/a>DOMENICA 2 MARZO, A CANALE D&#8217;AGORDO &#8220;LA ZINGHENESTA&#8221;<\/h2>\n<\/blockquote>\n<p>&nbsp;<\/p>\n<p><strong>CANALE D&#8217;AGORDO <\/strong>La <strong data-start=\"43\" data-end=\"58\">Zinghen\u00e9sta<\/strong> \u00e8 un&#8217;antica festa in maschera che si svolge a Canale d&#8217;Agordo, l&#8217;ultima domenica di Carnevale. Questa tradizione, risalente al XVIII secolo, \u00e8 stata ripresa nel 2013 dal comitato locale, riscuotendo un ampio consenso.\u00a0 Il termine &#8220;Zinghen\u00e9sta&#8221; si riferisce alla ragazza pi\u00f9 bella del paese, eletta annualmente regina della festa. Durante la celebrazione, la Zinghen\u00e9sta, vestita con abiti tradizionali riccamente decorati, guida una sfilata accompagnata da altre maschere tipiche, come i &#8220;Mati\u00e9i&#8221; e i &#8220;Lach\u00e8&#8221;. La festa prevede una serie di eventi, tra cui la sfilata per le vie del paese, balli tradizionali e il simbolico &#8220;processo al Carnevale&#8221;. La Zinghen\u00e9sta rappresenta un&#8217;occasione per la comunit\u00e0 di Canale d&#8217;Agordo di celebrare le proprie tradizioni culturali e folcloristiche, mantenendo vive usanze secolari e rafforzando l&#8217;identit\u00e0 locale. Particolarmente atteso il processo al Canevale. Appuntamento domenica 2 marzo, a Canale d&#8217;Agordo.<\/p>\n<p>&nbsp;<\/p>\n<hr \/>\n<p>&nbsp;<\/p>\n<blockquote>\n<h3>FRANCESCA MUSSOI EMOZIONA CENCENIGHE<\/h3>\n<\/blockquote>\n<p><strong>DI LUISA ALCHINI<\/strong><\/p>\n<p><strong>CENCENIGHE<\/strong> Quel solo di \u201cSono solo un albero\u201d a conti fatti non \u00e8 altro che l\u2019 ossimoro della grandezza di quel \u201cabete: rosso, a bordo strada, schiacciato tra un dirupo e un guardrail\u201d a cui l\u2019autrice ha dato anima, entrando nel suo pi\u00f9 profondo sentire, in ogni suo ramo, ogni radice e lo ha reso voce narrante di un incantevole romanzo che racconta anche di Vaia: \u201cil nome di questo mostro arrogante, bramoso di morte, senza esclusione di colpi\u201d che ha sconvolto e modificato forse per sempre le nostre foreste. Francesca Mussoi ha presentato il suo libro a Cencenighe in sala consigliare, sabato 22 febbraio su invito dell\u2019amministrazione comunale, della biblioteca, in collaborazione con il Centro Internazionale del Libro parlato di Feltre e Radio Pi\u00f9. Francesca ha spiegato come Vaia possa essere considerata metaforicamente una delle tempeste della vita che ci mettono a dura prova e che ci rendono resilienti proprio come Albero, altri messaggi sono stati veicolati durante l\u2019evento, scanditi dalle letture di Angela, Kati, Yvonne, Orietta con la piccola Rita Masiero, facenti parte del gruppo Libri Parlanti afferente al Cilp ODV di Feltre e che da tempo svolge la sua attivit\u00e0 di volontariato presso le strutture per anziani proponendo agli ospiti racconti e poesie . I giovani fratelli Elia e Davide Scardanzan hanno arricchito l\u2019incontro di note in perfetta armonia con il contesto, mentre Diego Da Rif ha illustrato i suoi scatti che unitamente a quelli di di Luca Zanfron sono raccolti in appendice del libro a testimonianza della devastazione di Vaia. Francesca da tempo rivolge la sua attenzione verso i pi\u00f9 giovani, meritevoli di \u201cascolto\u201d, da tempo scrive favole che diventano insegnamento anche per gli adulti, anche in questo suo primo romanzo mantiene il suo stile delicato, la storia d\u2019amore fra Aldo e Bianca viene raccontata con pudore quasi manzoniano, a cui purtroppo la letteratura moderna ci ha disabituato. La condivisione di profondi valori come quelli evocati da Francesca Mussoi necessita di un contesto accogliente e Cencenighe sabato ha offerto uno spaccato della sua comunit\u00e0 generosa, perch\u00e9 essere montanari non \u00e8 sinonimo di chiusura ma un privilegio da condividere<\/p>\n\n\t\t\t<style type='text\/css'>\n\t\t\t\t#gallery-6 {\n\t\t\t\t\tmargin: auto;\n\t\t\t\t}\n\t\t\t\t#gallery-6 .gallery-item {\n\t\t\t\t\tfloat: left;\n\t\t\t\t\tmargin-top: 10px;\n\t\t\t\t\ttext-align: center;\n\t\t\t\t\twidth: 25%;\n\t\t\t\t}\n\t\t\t\t#gallery-6 img {\n\t\t\t\t\tborder: 2px solid #cfcfcf;\n\t\t\t\t}\n\t\t\t\t#gallery-6 .gallery-caption {\n\t\t\t\t\tmargin-left: 0;\n\t\t\t\t}\n\t\t\t\t\/* see gallery_shortcode() in wp-includes\/media.php *\/\n\t\t\t<\/style>\n\t\t<div id='gallery-6' class='dt-gallery-container gallery galleryid-435973 gallery-columns-4 gallery-size-thumbnail'><dl class='gallery-item'>\n\t\t\t\t<dt class='gallery-icon landscape'>\n\t\t\t\t\t<a class=\"rollover rollover-zoom dt-pswp-item\" title=\"9e9c8713-f8b8-492d-8e43-ed272dde178e\" data-dt-img-description=\"\" data-large_image_width=\"1600\" data-large_image_height=\"720\"href='https:\/\/www.radiopiu.net\/wordpress\/wp-content\/uploads\/2025\/02\/9e9c8713-f8b8-492d-8e43-ed272dde178e.jpg'><img loading=\"lazy\" decoding=\"async\" width=\"150\" height=\"150\" src=\"https:\/\/www.radiopiu.net\/wordpress\/wp-content\/uploads\/2025\/02\/9e9c8713-f8b8-492d-8e43-ed272dde178e-150x150.jpg\" class=\"attachment-thumbnail size-thumbnail\" alt=\"\" \/><\/a>\n\t\t\t\t<\/dt><\/dl><dl class='gallery-item'>\n\t\t\t\t<dt class='gallery-icon portrait'>\n\t\t\t\t\t<a class=\"rollover rollover-zoom dt-pswp-item\" title=\"e13b4a0e-b16c-4970-829d-b559c8f9963e\" data-dt-img-description=\"\" data-large_image_width=\"720\" data-large_image_height=\"1600\"href='https:\/\/www.radiopiu.net\/wordpress\/wp-content\/uploads\/2025\/02\/e13b4a0e-b16c-4970-829d-b559c8f9963e.jpg'><img loading=\"lazy\" decoding=\"async\" width=\"150\" height=\"150\" src=\"https:\/\/www.radiopiu.net\/wordpress\/wp-content\/uploads\/2025\/02\/e13b4a0e-b16c-4970-829d-b559c8f9963e-150x150.jpg\" class=\"attachment-thumbnail size-thumbnail\" alt=\"\" \/><\/a>\n\t\t\t\t<\/dt><\/dl><dl class='gallery-item'>\n\t\t\t\t<dt class='gallery-icon landscape'>\n\t\t\t\t\t<a class=\"rollover rollover-zoom dt-pswp-item\" title=\"83a267d7-8c6e-4f96-a78d-ae819f2f7f8e\" data-dt-img-description=\"\" data-large_image_width=\"1600\" data-large_image_height=\"720\"href='https:\/\/www.radiopiu.net\/wordpress\/wp-content\/uploads\/2025\/02\/83a267d7-8c6e-4f96-a78d-ae819f2f7f8e.jpg'><img loading=\"lazy\" decoding=\"async\" width=\"150\" height=\"150\" src=\"https:\/\/www.radiopiu.net\/wordpress\/wp-content\/uploads\/2025\/02\/83a267d7-8c6e-4f96-a78d-ae819f2f7f8e-150x150.jpg\" class=\"attachment-thumbnail size-thumbnail\" alt=\"\" \/><\/a>\n\t\t\t\t<\/dt><\/dl><dl class='gallery-item'>\n\t\t\t\t<dt class='gallery-icon portrait'>\n\t\t\t\t\t<a class=\"rollover rollover-zoom dt-pswp-item\" title=\"8c455d5b-6234-4729-805e-1af81063aecb\" data-dt-img-description=\"\" data-large_image_width=\"631\" data-large_image_height=\"1260\"href='https:\/\/www.radiopiu.net\/wordpress\/wp-content\/uploads\/2025\/02\/8c455d5b-6234-4729-805e-1af81063aecb.jpg'><img loading=\"lazy\" decoding=\"async\" width=\"150\" height=\"150\" src=\"https:\/\/www.radiopiu.net\/wordpress\/wp-content\/uploads\/2025\/02\/8c455d5b-6234-4729-805e-1af81063aecb-150x150.jpg\" class=\"attachment-thumbnail size-thumbnail\" alt=\"\" \/><\/a>\n\t\t\t\t<\/dt><\/dl><br style=\"clear: both\" \/>\n\t\t\t<\/div>\n\n<p>&nbsp;<\/p>\n<p>&nbsp;<\/p>\n<p>&nbsp;<\/p>\n<hr \/>\n<p>&nbsp;<\/p>\n<blockquote>\n<h3>MARIO VIELMO, IL PRIMO ALPINISTA VENETO DEI 14 OTTOMILA, AL NOF FILO&#8217; DI CENCENIGHE<\/h3>\n<\/blockquote>\n<p><strong><a class=\"dt-pswp-item\" href=\"https:\/\/www.radiopiu.net\/wordpress\/wp-content\/uploads\/2025\/02\/Mario-in-vetta-al-Nanga-Parbat-8126m-3-luglio-2023-ore-1630.png\" data-dt-img-description=\"\" data-large_image_width=\"1434\" data-large_image_height=\"893\"><img loading=\"lazy\" decoding=\"async\" class=\" wp-image-436157 alignleft\" src=\"https:\/\/www.radiopiu.net\/wordpress\/wp-content\/uploads\/2025\/02\/Mario-in-vetta-al-Nanga-Parbat-8126m-3-luglio-2023-ore-1630-300x187.png\" alt=\"\" width=\"191\" height=\"119\" srcset=\"https:\/\/www.radiopiu.net\/wordpress\/wp-content\/uploads\/2025\/02\/Mario-in-vetta-al-Nanga-Parbat-8126m-3-luglio-2023-ore-1630-300x187.png 300w, https:\/\/www.radiopiu.net\/wordpress\/wp-content\/uploads\/2025\/02\/Mario-in-vetta-al-Nanga-Parbat-8126m-3-luglio-2023-ore-1630-1024x638.png 1024w, https:\/\/www.radiopiu.net\/wordpress\/wp-content\/uploads\/2025\/02\/Mario-in-vetta-al-Nanga-Parbat-8126m-3-luglio-2023-ore-1630-768x478.png 768w, https:\/\/www.radiopiu.net\/wordpress\/wp-content\/uploads\/2025\/02\/Mario-in-vetta-al-Nanga-Parbat-8126m-3-luglio-2023-ore-1630.png 1434w\" sizes=\"auto, (max-width: 191px) 100vw, 191px\" \/><\/a>CENCENIGHE<\/strong> Il Gruppo Amici della Montagna di Cencenighe, con il patrocinio del Comune, organizza una serata con l&#8217;alpinista Mario Vielmo, primo veneto a scalare tutti i 14 ottomila della Terra. L&#8217;evento, intitolato <em data-start=\"204\" data-end=\"271\">&#8220;Mario Vielmo, una vita per gli ottomila in Himalaya e Karakorum&#8221;<\/em>, si terr\u00e0 sabato 1\u00b0 marzo alle 20:45 presso il Nof Fil\u00f2 di Cencenighe Agordino, con ingresso libero. Vielmo, nato a Lonigo nel 1964, ha completato la sua impresa nell\u2019ottobre 2024 con la scalata dello Shisha Pangma (8.027 m). Il suo viaggio nelle alte quote \u00e8 iniziato nel 1996, raggiungendo il primo ottomila nel 1998. Durante la serata, moderata da Gianpaolo Soratroi, Vielmo racconter\u00e0 le sue esperienze con immagini e filmati. L&#8217;evento si inserisce nella tradizione del Gruppo Amici della Montagna, che da anni ospita alpinisti di fama internazionale. Sar\u00e0 un\u2019occasione per conoscere da vicino uno dei pi\u00f9 grandi alpinisti italiani e il lato umano delle sue imprese.<\/p>\n<p>&nbsp;<\/p>\n<p>&nbsp;<\/p>\n<hr \/>\n<p>&nbsp;<\/p>\n<blockquote>\n<p data-start=\"0\" data-end=\"60\"><strong data-start=\"0\" data-end=\"58\">Longarone: corso gratuito per l\u2019uso del defibrillatore<\/strong><\/p>\n<\/blockquote>\n<p><strong>LONGARONE<\/strong> si terr\u00e0 a marzo un corso gratuito B.L.S.D. (Basic Life Support and Defibrillation) per insegnare l\u2019uso del defibrillatore semiautomatico esterno e le tecniche di rianimazione.<\/p>\n<p>&nbsp;<\/p>\n<p>&nbsp;<\/p>\n<hr \/>\n<p>&nbsp;<\/p>\n<blockquote>\n<h3>LA PEDONATA DI CARNEVALE A BELLUNO<\/h3>\n<\/blockquote>\n<p><strong>BELLUNO<\/strong> Il 4 marzo 2024 si terr\u00e0 la terza edizione della Pedonata Mascherata, un evento dedicato principalmente ai bambini delle scuole elementari e medie, che animer\u00e0 il centro storico con spettacoli, giochi e sport.<\/p>\n<p>&nbsp;<\/p>\n<p>&nbsp;<\/p>\n<hr \/>\n<p>&nbsp;<\/p>\n<blockquote>\n<h3>SI PARLA DI DANTE AL CIRCOLO CULTURALE LA TERRA DEI PADRI<\/h3>\n<\/blockquote>\n<p><strong>BELLUNO <\/strong>Il Circolo culturale \u201cLa Terra dei Padri \u2013 Belluno APS\u201d, in collaborazione con la Lega Nazionale \u2013 Delegazione di Belluno, organizza un ciclo di conferenze intitolato <strong data-start=\"167\" data-end=\"209\">\u201cDante e l\u2019eredit\u00e0 del mondo classico\u201d<\/strong>. La prof.ssa <strong data-start=\"226\" data-end=\"256\">Rosetta Girotto Cannarella<\/strong>, ex docente di greco e latino al Liceo Classico \u201cTiziano\u201d di Belluno, guider\u00e0 tre incontri (20 e 27 marzo, 3 aprile 2025, dalle 18:00 alle 19:00)<\/p>\n<p>&nbsp;<\/p>\n<hr \/>\n<p>&nbsp;<\/p>\n<h1><span style=\"color: #ff6600;\">IERI ALLA RADIO\u00a0\u00a0<\/span><\/h1>\n<h2><span style=\"color: #808000;\">DUE MINUTI PER TE<\/span><\/h2>\n<p><strong><a class=\"dt-pswp-item\" href=\"https:\/\/www.radiopiu.net\/wordpress\/wp-content\/uploads\/2020\/12\/DON-GIORGIO-LISE.jpg\" data-dt-img-description=\"\" data-large_image_width=\"1600\" data-large_image_height=\"901\"><img loading=\"lazy\" decoding=\"async\" class=\" wp-image-177420 alignleft\" src=\"https:\/\/www.radiopiu.net\/wordpress\/wp-content\/uploads\/2020\/12\/DON-GIORGIO-LISE-300x169.jpg\" alt=\"\" width=\"185\" height=\"104\" srcset=\"https:\/\/www.radiopiu.net\/wordpress\/wp-content\/uploads\/2020\/12\/DON-GIORGIO-LISE-300x169.jpg 300w, https:\/\/www.radiopiu.net\/wordpress\/wp-content\/uploads\/2020\/12\/DON-GIORGIO-LISE-1024x577.jpg 1024w, https:\/\/www.radiopiu.net\/wordpress\/wp-content\/uploads\/2020\/12\/DON-GIORGIO-LISE-768x432.jpg 768w, https:\/\/www.radiopiu.net\/wordpress\/wp-content\/uploads\/2020\/12\/DON-GIORGIO-LISE-1536x865.jpg 1536w, https:\/\/www.radiopiu.net\/wordpress\/wp-content\/uploads\/2020\/12\/DON-GIORGIO-LISE.jpg 1600w\" sizes=\"auto, (max-width: 185px) 100vw, 185px\" \/><\/a>APPUNTAMENTO DELLA DOMENICA CON IL PENSIERO DI MONSIGNOR GIORGIO LISE<\/strong><\/p>\n<audio class=\"wp-audio-shortcode\" id=\"audio-435973-9\" preload=\"none\" style=\"width: 100%;\" controls=\"controls\"><source type=\"audio\/mpeg\" src=\"https:\/\/www.radiopiu.net\/wordpress\/wp-content\/uploads\/2025\/02\/DON-GIORGIO-3.mp3?_=9\" \/><a href=\"https:\/\/www.radiopiu.net\/wordpress\/wp-content\/uploads\/2025\/02\/DON-GIORGIO-3.mp3\">https:\/\/www.radiopiu.net\/wordpress\/wp-content\/uploads\/2025\/02\/DON-GIORGIO-3.mp3<\/a><\/audio>\n<p>&nbsp;<\/p>\n<h2><span style=\"color: #00ccff;\">LA RASSEGNA STAMPA DA L&#8217;AMICO DEL POPOLO<\/span><\/h2>\n<p><strong><a class=\"dt-pswp-item\" href=\"https:\/\/www.radiopiu.net\/wordpress\/wp-content\/uploads\/2025\/02\/10ea2346-ebd0-49a6-b4c8-f14e13707973.jpg\" data-dt-img-description=\"\" data-large_image_width=\"1600\" data-large_image_height=\"1200\"><img loading=\"lazy\" decoding=\"async\" class=\" wp-image-436095 alignleft\" src=\"https:\/\/www.radiopiu.net\/wordpress\/wp-content\/uploads\/2025\/02\/10ea2346-ebd0-49a6-b4c8-f14e13707973-300x225.jpg\" alt=\"\" width=\"183\" height=\"137\" srcset=\"https:\/\/www.radiopiu.net\/wordpress\/wp-content\/uploads\/2025\/02\/10ea2346-ebd0-49a6-b4c8-f14e13707973-300x225.jpg 300w, https:\/\/www.radiopiu.net\/wordpress\/wp-content\/uploads\/2025\/02\/10ea2346-ebd0-49a6-b4c8-f14e13707973-1024x768.jpg 1024w, https:\/\/www.radiopiu.net\/wordpress\/wp-content\/uploads\/2025\/02\/10ea2346-ebd0-49a6-b4c8-f14e13707973-768x576.jpg 768w, https:\/\/www.radiopiu.net\/wordpress\/wp-content\/uploads\/2025\/02\/10ea2346-ebd0-49a6-b4c8-f14e13707973-1536x1152.jpg 1536w, https:\/\/www.radiopiu.net\/wordpress\/wp-content\/uploads\/2025\/02\/10ea2346-ebd0-49a6-b4c8-f14e13707973.jpg 1600w\" sizes=\"auto, (max-width: 183px) 100vw, 183px\" \/><\/a>DI GIANNI SANTOMASO<\/strong><\/p>\n<p>OSPITE: Gabriele Riva<\/p>\n<audio class=\"wp-audio-shortcode\" id=\"audio-435973-10\" preload=\"none\" style=\"width: 100%;\" controls=\"controls\"><source type=\"audio\/mpeg\" src=\"https:\/\/www.radiopiu.net\/wordpress\/wp-content\/uploads\/2025\/02\/RASSEGNA-GIANNI-2.mp3?_=10\" \/><a href=\"https:\/\/www.radiopiu.net\/wordpress\/wp-content\/uploads\/2025\/02\/RASSEGNA-GIANNI-2.mp3\">https:\/\/www.radiopiu.net\/wordpress\/wp-content\/uploads\/2025\/02\/RASSEGNA-GIANNI-2.mp3<\/a><\/audio>\n<blockquote class=\"wp-embedded-content\" data-secret=\"FwwbJyCLy5\"><p><a href=\"https:\/\/www.radiopiu.net\/wordpress\/piu-siamo-con-marina-puntate-dal-17-al-21-febbraio-2025\/\">PIU&#8217; SIAMO&#8230;CON MARINA &#8211; PUNTATE DAL 17 AL 21 FEBBRAIO 2025<\/a><\/p><\/blockquote>\n<p><iframe loading=\"lazy\" class=\"wp-embedded-content\" sandbox=\"allow-scripts\" security=\"restricted\" style=\"position: absolute; visibility: hidden;\" title=\"&#8220;PIU&#8217; SIAMO&#8230;CON MARINA &#8211; PUNTATE DAL 17 AL 21 FEBBRAIO 2025&#8221; &#8212; Radio Pi\u00f9\" src=\"https:\/\/www.radiopiu.net\/wordpress\/piu-siamo-con-marina-puntate-dal-17-al-21-febbraio-2025\/embed\/#?secret=y697v0AliT#?secret=FwwbJyCLy5\" data-secret=\"FwwbJyCLy5\" width=\"600\" height=\"338\" frameborder=\"0\" marginwidth=\"0\" marginheight=\"0\" scrolling=\"no\"><\/iframe><\/p>\n<p>&nbsp;<\/p>\n<hr \/>\n<p>&nbsp;<\/p>\n<h2><span style=\"color: #ff0000;\"><a class=\"dt-pswp-item\" href=\"https:\/\/www.radiopiu.net\/wordpress\/wp-content\/uploads\/2018\/09\/appuntamenti.jpeg\" data-dt-img-description=\"\" data-large_image_width=\"800\" data-large_image_height=\"100\"><img loading=\"lazy\" decoding=\"async\" class=\"wp-image-61958 size-full aligncenter\" src=\"https:\/\/www.radiopiu.net\/wordpress\/wp-content\/uploads\/2018\/09\/appuntamenti.jpeg\" alt=\"\" width=\"800\" height=\"100\" srcset=\"https:\/\/www.radiopiu.net\/wordpress\/wp-content\/uploads\/2018\/09\/appuntamenti.jpeg 800w, https:\/\/www.radiopiu.net\/wordpress\/wp-content\/uploads\/2018\/09\/appuntamenti-300x38.jpeg 300w, https:\/\/www.radiopiu.net\/wordpress\/wp-content\/uploads\/2018\/09\/appuntamenti-768x96.jpeg 768w\" sizes=\"auto, (max-width: 800px) 100vw, 800px\" \/><\/a><\/span><\/h2>\n<h3 dir=\"auto\"><\/h3>\n<blockquote>\n<h3>IL SAVE THE DATE FESTIVAL CALA IL POKER&#8230;PREZIOSO AL RIFUGIO LARESEI<\/h3>\n<\/blockquote>\n<p><strong>FALCADE <\/strong>Continua il conto alla rovescia per il Save The Date Festival 2025, in programma il 29 marzo al Rifugio Laresei. Dopo aver annunciato gli attesi ospiti Mario Fargetta, Marco Melandri e Walter Pizzulli, arriva la ciliegina sulla torta: Giorgio Prezioso torna a 2260 metri d&#8217;altitudine per infiammare la montagna con il suo sound inconfondibile! Tra scratch, beat e adrenalina, il Rifugio Laresei si trasforma in una pista da ballo a cielo aperto. La montagna non \u00e8 mai stata cos\u00ec clubbing. Ci vediamo in vetta\u2026 siete pronti a scatenarvi?<\/p>\n\n\t\t\t<style type='text\/css'>\n\t\t\t\t#gallery-7 {\n\t\t\t\t\tmargin: auto;\n\t\t\t\t}\n\t\t\t\t#gallery-7 .gallery-item {\n\t\t\t\t\tfloat: left;\n\t\t\t\t\tmargin-top: 10px;\n\t\t\t\t\ttext-align: center;\n\t\t\t\t\twidth: 25%;\n\t\t\t\t}\n\t\t\t\t#gallery-7 img {\n\t\t\t\t\tborder: 2px solid #cfcfcf;\n\t\t\t\t}\n\t\t\t\t#gallery-7 .gallery-caption {\n\t\t\t\t\tmargin-left: 0;\n\t\t\t\t}\n\t\t\t\t\/* see gallery_shortcode() in wp-includes\/media.php *\/\n\t\t\t<\/style>\n\t\t<div id='gallery-7' class='dt-gallery-container gallery galleryid-435973 gallery-columns-4 gallery-size-medium'><dl class='gallery-item'>\n\t\t\t\t<dt class='gallery-icon portrait'>\n\t\t\t\t\t<a class=\"rollover rollover-zoom dt-pswp-item\" title=\"475351389_122191419572160269_4819090400106529375_n\" data-dt-img-description=\"\" data-large_image_width=\"1024\" data-large_image_height=\"1280\"href='https:\/\/www.radiopiu.net\/wordpress\/wp-content\/uploads\/2025\/02\/475351389_122191419572160269_4819090400106529375_n.jpg'><img loading=\"lazy\" decoding=\"async\" width=\"240\" height=\"300\" src=\"https:\/\/www.radiopiu.net\/wordpress\/wp-content\/uploads\/2025\/02\/475351389_122191419572160269_4819090400106529375_n-240x300.jpg\" class=\"attachment-medium size-medium\" alt=\"\" srcset=\"https:\/\/www.radiopiu.net\/wordpress\/wp-content\/uploads\/2025\/02\/475351389_122191419572160269_4819090400106529375_n-240x300.jpg 240w, https:\/\/www.radiopiu.net\/wordpress\/wp-content\/uploads\/2025\/02\/475351389_122191419572160269_4819090400106529375_n-819x1024.jpg 819w, https:\/\/www.radiopiu.net\/wordpress\/wp-content\/uploads\/2025\/02\/475351389_122191419572160269_4819090400106529375_n-768x960.jpg 768w, https:\/\/www.radiopiu.net\/wordpress\/wp-content\/uploads\/2025\/02\/475351389_122191419572160269_4819090400106529375_n.jpg 1024w\" sizes=\"auto, (max-width: 240px) 100vw, 240px\" \/><\/a>\n\t\t\t\t<\/dt><\/dl><dl class='gallery-item'>\n\t\t\t\t<dt class='gallery-icon portrait'>\n\t\t\t\t\t<a class=\"rollover rollover-zoom dt-pswp-item\" title=\"70222334-5cff-4d4b-9ab9-a2a79305f2f3\" data-dt-img-description=\"\" data-large_image_width=\"1024\" data-large_image_height=\"1280\"href='https:\/\/www.radiopiu.net\/wordpress\/wp-content\/uploads\/2025\/02\/70222334-5cff-4d4b-9ab9-a2a79305f2f3.jpg'><img loading=\"lazy\" decoding=\"async\" width=\"240\" height=\"300\" src=\"https:\/\/www.radiopiu.net\/wordpress\/wp-content\/uploads\/2025\/02\/70222334-5cff-4d4b-9ab9-a2a79305f2f3-240x300.jpg\" class=\"attachment-medium size-medium\" alt=\"\" srcset=\"https:\/\/www.radiopiu.net\/wordpress\/wp-content\/uploads\/2025\/02\/70222334-5cff-4d4b-9ab9-a2a79305f2f3-240x300.jpg 240w, https:\/\/www.radiopiu.net\/wordpress\/wp-content\/uploads\/2025\/02\/70222334-5cff-4d4b-9ab9-a2a79305f2f3-819x1024.jpg 819w, https:\/\/www.radiopiu.net\/wordpress\/wp-content\/uploads\/2025\/02\/70222334-5cff-4d4b-9ab9-a2a79305f2f3-768x960.jpg 768w, https:\/\/www.radiopiu.net\/wordpress\/wp-content\/uploads\/2025\/02\/70222334-5cff-4d4b-9ab9-a2a79305f2f3.jpg 1024w\" sizes=\"auto, (max-width: 240px) 100vw, 240px\" \/><\/a>\n\t\t\t\t<\/dt><\/dl><dl class='gallery-item'>\n\t\t\t\t<dt class='gallery-icon portrait'>\n\t\t\t\t\t<a class=\"rollover rollover-zoom dt-pswp-item\" title=\"480483463_122191800596160269_7748395789965067962_n\" data-dt-img-description=\"\" data-large_image_width=\"1024\" data-large_image_height=\"1280\"href='https:\/\/www.radiopiu.net\/wordpress\/wp-content\/uploads\/2025\/02\/480483463_122191800596160269_7748395789965067962_n.jpg'><img loading=\"lazy\" decoding=\"async\" width=\"240\" height=\"300\" src=\"https:\/\/www.radiopiu.net\/wordpress\/wp-content\/uploads\/2025\/02\/480483463_122191800596160269_7748395789965067962_n-240x300.jpg\" class=\"attachment-medium size-medium\" alt=\"\" srcset=\"https:\/\/www.radiopiu.net\/wordpress\/wp-content\/uploads\/2025\/02\/480483463_122191800596160269_7748395789965067962_n-240x300.jpg 240w, https:\/\/www.radiopiu.net\/wordpress\/wp-content\/uploads\/2025\/02\/480483463_122191800596160269_7748395789965067962_n-819x1024.jpg 819w, https:\/\/www.radiopiu.net\/wordpress\/wp-content\/uploads\/2025\/02\/480483463_122191800596160269_7748395789965067962_n-768x960.jpg 768w, https:\/\/www.radiopiu.net\/wordpress\/wp-content\/uploads\/2025\/02\/480483463_122191800596160269_7748395789965067962_n.jpg 1024w\" sizes=\"auto, (max-width: 240px) 100vw, 240px\" \/><\/a>\n\t\t\t\t<\/dt><\/dl><dl class='gallery-item'>\n\t\t\t\t<dt class='gallery-icon portrait'>\n\t\t\t\t\t<a class=\"rollover rollover-zoom dt-pswp-item\" title=\"480755395_122191974356160269_922264644982884143_n\" data-dt-img-description=\"\" data-large_image_width=\"1024\" data-large_image_height=\"1280\"href='https:\/\/www.radiopiu.net\/wordpress\/wp-content\/uploads\/2025\/02\/480755395_122191974356160269_922264644982884143_n.jpg'><img loading=\"lazy\" decoding=\"async\" width=\"240\" height=\"300\" src=\"https:\/\/www.radiopiu.net\/wordpress\/wp-content\/uploads\/2025\/02\/480755395_122191974356160269_922264644982884143_n-240x300.jpg\" class=\"attachment-medium size-medium\" alt=\"\" srcset=\"https:\/\/www.radiopiu.net\/wordpress\/wp-content\/uploads\/2025\/02\/480755395_122191974356160269_922264644982884143_n-240x300.jpg 240w, https:\/\/www.radiopiu.net\/wordpress\/wp-content\/uploads\/2025\/02\/480755395_122191974356160269_922264644982884143_n-819x1024.jpg 819w, https:\/\/www.radiopiu.net\/wordpress\/wp-content\/uploads\/2025\/02\/480755395_122191974356160269_922264644982884143_n-768x960.jpg 768w, https:\/\/www.radiopiu.net\/wordpress\/wp-content\/uploads\/2025\/02\/480755395_122191974356160269_922264644982884143_n.jpg 1024w\" sizes=\"auto, (max-width: 240px) 100vw, 240px\" \/><\/a>\n\t\t\t\t<\/dt><\/dl><br style=\"clear: both\" \/>\n\t\t\t<\/div>\n\n<p>&nbsp;<\/p>\n<div>\n<div class=\"\" dir=\"auto\">\n<div id=\":r9h:\" class=\"x1iorvi4 x1pi30zi x1l90r2v x1swvt13\" data-ad-comet-preview=\"message\" data-ad-preview=\"message\">\n<div>\n<div class=\"\" dir=\"auto\">\n<div id=\":r9h:\" class=\"x1iorvi4 x1pi30zi x1l90r2v x1swvt13\" data-ad-comet-preview=\"message\" data-ad-preview=\"message\">\n<div>\n<div class=\"\" dir=\"auto\">\n<div id=\":r9h:\" class=\"x1iorvi4 x1pi30zi x1l90r2v x1swvt13\" data-ad-comet-preview=\"message\" data-ad-preview=\"message\">\n<div>\n<div class=\"\" dir=\"auto\">\n<div id=\":r9h:\" class=\"x1iorvi4 x1pi30zi x1l90r2v x1swvt13\" data-ad-comet-preview=\"message\" data-ad-preview=\"message\">\n<div>\n<div class=\"\" dir=\"auto\">\n<div id=\":r9h:\" class=\"x1iorvi4 x1pi30zi x1l90r2v x1swvt13\" data-ad-comet-preview=\"message\" data-ad-preview=\"message\">\n<div>\n<div class=\"\" dir=\"auto\">\n<div id=\":r9h:\" class=\"x1iorvi4 x1pi30zi x1l90r2v x1swvt13\" data-ad-comet-preview=\"message\" data-ad-preview=\"message\">\n<div class=\"xdj266r x11i5rnm xat24cr x1mh8g0r x1vvkbs x126k92a\">\n<div dir=\"auto\"><\/div>\n<\/div>\n<div>\n<div class=\"\" dir=\"auto\">\n<div id=\":r9h:\" class=\"x1iorvi4 x1pi30zi x1l90r2v x1swvt13\" data-ad-comet-preview=\"message\" data-ad-preview=\"message\">\n<div>\n<div class=\"\" dir=\"auto\">\n<div id=\":r9h:\" class=\"x1iorvi4 x1pi30zi x1l90r2v x1swvt13\" data-ad-comet-preview=\"message\" data-ad-preview=\"message\">\n\n\t\t\t<style type='text\/css'>\n\t\t\t\t#gallery-8 {\n\t\t\t\t\tmargin: auto;\n\t\t\t\t}\n\t\t\t\t#gallery-8 .gallery-item {\n\t\t\t\t\tfloat: left;\n\t\t\t\t\tmargin-top: 10px;\n\t\t\t\t\ttext-align: center;\n\t\t\t\t\twidth: 20%;\n\t\t\t\t}\n\t\t\t\t#gallery-8 img {\n\t\t\t\t\tborder: 2px solid #cfcfcf;\n\t\t\t\t}\n\t\t\t\t#gallery-8 .gallery-caption {\n\t\t\t\t\tmargin-left: 0;\n\t\t\t\t}\n\t\t\t\t\/* see gallery_shortcode() in wp-includes\/media.php *\/\n\t\t\t<\/style>\n\t\t<div id='gallery-8' class='dt-gallery-container gallery galleryid-435973 gallery-columns-5 gallery-size-thumbnail'><dl class='gallery-item'>\n\t\t\t\t<dt class='gallery-icon portrait'>\n\t\t\t\t\t<a class=\"rollover rollover-zoom dt-pswp-item\" title=\"0d697062-7b39-4820-a861-eb7f477a25ef\" data-dt-img-description=\"\" data-large_image_width=\"960\" data-large_image_height=\"1200\"href='https:\/\/www.radiopiu.net\/wordpress\/wp-content\/uploads\/2025\/02\/0d697062-7b39-4820-a861-eb7f477a25ef.jpg'><img loading=\"lazy\" decoding=\"async\" width=\"150\" height=\"150\" src=\"https:\/\/www.radiopiu.net\/wordpress\/wp-content\/uploads\/2025\/02\/0d697062-7b39-4820-a861-eb7f477a25ef-150x150.jpg\" class=\"attachment-thumbnail size-thumbnail\" alt=\"\" \/><\/a>\n\t\t\t\t<\/dt><\/dl><dl class='gallery-item'>\n\t\t\t\t<dt class='gallery-icon portrait'>\n\t\t\t\t\t<a class=\"rollover rollover-zoom dt-pswp-item\" title=\"Immagine WhatsApp 2025-02-17 ore 22.25.23_139ab6c1\" data-dt-img-description=\"\" data-large_image_width=\"1241\" data-large_image_height=\"1754\"href='https:\/\/www.radiopiu.net\/wordpress\/wp-content\/uploads\/2025\/02\/Immagine-WhatsApp-2025-02-17-ore-22.25.23_139ab6c1.jpg'><img loading=\"lazy\" decoding=\"async\" width=\"150\" height=\"150\" src=\"https:\/\/www.radiopiu.net\/wordpress\/wp-content\/uploads\/2025\/02\/Immagine-WhatsApp-2025-02-17-ore-22.25.23_139ab6c1-150x150.jpg\" class=\"attachment-thumbnail size-thumbnail\" alt=\"\" \/><\/a>\n\t\t\t\t<\/dt><\/dl><dl class='gallery-item'>\n\t\t\t\t<dt class='gallery-icon portrait'>\n\t\t\t\t\t<a class=\"rollover rollover-zoom dt-pswp-item\" title=\"wo6o5gsi\" data-dt-img-description=\"\" data-large_image_width=\"801\" data-large_image_height=\"1600\"href='https:\/\/www.radiopiu.net\/wordpress\/wp-content\/uploads\/2025\/02\/wo6o5gsi.bmp'><img loading=\"lazy\" decoding=\"async\" width=\"150\" height=\"150\" src=\"https:\/\/www.radiopiu.net\/wordpress\/wp-content\/uploads\/2025\/02\/wo6o5gsi-150x150.jpg\" class=\"attachment-thumbnail size-thumbnail\" alt=\"\" aria-describedby=\"gallery-8-434597\" \/><\/a>\n\t\t\t\t<\/dt>\n\t\t\t\t\t<dd class='wp-caption-text gallery-caption' id='gallery-8-434597'>\n\t\t\t\t\t2 MARZO\n\t\t\t\t\t<\/dd><\/dl><dl class='gallery-item'>\n\t\t\t\t<dt class='gallery-icon portrait'>\n\t\t\t\t\t<a class=\"rollover rollover-zoom dt-pswp-item\" title=\"dad1d0d2-12e8-494a-9390-929e17ce5985\" data-dt-img-description=\"\" data-large_image_width=\"900\" data-large_image_height=\"1600\"href='https:\/\/www.radiopiu.net\/wordpress\/wp-content\/uploads\/2025\/01\/dad1d0d2-12e8-494a-9390-929e17ce5985.jpg'><img loading=\"lazy\" decoding=\"async\" width=\"150\" height=\"150\" src=\"https:\/\/www.radiopiu.net\/wordpress\/wp-content\/uploads\/2025\/01\/dad1d0d2-12e8-494a-9390-929e17ce5985-150x150.jpg\" class=\"attachment-thumbnail size-thumbnail\" alt=\"\" \/><\/a>\n\t\t\t\t<\/dt><\/dl><dl class='gallery-item'>\n\t\t\t\t<dt class='gallery-icon portrait'>\n\t\t\t\t\t<a class=\"rollover rollover-zoom dt-pswp-item\" title=\"Senza nome\" data-dt-img-description=\"\" data-large_image_width=\"569\" data-large_image_height=\"801\"href='https:\/\/www.radiopiu.net\/wordpress\/wp-content\/uploads\/2025\/02\/Senza-nome-23.png'><img loading=\"lazy\" decoding=\"async\" width=\"150\" height=\"150\" src=\"https:\/\/www.radiopiu.net\/wordpress\/wp-content\/uploads\/2025\/02\/Senza-nome-23-150x150.png\" class=\"attachment-thumbnail size-thumbnail\" alt=\"\" \/><\/a>\n\t\t\t\t<\/dt><\/dl><br style=\"clear: both\" \/><dl class='gallery-item'>\n\t\t\t\t<dt class='gallery-icon portrait'>\n\t\t\t\t\t<a class=\"rollover rollover-zoom dt-pswp-item\" title=\"GDLKJGAOY\" data-dt-img-description=\"\" data-large_image_width=\"1080\" data-large_image_height=\"1158\"href='https:\/\/www.radiopiu.net\/wordpress\/wp-content\/uploads\/2025\/02\/GDLKJGAOY.jpg'><img loading=\"lazy\" decoding=\"async\" width=\"150\" height=\"150\" src=\"https:\/\/www.radiopiu.net\/wordpress\/wp-content\/uploads\/2025\/02\/GDLKJGAOY-150x150.jpg\" class=\"attachment-thumbnail size-thumbnail\" alt=\"\" \/><\/a>\n\t\t\t\t<\/dt><\/dl><dl class='gallery-item'>\n\t\t\t\t<dt class='gallery-icon portrait'>\n\t\t\t\t\t<a class=\"rollover rollover-zoom dt-pswp-item\" title=\"L59DYKs0vbbX\" data-dt-img-description=\"\" data-large_image_width=\"600\" data-large_image_height=\"848\"href='https:\/\/www.radiopiu.net\/wordpress\/wp-content\/uploads\/2025\/02\/L59DYKs0vbbX.jpg'><img loading=\"lazy\" decoding=\"async\" width=\"150\" height=\"150\" src=\"https:\/\/www.radiopiu.net\/wordpress\/wp-content\/uploads\/2025\/02\/L59DYKs0vbbX-150x150.jpg\" class=\"attachment-thumbnail size-thumbnail\" alt=\"\" \/><\/a>\n\t\t\t\t<\/dt><\/dl><dl class='gallery-item'>\n\t\t\t\t<dt class='gallery-icon portrait'>\n\t\t\t\t\t<a class=\"rollover rollover-zoom dt-pswp-item\" title=\"2487092a-44e2-4f98-95d9-fc75c526c499\" data-dt-img-description=\"\" data-large_image_width=\"1131\" data-large_image_height=\"1600\"href='https:\/\/www.radiopiu.net\/wordpress\/wp-content\/uploads\/2025\/02\/2487092a-44e2-4f98-95d9-fc75c526c499.jpg'><img loading=\"lazy\" decoding=\"async\" width=\"150\" height=\"150\" src=\"https:\/\/www.radiopiu.net\/wordpress\/wp-content\/uploads\/2025\/02\/2487092a-44e2-4f98-95d9-fc75c526c499-150x150.jpg\" class=\"attachment-thumbnail size-thumbnail\" alt=\"\" \/><\/a>\n\t\t\t\t<\/dt><\/dl><dl class='gallery-item'>\n\t\t\t\t<dt class='gallery-icon portrait'>\n\t\t\t\t\t<a class=\"rollover rollover-zoom dt-pswp-item\" title=\"Assaggi di libri marzo 2025\" data-dt-img-description=\"\" data-large_image_width=\"1240\" data-large_image_height=\"1754\"href='https:\/\/www.radiopiu.net\/wordpress\/wp-content\/uploads\/2025\/02\/Assaggi-di-libri-marzo-2025.jpg'><img loading=\"lazy\" decoding=\"async\" width=\"150\" height=\"150\" src=\"https:\/\/www.radiopiu.net\/wordpress\/wp-content\/uploads\/2025\/02\/Assaggi-di-libri-marzo-2025-150x150.jpg\" class=\"attachment-thumbnail size-thumbnail\" alt=\"\" \/><\/a>\n\t\t\t\t<\/dt><\/dl><dl class='gallery-item'>\n\t\t\t\t<dt class='gallery-icon portrait'>\n\t\t\t\t\t<a class=\"rollover rollover-zoom dt-pswp-item\" title=\"Carneval dei boce 2025\" data-dt-img-description=\"\" data-large_image_width=\"1414\" data-large_image_height=\"2000\"href='https:\/\/www.radiopiu.net\/wordpress\/wp-content\/uploads\/2025\/02\/Carneval-dei-boce-2025.png'><img loading=\"lazy\" decoding=\"async\" width=\"150\" height=\"150\" src=\"https:\/\/www.radiopiu.net\/wordpress\/wp-content\/uploads\/2025\/02\/Carneval-dei-boce-2025-150x150.png\" class=\"attachment-thumbnail size-thumbnail\" alt=\"\" \/><\/a>\n\t\t\t\t<\/dt><\/dl><br style=\"clear: both\" \/><dl class='gallery-item'>\n\t\t\t\t<dt class='gallery-icon portrait'>\n\t\t\t\t\t<a class=\"rollover rollover-zoom dt-pswp-item\" title=\"Carnevale 2025\" data-dt-img-description=\"\" data-large_image_width=\"1414\" data-large_image_height=\"2000\"href='https:\/\/www.radiopiu.net\/wordpress\/wp-content\/uploads\/2025\/02\/Carnevale-2025-1.png'><img loading=\"lazy\" decoding=\"async\" width=\"150\" height=\"150\" src=\"https:\/\/www.radiopiu.net\/wordpress\/wp-content\/uploads\/2025\/02\/Carnevale-2025-1-150x150.png\" class=\"attachment-thumbnail size-thumbnail\" alt=\"\" \/><\/a>\n\t\t\t\t<\/dt><\/dl><dl class='gallery-item'>\n\t\t\t\t<dt class='gallery-icon portrait'>\n\t\t\t\t\t<a class=\"rollover rollover-zoom dt-pswp-item\" title=\"f2e45630-52c0-478c-94b5-bb24dd41ebdf\" data-dt-img-description=\"\" data-large_image_width=\"384\" data-large_image_height=\"551\"href='https:\/\/www.radiopiu.net\/wordpress\/wp-content\/uploads\/2025\/02\/f2e45630-52c0-478c-94b5-bb24dd41ebdf.jpg'><img loading=\"lazy\" decoding=\"async\" width=\"150\" height=\"150\" src=\"https:\/\/www.radiopiu.net\/wordpress\/wp-content\/uploads\/2025\/02\/f2e45630-52c0-478c-94b5-bb24dd41ebdf-150x150.jpg\" class=\"attachment-thumbnail size-thumbnail\" alt=\"\" \/><\/a>\n\t\t\t\t<\/dt><\/dl><dl class='gallery-item'>\n\t\t\t\t<dt class='gallery-icon portrait'>\n\t\t\t\t\t<a class=\"rollover rollover-zoom dt-pswp-item\" title=\"Locandina laboratorio creativo 01.03.2025 (2)\" data-dt-img-description=\"\" data-large_image_width=\"1414\" data-large_image_height=\"2000\"href='https:\/\/www.radiopiu.net\/wordpress\/wp-content\/uploads\/2025\/02\/Locandina-laboratorio-creativo-01.03.2025-2.jpg'><img loading=\"lazy\" decoding=\"async\" width=\"150\" height=\"150\" src=\"https:\/\/www.radiopiu.net\/wordpress\/wp-content\/uploads\/2025\/02\/Locandina-laboratorio-creativo-01.03.2025-2-150x150.jpg\" class=\"attachment-thumbnail size-thumbnail\" alt=\"\" \/><\/a>\n\t\t\t\t<\/dt><\/dl>\n\t\t\t\t<br style='clear: both' \/>\n\t\t\t<\/div>\n\n<p>&nbsp;<\/p>\n<p>&nbsp;<\/p>\n<\/div>\n<\/div>\n<\/div>\n<\/div>\n<\/div>\n<\/div>\n<\/div>\n<\/div>\n<\/div>\n<\/div>\n<\/div>\n<\/div>\n<p>&nbsp;<\/p>\n<\/div>\n<\/div>\n<\/div>\n<\/div>\n<\/div>\n<\/div>\n<\/div>\n<\/div>\n<\/div>\n<\/div>\n<\/div>\n<\/div>\n<hr \/>\n<p>&nbsp;<\/p>\n<p class=\"mceTemp\"><a class=\"dt-pswp-item\" href=\"https:\/\/www.radiopiu.net\/wordpress\/wp-content\/uploads\/2018\/09\/WhatsApp-Image-2018-09-20-at-16.04.06.jpeg\" data-dt-img-description=\"\" data-large_image_width=\"800\" data-large_image_height=\"100\"><img loading=\"lazy\" decoding=\"async\" class=\"wp-image-61378 size-full aligncenter\" src=\"https:\/\/www.radiopiu.net\/wordpress\/wp-content\/uploads\/2018\/09\/WhatsApp-Image-2018-09-20-at-16.04.06.jpeg\" alt=\"\" width=\"800\" height=\"100\" srcset=\"https:\/\/www.radiopiu.net\/wordpress\/wp-content\/uploads\/2018\/09\/WhatsApp-Image-2018-09-20-at-16.04.06.jpeg 800w, https:\/\/www.radiopiu.net\/wordpress\/wp-content\/uploads\/2018\/09\/WhatsApp-Image-2018-09-20-at-16.04.06-300x38.jpeg 300w, https:\/\/www.radiopiu.net\/wordpress\/wp-content\/uploads\/2018\/09\/WhatsApp-Image-2018-09-20-at-16.04.06-768x96.jpeg 768w\" sizes=\"auto, (max-width: 800px) 100vw, 800px\" \/><\/a><\/p>\n<p><center><\/center><center><\/center>&nbsp;<\/p>\n<p><center><\/center><center><b>OGGI<\/b><\/center>Inizialmente piuttosto soleggiato, in giornata transito di sottili e innocue nubi alte e aumento della nuvolosit\u00e0 al pomeriggio\/sera anche per nubi medie e medio basse. Possibili foschie e qualche banco di nebbia nelle ore pi\u00f9 fredde in alcune valli prealpine.<br \/>\n<b>Precipitazioni: <\/b>Assenti<br \/>\n<b>Temperature: <\/b>Nelle valli senza notevoli variazioni o in lieve calo le massime; in quota in moderato calo.<\/p>\n<hr \/>\n<p><center><b>DOMANI<\/b><\/center>Tempo variabile in un contesto prevalentemente nuvoloso caratterizzato da annuvolamenti e qualche parziale schiarita. Possibili modesti fenomeni sparsi, soprattutto verso sera. Contesto termico diurno pi\u00f9 freddo rispetto a luned\u00ec.<br \/>\n<b>Precipitazioni: <\/b>Al mattino assenti; al pomeriggio e soprattutto verso sera possibili deboli fenomeni, nevosi oltre i 1400\/1500 m, a quote un po&#8217; inferiori in caso di maggiore intensit\u00e0, specie nelle valli dolomitiche chiuse.<br \/>\n<b>Temperature: <\/b>Nelle valli minime in aumento e massime in calo; in quota in lieve calo.<\/p>\n<hr \/>\n<p><center><b>MERCOLEDI<\/b><\/center>Cielo molto nuvoloso o coperto, con fenomeni a tratti diffusi perlopi\u00f9 deboli, con neve oltre i 1400\/1600 m sulle Prealpi e sui settori dolomitici aperti, a quote inferiori in qualche valle dolomitica specie in caso di maggiore intensit\u00e0. Temperature diurne in calo nelle valli.<\/p>\n<hr \/>\n<p><center><b>GIOVEDI<\/b><\/center>Sensibile miglioramento, con qualche residuo sporadico fenomeno nelle prime ore della notte, con rasserenamenti ampi gi\u00e0 al mattino. Temperature minime in calo nelle valli, massime in contenuto aumento per effetto del soleggiamento.<\/p>\n<p>&nbsp;<\/p>\n<hr \/>\n<p>&nbsp;<\/p>\n<p class=\"mceTemp\"><a class=\"dt-pswp-item\" href=\"https:\/\/www.radiopiu.net\/wordpress\/wp-content\/uploads\/2018\/09\/sport.jpg\" data-dt-img-description=\"\" data-large_image_width=\"800\" data-large_image_height=\"100\"><img loading=\"lazy\" decoding=\"async\" class=\"aligncenter wp-image-60761 size-full\" src=\"https:\/\/www.radiopiu.net\/wordpress\/wp-content\/uploads\/2018\/09\/sport.jpg\" alt=\"\" width=\"800\" height=\"100\" srcset=\"https:\/\/www.radiopiu.net\/wordpress\/wp-content\/uploads\/2018\/09\/sport.jpg 800w, https:\/\/www.radiopiu.net\/wordpress\/wp-content\/uploads\/2018\/09\/sport-300x38.jpg 300w, https:\/\/www.radiopiu.net\/wordpress\/wp-content\/uploads\/2018\/09\/sport-768x96.jpg 768w\" sizes=\"auto, (max-width: 800px) 100vw, 800px\" \/> <\/a><\/p>\n<p class=\"mceTemp\"><span style=\"color: #0000ff;\"><strong>\u00a0 \u00a0 \u00a0<\/strong><\/span><\/p>\n<p><a class=\"dt-pswp-item\" href=\"https:\/\/www.radiopiu.net\/wordpress\/wp-content\/uploads\/2025\/02\/CHIARA.png\" data-dt-img-description=\"\" data-large_image_width=\"561\" data-large_image_height=\"335\"><img loading=\"lazy\" decoding=\"async\" class=\"wp-image-436269 alignleft\" src=\"https:\/\/www.radiopiu.net\/wordpress\/wp-content\/uploads\/2025\/02\/CHIARA-300x179.png\" alt=\"\" width=\"220\" height=\"131\" srcset=\"https:\/\/www.radiopiu.net\/wordpress\/wp-content\/uploads\/2025\/02\/CHIARA-300x179.png 300w, https:\/\/www.radiopiu.net\/wordpress\/wp-content\/uploads\/2025\/02\/CHIARA.png 561w\" sizes=\"auto, (max-width: 220px) 100vw, 220px\" \/><\/a>CALCIO FEMMINILE<\/p>\n<div class=\"page-title-head hgroup\">\n<h3 class=\"entry-title\">FRATTURA COMPOSTA PER CHIARA, NECESSARIO IL GESSO<\/h3>\n<p><strong>FELTRE<\/strong> Chiara Conedera, l&#8217;agordina in forza alla Dolomiti Women (campionato eccellezza femminile) ha concluso la giornata in ospedale dopo la partita con il Saronevaca, per lei frattura composta del persone e dovr\u00e0 mettere il gesso. Nella stessa partita infortunio anche per Chiara de Valerio.<\/p>\n<p>&nbsp;<\/p>\n<\/div>\n<div class=\"page-title-head hgroup\"><\/div>\n<p><span style=\"color: #0000ff;\"><strong>HOCKEY SU GHIACCIO<\/strong><\/span><\/p>\n<blockquote>\n<h3>L&#8217;ALLEGHE DILAGA E SI AGGIUDICA IL DERBY CONTRO UN FELTRE CON LA TESTA AI PLAYOFF<\/h3>\n<\/blockquote>\n<p><strong>di Marco Gaz<\/strong><\/p>\n<p><span style=\"color: #ff0000;\"><strong>IHL \u2013 10\u00b0 GIORNATA MASTER ROUND<\/strong><\/span><\/p>\n<p><strong>ALLEGHE \u2013 FELTRE 7-2<\/strong><\/p>\n<p>PARZIALI: 2-1, 4-0, 1-1<\/p>\n<p>GOL: pt. 3\u201917\u201d Kadlec, 5\u201935\u201d Aleksandrov, 18\u201931\u201d Moberg. st. 4\u201914\u201d, 12\u201926\u201d e 15\u201937\u201d \u00a0Moberg, 13\u201947\u201d Podolskiy. tt. 16\u201905\u201d Broch, 16\u201928\u201d Makela<\/p>\n<p><img loading=\"lazy\" decoding=\"async\" class=\"alignleft\" src=\"https:\/\/www.radiopiu.net\/wordpress\/wp-content\/uploads\/2025\/02\/480714462_3820632328152065_8543522792760954241_n.jpg\" width=\"232\" height=\"174\" \/>DI PAOLO SOPPELSA<\/p>\n<div class=\"page-title-head hgroup\">\n<p>&#8230;da segnalare l&#8217;assoluta antisportivit\u00e0 della squadra del Feltre che all&#8217;inizio del secondo tempo si \u00e8 presentata sul ghiaccio con met\u00e0 squadra. Una decisione presa evidentemente al fine di evitare infortuni e squalifiche in previsione dei playoff. Un gesto che disonora lo sport, una mancanza di rispetto nei confronti del tanto pubblico che questa sera affolla le tribune del De Toni. In tanti anni di hockey non avevo mai assistito ad una sceneggiata cos\u00ec misera. Anche l&#8217;Alleghe avrebbe potuto comportarsi cos\u00ec, ma non l&#8217;ha fatto perch\u00e9 evidentemente possiede un&#8217;etica sportiva che al Feltre manca. Spiace assistere a comportamenti simili; Feltre, questa sera avete dimostrato di essere una squadra piccola piccola, questa sera \u00e8 stata scritta una brutta pagina di storia dell&#8217;hockey su ghiaccio&#8230;&#8221;<\/p>\n<\/div>\n<div class=\"page-title-head hgroup\"><\/div>\n<p><strong>LE FOTO DI MATTEO FLORIDIA<\/strong><\/p>\n\n\t\t\t<style type='text\/css'>\n\t\t\t\t#gallery-9 {\n\t\t\t\t\tmargin: auto;\n\t\t\t\t}\n\t\t\t\t#gallery-9 .gallery-item {\n\t\t\t\t\tfloat: left;\n\t\t\t\t\tmargin-top: 10px;\n\t\t\t\t\ttext-align: center;\n\t\t\t\t\twidth: 33%;\n\t\t\t\t}\n\t\t\t\t#gallery-9 img {\n\t\t\t\t\tborder: 2px solid #cfcfcf;\n\t\t\t\t}\n\t\t\t\t#gallery-9 .gallery-caption {\n\t\t\t\t\tmargin-left: 0;\n\t\t\t\t}\n\t\t\t\t\/* see gallery_shortcode() in wp-includes\/media.php *\/\n\t\t\t<\/style>\n\t\t<div id='gallery-9' class='dt-gallery-container gallery galleryid-435973 gallery-columns-3 gallery-size-medium'><dl class='gallery-item'>\n\t\t\t\t<dt class='gallery-icon landscape'>\n\t\t\t\t\t<a class=\"rollover rollover-zoom dt-pswp-item\" title=\"D3S_8008\" data-dt-img-description=\"\" data-large_image_width=\"2000\" data-large_image_height=\"1410\"href='https:\/\/www.radiopiu.net\/wordpress\/wp-content\/uploads\/2025\/02\/D3S_8008.jpg'><img loading=\"lazy\" decoding=\"async\" width=\"300\" height=\"212\" src=\"https:\/\/www.radiopiu.net\/wordpress\/wp-content\/uploads\/2025\/02\/D3S_8008-300x212.jpg\" class=\"attachment-medium size-medium\" alt=\"\" srcset=\"https:\/\/www.radiopiu.net\/wordpress\/wp-content\/uploads\/2025\/02\/D3S_8008-300x212.jpg 300w, https:\/\/www.radiopiu.net\/wordpress\/wp-content\/uploads\/2025\/02\/D3S_8008-1024x722.jpg 1024w, https:\/\/www.radiopiu.net\/wordpress\/wp-content\/uploads\/2025\/02\/D3S_8008-768x541.jpg 768w, https:\/\/www.radiopiu.net\/wordpress\/wp-content\/uploads\/2025\/02\/D3S_8008-1536x1083.jpg 1536w, https:\/\/www.radiopiu.net\/wordpress\/wp-content\/uploads\/2025\/02\/D3S_8008.jpg 2000w\" sizes=\"auto, (max-width: 300px) 100vw, 300px\" \/><\/a>\n\t\t\t\t<\/dt><\/dl><dl class='gallery-item'>\n\t\t\t\t<dt class='gallery-icon landscape'>\n\t\t\t\t\t<a class=\"rollover rollover-zoom dt-pswp-item\" title=\"D3S_8097\" data-dt-img-description=\"\" data-large_image_width=\"2000\" data-large_image_height=\"1398\"href='https:\/\/www.radiopiu.net\/wordpress\/wp-content\/uploads\/2025\/02\/D3S_8097.jpg'><img loading=\"lazy\" decoding=\"async\" width=\"300\" height=\"210\" src=\"https:\/\/www.radiopiu.net\/wordpress\/wp-content\/uploads\/2025\/02\/D3S_8097-300x210.jpg\" class=\"attachment-medium size-medium\" alt=\"\" srcset=\"https:\/\/www.radiopiu.net\/wordpress\/wp-content\/uploads\/2025\/02\/D3S_8097-300x210.jpg 300w, https:\/\/www.radiopiu.net\/wordpress\/wp-content\/uploads\/2025\/02\/D3S_8097-1024x716.jpg 1024w, https:\/\/www.radiopiu.net\/wordpress\/wp-content\/uploads\/2025\/02\/D3S_8097-768x537.jpg 768w, https:\/\/www.radiopiu.net\/wordpress\/wp-content\/uploads\/2025\/02\/D3S_8097-1536x1074.jpg 1536w, https:\/\/www.radiopiu.net\/wordpress\/wp-content\/uploads\/2025\/02\/D3S_8097.jpg 2000w\" sizes=\"auto, (max-width: 300px) 100vw, 300px\" \/><\/a>\n\t\t\t\t<\/dt><\/dl><dl class='gallery-item'>\n\t\t\t\t<dt class='gallery-icon landscape'>\n\t\t\t\t\t<a class=\"rollover rollover-zoom dt-pswp-item\" title=\"D3S_8113\" data-dt-img-description=\"\" data-large_image_width=\"2000\" data-large_image_height=\"1253\"href='https:\/\/www.radiopiu.net\/wordpress\/wp-content\/uploads\/2025\/02\/D3S_8113.jpg'><img loading=\"lazy\" decoding=\"async\" width=\"300\" height=\"188\" src=\"https:\/\/www.radiopiu.net\/wordpress\/wp-content\/uploads\/2025\/02\/D3S_8113-300x188.jpg\" class=\"attachment-medium size-medium\" alt=\"\" srcset=\"https:\/\/www.radiopiu.net\/wordpress\/wp-content\/uploads\/2025\/02\/D3S_8113-300x188.jpg 300w, https:\/\/www.radiopiu.net\/wordpress\/wp-content\/uploads\/2025\/02\/D3S_8113-1024x642.jpg 1024w, https:\/\/www.radiopiu.net\/wordpress\/wp-content\/uploads\/2025\/02\/D3S_8113-768x481.jpg 768w, https:\/\/www.radiopiu.net\/wordpress\/wp-content\/uploads\/2025\/02\/D3S_8113-1536x962.jpg 1536w, https:\/\/www.radiopiu.net\/wordpress\/wp-content\/uploads\/2025\/02\/D3S_8113.jpg 2000w\" sizes=\"auto, (max-width: 300px) 100vw, 300px\" \/><\/a>\n\t\t\t\t<\/dt><\/dl><br style=\"clear: both\" \/><dl class='gallery-item'>\n\t\t\t\t<dt class='gallery-icon landscape'>\n\t\t\t\t\t<a class=\"rollover rollover-zoom dt-pswp-item\" title=\"D3S_8139\" data-dt-img-description=\"\" data-large_image_width=\"2000\" data-large_image_height=\"1401\"href='https:\/\/www.radiopiu.net\/wordpress\/wp-content\/uploads\/2025\/02\/D3S_8139.jpg'><img loading=\"lazy\" decoding=\"async\" width=\"300\" height=\"210\" src=\"https:\/\/www.radiopiu.net\/wordpress\/wp-content\/uploads\/2025\/02\/D3S_8139-300x210.jpg\" class=\"attachment-medium size-medium\" alt=\"\" srcset=\"https:\/\/www.radiopiu.net\/wordpress\/wp-content\/uploads\/2025\/02\/D3S_8139-300x210.jpg 300w, https:\/\/www.radiopiu.net\/wordpress\/wp-content\/uploads\/2025\/02\/D3S_8139-1024x717.jpg 1024w, https:\/\/www.radiopiu.net\/wordpress\/wp-content\/uploads\/2025\/02\/D3S_8139-768x538.jpg 768w, https:\/\/www.radiopiu.net\/wordpress\/wp-content\/uploads\/2025\/02\/D3S_8139-1536x1076.jpg 1536w, https:\/\/www.radiopiu.net\/wordpress\/wp-content\/uploads\/2025\/02\/D3S_8139.jpg 2000w\" sizes=\"auto, (max-width: 300px) 100vw, 300px\" \/><\/a>\n\t\t\t\t<\/dt><\/dl><dl class='gallery-item'>\n\t\t\t\t<dt class='gallery-icon landscape'>\n\t\t\t\t\t<a class=\"rollover rollover-zoom dt-pswp-item\" title=\"D3S_8163\" data-dt-img-description=\"\" data-large_image_width=\"2000\" data-large_image_height=\"1331\"href='https:\/\/www.radiopiu.net\/wordpress\/wp-content\/uploads\/2025\/02\/D3S_8163.jpg'><img loading=\"lazy\" decoding=\"async\" width=\"300\" height=\"200\" src=\"https:\/\/www.radiopiu.net\/wordpress\/wp-content\/uploads\/2025\/02\/D3S_8163-300x200.jpg\" class=\"attachment-medium size-medium\" alt=\"\" srcset=\"https:\/\/www.radiopiu.net\/wordpress\/wp-content\/uploads\/2025\/02\/D3S_8163-300x200.jpg 300w, https:\/\/www.radiopiu.net\/wordpress\/wp-content\/uploads\/2025\/02\/D3S_8163-1024x681.jpg 1024w, https:\/\/www.radiopiu.net\/wordpress\/wp-content\/uploads\/2025\/02\/D3S_8163-768x511.jpg 768w, https:\/\/www.radiopiu.net\/wordpress\/wp-content\/uploads\/2025\/02\/D3S_8163-1536x1022.jpg 1536w, https:\/\/www.radiopiu.net\/wordpress\/wp-content\/uploads\/2025\/02\/D3S_8163.jpg 2000w\" sizes=\"auto, (max-width: 300px) 100vw, 300px\" \/><\/a>\n\t\t\t\t<\/dt><\/dl><dl class='gallery-item'>\n\t\t\t\t<dt class='gallery-icon landscape'>\n\t\t\t\t\t<a class=\"rollover rollover-zoom dt-pswp-item\" title=\"D3S_8172\" data-dt-img-description=\"\" data-large_image_width=\"2000\" data-large_image_height=\"1420\"href='https:\/\/www.radiopiu.net\/wordpress\/wp-content\/uploads\/2025\/02\/D3S_8172.jpg'><img loading=\"lazy\" decoding=\"async\" width=\"300\" height=\"213\" src=\"https:\/\/www.radiopiu.net\/wordpress\/wp-content\/uploads\/2025\/02\/D3S_8172-300x213.jpg\" class=\"attachment-medium size-medium\" alt=\"\" srcset=\"https:\/\/www.radiopiu.net\/wordpress\/wp-content\/uploads\/2025\/02\/D3S_8172-300x213.jpg 300w, https:\/\/www.radiopiu.net\/wordpress\/wp-content\/uploads\/2025\/02\/D3S_8172-1024x727.jpg 1024w, https:\/\/www.radiopiu.net\/wordpress\/wp-content\/uploads\/2025\/02\/D3S_8172-768x545.jpg 768w, https:\/\/www.radiopiu.net\/wordpress\/wp-content\/uploads\/2025\/02\/D3S_8172-1536x1091.jpg 1536w, https:\/\/www.radiopiu.net\/wordpress\/wp-content\/uploads\/2025\/02\/D3S_8172.jpg 2000w\" sizes=\"auto, (max-width: 300px) 100vw, 300px\" \/><\/a>\n\t\t\t\t<\/dt><\/dl><br style=\"clear: both\" \/>\n\t\t\t<\/div>\n\n<p><span style=\"color: #0000ff;\"><strong>CALCIO<\/strong><\/span><\/p>\n<blockquote>\n<h3>L&#8217;AGORDINA CALA IL POKER CON IL VALBOITE<\/h3>\n<\/blockquote>\n<p><strong><a class=\"dt-pswp-item\" href=\"https:\/\/www.radiopiu.net\/wordpress\/wp-content\/uploads\/2021\/11\/CALCIO-2021.jpg\" data-dt-img-description=\"\" data-large_image_width=\"2560\" data-large_image_height=\"1707\"><img loading=\"lazy\" decoding=\"async\" class=\" wp-image-242798 alignleft\" src=\"https:\/\/www.radiopiu.net\/wordpress\/wp-content\/uploads\/2021\/11\/CALCIO-2021-300x200.jpg\" alt=\"\" width=\"221\" height=\"147\" srcset=\"https:\/\/www.radiopiu.net\/wordpress\/wp-content\/uploads\/2021\/11\/CALCIO-2021-300x200.jpg 300w, https:\/\/www.radiopiu.net\/wordpress\/wp-content\/uploads\/2021\/11\/CALCIO-2021-1024x683.jpg 1024w, https:\/\/www.radiopiu.net\/wordpress\/wp-content\/uploads\/2021\/11\/CALCIO-2021-768x512.jpg 768w, https:\/\/www.radiopiu.net\/wordpress\/wp-content\/uploads\/2021\/11\/CALCIO-2021-1536x1024.jpg 1536w, https:\/\/www.radiopiu.net\/wordpress\/wp-content\/uploads\/2021\/11\/CALCIO-2021-2048x1366.jpg 2048w\" sizes=\"auto, (max-width: 221px) 100vw, 221px\" \/><\/a>DI MARCO GAZ<\/strong><\/p>\n<p><span style=\"color: #ff0000;\"><strong>TERZA CATEGORIA<\/strong><\/span><\/p>\n<p><strong>VALBOITE \u2013 AGORDINA 0-4<\/strong><\/p>\n<p><strong>GOL AGORDINA: <\/strong>Chiea, Dal Don, De Col\u00f2, Casera<\/p>\n<p>Dopo la sconfitta di misura della settimana scorsa contro l\u2019Auronzo in testa alla classifica, arrivano i primi 3 punti del 2025 per l\u2019Agordina di Terza Categoria. La squadra allenata da Davare cala il poker in casa del Valboite fanalino di coda del torneo. Inizia subito bene la sfida per gli agordini che passano in vantaggio con Chiea. Il gol sembra rassicurare i ragazzi di Agordo che non giocano bene per tutto il tempo restante della prima frazione. Al rientro dalla pausa l\u2019Agordina ingrana la marcia giusta trovando la seconda marcatura su calcio di rigore di Dal Don. Le occasioni non mancano per l\u2019Agordina che prende d\u2019assalto il Valboite e va a segno altre due volte con De Col\u00f2 e Casera.<\/p>\n<p><strong>LA CLASSIFICA:<\/strong> Auronzo 37, Fulgor Farra 32, Fortogna e Alpes Cesio 30, Tambre e Lamonese 27, Agordina e Dynamo Vellai 24, Piave 22, Valzoldana 18, Cortina 12, Bellunese 8, Cadore 6, Valboite 1<\/p>\n<p><span style=\"color: #008000;\"><strong>GIOVANILI AGORDINA<\/strong><\/span><\/p>\n<p><span style=\"color: #ff0000;\"><strong>JUNIORES<\/strong><\/span><\/p>\n<p><strong>LONGARONE\/ALPINA \u2013 AGORDINA 2-1<\/strong><\/p>\n<p>Il Longaronealpina conquista i tre punti con un successo per 2-1 sull&#8217;Agordina. Il vantaggio arriva nel primo tempo su calcio di rigore, mentre il raddoppio giunge a inizio ripresa con una spizzata di testa che sorprende De Nardin. L\u2019Agordina accorcia le distanze con Matthias Marcon dopo una splendida azione corale, ma il gol non basta per evitare la sconfitta.<\/p>\n<p><span style=\"color: #ff0000;\"><strong>ALLIEVI<\/strong><\/span><\/p>\n<p><strong>PIAVE \u2013 AGORDINA 2-3<\/strong><\/p>\n<p>Gli allievi dell\u2019Agordina tornano in campo a Salce, contro il Piave. La partita inizia bene con l\u2019Agordina che passa in vantaggio al 17\u2019 grazie alla trasformazione di Decima dal dischetto. Al 26\u2019 Mezzacasa e Soccol combinano e Soccol davanti al portiere non sbaglia. Dopo solo 4 giri d\u2019orologio Mezzacasa con il destro insacca la palla alla sinistra del portiere. Nel secondo tempo, per\u00f2, per i ragazzi di Agordo la partita prende una brutta piega: il Piave spinge e l\u2019Agordina si chiude in difesa. Arrivano cos\u00ec i due gol di De Menech al 54\u2019 e al 73\u2019, riaprendo il match. Nel finale, per\u00f2, gli ospiti riescono a difendere il vantaggio con ordine, portando a casa la vittoria per 3-2.<\/p>\n<p><span style=\"color: #ff0000;\"><strong>GIOVANISSIMI<\/strong><\/span><\/p>\n<p><strong>INIZIO GIRONE DI RITORNO IL 2 MARZO<\/strong><\/p>\n<p>&nbsp;<\/p>\n<p><span style=\"color: #0000ff;\"><strong>SCI ALPINISMO<\/strong><\/span><\/p>\n<blockquote>\n<h3>TROFEO SKI ALP 4 VALLI: ZANONER E ZULIAN RE E REGINA DELLA TAPPA DI MOENA<\/h3>\n<\/blockquote>\n<p><strong>DI MATTIA VALENTINI<\/strong><\/p>\n<h2><span style=\"color: #ff0000;\">TERZA TAPPA TROFEO SKI ALP 4 VALLI<\/span><\/h2>\n<p dir=\"ltr\"><a class=\"dt-pswp-item\" href=\"https:\/\/www.radiopiu.net\/wordpress\/wp-content\/uploads\/2025\/02\/IMG-20250221-WA0026-scaled.jpg\" data-dt-img-description=\"\" data-large_image_width=\"2560\" data-large_image_height=\"1840\"><img loading=\"lazy\" decoding=\"async\" class=\" wp-image-436056 alignleft\" src=\"https:\/\/www.radiopiu.net\/wordpress\/wp-content\/uploads\/2025\/02\/IMG-20250221-WA0026-300x216.jpg\" alt=\"\" width=\"207\" height=\"149\" srcset=\"https:\/\/www.radiopiu.net\/wordpress\/wp-content\/uploads\/2025\/02\/IMG-20250221-WA0026-300x216.jpg 300w, https:\/\/www.radiopiu.net\/wordpress\/wp-content\/uploads\/2025\/02\/IMG-20250221-WA0026-1024x736.jpg 1024w, https:\/\/www.radiopiu.net\/wordpress\/wp-content\/uploads\/2025\/02\/IMG-20250221-WA0026-768x552.jpg 768w, https:\/\/www.radiopiu.net\/wordpress\/wp-content\/uploads\/2025\/02\/IMG-20250221-WA0026-1536x1104.jpg 1536w, https:\/\/www.radiopiu.net\/wordpress\/wp-content\/uploads\/2025\/02\/IMG-20250221-WA0026-2048x1472.jpg 2048w\" sizes=\"auto, (max-width: 207px) 100vw, 207px\" \/><\/a>Il portacolori di Bela Ladinia fa suo anche il 10\u00b0 Moena Ski Alp, terza tappa del circuito La Sportiva Trofeo Ski Alp 4 Valli. Dopo il primo posto nella gara di San Martino, l\u2019atleta di Moena vince la gara di casa chiudendo la sua prova con un tempo di 21\u201936\u201d davanti a\u00a0 Daniele Felicetti 21\u201945\u201d e Raffaele Teza (Ski Alp Valdobbiadene) 22\u201926\u201d. Margit Zulian si aggiudica il primo posto del podio femminile fermando il cronometro a 26\u201950\u201d seguita dalla giovane Veronica Bandiera (Ski Alp Valdobbiadene) 27\u201930\u201d e Kristel Mottin (Bela Ladinia) 27\u201936\u201d. Pi\u00f9 di 250 gli atleti al via nella serata di venerd\u00ec 21 febbraio, che hanno affrontato i 450 metri di dislivello per uno sviluppo di 3 chilometri dalla localit\u00e0 Ronchi di Moena a Valbona. Un ringraziamento ai volontari di Bela Ladinia per aver reso praticabile l\u2019intero tracciato portando la neve, con l\u2019ausilio di motoslitta e pala, lungo il percorso. L\u2019appuntamento per gli amanti delle pelli \u00e8 venerd\u00ec 07 marzo, ultima tappa del circuito, a Falcade per la 27ma Molino Caverson. Iscrizioni al sito <a href=\"https:\/\/keepsporting.com\/home\">https:\/\/keepsporting.com\/home<\/a><\/p>\n<audio class=\"wp-audio-shortcode\" id=\"audio-435973-11\" preload=\"none\" style=\"width: 100%;\" controls=\"controls\"><source type=\"audio\/mpeg\" src=\"https:\/\/www.radiopiu.net\/wordpress\/wp-content\/uploads\/2025\/02\/Trofeo-4-Valli-10\u00b0-Moena-Ski-Alp-Radio-Piu.mp3?_=11\" \/><a href=\"https:\/\/www.radiopiu.net\/wordpress\/wp-content\/uploads\/2025\/02\/Trofeo-4-Valli-10\u00b0-Moena-Ski-Alp-Radio-Piu.mp3\">https:\/\/www.radiopiu.net\/wordpress\/wp-content\/uploads\/2025\/02\/Trofeo-4-Valli-10\u00b0-Moena-Ski-Alp-Radio-Piu.mp3<\/a><\/audio>\n<p>&nbsp;<\/p>\n<p><span style=\"color: #0000ff;\"><strong>SCI ALPINO<\/strong><\/span><\/p>\n<blockquote>\n<h3>A FORCELLA AURINE IL PRIMO MEMORIAL VALERIO E MARCELLO DE DORIGO<\/h3>\n<\/blockquote>\n<p><strong><a class=\"dt-pswp-item\" href=\"https:\/\/www.radiopiu.net\/wordpress\/wp-content\/uploads\/2025\/02\/1100eac7-d4f5-46c6-814a-f9bbbdb2212e.jpg\" data-dt-img-description=\"\" data-large_image_width=\"1600\" data-large_image_height=\"1200\"><img loading=\"lazy\" decoding=\"async\" class=\" wp-image-436251 alignleft\" src=\"https:\/\/www.radiopiu.net\/wordpress\/wp-content\/uploads\/2025\/02\/1100eac7-d4f5-46c6-814a-f9bbbdb2212e-300x225.jpg\" alt=\"\" width=\"200\" height=\"150\" srcset=\"https:\/\/www.radiopiu.net\/wordpress\/wp-content\/uploads\/2025\/02\/1100eac7-d4f5-46c6-814a-f9bbbdb2212e-300x225.jpg 300w, https:\/\/www.radiopiu.net\/wordpress\/wp-content\/uploads\/2025\/02\/1100eac7-d4f5-46c6-814a-f9bbbdb2212e-1024x768.jpg 1024w, https:\/\/www.radiopiu.net\/wordpress\/wp-content\/uploads\/2025\/02\/1100eac7-d4f5-46c6-814a-f9bbbdb2212e-768x576.jpg 768w, https:\/\/www.radiopiu.net\/wordpress\/wp-content\/uploads\/2025\/02\/1100eac7-d4f5-46c6-814a-f9bbbdb2212e-1536x1152.jpg 1536w, https:\/\/www.radiopiu.net\/wordpress\/wp-content\/uploads\/2025\/02\/1100eac7-d4f5-46c6-814a-f9bbbdb2212e.jpg 1600w\" sizes=\"auto, (max-width: 200px) 100vw, 200px\" \/><\/a>GOSALDO <\/strong>Bella giornata a Forcella Aurine per il 1\u00b0 Memorial Valerio e Marcello De Dorigo, un evento che ha celebrato la memoria di due imprenditori visionari che hanno contribuito allo sviluppo della localit\u00e0 sciistica. L&#8217;evento ha visto la partecipazione di numerosi appassionati della neve, tra cui una nutrita squadra dello Sci Club Alto Cordevole di Laste, che ha onorato la manifestazione con la propria presenza e spirito sportivo. Un plauso particolare va al Maestro Ugo Davare, il concorrente meno giovane della competizione, che ha dimostrato passione e determinazione, incarnando lo spirito autentico dello sci e della montagna. Il Memorial \u00e8 stato un&#8217;occasione di sport e condivisione, in un&#8217;atmosfera di amicizia e ricordo, con l&#8217;auspicio che questa tradizione possa proseguire negli anni a venire.<\/p>\n<p>&nbsp;<\/p>\n<p><span style=\"color: #0000ff;\"><strong>SCI DI FONDO<\/strong><\/span><\/p>\n<blockquote>\n<h3>LORENZO BUSIN TRIONFA ALLA PRIMA EDIZIONE DELLA &#8220;ALOCHETPIAS-CLASSIC&#8221;<\/h3>\n<\/blockquote>\n<p><strong><a class=\"dt-pswp-item\" href=\"https:\/\/www.radiopiu.net\/wordpress\/wp-content\/uploads\/2022\/01\/LORENZO-BUSIN-2022.png\" data-dt-img-description=\"\" data-large_image_width=\"1488\" data-large_image_height=\"1090\"><img loading=\"lazy\" decoding=\"async\" class=\" wp-image-255677 alignleft\" src=\"https:\/\/www.radiopiu.net\/wordpress\/wp-content\/uploads\/2022\/01\/LORENZO-BUSIN-2022-300x220.png\" alt=\"\" width=\"190\" height=\"140\" srcset=\"https:\/\/www.radiopiu.net\/wordpress\/wp-content\/uploads\/2022\/01\/LORENZO-BUSIN-2022-300x220.png 300w, https:\/\/www.radiopiu.net\/wordpress\/wp-content\/uploads\/2022\/01\/LORENZO-BUSIN-2022-1024x750.png 1024w, https:\/\/www.radiopiu.net\/wordpress\/wp-content\/uploads\/2022\/01\/LORENZO-BUSIN-2022-768x563.png 768w, https:\/\/www.radiopiu.net\/wordpress\/wp-content\/uploads\/2022\/01\/LORENZO-BUSIN-2022.png 1488w\" sizes=\"auto, (max-width: 190px) 100vw, 190px\" \/><\/a> <\/strong><\/p>\n<p><strong>\u00a0<\/strong><\/p>\n<p><strong>REDAZIONE <\/strong>In localit\u00e0 Alochet presso il Passo San Pellegrino, si \u00e8 svolta la prima edizione della &#8220;Al\u00f3chetpias-Classic&#8221;, gara promozionale di sci di fondo sui percorsi di 25 e 15 km, organizzata dall&#8217;U.S. Monti Pallidi e dal Team Futura. L&#8217;evento ha attirato diversi atleti italiani in preparazione per la Vasaloppet, che hanno colto l&#8217;occasione per testare la propria forma fisica. Nella gara principale, la 25 km, il successo \u00e8 andato a Lorenzo Busin, che ha dominato con un netto distacco.<\/p>\n<p>&nbsp;<\/p>\n<p>&nbsp;<\/p>\n<blockquote>\n<h3>TRASFERTA IN FINLANDIA PER 14 BELLUNESI<\/h3>\n<\/blockquote>\n<p data-start=\"0\" data-end=\"242\"><a class=\"dt-pswp-item\" href=\"https:\/\/www.radiopiu.net\/wordpress\/wp-content\/uploads\/2025\/02\/IMG-20250222-WA0001.jpg\" data-dt-img-description=\"\" data-large_image_width=\"2048\" data-large_image_height=\"1537\"><img loading=\"lazy\" decoding=\"async\" class=\" wp-image-436190 alignleft\" src=\"https:\/\/www.radiopiu.net\/wordpress\/wp-content\/uploads\/2025\/02\/IMG-20250222-WA0001-300x225.jpg\" alt=\"\" width=\"141\" height=\"106\" srcset=\"https:\/\/www.radiopiu.net\/wordpress\/wp-content\/uploads\/2025\/02\/IMG-20250222-WA0001-300x225.jpg 300w, https:\/\/www.radiopiu.net\/wordpress\/wp-content\/uploads\/2025\/02\/IMG-20250222-WA0001-1024x769.jpg 1024w, https:\/\/www.radiopiu.net\/wordpress\/wp-content\/uploads\/2025\/02\/IMG-20250222-WA0001-768x576.jpg 768w, https:\/\/www.radiopiu.net\/wordpress\/wp-content\/uploads\/2025\/02\/IMG-20250222-WA0001-1536x1153.jpg 1536w, https:\/\/www.radiopiu.net\/wordpress\/wp-content\/uploads\/2025\/02\/IMG-20250222-WA0001.jpg 2048w\" sizes=\"auto, (max-width: 141px) 100vw, 141px\" \/><\/a>A Lahti, nella 52\u00aa edizione della Finlandia Hiihto in tecnica classica, il tricolore italiano ha brillato. A causa dello scarso innevamento, il percorso \u00e8 stato modificato in due giri da 35 km, per un totale di 67 km e 1000 m di dislivello. Un gruppo di 14 atleti bellunesi, dai 20 agli 82 anni, ha partecipato con il supporto di tre accompagnatori. Assente il C.T. Mauro Vaccari, sostituito dal fratello Paolo e dall\u2019esperto di scioline Luigi Collavo. Nella gara da 67 km, Verena De Grandi ha chiuso in 4h36\u2019, seguita da Orietta Lodi (4h41\u2019) e Biagio Renato Vaccari (4h45\u2019). Nella 35 km, Stefania D&#8217;Alberto ha concluso in 4h03\u2019, mentre Norma Piccolotto in 5h18\u2019.<\/p>\n<p><span style=\"color: #0000ff;\"><strong>IMPRESA PARALIMPICA<\/strong><\/span><\/p>\n<blockquote>\n<h3>MISSIONE COMPIUTA: MORENO PESCE IN CIMA ALLA OLIMPIA DELLE TOFANE<\/h3>\n<\/blockquote>\n<p>Moreno Pesce ha raggiunto la cima della pista Olimpia delle Tofane questa mattina alle 7:00, dopo una salita di circa tre ore iniziata alle 4:00. Il fondo duro della pista ha reso l\u2019impresa particolarmente difficile, pi\u00f9 di quanto si aspettasse. Con il supporto del suo team, composto da Lio De Nes, Jacopo Bernard e Barbara, \u00e8 riuscito a superare il tratto pi\u00f9 impegnativo. Pesce ha sottovalutato le condizioni della neve, portando solo ramponcini leggeri invece di quelli da alpinismo, ma grazie alla picozza da ghiaccio e alle stampelle con il coltello \u00e8 riuscito a completare la scalata. In vetta ha acceso un braciere e scattato una foto con la fiaccola, simbolo della sua determinazione. Ad attenderlo al Rifugio Pomedes c\u2019erano la figlia Elisa, la compagna Antonella e altri amici, giunti in funivia. Elisa gli ha donato una treccina da aggiungere alla sua protesi, come da tradizione. Moreno ringrazia tutti coloro che hanno reso possibile questa impresa.<\/p>\n\n\t\t\t<style type='text\/css'>\n\t\t\t\t#gallery-10 {\n\t\t\t\t\tmargin: auto;\n\t\t\t\t}\n\t\t\t\t#gallery-10 .gallery-item {\n\t\t\t\t\tfloat: left;\n\t\t\t\t\tmargin-top: 10px;\n\t\t\t\t\ttext-align: center;\n\t\t\t\t\twidth: 20%;\n\t\t\t\t}\n\t\t\t\t#gallery-10 img {\n\t\t\t\t\tborder: 2px solid #cfcfcf;\n\t\t\t\t}\n\t\t\t\t#gallery-10 .gallery-caption {\n\t\t\t\t\tmargin-left: 0;\n\t\t\t\t}\n\t\t\t\t\/* see gallery_shortcode() in wp-includes\/media.php *\/\n\t\t\t<\/style>\n\t\t<div id='gallery-10' class='dt-gallery-container gallery galleryid-435973 gallery-columns-5 gallery-size-thumbnail'><dl class='gallery-item'>\n\t\t\t\t<dt class='gallery-icon portrait'>\n\t\t\t\t\t<a class=\"rollover rollover-zoom dt-pswp-item\" title=\"618759bd-6bcf-4d4f-a531-5ad725bb0138\" data-dt-img-description=\"\" data-large_image_width=\"854\" data-large_image_height=\"1280\"href='https:\/\/www.radiopiu.net\/wordpress\/wp-content\/uploads\/2025\/02\/618759bd-6bcf-4d4f-a531-5ad725bb0138.jpeg'><img loading=\"lazy\" decoding=\"async\" width=\"150\" height=\"150\" src=\"https:\/\/www.radiopiu.net\/wordpress\/wp-content\/uploads\/2025\/02\/618759bd-6bcf-4d4f-a531-5ad725bb0138-150x150.jpeg\" class=\"attachment-thumbnail size-thumbnail\" alt=\"\" \/><\/a>\n\t\t\t\t<\/dt><\/dl><dl class='gallery-item'>\n\t\t\t\t<dt class='gallery-icon portrait'>\n\t\t\t\t\t<a class=\"rollover rollover-zoom dt-pswp-item\" title=\"Unknown\" data-dt-img-description=\"\" data-large_image_width=\"854\" data-large_image_height=\"1280\"href='https:\/\/www.radiopiu.net\/wordpress\/wp-content\/uploads\/2025\/02\/Unknown-3.jpeg'><img loading=\"lazy\" decoding=\"async\" width=\"150\" height=\"150\" src=\"https:\/\/www.radiopiu.net\/wordpress\/wp-content\/uploads\/2025\/02\/Unknown-3-150x150.jpeg\" class=\"attachment-thumbnail size-thumbnail\" alt=\"\" \/><\/a>\n\t\t\t\t<\/dt><\/dl><dl class='gallery-item'>\n\t\t\t\t<dt class='gallery-icon landscape'>\n\t\t\t\t\t<a class=\"rollover rollover-zoom dt-pswp-item\" title=\"e0f16fd8-70e1-4d96-b1f3-2a5361806c66\" data-dt-img-description=\"\" data-large_image_width=\"1280\" data-large_image_height=\"854\"href='https:\/\/www.radiopiu.net\/wordpress\/wp-content\/uploads\/2025\/02\/e0f16fd8-70e1-4d96-b1f3-2a5361806c66.jpeg'><img loading=\"lazy\" decoding=\"async\" width=\"150\" height=\"150\" src=\"https:\/\/www.radiopiu.net\/wordpress\/wp-content\/uploads\/2025\/02\/e0f16fd8-70e1-4d96-b1f3-2a5361806c66-150x150.jpeg\" class=\"attachment-thumbnail size-thumbnail\" alt=\"\" \/><\/a>\n\t\t\t\t<\/dt><\/dl><dl class='gallery-item'>\n\t\t\t\t<dt class='gallery-icon landscape'>\n\t\t\t\t\t<a class=\"rollover rollover-zoom dt-pswp-item\" title=\"56a713ff-e5fb-40ef-b93b-5c18c59f3201\" data-dt-img-description=\"\" data-large_image_width=\"1280\" data-large_image_height=\"854\"href='https:\/\/www.radiopiu.net\/wordpress\/wp-content\/uploads\/2025\/02\/56a713ff-e5fb-40ef-b93b-5c18c59f3201.jpeg'><img loading=\"lazy\" decoding=\"async\" width=\"150\" height=\"150\" src=\"https:\/\/www.radiopiu.net\/wordpress\/wp-content\/uploads\/2025\/02\/56a713ff-e5fb-40ef-b93b-5c18c59f3201-150x150.jpeg\" class=\"attachment-thumbnail size-thumbnail\" alt=\"\" \/><\/a>\n\t\t\t\t<\/dt><\/dl><dl class='gallery-item'>\n\t\t\t\t<dt class='gallery-icon landscape'>\n\t\t\t\t\t<a class=\"rollover rollover-zoom dt-pswp-item\" title=\"2b7d0134-aa14-4936-9562-2ff3a047bf50 copia\" data-dt-img-description=\"\" data-large_image_width=\"1280\" data-large_image_height=\"854\"href='https:\/\/www.radiopiu.net\/wordpress\/wp-content\/uploads\/2025\/02\/2b7d0134-aa14-4936-9562-2ff3a047bf50-copia.jpeg'><img loading=\"lazy\" decoding=\"async\" width=\"150\" height=\"150\" src=\"https:\/\/www.radiopiu.net\/wordpress\/wp-content\/uploads\/2025\/02\/2b7d0134-aa14-4936-9562-2ff3a047bf50-copia-150x150.jpeg\" class=\"attachment-thumbnail size-thumbnail\" alt=\"\" \/><\/a>\n\t\t\t\t<\/dt><\/dl><br style=\"clear: both\" \/>\n\t\t\t<\/div>\n\n<p>&nbsp;<\/p>\n<p><span style=\"color: #0000ff;\"><strong>ATLETICA<\/strong><\/span><\/p>\n<blockquote>\n<h3><a class=\"dt-pswp-item\" href=\"https:\/\/www.radiopiu.net\/wordpress\/wp-content\/uploads\/2025\/02\/Nessenzia_Elena_indoor_Grana-FIDAL.jpg\" data-dt-img-description=\"\" data-large_image_width=\"1365\" data-large_image_height=\"1333\"><img loading=\"lazy\" decoding=\"async\" class=\" wp-image-436194 alignleft\" src=\"https:\/\/www.radiopiu.net\/wordpress\/wp-content\/uploads\/2025\/02\/Nessenzia_Elena_indoor_Grana-FIDAL-300x293.jpg\" alt=\"\" width=\"134\" height=\"131\" srcset=\"https:\/\/www.radiopiu.net\/wordpress\/wp-content\/uploads\/2025\/02\/Nessenzia_Elena_indoor_Grana-FIDAL-300x293.jpg 300w, https:\/\/www.radiopiu.net\/wordpress\/wp-content\/uploads\/2025\/02\/Nessenzia_Elena_indoor_Grana-FIDAL-1024x1000.jpg 1024w, https:\/\/www.radiopiu.net\/wordpress\/wp-content\/uploads\/2025\/02\/Nessenzia_Elena_indoor_Grana-FIDAL-768x750.jpg 768w, https:\/\/www.radiopiu.net\/wordpress\/wp-content\/uploads\/2025\/02\/Nessenzia_Elena_indoor_Grana-FIDAL.jpg 1365w\" sizes=\"auto, (max-width: 134px) 100vw, 134px\" \/><\/a>SODDISFAZIONI AD ANCONA PER IL GS LA PIAVE 2000<\/h3>\n<\/blockquote>\n<p>Il Gs La Piave 2000 festeggia due ottimi piazzamenti ai Campionati Italiani Assoluti indoor di Ancona. Alice Lunardon si \u00e8 classificata quinta nel salto in lungo con 6.10 metri, migliorando il suo record personale indoor e stabilendo il primato provinciale bellunese. Dopo la delusione nelle prove multiple, ha raggiunto la sua prima finale tricolore assoluta. Elena Nessenzia ha chiuso sesta nei 60 ostacoli, registrando 8\u201d42 in batteria e 8\u201d46 in finale. La 21enne di Borgo Valbelluna si conferma la migliore under 23 italiana, tre settimane dopo aver vinto il titolo nazionale di categoria. (Foto: Francesca Grana\/FIDAL)<\/p>\n<p>&nbsp;<\/p>\n<p>&nbsp;<\/p>\n","protected":false},"excerpt":{"rendered":"<p>******** &nbsp; LA\u00a0 APP PER IOS-IPHONE di Nicola Vettorello https:\/\/apps.apple.com\/it\/app\/radio-pi%C3%B9-emittente-agordina\/id1515939845 LA\u00a0 APP RADIO\u00a0 PER ANDROID di Nicola Vettorello https:\/\/play.google.com\/store\/apps\/details?id=net.radiopiu.iniko\u00a0\u00a0\u00a0\u00a0 &nbsp; &nbsp; &nbsp; OGGI ALLA RADIO:\u00a0\u00a0 rassegna stampa nazionale, ogni giorno alle 5 e alle 6 del mattino. giornali locali 7 rassegna stampa flash, 8 rassegna stampa, gr flash alle 10 e alle 11, principale 12.30.&hellip;<\/p>\n","protected":false},"author":4,"featured_media":436259,"comment_status":"closed","ping_status":"closed","sticky":false,"template":"","format":"standard","meta":{"_monsterinsights_skip_tracking":false,"_monsterinsights_sitenote_active":false,"_monsterinsights_sitenote_note":"","_monsterinsights_sitenote_category":0,"footnotes":""},"categories":[51,86,49],"tags":[],"class_list":["post-435973","post","type-post","status-publish","format-standard","has-post-thumbnail","hentry","category-evidenza-top","category-gr","category-news-18","category-51","category-86","category-49","description-off"],"img_url":"https:\/\/www.radiopiu.net\/wordpress\/wp-content\/uploads\/2025\/02\/Senza-nome-74.png","_links":{"self":[{"href":"https:\/\/www.radiopiu.net\/wordpress\/wp-json\/wp\/v2\/posts\/435973","targetHints":{"allow":["GET"]}}],"collection":[{"href":"https:\/\/www.radiopiu.net\/wordpress\/wp-json\/wp\/v2\/posts"}],"about":[{"href":"https:\/\/www.radiopiu.net\/wordpress\/wp-json\/wp\/v2\/types\/post"}],"author":[{"embeddable":true,"href":"https:\/\/www.radiopiu.net\/wordpress\/wp-json\/wp\/v2\/users\/4"}],"replies":[{"embeddable":true,"href":"https:\/\/www.radiopiu.net\/wordpress\/wp-json\/wp\/v2\/comments?post=435973"}],"version-history":[{"count":44,"href":"https:\/\/www.radiopiu.net\/wordpress\/wp-json\/wp\/v2\/posts\/435973\/revisions"}],"predecessor-version":[{"id":436297,"href":"https:\/\/www.radiopiu.net\/wordpress\/wp-json\/wp\/v2\/posts\/435973\/revisions\/436297"}],"wp:featuredmedia":[{"embeddable":true,"href":"https:\/\/www.radiopiu.net\/wordpress\/wp-json\/wp\/v2\/media\/436259"}],"wp:attachment":[{"href":"https:\/\/www.radiopiu.net\/wordpress\/wp-json\/wp\/v2\/media?parent=435973"}],"wp:term":[{"taxonomy":"category","embeddable":true,"href":"https:\/\/www.radiopiu.net\/wordpress\/wp-json\/wp\/v2\/categories?post=435973"},{"taxonomy":"post_tag","embeddable":true,"href":"https:\/\/www.radiopiu.net\/wordpress\/wp-json\/wp\/v2\/tags?post=435973"}],"curies":[{"name":"wp","href":"https:\/\/api.w.org\/{rel}","templated":true}]}}