{"id":435977,"date":"2025-02-22T12:06:06","date_gmt":"2025-02-22T11:06:06","guid":{"rendered":"https:\/\/www.radiopiu.net\/wordpress\/?p=435977"},"modified":"2025-02-22T12:06:06","modified_gmt":"2025-02-22T11:06:06","slug":"milena-cesca-e-la-nuova-segretaria-generale-della-femca-belluno-treviso","status":"publish","type":"post","link":"https:\/\/www.radiopiu.net\/wordpress\/milena-cesca-e-la-nuova-segretaria-generale-della-femca-belluno-treviso\/","title":{"rendered":"MILENA CESCA \u00c8 LA NUOVA SEGRETARIA GENERALE DELLA FEMCA BELLUNO TREVISO"},"content":{"rendered":"<p>******<\/p>\n<p>&nbsp;<\/p>\n<p><strong> <a class=\"dt-pswp-item\" href=\"https:\/\/www.radiopiu.net\/wordpress\/wp-content\/uploads\/2025\/02\/MILENA-CESCA.jpg\" data-dt-img-description=\"\" data-large_image_width=\"1600\" data-large_image_height=\"1200\"><img loading=\"lazy\" decoding=\"async\" class=\" wp-image-436053 alignleft\" src=\"https:\/\/www.radiopiu.net\/wordpress\/wp-content\/uploads\/2025\/02\/MILENA-CESCA-300x225.jpg\" alt=\"\" width=\"213\" height=\"160\" srcset=\"https:\/\/www.radiopiu.net\/wordpress\/wp-content\/uploads\/2025\/02\/MILENA-CESCA-300x225.jpg 300w, https:\/\/www.radiopiu.net\/wordpress\/wp-content\/uploads\/2025\/02\/MILENA-CESCA-1024x768.jpg 1024w, https:\/\/www.radiopiu.net\/wordpress\/wp-content\/uploads\/2025\/02\/MILENA-CESCA-768x576.jpg 768w, https:\/\/www.radiopiu.net\/wordpress\/wp-content\/uploads\/2025\/02\/MILENA-CESCA-1536x1152.jpg 1536w, https:\/\/www.radiopiu.net\/wordpress\/wp-content\/uploads\/2025\/02\/MILENA-CESCA.jpg 1600w\" sizes=\"auto, (max-width: 213px) 100vw, 213px\" \/><\/a>CORNUDA (TV) <\/strong>Cambio ai vertici della Femca Cisl Belluno Treviso. Il Consiglio generale riunitosi venerd\u00ec 21 al termine del quarto Congresso della Federazione Cisl dei lavoratori della moda, della chimica e dell\u2019energia, ha eletto segretaria generale Milena Cesca, 58 anni, cadorina. La sindacalista, gi\u00e0 componente di segreteria con delega all\u2019occhialeria e alla formazione, sar\u00e0 affiancata dal riconfermato Vincenzo Caldarella, segretario responsabile della zona della Sinistra Piave e del comparto dell\u2019energia per le province di Treviso e Belluno, e dalla new entry Simona Puzzo, gi\u00e0 nella segreteria della Femca del Veneto. \u201cSono onorata della fiducia che mi \u00e8 stata accordata \u2013 sottolinea Cesca \u2013 e desidero ringraziare di cuore il mio predecessore Gianni Boato per l\u2019impegno con cui ha guidato la categoria dalla fine del 2020 ad oggi. Il Congresso del 20 e 21 febbraio ha delineato gli obiettivi per i prossimi anni, ripercorrendo il grande lavoro svolto, in particolare nello sviluppo della contrattazione, nell\u2019ampliamento degli accordi su premi di risultato, welfare e conciliazione. Abbiamo visto crescere il numero degli iscritti e rafforzare i servizi offerti agli associati. Tuttavia, sono emerse anche criticit\u00e0 che dovranno diventare le priorit\u00e0 per il futuro\u201d. \u201cUna delle sfide pi\u00f9 importanti che ci attende &#8211; prosegue la neo segretaria generale &#8211; \u00e8 combattere la violenza di genere, le discriminazioni e la disparit\u00e0 salariale, creando, attraverso la contrattazione aziendale, percorsi di carriera che garantiscano pari opportunit\u00e0 per donne e uomini. Dobbiamo anche promuovere percorsi culturali per ridurre drasticamente i casi di violenze e molestie. Inoltre, temi come la formazione continua, la partecipazione attiva dei lavoratori nelle scelte aziendali, l\u2019adeguamento degli stipendi e la ricerca di un nuovo equilibrio tra vita privata e lavorativa saranno al centro del nostro impegno come Femca, con l\u2019obiettivo di valorizzare ogni persona a 360 gradi. L\u2019ambiente sar\u00e0 un altro tema che ci vedr\u00e0 protagonisti, con l\u2019impegno a costruire un futuro pi\u00f9 sostenibile. In tutto ci\u00f2, continueremo a mettere sempre le persone al centro della nostra azione sindacale\u201d. Milena Cesca ha iniziato la sua esperienza nella Cisl di Belluno nel 1993 come sindacalista della Fisascat, la categoria del turismo, commercio e servizi. Nel 2010 \u00e8 entrata nella segreteria della Cisl confederale di Belluno e l\u2019anno successivo nella Femca territoriale, di cui \u00e8 componente di segreteria dal 2011. Dal 2022 era segretaria generale aggiunta. Simona Puzzo, 48 anni \u00e8 operatrice sindacale della Femca dal 2016. Si \u00e8 occupata anche di artigianato e dal 2023 \u00e8 nella segreteria regionale della categoria. Vincenzo Caldarella, 46 anni, \u00e8 segretario della Femca territoriale dal maggio 2021. \u00c8 stato delegato alla Luxottica di Pederobba, operatore della categoria e infine segretario con la responsabilit\u00e0 della Sinistra Piave e del comparto dell\u2019energia. Nella relazione con cui sono stati avviati i lavori congressuali, il segretario uscente Gianni Boato ha sottolineato come \u201cil 2025 si sia aperto in un clima di attesa e preoccupazione, con l\u2019aumento dei costi dell\u2019energia, l\u2019aumento delle ore di cassa integrazione e la riduzione della mobilit\u00e0 lavorativa registrata negli ultimi mesi. Il comparto calzaturiero e lo sport system, che avevano registrato una forte ripresa dopo il Covid, hanno subito un rallentamento nel 2024 e le previsioni per il 2025 non sono incoraggianti. Anche il settore della gomma-plastica ha vissuto anni favorevoli, ma sta ora mostrando segni di decelerazione\u201d. Boato ha fornito un\u2019analisi della situazione del mercato del lavoro nelle due province, passando in rassegna le principali criticit\u00e0 aziendali del territorio, da Innovatek e Ceramica Dolomite fino al caso Benetton. \u201cPer la Femca sono stati quattro anni molto importanti, in cui sono stati rinnovati tutti gli accordi aziendali e molte Rsu &#8211; ha detto -. Ad oggi possiamo contare su oltre 200 delegati tra Belluno e Treviso e oltre 300 aziende con nostri iscritti, che in totale sono 4.400\u201d. Infine i ringraziamenti \u201cai delegati che ogni giorno nelle aziende ci mettono la faccia e l\u2019impegno, ai colleghi della Femca con i quali ho condiviso un\u2019esperienza incredibile e a tutti gli operatori dei servizi e il personale della Cisl che ci supporta per aiutarci a svolgere al meglio il nostro lavoro\u201d.<\/p>\n<p>&nbsp;<\/p>\n<p>&nbsp;<\/p>\n<p>********<\/p>\n<p>&nbsp;<\/p>\n","protected":false},"excerpt":{"rendered":"<p>****** &nbsp; CORNUDA (TV) Cambio ai vertici della Femca Cisl Belluno Treviso. Il Consiglio generale riunitosi venerd\u00ec 21 al termine del quarto Congresso della Federazione Cisl dei lavoratori della moda, della chimica e dell\u2019energia, ha eletto segretaria generale Milena Cesca, 58 anni, cadorina. La sindacalista, gi\u00e0 componente di segreteria con delega all\u2019occhialeria e alla formazione,&hellip;<\/p>\n","protected":false},"author":4,"featured_media":436053,"comment_status":"closed","ping_status":"closed","sticky":false,"template":"","format":"standard","meta":{"_monsterinsights_skip_tracking":false,"_monsterinsights_sitenote_active":false,"_monsterinsights_sitenote_note":"","_monsterinsights_sitenote_category":0,"footnotes":""},"categories":[49],"tags":[],"class_list":["post-435977","post","type-post","status-publish","format-standard","has-post-thumbnail","hentry","category-news-18","category-49","description-off"],"img_url":"https:\/\/www.radiopiu.net\/wordpress\/wp-content\/uploads\/2025\/02\/MILENA-CESCA.jpg","_links":{"self":[{"href":"https:\/\/www.radiopiu.net\/wordpress\/wp-json\/wp\/v2\/posts\/435977","targetHints":{"allow":["GET"]}}],"collection":[{"href":"https:\/\/www.radiopiu.net\/wordpress\/wp-json\/wp\/v2\/posts"}],"about":[{"href":"https:\/\/www.radiopiu.net\/wordpress\/wp-json\/wp\/v2\/types\/post"}],"author":[{"embeddable":true,"href":"https:\/\/www.radiopiu.net\/wordpress\/wp-json\/wp\/v2\/users\/4"}],"replies":[{"embeddable":true,"href":"https:\/\/www.radiopiu.net\/wordpress\/wp-json\/wp\/v2\/comments?post=435977"}],"version-history":[{"count":1,"href":"https:\/\/www.radiopiu.net\/wordpress\/wp-json\/wp\/v2\/posts\/435977\/revisions"}],"predecessor-version":[{"id":436054,"href":"https:\/\/www.radiopiu.net\/wordpress\/wp-json\/wp\/v2\/posts\/435977\/revisions\/436054"}],"wp:featuredmedia":[{"embeddable":true,"href":"https:\/\/www.radiopiu.net\/wordpress\/wp-json\/wp\/v2\/media\/436053"}],"wp:attachment":[{"href":"https:\/\/www.radiopiu.net\/wordpress\/wp-json\/wp\/v2\/media?parent=435977"}],"wp:term":[{"taxonomy":"category","embeddable":true,"href":"https:\/\/www.radiopiu.net\/wordpress\/wp-json\/wp\/v2\/categories?post=435977"},{"taxonomy":"post_tag","embeddable":true,"href":"https:\/\/www.radiopiu.net\/wordpress\/wp-json\/wp\/v2\/tags?post=435977"}],"curies":[{"name":"wp","href":"https:\/\/api.w.org\/{rel}","templated":true}]}}