{"id":436029,"date":"2025-02-22T00:00:55","date_gmt":"2025-02-21T23:00:55","guid":{"rendered":"https:\/\/www.radiopiu.net\/wordpress\/?p=436029"},"modified":"2025-02-22T06:42:09","modified_gmt":"2025-02-22T05:42:09","slug":"incipiente-primavera-di-john-francis-della-pietra","status":"publish","type":"post","link":"https:\/\/www.radiopiu.net\/wordpress\/incipiente-primavera-di-john-francis-della-pietra\/","title":{"rendered":"INCIPIENTE PRIMAVERA DI john francis della pietra"},"content":{"rendered":"<p>**<\/p>\n<p>&nbsp;<\/p>\n<p><a class=\"dt-pswp-item\" href=\"https:\/\/www.radiopiu.net\/wordpress\/wp-content\/uploads\/2025\/02\/68ae5bde-d98c-4d6e-a247-dd317fa167ee.jpg\" data-dt-img-description=\"\" data-large_image_width=\"1600\" data-large_image_height=\"720\"><img loading=\"lazy\" decoding=\"async\" class=\"size-medium wp-image-436030 alignleft\" src=\"https:\/\/www.radiopiu.net\/wordpress\/wp-content\/uploads\/2025\/02\/68ae5bde-d98c-4d6e-a247-dd317fa167ee-300x135.jpg\" alt=\"\" width=\"300\" height=\"135\" srcset=\"https:\/\/www.radiopiu.net\/wordpress\/wp-content\/uploads\/2025\/02\/68ae5bde-d98c-4d6e-a247-dd317fa167ee-300x135.jpg 300w, https:\/\/www.radiopiu.net\/wordpress\/wp-content\/uploads\/2025\/02\/68ae5bde-d98c-4d6e-a247-dd317fa167ee-1024x461.jpg 1024w, https:\/\/www.radiopiu.net\/wordpress\/wp-content\/uploads\/2025\/02\/68ae5bde-d98c-4d6e-a247-dd317fa167ee-768x346.jpg 768w, https:\/\/www.radiopiu.net\/wordpress\/wp-content\/uploads\/2025\/02\/68ae5bde-d98c-4d6e-a247-dd317fa167ee-1536x691.jpg 1536w, https:\/\/www.radiopiu.net\/wordpress\/wp-content\/uploads\/2025\/02\/68ae5bde-d98c-4d6e-a247-dd317fa167ee.jpg 1600w\" sizes=\"auto, (max-width: 300px) 100vw, 300px\" \/><\/a>Ogni giorno<br \/>\nMi guardo un p\u00f2 d intorno<br \/>\nOsservo sempre quell azzurro cielo<br \/>\nIl pi\u00f9 delle volte privo di velo<br \/>\nCerco di buttare lo sguardo al di l\u00e0<br \/>\nDella sua sorprendente limpidit\u00e0<br \/>\nOltre l orizzonte infinito<br \/>\nChe pare l\u00ec a portata di dito<br \/>\nIl sole al mattino<br \/>\nArriva sempre pi\u00f9 prestino<br \/>\nA colorar le cime<br \/>\nA noi pi\u00f9 care pi\u00f9 vicine<br \/>\nChe all alba ad una una le vedi meglio rosseggiare<br \/>\nSegnale che una giovane stagione sta per tornare<br \/>\nVia via i raggi anche in fondo alle valli nei paesi sanno arrivare<br \/>\nUna tiepida calda luce<br \/>\nChe nel profondo silente gioia produce<br \/>\nS allunga pure la sera<br \/>\nPrima di rivolger a quella timida stella la nostra preghiera<br \/>\nSi scorgo qualcosa che avanza<br \/>\nPregna d ottimismo e di speranza<br \/>\nChe emozione<br \/>\nVerr\u00e0 primavera la crescente e meravigliosa stagione&#8230;<\/p>\n<p>audio<\/p>\n<audio class=\"wp-audio-shortcode\" id=\"audio-436029-1\" preload=\"none\" style=\"width: 100%;\" controls=\"controls\"><source type=\"audio\/mpeg\" src=\"https:\/\/www.radiopiu.net\/wordpress\/wp-content\/uploads\/2025\/02\/john.mp3?_=1\" \/><a href=\"https:\/\/www.radiopiu.net\/wordpress\/wp-content\/uploads\/2025\/02\/john.mp3\">https:\/\/www.radiopiu.net\/wordpress\/wp-content\/uploads\/2025\/02\/john.mp3<\/a><\/audio>\n<p>&nbsp;<\/p>\n<hr \/>\n<p>&nbsp;<\/p>\n","protected":false},"excerpt":{"rendered":"<p>** &nbsp; Ogni giorno Mi guardo un p\u00f2 d intorno Osservo sempre quell azzurro cielo Il pi\u00f9 delle volte privo di velo Cerco di buttare lo sguardo al di l\u00e0 Della sua sorprendente limpidit\u00e0 Oltre l orizzonte infinito Che pare l\u00ec a portata di dito Il sole al mattino Arriva sempre pi\u00f9 prestino A colorar&hellip;<\/p>\n","protected":false},"author":4,"featured_media":436030,"comment_status":"closed","ping_status":"closed","sticky":false,"template":"","format":"standard","meta":{"_monsterinsights_skip_tracking":false,"_monsterinsights_sitenote_active":false,"_monsterinsights_sitenote_note":"","_monsterinsights_sitenote_category":0,"footnotes":""},"categories":[49],"tags":[],"class_list":["post-436029","post","type-post","status-publish","format-standard","has-post-thumbnail","hentry","category-news-18","category-49","description-off"],"img_url":"https:\/\/www.radiopiu.net\/wordpress\/wp-content\/uploads\/2025\/02\/68ae5bde-d98c-4d6e-a247-dd317fa167ee.jpg","_links":{"self":[{"href":"https:\/\/www.radiopiu.net\/wordpress\/wp-json\/wp\/v2\/posts\/436029","targetHints":{"allow":["GET"]}}],"collection":[{"href":"https:\/\/www.radiopiu.net\/wordpress\/wp-json\/wp\/v2\/posts"}],"about":[{"href":"https:\/\/www.radiopiu.net\/wordpress\/wp-json\/wp\/v2\/types\/post"}],"author":[{"embeddable":true,"href":"https:\/\/www.radiopiu.net\/wordpress\/wp-json\/wp\/v2\/users\/4"}],"replies":[{"embeddable":true,"href":"https:\/\/www.radiopiu.net\/wordpress\/wp-json\/wp\/v2\/comments?post=436029"}],"version-history":[{"count":1,"href":"https:\/\/www.radiopiu.net\/wordpress\/wp-json\/wp\/v2\/posts\/436029\/revisions"}],"predecessor-version":[{"id":436032,"href":"https:\/\/www.radiopiu.net\/wordpress\/wp-json\/wp\/v2\/posts\/436029\/revisions\/436032"}],"wp:featuredmedia":[{"embeddable":true,"href":"https:\/\/www.radiopiu.net\/wordpress\/wp-json\/wp\/v2\/media\/436030"}],"wp:attachment":[{"href":"https:\/\/www.radiopiu.net\/wordpress\/wp-json\/wp\/v2\/media?parent=436029"}],"wp:term":[{"taxonomy":"category","embeddable":true,"href":"https:\/\/www.radiopiu.net\/wordpress\/wp-json\/wp\/v2\/categories?post=436029"},{"taxonomy":"post_tag","embeddable":true,"href":"https:\/\/www.radiopiu.net\/wordpress\/wp-json\/wp\/v2\/tags?post=436029"}],"curies":[{"name":"wp","href":"https:\/\/api.w.org\/{rel}","templated":true}]}}