{"id":436063,"date":"2025-02-24T05:45:29","date_gmt":"2025-02-24T04:45:29","guid":{"rendered":"https:\/\/www.radiopiu.net\/wordpress\/?p=436063"},"modified":"2025-02-24T05:54:17","modified_gmt":"2025-02-24T04:54:17","slug":"tragedia-a-cortina-un-minore-muore-in-seguito-ad-una-caduta","status":"publish","type":"post","link":"https:\/\/www.radiopiu.net\/wordpress\/tragedia-a-cortina-un-minore-muore-in-seguito-ad-una-caduta\/","title":{"rendered":"TRAGEDIA A CORTINA. UN MINORE MUORE IN SEGUITO AD UNA CADUTA"},"content":{"rendered":"<p>******<\/p>\n<p>&nbsp;<\/p>\n<p><strong><a class=\"dt-pswp-item\" href=\"https:\/\/www.radiopiu.net\/wordpress\/wp-content\/uploads\/2025\/01\/salt.png\" data-dt-img-description=\"\" data-large_image_width=\"707\" data-large_image_height=\"362\"><img loading=\"lazy\" decoding=\"async\" class=\" wp-image-430223 alignleft\" src=\"https:\/\/www.radiopiu.net\/wordpress\/wp-content\/uploads\/2025\/01\/salt-300x154.png\" alt=\"\" width=\"173\" height=\"89\" srcset=\"https:\/\/www.radiopiu.net\/wordpress\/wp-content\/uploads\/2025\/01\/salt-300x154.png 300w, https:\/\/www.radiopiu.net\/wordpress\/wp-content\/uploads\/2025\/01\/salt.png 707w\" sizes=\"auto, (max-width: 173px) 100vw, 173px\" \/><\/a>REDAZIONE<\/strong> La giornata del Suem 118 si \u00e8 aperta con una tragedia. Un 13enne originario del Regno Unito ha perso la vita a Cortina, Lagazuoi, in seguito ad un incidente sugli sci. Il ragazzo ha perso il controllo durante una discesa, finendo violentemente contro un albero e morendo sul colpo. L\u2019incidente \u00e8 avvenuto sabato 22 febbraio alle 9.30. Nonostante l\u2019intervento rapido dell\u2019elisoccorso, i soccorritori non hanno potuto fare nulla. L&#8217;episodio ha scosso profondamente i presenti e ha riacceso l\u2019attenzione sulla sicurezza in pista. Le autorit\u00e0 stanno indagando per chiarire la dinamica dell\u2019incidente.Un secondo intervento di Falco \u00e8 stato effettuato alle 11:24 per soccorrere una persona che aveva accusato un malore a Vigo Di Cadore, il paziente \u00e8 stato trasferito al San Martino in condizioni di media gravit\u00e0.<\/p>\n<p>&nbsp;<\/p>\n<p><strong>LA NOTA STAMPA DELLA POLIZIA DI STATO<\/strong><\/p>\n<p><strong>CORTINA <\/strong>Alle ore 09:30 odierne, il personale del Soccorso e Sicurezza in Montagna del Distaccamento Sciatori di Cortina d\u2019Ampezzo \u00e8 intervenuto lungo la pista di raccordo \u201cLagazuoi-Col Gallina\u201d, dove poco prima un ragazzo di 13 anni, di nazionalit\u00e0 inglese, era caduto autonomamente durante una discesa con gli sci, impattando contro un albero fuori pista. Gli operatori di Polizia hanno tentato pi\u00f9 volte di rianimarlo, anche con l\u2019ausilio del defibrillatore automatico. \u00c8 stato immediatamente richiesto l\u2019intervento dell\u2019elicottero, che \u00e8 giunto sul posto con personale medico a bordo. Nonostante le prolungate manovre rianimatorie, il medico ha dovuto constatare il decesso del ragazzo a causa delle gravi lesioni riportate nell\u2019impatto.<\/p>\n<p>&nbsp;<\/p>\n<p>&nbsp;<\/p>\n<p>******<\/p>\n","protected":false},"excerpt":{"rendered":"<p>****** &nbsp; REDAZIONE La giornata del Suem 118 si \u00e8 aperta con una tragedia. Un 13enne originario del Regno Unito ha perso la vita a Cortina, Lagazuoi, in seguito ad un incidente sugli sci. Il ragazzo ha perso il controllo durante una discesa, finendo violentemente contro un albero e morendo sul colpo. L\u2019incidente \u00e8 avvenuto&hellip;<\/p>\n","protected":false},"author":4,"featured_media":430223,"comment_status":"closed","ping_status":"closed","sticky":false,"template":"","format":"standard","meta":{"_monsterinsights_skip_tracking":false,"_monsterinsights_sitenote_active":false,"_monsterinsights_sitenote_note":"","_monsterinsights_sitenote_category":0,"footnotes":""},"categories":[51,49],"tags":[],"class_list":["post-436063","post","type-post","status-publish","format-standard","has-post-thumbnail","hentry","category-evidenza-top","category-news-18","category-51","category-49","description-off"],"img_url":"https:\/\/www.radiopiu.net\/wordpress\/wp-content\/uploads\/2025\/01\/salt.png","_links":{"self":[{"href":"https:\/\/www.radiopiu.net\/wordpress\/wp-json\/wp\/v2\/posts\/436063","targetHints":{"allow":["GET"]}}],"collection":[{"href":"https:\/\/www.radiopiu.net\/wordpress\/wp-json\/wp\/v2\/posts"}],"about":[{"href":"https:\/\/www.radiopiu.net\/wordpress\/wp-json\/wp\/v2\/types\/post"}],"author":[{"embeddable":true,"href":"https:\/\/www.radiopiu.net\/wordpress\/wp-json\/wp\/v2\/users\/4"}],"replies":[{"embeddable":true,"href":"https:\/\/www.radiopiu.net\/wordpress\/wp-json\/wp\/v2\/comments?post=436063"}],"version-history":[{"count":6,"href":"https:\/\/www.radiopiu.net\/wordpress\/wp-json\/wp\/v2\/posts\/436063\/revisions"}],"predecessor-version":[{"id":436071,"href":"https:\/\/www.radiopiu.net\/wordpress\/wp-json\/wp\/v2\/posts\/436063\/revisions\/436071"}],"wp:featuredmedia":[{"embeddable":true,"href":"https:\/\/www.radiopiu.net\/wordpress\/wp-json\/wp\/v2\/media\/430223"}],"wp:attachment":[{"href":"https:\/\/www.radiopiu.net\/wordpress\/wp-json\/wp\/v2\/media?parent=436063"}],"wp:term":[{"taxonomy":"category","embeddable":true,"href":"https:\/\/www.radiopiu.net\/wordpress\/wp-json\/wp\/v2\/categories?post=436063"},{"taxonomy":"post_tag","embeddable":true,"href":"https:\/\/www.radiopiu.net\/wordpress\/wp-json\/wp\/v2\/tags?post=436063"}],"curies":[{"name":"wp","href":"https:\/\/api.w.org\/{rel}","templated":true}]}}