{"id":436065,"date":"2025-02-22T13:59:51","date_gmt":"2025-02-22T12:59:51","guid":{"rendered":"https:\/\/www.radiopiu.net\/wordpress\/?p=436065"},"modified":"2025-02-22T13:59:51","modified_gmt":"2025-02-22T12:59:51","slug":"lorenzo-busin-trionfa-alla-prima-edizione-della-alochetpias-classic","status":"publish","type":"post","link":"https:\/\/www.radiopiu.net\/wordpress\/lorenzo-busin-trionfa-alla-prima-edizione-della-alochetpias-classic\/","title":{"rendered":"LORENZO BUSIN TRIONFA ALLA PRIMA EDIZIONE DELLA &#8220;ALOCHETPIAS-CLASSIC&#8221;"},"content":{"rendered":"<p>******<\/p>\n<p>&nbsp;<\/p>\n<p><strong><a class=\"dt-pswp-item\" href=\"https:\/\/www.radiopiu.net\/wordpress\/wp-content\/uploads\/2022\/01\/LORENZO-BUSIN-2022.png\" data-dt-img-description=\"\" data-large_image_width=\"1488\" data-large_image_height=\"1090\"><img loading=\"lazy\" decoding=\"async\" class=\" wp-image-255677 alignleft\" src=\"https:\/\/www.radiopiu.net\/wordpress\/wp-content\/uploads\/2022\/01\/LORENZO-BUSIN-2022-300x220.png\" alt=\"\" width=\"190\" height=\"140\" srcset=\"https:\/\/www.radiopiu.net\/wordpress\/wp-content\/uploads\/2022\/01\/LORENZO-BUSIN-2022-300x220.png 300w, https:\/\/www.radiopiu.net\/wordpress\/wp-content\/uploads\/2022\/01\/LORENZO-BUSIN-2022-1024x750.png 1024w, https:\/\/www.radiopiu.net\/wordpress\/wp-content\/uploads\/2022\/01\/LORENZO-BUSIN-2022-768x563.png 768w, https:\/\/www.radiopiu.net\/wordpress\/wp-content\/uploads\/2022\/01\/LORENZO-BUSIN-2022.png 1488w\" sizes=\"auto, (max-width: 190px) 100vw, 190px\" \/><\/a> <\/strong><\/p>\n<p><strong>\u00a0<\/strong><\/p>\n<p><strong>REDAZIONE <\/strong>In localit\u00e0 Alochet presso il Passo San Pellegrino, si \u00e8 svolta la prima edizione della &#8220;Al\u00f3chetpias-Classic&#8221;, gara promozionale di sci di fondo sui percorsi di 25 e 15 km, organizzata dall&#8217;U.S. Monti Pallidi e dal Team Futura. L&#8217;evento ha attirato diversi atleti italiani in preparazione per la Vasaloppet, che hanno colto l&#8217;occasione per testare la propria forma fisica. Nella gara principale, la 25 km, il successo \u00e8 andato a Lorenzo Busin, che ha dominato con un netto distacco.<\/p>\n<p>&nbsp;<\/p>\n<p>&nbsp;<\/p>\n<p>*******<\/p>\n","protected":false},"excerpt":{"rendered":"<p>****** &nbsp; \u00a0 REDAZIONE In localit\u00e0 Alochet presso il Passo San Pellegrino, si \u00e8 svolta la prima edizione della &#8220;Al\u00f3chetpias-Classic&#8221;, gara promozionale di sci di fondo sui percorsi di 25 e 15 km, organizzata dall&#8217;U.S. Monti Pallidi e dal Team Futura. L&#8217;evento ha attirato diversi atleti italiani in preparazione per la Vasaloppet, che hanno colto&hellip;<\/p>\n","protected":false},"author":4,"featured_media":255677,"comment_status":"closed","ping_status":"closed","sticky":false,"template":"","format":"standard","meta":{"_monsterinsights_skip_tracking":false,"_monsterinsights_sitenote_active":false,"_monsterinsights_sitenote_note":"","_monsterinsights_sitenote_category":0,"footnotes":""},"categories":[49],"tags":[],"class_list":["post-436065","post","type-post","status-publish","format-standard","has-post-thumbnail","hentry","category-news-18","category-49","description-off"],"img_url":"https:\/\/www.radiopiu.net\/wordpress\/wp-content\/uploads\/2022\/01\/LORENZO-BUSIN-2022.png","_links":{"self":[{"href":"https:\/\/www.radiopiu.net\/wordpress\/wp-json\/wp\/v2\/posts\/436065","targetHints":{"allow":["GET"]}}],"collection":[{"href":"https:\/\/www.radiopiu.net\/wordpress\/wp-json\/wp\/v2\/posts"}],"about":[{"href":"https:\/\/www.radiopiu.net\/wordpress\/wp-json\/wp\/v2\/types\/post"}],"author":[{"embeddable":true,"href":"https:\/\/www.radiopiu.net\/wordpress\/wp-json\/wp\/v2\/users\/4"}],"replies":[{"embeddable":true,"href":"https:\/\/www.radiopiu.net\/wordpress\/wp-json\/wp\/v2\/comments?post=436065"}],"version-history":[{"count":1,"href":"https:\/\/www.radiopiu.net\/wordpress\/wp-json\/wp\/v2\/posts\/436065\/revisions"}],"predecessor-version":[{"id":436066,"href":"https:\/\/www.radiopiu.net\/wordpress\/wp-json\/wp\/v2\/posts\/436065\/revisions\/436066"}],"wp:featuredmedia":[{"embeddable":true,"href":"https:\/\/www.radiopiu.net\/wordpress\/wp-json\/wp\/v2\/media\/255677"}],"wp:attachment":[{"href":"https:\/\/www.radiopiu.net\/wordpress\/wp-json\/wp\/v2\/media?parent=436065"}],"wp:term":[{"taxonomy":"category","embeddable":true,"href":"https:\/\/www.radiopiu.net\/wordpress\/wp-json\/wp\/v2\/categories?post=436065"},{"taxonomy":"post_tag","embeddable":true,"href":"https:\/\/www.radiopiu.net\/wordpress\/wp-json\/wp\/v2\/tags?post=436065"}],"curies":[{"name":"wp","href":"https:\/\/api.w.org\/{rel}","templated":true}]}}