{"id":436072,"date":"2025-02-22T17:52:27","date_gmt":"2025-02-22T16:52:27","guid":{"rendered":"https:\/\/www.radiopiu.net\/wordpress\/?p=436072"},"modified":"2025-02-22T17:54:52","modified_gmt":"2025-02-22T16:54:52","slug":"missione-compiuta-moreno-pesce-in-cima-alla-olimpia-delle-tofane","status":"publish","type":"post","link":"https:\/\/www.radiopiu.net\/wordpress\/missione-compiuta-moreno-pesce-in-cima-alla-olimpia-delle-tofane\/","title":{"rendered":"MISSIONE COMPIUTA: MORENO PESCE IN CIMA ALLA OLIMPIA DELLE TOFANE"},"content":{"rendered":"<p>*****<\/p>\n<p>&nbsp;<\/p>\n<p><strong>CORTINA <\/strong>\u201cCiao, sono in cima, obiettivo raggiunto!\u201d. \u2013 Le prime parole di\u00a0Moreno Pesce questa mattina verso le 7.00 quando il sole accarezzava gi\u00e0 le pareti verticali della Olimpia delle Tofane e lui aveva appena finito di risalire non senza difficolt\u00e0 la pista Olimpia, come auspicato da tempo. Il gruppetto era partito alle 4 ed \u00e8 arrivato in cima verso le 7. Circa tre ore in totale di salita. Fondo della pista molto probante per lui perch\u00e9 duro.\u00a0\u201cE\u2019 stata una salita veramente tosta, non \u00e8 stata per nulla semplice, non me l\u2019aspettavo cos\u00ec dura, onestamente. Grazie alla presenza del mio team in primis\u00a0Lio De Nes e Jacopo Bernard il mio video maker e Barbara, siamo riusciti a venire fuori dal muro della Olimpia alle Tofane perch\u00e9 \u00e8 veramente un ostacolo incredibile. Stamattina il fondo era molto indurito. Avevo con me solo i ramponcini leggeri e non quelli da alpinismo. Ho sbagliato a sottovalutare lo stato della neve, ma per fortuna avevo la picozza da ghiaccio e le stampelle con il coltello. Abbiamo acceso il braciere, il fuoco e la fiaccola.\u00a0\u00a0Quella con la fiamma \u00e8 stata la mia prima foto per raccontare questa salita ma soprattutto quel fuoco interiore che deve ardere sempre!\u201d. \u201cMia figlia Elisa ed Antonella, la mia famiglia ed altre persone sono salite con la funivia Tofana e mi hanno aspettato alla stazione a monte al Rifugio Pomedes. Elisa, mi ha dato emozionata, la treccina che aveva preparato per me come una medaglia, da attaccare insieme alle altre che ho gi\u00e0 alla protesi come ormai \u00e8 una tradizione tra noi. In pista siamo stati in quattro: Lio De Nes, Jacopo Bernard, Giulia Calzolari ed io. Devo dire che ho sottovalutato il fondo e la pendenza decisamente estrema\u201d. Moreno Pesce ringrazia tutti gli organismi, partner, amministratori ed amici che hanno reso possibile la sua impresa odierna.<\/p>\n\n\t\t\t<style type='text\/css'>\n\t\t\t\t#gallery-1 {\n\t\t\t\t\tmargin: auto;\n\t\t\t\t}\n\t\t\t\t#gallery-1 .gallery-item {\n\t\t\t\t\tfloat: left;\n\t\t\t\t\tmargin-top: 10px;\n\t\t\t\t\ttext-align: center;\n\t\t\t\t\twidth: 20%;\n\t\t\t\t}\n\t\t\t\t#gallery-1 img {\n\t\t\t\t\tborder: 2px solid #cfcfcf;\n\t\t\t\t}\n\t\t\t\t#gallery-1 .gallery-caption {\n\t\t\t\t\tmargin-left: 0;\n\t\t\t\t}\n\t\t\t\t\/* see gallery_shortcode() in wp-includes\/media.php *\/\n\t\t\t<\/style>\n\t\t<div id='gallery-1' class='dt-gallery-container gallery galleryid-436072 gallery-columns-5 gallery-size-thumbnail'><dl class='gallery-item'>\n\t\t\t\t<dt class='gallery-icon portrait'>\n\t\t\t\t\t<a class=\"rollover rollover-zoom dt-pswp-item\" title=\"618759bd-6bcf-4d4f-a531-5ad725bb0138\" data-dt-img-description=\"\" data-large_image_width=\"854\" data-large_image_height=\"1280\"href='https:\/\/www.radiopiu.net\/wordpress\/wp-content\/uploads\/2025\/02\/618759bd-6bcf-4d4f-a531-5ad725bb0138.jpeg'><img loading=\"lazy\" decoding=\"async\" width=\"150\" height=\"150\" src=\"https:\/\/www.radiopiu.net\/wordpress\/wp-content\/uploads\/2025\/02\/618759bd-6bcf-4d4f-a531-5ad725bb0138-150x150.jpeg\" class=\"attachment-thumbnail size-thumbnail\" alt=\"\" \/><\/a>\n\t\t\t\t<\/dt><\/dl><dl class='gallery-item'>\n\t\t\t\t<dt class='gallery-icon portrait'>\n\t\t\t\t\t<a class=\"rollover rollover-zoom dt-pswp-item\" title=\"Unknown\" data-dt-img-description=\"\" data-large_image_width=\"854\" data-large_image_height=\"1280\"href='https:\/\/www.radiopiu.net\/wordpress\/wp-content\/uploads\/2025\/02\/Unknown-3.jpeg'><img loading=\"lazy\" decoding=\"async\" width=\"150\" height=\"150\" src=\"https:\/\/www.radiopiu.net\/wordpress\/wp-content\/uploads\/2025\/02\/Unknown-3-150x150.jpeg\" class=\"attachment-thumbnail size-thumbnail\" alt=\"\" \/><\/a>\n\t\t\t\t<\/dt><\/dl><dl class='gallery-item'>\n\t\t\t\t<dt class='gallery-icon landscape'>\n\t\t\t\t\t<a class=\"rollover rollover-zoom dt-pswp-item\" title=\"e0f16fd8-70e1-4d96-b1f3-2a5361806c66\" data-dt-img-description=\"\" data-large_image_width=\"1280\" data-large_image_height=\"854\"href='https:\/\/www.radiopiu.net\/wordpress\/wp-content\/uploads\/2025\/02\/e0f16fd8-70e1-4d96-b1f3-2a5361806c66.jpeg'><img loading=\"lazy\" decoding=\"async\" width=\"150\" height=\"150\" src=\"https:\/\/www.radiopiu.net\/wordpress\/wp-content\/uploads\/2025\/02\/e0f16fd8-70e1-4d96-b1f3-2a5361806c66-150x150.jpeg\" class=\"attachment-thumbnail size-thumbnail\" alt=\"\" \/><\/a>\n\t\t\t\t<\/dt><\/dl><dl class='gallery-item'>\n\t\t\t\t<dt class='gallery-icon landscape'>\n\t\t\t\t\t<a class=\"rollover rollover-zoom dt-pswp-item\" title=\"56a713ff-e5fb-40ef-b93b-5c18c59f3201\" data-dt-img-description=\"\" data-large_image_width=\"1280\" data-large_image_height=\"854\"href='https:\/\/www.radiopiu.net\/wordpress\/wp-content\/uploads\/2025\/02\/56a713ff-e5fb-40ef-b93b-5c18c59f3201.jpeg'><img loading=\"lazy\" decoding=\"async\" width=\"150\" height=\"150\" src=\"https:\/\/www.radiopiu.net\/wordpress\/wp-content\/uploads\/2025\/02\/56a713ff-e5fb-40ef-b93b-5c18c59f3201-150x150.jpeg\" class=\"attachment-thumbnail size-thumbnail\" alt=\"\" \/><\/a>\n\t\t\t\t<\/dt><\/dl><dl class='gallery-item'>\n\t\t\t\t<dt class='gallery-icon landscape'>\n\t\t\t\t\t<a class=\"rollover rollover-zoom dt-pswp-item\" title=\"2b7d0134-aa14-4936-9562-2ff3a047bf50 copia\" data-dt-img-description=\"\" data-large_image_width=\"1280\" data-large_image_height=\"854\"href='https:\/\/www.radiopiu.net\/wordpress\/wp-content\/uploads\/2025\/02\/2b7d0134-aa14-4936-9562-2ff3a047bf50-copia.jpeg'><img loading=\"lazy\" decoding=\"async\" width=\"150\" height=\"150\" src=\"https:\/\/www.radiopiu.net\/wordpress\/wp-content\/uploads\/2025\/02\/2b7d0134-aa14-4936-9562-2ff3a047bf50-copia-150x150.jpeg\" class=\"attachment-thumbnail size-thumbnail\" alt=\"\" \/><\/a>\n\t\t\t\t<\/dt><\/dl><br style=\"clear: both\" \/>\n\t\t\t<\/div>\n\n<p>&nbsp;<\/p>\n<p>&nbsp;<\/p>\n<p>********<\/p>\n","protected":false},"excerpt":{"rendered":"<p>***** &nbsp; CORTINA \u201cCiao, sono in cima, obiettivo raggiunto!\u201d. \u2013 Le prime parole di\u00a0Moreno Pesce questa mattina verso le 7.00 quando il sole accarezzava gi\u00e0 le pareti verticali della Olimpia delle Tofane e lui aveva appena finito di risalire non senza difficolt\u00e0 la pista Olimpia, come auspicato da tempo. Il gruppetto era partito alle 4&hellip;<\/p>\n","protected":false},"author":4,"featured_media":436075,"comment_status":"closed","ping_status":"closed","sticky":false,"template":"","format":"standard","meta":{"_monsterinsights_skip_tracking":false,"_monsterinsights_sitenote_active":false,"_monsterinsights_sitenote_note":"","_monsterinsights_sitenote_category":0,"footnotes":""},"categories":[49],"tags":[],"class_list":["post-436072","post","type-post","status-publish","format-standard","has-post-thumbnail","hentry","category-news-18","category-49","description-off"],"img_url":"https:\/\/www.radiopiu.net\/wordpress\/wp-content\/uploads\/2025\/02\/e0f16fd8-70e1-4d96-b1f3-2a5361806c66.jpeg","_links":{"self":[{"href":"https:\/\/www.radiopiu.net\/wordpress\/wp-json\/wp\/v2\/posts\/436072","targetHints":{"allow":["GET"]}}],"collection":[{"href":"https:\/\/www.radiopiu.net\/wordpress\/wp-json\/wp\/v2\/posts"}],"about":[{"href":"https:\/\/www.radiopiu.net\/wordpress\/wp-json\/wp\/v2\/types\/post"}],"author":[{"embeddable":true,"href":"https:\/\/www.radiopiu.net\/wordpress\/wp-json\/wp\/v2\/users\/4"}],"replies":[{"embeddable":true,"href":"https:\/\/www.radiopiu.net\/wordpress\/wp-json\/wp\/v2\/comments?post=436072"}],"version-history":[{"count":3,"href":"https:\/\/www.radiopiu.net\/wordpress\/wp-json\/wp\/v2\/posts\/436072\/revisions"}],"predecessor-version":[{"id":436080,"href":"https:\/\/www.radiopiu.net\/wordpress\/wp-json\/wp\/v2\/posts\/436072\/revisions\/436080"}],"wp:featuredmedia":[{"embeddable":true,"href":"https:\/\/www.radiopiu.net\/wordpress\/wp-json\/wp\/v2\/media\/436075"}],"wp:attachment":[{"href":"https:\/\/www.radiopiu.net\/wordpress\/wp-json\/wp\/v2\/media?parent=436072"}],"wp:term":[{"taxonomy":"category","embeddable":true,"href":"https:\/\/www.radiopiu.net\/wordpress\/wp-json\/wp\/v2\/categories?post=436072"},{"taxonomy":"post_tag","embeddable":true,"href":"https:\/\/www.radiopiu.net\/wordpress\/wp-json\/wp\/v2\/tags?post=436072"}],"curies":[{"name":"wp","href":"https:\/\/api.w.org\/{rel}","templated":true}]}}