{"id":436117,"date":"2025-02-24T05:46:14","date_gmt":"2025-02-24T04:46:14","guid":{"rendered":"https:\/\/www.radiopiu.net\/wordpress\/?p=436117"},"modified":"2025-02-24T05:53:47","modified_gmt":"2025-02-24T04:53:47","slug":"segnali-di-luce-nella-notte-allarme-e-intervento-del-soccorso-alpino","status":"publish","type":"post","link":"https:\/\/www.radiopiu.net\/wordpress\/segnali-di-luce-nella-notte-allarme-e-intervento-del-soccorso-alpino\/","title":{"rendered":"SEGNALI DI LUCE NELLA NOTTE: ALLARME E INTERVENTO DEL SOCCORSO ALPINO"},"content":{"rendered":"<p>*****<\/p>\n<p>&nbsp;<\/p>\n<p><strong>ROCCA PIETORE<\/strong> Ieri attorno alle 18.40 la Centrale del Suem \u00e8 stata contattata da un uomo che, trovandosi a Capanna Bill, vedeva dei segnali di luce intermittenti, provenienti dal versante roccioso opposto verso la Marmola, a circa 1.900 metri di quota, a 100 metri di altezza da terra. Messo il chiamante in contatto telefonico con il Soccorso alpino della Val Pettorina, una squadra \u00e8 uscita per gli accertamenti del caso, appurando con i visori notturni che c&#8217;era una persona su una cengia con una corda impigliata. Viste le condizioni di rischio evolutivo, con possibile insorgere di ipotermia, \u00e8 stato chiesto l&#8217;intervento dell&#8217;elicottero dell&#8217;Aiut Alpin Dolomites di Bolzano. Poco dopo \u00e8 stata la stessa persona presunta in difficolt\u00e0 a chiamare il 112, dicendo che non aveva bisogno di aiuto. L&#8217;allarme \u00e8 quindi cessato e sono stati fatti rientrare sia l&#8217;elicottero che la squadra.<\/p>\n<p>&nbsp;<\/p>\n<p>&nbsp;<\/p>\n<p>********<\/p>\n","protected":false},"excerpt":{"rendered":"<p>***** &nbsp; ROCCA PIETORE Ieri attorno alle 18.40 la Centrale del Suem \u00e8 stata contattata da un uomo che, trovandosi a Capanna Bill, vedeva dei segnali di luce intermittenti, provenienti dal versante roccioso opposto verso la Marmola, a circa 1.900 metri di quota, a 100 metri di altezza da terra. Messo il chiamante in contatto&hellip;<\/p>\n","protected":false},"author":4,"featured_media":270917,"comment_status":"closed","ping_status":"closed","sticky":false,"template":"","format":"standard","meta":{"_monsterinsights_skip_tracking":false,"_monsterinsights_sitenote_active":false,"_monsterinsights_sitenote_note":"","_monsterinsights_sitenote_category":0,"footnotes":""},"categories":[51,49],"tags":[],"class_list":["post-436117","post","type-post","status-publish","format-standard","has-post-thumbnail","hentry","category-evidenza-top","category-news-18","category-51","category-49","description-off"],"img_url":"https:\/\/www.radiopiu.net\/wordpress\/wp-content\/uploads\/2022\/04\/soccorso-alpino-1024x602-1.jpg","_links":{"self":[{"href":"https:\/\/www.radiopiu.net\/wordpress\/wp-json\/wp\/v2\/posts\/436117","targetHints":{"allow":["GET"]}}],"collection":[{"href":"https:\/\/www.radiopiu.net\/wordpress\/wp-json\/wp\/v2\/posts"}],"about":[{"href":"https:\/\/www.radiopiu.net\/wordpress\/wp-json\/wp\/v2\/types\/post"}],"author":[{"embeddable":true,"href":"https:\/\/www.radiopiu.net\/wordpress\/wp-json\/wp\/v2\/users\/4"}],"replies":[{"embeddable":true,"href":"https:\/\/www.radiopiu.net\/wordpress\/wp-json\/wp\/v2\/comments?post=436117"}],"version-history":[{"count":1,"href":"https:\/\/www.radiopiu.net\/wordpress\/wp-json\/wp\/v2\/posts\/436117\/revisions"}],"predecessor-version":[{"id":436118,"href":"https:\/\/www.radiopiu.net\/wordpress\/wp-json\/wp\/v2\/posts\/436117\/revisions\/436118"}],"wp:featuredmedia":[{"embeddable":true,"href":"https:\/\/www.radiopiu.net\/wordpress\/wp-json\/wp\/v2\/media\/270917"}],"wp:attachment":[{"href":"https:\/\/www.radiopiu.net\/wordpress\/wp-json\/wp\/v2\/media?parent=436117"}],"wp:term":[{"taxonomy":"category","embeddable":true,"href":"https:\/\/www.radiopiu.net\/wordpress\/wp-json\/wp\/v2\/categories?post=436117"},{"taxonomy":"post_tag","embeddable":true,"href":"https:\/\/www.radiopiu.net\/wordpress\/wp-json\/wp\/v2\/tags?post=436117"}],"curies":[{"name":"wp","href":"https:\/\/api.w.org\/{rel}","templated":true}]}}