{"id":436139,"date":"2025-02-24T13:29:04","date_gmt":"2025-02-24T12:29:04","guid":{"rendered":"https:\/\/www.radiopiu.net\/wordpress\/?p=436139"},"modified":"2025-02-23T11:30:34","modified_gmt":"2025-02-23T10:30:34","slug":"i-racconti-di-paolo-soppelsa-puntata-264","status":"publish","type":"post","link":"https:\/\/www.radiopiu.net\/wordpress\/i-racconti-di-paolo-soppelsa-puntata-264\/","title":{"rendered":"I RACCONTI DI PAOLO SOPPELSA &#8211; PUNTATA 264"},"content":{"rendered":"<p>******<\/p>\n<p>&nbsp;<\/p>\n<p><strong>IL CASTELLO DI ANDRAZ<\/strong><\/p>\n<p><strong>AUDIO<\/strong><\/p>\n<audio class=\"wp-audio-shortcode\" id=\"audio-436139-1\" preload=\"none\" style=\"width: 100%;\" controls=\"controls\"><source type=\"audio\/mpeg\" src=\"https:\/\/www.radiopiu.net\/wordpress\/wp-content\/uploads\/2025\/02\/PAOLOS-3.mp3?_=1\" \/><a href=\"https:\/\/www.radiopiu.net\/wordpress\/wp-content\/uploads\/2025\/02\/PAOLOS-3.mp3\">https:\/\/www.radiopiu.net\/wordpress\/wp-content\/uploads\/2025\/02\/PAOLOS-3.mp3<\/a><\/audio>\n<p>&nbsp;<\/p>\n<p><a class=\"dt-pswp-item\" href=\"https:\/\/www.radiopiu.net\/wordpress\/wp-content\/uploads\/2025\/02\/9c95a4d7-4f50-47db-bdba-b29c3df29b30.jpg\" data-dt-img-description=\"\" data-large_image_width=\"1080\" data-large_image_height=\"810\"><img loading=\"lazy\" decoding=\"async\" class=\" wp-image-436141 alignleft\" src=\"https:\/\/www.radiopiu.net\/wordpress\/wp-content\/uploads\/2025\/02\/9c95a4d7-4f50-47db-bdba-b29c3df29b30-300x225.jpg\" alt=\"\" width=\"209\" height=\"157\" srcset=\"https:\/\/www.radiopiu.net\/wordpress\/wp-content\/uploads\/2025\/02\/9c95a4d7-4f50-47db-bdba-b29c3df29b30-300x225.jpg 300w, https:\/\/www.radiopiu.net\/wordpress\/wp-content\/uploads\/2025\/02\/9c95a4d7-4f50-47db-bdba-b29c3df29b30-1024x768.jpg 1024w, https:\/\/www.radiopiu.net\/wordpress\/wp-content\/uploads\/2025\/02\/9c95a4d7-4f50-47db-bdba-b29c3df29b30-768x576.jpg 768w, https:\/\/www.radiopiu.net\/wordpress\/wp-content\/uploads\/2025\/02\/9c95a4d7-4f50-47db-bdba-b29c3df29b30.jpg 1080w\" sizes=\"auto, (max-width: 209px) 100vw, 209px\" \/><\/a>L&#8217;antico maniero \u00e8 situato alle pendici del Col di Lana, al centro del grande vallone che scende dal Passo Falzarego. Poggiato sul possente masso erratico, oggi sorveglia le case della frazione Castello, localit\u00e0 che fa parte del comune di Livinallongo e ubicata ad oltre 1700 metri di quota. Lass\u00f9, dove il bosco inizia a farsi pi\u00f9 rado, la sua sagoma austera evoca suggestioni antiche e racconta storie di miniere confini vescovi e guerre. Da bambino, quando accadeva di salire lungo la strada che conduce al Falzarego, attendevo sempre il momento dell\u2019apparire fra i larici dell&#8217;antico castello. Superato Cernadoi lo sguardo volgeva attento verso sinistra mentre la corriera, che ci avrebbe condotti in gita a Merano o Bressanone, arrancava lentamente lungo la strada che sale fra il Col di Lana e il monte Pore. Dopo aver superato alcuni tornanti e imboccato un breve rettilineo, finalmente riuscivo ad intravedere fra i larici la severa sagoma dell&#8217;antico maniero. Osservavo le possenti mura che si slanciano verso il cielo, ammiravo le piccole finestre dalle quali, tanto tempo prima, spaziavano gli sguardi attenti di quegli uomini intenti a scovare eventuali movimenti sospetti di altri uomini. Nel frattempo, mentre la corriera risaliva lentamente il passo, fiorivano fantasie medievali di balestre e improbabili catapulte, di ponti levatoi e torce che avrebbero illuminato le lunghe notti trascorse a fare la guardia camminando avanti e indietro sulla sommit\u00e0 delle mura merlate. E poi pagliericci sui quali riposare qualche ora e fuochi che riscaldavano corpi infreddoliti e pietanze e chiss\u00e0, forse anche armature in ferro e spade utili a fronteggiare un nemico che desiderava attentare i confini. Chiss\u00e0 quegli uomini di vedetta come vivevano quelle eterne e gelide notti d&#8217;inverno di tanti secoli fa, quali erano i loro pensieri mentre tentavano di proteggersi dal freddo, mentre cercavano con lo sguardo un nemico che chiss\u00e0 se sarebbe mai giunto nei pressi del castello. Nei lunghi giorni di quiete avrebbero vissuto gli imponenti silenzi della montagna e visto scivolare via le estati che lass\u00f9, a quasi 1800 metri di quota, durano il tempo di un respiro. Poi, durante il mese di ottobre, avrebbero ammirato i larici durante il loro vestirsi d&#8217;oro e osservato la prima neve d&#8217;autunno imbiancare le robuste mura del possente castello. Suggestioni, fantasie di un bambino che per pochi istanti osservava quella inconsueta e imponente struttura che ben si integra con il paesaggio d&#8217;alta montagna. Bastioni e larici, allegra acqua di disgelo che a primavera lambisce le millenarie mura. E poi sguardi ammirati delle tante persone che oggi desiderano immergersi in quell&#8217;atmosfera antica che il castello offre ai moderni viandanti montani. Antiche mura cariche di storia narrano vite e fatti che si perdono nei tempo e una terribile guerra combattuta poco pi\u00f9 di un secolo fa sulle montagne circostanti; antiche mura silenti che narrano importanti storie di uomini e montagne.<\/p>\n<p>&nbsp;<\/p>\n<p>&nbsp;<\/p>\n<p>*******<\/p>\n","protected":false},"excerpt":{"rendered":"<p>****** &nbsp; IL CASTELLO DI ANDRAZ AUDIO &nbsp; L&#8217;antico maniero \u00e8 situato alle pendici del Col di Lana, al centro del grande vallone che scende dal Passo Falzarego. Poggiato sul possente masso erratico, oggi sorveglia le case della frazione Castello, localit\u00e0 che fa parte del comune di Livinallongo e ubicata ad oltre 1700 metri di&hellip;<\/p>\n","protected":false},"author":4,"featured_media":436141,"comment_status":"closed","ping_status":"closed","sticky":false,"template":"","format":"standard","meta":{"_monsterinsights_skip_tracking":false,"_monsterinsights_sitenote_active":false,"_monsterinsights_sitenote_note":"","_monsterinsights_sitenote_category":0,"footnotes":""},"categories":[49,112],"tags":[],"class_list":["post-436139","post","type-post","status-publish","format-standard","has-post-thumbnail","hentry","category-news-18","category-racconti-soppelsa","category-49","category-112","description-off"],"img_url":"https:\/\/www.radiopiu.net\/wordpress\/wp-content\/uploads\/2025\/02\/9c95a4d7-4f50-47db-bdba-b29c3df29b30.jpg","_links":{"self":[{"href":"https:\/\/www.radiopiu.net\/wordpress\/wp-json\/wp\/v2\/posts\/436139","targetHints":{"allow":["GET"]}}],"collection":[{"href":"https:\/\/www.radiopiu.net\/wordpress\/wp-json\/wp\/v2\/posts"}],"about":[{"href":"https:\/\/www.radiopiu.net\/wordpress\/wp-json\/wp\/v2\/types\/post"}],"author":[{"embeddable":true,"href":"https:\/\/www.radiopiu.net\/wordpress\/wp-json\/wp\/v2\/users\/4"}],"replies":[{"embeddable":true,"href":"https:\/\/www.radiopiu.net\/wordpress\/wp-json\/wp\/v2\/comments?post=436139"}],"version-history":[{"count":1,"href":"https:\/\/www.radiopiu.net\/wordpress\/wp-json\/wp\/v2\/posts\/436139\/revisions"}],"predecessor-version":[{"id":436142,"href":"https:\/\/www.radiopiu.net\/wordpress\/wp-json\/wp\/v2\/posts\/436139\/revisions\/436142"}],"wp:featuredmedia":[{"embeddable":true,"href":"https:\/\/www.radiopiu.net\/wordpress\/wp-json\/wp\/v2\/media\/436141"}],"wp:attachment":[{"href":"https:\/\/www.radiopiu.net\/wordpress\/wp-json\/wp\/v2\/media?parent=436139"}],"wp:term":[{"taxonomy":"category","embeddable":true,"href":"https:\/\/www.radiopiu.net\/wordpress\/wp-json\/wp\/v2\/categories?post=436139"},{"taxonomy":"post_tag","embeddable":true,"href":"https:\/\/www.radiopiu.net\/wordpress\/wp-json\/wp\/v2\/tags?post=436139"}],"curies":[{"name":"wp","href":"https:\/\/api.w.org\/{rel}","templated":true}]}}