{"id":436155,"date":"2025-02-23T15:24:46","date_gmt":"2025-02-23T14:24:46","guid":{"rendered":"https:\/\/www.radiopiu.net\/wordpress\/?p=436155"},"modified":"2025-02-24T05:57:49","modified_gmt":"2025-02-24T04:57:49","slug":"mario-vielmo-il-primo-alpinista-veneto-dei-14-ottomila-al-nof-filo-di-cencenighe","status":"publish","type":"post","link":"https:\/\/www.radiopiu.net\/wordpress\/mario-vielmo-il-primo-alpinista-veneto-dei-14-ottomila-al-nof-filo-di-cencenighe\/","title":{"rendered":"MARIO VIELMO, IL PRIMO ALPINISTA VENETO DEI 14 OTTOMILA, AL NOF FILO&#8217; DI CENCENIGHE"},"content":{"rendered":"<p>*******<\/p>\n<p>&nbsp;<\/p>\n<p><strong>CENCENIGHE <\/strong>Il Gruppo Amici della Montagna di Cencenighe, con il patrocinio del Comune,\u00a0 presenta una serata\u00a0 con l&#8217;alpinista Mario Vielmo, primo veneto ad aver conquistato tutti i 14 ottomila della Terra. L&#8217;evento, dal titolo &#8220;Mario Vielmo, una vita per gli ottomila in Himalaya e Karakorum&#8221;, si terr\u00e0 sabato 1\u00b0 marzo alle ore 20:45 presso il Nof Fil\u00f2 di Cencenighe Agordino. L&#8217;ingresso \u00e8 libero. La presentazione \u00e8 a cura di Gianpaolo Soratroi. Vielmo, classe 1964, nato a Lonigo (VI), ha coronato il suo straordinario percorso alpinistico nell&#8217;ottobre 2024 con la salita in vetta allo Shisha Pangma (8.027 m), ultima vetta mancante della sua collezione di ottomila. Il suo viaggio nelle alte quote \u00e8 iniziato nel 1996 con il tentativo sul Broad Peak (8.047 m), seguito dalla prima conquista di un ottomila nel 1998 sul Dhaulagiri (8.167 m). Durante la serata, moderata da Gianpaolo Soratroi, l&#8217;alpinista vicentino condivider\u00e0 con il pubblico le sue esperienze attraverso una selezione di immagini e filmati commentati personalmente offrendo uno sguardo privilegiato sull&#8217;alpinismo d&#8217;alta quota. La partecipazione di Vielmo al Nof Fil\u00f2 si inserisce nella consolidata tradizione del Gruppo Amici della Montagna, che sin dai primi anni Ottanta ha invitato molti rappresentanti noti dell&#8217;alpinismo internazionale. Una serata che rappresenta un\u2019occasione per conoscere da vicino uno dei pi\u00f9 importanti alpinisti italiani. L&#8217;esperienza di Vielmo non si limita alle conquiste tecniche, ma abbraccia anche gli aspetti umani\u00a0 dell&#8217;alpinismo himalayano. Serata ad ingresso libero.<\/p>\n\n\t\t\t<style type='text\/css'>\n\t\t\t\t#gallery-1 {\n\t\t\t\t\tmargin: auto;\n\t\t\t\t}\n\t\t\t\t#gallery-1 .gallery-item {\n\t\t\t\t\tfloat: left;\n\t\t\t\t\tmargin-top: 10px;\n\t\t\t\t\ttext-align: center;\n\t\t\t\t\twidth: 33%;\n\t\t\t\t}\n\t\t\t\t#gallery-1 img {\n\t\t\t\t\tborder: 2px solid #cfcfcf;\n\t\t\t\t}\n\t\t\t\t#gallery-1 .gallery-caption {\n\t\t\t\t\tmargin-left: 0;\n\t\t\t\t}\n\t\t\t\t\/* see gallery_shortcode() in wp-includes\/media.php *\/\n\t\t\t<\/style>\n\t\t<div id='gallery-1' class='dt-gallery-container gallery galleryid-436155 gallery-columns-3 gallery-size-thumbnail'><dl class='gallery-item'>\n\t\t\t\t<dt class='gallery-icon landscape'>\n\t\t\t\t\t<a class=\"rollover rollover-zoom dt-pswp-item\" title=\"Vielmo in vetta allo Shisha Pangma con la bandiera delle Olimpiadi Milano-Cortina 2026\" data-dt-img-description=\"\" data-large_image_width=\"855\" data-large_image_height=\"809\"href='https:\/\/www.radiopiu.net\/wordpress\/wp-content\/uploads\/2025\/02\/Vielmo-in-vetta-allo-Shisha-Pangma-con-la-bandiera-delle-Olimpiadi-Milano-Cortina-2026.png'><img loading=\"lazy\" decoding=\"async\" width=\"150\" height=\"150\" src=\"https:\/\/www.radiopiu.net\/wordpress\/wp-content\/uploads\/2025\/02\/Vielmo-in-vetta-allo-Shisha-Pangma-con-la-bandiera-delle-Olimpiadi-Milano-Cortina-2026-150x150.png\" class=\"attachment-thumbnail size-thumbnail\" alt=\"\" \/><\/a>\n\t\t\t\t<\/dt><\/dl><dl class='gallery-item'>\n\t\t\t\t<dt class='gallery-icon landscape'>\n\t\t\t\t\t<a class=\"rollover rollover-zoom dt-pswp-item\" title=\"Mario in vetta al Nanga Parbat 8126m 3 luglio 2023 ore 16,30\" data-dt-img-description=\"\" data-large_image_width=\"1434\" data-large_image_height=\"893\"href='https:\/\/www.radiopiu.net\/wordpress\/wp-content\/uploads\/2025\/02\/Mario-in-vetta-al-Nanga-Parbat-8126m-3-luglio-2023-ore-1630.png'><img loading=\"lazy\" decoding=\"async\" width=\"150\" height=\"150\" src=\"https:\/\/www.radiopiu.net\/wordpress\/wp-content\/uploads\/2025\/02\/Mario-in-vetta-al-Nanga-Parbat-8126m-3-luglio-2023-ore-1630-150x150.png\" class=\"attachment-thumbnail size-thumbnail\" alt=\"\" \/><\/a>\n\t\t\t\t<\/dt><\/dl><dl class='gallery-item'>\n\t\t\t\t<dt class='gallery-icon landscape'>\n\t\t\t\t\t<a class=\"rollover rollover-zoom dt-pswp-item\" title=\"6 Campo Base Shisha Pangma\" data-dt-img-description=\"\" data-large_image_width=\"2310\" data-large_image_height=\"2196\"href='https:\/\/www.radiopiu.net\/wordpress\/wp-content\/uploads\/2025\/02\/6-Campo-Base-Shisha-Pangma.jpg'><img loading=\"lazy\" decoding=\"async\" width=\"150\" height=\"150\" src=\"https:\/\/www.radiopiu.net\/wordpress\/wp-content\/uploads\/2025\/02\/6-Campo-Base-Shisha-Pangma-150x150.jpg\" class=\"attachment-thumbnail size-thumbnail\" alt=\"\" \/><\/a>\n\t\t\t\t<\/dt><\/dl><br style=\"clear: both\" \/>\n\t\t\t<\/div>\n\n<p>&nbsp;<\/p>\n<p>&nbsp;<\/p>\n<p>*********<\/p>\n","protected":false},"excerpt":{"rendered":"<p>******* &nbsp; CENCENIGHE Il Gruppo Amici della Montagna di Cencenighe, con il patrocinio del Comune,\u00a0 presenta una serata\u00a0 con l&#8217;alpinista Mario Vielmo, primo veneto ad aver conquistato tutti i 14 ottomila della Terra. L&#8217;evento, dal titolo &#8220;Mario Vielmo, una vita per gli ottomila in Himalaya e Karakorum&#8221;, si terr\u00e0 sabato 1\u00b0 marzo alle ore 20:45&hellip;<\/p>\n","protected":false},"author":4,"featured_media":436157,"comment_status":"closed","ping_status":"closed","sticky":false,"template":"","format":"standard","meta":{"_monsterinsights_skip_tracking":false,"_monsterinsights_sitenote_active":false,"_monsterinsights_sitenote_note":"","_monsterinsights_sitenote_category":0,"footnotes":""},"categories":[104,49],"tags":[],"class_list":["post-436155","post","type-post","status-publish","format-standard","has-post-thumbnail","hentry","category-evidenza_3","category-news-18","category-104","category-49","description-off"],"img_url":"https:\/\/www.radiopiu.net\/wordpress\/wp-content\/uploads\/2025\/02\/Mario-in-vetta-al-Nanga-Parbat-8126m-3-luglio-2023-ore-1630.png","_links":{"self":[{"href":"https:\/\/www.radiopiu.net\/wordpress\/wp-json\/wp\/v2\/posts\/436155","targetHints":{"allow":["GET"]}}],"collection":[{"href":"https:\/\/www.radiopiu.net\/wordpress\/wp-json\/wp\/v2\/posts"}],"about":[{"href":"https:\/\/www.radiopiu.net\/wordpress\/wp-json\/wp\/v2\/types\/post"}],"author":[{"embeddable":true,"href":"https:\/\/www.radiopiu.net\/wordpress\/wp-json\/wp\/v2\/users\/4"}],"replies":[{"embeddable":true,"href":"https:\/\/www.radiopiu.net\/wordpress\/wp-json\/wp\/v2\/comments?post=436155"}],"version-history":[{"count":1,"href":"https:\/\/www.radiopiu.net\/wordpress\/wp-json\/wp\/v2\/posts\/436155\/revisions"}],"predecessor-version":[{"id":436160,"href":"https:\/\/www.radiopiu.net\/wordpress\/wp-json\/wp\/v2\/posts\/436155\/revisions\/436160"}],"wp:featuredmedia":[{"embeddable":true,"href":"https:\/\/www.radiopiu.net\/wordpress\/wp-json\/wp\/v2\/media\/436157"}],"wp:attachment":[{"href":"https:\/\/www.radiopiu.net\/wordpress\/wp-json\/wp\/v2\/media?parent=436155"}],"wp:term":[{"taxonomy":"category","embeddable":true,"href":"https:\/\/www.radiopiu.net\/wordpress\/wp-json\/wp\/v2\/categories?post=436155"},{"taxonomy":"post_tag","embeddable":true,"href":"https:\/\/www.radiopiu.net\/wordpress\/wp-json\/wp\/v2\/tags?post=436155"}],"curies":[{"name":"wp","href":"https:\/\/api.w.org\/{rel}","templated":true}]}}