{"id":436179,"date":"2025-02-23T23:56:57","date_gmt":"2025-02-23T22:56:57","guid":{"rendered":"https:\/\/www.radiopiu.net\/wordpress\/?p=436179"},"modified":"2025-02-24T05:57:39","modified_gmt":"2025-02-24T04:57:39","slug":"francesca-mussoi-emoziona-cencenighe","status":"publish","type":"post","link":"https:\/\/www.radiopiu.net\/wordpress\/francesca-mussoi-emoziona-cencenighe\/","title":{"rendered":"FRANCESCA MUSSOI EMOZIONA CENCENIGHE"},"content":{"rendered":"<p>*******<\/p>\n<p>&nbsp;<\/p>\n<p><strong>DI LUISA ALCHINI<\/strong><\/p>\n<p><strong>CENCENIGHE<\/strong> Quel solo di \u201cSono solo un albero\u201d a conti fatti non \u00e8 altro che l\u2019 ossimoro della grandezza di quel \u201cabete: rosso, a bordo strada, schiacciato tra un dirupo e un guardrail\u201d a cui l\u2019autrice ha dato anima, entrando nel suo pi\u00f9 profondo sentire, in ogni suo ramo, ogni radice e lo ha reso voce narrante di un incantevole romanzo che racconta anche di Vaia: \u201cil nome di questo mostro arrogante, bramoso di morte, senza esclusione di colpi\u201d che ha sconvolto e modificato forse per sempre le nostre foreste. Francesca Mussoi ha presentato il suo libro a Cencenighe in sala consigliare, sabato 22 febbraio su invito dell\u2019amministrazione comunale, della biblioteca, in collaborazione con il Centro Internazionale del Libro parlato di Feltre e Radio Pi\u00f9. Francesca ha spiegato come Vaia possa essere considerata metaforicamente una delle tempeste della vita che ci mettono a dura prova e che ci rendono resilienti proprio come Albero, altri messaggi sono stati veicolati durante l\u2019evento, scanditi dalle letture di Angela, Kati, Yvonne, Orietta con la piccola Rita Masiero, facenti parte del gruppo Libri Parlanti afferente al Cilp ODV di Feltre e che da tempo svolge la sua attivit\u00e0 di volontariato presso le strutture per anziani proponendo agli ospiti racconti e poesie . I giovani fratelli Elia e Davide Scardanzan hanno arricchito l\u2019incontro di note in perfetta armonia con il contesto, mentre Diego Da Rif ha illustrato i suoi scatti che unitamente a quelli di di Luca Zanfron sono raccolti in appendice del libro a testimonianza della devastazione di Vaia. Francesca da tempo rivolge la sua attenzione verso i pi\u00f9 giovani, meritevoli di \u201cascolto\u201d, da tempo scrive favole che diventano insegnamento anche per gli adulti, anche in questo suo primo romanzo mantiene il suo stile delicato, la storia d\u2019amore fra Aldo e Bianca viene raccontata con pudore quasi manzoniano, a cui purtroppo la letteratura moderna ci ha disabituato. La condivisione di profondi valori come quelli evocati da Francesca Mussoi necessita di un contesto accogliente e Cencenighe sabato ha offerto uno spaccato della sua comunit\u00e0 generosa, perch\u00e9 essere montanari non \u00e8 sinonimo di chiusura ma un privilegio da condividere<\/p>\n\n\t\t\t<style type='text\/css'>\n\t\t\t\t#gallery-1 {\n\t\t\t\t\tmargin: auto;\n\t\t\t\t}\n\t\t\t\t#gallery-1 .gallery-item {\n\t\t\t\t\tfloat: left;\n\t\t\t\t\tmargin-top: 10px;\n\t\t\t\t\ttext-align: center;\n\t\t\t\t\twidth: 25%;\n\t\t\t\t}\n\t\t\t\t#gallery-1 img {\n\t\t\t\t\tborder: 2px solid #cfcfcf;\n\t\t\t\t}\n\t\t\t\t#gallery-1 .gallery-caption {\n\t\t\t\t\tmargin-left: 0;\n\t\t\t\t}\n\t\t\t\t\/* see gallery_shortcode() in wp-includes\/media.php *\/\n\t\t\t<\/style>\n\t\t<div id='gallery-1' class='dt-gallery-container gallery galleryid-436179 gallery-columns-4 gallery-size-thumbnail'><dl class='gallery-item'>\n\t\t\t\t<dt class='gallery-icon landscape'>\n\t\t\t\t\t<a class=\"rollover rollover-zoom dt-pswp-item\" title=\"9e9c8713-f8b8-492d-8e43-ed272dde178e\" data-dt-img-description=\"\" data-large_image_width=\"1600\" data-large_image_height=\"720\"href='https:\/\/www.radiopiu.net\/wordpress\/wp-content\/uploads\/2025\/02\/9e9c8713-f8b8-492d-8e43-ed272dde178e.jpg'><img loading=\"lazy\" decoding=\"async\" width=\"150\" height=\"150\" src=\"https:\/\/www.radiopiu.net\/wordpress\/wp-content\/uploads\/2025\/02\/9e9c8713-f8b8-492d-8e43-ed272dde178e-150x150.jpg\" class=\"attachment-thumbnail size-thumbnail\" alt=\"\" \/><\/a>\n\t\t\t\t<\/dt><\/dl><dl class='gallery-item'>\n\t\t\t\t<dt class='gallery-icon portrait'>\n\t\t\t\t\t<a class=\"rollover rollover-zoom dt-pswp-item\" title=\"e13b4a0e-b16c-4970-829d-b559c8f9963e\" data-dt-img-description=\"\" data-large_image_width=\"720\" data-large_image_height=\"1600\"href='https:\/\/www.radiopiu.net\/wordpress\/wp-content\/uploads\/2025\/02\/e13b4a0e-b16c-4970-829d-b559c8f9963e.jpg'><img loading=\"lazy\" decoding=\"async\" width=\"150\" height=\"150\" src=\"https:\/\/www.radiopiu.net\/wordpress\/wp-content\/uploads\/2025\/02\/e13b4a0e-b16c-4970-829d-b559c8f9963e-150x150.jpg\" class=\"attachment-thumbnail size-thumbnail\" alt=\"\" \/><\/a>\n\t\t\t\t<\/dt><\/dl><dl class='gallery-item'>\n\t\t\t\t<dt class='gallery-icon landscape'>\n\t\t\t\t\t<a class=\"rollover rollover-zoom dt-pswp-item\" title=\"83a267d7-8c6e-4f96-a78d-ae819f2f7f8e\" data-dt-img-description=\"\" data-large_image_width=\"1600\" data-large_image_height=\"720\"href='https:\/\/www.radiopiu.net\/wordpress\/wp-content\/uploads\/2025\/02\/83a267d7-8c6e-4f96-a78d-ae819f2f7f8e.jpg'><img loading=\"lazy\" decoding=\"async\" width=\"150\" height=\"150\" src=\"https:\/\/www.radiopiu.net\/wordpress\/wp-content\/uploads\/2025\/02\/83a267d7-8c6e-4f96-a78d-ae819f2f7f8e-150x150.jpg\" class=\"attachment-thumbnail size-thumbnail\" alt=\"\" \/><\/a>\n\t\t\t\t<\/dt><\/dl><dl class='gallery-item'>\n\t\t\t\t<dt class='gallery-icon portrait'>\n\t\t\t\t\t<a class=\"rollover rollover-zoom dt-pswp-item\" title=\"8c455d5b-6234-4729-805e-1af81063aecb\" data-dt-img-description=\"\" data-large_image_width=\"631\" data-large_image_height=\"1260\"href='https:\/\/www.radiopiu.net\/wordpress\/wp-content\/uploads\/2025\/02\/8c455d5b-6234-4729-805e-1af81063aecb.jpg'><img loading=\"lazy\" decoding=\"async\" width=\"150\" height=\"150\" src=\"https:\/\/www.radiopiu.net\/wordpress\/wp-content\/uploads\/2025\/02\/8c455d5b-6234-4729-805e-1af81063aecb-150x150.jpg\" class=\"attachment-thumbnail size-thumbnail\" alt=\"\" \/><\/a>\n\t\t\t\t<\/dt><\/dl><br style=\"clear: both\" \/>\n\t\t\t<\/div>\n\n<p>&nbsp;<\/p>\n<p>&nbsp;<\/p>\n<p>&nbsp;<\/p>\n<p>&nbsp;<\/p>\n<p>********<\/p>\n","protected":false},"excerpt":{"rendered":"<p>******* &nbsp; DI LUISA ALCHINI CENCENIGHE Quel solo di \u201cSono solo un albero\u201d a conti fatti non \u00e8 altro che l\u2019 ossimoro della grandezza di quel \u201cabete: rosso, a bordo strada, schiacciato tra un dirupo e un guardrail\u201d a cui l\u2019autrice ha dato anima, entrando nel suo pi\u00f9 profondo sentire, in ogni suo ramo, ogni&hellip;<\/p>\n","protected":false},"author":4,"featured_media":436182,"comment_status":"closed","ping_status":"closed","sticky":false,"template":"","format":"standard","meta":{"_monsterinsights_skip_tracking":false,"_monsterinsights_sitenote_active":false,"_monsterinsights_sitenote_note":"","_monsterinsights_sitenote_category":0,"footnotes":""},"categories":[51,49],"tags":[],"class_list":["post-436179","post","type-post","status-publish","format-standard","has-post-thumbnail","hentry","category-evidenza-top","category-news-18","category-51","category-49","description-off"],"img_url":"https:\/\/www.radiopiu.net\/wordpress\/wp-content\/uploads\/2025\/02\/83a267d7-8c6e-4f96-a78d-ae819f2f7f8e.jpg","_links":{"self":[{"href":"https:\/\/www.radiopiu.net\/wordpress\/wp-json\/wp\/v2\/posts\/436179","targetHints":{"allow":["GET"]}}],"collection":[{"href":"https:\/\/www.radiopiu.net\/wordpress\/wp-json\/wp\/v2\/posts"}],"about":[{"href":"https:\/\/www.radiopiu.net\/wordpress\/wp-json\/wp\/v2\/types\/post"}],"author":[{"embeddable":true,"href":"https:\/\/www.radiopiu.net\/wordpress\/wp-json\/wp\/v2\/users\/4"}],"replies":[{"embeddable":true,"href":"https:\/\/www.radiopiu.net\/wordpress\/wp-json\/wp\/v2\/comments?post=436179"}],"version-history":[{"count":1,"href":"https:\/\/www.radiopiu.net\/wordpress\/wp-json\/wp\/v2\/posts\/436179\/revisions"}],"predecessor-version":[{"id":436184,"href":"https:\/\/www.radiopiu.net\/wordpress\/wp-json\/wp\/v2\/posts\/436179\/revisions\/436184"}],"wp:featuredmedia":[{"embeddable":true,"href":"https:\/\/www.radiopiu.net\/wordpress\/wp-json\/wp\/v2\/media\/436182"}],"wp:attachment":[{"href":"https:\/\/www.radiopiu.net\/wordpress\/wp-json\/wp\/v2\/media?parent=436179"}],"wp:term":[{"taxonomy":"category","embeddable":true,"href":"https:\/\/www.radiopiu.net\/wordpress\/wp-json\/wp\/v2\/categories?post=436179"},{"taxonomy":"post_tag","embeddable":true,"href":"https:\/\/www.radiopiu.net\/wordpress\/wp-json\/wp\/v2\/tags?post=436179"}],"curies":[{"name":"wp","href":"https:\/\/api.w.org\/{rel}","templated":true}]}}