{"id":436255,"date":"2025-02-25T05:50:22","date_gmt":"2025-02-25T04:50:22","guid":{"rendered":"https:\/\/www.radiopiu.net\/wordpress\/?p=436255"},"modified":"2025-02-25T08:53:02","modified_gmt":"2025-02-25T07:53:02","slug":"giornaleradiopiu25febbraio-2025","status":"publish","type":"post","link":"https:\/\/www.radiopiu.net\/wordpress\/giornaleradiopiu25febbraio-2025\/","title":{"rendered":"GIORNALE RADIOPIU 25 FEBBRAIO 2025 DIRETTORE MIRKO MEZZACASA\u2026DA 41 ANNI 25 GIUGNO 1983-25 GIUGNO 2024"},"content":{"rendered":"<p>********<\/p>\n<p>primo aggiornamento 06.00<\/p>\n<p>ultimo aggiornamento 8.52<\/p>\n<p><em><span style=\"color: #ff0000;\"><a class=\"dt-pswp-item\" href=\"https:\/\/www.radiopiu.net\/wordpress\/wp-content\/uploads\/2024\/10\/Senza-nome-8.png\" data-dt-img-description=\"\" data-large_image_width=\"343\" data-large_image_height=\"303\"><img loading=\"lazy\" decoding=\"async\" class=\"wp-image-412130 alignleft\" src=\"https:\/\/www.radiopiu.net\/wordpress\/wp-content\/uploads\/2024\/10\/Senza-nome-8-300x265.png\" alt=\"\" width=\"105\" height=\"93\" srcset=\"https:\/\/www.radiopiu.net\/wordpress\/wp-content\/uploads\/2024\/10\/Senza-nome-8-300x265.png 300w, https:\/\/www.radiopiu.net\/wordpress\/wp-content\/uploads\/2024\/10\/Senza-nome-8.png 343w\" sizes=\"auto, (max-width: 105px) 100vw, 105px\" \/><\/a><\/span><\/em><strong><em><span style=\"color: #ff0000;\"> LA\u00a0 APP PER IOS-IPHONE di Nicola Vettorello<\/span><\/em><\/strong><\/p>\n<p><strong><span style=\"color: #0000ff;\"><a style=\"color: #0000ff;\" href=\"https:\/\/apps.apple.com\/it\/app\/radio-pi%C3%B9-emittente-agordina\/id1515939845\">https:\/\/apps.apple.com\/it\/app\/radio-pi%C3%B9-emittente-agordina\/id1515939845<\/a><\/span><\/strong><\/p>\n<p><strong><em style=\"color: #ff0000;\">LA\u00a0 APP RADIO\u00a0 PER ANDROID di Nicola Vettorello<\/em><\/strong><\/p>\n<p><strong><span style=\"color: #0000ff;\"><a style=\"color: #0000ff;\" href=\"https:\/\/play.google.com\/store\/apps\/details?id=net.radiopiu.iniko\" target=\"_blank\" rel=\"noopener noreferrer\">https:\/\/<\/a><a style=\"color: #0000ff;\" href=\"https:\/\/play.google.com\/store\/apps\/details?id=net.radiopiu.iniko\" target=\"_blank\" rel=\"noopener noreferrer\">play.google.com\/store\/apps\/details?id=net.radiopiu.iniko\u00a0\u00a0\u00a0\u00a0<\/a><\/span><\/strong><\/p>\n<p>&nbsp;<\/p>\n<p>&nbsp;<\/p>\n<hr \/>\n<p>&nbsp;<\/p>\n<p><span style=\"color: #ff0000;\"><strong>OGGI ALLA RADIO:\u00a0\u00a0<\/strong><\/span><\/p>\n<p><strong><a class=\"dt-pswp-item\" href=\"https:\/\/www.radiopiu.net\/wordpress\/wp-content\/uploads\/2025\/02\/6fe2b77c-5bdc-43ef-bb9a-cb595fd9b787.jpg\" data-dt-img-description=\"\" data-large_image_width=\"1536\" data-large_image_height=\"2048\"><img loading=\"lazy\" decoding=\"async\" class=\"size-medium wp-image-436486 alignleft\" src=\"https:\/\/www.radiopiu.net\/wordpress\/wp-content\/uploads\/2025\/02\/6fe2b77c-5bdc-43ef-bb9a-cb595fd9b787-225x300.jpg\" alt=\"\" width=\"225\" height=\"300\" srcset=\"https:\/\/www.radiopiu.net\/wordpress\/wp-content\/uploads\/2025\/02\/6fe2b77c-5bdc-43ef-bb9a-cb595fd9b787-225x300.jpg 225w, https:\/\/www.radiopiu.net\/wordpress\/wp-content\/uploads\/2025\/02\/6fe2b77c-5bdc-43ef-bb9a-cb595fd9b787-768x1024.jpg 768w, https:\/\/www.radiopiu.net\/wordpress\/wp-content\/uploads\/2025\/02\/6fe2b77c-5bdc-43ef-bb9a-cb595fd9b787-1152x1536.jpg 1152w, https:\/\/www.radiopiu.net\/wordpress\/wp-content\/uploads\/2025\/02\/6fe2b77c-5bdc-43ef-bb9a-cb595fd9b787.jpg 1536w\" sizes=\"auto, (max-width: 225px) 100vw, 225px\" \/><\/a>rassegna stampa nazionale,<\/strong> ogni giorno alle 5 e alle 6 del mattino. giornali locali 7 rassegna stampa flash, 8 rassegna stampa, gr flash alle 10 e alle 11, principale 12.30. Informazione pomeriggio ogni ora fino alle 20, in coda ai notiziari nazionali. Giornale radio nazionale: ogni ora dalle 4 del mattino, alle 20 della sera. Alle 19 le anticipazioni dal TG di Antenna 3 di Tiziana Bolognani.<\/p>\n<p>&nbsp;<\/p>\n<p><span style=\"color: #0000ff;\"><strong>OGGI ALLE<\/strong>\u00a0<\/span> \u00a0<strong>9.00 LA MUSICA COUNTRY DI ALEX NASCINBEN<\/strong>\u00a0<strong>10.10<\/strong>\u00a0 MUSLA, LE NOVE IN LADIN IL MARTEDI E VENERDI ALLA RADIO\u00a0 <strong>10.30 E 1900\u00a0<span style=\"color: #ff0000;\"> \u00a0<\/span><\/strong>\u00a0<b>12.30 <\/b>GIORNALE RADIO, EDIZIONE PRINCIPALE<b> 13.20 <\/b>COLLAGE OPERAZIONE NOSTALGIA DI LORIS SCUSSEL <strong>15.10<\/strong> IL POMERIGGIO DI LUISA ALCHINI, OSPITE WALTER DELUGO DA PALERMO &#8211; foto &#8211;\u00a0 <strong>16.45<\/strong> LE HIT DI TUTTI I TEMPI CON MIRCO BENCIVENNI <strong>19.00<\/strong> LE ANTICIPAZIONI DAL TG DI ANTENNA 3, CON TIZIANA BOLOGNANI<\/p>\n<p>&nbsp;<\/p>\n<p>&nbsp;<\/p>\n<p>&nbsp;<\/p>\n<hr \/>\n<p>&nbsp;<\/p>\n<p>&nbsp;<\/p>\n<div class=\"x11i5rnm xat24cr x1mh8g0r x1vvkbs xtlvy1s x126k92a\">\n<div dir=\"auto\">\n<div dir=\"auto\">\n<p><strong><a class=\"dt-pswp-item\" href=\"https:\/\/www.radiopiu.net\/wordpress\/wp-content\/uploads\/2024\/02\/2d44e751-d8a8-461b-8e22-d8e4e853b032.jpg\" data-dt-img-description=\"\" data-large_image_width=\"1600\" data-large_image_height=\"1200\"><img loading=\"lazy\" decoding=\"async\" class=\"wp-image-373307 alignleft\" src=\"https:\/\/www.radiopiu.net\/wordpress\/wp-content\/uploads\/2024\/02\/2d44e751-d8a8-461b-8e22-d8e4e853b032-300x225.jpg\" alt=\"\" width=\"105\" height=\"79\" srcset=\"https:\/\/www.radiopiu.net\/wordpress\/wp-content\/uploads\/2024\/02\/2d44e751-d8a8-461b-8e22-d8e4e853b032-300x225.jpg 300w, https:\/\/www.radiopiu.net\/wordpress\/wp-content\/uploads\/2024\/02\/2d44e751-d8a8-461b-8e22-d8e4e853b032-1024x768.jpg 1024w, https:\/\/www.radiopiu.net\/wordpress\/wp-content\/uploads\/2024\/02\/2d44e751-d8a8-461b-8e22-d8e4e853b032-768x576.jpg 768w, https:\/\/www.radiopiu.net\/wordpress\/wp-content\/uploads\/2024\/02\/2d44e751-d8a8-461b-8e22-d8e4e853b032-1536x1152.jpg 1536w, https:\/\/www.radiopiu.net\/wordpress\/wp-content\/uploads\/2024\/02\/2d44e751-d8a8-461b-8e22-d8e4e853b032.jpg 1600w\" sizes=\"auto, (max-width: 105px) 100vw, 105px\" \/><\/a>EL BAL DEL FIOR, DI GIULIANA DA RONCH, 25 FEBBRAIO<\/strong><strong> 2025<\/strong><\/p>\n<p>&nbsp;<\/p>\n<audio class=\"wp-audio-shortcode\" id=\"audio-436255-1\" preload=\"none\" style=\"width: 100%;\" controls=\"controls\"><source type=\"audio\/mpeg\" src=\"https:\/\/www.radiopiu.net\/wordpress\/wp-content\/uploads\/2025\/02\/GMA-3.mp3?_=1\" \/><a href=\"https:\/\/www.radiopiu.net\/wordpress\/wp-content\/uploads\/2025\/02\/GMA-3.mp3\">https:\/\/www.radiopiu.net\/wordpress\/wp-content\/uploads\/2025\/02\/GMA-3.mp3<\/a><\/audio>\n<p>&nbsp;<\/p>\n<hr \/>\n<p>&nbsp;<\/p>\n<p>&nbsp;<\/p>\n<\/div>\n<\/div>\n<\/div>\n<div class=\"x11i5rnm xat24cr x1mh8g0r x1vvkbs xtlvy1s x126k92a\">\n<blockquote>\n<h1><strong><a class=\"dt-pswp-item\" href=\"https:\/\/www.radiopiu.net\/wordpress\/wp-content\/uploads\/2024\/10\/629301fd-708d-4f53-95c2-d28cbefd500f.jpg\" data-dt-img-description=\"\" data-large_image_width=\"1600\" data-large_image_height=\"1322\"><img loading=\"lazy\" decoding=\"async\" class=\"wp-image-413782 alignright\" src=\"https:\/\/www.radiopiu.net\/wordpress\/wp-content\/uploads\/2024\/10\/629301fd-708d-4f53-95c2-d28cbefd500f-300x248.jpg\" alt=\"\" width=\"106\" height=\"88\" srcset=\"https:\/\/www.radiopiu.net\/wordpress\/wp-content\/uploads\/2024\/10\/629301fd-708d-4f53-95c2-d28cbefd500f-300x248.jpg 300w, https:\/\/www.radiopiu.net\/wordpress\/wp-content\/uploads\/2024\/10\/629301fd-708d-4f53-95c2-d28cbefd500f-1024x846.jpg 1024w, https:\/\/www.radiopiu.net\/wordpress\/wp-content\/uploads\/2024\/10\/629301fd-708d-4f53-95c2-d28cbefd500f-768x635.jpg 768w, https:\/\/www.radiopiu.net\/wordpress\/wp-content\/uploads\/2024\/10\/629301fd-708d-4f53-95c2-d28cbefd500f-1536x1269.jpg 1536w, https:\/\/www.radiopiu.net\/wordpress\/wp-content\/uploads\/2024\/10\/629301fd-708d-4f53-95c2-d28cbefd500f.jpg 1600w\" sizes=\"auto, (max-width: 106px) 100vw, 106px\" \/><\/a><\/strong><\/h1>\n<h1><strong><a class=\"dt-pswp-item\" href=\"https:\/\/www.radiopiu.net\/wordpress\/wp-content\/uploads\/2024\/11\/th-18.jpg\" data-dt-img-description=\"\" data-large_image_width=\"156\" data-large_image_height=\"180\"><img loading=\"lazy\" decoding=\"async\" class=\"size-full wp-image-421611 alignleft\" src=\"https:\/\/www.radiopiu.net\/wordpress\/wp-content\/uploads\/2024\/11\/th-18.jpg\" alt=\"\" width=\"156\" height=\"180\" \/><\/a><\/strong><\/h1>\n<h1><strong>N di parom &#8211; L Almanach de la nosta jent<\/strong><\/h1>\n<\/blockquote>\n<p>&nbsp;<\/p>\n<p>Le voci: Davide Conedera, Agordo, Michela Dell&#8217;Osbel, La Valle Agordina Simone Ganz, Falcade Veronica Lezuo, Colle Santa Lucia. La voce nella sigla \u00e8 di Giorgia Taio<\/p>\n<p><strong>LA PUNTATA DI OGGI, 25 FEBBRAIO 2025<\/strong><\/p>\n<p>&nbsp;<\/p>\n<audio class=\"wp-audio-shortcode\" id=\"audio-436255-2\" preload=\"none\" style=\"width: 100%;\" controls=\"controls\"><source type=\"audio\/mpeg\" src=\"https:\/\/www.radiopiu.net\/wordpress\/wp-content\/uploads\/2025\/02\/AL2-2.mp3?_=2\" \/><a href=\"https:\/\/www.radiopiu.net\/wordpress\/wp-content\/uploads\/2025\/02\/AL2-2.mp3\">https:\/\/www.radiopiu.net\/wordpress\/wp-content\/uploads\/2025\/02\/AL2-2.mp3<\/a><\/audio>\n<p>&nbsp;<\/p>\n<p>&nbsp;<\/p>\n<\/div>\n<div class=\"x11i5rnm xat24cr x1mh8g0r x1vvkbs xtlvy1s x126k92a\">\n<div dir=\"auto\">\n<hr \/>\n<\/div>\n<\/div>\n<blockquote>\n<blockquote>\n<h1><span style=\"color: #ff0000;\">\u00a0<\/span><\/h1>\n<h1><span style=\"color: #ff0000;\">I podcast informativi del mattino &#8211; audio &#8211;\u00a0\u00a0<\/span><\/h1>\n<\/blockquote>\n<p><strong><a class=\"dt-pswp-item\" href=\"https:\/\/www.radiopiu.net\/wordpress\/wp-content\/uploads\/2024\/11\/6.jpg\" data-dt-img-description=\"\" data-large_image_width=\"177\" data-large_image_height=\"180\"><img loading=\"lazy\" decoding=\"async\" class=\"size-full wp-image-417911 alignleft\" src=\"https:\/\/www.radiopiu.net\/wordpress\/wp-content\/uploads\/2024\/11\/6.jpg\" alt=\"\" width=\"177\" height=\"180\" \/><\/a>LA RASSEGNA STAMPA NAZIONALE ALLA RADIO, OGNI GIORNO ALLE 5 E ALLE 6 DEL MATTINO <span style=\"color: #0000ff;\">viene pubblicata alle 6.00 <span style=\"color: #ff0000;\">DIRETTA RADIO\u00a0 \u00a0\u00a0<\/span><\/span><\/strong><\/p><\/blockquote>\n<p>&nbsp;<\/p>\n<p><strong>NOTIZIE DELLA NOTTE<\/strong><\/p>\n<p><strong>Trump,<\/strong> pronto a riprendere progetto oleodotto Keystone <strong>Macron, Usa<\/strong> non possono avere guerre di dazi con Cina e Ue <strong>Papa:<\/strong> Misa con &#8220;villeros&#8221; en Buenos Aires <strong>Giudice Usa<\/strong> boccia il ricorso dell&#8217;Associated Press contro Trump <strong>Messa per il Papa<\/strong> a Buenos Aires, in centinaia dalle &#8216;villas&#8217;<br \/>\n<strong>Consiglio di sicurezza<\/strong> Onu adotta la risoluzione Usa su Ucraina<\/p>\n<h2>AUDIO dalle 6 del mattino<\/h2>\n<audio class=\"wp-audio-shortcode\" id=\"audio-436255-3\" preload=\"none\" style=\"width: 100%;\" controls=\"controls\"><source type=\"audio\/mpeg\" src=\"https:\/\/www.radiopiu.net\/wordpress\/wp-content\/uploads\/2025\/02\/giornale07-22.mp3?_=3\" \/><a href=\"https:\/\/www.radiopiu.net\/wordpress\/wp-content\/uploads\/2025\/02\/giornale07-22.mp3\">https:\/\/www.radiopiu.net\/wordpress\/wp-content\/uploads\/2025\/02\/giornale07-22.mp3<\/a><\/audio>\n<p>&nbsp;<\/p>\n<p>&nbsp;<\/p>\n<hr \/>\n<p>&nbsp;<\/p>\n<h1 style=\"text-align: center;\"><span style=\"color: #ff0000;\"><a class=\"dt-pswp-item\" href=\"https:\/\/www.radiopiu.net\/wordpress\/wp-content\/uploads\/2024\/11\/7.jpg\" data-dt-img-description=\"\" data-large_image_width=\"180\" data-large_image_height=\"180\"><img loading=\"lazy\" decoding=\"async\" class=\"size-full wp-image-417912 alignleft\" src=\"https:\/\/www.radiopiu.net\/wordpress\/wp-content\/uploads\/2024\/11\/7.jpg\" alt=\"\" width=\"180\" height=\"180\" srcset=\"https:\/\/www.radiopiu.net\/wordpress\/wp-content\/uploads\/2024\/11\/7.jpg 180w, https:\/\/www.radiopiu.net\/wordpress\/wp-content\/uploads\/2024\/11\/7-150x150.jpg 150w\" sizes=\"auto, (max-width: 180px) 100vw, 180px\" \/><\/a>I podcast informativi del mattino &#8211; audio &#8211;\u00a0<\/span><\/h1>\n<p><strong>OGNI GIORNO ALLE SETTE DEL MATTINO, LA RASSEGNA STAMPA LOCALE FLASH&#8230; PER CHI VA IN FRETTA. I TITOLI DAI GIORNALI E DAL SITO WWW.RADIOPIU.NET <span style=\"color: #0000ff;\">viene pubblicato alle 7.00<\/span> <span style=\"color: #ff0000;\">DIRETTA RADIO\u00a0<\/span><\/strong><\/p>\n<p><em><span style=\"color: #ff0000;\">per chi va in fretta&#8230; tante notizie in pochi minuti. L&#8217;informazione locale alla radio, ogni ora dalle 7 del mattino alle 19 della sera.<\/span><\/em><\/p>\n<h1>AUDIO dalle 7 del mattino<\/h1>\n<audio class=\"wp-audio-shortcode\" id=\"audio-436255-4\" preload=\"none\" style=\"width: 100%;\" controls=\"controls\"><source type=\"audio\/mpeg\" src=\"https:\/\/www.radiopiu.net\/wordpress\/wp-content\/uploads\/2025\/02\/GF07-22.mp3?_=4\" \/><a href=\"https:\/\/www.radiopiu.net\/wordpress\/wp-content\/uploads\/2025\/02\/GF07-22.mp3\">https:\/\/www.radiopiu.net\/wordpress\/wp-content\/uploads\/2025\/02\/GF07-22.mp3<\/a><\/audio>\n<p>&nbsp;<\/p>\n<p>&nbsp;<\/p>\n<hr \/>\n<p>&nbsp;<\/p>\n<h1><\/h1>\n<h1 style=\"text-align: center;\"><span style=\"color: #ff0000;\"><a class=\"dt-pswp-item\" href=\"https:\/\/www.radiopiu.net\/wordpress\/wp-content\/uploads\/2024\/11\/th.jpg\" data-dt-img-description=\"\" data-large_image_width=\"148\" data-large_image_height=\"179\"><img loading=\"lazy\" decoding=\"async\" class=\"size-full wp-image-417913 alignleft\" src=\"https:\/\/www.radiopiu.net\/wordpress\/wp-content\/uploads\/2024\/11\/th.jpg\" alt=\"\" width=\"148\" height=\"179\" \/><\/a>I podcast informativi del mattino &#8211; audio &#8211;\u00a0<\/span><\/h1>\n<blockquote><p><strong>GIORNALE RADIO NAZIONALE, EDIZIONE DELLE SETTE <span style=\"color: #0000ff;\">viene pubblicato alle 7.05 <span style=\"color: #ff0000;\">DIRETTA RADIO\u00a0<\/span><\/span><\/strong><\/p><\/blockquote>\n<p><strong>il giornale radionazionale e&#8217; in onda ogni ora, dalle sette del mattino alle venti della sera\u00a0 \u00a0<\/strong><\/p>\n<p><a class=\"dt-pswp-item\" href=\"https:\/\/www.radiopiu.net\/wordpress\/wp-content\/uploads\/2025\/02\/download-3.jpg\" data-dt-img-description=\"\" data-large_image_width=\"223\" data-large_image_height=\"226\"><img loading=\"lazy\" decoding=\"async\" class=\"size-full wp-image-434732 alignleft\" src=\"https:\/\/www.radiopiu.net\/wordpress\/wp-content\/uploads\/2025\/02\/download-3.jpg\" alt=\"\" width=\"223\" height=\"226\" \/><\/a><strong>TREVISO<\/strong> Uomo colpito alla schiena, ricercato il suocero Il ferito ha 29 anni ed \u00e8 in gravi condizioni. Usata una pistola calibro 9 per l&#8221;agguato<br \/>\n<strong>VITTORIO VENETO<\/strong> Il Papa nomina il rev. Battocchio vescovo di Vittorio Veneto Sacerdote padovano, \u00e8 rettore dell&#8217;Almo Collegio Capranica<\/p>\n<p><strong>TREVISO<\/strong> Rapinati due minori nel Trevigiano, arrestati due giovani.\u00a0Carabinieri recuperano refurtiva e ammanettano 18enne e 20enne<br \/>\n<strong>VERONA<\/strong> Scatta antincendio, evacuato il Municipio. Allarme scattato stamani, probabilmente per un mozzicone<br \/>\n<strong>VICENZA<\/strong> Morto Bertilio, pap\u00e0 dello chef Carlo Cracco. Aveva 97 anni, era comparso in tv accanto al figlio<br \/>\n<strong>CORTINA<\/strong> Azienda costruttice, pista bob Cortina sar\u00e0 consegnata il 15 marzo. Annuncio direttore del cantiere al sopralluogo dei tecnici Cio<\/p>\n<p><strong>VENEZIA<\/strong> Raffaele Boscaini \u00e8 il nuovo presidente di Confindustria Veneto. Il suo mandato \u00e8 quadriennale e durer\u00e0 fino al 2029<\/p>\n<p><strong>VENEZIA<\/strong> Nasce Consydera, polo Nordest dei metalli ad alta tecnologia Quattro aziende tra Veneto, Fvg e Germania<\/p>\n<p><strong><a class=\"dt-pswp-item\" href=\"https:\/\/www.radiopiu.net\/wordpress\/wp-content\/uploads\/2025\/02\/download-7.jpg\" data-dt-img-description=\"\" data-large_image_width=\"211\" data-large_image_height=\"239\"><img loading=\"lazy\" decoding=\"async\" class=\"wp-image-435553 alignleft\" src=\"https:\/\/www.radiopiu.net\/wordpress\/wp-content\/uploads\/2025\/02\/download-7.jpg\" alt=\"\" width=\"138\" height=\"156\" \/><\/a>COMO\u00a0<\/strong> Violenze sistematiche agli anziani, sette arresti in una Rsa<br \/>\n<strong>NAPOLI<\/strong> La scientifica torna nella casa di Giulia, la bimba sbranata dal pitbull di famiglia<br \/>\n<strong>ROMA<\/strong> Eseguito il provvedimento. Ville, gioielli, auto: sigilli al tesoro dei Casamonica<br \/>\n<strong>SPOLETO<\/strong> Evade dagli arresti domiciliari mascherato con un completo da detenuto. L&#8217;uomo \u00e8 stato bloccato con vestito a righe bianche e nere orizzontali<br \/>\n<strong>MILANO<\/strong> Processo alla &#8216;Mantide&#8217;, ok alla perizia psichiatrica per il marito Per il consulente della difesa \u00e8 affetto da un grave disturbo<br \/>\n<strong>GENOVA<\/strong> Alla guida di un&#8217;automobile, travolge e uccide una donna e poi si toglie la vita Il ragazzo, 22 anni, conosceva la vittima morta sul colpo<br \/>\n<strong>TRENTO<\/strong> &#8216;Ndrangheta in Trentino, attesa la sentenza per otto imputati. La procura generale chiede condanne per 76 anni di reclusione<\/p>\n<h2><span style=\"color: #ff0000;\"><span style=\"color: #0000ff;\">ULTIM&#8217;ORA<\/span> <span style=\"color: #000000;\">AUDIO dalle sette del mattino, ogni ora alla radio EDIZIONE DELLE SETTE<\/span><\/span><\/h2>\n<audio class=\"wp-audio-shortcode\" id=\"audio-436255-5\" preload=\"none\" style=\"width: 100%;\" controls=\"controls\"><source type=\"audio\/mpeg\" src=\"https:\/\/www.radiopiu.net\/wordpress\/wp-content\/uploads\/2025\/02\/giornale07-23.mp3?_=5\" \/><a href=\"https:\/\/www.radiopiu.net\/wordpress\/wp-content\/uploads\/2025\/02\/giornale07-23.mp3\">https:\/\/www.radiopiu.net\/wordpress\/wp-content\/uploads\/2025\/02\/giornale07-23.mp3<\/a><\/audio>\n<p>&nbsp;<\/p>\n<p>&nbsp;<\/p>\n<hr \/>\n<p>&nbsp;<\/p>\n<p>&nbsp;<\/p>\n<h1><span style=\"color: #ff0000;\"><a class=\"dt-pswp-item\" href=\"https:\/\/www.radiopiu.net\/wordpress\/wp-content\/uploads\/2024\/11\/8.jpg\" data-dt-img-description=\"\" data-large_image_width=\"180\" data-large_image_height=\"180\"><img loading=\"lazy\" decoding=\"async\" class=\"size-full wp-image-417910 alignleft\" src=\"https:\/\/www.radiopiu.net\/wordpress\/wp-content\/uploads\/2024\/11\/8.jpg\" alt=\"\" width=\"180\" height=\"180\" srcset=\"https:\/\/www.radiopiu.net\/wordpress\/wp-content\/uploads\/2024\/11\/8.jpg 180w, https:\/\/www.radiopiu.net\/wordpress\/wp-content\/uploads\/2024\/11\/8-150x150.jpg 150w\" sizes=\"auto, (max-width: 180px) 100vw, 180px\" \/><\/a>I podcast informativi del mattino &#8211; video &#8211;\u00a0<\/span><\/h1>\n<h2 style=\"text-align: left;\"><strong>RASSEGNA STAMPA LOCALE, ORE OTTO<\/strong><\/h2>\n<h2><strong> <span style=\"color: #0000ff;\">viene\u00a0 <\/span><\/strong><strong><span style=\"color: #0000ff;\">pubblicata alle 8.05 <span style=\"color: #ff0000;\">DIRETTA RADIO\u00a0 \u00a0<\/span><\/span><\/strong><strong>DI MIRKO MEZZACASA<\/strong><\/h2>\n<h2><span style=\"color: #ff0000;\"><strong>\u00a0<\/strong><\/span><\/h2>\n<h2><span style=\"color: #ff0000;\"><strong>\u00a0<\/strong><\/span><span style=\"color: #ff0000;\"><strong>VIDEO\u00a0 \u00a0in diretta AGGIORNAMENTO\u00a0 dalle 8 del mattino\u00a0<\/strong><\/span><\/h2>\n<p>&nbsp;<\/p>\n<p><a class=\"dt-pswp-item\" href=\"https:\/\/www.radiopiu.net\/wordpress\/wp-content\/uploads\/2025\/02\/Senza-nome-79.png\" data-dt-img-description=\"\" data-large_image_width=\"1125\" data-large_image_height=\"424\"><img loading=\"lazy\" decoding=\"async\" class=\"alignnone wp-image-436489 size-full\" src=\"https:\/\/www.radiopiu.net\/wordpress\/wp-content\/uploads\/2025\/02\/Senza-nome-79.png\" alt=\"\" width=\"1125\" height=\"424\" srcset=\"https:\/\/www.radiopiu.net\/wordpress\/wp-content\/uploads\/2025\/02\/Senza-nome-79.png 1125w, https:\/\/www.radiopiu.net\/wordpress\/wp-content\/uploads\/2025\/02\/Senza-nome-79-300x113.png 300w, https:\/\/www.radiopiu.net\/wordpress\/wp-content\/uploads\/2025\/02\/Senza-nome-79-1024x386.png 1024w, https:\/\/www.radiopiu.net\/wordpress\/wp-content\/uploads\/2025\/02\/Senza-nome-79-768x289.png 768w\" sizes=\"auto, (max-width: 1125px) 100vw, 1125px\" \/><\/a><\/p>\n<p>&nbsp;<\/p>\n<p><span style=\"color: #ff0000;\"><strong>DI TIZIANA BOLOGNANI<\/strong><\/span><\/p>\n<audio class=\"wp-audio-shortcode\" id=\"audio-436255-6\" preload=\"none\" style=\"width: 100%;\" controls=\"controls\"><source type=\"audio\/mpeg\" src=\"https:\/\/www.radiopiu.net\/wordpress\/wp-content\/uploads\/2025\/02\/incidente-51-tizia.mp3?_=6\" \/><a href=\"https:\/\/www.radiopiu.net\/wordpress\/wp-content\/uploads\/2025\/02\/incidente-51-tizia.mp3\">https:\/\/www.radiopiu.net\/wordpress\/wp-content\/uploads\/2025\/02\/incidente-51-tizia.mp3<\/a><\/audio>\n<p>&nbsp;<\/p>\n<p><iframe loading=\"lazy\" style=\"border: none; overflow: hidden;\" src=\"https:\/\/www.facebook.com\/plugins\/video.php?height=314&amp;href=https%3A%2F%2Fwww.facebook.com%2Fradiopiu%2Fvideos%2F1716652635562681%2F&amp;show_text=false&amp;width=560&amp;t=0\" width=\"560\" height=\"314\" frameborder=\"0\" scrolling=\"no\" allowfullscreen=\"allowfullscreen\"><\/iframe><\/p>\n<hr \/>\n<p>&nbsp;<\/p>\n<p>&nbsp;<\/p>\n<p>&nbsp;<\/p>\n<p><strong><a class=\"dt-pswp-item\" href=\"https:\/\/www.radiopiu.net\/wordpress\/wp-content\/uploads\/2023\/12\/ANTENNA.png\" data-dt-img-description=\"\" data-large_image_width=\"300\" data-large_image_height=\"166\"><img loading=\"lazy\" decoding=\"async\" class=\"wp-image-366306 alignright\" src=\"https:\/\/www.radiopiu.net\/wordpress\/wp-content\/uploads\/2023\/12\/ANTENNA.png\" alt=\"\" width=\"101\" height=\"56\" \/><\/a><a class=\"dt-pswp-item\" href=\"https:\/\/www.radiopiu.net\/wordpress\/wp-content\/uploads\/2024\/11\/th-17.jpg\" data-dt-img-description=\"\" data-large_image_width=\"224\" data-large_image_height=\"180\"><img loading=\"lazy\" decoding=\"async\" class=\" wp-image-421610 alignleft\" src=\"https:\/\/www.radiopiu.net\/wordpress\/wp-content\/uploads\/2024\/11\/th-17.jpg\" alt=\"\" width=\"167\" height=\"134\" \/><\/a>ogni sera alle 19 le anticipazioni alla radio, quello che poi seguirete nel TELEGIORNALE BELLUNESE\u00a0 in onda alle 19.30 sul CANALE 10 del digitale terrestre.\u00a0\u00a0<\/strong><\/p>\n<p><b>\u00a0\u00a0<\/b><\/p>\n<p><span style=\"color: #ff0000;\"><strong>LE ANTICIPAZIONI DI TIZIANA BOLOGNANI<\/strong><\/span><\/p>\n<audio class=\"wp-audio-shortcode\" id=\"audio-436255-7\" preload=\"none\" style=\"width: 100%;\" controls=\"controls\"><source type=\"audio\/mpeg\" src=\"https:\/\/www.radiopiu.net\/wordpress\/wp-content\/uploads\/2025\/02\/ANTENNA3-16.mp3?_=7\" \/><a href=\"https:\/\/www.radiopiu.net\/wordpress\/wp-content\/uploads\/2025\/02\/ANTENNA3-16.mp3\">https:\/\/www.radiopiu.net\/wordpress\/wp-content\/uploads\/2025\/02\/ANTENNA3-16.mp3<\/a><\/audio>\n<p>&nbsp;<\/p>\n<p>&nbsp;<\/p>\n<hr \/>\n<p>&nbsp;<\/p>\n<blockquote>\n<h3>RAGAZZO IN OSPEDALE DOPO UN INCIDENTE CON LO SCOOTER. 17 INTERVENTI DEL SUEM SULLE PISTE DA SCI<\/h3>\n<\/blockquote>\n<p><strong><a class=\"dt-pswp-item\" href=\"https:\/\/www.radiopiu.net\/wordpress\/wp-content\/uploads\/2023\/08\/ambulanza-ulss-1.jpg\" data-dt-img-description=\"\" data-large_image_width=\"1591\" data-large_image_height=\"1029\"><img loading=\"lazy\" decoding=\"async\" class=\" wp-image-348787 alignleft\" src=\"https:\/\/www.radiopiu.net\/wordpress\/wp-content\/uploads\/2023\/08\/ambulanza-ulss-1-300x194.jpg\" alt=\"\" width=\"213\" height=\"138\" srcset=\"https:\/\/www.radiopiu.net\/wordpress\/wp-content\/uploads\/2023\/08\/ambulanza-ulss-1-300x194.jpg 300w, https:\/\/www.radiopiu.net\/wordpress\/wp-content\/uploads\/2023\/08\/ambulanza-ulss-1-1024x662.jpg 1024w, https:\/\/www.radiopiu.net\/wordpress\/wp-content\/uploads\/2023\/08\/ambulanza-ulss-1-768x497.jpg 768w, https:\/\/www.radiopiu.net\/wordpress\/wp-content\/uploads\/2023\/08\/ambulanza-ulss-1-1536x993.jpg 1536w, https:\/\/www.radiopiu.net\/wordpress\/wp-content\/uploads\/2023\/08\/ambulanza-ulss-1.jpg 1591w\" sizes=\"auto, (max-width: 213px) 100vw, 213px\" \/><\/a>REDAZIONE<\/strong> La giornata appena trascorsa ha visto diversi interventi da parte del SUEM 118 dell\u2019Azienda ULSS n.1 Dolomiti, con emergenze che hanno coinvolto incidenti stradali e sportivi, in particolare sulle piste da sci della provincia. Uno degli episodi pi\u00f9 gravi si \u00e8 verificato a Ponte nelle Alpi alle 18:07, dove uno scontro tra un&#8217;auto e uno scooter ha coinvolto un giovane di 16 anni, residente ad Alpago. Il ragazzo, trasportato d\u2019urgenza in ambulanza al Pronto Soccorso di Belluno, ha riportato ferite di media gravit\u00e0. Altro incidente significativo si \u00e8 registrato a Pieve di Cadore alle 10:55, dove una donna di 86 anni, residente nella stessa localit\u00e0, \u00e8 rimasta ferita in un sinistro stradale. Anche lei \u00e8 stata trasportata in ambulanza al Pronto Soccorso locale. L\u2019emergenza sulle piste da sci ha riguardato una sciatrice 69enne di nazionalit\u00e0 tedesca, rimasta ferita ad Arabba alle 11:24. A causa delle sue condizioni, \u00e8 stato necessario l\u2019intervento dell\u2019elicottero Falco, che l\u2019ha trasportata al Pronto Soccorso di Belluno. Nel corso della giornata sono stati 17 gli interventi del SUEM sui comprensori sciistici bellunesi.<\/p>\n<p>&nbsp;<\/p>\n<blockquote>\n<h3 class=\"articlePlainTitle\">Tamponato lo scooter Un 15enne all&#8217;ospedale<\/h3>\n<\/blockquote>\n<div class=\"articlePlainText\"><strong>PONTE NELLE ALPI<\/strong> Un quindicenne dell&#8217;Alpago \u00e8 stato ricoverato con traumi medi dopo che il suo scooter \u00e8 stato tamponato da un fuoristrada vicino al distributore Agip in via Roma, a Ponte nelle Alpi, poco dopo le 18. Il giovane \u00e8 stato soccorso dai sanitari e portato d&#8217;urgenza al San Martino di Belluno, mentre il traffico \u00e8 rallentato per oltre mezz\u2019ora.<\/div>\n<div><\/div>\n<div><\/div>\n<div><\/div>\n<div>\n<hr \/>\n<\/div>\n<blockquote>\n<h2>GALLERIA DEL COMELICO: TAVOLO IN PREFETTURA<\/h2>\n<\/blockquote>\n<div>\n<p><strong><img loading=\"lazy\" decoding=\"async\" class=\"alignleft\" src=\"https:\/\/www.radiopiu.net\/wordpress\/wp-content\/uploads\/2021\/02\/galleria-comelico.jpg\" width=\"98\" height=\"116\" \/>BELLUNO<\/strong> Domani mattina i sindaci del Comelico sono stati convocati in Prefettura a Belluno per concordare con l&#8217;Anas e l&#8217;impresa Collini le date di chiusura della galleria Comelico per tre intere giornate. Anzi, per tre giornate e mezza. Anche di giorno, quindi, non solo di notte. Il sindaco di Danta di Cadore, Thomas Menia Corbanese si \u00e8 fatto carico di portare le istanze\u00a0 dei concittadini raccolte attraverso il sito &#8220;Galleria Comelico&#8221;.\u00a0 Un altro cantiere\u00a0 potrebbe comportare dei disagi alla viabilit\u00e0: il taglio degli alberi lungo la statale 52 Carnica tra Santo Stefano di Cadore e Casada.<\/p>\n<p>&nbsp;<\/p>\n<hr \/>\n<p>&nbsp;<\/p>\n<h3 class=\"_title post-title entry-title\">TRAGEDIA SUL FADALTO, DOLORE E LACRIME PER LA PICCOLA AFRA<\/h3>\n<p>Intervistati PIERINA SORAVIA (VICINA DI CASA), OSCAR DE PELLEGRIN (SINDACO DI BELLUNO) (Servizio di\u00a0<a href=\"https:\/\/antennatre.medianordest.it\/redazione\/Tiziana-Bolognani\/\">Tiziana Bolognani<\/a>)<\/p>\n<p><iframe loading=\"lazy\" title=\"TRAGEDIA SUL FADALTO, DOLORE E LACRIME PER LA PICCOLA AFRA | 24\/02\/2025\" width=\"1200\" height=\"675\" src=\"https:\/\/www.youtube.com\/embed\/rEUwwUWW0Jw?feature=oembed\" frameborder=\"0\" allow=\"accelerometer; autoplay; clipboard-write; encrypted-media; gyroscope; picture-in-picture; web-share\" referrerpolicy=\"strict-origin-when-cross-origin\" allowfullscreen><\/iframe><\/p>\n<\/div>\n<div class=\"articlePlainText\"><\/div>\n<hr \/>\n<p>&nbsp;<\/p>\n<blockquote>\n<h3>PISTA DA BOB A CORTINA: LAVORI IN LINEA CON I TEMPI<\/h3>\n<\/blockquote>\n<p><strong><a class=\"dt-pswp-item\" href=\"https:\/\/www.radiopiu.net\/wordpress\/wp-content\/uploads\/2024\/08\/LUCA-ZAIA-COPERTINA.jpg\" data-dt-img-description=\"\" data-large_image_width=\"1600\" data-large_image_height=\"1143\"><img loading=\"lazy\" decoding=\"async\" class=\" wp-image-403496 alignleft\" src=\"https:\/\/www.radiopiu.net\/wordpress\/wp-content\/uploads\/2024\/08\/LUCA-ZAIA-COPERTINA-300x214.jpg\" alt=\"\" width=\"186\" height=\"133\" \/><\/a>VENEZIA<\/strong> Il presidente della Regione Veneto ha ringraziato gli osservatori del CIO e i responsabili del progetto per la visita al cantiere di Cortina d\u2019Ampezzo. I lavori dello Sliding Centre, che ospiter\u00e0 le gare di bob, skeleton e slittino delle Olimpiadi Invernali 2026, procedono secondo i tempi previsti, con consegna fissata al 15 marzo. La fase finale \u00e8 la pi\u00f9 intensa e nelle prossime settimane l\u2019infrastruttura sar\u00e0 completata. Il 24 marzo si svolgeranno i primi test sulla pista con le federazioni internazionali. Il presidente ha sottolineato l\u2019impegno di tutti coloro che hanno lavorato con dedizione. L\u2019ultima fase dei lavori \u00e8 delicata, ma con il supporto del CIO, il progetto si avvia al successo.<\/p>\n<h1 class=\"_title post-title entry-title\">FASCICOLO PER DANNEGGIAMENTO GRAVE E FURTO<\/h1>\n<p>Intervistati LUCA ZAIA (PRESIDENTE REGIONE VENETO) (Servizio di\u00a0<a href=\"https:\/\/antennatre.medianordest.it\/redazione\/Tiziana-Bolognani\/\">Tiziana Bolognani<\/a>)<\/p>\n<p><iframe loading=\"lazy\" title=\"PRESUNTO SABOTAGGIO A PISTA DA BOB, FASCICOLO PER DANNEGGIAMENTO GRAVE E FURTO | 24\/02\/2025\" width=\"1200\" height=\"675\" src=\"https:\/\/www.youtube.com\/embed\/LKnBsCfagN0?feature=oembed\" frameborder=\"0\" allow=\"accelerometer; autoplay; clipboard-write; encrypted-media; gyroscope; picture-in-picture; web-share\" referrerpolicy=\"strict-origin-when-cross-origin\" allowfullscreen><\/iframe><\/p>\n<hr \/>\n<p>&nbsp;<\/p>\n<blockquote>\n<h3>FLAVIO BRIATORE VENDE IL TWIGA A LEONARDO MARIA DEL VECCHIO<\/h3>\n<\/blockquote>\n<p><strong><a class=\"dt-pswp-item\" href=\"https:\/\/www.radiopiu.net\/wordpress\/wp-content\/uploads\/2025\/02\/c463f0f3-42d6-42d0-8b71-33b2ad0d64d3.jpg\" data-dt-img-description=\"\" data-large_image_width=\"1179\" data-large_image_height=\"925\"><img loading=\"lazy\" decoding=\"async\" class=\" wp-image-436430 alignleft\" src=\"https:\/\/www.radiopiu.net\/wordpress\/wp-content\/uploads\/2025\/02\/c463f0f3-42d6-42d0-8b71-33b2ad0d64d3-300x235.jpg\" alt=\"\" width=\"158\" height=\"124\" srcset=\"https:\/\/www.radiopiu.net\/wordpress\/wp-content\/uploads\/2025\/02\/c463f0f3-42d6-42d0-8b71-33b2ad0d64d3-300x235.jpg 300w, https:\/\/www.radiopiu.net\/wordpress\/wp-content\/uploads\/2025\/02\/c463f0f3-42d6-42d0-8b71-33b2ad0d64d3-1024x803.jpg 1024w, https:\/\/www.radiopiu.net\/wordpress\/wp-content\/uploads\/2025\/02\/c463f0f3-42d6-42d0-8b71-33b2ad0d64d3-768x603.jpg 768w, https:\/\/www.radiopiu.net\/wordpress\/wp-content\/uploads\/2025\/02\/c463f0f3-42d6-42d0-8b71-33b2ad0d64d3.jpg 1179w\" sizes=\"auto, (max-width: 158px) 100vw, 158px\" \/><\/a>REDAZIONE<\/strong> Il celebre beach club Twiga, fondato da Flavio Briatore, passa sotto la gestione di Leonardo Maria Del Vecchio. I cinque locali situati a Forte dei Marmi, Londra, Montecarlo, Ventimiglia e Doha si uniranno ai ristoranti gi\u00e0 gestiti da Lmdv Hospitality, che controller\u00e0 l&#8217;intero business dell&#8217;ospitalit\u00e0. Tra i primi annunci, l&#8217;apertura di un nuovo Twiga a Milano a settembre. Del Vecchio ha sottolineato che il progetto va oltre un semplice investimento, puntando a ridefinire l&#8217;hospitality in Italia e all\u2019estero. Marco Talarico, CEO di Lmdv Capital, ha ribadito l&#8217;obiettivo di creare destinazioni iconiche capaci di attrarre un pubblico internazionale. Anche Briatore ha espresso fiducia nella nuova gestione, riconoscendone il potenziale per far evolvere il brand Twiga. (FOTO: Instagram Flavio Briatore)<\/p>\n<p>&nbsp;<\/p>\n<p>&nbsp;<\/p>\n<hr \/>\n<p>&nbsp;<\/p>\n<blockquote>\n<h3>IL PANIFICIO EL FORNER PREMIATO COME LOCALE STORICO DEL VENETO<\/h3>\n<\/blockquote>\n<p><strong><a class=\"dt-pswp-item\" href=\"https:\/\/www.radiopiu.net\/wordpress\/wp-content\/uploads\/2025\/02\/KLJOASYGO.jpg\" data-dt-img-description=\"\" data-large_image_width=\"1536\" data-large_image_height=\"1077\"><img loading=\"lazy\" decoding=\"async\" class=\" wp-image-436392 alignleft\" src=\"https:\/\/www.radiopiu.net\/wordpress\/wp-content\/uploads\/2025\/02\/KLJOASYGO-300x210.jpg\" alt=\"\" width=\"168\" height=\"118\" srcset=\"https:\/\/www.radiopiu.net\/wordpress\/wp-content\/uploads\/2025\/02\/KLJOASYGO-300x210.jpg 300w, https:\/\/www.radiopiu.net\/wordpress\/wp-content\/uploads\/2025\/02\/KLJOASYGO-1024x718.jpg 1024w, https:\/\/www.radiopiu.net\/wordpress\/wp-content\/uploads\/2025\/02\/KLJOASYGO-768x539.jpg 768w, https:\/\/www.radiopiu.net\/wordpress\/wp-content\/uploads\/2025\/02\/KLJOASYGO.jpg 1536w\" sizes=\"auto, (max-width: 168px) 100vw, 168px\" \/><\/a>LA VALLE <\/strong>Grande traguardo per il Panificio El Forner, che ha ricevuto l&#8217;importante riconoscimento di &#8220;Locale Storico del Veneto&#8221; durante la cerimonia ufficiale tenutasi a Padova Fiere. Questo prestigioso premio celebra le attivit\u00e0 che, grazie alla loro lunga tradizione e alla qualit\u00e0 dei loro prodotti, rappresentano un punto di riferimento per la cultura enogastronomica della regione. Il Panificio El Forner \u00e8 diventato un simbolo di eccellenza nel settore della panificazione artigianale. Il premio &#8220;Locale Storico del Veneto&#8221; non solo valorizza il lavoro di generazioni di panificatori, ma rappresenta anche un incentivo per il settore a continuare a offrire prodotti di alto livello, rispettando la storia e le tradizioni locali. A ritirare il premio William Da Roit e il figlio Omar.<\/p>\n<p>&nbsp;<\/p>\n<hr \/>\n<p>&nbsp;<\/p>\n<blockquote>\n<h3>PREMIATI 239 LUOGHI STORICI DEL COMMERCIO. DUE IN AGORDINO: PANIFICIO EL FORNER A LA VALLE E L&#8217;OSTERIA DEL FAORE A CENCENIGHE<\/h3>\n<\/blockquote>\n<p><strong>DI BARBARA PAOLAZZI<\/strong><\/p>\n<p><strong><a class=\"dt-pswp-item\" href=\"https:\/\/www.radiopiu.net\/wordpress\/wp-content\/uploads\/2025\/02\/B2S4228.jpg\" data-dt-img-description=\"\" data-large_image_width=\"2362\" data-large_image_height=\"1575\"><img loading=\"lazy\" decoding=\"async\" class=\" wp-image-436472 alignleft\" src=\"https:\/\/www.radiopiu.net\/wordpress\/wp-content\/uploads\/2025\/02\/B2S4228-300x200.jpg\" alt=\"\" width=\"180\" height=\"120\" srcset=\"https:\/\/www.radiopiu.net\/wordpress\/wp-content\/uploads\/2025\/02\/B2S4228-300x200.jpg 300w, https:\/\/www.radiopiu.net\/wordpress\/wp-content\/uploads\/2025\/02\/B2S4228-1024x683.jpg 1024w, https:\/\/www.radiopiu.net\/wordpress\/wp-content\/uploads\/2025\/02\/B2S4228-768x512.jpg 768w, https:\/\/www.radiopiu.net\/wordpress\/wp-content\/uploads\/2025\/02\/B2S4228-1536x1024.jpg 1536w, https:\/\/www.radiopiu.net\/wordpress\/wp-content\/uploads\/2025\/02\/B2S4228-2048x1366.jpg 2048w\" sizes=\"auto, (max-width: 180px) 100vw, 180px\" \/><\/a>VENEZIA <\/strong>\u201cIl Veneto \u00e8 grato oggi a questi 239 commercianti, che nonostante la crisi e le difficolt\u00e0 contribuiscono ogni giorno a fare della nostra terra una delle regioni pi\u00f9 importanti d\u2019Europa, promuovendo il lavoro e la qualit\u00e0 del prodotto. A loro \u00e8 dedicato questo momento ufficiale in cui li ringraziamo per aver fatto la storia del Veneto, e raccontiamo un\u2019economia eroica fatta da chi fa crescere il territorio. Questi commercianti sono la dimostrazione che la tradizione e la capacit\u00e0 di innovare sono nel dna dei veneti: si tratta di una ricchezza da conservare e valorizzare perch\u00e9 rappresenta il nostro passato, il nostro presente e una straordinaria opportunit\u00e0 per i giovani che volessero accedere ad attivit\u00e0 professionali di qualit\u00e0. Per tutto ci\u00f2, grazie di cuore!\u201d. Queste le parole rivolte oggi dall\u2019assessore regionale allo Sviluppo economico Roberto Marcato ai titolari dei 239 esercizi veneti iscritti nell\u2019anno 2024 nell\u2019Elenco regionale dei luoghi storici del commercio, che complessivamente ha raggiunto quota 1.563. A ciascuno di loro, in una cerimonia a Padova, l\u2019assessore ha consegnato la targa con il logo che contrassegna l\u2019iscrizione.<\/p>\n<audio class=\"wp-audio-shortcode\" id=\"audio-436255-8\" preload=\"none\" style=\"width: 100%;\" controls=\"controls\"><source type=\"audio\/mpeg\" src=\"https:\/\/www.radiopiu.net\/wordpress\/wp-content\/uploads\/2025\/02\/PAOLAZZI-PREMIATI-239-LUOGHI-STORICI-DEL-COMMERCIO.mp3?_=8\" \/><a href=\"https:\/\/www.radiopiu.net\/wordpress\/wp-content\/uploads\/2025\/02\/PAOLAZZI-PREMIATI-239-LUOGHI-STORICI-DEL-COMMERCIO.mp3\">https:\/\/www.radiopiu.net\/wordpress\/wp-content\/uploads\/2025\/02\/PAOLAZZI-PREMIATI-239-LUOGHI-STORICI-DEL-COMMERCIO.mp3<\/a><\/audio>\n<p>&nbsp;<\/p>\n<hr \/>\n<p>&nbsp;<\/p>\n<blockquote>\n<h3>TAGLIO DELL\u2019IVA SUI PRODOTTI PER L\u2019IGIENE FEMMINILE E LA PRIMA INFANZIA: DEPOSITATO UN DISEGNO DI LEGGE DI INIZIATIVA POPOLARE<\/h3>\n<\/blockquote>\n<p><strong><a class=\"dt-pswp-item\" href=\"https:\/\/www.radiopiu.net\/wordpress\/wp-content\/uploads\/2025\/02\/foto-proponenti-cassazione.jpg\" data-dt-img-description=\"\" data-large_image_width=\"2418\" data-large_image_height=\"1449\"><img loading=\"lazy\" decoding=\"async\" class=\" wp-image-436458 alignleft\" src=\"https:\/\/www.radiopiu.net\/wordpress\/wp-content\/uploads\/2025\/02\/foto-proponenti-cassazione-300x180.jpg\" alt=\"\" width=\"230\" height=\"138\" srcset=\"https:\/\/www.radiopiu.net\/wordpress\/wp-content\/uploads\/2025\/02\/foto-proponenti-cassazione-300x180.jpg 300w, https:\/\/www.radiopiu.net\/wordpress\/wp-content\/uploads\/2025\/02\/foto-proponenti-cassazione-1024x614.jpg 1024w, https:\/\/www.radiopiu.net\/wordpress\/wp-content\/uploads\/2025\/02\/foto-proponenti-cassazione-768x460.jpg 768w, https:\/\/www.radiopiu.net\/wordpress\/wp-content\/uploads\/2025\/02\/foto-proponenti-cassazione-1536x920.jpg 1536w, https:\/\/www.radiopiu.net\/wordpress\/wp-content\/uploads\/2025\/02\/foto-proponenti-cassazione-2048x1227.jpg 2048w\" sizes=\"auto, (max-width: 230px) 100vw, 230px\" \/><\/a>BELLUNO<\/strong> Marted\u00ec 18 febbraio \u00e8 stato depositato presso la Corte di Cassazione un disegno di legge di iniziativa popolare per ridurre l\u2019IVA al 5% sui prodotti per l\u2019igiene femminile e la prima infanzia. L\u2019iniziativa \u00e8 promossa dall\u2019associazione <em data-start=\"235\" data-end=\"251\">Giovani&amp;Futuro<\/em>, nata a Belluno e ora diffusa in tutta Italia. Il presidente Luca Frescura ha sottolineato l\u2019importanza di un\u2019azione concreta per sostenere le famiglie e promuovere l\u2019equit\u00e0 di genere. Il costo stimato \u00e8 di 180 milioni di euro, che i promotori propongono di coprire riducendo le dotazioni di Camera e Senato. Per portare la proposta in Parlamento servono 50.000 firme, raccolte principalmente online sulla piattaforma del Ministero della Giustizia. Il vicepresidente Thomas Menia Corbanese invita tutti a firmare per questa \u201cbattaglia di civilt\u00e0\u201d. Tra i proponenti, con un\u2019et\u00e0 media di 23 anni, figurano alcuni tra i pi\u00f9 giovani nella storia repubblicana.<\/p>\n<p>&nbsp;<\/p>\n<hr \/>\n<p>&nbsp;<\/p>\n<blockquote>\n<h2>Hackerata Luxottica:\u00a0 assolto, indagini proseguono<\/h2>\n<\/blockquote>\n<p>&nbsp;<\/p>\n<p><span style=\"color: #800000;\"><strong>OGGI LA GIUDIZIARIA<\/strong><\/span><\/p>\n<p><span style=\"color: #800000;\"><strong>SINTESI DAL CORRIERE DELLE ALPI_GIGI SOSSO<\/strong><\/span><\/p>\n<p>&nbsp;<\/p>\n<blockquote>\n<h3><a class=\"dt-pswp-item\" href=\"https:\/\/www.radiopiu.net\/wordpress\/wp-content\/uploads\/2021\/01\/HACKER.jpg\" data-dt-img-description=\"\" data-large_image_width=\"1920\" data-large_image_height=\"1477\"><img loading=\"lazy\" decoding=\"async\" class=\" wp-image-187990 alignleft\" src=\"https:\/\/www.radiopiu.net\/wordpress\/wp-content\/uploads\/2021\/01\/HACKER-300x231.jpg\" alt=\"\" width=\"101\" height=\"78\" srcset=\"https:\/\/www.radiopiu.net\/wordpress\/wp-content\/uploads\/2021\/01\/HACKER-300x231.jpg 300w, https:\/\/www.radiopiu.net\/wordpress\/wp-content\/uploads\/2021\/01\/HACKER-1024x788.jpg 1024w, https:\/\/www.radiopiu.net\/wordpress\/wp-content\/uploads\/2021\/01\/HACKER-768x591.jpg 768w, https:\/\/www.radiopiu.net\/wordpress\/wp-content\/uploads\/2021\/01\/HACKER-1536x1182.jpg 1536w, https:\/\/www.radiopiu.net\/wordpress\/wp-content\/uploads\/2021\/01\/HACKER.jpg 1920w\" sizes=\"auto, (max-width: 101px) 100vw, 101px\" \/><\/a><\/h3>\n<\/blockquote>\n<p data-start=\"62\" data-end=\"501\" data-is-last-node=\"\" data-is-only-node=\"\"><strong>AGORDO<\/strong> Nella vicenda Luxottica, il cittadino nigerianoi \u00e8 stato assolto per insufficienza di prove, non essendo stato dimostrato il suo coinvolgimento nel furto informatico. La Polizia postale aveva individuato email fraudolente e variazioni degli IBAN, inducendo la societ\u00e0 a pagare due volte. La Procura e la multinazionale prevedono appello, mentre le indagini continuano attivamente per scoprire l\u2019eventuale complice sconosciuto.<\/p>\n<hr \/>\n<blockquote>\n<h3 data-start=\"0\" data-end=\"11\"><\/h3>\n<h3 data-start=\"0\" data-end=\"11\"><a class=\"dt-pswp-item\" href=\"https:\/\/www.radiopiu.net\/wordpress\/wp-content\/uploads\/2024\/04\/OSPEDALE-BELLUNO.jpg\" data-dt-img-description=\"\" data-large_image_width=\"512\" data-large_image_height=\"275\"><img loading=\"lazy\" decoding=\"async\" class=\"wp-image-382849 alignleft\" src=\"https:\/\/www.radiopiu.net\/wordpress\/wp-content\/uploads\/2024\/04\/OSPEDALE-BELLUNO-300x161.jpg\" alt=\"\" width=\"147\" height=\"79\" srcset=\"https:\/\/www.radiopiu.net\/wordpress\/wp-content\/uploads\/2024\/04\/OSPEDALE-BELLUNO-300x161.jpg 300w, https:\/\/www.radiopiu.net\/wordpress\/wp-content\/uploads\/2024\/04\/OSPEDALE-BELLUNO.jpg 512w\" sizes=\"auto, (max-width: 147px) 100vw, 147px\" \/><\/a>Morte dopo operazione al San Martino: autopsia apre il caso contro un chirurgo<\/h3>\n<\/blockquote>\n<p data-start=\"13\" data-end=\"460\" data-is-last-node=\"\" data-is-only-node=\"\"><strong>BELLUNO<\/strong> Carlo Della Vecchia, 82 anni, muore dopo una semplice operazione per emorroidi al San Martino. Un chirurgo viene indagato per omicidio colposo. L\u2019autopsia, eseguita dal medico legale Antonello Cirnelli, esclude sanguinamenti evidenti; per\u00f2, ulteriori prelievi intestinali sono necessari per individuare micro-lesioni. La Procura blocca i funerali in attesa della consulenza definitiva. Il caso rimane irrisolto. Nuove indagini urgenti sono attese.<\/p>\n<blockquote>\n<p data-start=\"13\" data-end=\"460\" data-is-last-node=\"\" data-is-only-node=\"\">\n<\/blockquote>\n<hr \/>\n<blockquote>\n<p data-start=\"0\" data-end=\"43\"><strong data-start=\"0\" data-end=\"43\"><a class=\"dt-pswp-item\" href=\"https:\/\/www.radiopiu.net\/wordpress\/wp-content\/uploads\/2022\/03\/rizieri_ongaro.jpg\" data-dt-img-description=\"\" data-large_image_width=\"120\" data-large_image_height=\"118\"><img loading=\"lazy\" decoding=\"async\" class=\"size-full wp-image-263730 alignleft\" src=\"https:\/\/www.radiopiu.net\/wordpress\/wp-content\/uploads\/2022\/03\/rizieri_ongaro.jpg\" alt=\"\" width=\"120\" height=\"118\" \/><\/a>Risarcita la famiglia di Rizieri Ongaro<\/strong><\/p>\n<\/blockquote>\n<p data-start=\"45\" data-end=\"435\" data-is-last-node=\"\" data-is-only-node=\"\"><strong>CENCENIGHE<\/strong> Nel processo per omicidio colposo allo sciatore Raymond Rhys Phillips, la famiglia di Rizieri Ongaro \u00e8 stata risarcita. La costituzione di parte civile \u00e8 stata ritirata e l\u2019avvocato Montino ha rinunciato ai consulenti. Difensori milanesi non si sono presentati per una visita medica. Il giudice Velo ha rinviato l\u2019udienza al 22 maggio, in attesa di ulteriori sviluppi e repliche conclusivi<\/p>\n<blockquote>\n<p data-start=\"45\" data-end=\"435\" data-is-last-node=\"\" data-is-only-node=\"\">\n<\/blockquote>\n<hr \/>\n<div class=\"flex max-w-full flex-col flex-grow\">\n<div class=\"min-h-8 text-message flex w-full flex-col items-end gap-2 whitespace-normal break-words text-start [.text-message+&amp;]:mt-5\" dir=\"auto\" data-message-author-role=\"assistant\" data-message-id=\"e588c101-3f79-4448-b57a-8e33edec4e52\" data-message-model-slug=\"o3-mini-high\">\n<div class=\"flex w-full flex-col gap-1 empty:hidden first:pt-[3px]\">\n<div class=\"markdown prose w-full break-words dark:prose-invert dark\">\n<blockquote>\n<p data-start=\"0\" data-end=\"85\" data-is-last-node=\"\" data-is-only-node=\"\"><strong data-start=\"0\" data-end=\"85\" data-is-last-node=\"\" data-is-only-node=\"\"><a class=\"dt-pswp-item\" href=\"https:\/\/www.radiopiu.net\/wordpress\/wp-content\/uploads\/2020\/04\/Lamon-4.jpg\" data-dt-img-description=\"\" data-large_image_width=\"1024\" data-large_image_height=\"768\"><img loading=\"lazy\" decoding=\"async\" class=\"wp-image-128216 alignleft\" src=\"https:\/\/www.radiopiu.net\/wordpress\/wp-content\/uploads\/2020\/04\/Lamon-4-300x225.jpg\" alt=\"\" width=\"155\" height=\"116\" srcset=\"https:\/\/www.radiopiu.net\/wordpress\/wp-content\/uploads\/2020\/04\/Lamon-4-300x225.jpg 300w, https:\/\/www.radiopiu.net\/wordpress\/wp-content\/uploads\/2020\/04\/Lamon-4-768x576.jpg 768w, https:\/\/www.radiopiu.net\/wordpress\/wp-content\/uploads\/2020\/04\/Lamon-4.jpg 1024w\" sizes=\"auto, (max-width: 155px) 100vw, 155px\" \/><\/a>Lamon: Contestazione al TAR per demolizione baracca e spese legali da 14.591 euro<\/strong><\/p>\n<\/blockquote>\n<\/div>\n<\/div>\n<\/div>\n<\/div>\n<p data-start=\"13\" data-end=\"460\" data-is-last-node=\"\" data-is-only-node=\"\"><strong>LAMON<\/strong> Un cittadino di Lamon ha contestato al TAR l&#8217;ordinanza del Comune che impone la demolizione di una baracca in legno, costruita parzialmente su terreno non di sua propriet\u00e0. Il Comune, privo di ufficio legale, ha incaricato un avvocato, prevedendo spese legali di 14.591 euro per la difesa in giudizio efficace.<\/p>\n<blockquote>\n<p data-start=\"13\" data-end=\"460\" data-is-last-node=\"\" data-is-only-node=\"\">\n<\/blockquote>\n<hr \/>\n<div class=\"flex max-w-full flex-col flex-grow\">\n<div class=\"min-h-8 text-message flex w-full flex-col items-end gap-2 whitespace-normal break-words text-start [.text-message+&amp;]:mt-5\" dir=\"auto\" data-message-author-role=\"assistant\" data-message-id=\"5071c9a0-be8c-441f-a72d-1705a27cc790\" data-message-model-slug=\"o3-mini-high\">\n<div class=\"flex w-full flex-col gap-1 empty:hidden first:pt-[3px]\">\n<div class=\"markdown prose w-full break-words dark:prose-invert dark\">\n<blockquote>\n<p data-start=\"0\" data-end=\"65\"><strong data-start=\"0\" data-end=\"65\"><a href=\"https:\/\/www.radiopiu.net\/wordpress\/wp-content\/uploads\/2025\/02\/28a3c815-8ed1-48a7-b58e-b10bf7c9e281.webp\"><img loading=\"lazy\" decoding=\"async\" class=\"wp-image-436494 alignleft\" src=\"https:\/\/www.radiopiu.net\/wordpress\/wp-content\/uploads\/2025\/02\/28a3c815-8ed1-48a7-b58e-b10bf7c9e281-300x300.webp\" alt=\"\" width=\"140\" height=\"140\" srcset=\"https:\/\/www.radiopiu.net\/wordpress\/wp-content\/uploads\/2025\/02\/28a3c815-8ed1-48a7-b58e-b10bf7c9e281-300x300.webp 300w, https:\/\/www.radiopiu.net\/wordpress\/wp-content\/uploads\/2025\/02\/28a3c815-8ed1-48a7-b58e-b10bf7c9e281-150x150.webp 150w, https:\/\/www.radiopiu.net\/wordpress\/wp-content\/uploads\/2025\/02\/28a3c815-8ed1-48a7-b58e-b10bf7c9e281-768x768.webp 768w, https:\/\/www.radiopiu.net\/wordpress\/wp-content\/uploads\/2025\/02\/28a3c815-8ed1-48a7-b58e-b10bf7c9e281.webp 1024w\" sizes=\"auto, (max-width: 140px) 100vw, 140px\" \/><\/a>TERRORISMO DOMESTICO: CONDANNA PER MALTRATTAMENTI AI GENITORI<\/strong><\/p>\n<\/blockquote>\n<p data-start=\"67\" data-end=\"472\" data-is-last-node=\"\" data-is-only-node=\"\"><strong>BELLUNO<\/strong> Il Tribunale di Belluno ha condannato un 23enne cadorino per aver terrorizzato i genitori, minacciandoli di finire sulla sedia a rotelle. La condanna, in continuazione con sentenze precedenti, prevede quattro mesi di reclusione e un anno di libert\u00e0 vigilata con rigidi obblighi. L\u2019imputato, affetto da un grave disturbo borderline, ha agito per vendetta per mancati finanziamenti per alcol e stupefacenti.<\/p>\n<blockquote>\n<p data-start=\"67\" data-end=\"472\" data-is-last-node=\"\" data-is-only-node=\"\">\n<\/blockquote>\n<hr \/>\n<blockquote><p><a class=\"dt-pswp-item\" href=\"https:\/\/www.radiopiu.net\/wordpress\/wp-content\/uploads\/2022\/01\/a231d155-84f8-4baa-ac0f-f7d837896aa4.jpg\" data-dt-img-description=\"CORTINA\" data-large_image_width=\"800\" data-large_image_height=\"547\"><img loading=\"lazy\" decoding=\"async\" class=\"wp-image-253141 alignleft\" src=\"https:\/\/www.radiopiu.net\/wordpress\/wp-content\/uploads\/2022\/01\/a231d155-84f8-4baa-ac0f-f7d837896aa4-300x205.jpg\" alt=\"\" width=\"138\" height=\"94\" srcset=\"https:\/\/www.radiopiu.net\/wordpress\/wp-content\/uploads\/2022\/01\/a231d155-84f8-4baa-ac0f-f7d837896aa4-300x205.jpg 300w, https:\/\/www.radiopiu.net\/wordpress\/wp-content\/uploads\/2022\/01\/a231d155-84f8-4baa-ac0f-f7d837896aa4-768x525.jpg 768w, https:\/\/www.radiopiu.net\/wordpress\/wp-content\/uploads\/2022\/01\/a231d155-84f8-4baa-ac0f-f7d837896aa4.jpg 800w\" sizes=\"auto, (max-width: 138px) 100vw, 138px\" \/><\/a><\/p>\n<p data-start=\"0\" data-end=\"79\" data-is-last-node=\"\" data-is-only-node=\"\"><strong data-start=\"0\" data-end=\"79\" data-is-last-node=\"\" data-is-only-node=\"\">Abusi a Cortina: Marito e Figlia a Giudizio per Maltrattamenti a un&#8217;Anziana<\/strong><\/p>\n<\/blockquote>\n<\/div>\n<\/div>\n<\/div>\n<\/div>\n<p data-start=\"13\" data-end=\"460\" data-is-last-node=\"\" data-is-only-node=\"\"><strong>CORTINA <\/strong>\u00a0marito e una figlia sono accusati di maltrattamenti nei confronti della madre anziana, denunciati dall&#8217;altra figlia. L&#8217;anziana, gi\u00e0 fragili, fu sottoposta a trattamenti invasivi come l&#8217;idrocolonterapia e legata, in condizioni igieniche precarie. Il processo, avviato nel 2020, prosegue in vista dell&#8217;udienza del 19 maggio. Ulteriori accertamenti sono attesi.<\/p>\n<blockquote>\n<p data-start=\"13\" data-end=\"460\" data-is-last-node=\"\" data-is-only-node=\"\">\n<\/blockquote>\n<hr \/>\n<p>&nbsp;<\/p>\n<blockquote>\n<h3>I TESORI DELLA BIBLIOTECA DI BELLUNO ESCONO DAGLI ARCHIVI PER ESSERE RACCONTATI<\/h3>\n<\/blockquote>\n<p><strong>BELLUNO<\/strong> Fotografie, musica, cinema e storia: quattro temi per altrettante serate alla Biblioteca civica di Belluno. I tesori della Biblioteca escono dagli archivi per essere raccontati ai cittadini direttamente da chi li custodisce e conserva.<\/p>\n<p><strong>DI DANIELE DALVIT<\/strong><\/p>\n<audio class=\"wp-audio-shortcode\" id=\"audio-436255-9\" preload=\"none\" style=\"width: 100%;\" controls=\"controls\"><source type=\"audio\/mpeg\" src=\"https:\/\/www.radiopiu.net\/wordpress\/wp-content\/uploads\/2025\/02\/Servizio-Tesori-biblioteca-Belluno.mp3?_=9\" \/><a href=\"https:\/\/www.radiopiu.net\/wordpress\/wp-content\/uploads\/2025\/02\/Servizio-Tesori-biblioteca-Belluno.mp3\">https:\/\/www.radiopiu.net\/wordpress\/wp-content\/uploads\/2025\/02\/Servizio-Tesori-biblioteca-Belluno.mp3<\/a><\/audio>\n<p>&nbsp;<\/p>\n\n\t\t\t<style type='text\/css'>\n\t\t\t\t#gallery-1 {\n\t\t\t\t\tmargin: auto;\n\t\t\t\t}\n\t\t\t\t#gallery-1 .gallery-item {\n\t\t\t\t\tfloat: left;\n\t\t\t\t\tmargin-top: 10px;\n\t\t\t\t\ttext-align: center;\n\t\t\t\t\twidth: 33%;\n\t\t\t\t}\n\t\t\t\t#gallery-1 img {\n\t\t\t\t\tborder: 2px solid #cfcfcf;\n\t\t\t\t}\n\t\t\t\t#gallery-1 .gallery-caption {\n\t\t\t\t\tmargin-left: 0;\n\t\t\t\t}\n\t\t\t\t\/* see gallery_shortcode() in wp-includes\/media.php *\/\n\t\t\t<\/style>\n\t\t<div id='gallery-1' class='dt-gallery-container gallery galleryid-436255 gallery-columns-3 gallery-size-medium'><dl class='gallery-item'>\n\t\t\t\t<dt class='gallery-icon landscape'>\n\t\t\t\t\t<a class=\"rollover rollover-zoom dt-pswp-item\" title=\"31ee7e2c-9d16-4c8a-a77a-c1335a3bad7f\" data-dt-img-description=\"\" data-large_image_width=\"2560\" data-large_image_height=\"1920\"href='https:\/\/www.radiopiu.net\/wordpress\/wp-content\/uploads\/2025\/02\/31ee7e2c-9d16-4c8a-a77a-c1335a3bad7f-scaled.jpg'><img loading=\"lazy\" decoding=\"async\" width=\"300\" height=\"225\" src=\"https:\/\/www.radiopiu.net\/wordpress\/wp-content\/uploads\/2025\/02\/31ee7e2c-9d16-4c8a-a77a-c1335a3bad7f-300x225.jpg\" class=\"attachment-medium size-medium\" alt=\"\" srcset=\"https:\/\/www.radiopiu.net\/wordpress\/wp-content\/uploads\/2025\/02\/31ee7e2c-9d16-4c8a-a77a-c1335a3bad7f-300x225.jpg 300w, https:\/\/www.radiopiu.net\/wordpress\/wp-content\/uploads\/2025\/02\/31ee7e2c-9d16-4c8a-a77a-c1335a3bad7f-1024x768.jpg 1024w, https:\/\/www.radiopiu.net\/wordpress\/wp-content\/uploads\/2025\/02\/31ee7e2c-9d16-4c8a-a77a-c1335a3bad7f-768x576.jpg 768w, https:\/\/www.radiopiu.net\/wordpress\/wp-content\/uploads\/2025\/02\/31ee7e2c-9d16-4c8a-a77a-c1335a3bad7f-1536x1152.jpg 1536w, https:\/\/www.radiopiu.net\/wordpress\/wp-content\/uploads\/2025\/02\/31ee7e2c-9d16-4c8a-a77a-c1335a3bad7f-2048x1536.jpg 2048w\" sizes=\"auto, (max-width: 300px) 100vw, 300px\" \/><\/a>\n\t\t\t\t<\/dt><\/dl><dl class='gallery-item'>\n\t\t\t\t<dt class='gallery-icon landscape'>\n\t\t\t\t\t<a class=\"rollover rollover-zoom dt-pswp-item\" title=\"2f603b8a-74bc-4d0b-9d78-f10beff6b0d3\" data-dt-img-description=\"\" data-large_image_width=\"2560\" data-large_image_height=\"1920\"href='https:\/\/www.radiopiu.net\/wordpress\/wp-content\/uploads\/2025\/02\/2f603b8a-74bc-4d0b-9d78-f10beff6b0d3-scaled.jpg'><img loading=\"lazy\" decoding=\"async\" width=\"300\" height=\"225\" src=\"https:\/\/www.radiopiu.net\/wordpress\/wp-content\/uploads\/2025\/02\/2f603b8a-74bc-4d0b-9d78-f10beff6b0d3-300x225.jpg\" class=\"attachment-medium size-medium\" alt=\"\" srcset=\"https:\/\/www.radiopiu.net\/wordpress\/wp-content\/uploads\/2025\/02\/2f603b8a-74bc-4d0b-9d78-f10beff6b0d3-300x225.jpg 300w, https:\/\/www.radiopiu.net\/wordpress\/wp-content\/uploads\/2025\/02\/2f603b8a-74bc-4d0b-9d78-f10beff6b0d3-1024x768.jpg 1024w, https:\/\/www.radiopiu.net\/wordpress\/wp-content\/uploads\/2025\/02\/2f603b8a-74bc-4d0b-9d78-f10beff6b0d3-768x576.jpg 768w, https:\/\/www.radiopiu.net\/wordpress\/wp-content\/uploads\/2025\/02\/2f603b8a-74bc-4d0b-9d78-f10beff6b0d3-1536x1152.jpg 1536w, https:\/\/www.radiopiu.net\/wordpress\/wp-content\/uploads\/2025\/02\/2f603b8a-74bc-4d0b-9d78-f10beff6b0d3-2048x1536.jpg 2048w\" sizes=\"auto, (max-width: 300px) 100vw, 300px\" \/><\/a>\n\t\t\t\t<\/dt><\/dl><dl class='gallery-item'>\n\t\t\t\t<dt class='gallery-icon landscape'>\n\t\t\t\t\t<a class=\"rollover rollover-zoom dt-pswp-item\" title=\"e989e3d2-d158-4732-86ef-4c336157768a\" data-dt-img-description=\"\" data-large_image_width=\"2560\" data-large_image_height=\"1920\"href='https:\/\/www.radiopiu.net\/wordpress\/wp-content\/uploads\/2025\/02\/e989e3d2-d158-4732-86ef-4c336157768a-scaled.jpg'><img loading=\"lazy\" decoding=\"async\" width=\"300\" height=\"225\" src=\"https:\/\/www.radiopiu.net\/wordpress\/wp-content\/uploads\/2025\/02\/e989e3d2-d158-4732-86ef-4c336157768a-300x225.jpg\" class=\"attachment-medium size-medium\" alt=\"\" srcset=\"https:\/\/www.radiopiu.net\/wordpress\/wp-content\/uploads\/2025\/02\/e989e3d2-d158-4732-86ef-4c336157768a-300x225.jpg 300w, https:\/\/www.radiopiu.net\/wordpress\/wp-content\/uploads\/2025\/02\/e989e3d2-d158-4732-86ef-4c336157768a-1024x768.jpg 1024w, https:\/\/www.radiopiu.net\/wordpress\/wp-content\/uploads\/2025\/02\/e989e3d2-d158-4732-86ef-4c336157768a-768x576.jpg 768w, https:\/\/www.radiopiu.net\/wordpress\/wp-content\/uploads\/2025\/02\/e989e3d2-d158-4732-86ef-4c336157768a-1536x1152.jpg 1536w, https:\/\/www.radiopiu.net\/wordpress\/wp-content\/uploads\/2025\/02\/e989e3d2-d158-4732-86ef-4c336157768a-2048x1536.jpg 2048w\" sizes=\"auto, (max-width: 300px) 100vw, 300px\" \/><\/a>\n\t\t\t\t<\/dt><\/dl><br style=\"clear: both\" \/>\n\t\t\t<\/div>\n\n<p>&nbsp;<\/p>\n<hr \/>\n<p>&nbsp;<\/p>\n<blockquote>\n<h3>SABATO A CANALE D&#8217;AGORDO BATTISTA COSTANTINI E LA SUA IMPRONTA SULLE FORESTE E SULLE MONTAGNE DEL VENETO<\/h3>\n<\/blockquote>\n<p><strong><a class=\"dt-pswp-item\" href=\"https:\/\/www.radiopiu.net\/wordpress\/wp-content\/uploads\/2025\/02\/GDLKJGAOY-1.jpg\" data-dt-img-description=\"\" data-large_image_width=\"1080\" data-large_image_height=\"1158\"><img loading=\"lazy\" decoding=\"async\" class=\" wp-image-436440 alignleft\" src=\"https:\/\/www.radiopiu.net\/wordpress\/wp-content\/uploads\/2025\/02\/GDLKJGAOY-1-280x300.jpg\" alt=\"\" width=\"205\" height=\"220\" srcset=\"https:\/\/www.radiopiu.net\/wordpress\/wp-content\/uploads\/2025\/02\/GDLKJGAOY-1-280x300.jpg 280w, https:\/\/www.radiopiu.net\/wordpress\/wp-content\/uploads\/2025\/02\/GDLKJGAOY-1-955x1024.jpg 955w, https:\/\/www.radiopiu.net\/wordpress\/wp-content\/uploads\/2025\/02\/GDLKJGAOY-1-768x823.jpg 768w, https:\/\/www.radiopiu.net\/wordpress\/wp-content\/uploads\/2025\/02\/GDLKJGAOY-1.jpg 1080w\" sizes=\"auto, (max-width: 205px) 100vw, 205px\" \/><\/a>CANALE D&#8217;AGORDO <\/strong>Sabato 1 marzo, a Canale d\u2019Agordo, i forestali che a vario titolo hanno collaborato con lui, ricorderanno, nel trentennale dalla scomparsa, la figura del dott. Battista Costantini, che nel periodo 1974-1995 fu capo del Dipartimento per le Foreste e l\u2019Economia montana e Segretario per le Attivit\u00e0 produttive del Settore Primario della Regione Veneto. Tecnici forestali e amministratori della montagna veneta non dimenticano l\u2019impegno, la fantasia, l\u2019energia profusa in quegli anni da Costantini. Dalla sistemazione del territorio dopo l\u2019alluvione del 1966 al primo monitoraggio dello stesso attraverso i satelliti, Costantini \u00e8 stato il motore di un continuo sforzo di crescita del settore forestale e dell\u2019ambiente montano, con echi anche a livello\u00a0 internazionale. La sua creatura pi\u00f9 importante \u00e8 stata l\u2019organizzazione del settore forestale regionale con il Dipartimento Foreste, i Servizi forestali provinciali, il Centro valanghe di Arabba e l\u2019avvio delle previsioni meteo. Con sullo sfondo la legge regionale 52 del 1978: la legge forestale veneta, di cui Costantini fu padre e che \u00e8 ancora vigente. Essa impegna la Regione a promuovere la difesa idrogeologica del territorio, la conservazione del suolo e dell\u2019ambiente naturale, la valorizzazione del patrimonio silvo-pastorale, la produzione legnosa, la tutela del paesaggio, il recupero alla fertilit\u00e0 dei suoli depauperati e degradati, al fine di un armonico sviluppo socio-economico e delle condizioni di vita e sicurezza della collettivit\u00e0. Di qui il titolo dell\u2019incontro di sabato 1 marzo: \u201cBattista Costantini e la sua impronta sulle foreste e sulle montagne del Veneto\u201d. Il programma della giornata prevede con inizio alle ore 10,00, presso la sala Zand\u00f2 di Canale d\u2019Agordo, i seguenti interventi: Orazio Andrich: \u201cLa matrice ancestrale: la selvicoltura e la pianificazione forestale\u201d; Antonio Santocono: \u201cLa nascita della Direzione Foreste: l\u2019innovazione e la ricerca in campo forestale\u201d; Massimo Crespi: \u201cBattista Costantini: un uomo per tutte le stagioni\u201d; Guido Munari: \u201cUna collaborazione interessante sul piano professionale ed umano\u201d; Paola Berto: \u201cL\u2019approccio integrato alla difesa idrogeologica\u201d; Paolo Zanetti e Flavio De Nicol\u00f2: \u201cI legami con il CFS\u201d; Orazio Andrich: \u201cLe lezioni apprese per la gestione della Montagna &#8211; Conclusioni\u201d. Alle ore 12,00 Santa Messa in suffragio, presso la Chiesa Arcipretale.<\/p>\n<p>&nbsp;<\/p>\n<p><strong>GRAZIE A PIERANTONIO ZANCHETTA PER IL VIDEO D&#8217;ARCHIVIO<\/strong><\/p>\n<div style=\"width: 768px;\" class=\"wp-video\"><video class=\"wp-video-shortcode\" id=\"video-436255-1\" width=\"768\" height=\"576\" preload=\"metadata\" controls=\"controls\"><source type=\"video\/mp4\" src=\"https:\/\/www.radiopiu.net\/wordpress\/wp-content\/uploads\/2025\/02\/WhatsApp-Video-2025-02-24-at-17.33.48.mp4?_=1\" \/><a href=\"https:\/\/www.radiopiu.net\/wordpress\/wp-content\/uploads\/2025\/02\/WhatsApp-Video-2025-02-24-at-17.33.48.mp4\">https:\/\/www.radiopiu.net\/wordpress\/wp-content\/uploads\/2025\/02\/WhatsApp-Video-2025-02-24-at-17.33.48.mp4<\/a><\/video><\/div>\n<p>&nbsp;<\/p>\n<hr \/>\n<p>&nbsp;<\/p>\n<blockquote>\n<h3>AMBASCIATORI DI BELLEZZA: PROTAGONISTI I GIOVANI<\/h3>\n<\/blockquote>\n<p><strong><a class=\"dt-pswp-item\" href=\"https:\/\/www.radiopiu.net\/wordpress\/wp-content\/uploads\/2024\/02\/Feltre-Piazza-Maggiore.jpg\" data-dt-img-description=\"\" data-large_image_width=\"1595\" data-large_image_height=\"1054\"><img loading=\"lazy\" decoding=\"async\" class=\" wp-image-375447 alignleft\" src=\"https:\/\/www.radiopiu.net\/wordpress\/wp-content\/uploads\/2024\/02\/Feltre-Piazza-Maggiore-300x198.jpg\" alt=\"\" width=\"206\" height=\"136\" srcset=\"https:\/\/www.radiopiu.net\/wordpress\/wp-content\/uploads\/2024\/02\/Feltre-Piazza-Maggiore-300x198.jpg 300w, https:\/\/www.radiopiu.net\/wordpress\/wp-content\/uploads\/2024\/02\/Feltre-Piazza-Maggiore-1024x677.jpg 1024w, https:\/\/www.radiopiu.net\/wordpress\/wp-content\/uploads\/2024\/02\/Feltre-Piazza-Maggiore-768x508.jpg 768w, https:\/\/www.radiopiu.net\/wordpress\/wp-content\/uploads\/2024\/02\/Feltre-Piazza-Maggiore-1536x1015.jpg 1536w, https:\/\/www.radiopiu.net\/wordpress\/wp-content\/uploads\/2024\/02\/Feltre-Piazza-Maggiore.jpg 1595w\" sizes=\"auto, (max-width: 206px) 100vw, 206px\" \/><\/a>FELTRE<\/strong> Il progetto \u201cAmbasciatori di Bellezza \u2013 Fase 2: Disseminazione\u201d \u00e8 stato presentato a Feltre con la partecipazione di vari comuni. Finanziato dalla Fondazione Cariverona, mira a coinvolgere i giovani nella valorizzazione del patrimonio culturale tramite strumenti digitali innovativi come podcast e video. Tra febbraio e maggio 2025 si svolgeranno laboratori pratici con esperti per insegnare tecniche di comunicazione culturale e creazione di contenuti multimediali. Gli incontri si terranno a Borgo Valbelluna, Sovramonte, Pedavena e Cesiomaggiore, con focus su editing di reel, podcast e promozione del patrimonio. Il Sindaco di Feltre, Viviana Fusaro, sottolinea l\u2019importanza del progetto per rafforzare il legame tra giovani e territorio. L\u2019Assessore Flavia Colle evidenzia il valore della sinergia tra comuni per diffondere conoscenza e valorizzare il patrimonio culturale. I contenuti prodotti verranno pubblicati sui canali istituzionali per garantire ampia visibilit\u00e0.<\/p>\n<p>&nbsp;<\/p>\n<p>&nbsp;<\/p>\n<hr \/>\n<p>&nbsp;<\/p>\n<blockquote>\n<h3>SI CHIUDE UFFICIALMENTE COSTRUIRE A LONGARONE FIERE<\/h3>\n<\/blockquote>\n<p><strong><a class=\"dt-pswp-item\" href=\"https:\/\/www.radiopiu.net\/wordpress\/wp-content\/uploads\/2025\/02\/fiera-costruire-142.jpg\" data-dt-img-description=\"\" data-large_image_width=\"2048\" data-large_image_height=\"1365\"><img loading=\"lazy\" decoding=\"async\" class=\" wp-image-435325 alignleft\" src=\"https:\/\/www.radiopiu.net\/wordpress\/wp-content\/uploads\/2025\/02\/fiera-costruire-142-300x200.jpg\" alt=\"\" width=\"194\" height=\"129\" srcset=\"https:\/\/www.radiopiu.net\/wordpress\/wp-content\/uploads\/2025\/02\/fiera-costruire-142-300x200.jpg 300w, https:\/\/www.radiopiu.net\/wordpress\/wp-content\/uploads\/2025\/02\/fiera-costruire-142-1024x683.jpg 1024w, https:\/\/www.radiopiu.net\/wordpress\/wp-content\/uploads\/2025\/02\/fiera-costruire-142-768x512.jpg 768w, https:\/\/www.radiopiu.net\/wordpress\/wp-content\/uploads\/2025\/02\/fiera-costruire-142-1536x1024.jpg 1536w, https:\/\/www.radiopiu.net\/wordpress\/wp-content\/uploads\/2025\/02\/fiera-costruire-142.jpg 2048w\" sizes=\"auto, (max-width: 194px) 100vw, 194px\" \/><\/a>LONGARONE<\/strong> La fiera \u201cCostruire\u201d ha ripreso con successo dopo lo stop del Covid, registrando oltre 6mila ingressi nella sua 16\u00aa edizione. L\u2019evento ha proposto 7 convegni e vari incontri tecnici, attirando professionisti e cittadini interessati alle nuove direttive green dell\u2019UE. Il settore edilizio affronta il calo degli incentivi fiscali, ma le Olimpiadi di Milano Cortina 2026 potrebbero stimolare investimenti locali. Ance prevede un calo nella manutenzione abitativa ma un aumento nelle opere pubbliche grazie al Pnrr. Contestualmente, si \u00e8 svolta la 20\u00aa edizione di Arte Fiera Dolomiti, con mostre, libri e un concerto del Maestro Giorgio Sini. Il Premio Arte Fiera ha premiato artisti in scultura, pittura e fotografia, con una giuria d\u2019eccezione. L\u2019evento ha riscosso grande successo tra pubblico e organizzatori.<\/p>\n<p>&nbsp;<\/p>\n<p>&nbsp;<\/p>\n<hr \/>\n<p>&nbsp;<\/p>\n<blockquote>\n<h3><a class=\"dt-pswp-item\" href=\"https:\/\/www.radiopiu.net\/wordpress\/wp-content\/uploads\/2025\/02\/Frammenti-COPERTINA-stampa-scaled.jpg\" data-dt-img-description=\"\" data-large_image_width=\"1813\" data-large_image_height=\"2560\"><img loading=\"lazy\" decoding=\"async\" class=\" wp-image-436417 alignleft\" src=\"https:\/\/www.radiopiu.net\/wordpress\/wp-content\/uploads\/2025\/02\/Frammenti-COPERTINA-stampa-212x300.jpg\" alt=\"\" width=\"118\" height=\"167\" srcset=\"https:\/\/www.radiopiu.net\/wordpress\/wp-content\/uploads\/2025\/02\/Frammenti-COPERTINA-stampa-212x300.jpg 212w, https:\/\/www.radiopiu.net\/wordpress\/wp-content\/uploads\/2025\/02\/Frammenti-COPERTINA-stampa-725x1024.jpg 725w, https:\/\/www.radiopiu.net\/wordpress\/wp-content\/uploads\/2025\/02\/Frammenti-COPERTINA-stampa-768x1084.jpg 768w, https:\/\/www.radiopiu.net\/wordpress\/wp-content\/uploads\/2025\/02\/Frammenti-COPERTINA-stampa-1088x1536.jpg 1088w, https:\/\/www.radiopiu.net\/wordpress\/wp-content\/uploads\/2025\/02\/Frammenti-COPERTINA-stampa-1451x2048.jpg 1451w, https:\/\/www.radiopiu.net\/wordpress\/wp-content\/uploads\/2025\/02\/Frammenti-COPERTINA-stampa-scaled.jpg 1813w\" sizes=\"auto, (max-width: 118px) 100vw, 118px\" \/><\/a>PRESENTATO IL QUATTORDICESIMO NUMERO DI FRAMMENTI<\/h3>\n<\/blockquote>\n<p><strong>BELLUNO<\/strong> La rivista scientifica <em data-start=\"23\" data-end=\"34\">Frammenti<\/em>, edita dalla Provincia di Belluno, arriva al numero 14 con nuovi approfondimenti su geologia, archeologia, flora e fauna locali. Questo numero si concentra sulla Val Biois e Falcade, analizzando le rocce del Col Margherita, i suoli del settore porfirico e le caratteristiche climatiche dell\u2019area. Segue un\u2019esplorazione naturalistica a cura di Cesare Lasen. La ricerca storica e paleontologica include lo studio delle strutture pastorali in pietra del Comelico, il ritrovamento di un odontoceto a Feltre e una colonna vertebrale di squalo a Castellavazzo. Vengono poi presentati studi su molluschi di Forcella Giau e sulla comunit\u00e0 ornitica della Val Visdende dopo la tempesta Vaia. Il numero si chiude con aggiornamenti su ricerche ambientali, come la telemetria satellitare sul lupo. La consigliera provinciale Vanessa De Francesch sottolinea l\u2019importanza della rivista per la conoscenza e la tutela del territorio.<\/p>\n<p>&nbsp;<\/p>\n<p>&nbsp;<\/p>\n<hr \/>\n<p>&nbsp;<\/p>\n<blockquote>\n<h3>TORNA A BELLUNO &#8220;IL VENTO TRA I CAPELLI&#8221;, LA PEDONATA NON COMPETITIVA DEL COMITATO PREVENZIONE SALUTE DONNA<\/h3>\n<\/blockquote>\n<p><strong><a class=\"dt-pswp-item\" href=\"https:\/\/www.radiopiu.net\/wordpress\/wp-content\/uploads\/2025\/02\/VENTO-CAPELLI-2025.jpg\" data-dt-img-description=\"\" data-large_image_width=\"767\" data-large_image_height=\"508\"><img loading=\"lazy\" decoding=\"async\" class=\" wp-image-436420 alignleft\" src=\"https:\/\/www.radiopiu.net\/wordpress\/wp-content\/uploads\/2025\/02\/VENTO-CAPELLI-2025-300x199.jpg\" alt=\"\" width=\"220\" height=\"146\" srcset=\"https:\/\/www.radiopiu.net\/wordpress\/wp-content\/uploads\/2025\/02\/VENTO-CAPELLI-2025-300x199.jpg 300w, https:\/\/www.radiopiu.net\/wordpress\/wp-content\/uploads\/2025\/02\/VENTO-CAPELLI-2025.jpg 767w\" sizes=\"auto, (max-width: 220px) 100vw, 220px\" \/><\/a>BELLUNO<\/strong> \u200b<span class=\"relative -mx-px my-[-0.2rem] rounded px-px py-[0.2rem]\">La 19\u00aa edizione della pedonata solidale &#8220;Il Vento tra i Capelli&#8221; si terr\u00e0 il 16 marzo 2025 alle 10 in Piazza dei Martiri a Belluno.<\/span> <span class=\"relative -mx-px my-[-0.2rem] rounded px-px py-[0.2rem]\">Organizzata dal Comitato Progetto Prevenzione Salute Donna, l&#8217;evento mira a sensibilizzare sull&#8217;importanza della prevenzione e della diagnosi precoce, incoraggiando le donne a prendersi cura della propria salute.<\/span> <span class=\"relative -mx-px my-[-0.2rem] rounded px-px py-[0.2rem]\">I fondi raccolti saranno destinati all&#8217;acquisto di strumenti diagnostici avanzati per l&#8217;Ospedale di Belluno, al fine di migliorare la precisione delle diagnosi.<\/span> <span class=\"relative -mx-px my-[-0.2rem] rounded px-px py-[0.2rem]\">Le iscrizioni saranno aperte dalle ore 9:00 del giorno stesso presso l&#8217;area antistante il Caff\u00e8 Manin, dove verr\u00e0 consegnata una maglietta colorata, simbolo della manifestazione, da indossare durante il percorso di circa 5 km attraverso le vie del centro cittadino.<\/span> <span class=\"relative -mx-px my-[-0.2rem] rounded px-px py-[0.2rem]\">La partecipazione \u00e8 aperta a tutti e il percorso \u00e8 adatto a persone di tutte le et\u00e0, inclusi passeggini e carrozzine.<\/span> <span class=\"relative -mx-px my-[-0.2rem] rounded px-px py-[0.2rem]\">Unisciti a noi per diffondere un messaggio di speranza e contribuire concretamente alla causa.<\/span><\/p>\n<p>&nbsp;<\/p>\n<p>&nbsp;<\/p>\n<hr \/>\n<p>&nbsp;<\/p>\n<blockquote>\n<h3>&#8220;SONO SOLO UN ALBERO&#8221; IL LIBRO DI FRANCESCA MUSSOI PRESENTATO A CENCENIGHE<\/h3>\n<\/blockquote>\n<p><strong><a class=\"dt-pswp-item\" href=\"https:\/\/www.radiopiu.net\/wordpress\/wp-content\/uploads\/2025\/02\/9e9c8713-f8b8-492d-8e43-ed272dde178e.jpg\" data-dt-img-description=\"\" data-large_image_width=\"1600\" data-large_image_height=\"720\"><img loading=\"lazy\" decoding=\"async\" class=\" wp-image-436180 alignleft\" src=\"https:\/\/www.radiopiu.net\/wordpress\/wp-content\/uploads\/2025\/02\/9e9c8713-f8b8-492d-8e43-ed272dde178e-300x135.jpg\" alt=\"\" width=\"220\" height=\"99\" srcset=\"https:\/\/www.radiopiu.net\/wordpress\/wp-content\/uploads\/2025\/02\/9e9c8713-f8b8-492d-8e43-ed272dde178e-300x135.jpg 300w, https:\/\/www.radiopiu.net\/wordpress\/wp-content\/uploads\/2025\/02\/9e9c8713-f8b8-492d-8e43-ed272dde178e-1024x461.jpg 1024w, https:\/\/www.radiopiu.net\/wordpress\/wp-content\/uploads\/2025\/02\/9e9c8713-f8b8-492d-8e43-ed272dde178e-768x346.jpg 768w, https:\/\/www.radiopiu.net\/wordpress\/wp-content\/uploads\/2025\/02\/9e9c8713-f8b8-492d-8e43-ed272dde178e-1536x691.jpg 1536w, https:\/\/www.radiopiu.net\/wordpress\/wp-content\/uploads\/2025\/02\/9e9c8713-f8b8-492d-8e43-ed272dde178e.jpg 1600w\" sizes=\"auto, (max-width: 220px) 100vw, 220px\" \/><\/a>CENCENIGHE<\/strong><\/p>\n<p>DI GIANNI SANTOMASO<\/p>\n<audio class=\"wp-audio-shortcode\" id=\"audio-436255-10\" preload=\"none\" style=\"width: 100%;\" controls=\"controls\"><source type=\"audio\/mpeg\" src=\"https:\/\/www.radiopiu.net\/wordpress\/wp-content\/uploads\/2025\/02\/GIANNI-SONO-SOLO-UN-ALBERO.mp3?_=10\" \/><a href=\"https:\/\/www.radiopiu.net\/wordpress\/wp-content\/uploads\/2025\/02\/GIANNI-SONO-SOLO-UN-ALBERO.mp3\">https:\/\/www.radiopiu.net\/wordpress\/wp-content\/uploads\/2025\/02\/GIANNI-SONO-SOLO-UN-ALBERO.mp3<\/a><\/audio>\n<p>&nbsp;<\/p>\n<hr \/>\n<p>&nbsp;<\/p>\n<h2><span style=\"color: #ff0000;\">CONSIGLI COMUNALI IN AGORDINO<\/span><\/h2>\n<p><strong>CANALE D&#8217;AGORDO<\/strong> E&#8217; in programma per domani alle 20 il consiglio comunale. Il Sindaco Massimo Murer ha convocato i consiglieri per trattare 9 punti all&#8217;ordine del giorno tra cui l&#8217;aliquota comunale all&#8217;imposta sul reddito, l&#8217;IMU, la verifica delle aree fabbricabili, l&#8217;approvazione del DUP, la nomina del revisore dei conti, l&#8217;approvazione del bilancio 2025\/27 e le revisioni del contratto di concessione in localit\u00e0 Col Mont e Malga Stia.<\/p>\n<p><strong>CENCENIGHE<\/strong> E&#8217; convocato per gioved\u00ec alle 20:30 il consiglio comunale di Cencenighe. Quattro punti da trattare tra cui la verifica delle aree fabbricabili e dei fabbricatidestinati alla cessione, il piano delle alienazioni 2025-27 e l&#8217;approvazione del DUP e bilancio di previsione 2025-27.<\/p>\n<p>&nbsp;<\/p>\n<p>&nbsp;<\/p>\n<hr \/>\n<p>&nbsp;<\/p>\n<blockquote>\n<h3>ASSEMBLEA PER I SOCI DELL&#8217;UNION LADINA AGORDINA<\/h3>\n<\/blockquote>\n<p><strong>VOLTAGO<\/strong><\/p>\n<p>DI GIANNI SANTOMASO<\/p>\n<audio class=\"wp-audio-shortcode\" id=\"audio-436255-11\" preload=\"none\" style=\"width: 100%;\" controls=\"controls\"><source type=\"audio\/mpeg\" src=\"https:\/\/www.radiopiu.net\/wordpress\/wp-content\/uploads\/2025\/02\/GIANNI-ASSEMBLEA-PER-I-SOCI-DELLUNION-LADINA-AGORDINA-SCAD-1-MAR.mp3?_=11\" \/><a href=\"https:\/\/www.radiopiu.net\/wordpress\/wp-content\/uploads\/2025\/02\/GIANNI-ASSEMBLEA-PER-I-SOCI-DELLUNION-LADINA-AGORDINA-SCAD-1-MAR.mp3\">https:\/\/www.radiopiu.net\/wordpress\/wp-content\/uploads\/2025\/02\/GIANNI-ASSEMBLEA-PER-I-SOCI-DELLUNION-LADINA-AGORDINA-SCAD-1-MAR.mp3<\/a><\/audio>\n<p>&nbsp;<\/p>\n<hr \/>\n<p>&nbsp;<\/p>\n<blockquote>\n<h3>ASSEMBLEA DEI SOCI DEL GAMP<\/h3>\n<\/blockquote>\n<p><strong>AGORDO<\/strong><\/p>\n<p>DI GIANNI SANTOMASO<\/p>\n<audio class=\"wp-audio-shortcode\" id=\"audio-436255-12\" preload=\"none\" style=\"width: 100%;\" controls=\"controls\"><source type=\"audio\/mpeg\" src=\"https:\/\/www.radiopiu.net\/wordpress\/wp-content\/uploads\/2025\/02\/GIANNI-ASSMBLEA-DEI-SOCI-DEL-GAMP-SCAD-1-MAR.mp3?_=12\" \/><a href=\"https:\/\/www.radiopiu.net\/wordpress\/wp-content\/uploads\/2025\/02\/GIANNI-ASSMBLEA-DEI-SOCI-DEL-GAMP-SCAD-1-MAR.mp3\">https:\/\/www.radiopiu.net\/wordpress\/wp-content\/uploads\/2025\/02\/GIANNI-ASSMBLEA-DEI-SOCI-DEL-GAMP-SCAD-1-MAR.mp3<\/a><\/audio>\n<p>&nbsp;<\/p>\n<hr \/>\n<p>&nbsp;<\/p>\n<blockquote>\n<h3>MARIO VIELMO, IL PRIMO ALPINISTA VENETO DEI 14 OTTOMILA, AL NOF FILO&#8217; DI CENCENIGHE<\/h3>\n<\/blockquote>\n<p><strong><a class=\"dt-pswp-item\" href=\"https:\/\/www.radiopiu.net\/wordpress\/wp-content\/uploads\/2025\/02\/Mario-in-vetta-al-Nanga-Parbat-8126m-3-luglio-2023-ore-1630.png\" data-dt-img-description=\"\" data-large_image_width=\"1434\" data-large_image_height=\"893\"><img loading=\"lazy\" decoding=\"async\" class=\" wp-image-436157 alignleft\" src=\"https:\/\/www.radiopiu.net\/wordpress\/wp-content\/uploads\/2025\/02\/Mario-in-vetta-al-Nanga-Parbat-8126m-3-luglio-2023-ore-1630-300x187.png\" alt=\"\" width=\"191\" height=\"119\" srcset=\"https:\/\/www.radiopiu.net\/wordpress\/wp-content\/uploads\/2025\/02\/Mario-in-vetta-al-Nanga-Parbat-8126m-3-luglio-2023-ore-1630-300x187.png 300w, https:\/\/www.radiopiu.net\/wordpress\/wp-content\/uploads\/2025\/02\/Mario-in-vetta-al-Nanga-Parbat-8126m-3-luglio-2023-ore-1630-1024x638.png 1024w, https:\/\/www.radiopiu.net\/wordpress\/wp-content\/uploads\/2025\/02\/Mario-in-vetta-al-Nanga-Parbat-8126m-3-luglio-2023-ore-1630-768x478.png 768w, https:\/\/www.radiopiu.net\/wordpress\/wp-content\/uploads\/2025\/02\/Mario-in-vetta-al-Nanga-Parbat-8126m-3-luglio-2023-ore-1630.png 1434w\" sizes=\"auto, (max-width: 191px) 100vw, 191px\" \/><\/a>CENCENIGHE<\/strong> Il Gruppo Amici della Montagna di Cencenighe, con il patrocinio del Comune, organizza una serata con l&#8217;alpinista Mario Vielmo, primo veneto a scalare tutti i 14 ottomila della Terra. L&#8217;evento, intitolato <em data-start=\"204\" data-end=\"271\">&#8220;Mario Vielmo, una vita per gli ottomila in Himalaya e Karakorum&#8221;<\/em>, si terr\u00e0 sabato 1\u00b0 marzo alle 20:45 presso il Nof Fil\u00f2 di Cencenighe Agordino, con ingresso libero. Vielmo, nato a Lonigo nel 1964, ha completato la sua impresa nell\u2019ottobre 2024 con la scalata dello Shisha Pangma (8.027 m). Il suo viaggio nelle alte quote \u00e8 iniziato nel 1996, raggiungendo il primo ottomila nel 1998. Durante la serata, moderata da Gianpaolo Soratroi, Vielmo racconter\u00e0 le sue esperienze con immagini e filmati. L&#8217;evento si inserisce nella tradizione del Gruppo Amici della Montagna, che da anni ospita alpinisti di fama internazionale. Sar\u00e0 un\u2019occasione per conoscere da vicino uno dei pi\u00f9 grandi alpinisti italiani e il lato umano delle sue imprese.<\/p>\n<p>&nbsp;<\/p>\n<p>&nbsp;<\/p>\n<hr \/>\n<p>&nbsp;<\/p>\n<blockquote>\n<p data-start=\"0\" data-end=\"60\"><strong data-start=\"0\" data-end=\"58\"><a class=\"dt-pswp-item\" href=\"https:\/\/www.radiopiu.net\/wordpress\/wp-content\/uploads\/2025\/02\/Senza-nome-50.png\" data-dt-img-description=\"\" data-large_image_width=\"180\" data-large_image_height=\"222\"><img loading=\"lazy\" decoding=\"async\" class=\" wp-image-435124 alignleft\" src=\"https:\/\/www.radiopiu.net\/wordpress\/wp-content\/uploads\/2025\/02\/Senza-nome-50.png\" alt=\"\" width=\"119\" height=\"147\" \/><\/a>Longarone: corso gratuito per l\u2019uso del defibrillatore<\/strong><\/p>\n<\/blockquote>\n<p><strong>LONGARONE<\/strong> si terr\u00e0 a marzo un corso gratuito B.L.S.D. (Basic Life Support and Defibrillation) per insegnare l\u2019uso del defibrillatore semiautomatico esterno e le tecniche di rianimazione. L\u2019iniziativa, promossa dal Comune con la Pro Loco e altre associazioni, mira a formare cittadini in grado di gestire emergenze cardiache. Due defibrillatori sono gi\u00e0 presenti in paese, ma la conoscenza del loro utilizzo \u00e8 fondamentale. Iscrizioni entro il 9 marzo tramite la Pro Loco di Longarone.<\/p>\n<p>&nbsp;<\/p>\n<p>&nbsp;<\/p>\n<hr \/>\n<p>&nbsp;<\/p>\n<blockquote>\n<h3><a class=\"dt-pswp-item\" href=\"https:\/\/www.radiopiu.net\/wordpress\/wp-content\/uploads\/2021\/11\/libri.jpg\" data-dt-img-description=\"\" data-large_image_width=\"1920\" data-large_image_height=\"1276\"><img loading=\"lazy\" decoding=\"async\" class=\" wp-image-242680 alignleft\" src=\"https:\/\/www.radiopiu.net\/wordpress\/wp-content\/uploads\/2021\/11\/libri-300x199.jpg\" alt=\"\" width=\"155\" height=\"103\" srcset=\"https:\/\/www.radiopiu.net\/wordpress\/wp-content\/uploads\/2021\/11\/libri-300x199.jpg 300w, https:\/\/www.radiopiu.net\/wordpress\/wp-content\/uploads\/2021\/11\/libri-1024x681.jpg 1024w, https:\/\/www.radiopiu.net\/wordpress\/wp-content\/uploads\/2021\/11\/libri-768x510.jpg 768w, https:\/\/www.radiopiu.net\/wordpress\/wp-content\/uploads\/2021\/11\/libri-1536x1021.jpg 1536w, https:\/\/www.radiopiu.net\/wordpress\/wp-content\/uploads\/2021\/11\/libri.jpg 1920w\" sizes=\"auto, (max-width: 155px) 100vw, 155px\" \/><\/a>ULTIMO APPUNTAMENTO CON LE BIBLIOTECHE DELLA VALLE DEL BIOIS<\/h3>\n<\/blockquote>\n<p><strong>CANALE D&#8217;AGORDO<\/strong><\/p>\n<p>DI GIANNI SANTOMASO<\/p>\n<audio class=\"wp-audio-shortcode\" id=\"audio-436255-13\" preload=\"none\" style=\"width: 100%;\" controls=\"controls\"><source type=\"audio\/mpeg\" src=\"https:\/\/www.radiopiu.net\/wordpress\/wp-content\/uploads\/2025\/02\/GIANNI-ULTIMO-APPUNTAMENTO-CON-LE-BIBLIOTECHE-DELLA-VALLE-DEL-BIOIS.mp3?_=13\" \/><a href=\"https:\/\/www.radiopiu.net\/wordpress\/wp-content\/uploads\/2025\/02\/GIANNI-ULTIMO-APPUNTAMENTO-CON-LE-BIBLIOTECHE-DELLA-VALLE-DEL-BIOIS.mp3\">https:\/\/www.radiopiu.net\/wordpress\/wp-content\/uploads\/2025\/02\/GIANNI-ULTIMO-APPUNTAMENTO-CON-LE-BIBLIOTECHE-DELLA-VALLE-DEL-BIOIS.mp3<\/a><\/audio>\n<p>&nbsp;<\/p>\n<hr \/>\n<p>&nbsp;<\/p>\n<blockquote>\n<h2><a class=\"dt-pswp-item\" href=\"https:\/\/www.radiopiu.net\/wordpress\/wp-content\/uploads\/2024\/01\/Foto-Carnevale_0001-9-scaled.jpg\" data-dt-img-description=\"\" data-large_image_width=\"1825\" data-large_image_height=\"2560\"><img loading=\"lazy\" decoding=\"async\" class=\"wp-image-371954 alignleft\" src=\"https:\/\/www.radiopiu.net\/wordpress\/wp-content\/uploads\/2024\/01\/Foto-Carnevale_0001-9-214x300.jpg\" alt=\"\" width=\"85\" height=\"119\" srcset=\"https:\/\/www.radiopiu.net\/wordpress\/wp-content\/uploads\/2024\/01\/Foto-Carnevale_0001-9-214x300.jpg 214w, https:\/\/www.radiopiu.net\/wordpress\/wp-content\/uploads\/2024\/01\/Foto-Carnevale_0001-9-730x1024.jpg 730w, https:\/\/www.radiopiu.net\/wordpress\/wp-content\/uploads\/2024\/01\/Foto-Carnevale_0001-9-768x1078.jpg 768w, https:\/\/www.radiopiu.net\/wordpress\/wp-content\/uploads\/2024\/01\/Foto-Carnevale_0001-9-1095x1536.jpg 1095w, https:\/\/www.radiopiu.net\/wordpress\/wp-content\/uploads\/2024\/01\/Foto-Carnevale_0001-9-1460x2048.jpg 1460w, https:\/\/www.radiopiu.net\/wordpress\/wp-content\/uploads\/2024\/01\/Foto-Carnevale_0001-9-scaled.jpg 1825w\" sizes=\"auto, (max-width: 85px) 100vw, 85px\" \/><\/a>APPUNTAMENTI COL CARNEVALE<\/h2>\n<\/blockquote>\n<p>Ritorna carnevai de la vai, mascherate tradizionali delle dolomiti agordine.\u00a0 I prossimi appuntamenti: 1 Marzo Sottoguda di Rocca Pietore, e 2 marzo a CANALE D&#8217;AGORDO aspettiamo anche te, con la tua maschera, tradizionale o di fantasia<\/p>\n<p>&nbsp;<\/p>\n<p>&nbsp;<\/p>\n<p>&nbsp;<\/p>\n<hr \/>\n<p>&nbsp;<\/p>\n<blockquote>\n<h2><a href=\"https:\/\/www.radiopiu.net\/wordpress\/wp-content\/uploads\/2025\/02\/wo6o5gsi.bmp\"><img loading=\"lazy\" decoding=\"async\" class=\"size-medium wp-image-434597 alignleft\" src=\"https:\/\/www.radiopiu.net\/wordpress\/wp-content\/uploads\/2025\/02\/wo6o5gsi-150x300.jpg\" alt=\"\" width=\"150\" height=\"300\" srcset=\"https:\/\/www.radiopiu.net\/wordpress\/wp-content\/uploads\/2025\/02\/wo6o5gsi-150x300.jpg 150w, https:\/\/www.radiopiu.net\/wordpress\/wp-content\/uploads\/2025\/02\/wo6o5gsi-513x1024.jpg 513w, https:\/\/www.radiopiu.net\/wordpress\/wp-content\/uploads\/2025\/02\/wo6o5gsi-768x1534.jpg 768w, https:\/\/www.radiopiu.net\/wordpress\/wp-content\/uploads\/2025\/02\/wo6o5gsi-769x1536.jpg 769w, https:\/\/www.radiopiu.net\/wordpress\/wp-content\/uploads\/2025\/02\/wo6o5gsi.bmp 801w\" sizes=\"auto, (max-width: 150px) 100vw, 150px\" \/><\/a>DOMENICA 2 MARZO, A CANALE D&#8217;AGORDO &#8220;LA ZINGHENESTA&#8221;<\/h2>\n<\/blockquote>\n<p>&nbsp;<\/p>\n<p><strong>CANALE D&#8217;AGORDO <\/strong>La <strong data-start=\"43\" data-end=\"58\">Zinghen\u00e9sta<\/strong> \u00e8 un&#8217;antica festa in maschera che si svolge a Canale d&#8217;Agordo, l&#8217;ultima domenica di Carnevale. Questa tradizione, risalente al XVIII secolo, \u00e8 stata ripresa nel 2013 dal comitato locale, riscuotendo un ampio consenso.\u00a0 Il termine &#8220;Zinghen\u00e9sta&#8221; si riferisce alla ragazza pi\u00f9 bella del paese, eletta annualmente regina della festa. Durante la celebrazione, la Zinghen\u00e9sta, vestita con abiti tradizionali riccamente decorati, guida una sfilata accompagnata da altre maschere tipiche, come i &#8220;Mati\u00e9i&#8221; e i &#8220;Lach\u00e8&#8221;. La festa prevede una serie di eventi, tra cui la sfilata per le vie del paese, balli tradizionali e il simbolico &#8220;processo al Carnevale&#8221;. La Zinghen\u00e9sta rappresenta un&#8217;occasione per la comunit\u00e0 di Canale d&#8217;Agordo di celebrare le proprie tradizioni culturali e folcloristiche, mantenendo vive usanze secolari e rafforzando l&#8217;identit\u00e0 locale. Particolarmente atteso il processo al Canevale. Appuntamento domenica 2 marzo, a Canale d&#8217;Agordo.<\/p>\n<p>&nbsp;<\/p>\n<p>&nbsp;<\/p>\n<p>&nbsp;<\/p>\n<p>&nbsp;<\/p>\n<hr \/>\n<p>&nbsp;<\/p>\n<blockquote>\n<h3><a class=\"dt-pswp-item\" href=\"https:\/\/www.radiopiu.net\/wordpress\/wp-content\/uploads\/2025\/02\/Pedonata-mascherata.jpeg\" data-dt-img-description=\"\" data-large_image_width=\"1179\" data-large_image_height=\"1630\"><img loading=\"lazy\" decoding=\"async\" class=\" wp-image-435889 alignleft\" src=\"https:\/\/www.radiopiu.net\/wordpress\/wp-content\/uploads\/2025\/02\/Pedonata-mascherata-217x300.jpeg\" alt=\"\" width=\"147\" height=\"203\" srcset=\"https:\/\/www.radiopiu.net\/wordpress\/wp-content\/uploads\/2025\/02\/Pedonata-mascherata-217x300.jpeg 217w, https:\/\/www.radiopiu.net\/wordpress\/wp-content\/uploads\/2025\/02\/Pedonata-mascherata-741x1024.jpeg 741w, https:\/\/www.radiopiu.net\/wordpress\/wp-content\/uploads\/2025\/02\/Pedonata-mascherata-768x1062.jpeg 768w, https:\/\/www.radiopiu.net\/wordpress\/wp-content\/uploads\/2025\/02\/Pedonata-mascherata-1111x1536.jpeg 1111w, https:\/\/www.radiopiu.net\/wordpress\/wp-content\/uploads\/2025\/02\/Pedonata-mascherata.jpeg 1179w\" sizes=\"auto, (max-width: 147px) 100vw, 147px\" \/><\/a>LA PEDONATA DI CARNEVALE A BELLUNO<\/h3>\n<\/blockquote>\n<p><strong>BELLUNO<\/strong> Il 4 marzo 2024 si terr\u00e0 la terza edizione della Pedonata Mascherata, un evento dedicato principalmente ai bambini delle scuole elementari e medie, che animer\u00e0 il centro storico con spettacoli, giochi e sport. L&#8217;iniziativa, promossa dall&#8217;assessore allo sport Monica Mazzoccoli, ha l&#8217;obiettivo di combinare il piacere di una passeggiata con l&#8217;opportunit\u00e0 di stare insieme in festa. Il ritrovo \u00e8 fissato alle 14:00 in Piazza Martiri, con partenza della pedonata alle 15:00. Il percorso di 3 km attraverser\u00e0 il centro citt\u00e0 e, all&#8217;arrivo, tutti i partecipanti saranno accolti con una merenda offerta da Lattebusche. Seguir\u00e0 lo spettacolo per bambini con il Mago Bronze e attivit\u00e0 come il truccabimbi. L&#8217;evento, organizzato con AICS, Lattebusche e il supporto dell&#8217;ANA Alpini Belluno, fa parte delle iniziative del Carnevale cittadino e mira a valorizzare gli spazi urbani come luoghi di gioco e incontro per le famiglie. La viabilit\u00e0 sar\u00e0 chiusa dalle 13:00 alle 18:00 per garantire lo svolgimento dell\u2019evento.<\/p>\n<p>&nbsp;<\/p>\n<p>&nbsp;<\/p>\n<hr \/>\n<p>&nbsp;<\/p>\n<blockquote>\n<h3>SI PARLA DI DANTE AL CIRCOLO CULTURALE LA TERRA DEI PADRI<\/h3>\n<\/blockquote>\n<p><strong>BELLUNO <\/strong>Il Circolo culturale \u201cLa Terra dei Padri \u2013 Belluno APS\u201d, in collaborazione con la Lega Nazionale \u2013 Delegazione di Belluno, organizza un ciclo di conferenze intitolato <strong data-start=\"167\" data-end=\"209\">\u201cDante e l\u2019eredit\u00e0 del mondo classico\u201d<\/strong>. La prof.ssa <strong data-start=\"226\" data-end=\"256\">Rosetta Girotto Cannarella<\/strong>, ex docente di greco e latino al Liceo Classico \u201cTiziano\u201d di Belluno, guider\u00e0 tre incontri (20 e 27 marzo, 3 aprile 2025, dalle 18:00 alle 19:00) sulla relazione tra Dante e il mondo classico, approfondendo temi come Virgilio, gli spiriti magni, Ulisse e Paolo e Francesca. Gli incontri si terranno presso la sede del Circolo, in via dei Molini, 10 (Borgo Piave \u2013 Belluno). Per info e iscrizioni: <strong data-start=\"657\" data-end=\"688\"><a rel=\"noopener\" data-start=\"659\" data-end=\"686\">francesco1dematte@gmail.com<\/a><\/strong> o <strong data-start=\"691\" data-end=\"721\">320\/0504334 (WhatsApp\/SMS)<\/strong>.<\/p>\n<p>&nbsp;<\/p>\n<p>&nbsp;<\/p>\n<hr \/>\n<p>&nbsp;<\/p>\n<blockquote>\n<h3>CHIAVI DI PACE CON GLI ALPINI<\/h3>\n<\/blockquote>\n<p><strong>FELTRE<\/strong> L&#8217;evento &#8220;Chiavi di pace: impegno Alpino per la solidariet\u00e0&#8221; si terr\u00e0 venerd\u00ec alle 20:30 presso il Museo dei Sogni di Feltre (Coop. Arcobaleno \u201986, loc. Casonetto). Organizzato dalla Sezione di Feltre dell\u2019Associazione Nazionale Alpini, l&#8217;iniziativa fa parte di un percorso giubilare di consapevolezza e servizio che culmina nel &#8220;Libro Verde della Solidariet\u00e0&#8221;. In occasione dell\u2019evento sar\u00e0 allestita una mostra tematica con 150 chiavi provenienti da tutti i continenti, simbolo del tema &#8220;Le chiavi della porta della tua vita&#8221;.<\/p>\n<p>&nbsp;<\/p>\n<p>&nbsp;<\/p>\n<hr \/>\n<p>&nbsp;<\/p>\n<blockquote class=\"wp-embedded-content\" data-secret=\"SVOpWf9jaf\"><p><a href=\"https:\/\/www.radiopiu.net\/wordpress\/2003-il-carnevale-a-rivamonte-archivio-giuliano-laveder\/\">2003, il carnevale a RIVAMONTE archivio GIULIANO LAVEDER<\/a><\/p><\/blockquote>\n<p><iframe loading=\"lazy\" class=\"wp-embedded-content\" sandbox=\"allow-scripts\" security=\"restricted\" style=\"position: absolute; visibility: hidden;\" title=\"&#8220;2003, il carnevale a RIVAMONTE archivio GIULIANO LAVEDER&#8221; &#8212; Radio Pi\u00f9\" src=\"https:\/\/www.radiopiu.net\/wordpress\/2003-il-carnevale-a-rivamonte-archivio-giuliano-laveder\/embed\/#?secret=Pa3ZUikDIy#?secret=SVOpWf9jaf\" data-secret=\"SVOpWf9jaf\" width=\"600\" height=\"338\" frameborder=\"0\" marginwidth=\"0\" marginheight=\"0\" scrolling=\"no\"><\/iframe><\/p>\n<p>&nbsp;<\/p>\n<hr \/>\n<p>&nbsp;<\/p>\n<h1><span style=\"color: #ff6600;\">IERI ALLA RADIO\u00a0\u00a0<\/span><\/h1>\n<h2><span style=\"color: #ffcc00;\">OGGI COME IERI, TERZO ANNO. CON SILVIA BALDO<\/span><\/h2>\n<p><strong><a class=\"dt-pswp-item\" href=\"https:\/\/www.radiopiu.net\/wordpress\/wp-content\/uploads\/2025\/02\/UCRAINA.jpg\" data-dt-img-description=\"\" data-large_image_width=\"1280\" data-large_image_height=\"853\"><img loading=\"lazy\" decoding=\"async\" class=\" wp-image-436425 alignleft\" src=\"https:\/\/www.radiopiu.net\/wordpress\/wp-content\/uploads\/2025\/02\/UCRAINA-300x200.jpg\" alt=\"\" width=\"164\" height=\"109\" srcset=\"https:\/\/www.radiopiu.net\/wordpress\/wp-content\/uploads\/2025\/02\/UCRAINA-300x200.jpg 300w, https:\/\/www.radiopiu.net\/wordpress\/wp-content\/uploads\/2025\/02\/UCRAINA-1024x682.jpg 1024w, https:\/\/www.radiopiu.net\/wordpress\/wp-content\/uploads\/2025\/02\/UCRAINA-768x512.jpg 768w, https:\/\/www.radiopiu.net\/wordpress\/wp-content\/uploads\/2025\/02\/UCRAINA.jpg 1280w\" sizes=\"auto, (max-width: 164px) 100vw, 164px\" \/><\/a>24 FEBBRAIO 2025 LA GUERRA IN UCRAINA<\/strong><\/p>\n<audio class=\"wp-audio-shortcode\" id=\"audio-436255-14\" preload=\"none\" style=\"width: 100%;\" controls=\"controls\"><source type=\"audio\/mpeg\" src=\"https:\/\/www.radiopiu.net\/wordpress\/wp-content\/uploads\/2025\/02\/SIBI-5.mp3?_=14\" \/><a href=\"https:\/\/www.radiopiu.net\/wordpress\/wp-content\/uploads\/2025\/02\/SIBI-5.mp3\">https:\/\/www.radiopiu.net\/wordpress\/wp-content\/uploads\/2025\/02\/SIBI-5.mp3<\/a><\/audio>\n<p>&nbsp;<\/p>\n<p><strong>LA RACCOLTA COMPLETA <a href=\"https:\/\/www.radiopiu.net\/wordpress\/oggi-come-ieri-terzo-anno-con-silvia-baldo\/\"><span style=\"color: #3366ff;\">CLICCA QUI<\/span><\/a><\/strong><\/p>\n<p>&nbsp;<\/p>\n<hr \/>\n<p>&nbsp;<\/p>\n<h2><span style=\"color: #333399;\">RITRATTI SONORI, IL PROGRAMMA DI ALESSIA DALL&#8217;O&#8217;<\/span><\/h2>\n<p><span style=\"color: #ff0000;\"><strong><a class=\"dt-pswp-item\" href=\"https:\/\/www.radiopiu.net\/wordpress\/wp-content\/uploads\/2025\/02\/d74c1dcd-c436-43f2-bb49-585c04a65d67.jpg\" data-dt-img-description=\"\" data-large_image_width=\"1179\" data-large_image_height=\"915\"><img loading=\"lazy\" decoding=\"async\" class=\" wp-image-436450 alignleft\" src=\"https:\/\/www.radiopiu.net\/wordpress\/wp-content\/uploads\/2025\/02\/d74c1dcd-c436-43f2-bb49-585c04a65d67-300x233.jpg\" alt=\"\" width=\"133\" height=\"103\" srcset=\"https:\/\/www.radiopiu.net\/wordpress\/wp-content\/uploads\/2025\/02\/d74c1dcd-c436-43f2-bb49-585c04a65d67-300x233.jpg 300w, https:\/\/www.radiopiu.net\/wordpress\/wp-content\/uploads\/2025\/02\/d74c1dcd-c436-43f2-bb49-585c04a65d67-1024x795.jpg 1024w, https:\/\/www.radiopiu.net\/wordpress\/wp-content\/uploads\/2025\/02\/d74c1dcd-c436-43f2-bb49-585c04a65d67-768x596.jpg 768w, https:\/\/www.radiopiu.net\/wordpress\/wp-content\/uploads\/2025\/02\/d74c1dcd-c436-43f2-bb49-585c04a65d67.jpg 1179w\" sizes=\"auto, (max-width: 133px) 100vw, 133px\" \/><\/a>PUNTATA 16 &#8211; DIEGO BELLIN<\/strong><\/span><\/p>\n<p>PRIMA PARTE<\/p>\n<audio class=\"wp-audio-shortcode\" id=\"audio-436255-15\" preload=\"none\" style=\"width: 100%;\" controls=\"controls\"><source type=\"audio\/mpeg\" src=\"https:\/\/www.radiopiu.net\/wordpress\/wp-content\/uploads\/2025\/02\/RF1-3.mp3?_=15\" \/><a href=\"https:\/\/www.radiopiu.net\/wordpress\/wp-content\/uploads\/2025\/02\/RF1-3.mp3\">https:\/\/www.radiopiu.net\/wordpress\/wp-content\/uploads\/2025\/02\/RF1-3.mp3<\/a><\/audio>\n<p>&nbsp;<\/p>\n<p>SECONDA PARTE<\/p>\n<audio class=\"wp-audio-shortcode\" id=\"audio-436255-16\" preload=\"none\" style=\"width: 100%;\" controls=\"controls\"><source type=\"audio\/mpeg\" src=\"https:\/\/www.radiopiu.net\/wordpress\/wp-content\/uploads\/2025\/02\/RF2-3.mp3?_=16\" \/><a href=\"https:\/\/www.radiopiu.net\/wordpress\/wp-content\/uploads\/2025\/02\/RF2-3.mp3\">https:\/\/www.radiopiu.net\/wordpress\/wp-content\/uploads\/2025\/02\/RF2-3.mp3<\/a><\/audio>\n<p>&nbsp;<\/p>\n<p>TERZA PARTE<\/p>\n<audio class=\"wp-audio-shortcode\" id=\"audio-436255-17\" preload=\"none\" style=\"width: 100%;\" controls=\"controls\"><source type=\"audio\/mpeg\" src=\"https:\/\/www.radiopiu.net\/wordpress\/wp-content\/uploads\/2025\/02\/RF3-3.mp3?_=17\" \/><a href=\"https:\/\/www.radiopiu.net\/wordpress\/wp-content\/uploads\/2025\/02\/RF3-3.mp3\">https:\/\/www.radiopiu.net\/wordpress\/wp-content\/uploads\/2025\/02\/RF3-3.mp3<\/a><\/audio>\n<p>&nbsp;<\/p>\n<p><strong>LA RACCOLTA COMPLETA <a href=\"https:\/\/www.radiopiu.net\/wordpress\/ritratti-sonori-il-programma-di-alessia-dallo-la-raccolta\/\"><span style=\"color: #3366ff;\">CLICCA QUI<\/span><\/a><\/strong><\/p>\n<p>&nbsp;<\/p>\n<hr \/>\n<p>&nbsp;<\/p>\n<h2><span style=\"color: #993300;\">SIB INFORMA: LA NUOVA LINEA PER IL TRATTAMENTO DEI FANGHI A LONGARONE<\/span><\/h2>\n<p><strong><a class=\"dt-pswp-item\" href=\"https:\/\/www.radiopiu.net\/wordpress\/wp-content\/uploads\/2025\/02\/1.jpg\" data-dt-img-description=\"\" data-large_image_width=\"1140\" data-large_image_height=\"550\"><img loading=\"lazy\" decoding=\"async\" class=\"size-medium wp-image-436446 alignleft\" src=\"https:\/\/www.radiopiu.net\/wordpress\/wp-content\/uploads\/2025\/02\/1-300x145.jpg\" alt=\"\" width=\"300\" height=\"145\" srcset=\"https:\/\/www.radiopiu.net\/wordpress\/wp-content\/uploads\/2025\/02\/1-300x145.jpg 300w, https:\/\/www.radiopiu.net\/wordpress\/wp-content\/uploads\/2025\/02\/1-1024x494.jpg 1024w, https:\/\/www.radiopiu.net\/wordpress\/wp-content\/uploads\/2025\/02\/1-768x371.jpg 768w, https:\/\/www.radiopiu.net\/wordpress\/wp-content\/uploads\/2025\/02\/1.jpg 1140w\" sizes=\"auto, (max-width: 300px) 100vw, 300px\" \/><\/a>DI BARBARA PAOLAZZI<\/strong><\/p>\n<p>Ospiti: Nicola Busetti, responsabile del progetto acque reflue, e Roberto Padrin, sindaco di Longarone<\/p>\n<audio class=\"wp-audio-shortcode\" id=\"audio-436255-18\" preload=\"none\" style=\"width: 100%;\" controls=\"controls\"><source type=\"audio\/mpeg\" src=\"https:\/\/www.radiopiu.net\/wordpress\/wp-content\/uploads\/2025\/02\/08-SIB-24-02-2025-Busetti-Padrin.mp3?_=18\" \/><a href=\"https:\/\/www.radiopiu.net\/wordpress\/wp-content\/uploads\/2025\/02\/08-SIB-24-02-2025-Busetti-Padrin.mp3\">https:\/\/www.radiopiu.net\/wordpress\/wp-content\/uploads\/2025\/02\/08-SIB-24-02-2025-Busetti-Padrin.mp3<\/a><\/audio>\n<p>&nbsp;<\/p>\n<p><strong>LA RACCOLTA COMPLETA <a href=\"https:\/\/www.radiopiu.net\/wordpress\/gsp-informa\/\"><span style=\"color: #3366ff;\">CLICCA QUI<\/span><\/a><\/strong><\/p>\n<p>&nbsp;<\/p>\n<hr \/>\n<p>&nbsp;<\/p>\n<h2><span style=\"color: #ff00ff;\">SALUTE E SOCIETA&#8217;<\/span><\/h2>\n<p><strong><a class=\"dt-pswp-item\" href=\"https:\/\/www.radiopiu.net\/wordpress\/wp-content\/uploads\/2025\/02\/WhatsApp-Image-2025-02-24-at-10.39.24.jpeg\" data-dt-img-description=\"\" data-large_image_width=\"800\" data-large_image_height=\"445\"><img loading=\"lazy\" decoding=\"async\" class=\" wp-image-436324 alignleft\" src=\"https:\/\/www.radiopiu.net\/wordpress\/wp-content\/uploads\/2025\/02\/WhatsApp-Image-2025-02-24-at-10.39.24-300x167.jpeg\" alt=\"\" width=\"199\" height=\"111\" srcset=\"https:\/\/www.radiopiu.net\/wordpress\/wp-content\/uploads\/2025\/02\/WhatsApp-Image-2025-02-24-at-10.39.24-300x167.jpeg 300w, https:\/\/www.radiopiu.net\/wordpress\/wp-content\/uploads\/2025\/02\/WhatsApp-Image-2025-02-24-at-10.39.24-768x427.jpeg 768w, https:\/\/www.radiopiu.net\/wordpress\/wp-content\/uploads\/2025\/02\/WhatsApp-Image-2025-02-24-at-10.39.24.jpeg 800w\" sizes=\"auto, (max-width: 199px) 100vw, 199px\" \/><\/a>PUNTATE DEL 24 FEBBRAIO 2025<\/strong><\/p>\n<p><strong>01<\/strong><\/p>\n<p>Approvato in Italia Momelotinib di Gsk, la nuova terapia per la mielofibrosi. Il farmaco riduce i sintomi, le dimensioni della milza ed il carico delle trasfusioni di questo raro tumore del sangue che colpisce 350 persone ogni anno in Italia.\u00a0Gli impianti a conduzione ossea sono dispositivi uditivi impiantabili che trasmettono il suono direttamente attraverso l\u2019osso del cranio. Questi impianti sfruttano il principio della conduzione ossea, cio\u00e8 la capacit\u00e0 dell\u2019osso di trasmettere vibrazioni sonore direttamente all\u2019orecchio interno.<\/p>\n<audio class=\"wp-audio-shortcode\" id=\"audio-436255-19\" preload=\"none\" style=\"width: 100%;\" controls=\"controls\"><source type=\"audio\/mpeg\" src=\"https:\/\/www.radiopiu.net\/wordpress\/wp-content\/uploads\/2025\/02\/SALUTE-4.mp3?_=19\" \/><a href=\"https:\/\/www.radiopiu.net\/wordpress\/wp-content\/uploads\/2025\/02\/SALUTE-4.mp3\">https:\/\/www.radiopiu.net\/wordpress\/wp-content\/uploads\/2025\/02\/SALUTE-4.mp3<\/a><\/audio>\n<p>&nbsp;<\/p>\n<p><strong><a class=\"dt-pswp-item\" href=\"https:\/\/www.radiopiu.net\/wordpress\/wp-content\/uploads\/2025\/02\/59989.jpg\" data-dt-img-description=\"\" data-large_image_width=\"1000\" data-large_image_height=\"667\"><img loading=\"lazy\" decoding=\"async\" class=\" wp-image-436327 alignleft\" src=\"https:\/\/www.radiopiu.net\/wordpress\/wp-content\/uploads\/2025\/02\/59989-300x200.jpg\" alt=\"\" width=\"171\" height=\"114\" srcset=\"https:\/\/www.radiopiu.net\/wordpress\/wp-content\/uploads\/2025\/02\/59989-300x200.jpg 300w, https:\/\/www.radiopiu.net\/wordpress\/wp-content\/uploads\/2025\/02\/59989-768x512.jpg 768w, https:\/\/www.radiopiu.net\/wordpress\/wp-content\/uploads\/2025\/02\/59989.jpg 1000w\" sizes=\"auto, (max-width: 171px) 100vw, 171px\" \/><\/a>02<\/strong><\/p>\n<audio class=\"wp-audio-shortcode\" id=\"audio-436255-20\" preload=\"none\" style=\"width: 100%;\" controls=\"controls\"><source type=\"audio\/mpeg\" src=\"https:\/\/www.radiopiu.net\/wordpress\/wp-content\/uploads\/2025\/02\/SALUTE2-1.mp3?_=20\" \/><a href=\"https:\/\/www.radiopiu.net\/wordpress\/wp-content\/uploads\/2025\/02\/SALUTE2-1.mp3\">https:\/\/www.radiopiu.net\/wordpress\/wp-content\/uploads\/2025\/02\/SALUTE2-1.mp3<\/a><\/audio>\n<p>&nbsp;<\/p>\n<hr \/>\n<p>&nbsp;<\/p>\n<h2><span style=\"color: #ff99cc;\">COSA GUARDO STASERA IN TV?&#8230;CON PAOLA LANCIATO<\/span><\/h2>\n<h1><span style=\"color: #ff0000;\"><strong><a class=\"dt-pswp-item\" href=\"https:\/\/www.radiopiu.net\/wordpress\/wp-content\/uploads\/2025\/02\/2ff3bf1a-897b-498d-937a-bfba1428c8c9.jpg\" data-dt-img-description=\"\" data-large_image_width=\"636\" data-large_image_height=\"891\"><img loading=\"lazy\" decoding=\"async\" class=\"size-medium wp-image-436435 alignleft\" src=\"https:\/\/www.radiopiu.net\/wordpress\/wp-content\/uploads\/2025\/02\/2ff3bf1a-897b-498d-937a-bfba1428c8c9-214x300.jpg\" alt=\"\" width=\"214\" height=\"300\" srcset=\"https:\/\/www.radiopiu.net\/wordpress\/wp-content\/uploads\/2025\/02\/2ff3bf1a-897b-498d-937a-bfba1428c8c9-214x300.jpg 214w, https:\/\/www.radiopiu.net\/wordpress\/wp-content\/uploads\/2025\/02\/2ff3bf1a-897b-498d-937a-bfba1428c8c9.jpg 636w\" sizes=\"auto, (max-width: 214px) 100vw, 214px\" \/><\/a>Puntata 26 del 20 febbraio\u00a0 2025<\/strong><\/span><\/h1>\n<audio class=\"wp-audio-shortcode\" id=\"audio-436255-21\" preload=\"none\" style=\"width: 100%;\" controls=\"controls\"><source type=\"audio\/mpeg\" src=\"https:\/\/www.radiopiu.net\/wordpress\/wp-content\/uploads\/2025\/02\/CIAK1-5.mp3?_=21\" \/><a href=\"https:\/\/www.radiopiu.net\/wordpress\/wp-content\/uploads\/2025\/02\/CIAK1-5.mp3\">https:\/\/www.radiopiu.net\/wordpress\/wp-content\/uploads\/2025\/02\/CIAK1-5.mp3<\/a><\/audio>\n<p>&nbsp;<\/p>\n<p><strong>LA RACCOLTA COMPLETA <a href=\"https:\/\/www.radiopiu.net\/wordpress\/cosa-guardo-stasera-in-tv-con-paola-lanciato-la-raccolta\/\"><span style=\"color: #3366ff;\">CLICCA QUI<\/span><\/a><\/strong><\/p>\n<p>&nbsp;<\/p>\n<hr \/>\n<p>&nbsp;<\/p>\n<h2><span style=\"color: #800080;\">I RACCONTI DI PAOLO SOPPELSA<\/span><\/h2>\n<p><strong>IL CASTELLO DI ANDRAZ<\/strong><\/p>\n<p><strong>AUDIO<\/strong><\/p>\n<audio class=\"wp-audio-shortcode\" id=\"audio-436255-22\" preload=\"none\" style=\"width: 100%;\" controls=\"controls\"><source type=\"audio\/mpeg\" src=\"https:\/\/www.radiopiu.net\/wordpress\/wp-content\/uploads\/2025\/02\/PAOLOS-3.mp3?_=22\" \/><a href=\"https:\/\/www.radiopiu.net\/wordpress\/wp-content\/uploads\/2025\/02\/PAOLOS-3.mp3\">https:\/\/www.radiopiu.net\/wordpress\/wp-content\/uploads\/2025\/02\/PAOLOS-3.mp3<\/a><\/audio>\n<p>&nbsp;<\/p>\n<p><a class=\"dt-pswp-item\" href=\"https:\/\/www.radiopiu.net\/wordpress\/wp-content\/uploads\/2025\/02\/9c95a4d7-4f50-47db-bdba-b29c3df29b30.jpg\" data-dt-img-description=\"\" data-large_image_width=\"1080\" data-large_image_height=\"810\"><img loading=\"lazy\" decoding=\"async\" class=\" wp-image-436141 alignleft\" src=\"https:\/\/www.radiopiu.net\/wordpress\/wp-content\/uploads\/2025\/02\/9c95a4d7-4f50-47db-bdba-b29c3df29b30-300x225.jpg\" alt=\"\" width=\"209\" height=\"157\" srcset=\"https:\/\/www.radiopiu.net\/wordpress\/wp-content\/uploads\/2025\/02\/9c95a4d7-4f50-47db-bdba-b29c3df29b30-300x225.jpg 300w, https:\/\/www.radiopiu.net\/wordpress\/wp-content\/uploads\/2025\/02\/9c95a4d7-4f50-47db-bdba-b29c3df29b30-1024x768.jpg 1024w, https:\/\/www.radiopiu.net\/wordpress\/wp-content\/uploads\/2025\/02\/9c95a4d7-4f50-47db-bdba-b29c3df29b30-768x576.jpg 768w, https:\/\/www.radiopiu.net\/wordpress\/wp-content\/uploads\/2025\/02\/9c95a4d7-4f50-47db-bdba-b29c3df29b30.jpg 1080w\" sizes=\"auto, (max-width: 209px) 100vw, 209px\" \/><\/a>L&#8217;antico maniero \u00e8 situato alle pendici del Col di Lana, al centro del grande vallone che scende dal Passo Falzarego. Poggiato sul possente masso erratico, oggi sorveglia le case della frazione Castello, localit\u00e0 che fa parte del comune di Livinallongo e ubicata ad oltre 1700 metri di quota. Lass\u00f9, dove il bosco inizia a farsi pi\u00f9 rado, la sua sagoma austera evoca suggestioni antiche e racconta storie di miniere confini vescovi e guerre. Da bambino, quando accadeva di salire lungo la strada che conduce al Falzarego, attendevo sempre il momento dell\u2019apparire fra i larici dell&#8217;antico castello. Superato Cernadoi lo sguardo volgeva attento verso sinistra mentre la corriera, che ci avrebbe condotti in gita a Merano o Bressanone, arrancava lentamente lungo la strada che sale fra il Col di Lana e il monte Pore. Dopo aver superato alcuni tornanti e imboccato un breve rettilineo, finalmente riuscivo ad intravedere fra i larici la severa sagoma dell&#8217;antico maniero. Osservavo le possenti mura che si slanciano verso il cielo, ammiravo le piccole finestre dalle quali, tanto tempo prima, spaziavano gli sguardi attenti di quegli uomini intenti a scovare eventuali movimenti sospetti di altri uomini. Nel frattempo, mentre la corriera risaliva lentamente il passo, fiorivano fantasie medievali di balestre e improbabili catapulte, di ponti levatoi e torce che avrebbero illuminato le lunghe notti trascorse a fare la guardia camminando avanti e indietro sulla sommit\u00e0 delle mura merlate. E poi pagliericci sui quali riposare qualche ora e fuochi che riscaldavano corpi infreddoliti e pietanze e chiss\u00e0, forse anche armature in ferro e spade utili a fronteggiare un nemico che desiderava attentare i confini. Chiss\u00e0 quegli uomini di vedetta come vivevano quelle eterne e gelide notti d&#8217;inverno di tanti secoli fa, quali erano i loro pensieri mentre tentavano di proteggersi dal freddo, mentre cercavano con lo sguardo un nemico che chiss\u00e0 se sarebbe mai giunto nei pressi del castello. Nei lunghi giorni di quiete avrebbero vissuto gli imponenti silenzi della montagna e visto scivolare via le estati che lass\u00f9, a quasi 1800 metri di quota, durano il tempo di un respiro. Poi, durante il mese di ottobre, avrebbero ammirato i larici durante il loro vestirsi d&#8217;oro e osservato la prima neve d&#8217;autunno imbiancare le robuste mura del possente castello. Suggestioni, fantasie di un bambino che per pochi istanti osservava quella inconsueta e imponente struttura che ben si integra con il paesaggio d&#8217;alta montagna. Bastioni e larici, allegra acqua di disgelo che a primavera lambisce le millenarie mura. E poi sguardi ammirati delle tante persone che oggi desiderano immergersi in quell&#8217;atmosfera antica che il castello offre ai moderni viandanti montani. Antiche mura cariche di storia narrano vite e fatti che si perdono nei tempo e una terribile guerra combattuta poco pi\u00f9 di un secolo fa sulle montagne circostanti; antiche mura silenti che narrano importanti storie di uomini e montagne.<\/p>\n<p>&nbsp;<\/p>\n<p>&nbsp;<\/p>\n<hr \/>\n<p>&nbsp;<\/p>\n<h2><span style=\"color: #ff0000;\"><a class=\"dt-pswp-item\" href=\"https:\/\/www.radiopiu.net\/wordpress\/wp-content\/uploads\/2018\/09\/appuntamenti.jpeg\" data-dt-img-description=\"\" data-large_image_width=\"800\" data-large_image_height=\"100\"><img loading=\"lazy\" decoding=\"async\" class=\"wp-image-61958 size-full aligncenter\" src=\"https:\/\/www.radiopiu.net\/wordpress\/wp-content\/uploads\/2018\/09\/appuntamenti.jpeg\" alt=\"\" width=\"800\" height=\"100\" srcset=\"https:\/\/www.radiopiu.net\/wordpress\/wp-content\/uploads\/2018\/09\/appuntamenti.jpeg 800w, https:\/\/www.radiopiu.net\/wordpress\/wp-content\/uploads\/2018\/09\/appuntamenti-300x38.jpeg 300w, https:\/\/www.radiopiu.net\/wordpress\/wp-content\/uploads\/2018\/09\/appuntamenti-768x96.jpeg 768w\" sizes=\"auto, (max-width: 800px) 100vw, 800px\" \/><\/a><\/span><\/h2>\n<h3 dir=\"auto\"><\/h3>\n<blockquote>\n<h3>MORGAN &amp; BATTAGLIA I RESIDENT DJ DEL SAVE THE DATE FESTIVAL<\/h3>\n<\/blockquote>\n<p><strong>FALCADE <\/strong>Il palco si accende, le casse vibrano e l\u2019atmosfera si infiamma: Morgan e Battaglia sono pronti a farvi ballare senza sosta! Con selezioni potenti e beat travolgenti, il duo porter\u00e0 un\u2019ondata di pura energia al Rifugio Laresei. Quattro ospiti speciali arricchiranno il festival, ma sar\u00e0 la loro console a tenere il cuore pulsante della serata. L\u2019unica regola? Lasciarsi andare al ritmo e vivere la musica senza freni. Preparati a un\u2019esperienza indimenticabile! L&#8217;appuntamento \u00e8 per il 29 marzo al Rifugio Laresei<\/p>\n\n\t\t\t<style type='text\/css'>\n\t\t\t\t#gallery-2 {\n\t\t\t\t\tmargin: auto;\n\t\t\t\t}\n\t\t\t\t#gallery-2 .gallery-item {\n\t\t\t\t\tfloat: left;\n\t\t\t\t\tmargin-top: 10px;\n\t\t\t\t\ttext-align: center;\n\t\t\t\t\twidth: 20%;\n\t\t\t\t}\n\t\t\t\t#gallery-2 img {\n\t\t\t\t\tborder: 2px solid #cfcfcf;\n\t\t\t\t}\n\t\t\t\t#gallery-2 .gallery-caption {\n\t\t\t\t\tmargin-left: 0;\n\t\t\t\t}\n\t\t\t\t\/* see gallery_shortcode() in wp-includes\/media.php *\/\n\t\t\t<\/style>\n\t\t<div id='gallery-2' class='dt-gallery-container gallery galleryid-436255 gallery-columns-5 gallery-size-medium'><dl class='gallery-item'>\n\t\t\t\t<dt class='gallery-icon portrait'>\n\t\t\t\t\t<a class=\"rollover rollover-zoom dt-pswp-item\" title=\"475351389_122191419572160269_4819090400106529375_n\" data-dt-img-description=\"\" data-large_image_width=\"1024\" data-large_image_height=\"1280\"href='https:\/\/www.radiopiu.net\/wordpress\/wp-content\/uploads\/2025\/02\/475351389_122191419572160269_4819090400106529375_n.jpg'><img loading=\"lazy\" decoding=\"async\" width=\"240\" height=\"300\" src=\"https:\/\/www.radiopiu.net\/wordpress\/wp-content\/uploads\/2025\/02\/475351389_122191419572160269_4819090400106529375_n-240x300.jpg\" class=\"attachment-medium size-medium\" alt=\"\" srcset=\"https:\/\/www.radiopiu.net\/wordpress\/wp-content\/uploads\/2025\/02\/475351389_122191419572160269_4819090400106529375_n-240x300.jpg 240w, https:\/\/www.radiopiu.net\/wordpress\/wp-content\/uploads\/2025\/02\/475351389_122191419572160269_4819090400106529375_n-819x1024.jpg 819w, https:\/\/www.radiopiu.net\/wordpress\/wp-content\/uploads\/2025\/02\/475351389_122191419572160269_4819090400106529375_n-768x960.jpg 768w, https:\/\/www.radiopiu.net\/wordpress\/wp-content\/uploads\/2025\/02\/475351389_122191419572160269_4819090400106529375_n.jpg 1024w\" sizes=\"auto, (max-width: 240px) 100vw, 240px\" \/><\/a>\n\t\t\t\t<\/dt><\/dl><dl class='gallery-item'>\n\t\t\t\t<dt class='gallery-icon portrait'>\n\t\t\t\t\t<a class=\"rollover rollover-zoom dt-pswp-item\" title=\"70222334-5cff-4d4b-9ab9-a2a79305f2f3\" data-dt-img-description=\"\" data-large_image_width=\"1024\" data-large_image_height=\"1280\"href='https:\/\/www.radiopiu.net\/wordpress\/wp-content\/uploads\/2025\/02\/70222334-5cff-4d4b-9ab9-a2a79305f2f3.jpg'><img loading=\"lazy\" decoding=\"async\" width=\"240\" height=\"300\" src=\"https:\/\/www.radiopiu.net\/wordpress\/wp-content\/uploads\/2025\/02\/70222334-5cff-4d4b-9ab9-a2a79305f2f3-240x300.jpg\" class=\"attachment-medium size-medium\" alt=\"\" srcset=\"https:\/\/www.radiopiu.net\/wordpress\/wp-content\/uploads\/2025\/02\/70222334-5cff-4d4b-9ab9-a2a79305f2f3-240x300.jpg 240w, https:\/\/www.radiopiu.net\/wordpress\/wp-content\/uploads\/2025\/02\/70222334-5cff-4d4b-9ab9-a2a79305f2f3-819x1024.jpg 819w, https:\/\/www.radiopiu.net\/wordpress\/wp-content\/uploads\/2025\/02\/70222334-5cff-4d4b-9ab9-a2a79305f2f3-768x960.jpg 768w, https:\/\/www.radiopiu.net\/wordpress\/wp-content\/uploads\/2025\/02\/70222334-5cff-4d4b-9ab9-a2a79305f2f3.jpg 1024w\" sizes=\"auto, (max-width: 240px) 100vw, 240px\" \/><\/a>\n\t\t\t\t<\/dt><\/dl><dl class='gallery-item'>\n\t\t\t\t<dt class='gallery-icon portrait'>\n\t\t\t\t\t<a class=\"rollover rollover-zoom dt-pswp-item\" title=\"480483463_122191800596160269_7748395789965067962_n\" data-dt-img-description=\"\" data-large_image_width=\"1024\" data-large_image_height=\"1280\"href='https:\/\/www.radiopiu.net\/wordpress\/wp-content\/uploads\/2025\/02\/480483463_122191800596160269_7748395789965067962_n.jpg'><img loading=\"lazy\" decoding=\"async\" width=\"240\" height=\"300\" src=\"https:\/\/www.radiopiu.net\/wordpress\/wp-content\/uploads\/2025\/02\/480483463_122191800596160269_7748395789965067962_n-240x300.jpg\" class=\"attachment-medium size-medium\" alt=\"\" srcset=\"https:\/\/www.radiopiu.net\/wordpress\/wp-content\/uploads\/2025\/02\/480483463_122191800596160269_7748395789965067962_n-240x300.jpg 240w, https:\/\/www.radiopiu.net\/wordpress\/wp-content\/uploads\/2025\/02\/480483463_122191800596160269_7748395789965067962_n-819x1024.jpg 819w, https:\/\/www.radiopiu.net\/wordpress\/wp-content\/uploads\/2025\/02\/480483463_122191800596160269_7748395789965067962_n-768x960.jpg 768w, https:\/\/www.radiopiu.net\/wordpress\/wp-content\/uploads\/2025\/02\/480483463_122191800596160269_7748395789965067962_n.jpg 1024w\" sizes=\"auto, (max-width: 240px) 100vw, 240px\" \/><\/a>\n\t\t\t\t<\/dt><\/dl><dl class='gallery-item'>\n\t\t\t\t<dt class='gallery-icon portrait'>\n\t\t\t\t\t<a class=\"rollover rollover-zoom dt-pswp-item\" title=\"480755395_122191974356160269_922264644982884143_n\" data-dt-img-description=\"\" data-large_image_width=\"1024\" data-large_image_height=\"1280\"href='https:\/\/www.radiopiu.net\/wordpress\/wp-content\/uploads\/2025\/02\/480755395_122191974356160269_922264644982884143_n.jpg'><img loading=\"lazy\" decoding=\"async\" width=\"240\" height=\"300\" src=\"https:\/\/www.radiopiu.net\/wordpress\/wp-content\/uploads\/2025\/02\/480755395_122191974356160269_922264644982884143_n-240x300.jpg\" class=\"attachment-medium size-medium\" alt=\"\" srcset=\"https:\/\/www.radiopiu.net\/wordpress\/wp-content\/uploads\/2025\/02\/480755395_122191974356160269_922264644982884143_n-240x300.jpg 240w, https:\/\/www.radiopiu.net\/wordpress\/wp-content\/uploads\/2025\/02\/480755395_122191974356160269_922264644982884143_n-819x1024.jpg 819w, https:\/\/www.radiopiu.net\/wordpress\/wp-content\/uploads\/2025\/02\/480755395_122191974356160269_922264644982884143_n-768x960.jpg 768w, https:\/\/www.radiopiu.net\/wordpress\/wp-content\/uploads\/2025\/02\/480755395_122191974356160269_922264644982884143_n.jpg 1024w\" sizes=\"auto, (max-width: 240px) 100vw, 240px\" \/><\/a>\n\t\t\t\t<\/dt><\/dl><dl class='gallery-item'>\n\t\t\t\t<dt class='gallery-icon portrait'>\n\t\t\t\t\t<a class=\"rollover rollover-zoom dt-pswp-item\" title=\"480946206_122192204450160269_174180551336592227_n\" data-dt-img-description=\"\" data-large_image_width=\"512\" data-large_image_height=\"640\"href='https:\/\/www.radiopiu.net\/wordpress\/wp-content\/uploads\/2025\/02\/480946206_122192204450160269_174180551336592227_n.jpg'><img loading=\"lazy\" decoding=\"async\" width=\"240\" height=\"300\" src=\"https:\/\/www.radiopiu.net\/wordpress\/wp-content\/uploads\/2025\/02\/480946206_122192204450160269_174180551336592227_n-240x300.jpg\" class=\"attachment-medium size-medium\" alt=\"\" srcset=\"https:\/\/www.radiopiu.net\/wordpress\/wp-content\/uploads\/2025\/02\/480946206_122192204450160269_174180551336592227_n-240x300.jpg 240w, https:\/\/www.radiopiu.net\/wordpress\/wp-content\/uploads\/2025\/02\/480946206_122192204450160269_174180551336592227_n.jpg 512w\" sizes=\"auto, (max-width: 240px) 100vw, 240px\" \/><\/a>\n\t\t\t\t<\/dt><\/dl><br style=\"clear: both\" \/>\n\t\t\t<\/div>\n\n<p>&nbsp;<\/p>\n<div>\n<div class=\"\" dir=\"auto\">\n<div id=\":r9h:\" class=\"x1iorvi4 x1pi30zi x1l90r2v x1swvt13\" data-ad-comet-preview=\"message\" data-ad-preview=\"message\">\n<div>\n<div class=\"\" dir=\"auto\">\n<div id=\":r9h:\" class=\"x1iorvi4 x1pi30zi x1l90r2v x1swvt13\" data-ad-comet-preview=\"message\" data-ad-preview=\"message\">\n<div>\n<div class=\"\" dir=\"auto\">\n<div id=\":r9h:\" class=\"x1iorvi4 x1pi30zi x1l90r2v x1swvt13\" data-ad-comet-preview=\"message\" data-ad-preview=\"message\">\n<div>\n<div class=\"\" dir=\"auto\">\n<div id=\":r9h:\" class=\"x1iorvi4 x1pi30zi x1l90r2v x1swvt13\" data-ad-comet-preview=\"message\" data-ad-preview=\"message\">\n<div>\n<div class=\"\" dir=\"auto\">\n<div id=\":r9h:\" class=\"x1iorvi4 x1pi30zi x1l90r2v x1swvt13\" data-ad-comet-preview=\"message\" data-ad-preview=\"message\">\n<div>\n<div class=\"\" dir=\"auto\">\n<div id=\":r9h:\" class=\"x1iorvi4 x1pi30zi x1l90r2v x1swvt13\" data-ad-comet-preview=\"message\" data-ad-preview=\"message\">\n<div class=\"xdj266r x11i5rnm xat24cr x1mh8g0r x1vvkbs x126k92a\">\n<div dir=\"auto\"><\/div>\n<\/div>\n<div>\n<div class=\"\" dir=\"auto\">\n<div id=\":r9h:\" class=\"x1iorvi4 x1pi30zi x1l90r2v x1swvt13\" data-ad-comet-preview=\"message\" data-ad-preview=\"message\">\n<div>\n<div class=\"\" dir=\"auto\">\n<div id=\":r9h:\" class=\"x1iorvi4 x1pi30zi x1l90r2v x1swvt13\" data-ad-comet-preview=\"message\" data-ad-preview=\"message\">\n\n\t\t\t<style type='text\/css'>\n\t\t\t\t#gallery-3 {\n\t\t\t\t\tmargin: auto;\n\t\t\t\t}\n\t\t\t\t#gallery-3 .gallery-item {\n\t\t\t\t\tfloat: left;\n\t\t\t\t\tmargin-top: 10px;\n\t\t\t\t\ttext-align: center;\n\t\t\t\t\twidth: 20%;\n\t\t\t\t}\n\t\t\t\t#gallery-3 img {\n\t\t\t\t\tborder: 2px solid #cfcfcf;\n\t\t\t\t}\n\t\t\t\t#gallery-3 .gallery-caption {\n\t\t\t\t\tmargin-left: 0;\n\t\t\t\t}\n\t\t\t\t\/* see gallery_shortcode() in wp-includes\/media.php *\/\n\t\t\t<\/style>\n\t\t<div id='gallery-3' class='dt-gallery-container gallery galleryid-436255 gallery-columns-5 gallery-size-thumbnail'><dl class='gallery-item'>\n\t\t\t\t<dt class='gallery-icon portrait'>\n\t\t\t\t\t<a class=\"rollover rollover-zoom dt-pswp-item\" title=\"0d697062-7b39-4820-a861-eb7f477a25ef\" data-dt-img-description=\"\" data-large_image_width=\"960\" data-large_image_height=\"1200\"href='https:\/\/www.radiopiu.net\/wordpress\/wp-content\/uploads\/2025\/02\/0d697062-7b39-4820-a861-eb7f477a25ef.jpg'><img loading=\"lazy\" decoding=\"async\" width=\"150\" height=\"150\" src=\"https:\/\/www.radiopiu.net\/wordpress\/wp-content\/uploads\/2025\/02\/0d697062-7b39-4820-a861-eb7f477a25ef-150x150.jpg\" class=\"attachment-thumbnail size-thumbnail\" alt=\"\" \/><\/a>\n\t\t\t\t<\/dt><\/dl><dl class='gallery-item'>\n\t\t\t\t<dt class='gallery-icon portrait'>\n\t\t\t\t\t<a class=\"rollover rollover-zoom dt-pswp-item\" title=\"Immagine WhatsApp 2025-02-17 ore 22.25.23_139ab6c1\" data-dt-img-description=\"\" data-large_image_width=\"1241\" data-large_image_height=\"1754\"href='https:\/\/www.radiopiu.net\/wordpress\/wp-content\/uploads\/2025\/02\/Immagine-WhatsApp-2025-02-17-ore-22.25.23_139ab6c1.jpg'><img loading=\"lazy\" decoding=\"async\" width=\"150\" height=\"150\" src=\"https:\/\/www.radiopiu.net\/wordpress\/wp-content\/uploads\/2025\/02\/Immagine-WhatsApp-2025-02-17-ore-22.25.23_139ab6c1-150x150.jpg\" class=\"attachment-thumbnail size-thumbnail\" alt=\"\" \/><\/a>\n\t\t\t\t<\/dt><\/dl><dl class='gallery-item'>\n\t\t\t\t<dt class='gallery-icon portrait'>\n\t\t\t\t\t<a class=\"rollover rollover-zoom dt-pswp-item\" title=\"wo6o5gsi\" data-dt-img-description=\"\" data-large_image_width=\"801\" data-large_image_height=\"1600\"href='https:\/\/www.radiopiu.net\/wordpress\/wp-content\/uploads\/2025\/02\/wo6o5gsi.bmp'><img loading=\"lazy\" decoding=\"async\" width=\"150\" height=\"150\" src=\"https:\/\/www.radiopiu.net\/wordpress\/wp-content\/uploads\/2025\/02\/wo6o5gsi-150x150.jpg\" class=\"attachment-thumbnail size-thumbnail\" alt=\"\" aria-describedby=\"gallery-3-434597\" \/><\/a>\n\t\t\t\t<\/dt>\n\t\t\t\t\t<dd class='wp-caption-text gallery-caption' id='gallery-3-434597'>\n\t\t\t\t\t2 MARZO\n\t\t\t\t\t<\/dd><\/dl><dl class='gallery-item'>\n\t\t\t\t<dt class='gallery-icon portrait'>\n\t\t\t\t\t<a class=\"rollover rollover-zoom dt-pswp-item\" title=\"dad1d0d2-12e8-494a-9390-929e17ce5985\" data-dt-img-description=\"\" data-large_image_width=\"900\" data-large_image_height=\"1600\"href='https:\/\/www.radiopiu.net\/wordpress\/wp-content\/uploads\/2025\/01\/dad1d0d2-12e8-494a-9390-929e17ce5985.jpg'><img loading=\"lazy\" decoding=\"async\" width=\"150\" height=\"150\" src=\"https:\/\/www.radiopiu.net\/wordpress\/wp-content\/uploads\/2025\/01\/dad1d0d2-12e8-494a-9390-929e17ce5985-150x150.jpg\" class=\"attachment-thumbnail size-thumbnail\" alt=\"\" \/><\/a>\n\t\t\t\t<\/dt><\/dl><dl class='gallery-item'>\n\t\t\t\t<dt class='gallery-icon portrait'>\n\t\t\t\t\t<a class=\"rollover rollover-zoom dt-pswp-item\" title=\"Senza nome\" data-dt-img-description=\"\" data-large_image_width=\"569\" data-large_image_height=\"801\"href='https:\/\/www.radiopiu.net\/wordpress\/wp-content\/uploads\/2025\/02\/Senza-nome-23.png'><img loading=\"lazy\" decoding=\"async\" width=\"150\" height=\"150\" src=\"https:\/\/www.radiopiu.net\/wordpress\/wp-content\/uploads\/2025\/02\/Senza-nome-23-150x150.png\" class=\"attachment-thumbnail size-thumbnail\" alt=\"\" \/><\/a>\n\t\t\t\t<\/dt><\/dl><br style=\"clear: both\" \/><dl class='gallery-item'>\n\t\t\t\t<dt class='gallery-icon portrait'>\n\t\t\t\t\t<a class=\"rollover rollover-zoom dt-pswp-item\" title=\"GDLKJGAOY\" data-dt-img-description=\"\" data-large_image_width=\"1080\" data-large_image_height=\"1158\"href='https:\/\/www.radiopiu.net\/wordpress\/wp-content\/uploads\/2025\/02\/GDLKJGAOY.jpg'><img loading=\"lazy\" decoding=\"async\" width=\"150\" height=\"150\" src=\"https:\/\/www.radiopiu.net\/wordpress\/wp-content\/uploads\/2025\/02\/GDLKJGAOY-150x150.jpg\" class=\"attachment-thumbnail size-thumbnail\" alt=\"\" \/><\/a>\n\t\t\t\t<\/dt><\/dl><dl class='gallery-item'>\n\t\t\t\t<dt class='gallery-icon portrait'>\n\t\t\t\t\t<a class=\"rollover rollover-zoom dt-pswp-item\" title=\"L59DYKs0vbbX\" data-dt-img-description=\"\" data-large_image_width=\"600\" data-large_image_height=\"848\"href='https:\/\/www.radiopiu.net\/wordpress\/wp-content\/uploads\/2025\/02\/L59DYKs0vbbX.jpg'><img loading=\"lazy\" decoding=\"async\" width=\"150\" height=\"150\" src=\"https:\/\/www.radiopiu.net\/wordpress\/wp-content\/uploads\/2025\/02\/L59DYKs0vbbX-150x150.jpg\" class=\"attachment-thumbnail size-thumbnail\" alt=\"\" \/><\/a>\n\t\t\t\t<\/dt><\/dl><dl class='gallery-item'>\n\t\t\t\t<dt class='gallery-icon portrait'>\n\t\t\t\t\t<a class=\"rollover rollover-zoom dt-pswp-item\" title=\"2487092a-44e2-4f98-95d9-fc75c526c499\" data-dt-img-description=\"\" data-large_image_width=\"1131\" data-large_image_height=\"1600\"href='https:\/\/www.radiopiu.net\/wordpress\/wp-content\/uploads\/2025\/02\/2487092a-44e2-4f98-95d9-fc75c526c499.jpg'><img loading=\"lazy\" decoding=\"async\" width=\"150\" height=\"150\" src=\"https:\/\/www.radiopiu.net\/wordpress\/wp-content\/uploads\/2025\/02\/2487092a-44e2-4f98-95d9-fc75c526c499-150x150.jpg\" class=\"attachment-thumbnail size-thumbnail\" alt=\"\" \/><\/a>\n\t\t\t\t<\/dt><\/dl><dl class='gallery-item'>\n\t\t\t\t<dt class='gallery-icon portrait'>\n\t\t\t\t\t<a class=\"rollover rollover-zoom dt-pswp-item\" title=\"Assaggi di libri marzo 2025\" data-dt-img-description=\"\" data-large_image_width=\"1240\" data-large_image_height=\"1754\"href='https:\/\/www.radiopiu.net\/wordpress\/wp-content\/uploads\/2025\/02\/Assaggi-di-libri-marzo-2025.jpg'><img loading=\"lazy\" decoding=\"async\" width=\"150\" height=\"150\" src=\"https:\/\/www.radiopiu.net\/wordpress\/wp-content\/uploads\/2025\/02\/Assaggi-di-libri-marzo-2025-150x150.jpg\" class=\"attachment-thumbnail size-thumbnail\" alt=\"\" \/><\/a>\n\t\t\t\t<\/dt><\/dl><dl class='gallery-item'>\n\t\t\t\t<dt class='gallery-icon portrait'>\n\t\t\t\t\t<a class=\"rollover rollover-zoom dt-pswp-item\" title=\"Carneval dei boce 2025\" data-dt-img-description=\"\" data-large_image_width=\"1414\" data-large_image_height=\"2000\"href='https:\/\/www.radiopiu.net\/wordpress\/wp-content\/uploads\/2025\/02\/Carneval-dei-boce-2025.png'><img loading=\"lazy\" decoding=\"async\" width=\"150\" height=\"150\" src=\"https:\/\/www.radiopiu.net\/wordpress\/wp-content\/uploads\/2025\/02\/Carneval-dei-boce-2025-150x150.png\" class=\"attachment-thumbnail size-thumbnail\" alt=\"\" \/><\/a>\n\t\t\t\t<\/dt><\/dl><br style=\"clear: both\" \/><dl class='gallery-item'>\n\t\t\t\t<dt class='gallery-icon portrait'>\n\t\t\t\t\t<a class=\"rollover rollover-zoom dt-pswp-item\" title=\"Carnevale 2025\" data-dt-img-description=\"\" data-large_image_width=\"1414\" data-large_image_height=\"2000\"href='https:\/\/www.radiopiu.net\/wordpress\/wp-content\/uploads\/2025\/02\/Carnevale-2025-1.png'><img loading=\"lazy\" decoding=\"async\" width=\"150\" height=\"150\" src=\"https:\/\/www.radiopiu.net\/wordpress\/wp-content\/uploads\/2025\/02\/Carnevale-2025-1-150x150.png\" class=\"attachment-thumbnail size-thumbnail\" alt=\"\" \/><\/a>\n\t\t\t\t<\/dt><\/dl><dl class='gallery-item'>\n\t\t\t\t<dt class='gallery-icon portrait'>\n\t\t\t\t\t<a class=\"rollover rollover-zoom dt-pswp-item\" title=\"f2e45630-52c0-478c-94b5-bb24dd41ebdf\" data-dt-img-description=\"\" data-large_image_width=\"384\" data-large_image_height=\"551\"href='https:\/\/www.radiopiu.net\/wordpress\/wp-content\/uploads\/2025\/02\/f2e45630-52c0-478c-94b5-bb24dd41ebdf.jpg'><img loading=\"lazy\" decoding=\"async\" width=\"150\" height=\"150\" src=\"https:\/\/www.radiopiu.net\/wordpress\/wp-content\/uploads\/2025\/02\/f2e45630-52c0-478c-94b5-bb24dd41ebdf-150x150.jpg\" class=\"attachment-thumbnail size-thumbnail\" alt=\"\" \/><\/a>\n\t\t\t\t<\/dt><\/dl><dl class='gallery-item'>\n\t\t\t\t<dt class='gallery-icon portrait'>\n\t\t\t\t\t<a class=\"rollover rollover-zoom dt-pswp-item\" title=\"Locandina laboratorio creativo 01.03.2025 (2)\" data-dt-img-description=\"\" data-large_image_width=\"1414\" data-large_image_height=\"2000\"href='https:\/\/www.radiopiu.net\/wordpress\/wp-content\/uploads\/2025\/02\/Locandina-laboratorio-creativo-01.03.2025-2.jpg'><img loading=\"lazy\" decoding=\"async\" width=\"150\" height=\"150\" src=\"https:\/\/www.radiopiu.net\/wordpress\/wp-content\/uploads\/2025\/02\/Locandina-laboratorio-creativo-01.03.2025-2-150x150.jpg\" class=\"attachment-thumbnail size-thumbnail\" alt=\"\" \/><\/a>\n\t\t\t\t<\/dt><\/dl><dl class='gallery-item'>\n\t\t\t\t<dt class='gallery-icon portrait'>\n\t\t\t\t\t<a class=\"rollover rollover-zoom dt-pswp-item\" title=\"Locandina Zanenga marzo 2025\" data-dt-img-description=\"\" data-large_image_width=\"1447\" data-large_image_height=\"2048\"href='https:\/\/www.radiopiu.net\/wordpress\/wp-content\/uploads\/2025\/02\/Locandina-Zanenga-marzo-2025.jpg'><img loading=\"lazy\" decoding=\"async\" width=\"150\" height=\"150\" src=\"https:\/\/www.radiopiu.net\/wordpress\/wp-content\/uploads\/2025\/02\/Locandina-Zanenga-marzo-2025-150x150.jpg\" class=\"attachment-thumbnail size-thumbnail\" alt=\"\" \/><\/a>\n\t\t\t\t<\/dt><\/dl><dl class='gallery-item'>\n\t\t\t\t<dt class='gallery-icon portrait'>\n\t\t\t\t\t<a class=\"rollover rollover-zoom dt-pswp-item\" title=\"Marzo (1)\" data-dt-img-description=\"\" data-large_image_width=\"841\" data-large_image_height=\"1190\"href='https:\/\/www.radiopiu.net\/wordpress\/wp-content\/uploads\/2025\/02\/Marzo-1.jpg'><img loading=\"lazy\" decoding=\"async\" width=\"150\" height=\"150\" src=\"https:\/\/www.radiopiu.net\/wordpress\/wp-content\/uploads\/2025\/02\/Marzo-1-150x150.jpg\" class=\"attachment-thumbnail size-thumbnail\" alt=\"\" \/><\/a>\n\t\t\t\t<\/dt><\/dl><br style=\"clear: both\" \/>\n\t\t\t<\/div>\n\n<p>&nbsp;<\/p>\n<p>&nbsp;<\/p>\n<\/div>\n<\/div>\n<\/div>\n<\/div>\n<\/div>\n<\/div>\n<\/div>\n<\/div>\n<\/div>\n<\/div>\n<\/div>\n<\/div>\n<p>&nbsp;<\/p>\n<\/div>\n<\/div>\n<\/div>\n<\/div>\n<\/div>\n<\/div>\n<\/div>\n<\/div>\n<\/div>\n<\/div>\n<\/div>\n<\/div>\n<hr \/>\n<p>&nbsp;<\/p>\n<p class=\"mceTemp\"><a class=\"dt-pswp-item\" href=\"https:\/\/www.radiopiu.net\/wordpress\/wp-content\/uploads\/2018\/09\/WhatsApp-Image-2018-09-20-at-16.04.06.jpeg\" data-dt-img-description=\"\" data-large_image_width=\"800\" data-large_image_height=\"100\"><img loading=\"lazy\" decoding=\"async\" class=\"wp-image-61378 size-full aligncenter\" src=\"https:\/\/www.radiopiu.net\/wordpress\/wp-content\/uploads\/2018\/09\/WhatsApp-Image-2018-09-20-at-16.04.06.jpeg\" alt=\"\" width=\"800\" height=\"100\" srcset=\"https:\/\/www.radiopiu.net\/wordpress\/wp-content\/uploads\/2018\/09\/WhatsApp-Image-2018-09-20-at-16.04.06.jpeg 800w, https:\/\/www.radiopiu.net\/wordpress\/wp-content\/uploads\/2018\/09\/WhatsApp-Image-2018-09-20-at-16.04.06-300x38.jpeg 300w, https:\/\/www.radiopiu.net\/wordpress\/wp-content\/uploads\/2018\/09\/WhatsApp-Image-2018-09-20-at-16.04.06-768x96.jpeg 768w\" sizes=\"auto, (max-width: 800px) 100vw, 800px\" \/><\/a><\/p>\n<p><center><\/center><center><\/center>&nbsp;<\/p>\n<p><center><\/center><center><b>OGGI<\/b><\/center>Sulle Dolomiti iniziale variabilit\u00e0 con molte nubi e qualche schiarita. Sulle Prealpi cielo gi\u00e0 coperto senza escludere locali debolissimi fenomeni. Con il passare delle ore intensificazione della nuvolosit\u00e0 ovunque ed aumento del rischio precipitazioni, specie nel tardo pomeriggio\/sera.<br \/>\n<b>Precipitazioni: <\/b>Al mattino assenti, salvo prime pioviggine e qualche fiocco oltre i 1400 m sulle Prealpi; al pomeriggio e soprattutto verso sera deboli fenomeni, nevosi oltre i 1400\/1500 m o appena pi\u00f9 in basso in alcune valli dolomitiche.<br \/>\n<b>Temperature: <\/b>Nelle valli minime in aumento e massime in calo; in quota in generale lieve flessione.<\/p>\n<hr \/>\n<p><center><b>DOMANI<\/b><\/center>Lieve maltempo, a tratti moderato sulle Prealpi, con cielo molto nuvoloso o coperto tutto il giorno e fenomeni a tratti diffusi.<br \/>\n<b>Precipitazioni: <\/b>Alta probabilit\u00e0 di fenomeni perlopi\u00f9 deboli sulle Dolomiti, a tratti moderati sulle Prealpi. Il limite neve sar\u00e0 oltre i 1400-1500 m, ma tender\u00e0 ad abbassarsi leggermente a fine episodio, fino a 1100 m su Dolomiti e 1200 m su Prealpi.<br \/>\n<b>Temperature: <\/b>In generale lieve diminuzione, pi\u00f9 marcata da met\u00e0 pomeriggio in poi in quota.<\/p>\n<hr \/>\n<p><center><b>GIOVEDI<\/b><\/center>Residui e sporadici fenomeni nottetempo, poi riduzione della nuvolosit\u00e0 che sar\u00e0 ancora presente per parte del mattino, prima di un miglioramento con ritorno del sole e del cielo sereno. Al pomeriggio qualche addensamento, pi\u00f9 intenso sulle Prealpi. Temperature in generale calo, eccetto le massime nelle valli che saranno in lieve aumento in relazione al buon soleggiamento.<\/p>\n<hr \/>\n<p><center><b>VENERDI<\/b><\/center>Nottetempo cielo coperto e probabili rovesci, nevosi oltre i 900-1000 m. In giornata ritorno del sole e del cielo sereno con ottima visibilit\u00e0. Temperature in ulteriore calo a tutte le quote, compreso le massime nelle valli, nonostante il buon soleggiamento.<\/p>\n<p>&nbsp;<\/p>\n<hr \/>\n<p>&nbsp;<\/p>\n<p class=\"mceTemp\"><a class=\"dt-pswp-item\" href=\"https:\/\/www.radiopiu.net\/wordpress\/wp-content\/uploads\/2018\/09\/sport.jpg\" data-dt-img-description=\"\" data-large_image_width=\"800\" data-large_image_height=\"100\"><img loading=\"lazy\" decoding=\"async\" class=\"aligncenter wp-image-60761 size-full\" src=\"https:\/\/www.radiopiu.net\/wordpress\/wp-content\/uploads\/2018\/09\/sport.jpg\" alt=\"\" width=\"800\" height=\"100\" srcset=\"https:\/\/www.radiopiu.net\/wordpress\/wp-content\/uploads\/2018\/09\/sport.jpg 800w, https:\/\/www.radiopiu.net\/wordpress\/wp-content\/uploads\/2018\/09\/sport-300x38.jpg 300w, https:\/\/www.radiopiu.net\/wordpress\/wp-content\/uploads\/2018\/09\/sport-768x96.jpg 768w\" sizes=\"auto, (max-width: 800px) 100vw, 800px\" \/> <\/a><\/p>\n<p class=\"mceTemp\"><span style=\"color: #0000ff;\"><strong>\u00a0 \u00a0\u00a0<\/strong><\/span><\/p>\n<p><span style=\"color: #0000ff;\"><strong>HOCKEY SU GHIACCIO<\/strong><\/span><\/p>\n<blockquote>\n<h3>FINE SETTIMANA DI ALTI E BASSI PER LE GIOVANILI DELL&#8217;ALLEGHE HOCKEY<\/h3>\n<\/blockquote>\n<p><span style=\"color: #ff0000;\"><strong><a class=\"dt-pswp-item\" href=\"https:\/\/www.radiopiu.net\/wordpress\/wp-content\/uploads\/2023\/10\/hockey.jpg\" data-dt-img-description=\"\" data-large_image_width=\"1280\" data-large_image_height=\"961\"><img loading=\"lazy\" decoding=\"async\" class=\" wp-image-359038 alignleft\" src=\"https:\/\/www.radiopiu.net\/wordpress\/wp-content\/uploads\/2023\/10\/hockey-300x225.jpg\" alt=\"\" width=\"196\" height=\"147\" srcset=\"https:\/\/www.radiopiu.net\/wordpress\/wp-content\/uploads\/2023\/10\/hockey-300x225.jpg 300w, https:\/\/www.radiopiu.net\/wordpress\/wp-content\/uploads\/2023\/10\/hockey-1024x769.jpg 1024w, https:\/\/www.radiopiu.net\/wordpress\/wp-content\/uploads\/2023\/10\/hockey-768x577.jpg 768w, https:\/\/www.radiopiu.net\/wordpress\/wp-content\/uploads\/2023\/10\/hockey.jpg 1280w\" sizes=\"auto, (max-width: 196px) 100vw, 196px\" \/><\/a>UNDER 19<\/strong><\/span><\/p>\n<p><strong>CORTINA\/ALLEGHE &#8211; ALPS ICE ACADEMY 2-1 dtr<\/strong><\/p>\n<p>Solo i rigori hanno decretato la vincente della sfida tra Cortina\/Alleghe e Alps Ice Academy. Un sfida combattuta quella dell&#8217;Olimpico di Cortina dove gli ospiti sono passati in vantaggio ad inizio secondo tempo dopo una prima frazione a reti inviolate. A pochi minuti dalla sirena finale la squadra mista bellunese trova il pareggio con Levis. All&#8217;overtime si lotta ma le squadre non trovano il gol tanto che la lotteria dei rigori consegna ai padroni di casa il punto aggiuntivo.<\/p>\n<p><span style=\"color: #ff0000;\"><strong>UNDER 16<\/strong><\/span><\/p>\n<p><strong>PADOVA\/ZOLDO &#8211; CORTINA\/DOBBIACO 1-5<\/strong><\/p>\n<p>Il derby veneto under 16 va agli scoiattoli che vincono senza problemi contro il Padova\/Zoldo. Ben quattro marcature di Wierer e un gol per Alver\u00e0 dopo una sfida che ha visto le due compagini lottare per 60&#8242; ma premiare il Cortina\/Dobbiaco, decisivo sotto porta.<\/p>\n<p><span style=\"color: #ff0000;\"><strong>UNDER 14<\/strong><\/span><\/p>\n<p><strong>ORA\/EGNA &#8211; ALLEGHE\/CORTINA 4-3<\/strong><\/p>\n<p>Dopo cinque vittorie consecutive, l&#8217;Alleghe\/Cortina alza bandiera bianca ad Egna. La squadra mista bellunese perde di misura con l&#8217;Ora\/Egna dopo una sfida giocata a viso aperto.<\/p>\n<p><span style=\"color: #ff0000;\"><strong>LE ALTRE GIOVANILI<\/strong><\/span><\/p>\n<p>L&#8217;under 12 alleghese ha terminato il mini campionato e alcuni giocatori agordini sono andati a rafforzare il Fassa nella sfida contro il Fiemme. L&#8217;under 10 ha giocato al De Toni contro i pari et\u00e0 dell&#8217;Asiago.<\/p>\n<p>&nbsp;<\/p>\n<p><span style=\"color: #0000ff;\"><strong>SCI NORDICO<\/strong><\/span><\/p>\n<blockquote>\n<h3>PER VANESSA CAGNATI UN ORO CHE RIEMPIE D&#8217;ORGOGLIO. I COMPLIMENTI DELL&#8217;AMMINISTRAZIONE COMUNALE DI FALCADE<\/h3>\n<\/blockquote>\n<p><strong><a class=\"dt-pswp-item\" href=\"https:\/\/www.radiopiu.net\/wordpress\/wp-content\/uploads\/2024\/01\/vanessa-cagnati-sappada-17-dic-2023-Copia.jpg\" data-dt-img-description=\"\" data-large_image_width=\"1200\" data-large_image_height=\"800\"><img loading=\"lazy\" decoding=\"async\" class=\" wp-image-369109 alignleft\" src=\"https:\/\/www.radiopiu.net\/wordpress\/wp-content\/uploads\/2024\/01\/vanessa-cagnati-sappada-17-dic-2023-Copia-300x200.jpg\" alt=\"\" width=\"162\" height=\"108\" srcset=\"https:\/\/www.radiopiu.net\/wordpress\/wp-content\/uploads\/2024\/01\/vanessa-cagnati-sappada-17-dic-2023-Copia-300x200.jpg 300w, https:\/\/www.radiopiu.net\/wordpress\/wp-content\/uploads\/2024\/01\/vanessa-cagnati-sappada-17-dic-2023-Copia-1024x683.jpg 1024w, https:\/\/www.radiopiu.net\/wordpress\/wp-content\/uploads\/2024\/01\/vanessa-cagnati-sappada-17-dic-2023-Copia-768x512.jpg 768w, https:\/\/www.radiopiu.net\/wordpress\/wp-content\/uploads\/2024\/01\/vanessa-cagnati-sappada-17-dic-2023-Copia.jpg 1200w\" sizes=\"auto, (max-width: 162px) 100vw, 162px\" \/><\/a>FALCADE <\/strong>L&#8217;Amministrazione comunale di Falcade esprime le sue pi\u00f9 sentite congratulazioni a Vanessa Cagnati per i successi ottenuti durante la stagione invernale, con particolare riferimento alla straordinaria Medaglia d\u2019Oro conquistata nella staffetta mista agli EYOF di Bakuriani, in Georgia. Il Sindaco Mauro Salvaterra e il Consigliere con incarico allo Sport, Fulvio Valt, hanno voluto sottolineare con un messaggio ufficiale l\u2019orgoglio dell\u2019intera comunit\u00e0 per questo prestigioso traguardo, augurando un futuro ricco di soddisfazioni sportive. A nome di tutti, un caloroso &#8220;in bocca al lupo&#8221; per il prosieguo della carriera.<\/p>\n<p>&nbsp;<\/p>\n<p><span style=\"color: #0000ff;\"><strong>SCI ALPINO<\/strong><\/span><\/p>\n<blockquote>\n<h3>IL PRIMO MEMORIAL MARCELLO E VALERIO DE DORIGO VA AD ALEX MARTINI ED ALESSIA DE MARCO<\/h3>\n<\/blockquote>\n<p><strong><a class=\"dt-pswp-item\" href=\"https:\/\/www.radiopiu.net\/wordpress\/wp-content\/uploads\/2021\/11\/FORCELLA-AURINE.jpg\" data-dt-img-description=\"\" data-large_image_width=\"960\" data-large_image_height=\"720\"><img loading=\"lazy\" decoding=\"async\" class=\" wp-image-241538 alignleft\" src=\"https:\/\/www.radiopiu.net\/wordpress\/wp-content\/uploads\/2021\/11\/FORCELLA-AURINE-300x225.jpg\" alt=\"\" width=\"159\" height=\"119\" srcset=\"https:\/\/www.radiopiu.net\/wordpress\/wp-content\/uploads\/2021\/11\/FORCELLA-AURINE-300x225.jpg 300w, https:\/\/www.radiopiu.net\/wordpress\/wp-content\/uploads\/2021\/11\/FORCELLA-AURINE-768x576.jpg 768w, https:\/\/www.radiopiu.net\/wordpress\/wp-content\/uploads\/2021\/11\/FORCELLA-AURINE.jpg 960w\" sizes=\"auto, (max-width: 159px) 100vw, 159px\" \/><\/a>GOSALDO<\/strong> Una domenica di sport e divertimento in memoria di Marcello e Valerio De Dorigo. La gara sociale sulle piste di Forcella Aurine, organizzata dal Gruppo Sportivo Frassen\u00e8, \u00e8 stata un successo con oltre 50 partecipanti che si sono sfidati nello slalom gigante. Alex Martini si aggiudica la vittoria, alle sue spalle Marco Martini e Sven Chenet. In campo femminile la vittoria \u00e8 andata ad Alessia de Marco. Seconda posizione per Irene De Mattia e terza Stella Costantini.<\/p>\n<p><strong>LE CLASSIFICHE<\/strong><\/p>\n\n\t\t\t<style type='text\/css'>\n\t\t\t\t#gallery-4 {\n\t\t\t\t\tmargin: auto;\n\t\t\t\t}\n\t\t\t\t#gallery-4 .gallery-item {\n\t\t\t\t\tfloat: left;\n\t\t\t\t\tmargin-top: 10px;\n\t\t\t\t\ttext-align: center;\n\t\t\t\t\twidth: 16%;\n\t\t\t\t}\n\t\t\t\t#gallery-4 img {\n\t\t\t\t\tborder: 2px solid #cfcfcf;\n\t\t\t\t}\n\t\t\t\t#gallery-4 .gallery-caption {\n\t\t\t\t\tmargin-left: 0;\n\t\t\t\t}\n\t\t\t\t\/* see gallery_shortcode() in wp-includes\/media.php *\/\n\t\t\t<\/style>\n\t\t<div id='gallery-4' class='dt-gallery-container gallery galleryid-436255 gallery-columns-6 gallery-size-medium'><dl class='gallery-item'>\n\t\t\t\t<dt class='gallery-icon portrait'>\n\t\t\t\t\t<a class=\"rollover rollover-zoom dt-pswp-item\" title=\"940bb1ae-af74-4378-afee-351ab3b16b72\" data-dt-img-description=\"\" data-large_image_width=\"1146\" data-large_image_height=\"1600\"href='https:\/\/www.radiopiu.net\/wordpress\/wp-content\/uploads\/2025\/02\/940bb1ae-af74-4378-afee-351ab3b16b72.jpg'><img loading=\"lazy\" decoding=\"async\" width=\"215\" height=\"300\" src=\"https:\/\/www.radiopiu.net\/wordpress\/wp-content\/uploads\/2025\/02\/940bb1ae-af74-4378-afee-351ab3b16b72-215x300.jpg\" class=\"attachment-medium size-medium\" alt=\"\" srcset=\"https:\/\/www.radiopiu.net\/wordpress\/wp-content\/uploads\/2025\/02\/940bb1ae-af74-4378-afee-351ab3b16b72-215x300.jpg 215w, https:\/\/www.radiopiu.net\/wordpress\/wp-content\/uploads\/2025\/02\/940bb1ae-af74-4378-afee-351ab3b16b72-733x1024.jpg 733w, https:\/\/www.radiopiu.net\/wordpress\/wp-content\/uploads\/2025\/02\/940bb1ae-af74-4378-afee-351ab3b16b72-768x1072.jpg 768w, https:\/\/www.radiopiu.net\/wordpress\/wp-content\/uploads\/2025\/02\/940bb1ae-af74-4378-afee-351ab3b16b72-1100x1536.jpg 1100w, https:\/\/www.radiopiu.net\/wordpress\/wp-content\/uploads\/2025\/02\/940bb1ae-af74-4378-afee-351ab3b16b72.jpg 1146w\" sizes=\"auto, (max-width: 215px) 100vw, 215px\" \/><\/a>\n\t\t\t\t<\/dt><\/dl><dl class='gallery-item'>\n\t\t\t\t<dt class='gallery-icon portrait'>\n\t\t\t\t\t<a class=\"rollover rollover-zoom dt-pswp-item\" title=\"e755e41e-fd81-4748-b2e3-ff42f8045412\" data-dt-img-description=\"\" data-large_image_width=\"1159\" data-large_image_height=\"1600\"href='https:\/\/www.radiopiu.net\/wordpress\/wp-content\/uploads\/2025\/02\/e755e41e-fd81-4748-b2e3-ff42f8045412.jpg'><img loading=\"lazy\" decoding=\"async\" width=\"217\" height=\"300\" src=\"https:\/\/www.radiopiu.net\/wordpress\/wp-content\/uploads\/2025\/02\/e755e41e-fd81-4748-b2e3-ff42f8045412-217x300.jpg\" class=\"attachment-medium size-medium\" alt=\"\" srcset=\"https:\/\/www.radiopiu.net\/wordpress\/wp-content\/uploads\/2025\/02\/e755e41e-fd81-4748-b2e3-ff42f8045412-217x300.jpg 217w, https:\/\/www.radiopiu.net\/wordpress\/wp-content\/uploads\/2025\/02\/e755e41e-fd81-4748-b2e3-ff42f8045412-742x1024.jpg 742w, https:\/\/www.radiopiu.net\/wordpress\/wp-content\/uploads\/2025\/02\/e755e41e-fd81-4748-b2e3-ff42f8045412-768x1060.jpg 768w, https:\/\/www.radiopiu.net\/wordpress\/wp-content\/uploads\/2025\/02\/e755e41e-fd81-4748-b2e3-ff42f8045412-1113x1536.jpg 1113w, https:\/\/www.radiopiu.net\/wordpress\/wp-content\/uploads\/2025\/02\/e755e41e-fd81-4748-b2e3-ff42f8045412.jpg 1159w\" sizes=\"auto, (max-width: 217px) 100vw, 217px\" \/><\/a>\n\t\t\t\t<\/dt><\/dl><dl class='gallery-item'>\n\t\t\t\t<dt class='gallery-icon portrait'>\n\t\t\t\t\t<a class=\"rollover rollover-zoom dt-pswp-item\" title=\"d65dc865-8a2a-4c1f-9656-d78cea755ef0\" data-dt-img-description=\"\" data-large_image_width=\"1132\" data-large_image_height=\"1600\"href='https:\/\/www.radiopiu.net\/wordpress\/wp-content\/uploads\/2025\/02\/d65dc865-8a2a-4c1f-9656-d78cea755ef0.jpg'><img loading=\"lazy\" decoding=\"async\" width=\"212\" height=\"300\" src=\"https:\/\/www.radiopiu.net\/wordpress\/wp-content\/uploads\/2025\/02\/d65dc865-8a2a-4c1f-9656-d78cea755ef0-212x300.jpg\" class=\"attachment-medium size-medium\" alt=\"\" srcset=\"https:\/\/www.radiopiu.net\/wordpress\/wp-content\/uploads\/2025\/02\/d65dc865-8a2a-4c1f-9656-d78cea755ef0-212x300.jpg 212w, https:\/\/www.radiopiu.net\/wordpress\/wp-content\/uploads\/2025\/02\/d65dc865-8a2a-4c1f-9656-d78cea755ef0-724x1024.jpg 724w, https:\/\/www.radiopiu.net\/wordpress\/wp-content\/uploads\/2025\/02\/d65dc865-8a2a-4c1f-9656-d78cea755ef0-768x1086.jpg 768w, https:\/\/www.radiopiu.net\/wordpress\/wp-content\/uploads\/2025\/02\/d65dc865-8a2a-4c1f-9656-d78cea755ef0-1087x1536.jpg 1087w, https:\/\/www.radiopiu.net\/wordpress\/wp-content\/uploads\/2025\/02\/d65dc865-8a2a-4c1f-9656-d78cea755ef0.jpg 1132w\" sizes=\"auto, (max-width: 212px) 100vw, 212px\" \/><\/a>\n\t\t\t\t<\/dt><\/dl><dl class='gallery-item'>\n\t\t\t\t<dt class='gallery-icon portrait'>\n\t\t\t\t\t<a class=\"rollover rollover-zoom dt-pswp-item\" title=\"4a6098ee-5e63-4505-88fd-92cbadd3259b\" data-dt-img-description=\"\" data-large_image_width=\"1127\" data-large_image_height=\"1600\"href='https:\/\/www.radiopiu.net\/wordpress\/wp-content\/uploads\/2025\/02\/4a6098ee-5e63-4505-88fd-92cbadd3259b.jpg'><img loading=\"lazy\" decoding=\"async\" width=\"211\" height=\"300\" src=\"https:\/\/www.radiopiu.net\/wordpress\/wp-content\/uploads\/2025\/02\/4a6098ee-5e63-4505-88fd-92cbadd3259b-211x300.jpg\" class=\"attachment-medium size-medium\" alt=\"\" srcset=\"https:\/\/www.radiopiu.net\/wordpress\/wp-content\/uploads\/2025\/02\/4a6098ee-5e63-4505-88fd-92cbadd3259b-211x300.jpg 211w, https:\/\/www.radiopiu.net\/wordpress\/wp-content\/uploads\/2025\/02\/4a6098ee-5e63-4505-88fd-92cbadd3259b-721x1024.jpg 721w, https:\/\/www.radiopiu.net\/wordpress\/wp-content\/uploads\/2025\/02\/4a6098ee-5e63-4505-88fd-92cbadd3259b-768x1090.jpg 768w, https:\/\/www.radiopiu.net\/wordpress\/wp-content\/uploads\/2025\/02\/4a6098ee-5e63-4505-88fd-92cbadd3259b-1082x1536.jpg 1082w, https:\/\/www.radiopiu.net\/wordpress\/wp-content\/uploads\/2025\/02\/4a6098ee-5e63-4505-88fd-92cbadd3259b.jpg 1127w\" sizes=\"auto, (max-width: 211px) 100vw, 211px\" \/><\/a>\n\t\t\t\t<\/dt><\/dl><dl class='gallery-item'>\n\t\t\t\t<dt class='gallery-icon portrait'>\n\t\t\t\t\t<a class=\"rollover rollover-zoom dt-pswp-item\" title=\"6993585f-1f28-428d-951e-d0302e26adbc\" data-dt-img-description=\"\" data-large_image_width=\"1140\" data-large_image_height=\"1600\"href='https:\/\/www.radiopiu.net\/wordpress\/wp-content\/uploads\/2025\/02\/6993585f-1f28-428d-951e-d0302e26adbc.jpg'><img loading=\"lazy\" decoding=\"async\" width=\"214\" height=\"300\" src=\"https:\/\/www.radiopiu.net\/wordpress\/wp-content\/uploads\/2025\/02\/6993585f-1f28-428d-951e-d0302e26adbc-214x300.jpg\" class=\"attachment-medium size-medium\" alt=\"\" srcset=\"https:\/\/www.radiopiu.net\/wordpress\/wp-content\/uploads\/2025\/02\/6993585f-1f28-428d-951e-d0302e26adbc-214x300.jpg 214w, https:\/\/www.radiopiu.net\/wordpress\/wp-content\/uploads\/2025\/02\/6993585f-1f28-428d-951e-d0302e26adbc-730x1024.jpg 730w, https:\/\/www.radiopiu.net\/wordpress\/wp-content\/uploads\/2025\/02\/6993585f-1f28-428d-951e-d0302e26adbc-768x1078.jpg 768w, https:\/\/www.radiopiu.net\/wordpress\/wp-content\/uploads\/2025\/02\/6993585f-1f28-428d-951e-d0302e26adbc-1094x1536.jpg 1094w, https:\/\/www.radiopiu.net\/wordpress\/wp-content\/uploads\/2025\/02\/6993585f-1f28-428d-951e-d0302e26adbc.jpg 1140w\" sizes=\"auto, (max-width: 214px) 100vw, 214px\" \/><\/a>\n\t\t\t\t<\/dt><\/dl><dl class='gallery-item'>\n\t\t\t\t<dt class='gallery-icon portrait'>\n\t\t\t\t\t<a class=\"rollover rollover-zoom dt-pswp-item\" title=\"7965502f-0765-4070-b71c-a100dc17ac31\" data-dt-img-description=\"\" data-large_image_width=\"1114\" data-large_image_height=\"1600\"href='https:\/\/www.radiopiu.net\/wordpress\/wp-content\/uploads\/2025\/02\/7965502f-0765-4070-b71c-a100dc17ac31.jpg'><img loading=\"lazy\" decoding=\"async\" width=\"209\" height=\"300\" src=\"https:\/\/www.radiopiu.net\/wordpress\/wp-content\/uploads\/2025\/02\/7965502f-0765-4070-b71c-a100dc17ac31-209x300.jpg\" class=\"attachment-medium size-medium\" alt=\"\" srcset=\"https:\/\/www.radiopiu.net\/wordpress\/wp-content\/uploads\/2025\/02\/7965502f-0765-4070-b71c-a100dc17ac31-209x300.jpg 209w, https:\/\/www.radiopiu.net\/wordpress\/wp-content\/uploads\/2025\/02\/7965502f-0765-4070-b71c-a100dc17ac31-713x1024.jpg 713w, https:\/\/www.radiopiu.net\/wordpress\/wp-content\/uploads\/2025\/02\/7965502f-0765-4070-b71c-a100dc17ac31-768x1103.jpg 768w, https:\/\/www.radiopiu.net\/wordpress\/wp-content\/uploads\/2025\/02\/7965502f-0765-4070-b71c-a100dc17ac31-1069x1536.jpg 1069w, https:\/\/www.radiopiu.net\/wordpress\/wp-content\/uploads\/2025\/02\/7965502f-0765-4070-b71c-a100dc17ac31.jpg 1114w\" sizes=\"auto, (max-width: 209px) 100vw, 209px\" \/><\/a>\n\t\t\t\t<\/dt><\/dl><br style=\"clear: both\" \/>\n\t\t\t<\/div>\n\n<p><span style=\"color: #0000ff;\"><strong>NUOTO<\/strong><\/span><\/p>\n<blockquote>\n<h3><a class=\"dt-pswp-item\" href=\"https:\/\/www.radiopiu.net\/wordpress\/wp-content\/uploads\/2025\/02\/SCR-20250224-rinc.jpeg\" data-dt-img-description=\"\" data-large_image_width=\"1358\" data-large_image_height=\"962\"><img loading=\"lazy\" decoding=\"async\" class=\" wp-image-436463 alignleft\" src=\"https:\/\/www.radiopiu.net\/wordpress\/wp-content\/uploads\/2025\/02\/SCR-20250224-rinc-300x213.jpeg\" alt=\"\" width=\"213\" height=\"151\" srcset=\"https:\/\/www.radiopiu.net\/wordpress\/wp-content\/uploads\/2025\/02\/SCR-20250224-rinc-300x213.jpeg 300w, https:\/\/www.radiopiu.net\/wordpress\/wp-content\/uploads\/2025\/02\/SCR-20250224-rinc-1024x725.jpeg 1024w, https:\/\/www.radiopiu.net\/wordpress\/wp-content\/uploads\/2025\/02\/SCR-20250224-rinc-768x544.jpeg 768w, https:\/\/www.radiopiu.net\/wordpress\/wp-content\/uploads\/2025\/02\/SCR-20250224-rinc.jpeg 1358w\" sizes=\"auto, (max-width: 213px) 100vw, 213px\" \/><\/a>QUATTRO ESORDIENTI B DELLA SPORTIVAMENTE BELLUNO PROTAGONISTI NELLE FINALI REGIONALI<\/h3>\n<\/blockquote>\n<p>Nelle finali regionali di nuoto Esordienti B, svoltesi alla piscina \u201cSanta Bona\u201d di Treviso, la Sportivamente Belluno ha partecipato con quattro giovani atleti, ottenendo buoni risultati. La staffetta 4&#215;50 mista ha chiuso al quinto posto (2\u201936\u201d6). Nei 50 farfalla, Mattia Brianti ha conquistato l\u2019argento (34\u201d7), mentre Jacopo Viel ha ottenuto la seconda piazza nei 50 dorso (39\u201d1). Bene anche Gabriel Somacal e Nicola De Min, con piazzamenti nei 100 stile, 100 farfalla e nelle gare a rana. Conclusa la fase invernale, la squadra si prepara ora per l\u2019inizio della stagione primaverile, il 9 marzo sempre a Treviso.<\/p>\n<p>&nbsp;<\/p>\n<p><span style=\"color: #0000ff;\"><strong>SCI ALPINISMO<\/strong><\/span><\/p>\n<blockquote>\n<h3>IL CAMPIONATO NAZIONALE DI SCI APLINISMO DELL&#8217;ANA A TAMBRE<\/h3>\n<\/blockquote>\n<p>Nel fine settimana, Tambre ha ospitato la 47\u00aa edizione del Campionato nazionale di scialpinismo dell\u2019Associazione Nazionale Alpini, organizzato dalla sezione Ana Belluno in collaborazione con il gruppo Ana di Tambre e la Transcavallo. L\u2019evento si \u00e8 svolto in contemporanea con la 42\u00aa edizione della Transcavallo, concludendosi domenica 23 febbraio. Il presidente della sezione Ana di Belluno, Lino De Pr\u00e0, ha sottolineato l\u2019importanza della manifestazione per lo sport e la valorizzazione del territorio. Il titolo nazionale \u00e8 andato a Fabio Pasini e Giovanni Zamboni (Bergamo), seguiti da Trentin-Compagnoni (Valtellinese) e Milini-Rovetta (Brescia). Nella classifica Sezioni ha vinto la Valtellinese, seguita da Bergamo e Belluno. Sabato 22 si sono svolte le cerimonie ufficiali con sfilata, accensione del tripode e commemorazione dei Caduti, alla presenza di diverse autorit\u00e0.<\/p>\n\n\t\t\t<style type='text\/css'>\n\t\t\t\t#gallery-5 {\n\t\t\t\t\tmargin: auto;\n\t\t\t\t}\n\t\t\t\t#gallery-5 .gallery-item {\n\t\t\t\t\tfloat: left;\n\t\t\t\t\tmargin-top: 10px;\n\t\t\t\t\ttext-align: center;\n\t\t\t\t\twidth: 25%;\n\t\t\t\t}\n\t\t\t\t#gallery-5 img {\n\t\t\t\t\tborder: 2px solid #cfcfcf;\n\t\t\t\t}\n\t\t\t\t#gallery-5 .gallery-caption {\n\t\t\t\t\tmargin-left: 0;\n\t\t\t\t}\n\t\t\t\t\/* see gallery_shortcode() in wp-includes\/media.php *\/\n\t\t\t<\/style>\n\t\t<div id='gallery-5' class='dt-gallery-container gallery galleryid-436255 gallery-columns-4 gallery-size-thumbnail'><dl class='gallery-item'>\n\t\t\t\t<dt class='gallery-icon landscape'>\n\t\t\t\t\t<a class=\"rollover rollover-zoom dt-pswp-item\" title=\"campionato nazionale ana scialpinismo_alpago_2025-CREDITO ANA\" data-dt-img-description=\"\" data-large_image_width=\"1439\" data-large_image_height=\"959\"href='https:\/\/www.radiopiu.net\/wordpress\/wp-content\/uploads\/2025\/02\/campionato-nazionale-ana-scialpinismo_alpago_2025-CREDITO-ANA.jpg'><img loading=\"lazy\" decoding=\"async\" width=\"150\" height=\"150\" src=\"https:\/\/www.radiopiu.net\/wordpress\/wp-content\/uploads\/2025\/02\/campionato-nazionale-ana-scialpinismo_alpago_2025-CREDITO-ANA-150x150.jpg\" class=\"attachment-thumbnail size-thumbnail\" alt=\"\" \/><\/a>\n\t\t\t\t<\/dt><\/dl><dl class='gallery-item'>\n\t\t\t\t<dt class='gallery-icon landscape'>\n\t\t\t\t\t<a class=\"rollover rollover-zoom dt-pswp-item\" title=\"3_campionato nazionale ana scialpinismo_alpago_2025-CREDITO ANA_il podio per sezioni\" data-dt-img-description=\"\" data-large_image_width=\"1439\" data-large_image_height=\"959\"href='https:\/\/www.radiopiu.net\/wordpress\/wp-content\/uploads\/2025\/02\/3_campionato-nazionale-ana-scialpinismo_alpago_2025-CREDITO-ANA_il-podio-per-sezioni.jpg'><img loading=\"lazy\" decoding=\"async\" width=\"150\" height=\"150\" src=\"https:\/\/www.radiopiu.net\/wordpress\/wp-content\/uploads\/2025\/02\/3_campionato-nazionale-ana-scialpinismo_alpago_2025-CREDITO-ANA_il-podio-per-sezioni-150x150.jpg\" class=\"attachment-thumbnail size-thumbnail\" alt=\"\" \/><\/a>\n\t\t\t\t<\/dt><\/dl><dl class='gallery-item'>\n\t\t\t\t<dt class='gallery-icon landscape'>\n\t\t\t\t\t<a class=\"rollover rollover-zoom dt-pswp-item\" title=\"2_campionato nazionale ana scialpinismo_alpago_2025-CREDITO ANA\" data-dt-img-description=\"\" data-large_image_width=\"1439\" data-large_image_height=\"959\"href='https:\/\/www.radiopiu.net\/wordpress\/wp-content\/uploads\/2025\/02\/2_campionato-nazionale-ana-scialpinismo_alpago_2025-CREDITO-ANA.jpg'><img loading=\"lazy\" decoding=\"async\" width=\"150\" height=\"150\" src=\"https:\/\/www.radiopiu.net\/wordpress\/wp-content\/uploads\/2025\/02\/2_campionato-nazionale-ana-scialpinismo_alpago_2025-CREDITO-ANA-150x150.jpg\" class=\"attachment-thumbnail size-thumbnail\" alt=\"\" \/><\/a>\n\t\t\t\t<\/dt><\/dl><dl class='gallery-item'>\n\t\t\t\t<dt class='gallery-icon landscape'>\n\t\t\t\t\t<a class=\"rollover rollover-zoom dt-pswp-item\" title=\"4_campionato nazionale ana scialpinismo_alpago_2025-CREDITO ANA_luigino Bortoluzzi\" data-dt-img-description=\"\" data-large_image_width=\"1440\" data-large_image_height=\"959\"href='https:\/\/www.radiopiu.net\/wordpress\/wp-content\/uploads\/2025\/02\/4_campionato-nazionale-ana-scialpinismo_alpago_2025-CREDITO-ANA_luigino-Bortoluzzi.jpg'><img loading=\"lazy\" decoding=\"async\" width=\"150\" height=\"150\" src=\"https:\/\/www.radiopiu.net\/wordpress\/wp-content\/uploads\/2025\/02\/4_campionato-nazionale-ana-scialpinismo_alpago_2025-CREDITO-ANA_luigino-Bortoluzzi-150x150.jpg\" class=\"attachment-thumbnail size-thumbnail\" alt=\"\" \/><\/a>\n\t\t\t\t<\/dt><\/dl><br style=\"clear: both\" \/>\n\t\t\t<\/div>\n\n<p>&nbsp;<\/p>\n<p>&nbsp;<\/p>\n","protected":false},"excerpt":{"rendered":"<p>******** primo aggiornamento 06.00 ultimo aggiornamento 8.52 LA\u00a0 APP PER IOS-IPHONE di Nicola Vettorello https:\/\/apps.apple.com\/it\/app\/radio-pi%C3%B9-emittente-agordina\/id1515939845 LA\u00a0 APP RADIO\u00a0 PER ANDROID di Nicola Vettorello https:\/\/play.google.com\/store\/apps\/details?id=net.radiopiu.iniko\u00a0\u00a0\u00a0\u00a0 &nbsp; &nbsp; &nbsp; OGGI ALLA RADIO:\u00a0\u00a0 rassegna stampa nazionale, ogni giorno alle 5 e alle 6 del mattino. giornali locali 7 rassegna stampa flash, 8 rassegna stampa, gr flash alle 10&hellip;<\/p>\n","protected":false},"author":4,"featured_media":436472,"comment_status":"closed","ping_status":"closed","sticky":false,"template":"","format":"standard","meta":{"_monsterinsights_skip_tracking":false,"_monsterinsights_sitenote_active":false,"_monsterinsights_sitenote_note":"","_monsterinsights_sitenote_category":0,"footnotes":""},"categories":[51,86,49],"tags":[],"class_list":["post-436255","post","type-post","status-publish","format-standard","has-post-thumbnail","hentry","category-evidenza-top","category-gr","category-news-18","category-51","category-86","category-49","description-off"],"img_url":"https:\/\/www.radiopiu.net\/wordpress\/wp-content\/uploads\/2025\/02\/B2S4228.jpg","_links":{"self":[{"href":"https:\/\/www.radiopiu.net\/wordpress\/wp-json\/wp\/v2\/posts\/436255","targetHints":{"allow":["GET"]}}],"collection":[{"href":"https:\/\/www.radiopiu.net\/wordpress\/wp-json\/wp\/v2\/posts"}],"about":[{"href":"https:\/\/www.radiopiu.net\/wordpress\/wp-json\/wp\/v2\/types\/post"}],"author":[{"embeddable":true,"href":"https:\/\/www.radiopiu.net\/wordpress\/wp-json\/wp\/v2\/users\/4"}],"replies":[{"embeddable":true,"href":"https:\/\/www.radiopiu.net\/wordpress\/wp-json\/wp\/v2\/comments?post=436255"}],"version-history":[{"count":39,"href":"https:\/\/www.radiopiu.net\/wordpress\/wp-json\/wp\/v2\/posts\/436255\/revisions"}],"predecessor-version":[{"id":436524,"href":"https:\/\/www.radiopiu.net\/wordpress\/wp-json\/wp\/v2\/posts\/436255\/revisions\/436524"}],"wp:featuredmedia":[{"embeddable":true,"href":"https:\/\/www.radiopiu.net\/wordpress\/wp-json\/wp\/v2\/media\/436472"}],"wp:attachment":[{"href":"https:\/\/www.radiopiu.net\/wordpress\/wp-json\/wp\/v2\/media?parent=436255"}],"wp:term":[{"taxonomy":"category","embeddable":true,"href":"https:\/\/www.radiopiu.net\/wordpress\/wp-json\/wp\/v2\/categories?post=436255"},{"taxonomy":"post_tag","embeddable":true,"href":"https:\/\/www.radiopiu.net\/wordpress\/wp-json\/wp\/v2\/tags?post=436255"}],"curies":[{"name":"wp","href":"https:\/\/api.w.org\/{rel}","templated":true}]}}