{"id":436295,"date":"2025-02-24T08:01:07","date_gmt":"2025-02-24T07:01:07","guid":{"rendered":"https:\/\/www.radiopiu.net\/wordpress\/?p=436295"},"modified":"2025-02-24T08:01:07","modified_gmt":"2025-02-24T07:01:07","slug":"belluno-e-montagna-serve-una-realta-che-salvi-il-patrimonio-delle-terre-alte","status":"publish","type":"post","link":"https:\/\/www.radiopiu.net\/wordpress\/belluno-e-montagna-serve-una-realta-che-salvi-il-patrimonio-delle-terre-alte\/","title":{"rendered":"&#8220;Belluno \u00e8 montagna: serve una realt\u00e0 che salvi il patrimonio delle terre alte&#8221;"},"content":{"rendered":"<p>**<\/p>\n<blockquote><p>\n<em>Belluno Alpina chiede di accelerare la risoluzione della gestione dei territori prealpini<\/em><\/p><\/blockquote>\n<p><a class=\"dt-pswp-item\" href=\"https:\/\/www.radiopiu.net\/wordpress\/wp-content\/uploads\/2021\/01\/BELLUNO-ALPINA.jpg\" data-dt-img-description=\"\" data-large_image_width=\"588\" data-large_image_height=\"537\"><img loading=\"lazy\" decoding=\"async\" class=\" wp-image-185689 alignleft\" src=\"https:\/\/www.radiopiu.net\/wordpress\/wp-content\/uploads\/2021\/01\/BELLUNO-ALPINA-300x274.jpg\" alt=\"\" width=\"214\" height=\"195\" srcset=\"https:\/\/www.radiopiu.net\/wordpress\/wp-content\/uploads\/2021\/01\/BELLUNO-ALPINA-300x274.jpg 300w, https:\/\/www.radiopiu.net\/wordpress\/wp-content\/uploads\/2021\/01\/BELLUNO-ALPINA.jpg 588w\" sizes=\"auto, (max-width: 214px) 100vw, 214px\" \/><\/a>&#8220;Belluno \u00e8 montagna, dal Nevegal a Sopracroda: le liti e divisioni politiche non ci interessano, quello che riteniamo urgente \u00e8 individuare al pi\u00f9 presto una realt\u00e0 che possa intervenire concretamente e in rapidit\u00e0 nella gestione delle terre alte&#8221;: l&#8217;associazione Belluno Alpina chiede risposte in breve tempo, dopo la decisione sullo scioglimento dell&#8217;Unione Montana Belluno-Ponte.<br \/>\n&#8220;Fino a 6-7 anni fa, l&#8217;Unione Montana \u00e8 stata in grado di garantire alcuni servizi di manutenzione e di pulizia del territorio; non sta a noi esprimerci su quello che \u00e8 successo, ma il fatto \u00e8 che da anni ormai manca un soggetto che si occupi del territorio prealpino&#8221;, spiega il presidente di Belluno Alpina, Gimmy Dal Farra. &#8220;Non ci interessa sapere se sar\u00e0 un&#8217;Unione Montana o un consorzio forestale, sul quale noi continuiamo a spingere da anni proprio per risolvere questo vuoto di servizi: l&#8217;unica cosa che conta oggi \u00e8 avere al pi\u00f9 presto qualcuno che si occupi concretamente di queste aree&#8221;. Belluno Alpina evidenzia come ormai l&#8217;assenza di interventi abbia trasformato i semplici interventi di manutenzione ordinaria in attivit\u00e0 straordinarie: \u201cIl mantenimento delle strade, primarie e boschive; i muretti da sistemare; i tombotti da pulire e rivedere; i tracciati da riordinare: il centro di Belluno e le sue immediate vicinanze godono di grandi attenzioni dal punto di vista degli interventi, ma c&#8217;\u00e8 una vasta area di citt\u00e0 prealpina che ha bisogno di attenzioni, se si vuole salvarla. Fare manutenzioni vuol dire infatti mantenere vivi e vitali i territori\u201d, continua Dal Farra.<br \/>\nCome sempre, non pu\u00f2 mancare l&#8217;obiezione sulle difficolt\u00e0 economiche degli enti pubblici: \u201cMa abbiamo la possibilit\u00e0 di gestione di un patrimonio incredibile che per chiss\u00e0 quali ragioni non hanno ancora avuto il volere di affrontare: l&#8217;oro verde. &#8211; continua Dal Farra \u2013 Se ne \u00e8 parlato anche una settimana fa a Longarone, in occasione di Costruire: il bosco ormai da anni sta perdendo la sua gestione ed \u00e8 in continua e disordinata espansione. Investire, pubblico e privato, in un consorzio forestale, nella filiera del legno, garantirebbe economia, lavoro e pulizia del territorio: se non lo si vuole fare, almeno gli enti diano indirizzi o \u201cagevolazioni\u201d a quelle realt\u00e0 che vogliono affrontare questo percorso. Siamo in enorme ritardo\u201d.<\/p>\n<p>&nbsp;<\/p>\n<p>&nbsp;<\/p>\n<hr \/>\n<p>&nbsp;<\/p>\n","protected":false},"excerpt":{"rendered":"<p>** Belluno Alpina chiede di accelerare la risoluzione della gestione dei territori prealpini &#8220;Belluno \u00e8 montagna, dal Nevegal a Sopracroda: le liti e divisioni politiche non ci interessano, quello che riteniamo urgente \u00e8 individuare al pi\u00f9 presto una realt\u00e0 che possa intervenire concretamente e in rapidit\u00e0 nella gestione delle terre alte&#8221;: l&#8217;associazione Belluno Alpina chiede&hellip;<\/p>\n","protected":false},"author":4,"featured_media":185689,"comment_status":"closed","ping_status":"closed","sticky":false,"template":"","format":"standard","meta":{"_monsterinsights_skip_tracking":false,"_monsterinsights_sitenote_active":false,"_monsterinsights_sitenote_note":"","_monsterinsights_sitenote_category":0,"footnotes":""},"categories":[49],"tags":[],"class_list":["post-436295","post","type-post","status-publish","format-standard","has-post-thumbnail","hentry","category-news-18","category-49","description-off"],"img_url":"https:\/\/www.radiopiu.net\/wordpress\/wp-content\/uploads\/2021\/01\/BELLUNO-ALPINA.jpg","_links":{"self":[{"href":"https:\/\/www.radiopiu.net\/wordpress\/wp-json\/wp\/v2\/posts\/436295","targetHints":{"allow":["GET"]}}],"collection":[{"href":"https:\/\/www.radiopiu.net\/wordpress\/wp-json\/wp\/v2\/posts"}],"about":[{"href":"https:\/\/www.radiopiu.net\/wordpress\/wp-json\/wp\/v2\/types\/post"}],"author":[{"embeddable":true,"href":"https:\/\/www.radiopiu.net\/wordpress\/wp-json\/wp\/v2\/users\/4"}],"replies":[{"embeddable":true,"href":"https:\/\/www.radiopiu.net\/wordpress\/wp-json\/wp\/v2\/comments?post=436295"}],"version-history":[{"count":1,"href":"https:\/\/www.radiopiu.net\/wordpress\/wp-json\/wp\/v2\/posts\/436295\/revisions"}],"predecessor-version":[{"id":436296,"href":"https:\/\/www.radiopiu.net\/wordpress\/wp-json\/wp\/v2\/posts\/436295\/revisions\/436296"}],"wp:featuredmedia":[{"embeddable":true,"href":"https:\/\/www.radiopiu.net\/wordpress\/wp-json\/wp\/v2\/media\/185689"}],"wp:attachment":[{"href":"https:\/\/www.radiopiu.net\/wordpress\/wp-json\/wp\/v2\/media?parent=436295"}],"wp:term":[{"taxonomy":"category","embeddable":true,"href":"https:\/\/www.radiopiu.net\/wordpress\/wp-json\/wp\/v2\/categories?post=436295"},{"taxonomy":"post_tag","embeddable":true,"href":"https:\/\/www.radiopiu.net\/wordpress\/wp-json\/wp\/v2\/tags?post=436295"}],"curies":[{"name":"wp","href":"https:\/\/api.w.org\/{rel}","templated":true}]}}