{"id":436419,"date":"2025-02-24T23:58:13","date_gmt":"2025-02-24T22:58:13","guid":{"rendered":"https:\/\/www.radiopiu.net\/wordpress\/?p=436419"},"modified":"2025-02-25T06:00:27","modified_gmt":"2025-02-25T05:00:27","slug":"torna-a-belluno-il-vento-tra-i-capelli-la-pedonata-non-competitiva-del-comitato-prevenzione-salute-donna","status":"publish","type":"post","link":"https:\/\/www.radiopiu.net\/wordpress\/torna-a-belluno-il-vento-tra-i-capelli-la-pedonata-non-competitiva-del-comitato-prevenzione-salute-donna\/","title":{"rendered":"TORNA A BELLUNO &#8220;IL VENTO TRA I CAPELLI&#8221;, LA PEDONATA NON COMPETITIVA DEL COMITATO PREVENZIONE SALUTE DONNA"},"content":{"rendered":"<p>******<\/p>\n<p>&nbsp;<\/p>\n<p><strong><a class=\"dt-pswp-item\" href=\"https:\/\/www.radiopiu.net\/wordpress\/wp-content\/uploads\/2025\/02\/VENTO-CAPELLI-2025.jpg\" data-dt-img-description=\"\" data-large_image_width=\"767\" data-large_image_height=\"508\"><img loading=\"lazy\" decoding=\"async\" class=\" wp-image-436420 alignleft\" src=\"https:\/\/www.radiopiu.net\/wordpress\/wp-content\/uploads\/2025\/02\/VENTO-CAPELLI-2025-300x199.jpg\" alt=\"\" width=\"220\" height=\"146\" srcset=\"https:\/\/www.radiopiu.net\/wordpress\/wp-content\/uploads\/2025\/02\/VENTO-CAPELLI-2025-300x199.jpg 300w, https:\/\/www.radiopiu.net\/wordpress\/wp-content\/uploads\/2025\/02\/VENTO-CAPELLI-2025.jpg 767w\" sizes=\"auto, (max-width: 220px) 100vw, 220px\" \/><\/a>BELLUNO<\/strong> \u200b<span class=\"relative -mx-px my-[-0.2rem] rounded px-px py-[0.2rem]\">La 19\u00aa edizione della pedonata solidale &#8220;Il Vento tra i Capelli&#8221; si terr\u00e0 il 16 marzo 2025 alle 10 in Piazza dei Martiri a Belluno.<\/span> <span class=\"relative -mx-px my-[-0.2rem] rounded px-px py-[0.2rem]\">Organizzata dal Comitato Progetto Prevenzione Salute Donna, l&#8217;evento mira a sensibilizzare sull&#8217;importanza della prevenzione e della diagnosi precoce, incoraggiando le donne a prendersi cura della propria salute.<\/span> <span class=\"relative -mx-px my-[-0.2rem] rounded px-px py-[0.2rem]\">I fondi raccolti saranno destinati all&#8217;acquisto di strumenti diagnostici avanzati per l&#8217;Ospedale di Belluno, al fine di migliorare la precisione delle diagnosi.<\/span> <span class=\"relative -mx-px my-[-0.2rem] rounded px-px py-[0.2rem]\">Le iscrizioni saranno aperte dalle ore 9:00 del giorno stesso presso l&#8217;area antistante il Caff\u00e8 Manin, dove verr\u00e0 consegnata una maglietta colorata, simbolo della manifestazione, da indossare durante il percorso di circa 5 km attraverso le vie del centro cittadino.<\/span> <span class=\"relative -mx-px my-[-0.2rem] rounded px-px py-[0.2rem]\">La partecipazione \u00e8 aperta a tutti e il percorso \u00e8 adatto a persone di tutte le et\u00e0, inclusi passeggini e carrozzine.<\/span> <span class=\"relative -mx-px my-[-0.2rem] rounded px-px py-[0.2rem]\">Unisciti a noi per diffondere un messaggio di speranza e contribuire concretamente alla causa.<\/span>\u200b<\/p>\n<p>&nbsp;<\/p>\n<p>&nbsp;<\/p>\n<p>**********<\/p>\n","protected":false},"excerpt":{"rendered":"<p>****** &nbsp; BELLUNO \u200bLa 19\u00aa edizione della pedonata solidale &#8220;Il Vento tra i Capelli&#8221; si terr\u00e0 il 16 marzo 2025 alle 10 in Piazza dei Martiri a Belluno. Organizzata dal Comitato Progetto Prevenzione Salute Donna, l&#8217;evento mira a sensibilizzare sull&#8217;importanza della prevenzione e della diagnosi precoce, incoraggiando le donne a prendersi cura della propria salute.&hellip;<\/p>\n","protected":false},"author":4,"featured_media":436420,"comment_status":"closed","ping_status":"closed","sticky":false,"template":"","format":"standard","meta":{"_monsterinsights_skip_tracking":false,"_monsterinsights_sitenote_active":false,"_monsterinsights_sitenote_note":"","_monsterinsights_sitenote_category":0,"footnotes":""},"categories":[104,49],"tags":[],"class_list":["post-436419","post","type-post","status-publish","format-standard","has-post-thumbnail","hentry","category-evidenza_3","category-news-18","category-104","category-49","description-off"],"img_url":"https:\/\/www.radiopiu.net\/wordpress\/wp-content\/uploads\/2025\/02\/VENTO-CAPELLI-2025.jpg","_links":{"self":[{"href":"https:\/\/www.radiopiu.net\/wordpress\/wp-json\/wp\/v2\/posts\/436419","targetHints":{"allow":["GET"]}}],"collection":[{"href":"https:\/\/www.radiopiu.net\/wordpress\/wp-json\/wp\/v2\/posts"}],"about":[{"href":"https:\/\/www.radiopiu.net\/wordpress\/wp-json\/wp\/v2\/types\/post"}],"author":[{"embeddable":true,"href":"https:\/\/www.radiopiu.net\/wordpress\/wp-json\/wp\/v2\/users\/4"}],"replies":[{"embeddable":true,"href":"https:\/\/www.radiopiu.net\/wordpress\/wp-json\/wp\/v2\/comments?post=436419"}],"version-history":[{"count":1,"href":"https:\/\/www.radiopiu.net\/wordpress\/wp-json\/wp\/v2\/posts\/436419\/revisions"}],"predecessor-version":[{"id":436421,"href":"https:\/\/www.radiopiu.net\/wordpress\/wp-json\/wp\/v2\/posts\/436419\/revisions\/436421"}],"wp:featuredmedia":[{"embeddable":true,"href":"https:\/\/www.radiopiu.net\/wordpress\/wp-json\/wp\/v2\/media\/436420"}],"wp:attachment":[{"href":"https:\/\/www.radiopiu.net\/wordpress\/wp-json\/wp\/v2\/media?parent=436419"}],"wp:term":[{"taxonomy":"category","embeddable":true,"href":"https:\/\/www.radiopiu.net\/wordpress\/wp-json\/wp\/v2\/categories?post=436419"},{"taxonomy":"post_tag","embeddable":true,"href":"https:\/\/www.radiopiu.net\/wordpress\/wp-json\/wp\/v2\/tags?post=436419"}],"curies":[{"name":"wp","href":"https:\/\/api.w.org\/{rel}","templated":true}]}}