{"id":436469,"date":"2025-02-25T05:46:02","date_gmt":"2025-02-25T04:46:02","guid":{"rendered":"https:\/\/www.radiopiu.net\/wordpress\/?p=436469"},"modified":"2025-02-25T05:57:05","modified_gmt":"2025-02-25T04:57:05","slug":"ragazzo-in-ospedale-dopo-un-incidente-con-lo-scooter-17-interventi-del-suem-sulle-piste-da-sci","status":"publish","type":"post","link":"https:\/\/www.radiopiu.net\/wordpress\/ragazzo-in-ospedale-dopo-un-incidente-con-lo-scooter-17-interventi-del-suem-sulle-piste-da-sci\/","title":{"rendered":"RAGAZZO IN OSPEDALE DOPO UN INCIDENTE CON LO SCOOTER. 17 INTERVENTI DEL SUEM SULLE PISTE DA SCI"},"content":{"rendered":"<p>*******<\/p>\n<p>&nbsp;<\/p>\n<p><strong><a class=\"dt-pswp-item\" href=\"https:\/\/www.radiopiu.net\/wordpress\/wp-content\/uploads\/2023\/08\/ambulanza-ulss-1.jpg\" data-dt-img-description=\"\" data-large_image_width=\"1591\" data-large_image_height=\"1029\"><img loading=\"lazy\" decoding=\"async\" class=\" wp-image-348787 alignleft\" src=\"https:\/\/www.radiopiu.net\/wordpress\/wp-content\/uploads\/2023\/08\/ambulanza-ulss-1-300x194.jpg\" alt=\"\" width=\"213\" height=\"138\" srcset=\"https:\/\/www.radiopiu.net\/wordpress\/wp-content\/uploads\/2023\/08\/ambulanza-ulss-1-300x194.jpg 300w, https:\/\/www.radiopiu.net\/wordpress\/wp-content\/uploads\/2023\/08\/ambulanza-ulss-1-1024x662.jpg 1024w, https:\/\/www.radiopiu.net\/wordpress\/wp-content\/uploads\/2023\/08\/ambulanza-ulss-1-768x497.jpg 768w, https:\/\/www.radiopiu.net\/wordpress\/wp-content\/uploads\/2023\/08\/ambulanza-ulss-1-1536x993.jpg 1536w, https:\/\/www.radiopiu.net\/wordpress\/wp-content\/uploads\/2023\/08\/ambulanza-ulss-1.jpg 1591w\" sizes=\"auto, (max-width: 213px) 100vw, 213px\" \/><\/a>REDAZIONE<\/strong> La giornata appena trascorsa ha visto diversi interventi da parte del SUEM 118 dell\u2019Azienda ULSS n.1 Dolomiti, con emergenze che hanno coinvolto incidenti stradali e sportivi, in particolare sulle piste da sci della provincia. Uno degli episodi pi\u00f9 gravi si \u00e8 verificato a Ponte nelle Alpi alle 18:07, dove uno scontro tra un&#8217;auto e uno scooter ha coinvolto un giovane di 16 anni, residente ad Alpago. Il ragazzo, trasportato d\u2019urgenza in ambulanza al Pronto Soccorso di Belluno, ha riportato ferite di media gravit\u00e0. Altro incidente significativo si \u00e8 registrato a Pieve di Cadore alle 10:55, dove una donna di 86 anni, residente nella stessa localit\u00e0, \u00e8 rimasta ferita in un sinistro stradale. Anche lei \u00e8 stata trasportata in ambulanza al Pronto Soccorso locale. L\u2019emergenza sulle piste da sci ha riguardato una sciatrice 69enne di nazionalit\u00e0 tedesca, rimasta ferita ad Arabba alle 11:24. A causa delle sue condizioni, \u00e8 stato necessario l\u2019intervento dell\u2019elicottero Falco, che l\u2019ha trasportata al Pronto Soccorso di Belluno. Nel corso della giornata sono stati 17 gli interventi del SUEM sui comprensori sciistici bellunesi.<\/p>\n<p>&nbsp;<\/p>\n<p>&nbsp;<\/p>\n<p>********<\/p>\n","protected":false},"excerpt":{"rendered":"<p>******* &nbsp; REDAZIONE La giornata appena trascorsa ha visto diversi interventi da parte del SUEM 118 dell\u2019Azienda ULSS n.1 Dolomiti, con emergenze che hanno coinvolto incidenti stradali e sportivi, in particolare sulle piste da sci della provincia. Uno degli episodi pi\u00f9 gravi si \u00e8 verificato a Ponte nelle Alpi alle 18:07, dove uno scontro tra&hellip;<\/p>\n","protected":false},"author":4,"featured_media":348787,"comment_status":"closed","ping_status":"closed","sticky":false,"template":"","format":"standard","meta":{"_monsterinsights_skip_tracking":false,"_monsterinsights_sitenote_active":false,"_monsterinsights_sitenote_note":"","_monsterinsights_sitenote_category":0,"footnotes":""},"categories":[51,49],"tags":[],"class_list":["post-436469","post","type-post","status-publish","format-standard","has-post-thumbnail","hentry","category-evidenza-top","category-news-18","category-51","category-49","description-off"],"img_url":"https:\/\/www.radiopiu.net\/wordpress\/wp-content\/uploads\/2023\/08\/ambulanza-ulss-1.jpg","_links":{"self":[{"href":"https:\/\/www.radiopiu.net\/wordpress\/wp-json\/wp\/v2\/posts\/436469","targetHints":{"allow":["GET"]}}],"collection":[{"href":"https:\/\/www.radiopiu.net\/wordpress\/wp-json\/wp\/v2\/posts"}],"about":[{"href":"https:\/\/www.radiopiu.net\/wordpress\/wp-json\/wp\/v2\/types\/post"}],"author":[{"embeddable":true,"href":"https:\/\/www.radiopiu.net\/wordpress\/wp-json\/wp\/v2\/users\/4"}],"replies":[{"embeddable":true,"href":"https:\/\/www.radiopiu.net\/wordpress\/wp-json\/wp\/v2\/comments?post=436469"}],"version-history":[{"count":1,"href":"https:\/\/www.radiopiu.net\/wordpress\/wp-json\/wp\/v2\/posts\/436469\/revisions"}],"predecessor-version":[{"id":436470,"href":"https:\/\/www.radiopiu.net\/wordpress\/wp-json\/wp\/v2\/posts\/436469\/revisions\/436470"}],"wp:featuredmedia":[{"embeddable":true,"href":"https:\/\/www.radiopiu.net\/wordpress\/wp-json\/wp\/v2\/media\/348787"}],"wp:attachment":[{"href":"https:\/\/www.radiopiu.net\/wordpress\/wp-json\/wp\/v2\/media?parent=436469"}],"wp:term":[{"taxonomy":"category","embeddable":true,"href":"https:\/\/www.radiopiu.net\/wordpress\/wp-json\/wp\/v2\/categories?post=436469"},{"taxonomy":"post_tag","embeddable":true,"href":"https:\/\/www.radiopiu.net\/wordpress\/wp-json\/wp\/v2\/tags?post=436469"}],"curies":[{"name":"wp","href":"https:\/\/api.w.org\/{rel}","templated":true}]}}