{"id":436474,"date":"2025-02-26T06:00:37","date_gmt":"2025-02-26T05:00:37","guid":{"rendered":"https:\/\/www.radiopiu.net\/wordpress\/?p=436474"},"modified":"2025-02-26T08:34:34","modified_gmt":"2025-02-26T07:34:34","slug":"giornale-radio-principale-26-febbraio-2025","status":"publish","type":"post","link":"https:\/\/www.radiopiu.net\/wordpress\/giornale-radio-principale-26-febbraio-2025\/","title":{"rendered":"GIORNALE RADIOPIU 26 FEBBRAIO 2025 DIRETTORE MIRKO MEZZACASA\u2026DA 41 ANNI 25 GIUGNO 1983-25 GIUGNO 2024"},"content":{"rendered":"<p>********<\/p>\n<p>&nbsp;<\/p>\n<p><em><span style=\"color: #ff0000;\"><a class=\"dt-pswp-item\" href=\"https:\/\/www.radiopiu.net\/wordpress\/wp-content\/uploads\/2024\/10\/Senza-nome-8.png\" data-dt-img-description=\"\" data-large_image_width=\"343\" data-large_image_height=\"303\"><img loading=\"lazy\" decoding=\"async\" class=\"wp-image-412130 alignleft\" src=\"https:\/\/www.radiopiu.net\/wordpress\/wp-content\/uploads\/2024\/10\/Senza-nome-8-300x265.png\" alt=\"\" width=\"105\" height=\"93\" srcset=\"https:\/\/www.radiopiu.net\/wordpress\/wp-content\/uploads\/2024\/10\/Senza-nome-8-300x265.png 300w, https:\/\/www.radiopiu.net\/wordpress\/wp-content\/uploads\/2024\/10\/Senza-nome-8.png 343w\" sizes=\"auto, (max-width: 105px) 100vw, 105px\" \/><\/a><\/span><\/em><strong><em><span style=\"color: #ff0000;\"> LA\u00a0 APP PER IOS-IPHONE di Nicola Vettorello<\/span><\/em><\/strong><\/p>\n<p><strong><span style=\"color: #0000ff;\"><a style=\"color: #0000ff;\" href=\"https:\/\/apps.apple.com\/it\/app\/radio-pi%C3%B9-emittente-agordina\/id1515939845\">https:\/\/apps.apple.com\/it\/app\/radio-pi%C3%B9-emittente-agordina\/id1515939845<\/a><\/span><\/strong><\/p>\n<p><strong><em style=\"color: #ff0000;\">LA\u00a0 APP RADIO\u00a0 PER ANDROID di Nicola Vettorello<\/em><\/strong><\/p>\n<p><strong><span style=\"color: #0000ff;\"><a style=\"color: #0000ff;\" href=\"https:\/\/play.google.com\/store\/apps\/details?id=net.radiopiu.iniko\" target=\"_blank\" rel=\"noopener noreferrer\">https:\/\/<\/a><a style=\"color: #0000ff;\" href=\"https:\/\/play.google.com\/store\/apps\/details?id=net.radiopiu.iniko\" target=\"_blank\" rel=\"noopener noreferrer\">play.google.com\/store\/apps\/details?id=net.radiopiu.iniko\u00a0\u00a0\u00a0\u00a0<\/a><\/span><\/strong><\/p>\n<p>&nbsp;<\/p>\n<p><strong>PASSO CAMPOLONGO, ARABBA-CORVARA<\/strong><br \/>\nOGGI ALLE SETTE DEL MATTINO<\/p>\n<p style=\"text-align: center;\"><a class=\"dt-pswp-item\" href=\"https:\/\/www.radiopiu.net\/wordpress\/wp-content\/uploads\/2025\/02\/6081033d-0ce1-437c-88f4-106bd6aedfa1.jpg\" data-dt-img-description=\"\" data-large_image_width=\"1080\" data-large_image_height=\"1256\"><img loading=\"lazy\" decoding=\"async\" class=\"alignnone size-medium wp-image-436724\" src=\"https:\/\/www.radiopiu.net\/wordpress\/wp-content\/uploads\/2025\/02\/6081033d-0ce1-437c-88f4-106bd6aedfa1-258x300.jpg\" alt=\"\" width=\"258\" height=\"300\" srcset=\"https:\/\/www.radiopiu.net\/wordpress\/wp-content\/uploads\/2025\/02\/6081033d-0ce1-437c-88f4-106bd6aedfa1-258x300.jpg 258w, https:\/\/www.radiopiu.net\/wordpress\/wp-content\/uploads\/2025\/02\/6081033d-0ce1-437c-88f4-106bd6aedfa1-881x1024.jpg 881w, https:\/\/www.radiopiu.net\/wordpress\/wp-content\/uploads\/2025\/02\/6081033d-0ce1-437c-88f4-106bd6aedfa1-768x893.jpg 768w, https:\/\/www.radiopiu.net\/wordpress\/wp-content\/uploads\/2025\/02\/6081033d-0ce1-437c-88f4-106bd6aedfa1.jpg 1080w\" sizes=\"auto, (max-width: 258px) 100vw, 258px\" \/><\/a><\/p>\n<hr \/>\n<p>&nbsp;<\/p>\n<p><span style=\"color: #ff0000;\"><strong>OGGI ALLA RADIO:\u00a0\u00a0<\/strong><\/span><\/p>\n<p><strong><a class=\"dt-pswp-item\" href=\"https:\/\/www.radiopiu.net\/wordpress\/wp-content\/uploads\/2022\/11\/th-21.jpg\" data-dt-img-description=\"\" data-large_image_width=\"474\" data-large_image_height=\"335\"><img loading=\"lazy\" decoding=\"async\" class=\"size-medium wp-image-309972 alignleft\" src=\"https:\/\/www.radiopiu.net\/wordpress\/wp-content\/uploads\/2022\/11\/th-21-300x212.jpg\" alt=\"\" width=\"300\" height=\"212\" srcset=\"https:\/\/www.radiopiu.net\/wordpress\/wp-content\/uploads\/2022\/11\/th-21-300x212.jpg 300w, https:\/\/www.radiopiu.net\/wordpress\/wp-content\/uploads\/2022\/11\/th-21.jpg 474w\" sizes=\"auto, (max-width: 300px) 100vw, 300px\" \/><\/a>rassegna stampa nazionale,<\/strong> ogni giorno alle 5 e alle 6 del mattino. giornali locali 7 rassegna stampa flash, 8 rassegna stampa, gr flash alle 10 e alle 11, principale 12.30. Informazione pomeriggio ogni ora fino alle 20, in coda ai notiziari nazionali. Giornale radio nazionale: ogni ora dalle 4 del mattino, alle 20 della sera. Alle 19 le anticipazioni dal TG di Antenna 3 di Tiziana Bolognani.<\/p>\n<p>&nbsp;<\/p>\n<p><span style=\"color: #0000ff;\"><strong>OGGI ALLE<\/strong>\u00a0<\/span> \u00a0<strong>9.00 LIBER DI LIANA CAVALLET 9.40 OGGI COME IERI DI SILVIA BALDO <\/strong><strong>10.10<\/strong>\u00a0 \u00a0CISL LA VOCE PER I LAVORATORI\u00a0 <strong>10.30 E 1900\u00a0<span style=\"color: #ff0000;\">\u00a0 QUESTA SERA A CENCENIGHE CON PETTIROSSO AGORDINO, PRESENTAZIONE DEL NUOVO CORSO CON SONIA D&#8217;AGOSTINI E LAURA MIANA (foto) <\/span><\/strong>\u00a0<b>12.30 <\/b>GIORNALE RADIO, EDIZIONE PRINCIPALE<b> 13.20 <\/b>COLLAGE OPERAZIONE NOSTALGIA DI LORIS SCUSSEL\u00a0 <strong>14.00<\/strong> LA CLASSIFICA UFFICIALE DI MARCO GAZ <strong>15.10<\/strong>\u00a0 CON MARINA E ALESSIO, IL PROGRAMMA CHE UNISCE LE GENERAZIONI: BATTICINQUE\u00a0 <strong>16.45<\/strong> LE HIT DI TUTTI I TEMPI CON MIRCO BENCIVENNI <strong>19.00<\/strong> LE ANTICIPAZIONI DAL TG DI ANTENNA 3, CON TIZIANA BOLOGNANI<\/p>\n<p>&nbsp;<\/p>\n<p>&nbsp;<\/p>\n<p>&nbsp;<\/p>\n<hr \/>\n<p>&nbsp;<\/p>\n<p>&nbsp;<\/p>\n<div class=\"x11i5rnm xat24cr x1mh8g0r x1vvkbs xtlvy1s x126k92a\">\n<div dir=\"auto\">\n<div dir=\"auto\">\n<p><strong><a class=\"dt-pswp-item\" href=\"https:\/\/www.radiopiu.net\/wordpress\/wp-content\/uploads\/2024\/02\/2d44e751-d8a8-461b-8e22-d8e4e853b032.jpg\" data-dt-img-description=\"\" data-large_image_width=\"1600\" data-large_image_height=\"1200\"><img loading=\"lazy\" decoding=\"async\" class=\"wp-image-373307 alignleft\" src=\"https:\/\/www.radiopiu.net\/wordpress\/wp-content\/uploads\/2024\/02\/2d44e751-d8a8-461b-8e22-d8e4e853b032-300x225.jpg\" alt=\"\" width=\"105\" height=\"79\" srcset=\"https:\/\/www.radiopiu.net\/wordpress\/wp-content\/uploads\/2024\/02\/2d44e751-d8a8-461b-8e22-d8e4e853b032-300x225.jpg 300w, https:\/\/www.radiopiu.net\/wordpress\/wp-content\/uploads\/2024\/02\/2d44e751-d8a8-461b-8e22-d8e4e853b032-1024x768.jpg 1024w, https:\/\/www.radiopiu.net\/wordpress\/wp-content\/uploads\/2024\/02\/2d44e751-d8a8-461b-8e22-d8e4e853b032-768x576.jpg 768w, https:\/\/www.radiopiu.net\/wordpress\/wp-content\/uploads\/2024\/02\/2d44e751-d8a8-461b-8e22-d8e4e853b032-1536x1152.jpg 1536w, https:\/\/www.radiopiu.net\/wordpress\/wp-content\/uploads\/2024\/02\/2d44e751-d8a8-461b-8e22-d8e4e853b032.jpg 1600w\" sizes=\"auto, (max-width: 105px) 100vw, 105px\" \/><\/a>EL BAL DEL FIOR, DI GIULIANA DA RONCH, 26 FEBBRAIO<\/strong><strong> 2025<\/strong><\/p>\n<p>&nbsp;<\/p>\n<audio class=\"wp-audio-shortcode\" id=\"audio-436474-1\" preload=\"none\" style=\"width: 100%;\" controls=\"controls\"><source type=\"audio\/mpeg\" src=\"https:\/\/www.radiopiu.net\/wordpress\/wp-content\/uploads\/2025\/02\/GME-3.mp3?_=1\" \/><a href=\"https:\/\/www.radiopiu.net\/wordpress\/wp-content\/uploads\/2025\/02\/GME-3.mp3\">https:\/\/www.radiopiu.net\/wordpress\/wp-content\/uploads\/2025\/02\/GME-3.mp3<\/a><\/audio>\n<p>&nbsp;<\/p>\n<hr \/>\n<p>&nbsp;<\/p>\n<p>&nbsp;<\/p>\n<\/div>\n<\/div>\n<\/div>\n<div class=\"x11i5rnm xat24cr x1mh8g0r x1vvkbs xtlvy1s x126k92a\">\n<blockquote>\n<h1><strong><a class=\"dt-pswp-item\" href=\"https:\/\/www.radiopiu.net\/wordpress\/wp-content\/uploads\/2024\/10\/629301fd-708d-4f53-95c2-d28cbefd500f.jpg\" data-dt-img-description=\"\" data-large_image_width=\"1600\" data-large_image_height=\"1322\"><img loading=\"lazy\" decoding=\"async\" class=\"wp-image-413782 alignright\" src=\"https:\/\/www.radiopiu.net\/wordpress\/wp-content\/uploads\/2024\/10\/629301fd-708d-4f53-95c2-d28cbefd500f-300x248.jpg\" alt=\"\" width=\"106\" height=\"88\" srcset=\"https:\/\/www.radiopiu.net\/wordpress\/wp-content\/uploads\/2024\/10\/629301fd-708d-4f53-95c2-d28cbefd500f-300x248.jpg 300w, https:\/\/www.radiopiu.net\/wordpress\/wp-content\/uploads\/2024\/10\/629301fd-708d-4f53-95c2-d28cbefd500f-1024x846.jpg 1024w, https:\/\/www.radiopiu.net\/wordpress\/wp-content\/uploads\/2024\/10\/629301fd-708d-4f53-95c2-d28cbefd500f-768x635.jpg 768w, https:\/\/www.radiopiu.net\/wordpress\/wp-content\/uploads\/2024\/10\/629301fd-708d-4f53-95c2-d28cbefd500f-1536x1269.jpg 1536w, https:\/\/www.radiopiu.net\/wordpress\/wp-content\/uploads\/2024\/10\/629301fd-708d-4f53-95c2-d28cbefd500f.jpg 1600w\" sizes=\"auto, (max-width: 106px) 100vw, 106px\" \/><\/a><\/strong><\/h1>\n<h1><strong><a class=\"dt-pswp-item\" href=\"https:\/\/www.radiopiu.net\/wordpress\/wp-content\/uploads\/2024\/11\/th-18.jpg\" data-dt-img-description=\"\" data-large_image_width=\"156\" data-large_image_height=\"180\"><img loading=\"lazy\" decoding=\"async\" class=\"size-full wp-image-421611 alignleft\" src=\"https:\/\/www.radiopiu.net\/wordpress\/wp-content\/uploads\/2024\/11\/th-18.jpg\" alt=\"\" width=\"156\" height=\"180\" \/><\/a><\/strong><\/h1>\n<h1><strong>N di parom &#8211; L Almanach de la nosta jent<\/strong><\/h1>\n<\/blockquote>\n<p>&nbsp;<\/p>\n<p>Le voci: Davide Conedera, Agordo, Michela Dell&#8217;Osbel, La Valle Agordina Simone Ganz, Falcade Veronica Lezuo, Colle Santa Lucia. La voce nella sigla \u00e8 di Giorgia Taio<\/p>\n<p><strong>LA PUNTATA DI OGGI, 26 FEBBRAIO 2025<\/strong><\/p>\n<p>&nbsp;<\/p>\n<audio class=\"wp-audio-shortcode\" id=\"audio-436474-2\" preload=\"none\" style=\"width: 100%;\" controls=\"controls\"><source type=\"audio\/mpeg\" src=\"https:\/\/www.radiopiu.net\/wordpress\/wp-content\/uploads\/2025\/02\/AL3-3.mp3?_=2\" \/><a href=\"https:\/\/www.radiopiu.net\/wordpress\/wp-content\/uploads\/2025\/02\/AL3-3.mp3\">https:\/\/www.radiopiu.net\/wordpress\/wp-content\/uploads\/2025\/02\/AL3-3.mp3<\/a><\/audio>\n<p>&nbsp;<\/p>\n<p>&nbsp;<\/p>\n<\/div>\n<div class=\"x11i5rnm xat24cr x1mh8g0r x1vvkbs xtlvy1s x126k92a\">\n<div dir=\"auto\">\n<hr \/>\n<\/div>\n<\/div>\n<blockquote>\n<blockquote>\n<h1><span style=\"color: #ff0000;\">\u00a0<\/span><\/h1>\n<h1><span style=\"color: #ff0000;\">I podcast informativi del mattino &#8211; audio &#8211;\u00a0\u00a0<\/span><\/h1>\n<\/blockquote>\n<p><strong><a class=\"dt-pswp-item\" href=\"https:\/\/www.radiopiu.net\/wordpress\/wp-content\/uploads\/2024\/11\/6.jpg\" data-dt-img-description=\"\" data-large_image_width=\"177\" data-large_image_height=\"180\"><img loading=\"lazy\" decoding=\"async\" class=\"size-full wp-image-417911 alignleft\" src=\"https:\/\/www.radiopiu.net\/wordpress\/wp-content\/uploads\/2024\/11\/6.jpg\" alt=\"\" width=\"177\" height=\"180\" \/><\/a>LA RASSEGNA STAMPA NAZIONALE ALLA RADIO, OGNI GIORNO ALLE 5 E ALLE 6 DEL MATTINO <span style=\"color: #0000ff;\">viene pubblicata alle 6.00 <span style=\"color: #ff0000;\">DIRETTA RADIO\u00a0 \u00a0\u00a0<\/span><\/span><\/strong><\/p><\/blockquote>\n<p>&nbsp;<\/p>\n<p><strong>NOTIZIE DELLA NOTTE<\/strong><\/p>\n<p><strong>Usa<\/strong>: Trump vuole schedare i migranti illegali <strong>Maltempo in Ecuador,<\/strong> stato di emergenza in 6 province <strong>Cile:<\/strong> dichiarati stato di emergenza e il coprifuoco per blackout <strong>Ong, &#8216;<\/strong>raid israeliani su due siti militari a sud Damasco&#8217; <strong>Trump,<\/strong> &#8216;ho sentito che Zelensky viene venerd\u00ec, per me ok&#8217; <strong>Mega black-out in Cile<\/strong>, l&#8217;80% del Paese senza energia<\/p>\n<h2>AUDIO dalle 6 del mattino<\/h2>\n<audio class=\"wp-audio-shortcode\" id=\"audio-436474-3\" preload=\"none\" style=\"width: 100%;\" controls=\"controls\"><source type=\"audio\/mpeg\" src=\"https:\/\/www.radiopiu.net\/wordpress\/wp-content\/uploads\/2025\/02\/GIORNALEDELLESEI-19.mp3?_=3\" \/><a href=\"https:\/\/www.radiopiu.net\/wordpress\/wp-content\/uploads\/2025\/02\/GIORNALEDELLESEI-19.mp3\">https:\/\/www.radiopiu.net\/wordpress\/wp-content\/uploads\/2025\/02\/GIORNALEDELLESEI-19.mp3<\/a><\/audio>\n<p>&nbsp;<\/p>\n<p>&nbsp;<\/p>\n<hr \/>\n<p>&nbsp;<\/p>\n<h1 style=\"text-align: center;\"><span style=\"color: #ff0000;\"><a class=\"dt-pswp-item\" href=\"https:\/\/www.radiopiu.net\/wordpress\/wp-content\/uploads\/2024\/11\/7.jpg\" data-dt-img-description=\"\" data-large_image_width=\"180\" data-large_image_height=\"180\"><img loading=\"lazy\" decoding=\"async\" class=\"size-full wp-image-417912 alignleft\" src=\"https:\/\/www.radiopiu.net\/wordpress\/wp-content\/uploads\/2024\/11\/7.jpg\" alt=\"\" width=\"180\" height=\"180\" srcset=\"https:\/\/www.radiopiu.net\/wordpress\/wp-content\/uploads\/2024\/11\/7.jpg 180w, https:\/\/www.radiopiu.net\/wordpress\/wp-content\/uploads\/2024\/11\/7-150x150.jpg 150w\" sizes=\"auto, (max-width: 180px) 100vw, 180px\" \/><\/a>I podcast informativi del mattino &#8211; audio &#8211;\u00a0<\/span><\/h1>\n<p><strong>OGNI GIORNO ALLE SETTE DEL MATTINO, LA RASSEGNA STAMPA LOCALE FLASH&#8230; PER CHI VA IN FRETTA. I TITOLI DAI GIORNALI E DAL SITO WWW.RADIOPIU.NET <span style=\"color: #0000ff;\">viene pubblicato alle 7.00<\/span> <span style=\"color: #ff0000;\">DIRETTA RADIO\u00a0<\/span><\/strong><\/p>\n<p><em><span style=\"color: #ff0000;\">per chi va in fretta&#8230; tante notizie in pochi minuti. L&#8217;informazione locale alla radio, ogni ora dalle 7 del mattino alle 19 della sera.<\/span><\/em><\/p>\n<h1>AUDIO dalle 7 del mattino<\/h1>\n<audio class=\"wp-audio-shortcode\" id=\"audio-436474-4\" preload=\"none\" style=\"width: 100%;\" controls=\"controls\"><source type=\"audio\/mpeg\" src=\"https:\/\/www.radiopiu.net\/wordpress\/wp-content\/uploads\/2025\/02\/GF07-23.mp3?_=4\" \/><a href=\"https:\/\/www.radiopiu.net\/wordpress\/wp-content\/uploads\/2025\/02\/GF07-23.mp3\">https:\/\/www.radiopiu.net\/wordpress\/wp-content\/uploads\/2025\/02\/GF07-23.mp3<\/a><\/audio>\n<p>&nbsp;<\/p>\n<p>&nbsp;<\/p>\n<hr \/>\n<p>&nbsp;<\/p>\n<h1><\/h1>\n<h1 style=\"text-align: center;\"><span style=\"color: #ff0000;\"><a class=\"dt-pswp-item\" href=\"https:\/\/www.radiopiu.net\/wordpress\/wp-content\/uploads\/2024\/11\/th.jpg\" data-dt-img-description=\"\" data-large_image_width=\"148\" data-large_image_height=\"179\"><img loading=\"lazy\" decoding=\"async\" class=\"size-full wp-image-417913 alignleft\" src=\"https:\/\/www.radiopiu.net\/wordpress\/wp-content\/uploads\/2024\/11\/th.jpg\" alt=\"\" width=\"148\" height=\"179\" \/><\/a>I podcast informativi del mattino &#8211; audio &#8211;\u00a0<\/span><\/h1>\n<blockquote><p><strong>GIORNALE RADIO NAZIONALE, EDIZIONE DELLE SETTE <span style=\"color: #0000ff;\">viene pubblicato alle 7.05 <span style=\"color: #ff0000;\">DIRETTA RADIO\u00a0<\/span><\/span><\/strong><\/p><\/blockquote>\n<p><strong>il giornale radionazionale e&#8217; in onda ogni ora, dalle sette del mattino alle venti della sera\u00a0 \u00a0\u00a0<\/strong><\/p>\n<p>&nbsp;<\/p>\n<p><strong><a class=\"dt-pswp-item\" href=\"https:\/\/www.radiopiu.net\/wordpress\/wp-content\/uploads\/2025\/02\/download-7.jpg\" data-dt-img-description=\"\" data-large_image_width=\"211\" data-large_image_height=\"239\"><img loading=\"lazy\" decoding=\"async\" class=\" wp-image-435553 alignleft\" src=\"https:\/\/www.radiopiu.net\/wordpress\/wp-content\/uploads\/2025\/02\/download-7.jpg\" alt=\"\" width=\"164\" height=\"186\" \/><\/a>UDINE<\/strong> Unabomber, scatta la prescrizione, nessun risarcimento Per un nuovo rinvio dell&#8217;udienza, solo una vittima resta risarcibile <strong>ROMA\u00a0<\/strong> Travolta da un&#8217;auto, muore una 19enne\u00a0 <strong>PRATO<\/strong> Trovata morta accoltellata in casa, fermato il figlio. L&#8217;abitazione data alle fiamme ha permesso di scoprire il corpo <strong>FIRENZE<\/strong> La Dda di Firenze ha chiesto l&#8217;archiviazione dell&#8217;inchiesta Moby Prince, nel disastro morirono 140 persone <strong>MILANO<\/strong> Disastro di Pioltello, una sola condanna e 8 assoluzioni. I giudici: &#8216;L&#8217;ex ad e i dirigenti di Rfi non sapevano del giunto guasto&#8217; <strong>ALESSANDRIA<\/strong> Cascina Spiotta,\u00a0 al via il processo a tre ex Br. Parte civile Bruno, figlio di un carabiniere ucciso <strong>VARESE<\/strong> Abusi sulle giocatrici minorenni&#8217;, arrestato un allenatore. Una delle pallavoliste ha denunciato, l&#8217;accusa \u00e8 violenza sessuale<\/p>\n<p>&nbsp;<\/p>\n<p><span style=\"color: #ff0000;\"><strong><a class=\"dt-pswp-item\" href=\"https:\/\/www.radiopiu.net\/wordpress\/wp-content\/uploads\/2025\/02\/download-3.jpg\" data-dt-img-description=\"\" data-large_image_width=\"223\" data-large_image_height=\"226\"><img loading=\"lazy\" decoding=\"async\" class=\"size-full wp-image-434732 alignleft\" src=\"https:\/\/www.radiopiu.net\/wordpress\/wp-content\/uploads\/2025\/02\/download-3.jpg\" alt=\"\" width=\"223\" height=\"226\" \/><\/a>VERONA<\/strong><\/span> Attacco informatico al Comune, rallentamenti e indisponibilit\u00e0 temporanee della rete internet <span style=\"color: #ff0000;\"><strong>VERONA<\/strong><\/span> Cadavere di un senzatetto trovato davanti a una scuola. Probabile un malore causato dal freddo <span style=\"color: #ff0000;\"><strong>PADOVA<\/strong><\/span> Picchia la moglie davanti al figlio minorenne, arrestato,\u00a0 la donna colpita con una testata e un calcio <span style=\"color: #ff0000;\"><strong>TREVISO<\/strong> <\/span>Cecchettin, soluzione femminicidi non \u00e8 inasprimento pene. &#8216;Nei 15 motivi per lasciare Filippo i segnali relazione tossica&#8217; <strong><span style=\"color: #ff0000;\">VENEZIA<\/span><\/strong> Unabomber, scatta prescrizione, nessun risarcimento. Per un nuovo rinvio udienza, solo una vittima resta risarcibile <strong><span style=\"color: #ff0000;\">PADOVA<\/span><\/strong> l&#8217;Intelligenza artificiale per confrontare i dati del paziente, progetto In Urologia &#8216;istruita&#8217; la piattaforma universitaria &#8216;Lucrez-IA&#8217; <strong><span style=\"color: #ff0000;\">CORTINA<\/span><\/strong> Azienda costruttice, pista bob Cortina sar\u00e0 consegnata il 15 marzo. Annuncio direttore del cantiere al sopralluogo dei tecnici Cio <strong><span style=\"color: #ff0000;\">CURIOSITA<\/span><\/strong> Miglior colomba d&#8217;Italia in Calabria, terzo posto al Veneto.\u00a0 Competizione con in gara 100 pasticceri da tutta Italia<\/p>\n<h2><span style=\"color: #ff0000;\"><span style=\"color: #0000ff;\">ULTIM&#8217;ORA<\/span>\u00a0<span style=\"color: #000000;\">AUDIO dalle sette del mattino, ogni ora alla radio EDIZIONE DELLE SETTE<\/span><\/span><\/h2>\n<audio class=\"wp-audio-shortcode\" id=\"audio-436474-5\" preload=\"none\" style=\"width: 100%;\" controls=\"controls\"><source type=\"audio\/mpeg\" src=\"https:\/\/www.radiopiu.net\/wordpress\/wp-content\/uploads\/2025\/02\/giornale07-24.mp3?_=5\" \/><a href=\"https:\/\/www.radiopiu.net\/wordpress\/wp-content\/uploads\/2025\/02\/giornale07-24.mp3\">https:\/\/www.radiopiu.net\/wordpress\/wp-content\/uploads\/2025\/02\/giornale07-24.mp3<\/a><\/audio>\n<hr \/>\n<p>&nbsp;<\/p>\n<p>&nbsp;<\/p>\n<h1><span style=\"color: #ff0000;\"><a class=\"dt-pswp-item\" href=\"https:\/\/www.radiopiu.net\/wordpress\/wp-content\/uploads\/2024\/11\/8.jpg\" data-dt-img-description=\"\" data-large_image_width=\"180\" data-large_image_height=\"180\"><img loading=\"lazy\" decoding=\"async\" class=\"size-full wp-image-417910 alignleft\" src=\"https:\/\/www.radiopiu.net\/wordpress\/wp-content\/uploads\/2024\/11\/8.jpg\" alt=\"\" width=\"180\" height=\"180\" srcset=\"https:\/\/www.radiopiu.net\/wordpress\/wp-content\/uploads\/2024\/11\/8.jpg 180w, https:\/\/www.radiopiu.net\/wordpress\/wp-content\/uploads\/2024\/11\/8-150x150.jpg 150w\" sizes=\"auto, (max-width: 180px) 100vw, 180px\" \/><\/a>I podcast informativi del mattino &#8211; video &#8211;\u00a0<\/span><\/h1>\n<h2 style=\"text-align: left;\"><strong>RASSEGNA STAMPA LOCALE, ORE OTTO<\/strong><\/h2>\n<h2><strong> <span style=\"color: #0000ff;\">viene\u00a0 <\/span><\/strong><strong><span style=\"color: #0000ff;\">pubblicata alle 8.05 <span style=\"color: #ff0000;\">DIRETTA RADIO\u00a0 \u00a0<\/span><\/span><\/strong><strong>DI MIRKO MEZZACASA<\/strong><\/h2>\n<h2><span style=\"color: #ff0000;\"><strong>\u00a0<\/strong><\/span><\/h2>\n<h2><span style=\"color: #ff0000;\"><strong>\u00a0<\/strong><\/span><span style=\"color: #ff0000;\"><strong>VIDEO\u00a0 \u00a0in diretta AGGIORNAMENTO\u00a0 dalle 8 del mattino\u00a0\u00a0<\/strong><\/span><\/h2>\n<p>&nbsp;<\/p>\n\n\t\t\t<style type='text\/css'>\n\t\t\t\t#gallery-1 {\n\t\t\t\t\tmargin: auto;\n\t\t\t\t}\n\t\t\t\t#gallery-1 .gallery-item {\n\t\t\t\t\tfloat: left;\n\t\t\t\t\tmargin-top: 10px;\n\t\t\t\t\ttext-align: center;\n\t\t\t\t\twidth: 33%;\n\t\t\t\t}\n\t\t\t\t#gallery-1 img {\n\t\t\t\t\tborder: 2px solid #cfcfcf;\n\t\t\t\t}\n\t\t\t\t#gallery-1 .gallery-caption {\n\t\t\t\t\tmargin-left: 0;\n\t\t\t\t}\n\t\t\t\t\/* see gallery_shortcode() in wp-includes\/media.php *\/\n\t\t\t<\/style>\n\t\t<div id='gallery-1' class='dt-gallery-container gallery galleryid-436474 gallery-columns-3 gallery-size-medium'><dl class='gallery-item'>\n\t\t\t\t<dt class='gallery-icon landscape'>\n\t\t\t\t\t<a class=\"rollover\" href='https:\/\/www.radiopiu.net\/wordpress\/giornale-radio-principale-26-febbraio-2025\/coop2-72\/'><img loading=\"lazy\" decoding=\"async\" width=\"300\" height=\"169\" src=\"https:\/\/www.radiopiu.net\/wordpress\/wp-content\/uploads\/2025\/02\/COOP2-17-300x169.png\" class=\"attachment-medium size-medium\" alt=\"\" srcset=\"https:\/\/www.radiopiu.net\/wordpress\/wp-content\/uploads\/2025\/02\/COOP2-17-300x169.png 300w, https:\/\/www.radiopiu.net\/wordpress\/wp-content\/uploads\/2025\/02\/COOP2-17.png 462w\" sizes=\"auto, (max-width: 300px) 100vw, 300px\" \/><\/a>\n\t\t\t\t<\/dt><\/dl><dl class='gallery-item'>\n\t\t\t\t<dt class='gallery-icon landscape'>\n\t\t\t\t\t<a class=\"rollover\" href='https:\/\/www.radiopiu.net\/wordpress\/giornale-radio-principale-26-febbraio-2025\/coop1-85\/'><img loading=\"lazy\" decoding=\"async\" width=\"300\" height=\"205\" src=\"https:\/\/www.radiopiu.net\/wordpress\/wp-content\/uploads\/2025\/02\/coop1-21-300x205.png\" class=\"attachment-medium size-medium\" alt=\"\" srcset=\"https:\/\/www.radiopiu.net\/wordpress\/wp-content\/uploads\/2025\/02\/coop1-21-300x205.png 300w, https:\/\/www.radiopiu.net\/wordpress\/wp-content\/uploads\/2025\/02\/coop1-21.png 569w\" sizes=\"auto, (max-width: 300px) 100vw, 300px\" \/><\/a>\n\t\t\t\t<\/dt><\/dl><dl class='gallery-item'>\n\t\t\t\t<dt class='gallery-icon landscape'>\n\t\t\t\t\t<a class=\"rollover\" href='https:\/\/www.radiopiu.net\/wordpress\/giornale-radio-principale-26-febbraio-2025\/coop3-31\/'><img loading=\"lazy\" decoding=\"async\" width=\"300\" height=\"179\" src=\"https:\/\/www.radiopiu.net\/wordpress\/wp-content\/uploads\/2025\/02\/COOP3-6-300x179.png\" class=\"attachment-medium size-medium\" alt=\"\" srcset=\"https:\/\/www.radiopiu.net\/wordpress\/wp-content\/uploads\/2025\/02\/COOP3-6-300x179.png 300w, https:\/\/www.radiopiu.net\/wordpress\/wp-content\/uploads\/2025\/02\/COOP3-6.png 505w\" sizes=\"auto, (max-width: 300px) 100vw, 300px\" \/><\/a>\n\t\t\t\t<\/dt><\/dl><br style=\"clear: both\" \/>\n\t\t\t<\/div>\n\n<p>&nbsp;<\/p>\n<hr \/>\n<p>&nbsp;<\/p>\n<p>&nbsp;<\/p>\n<p>&nbsp;<\/p>\n<p><strong><a class=\"dt-pswp-item\" href=\"https:\/\/www.radiopiu.net\/wordpress\/wp-content\/uploads\/2023\/12\/ANTENNA.png\" data-dt-img-description=\"\" data-large_image_width=\"300\" data-large_image_height=\"166\"><img loading=\"lazy\" decoding=\"async\" class=\"wp-image-366306 alignright\" src=\"https:\/\/www.radiopiu.net\/wordpress\/wp-content\/uploads\/2023\/12\/ANTENNA.png\" alt=\"\" width=\"101\" height=\"56\" \/><\/a><a class=\"dt-pswp-item\" href=\"https:\/\/www.radiopiu.net\/wordpress\/wp-content\/uploads\/2024\/11\/th-17.jpg\" data-dt-img-description=\"\" data-large_image_width=\"224\" data-large_image_height=\"180\"><img loading=\"lazy\" decoding=\"async\" class=\" wp-image-421610 alignleft\" src=\"https:\/\/www.radiopiu.net\/wordpress\/wp-content\/uploads\/2024\/11\/th-17.jpg\" alt=\"\" width=\"167\" height=\"134\" \/><\/a>ogni sera alle 19 le anticipazioni alla radio, quello che poi seguirete nel TELEGIORNALE BELLUNESE\u00a0 in onda alle 19.30 sul CANALE 10 del digitale terrestre.\u00a0\u00a0<\/strong><\/p>\n<p><b>\u00a0\u00a0<\/b><\/p>\n<p><span style=\"color: #ff0000;\"><strong>LE ANTICIPAZIONI DI TIZIANA BOLOGNANI<\/strong><\/span><\/p>\n<audio class=\"wp-audio-shortcode\" id=\"audio-436474-6\" preload=\"none\" style=\"width: 100%;\" controls=\"controls\"><source type=\"audio\/mpeg\" src=\"https:\/\/www.radiopiu.net\/wordpress\/wp-content\/uploads\/2025\/02\/ANTENNA3-17.mp3?_=6\" \/><a href=\"https:\/\/www.radiopiu.net\/wordpress\/wp-content\/uploads\/2025\/02\/ANTENNA3-17.mp3\">https:\/\/www.radiopiu.net\/wordpress\/wp-content\/uploads\/2025\/02\/ANTENNA3-17.mp3<\/a><\/audio>\n<p>&nbsp;<\/p>\n<p>&nbsp;<\/p>\n<h1 class=\"_title post-title entry-title\">BELLUNO | TRAGEDIA SUL FADALTO, ANCORA GRAVI I BAMBINI RICOVERATI AL CA\u2019 FONCELLO<\/h1>\n<blockquote><p><em>Saranno celebrati a Belluno i funerali della piccola Afra Okyere, la bimba di 4 anni morta nel terribile incidente accaduto domenica. La data non \u00e8 ancora stata fissata<\/em><\/p><\/blockquote>\n<p>\u2013 Intervistati WILLIAM OKYERE PAPA\u2019 DI AFRA (AL TELEFONO) (Servizio di\u00a0<a href=\"https:\/\/antennatre.medianordest.it\/redazione\/Tiziana-Bolognani\/\">Tiziana Bolognani<\/a>)<\/p>\n<p><iframe loading=\"lazy\" title=\"TRAGEDIA SUL FADALTO, ANCORA GRAVI I BAMBINI RICOVERATI AL CA&#039; FONCELLO  | 25\/02\/2025\" width=\"1200\" height=\"675\" src=\"https:\/\/www.youtube.com\/embed\/2FVuuUpWLkE?feature=oembed\" frameborder=\"0\" allow=\"accelerometer; autoplay; clipboard-write; encrypted-media; gyroscope; picture-in-picture; web-share\" referrerpolicy=\"strict-origin-when-cross-origin\" allowfullscreen><\/iframe><\/p>\n<p>&nbsp;<\/p>\n<hr \/>\n<p>&nbsp;<\/p>\n<blockquote>\n<h3>SIB: INTERRUZIONI PROGRAMMATE<\/h3>\n<\/blockquote>\n<p>Servizi Integrati Bellunesi informa che, per lavori alla rete idrica comunale,domani dalle ore 8 alle ore 17 verr\u00e0 sospesa l\u2019erogazione dell\u2019acqua a San Tomaso Agordino, nelle localit\u00e0 Chiea, Tocol, Colzarase e Fontanelle. Il personale addetto operer\u00e0 per limitare il pi\u00f9 possibile i disagi alla popolazione.<\/p>\n<blockquote>\n<h3><a class=\"dt-pswp-item\" href=\"https:\/\/www.radiopiu.net\/wordpress\/wp-content\/uploads\/2024\/12\/Logo_SibPAYOFF.jpg\" data-dt-img-description=\"\" data-large_image_width=\"1536\" data-large_image_height=\"391\"><img loading=\"lazy\" decoding=\"async\" class=\" wp-image-426474 alignleft\" src=\"https:\/\/www.radiopiu.net\/wordpress\/wp-content\/uploads\/2024\/12\/Logo_SibPAYOFF-300x76.jpg\" alt=\"\" width=\"237\" height=\"60\" srcset=\"https:\/\/www.radiopiu.net\/wordpress\/wp-content\/uploads\/2024\/12\/Logo_SibPAYOFF-300x76.jpg 300w, https:\/\/www.radiopiu.net\/wordpress\/wp-content\/uploads\/2024\/12\/Logo_SibPAYOFF-1024x261.jpg 1024w, https:\/\/www.radiopiu.net\/wordpress\/wp-content\/uploads\/2024\/12\/Logo_SibPAYOFF-768x196.jpg 768w, https:\/\/www.radiopiu.net\/wordpress\/wp-content\/uploads\/2024\/12\/Logo_SibPAYOFF.jpg 1536w\" sizes=\"auto, (max-width: 237px) 100vw, 237px\" \/><\/a>PERDITA ALL&#8217;ACQUEDOTTO IN CENTRO A BELLUNO. DOMANI LA RIPARAZIONE<\/h3>\n<\/blockquote>\n<p><strong>BELLUNO<\/strong> Intervento in notturna, domani, alla rete idrica di Belluno centro. Servizi Integrati Bellunesi, infatti, provveder\u00e0 a riparare una perdita, evidente a vista e segnalata nei giorni scorsi dal Comune e da alcuni cittadini, in prossimit\u00e0 di un idrante ubicato in piazza dei Martiri. L\u2019intervento, programmato nelle ore serali per ridurre al minimo i disagi all\u2019utenza servita e alle numerose attivit\u00e0 commerciali, comporter\u00e0 la sospensione della fornitura idrica in tutto il centro cittadino, compresa la parte storica, e a Borgo Piave dalle ore 21:30 di domani alle ore 2:00 del mattino successivo (e comunque fino a fine lavori).<\/p>\n<p>&nbsp;<\/p>\n<hr \/>\n<p>&nbsp;<\/p>\n<blockquote>\n<h3><a class=\"dt-pswp-item\" href=\"https:\/\/www.radiopiu.net\/wordpress\/wp-content\/uploads\/2025\/02\/SCR-20250225-riom.jpeg\" data-dt-img-description=\"\" data-large_image_width=\"1024\" data-large_image_height=\"820\"><img loading=\"lazy\" decoding=\"async\" class=\" wp-image-436659 alignleft\" src=\"https:\/\/www.radiopiu.net\/wordpress\/wp-content\/uploads\/2025\/02\/SCR-20250225-riom-300x240.jpeg\" alt=\"\" width=\"191\" height=\"153\" srcset=\"https:\/\/www.radiopiu.net\/wordpress\/wp-content\/uploads\/2025\/02\/SCR-20250225-riom-300x240.jpeg 300w, https:\/\/www.radiopiu.net\/wordpress\/wp-content\/uploads\/2025\/02\/SCR-20250225-riom-768x615.jpeg 768w, https:\/\/www.radiopiu.net\/wordpress\/wp-content\/uploads\/2025\/02\/SCR-20250225-riom.jpeg 1024w\" sizes=\"auto, (max-width: 191px) 100vw, 191px\" \/><\/a>LUTTO IN CADORE: E MORTO ANTONIO ALBERTI<\/h3>\n<\/blockquote>\n<p><strong>DI BARBARA PAOLAZZI E GIUDITTA BOLZONELLO<\/strong><\/p>\n<audio class=\"wp-audio-shortcode\" id=\"audio-436474-7\" preload=\"none\" style=\"width: 100%;\" controls=\"controls\"><source type=\"audio\/mpeg\" src=\"https:\/\/www.radiopiu.net\/wordpress\/wp-content\/uploads\/2025\/02\/PAOLAZZI-LUTTO-IN-CADORE-E-MORTO-ANTONIO-ALBERTI.mp3?_=7\" \/><a href=\"https:\/\/www.radiopiu.net\/wordpress\/wp-content\/uploads\/2025\/02\/PAOLAZZI-LUTTO-IN-CADORE-E-MORTO-ANTONIO-ALBERTI.mp3\">https:\/\/www.radiopiu.net\/wordpress\/wp-content\/uploads\/2025\/02\/PAOLAZZI-LUTTO-IN-CADORE-E-MORTO-ANTONIO-ALBERTI.mp3<\/a><\/audio>\n<p>&nbsp;<\/p>\n<hr \/>\n<p>&nbsp;<\/p>\n<blockquote>\n<h3>INCIDENTE A FORTOGNA, FERITA UNA DONNA<\/h3>\n<\/blockquote>\n<p><strong>BELLUNO<\/strong> Intervento del Suem 118 ieri alle 17:13 a Fortogna per un incidente stradale. Nello scontro \u00e8 rimasta ferita una donna di 56 anni residente a Belluno che ha riportato ferite di media gravit\u00e0. Sul posto l&#8217;ambulanza che ha portato la paziente al San Martino di Belluno.<\/p>\n<p>&nbsp;<\/p>\n<hr \/>\n<p>&nbsp;<\/p>\n<blockquote>\n<h3><a class=\"dt-pswp-item\" href=\"https:\/\/www.radiopiu.net\/wordpress\/wp-content\/uploads\/2025\/02\/Senza-nome-81.png\" data-dt-img-description=\"\" data-large_image_width=\"188\" data-large_image_height=\"137\"><img loading=\"lazy\" decoding=\"async\" class=\"size-full wp-image-436526 alignleft\" src=\"https:\/\/www.radiopiu.net\/wordpress\/wp-content\/uploads\/2025\/02\/Senza-nome-81.png\" alt=\"\" width=\"188\" height=\"137\" \/><\/a>IERI A COLLE SANTA LUCIA &#8211;\u00a0 BIVIO RUCAVA&#8217;<\/h3>\n<\/blockquote>\n<p>Un masso di una certa dimensione ieri mattina \u00e8 rotolato dalla scarpata a bordo strada, niente di nuovo, capita spesso lungo tutto il tratto della 203 agordina, soprattutto con gli sbalzi di temperatura, soprattutto dopo Vaia. Nulla di grave, gli uomini di Veneto Strade\u00a0 dopo che Alex Nascinben di RADIOPIU ha avuto modo di allertarli con una telefonata &#8220;urgente&#8221;&#8230; hanno spostato il sasso. Nessun problema per la viabilit\u00e0.<\/p>\n<p>&nbsp;<\/p>\n<p>&nbsp;<\/p>\n<hr \/>\n<p>&nbsp;<\/p>\n<div class=\"flex max-w-full flex-col flex-grow\">\n<div class=\"min-h-8 text-message relative flex w-full flex-col items-end gap-2 whitespace-normal break-words text-start [.text-message+&amp;]:mt-5\" dir=\"auto\" data-message-author-role=\"assistant\" data-message-id=\"82beec7b-d9d1-47b5-8b96-6ce107a8db79\" data-message-model-slug=\"gpt-4o\">\n<div class=\"flex w-full flex-col gap-1 empty:hidden first:pt-[3px]\">\n<div class=\"markdown prose w-full break-words dark:prose-invert dark\">\n<blockquote>\n<h4 data-start=\"0\" data-end=\"89\"><strong data-start=\"0\" data-end=\"89\" data-is-last-node=\"\" data-is-only-node=\"\"><a class=\"dt-pswp-item\" href=\"https:\/\/www.radiopiu.net\/wordpress\/wp-content\/uploads\/2022\/01\/POLIZIA-POSTALE.jpg\" data-dt-img-description=\"\" data-large_image_width=\"640\" data-large_image_height=\"453\"><img loading=\"lazy\" decoding=\"async\" class=\"wp-image-255173 alignleft\" src=\"https:\/\/www.radiopiu.net\/wordpress\/wp-content\/uploads\/2022\/01\/POLIZIA-POSTALE-300x212.jpg\" alt=\"\" width=\"158\" height=\"112\" srcset=\"https:\/\/www.radiopiu.net\/wordpress\/wp-content\/uploads\/2022\/01\/POLIZIA-POSTALE-300x212.jpg 300w, https:\/\/www.radiopiu.net\/wordpress\/wp-content\/uploads\/2022\/01\/POLIZIA-POSTALE.jpg 640w\" sizes=\"auto, (max-width: 158px) 100vw, 158px\" \/><\/a>Pedopornografia: l\u2019indagato bellunese chiede i domiciliari, sequestrati i dispositivi<\/strong><\/h4>\n<\/blockquote>\n<\/div>\n<\/div>\n<\/div>\n<\/div>\n<div class=\"mb-2 flex gap-3 empty:hidden -ml-2\">\n<div class=\"items-center justify-start rounded-xl p-1 flex\">\n<div class=\"flex items-center\"><strong>BELLUNO<\/strong> L&#8217;indagato bellunese per pedopornografia chiede i domiciliari, presentando ricorso al Tribunale del Riesame di Venezia. La Polizia postale ha sequestrato i suoi dispositivi. L&#8217;inchiesta, coordinata dalla Procura di Venezia, ha coinvolto diversi arrestati, che utilizzavano eMule per lo scambio di materiale illecito. Sequestrati hard disk e documentazione.<\/div>\n<div><\/div>\n<div><\/div>\n<div>\n<hr \/>\n<\/div>\n<div>\n<blockquote>\n<p data-start=\"0\" data-end=\"94\"><strong data-start=\"14\" data-end=\"92\"><a class=\"dt-pswp-item\" href=\"https:\/\/www.radiopiu.net\/wordpress\/wp-content\/uploads\/2025\/02\/download-18.jpg\" data-dt-img-description=\"\" data-large_image_width=\"305\" data-large_image_height=\"165\"><img loading=\"lazy\" decoding=\"async\" class=\"wp-image-436690 alignleft\" src=\"https:\/\/www.radiopiu.net\/wordpress\/wp-content\/uploads\/2025\/02\/download-18-300x162.jpg\" alt=\"\" width=\"196\" height=\"106\" srcset=\"https:\/\/www.radiopiu.net\/wordpress\/wp-content\/uploads\/2025\/02\/download-18-300x162.jpg 300w, https:\/\/www.radiopiu.net\/wordpress\/wp-content\/uploads\/2025\/02\/download-18.jpg 305w\" sizes=\"auto, (max-width: 196px) 100vw, 196px\" \/><\/a>Mistero a Salce: coltello insanguinato e tracce di sangue dietro la chiesa<\/strong><\/p>\n<\/blockquote>\n<p data-start=\"96\" data-end=\"465\" data-is-last-node=\"\" data-is-only-node=\"\"><strong data-start=\"96\" data-end=\"120\">BELLUNO <\/strong>Un coltello insanguinato e tracce di sangue trovati dietro la chiesa di Salce destano mistero. Il parroco ha allertato la polizia, che ha sequestrato gli oggetti e avviato le indagini. Nessun ferito segnalato in ospedale. La zona, spesso ritrovo di giovani, sar\u00e0 monitorata con videosorveglianza. Il caso si aggiunge a recenti atti vandalici.<\/p>\n<hr \/>\n<\/div>\n<div>OGGI LA GIUDIZIARIA<br \/>\nSINTESI, CORRIERE DELLE ALPI<br \/>\nGIGI SOSSO<\/div>\n<div>\n<blockquote>\n<p data-start=\"0\" data-end=\"92\"><strong data-start=\"14\" data-end=\"90\"><a href=\"https:\/\/www.radiopiu.net\/wordpress\/wp-content\/uploads\/2025\/02\/3774c16b-3b82-4b65-991f-c8fa0c619b0e.webp\"><img loading=\"lazy\" decoding=\"async\" class=\"wp-image-436691 alignleft\" src=\"https:\/\/www.radiopiu.net\/wordpress\/wp-content\/uploads\/2025\/02\/3774c16b-3b82-4b65-991f-c8fa0c619b0e-300x300.webp\" alt=\"\" width=\"102\" height=\"102\" srcset=\"https:\/\/www.radiopiu.net\/wordpress\/wp-content\/uploads\/2025\/02\/3774c16b-3b82-4b65-991f-c8fa0c619b0e-300x300.webp 300w, https:\/\/www.radiopiu.net\/wordpress\/wp-content\/uploads\/2025\/02\/3774c16b-3b82-4b65-991f-c8fa0c619b0e-150x150.webp 150w, https:\/\/www.radiopiu.net\/wordpress\/wp-content\/uploads\/2025\/02\/3774c16b-3b82-4b65-991f-c8fa0c619b0e-768x768.webp 768w, https:\/\/www.radiopiu.net\/wordpress\/wp-content\/uploads\/2025\/02\/3774c16b-3b82-4b65-991f-c8fa0c619b0e.webp 1024w\" sizes=\"auto, (max-width: 102px) 100vw, 102px\" \/><\/a>Operai comunali sorpresi a dormire: volontariato per evitare il processo<\/strong><\/p>\n<\/blockquote>\n<p data-start=\"94\" data-end=\"472\" data-is-only-node=\"\" data-is-last-node=\"\"><strong data-start=\"94\" data-end=\"118\">FELTRE\u00a0 <\/strong>Quattro operai del Comune di Feltre, accusati di truffa per pause prolungate e pennichelle sul lavoro, eviteranno il processo svolgendo lavori di pubblica utilit\u00e0. Il giudice ha concesso la messa alla prova con servizio in case di riposo o cooperative. Il Comune valuta azioni disciplinari e risarcimenti per il danno d\u2019immagine e il mancato servizio.<\/p>\n<\/div>\n<div><\/div>\n<div><\/div>\n<div>\n<blockquote>\n<p data-start=\"0\" data-end=\"103\"><strong data-start=\"0\" data-end=\"11\"><a class=\"dt-pswp-item\" href=\"https:\/\/www.radiopiu.net\/wordpress\/wp-content\/uploads\/2025\/02\/th-3.jpg\" data-dt-img-description=\"\" data-large_image_width=\"256\" data-large_image_height=\"256\"><img loading=\"lazy\" decoding=\"async\" class=\"wp-image-436699 alignleft\" src=\"https:\/\/www.radiopiu.net\/wordpress\/wp-content\/uploads\/2025\/02\/th-3.jpg\" alt=\"\" width=\"139\" height=\"139\" srcset=\"https:\/\/www.radiopiu.net\/wordpress\/wp-content\/uploads\/2025\/02\/th-3.jpg 256w, https:\/\/www.radiopiu.net\/wordpress\/wp-content\/uploads\/2025\/02\/th-3-150x150.jpg 150w\" sizes=\"auto, (max-width: 139px) 100vw, 139px\" \/><\/a><\/strong><strong data-start=\"12\" data-end=\"103\">Riti sciamanici e maltrattamenti: patteggiamento respinto, si cerca una pena pi\u00f9 severa<\/strong><\/p>\n<\/blockquote>\n<p data-start=\"105\" data-end=\"678\"><strong data-start=\"105\" data-end=\"129\">CORTINA<\/strong> Un uomo ha patteggiato due anni di reclusione per maltrattamenti in famiglia e violenza privata, inclusi riti sciamanici per &#8220;purificare&#8221; la compagna. Il giudice Elisabetta Scolozzi ha ritenuto la pena inadeguata, richiedendo una revisione con il pubblico ministero. La vittima, rappresentata dall&#8217;avvocato Simona Ianese, si \u00e8 costituita parte civile. L&#8217;imputato, difeso dall&#8217;avvocato Alberto Cilia, \u00e8 stato allontanato dalla casa. Le accuse includono insulti, minacce e un episodio di sequestro. La revisione della pena \u00e8 attesa nei prossimi mesi.<\/p>\n<\/div>\n<div><\/div>\n<div><\/div>\n<div>\n<blockquote>\n<p data-start=\"0\" data-end=\"87\"><strong data-start=\"14\" data-end=\"85\"><a href=\"https:\/\/www.radiopiu.net\/wordpress\/wp-content\/uploads\/2025\/02\/3d0331c6-9230-47f7-a905-deac06373e6f.webp\"><img loading=\"lazy\" decoding=\"async\" class=\"wp-image-436695 alignleft\" src=\"https:\/\/www.radiopiu.net\/wordpress\/wp-content\/uploads\/2025\/02\/3d0331c6-9230-47f7-a905-deac06373e6f-300x300.webp\" alt=\"\" width=\"130\" height=\"130\" srcset=\"https:\/\/www.radiopiu.net\/wordpress\/wp-content\/uploads\/2025\/02\/3d0331c6-9230-47f7-a905-deac06373e6f-300x300.webp 300w, https:\/\/www.radiopiu.net\/wordpress\/wp-content\/uploads\/2025\/02\/3d0331c6-9230-47f7-a905-deac06373e6f-150x150.webp 150w, https:\/\/www.radiopiu.net\/wordpress\/wp-content\/uploads\/2025\/02\/3d0331c6-9230-47f7-a905-deac06373e6f-768x768.webp 768w, https:\/\/www.radiopiu.net\/wordpress\/wp-content\/uploads\/2025\/02\/3d0331c6-9230-47f7-a905-deac06373e6f.webp 1024w\" sizes=\"auto, (max-width: 130px) 100vw, 130px\" \/><\/a>Maltrattamenti agli anziani in una struttura privata: nove indagati<\/strong><\/p>\n<\/blockquote>\n<p data-start=\"89\" data-end=\"509\" data-is-last-node=\"\" data-is-only-node=\"\"><strong data-start=\"89\" data-end=\"113\">ALANO DI PIAVE\u00a0 <\/strong>Nove operatori della Casa per ferie Istituto San Vincenzo, sono indagati per maltrattamenti aggravati su anziani non autosufficienti. Botte, pizzicotti e farmaci somministrati senza competenze sono stati documentati da telecamere nascoste. Alcuni imputati patteggeranno, altri andranno a processo. Le famiglie si costituiranno parte civile. Il processo riprender\u00e0 ad aprile.<\/p>\n<\/div>\n<\/div>\n<\/div>\n<blockquote>\n<div>\n<p data-start=\"89\" data-end=\"509\" data-is-last-node=\"\" data-is-only-node=\"\">\n<\/div>\n<p data-start=\"0\" data-end=\"91\"><strong data-start=\"14\" data-end=\"89\">\u00a0<\/strong><\/p>\n<p data-start=\"0\" data-end=\"91\"><strong data-start=\"14\" data-end=\"89\"><a href=\"https:\/\/www.radiopiu.net\/wordpress\/wp-content\/uploads\/2025\/02\/3e7a34c1-1b1f-461f-8057-1c89a173898a.webp\"><img loading=\"lazy\" decoding=\"async\" class=\"wp-image-436697 alignleft\" src=\"https:\/\/www.radiopiu.net\/wordpress\/wp-content\/uploads\/2025\/02\/3e7a34c1-1b1f-461f-8057-1c89a173898a-300x300.webp\" alt=\"\" width=\"175\" height=\"175\" srcset=\"https:\/\/www.radiopiu.net\/wordpress\/wp-content\/uploads\/2025\/02\/3e7a34c1-1b1f-461f-8057-1c89a173898a-300x300.webp 300w, https:\/\/www.radiopiu.net\/wordpress\/wp-content\/uploads\/2025\/02\/3e7a34c1-1b1f-461f-8057-1c89a173898a-150x150.webp 150w, https:\/\/www.radiopiu.net\/wordpress\/wp-content\/uploads\/2025\/02\/3e7a34c1-1b1f-461f-8057-1c89a173898a-768x768.webp 768w, https:\/\/www.radiopiu.net\/wordpress\/wp-content\/uploads\/2025\/02\/3e7a34c1-1b1f-461f-8057-1c89a173898a.webp 1024w\" sizes=\"auto, (max-width: 175px) 100vw, 175px\" \/><\/a>\u00a0<\/strong><strong data-start=\"14\" data-end=\"89\">Feltre, anziana raggirata: imputato sceglie l\u2019abbreviato per difendersi<\/strong><\/p>\n<\/blockquote>\n<p data-start=\"93\" data-end=\"444\"><strong data-start=\"93\" data-end=\"116\">FELTRE\u00a0 <\/strong>Un feltrino \u00e8 accusato di circonvenzione d\u2019incapace per aver intestato a s\u00e9 il garage di un\u2019anziana malata di sclerosi multipla. La donna si \u00e8 costituita parte civile. L\u2019imputato sceglie il rito abbreviato, condizionato al suo interrogatorio. Rischia fino a sei anni di carcere e una multa. Udienza fissata per il 6 maggio.<\/p>\n<hr \/>\n<p>&nbsp;<\/p>\n<blockquote>\n<h3>TORNA IL PIANO BOOST PER I DIPENDENTI ESSILORLUXOTTICA<\/h3>\n<\/blockquote>\n<p><strong><a class=\"dt-pswp-item\" href=\"https:\/\/www.radiopiu.net\/wordpress\/wp-content\/uploads\/2025\/01\/7b762d2c-5a3a-47a4-8736-43eacf1334e0.jpg\" data-dt-img-description=\"\" data-large_image_width=\"2048\" data-large_image_height=\"1536\"><img loading=\"lazy\" decoding=\"async\" class=\" wp-image-429659 alignleft\" src=\"https:\/\/www.radiopiu.net\/wordpress\/wp-content\/uploads\/2025\/01\/7b762d2c-5a3a-47a4-8736-43eacf1334e0-300x225.jpg\" alt=\"\" width=\"207\" height=\"155\" srcset=\"https:\/\/www.radiopiu.net\/wordpress\/wp-content\/uploads\/2025\/01\/7b762d2c-5a3a-47a4-8736-43eacf1334e0-300x225.jpg 300w, https:\/\/www.radiopiu.net\/wordpress\/wp-content\/uploads\/2025\/01\/7b762d2c-5a3a-47a4-8736-43eacf1334e0-1024x768.jpg 1024w, https:\/\/www.radiopiu.net\/wordpress\/wp-content\/uploads\/2025\/01\/7b762d2c-5a3a-47a4-8736-43eacf1334e0-768x576.jpg 768w, https:\/\/www.radiopiu.net\/wordpress\/wp-content\/uploads\/2025\/01\/7b762d2c-5a3a-47a4-8736-43eacf1334e0-1536x1152.jpg 1536w, https:\/\/www.radiopiu.net\/wordpress\/wp-content\/uploads\/2025\/01\/7b762d2c-5a3a-47a4-8736-43eacf1334e0.jpg 2048w\" sizes=\"auto, (max-width: 207px) 100vw, 207px\" \/><\/a>AGORDO <\/strong>Fino al 17 marzo, i dipendenti di EssilorLuxottica potranno sottoscrivere azioni della Societ\u00e0 attraverso un programma dedicato. Oltre alle opzioni tradizionali, sar\u00e0 disponibile il nuovo piano &#8220;SuperBoost&#8221;, che offre tre livelli di investimento (10, 20 o 40 azioni) con rispettivamente 5, 10 o 15 azioni gratuite fornite dall&#8217;azienda. Il programma Boost, introdotto nel 2019, consente ai dipendenti di acquistare azioni a condizioni agevolate, con l\u2019azienda che raddoppia l\u2019investimento iniziale, a patto che venga mantenuto per tre anni. Ad oggi, oltre 83.000 dipendenti nel mondo sono azionisti. In un messaggio interno condiviso da Francesco Milleri e Paul du Saillant, rispettivamente Presidente e Amministratore Delegato e Vice Amministratore Delegato del gruppo, si esprime grande soddisfazione per i risultati raggiunti: \u00a0\u201cNel 2024 abbiamo ancora una volta dimostrato che la nostra visione strategica, l\u2019agilit\u00e0 e la resilienza ci accompagnano verso il successo anche nei contesti pi\u00f9 sfidanti. Mentre EssilorLuxottica continua a crescere e a creare valore per gli azionisti, ci auguriamo la pi\u00f9 ampia partecipazione possibile verso la nostra crescita condivisa con SuperBoost 2025\u201d. Il mercato \u00e8 fiducioso nella crescita di EssilorLuxottica grazie alla sua strategia focalizzata su tecnologie indossabili, medicali e un portafoglio di marchi globali. Molti analisti hanno rivisto al rialzo il target price del titolo, prevedendo valori superiori ai 300 euro, rendendo il piano SuperBoost un&#8217;opportunit\u00e0 ancora pi\u00f9 interessante.<\/p>\n<p>&nbsp;<\/p>\n<p>&nbsp;<\/p>\n<hr \/>\n<p>&nbsp;<\/p>\n<blockquote>\n<h3>FAI CISL BELLUNO TREVISO: CONFERMATA LA SEGRETERIA USCENTE GUIDATA DA ANDREA MENEGHEL<\/h3>\n<\/blockquote>\n<p><strong><a class=\"dt-pswp-item\" href=\"https:\/\/www.radiopiu.net\/wordpress\/wp-content\/uploads\/2025\/02\/segReteria1-scaled.jpeg\" data-dt-img-description=\"\" data-large_image_width=\"2560\" data-large_image_height=\"1920\"><img loading=\"lazy\" decoding=\"async\" class=\"size-medium wp-image-436600 alignleft\" src=\"https:\/\/www.radiopiu.net\/wordpress\/wp-content\/uploads\/2025\/02\/segReteria1-300x225.jpeg\" alt=\"\" width=\"300\" height=\"225\" srcset=\"https:\/\/www.radiopiu.net\/wordpress\/wp-content\/uploads\/2025\/02\/segReteria1-300x225.jpeg 300w, https:\/\/www.radiopiu.net\/wordpress\/wp-content\/uploads\/2025\/02\/segReteria1-1024x768.jpeg 1024w, https:\/\/www.radiopiu.net\/wordpress\/wp-content\/uploads\/2025\/02\/segReteria1-768x576.jpeg 768w, https:\/\/www.radiopiu.net\/wordpress\/wp-content\/uploads\/2025\/02\/segReteria1-1536x1152.jpeg 1536w, https:\/\/www.radiopiu.net\/wordpress\/wp-content\/uploads\/2025\/02\/segReteria1-2048x1536.jpeg 2048w\" sizes=\"auto, (max-width: 300px) 100vw, 300px\" \/><\/a>TREVISO\/BELLUNO<\/strong> Il quarto Congresso della Fai Cisl Belluno Treviso, dal titolo \u201cAlimenta il futuro: lavoro, partecipazione, sostenibilit\u00e0\u201d, si \u00e8 svolto a Cornuda, confermando la segreteria guidata da Andrea Meneghel. Insieme a lui, sono stati riconfermati Nesida Luechtefeld e Marco Poletti. L\u2019evento ha definito le priorit\u00e0 sindacali per i prossimi quattro anni, tra cui formazione, lotta al caporalato, sicurezza e contrattazione. Meneghel ha evidenziato le difficolt\u00e0 del settore agricolo, caratterizzato da stagionalit\u00e0, bassi salari e scarsa attrattivit\u00e0, con una forte presenza di lavoro sommerso e manodopera straniera vulnerabile. Ha sottolineato la necessit\u00e0 di politiche per la formazione e l\u2019inclusione sociale. Nel settore agroalimentare, il comparto vitivinicolo \u00e8 trainante, mentre il lattiero-caseario risulta pi\u00f9 fragile. La Fai punta a migliorare salari, competenze e contrattazione di secondo livello. Per l\u2019ambiente, \u00e8 fondamentale una strategia di sviluppo e manutenzione del territorio, con un sostegno alle aree montane e alla forestazione, che necessita di riforme per valorizzare il lavoro. Il Segretario Nazionale Patrizio Giorni ha ribadito il ruolo dell\u2019Europa e l\u2019importanza della bilateralit\u00e0 e dei fondi previdenziali. Il segretario Cisl Belluno Treviso Francesco Orr\u00f9 ha sottolineato il valore della partecipazione dei lavoratori, centrale nella proposta di legge della Cisl per dare attuazione all\u2019articolo 46 della Costituzione e migliorare salari, sicurezza e produttivit\u00e0.<\/p>\n<p>&nbsp;<\/p>\n<p>&nbsp;<\/p>\n<hr \/>\n<p>&nbsp;<\/p>\n<blockquote>\n<h3>VIAGGIO IN BRASILE PER LA FAMIGLIA EX EMIGRANTI DELL&#8217;AGORDINO<\/h3>\n<\/blockquote>\n<p><strong><a class=\"dt-pswp-item\" href=\"https:\/\/www.radiopiu.net\/wordpress\/wp-content\/uploads\/2025\/02\/immagini-Brasile-febbraio-2025-1.jpg\" data-dt-img-description=\"\" data-large_image_width=\"675\" data-large_image_height=\"515\"><img loading=\"lazy\" decoding=\"async\" class=\" wp-image-436666 alignleft\" src=\"https:\/\/www.radiopiu.net\/wordpress\/wp-content\/uploads\/2025\/02\/immagini-Brasile-febbraio-2025-1-300x229.jpg\" alt=\"\" width=\"223\" height=\"170\" srcset=\"https:\/\/www.radiopiu.net\/wordpress\/wp-content\/uploads\/2025\/02\/immagini-Brasile-febbraio-2025-1-300x229.jpg 300w, https:\/\/www.radiopiu.net\/wordpress\/wp-content\/uploads\/2025\/02\/immagini-Brasile-febbraio-2025-1.jpg 675w\" sizes=\"auto, (max-width: 223px) 100vw, 223px\" \/><\/a>VALLADA<\/strong> Nel sud del Brasile, sopra Jaragu\u00e1 do Sul, \u00e8 stata inaugurata 13 anni fa la Chiesetta alpina, replica della chiesa di San Simon di Vallada Agordina, per onorare l\u2019emigrazione italiana e Papa Luciani. Negli anni, il sito si \u00e8 arricchito con un capitello decorato dagli artisti Franco Murer e Anna Marmolada, un padiglione per i visitatori, parcheggi e una via crucis. Oggi \u00e8 la principale attrazione della citt\u00e0, scelta anche per matrimoni e battesimi grazie alla vista panoramica. La Famiglia Bellunese di Jaragu\u00e1 do Sul continua a promuovere iniziative per rafforzare il legame culturale tra Italia e Brasile. Recentemente, Luca Luchetta e una delegazione italiana hanno partecipato alle celebrazioni per i 150 anni dell\u2019emigrazione italiana, ricevendo un riconoscimento dallo Stato di Santa Caterina. La delegazione ha anche visitato Massaranduba, comune gemellato con la Valle del Biois, dove ha presentato un libro su Sant\u2019Antonio. Il gemellaggio, firmato 14 anni fa, \u00e8 oggi pi\u00f9 forte che mai grazie all\u2019impegno di molte persone, tra cui il compianto Aclino Feder, detto Berlim.<\/p>\n<p>&nbsp;<\/p>\n<p>&nbsp;<\/p>\n<hr \/>\n<p>&nbsp;<\/p>\n<blockquote>\n<h3>E&#8217; SOLIDO IN VENETO IL MERCATO DEL LAVORO<\/h3>\n<\/blockquote>\n<p><strong><a class=\"dt-pswp-item\" href=\"https:\/\/www.radiopiu.net\/wordpress\/wp-content\/uploads\/2018\/05\/lavoro.jpg\" data-dt-img-description=\"\" data-large_image_width=\"1280\" data-large_image_height=\"720\"><img loading=\"lazy\" decoding=\"async\" class=\" wp-image-49672 alignleft\" src=\"https:\/\/www.radiopiu.net\/wordpress\/wp-content\/uploads\/2018\/05\/lavoro-300x169.jpg\" alt=\"\" width=\"204\" height=\"115\" srcset=\"https:\/\/www.radiopiu.net\/wordpress\/wp-content\/uploads\/2018\/05\/lavoro-300x169.jpg 300w, https:\/\/www.radiopiu.net\/wordpress\/wp-content\/uploads\/2018\/05\/lavoro-768x432.jpg 768w, https:\/\/www.radiopiu.net\/wordpress\/wp-content\/uploads\/2018\/05\/lavoro-1024x576.jpg 1024w, https:\/\/www.radiopiu.net\/wordpress\/wp-content\/uploads\/2018\/05\/lavoro.jpg 1280w\" sizes=\"auto, (max-width: 204px) 100vw, 204px\" \/><\/a>VENEZIA<\/strong> Il Veneto si conferma una regione dinamica e resiliente, con un mercato del lavoro solido e una crescita del PIL prevista al +0,6% nel 2025. Il bollettino socio-economico regionale evidenzia stabilit\u00e0 nei consumi (+0,5% nel 2024, +1% nel 2025) e un calo dell\u2019inflazione all\u20191,3%. L\u2019export soffre la riduzione delle vendite verso Germania, Francia e USA, ma registra risultati positivi nei settori agroalimentare (+4,6%) e orafo (+10,7%). Il turismo cresce (+2% arrivi, +2,1% presenze), con ottime performance per citt\u00e0 d\u2019arte e montagna. Il tasso di occupazione raggiunge il 70,6%, sopra la media nazionale. La raccolta differenziata tocca il 77,6% e il tasso di riciclo supera gli obiettivi UE. Migliorano anche edilizia scolastica e infrastrutture per l\u2019istruzione.<\/p>\n<p>&nbsp;<\/p>\n<p>&nbsp;<\/p>\n<hr \/>\n<p>&nbsp;<\/p>\n<blockquote>\n<h3>ILLECITI IN MATERIA RIFIUTI: UN TAVOLO REGIONALE<\/h3>\n<\/blockquote>\n<p><strong><a class=\"dt-pswp-item\" href=\"https:\/\/www.radiopiu.net\/wordpress\/wp-content\/uploads\/2025\/02\/BOTTACIN-1.jpeg\" data-dt-img-description=\"\" data-large_image_width=\"1600\" data-large_image_height=\"737\"><img loading=\"lazy\" decoding=\"async\" class=\" wp-image-436620 alignleft\" src=\"https:\/\/www.radiopiu.net\/wordpress\/wp-content\/uploads\/2025\/02\/BOTTACIN-1-300x138.jpeg\" alt=\"\" width=\"215\" height=\"99\" srcset=\"https:\/\/www.radiopiu.net\/wordpress\/wp-content\/uploads\/2025\/02\/BOTTACIN-1-300x138.jpeg 300w, https:\/\/www.radiopiu.net\/wordpress\/wp-content\/uploads\/2025\/02\/BOTTACIN-1-1024x472.jpeg 1024w, https:\/\/www.radiopiu.net\/wordpress\/wp-content\/uploads\/2025\/02\/BOTTACIN-1-768x354.jpeg 768w, https:\/\/www.radiopiu.net\/wordpress\/wp-content\/uploads\/2025\/02\/BOTTACIN-1-1536x708.jpeg 1536w, https:\/\/www.radiopiu.net\/wordpress\/wp-content\/uploads\/2025\/02\/BOTTACIN-1.jpeg 1600w\" sizes=\"auto, (max-width: 215px) 100vw, 215px\" \/><\/a>VENEZIA<\/strong> Si \u00e8 tenuta a Marghera una nuova riunione del tavolo interforze per la lotta agli illeciti in materia di rifiuti, istituito nel 2018 dall\u2019assessore regionale all\u2019Ambiente Gianpaolo Bottacin. Al tavolo partecipano Carabinieri del NOE, Vigili del Fuoco, Arpav, Universit\u00e0 di Padova, Anci e, pi\u00f9 recentemente, anche Prefetture e Upi. Bottacin ha sottolineato l\u2019importanza della collaborazione tra le istituzioni e l\u2019uso delle tecnologie di videosorveglianza finanziate dalla Regione per contrastare i traffici illeciti di rifiuti. Ha inoltre ribadito il coinvolgimento delle Prefetture per sensibilizzare le forze dell\u2019ordine statali e di Anci e Upi per le polizie provinciali e comunali. L\u2019assessore ha evidenziato il legame tra la criminalit\u00e0 organizzata e lo smaltimento illegale di rifiuti, ritenendo il tavolo un modello virtuoso anche a livello nazionale. Il suo operato \u00e8 stato citato in Commissione parlamentare bicamerale Ecoreati come esempio positivo. Grazie a questa iniziativa, in Veneto si registrano meno incendi di rifiuti rispetto ad altre regioni, ma Bottacin ha ribadito la necessit\u00e0 di un impegno continuo per contrastare il fenomeno.<\/p>\n<p>&nbsp;<\/p>\n<p>&nbsp;<\/p>\n<hr \/>\n<p>&nbsp;<\/p>\n<blockquote>\n<h3>SMOG A BELLUNO: SCATTA L&#8217;ALLERTA ARANCIO<\/h3>\n<\/blockquote>\n<p><strong><a class=\"dt-pswp-item\" href=\"https:\/\/www.radiopiu.net\/wordpress\/wp-content\/uploads\/2020\/10\/SCARICO-AUTO.jpg\" data-dt-img-description=\"\" data-large_image_width=\"1920\" data-large_image_height=\"1282\"><img loading=\"lazy\" decoding=\"async\" class=\" wp-image-164611 alignleft\" src=\"https:\/\/www.radiopiu.net\/wordpress\/wp-content\/uploads\/2020\/10\/SCARICO-AUTO-300x200.jpg\" alt=\"\" width=\"191\" height=\"127\" srcset=\"https:\/\/www.radiopiu.net\/wordpress\/wp-content\/uploads\/2020\/10\/SCARICO-AUTO-300x200.jpg 300w, https:\/\/www.radiopiu.net\/wordpress\/wp-content\/uploads\/2020\/10\/SCARICO-AUTO-1024x684.jpg 1024w, https:\/\/www.radiopiu.net\/wordpress\/wp-content\/uploads\/2020\/10\/SCARICO-AUTO-768x513.jpg 768w, https:\/\/www.radiopiu.net\/wordpress\/wp-content\/uploads\/2020\/10\/SCARICO-AUTO-1536x1026.jpg 1536w, https:\/\/www.radiopiu.net\/wordpress\/wp-content\/uploads\/2020\/10\/SCARICO-AUTO.jpg 1920w\" sizes=\"auto, (max-width: 191px) 100vw, 191px\" \/><\/a>BELLUNO<\/strong> Smog, scatta l&#8217;allerta arancio a Belluno. Nuove limitazioni al traffico, al riscaldamento e all&#8217;accensione di fuochi, alla luce dell&#8217;ormai annuale ordinanza anti-smog.<\/p>\n<p><strong>DI DANIELE DALVIT<\/strong><\/p>\n<audio class=\"wp-audio-shortcode\" id=\"audio-436474-8\" preload=\"none\" style=\"width: 100%;\" controls=\"controls\"><source type=\"audio\/mpeg\" src=\"https:\/\/www.radiopiu.net\/wordpress\/wp-content\/uploads\/2025\/02\/Servizio-Allerta-smog-arancio-Belluno.mp3?_=8\" \/><a href=\"https:\/\/www.radiopiu.net\/wordpress\/wp-content\/uploads\/2025\/02\/Servizio-Allerta-smog-arancio-Belluno.mp3\">https:\/\/www.radiopiu.net\/wordpress\/wp-content\/uploads\/2025\/02\/Servizio-Allerta-smog-arancio-Belluno.mp3<\/a><\/audio>\n<p>&nbsp;<\/p>\n<hr \/>\n<p>&nbsp;<\/p>\n<p>&nbsp;<\/p>\n<p>&nbsp;<\/p>\n<p>&nbsp;<\/p>\n<hr \/>\n<p>&nbsp;<\/p>\n<blockquote>\n<h3>PARTITI I LAVORI PER LA MESSA IN SICUREZZA DEL VERSANTE IN ZONA MALCOM A LONGARONE<\/h3>\n<\/blockquote>\n<p><strong>LONGARONE<\/strong> Nei giorni scorsi \u00e8 iniziata la messa in sicurezza della zona Malcom per riaprire il campo sportivo sussidiario e gli spogliatoi. La parete rocciosa sovrastante era instabile, con cadute di massi, soprattutto dopo Vaia. L\u2019intervento prevede il disgaggio dei massi pericolanti, la bonifica del versante e l\u2019installazione di una rete paramassi. Contestualmente, verranno riparati i danni agli spogliatoi e rimosso un masso pericolante vicino alla casetta degli alpini. I lavori dureranno circa tre settimane e costeranno 80mila euro, finanziati dalla Provincia. Inoltre, \u00e8 stato installato un dissuasore di velocit\u00e0 per migliorare la sicurezza lungo via Malcom.<\/p>\n\n\t\t\t<style type='text\/css'>\n\t\t\t\t#gallery-2 {\n\t\t\t\t\tmargin: auto;\n\t\t\t\t}\n\t\t\t\t#gallery-2 .gallery-item {\n\t\t\t\t\tfloat: left;\n\t\t\t\t\tmargin-top: 10px;\n\t\t\t\t\ttext-align: center;\n\t\t\t\t\twidth: 33%;\n\t\t\t\t}\n\t\t\t\t#gallery-2 img {\n\t\t\t\t\tborder: 2px solid #cfcfcf;\n\t\t\t\t}\n\t\t\t\t#gallery-2 .gallery-caption {\n\t\t\t\t\tmargin-left: 0;\n\t\t\t\t}\n\t\t\t\t\/* see gallery_shortcode() in wp-includes\/media.php *\/\n\t\t\t<\/style>\n\t\t<div id='gallery-2' class='dt-gallery-container gallery galleryid-436474 gallery-columns-3 gallery-size-medium'><dl class='gallery-item'>\n\t\t\t\t<dt class='gallery-icon landscape'>\n\t\t\t\t\t<a class=\"rollover rollover-zoom dt-pswp-item\" title=\"spogliatoio 1\" data-dt-img-description=\"\" data-large_image_width=\"1600\" data-large_image_height=\"1200\"href='https:\/\/www.radiopiu.net\/wordpress\/wp-content\/uploads\/2025\/02\/spogliatoio-1.jpg'><img loading=\"lazy\" decoding=\"async\" width=\"300\" height=\"225\" src=\"https:\/\/www.radiopiu.net\/wordpress\/wp-content\/uploads\/2025\/02\/spogliatoio-1-300x225.jpg\" class=\"attachment-medium size-medium\" alt=\"\" srcset=\"https:\/\/www.radiopiu.net\/wordpress\/wp-content\/uploads\/2025\/02\/spogliatoio-1-300x225.jpg 300w, https:\/\/www.radiopiu.net\/wordpress\/wp-content\/uploads\/2025\/02\/spogliatoio-1-1024x768.jpg 1024w, https:\/\/www.radiopiu.net\/wordpress\/wp-content\/uploads\/2025\/02\/spogliatoio-1-768x576.jpg 768w, https:\/\/www.radiopiu.net\/wordpress\/wp-content\/uploads\/2025\/02\/spogliatoio-1-1536x1152.jpg 1536w, https:\/\/www.radiopiu.net\/wordpress\/wp-content\/uploads\/2025\/02\/spogliatoio-1.jpg 1600w\" sizes=\"auto, (max-width: 300px) 100vw, 300px\" \/><\/a>\n\t\t\t\t<\/dt><\/dl><dl class='gallery-item'>\n\t\t\t\t<dt class='gallery-icon landscape'>\n\t\t\t\t\t<a class=\"rollover rollover-zoom dt-pswp-item\" title=\"spogliatoio 2\" data-dt-img-description=\"\" data-large_image_width=\"1600\" data-large_image_height=\"1200\"href='https:\/\/www.radiopiu.net\/wordpress\/wp-content\/uploads\/2025\/02\/spogliatoio-2.jpg'><img loading=\"lazy\" decoding=\"async\" width=\"300\" height=\"225\" src=\"https:\/\/www.radiopiu.net\/wordpress\/wp-content\/uploads\/2025\/02\/spogliatoio-2-300x225.jpg\" class=\"attachment-medium size-medium\" alt=\"\" srcset=\"https:\/\/www.radiopiu.net\/wordpress\/wp-content\/uploads\/2025\/02\/spogliatoio-2-300x225.jpg 300w, https:\/\/www.radiopiu.net\/wordpress\/wp-content\/uploads\/2025\/02\/spogliatoio-2-1024x768.jpg 1024w, https:\/\/www.radiopiu.net\/wordpress\/wp-content\/uploads\/2025\/02\/spogliatoio-2-768x576.jpg 768w, https:\/\/www.radiopiu.net\/wordpress\/wp-content\/uploads\/2025\/02\/spogliatoio-2-1536x1152.jpg 1536w, https:\/\/www.radiopiu.net\/wordpress\/wp-content\/uploads\/2025\/02\/spogliatoio-2.jpg 1600w\" sizes=\"auto, (max-width: 300px) 100vw, 300px\" \/><\/a>\n\t\t\t\t<\/dt><\/dl><dl class='gallery-item'>\n\t\t\t\t<dt class='gallery-icon landscape'>\n\t\t\t\t\t<a class=\"rollover rollover-zoom dt-pswp-item\" title=\"casetta alpini\" data-dt-img-description=\"\" data-large_image_width=\"1574\" data-large_image_height=\"1021\"href='https:\/\/www.radiopiu.net\/wordpress\/wp-content\/uploads\/2025\/02\/casetta-alpini.jpg'><img loading=\"lazy\" decoding=\"async\" width=\"300\" height=\"195\" src=\"https:\/\/www.radiopiu.net\/wordpress\/wp-content\/uploads\/2025\/02\/casetta-alpini-300x195.jpg\" class=\"attachment-medium size-medium\" alt=\"\" srcset=\"https:\/\/www.radiopiu.net\/wordpress\/wp-content\/uploads\/2025\/02\/casetta-alpini-300x195.jpg 300w, https:\/\/www.radiopiu.net\/wordpress\/wp-content\/uploads\/2025\/02\/casetta-alpini-1024x664.jpg 1024w, https:\/\/www.radiopiu.net\/wordpress\/wp-content\/uploads\/2025\/02\/casetta-alpini-768x498.jpg 768w, https:\/\/www.radiopiu.net\/wordpress\/wp-content\/uploads\/2025\/02\/casetta-alpini-1536x996.jpg 1536w, https:\/\/www.radiopiu.net\/wordpress\/wp-content\/uploads\/2025\/02\/casetta-alpini.jpg 1574w\" sizes=\"auto, (max-width: 300px) 100vw, 300px\" \/><\/a>\n\t\t\t\t<\/dt><\/dl><br style=\"clear: both\" \/>\n\t\t\t<\/div>\n\n<p>&nbsp;<\/p>\n<hr \/>\n<p>&nbsp;<\/p>\n<blockquote>\n<h2>Arabba Fodom sullo Iat \u00abNel primo bando c&#8217;erano troppi vincoli\u00bb<\/h2>\n<\/blockquote>\n<div class=\"articlePlainText\"><img loading=\"lazy\" decoding=\"async\" class=\"alignleft\" src=\"https:\/\/www.radiopiu.net\/wordpress\/wp-content\/uploads\/2021\/06\/th-15.jpg\" width=\"156\" height=\"203\" \/>DI Lorenzo Soratroi<\/div>\n<div><\/div>\n<div class=\"articlePlainText\"><strong>LIVINALLONGO<\/strong><\/div>\n<div class=\"articlePlainText\">\n<p>\u00abNon sono quelle esposte da Delmonego le motivazioni per cui \u00e8 andato deserto il primo bando del servizio Iat. Ma bene che il Comune abbia riconosciuto il nostro sforzo nel preparare la pratica a tempo di record\u00bb.<\/p>\n<p>FOTO MICHELA LEZUO<\/p>\n<p>AUDIO<\/p>\n<audio class=\"wp-audio-shortcode\" id=\"audio-436474-9\" preload=\"none\" style=\"width: 100%;\" controls=\"controls\"><source type=\"audio\/mpeg\" src=\"https:\/\/www.radiopiu.net\/wordpress\/wp-content\/uploads\/2025\/02\/WhatsApp-Ptt-2025-02-26-at-07.08.12.mp3?_=9\" \/><a href=\"https:\/\/www.radiopiu.net\/wordpress\/wp-content\/uploads\/2025\/02\/WhatsApp-Ptt-2025-02-26-at-07.08.12.mp3\">https:\/\/www.radiopiu.net\/wordpress\/wp-content\/uploads\/2025\/02\/WhatsApp-Ptt-2025-02-26-at-07.08.12.mp3<\/a><\/audio>\n<p>&nbsp;<\/p>\n<p>&nbsp;<\/p>\n<\/div>\n<hr \/>\n<p>&nbsp;<\/p>\n<h1 class=\"_title post-title entry-title\">CORTINA D\u2019AMPEZZO | PISTA DA BOB, \u2018SOPRALLUOGO POSITIVO\u2019. LA SFIDA CONTINUA<\/h1>\n<p>(Servizio di\u00a0<a href=\"https:\/\/antennatre.medianordest.it\/redazione\/Tiziana-Bolognani\/\">Tiziana Bolognani<\/a>)<\/p>\n<p><iframe loading=\"lazy\" title=\"PISTA DA BOB, &#039;SOPRALLUOGO POSITIVO&#039;. LA SFIDA CONTINUA | 25\/02\/2025\" width=\"1200\" height=\"675\" src=\"https:\/\/www.youtube.com\/embed\/tywOE-CJEAk?feature=oembed\" frameborder=\"0\" allow=\"accelerometer; autoplay; clipboard-write; encrypted-media; gyroscope; picture-in-picture; web-share\" referrerpolicy=\"strict-origin-when-cross-origin\" allowfullscreen><\/iframe><\/p>\n<p>&nbsp;<\/p>\n<hr \/>\n<p>&nbsp;<\/p>\n<blockquote>\n<h3>IL DRAMMA DELLA VIOLENZA CONTRO LE DONNE CON &#8220;NOI CHE&#8221; DI SEDICO<\/h3>\n<\/blockquote>\n<p><strong>DI MARINA DONA&#8217;<\/strong><\/p>\n<p><strong>AGORDO<\/strong> In sala Don Tamis ad Agordo il gruppo teatrale &#8220;Noi che&#8221; di Sedico, racconta con letture e dialoghi il dramma della violenza contro le donne intitolato &#8220;Neanche con un dito&#8221; &#8221; lo specchio dei tempi&#8221; di Stefano De Ruvo. Tratti storici di quella che era la figura della donna nella societ\u00e0 e in famiglia, perfettamente raccontate da Norma Sossai, Mirta Tornen e Edy Titon di &#8220;Noi che&#8221; del gruppo teatrale di Sedico. Grande partecipazione e grande interesse per questo appuntamento organizzato dall&#8217;universit\u00e0 adulti e anziani, e per concludere ricordiamo che ancora oggi la violenza di genere \u00e8 un tema tristemente di cronaca, ed \u00e8 una violazione dei diritti umani.<\/p>\n\n\t\t\t<style type='text\/css'>\n\t\t\t\t#gallery-3 {\n\t\t\t\t\tmargin: auto;\n\t\t\t\t}\n\t\t\t\t#gallery-3 .gallery-item {\n\t\t\t\t\tfloat: left;\n\t\t\t\t\tmargin-top: 10px;\n\t\t\t\t\ttext-align: center;\n\t\t\t\t\twidth: 16%;\n\t\t\t\t}\n\t\t\t\t#gallery-3 img {\n\t\t\t\t\tborder: 2px solid #cfcfcf;\n\t\t\t\t}\n\t\t\t\t#gallery-3 .gallery-caption {\n\t\t\t\t\tmargin-left: 0;\n\t\t\t\t}\n\t\t\t\t\/* see gallery_shortcode() in wp-includes\/media.php *\/\n\t\t\t<\/style>\n\t\t<div id='gallery-3' class='dt-gallery-container gallery galleryid-436474 gallery-columns-6 gallery-size-thumbnail'><dl class='gallery-item'>\n\t\t\t\t<dt class='gallery-icon landscape'>\n\t\t\t\t\t<a class=\"rollover rollover-zoom dt-pswp-item\" title=\"858deced-071b-4a2d-a8f9-13e6dc45c64c\" data-dt-img-description=\"\" data-large_image_width=\"1599\" data-large_image_height=\"1186\"href='https:\/\/www.radiopiu.net\/wordpress\/wp-content\/uploads\/2025\/02\/858deced-071b-4a2d-a8f9-13e6dc45c64c.jpg'><img loading=\"lazy\" decoding=\"async\" width=\"150\" height=\"150\" src=\"https:\/\/www.radiopiu.net\/wordpress\/wp-content\/uploads\/2025\/02\/858deced-071b-4a2d-a8f9-13e6dc45c64c-150x150.jpg\" class=\"attachment-thumbnail size-thumbnail\" alt=\"\" \/><\/a>\n\t\t\t\t<\/dt><\/dl><dl class='gallery-item'>\n\t\t\t\t<dt class='gallery-icon landscape'>\n\t\t\t\t\t<a class=\"rollover rollover-zoom dt-pswp-item\" title=\"4dfcd487-a824-496d-ba35-d3db0d1b2342\" data-dt-img-description=\"\" data-large_image_width=\"1600\" data-large_image_height=\"1200\"href='https:\/\/www.radiopiu.net\/wordpress\/wp-content\/uploads\/2025\/02\/4dfcd487-a824-496d-ba35-d3db0d1b2342.jpg'><img loading=\"lazy\" decoding=\"async\" width=\"150\" height=\"150\" src=\"https:\/\/www.radiopiu.net\/wordpress\/wp-content\/uploads\/2025\/02\/4dfcd487-a824-496d-ba35-d3db0d1b2342-150x150.jpg\" class=\"attachment-thumbnail size-thumbnail\" alt=\"\" \/><\/a>\n\t\t\t\t<\/dt><\/dl><dl class='gallery-item'>\n\t\t\t\t<dt class='gallery-icon landscape'>\n\t\t\t\t\t<a class=\"rollover rollover-zoom dt-pswp-item\" title=\"f6326c64-caa6-4a2d-9a92-689a73211a91\" data-dt-img-description=\"\" data-large_image_width=\"1600\" data-large_image_height=\"1200\"href='https:\/\/www.radiopiu.net\/wordpress\/wp-content\/uploads\/2025\/02\/f6326c64-caa6-4a2d-9a92-689a73211a91.jpg'><img loading=\"lazy\" decoding=\"async\" width=\"150\" height=\"150\" src=\"https:\/\/www.radiopiu.net\/wordpress\/wp-content\/uploads\/2025\/02\/f6326c64-caa6-4a2d-9a92-689a73211a91-150x150.jpg\" class=\"attachment-thumbnail size-thumbnail\" alt=\"\" \/><\/a>\n\t\t\t\t<\/dt><\/dl><dl class='gallery-item'>\n\t\t\t\t<dt class='gallery-icon landscape'>\n\t\t\t\t\t<a class=\"rollover rollover-zoom dt-pswp-item\" title=\"d1e3693f-f927-486a-954e-e75f5cf10ffd\" data-dt-img-description=\"\" data-large_image_width=\"1600\" data-large_image_height=\"1200\"href='https:\/\/www.radiopiu.net\/wordpress\/wp-content\/uploads\/2025\/02\/d1e3693f-f927-486a-954e-e75f5cf10ffd.jpg'><img loading=\"lazy\" decoding=\"async\" width=\"150\" height=\"150\" src=\"https:\/\/www.radiopiu.net\/wordpress\/wp-content\/uploads\/2025\/02\/d1e3693f-f927-486a-954e-e75f5cf10ffd-150x150.jpg\" class=\"attachment-thumbnail size-thumbnail\" alt=\"\" \/><\/a>\n\t\t\t\t<\/dt><\/dl><dl class='gallery-item'>\n\t\t\t\t<dt class='gallery-icon landscape'>\n\t\t\t\t\t<a class=\"rollover rollover-zoom dt-pswp-item\" title=\"a5b78e9c-5bbe-4b69-887c-7d52294e7e2a\" data-dt-img-description=\"\" data-large_image_width=\"1600\" data-large_image_height=\"1200\"href='https:\/\/www.radiopiu.net\/wordpress\/wp-content\/uploads\/2025\/02\/a5b78e9c-5bbe-4b69-887c-7d52294e7e2a.jpg'><img loading=\"lazy\" decoding=\"async\" width=\"150\" height=\"150\" src=\"https:\/\/www.radiopiu.net\/wordpress\/wp-content\/uploads\/2025\/02\/a5b78e9c-5bbe-4b69-887c-7d52294e7e2a-150x150.jpg\" class=\"attachment-thumbnail size-thumbnail\" alt=\"\" \/><\/a>\n\t\t\t\t<\/dt><\/dl><dl class='gallery-item'>\n\t\t\t\t<dt class='gallery-icon landscape'>\n\t\t\t\t\t<a class=\"rollover rollover-zoom dt-pswp-item\" title=\"56e72edd-867d-44ab-8b47-a5987aeab421\" data-dt-img-description=\"\" data-large_image_width=\"1600\" data-large_image_height=\"1200\"href='https:\/\/www.radiopiu.net\/wordpress\/wp-content\/uploads\/2025\/02\/56e72edd-867d-44ab-8b47-a5987aeab421.jpg'><img loading=\"lazy\" decoding=\"async\" width=\"150\" height=\"150\" src=\"https:\/\/www.radiopiu.net\/wordpress\/wp-content\/uploads\/2025\/02\/56e72edd-867d-44ab-8b47-a5987aeab421-150x150.jpg\" class=\"attachment-thumbnail size-thumbnail\" alt=\"\" \/><\/a>\n\t\t\t\t<\/dt><\/dl><br style=\"clear: both\" \/>\n\t\t\t<\/div>\n\n<p>&nbsp;<\/p>\n<div style=\"width: 1200px;\" class=\"wp-video\"><video class=\"wp-video-shortcode\" id=\"video-436474-1\" width=\"1200\" height=\"675\" preload=\"metadata\" controls=\"controls\"><source type=\"video\/mp4\" src=\"https:\/\/www.radiopiu.net\/wordpress\/wp-content\/uploads\/2025\/02\/WhatsApp-Video-2025-02-25-at-22.40.08.mp4?_=1\" \/><a href=\"https:\/\/www.radiopiu.net\/wordpress\/wp-content\/uploads\/2025\/02\/WhatsApp-Video-2025-02-25-at-22.40.08.mp4\">https:\/\/www.radiopiu.net\/wordpress\/wp-content\/uploads\/2025\/02\/WhatsApp-Video-2025-02-25-at-22.40.08.mp4<\/a><\/video><\/div>\n<p>&nbsp;<\/p>\n<hr \/>\n<p>&nbsp;<\/p>\n<blockquote>\n<h3>GIORNATA MONDIALE DEL RENE: L&#8217;INCONTRO CON L&#8217;ULSS 1 DOLOMITI<\/h3>\n<\/blockquote>\n<p><strong><a class=\"dt-pswp-item\" href=\"https:\/\/www.radiopiu.net\/wordpress\/wp-content\/uploads\/2025\/02\/RENE.jpg\" data-dt-img-description=\"\" data-large_image_width=\"940\" data-large_image_height=\"550\"><img loading=\"lazy\" decoding=\"async\" class=\" wp-image-436595 alignleft\" src=\"https:\/\/www.radiopiu.net\/wordpress\/wp-content\/uploads\/2025\/02\/RENE-300x176.jpg\" alt=\"\" width=\"179\" height=\"105\" srcset=\"https:\/\/www.radiopiu.net\/wordpress\/wp-content\/uploads\/2025\/02\/RENE-300x176.jpg 300w, https:\/\/www.radiopiu.net\/wordpress\/wp-content\/uploads\/2025\/02\/RENE-768x449.jpg 768w, https:\/\/www.radiopiu.net\/wordpress\/wp-content\/uploads\/2025\/02\/RENE.jpg 940w\" sizes=\"auto, (max-width: 179px) 100vw, 179px\" \/><\/a>BELLUNO <\/strong>In occasione della giornata mondiale del rene, che ricorre il prossimo 13 marzo, l\u2019Ulss Dolomiti, con le unit\u00e0 operative di Nefrologia, organizza un incontro aperto a tutta la cittadinanza per sensibilizzare sull\u2019importanza della salute dei nostri reni e sul tema del trapianto. L\u2019 incontro dal titolo \u201cIl trapianto di rene da vivente\u201d si terr\u00e0 mercoled\u00ec 12 marzo 2025 alle 17.00 in sala convegni dell\u2019ospedale di Belluno. Interverranno Lucrezia Furian, Direttore UOC Chirurgia dei Trapianti di Rene e Pancreas dell\u2019Azienda Ospedale \u2013 Universit\u00e0 di Padova e Enrico Petranzan, Direttore Operativo del Centro Regionale Trapianti. Inoltre, durante l\u2019incontro saranno presentate testimonianze di donatori e trapiantati.<\/p>\n<p>&nbsp;<\/p>\n<p>&nbsp;<\/p>\n<hr \/>\n<p>&nbsp;<\/p>\n<blockquote>\n<h3>RIPARTONO I MERCOLEDI DELLA SALUTE<\/h3>\n<\/blockquote>\n<p><strong><a class=\"dt-pswp-item\" href=\"https:\/\/www.radiopiu.net\/wordpress\/wp-content\/uploads\/2025\/02\/MERCOL-SAL.jpg\" data-dt-img-description=\"\" data-large_image_width=\"927\" data-large_image_height=\"695\"><img loading=\"lazy\" decoding=\"async\" class=\" wp-image-436597 alignleft\" src=\"https:\/\/www.radiopiu.net\/wordpress\/wp-content\/uploads\/2025\/02\/MERCOL-SAL-300x225.jpg\" alt=\"\" width=\"145\" height=\"109\" srcset=\"https:\/\/www.radiopiu.net\/wordpress\/wp-content\/uploads\/2025\/02\/MERCOL-SAL-300x225.jpg 300w, https:\/\/www.radiopiu.net\/wordpress\/wp-content\/uploads\/2025\/02\/MERCOL-SAL-768x576.jpg 768w, https:\/\/www.radiopiu.net\/wordpress\/wp-content\/uploads\/2025\/02\/MERCOL-SAL.jpg 927w\" sizes=\"auto, (max-width: 145px) 100vw, 145px\" \/><\/a>FELTRE <\/strong>Ripartono a Feltre \u201cI Mercoled\u00ec della Salute\u201d: il ciclo di incontri informativi organizzati dall\u2019Ulss Dolomiti, aperti a tutta la cittadinanza, per approfondire con i professionisti alcune tematiche legate alla promozione della salute e alla prevenzione. Il primo appuntamento si terr\u00e0 mercoled\u00ec 5 marzo 2025 alle 17.30 in Sala Convegni dell\u2019Ospedale di Feltre e sar\u00e0 dedicato al tema \u201cAlcol: rischi e consapevolezza tra salute e legalit\u00e0\u201d. Durante l\u2019incontro interverranno: Andrea Buda \u2013 Direttore della Gastroenterologia di Feltre, Amalia Manzan \u2013 Direttore del Servizio Dipendenze e Matteo Sponga \u2013 Direttore della Medicina Legale.<\/p>\n<p>&nbsp;<\/p>\n<p>&nbsp;<\/p>\n<hr \/>\n<p>&nbsp;<\/p>\n<blockquote>\n<h2>AL VIA I CORSI PER DIVENTARE VOLONTARI DI PETTIROSSO AGORDINO<\/h2>\n<\/blockquote>\n<p><strong><a class=\"dt-pswp-item\" href=\"https:\/\/www.radiopiu.net\/wordpress\/wp-content\/uploads\/2022\/11\/th-21.jpg\" data-dt-img-description=\"\" data-large_image_width=\"474\" data-large_image_height=\"335\"><img loading=\"lazy\" decoding=\"async\" class=\" wp-image-309972 alignleft\" src=\"https:\/\/www.radiopiu.net\/wordpress\/wp-content\/uploads\/2022\/11\/th-21-300x212.jpg\" alt=\"\" width=\"197\" height=\"139\" srcset=\"https:\/\/www.radiopiu.net\/wordpress\/wp-content\/uploads\/2022\/11\/th-21-300x212.jpg 300w, https:\/\/www.radiopiu.net\/wordpress\/wp-content\/uploads\/2022\/11\/th-21.jpg 474w\" sizes=\"auto, (max-width: 197px) 100vw, 197px\" \/><\/a>DI MIRKO MEZZACASA<\/strong><\/p>\n<p>OSPITI: Laura Miana e Sonia D&#8217;Agostini<\/p>\n<audio class=\"wp-audio-shortcode\" id=\"audio-436474-10\" preload=\"none\" style=\"width: 100%;\" controls=\"controls\"><source type=\"audio\/mpeg\" src=\"https:\/\/www.radiopiu.net\/wordpress\/wp-content\/uploads\/2025\/02\/SONIA-E-LAURA-CORSO-F-REBBRAIO.mp3?_=10\" \/><a href=\"https:\/\/www.radiopiu.net\/wordpress\/wp-content\/uploads\/2025\/02\/SONIA-E-LAURA-CORSO-F-REBBRAIO.mp3\">https:\/\/www.radiopiu.net\/wordpress\/wp-content\/uploads\/2025\/02\/SONIA-E-LAURA-CORSO-F-REBBRAIO.mp3<\/a><\/audio>\n<p>&nbsp;<\/p>\n<p>&nbsp;<\/p>\n<hr \/>\n<p>&nbsp;<\/p>\n<blockquote>\n<h3>DESTINAZIONE BORCA ALL&#8217;HOTEL BOITE<\/h3>\n<\/blockquote>\n<p><strong><a class=\"dt-pswp-item\" href=\"https:\/\/www.radiopiu.net\/wordpress\/wp-content\/uploads\/2025\/02\/Locandina-Destinazione-Borca.jpg\" data-dt-img-description=\"\" data-large_image_width=\"2479\" data-large_image_height=\"1577\"><img loading=\"lazy\" decoding=\"async\" class=\" wp-image-436593 alignleft\" src=\"https:\/\/www.radiopiu.net\/wordpress\/wp-content\/uploads\/2025\/02\/Locandina-Destinazione-Borca-300x191.jpg\" alt=\"\" width=\"176\" height=\"112\" srcset=\"https:\/\/www.radiopiu.net\/wordpress\/wp-content\/uploads\/2025\/02\/Locandina-Destinazione-Borca-300x191.jpg 300w, https:\/\/www.radiopiu.net\/wordpress\/wp-content\/uploads\/2025\/02\/Locandina-Destinazione-Borca-1024x651.jpg 1024w, https:\/\/www.radiopiu.net\/wordpress\/wp-content\/uploads\/2025\/02\/Locandina-Destinazione-Borca-768x489.jpg 768w, https:\/\/www.radiopiu.net\/wordpress\/wp-content\/uploads\/2025\/02\/Locandina-Destinazione-Borca-1536x977.jpg 1536w, https:\/\/www.radiopiu.net\/wordpress\/wp-content\/uploads\/2025\/02\/Locandina-Destinazione-Borca-2048x1303.jpg 2048w\" sizes=\"auto, (max-width: 176px) 100vw, 176px\" \/><\/a>BORCA DI CADORE<\/strong> L\u2019evento \u201cDestinazione Borca\u201d si terr\u00e0 il 28 febbraio all\u2019Hotel Boite di Borca di Cadore per raccontare la storia e il futuro della \u201cCorte delle Dolomiti\u201d. Nato nel 1954 su iniziativa di Enrico Mattei e dell\u2019ENI, il villaggio ha vissuto una rivitalizzazione dal 2000 grazie a Minoter. Il focus della serata, moderata dalla giornalista Katia Tafner, vedr\u00e0 la partecipazione di Francesco Accardo e del sindaco Bortolo Sala, che illustreranno le nuove iniziative previste dal Piano strategico 2023-2027. Tra queste, attivit\u00e0 culturali, investimenti sulle strutture e progetti per la comunit\u00e0. Gi\u00e0 avviato il rinnovo di 84 camere e 45 appartamenti con un investimento di un milione di euro.<\/p>\n<p>&nbsp;<\/p>\n<p>&nbsp;<\/p>\n<hr \/>\n<p>&nbsp;<\/p>\n<blockquote>\n<h3><a class=\"dt-pswp-item\" href=\"https:\/\/www.radiopiu.net\/wordpress\/wp-content\/uploads\/2020\/12\/CGIL.jpg\" data-dt-img-description=\"\" data-large_image_width=\"512\" data-large_image_height=\"285\"><img loading=\"lazy\" decoding=\"async\" class=\" wp-image-180372 alignleft\" src=\"https:\/\/www.radiopiu.net\/wordpress\/wp-content\/uploads\/2020\/12\/CGIL-300x167.jpg\" alt=\"\" width=\"165\" height=\"92\" srcset=\"https:\/\/www.radiopiu.net\/wordpress\/wp-content\/uploads\/2020\/12\/CGIL-300x167.jpg 300w, https:\/\/www.radiopiu.net\/wordpress\/wp-content\/uploads\/2020\/12\/CGIL.jpg 512w\" sizes=\"auto, (max-width: 165px) 100vw, 165px\" \/><\/a>DOMANI L&#8217;ASSEMBLEA DELLA CGIL BELLUNO<\/h3>\n<\/blockquote>\n<p><strong>BELLUNO<\/strong> L&#8217;Assemblea generale della CGIL di Belluno si terr\u00e0 gioved\u00ec 27 febbraio al Cinema Italia, dalle 9 alle 13. Al centro dell&#8217;incontro ci sar\u00e0 l&#8217;avvio della campagna referendaria promossa dalla CGIL, che mira a riformare la legislazione su licenziamenti illegittimi, tutele per i lavoratori delle piccole imprese, riduzione del precariato e sicurezza sul lavoro. Dopo il vaglio della Corte Costituzionale, sar\u00e0 incluso anche il quesito sulla riduzione dei tempi per ottenere la cittadinanza italiana.<\/p>\n<p>&nbsp;<\/p>\n<p>&nbsp;<\/p>\n<hr \/>\n<p>&nbsp;<\/p>\n<h2><span style=\"color: #ff0000;\">CONSIGLI COMUNALI IN AGORDINO<\/span><\/h2>\n<p><strong>CANALE D&#8217;AGORDO<\/strong> E&#8217; in programma per oggi alle 20 il consiglio comunale. Il Sindaco Massimo Murer ha convocato i consiglieri per trattare 9 punti all&#8217;ordine del giorno tra cui l&#8217;aliquota comunale all&#8217;imposta sul reddito, l&#8217;IMU, la verifica delle aree fabbricabili, l&#8217;approvazione del DUP, la nomina del revisore dei conti, l&#8217;approvazione del bilancio 2025\/27 e le revisioni del contratto di concessione in localit\u00e0 Col Mont e Malga Stia.<\/p>\n<p><strong>CENCENIGHE<\/strong> E&#8217; convocato per domani alle 20:30 il consiglio comunale di Cencenighe. Quattro punti da trattare tra cui la verifica delle aree fabbricabili e dei fabbricati destinati alla cessione, il piano delle alienazioni 2025-27 e l&#8217;approvazione del DUP e bilancio di previsione 2025-27.<\/p>\n<p>&nbsp;<\/p>\n<p>&nbsp;<\/p>\n<p>&nbsp;<\/p>\n<p>&nbsp;<\/p>\n<hr \/>\n<p>&nbsp;<\/p>\n<blockquote>\n<h3>ASSEMBLEA PER I SOCI DELL&#8217;UNION LADINA AGORDINA<\/h3>\n<\/blockquote>\n<p><strong>VOLTAGO<\/strong><\/p>\n<p>DI GIANNI SANTOMASO<\/p>\n<audio class=\"wp-audio-shortcode\" id=\"audio-436474-11\" preload=\"none\" style=\"width: 100%;\" controls=\"controls\"><source type=\"audio\/mpeg\" src=\"https:\/\/www.radiopiu.net\/wordpress\/wp-content\/uploads\/2025\/02\/GIANNI-ASSEMBLEA-PER-I-SOCI-DELLUNION-LADINA-AGORDINA-SCAD-1-MAR.mp3?_=11\" \/><a href=\"https:\/\/www.radiopiu.net\/wordpress\/wp-content\/uploads\/2025\/02\/GIANNI-ASSEMBLEA-PER-I-SOCI-DELLUNION-LADINA-AGORDINA-SCAD-1-MAR.mp3\">https:\/\/www.radiopiu.net\/wordpress\/wp-content\/uploads\/2025\/02\/GIANNI-ASSEMBLEA-PER-I-SOCI-DELLUNION-LADINA-AGORDINA-SCAD-1-MAR.mp3<\/a><\/audio>\n<p>&nbsp;<\/p>\n<hr \/>\n<p>&nbsp;<\/p>\n<blockquote>\n<h3>ASSEMBLEA DEI SOCI DEL GAMP<\/h3>\n<\/blockquote>\n<p><strong>AGORDO<\/strong><\/p>\n<p>DI GIANNI SANTOMASO<\/p>\n<audio class=\"wp-audio-shortcode\" id=\"audio-436474-12\" preload=\"none\" style=\"width: 100%;\" controls=\"controls\"><source type=\"audio\/mpeg\" src=\"https:\/\/www.radiopiu.net\/wordpress\/wp-content\/uploads\/2025\/02\/GIANNI-ASSMBLEA-DEI-SOCI-DEL-GAMP-SCAD-1-MAR.mp3?_=12\" \/><a href=\"https:\/\/www.radiopiu.net\/wordpress\/wp-content\/uploads\/2025\/02\/GIANNI-ASSMBLEA-DEI-SOCI-DEL-GAMP-SCAD-1-MAR.mp3\">https:\/\/www.radiopiu.net\/wordpress\/wp-content\/uploads\/2025\/02\/GIANNI-ASSMBLEA-DEI-SOCI-DEL-GAMP-SCAD-1-MAR.mp3<\/a><\/audio>\n<p>&nbsp;<\/p>\n<hr \/>\n<p>&nbsp;<\/p>\n<blockquote>\n<h3><a class=\"dt-pswp-item\" href=\"https:\/\/www.radiopiu.net\/wordpress\/wp-content\/uploads\/2023\/03\/ALPINI.png\" data-dt-img-description=\"\" data-large_image_width=\"245\" data-large_image_height=\"208\"><img loading=\"lazy\" decoding=\"async\" class=\" wp-image-326487 alignleft\" src=\"https:\/\/www.radiopiu.net\/wordpress\/wp-content\/uploads\/2023\/03\/ALPINI.png\" alt=\"\" width=\"118\" height=\"100\" \/><\/a>L&#8217;ASSEMBLEA DELL&#8217;ANA BELLUNO<\/h3>\n<\/blockquote>\n<p><strong>BELLUNO<\/strong> L\u2019assemblea dei delegati ANA Belluno si terr\u00e0 domenica\u00a0 a Belluno, presso la Caserma Salsa\/D\u2019Angelo. La giornata inizier\u00e0 con una Messa in memoria dei caduti, seguita da una sfilata e una cerimonia alla Caserma del 7\u00b0 Alpini. Dopo le operazioni preliminari, alle 10.30 si svolger\u00e0 l\u2019assemblea annuale ordinaria. L\u2019evento si concluder\u00e0 con un pranzo al ristorante \u201cAl Parco\u201d di Coi di Navasa.<\/p>\n<p>&nbsp;<\/p>\n<p>&nbsp;<\/p>\n<hr \/>\n<p>&nbsp;<\/p>\n<blockquote>\n<h3>SABATO A CANALE D&#8217;AGORDO BATTISTA COSTANTINI E LA SUA IMPRONTA SULLE FORESTE E SULLE MONTAGNE DEL VENETO<\/h3>\n<\/blockquote>\n<p><strong><a class=\"dt-pswp-item\" href=\"https:\/\/www.radiopiu.net\/wordpress\/wp-content\/uploads\/2025\/02\/GDLKJGAOY-1.jpg\" data-dt-img-description=\"\" data-large_image_width=\"1080\" data-large_image_height=\"1158\"><img loading=\"lazy\" decoding=\"async\" class=\" wp-image-436440 alignleft\" src=\"https:\/\/www.radiopiu.net\/wordpress\/wp-content\/uploads\/2025\/02\/GDLKJGAOY-1-280x300.jpg\" alt=\"\" width=\"205\" height=\"220\" srcset=\"https:\/\/www.radiopiu.net\/wordpress\/wp-content\/uploads\/2025\/02\/GDLKJGAOY-1-280x300.jpg 280w, https:\/\/www.radiopiu.net\/wordpress\/wp-content\/uploads\/2025\/02\/GDLKJGAOY-1-955x1024.jpg 955w, https:\/\/www.radiopiu.net\/wordpress\/wp-content\/uploads\/2025\/02\/GDLKJGAOY-1-768x823.jpg 768w, https:\/\/www.radiopiu.net\/wordpress\/wp-content\/uploads\/2025\/02\/GDLKJGAOY-1.jpg 1080w\" sizes=\"auto, (max-width: 205px) 100vw, 205px\" \/><\/a>CANALE D&#8217;AGORDO <\/strong>Sabato 1 marzo, a Canale d\u2019Agordo, i forestali che a vario titolo hanno collaborato con lui, ricorderanno, nel trentennale dalla scomparsa, la figura del dott. Battista Costantini, che nel periodo 1974-1995 fu capo del Dipartimento per le Foreste e l\u2019Economia montana e Segretario per le Attivit\u00e0 produttive del Settore Primario della Regione Veneto. Tecnici forestali e amministratori della montagna veneta non dimenticano l\u2019impegno, la fantasia, l\u2019energia profusa in quegli anni da Costantini. Dalla sistemazione del territorio dopo l\u2019alluvione del 1966 al primo monitoraggio dello stesso attraverso i satelliti, Costantini \u00e8 stato il motore di un continuo sforzo di crescita del settore forestale e dell\u2019ambiente montano, con echi anche a livello\u00a0 internazionale. Il programma della giornata prevede con inizio alle ore 10,00, presso la sala Zand\u00f2 di Canale d\u2019Agordo, i seguenti interventi: Orazio Andrich: \u201cLa matrice ancestrale: la selvicoltura e la pianificazione forestale\u201d; Antonio Santocono: \u201cLa nascita della Direzione Foreste: l\u2019innovazione e la ricerca in campo forestale\u201d; Massimo Crespi: \u201cBattista Costantini: un uomo per tutte le stagioni\u201d; Guido Munari: \u201cUna collaborazione interessante sul piano professionale ed umano\u201d; Paola Berto: \u201cL\u2019approccio integrato alla difesa idrogeologica\u201d; Paolo Zanetti e Flavio De Nicol\u00f2: \u201cI legami con il CFS\u201d; Orazio Andrich: \u201cLe lezioni apprese per la gestione della Montagna &#8211; Conclusioni\u201d. Alle ore 12,00 Santa Messa in suffragio, presso la Chiesa Arcipretale.<\/p>\n<p>&nbsp;<\/p>\n<p><strong>GRAZIE A PIERANTONIO ZANCHETTA PER IL VIDEO D&#8217;ARCHIVIO<\/strong><\/p>\n<div style=\"width: 768px;\" class=\"wp-video\"><video class=\"wp-video-shortcode\" id=\"video-436474-2\" width=\"768\" height=\"576\" preload=\"metadata\" controls=\"controls\"><source type=\"video\/mp4\" src=\"https:\/\/www.radiopiu.net\/wordpress\/wp-content\/uploads\/2025\/02\/WhatsApp-Video-2025-02-24-at-17.33.48.mp4?_=2\" \/><a href=\"https:\/\/www.radiopiu.net\/wordpress\/wp-content\/uploads\/2025\/02\/WhatsApp-Video-2025-02-24-at-17.33.48.mp4\">https:\/\/www.radiopiu.net\/wordpress\/wp-content\/uploads\/2025\/02\/WhatsApp-Video-2025-02-24-at-17.33.48.mp4<\/a><\/video><\/div>\n<p>&nbsp;<\/p>\n<hr \/>\n<p>&nbsp;<\/p>\n<blockquote>\n<h3>TORNA A BELLUNO &#8220;IL VENTO TRA I CAPELLI&#8221;, LA PEDONATA NON COMPETITIVA DEL COMITATO PREVENZIONE SALUTE DONNA<\/h3>\n<\/blockquote>\n<p><strong><a class=\"dt-pswp-item\" href=\"https:\/\/www.radiopiu.net\/wordpress\/wp-content\/uploads\/2025\/02\/VENTO-CAPELLI-2025.jpg\" data-dt-img-description=\"\" data-large_image_width=\"767\" data-large_image_height=\"508\"><img loading=\"lazy\" decoding=\"async\" class=\" wp-image-436420 alignleft\" src=\"https:\/\/www.radiopiu.net\/wordpress\/wp-content\/uploads\/2025\/02\/VENTO-CAPELLI-2025-300x199.jpg\" alt=\"\" width=\"220\" height=\"146\" srcset=\"https:\/\/www.radiopiu.net\/wordpress\/wp-content\/uploads\/2025\/02\/VENTO-CAPELLI-2025-300x199.jpg 300w, https:\/\/www.radiopiu.net\/wordpress\/wp-content\/uploads\/2025\/02\/VENTO-CAPELLI-2025.jpg 767w\" sizes=\"auto, (max-width: 220px) 100vw, 220px\" \/><\/a>BELLUNO<\/strong> \u200b<span class=\"relative -mx-px my-[-0.2rem] rounded px-px py-[0.2rem]\">La 19\u00aa edizione della pedonata solidale &#8220;Il Vento tra i Capelli&#8221; si terr\u00e0 il 16 marzo 2025 alle 10 in Piazza dei Martiri a Belluno.<\/span> <span class=\"relative -mx-px my-[-0.2rem] rounded px-px py-[0.2rem]\">Organizzata dal Comitato Progetto Prevenzione Salute Donna, l&#8217;evento mira a sensibilizzare sull&#8217;importanza della prevenzione e della diagnosi precoce, incoraggiando le donne a prendersi cura della propria salute.<\/span> <span class=\"relative -mx-px my-[-0.2rem] rounded px-px py-[0.2rem]\">I fondi raccolti saranno destinati all&#8217;acquisto di strumenti diagnostici avanzati per l&#8217;Ospedale di Belluno, al fine di migliorare la precisione delle diagnosi.<\/span> <span class=\"relative -mx-px my-[-0.2rem] rounded px-px py-[0.2rem]\">Le iscrizioni saranno aperte dalle ore 9:00 del giorno stesso presso l&#8217;area antistante il Caff\u00e8 Manin, dove verr\u00e0 consegnata una maglietta colorata, simbolo della manifestazione, da indossare durante il percorso di circa 5 km attraverso le vie del centro cittadino.<\/span> <span class=\"relative -mx-px my-[-0.2rem] rounded px-px py-[0.2rem]\">La partecipazione \u00e8 aperta a tutti e il percorso \u00e8 adatto a persone di tutte le et\u00e0, inclusi passeggini e carrozzine.<\/span> <span class=\"relative -mx-px my-[-0.2rem] rounded px-px py-[0.2rem]\">Unisciti a noi per diffondere un messaggio di speranza e contribuire concretamente alla causa.<\/span><\/p>\n<p>&nbsp;<\/p>\n<p>&nbsp;<\/p>\n<hr \/>\n<p>&nbsp;<\/p>\n<blockquote>\n<h3>MARIO VIELMO, IL PRIMO ALPINISTA VENETO DEI 14 OTTOMILA, AL NOF FILO&#8217; DI CENCENIGHE<\/h3>\n<\/blockquote>\n<p><strong><a class=\"dt-pswp-item\" href=\"https:\/\/www.radiopiu.net\/wordpress\/wp-content\/uploads\/2025\/02\/Mario-in-vetta-al-Nanga-Parbat-8126m-3-luglio-2023-ore-1630.png\" data-dt-img-description=\"\" data-large_image_width=\"1434\" data-large_image_height=\"893\"><img loading=\"lazy\" decoding=\"async\" class=\" wp-image-436157 alignleft\" src=\"https:\/\/www.radiopiu.net\/wordpress\/wp-content\/uploads\/2025\/02\/Mario-in-vetta-al-Nanga-Parbat-8126m-3-luglio-2023-ore-1630-300x187.png\" alt=\"\" width=\"191\" height=\"119\" srcset=\"https:\/\/www.radiopiu.net\/wordpress\/wp-content\/uploads\/2025\/02\/Mario-in-vetta-al-Nanga-Parbat-8126m-3-luglio-2023-ore-1630-300x187.png 300w, https:\/\/www.radiopiu.net\/wordpress\/wp-content\/uploads\/2025\/02\/Mario-in-vetta-al-Nanga-Parbat-8126m-3-luglio-2023-ore-1630-1024x638.png 1024w, https:\/\/www.radiopiu.net\/wordpress\/wp-content\/uploads\/2025\/02\/Mario-in-vetta-al-Nanga-Parbat-8126m-3-luglio-2023-ore-1630-768x478.png 768w, https:\/\/www.radiopiu.net\/wordpress\/wp-content\/uploads\/2025\/02\/Mario-in-vetta-al-Nanga-Parbat-8126m-3-luglio-2023-ore-1630.png 1434w\" sizes=\"auto, (max-width: 191px) 100vw, 191px\" \/><\/a>CENCENIGHE<\/strong> Il Gruppo Amici della Montagna di Cencenighe, con il patrocinio del Comune, organizza una serata con l&#8217;alpinista Mario Vielmo, primo veneto a scalare tutti i 14 ottomila della Terra. L&#8217;evento, intitolato <em data-start=\"204\" data-end=\"271\">&#8220;Mario Vielmo, una vita per gli ottomila in Himalaya e Karakorum&#8221;<\/em>, si terr\u00e0 sabato 1\u00b0 marzo alle 20:45 presso il Nof Fil\u00f2 di Cencenighe Agordino, con ingresso libero. Vielmo, nato a Lonigo nel 1964, ha completato la sua impresa nell\u2019ottobre 2024 con la scalata dello Shisha Pangma (8.027 m). Il suo viaggio nelle alte quote \u00e8 iniziato nel 1996, raggiungendo il primo ottomila nel 1998. Durante la serata, moderata da Gianpaolo Soratroi, Vielmo racconter\u00e0 le sue esperienze con immagini e filmati. L&#8217;evento si inserisce nella tradizione del Gruppo Amici della Montagna, che da anni ospita alpinisti di fama internazionale. Sar\u00e0 un\u2019occasione per conoscere da vicino uno dei pi\u00f9 grandi alpinisti italiani e il lato umano delle sue imprese.<\/p>\n<h3><span style=\"color: #ff0000;\"><strong>LO SPECIALE ALLA RADIO\u00a0<\/strong><\/span><\/h3>\n<p><strong>DI LUISA MANFROI<\/strong><\/p>\n<p>OSPITE: Mario Vielmo<\/p>\n<audio class=\"wp-audio-shortcode\" id=\"audio-436474-13\" preload=\"none\" style=\"width: 100%;\" controls=\"controls\"><source type=\"audio\/mpeg\" src=\"https:\/\/www.radiopiu.net\/wordpress\/wp-content\/uploads\/2025\/02\/LUISA-MANFROI-SPECIALE-Serata_GAM_Vielmo-scadenza-01-marzo.mp3?_=13\" \/><a href=\"https:\/\/www.radiopiu.net\/wordpress\/wp-content\/uploads\/2025\/02\/LUISA-MANFROI-SPECIALE-Serata_GAM_Vielmo-scadenza-01-marzo.mp3\">https:\/\/www.radiopiu.net\/wordpress\/wp-content\/uploads\/2025\/02\/LUISA-MANFROI-SPECIALE-Serata_GAM_Vielmo-scadenza-01-marzo.mp3<\/a><\/audio>\n<p>&nbsp;<\/p>\n<p>&nbsp;<\/p>\n<hr \/>\n<p>&nbsp;<\/p>\n<blockquote>\n<p data-start=\"0\" data-end=\"60\"><strong data-start=\"0\" data-end=\"58\"><a class=\"dt-pswp-item\" href=\"https:\/\/www.radiopiu.net\/wordpress\/wp-content\/uploads\/2025\/02\/Senza-nome-50.png\" data-dt-img-description=\"\" data-large_image_width=\"180\" data-large_image_height=\"222\"><img loading=\"lazy\" decoding=\"async\" class=\" wp-image-435124 alignleft\" src=\"https:\/\/www.radiopiu.net\/wordpress\/wp-content\/uploads\/2025\/02\/Senza-nome-50.png\" alt=\"\" width=\"119\" height=\"147\" \/><\/a>Longarone: corso gratuito per l\u2019uso del defibrillatore<\/strong><\/p>\n<\/blockquote>\n<p><strong>LONGARONE<\/strong> si terr\u00e0 a marzo un corso gratuito B.L.S.D. (Basic Life Support and Defibrillation) per insegnare l\u2019uso del defibrillatore semiautomatico esterno e le tecniche di rianimazione. L\u2019iniziativa, promossa dal Comune con la Pro Loco e altre associazioni, mira a formare cittadini in grado di gestire emergenze cardiache. Due defibrillatori sono gi\u00e0 presenti in paese, ma la conoscenza del loro utilizzo \u00e8 fondamentale. Iscrizioni entro il 9 marzo tramite la Pro Loco di Longarone.<\/p>\n<p>&nbsp;<\/p>\n<p>&nbsp;<\/p>\n<p>&nbsp;<\/p>\n<hr \/>\n<p>&nbsp;<\/p>\n<blockquote>\n<h3>SABATO LA MASCOREDA A SOTTOGUDA DI ROCCA PIETORE<\/h3>\n<\/blockquote>\n<p><strong>ROCCA PIETORE <\/strong>Torna il tradizionale evento di carnevale a Sottoguda, la Mascor\u00e8da, uno degli appuntamenti dei &#8220;Carnevai de le vai&#8221;. Le maschere tipiche del carnevale prenderanno forma ancora una volta grazie ai giovani della zona che tramandano questa antica tradizione fatta di colori, musica e tanta allegria. Il corteo vedr\u00e0 protagonisti i Matazin, le figure simbolo del carnevale, vestiti con fazzoletti colorati e con un originale copricapo ricoperto di fiori e nastri. Altre figure caratteristiche ad accompagnare i Matazin sono le Mascore de legn e i Musicisti, guidati dal Capomascora. La sfilata partir\u00e0 alle 14:00 dall\u2019Hotel Pineta, con tappe a Bosco Verde e Pian, per concludersi alle 16:30-17:00 a Sottoguda, dove si terr\u00e0 una festa con giochi, rinfresco e premiazione delle maschere pi\u00f9 belle. La giornata si chiuder\u00e0 con una festa danzante alle 20:00 presso l\u2019Hotel Albe.<\/p>\n<p><a class=\"dt-pswp-item\" href=\"https:\/\/www.radiopiu.net\/wordpress\/wp-content\/uploads\/2025\/02\/480153611_1142672827647771_4849027597980985580_n.jpg\" data-dt-img-description=\"\" data-large_image_width=\"512\" data-large_image_height=\"640\"><img loading=\"lazy\" decoding=\"async\" class=\"size-medium wp-image-436647 aligncenter\" src=\"https:\/\/www.radiopiu.net\/wordpress\/wp-content\/uploads\/2025\/02\/480153611_1142672827647771_4849027597980985580_n-240x300.jpg\" alt=\"\" width=\"240\" height=\"300\" srcset=\"https:\/\/www.radiopiu.net\/wordpress\/wp-content\/uploads\/2025\/02\/480153611_1142672827647771_4849027597980985580_n-240x300.jpg 240w, https:\/\/www.radiopiu.net\/wordpress\/wp-content\/uploads\/2025\/02\/480153611_1142672827647771_4849027597980985580_n.jpg 512w\" sizes=\"auto, (max-width: 240px) 100vw, 240px\" \/><\/a><\/p>\n<p>&nbsp;<\/p>\n<hr \/>\n<p>&nbsp;<\/p>\n<blockquote>\n<h2><a href=\"https:\/\/www.radiopiu.net\/wordpress\/wp-content\/uploads\/2025\/02\/wo6o5gsi.bmp\"><img loading=\"lazy\" decoding=\"async\" class=\"size-medium wp-image-434597 alignleft\" src=\"https:\/\/www.radiopiu.net\/wordpress\/wp-content\/uploads\/2025\/02\/wo6o5gsi-150x300.jpg\" alt=\"\" width=\"150\" height=\"300\" srcset=\"https:\/\/www.radiopiu.net\/wordpress\/wp-content\/uploads\/2025\/02\/wo6o5gsi-150x300.jpg 150w, https:\/\/www.radiopiu.net\/wordpress\/wp-content\/uploads\/2025\/02\/wo6o5gsi-513x1024.jpg 513w, https:\/\/www.radiopiu.net\/wordpress\/wp-content\/uploads\/2025\/02\/wo6o5gsi-768x1534.jpg 768w, https:\/\/www.radiopiu.net\/wordpress\/wp-content\/uploads\/2025\/02\/wo6o5gsi-769x1536.jpg 769w, https:\/\/www.radiopiu.net\/wordpress\/wp-content\/uploads\/2025\/02\/wo6o5gsi.bmp 801w\" sizes=\"auto, (max-width: 150px) 100vw, 150px\" \/><\/a>DOMENICA 2 MARZO, A CANALE D&#8217;AGORDO &#8220;LA ZINGHENESTA&#8221;<\/h2>\n<\/blockquote>\n<p>&nbsp;<\/p>\n<p><strong>CANALE D&#8217;AGORDO <\/strong>La <strong data-start=\"43\" data-end=\"58\">Zinghen\u00e9sta<\/strong> \u00e8 un&#8217;antica festa in maschera che si svolge a Canale d&#8217;Agordo, l&#8217;ultima domenica di Carnevale. Questa tradizione, risalente al XVIII secolo, \u00e8 stata ripresa nel 2013 dal comitato locale, riscuotendo un ampio consenso.\u00a0 Il termine &#8220;Zinghen\u00e9sta&#8221; si riferisce alla ragazza pi\u00f9 bella del paese, eletta annualmente regina della festa. Durante la celebrazione, la Zinghen\u00e9sta, vestita con abiti tradizionali riccamente decorati, guida una sfilata accompagnata da altre maschere tipiche, come i &#8220;Mati\u00e9i&#8221; e i &#8220;Lach\u00e8&#8221;. La festa prevede una serie di eventi, tra cui la sfilata per le vie del paese, balli tradizionali e il simbolico &#8220;processo al Carnevale&#8221;. La Zinghen\u00e9sta rappresenta un&#8217;occasione per la comunit\u00e0 di Canale d&#8217;Agordo di celebrare le proprie tradizioni culturali e folcloristiche, mantenendo vive usanze secolari e rafforzando l&#8217;identit\u00e0 locale. Particolarmente atteso il processo al Canevale. Appuntamento domenica 2 marzo, a Canale d&#8217;Agordo.<\/p>\n<p>&nbsp;<\/p>\n<p>&nbsp;<\/p>\n<p>&nbsp;<\/p>\n<p>&nbsp;<\/p>\n<hr \/>\n<p>&nbsp;<\/p>\n<blockquote>\n<h3><a class=\"dt-pswp-item\" href=\"https:\/\/www.radiopiu.net\/wordpress\/wp-content\/uploads\/2025\/02\/Pedonata-mascherata.jpeg\" data-dt-img-description=\"\" data-large_image_width=\"1179\" data-large_image_height=\"1630\"><img loading=\"lazy\" decoding=\"async\" class=\" wp-image-435889 alignleft\" src=\"https:\/\/www.radiopiu.net\/wordpress\/wp-content\/uploads\/2025\/02\/Pedonata-mascherata-217x300.jpeg\" alt=\"\" width=\"147\" height=\"203\" srcset=\"https:\/\/www.radiopiu.net\/wordpress\/wp-content\/uploads\/2025\/02\/Pedonata-mascherata-217x300.jpeg 217w, https:\/\/www.radiopiu.net\/wordpress\/wp-content\/uploads\/2025\/02\/Pedonata-mascherata-741x1024.jpeg 741w, https:\/\/www.radiopiu.net\/wordpress\/wp-content\/uploads\/2025\/02\/Pedonata-mascherata-768x1062.jpeg 768w, https:\/\/www.radiopiu.net\/wordpress\/wp-content\/uploads\/2025\/02\/Pedonata-mascherata-1111x1536.jpeg 1111w, https:\/\/www.radiopiu.net\/wordpress\/wp-content\/uploads\/2025\/02\/Pedonata-mascherata.jpeg 1179w\" sizes=\"auto, (max-width: 147px) 100vw, 147px\" \/><\/a>LA PEDONATA DI CARNEVALE A BELLUNO<\/h3>\n<\/blockquote>\n<p><strong>BELLUNO<\/strong> Il 4 marzo 2024 si terr\u00e0 la terza edizione della Pedonata Mascherata, un evento dedicato principalmente ai bambini delle scuole elementari e medie, che animer\u00e0 il centro storico con spettacoli, giochi e sport. L&#8217;iniziativa, promossa dall&#8217;assessore allo sport Monica Mazzoccoli, ha l&#8217;obiettivo di combinare il piacere di una passeggiata con l&#8217;opportunit\u00e0 di stare insieme in festa. Il ritrovo \u00e8 fissato alle 14:00 in Piazza Martiri, con partenza della pedonata alle 15:00. Il percorso di 3 km attraverser\u00e0 il centro citt\u00e0 e, all&#8217;arrivo, tutti i partecipanti saranno accolti con una merenda offerta da Lattebusche. Seguir\u00e0 lo spettacolo per bambini con il Mago Bronze e attivit\u00e0 come il truccabimbi. L&#8217;evento, organizzato con AICS, Lattebusche e il supporto dell&#8217;ANA Alpini Belluno, fa parte delle iniziative del Carnevale cittadino e mira a valorizzare gli spazi urbani come luoghi di gioco e incontro per le famiglie. La viabilit\u00e0 sar\u00e0 chiusa dalle 13:00 alle 18:00 per garantire lo svolgimento dell\u2019evento.<\/p>\n<p>&nbsp;<\/p>\n<p>&nbsp;<\/p>\n<hr \/>\n<p>&nbsp;<\/p>\n<blockquote>\n<h3>SI PARLA DI DANTE AL CIRCOLO CULTURALE LA TERRA DEI PADRI<\/h3>\n<\/blockquote>\n<p><strong>BELLUNO <\/strong>Il Circolo culturale \u201cLa Terra dei Padri \u2013 Belluno APS\u201d, in collaborazione con la Lega Nazionale \u2013 Delegazione di Belluno, organizza un ciclo di conferenze intitolato <strong data-start=\"167\" data-end=\"209\">\u201cDante e l\u2019eredit\u00e0 del mondo classico\u201d<\/strong>. La prof.ssa <strong data-start=\"226\" data-end=\"256\">Rosetta Girotto Cannarella<\/strong>, ex docente di greco e latino al Liceo Classico \u201cTiziano\u201d di Belluno, guider\u00e0 tre incontri (20 e 27 marzo, 3 aprile 2025, dalle 18:00 alle 19:00) sulla relazione tra Dante e il mondo classico, approfondendo temi come Virgilio, gli spiriti magni, Ulisse e Paolo e Francesca. Gli incontri si terranno presso la sede del Circolo, in via dei Molini, 10 (Borgo Piave \u2013 Belluno). Per info e iscrizioni: <strong data-start=\"657\" data-end=\"688\"><a rel=\"noopener\" data-start=\"659\" data-end=\"686\">francesco1dematte@gmail.com<\/a><\/strong> o <strong data-start=\"691\" data-end=\"721\">320\/0504334 (WhatsApp\/SMS)<\/strong>.<\/p>\n<p>&nbsp;<\/p>\n<p>&nbsp;<\/p>\n<hr \/>\n<p>&nbsp;<\/p>\n<blockquote>\n<h3>CHIAVI DI PACE CON GLI ALPINI<\/h3>\n<\/blockquote>\n<p><strong>FELTRE<\/strong> L&#8217;evento &#8220;Chiavi di pace: impegno Alpino per la solidariet\u00e0&#8221; si terr\u00e0 venerd\u00ec alle 20:30 presso il Museo dei Sogni di Feltre (Coop. Arcobaleno \u201986, loc. Casonetto). Organizzato dalla Sezione di Feltre dell\u2019Associazione Nazionale Alpini, l&#8217;iniziativa fa parte di un percorso giubilare di consapevolezza e servizio che culmina nel &#8220;Libro Verde della Solidariet\u00e0&#8221;. In occasione dell\u2019evento sar\u00e0 allestita una mostra tematica con 150 chiavi provenienti da tutti i continenti, simbolo del tema &#8220;Le chiavi della porta della tua vita&#8221;.<\/p>\n<p>&nbsp;<\/p>\n<p>&nbsp;<\/p>\n<hr \/>\n<p>&nbsp;<\/p>\n<blockquote>\n<h3><a class=\"dt-pswp-item\" href=\"https:\/\/www.radiopiu.net\/wordpress\/wp-content\/uploads\/2025\/02\/TI-SPOSO-MA-NON-TROPPO-2-Incontrada-ph-\u00a9Giovanni-De-Sandre-GD9_0648.jpg\" data-dt-img-description=\"\" data-large_image_width=\"1707\" data-large_image_height=\"2560\"><img loading=\"lazy\" decoding=\"async\" class=\" wp-image-436590 alignleft\" src=\"https:\/\/www.radiopiu.net\/wordpress\/wp-content\/uploads\/2025\/02\/TI-SPOSO-MA-NON-TROPPO-2-Incontrada-ph-\u00a9Giovanni-De-Sandre-GD9_0648-200x300.jpg\" alt=\"\" width=\"90\" height=\"135\" srcset=\"https:\/\/www.radiopiu.net\/wordpress\/wp-content\/uploads\/2025\/02\/TI-SPOSO-MA-NON-TROPPO-2-Incontrada-ph-\u00a9Giovanni-De-Sandre-GD9_0648-200x300.jpg 200w, https:\/\/www.radiopiu.net\/wordpress\/wp-content\/uploads\/2025\/02\/TI-SPOSO-MA-NON-TROPPO-2-Incontrada-ph-\u00a9Giovanni-De-Sandre-GD9_0648-683x1024.jpg 683w, https:\/\/www.radiopiu.net\/wordpress\/wp-content\/uploads\/2025\/02\/TI-SPOSO-MA-NON-TROPPO-2-Incontrada-ph-\u00a9Giovanni-De-Sandre-GD9_0648-768x1152.jpg 768w, https:\/\/www.radiopiu.net\/wordpress\/wp-content\/uploads\/2025\/02\/TI-SPOSO-MA-NON-TROPPO-2-Incontrada-ph-\u00a9Giovanni-De-Sandre-GD9_0648-1024x1536.jpg 1024w, https:\/\/www.radiopiu.net\/wordpress\/wp-content\/uploads\/2025\/02\/TI-SPOSO-MA-NON-TROPPO-2-Incontrada-ph-\u00a9Giovanni-De-Sandre-GD9_0648-1366x2048.jpg 1366w, https:\/\/www.radiopiu.net\/wordpress\/wp-content\/uploads\/2025\/02\/TI-SPOSO-MA-NON-TROPPO-2-Incontrada-ph-\u00a9Giovanni-De-Sandre-GD9_0648.jpg 1707w\" sizes=\"auto, (max-width: 90px) 100vw, 90px\" \/><\/a>VENERDI\u2019 7 MARZO \u201cTI SPOSO MA NON TROPPO\u201d, SOLD OUT DA DUE MESI<\/h3>\n<\/blockquote>\n<p><strong>BELLUNO <\/strong>Un altro sold out per la 48ma Stagione del Circolo: da due mesi \u201cTi sposo ma non troppo\u201d con Vanessa Incontrada del 7 marzo prossimo non ha pi\u00f9 poltrone libere. Il personale del Circolo Cultura e Stampa Bellunese comunica che solo la stessa sera al botteghino, a ridosso dell\u2019inizio, fissato alle 20.45, si potr\u00e0 sapere se si libereranno dei posti (per eventuali assenze o defezioni). Gli interessati sono pertanto pregati di venire direttamente a Teatro.<\/p>\n<p>&nbsp;<\/p>\n<p>&nbsp;<\/p>\n<hr \/>\n<p>&nbsp;<\/p>\n<blockquote>\n<h3>CONTINUANO GLI INCONTRI PER IL GIUBILEO<\/h3>\n<\/blockquote>\n<p><strong>BELLUNO <\/strong>Continuano gli incontri al Museo Diocesano di Feltre nell\u2019ambito del ciclo di conferenze dedicate al Giubileo del 2025, indetto da Papa Francesco. L&#8217;iniziativa, promossa dal comitato scientifico del Museo con il patrocinio della Diocesi di Belluno-Feltre e in collaborazione con la Biblioteca Gregoriana di Belluno e il Santuario dei Santi Vittore e Corona di Feltre, si intitola <em>Il Giubileo della Speranza<\/em> e intende approfondire le molteplici dimensioni di questo evento, intrecciando storia, spiritualit\u00e0, arte e cultura. Il secondo appuntamento si terr\u00e0 venerd\u00ec 28 febbraio alle 20:15, con la conferenza <em>Una generale perdonanza: il primo Giubileo cristiano<\/em>, tenuta da don Claudio Centa, docente di Storia della Chiesa, che illustrer\u00e0 le origini storiche di questa celebrazione.<\/p>\n<p>&nbsp;<\/p>\n<p>&nbsp;<\/p>\n<hr \/>\n<p>&nbsp;<\/p>\n<blockquote>\n<h3>DISAGIO GIOVANILE, UN INCONTRO A BELLUNO<\/h3>\n<\/blockquote>\n<p><strong>BELLUNO<\/strong> L\u2019Associazione Margherita Fenice di Belluno organizza un convegno sul disagio giovanile e sull\u2019importanza dell\u2019ascolto tra genitori e figli. L\u2019evento, intitolato \u201cGenerazione di silenzi: come ascoltare i nostri figli per affrontare il disagio giovanile\u201d, si terr\u00e0 sabato 8 marzo alle 17 presso Palazzo Crepadona a Belluno. Parteciperanno esperti di alto profilo: il prof. Stefano Vicari, primario di neuropsichiatria infantile al Bambino Ges\u00f9 di Roma, il dott. Aldo Gatto, direttore del D.S.M. Ulss 1 Dolomiti, e il dott. Stefano Bertomoro, esperto in disturbi alimentari.<\/p>\n<p>&nbsp;<\/p>\n<p>&nbsp;<\/p>\n<hr \/>\n<p>&nbsp;<\/p>\n<h1><span style=\"color: #ff6600;\">IERI ALLA RADIO\u00a0\u00a0<\/span><\/h1>\n<h2><span style=\"color: #008000;\">&#8220;DINTORN E FORA VIA&#8221;\u00a0 IL PROGRAMMA\u00a0 A CURA DEL MUSLA\u00a0<\/span><\/h2>\n<p><strong><a class=\"dt-pswp-item\" href=\"https:\/\/www.radiopiu.net\/wordpress\/wp-content\/uploads\/2024\/04\/file-1.jpg\" data-dt-img-description=\"\" data-large_image_width=\"640\" data-large_image_height=\"640\"><img loading=\"lazy\" decoding=\"async\" class=\"wp-image-387869 alignleft\" src=\"https:\/\/www.radiopiu.net\/wordpress\/wp-content\/uploads\/2024\/04\/file-1-300x300.jpg\" alt=\"\" width=\"130\" height=\"130\" srcset=\"https:\/\/www.radiopiu.net\/wordpress\/wp-content\/uploads\/2024\/04\/file-1-300x300.jpg 300w, https:\/\/www.radiopiu.net\/wordpress\/wp-content\/uploads\/2024\/04\/file-1-150x150.jpg 150w, https:\/\/www.radiopiu.net\/wordpress\/wp-content\/uploads\/2024\/04\/file-1.jpg 640w\" sizes=\"auto, (max-width: 130px) 100vw, 130px\" \/><\/a>PUNTATA DEL 25 FEBBRAIO ELEONORA TROI<\/strong><\/p>\n<audio class=\"wp-audio-shortcode\" id=\"audio-436474-14\" preload=\"none\" style=\"width: 100%;\" controls=\"controls\"><source type=\"audio\/mpeg\" src=\"https:\/\/www.radiopiu.net\/wordpress\/wp-content\/uploads\/2025\/02\/MUSLA-9.mp3?_=14\" \/><a href=\"https:\/\/www.radiopiu.net\/wordpress\/wp-content\/uploads\/2025\/02\/MUSLA-9.mp3\">https:\/\/www.radiopiu.net\/wordpress\/wp-content\/uploads\/2025\/02\/MUSLA-9.mp3<\/a><\/audio>\n<p>&nbsp;<\/p>\n<p><strong>LA RACCOLTA COMPLETA <a href=\"https:\/\/www.radiopiu.net\/wordpress\/musla\/\"><span style=\"color: #3366ff;\">CLICCA QUI<\/span><\/a><\/strong><\/p>\n<p>&nbsp;<\/p>\n<hr \/>\n<p>&nbsp;<\/p>\n<h2><span style=\"color: #cc99ff;\">DI MARTEDI&#8230; POMERIGGIO CON LUISA ALCHINI<\/span><\/h2>\n<p><span style=\"color: #ff0000;\"><strong><a class=\"dt-pswp-item\" href=\"https:\/\/www.radiopiu.net\/wordpress\/wp-content\/uploads\/2025\/02\/LSIFJFNHE.jpg\" data-dt-img-description=\"\" data-large_image_width=\"585\" data-large_image_height=\"466\"><img loading=\"lazy\" decoding=\"async\" class=\" wp-image-436627 alignleft\" src=\"https:\/\/www.radiopiu.net\/wordpress\/wp-content\/uploads\/2025\/02\/LSIFJFNHE-300x239.jpg\" alt=\"\" width=\"157\" height=\"125\" srcset=\"https:\/\/www.radiopiu.net\/wordpress\/wp-content\/uploads\/2025\/02\/LSIFJFNHE-300x239.jpg 300w, https:\/\/www.radiopiu.net\/wordpress\/wp-content\/uploads\/2025\/02\/LSIFJFNHE.jpg 585w\" sizes=\"auto, (max-width: 157px) 100vw, 157px\" \/><\/a>PUNTATA 33 PARTE UNO &#8211; WALTER DELOGU E ANTONIO ABRIGNANI<\/strong><\/span><\/p>\n<audio class=\"wp-audio-shortcode\" id=\"audio-436474-15\" preload=\"none\" style=\"width: 100%;\" controls=\"controls\"><source type=\"audio\/mpeg\" src=\"https:\/\/www.radiopiu.net\/wordpress\/wp-content\/uploads\/2025\/02\/LP1-2.mp3?_=15\" \/><a href=\"https:\/\/www.radiopiu.net\/wordpress\/wp-content\/uploads\/2025\/02\/LP1-2.mp3\">https:\/\/www.radiopiu.net\/wordpress\/wp-content\/uploads\/2025\/02\/LP1-2.mp3<\/a><\/audio>\n<p><span style=\"color: #ff0000;\">\u00a0<\/span><\/p>\n<p><span style=\"color: #ff0000;\"><strong>PARTE DUE<\/strong><\/span><\/p>\n<audio class=\"wp-audio-shortcode\" id=\"audio-436474-16\" preload=\"none\" style=\"width: 100%;\" controls=\"controls\"><source type=\"audio\/mpeg\" src=\"https:\/\/www.radiopiu.net\/wordpress\/wp-content\/uploads\/2025\/02\/LP2-2.mp3?_=16\" \/><a href=\"https:\/\/www.radiopiu.net\/wordpress\/wp-content\/uploads\/2025\/02\/LP2-2.mp3\">https:\/\/www.radiopiu.net\/wordpress\/wp-content\/uploads\/2025\/02\/LP2-2.mp3<\/a><\/audio>\n<p><span style=\"color: #ff0000;\">\u00a0<\/span><\/p>\n<p><span style=\"color: #ff0000;\"><strong>PARTE TRE<\/strong><\/span><\/p>\n<audio class=\"wp-audio-shortcode\" id=\"audio-436474-17\" preload=\"none\" style=\"width: 100%;\" controls=\"controls\"><source type=\"audio\/mpeg\" src=\"https:\/\/www.radiopiu.net\/wordpress\/wp-content\/uploads\/2025\/02\/LP3-1.mp3?_=17\" \/><a href=\"https:\/\/www.radiopiu.net\/wordpress\/wp-content\/uploads\/2025\/02\/LP3-1.mp3\">https:\/\/www.radiopiu.net\/wordpress\/wp-content\/uploads\/2025\/02\/LP3-1.mp3<\/a><\/audio>\n<p>&nbsp;<\/p>\n<p><strong>LA RACCOLTA COMPLETA <a href=\"https:\/\/www.radiopiu.net\/wordpress\/lmt33\/\"><span style=\"color: #3366ff;\">CLICCA QUI<\/span><\/a><\/strong><\/p>\n<p>&nbsp;<\/p>\n<hr \/>\n<p>&nbsp;<\/p>\n<h2><span style=\"color: #ffcc00;\">FAME DI VITA, CON GLORIA DALLA ROSA<\/span><\/h2>\n<p><strong><a class=\"dt-pswp-item\" href=\"https:\/\/www.radiopiu.net\/wordpress\/wp-content\/uploads\/2025\/02\/443732515_7507667792619850_2013155575830024882_n.jpg\" data-dt-img-description=\"\" data-large_image_width=\"1920\" data-large_image_height=\"1080\"><img loading=\"lazy\" decoding=\"async\" class=\" wp-image-436636 alignleft\" src=\"https:\/\/www.radiopiu.net\/wordpress\/wp-content\/uploads\/2025\/02\/443732515_7507667792619850_2013155575830024882_n-300x169.jpg\" alt=\"\" width=\"204\" height=\"115\" srcset=\"https:\/\/www.radiopiu.net\/wordpress\/wp-content\/uploads\/2025\/02\/443732515_7507667792619850_2013155575830024882_n-300x169.jpg 300w, https:\/\/www.radiopiu.net\/wordpress\/wp-content\/uploads\/2025\/02\/443732515_7507667792619850_2013155575830024882_n-1024x576.jpg 1024w, https:\/\/www.radiopiu.net\/wordpress\/wp-content\/uploads\/2025\/02\/443732515_7507667792619850_2013155575830024882_n-768x432.jpg 768w, https:\/\/www.radiopiu.net\/wordpress\/wp-content\/uploads\/2025\/02\/443732515_7507667792619850_2013155575830024882_n-1536x864.jpg 1536w, https:\/\/www.radiopiu.net\/wordpress\/wp-content\/uploads\/2025\/02\/443732515_7507667792619850_2013155575830024882_n.jpg 1920w\" sizes=\"auto, (max-width: 204px) 100vw, 204px\" \/><\/a>DI ALESSIA DALL&#8217;O&#8217;<\/strong><\/p>\n<p>OSPITE: Gloria Dalla Rosa<\/p>\n<audio class=\"wp-audio-shortcode\" id=\"audio-436474-18\" preload=\"none\" style=\"width: 100%;\" controls=\"controls\"><source type=\"audio\/mpeg\" src=\"https:\/\/www.radiopiu.net\/wordpress\/wp-content\/uploads\/2025\/02\/INTERVISTA-GLORIA-DALLA-ROSA-FAME-DI-VITA-SCADENZA-10-MARZO.mp3?_=18\" \/><a href=\"https:\/\/www.radiopiu.net\/wordpress\/wp-content\/uploads\/2025\/02\/INTERVISTA-GLORIA-DALLA-ROSA-FAME-DI-VITA-SCADENZA-10-MARZO.mp3\">https:\/\/www.radiopiu.net\/wordpress\/wp-content\/uploads\/2025\/02\/INTERVISTA-GLORIA-DALLA-ROSA-FAME-DI-VITA-SCADENZA-10-MARZO.mp3<\/a><\/audio>\n<p>&nbsp;<\/p>\n<hr \/>\n<p>&nbsp;<\/p>\n<h2><span style=\"color: #ff0000;\"><a class=\"dt-pswp-item\" href=\"https:\/\/www.radiopiu.net\/wordpress\/wp-content\/uploads\/2018\/09\/appuntamenti.jpeg\" data-dt-img-description=\"\" data-large_image_width=\"800\" data-large_image_height=\"100\"><img loading=\"lazy\" decoding=\"async\" class=\"wp-image-61958 size-full aligncenter\" src=\"https:\/\/www.radiopiu.net\/wordpress\/wp-content\/uploads\/2018\/09\/appuntamenti.jpeg\" alt=\"\" width=\"800\" height=\"100\" srcset=\"https:\/\/www.radiopiu.net\/wordpress\/wp-content\/uploads\/2018\/09\/appuntamenti.jpeg 800w, https:\/\/www.radiopiu.net\/wordpress\/wp-content\/uploads\/2018\/09\/appuntamenti-300x38.jpeg 300w, https:\/\/www.radiopiu.net\/wordpress\/wp-content\/uploads\/2018\/09\/appuntamenti-768x96.jpeg 768w\" sizes=\"auto, (max-width: 800px) 100vw, 800px\" \/><\/a><\/span><\/h2>\n<h3 dir=\"auto\"><\/h3>\n<blockquote>\n<h3>MORGAN &amp; BATTAGLIA I RESIDENT DJ DEL SAVE THE DATE FESTIVAL<\/h3>\n<\/blockquote>\n<p><strong>FALCADE <\/strong>Il palco si accende, le casse vibrano e l\u2019atmosfera si infiamma: Morgan e Battaglia sono pronti a farvi ballare senza sosta! Con selezioni potenti e beat travolgenti, il duo porter\u00e0 un\u2019ondata di pura energia al Rifugio Laresei. Quattro ospiti speciali arricchiranno il festival, ma sar\u00e0 la loro console a tenere il cuore pulsante della serata. L\u2019unica regola? Lasciarsi andare al ritmo e vivere la musica senza freni. Preparati a un\u2019esperienza indimenticabile! L&#8217;appuntamento \u00e8 per il 29 marzo al Rifugio Laresei<\/p>\n\n\t\t\t<style type='text\/css'>\n\t\t\t\t#gallery-4 {\n\t\t\t\t\tmargin: auto;\n\t\t\t\t}\n\t\t\t\t#gallery-4 .gallery-item {\n\t\t\t\t\tfloat: left;\n\t\t\t\t\tmargin-top: 10px;\n\t\t\t\t\ttext-align: center;\n\t\t\t\t\twidth: 20%;\n\t\t\t\t}\n\t\t\t\t#gallery-4 img {\n\t\t\t\t\tborder: 2px solid #cfcfcf;\n\t\t\t\t}\n\t\t\t\t#gallery-4 .gallery-caption {\n\t\t\t\t\tmargin-left: 0;\n\t\t\t\t}\n\t\t\t\t\/* see gallery_shortcode() in wp-includes\/media.php *\/\n\t\t\t<\/style>\n\t\t<div id='gallery-4' class='dt-gallery-container gallery galleryid-436474 gallery-columns-5 gallery-size-medium'><dl class='gallery-item'>\n\t\t\t\t<dt class='gallery-icon portrait'>\n\t\t\t\t\t<a class=\"rollover rollover-zoom dt-pswp-item\" title=\"475351389_122191419572160269_4819090400106529375_n\" data-dt-img-description=\"\" data-large_image_width=\"1024\" data-large_image_height=\"1280\"href='https:\/\/www.radiopiu.net\/wordpress\/wp-content\/uploads\/2025\/02\/475351389_122191419572160269_4819090400106529375_n.jpg'><img loading=\"lazy\" decoding=\"async\" width=\"240\" height=\"300\" src=\"https:\/\/www.radiopiu.net\/wordpress\/wp-content\/uploads\/2025\/02\/475351389_122191419572160269_4819090400106529375_n-240x300.jpg\" class=\"attachment-medium size-medium\" alt=\"\" srcset=\"https:\/\/www.radiopiu.net\/wordpress\/wp-content\/uploads\/2025\/02\/475351389_122191419572160269_4819090400106529375_n-240x300.jpg 240w, https:\/\/www.radiopiu.net\/wordpress\/wp-content\/uploads\/2025\/02\/475351389_122191419572160269_4819090400106529375_n-819x1024.jpg 819w, https:\/\/www.radiopiu.net\/wordpress\/wp-content\/uploads\/2025\/02\/475351389_122191419572160269_4819090400106529375_n-768x960.jpg 768w, https:\/\/www.radiopiu.net\/wordpress\/wp-content\/uploads\/2025\/02\/475351389_122191419572160269_4819090400106529375_n.jpg 1024w\" sizes=\"auto, (max-width: 240px) 100vw, 240px\" \/><\/a>\n\t\t\t\t<\/dt><\/dl><dl class='gallery-item'>\n\t\t\t\t<dt class='gallery-icon portrait'>\n\t\t\t\t\t<a class=\"rollover rollover-zoom dt-pswp-item\" title=\"70222334-5cff-4d4b-9ab9-a2a79305f2f3\" data-dt-img-description=\"\" data-large_image_width=\"1024\" data-large_image_height=\"1280\"href='https:\/\/www.radiopiu.net\/wordpress\/wp-content\/uploads\/2025\/02\/70222334-5cff-4d4b-9ab9-a2a79305f2f3.jpg'><img loading=\"lazy\" decoding=\"async\" width=\"240\" height=\"300\" src=\"https:\/\/www.radiopiu.net\/wordpress\/wp-content\/uploads\/2025\/02\/70222334-5cff-4d4b-9ab9-a2a79305f2f3-240x300.jpg\" class=\"attachment-medium size-medium\" alt=\"\" srcset=\"https:\/\/www.radiopiu.net\/wordpress\/wp-content\/uploads\/2025\/02\/70222334-5cff-4d4b-9ab9-a2a79305f2f3-240x300.jpg 240w, https:\/\/www.radiopiu.net\/wordpress\/wp-content\/uploads\/2025\/02\/70222334-5cff-4d4b-9ab9-a2a79305f2f3-819x1024.jpg 819w, https:\/\/www.radiopiu.net\/wordpress\/wp-content\/uploads\/2025\/02\/70222334-5cff-4d4b-9ab9-a2a79305f2f3-768x960.jpg 768w, https:\/\/www.radiopiu.net\/wordpress\/wp-content\/uploads\/2025\/02\/70222334-5cff-4d4b-9ab9-a2a79305f2f3.jpg 1024w\" sizes=\"auto, (max-width: 240px) 100vw, 240px\" \/><\/a>\n\t\t\t\t<\/dt><\/dl><dl class='gallery-item'>\n\t\t\t\t<dt class='gallery-icon portrait'>\n\t\t\t\t\t<a class=\"rollover rollover-zoom dt-pswp-item\" title=\"480483463_122191800596160269_7748395789965067962_n\" data-dt-img-description=\"\" data-large_image_width=\"1024\" data-large_image_height=\"1280\"href='https:\/\/www.radiopiu.net\/wordpress\/wp-content\/uploads\/2025\/02\/480483463_122191800596160269_7748395789965067962_n.jpg'><img loading=\"lazy\" decoding=\"async\" width=\"240\" height=\"300\" src=\"https:\/\/www.radiopiu.net\/wordpress\/wp-content\/uploads\/2025\/02\/480483463_122191800596160269_7748395789965067962_n-240x300.jpg\" class=\"attachment-medium size-medium\" alt=\"\" srcset=\"https:\/\/www.radiopiu.net\/wordpress\/wp-content\/uploads\/2025\/02\/480483463_122191800596160269_7748395789965067962_n-240x300.jpg 240w, https:\/\/www.radiopiu.net\/wordpress\/wp-content\/uploads\/2025\/02\/480483463_122191800596160269_7748395789965067962_n-819x1024.jpg 819w, https:\/\/www.radiopiu.net\/wordpress\/wp-content\/uploads\/2025\/02\/480483463_122191800596160269_7748395789965067962_n-768x960.jpg 768w, https:\/\/www.radiopiu.net\/wordpress\/wp-content\/uploads\/2025\/02\/480483463_122191800596160269_7748395789965067962_n.jpg 1024w\" sizes=\"auto, (max-width: 240px) 100vw, 240px\" \/><\/a>\n\t\t\t\t<\/dt><\/dl><dl class='gallery-item'>\n\t\t\t\t<dt class='gallery-icon portrait'>\n\t\t\t\t\t<a class=\"rollover rollover-zoom dt-pswp-item\" title=\"480755395_122191974356160269_922264644982884143_n\" data-dt-img-description=\"\" data-large_image_width=\"1024\" data-large_image_height=\"1280\"href='https:\/\/www.radiopiu.net\/wordpress\/wp-content\/uploads\/2025\/02\/480755395_122191974356160269_922264644982884143_n.jpg'><img loading=\"lazy\" decoding=\"async\" width=\"240\" height=\"300\" src=\"https:\/\/www.radiopiu.net\/wordpress\/wp-content\/uploads\/2025\/02\/480755395_122191974356160269_922264644982884143_n-240x300.jpg\" class=\"attachment-medium size-medium\" alt=\"\" srcset=\"https:\/\/www.radiopiu.net\/wordpress\/wp-content\/uploads\/2025\/02\/480755395_122191974356160269_922264644982884143_n-240x300.jpg 240w, https:\/\/www.radiopiu.net\/wordpress\/wp-content\/uploads\/2025\/02\/480755395_122191974356160269_922264644982884143_n-819x1024.jpg 819w, https:\/\/www.radiopiu.net\/wordpress\/wp-content\/uploads\/2025\/02\/480755395_122191974356160269_922264644982884143_n-768x960.jpg 768w, https:\/\/www.radiopiu.net\/wordpress\/wp-content\/uploads\/2025\/02\/480755395_122191974356160269_922264644982884143_n.jpg 1024w\" sizes=\"auto, (max-width: 240px) 100vw, 240px\" \/><\/a>\n\t\t\t\t<\/dt><\/dl><dl class='gallery-item'>\n\t\t\t\t<dt class='gallery-icon portrait'>\n\t\t\t\t\t<a class=\"rollover rollover-zoom dt-pswp-item\" title=\"480946206_122192204450160269_174180551336592227_n\" data-dt-img-description=\"\" data-large_image_width=\"512\" data-large_image_height=\"640\"href='https:\/\/www.radiopiu.net\/wordpress\/wp-content\/uploads\/2025\/02\/480946206_122192204450160269_174180551336592227_n.jpg'><img loading=\"lazy\" decoding=\"async\" width=\"240\" height=\"300\" src=\"https:\/\/www.radiopiu.net\/wordpress\/wp-content\/uploads\/2025\/02\/480946206_122192204450160269_174180551336592227_n-240x300.jpg\" class=\"attachment-medium size-medium\" alt=\"\" srcset=\"https:\/\/www.radiopiu.net\/wordpress\/wp-content\/uploads\/2025\/02\/480946206_122192204450160269_174180551336592227_n-240x300.jpg 240w, https:\/\/www.radiopiu.net\/wordpress\/wp-content\/uploads\/2025\/02\/480946206_122192204450160269_174180551336592227_n.jpg 512w\" sizes=\"auto, (max-width: 240px) 100vw, 240px\" \/><\/a>\n\t\t\t\t<\/dt><\/dl><br style=\"clear: both\" \/>\n\t\t\t<\/div>\n\n<p>&nbsp;<\/p>\n<div>\n<div class=\"\" dir=\"auto\">\n<div id=\":r9h:\" class=\"x1iorvi4 x1pi30zi x1l90r2v x1swvt13\" data-ad-comet-preview=\"message\" data-ad-preview=\"message\">\n<div>\n<div class=\"\" dir=\"auto\">\n<div id=\":r9h:\" class=\"x1iorvi4 x1pi30zi x1l90r2v x1swvt13\" data-ad-comet-preview=\"message\" data-ad-preview=\"message\">\n<div>\n<div class=\"\" dir=\"auto\">\n<div id=\":r9h:\" class=\"x1iorvi4 x1pi30zi x1l90r2v x1swvt13\" data-ad-comet-preview=\"message\" data-ad-preview=\"message\">\n<div>\n<div class=\"\" dir=\"auto\">\n<div id=\":r9h:\" class=\"x1iorvi4 x1pi30zi x1l90r2v x1swvt13\" data-ad-comet-preview=\"message\" data-ad-preview=\"message\">\n<div>\n<div class=\"\" dir=\"auto\">\n<div id=\":r9h:\" class=\"x1iorvi4 x1pi30zi x1l90r2v x1swvt13\" data-ad-comet-preview=\"message\" data-ad-preview=\"message\">\n<div>\n<div class=\"\" dir=\"auto\">\n<div id=\":r9h:\" class=\"x1iorvi4 x1pi30zi x1l90r2v x1swvt13\" data-ad-comet-preview=\"message\" data-ad-preview=\"message\">\n<div class=\"xdj266r x11i5rnm xat24cr x1mh8g0r x1vvkbs x126k92a\">\n<div dir=\"auto\"><\/div>\n<\/div>\n<div>\n<div class=\"\" dir=\"auto\">\n<div id=\":r9h:\" class=\"x1iorvi4 x1pi30zi x1l90r2v x1swvt13\" data-ad-comet-preview=\"message\" data-ad-preview=\"message\">\n<div>\n<div class=\"\" dir=\"auto\">\n<div id=\":r9h:\" class=\"x1iorvi4 x1pi30zi x1l90r2v x1swvt13\" data-ad-comet-preview=\"message\" data-ad-preview=\"message\">\n\n\t\t\t<style type='text\/css'>\n\t\t\t\t#gallery-5 {\n\t\t\t\t\tmargin: auto;\n\t\t\t\t}\n\t\t\t\t#gallery-5 .gallery-item {\n\t\t\t\t\tfloat: left;\n\t\t\t\t\tmargin-top: 10px;\n\t\t\t\t\ttext-align: center;\n\t\t\t\t\twidth: 25%;\n\t\t\t\t}\n\t\t\t\t#gallery-5 img {\n\t\t\t\t\tborder: 2px solid #cfcfcf;\n\t\t\t\t}\n\t\t\t\t#gallery-5 .gallery-caption {\n\t\t\t\t\tmargin-left: 0;\n\t\t\t\t}\n\t\t\t\t\/* see gallery_shortcode() in wp-includes\/media.php *\/\n\t\t\t<\/style>\n\t\t<div id='gallery-5' class='dt-gallery-container gallery galleryid-436474 gallery-columns-4 gallery-size-thumbnail'><dl class='gallery-item'>\n\t\t\t\t<dt class='gallery-icon portrait'>\n\t\t\t\t\t<a class=\"rollover rollover-zoom dt-pswp-item\" title=\"Immagine WhatsApp 2025-02-17 ore 22.25.23_139ab6c1\" data-dt-img-description=\"\" data-large_image_width=\"1241\" data-large_image_height=\"1754\"href='https:\/\/www.radiopiu.net\/wordpress\/wp-content\/uploads\/2025\/02\/Immagine-WhatsApp-2025-02-17-ore-22.25.23_139ab6c1.jpg'><img loading=\"lazy\" decoding=\"async\" width=\"150\" height=\"150\" src=\"https:\/\/www.radiopiu.net\/wordpress\/wp-content\/uploads\/2025\/02\/Immagine-WhatsApp-2025-02-17-ore-22.25.23_139ab6c1-150x150.jpg\" class=\"attachment-thumbnail size-thumbnail\" alt=\"\" \/><\/a>\n\t\t\t\t<\/dt><\/dl><dl class='gallery-item'>\n\t\t\t\t<dt class='gallery-icon portrait'>\n\t\t\t\t\t<a class=\"rollover rollover-zoom dt-pswp-item\" title=\"wo6o5gsi\" data-dt-img-description=\"\" data-large_image_width=\"801\" data-large_image_height=\"1600\"href='https:\/\/www.radiopiu.net\/wordpress\/wp-content\/uploads\/2025\/02\/wo6o5gsi.bmp'><img loading=\"lazy\" decoding=\"async\" width=\"150\" height=\"150\" src=\"https:\/\/www.radiopiu.net\/wordpress\/wp-content\/uploads\/2025\/02\/wo6o5gsi-150x150.jpg\" class=\"attachment-thumbnail size-thumbnail\" alt=\"\" aria-describedby=\"gallery-5-434597\" \/><\/a>\n\t\t\t\t<\/dt>\n\t\t\t\t\t<dd class='wp-caption-text gallery-caption' id='gallery-5-434597'>\n\t\t\t\t\t2 MARZO\n\t\t\t\t\t<\/dd><\/dl><dl class='gallery-item'>\n\t\t\t\t<dt class='gallery-icon portrait'>\n\t\t\t\t\t<a class=\"rollover rollover-zoom dt-pswp-item\" title=\"dad1d0d2-12e8-494a-9390-929e17ce5985\" data-dt-img-description=\"\" data-large_image_width=\"900\" data-large_image_height=\"1600\"href='https:\/\/www.radiopiu.net\/wordpress\/wp-content\/uploads\/2025\/01\/dad1d0d2-12e8-494a-9390-929e17ce5985.jpg'><img loading=\"lazy\" decoding=\"async\" width=\"150\" height=\"150\" src=\"https:\/\/www.radiopiu.net\/wordpress\/wp-content\/uploads\/2025\/01\/dad1d0d2-12e8-494a-9390-929e17ce5985-150x150.jpg\" class=\"attachment-thumbnail size-thumbnail\" alt=\"\" \/><\/a>\n\t\t\t\t<\/dt><\/dl><dl class='gallery-item'>\n\t\t\t\t<dt class='gallery-icon portrait'>\n\t\t\t\t\t<a class=\"rollover rollover-zoom dt-pswp-item\" title=\"Senza nome\" data-dt-img-description=\"\" data-large_image_width=\"569\" data-large_image_height=\"801\"href='https:\/\/www.radiopiu.net\/wordpress\/wp-content\/uploads\/2025\/02\/Senza-nome-23.png'><img loading=\"lazy\" decoding=\"async\" width=\"150\" height=\"150\" src=\"https:\/\/www.radiopiu.net\/wordpress\/wp-content\/uploads\/2025\/02\/Senza-nome-23-150x150.png\" class=\"attachment-thumbnail size-thumbnail\" alt=\"\" \/><\/a>\n\t\t\t\t<\/dt><\/dl><br style=\"clear: both\" \/><dl class='gallery-item'>\n\t\t\t\t<dt class='gallery-icon portrait'>\n\t\t\t\t\t<a class=\"rollover rollover-zoom dt-pswp-item\" title=\"GDLKJGAOY\" data-dt-img-description=\"\" data-large_image_width=\"1080\" data-large_image_height=\"1158\"href='https:\/\/www.radiopiu.net\/wordpress\/wp-content\/uploads\/2025\/02\/GDLKJGAOY.jpg'><img loading=\"lazy\" decoding=\"async\" width=\"150\" height=\"150\" src=\"https:\/\/www.radiopiu.net\/wordpress\/wp-content\/uploads\/2025\/02\/GDLKJGAOY-150x150.jpg\" class=\"attachment-thumbnail size-thumbnail\" alt=\"\" \/><\/a>\n\t\t\t\t<\/dt><\/dl><dl class='gallery-item'>\n\t\t\t\t<dt class='gallery-icon portrait'>\n\t\t\t\t\t<a class=\"rollover rollover-zoom dt-pswp-item\" title=\"L59DYKs0vbbX\" data-dt-img-description=\"\" data-large_image_width=\"600\" data-large_image_height=\"848\"href='https:\/\/www.radiopiu.net\/wordpress\/wp-content\/uploads\/2025\/02\/L59DYKs0vbbX.jpg'><img loading=\"lazy\" decoding=\"async\" width=\"150\" height=\"150\" src=\"https:\/\/www.radiopiu.net\/wordpress\/wp-content\/uploads\/2025\/02\/L59DYKs0vbbX-150x150.jpg\" class=\"attachment-thumbnail size-thumbnail\" alt=\"\" \/><\/a>\n\t\t\t\t<\/dt><\/dl><dl class='gallery-item'>\n\t\t\t\t<dt class='gallery-icon portrait'>\n\t\t\t\t\t<a class=\"rollover rollover-zoom dt-pswp-item\" title=\"2487092a-44e2-4f98-95d9-fc75c526c499\" data-dt-img-description=\"\" data-large_image_width=\"1131\" data-large_image_height=\"1600\"href='https:\/\/www.radiopiu.net\/wordpress\/wp-content\/uploads\/2025\/02\/2487092a-44e2-4f98-95d9-fc75c526c499.jpg'><img loading=\"lazy\" decoding=\"async\" width=\"150\" height=\"150\" src=\"https:\/\/www.radiopiu.net\/wordpress\/wp-content\/uploads\/2025\/02\/2487092a-44e2-4f98-95d9-fc75c526c499-150x150.jpg\" class=\"attachment-thumbnail size-thumbnail\" alt=\"\" \/><\/a>\n\t\t\t\t<\/dt><\/dl><dl class='gallery-item'>\n\t\t\t\t<dt class='gallery-icon portrait'>\n\t\t\t\t\t<a class=\"rollover rollover-zoom dt-pswp-item\" title=\"Assaggi di libri marzo 2025\" data-dt-img-description=\"\" data-large_image_width=\"1240\" data-large_image_height=\"1754\"href='https:\/\/www.radiopiu.net\/wordpress\/wp-content\/uploads\/2025\/02\/Assaggi-di-libri-marzo-2025.jpg'><img loading=\"lazy\" decoding=\"async\" width=\"150\" height=\"150\" src=\"https:\/\/www.radiopiu.net\/wordpress\/wp-content\/uploads\/2025\/02\/Assaggi-di-libri-marzo-2025-150x150.jpg\" class=\"attachment-thumbnail size-thumbnail\" alt=\"\" \/><\/a>\n\t\t\t\t<\/dt><\/dl><br style=\"clear: both\" \/><dl class='gallery-item'>\n\t\t\t\t<dt class='gallery-icon portrait'>\n\t\t\t\t\t<a class=\"rollover rollover-zoom dt-pswp-item\" title=\"Carneval dei boce 2025\" data-dt-img-description=\"\" data-large_image_width=\"1414\" data-large_image_height=\"2000\"href='https:\/\/www.radiopiu.net\/wordpress\/wp-content\/uploads\/2025\/02\/Carneval-dei-boce-2025.png'><img loading=\"lazy\" decoding=\"async\" width=\"150\" height=\"150\" src=\"https:\/\/www.radiopiu.net\/wordpress\/wp-content\/uploads\/2025\/02\/Carneval-dei-boce-2025-150x150.png\" class=\"attachment-thumbnail size-thumbnail\" alt=\"\" \/><\/a>\n\t\t\t\t<\/dt><\/dl><dl class='gallery-item'>\n\t\t\t\t<dt class='gallery-icon portrait'>\n\t\t\t\t\t<a class=\"rollover rollover-zoom dt-pswp-item\" title=\"Carnevale 2025\" data-dt-img-description=\"\" data-large_image_width=\"1414\" data-large_image_height=\"2000\"href='https:\/\/www.radiopiu.net\/wordpress\/wp-content\/uploads\/2025\/02\/Carnevale-2025-1.png'><img loading=\"lazy\" decoding=\"async\" width=\"150\" height=\"150\" src=\"https:\/\/www.radiopiu.net\/wordpress\/wp-content\/uploads\/2025\/02\/Carnevale-2025-1-150x150.png\" class=\"attachment-thumbnail size-thumbnail\" alt=\"\" \/><\/a>\n\t\t\t\t<\/dt><\/dl><dl class='gallery-item'>\n\t\t\t\t<dt class='gallery-icon portrait'>\n\t\t\t\t\t<a class=\"rollover rollover-zoom dt-pswp-item\" title=\"f2e45630-52c0-478c-94b5-bb24dd41ebdf\" data-dt-img-description=\"\" data-large_image_width=\"384\" data-large_image_height=\"551\"href='https:\/\/www.radiopiu.net\/wordpress\/wp-content\/uploads\/2025\/02\/f2e45630-52c0-478c-94b5-bb24dd41ebdf.jpg'><img loading=\"lazy\" decoding=\"async\" width=\"150\" height=\"150\" src=\"https:\/\/www.radiopiu.net\/wordpress\/wp-content\/uploads\/2025\/02\/f2e45630-52c0-478c-94b5-bb24dd41ebdf-150x150.jpg\" class=\"attachment-thumbnail size-thumbnail\" alt=\"\" \/><\/a>\n\t\t\t\t<\/dt><\/dl><dl class='gallery-item'>\n\t\t\t\t<dt class='gallery-icon portrait'>\n\t\t\t\t\t<a class=\"rollover rollover-zoom dt-pswp-item\" title=\"Locandina laboratorio creativo 01.03.2025 (2)\" data-dt-img-description=\"\" data-large_image_width=\"1414\" data-large_image_height=\"2000\"href='https:\/\/www.radiopiu.net\/wordpress\/wp-content\/uploads\/2025\/02\/Locandina-laboratorio-creativo-01.03.2025-2.jpg'><img loading=\"lazy\" decoding=\"async\" width=\"150\" height=\"150\" src=\"https:\/\/www.radiopiu.net\/wordpress\/wp-content\/uploads\/2025\/02\/Locandina-laboratorio-creativo-01.03.2025-2-150x150.jpg\" class=\"attachment-thumbnail size-thumbnail\" alt=\"\" \/><\/a>\n\t\t\t\t<\/dt><\/dl><br style=\"clear: both\" \/><dl class='gallery-item'>\n\t\t\t\t<dt class='gallery-icon portrait'>\n\t\t\t\t\t<a class=\"rollover rollover-zoom dt-pswp-item\" title=\"Locandina Zanenga marzo 2025\" data-dt-img-description=\"\" data-large_image_width=\"1447\" data-large_image_height=\"2048\"href='https:\/\/www.radiopiu.net\/wordpress\/wp-content\/uploads\/2025\/02\/Locandina-Zanenga-marzo-2025.jpg'><img loading=\"lazy\" decoding=\"async\" width=\"150\" height=\"150\" src=\"https:\/\/www.radiopiu.net\/wordpress\/wp-content\/uploads\/2025\/02\/Locandina-Zanenga-marzo-2025-150x150.jpg\" class=\"attachment-thumbnail size-thumbnail\" alt=\"\" \/><\/a>\n\t\t\t\t<\/dt><\/dl><dl class='gallery-item'>\n\t\t\t\t<dt class='gallery-icon portrait'>\n\t\t\t\t\t<a class=\"rollover rollover-zoom dt-pswp-item\" title=\"Marzo (1)\" data-dt-img-description=\"\" data-large_image_width=\"841\" data-large_image_height=\"1190\"href='https:\/\/www.radiopiu.net\/wordpress\/wp-content\/uploads\/2025\/02\/Marzo-1.jpg'><img loading=\"lazy\" decoding=\"async\" width=\"150\" height=\"150\" src=\"https:\/\/www.radiopiu.net\/wordpress\/wp-content\/uploads\/2025\/02\/Marzo-1-150x150.jpg\" class=\"attachment-thumbnail size-thumbnail\" alt=\"\" \/><\/a>\n\t\t\t\t<\/dt><\/dl><dl class='gallery-item'>\n\t\t\t\t<dt class='gallery-icon portrait'>\n\t\t\t\t\t<a class=\"rollover rollover-zoom dt-pswp-item\" title=\"cdc49aa1-a533-4e05-b097-a65b9b8af87f\" data-dt-img-description=\"\" data-large_image_width=\"452\" data-large_image_height=\"640\"href='https:\/\/www.radiopiu.net\/wordpress\/wp-content\/uploads\/2025\/02\/cdc49aa1-a533-4e05-b097-a65b9b8af87f.jpg'><img loading=\"lazy\" decoding=\"async\" width=\"150\" height=\"150\" src=\"https:\/\/www.radiopiu.net\/wordpress\/wp-content\/uploads\/2025\/02\/cdc49aa1-a533-4e05-b097-a65b9b8af87f-150x150.jpg\" class=\"attachment-thumbnail size-thumbnail\" alt=\"\" \/><\/a>\n\t\t\t\t<\/dt><\/dl>\n\t\t\t\t<br style='clear: both' \/>\n\t\t\t<\/div>\n\n<p>&nbsp;<\/p>\n<p>&nbsp;<\/p>\n<\/div>\n<\/div>\n<\/div>\n<\/div>\n<\/div>\n<\/div>\n<\/div>\n<\/div>\n<\/div>\n<\/div>\n<\/div>\n<\/div>\n<p>&nbsp;<\/p>\n<\/div>\n<\/div>\n<\/div>\n<\/div>\n<\/div>\n<\/div>\n<\/div>\n<\/div>\n<\/div>\n<\/div>\n<\/div>\n<\/div>\n<hr \/>\n<p>&nbsp;<\/p>\n<p class=\"mceTemp\"><a class=\"dt-pswp-item\" href=\"https:\/\/www.radiopiu.net\/wordpress\/wp-content\/uploads\/2018\/09\/WhatsApp-Image-2018-09-20-at-16.04.06.jpeg\" data-dt-img-description=\"\" data-large_image_width=\"800\" data-large_image_height=\"100\"><img loading=\"lazy\" decoding=\"async\" class=\"wp-image-61378 size-full aligncenter\" src=\"https:\/\/www.radiopiu.net\/wordpress\/wp-content\/uploads\/2018\/09\/WhatsApp-Image-2018-09-20-at-16.04.06.jpeg\" alt=\"\" width=\"800\" height=\"100\" srcset=\"https:\/\/www.radiopiu.net\/wordpress\/wp-content\/uploads\/2018\/09\/WhatsApp-Image-2018-09-20-at-16.04.06.jpeg 800w, https:\/\/www.radiopiu.net\/wordpress\/wp-content\/uploads\/2018\/09\/WhatsApp-Image-2018-09-20-at-16.04.06-300x38.jpeg 300w, https:\/\/www.radiopiu.net\/wordpress\/wp-content\/uploads\/2018\/09\/WhatsApp-Image-2018-09-20-at-16.04.06-768x96.jpeg 768w\" sizes=\"auto, (max-width: 800px) 100vw, 800px\" \/><\/a><\/p>\n<p><center><\/center><center><\/center>&nbsp;<\/p>\n<p><center><\/center><center><b>OGGI<\/b><\/center>Moderato e diffuso maltempo con cielo coperto tutto il giorno e fenomeni che potranno risultare significativi tra Prealpi e Dolomiti meridionali, mentre saranno di minore entit\u00e0 sulle Dolomiti settentrionali.<br \/>\n<b>Precipitazioni: <\/b>Alta probabilit\u00e0 di fenomeni diffusi, a tratti di moderata intensit\u00e0, anche per rovesci. Il limite neve sar\u00e0 sui 1300-1500 m, ma presenter\u00e0 una certa variabilit\u00e0 spazio-temporale tra settori aperti e valli chiuse. In queste ultime il limite scender\u00e0 presto a 1000-1200 m generando notevoli differenze di cumuli a parit\u00e0 di quota. In ogni caso a fine episodio la neve scender\u00e0 quasi ovunque a 1000-1100 m.<br \/>\n<b>Temperature: <\/b>In generale lieve diminuzione, pi\u00f9 marcata dal pomeriggio in poi, con minime osservate alla sera.<\/p>\n<hr \/>\n<p><center><b>DOMANI<\/b><\/center>Residuo maltempo notturno, prima del suo totale esaurimento entro l&#8217;alba. Poi miglioramento del tempo con riduzione della nuvolosit\u00e0 e ritorno di ampi rasserenamenti. Nelle ore pomeridiane tratti soleggiati e nuvolosit\u00e0 cumuliforme, prima che il tempo peggiori di nuovo nel tardo pomeriggio\/sera.<br \/>\n<b>Precipitazioni: <\/b>Nottetempo residui rovesci o piovaschi sparsi in rapido esaurimento. Limite neve a 1000-1100 m. In giornata assenti. Dal tardo pomeriggio nuovi fenomeni a partire da nord, in trasferimento verso le Prealpi. la neve cadr\u00e0 a 900-1000 m.<br \/>\n<b>Temperature: <\/b>Minime in generale lieve calo e massime in leggera ripresa in relazione al buon soleggiamento, eccetto ulteriore lieve diminuzione delle stesse sulle cime dolomitiche pi\u00f9 alte.<\/p>\n<hr \/>\n<p><center><b>VENERDI<\/b><\/center>Nottetempo cielo coperto e probabili rovesci, nevosi a 900-1100 m. In giornata ritorno del sole e del cielo sereno con ottima visibilit\u00e0. Temperature in ulteriore calo a tutte le quote, compreso le massime nelle valli, nonostante il buon soleggiamento.<\/p>\n<hr \/>\n<p><center><b>SABATO<\/b><\/center>Splendida giornata di stampo invernale con sole, cielo sereno, aria limpida ed ottima visibilit\u00e0. Temperature minime in generale lieve calo a tutte le quote, con forti gelate alle quote medie, anche nei fondovalle prealpini, seppur non particolarmente intense; massime in diminuzione nonostante il sole.<\/p>\n<p>&nbsp;<\/p>\n<hr \/>\n<p>&nbsp;<\/p>\n<p class=\"mceTemp\"><a class=\"dt-pswp-item\" href=\"https:\/\/www.radiopiu.net\/wordpress\/wp-content\/uploads\/2018\/09\/sport.jpg\" data-dt-img-description=\"\" data-large_image_width=\"800\" data-large_image_height=\"100\"><img loading=\"lazy\" decoding=\"async\" class=\"aligncenter wp-image-60761 size-full\" src=\"https:\/\/www.radiopiu.net\/wordpress\/wp-content\/uploads\/2018\/09\/sport.jpg\" alt=\"\" width=\"800\" height=\"100\" srcset=\"https:\/\/www.radiopiu.net\/wordpress\/wp-content\/uploads\/2018\/09\/sport.jpg 800w, https:\/\/www.radiopiu.net\/wordpress\/wp-content\/uploads\/2018\/09\/sport-300x38.jpg 300w, https:\/\/www.radiopiu.net\/wordpress\/wp-content\/uploads\/2018\/09\/sport-768x96.jpg 768w\" sizes=\"auto, (max-width: 800px) 100vw, 800px\" \/> <\/a><\/p>\n<p class=\"mceTemp\"><span style=\"color: #0000ff;\"><strong>\u00a0 \u00a0 \u00a0<\/strong><\/span><\/p>\n<p><span style=\"color: #0000ff;\"><strong>CALCIO<\/strong><\/span><\/p>\n<blockquote>\n<h3>CRISTIAN CURTI SI DIMETTE DA ALLENATORE DEL LENTIAI<\/h3>\n<\/blockquote>\n<p><strong><a class=\"dt-pswp-item\" href=\"https:\/\/www.radiopiu.net\/wordpress\/wp-content\/uploads\/2025\/02\/cc177176-c369-4687-bdcf-7a8109780e31.jpg\" data-dt-img-description=\"\" data-large_image_width=\"940\" data-large_image_height=\"788\"><img loading=\"lazy\" decoding=\"async\" class=\" wp-image-436662 alignleft\" src=\"https:\/\/www.radiopiu.net\/wordpress\/wp-content\/uploads\/2025\/02\/cc177176-c369-4687-bdcf-7a8109780e31-300x251.jpg\" alt=\"\" width=\"160\" height=\"134\" srcset=\"https:\/\/www.radiopiu.net\/wordpress\/wp-content\/uploads\/2025\/02\/cc177176-c369-4687-bdcf-7a8109780e31-300x251.jpg 300w, https:\/\/www.radiopiu.net\/wordpress\/wp-content\/uploads\/2025\/02\/cc177176-c369-4687-bdcf-7a8109780e31-768x644.jpg 768w, https:\/\/www.radiopiu.net\/wordpress\/wp-content\/uploads\/2025\/02\/cc177176-c369-4687-bdcf-7a8109780e31.jpg 940w\" sizes=\"auto, (max-width: 160px) 100vw, 160px\" \/><\/a>BORGO VALBELLUNA <\/strong>L&#8217;USD Lentiai annuncia l&#8217;accettazione delle dimissioni dell&#8217;allenatore Cristian Curti. I recenti risultati hanno portato a questa decisione, senza intaccare la stima per il tecnico agordino. Curti ha guidato il Lentiai alla vittoria del campionato di Seconda Categoria dopo 22 anni e ha ottenuto una salvezza anticipata in Prima Categoria con un sesto posto finale. Anche in questa stagione la squadra ha avuto un ottimo avvio, restando tra le prime tre per tutto il girone di andata. &#8220;Accettiamo con dispiacere le dimissioni &#8211; dicono dalla societ\u00e0 &#8211; sperando in una svolta per la stagione. Ringraziamo Cristian per tutto il percorso fatto assieme&#8221;<\/p>\n<p>&nbsp;<\/p>\n<p><span style=\"color: #0000ff;\"><strong>SCI<\/strong><\/span><\/p>\n<blockquote>\n<h3>Alleghe celebra i campioni delle fasi regionali dei Campionati Studenteschi di sci e snowboard<\/h3>\n<\/blockquote>\n<p data-start=\"214\" data-end=\"566\"><a class=\"dt-pswp-item\" href=\"https:\/\/www.radiopiu.net\/wordpress\/wp-content\/uploads\/2025\/02\/Senza-nome-83.png\" data-dt-img-description=\"\" data-large_image_width=\"636\" data-large_image_height=\"426\"><img loading=\"lazy\" decoding=\"async\" class=\"size-medium wp-image-436702 alignleft\" src=\"https:\/\/www.radiopiu.net\/wordpress\/wp-content\/uploads\/2025\/02\/Senza-nome-83-300x201.png\" alt=\"\" width=\"300\" height=\"201\" srcset=\"https:\/\/www.radiopiu.net\/wordpress\/wp-content\/uploads\/2025\/02\/Senza-nome-83-300x201.png 300w, https:\/\/www.radiopiu.net\/wordpress\/wp-content\/uploads\/2025\/02\/Senza-nome-83.png 636w\" sizes=\"auto, (max-width: 300px) 100vw, 300px\" \/><\/a>Si sono svolte ieri ad Alleghe le fasi regionali dei Campionati Studenteschi di sci alpino e snowboard, che hanno visto protagonisti i migliori giovani atleti delle scuole medie e superiori del Veneto. Tra i vincitori brillano diversi studenti bellunesi, che hanno conquistato titoli e podi, confermando il talento della provincia sulla neve.<\/p>\n<h3 data-start=\"568\" data-end=\"622\"><strong data-start=\"572\" data-end=\"620\">Scuole superiori: Savelli e D\u2019Inc\u00e0 sul podio<\/strong><\/h3>\n<p data-start=\"624\" data-end=\"1234\">Nella categoria Allievi delle scuole superiori, i ragazzi si sono sfidati in una manche di slalom gigante. In campo maschile, il trichianese Leonardo D\u2019Inc\u00e0, in gara per il Liceo Scientifico Sportivo Da Vinci di Belluno, ha ottenuto un brillante secondo posto, a soli 38 centesimi dal vincitore Federico Bortoli (Rigoni Stern Asiago). Tra le ragazze, dominio bellunese con Greta Savelli del Segato, che ha conquistato la vittoria battendo Eleonora Meneghel (Renier) per appena 17 centesimi. Nel snowboard femminile, grande successo per Elena Pani del Follador.<\/p>\n<p data-start=\"1236\" data-end=\"1436\">Ecco alcuni risultati significativi:<br data-start=\"1272\" data-end=\"1275\" \/>&#x1f3c6; Allievi Maschile:\u00a0 &#x1f948; Leonardo D&#8217;Inc\u00e0 (Liceo Da Vinci) \u2013 39.79 s &#x1f3c5; Davide Zama (Segato) \u2013 4\u00b0 posto<br data-start=\"1392\" data-end=\"1395\" \/>&#x1f3c5; Felipe Zopp\u00e8 (Segato) \u2013 6\u00b0 posto &#x1f3c6; Allieve Femminile: &#x1f947; Greta Savelli (Segato) \u2013 40.98 s &#x1f948; Eleonora Meneghel (Renier) \u2013 41.15 s &#x1f3c5; Marta Cerri (Renier) \u2013 4\u00b0 posto &#x1f3c6; Snowboard Allieve: &#x1f947; Elena Pani (Follador) \u2013 1:00.35<\/p>\n<h3 data-start=\"1666\" data-end=\"1720\"><strong data-start=\"1670\" data-end=\"1718\">Scuole medie: dominio bellunese al femminile<\/strong><\/h3>\n<p data-start=\"1722\" data-end=\"2086\">Nelle scuole secondarie di primo grado, il miglior risultato maschile bellunese \u00e8 stato di Thomas De Zordi (Pedavena), che ha chiuso al 10\u00b0 posto, mentre tra le ragazze si \u00e8 registrato un podio tutto bellunese: &#x1f947; Chiara De Cian (Santa Giustina) \u2013 42.06 s &#x1f948; Beatrice Tremonti (Auronzo) \u2013 42.34 s &#x1f949; Livia Fabbri (Belluno) \u2013 42.62 s Nel snowboard maschile, il titolo \u00e8 andato a Pietro Stefani (Pieve di Cadore), mentre tra le ragazze ha trionfato Azzurra Codoro (Belluno).<\/p>\n<p>&nbsp;<\/p>\n<p><span style=\"color: #0000ff;\"><b>NUOTO<\/b><\/span><\/p>\n<blockquote>\n<h3>&#8220;TROFEO CITT\u00c0 DI SASSUOLO\u201d: OTTAVO POSTO DI SQUADRA PER LA SPORTIVAMENTE BELLUNO<\/h3>\n<\/blockquote>\n<p><strong><a class=\"dt-pswp-item\" href=\"https:\/\/www.radiopiu.net\/wordpress\/wp-content\/uploads\/2025\/02\/Sportivamente_Belluno_a_Sassuolo.jpg\" data-dt-img-description=\"\" data-large_image_width=\"1166\" data-large_image_height=\"798\"><img loading=\"lazy\" decoding=\"async\" class=\" wp-image-436607 alignleft\" src=\"https:\/\/www.radiopiu.net\/wordpress\/wp-content\/uploads\/2025\/02\/Sportivamente_Belluno_a_Sassuolo-300x205.jpg\" alt=\"\" width=\"195\" height=\"133\" srcset=\"https:\/\/www.radiopiu.net\/wordpress\/wp-content\/uploads\/2025\/02\/Sportivamente_Belluno_a_Sassuolo-300x205.jpg 300w, https:\/\/www.radiopiu.net\/wordpress\/wp-content\/uploads\/2025\/02\/Sportivamente_Belluno_a_Sassuolo-1024x701.jpg 1024w, https:\/\/www.radiopiu.net\/wordpress\/wp-content\/uploads\/2025\/02\/Sportivamente_Belluno_a_Sassuolo-768x526.jpg 768w, https:\/\/www.radiopiu.net\/wordpress\/wp-content\/uploads\/2025\/02\/Sportivamente_Belluno_a_Sassuolo.jpg 1166w\" sizes=\"auto, (max-width: 195px) 100vw, 195px\" \/><\/a>BELLUNO <\/strong>Trasferta da ricordare per la Sportivamente Belluno, impegnata nel decimo \u201cTrofeo Citt\u00e0 di Sassuolo\u201d. In acqua, erano ventidue gli atleti bellunesi protagonisti, a confronto con nuotatori dell\u2019Emilia Romagna e del Friuli Venezia Giulia. Non sono mancate le medaglie e tantomeno le vittorie. A cominciare da Elisa Petten\u00f2, prima assoluta nei 100 dorso e terza nei 200, e da Anna Simon, seconda assoluta nei 100 stile. Nella categoria Ragazzi, invece, Vincenzo Iuliano primeggia nei 200 rana ed \u00e8 secondo nei 100, mentre Alessandro Nerviani \u00e8 d\u2019oro nei 50 stile e di bronzo nei 100. E Mattia Don\u00e0 si piazza secondo nei 200 misti e terzo, nonostante la giovane et\u00e0 (classe 2011), nella difficile gara dei 400 misti tra gli Assoluti. Applausi pure per Samuele Sommacal, Alex Brianti, Dora Bortoluzzi, Alessio Camposeo, capaci di migliorare abbondantemente i loro primati personali. Buono, inoltre, il risultato in classifica generale, visto che la Sportivamente Belluno ha chiuso all\u2019ottavo posto su venti squadre partecipanti. Per quanto riguarda il prossimo appuntamento, \u00e8 in calendario domenica 2 marzo, quando andranno in scena i campionati regionali di categoria.<\/p>\n<p>&nbsp;<\/p>\n<p><span style=\"color: #0000ff;\"><strong>KARATE<\/strong><\/span><\/p>\n<blockquote>\n<h3><a class=\"dt-pswp-item\" href=\"https:\/\/www.radiopiu.net\/wordpress\/wp-content\/uploads\/2025\/02\/IMG-20250224-WA0004.jpg\" data-dt-img-description=\"\" data-large_image_width=\"747\" data-large_image_height=\"840\"><img loading=\"lazy\" decoding=\"async\" class=\" wp-image-436612 alignleft\" src=\"https:\/\/www.radiopiu.net\/wordpress\/wp-content\/uploads\/2025\/02\/IMG-20250224-WA0004-267x300.jpg\" alt=\"\" width=\"116\" height=\"130\" srcset=\"https:\/\/www.radiopiu.net\/wordpress\/wp-content\/uploads\/2025\/02\/IMG-20250224-WA0004-267x300.jpg 267w, https:\/\/www.radiopiu.net\/wordpress\/wp-content\/uploads\/2025\/02\/IMG-20250224-WA0004.jpg 747w\" sizes=\"auto, (max-width: 116px) 100vw, 116px\" \/><\/a>IL TSKS BELLUNO BRILLA IN SLOVENIA<\/h3>\n<\/blockquote>\n<p>Il Tsks Belluno si distingue all\u2019Open di Velenje in Slovenia, competizione WKF con oltre 650 atleti. Nei combattimenti di kumite, Lorenzo Pontil Scala conquista l\u2019oro dopo un\u2019ottima prestazione. Linda Pompanin si classifica terza dopo il ripescaggio, mentre Antonio Buzesco Pop e Loris Da Rin chiudono al quinto posto. Il coach Marco Bacchilega si dice orgoglioso della determinazione dimostrata dai ragazzi. Nella specialit\u00e0 kata, nessun atleta bellunese raggiunge il podio, ma Samuele Pinzon ed Edoardo Gheno ottengono un buon quinto posto.<\/p>\n<p>&nbsp;<\/p>\n<p><span style=\"color: #0000ff;\"><strong>CORSA CAMPESTRE<\/strong><\/span><\/p>\n<blockquote>\n<h3>OTTIMI RISULTATI PER IL CSI BELLUNO ALLA SECONDA PROVA DEL REGIONALE DI CORSA CAMPESTRE<\/h3>\n<\/blockquote>\n<p><a class=\"dt-pswp-item\" href=\"https:\/\/www.radiopiu.net\/wordpress\/wp-content\/uploads\/2025\/02\/podio-amatori-A-1.-diego-viel-2.-davide-dalla-palma-tezze-sul-brenta-csi.b-2025.jpg\" data-dt-img-description=\"\" data-large_image_width=\"1500\" data-large_image_height=\"1000\"><img loading=\"lazy\" decoding=\"async\" class=\" wp-image-436622 alignleft\" src=\"https:\/\/www.radiopiu.net\/wordpress\/wp-content\/uploads\/2025\/02\/podio-amatori-A-1.-diego-viel-2.-davide-dalla-palma-tezze-sul-brenta-csi.b-2025-300x200.jpg\" alt=\"\" width=\"167\" height=\"111\" srcset=\"https:\/\/www.radiopiu.net\/wordpress\/wp-content\/uploads\/2025\/02\/podio-amatori-A-1.-diego-viel-2.-davide-dalla-palma-tezze-sul-brenta-csi.b-2025-300x200.jpg 300w, https:\/\/www.radiopiu.net\/wordpress\/wp-content\/uploads\/2025\/02\/podio-amatori-A-1.-diego-viel-2.-davide-dalla-palma-tezze-sul-brenta-csi.b-2025-1024x683.jpg 1024w, https:\/\/www.radiopiu.net\/wordpress\/wp-content\/uploads\/2025\/02\/podio-amatori-A-1.-diego-viel-2.-davide-dalla-palma-tezze-sul-brenta-csi.b-2025-768x512.jpg 768w, https:\/\/www.radiopiu.net\/wordpress\/wp-content\/uploads\/2025\/02\/podio-amatori-A-1.-diego-viel-2.-davide-dalla-palma-tezze-sul-brenta-csi.b-2025.jpg 1500w\" sizes=\"auto, (max-width: 167px) 100vw, 167px\" \/><\/a>Anche nella seconda prova del Campionato regionale di corsa campestre Csi, svoltasi il 23 febbraio a Tezze sul Brenta, le societ\u00e0 del comitato Csi di Belluno si sono distinte con una grande partecipazione e ottimi risultati. Gli atleti bellunesi hanno conquistato 12 vittorie, 6 secondi posti (pi\u00f9 2 di Csi Feltre) e 10 terzi posti. Tra i vincitori spiccano Mattia Spada, Nina Zanella, Claudia Cetta, Samuele Bogno e Tommaso Gerardini. Ottimi piazzamenti anche per Alessia Miniutti, Diego Viel ed Elisa Gullo. Tra i secondi e terzi classificati figurano Asia Facen, Beatrice Zampieri, Marco Andreani e Francesca Comiotto. La terza e ultima prova si terr\u00e0 il 16 marzo a Seren del Grappa, mentre la finale nazionale \u00e8 in programma a Mel dal 4 al 6 aprile, organizzata da Csi Belluno e La Piave 2000.<\/p>\n<p>&nbsp;<\/p>\n<p>&nbsp;<\/p>\n<p>&nbsp;<\/p>\n<p>&nbsp;<\/p>\n<p>&nbsp;<\/p>\n","protected":false},"excerpt":{"rendered":"<p>******** &nbsp; LA\u00a0 APP PER IOS-IPHONE di Nicola Vettorello https:\/\/apps.apple.com\/it\/app\/radio-pi%C3%B9-emittente-agordina\/id1515939845 LA\u00a0 APP RADIO\u00a0 PER ANDROID di Nicola Vettorello https:\/\/play.google.com\/store\/apps\/details?id=net.radiopiu.iniko\u00a0\u00a0\u00a0\u00a0 &nbsp; PASSO CAMPOLONGO, ARABBA-CORVARA OGGI ALLE SETTE DEL MATTINO &nbsp; OGGI ALLA RADIO:\u00a0\u00a0 rassegna stampa nazionale, ogni giorno alle 5 e alle 6 del mattino. giornali locali 7 rassegna stampa flash, 8 rassegna stampa, gr flash&hellip;<\/p>\n","protected":false},"author":4,"featured_media":436699,"comment_status":"closed","ping_status":"closed","sticky":false,"template":"","format":"standard","meta":{"_monsterinsights_skip_tracking":false,"_monsterinsights_sitenote_active":false,"_monsterinsights_sitenote_note":"","_monsterinsights_sitenote_category":0,"footnotes":""},"categories":[51,86,49],"tags":[],"class_list":["post-436474","post","type-post","status-publish","format-standard","has-post-thumbnail","hentry","category-evidenza-top","category-gr","category-news-18","category-51","category-86","category-49","description-off"],"img_url":"https:\/\/www.radiopiu.net\/wordpress\/wp-content\/uploads\/2025\/02\/th-3.jpg","_links":{"self":[{"href":"https:\/\/www.radiopiu.net\/wordpress\/wp-json\/wp\/v2\/posts\/436474","targetHints":{"allow":["GET"]}}],"collection":[{"href":"https:\/\/www.radiopiu.net\/wordpress\/wp-json\/wp\/v2\/posts"}],"about":[{"href":"https:\/\/www.radiopiu.net\/wordpress\/wp-json\/wp\/v2\/types\/post"}],"author":[{"embeddable":true,"href":"https:\/\/www.radiopiu.net\/wordpress\/wp-json\/wp\/v2\/users\/4"}],"replies":[{"embeddable":true,"href":"https:\/\/www.radiopiu.net\/wordpress\/wp-json\/wp\/v2\/comments?post=436474"}],"version-history":[{"count":41,"href":"https:\/\/www.radiopiu.net\/wordpress\/wp-json\/wp\/v2\/posts\/436474\/revisions"}],"predecessor-version":[{"id":436714,"href":"https:\/\/www.radiopiu.net\/wordpress\/wp-json\/wp\/v2\/posts\/436474\/revisions\/436714"}],"wp:featuredmedia":[{"embeddable":true,"href":"https:\/\/www.radiopiu.net\/wordpress\/wp-json\/wp\/v2\/media\/436699"}],"wp:attachment":[{"href":"https:\/\/www.radiopiu.net\/wordpress\/wp-json\/wp\/v2\/media?parent=436474"}],"wp:term":[{"taxonomy":"category","embeddable":true,"href":"https:\/\/www.radiopiu.net\/wordpress\/wp-json\/wp\/v2\/categories?post=436474"},{"taxonomy":"post_tag","embeddable":true,"href":"https:\/\/www.radiopiu.net\/wordpress\/wp-json\/wp\/v2\/tags?post=436474"}],"curies":[{"name":"wp","href":"https:\/\/api.w.org\/{rel}","templated":true}]}}