{"id":436504,"date":"2025-02-24T23:57:25","date_gmt":"2025-02-24T22:57:25","guid":{"rendered":"https:\/\/www.radiopiu.net\/wordpress\/?p=436504"},"modified":"2025-02-25T06:00:55","modified_gmt":"2025-02-25T05:00:55","slug":"premiati-239-luoghi-storici-del-commercio-due-in-agordino-panificio-el-forner-a-la-valle-e-losteria-del-faore-a-cencenighe","status":"publish","type":"post","link":"https:\/\/www.radiopiu.net\/wordpress\/premiati-239-luoghi-storici-del-commercio-due-in-agordino-panificio-el-forner-a-la-valle-e-losteria-del-faore-a-cencenighe\/","title":{"rendered":"PREMIATI 239 LUOGHI STORICI DEL COMMERCIO. DUE IN AGORDINO: PANIFICIO EL FORNER A LA VALLE E L&#8217;OSTERIA DEL FAORE A CENCENIGHE"},"content":{"rendered":"<p>&nbsp;<\/p>\n<blockquote>\n<h3><\/h3>\n<\/blockquote>\n<p><strong>DI BARBARA PAOLAZZI<\/strong><\/p>\n<p><strong><a class=\"dt-pswp-item\" href=\"https:\/\/www.radiopiu.net\/wordpress\/wp-content\/uploads\/2025\/02\/B2S4228.jpg\" data-dt-img-description=\"\" data-large_image_width=\"2362\" data-large_image_height=\"1575\"><img loading=\"lazy\" decoding=\"async\" class=\" wp-image-436472 alignleft\" src=\"https:\/\/www.radiopiu.net\/wordpress\/wp-content\/uploads\/2025\/02\/B2S4228-300x200.jpg\" alt=\"\" width=\"180\" height=\"120\" srcset=\"https:\/\/www.radiopiu.net\/wordpress\/wp-content\/uploads\/2025\/02\/B2S4228-300x200.jpg 300w, https:\/\/www.radiopiu.net\/wordpress\/wp-content\/uploads\/2025\/02\/B2S4228-1024x683.jpg 1024w, https:\/\/www.radiopiu.net\/wordpress\/wp-content\/uploads\/2025\/02\/B2S4228-768x512.jpg 768w, https:\/\/www.radiopiu.net\/wordpress\/wp-content\/uploads\/2025\/02\/B2S4228-1536x1024.jpg 1536w, https:\/\/www.radiopiu.net\/wordpress\/wp-content\/uploads\/2025\/02\/B2S4228-2048x1366.jpg 2048w\" sizes=\"auto, (max-width: 180px) 100vw, 180px\" \/><\/a>VENEZIA <\/strong>\u201cIl Veneto \u00e8 grato oggi a questi 239 commercianti, che nonostante la crisi e le difficolt\u00e0 contribuiscono ogni giorno a fare della nostra terra una delle regioni pi\u00f9 importanti d\u2019Europa, promuovendo il lavoro e la qualit\u00e0 del prodotto. A loro \u00e8 dedicato questo momento ufficiale in cui li ringraziamo per aver fatto la storia del Veneto, e raccontiamo un\u2019economia eroica fatta da chi fa crescere il territorio. Questi commercianti sono la dimostrazione che la tradizione e la capacit\u00e0 di innovare sono nel dna dei veneti: si tratta di una ricchezza da conservare e valorizzare perch\u00e9 rappresenta il nostro passato, il nostro presente e una straordinaria opportunit\u00e0 per i giovani che volessero accedere ad attivit\u00e0 professionali di qualit\u00e0. Per tutto ci\u00f2, grazie di cuore!\u201d. Queste le parole rivolte oggi dall\u2019assessore regionale allo Sviluppo economico Roberto Marcato ai titolari dei 239 esercizi veneti iscritti nell\u2019anno 2024 nell\u2019Elenco regionale dei luoghi storici del commercio, che complessivamente ha raggiunto quota 1.563. A ciascuno di loro, in una cerimonia a Padova, l\u2019assessore ha consegnato la targa con il logo che contrassegna l\u2019iscrizione.<\/p>\n<audio class=\"wp-audio-shortcode\" id=\"audio-436504-1\" preload=\"none\" style=\"width: 100%;\" controls=\"controls\"><source type=\"audio\/mpeg\" src=\"https:\/\/www.radiopiu.net\/wordpress\/wp-content\/uploads\/2025\/02\/PAOLAZZI-PREMIATI-239-LUOGHI-STORICI-DEL-COMMERCIO.mp3?_=1\" \/><a href=\"https:\/\/www.radiopiu.net\/wordpress\/wp-content\/uploads\/2025\/02\/PAOLAZZI-PREMIATI-239-LUOGHI-STORICI-DEL-COMMERCIO.mp3\">https:\/\/www.radiopiu.net\/wordpress\/wp-content\/uploads\/2025\/02\/PAOLAZZI-PREMIATI-239-LUOGHI-STORICI-DEL-COMMERCIO.mp3<\/a><\/audio>\n<p><a class=\"dt-pswp-item\" href=\"https:\/\/www.radiopiu.net\/wordpress\/wp-content\/uploads\/2025\/02\/KLJOASYGO.jpg\" data-dt-img-description=\"\" data-large_image_width=\"1536\" data-large_image_height=\"1077\"><img loading=\"lazy\" decoding=\"async\" class=\"alignnone size-medium wp-image-436392\" src=\"https:\/\/www.radiopiu.net\/wordpress\/wp-content\/uploads\/2025\/02\/KLJOASYGO-300x210.jpg\" alt=\"\" width=\"300\" height=\"210\" srcset=\"https:\/\/www.radiopiu.net\/wordpress\/wp-content\/uploads\/2025\/02\/KLJOASYGO-300x210.jpg 300w, https:\/\/www.radiopiu.net\/wordpress\/wp-content\/uploads\/2025\/02\/KLJOASYGO-1024x718.jpg 1024w, https:\/\/www.radiopiu.net\/wordpress\/wp-content\/uploads\/2025\/02\/KLJOASYGO-768x539.jpg 768w, https:\/\/www.radiopiu.net\/wordpress\/wp-content\/uploads\/2025\/02\/KLJOASYGO.jpg 1536w\" sizes=\"auto, (max-width: 300px) 100vw, 300px\" \/><\/a><a class=\"dt-pswp-item\" href=\"https:\/\/www.radiopiu.net\/wordpress\/wp-content\/uploads\/2025\/02\/download-16.jpg\" data-dt-img-description=\"\" data-large_image_width=\"194\" data-large_image_height=\"259\"><img loading=\"lazy\" decoding=\"async\" class=\"alignnone  wp-image-436505\" src=\"https:\/\/www.radiopiu.net\/wordpress\/wp-content\/uploads\/2025\/02\/download-16.jpg\" alt=\"\" width=\"157\" height=\"210\" \/><\/a><\/p>\n<p>&nbsp;<\/p>\n<hr \/>\n<p>&nbsp;<\/p>\n","protected":false},"excerpt":{"rendered":"<p>&nbsp; DI BARBARA PAOLAZZI VENEZIA \u201cIl Veneto \u00e8 grato oggi a questi 239 commercianti, che nonostante la crisi e le difficolt\u00e0 contribuiscono ogni giorno a fare della nostra terra una delle regioni pi\u00f9 importanti d\u2019Europa, promuovendo il lavoro e la qualit\u00e0 del prodotto. A loro \u00e8 dedicato questo momento ufficiale in cui li ringraziamo per&hellip;<\/p>\n","protected":false},"author":4,"featured_media":436506,"comment_status":"closed","ping_status":"closed","sticky":false,"template":"","format":"standard","meta":{"_monsterinsights_skip_tracking":false,"_monsterinsights_sitenote_active":false,"_monsterinsights_sitenote_note":"","_monsterinsights_sitenote_category":0,"footnotes":""},"categories":[104,49],"tags":[],"class_list":["post-436504","post","type-post","status-publish","format-standard","has-post-thumbnail","hentry","category-evidenza_3","category-news-18","category-104","category-49","description-off"],"img_url":"https:\/\/www.radiopiu.net\/wordpress\/wp-content\/uploads\/2025\/02\/download-17.jpg","_links":{"self":[{"href":"https:\/\/www.radiopiu.net\/wordpress\/wp-json\/wp\/v2\/posts\/436504","targetHints":{"allow":["GET"]}}],"collection":[{"href":"https:\/\/www.radiopiu.net\/wordpress\/wp-json\/wp\/v2\/posts"}],"about":[{"href":"https:\/\/www.radiopiu.net\/wordpress\/wp-json\/wp\/v2\/types\/post"}],"author":[{"embeddable":true,"href":"https:\/\/www.radiopiu.net\/wordpress\/wp-json\/wp\/v2\/users\/4"}],"replies":[{"embeddable":true,"href":"https:\/\/www.radiopiu.net\/wordpress\/wp-json\/wp\/v2\/comments?post=436504"}],"version-history":[{"count":1,"href":"https:\/\/www.radiopiu.net\/wordpress\/wp-json\/wp\/v2\/posts\/436504\/revisions"}],"predecessor-version":[{"id":436507,"href":"https:\/\/www.radiopiu.net\/wordpress\/wp-json\/wp\/v2\/posts\/436504\/revisions\/436507"}],"wp:featuredmedia":[{"embeddable":true,"href":"https:\/\/www.radiopiu.net\/wordpress\/wp-json\/wp\/v2\/media\/436506"}],"wp:attachment":[{"href":"https:\/\/www.radiopiu.net\/wordpress\/wp-json\/wp\/v2\/media?parent=436504"}],"wp:term":[{"taxonomy":"category","embeddable":true,"href":"https:\/\/www.radiopiu.net\/wordpress\/wp-json\/wp\/v2\/categories?post=436504"},{"taxonomy":"post_tag","embeddable":true,"href":"https:\/\/www.radiopiu.net\/wordpress\/wp-json\/wp\/v2\/tags?post=436504"}],"curies":[{"name":"wp","href":"https:\/\/api.w.org\/{rel}","templated":true}]}}