{"id":436599,"date":"2025-02-25T15:55:01","date_gmt":"2025-02-25T14:55:01","guid":{"rendered":"https:\/\/www.radiopiu.net\/wordpress\/?p=436599"},"modified":"2025-02-26T06:19:18","modified_gmt":"2025-02-26T05:19:18","slug":"fai-cisl-belluno-treviso-confermata-la-segreteria-uscente-guidata-da-andrea-meneghel","status":"publish","type":"post","link":"https:\/\/www.radiopiu.net\/wordpress\/fai-cisl-belluno-treviso-confermata-la-segreteria-uscente-guidata-da-andrea-meneghel\/","title":{"rendered":"FAI CISL BELLUNO TREVISO: CONFERMATA LA SEGRETERIA USCENTE GUIDATA DA ANDREA MENEGHEL"},"content":{"rendered":"<p>*******<\/p>\n<p>&nbsp;<\/p>\n<p><strong><a class=\"dt-pswp-item\" href=\"https:\/\/www.radiopiu.net\/wordpress\/wp-content\/uploads\/2025\/02\/segReteria1-scaled.jpeg\" data-dt-img-description=\"\" data-large_image_width=\"2560\" data-large_image_height=\"1920\"><img loading=\"lazy\" decoding=\"async\" class=\" wp-image-436600 alignleft\" src=\"https:\/\/www.radiopiu.net\/wordpress\/wp-content\/uploads\/2025\/02\/segReteria1-300x225.jpeg\" alt=\"\" width=\"205\" height=\"154\" srcset=\"https:\/\/www.radiopiu.net\/wordpress\/wp-content\/uploads\/2025\/02\/segReteria1-300x225.jpeg 300w, https:\/\/www.radiopiu.net\/wordpress\/wp-content\/uploads\/2025\/02\/segReteria1-1024x768.jpeg 1024w, https:\/\/www.radiopiu.net\/wordpress\/wp-content\/uploads\/2025\/02\/segReteria1-768x576.jpeg 768w, https:\/\/www.radiopiu.net\/wordpress\/wp-content\/uploads\/2025\/02\/segReteria1-1536x1152.jpeg 1536w, https:\/\/www.radiopiu.net\/wordpress\/wp-content\/uploads\/2025\/02\/segReteria1-2048x1536.jpeg 2048w\" sizes=\"auto, (max-width: 205px) 100vw, 205px\" \/><\/a>TREVISO\/BELLUNO <\/strong><strong>\u201c<\/strong>Alimenta il futuro: lavoro, partecipazione, sostenibilit\u00e0\u201d. Questo il titolo del quarto Congresso della Fai Cisl Belluno Treviso, la Federazione dei lavoratori del settore agroalimentare (agricoltura, industria e artigianato alimentare) e dell\u2019ambiente (forestali, consorzi di bonifica). La categoria, al termine dell\u2019assemblea congressuale che si \u00e8 svolta luned\u00ec 24 a Cornuda, ha confermato la segreteria uscente guidata dal dicembre del 2018 da Andrea Meneghel. 53 anni di Breda di Piave, Meneghel \u00e8 entrato nel mondo sindacale attraverso la Filca, la Federazione del legno e dell\u2019edilizia, diventando delegato in un\u2019azienda del settore del legno-arredo nel 2001. Dal 1\u00b0 marzo 2006 ha iniziato a lavorare a tempo pieno nella Fai, prima come operatore, poi, dal 2009, come componente della segreteria e dal dicembre 2018 come segretario generale. Confermati anche Nesida Luechtefeld, friulana, 58 anni, componente della segreteria dal 2009, e Marco Poletti, classe 1994, di Lamon, eletto Rsu di stabilimento nella Fabbrica di Pedavena nel 2019 e da ottobre 2024 componente della segreteria territoriale. Il Congresso, presieduto dal segretario generale della Fai Cisl del Veneto Andrea Zani, \u00e8 stato l\u2019occasione per definire le priorit\u00e0 della Fai territoriale e i diversi fronti di impegno per la tutela dei lavoratori e delle lavoratrici dei comparti agroalimentare e ambientale nei prossimi quattro anni. Formazione, lotta al caporalato e al lavoro irregolare, sicurezza, contrattazione e conciliazione vita-lavoro rappresentano i pilastri fondamentali su cui si fonda l\u2019azione sindacale della Federazione, con l\u2019obiettivo di migliorare le condizioni di lavoro e garantire i diritti dei lavoratori in un contesto economico e sociale in continua evoluzione. Il segretario generale ha analizzato i settori di competenza partendo da quello primario. \u201cIl lavoro agricolo continua ad avere un carattere di forte stagionalit\u00e0 ed \u00e8 in larga misura temporaneo &#8211; ha sottolineato Meneghel nella relazione congressuale -, legato a una debolezza contrattuale che rende imprese e lavoratori ultimo anello della catena del valore. Gli addetti nelle nostre due province sono circa 20mila, ma la flessione registrata nell\u2019ultimo quinquennio conferma i limiti di attrattivit\u00e0 del lavoro nel settore, spesso denunciati dalla Federazione nell\u2019ottica di un miglioramento necessario a tutti i livelli che comporti maggiori salari, sicurezza, continuit\u00e0 occupazionale. Nelle province di Treviso e Belluno le difficolt\u00e0 da parte delle aziende a reclutare manodopera, soprattutto qualificata, sta diventando una costante negativa. <a class=\"dt-pswp-item\" href=\"https:\/\/www.radiopiu.net\/wordpress\/wp-content\/uploads\/2025\/02\/Meneghel-scaled.jpeg\" data-dt-img-description=\"\" data-large_image_width=\"2560\" data-large_image_height=\"1920\"><img loading=\"lazy\" decoding=\"async\" class=\"size-medium wp-image-436601 alignright\" src=\"https:\/\/www.radiopiu.net\/wordpress\/wp-content\/uploads\/2025\/02\/Meneghel-300x225.jpeg\" alt=\"\" width=\"300\" height=\"225\" srcset=\"https:\/\/www.radiopiu.net\/wordpress\/wp-content\/uploads\/2025\/02\/Meneghel-300x225.jpeg 300w, https:\/\/www.radiopiu.net\/wordpress\/wp-content\/uploads\/2025\/02\/Meneghel-1024x768.jpeg 1024w, https:\/\/www.radiopiu.net\/wordpress\/wp-content\/uploads\/2025\/02\/Meneghel-768x576.jpeg 768w, https:\/\/www.radiopiu.net\/wordpress\/wp-content\/uploads\/2025\/02\/Meneghel-1536x1152.jpeg 1536w, https:\/\/www.radiopiu.net\/wordpress\/wp-content\/uploads\/2025\/02\/Meneghel-2048x1536.jpeg 2048w\" sizes=\"auto, (max-width: 300px) 100vw, 300px\" \/><\/a>La presenza, poi, di molti lavoratori stranieri, s\u2019inserisce in un contesto segnato dall\u2019alta incidenza del lavoro sommerso, reso pi\u00f9 diffuso dalla stagionalit\u00e0 dell\u2019attivit\u00e0 agricola e dalla vulnerabilit\u00e0 legata alla condizione migratoria\u201d. Per far fronte alla piaga del caporalato, il segretario ha sottolineato la necessit\u00e0 di \u201cpromuovere politiche che incentivino la formazione professionale e il lavoro di qualit\u00e0 in agricoltura, oltre a migliorare l\u2019inclusione sociale e la sicurezza nei luoghi di lavoro\u201d. Il settore della trasformazione alimentare, con il suo know-how, \u00e8 composto da una pluralit\u00e0 di comparti merceologici, ciascuno con le sue tipicit\u00e0 ed eccellenze, a fronte di un\u2019organizzazione d\u2019impresa variegata, con oltre l\u201980% delle aziende che impiegano meno di 15 dipendenti. \u201cNelle nostre due province &#8211; ha spiegato Meneghel &#8211; l\u2019andamento rispecchia quello nazionale, con il comparto vitivinicolo trainante grazie all\u2019alta marginalit\u00e0 economica del prodotto e il settore lattiero-caseario, salvo rare eccezioni, tendenzialmente pi\u00f9 debole per le ragioni opposte. La Fai ritiene che il ruolo della contrattazione debba avere un contributo determinante e agire principalmente lungo tre assi: adeguare i salari all\u2019andamento inflattivo, valorizzare il ruolo e lo sviluppo delle competenze, ampliare la contrattazione di secondo livello alle esigenze sempre pi\u00f9 urgenti dei lavoratori e delle loro famiglie\u201d. Per i settori legati alla tutela e alla difesa dell\u2019ambiente, la Fai considera strategico promuovere \u201cpolitiche strutturali in grado di coniugare cura, sviluppo e manutenzione del territorio: serve una visione che lo salvaguardi dal dissesto idrogeologico, con un forte sostegno al territorio montano, alle aree interne e alle rispettive popolazioni, con la valorizzazione di aspetti economici e produttivi legati alla tutela dei boschi e la rivalutazione della qualit\u00e0 del lavoro forestale\u201d. \u201cIl settore della forestazione &#8211; ha detto Meneghel &#8211; ha bisogno di essere riformato con la creazione di aziende speciali di manutenzione del territorio con forma di enti pubblici economici ai quali affidare la programmazione, la pianificazione e la realizzazione delle diverse opere, nell\u2019ottica di un lavoro maggiormente valorizzato e retribuito\u201d. Al Congresso ha partecipato anche il Segretario Nazionale della Fai Cisl Patrizio Giorni, che nel suo intervento ha sottolineato l\u2019importanza del ruolo dell\u2019Europa rispetto alle tematiche del settore, assieme alle grandi sfide che riguardano il sindacato soprattutto relativamente all\u2019implementazione delle nuove tecnologie e dell\u2019intelligenza artificiale.<a class=\"dt-pswp-item\" href=\"https:\/\/www.radiopiu.net\/wordpress\/wp-content\/uploads\/2025\/02\/sala1-scaled.jpeg\" data-dt-img-description=\"\" data-large_image_width=\"2560\" data-large_image_height=\"1920\"><img loading=\"lazy\" decoding=\"async\" class=\" wp-image-436602 alignleft\" src=\"https:\/\/www.radiopiu.net\/wordpress\/wp-content\/uploads\/2025\/02\/sala1-300x225.jpeg\" alt=\"\" width=\"232\" height=\"174\" srcset=\"https:\/\/www.radiopiu.net\/wordpress\/wp-content\/uploads\/2025\/02\/sala1-300x225.jpeg 300w, https:\/\/www.radiopiu.net\/wordpress\/wp-content\/uploads\/2025\/02\/sala1-1024x768.jpeg 1024w, https:\/\/www.radiopiu.net\/wordpress\/wp-content\/uploads\/2025\/02\/sala1-768x576.jpeg 768w, https:\/\/www.radiopiu.net\/wordpress\/wp-content\/uploads\/2025\/02\/sala1-1536x1152.jpeg 1536w, https:\/\/www.radiopiu.net\/wordpress\/wp-content\/uploads\/2025\/02\/sala1-2048x1536.jpeg 2048w\" sizes=\"auto, (max-width: 232px) 100vw, 232px\" \/><\/a> &#8220;Bisogna inoltre consolidare la bilateralit\u00e0 e intensificare la promozione dell\u2019adesione ai fondi complementari previdenziali &#8211; ha aggiunto Giorni &#8211; per dare risposte sempre pi\u00f9 aggiornate e puntuali ai lavoratori e alle loro famiglie, considerando i cambiamenti demografici in atto e i bisogni di nuove tutele e nuove forme di partecipazione&#8221;. Il segretario generale Cisl Belluno Treviso Francesco Orr\u00f9 si \u00e8 soffermato sul valore della presenza nel territorio per la realizzazione di quel sindacato di prossimit\u00e0 che sta alla base dell\u2019impegno quotidiano della Cisl. Focus anche sul valore profondo della partecipazione a tutti i livelli, al centro della proposta di legge di iniziativa popolare promossa dalla Cisl e in fase di approvazione. \u201cLa partecipazione dei lavoratori alla gestione delle imprese non \u00e8 solo uno strumento di sviluppo economico, ma anche un traguardo necessario per il completamento della democrazia: la legge che dar\u00e0 finalmente attuazione all\u2019articolo 46 della Costituzione produrr\u00e0 effettivi positivi su salari, qualit\u00e0 del lavoro, produttivit\u00e0 e competitivit\u00e0, sostenibilit\u00e0 sociale, sicurezza nei luoghi di lavoro\u201d.<\/p>\n<p>&nbsp;<\/p>\n<p>&nbsp;<\/p>\n<p>&nbsp;<\/p>\n<p>**********<\/p>\n","protected":false},"excerpt":{"rendered":"<p>******* &nbsp; TREVISO\/BELLUNO \u201cAlimenta il futuro: lavoro, partecipazione, sostenibilit\u00e0\u201d. Questo il titolo del quarto Congresso della Fai Cisl Belluno Treviso, la Federazione dei lavoratori del settore agroalimentare (agricoltura, industria e artigianato alimentare) e dell\u2019ambiente (forestali, consorzi di bonifica). La categoria, al termine dell\u2019assemblea congressuale che si \u00e8 svolta luned\u00ec 24 a Cornuda, ha confermato la&hellip;<\/p>\n","protected":false},"author":4,"featured_media":436600,"comment_status":"closed","ping_status":"closed","sticky":false,"template":"","format":"standard","meta":{"_monsterinsights_skip_tracking":false,"_monsterinsights_sitenote_active":false,"_monsterinsights_sitenote_note":"","_monsterinsights_sitenote_category":0,"footnotes":""},"categories":[51,49],"tags":[],"class_list":["post-436599","post","type-post","status-publish","format-standard","has-post-thumbnail","hentry","category-evidenza-top","category-news-18","category-51","category-49","description-off"],"img_url":"https:\/\/www.radiopiu.net\/wordpress\/wp-content\/uploads\/2025\/02\/segReteria1-scaled.jpeg","_links":{"self":[{"href":"https:\/\/www.radiopiu.net\/wordpress\/wp-json\/wp\/v2\/posts\/436599","targetHints":{"allow":["GET"]}}],"collection":[{"href":"https:\/\/www.radiopiu.net\/wordpress\/wp-json\/wp\/v2\/posts"}],"about":[{"href":"https:\/\/www.radiopiu.net\/wordpress\/wp-json\/wp\/v2\/types\/post"}],"author":[{"embeddable":true,"href":"https:\/\/www.radiopiu.net\/wordpress\/wp-json\/wp\/v2\/users\/4"}],"replies":[{"embeddable":true,"href":"https:\/\/www.radiopiu.net\/wordpress\/wp-json\/wp\/v2\/comments?post=436599"}],"version-history":[{"count":1,"href":"https:\/\/www.radiopiu.net\/wordpress\/wp-json\/wp\/v2\/posts\/436599\/revisions"}],"predecessor-version":[{"id":436603,"href":"https:\/\/www.radiopiu.net\/wordpress\/wp-json\/wp\/v2\/posts\/436599\/revisions\/436603"}],"wp:featuredmedia":[{"embeddable":true,"href":"https:\/\/www.radiopiu.net\/wordpress\/wp-json\/wp\/v2\/media\/436600"}],"wp:attachment":[{"href":"https:\/\/www.radiopiu.net\/wordpress\/wp-json\/wp\/v2\/media?parent=436599"}],"wp:term":[{"taxonomy":"category","embeddable":true,"href":"https:\/\/www.radiopiu.net\/wordpress\/wp-json\/wp\/v2\/categories?post=436599"},{"taxonomy":"post_tag","embeddable":true,"href":"https:\/\/www.radiopiu.net\/wordpress\/wp-json\/wp\/v2\/tags?post=436599"}],"curies":[{"name":"wp","href":"https:\/\/api.w.org\/{rel}","templated":true}]}}