{"id":436611,"date":"2025-02-25T16:06:40","date_gmt":"2025-02-25T15:06:40","guid":{"rendered":"https:\/\/www.radiopiu.net\/wordpress\/?p=436611"},"modified":"2025-02-26T06:19:06","modified_gmt":"2025-02-26T05:19:06","slug":"il-tsks-belluno-brilla-in-sloveniaaaa","status":"publish","type":"post","link":"https:\/\/www.radiopiu.net\/wordpress\/il-tsks-belluno-brilla-in-sloveniaaaa\/","title":{"rendered":"IL TSKS BELLUNO BRILLA IN SLOVENIA"},"content":{"rendered":"<p>*******<\/p>\n<p>&nbsp;<\/p>\n<p><strong><a class=\"dt-pswp-item\" href=\"https:\/\/www.radiopiu.net\/wordpress\/wp-content\/uploads\/2025\/02\/IMG-20250224-WA0004.jpg\" data-dt-img-description=\"\" data-large_image_width=\"747\" data-large_image_height=\"840\"><img loading=\"lazy\" decoding=\"async\" class=\" wp-image-436612 alignleft\" src=\"https:\/\/www.radiopiu.net\/wordpress\/wp-content\/uploads\/2025\/02\/IMG-20250224-WA0004-267x300.jpg\" alt=\"\" width=\"231\" height=\"260\" srcset=\"https:\/\/www.radiopiu.net\/wordpress\/wp-content\/uploads\/2025\/02\/IMG-20250224-WA0004-267x300.jpg 267w, https:\/\/www.radiopiu.net\/wordpress\/wp-content\/uploads\/2025\/02\/IMG-20250224-WA0004.jpg 747w\" sizes=\"auto, (max-width: 231px) 100vw, 231px\" \/><\/a>BELLUNO<\/strong> La stella del Tsks Belluno brilla anche in Slovenia, dove la societ\u00e0 cadorina si afferma con alcuni risultati di assoluto rilievo. Alla 19\u00b0 edizione dell&#8217;Open di Velenje, una gara di karate marchiata WKF alla quale hanno partecipato pi\u00f9 di 650 atleti di diversa nazionalit\u00e0, quattro karateki bellunesi hanno gareggiato nella specialit\u00e0 del kumite (combattimento). A scendere per primo sul tatami \u00e8 stato Lorenzo Pontil Scala che, dopo aver sofferto un po\u2019 durante il primo incontro, ha poi trovato il giusto ritmo di gara battendo tutti gli avversari e guadagnandosi una meritatissima medaglia d\u2019oro. E&#8217; poi toccato a Linda Pompanin cimentarsi nella competizione: dopo aver vinto il primo match in maniera netta, la ragazza si \u00e8 dovuta arrendere all\u2019atleta di casa che poi ha vinto la categoria, ma una volta ripescata si \u00e8 classificata al terzo posto. Pi\u00f9 complicata l&#8217;avventura di Antonio Buzesco Pop che dopo aver perso la prima sfida, ai ripescaggi si \u00e8 piazzato quinto. Stessa sorte anche per il giovane Loris Da Rin, comunque non lontano dal podio. &#8220;Sono davvero molto orgoglioso di come hanno combattuto questi ragazzi &#8211; commenta Marco Bacchilega, coach e accompagnatore del gruppo &#8211; perch\u00e9 hanno dimostrato molto coraggio e determinazione durante i loro incontri. E sono proprio felice per la medaglia d\u2019oro di Lorenzo, che arriva dopo diverse, seppur prestigiose, medaglie d\u2019argento&#8221;. Il Tsks Belluno ha poi schierato alcuni atleti anche nella specialit\u00e0 del kata (forma), ma nessuno \u00e8 riuscito a salire sul podio. I risultati pi\u00f9 importanti sono stati il quinto posto in classifica di Samuele Pinzon e di Edoardo Gheno.<\/p>\n<p>&nbsp;<\/p>\n<p>&nbsp;<\/p>\n<p>********<\/p>\n","protected":false},"excerpt":{"rendered":"<p>******* &nbsp; BELLUNO La stella del Tsks Belluno brilla anche in Slovenia, dove la societ\u00e0 cadorina si afferma con alcuni risultati di assoluto rilievo. Alla 19\u00b0 edizione dell&#8217;Open di Velenje, una gara di karate marchiata WKF alla quale hanno partecipato pi\u00f9 di 650 atleti di diversa nazionalit\u00e0, quattro karateki bellunesi hanno gareggiato nella specialit\u00e0 del&hellip;<\/p>\n","protected":false},"author":4,"featured_media":436615,"comment_status":"closed","ping_status":"closed","sticky":false,"template":"","format":"standard","meta":{"_monsterinsights_skip_tracking":false,"_monsterinsights_sitenote_active":false,"_monsterinsights_sitenote_note":"","_monsterinsights_sitenote_category":0,"footnotes":""},"categories":[104,49],"tags":[],"class_list":["post-436611","post","type-post","status-publish","format-standard","has-post-thumbnail","hentry","category-evidenza_3","category-news-18","category-104","category-49","description-off"],"img_url":"https:\/\/www.radiopiu.net\/wordpress\/wp-content\/uploads\/2025\/02\/HFKD.jpg","_links":{"self":[{"href":"https:\/\/www.radiopiu.net\/wordpress\/wp-json\/wp\/v2\/posts\/436611","targetHints":{"allow":["GET"]}}],"collection":[{"href":"https:\/\/www.radiopiu.net\/wordpress\/wp-json\/wp\/v2\/posts"}],"about":[{"href":"https:\/\/www.radiopiu.net\/wordpress\/wp-json\/wp\/v2\/types\/post"}],"author":[{"embeddable":true,"href":"https:\/\/www.radiopiu.net\/wordpress\/wp-json\/wp\/v2\/users\/4"}],"replies":[{"embeddable":true,"href":"https:\/\/www.radiopiu.net\/wordpress\/wp-json\/wp\/v2\/comments?post=436611"}],"version-history":[{"count":1,"href":"https:\/\/www.radiopiu.net\/wordpress\/wp-json\/wp\/v2\/posts\/436611\/revisions"}],"predecessor-version":[{"id":436614,"href":"https:\/\/www.radiopiu.net\/wordpress\/wp-json\/wp\/v2\/posts\/436611\/revisions\/436614"}],"wp:featuredmedia":[{"embeddable":true,"href":"https:\/\/www.radiopiu.net\/wordpress\/wp-json\/wp\/v2\/media\/436615"}],"wp:attachment":[{"href":"https:\/\/www.radiopiu.net\/wordpress\/wp-json\/wp\/v2\/media?parent=436611"}],"wp:term":[{"taxonomy":"category","embeddable":true,"href":"https:\/\/www.radiopiu.net\/wordpress\/wp-json\/wp\/v2\/categories?post=436611"},{"taxonomy":"post_tag","embeddable":true,"href":"https:\/\/www.radiopiu.net\/wordpress\/wp-json\/wp\/v2\/tags?post=436611"}],"curies":[{"name":"wp","href":"https:\/\/api.w.org\/{rel}","templated":true}]}}