{"id":436646,"date":"2025-02-25T17:20:59","date_gmt":"2025-02-25T16:20:59","guid":{"rendered":"https:\/\/www.radiopiu.net\/wordpress\/?p=436646"},"modified":"2025-02-26T06:19:00","modified_gmt":"2025-02-26T05:19:00","slug":"sabato-la-mascoreda-a-sottoguda","status":"publish","type":"post","link":"https:\/\/www.radiopiu.net\/wordpress\/sabato-la-mascoreda-a-sottoguda\/","title":{"rendered":"SABATO LA MASCOREDA A SOTTOGUDA DI ROCCA PIETORE"},"content":{"rendered":"<p>********<\/p>\n<p>&nbsp;<\/p>\n<p><strong>ROCCA PIETORE <\/strong>Torna il tradizionale evento di carnevale a Sottoguda, la Mascor\u00e8da, uno degli appuntamenti dei &#8220;Carnevai de le vai&#8221;. Le maschere tipiche del carnevale prenderanno forma ancora una volta grazie ai giovani della zona che tramandano questa antica tradizione fatta di colori, musica e tanta allegria. Il corteo vedr\u00e0 protagonisti i Matazin, le figure simbolo del carnevale, vestiti con fazzoletti colorati e con un originale copricapo ricoperto di fiori e nastri. Altre figure caratteristiche ad accompagnare i Matazin sono le Mascore de legn e i Musicisti, guidati dal Capomascora. La sfilata partir\u00e0 alle 14:00 dall\u2019Hotel Pineta, con tappe a Bosco Verde e Pian, per concludersi alle 16:30-17:00 a Sottoguda, dove si terr\u00e0 una festa con giochi, rinfresco e premiazione delle maschere pi\u00f9 belle. La giornata si chiuder\u00e0 con una festa danzante alle 20:00 presso l\u2019Hotel Albe.<\/p>\n<p><a class=\"dt-pswp-item\" href=\"https:\/\/www.radiopiu.net\/wordpress\/wp-content\/uploads\/2025\/02\/480153611_1142672827647771_4849027597980985580_n.jpg\" data-dt-img-description=\"\" data-large_image_width=\"512\" data-large_image_height=\"640\"><img loading=\"lazy\" decoding=\"async\" class=\"size-medium wp-image-436647 aligncenter\" src=\"https:\/\/www.radiopiu.net\/wordpress\/wp-content\/uploads\/2025\/02\/480153611_1142672827647771_4849027597980985580_n-240x300.jpg\" alt=\"\" width=\"240\" height=\"300\" srcset=\"https:\/\/www.radiopiu.net\/wordpress\/wp-content\/uploads\/2025\/02\/480153611_1142672827647771_4849027597980985580_n-240x300.jpg 240w, https:\/\/www.radiopiu.net\/wordpress\/wp-content\/uploads\/2025\/02\/480153611_1142672827647771_4849027597980985580_n.jpg 512w\" sizes=\"auto, (max-width: 240px) 100vw, 240px\" \/><\/a><\/p>\n<p>&nbsp;<\/p>\n<p>&nbsp;<\/p>\n<p>&nbsp;<\/p>\n<p>**********<\/p>\n","protected":false},"excerpt":{"rendered":"<p>******** &nbsp; ROCCA PIETORE Torna il tradizionale evento di carnevale a Sottoguda, la Mascor\u00e8da, uno degli appuntamenti dei &#8220;Carnevai de le vai&#8221;. Le maschere tipiche del carnevale prenderanno forma ancora una volta grazie ai giovani della zona che tramandano questa antica tradizione fatta di colori, musica e tanta allegria. Il corteo vedr\u00e0 protagonisti i Matazin,&hellip;<\/p>\n","protected":false},"author":4,"featured_media":436649,"comment_status":"closed","ping_status":"closed","sticky":false,"template":"","format":"standard","meta":{"_monsterinsights_skip_tracking":false,"_monsterinsights_sitenote_active":false,"_monsterinsights_sitenote_note":"","_monsterinsights_sitenote_category":0,"footnotes":""},"categories":[51,49],"tags":[],"class_list":["post-436646","post","type-post","status-publish","format-standard","has-post-thumbnail","hentry","category-evidenza-top","category-news-18","category-51","category-49","description-off"],"img_url":"https:\/\/www.radiopiu.net\/wordpress\/wp-content\/uploads\/2025\/02\/MASCO.jpg","_links":{"self":[{"href":"https:\/\/www.radiopiu.net\/wordpress\/wp-json\/wp\/v2\/posts\/436646","targetHints":{"allow":["GET"]}}],"collection":[{"href":"https:\/\/www.radiopiu.net\/wordpress\/wp-json\/wp\/v2\/posts"}],"about":[{"href":"https:\/\/www.radiopiu.net\/wordpress\/wp-json\/wp\/v2\/types\/post"}],"author":[{"embeddable":true,"href":"https:\/\/www.radiopiu.net\/wordpress\/wp-json\/wp\/v2\/users\/4"}],"replies":[{"embeddable":true,"href":"https:\/\/www.radiopiu.net\/wordpress\/wp-json\/wp\/v2\/comments?post=436646"}],"version-history":[{"count":1,"href":"https:\/\/www.radiopiu.net\/wordpress\/wp-json\/wp\/v2\/posts\/436646\/revisions"}],"predecessor-version":[{"id":436648,"href":"https:\/\/www.radiopiu.net\/wordpress\/wp-json\/wp\/v2\/posts\/436646\/revisions\/436648"}],"wp:featuredmedia":[{"embeddable":true,"href":"https:\/\/www.radiopiu.net\/wordpress\/wp-json\/wp\/v2\/media\/436649"}],"wp:attachment":[{"href":"https:\/\/www.radiopiu.net\/wordpress\/wp-json\/wp\/v2\/media?parent=436646"}],"wp:term":[{"taxonomy":"category","embeddable":true,"href":"https:\/\/www.radiopiu.net\/wordpress\/wp-json\/wp\/v2\/categories?post=436646"},{"taxonomy":"post_tag","embeddable":true,"href":"https:\/\/www.radiopiu.net\/wordpress\/wp-json\/wp\/v2\/tags?post=436646"}],"curies":[{"name":"wp","href":"https:\/\/api.w.org\/{rel}","templated":true}]}}