{"id":436665,"date":"2025-02-25T22:35:41","date_gmt":"2025-02-25T21:35:41","guid":{"rendered":"https:\/\/www.radiopiu.net\/wordpress\/?p=436665"},"modified":"2025-02-27T04:46:39","modified_gmt":"2025-02-27T03:46:39","slug":"viaggio-in-brasile-per-la-famiglia-ex-emigranti-dellagordino","status":"publish","type":"post","link":"https:\/\/www.radiopiu.net\/wordpress\/viaggio-in-brasile-per-la-famiglia-ex-emigranti-dellagordino\/","title":{"rendered":"VIAGGIO IN BRASILE PER LA FAMIGLIA EX EMIGRANTI DELL&#8217;AGORDINO"},"content":{"rendered":"<p>********<\/p>\n<p>&nbsp;<\/p>\n<p><strong><a class=\"dt-pswp-item\" href=\"https:\/\/www.radiopiu.net\/wordpress\/wp-content\/uploads\/2025\/02\/immagini-Brasile-febbraio-2025-1.jpg\" data-dt-img-description=\"\" data-large_image_width=\"675\" data-large_image_height=\"515\"><img loading=\"lazy\" decoding=\"async\" class=\" wp-image-436666 alignleft\" src=\"https:\/\/www.radiopiu.net\/wordpress\/wp-content\/uploads\/2025\/02\/immagini-Brasile-febbraio-2025-1-300x229.jpg\" alt=\"\" width=\"195\" height=\"149\" srcset=\"https:\/\/www.radiopiu.net\/wordpress\/wp-content\/uploads\/2025\/02\/immagini-Brasile-febbraio-2025-1-300x229.jpg 300w, https:\/\/www.radiopiu.net\/wordpress\/wp-content\/uploads\/2025\/02\/immagini-Brasile-febbraio-2025-1.jpg 675w\" sizes=\"auto, (max-width: 195px) 100vw, 195px\" \/><\/a>VALLADA <\/strong>Sono passati 13 anni da quando nel sud del Brasile, sopra la citt\u00e0 di Jaragu\u00e0 do Sul, che conta 150.000 abitanti, \u00e8 stata inaugurata la Chiesetta alpina, su replica della chiesa di San Simon di Vallada Agordina. \u00c8 nata per rendere omaggio all\u2019emigrazione italiana che ha caratterizzato fortemente quelle zone e per ricordare la figura di Papa Luciani a cui i discendenti degli italiani sono molto legati. Negli anni la zona incolta in cui \u00e8 sorta la chiesetta si \u00e8 arricchita di altre costruzioni, la prima \u00e8 stato il capitello, innalzato a fianco della chiesa, da una squadra volata dalla Valle del Biois e composta da Celeste Scardanzan, Giorgio Piccolin, Luigi Martello, Giorgio De Pr\u00e0 e Luca Luchetta. Insieme a loro c\u2019erano gli artisti Franco Murer e Anna Marmolada che hanno impreziosito il capitello con le loro opere che raccontano la storia dell\u2019emigrazione. Successivamente \u00e8 sorto un padiglione per ospitare le persone che salgono in visita alla chiesetta ed \u00e8 stata ampliata la zona circostante con comodi parcheggi. La strada che prima era sterrata e stretta \u00e8 stata allargata e asfaltata andando ad accogliere, sul finale del percorso, le formelle della via crucis realizzate da Franco Murer. Ad oggi la chiesetta alpina \u00e8 considerata la principale attrazione della citt\u00e0, con centinaia di visitatori. \u00c8 un punto di ritrovo sia per i turisti che per i residenti della regione che la scelgono come location per il loro matrimoni o battesimi, anche grazie alla spettacolare vista che spazia dall\u2019alto sulla citt\u00e0 fino all\u2019Oceano Atlantico. <a class=\"dt-pswp-item\" href=\"https:\/\/www.radiopiu.net\/wordpress\/wp-content\/uploads\/2025\/02\/immagini-Brasile-febbraio-2025-4.jpeg\" data-dt-img-description=\"\" data-large_image_width=\"1280\" data-large_image_height=\"719\"><img loading=\"lazy\" decoding=\"async\" class=\"size-medium wp-image-436667 alignright\" src=\"https:\/\/www.radiopiu.net\/wordpress\/wp-content\/uploads\/2025\/02\/immagini-Brasile-febbraio-2025-4-300x169.jpeg\" alt=\"\" width=\"300\" height=\"169\" srcset=\"https:\/\/www.radiopiu.net\/wordpress\/wp-content\/uploads\/2025\/02\/immagini-Brasile-febbraio-2025-4-300x169.jpeg 300w, https:\/\/www.radiopiu.net\/wordpress\/wp-content\/uploads\/2025\/02\/immagini-Brasile-febbraio-2025-4-1024x575.jpeg 1024w, https:\/\/www.radiopiu.net\/wordpress\/wp-content\/uploads\/2025\/02\/immagini-Brasile-febbraio-2025-4-768x431.jpeg 768w, https:\/\/www.radiopiu.net\/wordpress\/wp-content\/uploads\/2025\/02\/immagini-Brasile-febbraio-2025-4.jpeg 1280w\" sizes=\"auto, (max-width: 300px) 100vw, 300px\" \/><\/a>La Famiglia Bellunese di Jaragu\u00e1 do Sul, che l\u2019anno scorso ha raggiunto i 25 di attivit\u00e0, ha in serbo per il prossimo futuro molte altre iniziative che andranno ad arricchire ancor pi\u00f9 la chiesetta alpina che rafforzer\u00e0 il suo ruolo non solo come luogo di culto e simbolo della comunit\u00e0 italiana, ma anche come ponte culturale tra Italia e Brasile, contribuendo a mantenere vive le radici e le tradizioni dei discendenti degli emigranti. In visita in questi giorni presso la comunit\u00e0 bellunese dello stato di Santa Caterina e a Massaranduba, comune gemellato con la Valle del Biois, c\u2019\u00e8 Luca Luchetta, consigliere dell\u2019Associazione Bellunesi nel Mondo e presidente della Famiglia Ex Emigranti dell\u2019Agordino, che ha partecipato alla cerimonia per i 150 anni dell\u2019emigrazione italiana in una festa molto toccante presso Joinville, coinvolgendo tutte le associazioni provenienti dalla parte settentrionale dello stato. Alla cerimonia ha preso parte anche la Famiglia Bellunese di Jaragu\u00e1 do Sul, rappresentata dal presidente Helio Micheluzzi e dai consiglieri Iria Tancon e Regina Barbetta, insieme a numerosi discendenti di origine bellunese. Luca Luchetta \u00e8 stato raggiunto nei giorni successivi da una delegazione italiana guidata da Oscar de Bona, presidente dei Bellunesi nel mondo e da Silvia Calligaro, vicepresidente della Provincia di Belluno che, insieme ad altri rappresentanti della provincia, hanno intrapreso un viaggio tra le comunit\u00e0 italiane del sud del Brasile per incontrare le famiglie e per farne nascere di nuove. Domenica 24 febbraio la rappresentanza ha fatto tappa a Jaragu\u00e0 do Sul ed \u00e8 stata accolta, proprio presso la chiesetta, dal sindaco Antidio Lunelli e il deputato Vicente Caropreso che hanno consegnato a <a class=\"dt-pswp-item\" href=\"https:\/\/www.radiopiu.net\/wordpress\/wp-content\/uploads\/2025\/02\/immagini-Brasile-febbraio-2025-3.jpeg\" data-dt-img-description=\"\" data-large_image_width=\"1600\" data-large_image_height=\"1066\"><img loading=\"lazy\" decoding=\"async\" class=\" wp-image-436668 alignleft\" src=\"https:\/\/www.radiopiu.net\/wordpress\/wp-content\/uploads\/2025\/02\/immagini-Brasile-febbraio-2025-3-300x200.jpeg\" alt=\"\" width=\"221\" height=\"147\" srcset=\"https:\/\/www.radiopiu.net\/wordpress\/wp-content\/uploads\/2025\/02\/immagini-Brasile-febbraio-2025-3-300x200.jpeg 300w, https:\/\/www.radiopiu.net\/wordpress\/wp-content\/uploads\/2025\/02\/immagini-Brasile-febbraio-2025-3-1024x682.jpeg 1024w, https:\/\/www.radiopiu.net\/wordpress\/wp-content\/uploads\/2025\/02\/immagini-Brasile-febbraio-2025-3-768x512.jpeg 768w, https:\/\/www.radiopiu.net\/wordpress\/wp-content\/uploads\/2025\/02\/immagini-Brasile-febbraio-2025-3-1536x1023.jpeg 1536w, https:\/\/www.radiopiu.net\/wordpress\/wp-content\/uploads\/2025\/02\/immagini-Brasile-febbraio-2025-3.jpeg 1600w\" sizes=\"auto, (max-width: 221px) 100vw, 221px\" \/><\/a>Luca Luchetta e Oscar De Bona un riconoscimento da parte dell\u2019assemblea generale legislativa dello Stato di Santa Caterina. Il giorno seguente anche l\u2019amministrazione comunale di Massaranduba ha accolto la delegazione italiana che ha presentato un libro, in italiano e portoghese, sulla vita di Sant\u2019Antonio. A 14 anni dalla firma del gemellaggio tra i Comuni della Valle del Biois e Massaranduba il legame \u00e8 pi\u00f9 forte che mai anche grazie alle molte persone che hanno lavorato in questi anni per mantenere viva la fiamma dell\u2019amicizia. Luca Luchetta intende rivolgere un pensiero speciale ad Aclino Feder, detto Berlim, originario del villaggio di Carfon, che tanto si \u00e8 speso, con autentico affetto per la Valle del Biois, per fra crescere il progetto di due comunit\u00e0 lontane ma unite da una radice comune.<\/p>\n<p>&nbsp;<\/p>\n<p>&nbsp;<\/p>\n<p>&nbsp;<\/p>\n<p>***********<\/p>\n","protected":false},"excerpt":{"rendered":"<p>******** &nbsp; VALLADA Sono passati 13 anni da quando nel sud del Brasile, sopra la citt\u00e0 di Jaragu\u00e0 do Sul, che conta 150.000 abitanti, \u00e8 stata inaugurata la Chiesetta alpina, su replica della chiesa di San Simon di Vallada Agordina. \u00c8 nata per rendere omaggio all\u2019emigrazione italiana che ha caratterizzato fortemente quelle zone e per&hellip;<\/p>\n","protected":false},"author":4,"featured_media":436666,"comment_status":"closed","ping_status":"closed","sticky":false,"template":"","format":"standard","meta":{"_monsterinsights_skip_tracking":false,"_monsterinsights_sitenote_active":false,"_monsterinsights_sitenote_note":"","_monsterinsights_sitenote_category":0,"footnotes":""},"categories":[51,49],"tags":[],"class_list":["post-436665","post","type-post","status-publish","format-standard","has-post-thumbnail","hentry","category-evidenza-top","category-news-18","category-51","category-49","description-off"],"img_url":"https:\/\/www.radiopiu.net\/wordpress\/wp-content\/uploads\/2025\/02\/immagini-Brasile-febbraio-2025-1.jpg","_links":{"self":[{"href":"https:\/\/www.radiopiu.net\/wordpress\/wp-json\/wp\/v2\/posts\/436665","targetHints":{"allow":["GET"]}}],"collection":[{"href":"https:\/\/www.radiopiu.net\/wordpress\/wp-json\/wp\/v2\/posts"}],"about":[{"href":"https:\/\/www.radiopiu.net\/wordpress\/wp-json\/wp\/v2\/types\/post"}],"author":[{"embeddable":true,"href":"https:\/\/www.radiopiu.net\/wordpress\/wp-json\/wp\/v2\/users\/4"}],"replies":[{"embeddable":true,"href":"https:\/\/www.radiopiu.net\/wordpress\/wp-json\/wp\/v2\/comments?post=436665"}],"version-history":[{"count":3,"href":"https:\/\/www.radiopiu.net\/wordpress\/wp-json\/wp\/v2\/posts\/436665\/revisions"}],"predecessor-version":[{"id":436868,"href":"https:\/\/www.radiopiu.net\/wordpress\/wp-json\/wp\/v2\/posts\/436665\/revisions\/436868"}],"wp:featuredmedia":[{"embeddable":true,"href":"https:\/\/www.radiopiu.net\/wordpress\/wp-json\/wp\/v2\/media\/436666"}],"wp:attachment":[{"href":"https:\/\/www.radiopiu.net\/wordpress\/wp-json\/wp\/v2\/media?parent=436665"}],"wp:term":[{"taxonomy":"category","embeddable":true,"href":"https:\/\/www.radiopiu.net\/wordpress\/wp-json\/wp\/v2\/categories?post=436665"},{"taxonomy":"post_tag","embeddable":true,"href":"https:\/\/www.radiopiu.net\/wordpress\/wp-json\/wp\/v2\/tags?post=436665"}],"curies":[{"name":"wp","href":"https:\/\/api.w.org\/{rel}","templated":true}]}}