{"id":436682,"date":"2025-02-27T06:00:29","date_gmt":"2025-02-27T05:00:29","guid":{"rendered":"https:\/\/www.radiopiu.net\/wordpress\/?p=436682"},"modified":"2025-02-28T07:59:28","modified_gmt":"2025-02-28T06:59:28","slug":"giornale-radiopiu-27-febbraio-2025-direttore-mirko-mezzacasada-41-anni-25-giugno-1983-25-giugno-2024","status":"publish","type":"post","link":"https:\/\/www.radiopiu.net\/wordpress\/giornale-radiopiu-27-febbraio-2025-direttore-mirko-mezzacasada-41-anni-25-giugno-1983-25-giugno-2024\/","title":{"rendered":"GIORNALE RADIOPIU 27 FEBBRAIO 2025 DIRETTORE MIRKO MEZZACASA\u2026DA 41 ANNI 25 GIUGNO 1983-25 GIUGNO 2024"},"content":{"rendered":"<p>********<\/p>\n<p>&nbsp;<\/p>\n<p><em><span style=\"color: #ff0000;\"><a class=\"dt-pswp-item\" href=\"https:\/\/www.radiopiu.net\/wordpress\/wp-content\/uploads\/2024\/10\/Senza-nome-8.png\" data-dt-img-description=\"\" data-large_image_width=\"343\" data-large_image_height=\"303\"><img loading=\"lazy\" decoding=\"async\" class=\"wp-image-412130 alignleft\" src=\"https:\/\/www.radiopiu.net\/wordpress\/wp-content\/uploads\/2024\/10\/Senza-nome-8-300x265.png\" alt=\"\" width=\"105\" height=\"93\" srcset=\"https:\/\/www.radiopiu.net\/wordpress\/wp-content\/uploads\/2024\/10\/Senza-nome-8-300x265.png 300w, https:\/\/www.radiopiu.net\/wordpress\/wp-content\/uploads\/2024\/10\/Senza-nome-8.png 343w\" sizes=\"auto, (max-width: 105px) 100vw, 105px\" \/><\/a><\/span><\/em><strong><em><span style=\"color: #ff0000;\"> LA\u00a0 APP PER IOS-IPHONE di Nicola Vettorello<\/span><\/em><\/strong><\/p>\n<p><strong><span style=\"color: #0000ff;\"><a style=\"color: #0000ff;\" href=\"https:\/\/apps.apple.com\/it\/app\/radio-pi%C3%B9-emittente-agordina\/id1515939845\">https:\/\/apps.apple.com\/it\/app\/radio-pi%C3%B9-emittente-agordina\/id1515939845<\/a><\/span><\/strong><\/p>\n<p><strong><em style=\"color: #ff0000;\">LA\u00a0 APP RADIO\u00a0 PER ANDROID di Nicola Vettorello<\/em><\/strong><\/p>\n<p><strong><span style=\"color: #0000ff;\"><a style=\"color: #0000ff;\" href=\"https:\/\/play.google.com\/store\/apps\/details?id=net.radiopiu.iniko\" target=\"_blank\" rel=\"noopener noreferrer\">https:\/\/<\/a><a style=\"color: #0000ff;\" href=\"https:\/\/play.google.com\/store\/apps\/details?id=net.radiopiu.iniko\" target=\"_blank\" rel=\"noopener noreferrer\">play.google.com\/store\/apps\/details?id=net.radiopiu.iniko\u00a0\u00a0\u00a0\u00a0<\/a><\/span><\/strong><\/p>\n<p>&nbsp;<\/p>\n<p>&nbsp;<\/p>\n<hr \/>\n<p>&nbsp;<\/p>\n<p><span style=\"color: #ff0000;\"><strong>OGGI ALLA RADIO:\u00a0\u00a0<\/strong><\/span><\/p>\n<p><strong>rassegna stampa nazionale,<\/strong> ogni giorno alle 5 e alle 6 del mattino. giornali locali 7 rassegna stampa flash, 8 rassegna stampa, gr flash alle 10 e alle 11, principale 12.30. Informazione pomeriggio ogni ora fino alle 20, in coda ai notiziari nazionali. Giornale radio nazionale: ogni ora dalle <strong><a class=\"dt-pswp-item\" href=\"https:\/\/www.radiopiu.net\/wordpress\/wp-content\/uploads\/2025\/02\/5a8bb814-74ad-45fe-9154-f271cd944689.jpg\" data-dt-img-description=\"\" data-large_image_width=\"1080\" data-large_image_height=\"681\"><img loading=\"lazy\" decoding=\"async\" class=\"size-medium wp-image-436869 alignleft\" src=\"https:\/\/www.radiopiu.net\/wordpress\/wp-content\/uploads\/2025\/02\/5a8bb814-74ad-45fe-9154-f271cd944689-300x189.jpg\" alt=\"\" width=\"300\" height=\"189\" srcset=\"https:\/\/www.radiopiu.net\/wordpress\/wp-content\/uploads\/2025\/02\/5a8bb814-74ad-45fe-9154-f271cd944689-300x189.jpg 300w, https:\/\/www.radiopiu.net\/wordpress\/wp-content\/uploads\/2025\/02\/5a8bb814-74ad-45fe-9154-f271cd944689-1024x646.jpg 1024w, https:\/\/www.radiopiu.net\/wordpress\/wp-content\/uploads\/2025\/02\/5a8bb814-74ad-45fe-9154-f271cd944689-768x484.jpg 768w, https:\/\/www.radiopiu.net\/wordpress\/wp-content\/uploads\/2025\/02\/5a8bb814-74ad-45fe-9154-f271cd944689.jpg 1080w\" sizes=\"auto, (max-width: 300px) 100vw, 300px\" \/><\/a><\/strong>4 del mattino, alle 20 della sera. Alle 19 le anticipazioni dal TG di Antenna 3 di Tiziana Bolognani.<\/p>\n<p>&nbsp;<\/p>\n<p><span style=\"color: #0000ff;\"><strong>OGGI ALLE<\/strong>\u00a0<\/span> \u00a0<strong>9.00 LA MUSICA COUNTRY DI ALEX NASCINBEN<\/strong>\u00a0<strong>10.10<\/strong>\u00a0 \u00a0COSA GUARDO STASERA IN TV, CON PAOLA LANCIATO\u00a0 <strong>10.30 E 1900\u00a0<span style=\"color: #ff0000;\">\u00a0 REPORTER, MASCHERE ARCAICHE CON ANTONIO GHENO PRESIDENTE ASSOCIAZIONE BORGO PIAVE <\/span><\/strong>\u00a0<b>12.30 <\/b>GIORNALE RADIO, EDIZIONE PRINCIPALE<b> 13.20 <\/b>COLLAGE OPERAZIONE NOSTALGIA DI LORIS SCUSSEL <strong>15.10<\/strong>\u00a0 ANTONIO FIABANE DI NUOVO A RADIO PIU&#8217;, CON WEB, PROGRAMMA A DUE VOCI CON MARINA DONA&#8217;\u00a0 <strong>16.45<\/strong> LE HIT DI TUTTI I TEMPI CON MIRCO BENCIVENNI <strong>19.00<\/strong> LE ANTICIPAZIONI DAL TG DI ANTENNA 3, CON TIZIANA BOLOGNANI<\/p>\n<p>&nbsp;<\/p>\n<p>&nbsp;<\/p>\n<hr \/>\n<p>&nbsp;<\/p>\n<p>&nbsp;<\/p>\n<div class=\"x11i5rnm xat24cr x1mh8g0r x1vvkbs xtlvy1s x126k92a\">\n<div dir=\"auto\">\n<div dir=\"auto\">\n<p><strong><a class=\"dt-pswp-item\" href=\"https:\/\/www.radiopiu.net\/wordpress\/wp-content\/uploads\/2024\/02\/2d44e751-d8a8-461b-8e22-d8e4e853b032.jpg\" data-dt-img-description=\"\" data-large_image_width=\"1600\" data-large_image_height=\"1200\"><img loading=\"lazy\" decoding=\"async\" class=\"wp-image-373307 alignleft\" src=\"https:\/\/www.radiopiu.net\/wordpress\/wp-content\/uploads\/2024\/02\/2d44e751-d8a8-461b-8e22-d8e4e853b032-300x225.jpg\" alt=\"\" width=\"105\" height=\"79\" srcset=\"https:\/\/www.radiopiu.net\/wordpress\/wp-content\/uploads\/2024\/02\/2d44e751-d8a8-461b-8e22-d8e4e853b032-300x225.jpg 300w, https:\/\/www.radiopiu.net\/wordpress\/wp-content\/uploads\/2024\/02\/2d44e751-d8a8-461b-8e22-d8e4e853b032-1024x768.jpg 1024w, https:\/\/www.radiopiu.net\/wordpress\/wp-content\/uploads\/2024\/02\/2d44e751-d8a8-461b-8e22-d8e4e853b032-768x576.jpg 768w, https:\/\/www.radiopiu.net\/wordpress\/wp-content\/uploads\/2024\/02\/2d44e751-d8a8-461b-8e22-d8e4e853b032-1536x1152.jpg 1536w, https:\/\/www.radiopiu.net\/wordpress\/wp-content\/uploads\/2024\/02\/2d44e751-d8a8-461b-8e22-d8e4e853b032.jpg 1600w\" sizes=\"auto, (max-width: 105px) 100vw, 105px\" \/><\/a>EL BAL DEL FIOR, DI GIULIANA DA RONCH, 27 FEBBRAIO<\/strong><strong> 2025<\/strong><\/p>\n<p>&nbsp;<\/p>\n<audio class=\"wp-audio-shortcode\" id=\"audio-436682-1\" preload=\"none\" style=\"width: 100%;\" controls=\"controls\"><source type=\"audio\/mpeg\" src=\"https:\/\/www.radiopiu.net\/wordpress\/wp-content\/uploads\/2025\/02\/GGI-3.mp3?_=1\" \/><a href=\"https:\/\/www.radiopiu.net\/wordpress\/wp-content\/uploads\/2025\/02\/GGI-3.mp3\">https:\/\/www.radiopiu.net\/wordpress\/wp-content\/uploads\/2025\/02\/GGI-3.mp3<\/a><\/audio>\n<p>&nbsp;<\/p>\n<hr \/>\n<p>&nbsp;<\/p>\n<p>&nbsp;<\/p>\n<\/div>\n<\/div>\n<\/div>\n<div class=\"x11i5rnm xat24cr x1mh8g0r x1vvkbs xtlvy1s x126k92a\">\n<blockquote>\n<h1><strong><a class=\"dt-pswp-item\" href=\"https:\/\/www.radiopiu.net\/wordpress\/wp-content\/uploads\/2024\/10\/629301fd-708d-4f53-95c2-d28cbefd500f.jpg\" data-dt-img-description=\"\" data-large_image_width=\"1600\" data-large_image_height=\"1322\"><img loading=\"lazy\" decoding=\"async\" class=\"wp-image-413782 alignright\" src=\"https:\/\/www.radiopiu.net\/wordpress\/wp-content\/uploads\/2024\/10\/629301fd-708d-4f53-95c2-d28cbefd500f-300x248.jpg\" alt=\"\" width=\"106\" height=\"88\" srcset=\"https:\/\/www.radiopiu.net\/wordpress\/wp-content\/uploads\/2024\/10\/629301fd-708d-4f53-95c2-d28cbefd500f-300x248.jpg 300w, https:\/\/www.radiopiu.net\/wordpress\/wp-content\/uploads\/2024\/10\/629301fd-708d-4f53-95c2-d28cbefd500f-1024x846.jpg 1024w, https:\/\/www.radiopiu.net\/wordpress\/wp-content\/uploads\/2024\/10\/629301fd-708d-4f53-95c2-d28cbefd500f-768x635.jpg 768w, https:\/\/www.radiopiu.net\/wordpress\/wp-content\/uploads\/2024\/10\/629301fd-708d-4f53-95c2-d28cbefd500f-1536x1269.jpg 1536w, https:\/\/www.radiopiu.net\/wordpress\/wp-content\/uploads\/2024\/10\/629301fd-708d-4f53-95c2-d28cbefd500f.jpg 1600w\" sizes=\"auto, (max-width: 106px) 100vw, 106px\" \/><\/a><\/strong><\/h1>\n<h1><strong><a class=\"dt-pswp-item\" href=\"https:\/\/www.radiopiu.net\/wordpress\/wp-content\/uploads\/2024\/11\/th-18.jpg\" data-dt-img-description=\"\" data-large_image_width=\"156\" data-large_image_height=\"180\"><img loading=\"lazy\" decoding=\"async\" class=\"size-full wp-image-421611 alignleft\" src=\"https:\/\/www.radiopiu.net\/wordpress\/wp-content\/uploads\/2024\/11\/th-18.jpg\" alt=\"\" width=\"156\" height=\"180\" \/><\/a><\/strong><\/h1>\n<h1><strong>N di parom &#8211; L Almanach de la nosta jent<\/strong><\/h1>\n<\/blockquote>\n<p>&nbsp;<\/p>\n<p>Le voci: Davide Conedera, Agordo, Michela Dell&#8217;Osbel, La Valle Agordina Simone Ganz, Falcade Veronica Lezuo, Colle Santa Lucia. La voce nella sigla \u00e8 di Giorgia Taio<\/p>\n<p><strong>LA PUNTATA DI OGGI, 27 FEBBRAIO 2025<\/strong><\/p>\n<p>&nbsp;<\/p>\n<audio class=\"wp-audio-shortcode\" id=\"audio-436682-2\" preload=\"none\" style=\"width: 100%;\" controls=\"controls\"><source type=\"audio\/mpeg\" src=\"https:\/\/www.radiopiu.net\/wordpress\/wp-content\/uploads\/2025\/02\/AL4-4.mp3?_=2\" \/><a href=\"https:\/\/www.radiopiu.net\/wordpress\/wp-content\/uploads\/2025\/02\/AL4-4.mp3\">https:\/\/www.radiopiu.net\/wordpress\/wp-content\/uploads\/2025\/02\/AL4-4.mp3<\/a><\/audio>\n<p>&nbsp;<\/p>\n<p>&nbsp;<\/p>\n<\/div>\n<div class=\"x11i5rnm xat24cr x1mh8g0r x1vvkbs xtlvy1s x126k92a\">\n<div dir=\"auto\">\n<hr \/>\n<\/div>\n<\/div>\n<blockquote>\n<blockquote>\n<h1><span style=\"color: #ff0000;\">\u00a0<\/span><\/h1>\n<h1><span style=\"color: #ff0000;\">I podcast informativi del mattino &#8211; audio &#8211;\u00a0\u00a0<\/span><\/h1>\n<\/blockquote>\n<p><strong><a class=\"dt-pswp-item\" href=\"https:\/\/www.radiopiu.net\/wordpress\/wp-content\/uploads\/2024\/11\/6.jpg\" data-dt-img-description=\"\" data-large_image_width=\"177\" data-large_image_height=\"180\"><img loading=\"lazy\" decoding=\"async\" class=\"size-full wp-image-417911 alignleft\" src=\"https:\/\/www.radiopiu.net\/wordpress\/wp-content\/uploads\/2024\/11\/6.jpg\" alt=\"\" width=\"177\" height=\"180\" \/><\/a>LA RASSEGNA STAMPA NAZIONALE ALLA RADIO, OGNI GIORNO ALLE 5 E ALLE 6 DEL MATTINO <span style=\"color: #0000ff;\">viene pubblicata alle 6.00 <span style=\"color: #ff0000;\">DIRETTA RADIO\u00a0 \u00a0\u00a0<\/span><\/span><\/strong><\/p><\/blockquote>\n<p>&nbsp;<\/p>\n<p><strong>NOTIZIE DELLA NOTTE<\/strong><\/p>\n<p>&nbsp;<\/p>\n<p><strong><a class=\"dt-pswp-item\" href=\"https:\/\/www.radiopiu.net\/wordpress\/wp-content\/uploads\/2025\/02\/download-19.jpg\" data-dt-img-description=\"\" data-large_image_width=\"305\" data-large_image_height=\"165\"><img loading=\"lazy\" decoding=\"async\" class=\" wp-image-436892 alignleft\" src=\"https:\/\/www.radiopiu.net\/wordpress\/wp-content\/uploads\/2025\/02\/download-19-300x162.jpg\" alt=\"\" width=\"222\" height=\"120\" srcset=\"https:\/\/www.radiopiu.net\/wordpress\/wp-content\/uploads\/2025\/02\/download-19-300x162.jpg 300w, https:\/\/www.radiopiu.net\/wordpress\/wp-content\/uploads\/2025\/02\/download-19.jpg 305w\" sizes=\"auto, (max-width: 222px) 100vw, 222px\" \/><\/a>Seul,<\/strong> oltre 1.000 soldati nordcoreani aggiuntivi in Russia<br \/>\n<strong>Usa,<\/strong> oltre 20.000 migranti senza documenti arrestati in un mese<strong> Lander<\/strong> Intuitive Machines lanciato per secondo allunnaggio <strong>Rubio<\/strong>, &#8216;Nato non \u00e8 in pericolo ma alleati facciano di pi\u00f9&#8217; <strong>Israele<\/strong> ha ricevuto le bare di 4 ostaggi consegnate da Hamas <strong>Hamas<\/strong> ha consegnato i corpi di 4 ostaggi alla Croce Rossa <strong>Orsini:<\/strong> &#8220;Dazi, \u00e8 un&#8217;ora buia. Da Usa attacco all&#8217;Ue <strong>Michelle Trachtenberg<\/strong> di Gossip Girl trovata morta in casa<\/p>\n<h1><span style=\"color: #ff0000;\">AUDIO dalle 6 del mattino<\/span><\/h1>\n<audio class=\"wp-audio-shortcode\" id=\"audio-436682-3\" preload=\"none\" style=\"width: 100%;\" controls=\"controls\"><source type=\"audio\/mpeg\" src=\"https:\/\/www.radiopiu.net\/wordpress\/wp-content\/uploads\/2025\/02\/GIORNALEDELLESEI-20.mp3?_=3\" \/><a href=\"https:\/\/www.radiopiu.net\/wordpress\/wp-content\/uploads\/2025\/02\/GIORNALEDELLESEI-20.mp3\">https:\/\/www.radiopiu.net\/wordpress\/wp-content\/uploads\/2025\/02\/GIORNALEDELLESEI-20.mp3<\/a><\/audio>\n<p>&nbsp;<\/p>\n<p>&nbsp;<\/p>\n<hr \/>\n<p>&nbsp;<\/p>\n<h1 style=\"text-align: center;\"><span style=\"color: #ff0000;\"><a class=\"dt-pswp-item\" href=\"https:\/\/www.radiopiu.net\/wordpress\/wp-content\/uploads\/2024\/11\/7.jpg\" data-dt-img-description=\"\" data-large_image_width=\"180\" data-large_image_height=\"180\"><img loading=\"lazy\" decoding=\"async\" class=\"size-full wp-image-417912 alignleft\" src=\"https:\/\/www.radiopiu.net\/wordpress\/wp-content\/uploads\/2024\/11\/7.jpg\" alt=\"\" width=\"180\" height=\"180\" srcset=\"https:\/\/www.radiopiu.net\/wordpress\/wp-content\/uploads\/2024\/11\/7.jpg 180w, https:\/\/www.radiopiu.net\/wordpress\/wp-content\/uploads\/2024\/11\/7-150x150.jpg 150w\" sizes=\"auto, (max-width: 180px) 100vw, 180px\" \/><\/a>I podcast informativi del mattino &#8211; audio &#8211;\u00a0<\/span><\/h1>\n<p><strong>OGNI GIORNO ALLE SETTE DEL MATTINO, LA RASSEGNA STAMPA LOCALE FLASH&#8230; PER CHI VA IN FRETTA. I TITOLI DAI GIORNALI E DAL SITO WWW.RADIOPIU.NET <span style=\"color: #0000ff;\">viene pubblicato alle 7.00<\/span> <span style=\"color: #ff0000;\">DIRETTA RADIO\u00a0<\/span><\/strong><\/p>\n<p><span style=\"color: #000000;\"><em>per chi va in fretta&#8230; tante notizie in pochi minuti. L&#8217;informazione locale alla radio, ogni ora dalle 7 del mattino alle 19 della sera.<\/em><\/span><\/p>\n<h1><span style=\"color: #ff0000;\">AUDIO dalle 7 del mattino<\/span><\/h1>\n<audio class=\"wp-audio-shortcode\" id=\"audio-436682-4\" preload=\"none\" style=\"width: 100%;\" controls=\"controls\"><source type=\"audio\/mpeg\" src=\"https:\/\/www.radiopiu.net\/wordpress\/wp-content\/uploads\/2025\/02\/GF07-25.mp3?_=4\" \/><a href=\"https:\/\/www.radiopiu.net\/wordpress\/wp-content\/uploads\/2025\/02\/GF07-25.mp3\">https:\/\/www.radiopiu.net\/wordpress\/wp-content\/uploads\/2025\/02\/GF07-25.mp3<\/a><\/audio>\n<p>&nbsp;<\/p>\n<p>&nbsp;<\/p>\n<hr \/>\n<p>&nbsp;<\/p>\n<h1><\/h1>\n<h1 style=\"text-align: center;\"><span style=\"color: #ff0000;\"><a class=\"dt-pswp-item\" href=\"https:\/\/www.radiopiu.net\/wordpress\/wp-content\/uploads\/2024\/11\/th.jpg\" data-dt-img-description=\"\" data-large_image_width=\"148\" data-large_image_height=\"179\"><img loading=\"lazy\" decoding=\"async\" class=\"size-full wp-image-417913 alignleft\" src=\"https:\/\/www.radiopiu.net\/wordpress\/wp-content\/uploads\/2024\/11\/th.jpg\" alt=\"\" width=\"148\" height=\"179\" \/><\/a>I podcast informativi del mattino &#8211; audio &#8211;\u00a0<\/span><\/h1>\n<blockquote><p><strong>GIORNALE RADIO NAZIONALE, EDIZIONE DELLE SETTE <span style=\"color: #0000ff;\">viene pubblicato alle 7.05 <span style=\"color: #ff0000;\">DIRETTA RADIO\u00a0<\/span><\/span><\/strong><\/p><\/blockquote>\n<p><strong>il giornale radionazionale e&#8217; in onda ogni ora, dalle sette del mattino alle venti della sera\u00a0 \u00a0<\/strong><\/p>\n<p><strong><a class=\"dt-pswp-item\" href=\"https:\/\/www.radiopiu.net\/wordpress\/wp-content\/uploads\/2025\/02\/download-7.jpg\" data-dt-img-description=\"\" data-large_image_width=\"211\" data-large_image_height=\"239\"><img loading=\"lazy\" decoding=\"async\" class=\"size-full wp-image-435553 alignleft\" src=\"https:\/\/www.radiopiu.net\/wordpress\/wp-content\/uploads\/2025\/02\/download-7.jpg\" alt=\"\" width=\"211\" height=\"239\" \/><\/a>CAMPOBASSO<\/strong> Il presidente del Molise Roberti indagato per corruzione<br \/>\n<strong>BERGAMO<\/strong> False accuse ad un centro ippico, a processo Nicole Berlusconi Rinviata a giudizio. La legale: ci difenderemo nel merito <strong>AVELLINO<\/strong> Rania Zeriri, da popstar a clochard, soccorsa. Il sindaco di Mercogliano: &#8220;Ora \u00e8 al sicuro&#8221; <strong>COMO<\/strong> Intossicata con il monossido, il marito \u00e8 accusato di tentato femminicidio. La Procura dispone il bracciale elettronico e l&#8217;allontanamento <strong>ROMA<\/strong> micidio ereditiera Rancilio, assolto il figlio La Corte: &#8216;Vizio totale di mente. Per 10 anni in una Rems&#8217; <strong>ROMA<\/strong> Criminalit\u00e0 giovanile, blitz in tutta Italia con 73 arresti Anche per tentato omicidio. 142 denunciati per armi e droga <strong>ROMA<\/strong> Meta, se non salda con il Fisco rischia la richiesta di processo per due Ha tempo fino a marzo per un accordo con le Entrate. Pm: &#8216;ha evaso&#8217;<br \/>\n<strong>ROMA<\/strong> La Procura ha chiuso l&#8217;indagine su Chiara Petrolini. &#8216;Omicidi dei due figli neonati e soppressioni dei cadaveri&#8217; <strong>TREVIGLIO<\/strong> &#8216;Sei incinta? Dimettiti&#8217;, polemica per la frase di una consigliera di FdI. Nel comune di Treviglio, il Pd chiedeva sedute da remoto per gravidanze a rischio<\/p>\n<h1>DAL VENETO<\/h1>\n<p><strong><a class=\"dt-pswp-item\" href=\"https:\/\/www.radiopiu.net\/wordpress\/wp-content\/uploads\/2025\/02\/download-3.jpg\" data-dt-img-description=\"\" data-large_image_width=\"223\" data-large_image_height=\"226\"><img loading=\"lazy\" decoding=\"async\" class=\" wp-image-434732 alignleft\" src=\"https:\/\/www.radiopiu.net\/wordpress\/wp-content\/uploads\/2025\/02\/download-3.jpg\" alt=\"\" width=\"181\" height=\"183\" \/><\/a>Criminalit\u00e0 giovanile,<\/strong> blitz in tutta Italia con 73 arresti 142 denunce per armi e droga, anche a Rovigo, Treviso e Verona<\/p>\n<p><strong>BELLUNO<\/strong> Si butta dalla seggiovia sulla neve, ragazzino multato. L&#8217;episodio a Palafavera, aveva anche filmato la bravata<br \/>\n<strong>VICENZA<\/strong> Assalto a martellate a due supermercati di VicenzaTelecamere riprendono un uomo, oltre 30 vetrate danneggiate<br \/>\n<strong>VENEZIA<\/strong> Ludovico Einaudi a luglio in piazza San Marco.Sar\u00e0 una tappa del suo &#8216;Summer Portraits Tour&#8217;<br \/>\n<strong>VERONA<\/strong> Bancarotta del Chievo, chiesto giudizio di Campedelli.La Procura contesta false plusvalenze per oltre 35 milioni<br \/>\n<strong>MESTRE<\/strong> Rapine e aggressioni, 5 ordini di custodia. Indagine dei Carabinieri, gli episodi tra Natale e gennaio<\/p>\n<h2><span style=\"color: #ff0000;\"><span style=\"color: #0000ff;\">ULTIM&#8217;ORA<\/span> AUDIO dalle sette del mattino, ogni ora alla radio EDIZIONE DELLE SETTE\u00a0<\/span><\/h2>\n<audio class=\"wp-audio-shortcode\" id=\"audio-436682-5\" preload=\"none\" style=\"width: 100%;\" controls=\"controls\"><source type=\"audio\/mpeg\" src=\"https:\/\/www.radiopiu.net\/wordpress\/wp-content\/uploads\/2025\/02\/giornale07-27.mp3?_=5\" \/><a href=\"https:\/\/www.radiopiu.net\/wordpress\/wp-content\/uploads\/2025\/02\/giornale07-27.mp3\">https:\/\/www.radiopiu.net\/wordpress\/wp-content\/uploads\/2025\/02\/giornale07-27.mp3<\/a><\/audio>\n<p>&nbsp;<\/p>\n<hr \/>\n<p>&nbsp;<\/p>\n<p>&nbsp;<\/p>\n<h1><span style=\"color: #ff0000;\"><a class=\"dt-pswp-item\" href=\"https:\/\/www.radiopiu.net\/wordpress\/wp-content\/uploads\/2024\/11\/8.jpg\" data-dt-img-description=\"\" data-large_image_width=\"180\" data-large_image_height=\"180\"><img loading=\"lazy\" decoding=\"async\" class=\"size-full wp-image-417910 alignleft\" src=\"https:\/\/www.radiopiu.net\/wordpress\/wp-content\/uploads\/2024\/11\/8.jpg\" alt=\"\" width=\"180\" height=\"180\" srcset=\"https:\/\/www.radiopiu.net\/wordpress\/wp-content\/uploads\/2024\/11\/8.jpg 180w, https:\/\/www.radiopiu.net\/wordpress\/wp-content\/uploads\/2024\/11\/8-150x150.jpg 150w\" sizes=\"auto, (max-width: 180px) 100vw, 180px\" \/><\/a>I podcast informativi del mattino &#8211; video &#8211;\u00a0<\/span><\/h1>\n<h2 style=\"text-align: left;\"><strong>RASSEGNA STAMPA LOCALE, ORE OTTO<\/strong><\/h2>\n<h2><strong> <span style=\"color: #0000ff;\">viene\u00a0 <\/span><\/strong><strong><span style=\"color: #0000ff;\">pubblicata alle 8.05 <span style=\"color: #ff0000;\">DIRETTA RADIO\u00a0 \u00a0<\/span><\/span><\/strong><strong>DI MIRKO MEZZACASA<\/strong><\/h2>\n<h2><span style=\"color: #ff0000;\"><strong>\u00a0<\/strong><\/span><\/h2>\n<h2><span style=\"color: #ff0000;\"><strong>\u00a0<\/strong><\/span><span style=\"color: #ff0000;\"><strong>VIDEO\u00a0 \u00a0in diretta AGGIORNAMENTO\u00a0 dalle 8 del mattino\u00a0 \u00a0<\/strong><\/span><\/h2>\n<p><iframe loading=\"lazy\" style=\"border: none; overflow: hidden;\" src=\"https:\/\/www.facebook.com\/plugins\/video.php?height=314&amp;href=https%3A%2F%2Fwww.facebook.com%2Fradiopiu%2Fvideos%2F3945540459098788%2F&amp;show_text=false&amp;width=560&amp;t=0\" width=\"560\" height=\"314\" frameborder=\"0\" scrolling=\"no\" allowfullscreen=\"allowfullscreen\"><\/iframe><\/p>\n<p><a class=\"dt-pswp-item\" href=\"https:\/\/www.radiopiu.net\/wordpress\/wp-content\/uploads\/2025\/02\/COOP2-18.png\" data-dt-img-description=\"\" data-large_image_width=\"514\" data-large_image_height=\"318\"><img loading=\"lazy\" decoding=\"async\" class=\"alignnone size-medium wp-image-436896\" src=\"https:\/\/www.radiopiu.net\/wordpress\/wp-content\/uploads\/2025\/02\/COOP2-18-300x186.png\" alt=\"\" width=\"300\" height=\"186\" srcset=\"https:\/\/www.radiopiu.net\/wordpress\/wp-content\/uploads\/2025\/02\/COOP2-18-300x186.png 300w, https:\/\/www.radiopiu.net\/wordpress\/wp-content\/uploads\/2025\/02\/COOP2-18.png 514w\" sizes=\"auto, (max-width: 300px) 100vw, 300px\" \/><\/a><a class=\"dt-pswp-item\" href=\"https:\/\/www.radiopiu.net\/wordpress\/wp-content\/uploads\/2025\/02\/COOP1-22.png\" data-dt-img-description=\"\" data-large_image_width=\"386\" data-large_image_height=\"324\"><img loading=\"lazy\" decoding=\"async\" class=\"alignnone size-medium wp-image-436895\" src=\"https:\/\/www.radiopiu.net\/wordpress\/wp-content\/uploads\/2025\/02\/COOP1-22-300x252.png\" alt=\"\" width=\"300\" height=\"252\" srcset=\"https:\/\/www.radiopiu.net\/wordpress\/wp-content\/uploads\/2025\/02\/COOP1-22-300x252.png 300w, https:\/\/www.radiopiu.net\/wordpress\/wp-content\/uploads\/2025\/02\/COOP1-22.png 386w\" sizes=\"auto, (max-width: 300px) 100vw, 300px\" \/><\/a><\/p>\n<p>&nbsp;<\/p>\n<hr \/>\n<p>&nbsp;<\/p>\n<p>&nbsp;<\/p>\n<p>&nbsp;<\/p>\n<p><strong><a class=\"dt-pswp-item\" href=\"https:\/\/www.radiopiu.net\/wordpress\/wp-content\/uploads\/2023\/12\/ANTENNA.png\" data-dt-img-description=\"\" data-large_image_width=\"300\" data-large_image_height=\"166\"><img loading=\"lazy\" decoding=\"async\" class=\"wp-image-366306 alignright\" src=\"https:\/\/www.radiopiu.net\/wordpress\/wp-content\/uploads\/2023\/12\/ANTENNA.png\" alt=\"\" width=\"101\" height=\"56\" \/><\/a><a class=\"dt-pswp-item\" href=\"https:\/\/www.radiopiu.net\/wordpress\/wp-content\/uploads\/2024\/11\/th-17.jpg\" data-dt-img-description=\"\" data-large_image_width=\"224\" data-large_image_height=\"180\"><img loading=\"lazy\" decoding=\"async\" class=\" wp-image-421610 alignleft\" src=\"https:\/\/www.radiopiu.net\/wordpress\/wp-content\/uploads\/2024\/11\/th-17.jpg\" alt=\"\" width=\"116\" height=\"93\" \/><\/a>ogni sera alle 19 le anticipazioni alla radio, quello che poi seguirete nel TELEGIORNALE BELLUNESE\u00a0 in onda alle 19.30 sul CANALE 10 del digitale terrestre.\u00a0\u00a0<\/strong><\/p>\n<p><b>\u00a0\u00a0<\/b><\/p>\n<h1><span style=\"color: #ff0000;\"><strong>LE ANTICIPAZIONI DI\u00a0 STEFANO BOZZI<\/strong><\/span><\/h1>\n<audio class=\"wp-audio-shortcode\" id=\"audio-436682-6\" preload=\"none\" style=\"width: 100%;\" controls=\"controls\"><source type=\"audio\/mpeg\" src=\"https:\/\/www.radiopiu.net\/wordpress\/wp-content\/uploads\/2025\/02\/ANTENNA3-18.mp3?_=6\" \/><a href=\"https:\/\/www.radiopiu.net\/wordpress\/wp-content\/uploads\/2025\/02\/ANTENNA3-18.mp3\">https:\/\/www.radiopiu.net\/wordpress\/wp-content\/uploads\/2025\/02\/ANTENNA3-18.mp3<\/a><\/audio>\n<p>&nbsp;<\/p>\n<p>&nbsp;<\/p>\n<p>&nbsp;<\/p>\n<hr \/>\n<p>&nbsp;<\/p>\n<blockquote>\n<h3>SIB: INTERRUZIONI PROGRAMMATE<\/h3>\n<\/blockquote>\n<blockquote>\n<p data-start=\"55\" data-end=\"128\"><strong data-start=\"55\" data-end=\"126\">San Tomaso Agordino e Belluno interessati da sospensioni temporanee<\/strong><\/p>\n<\/blockquote>\n<p data-start=\"130\" data-end=\"435\"><strong data-start=\"130\" data-end=\"153\"><img loading=\"lazy\" decoding=\"async\" class=\"alignleft\" src=\"https:\/\/www.radiopiu.net\/wordpress\/wp-content\/uploads\/2024\/12\/Logo_SibPAYOFF.jpg\" width=\"220\" height=\"56\" \/>San Tomaso Agordino<\/strong> \u2013 Oggi, dalle 8:00 alle 17:00, l\u2019erogazione dell\u2019acqua sar\u00e0 sospesa nelle localit\u00e0 Chiea, Tocol, Colzarase e Fontanelle per lavori sulla rete idrica comunale. Il personale di Servizi Integrati Bellunesi (SIB) cercher\u00e0 di ridurre al minimo i disagi per la popolazione.<\/p>\n<p data-start=\"437\" data-end=\"751\" data-is-last-node=\"\" data-is-only-node=\"\"><strong data-start=\"437\" data-end=\"448\">Belluno<\/strong> \u2013 Stasera, dalle 21:30 alle 2:00, stop all\u2019acqua nel centro storico e a Borgo Piave per la riparazione di una perdita in piazza dei Martiri. L\u2019intervento coinvolger\u00e0 centinaia di utenti, tra cui attivit\u00e0 commerciali. Per informazioni e mappa delle vie interessate, consultare sibspa.it.<\/p>\n<p>&nbsp;<\/p>\n<p>&nbsp;<\/p>\n<hr \/>\n<p>&nbsp;<\/p>\n<blockquote>\n<h3>TRE INCIDENTI STRADALI NELLA GIORNATA DEL SUEM<\/h3>\n<\/blockquote>\n<p><strong>REDAZIONE<\/strong> Sono tre gli interventi registrati nella giornata di ieri da parte del Suem 118. Alle 11:23 a Belluno collisione tra due auto. Due persone coinvolte (un uomo e una donna di 33 e 49 anni, residenti a Belluno). Gravit\u00e0 media, trasportati in ambulanza all&#8217;ospedale di Belluno. Poco dopo le 12:30 incidente tra due auto a Ponte Nelle Alpi, una donna coinvolta. Soccorsa e trasportata in ambulanza a Belluno. Incidente stradale alle 14:20 anche a Forno di Zoldo con una donna di 55 anni, residente a Valle di Cadore. Gravit\u00e0 lieve, trasportata in ambulanza a Belluno.<\/p>\n<p>&nbsp;<\/p>\n<p>&nbsp;<\/p>\n<hr \/>\n<p>&nbsp;<\/p>\n<blockquote>\n<h3 data-start=\"0\" data-end=\"97\"><strong data-start=\"4\" data-end=\"95\"><a class=\"dt-pswp-item\" href=\"https:\/\/www.radiopiu.net\/wordpress\/wp-content\/uploads\/2025\/02\/Senza-nome-85.png\" data-dt-img-description=\"\" data-large_image_width=\"479\" data-large_image_height=\"241\"><img loading=\"lazy\" decoding=\"async\" class=\"size-medium wp-image-436882 alignleft\" src=\"https:\/\/www.radiopiu.net\/wordpress\/wp-content\/uploads\/2025\/02\/Senza-nome-85-300x151.png\" alt=\"\" width=\"300\" height=\"151\" srcset=\"https:\/\/www.radiopiu.net\/wordpress\/wp-content\/uploads\/2025\/02\/Senza-nome-85-300x151.png 300w, https:\/\/www.radiopiu.net\/wordpress\/wp-content\/uploads\/2025\/02\/Senza-nome-85.png 479w\" sizes=\"auto, (max-width: 300px) 100vw, 300px\" \/><\/a>Maltrattamenti in casa vacanze per anziani: chiesto rinvio a giudizio per nove imputati<\/strong><\/h3>\n<\/blockquote>\n<p data-start=\"99\" data-end=\"706\" data-is-last-node=\"\" data-is-only-node=\"\">La Procura di Belluno ha chiesto il rinvio a giudizio per nove persone accusate di maltrattamenti nella casa vacanze per anziani autosufficienti di Colmirano di Alano, gestita dalla cooperativa San Vincenzo. Gli ospiti sarebbero stati sottoposti a contenzioni prolungate, incuria e isolamento sociale. Alcuni avrebbero ricevuto farmaci non prescritti e subito violenze fisiche. Tra le accuse anche esercizio abusivo della professione infermieristica. Quattro imputati hanno chiesto di patteggiare, mentre altri affrontano il processo. Il 2 aprile la prossima udienza.<\/p>\n<p data-start=\"99\" data-end=\"706\" data-is-last-node=\"\" data-is-only-node=\"\"><strong>IERI SERA, STEFANO BOZZI NELLE ANTICIPAZIONI DELLE 19 DEL TG DI ANTENNA 3 (CANALE 10 DIGITALE TERRESTRE)<\/strong><\/p>\n<audio class=\"wp-audio-shortcode\" id=\"audio-436682-7\" preload=\"none\" style=\"width: 100%;\" controls=\"controls\"><source type=\"audio\/mpeg\" src=\"https:\/\/www.radiopiu.net\/wordpress\/wp-content\/uploads\/2025\/02\/ANTENNA3-18.mp3?_=7\" \/><a href=\"https:\/\/www.radiopiu.net\/wordpress\/wp-content\/uploads\/2025\/02\/ANTENNA3-18.mp3\">https:\/\/www.radiopiu.net\/wordpress\/wp-content\/uploads\/2025\/02\/ANTENNA3-18.mp3<\/a><\/audio>\n<p>&nbsp;<\/p>\n<blockquote>\n<h3><a class=\"dt-pswp-item\" href=\"https:\/\/www.radiopiu.net\/wordpress\/wp-content\/uploads\/2024\/01\/ANZIANI.jpg\" data-dt-img-description=\"\" data-large_image_width=\"1280\" data-large_image_height=\"853\"><img loading=\"lazy\" decoding=\"async\" class=\" wp-image-371639 alignleft\" src=\"https:\/\/www.radiopiu.net\/wordpress\/wp-content\/uploads\/2024\/01\/ANZIANI-300x200.jpg\" alt=\"\" width=\"200\" height=\"133\" srcset=\"https:\/\/www.radiopiu.net\/wordpress\/wp-content\/uploads\/2024\/01\/ANZIANI-300x200.jpg 300w, https:\/\/www.radiopiu.net\/wordpress\/wp-content\/uploads\/2024\/01\/ANZIANI-1024x682.jpg 1024w, https:\/\/www.radiopiu.net\/wordpress\/wp-content\/uploads\/2024\/01\/ANZIANI-768x512.jpg 768w, https:\/\/www.radiopiu.net\/wordpress\/wp-content\/uploads\/2024\/01\/ANZIANI.jpg 1280w\" sizes=\"auto, (max-width: 200px) 100vw, 200px\" \/><\/a>MALTRATTAMENTI AGLI ANZIANI. ZAIA: GIU&#8217; LE MANI DAI NONNI<\/h3>\n<\/blockquote>\n<p><strong>VENEZIA<\/strong> Il presidente della Regione Veneto, Luca Zaia, ha condannato con indignazione i presunti maltrattamenti su anziani non autosufficienti in una struttura privata di Alano di Piave. Ha definito la violenza su persone indifese una vergogna inaccettabile, contraria ai valori di umanit\u00e0 e solidariet\u00e0 della societ\u00e0. Ha sottolineato che simili atti ledono la dignit\u00e0 di chi merita rispetto dopo una vita di sacrifici. Ha auspicato pene adeguate per i colpevoli e il corretto corso della giustizia. Infine, ha espresso piena solidariet\u00e0 alle vittime e alle loro famiglie.<\/p>\n<p>&nbsp;<\/p>\n<p>&nbsp;<\/p>\n<hr \/>\n<p>&nbsp;<\/p>\n<blockquote>\n<h3>Salta dalla seggiovia a Palafavera: multato giovane turista polacco<\/h3>\n<\/blockquote>\n<p data-start=\"89\" data-end=\"319\"><strong><img loading=\"lazy\" decoding=\"async\" class=\"alignleft\" src=\"https:\/\/www.radiopiu.net\/wordpress\/wp-content\/uploads\/2025\/02\/2-1.png\" width=\"299\" height=\"197\" \/>VAL DI ZOLDO<\/strong> Il 21 febbraio, gli operatori del Servizio Sicurezza e Soccorso Piste in Montagna della Polizia di Stato sono intervenuti nel comprensorio di Palafavera, dopo una segnalazione degli addetti agli impianti di risalita.<\/p>\n<p data-start=\"321\" data-end=\"616\"><a class=\"dt-pswp-item\" href=\"https:\/\/www.radiopiu.net\/wordpress\/wp-content\/uploads\/2025\/02\/1-1-e1740566815639.png\" data-dt-img-description=\"\" data-large_image_width=\"262\" data-large_image_height=\"244\"><img loading=\"lazy\" decoding=\"async\" class=\" wp-image-436741 alignright\" src=\"https:\/\/www.radiopiu.net\/wordpress\/wp-content\/uploads\/2025\/02\/1-1-e1740566815639.png\" alt=\"\" width=\"151\" height=\"141\" \/><\/a>Un ragazzo, turista polacco minorenne, ha compiuto un gesto pericoloso, saltando dalla seggiovia direttamente sulla neve. Fortunatamente, non ha riportato lesioni. Agli agenti ha consegnato spontaneamente un video da lui stesso registrato, in cui si riprendeva mentre compiva l\u2019azione.<\/p>\n<p data-start=\"618\" data-end=\"853\">La Polizia di Stato gli ha inflitto una sanzione di 150 euro per scorretto utilizzo dell\u2019impianto di risalita. L\u2019episodio avrebbe potuto avere conseguenze gravi, soprattutto per il rischio di impatto con rocce coperte dalla neve.<\/p>\n<p data-start=\"855\" data-end=\"1009\" data-is-last-node=\"\" data-is-only-node=\"\">La Polizia raccomanda massima prudenza sulle piste da sci, ricordando che il rispetto delle regole \u00e8 fondamentale per garantire la sicurezza di tutti.<\/p>\n<div style=\"width: 1200px;\" class=\"wp-video\"><video class=\"wp-video-shortcode\" id=\"video-436682-1\" width=\"1200\" height=\"675\" preload=\"metadata\" controls=\"controls\"><source type=\"video\/mp4\" src=\"https:\/\/www.radiopiu.net\/wordpress\/wp-content\/uploads\/2025\/02\/WhatsApp-Video-2025-02-26-at-11.48.24.mp4?_=1\" \/><a href=\"https:\/\/www.radiopiu.net\/wordpress\/wp-content\/uploads\/2025\/02\/WhatsApp-Video-2025-02-26-at-11.48.24.mp4\">https:\/\/www.radiopiu.net\/wordpress\/wp-content\/uploads\/2025\/02\/WhatsApp-Video-2025-02-26-at-11.48.24.mp4<\/a><\/video><\/div>\n<p>&nbsp;<\/p>\n<p>&nbsp;<\/p>\n<hr \/>\n<blockquote>\n<h3 data-start=\"0\" data-end=\"69\"><strong data-start=\"4\" data-end=\"67\"><br \/>\nLite a Salce: auto rigata, botte e un coltello insanguinato<\/strong><\/h3>\n<\/blockquote>\n<h3 data-start=\"0\" data-end=\"69\">BELLUNO<\/h3>\n<p data-start=\"71\" data-end=\"712\" data-is-last-node=\"\" data-is-only-node=\"\"><img decoding=\"async\" class=\"alignleft\" src=\"https:\/\/www.radiopiu.net\/wordpress\/wp-content\/uploads\/2025\/02\/download-18.jpg\" \/>Una lite tra due giovani a Salce, nei pressi del centro commerciale, potrebbe essere collegata al ritrovamento di un coltello sporco di sangue dietro la chiesa della frazione. Il diverbio sarebbe scoppiato dopo che uno dei due ha trovato la propria auto rigata, accusando l&#8217;altro. Il confronto \u00e8 degenerato in una rissa, durante la quale uno ha riportato ferite alla mano, forse con il coltello stesso. Nessuno dei due \u00e8 ricorso a cure mediche. Il coltello abbandonato \u00e8 stato scoperto luned\u00ec e sequestrato dalla polizia, che sta indagando. La zona dietro la chiesa \u00e8 spesso frequentata da gruppi di giovani per ritrovi notturni.<\/p>\n<p>&nbsp;<\/p>\n<p>&nbsp;<\/p>\n<h1 class=\"_title post-title entry-title\"><a class=\"dt-pswp-item\" href=\"https:\/\/www.radiopiu.net\/wordpress\/wp-content\/uploads\/2023\/12\/ANTENNA.png\" data-dt-img-description=\"\" data-large_image_width=\"300\" data-large_image_height=\"166\"><img loading=\"lazy\" decoding=\"async\" class=\"wp-image-366306 alignleft\" src=\"https:\/\/www.radiopiu.net\/wordpress\/wp-content\/uploads\/2023\/12\/ANTENNA.png\" alt=\"\" width=\"230\" height=\"127\" \/><\/a>BELLUNO | COLTELLO INSANGUINATO DIETRO LA PARROCCHIA, MISTERO A SALCE<\/h1>\n<p>Intervistati DON GIORGIO ARESI \u2013 PARROCO DI SALCE (AL TELEFONO) (Servizio di\u00a0<a href=\"https:\/\/antennatre.medianordest.it\/redazione\/Stefano-Bozzi\/\">Stefano Bozzi<\/a>)<\/p>\n<p><iframe loading=\"lazy\" title=\"COLTELLO INSANGUINATO DIETRO LA PARROCCHIA, MISTERO A SALCE | 26\/02\/2025\" width=\"1200\" height=\"675\" src=\"https:\/\/www.youtube.com\/embed\/5mJaunQd1FQ?feature=oembed\" frameborder=\"0\" allow=\"accelerometer; autoplay; clipboard-write; encrypted-media; gyroscope; picture-in-picture; web-share\" referrerpolicy=\"strict-origin-when-cross-origin\" allowfullscreen><\/iframe><\/p>\n<p>&nbsp;<\/p>\n<p>&nbsp;<\/p>\n<hr \/>\n<p>&nbsp;<\/p>\n<blockquote>\n<h3 data-start=\"0\" data-end=\"66\"><strong data-start=\"4\" data-end=\"64\"><a class=\"dt-pswp-item\" href=\"https:\/\/www.radiopiu.net\/wordpress\/wp-content\/uploads\/2025\/02\/Senza-nome-75.png\" data-dt-img-description=\"\" data-large_image_width=\"554\" data-large_image_height=\"542\"><img loading=\"lazy\" decoding=\"async\" class=\"wp-image-436260 alignleft\" src=\"https:\/\/www.radiopiu.net\/wordpress\/wp-content\/uploads\/2025\/02\/Senza-nome-75-300x294.png\" alt=\"\" width=\"166\" height=\"163\" srcset=\"https:\/\/www.radiopiu.net\/wordpress\/wp-content\/uploads\/2025\/02\/Senza-nome-75-300x294.png 300w, https:\/\/www.radiopiu.net\/wordpress\/wp-content\/uploads\/2025\/02\/Senza-nome-75.png 554w\" sizes=\"auto, (max-width: 166px) 100vw, 166px\" \/><\/a>Incidente sull\u2019Alemagna: fratellino di Afra ancora grave<\/strong><\/h3>\n<\/blockquote>\n<p data-start=\"68\" data-end=\"735\" data-is-last-node=\"\" data-is-only-node=\"\">Restano gravi ma stabili le condizioni del fratellino di Afra Dilshad Okyere, la bimba di quasi 4 anni morta nell\u2019incidente di domenica sulla Statale 51 Alemagna. Il piccolo, sei anni, \u00e8 ricoverato in terapia intensiva a Treviso, mentre la sorella di nove anni \u00e8 fuori pericolo. Ancora in prognosi riservata anche la 23enne che viaggiava con la famiglia. Intanto, si attende il nulla osta per il funerale di Afra, che si terr\u00e0 probabilmente a Sedico nella chiesa evangelica. La madre, sotto choc, \u00e8 seguita da una psicologa. Il pastore Mario Mazzoccoli si occuper\u00e0 dell\u2019organizzazione delle esequie, con la salma che rester\u00e0 nel Bellunese.<\/p>\n<p>&nbsp;<\/p>\n<hr \/>\n<p>&nbsp;<\/p>\n<p>&nbsp;<\/p>\n<blockquote>\n<h3 data-start=\"0\" data-end=\"67\"><strong data-start=\"4\" data-end=\"65\"><a href=\"https:\/\/www.radiopiu.net\/wordpress\/wp-content\/uploads\/2025\/02\/b00000be-a421-4e65-b13b-2abb36335b03.webp\"><img loading=\"lazy\" decoding=\"async\" class=\"wp-image-436880 alignleft\" src=\"https:\/\/www.radiopiu.net\/wordpress\/wp-content\/uploads\/2025\/02\/b00000be-a421-4e65-b13b-2abb36335b03-300x300.webp\" alt=\"\" width=\"120\" height=\"120\" srcset=\"https:\/\/www.radiopiu.net\/wordpress\/wp-content\/uploads\/2025\/02\/b00000be-a421-4e65-b13b-2abb36335b03-300x300.webp 300w, https:\/\/www.radiopiu.net\/wordpress\/wp-content\/uploads\/2025\/02\/b00000be-a421-4e65-b13b-2abb36335b03-150x150.webp 150w, https:\/\/www.radiopiu.net\/wordpress\/wp-content\/uploads\/2025\/02\/b00000be-a421-4e65-b13b-2abb36335b03-768x768.webp 768w, https:\/\/www.radiopiu.net\/wordpress\/wp-content\/uploads\/2025\/02\/b00000be-a421-4e65-b13b-2abb36335b03.webp 1024w\" sizes=\"auto, (max-width: 120px) 100vw, 120px\" \/><\/a>Illecito ambientale a Valdobbiadene: multato un bellunese<\/strong><\/h3>\n<\/blockquote>\n<p data-start=\"69\" data-end=\"421\" data-is-last-node=\"\" data-is-only-node=\"\">Un residente del Bellunese \u00e8 stato multato per abbandono di rifiuti a Valdobbiadene e per aver percorso con un veicolo una strada silvopastorale vietata. Grazie alle segnalazioni dei cittadini e alle indagini della polizia locale, \u00e8 stata comminata una sanzione di 500 euro. Altri provvedimenti sono attesi nelle prossime settimane.<\/p>\n<hr \/>\n<blockquote>\n<h3 data-start=\"0\" data-end=\"62\"><strong data-start=\"4\" data-end=\"60\"><a class=\"dt-pswp-item\" href=\"https:\/\/www.radiopiu.net\/wordpress\/wp-content\/uploads\/2025\/02\/VIGILI-FUOCO.jpeg\" data-dt-img-description=\"\" data-large_image_width=\"996\" data-large_image_height=\"634\"><img loading=\"lazy\" decoding=\"async\" class=\"wp-image-436114 alignleft\" src=\"https:\/\/www.radiopiu.net\/wordpress\/wp-content\/uploads\/2025\/02\/VIGILI-FUOCO-300x191.jpeg\" alt=\"\" width=\"192\" height=\"122\" srcset=\"https:\/\/www.radiopiu.net\/wordpress\/wp-content\/uploads\/2025\/02\/VIGILI-FUOCO-300x191.jpeg 300w, https:\/\/www.radiopiu.net\/wordpress\/wp-content\/uploads\/2025\/02\/VIGILI-FUOCO-768x489.jpeg 768w, https:\/\/www.radiopiu.net\/wordpress\/wp-content\/uploads\/2025\/02\/VIGILI-FUOCO.jpeg 996w\" sizes=\"auto, (max-width: 192px) 100vw, 192px\" \/><\/a>Ospitale: sopralluogo per caduta sassi, nessun danno<\/strong><\/h3>\n<\/blockquote>\n<p data-start=\"64\" data-end=\"336\" data-is-last-node=\"\" data-is-only-node=\"\">I vigili del fuoco sono intervenuti ieri a Ospitale per una modesta caduta di sassi, probabilmente causata dal passaggio di ungulati. Nessun danno all\u2019abitazione n\u00e9 feriti. La Provincia valuter\u00e0 eventuali interventi. La situazione non \u00e8 legata al maltempo.<\/p>\n<blockquote>\n<p data-start=\"69\" data-end=\"421\" data-is-last-node=\"\" data-is-only-node=\"\">\n<\/blockquote>\n<hr \/>\n<hr \/>\n<div class=\"mb-2 flex gap-3 empty:hidden -ml-2\">\n<div class=\"items-center justify-start rounded-xl p-1 flex\">\n<div class=\"flex items-center\">\n<div class=\"flex items-center pb-0\"><\/div>\n<blockquote>\n<h3 data-start=\"0\" data-end=\"80\"><strong data-start=\"4\" data-end=\"78\">Cortina: accensione dell\u2019impianto di refrigerazione della pista da bob, all&#8217;ultimo momento dalla Regione: Luca Zaia non salir\u00e0 in Ampezzo.<\/strong><\/h3>\n<p><span style=\"font-size: 14px; font-weight: normal;\"><a class=\"dt-pswp-item\" href=\"https:\/\/www.radiopiu.net\/wordpress\/wp-content\/uploads\/2025\/02\/bob-cortina.png\" data-dt-img-description=\"\" data-large_image_width=\"763\" data-large_image_height=\"318\"><img loading=\"lazy\" decoding=\"async\" class=\"size-medium wp-image-436885 alignleft\" src=\"https:\/\/www.radiopiu.net\/wordpress\/wp-content\/uploads\/2025\/02\/bob-cortina-300x125.png\" alt=\"\" width=\"300\" height=\"125\" srcset=\"https:\/\/www.radiopiu.net\/wordpress\/wp-content\/uploads\/2025\/02\/bob-cortina-300x125.png 300w, https:\/\/www.radiopiu.net\/wordpress\/wp-content\/uploads\/2025\/02\/bob-cortina.png 763w\" sizes=\"auto, (max-width: 300px) 100vw, 300px\" \/><\/a>Oggi a <\/span><span style=\"font-size: 14px; font-weight: normal;\">Cortina<\/span><span style=\"font-size: 14px; font-weight: normal;\">, alle <\/span><span style=\"font-size: 14px; font-weight: normal;\">10:30<\/span><span style=\"font-size: 14px; font-weight: normal;\">, sar\u00e0 acceso l\u2019<\/span><span style=\"font-size: 14px; font-weight: normal;\">impianto di refrigerazione<\/span><span style=\"font-size: 14px; font-weight: normal;\"> dello <\/span><span style=\"font-size: 14px; font-weight: normal;\">Sliding Centre<\/span><span style=\"font-size: 14px; font-weight: normal;\">, alla presenza del sottosegretario <\/span><span style=\"font-size: 14px; font-weight: normal;\">Alessandro Morelli<\/span><span style=\"font-size: 14px; font-weight: normal;\">. L\u2019obiettivo \u00e8 monitorare le infrastrutture per i <\/span><span style=\"font-size: 14px; font-weight: normal;\">Giochi Invernali Milano-Cortina 2026<\/span><span style=\"font-size: 14px; font-weight: normal;\">. La ghiacciatura sar\u00e0 completata entro il <\/span><span style=\"font-size: 14px; font-weight: normal;\">15 marzo<\/span><span style=\"font-size: 14px; font-weight: normal;\">, con test internazionali previsti il <\/span><span style=\"font-size: 14px; font-weight: normal;\">24 marzo<\/span><span style=\"font-size: 14px; font-weight: normal;\">. All&#8217;incontro di oggi doveva partecipare anche il presidente del Veneto, Luca Zaia, ma nel tardo pomeriggio di ieri la Regione ha comunicato che il presidente non avrebbe partecipato\u00a0per sopraggiunti impegni istituzionali\u00a0.<\/span><\/p>\n<div class=\"mb-2 flex gap-3 empty:hidden -ml-2\">\n<div class=\"items-center justify-start rounded-xl p-1 flex\">\n<div class=\"flex items-center\">\n<div class=\"flex items-center pb-0\"><span style=\"color: #0000ff;\"><strong>DIRETTA SU ANTENNA 3, CANALE 10 DIGITALE TERRESTRE CON TIZIANA BOLOGNANI E STEFANO BOZZI<\/strong><\/span><\/div>\n<\/div>\n<\/div>\n<\/div>\n<\/blockquote>\n<\/div>\n<\/div>\n<\/div>\n<p>&nbsp;<\/p>\n<hr \/>\n<blockquote>\n<h3><\/h3>\n<h3>GALLERIA COMELICO: INCONTRO IN PREFETTURA SUL PIANO DEI LAVORI. CHIUSURA PER TRE GIORNI<\/h3>\n<\/blockquote>\n<p><strong><a class=\"dt-pswp-item\" href=\"https:\/\/www.radiopiu.net\/wordpress\/wp-content\/uploads\/2021\/02\/galleria-comelico.jpg\" data-dt-img-description=\"\" data-large_image_width=\"500\" data-large_image_height=\"594\"><img loading=\"lazy\" decoding=\"async\" class=\" wp-image-192243 alignleft\" src=\"https:\/\/www.radiopiu.net\/wordpress\/wp-content\/uploads\/2021\/02\/galleria-comelico-253x300.jpg\" alt=\"\" width=\"164\" height=\"194\" srcset=\"https:\/\/www.radiopiu.net\/wordpress\/wp-content\/uploads\/2021\/02\/galleria-comelico-253x300.jpg 253w, https:\/\/www.radiopiu.net\/wordpress\/wp-content\/uploads\/2021\/02\/galleria-comelico.jpg 500w\" sizes=\"auto, (max-width: 164px) 100vw, 164px\" \/><\/a>BELLUNO<\/strong> Anas ha partecipato a un incontro promosso dal Prefetto di Belluno per discutere i lavori nella galleria Comelico sulla SS 52 \u201cCarnica\u201d tra Auronzo e Santo Stefano di Cadore. Presenti i sindaci della zona e gli enti di sicurezza. I lavori, avviati a settembre 2023, rispettano il cronoprogramma e attualmente prevedono la chiusura notturna dalle 22:00 alle 6:00. \u00c8 necessario per\u00f2 rimuovere un soppalco contenente strumentazioni tecnologiche, operazione che richiede la chiusura totale della galleria. Inizialmente prevista dal 28 febbraio al 2 marzo, la chiusura \u00e8 stata posticipata al 7-9 marzo per ridurre i disagi durante eventi locali. Dalle 6:00 del 7 marzo fino alla mattina del 10 marzo la galleria sar\u00e0 completamente interdetta al traffico, eccetto per i mezzi di soccorso fino alle 6:00 del 7 marzo. Dopo la riapertura, riprender\u00e0 la chiusura notturna dal luned\u00ec al venerd\u00ec. Durante i tre giorni di chiusura si eseguiranno anche altri interventi per ottimizzare i tempi. L\u2019investimento totale di 100 milioni di euro prevede il consolidamento strutturale della volta, un nuovo rivestimento, impianti di sicurezza modernizzati e un sistema di drenaggio per liquidi infiammabili. Saranno comunicati percorsi alternativi per veicoli leggeri e pesanti.<\/p>\n<p>&nbsp;<\/p>\n<p>&nbsp;<\/p>\n<p>&nbsp;<\/p>\n<hr \/>\n<p>&nbsp;<\/p>\n<blockquote>\n<h3>SOCCORSO ALPINO: A MARZO SI TERR\u00c0 A CORTINA IL 58\u00b0 CORSO NAZIONALE UNITA&#8217; CINOFILE DA VALANGA DEL CNSAS<\/h3>\n<\/blockquote>\n<p><strong>BELLUNO<\/strong> Per la prima volta in 58 anni, il Corso nazionale unit\u00e0 cinofile da valanga del Soccorso alpino si terr\u00e0 in Veneto, a Cortina d\u2019Ampezzo, dal 22 al 25 marzo. Vi parteciperanno binomi cane-conduttore da tutta Italia per le verifiche di accesso ai brevetti operativi. Le classi esaminate saranno tre: A (comprendente i cuccioli in addestramento), B (interazione binomio-scenario operativo) e BE (cani abilitati al servizio di elisoccorso). Se la neve lo permetter\u00e0, le prove si svolgeranno al Col Gallina, altrimenti a Ra Valles. L\u2019evento sar\u00e0 supportato dalla Scuola regionale unit\u00e0 cinofile e dal Soccorso alpino di Cortina. La stampa \u00e8 invitata a seguire la giornata conclusiva del 25 marzo. Il presidente del Soccorso alpino veneto, Giuseppe Zandegiacomo Sampogna, sottolinea l\u2019importanza della fiducia tra cane e conduttore per operazioni efficaci di soccorso in valanga. La scuola nacque dall\u2019intuizione di Fritz Reinstadler nel 1960, quando il suo cane individu\u00f2 il corpo di don Gottfried Leiter, travolto da una slavina. Un altro protagonista della sua fondazione fu don Josef Hurton, entrato nel Soccorso alpino nel 1963 e conduttore di cinque cani da valanga. Il primo corso nazionale inizi\u00f2 nel 1966, dando avvio a un\u2019attivit\u00e0 oggi fondamentale per la sicurezza in montagna.<\/p>\n\n\t\t\t<style type='text\/css'>\n\t\t\t\t#gallery-1 {\n\t\t\t\t\tmargin: auto;\n\t\t\t\t}\n\t\t\t\t#gallery-1 .gallery-item {\n\t\t\t\t\tfloat: left;\n\t\t\t\t\tmargin-top: 10px;\n\t\t\t\t\ttext-align: center;\n\t\t\t\t\twidth: 25%;\n\t\t\t\t}\n\t\t\t\t#gallery-1 img {\n\t\t\t\t\tborder: 2px solid #cfcfcf;\n\t\t\t\t}\n\t\t\t\t#gallery-1 .gallery-caption {\n\t\t\t\t\tmargin-left: 0;\n\t\t\t\t}\n\t\t\t\t\/* see gallery_shortcode() in wp-includes\/media.php *\/\n\t\t\t<\/style>\n\t\t<div id='gallery-1' class='dt-gallery-container gallery galleryid-436682 gallery-columns-4 gallery-size-thumbnail'><dl class='gallery-item'>\n\t\t\t\t<dt class='gallery-icon landscape'>\n\t\t\t\t\t<a class=\"rollover rollover-zoom dt-pswp-item\" title=\"IMG-20250226-WA0011\" data-dt-img-description=\"\" data-large_image_width=\"782\" data-large_image_height=\"428\"href='https:\/\/www.radiopiu.net\/wordpress\/wp-content\/uploads\/2025\/02\/IMG-20250226-WA0011.jpg'><img loading=\"lazy\" decoding=\"async\" width=\"150\" height=\"150\" src=\"https:\/\/www.radiopiu.net\/wordpress\/wp-content\/uploads\/2025\/02\/IMG-20250226-WA0011-150x150.jpg\" class=\"attachment-thumbnail size-thumbnail\" alt=\"\" \/><\/a>\n\t\t\t\t<\/dt><\/dl><dl class='gallery-item'>\n\t\t\t\t<dt class='gallery-icon landscape'>\n\t\t\t\t\t<a class=\"rollover rollover-zoom dt-pswp-item\" title=\"IMG-20250226-WA0007\" data-dt-img-description=\"\" data-large_image_width=\"1363\" data-large_image_height=\"900\"href='https:\/\/www.radiopiu.net\/wordpress\/wp-content\/uploads\/2025\/02\/IMG-20250226-WA0007.jpg'><img loading=\"lazy\" decoding=\"async\" width=\"150\" height=\"150\" src=\"https:\/\/www.radiopiu.net\/wordpress\/wp-content\/uploads\/2025\/02\/IMG-20250226-WA0007-150x150.jpg\" class=\"attachment-thumbnail size-thumbnail\" alt=\"\" \/><\/a>\n\t\t\t\t<\/dt><\/dl><dl class='gallery-item'>\n\t\t\t\t<dt class='gallery-icon portrait'>\n\t\t\t\t\t<a class=\"rollover rollover-zoom dt-pswp-item\" title=\"IMG-20250226-WA0008\" data-dt-img-description=\"\" data-large_image_width=\"1070\" data-large_image_height=\"1160\"href='https:\/\/www.radiopiu.net\/wordpress\/wp-content\/uploads\/2025\/02\/IMG-20250226-WA0008.jpg'><img loading=\"lazy\" decoding=\"async\" width=\"150\" height=\"150\" src=\"https:\/\/www.radiopiu.net\/wordpress\/wp-content\/uploads\/2025\/02\/IMG-20250226-WA0008-150x150.jpg\" class=\"attachment-thumbnail size-thumbnail\" alt=\"\" \/><\/a>\n\t\t\t\t<\/dt><\/dl><dl class='gallery-item'>\n\t\t\t\t<dt class='gallery-icon landscape'>\n\t\t\t\t\t<a class=\"rollover rollover-zoom dt-pswp-item\" title=\"IMG-20250226-WA0010\" data-dt-img-description=\"\" data-large_image_width=\"1162\" data-large_image_height=\"916\"href='https:\/\/www.radiopiu.net\/wordpress\/wp-content\/uploads\/2025\/02\/IMG-20250226-WA0010.jpg'><img loading=\"lazy\" decoding=\"async\" width=\"150\" height=\"150\" src=\"https:\/\/www.radiopiu.net\/wordpress\/wp-content\/uploads\/2025\/02\/IMG-20250226-WA0010-150x150.jpg\" class=\"attachment-thumbnail size-thumbnail\" alt=\"\" \/><\/a>\n\t\t\t\t<\/dt><\/dl><br style=\"clear: both\" \/><dl class='gallery-item'>\n\t\t\t\t<dt class='gallery-icon landscape'>\n\t\t\t\t\t<a class=\"rollover rollover-zoom dt-pswp-item\" title=\"IMG-20250226-WA0012\" data-dt-img-description=\"\" data-large_image_width=\"1138\" data-large_image_height=\"900\"href='https:\/\/www.radiopiu.net\/wordpress\/wp-content\/uploads\/2025\/02\/IMG-20250226-WA0012.jpg'><img loading=\"lazy\" decoding=\"async\" width=\"150\" height=\"150\" src=\"https:\/\/www.radiopiu.net\/wordpress\/wp-content\/uploads\/2025\/02\/IMG-20250226-WA0012-150x150.jpg\" class=\"attachment-thumbnail size-thumbnail\" alt=\"\" \/><\/a>\n\t\t\t\t<\/dt><\/dl><dl class='gallery-item'>\n\t\t\t\t<dt class='gallery-icon landscape'>\n\t\t\t\t\t<a class=\"rollover rollover-zoom dt-pswp-item\" title=\"IMG-20250226-WA0006\" data-dt-img-description=\"\" data-large_image_width=\"1212\" data-large_image_height=\"900\"href='https:\/\/www.radiopiu.net\/wordpress\/wp-content\/uploads\/2025\/02\/IMG-20250226-WA0006.jpg'><img loading=\"lazy\" decoding=\"async\" width=\"150\" height=\"150\" src=\"https:\/\/www.radiopiu.net\/wordpress\/wp-content\/uploads\/2025\/02\/IMG-20250226-WA0006-150x150.jpg\" class=\"attachment-thumbnail size-thumbnail\" alt=\"\" \/><\/a>\n\t\t\t\t<\/dt><\/dl><dl class='gallery-item'>\n\t\t\t\t<dt class='gallery-icon landscape'>\n\t\t\t\t\t<a class=\"rollover rollover-zoom dt-pswp-item\" title=\"IMG-20250226-WA0009\" data-dt-img-description=\"\" data-large_image_width=\"1024\" data-large_image_height=\"682\"href='https:\/\/www.radiopiu.net\/wordpress\/wp-content\/uploads\/2025\/02\/IMG-20250226-WA0009.jpg'><img loading=\"lazy\" decoding=\"async\" width=\"150\" height=\"150\" src=\"https:\/\/www.radiopiu.net\/wordpress\/wp-content\/uploads\/2025\/02\/IMG-20250226-WA0009-150x150.jpg\" class=\"attachment-thumbnail size-thumbnail\" alt=\"\" \/><\/a>\n\t\t\t\t<\/dt><\/dl>\n\t\t\t\t<br style='clear: both' \/>\n\t\t\t<\/div>\n\n<p>&nbsp;<\/p>\n<hr \/>\n<p>&nbsp;<\/p>\n<blockquote>\n<h3>AGGIORNATO IL TAVOLO OLIMPICO IN PROVINCIA<\/h3>\n<\/blockquote>\n<p><strong><a class=\"dt-pswp-item\" href=\"https:\/\/www.radiopiu.net\/wordpress\/wp-content\/uploads\/2020\/06\/palazzo_piloni_belluno.jpg\" data-dt-img-description=\"\" data-large_image_width=\"1000\" data-large_image_height=\"667\"><img loading=\"lazy\" decoding=\"async\" class=\" wp-image-144771 alignleft\" src=\"https:\/\/www.radiopiu.net\/wordpress\/wp-content\/uploads\/2020\/06\/palazzo_piloni_belluno-300x200.jpg\" alt=\"\" width=\"185\" height=\"123\" srcset=\"https:\/\/www.radiopiu.net\/wordpress\/wp-content\/uploads\/2020\/06\/palazzo_piloni_belluno-300x200.jpg 300w, https:\/\/www.radiopiu.net\/wordpress\/wp-content\/uploads\/2020\/06\/palazzo_piloni_belluno-768x512.jpg 768w, https:\/\/www.radiopiu.net\/wordpress\/wp-content\/uploads\/2020\/06\/palazzo_piloni_belluno.jpg 1000w\" sizes=\"auto, (max-width: 185px) 100vw, 185px\" \/><\/a>BELLUNO <\/strong>Il Tavolo olimpico riunitosi a Palazzo Piloni ha discusso le modalit\u00e0 di accesso a Cortina durante le gare olimpiche, sottolineando la necessit\u00e0 di informazioni dettagliate per la pianificazione dei servizi e della promozione territoriale. La Provincia fornir\u00e0 ai Comuni bandiere olimpiche per rafforzare l\u2019immagine dell\u2019evento. Si \u00e8 parlato della possibile chiusura delle scuole durante i Giochi, con l\u2019ipotesi di anticipare il calendario scolastico nel Bellunese. Centrale il tema della mobilit\u00e0, con la previsione di hub logistici, tra cui Longarone, e un sistema di filtraggi e park&amp;ride per agevolare gli spostamenti. Federalberghi Belluno ha evidenziato criticit\u00e0 sugli arrivi da Agordino non via Alemagna, e la Provincia chieder\u00e0 chiarimenti a Fondazione MiCo. L\u2019obiettivo \u00e8 creare un coordinamento efficace, lasciando un\u2019eredit\u00e0 positiva per il territorio. Il Tavolo si riaggiorner\u00e0 a marzo.<\/p>\n<p>&nbsp;<\/p>\n<p>&nbsp;<\/p>\n<hr \/>\n<p>&nbsp;<\/p>\n<blockquote>\n<h3>PARTITE TRE IMPORTANTI OPERE A LIMANA<\/h3>\n<\/blockquote>\n<p><strong><a class=\"dt-pswp-item\" href=\"https:\/\/www.radiopiu.net\/wordpress\/wp-content\/uploads\/2023\/10\/IMG_20231020_123623-scaled.jpg\" data-dt-img-description=\"\" data-large_image_width=\"2560\" data-large_image_height=\"1920\"><img loading=\"lazy\" decoding=\"async\" class=\" wp-image-357611 alignleft\" src=\"https:\/\/www.radiopiu.net\/wordpress\/wp-content\/uploads\/2023\/10\/IMG_20231020_123623-300x225.jpg\" alt=\"\" width=\"192\" height=\"144\" srcset=\"https:\/\/www.radiopiu.net\/wordpress\/wp-content\/uploads\/2023\/10\/IMG_20231020_123623-300x225.jpg 300w, https:\/\/www.radiopiu.net\/wordpress\/wp-content\/uploads\/2023\/10\/IMG_20231020_123623-1024x768.jpg 1024w, https:\/\/www.radiopiu.net\/wordpress\/wp-content\/uploads\/2023\/10\/IMG_20231020_123623-768x576.jpg 768w, https:\/\/www.radiopiu.net\/wordpress\/wp-content\/uploads\/2023\/10\/IMG_20231020_123623-1536x1152.jpg 1536w, https:\/\/www.radiopiu.net\/wordpress\/wp-content\/uploads\/2023\/10\/IMG_20231020_123623-2048x1536.jpg 2048w\" sizes=\"auto, (max-width: 192px) 100vw, 192px\" \/><\/a>LIMANA <\/strong>A Limana sono partiti tre importanti cantieri per la sicurezza idraulica di Giaon, la realizzazione di un giardino al Centro Servizi per l\u2019Anziano e l\u2019efficientamento energetico del Municipio. Le opere, finanziate grazie ai fondi ottenuti dalla precedente amministrazione, migliorano sicurezza, qualit\u00e0 della vita ed efficienza energetica. A Giaon, i lavori da 350.000\u20ac mitigano il rischio idraulico dopo le alluvioni del 2020, con nuove tubazioni e uno scarico potenziato verso il Rio Baorche. Il giardino del Centro Servizi per l\u2019Anziano, finanziato con 36.700\u20ac, prevede percorsi pedonali, aree verdi e arredi per favorire la socializzazione. L\u2019efficientamento energetico del Municipio, per 94.000\u20ac, comprende il rifacimento dell\u2019ultima parte del tetto, nuovi infissi e impianti LED per ridurre consumi e costi. Proseguono anche i lavori della nuova mensa scolastica (980.000\u20ac, in parte finanziati dal PNRR) e della veranda del Centro Servizi (233.000\u20ac). L\u2019ex sindaco Milena De Zanet sottolinea l\u2019importanza della pianificazione strategica e auspica continuit\u00e0 nell\u2019impegno dell\u2019attuale amministrazione.<\/p>\n<p>&nbsp;<\/p>\n<p>&nbsp;<\/p>\n<hr \/>\n<p>&nbsp;<\/p>\n<blockquote>\n<h2>Marika Cazzetta confermata presidente dell\u2019Union Ladina<\/h2>\n<\/blockquote>\n<p><strong>SELVA DI CADORE<\/strong><\/p>\n<p><img loading=\"lazy\" decoding=\"async\" class=\"alignleft\" src=\"https:\/\/www.radiopiu.net\/wordpress\/wp-content\/uploads\/2025\/02\/Senza-nome-86.png\" width=\"253\" height=\"192\" \/>Marika Cazzetta \u00e8 stata riconfermata alla guida dell\u2019Union Ladina di Selva di Cadore. Durante l\u2019assemblea, sono stati rinnovati anche il consiglio direttivo e i revisori dei conti. Nel 2024 l\u2019associazione ha pubblicato due numeri del semestrale &#8220;Desota Pelf&#8221;, diretto da Irene Pampanin, e il lunario 2025. Importante il contributo dell\u2019Union Ladina alle manifestazioni locali, tra cui il Carnevale e le sagre della Madonna del Carmine e di Sant\u2019Osvaldo. Per il 2025 sono previsti progetti di valorizzazione del territorio e la celebrazione del 150\u00ba anniversario della morte di don Natale Talamini, primo deputato cadorino in Parlamento<\/p>\n<p>&nbsp;<\/p>\n<p>&nbsp;<\/p>\n<hr \/>\n<p>&nbsp;<\/p>\n<blockquote>\n<h3>SANITA&#8217; VENETA PRIMA IN ITALIA<\/h3>\n<\/blockquote>\n<p><strong><a class=\"dt-pswp-item\" href=\"https:\/\/www.radiopiu.net\/wordpress\/wp-content\/uploads\/2021\/06\/DOTTORE.jpg\" data-dt-img-description=\"\" data-large_image_width=\"500\" data-large_image_height=\"333\"><img loading=\"lazy\" decoding=\"async\" class=\" wp-image-216349 alignleft\" src=\"https:\/\/www.radiopiu.net\/wordpress\/wp-content\/uploads\/2021\/06\/DOTTORE-300x200.jpg\" alt=\"\" width=\"135\" height=\"90\" srcset=\"https:\/\/www.radiopiu.net\/wordpress\/wp-content\/uploads\/2021\/06\/DOTTORE-300x200.jpg 300w, https:\/\/www.radiopiu.net\/wordpress\/wp-content\/uploads\/2021\/06\/DOTTORE.jpg 500w\" sizes=\"auto, (max-width: 135px) 100vw, 135px\" \/><\/a>VENEZIA<\/strong> Il presidente del Veneto, Luca Zaia, ha celebrato il primato della sanit\u00e0 veneta a livello nazionale, confermato dal Ministero della Salute con un punteggio di 287,1. Ha elogiato il sistema per l\u2019eccellenza nella prevenzione, organizzazione territoriale e cure ospedaliere, ringraziando tutti i professionisti coinvolti. Ha sottolineato il primato nella sanit\u00e0 distrettuale (95,6) e il successo nella prevenzione (97,5), evidenziando l\u2019impegno nell\u2019abbattimento delle liste d\u2019attesa con investimenti crescenti. Ha ribadito il superamento delle difficolt\u00e0 post-pandemia, il mantenimento dell\u2019equilibrio di bilancio senza manovre straordinarie e l\u2019importanza dell\u2019autonomia regionale nel garantire servizi di qualit\u00e0.<\/p>\n<p>&nbsp;<\/p>\n<p>&nbsp;<\/p>\n<hr \/>\n<p>&nbsp;<\/p>\n<blockquote>\n<h3>VENETO: 45 MILIONI PER ATTRARRE INVESTIMENTI E NUOVE IMPRESE<\/h3>\n<\/blockquote>\n<p><strong><a class=\"dt-pswp-item\" href=\"https:\/\/www.radiopiu.net\/wordpress\/wp-content\/uploads\/2024\/03\/CESTARO.jpg\" data-dt-img-description=\"\" data-large_image_width=\"810\" data-large_image_height=\"540\"><img loading=\"lazy\" decoding=\"async\" class=\" wp-image-381549 alignleft\" src=\"https:\/\/www.radiopiu.net\/wordpress\/wp-content\/uploads\/2024\/03\/CESTARO-300x200.jpg\" alt=\"\" width=\"183\" height=\"122\" srcset=\"https:\/\/www.radiopiu.net\/wordpress\/wp-content\/uploads\/2024\/03\/CESTARO-300x200.jpg 300w, https:\/\/www.radiopiu.net\/wordpress\/wp-content\/uploads\/2024\/03\/CESTARO-768x512.jpg 768w, https:\/\/www.radiopiu.net\/wordpress\/wp-content\/uploads\/2024\/03\/CESTARO.jpg 810w\" sizes=\"auto, (max-width: 183px) 100vw, 183px\" \/><\/a>VENEZIA<\/strong> Il Consiglio regionale del Veneto ha approvato una legge da oltre 45 milioni di euro per attrarre investimenti e favorire l\u2019insediamento di nuove imprese nel territorio. Il provvedimento, promosso dalla Giunta e sostenuto dagli assessori Marcato e Calzavara, mira a semplificare i processi burocratici, incentivare la ricerca e innovazione e rafforzare le filiere produttive locali. Veneto Innovazione gestir\u00e0 gli \u201cAccordi per l\u2019insediamento e lo sviluppo\u201d, offrendo agevolazioni finanziarie e riduzioni fiscali. I fondi, principalmente europei, garantiranno un impatto positivo sull\u2019economia e l\u2019occupazione, con la possibilit\u00e0 di ulteriori finanziamenti futuri. \u00abQuesto \u00e8 solo l\u2019inizio di un progetto ambizioso per rendere il Veneto sempre pi\u00f9 competitivo\u00bb, ha dichiarato la consigliera Silvia Cestaro.<\/p>\n<p><strong>SILVIA CESTARO, CONSIGLIERE REGIONALE<\/strong><\/p>\n<audio class=\"wp-audio-shortcode\" id=\"audio-436682-8\" preload=\"none\" style=\"width: 100%;\" controls=\"controls\"><source type=\"audio\/mpeg\" src=\"https:\/\/www.radiopiu.net\/wordpress\/wp-content\/uploads\/2025\/02\/CESTARO.mp3?_=8\" \/><a href=\"https:\/\/www.radiopiu.net\/wordpress\/wp-content\/uploads\/2025\/02\/CESTARO.mp3\">https:\/\/www.radiopiu.net\/wordpress\/wp-content\/uploads\/2025\/02\/CESTARO.mp3<\/a><\/audio>\n<p>&nbsp;<\/p>\n<hr \/>\n<p>&nbsp;<\/p>\n<blockquote>\n<h3><a class=\"dt-pswp-item\" href=\"https:\/\/www.radiopiu.net\/wordpress\/wp-content\/uploads\/2022\/12\/PALAZZO-ROSSO.png\" data-dt-img-description=\"\" data-large_image_width=\"2076\" data-large_image_height=\"1328\"><img loading=\"lazy\" decoding=\"async\" class=\" wp-image-313801 alignleft\" src=\"https:\/\/www.radiopiu.net\/wordpress\/wp-content\/uploads\/2022\/12\/PALAZZO-ROSSO-300x192.png\" alt=\"\" width=\"195\" height=\"125\" srcset=\"https:\/\/www.radiopiu.net\/wordpress\/wp-content\/uploads\/2022\/12\/PALAZZO-ROSSO-300x192.png 300w, https:\/\/www.radiopiu.net\/wordpress\/wp-content\/uploads\/2022\/12\/PALAZZO-ROSSO-1024x655.png 1024w, https:\/\/www.radiopiu.net\/wordpress\/wp-content\/uploads\/2022\/12\/PALAZZO-ROSSO-768x491.png 768w, https:\/\/www.radiopiu.net\/wordpress\/wp-content\/uploads\/2022\/12\/PALAZZO-ROSSO-1536x983.png 1536w, https:\/\/www.radiopiu.net\/wordpress\/wp-content\/uploads\/2022\/12\/PALAZZO-ROSSO-2048x1310.png 2048w\" sizes=\"auto, (max-width: 195px) 100vw, 195px\" \/><\/a>PRESTO LA FIRMA DEL PROTOCOLLO ABITARE A BELLUNO<\/h3>\n<\/blockquote>\n<p><strong>BELLUNO<\/strong> Il Comune di Belluno e diverse associazioni firmeranno il 7 marzo un protocollo di collaborazione per affrontare l\u2019emergenza abitativa. L\u2019accordo, frutto di due anni di lavoro, punta a facilitare l\u2019accesso agli alloggi per lavoratori, studenti e famiglie, colmando il divario tra domanda e offerta. Il sindaco Oscar De Pellegrin sottolinea l\u2019importanza della firma, specie in vista dell\u2019arrivo di nuovi studenti con l\u2019attivazione del corso di Informatica dell\u2019Universit\u00e0 di Verona. Il progetto mira a creare soluzioni abitative accessibili e sostenibili, contrastando anche lo spopolamento. Il protocollo coinvolge enti pubblici e privati, promuovendo fiducia tra proprietari e inquilini attraverso misure di tutela condivise.<\/p>\n<p>&nbsp;<\/p>\n<p>&nbsp;<\/p>\n<hr \/>\n<p>&nbsp;<\/p>\n<blockquote>\n<h3>A SCUOLA DI OLIMPIADI<\/h3>\n<\/blockquote>\n<p><strong>BELLUNO <\/strong>\u201cA scuola di Olimpiadi\u201d entra nel vivo. Il grande progetto pensato dall\u2019Amministrazione per coinvolgere i ragazzi nello spirito dei giochi olimpici e paralimpici Milano Cortina 2026 mette a segno il primo obiettivo: mercoled\u00ec 5 marzo alle 17 al Teatro Dino Buzzati protagonisti saranno i giovani del liceo musicale Renier. Agli studenti \u00e8 infatti stato affidato il compito, importante, di realizzare un \u201cracconto musicale\u201d delle Olimpiadi nel tempo che sar\u00e0 rappresentato proprio al teatro cittadino dall\u2019Orchestra dei Licei musicali del Veneto.<\/p>\n<p><strong>MONICA MAZZOCCOLI, ASSESORE ALLO SPORT DEL COMUNE DI BELLUNO<\/strong><\/p>\n<p><iframe loading=\"lazy\" title=\"A SCUOLA DI OLIMPIADI - MONICA MAZZOCCOLI\" width=\"1200\" height=\"675\" src=\"https:\/\/www.youtube.com\/embed\/GNvtuYvrNIA?feature=oembed\" frameborder=\"0\" allow=\"accelerometer; autoplay; clipboard-write; encrypted-media; gyroscope; picture-in-picture; web-share\" referrerpolicy=\"strict-origin-when-cross-origin\" allowfullscreen><\/iframe><\/p>\n<p>&nbsp;<\/p>\n<hr \/>\n<p>&nbsp;<\/p>\n<blockquote>\n<h2>24 Ore di San Martino: salta anche l\u2019edizione 2025, ritorno nel 2026<\/h2>\n<\/blockquote>\n<p><strong>BELLUNO<\/strong><\/p>\n<p><img loading=\"lazy\" decoding=\"async\" class=\"alignleft\" src=\"https:\/\/www.radiopiu.net\/wordpress\/wp-content\/uploads\/2019\/10\/24-Ore-di-San-Martino1.jpg\" width=\"237\" height=\"158\" \/>La 24 Ore di San Martino non si terr\u00e0 neanche nel 2025 a causa dei lavori di ristrutturazione dello stadio Polisportivo di Belluno, che rester\u00e0 un cantiere aperto fino al completamento previsto nel 2026. La Pro Loco Pieve Castionese ha escluso soluzioni alternative per l\u2019edizione del 50\u00ba anniversario, preferendo attendere il nuovo impianto. L\u2019unico altro stop della manifestazione risale al 2020 per l\u2019emergenza pandemica. Gli organizzatori sono fiduciosi che il ritorno nel 2026 sar\u00e0 un grande successo, grazie all\u2019entusiasmo degli atleti e alla rinnovata struttura dello stadio. Eventuali proposte di spostamento in altri impianti o in Piazza dei Martiri sono state scartate per problemi logistici e organizzativi.<\/p>\n<p>&nbsp;<\/p>\n<hr \/>\n<p>&nbsp;<\/p>\n<blockquote>\n<h3>DILLO A RADIO PIU&#8217;&#8230;L&#8217;ULULATO DEI LUPI A COLLE SANTA LUCIA<\/h3>\n<\/blockquote>\n<p><strong>RICEVIAMO E PUBBLICHIAMO<\/strong><\/p>\n<p>Ore 3:45 del mattino, vengo svegliata da questo concerto notturno. Siamo praticamente invasi dai lupi e la nostra libert\u00e0 di camminare per boschi e montagne \u00e8 ormai limitata dalla loro presenza. Qualcuno si sta preoccupando dell\u2019impatto negativo sul turismo? E se accadesse in piena stagione estiva? Qualcuno pu\u00f2 darci una risposta?<\/p>\n<p>Nadia e Silver<\/p>\n<div style=\"width: 1200px;\" class=\"wp-video\"><video class=\"wp-video-shortcode\" id=\"video-436682-2\" width=\"1200\" height=\"675\" preload=\"metadata\" controls=\"controls\"><source type=\"video\/mp4\" src=\"https:\/\/www.radiopiu.net\/wordpress\/wp-content\/uploads\/2025\/02\/WhatsApp-Video-2025-02-26-at-15.28.42.mp4?_=2\" \/><a href=\"https:\/\/www.radiopiu.net\/wordpress\/wp-content\/uploads\/2025\/02\/WhatsApp-Video-2025-02-26-at-15.28.42.mp4\">https:\/\/www.radiopiu.net\/wordpress\/wp-content\/uploads\/2025\/02\/WhatsApp-Video-2025-02-26-at-15.28.42.mp4<\/a><\/video><\/div>\n<p>&nbsp;<\/p>\n<hr \/>\n<p>&nbsp;<\/p>\n<blockquote>\n<h3>DILLO A RADIO PIU&#8217; &#8230; Parcheggi a Valcozzena: disagi persistenti per lavoratori e residenti<\/h3>\n<\/blockquote>\n<p><strong><img loading=\"lazy\" decoding=\"async\" class=\"alignleft\" src=\"https:\/\/www.radiopiu.net\/wordpress\/wp-content\/uploads\/2024\/03\/LUXOTTICA-PARC.jpg\" width=\"163\" height=\"122\" \/>REDAZIONE<\/strong> Il problema dei parcheggi in localit\u00e0 Valcozzena \u00e8 quotidiano, anche al sabato, da tempo. Sono in fase di realizzazione i nuovi parcheggi che sicuramente aiuteranno. Intanto i problemi si sommano, l&#8217;altro ieri la protesta degli imprenditori delle attivit\u00e0 produttive Non Luxottica della zona, auto parcheggiate ovunque anche ostruendo passi carrabili. Oggi la lettera pervenuta a RADIOPIU e ne approfittiamo anche per riproporvi in audio EL BAL DEL FIOR di Giuliana Da Ronch, senza dubbio un messaggio di riflessione dal Giappone, spunti per affrontare le sfide attuali. (MM)<\/p>\n<div class=\"absolute h-[60px]\">\n<div class=\"flex items-center gap-0.5 text-sm font-medium\"><\/div>\n<\/div>\n<p data-start=\"0\" data-end=\"75\"><span style=\"color: #ff0000;\"><strong>LA LETTERA PERVENUTA A RADIOPIU&#8230;<\/strong><\/span><\/p>\n<p data-start=\"0\" data-end=\"75\"><strong data-start=\"0\" data-end=\"12\">Oggetto:<\/strong> Regolamentazione della sosta e tutela dei lavoratori ad Agordo<\/p>\n<p data-start=\"77\" data-end=\"110\">Gentile Amministrazione Comunale,<\/p>\n<p data-start=\"112\" data-end=\"555\">desideriamo portare alla vostra attenzione la situazione che si \u00e8 venuta a creare nella zona industriale di Agordo, dove numerosi lavoratori hanno ricevuto sanzioni per la sosta dei propri veicoli. Comprendiamo l\u2019importanza di regolamentare il traffico e garantire il rispetto delle norme, ma riteniamo necessario trovare un equilibrio tra l\u2019esigenza di ordine e la tutela di chi ogni giorno contribuisce al benessere economico del territorio.<\/p>\n<p data-start=\"557\" data-end=\"976\">Nella nostra area opera una delle aziende pi\u00f9 grandi d\u2019Italia, e molti lavoratori si trovano a dover affrontare difficolt\u00e0 legate alla carenza di parcheggi adeguati nelle vicinanze. Riteniamo che sia fondamentale considerare soluzioni alternative, affinch\u00e9 il rispetto delle regole non diventi un ostacolo per chi lavora.<\/p>\n<p data-start=\"978\" data-end=\"1247\">Inoltre, auspichiamo che l\u2019attenzione delle istituzioni sia rivolta anche ad altre criticit\u00e0 del territorio, come la sicurezza nelle aree pubbliche e la riqualificazione degli spazi urbani, cos\u00ec da rendere Agordo un luogo sempre pi\u00f9 vivibile per cittadini e lavoratori.<\/p>\n<p data-start=\"1249\" data-end=\"1454\">Siamo certi che l\u2019amministrazione vorr\u00e0 considerare con attenzione queste riflessioni e confidiamo in un dialogo costruttivo per trovare soluzioni che possano conciliare le diverse esigenze della comunit\u00e0.<\/p>\n<p data-start=\"1456\" data-end=\"1515\">In attesa di un vostro riscontro, porgiamo cordiali saluti.<\/p>\n<p data-start=\"1456\" data-end=\"1515\"><span style=\"color: #ff0000;\"><strong>L&#8217;AUDIO DEL GIORNO, DA EL BAL DEL FIOR, DI GIULIANA DA RONCH<br \/>\n<\/strong><\/span><\/p>\n<audio class=\"wp-audio-shortcode\" id=\"audio-436682-9\" preload=\"none\" style=\"width: 100%;\" controls=\"controls\"><source type=\"audio\/mpeg\" src=\"https:\/\/www.radiopiu.net\/wordpress\/wp-content\/uploads\/2025\/02\/GME-3.mp3?_=9\" \/><a href=\"https:\/\/www.radiopiu.net\/wordpress\/wp-content\/uploads\/2025\/02\/GME-3.mp3\">https:\/\/www.radiopiu.net\/wordpress\/wp-content\/uploads\/2025\/02\/GME-3.mp3<\/a><\/audio>\n<p>&nbsp;<\/p>\n<hr \/>\n<p>&nbsp;<\/p>\n<blockquote>\n<h3><a class=\"dt-pswp-item\" href=\"https:\/\/www.radiopiu.net\/wordpress\/wp-content\/uploads\/2025\/02\/Alpaos-frana.1.jpeg\" data-dt-img-description=\"\" data-large_image_width=\"842\" data-large_image_height=\"625\"><img loading=\"lazy\" decoding=\"async\" class=\" wp-image-436777 alignleft\" src=\"https:\/\/www.radiopiu.net\/wordpress\/wp-content\/uploads\/2025\/02\/Alpaos-frana.1-300x223.jpeg\" alt=\"\" width=\"213\" height=\"158\" srcset=\"https:\/\/www.radiopiu.net\/wordpress\/wp-content\/uploads\/2025\/02\/Alpaos-frana.1-300x223.jpeg 300w, https:\/\/www.radiopiu.net\/wordpress\/wp-content\/uploads\/2025\/02\/Alpaos-frana.1-768x570.jpeg 768w, https:\/\/www.radiopiu.net\/wordpress\/wp-content\/uploads\/2025\/02\/Alpaos-frana.1.jpeg 842w\" sizes=\"auto, (max-width: 213px) 100vw, 213px\" \/><\/a>750 MILA EURO PER LA MESSA IN SICUREZZA DI ALPAOS<\/h3>\n<\/blockquote>\n<p><strong>BELLUNO<\/strong> La Provincia di Belluno sta pianificando interventi per la difesa del suolo, approvando un progetto di messa in sicurezza a Chies d\u2019Alpago. Il maltempo dell\u2019autunno 2023 ha causato un vasto dissesto ad Alpaos, danneggiando abitazioni e una strada comunale, ora inagibile. Dopo sopralluoghi e analisi geologiche, \u00e8 stato elaborato un progetto di fattibilit\u00e0 tecnico-economica. Il costo stimato \u00e8 di 750mila euro, ma attualmente mancano le risorse. Il consigliere provinciale Bortoluzzi sottolinea che avere progetti pronti facilita la richiesta di finanziamenti e l\u2019avvio rapido dei lavori. La Provincia ha gi\u00e0 avanzato una richiesta di fondi e attende risposte. Nonostante le difficolt\u00e0, il servizio di difesa del suolo resta operativo.<\/p>\n<p>&nbsp;<\/p>\n<p>&nbsp;<\/p>\n<hr \/>\n<p>&nbsp;<\/p>\n<blockquote>\n<h3><a class=\"dt-pswp-item\" href=\"https:\/\/www.radiopiu.net\/wordpress\/wp-content\/uploads\/2024\/12\/Logo_SibPAYOFF.jpg\" data-dt-img-description=\"\" data-large_image_width=\"1536\" data-large_image_height=\"391\"><img loading=\"lazy\" decoding=\"async\" class=\" wp-image-426474 alignleft\" src=\"https:\/\/www.radiopiu.net\/wordpress\/wp-content\/uploads\/2024\/12\/Logo_SibPAYOFF-300x76.jpg\" alt=\"\" width=\"237\" height=\"60\" srcset=\"https:\/\/www.radiopiu.net\/wordpress\/wp-content\/uploads\/2024\/12\/Logo_SibPAYOFF-300x76.jpg 300w, https:\/\/www.radiopiu.net\/wordpress\/wp-content\/uploads\/2024\/12\/Logo_SibPAYOFF-1024x261.jpg 1024w, https:\/\/www.radiopiu.net\/wordpress\/wp-content\/uploads\/2024\/12\/Logo_SibPAYOFF-768x196.jpg 768w, https:\/\/www.radiopiu.net\/wordpress\/wp-content\/uploads\/2024\/12\/Logo_SibPAYOFF.jpg 1536w\" sizes=\"auto, (max-width: 237px) 100vw, 237px\" \/><\/a>PERDITA ALL&#8217;ACQUEDOTTO IN CENTRO A BELLUNO. DOMANI LA RIPARAZIONE<\/h3>\n<\/blockquote>\n<p><strong>BELLUNO<\/strong> Intervento in notturna, domani, alla rete idrica di Belluno centro. Servizi Integrati Bellunesi, infatti, provveder\u00e0 a riparare una perdita, evidente a vista e segnalata nei giorni scorsi dal Comune e da alcuni cittadini, in prossimit\u00e0 di un idrante ubicato in piazza dei Martiri. L\u2019intervento, programmato nelle ore serali per ridurre al minimo i disagi all\u2019utenza servita e alle numerose attivit\u00e0 commerciali, comporter\u00e0 la sospensione della fornitura idrica in tutto il centro cittadino, compresa la parte storica, e a Borgo Piave dalle ore 21:30 di oggi alle ore 2:00 del mattino successivo (e comunque fino a fine lavori).<\/p>\n<p>&nbsp;<\/p>\n<p>&nbsp;<\/p>\n<hr \/>\n<p>&nbsp;<\/p>\n<blockquote>\n<h3>I BAMBINI DELLA PRIMARIA ZASIO DI MUGNAI AL CONCORSO MUSICALE DI TRENTO<\/h3>\n<\/blockquote>\n<p><strong><a class=\"dt-pswp-item\" href=\"https:\/\/www.radiopiu.net\/wordpress\/wp-content\/uploads\/2025\/02\/SCR-20250226-rwtc.jpeg\" data-dt-img-description=\"\" data-large_image_width=\"2466\" data-large_image_height=\"1570\"><img loading=\"lazy\" decoding=\"async\" class=\" wp-image-436863 alignleft\" src=\"https:\/\/www.radiopiu.net\/wordpress\/wp-content\/uploads\/2025\/02\/SCR-20250226-rwtc-300x191.jpeg\" alt=\"\" width=\"191\" height=\"122\" srcset=\"https:\/\/www.radiopiu.net\/wordpress\/wp-content\/uploads\/2025\/02\/SCR-20250226-rwtc-300x191.jpeg 300w, https:\/\/www.radiopiu.net\/wordpress\/wp-content\/uploads\/2025\/02\/SCR-20250226-rwtc-1024x652.jpeg 1024w, https:\/\/www.radiopiu.net\/wordpress\/wp-content\/uploads\/2025\/02\/SCR-20250226-rwtc-768x489.jpeg 768w, https:\/\/www.radiopiu.net\/wordpress\/wp-content\/uploads\/2025\/02\/SCR-20250226-rwtc-1536x978.jpeg 1536w, https:\/\/www.radiopiu.net\/wordpress\/wp-content\/uploads\/2025\/02\/SCR-20250226-rwtc-2048x1304.jpeg 2048w\" sizes=\"auto, (max-width: 191px) 100vw, 191px\" \/><\/a>FELTRE<\/strong> Il concorso \u201cUn Testo per noi\u201d, promosso dal Coro Piccole Colonne APS di Trento, ha visto la partecipazione di 126 classi di scuole primarie da tutta Italia e oltre. Otto testi sono stati selezionati come vincitori a pari merito da una giuria di esperti. Tra questi, \u201cLa danza delle api\u201d della classe II della scuola primaria O. Zasio di Mugnai di Feltre, che sensibilizza sull\u2019importanza delle api per l\u2019ecosistema. Le fonti d\u2019ispirazione spaziavano dalla geometria alle emozioni. Le classi vincitrici provengono da diverse regioni italiane. I testi saranno ora musicati da grandi nomi della musica leggera italiana, tra cui Al Bano, Franco Fasano e altri. Le nuove canzoni verranno inserite in un CD e destinate ai bambini.<\/p>\n<p>&nbsp;<\/p>\n<p>&nbsp;<\/p>\n<hr \/>\n<p>&nbsp;<\/p>\n<blockquote>\n<h3><strong>INAUGURAZIONE DELLA NUOVA SEDE DEL CIRCOLO ACLI DELLA SINISTRA PIAVE<\/strong><\/h3>\n<\/blockquote>\n<p><strong><a class=\"dt-pswp-item\" href=\"https:\/\/www.radiopiu.net\/wordpress\/wp-content\/uploads\/2025\/02\/ACLI-BELLUNO.jpg\" data-dt-img-description=\"\" data-large_image_width=\"436\" data-large_image_height=\"269\"><img loading=\"lazy\" decoding=\"async\" class=\" wp-image-436788 alignleft\" src=\"https:\/\/www.radiopiu.net\/wordpress\/wp-content\/uploads\/2025\/02\/ACLI-BELLUNO-300x185.jpg\" alt=\"\" width=\"164\" height=\"101\" srcset=\"https:\/\/www.radiopiu.net\/wordpress\/wp-content\/uploads\/2025\/02\/ACLI-BELLUNO-300x185.jpg 300w, https:\/\/www.radiopiu.net\/wordpress\/wp-content\/uploads\/2025\/02\/ACLI-BELLUNO.jpg 436w\" sizes=\"auto, (max-width: 164px) 100vw, 164px\" \/><\/a>BELLUNO<\/strong> Domenica alle 18:00, il Circolo ACLI della Sinistra Piave inaugurer\u00e0 la nuova sede a Trichiana, presso il Cinema San Felice. Il nuovo spazio, chiamato \u201cPunto di Incontro\u201d, sar\u00e0 un luogo di socialit\u00e0 e supporto, con particolare attenzione ai giovani immigrati di Borgo Valbelluna. Le attivit\u00e0 previste includono corsi di italiano, orientamento al lavoro e momenti di aggregazione. Il presidente provinciale delle ACLI, Pietro Ranon, ha sottolineato l\u2019importanza del progetto per una comunit\u00e0 pi\u00f9 inclusiva e solidale. L\u2019iniziativa nasce dalla collaborazione tra ACLI, Parrocchia di Trichiana e volontari locali.<\/p>\n<p>&nbsp;<\/p>\n<p>&nbsp;<\/p>\n<hr \/>\n<p>&nbsp;<\/p>\n<blockquote>\n<h3>GIORNATA MONDIALE DEL RENE: L&#8217;INCONTRO CON L&#8217;ULSS 1 DOLOMITI<\/h3>\n<\/blockquote>\n<p><strong><a class=\"dt-pswp-item\" href=\"https:\/\/www.radiopiu.net\/wordpress\/wp-content\/uploads\/2025\/02\/RENE.jpg\" data-dt-img-description=\"\" data-large_image_width=\"940\" data-large_image_height=\"550\"><img loading=\"lazy\" decoding=\"async\" class=\" wp-image-436595 alignleft\" src=\"https:\/\/www.radiopiu.net\/wordpress\/wp-content\/uploads\/2025\/02\/RENE-300x176.jpg\" alt=\"\" width=\"179\" height=\"105\" srcset=\"https:\/\/www.radiopiu.net\/wordpress\/wp-content\/uploads\/2025\/02\/RENE-300x176.jpg 300w, https:\/\/www.radiopiu.net\/wordpress\/wp-content\/uploads\/2025\/02\/RENE-768x449.jpg 768w, https:\/\/www.radiopiu.net\/wordpress\/wp-content\/uploads\/2025\/02\/RENE.jpg 940w\" sizes=\"auto, (max-width: 179px) 100vw, 179px\" \/><\/a>BELLUNO <\/strong>In occasione della giornata mondiale del rene, che ricorre il prossimo 13 marzo, l\u2019Ulss Dolomiti, con le unit\u00e0 operative di Nefrologia, organizza un incontro aperto a tutta la cittadinanza per sensibilizzare sull\u2019importanza della salute dei nostri reni e sul tema del trapianto. L\u2019 incontro dal titolo \u201cIl trapianto di rene da vivente\u201d si terr\u00e0 mercoled\u00ec 12 marzo 2025 alle 17.00 in sala convegni dell\u2019ospedale di Belluno. Interverranno Lucrezia Furian, Direttore UOC Chirurgia dei Trapianti di Rene e Pancreas dell\u2019Azienda Ospedale \u2013 Universit\u00e0 di Padova e Enrico Petranzan, Direttore Operativo del Centro Regionale Trapianti. Inoltre, durante l\u2019incontro saranno presentate testimonianze di donatori e trapiantati.<\/p>\n<p>&nbsp;<\/p>\n<p>&nbsp;<\/p>\n<hr \/>\n<p>&nbsp;<\/p>\n<blockquote>\n<h3>RIPARTONO I MERCOLEDI DELLA SALUTE<\/h3>\n<\/blockquote>\n<p><strong><a class=\"dt-pswp-item\" href=\"https:\/\/www.radiopiu.net\/wordpress\/wp-content\/uploads\/2025\/02\/MERCOL-SAL.jpg\" data-dt-img-description=\"\" data-large_image_width=\"927\" data-large_image_height=\"695\"><img loading=\"lazy\" decoding=\"async\" class=\" wp-image-436597 alignleft\" src=\"https:\/\/www.radiopiu.net\/wordpress\/wp-content\/uploads\/2025\/02\/MERCOL-SAL-300x225.jpg\" alt=\"\" width=\"145\" height=\"109\" srcset=\"https:\/\/www.radiopiu.net\/wordpress\/wp-content\/uploads\/2025\/02\/MERCOL-SAL-300x225.jpg 300w, https:\/\/www.radiopiu.net\/wordpress\/wp-content\/uploads\/2025\/02\/MERCOL-SAL-768x576.jpg 768w, https:\/\/www.radiopiu.net\/wordpress\/wp-content\/uploads\/2025\/02\/MERCOL-SAL.jpg 927w\" sizes=\"auto, (max-width: 145px) 100vw, 145px\" \/><\/a>FELTRE <\/strong>Ripartono a Feltre \u201cI Mercoled\u00ec della Salute\u201d: il ciclo di incontri informativi organizzati dall\u2019Ulss Dolomiti, aperti a tutta la cittadinanza, per approfondire con i professionisti alcune tematiche legate alla promozione della salute e alla prevenzione. Il primo appuntamento si terr\u00e0 mercoled\u00ec 5 marzo 2025 alle 17.30 in Sala Convegni dell\u2019Ospedale di Feltre e sar\u00e0 dedicato al tema \u201cAlcol: rischi e consapevolezza tra salute e legalit\u00e0\u201d. Durante l\u2019incontro interverranno: Andrea Buda \u2013 Direttore della Gastroenterologia di Feltre, Amalia Manzan \u2013 Direttore del Servizio Dipendenze e Matteo Sponga \u2013 Direttore della Medicina Legale.<\/p>\n<p>&nbsp;<\/p>\n<p>&nbsp;<\/p>\n<hr \/>\n<p>&nbsp;<\/p>\n<blockquote>\n<h3><a class=\"dt-pswp-item\" href=\"https:\/\/www.radiopiu.net\/wordpress\/wp-content\/uploads\/2020\/12\/CGIL.jpg\" data-dt-img-description=\"\" data-large_image_width=\"512\" data-large_image_height=\"285\"><img loading=\"lazy\" decoding=\"async\" class=\" wp-image-180372 alignleft\" src=\"https:\/\/www.radiopiu.net\/wordpress\/wp-content\/uploads\/2020\/12\/CGIL-300x167.jpg\" alt=\"\" width=\"165\" height=\"92\" srcset=\"https:\/\/www.radiopiu.net\/wordpress\/wp-content\/uploads\/2020\/12\/CGIL-300x167.jpg 300w, https:\/\/www.radiopiu.net\/wordpress\/wp-content\/uploads\/2020\/12\/CGIL.jpg 512w\" sizes=\"auto, (max-width: 165px) 100vw, 165px\" \/><\/a>OGGI L&#8217;ASSEMBLEA DELLA CGIL BELLUNO<\/h3>\n<\/blockquote>\n<p><strong>BELLUNO<\/strong> L&#8217;Assemblea generale della CGIL di Belluno si terr\u00e0 oggi al Cinema Italia, dalle 9 alle 13. Al centro dell&#8217;incontro ci sar\u00e0 l&#8217;avvio della campagna referendaria promossa dalla CGIL, che mira a riformare la legislazione su licenziamenti illegittimi, tutele per i lavoratori delle piccole imprese, riduzione del precariato e sicurezza sul lavoro. Dopo il vaglio della Corte Costituzionale, sar\u00e0 incluso anche il quesito sulla riduzione dei tempi per ottenere la cittadinanza italiana.<\/p>\n<p>&nbsp;<\/p>\n<p>&nbsp;<\/p>\n<hr \/>\n<p>&nbsp;<\/p>\n<blockquote>\n<h3>PENSIONI IN PAGAMENTO DAL 1 MARZO<\/h3>\n<\/blockquote>\n<p><strong>BELLUNO<\/strong> <span class=\"s2\"> Poste Italiane comunica che in tutti gli uffici postali della provincia di Belluno le pensioni saranno in pagamento a partire da sabato prossimo 1\u00b0 marzo. <span class=\"s1\">Per evitare tempi di attesa superiori alla media, Poste Italiane consiglia a tutti i pensionati, ove possibile, di recarsi a ritirare la pensione in tarda mattinata o durante le ore pomeridiane privilegiando i giorni successivi ai primi.<\/span><\/span><\/p>\n<p>&nbsp;<\/p>\n<p>&nbsp;<\/p>\n<hr \/>\n<p>&nbsp;<\/p>\n<h2><span style=\"color: #ff0000;\">CONSIGLI COMUNALI IN AGORDINO<\/span><\/h2>\n<p><strong>CENCENIGHE<\/strong> E&#8217; convocato per oggi alle 20:30 il consiglio comunale di Cencenighe. Quattro punti da trattare tra cui la verifica delle aree fabbricabili e dei fabbricati destinati alla cessione, il piano delle alienazioni 2025-27 e l&#8217;approvazione del DUP e bilancio di previsione 2025-27.<\/p>\n<p>&nbsp;<\/p>\n<p>&nbsp;<\/p>\n<hr \/>\n<p>&nbsp;<\/p>\n<blockquote>\n<h3>ASSEMBLEA PER I SOCI DELL&#8217;UNION LADINA AGORDINA<\/h3>\n<\/blockquote>\n<p><strong>VOLTAGO<\/strong><\/p>\n<p>DI GIANNI SANTOMASO<\/p>\n<audio class=\"wp-audio-shortcode\" id=\"audio-436682-10\" preload=\"none\" style=\"width: 100%;\" controls=\"controls\"><source type=\"audio\/mpeg\" src=\"https:\/\/www.radiopiu.net\/wordpress\/wp-content\/uploads\/2025\/02\/GIANNI-ASSEMBLEA-PER-I-SOCI-DELLUNION-LADINA-AGORDINA-SCAD-1-MAR.mp3?_=10\" \/><a href=\"https:\/\/www.radiopiu.net\/wordpress\/wp-content\/uploads\/2025\/02\/GIANNI-ASSEMBLEA-PER-I-SOCI-DELLUNION-LADINA-AGORDINA-SCAD-1-MAR.mp3\">https:\/\/www.radiopiu.net\/wordpress\/wp-content\/uploads\/2025\/02\/GIANNI-ASSEMBLEA-PER-I-SOCI-DELLUNION-LADINA-AGORDINA-SCAD-1-MAR.mp3<\/a><\/audio>\n<p>&nbsp;<\/p>\n<hr \/>\n<p>&nbsp;<\/p>\n<blockquote>\n<h3>ASSEMBLEA DEI SOCI DEL GAMP<\/h3>\n<\/blockquote>\n<p><strong>AGORDO<\/strong><\/p>\n<p>DI GIANNI SANTOMASO<\/p>\n<audio class=\"wp-audio-shortcode\" id=\"audio-436682-11\" preload=\"none\" style=\"width: 100%;\" controls=\"controls\"><source type=\"audio\/mpeg\" src=\"https:\/\/www.radiopiu.net\/wordpress\/wp-content\/uploads\/2025\/02\/GIANNI-ASSMBLEA-DEI-SOCI-DEL-GAMP-SCAD-1-MAR.mp3?_=11\" \/><a href=\"https:\/\/www.radiopiu.net\/wordpress\/wp-content\/uploads\/2025\/02\/GIANNI-ASSMBLEA-DEI-SOCI-DEL-GAMP-SCAD-1-MAR.mp3\">https:\/\/www.radiopiu.net\/wordpress\/wp-content\/uploads\/2025\/02\/GIANNI-ASSMBLEA-DEI-SOCI-DEL-GAMP-SCAD-1-MAR.mp3<\/a><\/audio>\n<p>&nbsp;<\/p>\n<hr \/>\n<p>&nbsp;<\/p>\n<blockquote>\n<h3><a class=\"dt-pswp-item\" href=\"https:\/\/www.radiopiu.net\/wordpress\/wp-content\/uploads\/2023\/03\/ALPINI.png\" data-dt-img-description=\"\" data-large_image_width=\"245\" data-large_image_height=\"208\"><img loading=\"lazy\" decoding=\"async\" class=\" wp-image-326487 alignleft\" src=\"https:\/\/www.radiopiu.net\/wordpress\/wp-content\/uploads\/2023\/03\/ALPINI.png\" alt=\"\" width=\"118\" height=\"100\" \/><\/a>L&#8217;ASSEMBLEA DELL&#8217;ANA BELLUNO<\/h3>\n<\/blockquote>\n<p><strong>BELLUNO<\/strong> L\u2019assemblea dei delegati ANA Belluno si terr\u00e0 domenica\u00a0 a Belluno, presso la Caserma Salsa\/D\u2019Angelo. La giornata inizier\u00e0 con una Messa in memoria dei caduti, seguita da una sfilata e una cerimonia alla Caserma del 7\u00b0 Alpini. Dopo le operazioni preliminari, alle 10.30 si svolger\u00e0 l\u2019assemblea annuale ordinaria. L\u2019evento si concluder\u00e0 con un pranzo al ristorante \u201cAl Parco\u201d di Coi di Navasa.<\/p>\n<p>&nbsp;<\/p>\n<p>&nbsp;<\/p>\n<hr \/>\n<p>&nbsp;<\/p>\n<blockquote>\n<h3>L&#8217;AUSER COL BEL DI TISER CONVOCA I SOCI<\/h3>\n<\/blockquote>\n<p><strong>RIVAMONTE <\/strong>L&#8217;Associazione Auser Col Bel di Tiser convoca l&#8217;Assemblea Congressuale dei Soci per sabato 1\u00b0 marzo 2025 presso la Casa della Giovent\u00f9 a Rivamonte Agordino alle 15. All&#8217;ordine del giorno figurano la nomina del Presidente dell&#8217;Assemblea, la relazione del Presidente, l&#8217;approvazione del bilancio, l&#8217;elezione del Comitato Direttivo, della Presidenza e dei delegati all&#8217;assemblea provinciale, oltre a discussioni e votazioni su vari punti.<\/p>\n<p>&nbsp;<\/p>\n<p>&nbsp;<\/p>\n<hr \/>\n<p>&nbsp;<\/p>\n<blockquote>\n<h3>SABATO A CANALE D&#8217;AGORDO BATTISTA COSTANTINI E LA SUA IMPRONTA SULLE FORESTE E SULLE MONTAGNE DEL VENETO<\/h3>\n<\/blockquote>\n<p><strong><a class=\"dt-pswp-item\" href=\"https:\/\/www.radiopiu.net\/wordpress\/wp-content\/uploads\/2025\/02\/GDLKJGAOY-1.jpg\" data-dt-img-description=\"\" data-large_image_width=\"1080\" data-large_image_height=\"1158\"><img loading=\"lazy\" decoding=\"async\" class=\" wp-image-436440 alignleft\" src=\"https:\/\/www.radiopiu.net\/wordpress\/wp-content\/uploads\/2025\/02\/GDLKJGAOY-1-280x300.jpg\" alt=\"\" width=\"205\" height=\"220\" srcset=\"https:\/\/www.radiopiu.net\/wordpress\/wp-content\/uploads\/2025\/02\/GDLKJGAOY-1-280x300.jpg 280w, https:\/\/www.radiopiu.net\/wordpress\/wp-content\/uploads\/2025\/02\/GDLKJGAOY-1-955x1024.jpg 955w, https:\/\/www.radiopiu.net\/wordpress\/wp-content\/uploads\/2025\/02\/GDLKJGAOY-1-768x823.jpg 768w, https:\/\/www.radiopiu.net\/wordpress\/wp-content\/uploads\/2025\/02\/GDLKJGAOY-1.jpg 1080w\" sizes=\"auto, (max-width: 205px) 100vw, 205px\" \/><\/a>CANALE D&#8217;AGORDO <\/strong>Sabato 1 marzo, a Canale d\u2019Agordo, i forestali che a vario titolo hanno collaborato con lui, ricorderanno, nel trentennale dalla scomparsa, la figura del dott. Battista Costantini, che nel periodo 1974-1995 fu capo del Dipartimento per le Foreste e l\u2019Economia montana e Segretario per le Attivit\u00e0 produttive del Settore Primario della Regione Veneto. Tecnici forestali e amministratori della montagna veneta non dimenticano l\u2019impegno, la fantasia, l\u2019energia profusa in quegli anni da Costantini. Dalla sistemazione del territorio dopo l\u2019alluvione del 1966 al primo monitoraggio dello stesso attraverso i satelliti, Costantini \u00e8 stato il motore di un continuo sforzo di crescita del settore forestale e dell\u2019ambiente montano, con echi anche a livello\u00a0 internazionale. Il programma della giornata prevede con inizio alle ore 10,00, presso la sala Zand\u00f2 di Canale d\u2019Agordo, i seguenti interventi: Orazio Andrich: \u201cLa matrice ancestrale: la selvicoltura e la pianificazione forestale\u201d; Antonio Santocono: \u201cLa nascita della Direzione Foreste: l\u2019innovazione e la ricerca in campo forestale\u201d; Massimo Crespi: \u201cBattista Costantini: un uomo per tutte le stagioni\u201d; Guido Munari: \u201cUna collaborazione interessante sul piano professionale ed umano\u201d; Paola Berto: \u201cL\u2019approccio integrato alla difesa idrogeologica\u201d; Paolo Zanetti e Flavio De Nicol\u00f2: \u201cI legami con il CFS\u201d; Orazio Andrich: \u201cLe lezioni apprese per la gestione della Montagna &#8211; Conclusioni\u201d. Alle ore 12,00 Santa Messa in suffragio, presso la Chiesa Arcipretale.<\/p>\n<p>&nbsp;<\/p>\n<p><strong>GRAZIE A PIERANTONIO ZANCHETTA PER IL VIDEO D&#8217;ARCHIVIO<\/strong><\/p>\n<div style=\"width: 768px;\" class=\"wp-video\"><video class=\"wp-video-shortcode\" id=\"video-436682-3\" width=\"768\" height=\"576\" preload=\"metadata\" controls=\"controls\"><source type=\"video\/mp4\" src=\"https:\/\/www.radiopiu.net\/wordpress\/wp-content\/uploads\/2025\/02\/WhatsApp-Video-2025-02-24-at-17.33.48.mp4?_=3\" \/><a href=\"https:\/\/www.radiopiu.net\/wordpress\/wp-content\/uploads\/2025\/02\/WhatsApp-Video-2025-02-24-at-17.33.48.mp4\">https:\/\/www.radiopiu.net\/wordpress\/wp-content\/uploads\/2025\/02\/WhatsApp-Video-2025-02-24-at-17.33.48.mp4<\/a><\/video><\/div>\n<p>&nbsp;<\/p>\n<hr \/>\n<p>&nbsp;<\/p>\n<blockquote>\n<h3>TORNA A BELLUNO &#8220;IL VENTO TRA I CAPELLI&#8221;, LA PEDONATA NON COMPETITIVA DEL COMITATO PREVENZIONE SALUTE DONNA<\/h3>\n<\/blockquote>\n<p><strong><a class=\"dt-pswp-item\" href=\"https:\/\/www.radiopiu.net\/wordpress\/wp-content\/uploads\/2025\/02\/VENTO-CAPELLI-2025.jpg\" data-dt-img-description=\"\" data-large_image_width=\"767\" data-large_image_height=\"508\"><img loading=\"lazy\" decoding=\"async\" class=\" wp-image-436420 alignleft\" src=\"https:\/\/www.radiopiu.net\/wordpress\/wp-content\/uploads\/2025\/02\/VENTO-CAPELLI-2025-300x199.jpg\" alt=\"\" width=\"220\" height=\"146\" srcset=\"https:\/\/www.radiopiu.net\/wordpress\/wp-content\/uploads\/2025\/02\/VENTO-CAPELLI-2025-300x199.jpg 300w, https:\/\/www.radiopiu.net\/wordpress\/wp-content\/uploads\/2025\/02\/VENTO-CAPELLI-2025.jpg 767w\" sizes=\"auto, (max-width: 220px) 100vw, 220px\" \/><\/a>BELLUNO<\/strong> \u200b<span class=\"relative -mx-px my-[-0.2rem] rounded px-px py-[0.2rem]\">La 19\u00aa edizione della pedonata solidale &#8220;Il Vento tra i Capelli&#8221; si terr\u00e0 il 16 marzo 2025 alle 10 in Piazza dei Martiri a Belluno.<\/span> <span class=\"relative -mx-px my-[-0.2rem] rounded px-px py-[0.2rem]\">Organizzata dal Comitato Progetto Prevenzione Salute Donna, l&#8217;evento mira a sensibilizzare sull&#8217;importanza della prevenzione e della diagnosi precoce, incoraggiando le donne a prendersi cura della propria salute.<\/span> <span class=\"relative -mx-px my-[-0.2rem] rounded px-px py-[0.2rem]\">I fondi raccolti saranno destinati all&#8217;acquisto di strumenti diagnostici avanzati per l&#8217;Ospedale di Belluno, al fine di migliorare la precisione delle diagnosi.<\/span> <span class=\"relative -mx-px my-[-0.2rem] rounded px-px py-[0.2rem]\">Le iscrizioni saranno aperte dalle ore 9:00 del giorno stesso presso l&#8217;area antistante il Caff\u00e8 Manin, dove verr\u00e0 consegnata una maglietta colorata, simbolo della manifestazione, da indossare durante il percorso di circa 5 km attraverso le vie del centro cittadino.<\/span> <span class=\"relative -mx-px my-[-0.2rem] rounded px-px py-[0.2rem]\">La partecipazione \u00e8 aperta a tutti e il percorso \u00e8 adatto a persone di tutte le et\u00e0, inclusi passeggini e carrozzine.<\/span> <span class=\"relative -mx-px my-[-0.2rem] rounded px-px py-[0.2rem]\">Unisciti a noi per diffondere un messaggio di speranza e contribuire concretamente alla causa.<\/span><\/p>\n<p>&nbsp;<\/p>\n<p>&nbsp;<\/p>\n<hr \/>\n<p>&nbsp;<\/p>\n<blockquote>\n<h3>MARIO VIELMO, IL PRIMO ALPINISTA VENETO DEI 14 OTTOMILA, AL NOF FILO&#8217; DI CENCENIGHE<\/h3>\n<\/blockquote>\n<p><strong><a class=\"dt-pswp-item\" href=\"https:\/\/www.radiopiu.net\/wordpress\/wp-content\/uploads\/2025\/02\/Mario-in-vetta-al-Nanga-Parbat-8126m-3-luglio-2023-ore-1630.png\" data-dt-img-description=\"\" data-large_image_width=\"1434\" data-large_image_height=\"893\"><img loading=\"lazy\" decoding=\"async\" class=\" wp-image-436157 alignleft\" src=\"https:\/\/www.radiopiu.net\/wordpress\/wp-content\/uploads\/2025\/02\/Mario-in-vetta-al-Nanga-Parbat-8126m-3-luglio-2023-ore-1630-300x187.png\" alt=\"\" width=\"191\" height=\"119\" srcset=\"https:\/\/www.radiopiu.net\/wordpress\/wp-content\/uploads\/2025\/02\/Mario-in-vetta-al-Nanga-Parbat-8126m-3-luglio-2023-ore-1630-300x187.png 300w, https:\/\/www.radiopiu.net\/wordpress\/wp-content\/uploads\/2025\/02\/Mario-in-vetta-al-Nanga-Parbat-8126m-3-luglio-2023-ore-1630-1024x638.png 1024w, https:\/\/www.radiopiu.net\/wordpress\/wp-content\/uploads\/2025\/02\/Mario-in-vetta-al-Nanga-Parbat-8126m-3-luglio-2023-ore-1630-768x478.png 768w, https:\/\/www.radiopiu.net\/wordpress\/wp-content\/uploads\/2025\/02\/Mario-in-vetta-al-Nanga-Parbat-8126m-3-luglio-2023-ore-1630.png 1434w\" sizes=\"auto, (max-width: 191px) 100vw, 191px\" \/><\/a>CENCENIGHE<\/strong> Il Gruppo Amici della Montagna di Cencenighe, con il patrocinio del Comune, organizza una serata con l&#8217;alpinista Mario Vielmo, primo veneto a scalare tutti i 14 ottomila della Terra. L&#8217;evento, intitolato <em data-start=\"204\" data-end=\"271\">&#8220;Mario Vielmo, una vita per gli ottomila in Himalaya e Karakorum&#8221;<\/em>, si terr\u00e0 sabato 1\u00b0 marzo alle 20:45 presso il Nof Fil\u00f2 di Cencenighe Agordino, con ingresso libero. Vielmo, nato a Lonigo nel 1964, ha completato la sua impresa nell\u2019ottobre 2024 con la scalata dello Shisha Pangma (8.027 m). Il suo viaggio nelle alte quote \u00e8 iniziato nel 1996, raggiungendo il primo ottomila nel 1998. Durante la serata, moderata da Gianpaolo Soratroi, Vielmo racconter\u00e0 le sue esperienze con immagini e filmati. L&#8217;evento si inserisce nella tradizione del Gruppo Amici della Montagna, che da anni ospita alpinisti di fama internazionale. Sar\u00e0 un\u2019occasione per conoscere da vicino uno dei pi\u00f9 grandi alpinisti italiani e il lato umano delle sue imprese.<\/p>\n<h3><span style=\"color: #ff0000;\"><strong>LO SPECIALE ALLA RADIO\u00a0<\/strong><\/span><\/h3>\n<p><strong>DI LUISA MANFROI<\/strong><\/p>\n<p>OSPITE: Mario Vielmo<\/p>\n<audio class=\"wp-audio-shortcode\" id=\"audio-436682-12\" preload=\"none\" style=\"width: 100%;\" controls=\"controls\"><source type=\"audio\/mpeg\" src=\"https:\/\/www.radiopiu.net\/wordpress\/wp-content\/uploads\/2025\/02\/LUISA-MANFROI-SPECIALE-Serata_GAM_Vielmo-scadenza-01-marzo.mp3?_=12\" \/><a href=\"https:\/\/www.radiopiu.net\/wordpress\/wp-content\/uploads\/2025\/02\/LUISA-MANFROI-SPECIALE-Serata_GAM_Vielmo-scadenza-01-marzo.mp3\">https:\/\/www.radiopiu.net\/wordpress\/wp-content\/uploads\/2025\/02\/LUISA-MANFROI-SPECIALE-Serata_GAM_Vielmo-scadenza-01-marzo.mp3<\/a><\/audio>\n<p>&nbsp;<\/p>\n<p>&nbsp;<\/p>\n<hr \/>\n<p>&nbsp;<\/p>\n<blockquote>\n<p data-start=\"0\" data-end=\"60\"><strong data-start=\"0\" data-end=\"58\"><a class=\"dt-pswp-item\" href=\"https:\/\/www.radiopiu.net\/wordpress\/wp-content\/uploads\/2025\/02\/Senza-nome-50.png\" data-dt-img-description=\"\" data-large_image_width=\"180\" data-large_image_height=\"222\"><img loading=\"lazy\" decoding=\"async\" class=\" wp-image-435124 alignleft\" src=\"https:\/\/www.radiopiu.net\/wordpress\/wp-content\/uploads\/2025\/02\/Senza-nome-50.png\" alt=\"\" width=\"119\" height=\"147\" \/><\/a>Longarone: corso gratuito per l\u2019uso del defibrillatore<\/strong><\/p>\n<\/blockquote>\n<p><strong>LONGARONE<\/strong> si terr\u00e0 a marzo un corso gratuito B.L.S.D. (Basic Life Support and Defibrillation) per insegnare l\u2019uso del defibrillatore semiautomatico esterno e le tecniche di rianimazione. L\u2019iniziativa, promossa dal Comune con la Pro Loco e altre associazioni, mira a formare cittadini in grado di gestire emergenze cardiache. Due defibrillatori sono gi\u00e0 presenti in paese, ma la conoscenza del loro utilizzo \u00e8 fondamentale. Iscrizioni entro il 9 marzo tramite la Pro Loco di Longarone.<\/p>\n<p>&nbsp;<\/p>\n<p>&nbsp;<\/p>\n<p>&nbsp;<\/p>\n<hr \/>\n<p>&nbsp;<\/p>\n<blockquote>\n<h3>SABATO LA MASCOREDA A SOTTOGUDA DI ROCCA PIETORE<\/h3>\n<\/blockquote>\n<p><strong>ROCCA PIETORE <\/strong>Torna il tradizionale evento di carnevale a Sottoguda, la Mascor\u00e8da, uno degli appuntamenti dei &#8220;Carnevai de le vai&#8221;. Le maschere tipiche del carnevale prenderanno forma ancora una volta grazie ai giovani della zona che tramandano questa antica tradizione fatta di colori, musica e tanta allegria. Il corteo vedr\u00e0 protagonisti i Matazin, le figure simbolo del carnevale, vestiti con fazzoletti colorati e con un originale copricapo ricoperto di fiori e nastri. Altre figure caratteristiche ad accompagnare i Matazin sono le Mascore de legn e i Musicisti, guidati dal Capomascora. La sfilata partir\u00e0 alle 14:00 dall\u2019Hotel Pineta, con tappe a Bosco Verde e Pian, per concludersi alle 16:30-17:00 a Sottoguda, dove si terr\u00e0 una festa con giochi, rinfresco e premiazione delle maschere pi\u00f9 belle. La giornata si chiuder\u00e0 con una festa danzante alle 20:00 presso l\u2019Hotel Albe.<\/p>\n<p><a class=\"dt-pswp-item\" href=\"https:\/\/www.radiopiu.net\/wordpress\/wp-content\/uploads\/2025\/02\/480153611_1142672827647771_4849027597980985580_n.jpg\" data-dt-img-description=\"\" data-large_image_width=\"512\" data-large_image_height=\"640\"><img loading=\"lazy\" decoding=\"async\" class=\"size-medium wp-image-436647 aligncenter\" src=\"https:\/\/www.radiopiu.net\/wordpress\/wp-content\/uploads\/2025\/02\/480153611_1142672827647771_4849027597980985580_n-240x300.jpg\" alt=\"\" width=\"240\" height=\"300\" srcset=\"https:\/\/www.radiopiu.net\/wordpress\/wp-content\/uploads\/2025\/02\/480153611_1142672827647771_4849027597980985580_n-240x300.jpg 240w, https:\/\/www.radiopiu.net\/wordpress\/wp-content\/uploads\/2025\/02\/480153611_1142672827647771_4849027597980985580_n.jpg 512w\" sizes=\"auto, (max-width: 240px) 100vw, 240px\" \/><\/a><\/p>\n<p>&nbsp;<\/p>\n<hr \/>\n<p>&nbsp;<\/p>\n<blockquote>\n<h2><a href=\"https:\/\/www.radiopiu.net\/wordpress\/wp-content\/uploads\/2025\/02\/wo6o5gsi.bmp\"><img loading=\"lazy\" decoding=\"async\" class=\"size-medium wp-image-434597 alignleft\" src=\"https:\/\/www.radiopiu.net\/wordpress\/wp-content\/uploads\/2025\/02\/wo6o5gsi-150x300.jpg\" alt=\"\" width=\"150\" height=\"300\" srcset=\"https:\/\/www.radiopiu.net\/wordpress\/wp-content\/uploads\/2025\/02\/wo6o5gsi-150x300.jpg 150w, https:\/\/www.radiopiu.net\/wordpress\/wp-content\/uploads\/2025\/02\/wo6o5gsi-513x1024.jpg 513w, https:\/\/www.radiopiu.net\/wordpress\/wp-content\/uploads\/2025\/02\/wo6o5gsi-768x1534.jpg 768w, https:\/\/www.radiopiu.net\/wordpress\/wp-content\/uploads\/2025\/02\/wo6o5gsi-769x1536.jpg 769w, https:\/\/www.radiopiu.net\/wordpress\/wp-content\/uploads\/2025\/02\/wo6o5gsi.bmp 801w\" sizes=\"auto, (max-width: 150px) 100vw, 150px\" \/><\/a>DOMENICA 2 MARZO, A CANALE D&#8217;AGORDO &#8220;LA ZINGHENESTA&#8221;<\/h2>\n<\/blockquote>\n<p>&nbsp;<\/p>\n<p><strong>CANALE D&#8217;AGORDO <\/strong>La <strong data-start=\"43\" data-end=\"58\">Zinghen\u00e9sta<\/strong> \u00e8 un&#8217;antica festa in maschera che si svolge a Canale d&#8217;Agordo, l&#8217;ultima domenica di Carnevale. Questa tradizione, risalente al XVIII secolo, \u00e8 stata ripresa nel 2013 dal comitato locale, riscuotendo un ampio consenso.\u00a0 Il termine &#8220;Zinghen\u00e9sta&#8221; si riferisce alla ragazza pi\u00f9 bella del paese, eletta annualmente regina della festa. Durante la celebrazione, la Zinghen\u00e9sta, vestita con abiti tradizionali riccamente decorati, guida una sfilata accompagnata da altre maschere tipiche, come i &#8220;Mati\u00e9i&#8221; e i &#8220;Lach\u00e8&#8221;. La festa prevede una serie di eventi, tra cui la sfilata per le vie del paese, balli tradizionali e il simbolico &#8220;processo al Carnevale&#8221;. La Zinghen\u00e9sta rappresenta un&#8217;occasione per la comunit\u00e0 di Canale d&#8217;Agordo di celebrare le proprie tradizioni culturali e folcloristiche, mantenendo vive usanze secolari e rafforzando l&#8217;identit\u00e0 locale. Particolarmente atteso il processo al Canevale. Appuntamento domenica 2 marzo, a Canale d&#8217;Agordo.<\/p>\n<p>&nbsp;<\/p>\n<p>&nbsp;<\/p>\n<hr \/>\n<p>&nbsp;<\/p>\n<blockquote>\n<h3><a class=\"dt-pswp-item\" href=\"https:\/\/www.radiopiu.net\/wordpress\/wp-content\/uploads\/2025\/02\/Pedonata-mascherata.jpeg\" data-dt-img-description=\"\" data-large_image_width=\"1179\" data-large_image_height=\"1630\"><img loading=\"lazy\" decoding=\"async\" class=\" wp-image-435889 alignleft\" src=\"https:\/\/www.radiopiu.net\/wordpress\/wp-content\/uploads\/2025\/02\/Pedonata-mascherata-217x300.jpeg\" alt=\"\" width=\"147\" height=\"203\" srcset=\"https:\/\/www.radiopiu.net\/wordpress\/wp-content\/uploads\/2025\/02\/Pedonata-mascherata-217x300.jpeg 217w, https:\/\/www.radiopiu.net\/wordpress\/wp-content\/uploads\/2025\/02\/Pedonata-mascherata-741x1024.jpeg 741w, https:\/\/www.radiopiu.net\/wordpress\/wp-content\/uploads\/2025\/02\/Pedonata-mascherata-768x1062.jpeg 768w, https:\/\/www.radiopiu.net\/wordpress\/wp-content\/uploads\/2025\/02\/Pedonata-mascherata-1111x1536.jpeg 1111w, https:\/\/www.radiopiu.net\/wordpress\/wp-content\/uploads\/2025\/02\/Pedonata-mascherata.jpeg 1179w\" sizes=\"auto, (max-width: 147px) 100vw, 147px\" \/><\/a>LA PEDONATA DI CARNEVALE A BELLUNO<\/h3>\n<\/blockquote>\n<p><strong>BELLUNO<\/strong><\/p>\n<p><strong>DI DANIELE DALVIT<\/strong><\/p>\n<audio class=\"wp-audio-shortcode\" id=\"audio-436682-13\" preload=\"none\" style=\"width: 100%;\" controls=\"controls\"><source type=\"audio\/mpeg\" src=\"https:\/\/www.radiopiu.net\/wordpress\/wp-content\/uploads\/2025\/02\/Servizio-Pedonata-Carnevale-Belluno.mp3?_=13\" \/><a href=\"https:\/\/www.radiopiu.net\/wordpress\/wp-content\/uploads\/2025\/02\/Servizio-Pedonata-Carnevale-Belluno.mp3\">https:\/\/www.radiopiu.net\/wordpress\/wp-content\/uploads\/2025\/02\/Servizio-Pedonata-Carnevale-Belluno.mp3<\/a><\/audio>\n<p>&nbsp;<\/p>\n<p><strong>BELLUNO<\/strong> Il 4 marzo 2024 si terr\u00e0 la terza edizione della Pedonata Mascherata, un evento dedicato principalmente ai bambini delle scuole elementari e medie, che animer\u00e0 il centro storico con spettacoli, giochi e sport. L&#8217;iniziativa, promossa dall&#8217;assessore allo sport Monica Mazzoccoli, ha l&#8217;obiettivo di combinare il piacere di una passeggiata con l&#8217;opportunit\u00e0 di stare insieme in festa. Il ritrovo \u00e8 fissato alle 14:00 in Piazza Martiri, con partenza della pedonata alle 15:00. Il percorso di 3 km attraverser\u00e0 il centro citt\u00e0 e, all&#8217;arrivo, tutti i partecipanti saranno accolti con una merenda offerta da Lattebusche. Seguir\u00e0 lo spettacolo per bambini con il Mago Bronze e attivit\u00e0 come il truccabimbi. L&#8217;evento, organizzato con AICS, Lattebusche e il supporto dell&#8217;ANA Alpini Belluno, fa parte delle iniziative del Carnevale cittadino e mira a valorizzare gli spazi urbani come luoghi di gioco e incontro per le famiglie. La viabilit\u00e0 sar\u00e0 chiusa dalle 13:00 alle 18:00 per garantire lo svolgimento dell\u2019evento.<\/p>\n<p>&nbsp;<\/p>\n<p>&nbsp;<\/p>\n<hr \/>\n<p>&nbsp;<\/p>\n<blockquote>\n<h3>SI PARLA DI DANTE AL CIRCOLO CULTURALE LA TERRA DEI PADRI<\/h3>\n<\/blockquote>\n<p><strong>BELLUNO <\/strong>Il Circolo culturale \u201cLa Terra dei Padri \u2013 Belluno APS\u201d, in collaborazione con la Lega Nazionale \u2013 Delegazione di Belluno, organizza un ciclo di conferenze intitolato <strong data-start=\"167\" data-end=\"209\">\u201cDante e l\u2019eredit\u00e0 del mondo classico\u201d<\/strong>. La prof.ssa <strong data-start=\"226\" data-end=\"256\">Rosetta Girotto Cannarella<\/strong>, ex docente di greco e latino al Liceo Classico \u201cTiziano\u201d di Belluno, guider\u00e0 tre incontri (20 e 27 marzo, 3 aprile 2025, dalle 18:00 alle 19:00) sulla relazione tra Dante e il mondo classico, approfondendo temi come Virgilio, gli spiriti magni, Ulisse e Paolo e Francesca. Gli incontri si terranno presso la sede del Circolo, in via dei Molini, 10 (Borgo Piave \u2013 Belluno). Per info e iscrizioni: <strong data-start=\"657\" data-end=\"688\"><a rel=\"noopener\" data-start=\"659\" data-end=\"686\">francesco1dematte@gmail.com<\/a><\/strong> o <strong data-start=\"691\" data-end=\"721\">320\/0504334 (WhatsApp\/SMS)<\/strong>.<\/p>\n<p>&nbsp;<\/p>\n<p>&nbsp;<\/p>\n<hr \/>\n<p>&nbsp;<\/p>\n<blockquote>\n<h3>CHIAVI DI PACE CON GLI ALPINI<\/h3>\n<\/blockquote>\n<p><strong>FELTRE<\/strong> L&#8217;evento &#8220;Chiavi di pace: impegno Alpino per la solidariet\u00e0&#8221; si terr\u00e0 venerd\u00ec alle 20:30 presso il Museo dei Sogni di Feltre (Coop. Arcobaleno \u201986, loc. Casonetto). Organizzato dalla Sezione di Feltre dell\u2019Associazione Nazionale Alpini, l&#8217;iniziativa fa parte di un percorso giubilare di consapevolezza e servizio che culmina nel &#8220;Libro Verde della Solidariet\u00e0&#8221;. In occasione dell\u2019evento sar\u00e0 allestita una mostra tematica con 150 chiavi provenienti da tutti i continenti, simbolo del tema &#8220;Le chiavi della porta della tua vita&#8221;.<\/p>\n<p>&nbsp;<\/p>\n<p>&nbsp;<\/p>\n<hr \/>\n<p>&nbsp;<\/p>\n<blockquote>\n<h3><a class=\"dt-pswp-item\" href=\"https:\/\/www.radiopiu.net\/wordpress\/wp-content\/uploads\/2025\/02\/TI-SPOSO-MA-NON-TROPPO-2-Incontrada-ph-\u00a9Giovanni-De-Sandre-GD9_0648.jpg\" data-dt-img-description=\"\" data-large_image_width=\"1707\" data-large_image_height=\"2560\"><img loading=\"lazy\" decoding=\"async\" class=\" wp-image-436590 alignleft\" src=\"https:\/\/www.radiopiu.net\/wordpress\/wp-content\/uploads\/2025\/02\/TI-SPOSO-MA-NON-TROPPO-2-Incontrada-ph-\u00a9Giovanni-De-Sandre-GD9_0648-200x300.jpg\" alt=\"\" width=\"90\" height=\"135\" srcset=\"https:\/\/www.radiopiu.net\/wordpress\/wp-content\/uploads\/2025\/02\/TI-SPOSO-MA-NON-TROPPO-2-Incontrada-ph-\u00a9Giovanni-De-Sandre-GD9_0648-200x300.jpg 200w, https:\/\/www.radiopiu.net\/wordpress\/wp-content\/uploads\/2025\/02\/TI-SPOSO-MA-NON-TROPPO-2-Incontrada-ph-\u00a9Giovanni-De-Sandre-GD9_0648-683x1024.jpg 683w, https:\/\/www.radiopiu.net\/wordpress\/wp-content\/uploads\/2025\/02\/TI-SPOSO-MA-NON-TROPPO-2-Incontrada-ph-\u00a9Giovanni-De-Sandre-GD9_0648-768x1152.jpg 768w, https:\/\/www.radiopiu.net\/wordpress\/wp-content\/uploads\/2025\/02\/TI-SPOSO-MA-NON-TROPPO-2-Incontrada-ph-\u00a9Giovanni-De-Sandre-GD9_0648-1024x1536.jpg 1024w, https:\/\/www.radiopiu.net\/wordpress\/wp-content\/uploads\/2025\/02\/TI-SPOSO-MA-NON-TROPPO-2-Incontrada-ph-\u00a9Giovanni-De-Sandre-GD9_0648-1366x2048.jpg 1366w, https:\/\/www.radiopiu.net\/wordpress\/wp-content\/uploads\/2025\/02\/TI-SPOSO-MA-NON-TROPPO-2-Incontrada-ph-\u00a9Giovanni-De-Sandre-GD9_0648.jpg 1707w\" sizes=\"auto, (max-width: 90px) 100vw, 90px\" \/><\/a>VENERDI\u2019 7 MARZO \u201cTI SPOSO MA NON TROPPO\u201d, SOLD OUT DA DUE MESI<\/h3>\n<\/blockquote>\n<p><strong>BELLUNO <\/strong>Un altro sold out per la 48ma Stagione del Circolo: da due mesi \u201cTi sposo ma non troppo\u201d con Vanessa Incontrada del 7 marzo prossimo non ha pi\u00f9 poltrone libere. Il personale del Circolo Cultura e Stampa Bellunese comunica che solo la stessa sera al botteghino, a ridosso dell\u2019inizio, fissato alle 20.45, si potr\u00e0 sapere se si libereranno dei posti (per eventuali assenze o defezioni). Gli interessati sono pertanto pregati di venire direttamente a Teatro.<\/p>\n<p>&nbsp;<\/p>\n<p>&nbsp;<\/p>\n<hr \/>\n<p>&nbsp;<\/p>\n<blockquote>\n<h3>DISAGIO GIOVANILE, UN INCONTRO A BELLUNO<\/h3>\n<\/blockquote>\n<p><strong>BELLUNO<\/strong> L\u2019Associazione Margherita Fenice di Belluno organizza un convegno sul disagio giovanile e sull\u2019importanza dell\u2019ascolto tra genitori e figli. L\u2019evento, intitolato \u201cGenerazione di silenzi: come ascoltare i nostri figli per affrontare il disagio giovanile\u201d, si terr\u00e0 sabato 8 marzo alle 17 presso Palazzo Crepadona a Belluno. Parteciperanno esperti di alto profilo: il prof. Stefano Vicari, primario di neuropsichiatria infantile al Bambino Ges\u00f9 di Roma, il dott. Aldo Gatto, direttore del D.S.M. Ulss 1 Dolomiti, e il dott. Stefano Bertomoro, esperto in disturbi alimentari.<\/p>\n<p>&nbsp;<\/p>\n<p>&nbsp;<\/p>\n<hr \/>\n<p>&nbsp;<\/p>\n<h1><span style=\"color: #ff6600;\">IERI ALLA RADIO\u00a0<\/span><\/h1>\n<h2><span style=\"color: #008080;\">LIBER DI LIANA CAVALLET<\/span><\/h2>\n<p><strong>PUNTATA 24 26 FEBBRAIO 2025 &#8220;VITA MERAVIGLOSA&#8221; PATRIZIA CAVALLI<\/strong><\/p>\n<audio class=\"wp-audio-shortcode\" id=\"audio-436682-14\" preload=\"none\" style=\"width: 100%;\" controls=\"controls\"><source type=\"audio\/mpeg\" src=\"https:\/\/www.radiopiu.net\/wordpress\/wp-content\/uploads\/2024\/02\/LIANA-7.mp3?_=14\" \/><a href=\"https:\/\/www.radiopiu.net\/wordpress\/wp-content\/uploads\/2024\/02\/LIANA-7.mp3\">https:\/\/www.radiopiu.net\/wordpress\/wp-content\/uploads\/2024\/02\/LIANA-7.mp3<\/a><\/audio>\n<p><a class=\"dt-pswp-item\" href=\"https:\/\/www.radiopiu.net\/wordpress\/wp-content\/uploads\/2025\/02\/4b84f137-bcae-45d9-8469-de647f2b2d5c.jpg\" data-dt-img-description=\"\" data-large_image_width=\"576\" data-large_image_height=\"1000\"><img loading=\"lazy\" decoding=\"async\" class=\"size-medium wp-image-436717 aligncenter\" src=\"https:\/\/www.radiopiu.net\/wordpress\/wp-content\/uploads\/2025\/02\/4b84f137-bcae-45d9-8469-de647f2b2d5c-173x300.jpg\" alt=\"\" width=\"173\" height=\"300\" srcset=\"https:\/\/www.radiopiu.net\/wordpress\/wp-content\/uploads\/2025\/02\/4b84f137-bcae-45d9-8469-de647f2b2d5c-173x300.jpg 173w, https:\/\/www.radiopiu.net\/wordpress\/wp-content\/uploads\/2025\/02\/4b84f137-bcae-45d9-8469-de647f2b2d5c.jpg 576w\" sizes=\"auto, (max-width: 173px) 100vw, 173px\" \/><\/a><\/p>\n<p>&nbsp;<\/p>\n<p><strong>LA RACCOLTA COMPLETA <a href=\"https:\/\/www.radiopiu.net\/wordpress\/liber-di-liana-cavallet-raccolta-2023-2024\/\"><span style=\"color: #3366ff;\">CLICCA QUI<\/span><\/a><\/strong><\/p>\n<p>&nbsp;<\/p>\n<hr \/>\n<p>&nbsp;<\/p>\n<h2><span style=\"color: #808000;\">OGGI COME IERI, TERZO ANNO<\/span><\/h2>\n<p><strong><a class=\"dt-pswp-item\" href=\"https:\/\/www.radiopiu.net\/wordpress\/wp-content\/uploads\/2025\/02\/Radio_Italia_logo_2020.svg_.png\" data-dt-img-description=\"\" data-large_image_width=\"1200\" data-large_image_height=\"744\"><img loading=\"lazy\" decoding=\"async\" class=\" wp-image-436854 alignleft\" src=\"https:\/\/www.radiopiu.net\/wordpress\/wp-content\/uploads\/2025\/02\/Radio_Italia_logo_2020.svg_-300x186.png\" alt=\"\" width=\"179\" height=\"111\" srcset=\"https:\/\/www.radiopiu.net\/wordpress\/wp-content\/uploads\/2025\/02\/Radio_Italia_logo_2020.svg_-300x186.png 300w, https:\/\/www.radiopiu.net\/wordpress\/wp-content\/uploads\/2025\/02\/Radio_Italia_logo_2020.svg_-1024x635.png 1024w, https:\/\/www.radiopiu.net\/wordpress\/wp-content\/uploads\/2025\/02\/Radio_Italia_logo_2020.svg_-768x476.png 768w, https:\/\/www.radiopiu.net\/wordpress\/wp-content\/uploads\/2025\/02\/Radio_Italia_logo_2020.svg_.png 1200w\" sizes=\"auto, (max-width: 179px) 100vw, 179px\" \/><\/a>26 FEBBRAIO 2025 RADIO ITALIA<\/strong><\/p>\n<audio class=\"wp-audio-shortcode\" id=\"audio-436682-15\" preload=\"none\" style=\"width: 100%;\" controls=\"controls\"><source type=\"audio\/mpeg\" src=\"https:\/\/www.radiopiu.net\/wordpress\/wp-content\/uploads\/2025\/02\/SIBI2-5.mp3?_=15\" \/><a href=\"https:\/\/www.radiopiu.net\/wordpress\/wp-content\/uploads\/2025\/02\/SIBI2-5.mp3\">https:\/\/www.radiopiu.net\/wordpress\/wp-content\/uploads\/2025\/02\/SIBI2-5.mp3<\/a><\/audio>\n<p>&nbsp;<\/p>\n<p><strong>LA RACCOLTA COMPLETA <a href=\"https:\/\/www.radiopiu.net\/wordpress\/oggi-come-ieri-terzo-anno-con-silvia-baldo\/\"><span style=\"color: #3366ff;\">CLICCA QUI<\/span><\/a><\/strong><\/p>\n<p>&nbsp;<\/p>\n<hr \/>\n<p>&nbsp;<\/p>\n<h2><a class=\"dt-pswp-item\" href=\"https:\/\/www.radiopiu.net\/wordpress\/wp-content\/uploads\/2021\/11\/scuola-zaino.jpg\" data-dt-img-description=\"\" data-large_image_width=\"626\" data-large_image_height=\"417\"><img loading=\"lazy\" decoding=\"async\" class=\" wp-image-241814 alignleft\" src=\"https:\/\/www.radiopiu.net\/wordpress\/wp-content\/uploads\/2021\/11\/scuola-zaino-300x200.jpg\" alt=\"\" width=\"159\" height=\"106\" srcset=\"https:\/\/www.radiopiu.net\/wordpress\/wp-content\/uploads\/2021\/11\/scuola-zaino-300x200.jpg 300w, https:\/\/www.radiopiu.net\/wordpress\/wp-content\/uploads\/2021\/11\/scuola-zaino.jpg 626w\" sizes=\"auto, (max-width: 159px) 100vw, 159px\" \/><\/a><span style=\"color: #cc99ff;\">SE NON LA SMETTI TI MANDO DAL PRESIDE<\/span><\/h2>\n<p><strong>DI MIRKO MEZZACASA<\/strong><\/p>\n<p>CON MARIA ROSA SALMAZO<\/p>\n<p><span style=\"color: #ff0000;\"><strong>PUNTATA DEL 26 FEBBRAIO 2025<\/strong><\/span><\/p>\n<audio class=\"wp-audio-shortcode\" id=\"audio-436682-16\" preload=\"none\" style=\"width: 100%;\" controls=\"controls\"><source type=\"audio\/mpeg\" src=\"https:\/\/www.radiopiu.net\/wordpress\/wp-content\/uploads\/2025\/02\/PRESIDE-2.mp3?_=16\" \/><a href=\"https:\/\/www.radiopiu.net\/wordpress\/wp-content\/uploads\/2025\/02\/PRESIDE-2.mp3\">https:\/\/www.radiopiu.net\/wordpress\/wp-content\/uploads\/2025\/02\/PRESIDE-2.mp3<\/a><\/audio>\n<p>&nbsp;<\/p>\n<hr \/>\n<p>&nbsp;<\/p>\n<h2><span style=\"color: #ff99cc;\">BATTI CINQUE&#8230;CON MARINA ED ALESSIO<\/span><\/h2>\n<p><strong><a class=\"dt-pswp-item\" href=\"https:\/\/www.radiopiu.net\/wordpress\/wp-content\/uploads\/2024\/10\/2b41afd1-2910-40a2-aa8e-1f6263104f30.jpg\" data-dt-img-description=\"\" data-large_image_width=\"2048\" data-large_image_height=\"1536\"><img loading=\"lazy\" decoding=\"async\" class=\" wp-image-415813 alignleft\" src=\"https:\/\/www.radiopiu.net\/wordpress\/wp-content\/uploads\/2024\/10\/2b41afd1-2910-40a2-aa8e-1f6263104f30-300x225.jpg\" alt=\"\" width=\"135\" height=\"101\" srcset=\"https:\/\/www.radiopiu.net\/wordpress\/wp-content\/uploads\/2024\/10\/2b41afd1-2910-40a2-aa8e-1f6263104f30-300x225.jpg 300w, https:\/\/www.radiopiu.net\/wordpress\/wp-content\/uploads\/2024\/10\/2b41afd1-2910-40a2-aa8e-1f6263104f30-1024x768.jpg 1024w, https:\/\/www.radiopiu.net\/wordpress\/wp-content\/uploads\/2024\/10\/2b41afd1-2910-40a2-aa8e-1f6263104f30-768x576.jpg 768w, https:\/\/www.radiopiu.net\/wordpress\/wp-content\/uploads\/2024\/10\/2b41afd1-2910-40a2-aa8e-1f6263104f30-1536x1152.jpg 1536w, https:\/\/www.radiopiu.net\/wordpress\/wp-content\/uploads\/2024\/10\/2b41afd1-2910-40a2-aa8e-1f6263104f30.jpg 2048w\" sizes=\"auto, (max-width: 135px) 100vw, 135px\" \/><\/a>REDAZIONE<\/strong> Un confronto tra generazioni, lo si pu\u00f2 definire cos\u00ec il nuovo programma pomeridiano di Radio Pi\u00f9. &#8220;Batti Cinque&#8221; il titolo del contenitore in onda il mercoled\u00ec dalle 15 a cadenza quindicinale. In studio Marina ed Alessio<\/p>\n<p><span style=\"color: #ff0000;\"><strong>\u00a0<\/strong><\/span><\/p>\n<p><span style=\"color: #ff0000;\"><strong>\u00a0 \u00a0 \u00a0\u00a0<\/strong><\/span><\/p>\n<p><span style=\"color: #ff0000;\"><strong>PUNTATA 09 &#8211; PRIMA PARTE<\/strong><\/span><\/p>\n<audio class=\"wp-audio-shortcode\" id=\"audio-436682-17\" preload=\"none\" style=\"width: 100%;\" controls=\"controls\"><source type=\"audio\/mpeg\" src=\"https:\/\/www.radiopiu.net\/wordpress\/wp-content\/uploads\/2025\/02\/BATTI-5-NONA-PUNTATA-1-1.mp3?_=17\" \/><a href=\"https:\/\/www.radiopiu.net\/wordpress\/wp-content\/uploads\/2025\/02\/BATTI-5-NONA-PUNTATA-1-1.mp3\">https:\/\/www.radiopiu.net\/wordpress\/wp-content\/uploads\/2025\/02\/BATTI-5-NONA-PUNTATA-1-1.mp3<\/a><\/audio>\n<p><span style=\"color: #ff0000;\">\u00a0<\/span><\/p>\n<p><span style=\"color: #ff0000;\"><strong>SECONDA PARTE<\/strong><\/span><\/p>\n<audio class=\"wp-audio-shortcode\" id=\"audio-436682-18\" preload=\"none\" style=\"width: 100%;\" controls=\"controls\"><source type=\"audio\/mpeg\" src=\"https:\/\/www.radiopiu.net\/wordpress\/wp-content\/uploads\/2025\/02\/BATTI-5-NONA-PUNTATA-2-1.mp3?_=18\" \/><a href=\"https:\/\/www.radiopiu.net\/wordpress\/wp-content\/uploads\/2025\/02\/BATTI-5-NONA-PUNTATA-2-1.mp3\">https:\/\/www.radiopiu.net\/wordpress\/wp-content\/uploads\/2025\/02\/BATTI-5-NONA-PUNTATA-2-1.mp3<\/a><\/audio>\n<p><span style=\"color: #ff0000;\">\u00a0<\/span><\/p>\n<p><span style=\"color: #ff0000;\"><strong>TERZA PARTE<\/strong><\/span><\/p>\n<audio class=\"wp-audio-shortcode\" id=\"audio-436682-19\" preload=\"none\" style=\"width: 100%;\" controls=\"controls\"><source type=\"audio\/mpeg\" src=\"https:\/\/www.radiopiu.net\/wordpress\/wp-content\/uploads\/2025\/02\/BATTI-5-NONA-PUNTATA-3-1.mp3?_=19\" \/><a href=\"https:\/\/www.radiopiu.net\/wordpress\/wp-content\/uploads\/2025\/02\/BATTI-5-NONA-PUNTATA-3-1.mp3\">https:\/\/www.radiopiu.net\/wordpress\/wp-content\/uploads\/2025\/02\/BATTI-5-NONA-PUNTATA-3-1.mp3<\/a><\/audio>\n<p>&nbsp;<\/p>\n<p><strong>LA RACCOLTA COMPLETA <a href=\"https:\/\/www.radiopiu.net\/wordpress\/batti-cinque-con-marina-ed-alessio-la-raccolta\/\"><span style=\"color: #0000ff;\">CLICCA QUI<\/span><\/a><\/strong><\/p>\n<p>&nbsp;<\/p>\n<p>&nbsp;<\/p>\n<hr \/>\n<p>&nbsp;<\/p>\n<h2><span style=\"color: #800080;\">dalle parole di Gianluca&#8230; ai consigli di Valentina &#8230; DUE APPUNTAMENTI A TAIBON E SEDICO<\/span><\/h2>\n<p><strong><img loading=\"lazy\" decoding=\"async\" class=\"alignleft\" src=\"https:\/\/www.radiopiu.net\/wordpress\/wp-content\/uploads\/2025\/02\/Senza-nome-44.png\" width=\"209\" height=\"168\" \/><br \/>\n<\/strong><\/p>\n<p><strong>AUDIO<\/strong><\/p>\n<p>Eccoli gli appuntamenti del fine settimana!!!<br \/>\nda non perdere&#8230;.<\/p>\n<p>&nbsp;<\/p>\n<p>&nbsp;<\/p>\n<p>&nbsp;<\/p>\n<p><strong><span style=\"color: #ff0000;\">A TAIBON, GIOVEDI 27 &#8230; I VINI FRIULANI ECCEZIONALI DALLE 17<\/span><\/strong><\/p>\n<audio class=\"wp-audio-shortcode\" id=\"audio-436682-20\" preload=\"none\" style=\"width: 100%;\" controls=\"controls\"><source type=\"audio\/mpeg\" src=\"https:\/\/www.radiopiu.net\/wordpress\/wp-content\/uploads\/2025\/02\/giovedi-27-taibon.mp3?_=20\" \/><a href=\"https:\/\/www.radiopiu.net\/wordpress\/wp-content\/uploads\/2025\/02\/giovedi-27-taibon.mp3\">https:\/\/www.radiopiu.net\/wordpress\/wp-content\/uploads\/2025\/02\/giovedi-27-taibon.mp3<\/a><\/audio>\n<p>&nbsp;<\/p>\n<p><strong><span style=\"color: #ff0000;\">A SEDICO, VENERDI 28&#8230;DEGUSTAZIONI CON L&#8217;AZIENDA CONTINII SAPORI DELLA SARDEGNA\u00a0DALLE 17\u00a0<\/span><\/strong><\/p>\n<audio class=\"wp-audio-shortcode\" id=\"audio-436682-21\" preload=\"none\" style=\"width: 100%;\" controls=\"controls\"><source type=\"audio\/mpeg\" src=\"https:\/\/www.radiopiu.net\/wordpress\/wp-content\/uploads\/2025\/02\/venerdi-28-sedico.mp3?_=21\" \/><a href=\"https:\/\/www.radiopiu.net\/wordpress\/wp-content\/uploads\/2025\/02\/venerdi-28-sedico.mp3\">https:\/\/www.radiopiu.net\/wordpress\/wp-content\/uploads\/2025\/02\/venerdi-28-sedico.mp3<\/a><\/audio>\n<p>&nbsp;<\/p>\n<hr \/>\n<p>&nbsp;<\/p>\n<blockquote>\n<h2>1872: Strade dell\u2019Agordino in condizioni critiche: l\u2019appello del Club Alpino Italiano. archivio giuliano laveder<\/h2>\n<\/blockquote>\n<p>Agordo, 24 luglio 1872 \u2013 Il Club Alpino Italiano, attraverso il presidente della sede di Agordo G. Antonio De Manzoni, denuncia il grave stato di degrado della viabilit\u00e0 nel distretto. La strada principale Belluno-Agordo, un tempo modello di efficienza, \u00e8 oggi in pessime condizioni, con muri di sostegno instabili, ponti puntellati e protezioni laterali fatiscenti. La manutenzione \u00e8 carente, lasciando l\u2019arteria vulnerabile a frane e inondazioni. Anche le strade secondarie verso Canale e Caprile risultano impraticabili, senza alcun intervento di ripristino dopo i danni dell\u2019alluvione del 1868. De Manzoni sollecita interventi urgenti da parte delle autorit\u00e0 provinciali per fermare il declino della viabilit\u00e0 e garantire sicurezza e sviluppo alla regione.<\/p>\n\n\t\t\t<style type='text\/css'>\n\t\t\t\t#gallery-2 {\n\t\t\t\t\tmargin: auto;\n\t\t\t\t}\n\t\t\t\t#gallery-2 .gallery-item {\n\t\t\t\t\tfloat: left;\n\t\t\t\t\tmargin-top: 10px;\n\t\t\t\t\ttext-align: center;\n\t\t\t\t\twidth: 33%;\n\t\t\t\t}\n\t\t\t\t#gallery-2 img {\n\t\t\t\t\tborder: 2px solid #cfcfcf;\n\t\t\t\t}\n\t\t\t\t#gallery-2 .gallery-caption {\n\t\t\t\t\tmargin-left: 0;\n\t\t\t\t}\n\t\t\t\t\/* see gallery_shortcode() in wp-includes\/media.php *\/\n\t\t\t<\/style>\n\t\t<div id='gallery-2' class='dt-gallery-container gallery galleryid-436682 gallery-columns-3 gallery-size-medium'><dl class='gallery-item'>\n\t\t\t\t<dt class='gallery-icon landscape'>\n\t\t\t\t\t<a class=\"rollover rollover-zoom dt-pswp-item\" title=\"4c1d2405-12d1-4693-9f10-56445437579d\" data-dt-img-description=\"\" data-large_image_width=\"1114\" data-large_image_height=\"693\"href='https:\/\/www.radiopiu.net\/wordpress\/wp-content\/uploads\/2025\/02\/4c1d2405-12d1-4693-9f10-56445437579d.jpg'><img loading=\"lazy\" decoding=\"async\" width=\"300\" height=\"187\" src=\"https:\/\/www.radiopiu.net\/wordpress\/wp-content\/uploads\/2025\/02\/4c1d2405-12d1-4693-9f10-56445437579d-300x187.jpg\" class=\"attachment-medium size-medium\" alt=\"\" srcset=\"https:\/\/www.radiopiu.net\/wordpress\/wp-content\/uploads\/2025\/02\/4c1d2405-12d1-4693-9f10-56445437579d-300x187.jpg 300w, https:\/\/www.radiopiu.net\/wordpress\/wp-content\/uploads\/2025\/02\/4c1d2405-12d1-4693-9f10-56445437579d-1024x637.jpg 1024w, https:\/\/www.radiopiu.net\/wordpress\/wp-content\/uploads\/2025\/02\/4c1d2405-12d1-4693-9f10-56445437579d-768x478.jpg 768w, https:\/\/www.radiopiu.net\/wordpress\/wp-content\/uploads\/2025\/02\/4c1d2405-12d1-4693-9f10-56445437579d.jpg 1114w\" sizes=\"auto, (max-width: 300px) 100vw, 300px\" \/><\/a>\n\t\t\t\t<\/dt><\/dl><dl class='gallery-item'>\n\t\t\t\t<dt class='gallery-icon landscape'>\n\t\t\t\t\t<a class=\"rollover rollover-zoom dt-pswp-item\" title=\"384db5e2-fe6a-4fbc-bad7-02ead204343c\" data-dt-img-description=\"\" data-large_image_width=\"1599\" data-large_image_height=\"994\"href='https:\/\/www.radiopiu.net\/wordpress\/wp-content\/uploads\/2025\/02\/384db5e2-fe6a-4fbc-bad7-02ead204343c.jpg'><img loading=\"lazy\" decoding=\"async\" width=\"300\" height=\"186\" src=\"https:\/\/www.radiopiu.net\/wordpress\/wp-content\/uploads\/2025\/02\/384db5e2-fe6a-4fbc-bad7-02ead204343c-300x186.jpg\" class=\"attachment-medium size-medium\" alt=\"\" srcset=\"https:\/\/www.radiopiu.net\/wordpress\/wp-content\/uploads\/2025\/02\/384db5e2-fe6a-4fbc-bad7-02ead204343c-300x186.jpg 300w, https:\/\/www.radiopiu.net\/wordpress\/wp-content\/uploads\/2025\/02\/384db5e2-fe6a-4fbc-bad7-02ead204343c-1024x637.jpg 1024w, https:\/\/www.radiopiu.net\/wordpress\/wp-content\/uploads\/2025\/02\/384db5e2-fe6a-4fbc-bad7-02ead204343c-768x477.jpg 768w, https:\/\/www.radiopiu.net\/wordpress\/wp-content\/uploads\/2025\/02\/384db5e2-fe6a-4fbc-bad7-02ead204343c-1536x955.jpg 1536w, https:\/\/www.radiopiu.net\/wordpress\/wp-content\/uploads\/2025\/02\/384db5e2-fe6a-4fbc-bad7-02ead204343c.jpg 1599w\" sizes=\"auto, (max-width: 300px) 100vw, 300px\" \/><\/a>\n\t\t\t\t<\/dt><\/dl><dl class='gallery-item'>\n\t\t\t\t<dt class='gallery-icon landscape'>\n\t\t\t\t\t<a class=\"rollover rollover-zoom dt-pswp-item\" title=\"2e2f763d-0e00-4cf1-ad2b-1984045bd7c2\" data-dt-img-description=\"\" data-large_image_width=\"1134\" data-large_image_height=\"704\"href='https:\/\/www.radiopiu.net\/wordpress\/wp-content\/uploads\/2025\/02\/2e2f763d-0e00-4cf1-ad2b-1984045bd7c2.jpg'><img loading=\"lazy\" decoding=\"async\" width=\"300\" height=\"186\" src=\"https:\/\/www.radiopiu.net\/wordpress\/wp-content\/uploads\/2025\/02\/2e2f763d-0e00-4cf1-ad2b-1984045bd7c2-300x186.jpg\" class=\"attachment-medium size-medium\" alt=\"\" srcset=\"https:\/\/www.radiopiu.net\/wordpress\/wp-content\/uploads\/2025\/02\/2e2f763d-0e00-4cf1-ad2b-1984045bd7c2-300x186.jpg 300w, https:\/\/www.radiopiu.net\/wordpress\/wp-content\/uploads\/2025\/02\/2e2f763d-0e00-4cf1-ad2b-1984045bd7c2-1024x636.jpg 1024w, https:\/\/www.radiopiu.net\/wordpress\/wp-content\/uploads\/2025\/02\/2e2f763d-0e00-4cf1-ad2b-1984045bd7c2-768x477.jpg 768w, https:\/\/www.radiopiu.net\/wordpress\/wp-content\/uploads\/2025\/02\/2e2f763d-0e00-4cf1-ad2b-1984045bd7c2.jpg 1134w\" sizes=\"auto, (max-width: 300px) 100vw, 300px\" \/><\/a>\n\t\t\t\t<\/dt><\/dl><br style=\"clear: both\" \/>\n\t\t\t<\/div>\n\n<p>DALL&#8217;ARCHIVIO DI GIULIANO LAVEDER UN DOCUMENTO CHE RACCONTA LA STORIA di ieri e di oggi<\/p>\n<blockquote class=\"wp-embedded-content\" data-secret=\"dtLpHZ3udd\"><p><a href=\"https:\/\/www.radiopiu.net\/wordpress\/storie-fotografiche-dal-passato-archivio-giuliano-laveder\/\">LA RACCOLTA COMPLETA. archivio privato giuliano laveder<\/a><\/p><\/blockquote>\n<p><iframe loading=\"lazy\" class=\"wp-embedded-content\" sandbox=\"allow-scripts\" security=\"restricted\" style=\"position: absolute; visibility: hidden;\" title=\"&#8220;LA RACCOLTA COMPLETA. archivio privato giuliano laveder&#8221; &#8212; Radio Pi\u00f9\" src=\"https:\/\/www.radiopiu.net\/wordpress\/storie-fotografiche-dal-passato-archivio-giuliano-laveder\/embed\/#?secret=0B13N5WZyQ#?secret=dtLpHZ3udd\" data-secret=\"dtLpHZ3udd\" width=\"600\" height=\"338\" frameborder=\"0\" marginwidth=\"0\" marginheight=\"0\" scrolling=\"no\"><\/iframe><\/p>\n<p>&nbsp;<\/p>\n<p>&nbsp;<\/p>\n<p>&nbsp;<\/p>\n<p>&nbsp;<\/p>\n<hr \/>\n<p>&nbsp;<\/p>\n<h2><span style=\"color: #ff0000;\"><a class=\"dt-pswp-item\" href=\"https:\/\/www.radiopiu.net\/wordpress\/wp-content\/uploads\/2018\/09\/appuntamenti.jpeg\" data-dt-img-description=\"\" data-large_image_width=\"800\" data-large_image_height=\"100\"><img loading=\"lazy\" decoding=\"async\" class=\"wp-image-61958 size-full aligncenter\" src=\"https:\/\/www.radiopiu.net\/wordpress\/wp-content\/uploads\/2018\/09\/appuntamenti.jpeg\" alt=\"\" width=\"800\" height=\"100\" srcset=\"https:\/\/www.radiopiu.net\/wordpress\/wp-content\/uploads\/2018\/09\/appuntamenti.jpeg 800w, https:\/\/www.radiopiu.net\/wordpress\/wp-content\/uploads\/2018\/09\/appuntamenti-300x38.jpeg 300w, https:\/\/www.radiopiu.net\/wordpress\/wp-content\/uploads\/2018\/09\/appuntamenti-768x96.jpeg 768w\" sizes=\"auto, (max-width: 800px) 100vw, 800px\" \/><\/a><\/span><\/h2>\n<h3 dir=\"auto\"><\/h3>\n<blockquote>\n<h3>MORGAN &amp; BATTAGLIA I RESIDENT DJ DEL SAVE THE DATE FESTIVAL<\/h3>\n<\/blockquote>\n<p><strong>FALCADE <\/strong>Il palco si accende, le casse vibrano e l\u2019atmosfera si infiamma: Morgan e Battaglia sono pronti a farvi ballare senza sosta! Con selezioni potenti e beat travolgenti, il duo porter\u00e0 un\u2019ondata di pura energia al Rifugio Laresei. Quattro ospiti speciali arricchiranno il festival, ma sar\u00e0 la loro console a tenere il cuore pulsante della serata. L\u2019unica regola? Lasciarsi andare al ritmo e vivere la musica senza freni. Preparati a un\u2019esperienza indimenticabile! L&#8217;appuntamento \u00e8 per il 29 marzo al Rifugio Laresei<\/p>\n\n\t\t\t<style type='text\/css'>\n\t\t\t\t#gallery-3 {\n\t\t\t\t\tmargin: auto;\n\t\t\t\t}\n\t\t\t\t#gallery-3 .gallery-item {\n\t\t\t\t\tfloat: left;\n\t\t\t\t\tmargin-top: 10px;\n\t\t\t\t\ttext-align: center;\n\t\t\t\t\twidth: 20%;\n\t\t\t\t}\n\t\t\t\t#gallery-3 img {\n\t\t\t\t\tborder: 2px solid #cfcfcf;\n\t\t\t\t}\n\t\t\t\t#gallery-3 .gallery-caption {\n\t\t\t\t\tmargin-left: 0;\n\t\t\t\t}\n\t\t\t\t\/* see gallery_shortcode() in wp-includes\/media.php *\/\n\t\t\t<\/style>\n\t\t<div id='gallery-3' class='dt-gallery-container gallery galleryid-436682 gallery-columns-5 gallery-size-medium'><dl class='gallery-item'>\n\t\t\t\t<dt class='gallery-icon portrait'>\n\t\t\t\t\t<a class=\"rollover rollover-zoom dt-pswp-item\" title=\"475351389_122191419572160269_4819090400106529375_n\" data-dt-img-description=\"\" data-large_image_width=\"1024\" data-large_image_height=\"1280\"href='https:\/\/www.radiopiu.net\/wordpress\/wp-content\/uploads\/2025\/02\/475351389_122191419572160269_4819090400106529375_n.jpg'><img loading=\"lazy\" decoding=\"async\" width=\"240\" height=\"300\" src=\"https:\/\/www.radiopiu.net\/wordpress\/wp-content\/uploads\/2025\/02\/475351389_122191419572160269_4819090400106529375_n-240x300.jpg\" class=\"attachment-medium size-medium\" alt=\"\" srcset=\"https:\/\/www.radiopiu.net\/wordpress\/wp-content\/uploads\/2025\/02\/475351389_122191419572160269_4819090400106529375_n-240x300.jpg 240w, https:\/\/www.radiopiu.net\/wordpress\/wp-content\/uploads\/2025\/02\/475351389_122191419572160269_4819090400106529375_n-819x1024.jpg 819w, https:\/\/www.radiopiu.net\/wordpress\/wp-content\/uploads\/2025\/02\/475351389_122191419572160269_4819090400106529375_n-768x960.jpg 768w, https:\/\/www.radiopiu.net\/wordpress\/wp-content\/uploads\/2025\/02\/475351389_122191419572160269_4819090400106529375_n.jpg 1024w\" sizes=\"auto, (max-width: 240px) 100vw, 240px\" \/><\/a>\n\t\t\t\t<\/dt><\/dl><dl class='gallery-item'>\n\t\t\t\t<dt class='gallery-icon portrait'>\n\t\t\t\t\t<a class=\"rollover rollover-zoom dt-pswp-item\" title=\"70222334-5cff-4d4b-9ab9-a2a79305f2f3\" data-dt-img-description=\"\" data-large_image_width=\"1024\" data-large_image_height=\"1280\"href='https:\/\/www.radiopiu.net\/wordpress\/wp-content\/uploads\/2025\/02\/70222334-5cff-4d4b-9ab9-a2a79305f2f3.jpg'><img loading=\"lazy\" decoding=\"async\" width=\"240\" height=\"300\" src=\"https:\/\/www.radiopiu.net\/wordpress\/wp-content\/uploads\/2025\/02\/70222334-5cff-4d4b-9ab9-a2a79305f2f3-240x300.jpg\" class=\"attachment-medium size-medium\" alt=\"\" srcset=\"https:\/\/www.radiopiu.net\/wordpress\/wp-content\/uploads\/2025\/02\/70222334-5cff-4d4b-9ab9-a2a79305f2f3-240x300.jpg 240w, https:\/\/www.radiopiu.net\/wordpress\/wp-content\/uploads\/2025\/02\/70222334-5cff-4d4b-9ab9-a2a79305f2f3-819x1024.jpg 819w, https:\/\/www.radiopiu.net\/wordpress\/wp-content\/uploads\/2025\/02\/70222334-5cff-4d4b-9ab9-a2a79305f2f3-768x960.jpg 768w, https:\/\/www.radiopiu.net\/wordpress\/wp-content\/uploads\/2025\/02\/70222334-5cff-4d4b-9ab9-a2a79305f2f3.jpg 1024w\" sizes=\"auto, (max-width: 240px) 100vw, 240px\" \/><\/a>\n\t\t\t\t<\/dt><\/dl><dl class='gallery-item'>\n\t\t\t\t<dt class='gallery-icon portrait'>\n\t\t\t\t\t<a class=\"rollover rollover-zoom dt-pswp-item\" title=\"480483463_122191800596160269_7748395789965067962_n\" data-dt-img-description=\"\" data-large_image_width=\"1024\" data-large_image_height=\"1280\"href='https:\/\/www.radiopiu.net\/wordpress\/wp-content\/uploads\/2025\/02\/480483463_122191800596160269_7748395789965067962_n.jpg'><img loading=\"lazy\" decoding=\"async\" width=\"240\" height=\"300\" src=\"https:\/\/www.radiopiu.net\/wordpress\/wp-content\/uploads\/2025\/02\/480483463_122191800596160269_7748395789965067962_n-240x300.jpg\" class=\"attachment-medium size-medium\" alt=\"\" srcset=\"https:\/\/www.radiopiu.net\/wordpress\/wp-content\/uploads\/2025\/02\/480483463_122191800596160269_7748395789965067962_n-240x300.jpg 240w, https:\/\/www.radiopiu.net\/wordpress\/wp-content\/uploads\/2025\/02\/480483463_122191800596160269_7748395789965067962_n-819x1024.jpg 819w, https:\/\/www.radiopiu.net\/wordpress\/wp-content\/uploads\/2025\/02\/480483463_122191800596160269_7748395789965067962_n-768x960.jpg 768w, https:\/\/www.radiopiu.net\/wordpress\/wp-content\/uploads\/2025\/02\/480483463_122191800596160269_7748395789965067962_n.jpg 1024w\" sizes=\"auto, (max-width: 240px) 100vw, 240px\" \/><\/a>\n\t\t\t\t<\/dt><\/dl><dl class='gallery-item'>\n\t\t\t\t<dt class='gallery-icon portrait'>\n\t\t\t\t\t<a class=\"rollover rollover-zoom dt-pswp-item\" title=\"480755395_122191974356160269_922264644982884143_n\" data-dt-img-description=\"\" data-large_image_width=\"1024\" data-large_image_height=\"1280\"href='https:\/\/www.radiopiu.net\/wordpress\/wp-content\/uploads\/2025\/02\/480755395_122191974356160269_922264644982884143_n.jpg'><img loading=\"lazy\" decoding=\"async\" width=\"240\" height=\"300\" src=\"https:\/\/www.radiopiu.net\/wordpress\/wp-content\/uploads\/2025\/02\/480755395_122191974356160269_922264644982884143_n-240x300.jpg\" class=\"attachment-medium size-medium\" alt=\"\" srcset=\"https:\/\/www.radiopiu.net\/wordpress\/wp-content\/uploads\/2025\/02\/480755395_122191974356160269_922264644982884143_n-240x300.jpg 240w, https:\/\/www.radiopiu.net\/wordpress\/wp-content\/uploads\/2025\/02\/480755395_122191974356160269_922264644982884143_n-819x1024.jpg 819w, https:\/\/www.radiopiu.net\/wordpress\/wp-content\/uploads\/2025\/02\/480755395_122191974356160269_922264644982884143_n-768x960.jpg 768w, https:\/\/www.radiopiu.net\/wordpress\/wp-content\/uploads\/2025\/02\/480755395_122191974356160269_922264644982884143_n.jpg 1024w\" sizes=\"auto, (max-width: 240px) 100vw, 240px\" \/><\/a>\n\t\t\t\t<\/dt><\/dl><dl class='gallery-item'>\n\t\t\t\t<dt class='gallery-icon portrait'>\n\t\t\t\t\t<a class=\"rollover rollover-zoom dt-pswp-item\" title=\"480946206_122192204450160269_174180551336592227_n\" data-dt-img-description=\"\" data-large_image_width=\"512\" data-large_image_height=\"640\"href='https:\/\/www.radiopiu.net\/wordpress\/wp-content\/uploads\/2025\/02\/480946206_122192204450160269_174180551336592227_n.jpg'><img loading=\"lazy\" decoding=\"async\" width=\"240\" height=\"300\" src=\"https:\/\/www.radiopiu.net\/wordpress\/wp-content\/uploads\/2025\/02\/480946206_122192204450160269_174180551336592227_n-240x300.jpg\" class=\"attachment-medium size-medium\" alt=\"\" srcset=\"https:\/\/www.radiopiu.net\/wordpress\/wp-content\/uploads\/2025\/02\/480946206_122192204450160269_174180551336592227_n-240x300.jpg 240w, https:\/\/www.radiopiu.net\/wordpress\/wp-content\/uploads\/2025\/02\/480946206_122192204450160269_174180551336592227_n.jpg 512w\" sizes=\"auto, (max-width: 240px) 100vw, 240px\" \/><\/a>\n\t\t\t\t<\/dt><\/dl><br style=\"clear: both\" \/>\n\t\t\t<\/div>\n\n<p>&nbsp;<\/p>\n<div>\n<div class=\"\" dir=\"auto\">\n<div id=\":r9h:\" class=\"x1iorvi4 x1pi30zi x1l90r2v x1swvt13\" data-ad-comet-preview=\"message\" data-ad-preview=\"message\">\n<div>\n<div class=\"\" dir=\"auto\">\n<div id=\":r9h:\" class=\"x1iorvi4 x1pi30zi x1l90r2v x1swvt13\" data-ad-comet-preview=\"message\" data-ad-preview=\"message\">\n<div>\n<div class=\"\" dir=\"auto\">\n<div id=\":r9h:\" class=\"x1iorvi4 x1pi30zi x1l90r2v x1swvt13\" data-ad-comet-preview=\"message\" data-ad-preview=\"message\">\n<div>\n<div class=\"\" dir=\"auto\">\n<div id=\":r9h:\" class=\"x1iorvi4 x1pi30zi x1l90r2v x1swvt13\" data-ad-comet-preview=\"message\" data-ad-preview=\"message\">\n<div>\n<div class=\"\" dir=\"auto\">\n<div id=\":r9h:\" class=\"x1iorvi4 x1pi30zi x1l90r2v x1swvt13\" data-ad-comet-preview=\"message\" data-ad-preview=\"message\">\n<div>\n<div class=\"\" dir=\"auto\">\n<div id=\":r9h:\" class=\"x1iorvi4 x1pi30zi x1l90r2v x1swvt13\" data-ad-comet-preview=\"message\" data-ad-preview=\"message\">\n<div class=\"xdj266r x11i5rnm xat24cr x1mh8g0r x1vvkbs x126k92a\">\n<div dir=\"auto\"><\/div>\n<\/div>\n<div>\n<div class=\"\" dir=\"auto\">\n<div id=\":r9h:\" class=\"x1iorvi4 x1pi30zi x1l90r2v x1swvt13\" data-ad-comet-preview=\"message\" data-ad-preview=\"message\">\n<div>\n<div class=\"\" dir=\"auto\">\n<div id=\":r9h:\" class=\"x1iorvi4 x1pi30zi x1l90r2v x1swvt13\" data-ad-comet-preview=\"message\" data-ad-preview=\"message\">\n\n\t\t\t<style type='text\/css'>\n\t\t\t\t#gallery-4 {\n\t\t\t\t\tmargin: auto;\n\t\t\t\t}\n\t\t\t\t#gallery-4 .gallery-item {\n\t\t\t\t\tfloat: left;\n\t\t\t\t\tmargin-top: 10px;\n\t\t\t\t\ttext-align: center;\n\t\t\t\t\twidth: 25%;\n\t\t\t\t}\n\t\t\t\t#gallery-4 img {\n\t\t\t\t\tborder: 2px solid #cfcfcf;\n\t\t\t\t}\n\t\t\t\t#gallery-4 .gallery-caption {\n\t\t\t\t\tmargin-left: 0;\n\t\t\t\t}\n\t\t\t\t\/* see gallery_shortcode() in wp-includes\/media.php *\/\n\t\t\t<\/style>\n\t\t<div id='gallery-4' class='dt-gallery-container gallery galleryid-436682 gallery-columns-4 gallery-size-thumbnail'><dl class='gallery-item'>\n\t\t\t\t<dt class='gallery-icon portrait'>\n\t\t\t\t\t<a class=\"rollover rollover-zoom dt-pswp-item\" title=\"Immagine WhatsApp 2025-02-17 ore 22.25.23_139ab6c1\" data-dt-img-description=\"\" data-large_image_width=\"1241\" data-large_image_height=\"1754\"href='https:\/\/www.radiopiu.net\/wordpress\/wp-content\/uploads\/2025\/02\/Immagine-WhatsApp-2025-02-17-ore-22.25.23_139ab6c1.jpg'><img loading=\"lazy\" decoding=\"async\" width=\"150\" height=\"150\" src=\"https:\/\/www.radiopiu.net\/wordpress\/wp-content\/uploads\/2025\/02\/Immagine-WhatsApp-2025-02-17-ore-22.25.23_139ab6c1-150x150.jpg\" class=\"attachment-thumbnail size-thumbnail\" alt=\"\" \/><\/a>\n\t\t\t\t<\/dt><\/dl><dl class='gallery-item'>\n\t\t\t\t<dt class='gallery-icon portrait'>\n\t\t\t\t\t<a class=\"rollover rollover-zoom dt-pswp-item\" title=\"wo6o5gsi\" data-dt-img-description=\"\" data-large_image_width=\"801\" data-large_image_height=\"1600\"href='https:\/\/www.radiopiu.net\/wordpress\/wp-content\/uploads\/2025\/02\/wo6o5gsi.bmp'><img loading=\"lazy\" decoding=\"async\" width=\"150\" height=\"150\" src=\"https:\/\/www.radiopiu.net\/wordpress\/wp-content\/uploads\/2025\/02\/wo6o5gsi-150x150.jpg\" class=\"attachment-thumbnail size-thumbnail\" alt=\"\" aria-describedby=\"gallery-4-434597\" \/><\/a>\n\t\t\t\t<\/dt>\n\t\t\t\t\t<dd class='wp-caption-text gallery-caption' id='gallery-4-434597'>\n\t\t\t\t\t2 MARZO\n\t\t\t\t\t<\/dd><\/dl><dl class='gallery-item'>\n\t\t\t\t<dt class='gallery-icon portrait'>\n\t\t\t\t\t<a class=\"rollover rollover-zoom dt-pswp-item\" title=\"dad1d0d2-12e8-494a-9390-929e17ce5985\" data-dt-img-description=\"\" data-large_image_width=\"900\" data-large_image_height=\"1600\"href='https:\/\/www.radiopiu.net\/wordpress\/wp-content\/uploads\/2025\/01\/dad1d0d2-12e8-494a-9390-929e17ce5985.jpg'><img loading=\"lazy\" decoding=\"async\" width=\"150\" height=\"150\" src=\"https:\/\/www.radiopiu.net\/wordpress\/wp-content\/uploads\/2025\/01\/dad1d0d2-12e8-494a-9390-929e17ce5985-150x150.jpg\" class=\"attachment-thumbnail size-thumbnail\" alt=\"\" \/><\/a>\n\t\t\t\t<\/dt><\/dl><dl class='gallery-item'>\n\t\t\t\t<dt class='gallery-icon portrait'>\n\t\t\t\t\t<a class=\"rollover rollover-zoom dt-pswp-item\" title=\"Senza nome\" data-dt-img-description=\"\" data-large_image_width=\"569\" data-large_image_height=\"801\"href='https:\/\/www.radiopiu.net\/wordpress\/wp-content\/uploads\/2025\/02\/Senza-nome-23.png'><img loading=\"lazy\" decoding=\"async\" width=\"150\" height=\"150\" src=\"https:\/\/www.radiopiu.net\/wordpress\/wp-content\/uploads\/2025\/02\/Senza-nome-23-150x150.png\" class=\"attachment-thumbnail size-thumbnail\" alt=\"\" \/><\/a>\n\t\t\t\t<\/dt><\/dl><br style=\"clear: both\" \/><dl class='gallery-item'>\n\t\t\t\t<dt class='gallery-icon portrait'>\n\t\t\t\t\t<a class=\"rollover rollover-zoom dt-pswp-item\" title=\"GDLKJGAOY\" data-dt-img-description=\"\" data-large_image_width=\"1080\" data-large_image_height=\"1158\"href='https:\/\/www.radiopiu.net\/wordpress\/wp-content\/uploads\/2025\/02\/GDLKJGAOY.jpg'><img loading=\"lazy\" decoding=\"async\" width=\"150\" height=\"150\" src=\"https:\/\/www.radiopiu.net\/wordpress\/wp-content\/uploads\/2025\/02\/GDLKJGAOY-150x150.jpg\" class=\"attachment-thumbnail size-thumbnail\" alt=\"\" \/><\/a>\n\t\t\t\t<\/dt><\/dl><dl class='gallery-item'>\n\t\t\t\t<dt class='gallery-icon portrait'>\n\t\t\t\t\t<a class=\"rollover rollover-zoom dt-pswp-item\" title=\"L59DYKs0vbbX\" data-dt-img-description=\"\" data-large_image_width=\"600\" data-large_image_height=\"848\"href='https:\/\/www.radiopiu.net\/wordpress\/wp-content\/uploads\/2025\/02\/L59DYKs0vbbX.jpg'><img loading=\"lazy\" decoding=\"async\" width=\"150\" height=\"150\" src=\"https:\/\/www.radiopiu.net\/wordpress\/wp-content\/uploads\/2025\/02\/L59DYKs0vbbX-150x150.jpg\" class=\"attachment-thumbnail size-thumbnail\" alt=\"\" \/><\/a>\n\t\t\t\t<\/dt><\/dl><dl class='gallery-item'>\n\t\t\t\t<dt class='gallery-icon portrait'>\n\t\t\t\t\t<a class=\"rollover rollover-zoom dt-pswp-item\" title=\"2487092a-44e2-4f98-95d9-fc75c526c499\" data-dt-img-description=\"\" data-large_image_width=\"1131\" data-large_image_height=\"1600\"href='https:\/\/www.radiopiu.net\/wordpress\/wp-content\/uploads\/2025\/02\/2487092a-44e2-4f98-95d9-fc75c526c499.jpg'><img loading=\"lazy\" decoding=\"async\" width=\"150\" height=\"150\" src=\"https:\/\/www.radiopiu.net\/wordpress\/wp-content\/uploads\/2025\/02\/2487092a-44e2-4f98-95d9-fc75c526c499-150x150.jpg\" class=\"attachment-thumbnail size-thumbnail\" alt=\"\" \/><\/a>\n\t\t\t\t<\/dt><\/dl><dl class='gallery-item'>\n\t\t\t\t<dt class='gallery-icon portrait'>\n\t\t\t\t\t<a class=\"rollover rollover-zoom dt-pswp-item\" title=\"Assaggi di libri marzo 2025\" data-dt-img-description=\"\" data-large_image_width=\"1240\" data-large_image_height=\"1754\"href='https:\/\/www.radiopiu.net\/wordpress\/wp-content\/uploads\/2025\/02\/Assaggi-di-libri-marzo-2025.jpg'><img loading=\"lazy\" decoding=\"async\" width=\"150\" height=\"150\" src=\"https:\/\/www.radiopiu.net\/wordpress\/wp-content\/uploads\/2025\/02\/Assaggi-di-libri-marzo-2025-150x150.jpg\" class=\"attachment-thumbnail size-thumbnail\" alt=\"\" \/><\/a>\n\t\t\t\t<\/dt><\/dl><br style=\"clear: both\" \/><dl class='gallery-item'>\n\t\t\t\t<dt class='gallery-icon portrait'>\n\t\t\t\t\t<a class=\"rollover rollover-zoom dt-pswp-item\" title=\"Carneval dei boce 2025\" data-dt-img-description=\"\" data-large_image_width=\"1414\" data-large_image_height=\"2000\"href='https:\/\/www.radiopiu.net\/wordpress\/wp-content\/uploads\/2025\/02\/Carneval-dei-boce-2025.png'><img loading=\"lazy\" decoding=\"async\" width=\"150\" height=\"150\" src=\"https:\/\/www.radiopiu.net\/wordpress\/wp-content\/uploads\/2025\/02\/Carneval-dei-boce-2025-150x150.png\" class=\"attachment-thumbnail size-thumbnail\" alt=\"\" \/><\/a>\n\t\t\t\t<\/dt><\/dl><dl class='gallery-item'>\n\t\t\t\t<dt class='gallery-icon portrait'>\n\t\t\t\t\t<a class=\"rollover rollover-zoom dt-pswp-item\" title=\"Carnevale 2025\" data-dt-img-description=\"\" data-large_image_width=\"1414\" data-large_image_height=\"2000\"href='https:\/\/www.radiopiu.net\/wordpress\/wp-content\/uploads\/2025\/02\/Carnevale-2025-1.png'><img loading=\"lazy\" decoding=\"async\" width=\"150\" height=\"150\" src=\"https:\/\/www.radiopiu.net\/wordpress\/wp-content\/uploads\/2025\/02\/Carnevale-2025-1-150x150.png\" class=\"attachment-thumbnail size-thumbnail\" alt=\"\" \/><\/a>\n\t\t\t\t<\/dt><\/dl><dl class='gallery-item'>\n\t\t\t\t<dt class='gallery-icon portrait'>\n\t\t\t\t\t<a class=\"rollover rollover-zoom dt-pswp-item\" title=\"f2e45630-52c0-478c-94b5-bb24dd41ebdf\" data-dt-img-description=\"\" data-large_image_width=\"384\" data-large_image_height=\"551\"href='https:\/\/www.radiopiu.net\/wordpress\/wp-content\/uploads\/2025\/02\/f2e45630-52c0-478c-94b5-bb24dd41ebdf.jpg'><img loading=\"lazy\" decoding=\"async\" width=\"150\" height=\"150\" src=\"https:\/\/www.radiopiu.net\/wordpress\/wp-content\/uploads\/2025\/02\/f2e45630-52c0-478c-94b5-bb24dd41ebdf-150x150.jpg\" class=\"attachment-thumbnail size-thumbnail\" alt=\"\" \/><\/a>\n\t\t\t\t<\/dt><\/dl><dl class='gallery-item'>\n\t\t\t\t<dt class='gallery-icon portrait'>\n\t\t\t\t\t<a class=\"rollover rollover-zoom dt-pswp-item\" title=\"Locandina laboratorio creativo 01.03.2025 (2)\" data-dt-img-description=\"\" data-large_image_width=\"1414\" data-large_image_height=\"2000\"href='https:\/\/www.radiopiu.net\/wordpress\/wp-content\/uploads\/2025\/02\/Locandina-laboratorio-creativo-01.03.2025-2.jpg'><img loading=\"lazy\" decoding=\"async\" width=\"150\" height=\"150\" src=\"https:\/\/www.radiopiu.net\/wordpress\/wp-content\/uploads\/2025\/02\/Locandina-laboratorio-creativo-01.03.2025-2-150x150.jpg\" class=\"attachment-thumbnail size-thumbnail\" alt=\"\" \/><\/a>\n\t\t\t\t<\/dt><\/dl><br style=\"clear: both\" \/><dl class='gallery-item'>\n\t\t\t\t<dt class='gallery-icon portrait'>\n\t\t\t\t\t<a class=\"rollover rollover-zoom dt-pswp-item\" title=\"Locandina Zanenga marzo 2025\" data-dt-img-description=\"\" data-large_image_width=\"1447\" data-large_image_height=\"2048\"href='https:\/\/www.radiopiu.net\/wordpress\/wp-content\/uploads\/2025\/02\/Locandina-Zanenga-marzo-2025.jpg'><img loading=\"lazy\" decoding=\"async\" width=\"150\" height=\"150\" src=\"https:\/\/www.radiopiu.net\/wordpress\/wp-content\/uploads\/2025\/02\/Locandina-Zanenga-marzo-2025-150x150.jpg\" class=\"attachment-thumbnail size-thumbnail\" alt=\"\" \/><\/a>\n\t\t\t\t<\/dt><\/dl><dl class='gallery-item'>\n\t\t\t\t<dt class='gallery-icon portrait'>\n\t\t\t\t\t<a class=\"rollover rollover-zoom dt-pswp-item\" title=\"Marzo (1)\" data-dt-img-description=\"\" data-large_image_width=\"841\" data-large_image_height=\"1190\"href='https:\/\/www.radiopiu.net\/wordpress\/wp-content\/uploads\/2025\/02\/Marzo-1.jpg'><img loading=\"lazy\" decoding=\"async\" width=\"150\" height=\"150\" src=\"https:\/\/www.radiopiu.net\/wordpress\/wp-content\/uploads\/2025\/02\/Marzo-1-150x150.jpg\" class=\"attachment-thumbnail size-thumbnail\" alt=\"\" \/><\/a>\n\t\t\t\t<\/dt><\/dl><dl class='gallery-item'>\n\t\t\t\t<dt class='gallery-icon portrait'>\n\t\t\t\t\t<a class=\"rollover rollover-zoom dt-pswp-item\" title=\"cdc49aa1-a533-4e05-b097-a65b9b8af87f\" data-dt-img-description=\"\" data-large_image_width=\"452\" data-large_image_height=\"640\"href='https:\/\/www.radiopiu.net\/wordpress\/wp-content\/uploads\/2025\/02\/cdc49aa1-a533-4e05-b097-a65b9b8af87f.jpg'><img loading=\"lazy\" decoding=\"async\" width=\"150\" height=\"150\" src=\"https:\/\/www.radiopiu.net\/wordpress\/wp-content\/uploads\/2025\/02\/cdc49aa1-a533-4e05-b097-a65b9b8af87f-150x150.jpg\" class=\"attachment-thumbnail size-thumbnail\" alt=\"\" \/><\/a>\n\t\t\t\t<\/dt><\/dl><dl class='gallery-item'>\n\t\t\t\t<dt class='gallery-icon portrait'>\n\t\t\t\t\t<a class=\"rollover rollover-zoom dt-pswp-item\" title=\"85292380-77cf-48a7-ac7a-86c7009204ef\" data-dt-img-description=\"\" data-large_image_width=\"1280\" data-large_image_height=\"1600\"href='https:\/\/www.radiopiu.net\/wordpress\/wp-content\/uploads\/2025\/02\/85292380-77cf-48a7-ac7a-86c7009204ef.jpg'><img loading=\"lazy\" decoding=\"async\" width=\"150\" height=\"150\" src=\"https:\/\/www.radiopiu.net\/wordpress\/wp-content\/uploads\/2025\/02\/85292380-77cf-48a7-ac7a-86c7009204ef-150x150.jpg\" class=\"attachment-thumbnail size-thumbnail\" alt=\"\" \/><\/a>\n\t\t\t\t<\/dt><\/dl><br style=\"clear: both\" \/>\n\t\t\t<\/div>\n\n<p>&nbsp;<\/p>\n<p>&nbsp;<\/p>\n<\/div>\n<\/div>\n<\/div>\n<\/div>\n<\/div>\n<\/div>\n<\/div>\n<\/div>\n<\/div>\n<\/div>\n<\/div>\n<\/div>\n<p>&nbsp;<\/p>\n<\/div>\n<\/div>\n<\/div>\n<\/div>\n<\/div>\n<\/div>\n<\/div>\n<\/div>\n<\/div>\n<\/div>\n<\/div>\n<\/div>\n<hr \/>\n<p>&nbsp;<\/p>\n<p class=\"mceTemp\"><a class=\"dt-pswp-item\" href=\"https:\/\/www.radiopiu.net\/wordpress\/wp-content\/uploads\/2018\/09\/WhatsApp-Image-2018-09-20-at-16.04.06.jpeg\" data-dt-img-description=\"\" data-large_image_width=\"800\" data-large_image_height=\"100\"><img loading=\"lazy\" decoding=\"async\" class=\"wp-image-61378 size-full aligncenter\" src=\"https:\/\/www.radiopiu.net\/wordpress\/wp-content\/uploads\/2018\/09\/WhatsApp-Image-2018-09-20-at-16.04.06.jpeg\" alt=\"\" width=\"800\" height=\"100\" srcset=\"https:\/\/www.radiopiu.net\/wordpress\/wp-content\/uploads\/2018\/09\/WhatsApp-Image-2018-09-20-at-16.04.06.jpeg 800w, https:\/\/www.radiopiu.net\/wordpress\/wp-content\/uploads\/2018\/09\/WhatsApp-Image-2018-09-20-at-16.04.06-300x38.jpeg 300w, https:\/\/www.radiopiu.net\/wordpress\/wp-content\/uploads\/2018\/09\/WhatsApp-Image-2018-09-20-at-16.04.06-768x96.jpeg 768w\" sizes=\"auto, (max-width: 800px) 100vw, 800px\" \/><\/a><\/p>\n<p><center><\/center><center><\/center>&nbsp;<\/p>\n<p><center><\/center><b>OGGI <\/b>Residuo maltempo notturno, prima del suo totale esaurimento entro l&#8217;alba. Poi miglioramento del tempo con riduzione della nuvolosit\u00e0 e ritorno di ampi rasserenamenti. Nelle ore pomeridiane tratti soleggiati e nuvolosit\u00e0 cumuliforme, prima che il tempo peggiori di nuovo nel tardo pomeriggio\/sera.<br \/>\n<b>Precipitazioni: <\/b>Nottetempo residui piovaschi sparsi\u00a0 in rapido esaurimento. Limite neve a 1300-1500 m. In giornata assenti. Dalla tarda serata non esclusi nuovi fenomeni sparsi con neve oltre i 1300-1500 m a partire da Dolomiti.<br \/>\n<b>Temperature: <\/b>Minime in generale lieve calo e massime in leggera ripresa in relazione al buon soleggiamento, eccetto ulteriore lieve diminuzione delle stesse sulle cime dolomitiche pi\u00f9 alte.<\/p>\n<hr \/>\n<p><b>DOMANI <\/b>Cielo per lo pi\u00f9 nuvoloso su Prealpi, su Dolomiti nuvolosit\u00e0 variabile alternata a schiarite specie sui settori settentrionali.<br \/>\n<b>Precipitazioni: <\/b>Non escluso qualche isolato piovasco\/rovescio qua e l\u00e0 nella notte e fino all&#8217;alba. In giornata, specie dalle ore centrali e nel pomeriggio possibili rovesci sparsi. Limite neve in calo attorno a 1000 m, localmente pi\u00f9 in basso.<br \/>\n<b>Temperature:<\/b> in calo a tutte le quote.<\/p>\n<hr \/>\n<p><b>SABATO <\/b>Per lo pi\u00f9 nuvoloso al mattino e su Prealpi con irregolari schiarite su Dolomiti nord. Nel pomeriggio tendenza ad irregolari schiarite via via pi\u00f9 ampie verso sera. Possibili deboli precipitazioni anche diffuse al mattino specie su Prealpi un p\u00f2 meno probabili su Dolomiti nord, nevose fin sui 800-1000 m. Dal pomeriggio tendenza ad esaurimento dei fenomeni. Temperature stazionarie o in lieve calo.<\/p>\n<hr \/>\n<p><b>DOMENICA <\/b>Al mattino irregolarmente nuvoloso con qualche schiarita pi\u00f9 ampia su Dolomiti nord, dal mezzogiorno e nel pomeriggio schiarite via via pi\u00f9 ampie fino a poco o parzialmente nuvoloso. Temperature massime in aumento.<\/p>\n<p>&nbsp;<\/p>\n<hr \/>\n<p>&nbsp;<\/p>\n<p class=\"mceTemp\"><a class=\"dt-pswp-item\" href=\"https:\/\/www.radiopiu.net\/wordpress\/wp-content\/uploads\/2018\/09\/sport.jpg\" data-dt-img-description=\"\" data-large_image_width=\"800\" data-large_image_height=\"100\"><img loading=\"lazy\" decoding=\"async\" class=\"aligncenter wp-image-60761 size-full\" src=\"https:\/\/www.radiopiu.net\/wordpress\/wp-content\/uploads\/2018\/09\/sport.jpg\" alt=\"\" width=\"800\" height=\"100\" srcset=\"https:\/\/www.radiopiu.net\/wordpress\/wp-content\/uploads\/2018\/09\/sport.jpg 800w, https:\/\/www.radiopiu.net\/wordpress\/wp-content\/uploads\/2018\/09\/sport-300x38.jpg 300w, https:\/\/www.radiopiu.net\/wordpress\/wp-content\/uploads\/2018\/09\/sport-768x96.jpg 768w\" sizes=\"auto, (max-width: 800px) 100vw, 800px\" \/> <\/a><\/p>\n<p class=\"mceTemp\"><span style=\"color: #0000ff;\"><strong>\u00a0 \u00a0 \u00a0\u00a0<\/strong><\/span><\/p>\n<p><span style=\"color: #0000ff;\"><strong>SCI<\/strong><\/span><\/p>\n<blockquote>\n<h3>FALCADE ED ALLEGHE PROTAGONISTE DEI CAMPIONATI STUDENTESCHI DI SCI<\/h3>\n<\/blockquote>\n<p><strong>AGORDO <\/strong>Falcade e Alleghe hanno ospitato ieri la fase regionale dei Campionati Studenteschi di sci. Sulla piana di Falcade si \u00e8 disputata la gara di sci nordico, mentre sulle piste del comprensorio di Alleghe si sono svolte le competizioni di slalom e snowboard. Gli eventi, organizzati sotto la supervisione dell&#8217;Ufficio Scolastico Territoriale, hanno visto il prezioso contributo degli studenti delle classi quarte del Liceo Sportivo e del Liceo tradizionale dell\u2019istituto Follador-De Rossi di Agordo. I ragazzi si sono occupati dell&#8217;allestimento dei percorsi, dell\u2019accoglienza delle squadre, della distribuzione dei pettorali di gara, dell&#8217;elaborazione delle classifiche e della gestione dei punti di ristoro. Notevole la partecipazione, con quasi 300 giovani atleti tra Falcade e Alleghe. Sul fronte dei risultati, dominio del Follador-De Rossi nello sci nordico categoria Allievi: Gabriele Pilotto ha conquistato la vittoria, mentre tra le ragazze il podio \u00e8 stato interamente occupato dalla scuola agordina, con Arianna Micheluzzi al primo posto, seguita da Lisa Ganz e Matilde Cestari. Ottimi piazzamenti anche nello snowboard, dove il Follador-De Rossi ha trionfato sia nella competizione femminile, con Elena Pani, sia in quella maschile, con Simone Pianezze.<\/p>\n<p><strong>PER CONSULTARE TUTTE LE CLASSIFICHE <a href=\"https:\/\/www.radiopiu.net\/wordpress\/wp-content\/uploads\/2025\/02\/CLASSIFICHE-STUDENTESCHI-SCI.pdf\">CLICCA QUI<\/a><\/strong><\/p>\n\n\t\t\t<style type='text\/css'>\n\t\t\t\t#gallery-5 {\n\t\t\t\t\tmargin: auto;\n\t\t\t\t}\n\t\t\t\t#gallery-5 .gallery-item {\n\t\t\t\t\tfloat: left;\n\t\t\t\t\tmargin-top: 10px;\n\t\t\t\t\ttext-align: center;\n\t\t\t\t\twidth: 50%;\n\t\t\t\t}\n\t\t\t\t#gallery-5 img {\n\t\t\t\t\tborder: 2px solid #cfcfcf;\n\t\t\t\t}\n\t\t\t\t#gallery-5 .gallery-caption {\n\t\t\t\t\tmargin-left: 0;\n\t\t\t\t}\n\t\t\t\t\/* see gallery_shortcode() in wp-includes\/media.php *\/\n\t\t\t<\/style>\n\t\t<div id='gallery-5' class='dt-gallery-container gallery galleryid-436682 gallery-columns-2 gallery-size-medium'><dl class='gallery-item'>\n\t\t\t\t<dt class='gallery-icon portrait'>\n\t\t\t\t\t<a class=\"rollover rollover-zoom dt-pswp-item\" title=\"82e5a74a-0622-476e-bf0a-944cc416a8db\" data-dt-img-description=\"\" data-large_image_width=\"535\" data-large_image_height=\"600\"href='https:\/\/www.radiopiu.net\/wordpress\/wp-content\/uploads\/2025\/02\/82e5a74a-0622-476e-bf0a-944cc416a8db.jpg'><img loading=\"lazy\" decoding=\"async\" width=\"268\" height=\"300\" src=\"https:\/\/www.radiopiu.net\/wordpress\/wp-content\/uploads\/2025\/02\/82e5a74a-0622-476e-bf0a-944cc416a8db-268x300.jpg\" class=\"attachment-medium size-medium\" alt=\"\" aria-describedby=\"gallery-5-436818\" srcset=\"https:\/\/www.radiopiu.net\/wordpress\/wp-content\/uploads\/2025\/02\/82e5a74a-0622-476e-bf0a-944cc416a8db-268x300.jpg 268w, https:\/\/www.radiopiu.net\/wordpress\/wp-content\/uploads\/2025\/02\/82e5a74a-0622-476e-bf0a-944cc416a8db.jpg 535w\" sizes=\"auto, (max-width: 268px) 100vw, 268px\" \/><\/a>\n\t\t\t\t<\/dt>\n\t\t\t\t\t<dd class='wp-caption-text gallery-caption' id='gallery-5-436818'>\n\t\t\t\t\tALLIEVE SCI NORDICO\n\t\t\t\t\t<\/dd><\/dl><dl class='gallery-item'>\n\t\t\t\t<dt class='gallery-icon portrait'>\n\t\t\t\t\t<a class=\"rollover rollover-zoom dt-pswp-item\" title=\"976652b6-d7e1-4118-b85d-8d8c66ba1072\" data-dt-img-description=\"\" data-large_image_width=\"713\" data-large_image_height=\"745\"href='https:\/\/www.radiopiu.net\/wordpress\/wp-content\/uploads\/2025\/02\/976652b6-d7e1-4118-b85d-8d8c66ba1072.jpg'><img loading=\"lazy\" decoding=\"async\" width=\"287\" height=\"300\" src=\"https:\/\/www.radiopiu.net\/wordpress\/wp-content\/uploads\/2025\/02\/976652b6-d7e1-4118-b85d-8d8c66ba1072-287x300.jpg\" class=\"attachment-medium size-medium\" alt=\"\" aria-describedby=\"gallery-5-436819\" srcset=\"https:\/\/www.radiopiu.net\/wordpress\/wp-content\/uploads\/2025\/02\/976652b6-d7e1-4118-b85d-8d8c66ba1072-287x300.jpg 287w, https:\/\/www.radiopiu.net\/wordpress\/wp-content\/uploads\/2025\/02\/976652b6-d7e1-4118-b85d-8d8c66ba1072.jpg 713w\" sizes=\"auto, (max-width: 287px) 100vw, 287px\" \/><\/a>\n\t\t\t\t<\/dt>\n\t\t\t\t\t<dd class='wp-caption-text gallery-caption' id='gallery-5-436819'>\n\t\t\t\t\tALLIEVI SCI NORDICO\n\t\t\t\t\t<\/dd><\/dl><br style=\"clear: both\" \/>\n\t\t\t<\/div>\n\n<p>&nbsp;<\/p>\n<p>&nbsp;<\/p>\n<p>&nbsp;<\/p>\n<p>&nbsp;<\/p>\n<p><span style=\"color: #0000ff;\"><strong>KARATE<\/strong><\/span><\/p>\n<blockquote>\n<h3>MARIACHIARA MASOCH SI AGGIUDICA L&#8217;ORO IN SLOVENIA<\/h3>\n<\/blockquote>\n<p><strong><a class=\"dt-pswp-item\" href=\"https:\/\/www.radiopiu.net\/wordpress\/wp-content\/uploads\/2025\/02\/IMG-20250224-WA0056.jpg\" data-dt-img-description=\"\" data-large_image_width=\"688\" data-large_image_height=\"516\"><img loading=\"lazy\" decoding=\"async\" class=\" wp-image-436793 alignleft\" src=\"https:\/\/www.radiopiu.net\/wordpress\/wp-content\/uploads\/2025\/02\/IMG-20250224-WA0056-300x225.jpg\" alt=\"\" width=\"182\" height=\"136\" srcset=\"https:\/\/www.radiopiu.net\/wordpress\/wp-content\/uploads\/2025\/02\/IMG-20250224-WA0056-300x225.jpg 300w, https:\/\/www.radiopiu.net\/wordpress\/wp-content\/uploads\/2025\/02\/IMG-20250224-WA0056.jpg 688w\" sizes=\"auto, (max-width: 182px) 100vw, 182px\" \/><\/a> <\/strong><\/p>\n<p><strong>\u00a0<\/strong><\/p>\n<p><strong>BELLUNO <\/strong>Domenica d\u2019oro in Slovenia, a Velenje, per l\u2019agordina Mariachiara Masoch e per il Karate Team Dolomiti 1970. Uno splendido primo posto per lei nella Under 21 al limite dei 50 kg che ha evidenziato la sua costante crescita. Prossimo importante impegno per lei il 9 marzo a Mestre (VE) nella fase regionale di qualificazione dei campionati italiani assoluti. Proseguono sotto la guida del M\u00b0 Moreno, tecnico della nazionale italiana Under 14 FIJLKAM, gli allenamenti del Centro di Avviamento, degli amatori e degli agonisti nelle sedi di Belluno, Taibon e Caprile.<\/p>\n<p>&nbsp;<\/p>\n<p>&nbsp;<\/p>\n","protected":false},"excerpt":{"rendered":"<p>******** &nbsp; LA\u00a0 APP PER IOS-IPHONE di Nicola Vettorello https:\/\/apps.apple.com\/it\/app\/radio-pi%C3%B9-emittente-agordina\/id1515939845 LA\u00a0 APP RADIO\u00a0 PER ANDROID di Nicola Vettorello https:\/\/play.google.com\/store\/apps\/details?id=net.radiopiu.iniko\u00a0\u00a0\u00a0\u00a0 &nbsp; &nbsp; &nbsp; OGGI ALLA RADIO:\u00a0\u00a0 rassegna stampa nazionale, ogni giorno alle 5 e alle 6 del mattino. giornali locali 7 rassegna stampa flash, 8 rassegna stampa, gr flash alle 10 e alle 11, principale 12.30.&hellip;<\/p>\n","protected":false},"author":4,"featured_media":436777,"comment_status":"closed","ping_status":"closed","sticky":false,"template":"","format":"standard","meta":{"_monsterinsights_skip_tracking":false,"_monsterinsights_sitenote_active":false,"_monsterinsights_sitenote_note":"","_monsterinsights_sitenote_category":0,"footnotes":""},"categories":[51,86,49],"tags":[],"class_list":["post-436682","post","type-post","status-publish","format-standard","has-post-thumbnail","hentry","category-evidenza-top","category-gr","category-news-18","category-51","category-86","category-49","description-off"],"img_url":"https:\/\/www.radiopiu.net\/wordpress\/wp-content\/uploads\/2025\/02\/Alpaos-frana.1.jpeg","_links":{"self":[{"href":"https:\/\/www.radiopiu.net\/wordpress\/wp-json\/wp\/v2\/posts\/436682","targetHints":{"allow":["GET"]}}],"collection":[{"href":"https:\/\/www.radiopiu.net\/wordpress\/wp-json\/wp\/v2\/posts"}],"about":[{"href":"https:\/\/www.radiopiu.net\/wordpress\/wp-json\/wp\/v2\/types\/post"}],"author":[{"embeddable":true,"href":"https:\/\/www.radiopiu.net\/wordpress\/wp-json\/wp\/v2\/users\/4"}],"replies":[{"embeddable":true,"href":"https:\/\/www.radiopiu.net\/wordpress\/wp-json\/wp\/v2\/comments?post=436682"}],"version-history":[{"count":38,"href":"https:\/\/www.radiopiu.net\/wordpress\/wp-json\/wp\/v2\/posts\/436682\/revisions"}],"predecessor-version":[{"id":436902,"href":"https:\/\/www.radiopiu.net\/wordpress\/wp-json\/wp\/v2\/posts\/436682\/revisions\/436902"}],"wp:featuredmedia":[{"embeddable":true,"href":"https:\/\/www.radiopiu.net\/wordpress\/wp-json\/wp\/v2\/media\/436777"}],"wp:attachment":[{"href":"https:\/\/www.radiopiu.net\/wordpress\/wp-json\/wp\/v2\/media?parent=436682"}],"wp:term":[{"taxonomy":"category","embeddable":true,"href":"https:\/\/www.radiopiu.net\/wordpress\/wp-json\/wp\/v2\/categories?post=436682"},{"taxonomy":"post_tag","embeddable":true,"href":"https:\/\/www.radiopiu.net\/wordpress\/wp-json\/wp\/v2\/tags?post=436682"}],"curies":[{"name":"wp","href":"https:\/\/api.w.org\/{rel}","templated":true}]}}