{"id":436692,"date":"2025-02-26T05:57:30","date_gmt":"2025-02-26T04:57:30","guid":{"rendered":"https:\/\/www.radiopiu.net\/wordpress\/?p=436692"},"modified":"2025-02-26T06:10:42","modified_gmt":"2025-02-26T05:10:42","slug":"operai-comunali-sorpresi-a-dormire-volontariato-per-evitare-il-processo","status":"publish","type":"post","link":"https:\/\/www.radiopiu.net\/wordpress\/operai-comunali-sorpresi-a-dormire-volontariato-per-evitare-il-processo\/","title":{"rendered":"Operai comunali sorpresi a dormire: volontariato per evitare il processo"},"content":{"rendered":"<p>**<\/p>\n<blockquote>\n<div><strong>OGGI LA GIUDIZIARIA<\/strong><br \/>\n<strong>SINTESI, CORRIERE DELLE ALPI<\/strong><br \/>\n<strong>GIGI SOSSO<\/strong><\/div>\n<div>\n<blockquote>\n<p data-start=\"0\" data-end=\"92\"><strong data-start=\"14\" data-end=\"90\"><a href=\"https:\/\/www.radiopiu.net\/wordpress\/wp-content\/uploads\/2025\/02\/3774c16b-3b82-4b65-991f-c8fa0c619b0e.webp\"><img loading=\"lazy\" decoding=\"async\" class=\"wp-image-436691 alignleft\" src=\"https:\/\/www.radiopiu.net\/wordpress\/wp-content\/uploads\/2025\/02\/3774c16b-3b82-4b65-991f-c8fa0c619b0e-300x300.webp\" alt=\"\" width=\"102\" height=\"102\" srcset=\"https:\/\/www.radiopiu.net\/wordpress\/wp-content\/uploads\/2025\/02\/3774c16b-3b82-4b65-991f-c8fa0c619b0e-300x300.webp 300w, https:\/\/www.radiopiu.net\/wordpress\/wp-content\/uploads\/2025\/02\/3774c16b-3b82-4b65-991f-c8fa0c619b0e-150x150.webp 150w, https:\/\/www.radiopiu.net\/wordpress\/wp-content\/uploads\/2025\/02\/3774c16b-3b82-4b65-991f-c8fa0c619b0e-768x768.webp 768w, https:\/\/www.radiopiu.net\/wordpress\/wp-content\/uploads\/2025\/02\/3774c16b-3b82-4b65-991f-c8fa0c619b0e.webp 1024w\" sizes=\"auto, (max-width: 102px) 100vw, 102px\" \/><\/a>Operai comunali sorpresi a dormire: volontariato per evitare il processo<\/strong><\/p>\n<\/blockquote>\n<p data-start=\"94\" data-end=\"472\" data-is-only-node=\"\" data-is-last-node=\"\"><strong data-start=\"94\" data-end=\"118\">FELTRE\u00a0 <\/strong>Quattro operai del Comune di Feltre, accusati di truffa per pause prolungate e pennichelle sul lavoro, eviteranno il processo svolgendo lavori di pubblica utilit\u00e0. Il giudice ha concesso la messa alla prova con servizio in case di riposo o cooperative. Il Comune valuta azioni disciplinari e risarcimenti per il danno d\u2019immagine e il mancato servizio.<\/p>\n<p data-start=\"94\" data-end=\"472\" data-is-only-node=\"\" data-is-last-node=\"\">\n<\/div>\n<\/blockquote>\n<div>\n<blockquote>\n<p data-start=\"0\" data-end=\"103\"><strong data-start=\"0\" data-end=\"11\"><a class=\"dt-pswp-item\" href=\"https:\/\/www.radiopiu.net\/wordpress\/wp-content\/uploads\/2025\/02\/th-3.jpg\" data-dt-img-description=\"\" data-large_image_width=\"256\" data-large_image_height=\"256\"><img loading=\"lazy\" decoding=\"async\" class=\"wp-image-436699 alignleft\" src=\"https:\/\/www.radiopiu.net\/wordpress\/wp-content\/uploads\/2025\/02\/th-3.jpg\" alt=\"\" width=\"139\" height=\"139\" srcset=\"https:\/\/www.radiopiu.net\/wordpress\/wp-content\/uploads\/2025\/02\/th-3.jpg 256w, https:\/\/www.radiopiu.net\/wordpress\/wp-content\/uploads\/2025\/02\/th-3-150x150.jpg 150w\" sizes=\"auto, (max-width: 139px) 100vw, 139px\" \/><\/a><\/strong><strong data-start=\"12\" data-end=\"103\">Riti sciamanici e maltrattamenti: patteggiamento respinto, si cerca una pena pi\u00f9 severa<\/strong><\/p>\n<\/blockquote>\n<p data-start=\"105\" data-end=\"678\"><strong data-start=\"105\" data-end=\"129\">CORTINA<\/strong> Un uomo ha patteggiato due anni di reclusione per maltrattamenti in famiglia e violenza privata, inclusi riti sciamanici per &#8220;purificare&#8221; la compagna. Il giudice Elisabetta Scolozzi ha ritenuto la pena inadeguata, richiedendo una revisione con il pubblico ministero. La vittima, rappresentata dall&#8217;avvocato Simona Ianese, si \u00e8 costituita parte civile. L&#8217;imputato, difeso dall&#8217;avvocato Alberto Cilia, \u00e8 stato allontanato dalla casa. Le accuse includono insulti, minacce e un episodio di sequestro. La revisione della pena \u00e8 attesa nei prossimi mesi.<\/p>\n<p data-start=\"105\" data-end=\"678\">\n<\/div>\n<blockquote>\n<div>\n<blockquote>\n<p data-start=\"0\" data-end=\"87\"><strong data-start=\"14\" data-end=\"85\"><a href=\"https:\/\/www.radiopiu.net\/wordpress\/wp-content\/uploads\/2025\/02\/3d0331c6-9230-47f7-a905-deac06373e6f.webp\"><img loading=\"lazy\" decoding=\"async\" class=\"wp-image-436695 alignleft\" src=\"https:\/\/www.radiopiu.net\/wordpress\/wp-content\/uploads\/2025\/02\/3d0331c6-9230-47f7-a905-deac06373e6f-300x300.webp\" alt=\"\" width=\"130\" height=\"130\" srcset=\"https:\/\/www.radiopiu.net\/wordpress\/wp-content\/uploads\/2025\/02\/3d0331c6-9230-47f7-a905-deac06373e6f-300x300.webp 300w, https:\/\/www.radiopiu.net\/wordpress\/wp-content\/uploads\/2025\/02\/3d0331c6-9230-47f7-a905-deac06373e6f-150x150.webp 150w, https:\/\/www.radiopiu.net\/wordpress\/wp-content\/uploads\/2025\/02\/3d0331c6-9230-47f7-a905-deac06373e6f-768x768.webp 768w, https:\/\/www.radiopiu.net\/wordpress\/wp-content\/uploads\/2025\/02\/3d0331c6-9230-47f7-a905-deac06373e6f.webp 1024w\" sizes=\"auto, (max-width: 130px) 100vw, 130px\" \/><\/a>Maltrattamenti agli anziani in una struttura privata: nove indagati<\/strong><\/p>\n<\/blockquote>\n<p data-start=\"89\" data-end=\"509\" data-is-last-node=\"\" data-is-only-node=\"\"><strong data-start=\"89\" data-end=\"113\">ALANO DI PIAVE\u00a0 <\/strong>Nove operatori della Casa per ferie Istituto San Vincenzo, sono indagati per maltrattamenti aggravati su anziani non autosufficienti. Botte, pizzicotti e farmaci somministrati senza competenze sono stati documentati da telecamere nascoste. Alcuni imputati patteggeranno, altri andranno a processo. Le famiglie si costituiranno parte civile. Il processo riprender\u00e0 ad aprile.<\/p>\n<p data-start=\"89\" data-end=\"509\" data-is-last-node=\"\" data-is-only-node=\"\">\n<\/div>\n<p data-start=\"0\" data-end=\"91\"><strong data-start=\"14\" data-end=\"89\"><a href=\"https:\/\/www.radiopiu.net\/wordpress\/wp-content\/uploads\/2025\/02\/3e7a34c1-1b1f-461f-8057-1c89a173898a.webp\"><img loading=\"lazy\" decoding=\"async\" class=\"wp-image-436697 alignleft\" src=\"https:\/\/www.radiopiu.net\/wordpress\/wp-content\/uploads\/2025\/02\/3e7a34c1-1b1f-461f-8057-1c89a173898a-300x300.webp\" alt=\"\" width=\"175\" height=\"175\" srcset=\"https:\/\/www.radiopiu.net\/wordpress\/wp-content\/uploads\/2025\/02\/3e7a34c1-1b1f-461f-8057-1c89a173898a-300x300.webp 300w, https:\/\/www.radiopiu.net\/wordpress\/wp-content\/uploads\/2025\/02\/3e7a34c1-1b1f-461f-8057-1c89a173898a-150x150.webp 150w, https:\/\/www.radiopiu.net\/wordpress\/wp-content\/uploads\/2025\/02\/3e7a34c1-1b1f-461f-8057-1c89a173898a-768x768.webp 768w, https:\/\/www.radiopiu.net\/wordpress\/wp-content\/uploads\/2025\/02\/3e7a34c1-1b1f-461f-8057-1c89a173898a.webp 1024w\" sizes=\"auto, (max-width: 175px) 100vw, 175px\" \/><\/a><\/strong><strong data-start=\"14\" data-end=\"89\">Feltre, anziana raggirata: imputato sceglie l\u2019abbreviato per difendersi<\/strong><\/p>\n<\/blockquote>\n<p data-start=\"93\" data-end=\"444\"><strong data-start=\"93\" data-end=\"116\">FELTRE\u00a0 <\/strong>Un feltrino \u00e8 accusato di circonvenzione d\u2019incapace per aver intestato a s\u00e9 il garage di un\u2019anziana malata di sclerosi multipla. La donna si \u00e8 costituita parte civile. L\u2019imputato sceglie il rito abbreviato, condizionato al suo interrogatorio. Rischia fino a sei anni di carcere e una multa. Udienza fissata per il 6 maggio.<\/p>\n<p data-start=\"93\" data-end=\"444\">\n<p data-start=\"93\" data-end=\"444\">\n<hr \/>\n<p data-start=\"89\" data-end=\"509\" data-is-last-node=\"\" data-is-only-node=\"\">\n","protected":false},"excerpt":{"rendered":"<p>** OGGI LA GIUDIZIARIA SINTESI, CORRIERE DELLE ALPI GIGI SOSSO Operai comunali sorpresi a dormire: volontariato per evitare il processo FELTRE\u00a0 Quattro operai del Comune di Feltre, accusati di truffa per pause prolungate e pennichelle sul lavoro, eviteranno il processo svolgendo lavori di pubblica utilit\u00e0. Il giudice ha concesso la messa alla prova con servizio&hellip;<\/p>\n","protected":false},"author":4,"featured_media":436691,"comment_status":"closed","ping_status":"closed","sticky":false,"template":"","format":"standard","meta":{"_monsterinsights_skip_tracking":false,"_monsterinsights_sitenote_active":false,"_monsterinsights_sitenote_note":"","_monsterinsights_sitenote_category":0,"footnotes":""},"categories":[104,49],"tags":[],"class_list":["post-436692","post","type-post","status-publish","format-standard","has-post-thumbnail","hentry","category-evidenza_3","category-news-18","category-104","category-49","description-off"],"img_url":"https:\/\/www.radiopiu.net\/wordpress\/wp-content\/uploads\/2025\/02\/3774c16b-3b82-4b65-991f-c8fa0c619b0e.webp","_links":{"self":[{"href":"https:\/\/www.radiopiu.net\/wordpress\/wp-json\/wp\/v2\/posts\/436692","targetHints":{"allow":["GET"]}}],"collection":[{"href":"https:\/\/www.radiopiu.net\/wordpress\/wp-json\/wp\/v2\/posts"}],"about":[{"href":"https:\/\/www.radiopiu.net\/wordpress\/wp-json\/wp\/v2\/types\/post"}],"author":[{"embeddable":true,"href":"https:\/\/www.radiopiu.net\/wordpress\/wp-json\/wp\/v2\/users\/4"}],"replies":[{"embeddable":true,"href":"https:\/\/www.radiopiu.net\/wordpress\/wp-json\/wp\/v2\/comments?post=436692"}],"version-history":[{"count":4,"href":"https:\/\/www.radiopiu.net\/wordpress\/wp-json\/wp\/v2\/posts\/436692\/revisions"}],"predecessor-version":[{"id":436700,"href":"https:\/\/www.radiopiu.net\/wordpress\/wp-json\/wp\/v2\/posts\/436692\/revisions\/436700"}],"wp:featuredmedia":[{"embeddable":true,"href":"https:\/\/www.radiopiu.net\/wordpress\/wp-json\/wp\/v2\/media\/436691"}],"wp:attachment":[{"href":"https:\/\/www.radiopiu.net\/wordpress\/wp-json\/wp\/v2\/media?parent=436692"}],"wp:term":[{"taxonomy":"category","embeddable":true,"href":"https:\/\/www.radiopiu.net\/wordpress\/wp-json\/wp\/v2\/categories?post=436692"},{"taxonomy":"post_tag","embeddable":true,"href":"https:\/\/www.radiopiu.net\/wordpress\/wp-json\/wp\/v2\/tags?post=436692"}],"curies":[{"name":"wp","href":"https:\/\/api.w.org\/{rel}","templated":true}]}}